{"id":7374,"date":"2026-04-29T16:30:59","date_gmt":"2026-04-29T14:30:59","guid":{"rendered":"https:\/\/influence.ch\/?p=7374"},"modified":"2026-04-29T16:33:39","modified_gmt":"2026-04-29T14:33:39","slug":"cest-toujours-un-melange-de-menace-et-de-volonte-de-negocier","status":"publish","type":"post","link":"https:\/\/influence.ch\/fr\/2026\/04\/29\/cest-toujours-un-melange-de-menace-et-de-volonte-de-negocier\/","title":{"rendered":"\u00ab\u202fC\u2019est toujours un m\u00e9lange de menace et de volont\u00e9 de n\u00e9gocier\u202f\u00bb"},"content":{"rendered":"\n<style type=\"text\/css\" data-created_by=\"avia_inline_auto\" id=\"style-css-av-37s3-23bad167485dfcca0d1c7f2cb84e41b2\">\n.avia-section.av-37s3-23bad167485dfcca0d1c7f2cb84e41b2{\nmargin-top:20px;\nmargin-bottom:20px;\n}\n<\/style>\n<div id='av_section_1'  class='avia-section av-37s3-23bad167485dfcca0d1c7f2cb84e41b2 main_color avia-section-default avia-no-border-styling  avia-builder-el-0  el_before_av_section  avia-builder-el-first  head_talk avia-bg-style-scroll container_wrap fullsize'  ><div class='container av-section-cont-open' ><main  role=\"main\" itemprop=\"mainContentOfPage\"  class='template-page content  av-content-full alpha units'><div class='post-entry post-entry-type-page post-entry-7374'><div class='entry-content-wrapper clearfix'>\n\n<style type=\"text\/css\" data-created_by=\"avia_inline_auto\" id=\"style-css-av-ll3dnv6h-4148c811db292f0b98b5ef1a1b585ab3\">\n#top .hr.hr-invisible.av-ll3dnv6h-4148c811db292f0b98b5ef1a1b585ab3{\nheight:40px;\n}\n<\/style>\n<div  class='hr av-ll3dnv6h-4148c811db292f0b98b5ef1a1b585ab3 hr-invisible  avia-builder-el-1  el_before_av_post_metadata  avia-builder-el-first '><span class='hr-inner '><span class=\"hr-inner-style\"><\/span><\/span><\/div>\n\n<style type=\"text\/css\" data-created_by=\"avia_inline_auto\" id=\"style-css-av-ll2bygrq-a1a13b3da260d9c9d49905a783ae5cc5\">\n#top .av-post-metadata-container.av-ll2bygrq-a1a13b3da260d9c9d49905a783ae5cc5{\ncolor:#ffffff;\nfont-size:22px;\n}\n#top .av-post-metadata-container.av-ll2bygrq-a1a13b3da260d9c9d49905a783ae5cc5 .av-post-metadata-container-inner{\nfont-size:22px;\n}\n<\/style>\n<div  id=\"author\"  class='av-post-metadata-container av-ll2bygrq-a1a13b3da260d9c9d49905a783ae5cc5 av-metadata-container-align-left  avia-builder-el-2  el_after_av_hr  el_before_av_textblock  av-desktop-hide av-medium-hide av-small-hide av-mini-hide av-metadata-container-1'><div class='av-post-metadata-container-inner'><span class=\"av-post-metadata-content av-post-metadata-meta-content\"><span class=\"av-post-metadata-content av-post-metadata-category\"><span class=\"av-post-metadata-category-link\" ><a href=\"https:\/\/influence.ch\/fr\/category\/lentretien\/\" >*L'entretien*<\/a><\/span>, <span class=\"av-post-metadata-category-link\" ><a href=\"https:\/\/influence.ch\/fr\/category\/au-coeur-du-pouvoir\/\" >Au c\u0153ur du pouvoir<\/a><\/span><\/span><\/span><\/div><\/div>\n\n<style type=\"text\/css\" data-created_by=\"avia_inline_auto\" id=\"style-css-av-lajol5k3-bcabd5439ce39e62158db334b9b99d68\">\n#top .av_textblock_section.av-lajol5k3-bcabd5439ce39e62158db334b9b99d68 .avia_textblock{\ncolor:#ffffff;\n}\n<\/style>\n<section  class='av_textblock_section av-lajol5k3-bcabd5439ce39e62158db334b9b99d68'  itemscope=\"itemscope\" itemtype=\"https:\/\/schema.org\/BlogPosting\" itemprop=\"blogPost\" ><div class='avia_textblock av_inherit_color'  itemprop=\"text\" ><h1 style=\"text-align: center;\"><\/h1>\n<h1 style=\"text-align: center;\">\u00ab\u202fC\u2019est toujours un m\u00e9lange de menace et de volont\u00e9 de n\u00e9gocier\u202f\u00bb<\/h1>\n<p style=\"text-align: center;\">Le conseiller d\u2019\u00c9tat fribourgeois socialiste Jean\u2011Fran\u00e7ois Steiert explique comment se concluent les compromis politiques \u2014 et pourquoi le terme \u00ab\u202ffran\u00e7ais pr\u00e9coce\u202f\u00bb ne lui \u00e9voque rien.<\/p>\n<\/div><\/section>\n\n<style type=\"text\/css\" data-created_by=\"avia_inline_auto\" id=\"style-css-av-kqp-d3340c463e9779d9fb5e4297bb48a84f\">\n#top .av-post-metadata-container.av-kqp-d3340c463e9779d9fb5e4297bb48a84f{\ncolor:#ffffff;\n}\n<\/style>\n<div  id=\"author\"  class='av-post-metadata-container av-kqp-d3340c463e9779d9fb5e4297bb48a84f av-metadata-container-align-left  avia-builder-el-4  el_after_av_textblock  el_before_av_hr  av-desktop-hide av-medium-hide av-small-hide av-mini-hide av-metadata-container-2'><div class='av-post-metadata-container-inner'><span class=\"av-post-metadata-content av-post-metadata-meta-content\"><span class=\"av-post-metadata-content av-post-metadata-author\"  itemprop=\"author\" ><span class=\"av-post-metadata-author-link\" ><a href=\"https:\/\/influence.ch\/fr\/author\/eva-novak\/\"  rel=\"author\">Eva Novak<\/a><\/span><\/span><\/span><\/div><\/div>\n\n<style type=\"text\/css\" data-created_by=\"avia_inline_auto\" id=\"style-css-av-3rkb-5af53ac747b34df56e11174e8e22e573\">\n#top .hr.hr-invisible.av-3rkb-5af53ac747b34df56e11174e8e22e573{\nheight:40px;\n}\n<\/style>\n<div  class='hr av-3rkb-5af53ac747b34df56e11174e8e22e573 hr-invisible  avia-builder-el-5  el_after_av_post_metadata  avia-builder-el-last '><span class='hr-inner '><span class=\"hr-inner-style\"><\/span><\/span><\/div>\n\n<\/div><\/div><\/main><!-- close content main element --><\/div><\/div><div id='av_section_2'  class='avia-section av-4nqx-1f9ea2e9ed6a23cc856f96335c63c817 main_color avia-section-default avia-no-border-styling  avia-builder-el-6  el_after_av_section  el_before_av_section  post-inhalt avia-bg-style-scroll container_wrap fullsize'  ><div class='container av-section-cont-open' ><div class='template-page content  av-content-full alpha units'><div class='post-entry post-entry-type-page post-entry-7374'><div class='entry-content-wrapper clearfix'>\n\n<style type=\"text\/css\" data-created_by=\"avia_inline_auto\" id=\"style-css-av-2su4x-5da5059746117e9ffb18a39325393eaf\">\n#top .av-post-metadata-container.av-2su4x-5da5059746117e9ffb18a39325393eaf{\ncolor:#000000;\nfont-size:16px;\n}\n#top .av-post-metadata-container.av-2su4x-5da5059746117e9ffb18a39325393eaf .av-post-metadata-container-inner{\nfont-size:16px;\n}\n<\/style>\n<div  id=\"author\"  class='av-post-metadata-container av-2su4x-5da5059746117e9ffb18a39325393eaf av-metadata-container-align-left  avia-builder-el-7  el_before_av_hr  avia-builder-el-first  av-metadata-container-3'><div class='av-post-metadata-container-inner'><span class=\"av-post-metadata-content av-post-metadata-meta-content\"><span class=\"av-post-metadata-content av-post-metadata-published\"><span class=\"av-post-metadata-published-date\" >29 avril 2026<\/span><span class=\"av-metadata-after av-metadata-after-published\">|<\/span><\/span><span class=\"av-post-metadata-content av-post-metadata-separator\"><\/span><span class=\"av-post-metadata-content av-post-metadata-author\"  itemprop=\"author\" ><span class=\"av-post-metadata-author-link\" ><a href=\"https:\/\/influence.ch\/fr\/author\/eva-novak\/\"  rel=\"author\">Eva Novak<\/a><\/span><span class=\"av-metadata-after av-metadata-after-author\">|<\/span><\/span><span class=\"av-post-metadata-content av-post-metadata-separator\"><\/span><span class=\"av-post-metadata-content av-post-metadata-category\"><span class=\"av-post-metadata-category-link\" ><a href=\"https:\/\/influence.ch\/fr\/category\/lentretien\/\" >*L'entretien*<\/a><\/span>, <span class=\"av-post-metadata-category-link\" ><a href=\"https:\/\/influence.ch\/fr\/category\/au-coeur-du-pouvoir\/\" >Au c\u0153ur du pouvoir<\/a><\/span><\/span><\/span><\/div><\/div>\n\n<style type=\"text\/css\" data-created_by=\"avia_inline_auto\" id=\"style-css-av-ll2cb0de-1618aeaa710f9714e67c07fd3b765e06\">\n#top .hr.hr-invisible.av-ll2cb0de-1618aeaa710f9714e67c07fd3b765e06{\nheight:10px;\n}\n<\/style>\n<div  class='hr av-ll2cb0de-1618aeaa710f9714e67c07fd3b765e06 hr-invisible  avia-builder-el-8  el_after_av_post_metadata  el_before_av_image '><span class='hr-inner '><span class=\"hr-inner-style\"><\/span><\/span><\/div>\n\n<style type=\"text\/css\" data-created_by=\"avia_inline_auto\" id=\"style-css-av-ll2btvp2-629e7f4ce5640e638e8d183b21aa1aae\">\n.avia-image-container.av-ll2btvp2-629e7f4ce5640e638e8d183b21aa1aae img.avia_image{\nbox-shadow:none;\n}\n.avia-image-container.av-ll2btvp2-629e7f4ce5640e638e8d183b21aa1aae .av-image-caption-overlay-center{\ncolor:#ffffff;\n}\n<\/style>\n<div  class='avia-image-container av-ll2btvp2-629e7f4ce5640e638e8d183b21aa1aae av-styling- avia-align-center  avia-builder-el-9  el_after_av_hr  el_before_av_textblock '   itemprop=\"image\" itemscope=\"itemscope\" itemtype=\"https:\/\/schema.org\/ImageObject\" ><div class=\"avia-image-container-inner\"><div class=\"avia-image-overlay-wrap\"><img decoding=\"async\" class='wp-image-7289 avia-img-lazy-loading-not-7289 avia_image ' src=\"https:\/\/influence.ch\/wp-content\/uploads\/2026\/04\/JFS.png\" alt='' title='JFS'  height=\"700\" width=\"1100\"  itemprop=\"thumbnailUrl\" srcset=\"https:\/\/influence.ch\/wp-content\/uploads\/2026\/04\/JFS.png 1100w, https:\/\/influence.ch\/wp-content\/uploads\/2026\/04\/JFS-300x191.png 300w, https:\/\/influence.ch\/wp-content\/uploads\/2026\/04\/JFS-1030x655.png 1030w, https:\/\/influence.ch\/wp-content\/uploads\/2026\/04\/JFS-768x489.png 768w, https:\/\/influence.ch\/wp-content\/uploads\/2026\/04\/JFS-786x500.png 786w\" sizes=\"(max-width: 1100px) 100vw, 1100px\" \/><\/div><\/div><\/div>\n<section  class='av_textblock_section av-llowbfkh-a1f80455611878ef3d50e8f39989bd43'  itemscope=\"itemscope\" itemtype=\"https:\/\/schema.org\/BlogPosting\" itemprop=\"blogPost\" ><div class='avia_textblock'  itemprop=\"text\" ><h6>Jean\u2011Fran\u00e7ois Steiert (65 ans) est n\u00e9 \u00e0 Berne et a grandi dans un foyer francophone dans le canton de Fribourg, o\u00f9 il a fr\u00e9quent\u00e9 des \u00e9coles germanophones et \u00e9tudi\u00e9 l\u2019histoire ainsi que les sciences de la communication. Son engagement politique d\u00e9bute en 1991 au Parlement de la Ville de Fribourg, avant de se poursuivre au Grand Conseil. En 2007, il entre au Conseil national. \u00c9lu au gouvernement cantonal fribourgeois, il quitte le Conseil national en 2017.<br \/>\nCe mois\u2011ci, il a annonc\u00e9 sa d\u00e9mission de son poste de conseiller d\u2019\u00c9tat \u00e0 la fin de l\u2019ann\u00e9e. P\u00e8re de deux enfants adultes, il vit avec sa compagne en ville de Fribourg. (Photo\u202f: \u00c9tat de Fribourg \u2013 Stemutz)<\/h6>\n<div><\/div>\n<\/div><\/section>\n\n<style type=\"text\/css\" data-created_by=\"avia_inline_auto\" id=\"style-css-av-2q8z-01ad5e0b5f31c74fd38e79a60fc3cd1d\">\n#top .av_textblock_section.av-2q8z-01ad5e0b5f31c74fd38e79a60fc3cd1d .avia_textblock{\nfont-size:22px;\n}\n<\/style>\n<section  class='av_textblock_section av-2q8z-01ad5e0b5f31c74fd38e79a60fc3cd1d'  itemscope=\"itemscope\" itemtype=\"https:\/\/schema.org\/BlogPosting\" itemprop=\"blogPost\" ><div class='avia_textblock'  itemprop=\"text\" ><p><strong>Jean-Fran\u00e7ois Steiert, qu\u2019est-ce que le pouvoir pour vous ?<\/strong><\/p>\n<p>Jean-Fran\u00e7ois Steiert : Le pouvoir est un instrument qui me permet de concr\u00e9tiser mes valeurs.<\/p>\n<p><strong>Vous avez dirig\u00e9 un parti, tir\u00e9 les ficelles comme conseiller national et cog\u00e9r\u00e9 le canton de Fribourg ces dix derni\u00e8res ann\u00e9es. O\u00f9 aviez-vous le plus de pouvoir ?<\/strong><\/p>\n<p>Jean-Fran\u00e7ois Steiert : Difficile \u00e0 dire. Au Conseil national, j\u2019ai recherch\u00e9 des majorit\u00e9s au sein de la Commission de la science, de l\u2019\u00e9ducation et de la culture, puis de la Commission de la s\u00e9curit\u00e9 sociale et de la sant\u00e9 publique. Il m\u2019est arriv\u00e9 de recevoir des compliments : on disait qu\u2019il \u00e9tait agr\u00e9able de pouvoir parler avec un socialiste pragmatique. Mais cela n\u2019\u00e9tait possible que parce que d\u2019autres, dans mon parti, d\u00e9fendaient des positions plus strictes. Je pouvais ainsi exercer une pression cr\u00e9dible \u2013 par exemple en \u00e9voquant la possibilit\u00e9 d\u2019une initiative ou d\u2019un r\u00e9f\u00e9rendum. C\u2019est toujours un m\u00e9lange d\u2019un tout petit peu de menace et de volont\u00e9 de n\u00e9gocier. C\u2019est ainsi que naissent des solutions solides, le plus souvent avec Le Centre et le PLR.<\/p>\n<p><strong>Pas avec l\u2019UDC ?<\/strong><\/p>\n<p>Jean-Fran\u00e7ois Steiert : Si, avec Oscar Freysinger, j\u2019ai trouv\u00e9 un compromis plut\u00f4t savoureux sur le prix unique du livre. Lors d\u2019une s\u00e9ance de commission, la majorit\u00e9 a bascul\u00e9 vers le non ; l\u2019UDC y \u00e9tait strictement oppos\u00e9e. Oscar Freysinger m\u2019a alors dit que je pourrais l\u00e2cher un peu de lest sur le contr\u00f4le du prix du livre. S\u2019ensuit un \u00e9change de SMS : la pr\u00e9sidente de la commission pouvait-elle, s\u2019il vous pla\u00eet, avancer la pause-caf\u00e9 ? Je suis ensuite all\u00e9 voir notre pr\u00e9sidente de groupe, Hilde F\u00e4ssler, et je lui ai dit que si nous nous montrions un peu plus souples sur le contr\u00f4le du prix du livre, j\u2019obtiendrais les 10 voix UDC n\u00e9cessaires. Elle a accept\u00e9. Et \u00e7a a march\u00e9.<\/p>\n<p><strong>Le compromis a tenu ?<\/strong><\/p>\n<p>Jean-Fran\u00e7ois Steiert : La semaine suivante, j\u2019\u00e9tais avec mon coll\u00e8gue UDC Elmar Bigger sur la terrasse de la salle des Pas perdus. Il fumait un cigare et me racontait son histoire, marqu\u00e9e par peu d\u2019\u00e9tudes et beaucoup de travail. Au final, les dix conseillers nationaux UDC n\u00e9cessaires pour la majorit\u00e9 ont vot\u00e9 en faveur du prix unique du livre. Cette histoire montre comment, dans le syst\u00e8me suisse, o\u00f9 il n\u2019y a pratiquement jamais de parti majoritaire, on peut obtenir des r\u00e9sultats \u2013 que ce soit au Conseil national ou au Conseil d\u2019\u00c9tat fribourgeois.<\/p>\n<p><strong>De quoi a-t-on besoin pour cela ?<\/strong><\/p>\n<p>Jean-Fran\u00e7ois Steiert : De coll\u00e8gues d\u2019au moins un autre parti \u2013 au Parlement f\u00e9d\u00e9ral, c\u2019est toujours au moins deux. Il faut les convaincre que ce que vous proposez est sens\u00e9. Et surtout, il faut une relation de confiance : si vous concluez un accord, chacun doit savoir que vous irez jusqu\u2019au bout, y compris, quand c\u2019est n\u00e9cessaire, contre son propre camp. En m\u00eame temps, vous devez \u00eatre assez solide pour que les v\u00f4tres suivent ; sinon, cela ne sert \u00e0 rien.<\/p>\n<p><strong>C\u2019\u00e9tait sans doute un avantage d\u2019avoir auparavant \u00e9t\u00e9 porte-parole et secr\u00e9taire g\u00e9n\u00e9ral de votre parti ?<\/strong><\/p>\n<p>Jean-Fran\u00e7ois Steiert : Oui. Je connaissais alors tous les membres de mon groupe, tout comme je connaissais les porte-parole et secr\u00e9taires g\u00e9n\u00e9raux de tous les autres partis. Ensemble, nous avons fait passer la derni\u00e8re hausse notable des indemnit\u00e9s parlementaires \u2013 les quatre partis gouvernementaux r\u00e9unis.<\/p>\n<p><strong>Donc, au Parlement f\u00e9d\u00e9ral, vous aviez finalement autant de pouvoir qu\u2019aujourd\u2019hui au sein du gouvernement cantonal ?<\/strong><\/p>\n<p>Jean-Fran\u00e7ois Steiert : Un socialiste n\u2019est majoritaire ni au Parlement ni au gouvernement. Cela signifie que j\u2019ai besoin de coll\u00e8gues d\u2019autres partis pour obtenir quelque chose. Pour que cela fonctionne, je dois conna\u00eetre mes dossiers \u00e0 fond. Alors seulement je sais exactement ce que je peux conc\u00e9der \u2013 et ce que je ne peux en aucun cas l\u00e2cher. Le co\u00fbt politique d\u2019un accord, seul celui qui ma\u00eetrise parfaitement son dossier le mesure. Et je ne dois pas me raidir : il faut aborder les choses avec un certain esprit de jeu. En face aussi, il faut des personnes qui connaissent tr\u00e8s bien le dossier et qui ont ce c\u00f4t\u00e9 \u00ab joueur \u00bb. En outre, de bons contacts et la confiance sont indispensables \u2013 et le bilinguisme aide.<\/p>\n<p><strong>La Suisse a \u00e9t\u00e9 frapp\u00e9e cette ann\u00e9e par deux catastrophes li\u00e9es \u00e0 des incendies, \u00e0 Crans-Montana puis \u00e0 Chi\u00e8tres. Est-ce un retour \u00e0 l\u2019id\u00e9e que la politique implique aussi des responsabilit\u00e9s ?<\/strong><\/p>\n<p>Jean-Fran\u00e7ois Steiert : Ce qui s\u2019est pass\u00e9 \u00e0 Crans-Montana m\u2019a profond\u00e9ment touch\u00e9, comme beaucoup d\u2019autres. En tant que pr\u00e9sident de l\u2019Autorit\u00e9 intercantonale des entraves techniques au commerce, j\u2019\u00e9tais aussi directement concern\u00e9 \u2013 une institution que presque personne ne conna\u00eet, mais qui repose sur l\u2019un des rares accords intercantonaux cr\u00e9ant un droit directement applicable. Quand les cantons d\u00e9cident quelque chose, la d\u00e9cision s\u2019applique imm\u00e9diatement sur le terrain. Cela nous a permis d\u2019agir vite.<\/p>\n<p><strong>C\u2019est pour cela qu\u2019une interdiction nationale des feux d\u2019artifice dans les lieux accessibles au public est d\u00e9j\u00e0 en vigueur ?<\/strong><\/p>\n<p>Jean-Fran\u00e7ois Steiert : L\u2019id\u00e9e est n\u00e9e en janvier ; en mars, nous avons d\u00e9cid\u00e9 l\u2019interdiction et elle est entr\u00e9e en vigueur le 1er avril. Tout le monde \u00e9tait surpris que nous en soyons capables. Des parlementaires f\u00e9d\u00e9raux m\u2019ont appel\u00e9 en disant que nous n\u2019\u00e9tions pas comp\u00e9tents et que nous n\u2019avions pas le droit de faire cela. Or nous le sommes : de cette mani\u00e8re, c\u2019est beaucoup plus rapide. C\u2019est tr\u00e8s efficace.<\/p>\n<p><strong>Un sujet d\u2019apparence technique est-il ainsi devenu soudainement tr\u00e8s politique ?<\/strong><\/p>\n<p>Jean-Fran\u00e7ois Steiert :\u00a0Cela montre \u00e0 quel point la politique cantonale est li\u00e9e au quotidien. Au Parlement f\u00e9d\u00e9ral, on travaille souvent \u00e0 un niveau abstrait. Au Conseil d\u2019\u00c9tat, c\u2019est l\u2019inverse : on est tr\u00e8s pr\u00e8s du concret, au risque de se perdre dans les d\u00e9tails de la vie de tous les jours. Sur le plan intercantonal aussi, le sujet est passionnant \u2013 une sorte d\u2019hymne au f\u00e9d\u00e9ralisme.<\/p>\n<p><strong>En quoi ?<\/strong><\/p>\n<p>Jean-Fran\u00e7ois Steiert : Au niveau f\u00e9d\u00e9ral, on se fixe de grands objectifs, puis les 26 cantons cherchent chacun leur propre voie pour les atteindre. Comme on sait que sa propre voie est rarement la meilleure, on regarde ce que font les autres. On ne peut pas simplement copier, mais l\u2019\u00e9change inspire. Durant mes dix ann\u00e9es au Conseil d\u2019\u00c9tat, j\u2019ai repris pas mal d\u2019id\u00e9es. \u00c0 l\u2019inverse, certains domaines seraient mieux r\u00e9gl\u00e9s au niveau national, par exemple la planification hospitali\u00e8re : les cantons sont trop petits pour cela. Une coordination nationale dans ce domaine serait sans doute plus efficace \u2013 m\u00eame si le sujet reste tabou.<\/p>\n<p><strong>Vous quitterez le Conseil d\u2019\u00c9tat \u00e0 la fin de l\u2019ann\u00e9e apr\u00e8s dix ans de mandat. Avez-vous mis en \u0153uvre vos valeurs et atteint tout ce que vous vouliez ?<\/strong><\/p>\n<p>Jean-Fran\u00e7ois Steiert : J\u2019ai pu mettre en \u0153uvre mes valeurs, mais je suis loin d\u2019avoir tout atteint. Je suis particuli\u00e8rement fier de la loi fribourgeoise sur le climat. C\u2019est toujours la seule en Suisse \u2013 et cela dans un canton conservateur. Cela a \u00e9t\u00e9 possible gr\u00e2ce \u00e0 des alliances originales.<\/p>\n<p><strong>Selon le m\u00eame principe que celui que vous avez d\u00e9crit ?<\/strong><\/p>\n<p>Jean-Fran\u00e7ois Steiert : Oui. Ce qui est d\u00e9cisif, ce sont les majorit\u00e9s \u2013 au gouvernement comme au Parlement. C\u2019est ainsi que nous avons pu mettre en \u0153uvre une loi moderne sur la mobilit\u00e9, qui pense les transports de mani\u00e8re globale et renforce les transports publics ainsi que la mobilit\u00e9 douce, sans dresser des camps les uns contre les autres. M\u00eame concernant les zones limit\u00e9es \u00e0 30 km\/h, le TCS n&rsquo;a formul\u00e9 aucune objection, car nous sommes parvenus \u00e0 nous mettre d&rsquo;accord avec le pr\u00e9sident du TCS sur les restrictions requises par la loi<\/p>\n<p>Une r\u00e9forme en profondeur dans le secteur du b\u00e2timent est pass\u00e9e plus inaper\u00e7ue. Autrefois, les co\u00fbts de nos quelque 700 b\u00e2timents \u00e9taient syst\u00e9matiquement sous-estim\u00e9s, ce qui a entra\u00een\u00e9 des d\u00e9passements de co\u00fbts et, par cons\u00e9quent, une perte de confiance au sein de la population. Nous avons revu les processus et repris des impulsions du secteur priv\u00e9. Parfois, nous avons m\u00eame pu rendre de l\u2019argent, par exemple lors de la construction de la prison. Pour moi, la cr\u00e9dibilit\u00e9 de l\u2019\u00c9tat est centrale. Beaucoup en ont aujourd\u2019hui une image n\u00e9gative. Il est donc d\u2019autant plus important de montrer : l\u2019\u00c9tat en est capable.<\/p>\n<p><strong>Et quels objectifs n\u2019avez-vous pas atteints ?<\/strong><\/p>\n<p>Jean-Fran\u00e7ois Steiert : En mati\u00e8re de d\u00e9veloppement des infrastructures de transport, la Suisse romande accuse encore un important retard. Cela prend du temps. Certains projets que j\u2019ai lanc\u00e9s devront \u00eatre poursuivis par mon successeur : par exemple, la couverture de l\u2019autoroute \u00e0 Fribourg sur 1,2 kilom\u00e8tre, afin de pouvoir d\u00e9velopper les quartiers environnants. Il m\u2019a fallu dix ans ; cette ann\u00e9e, le projet sera mis \u00e0 l\u2019enqu\u00eate. Le Conseil f\u00e9d\u00e9ral l\u2019a jug\u00e9 pertinent l\u2019an dernier et a assur\u00e9 que la Conf\u00e9d\u00e9ration en financera la moiti\u00e9. Le d\u00e9veloppement de l\u2019axe ferroviaire est-ouest est \u00e9galement central, notamment entre Lausanne et Gen\u00e8ve.<\/p>\n<p><strong>Pourquoi est-ce si important ?<\/strong><\/p>\n<p>Jean-Fran\u00e7ois Steiert : Alors que la ligne Berne\u2013Zurich a \u00e9t\u00e9 fortement modernis\u00e9e avec Rail 2000, la Suisse romande \u2013 tout comme la Suisse orientale \u2013 est moins bien desservie. Entre Lausanne et Gen\u00e8ve, les voies sont vieillissantes, ce qui entra\u00eene r\u00e9guli\u00e8rement des perturbations. Il en va de m\u00eame entre Lausanne et Berne. Il faut des capacit\u00e9s suppl\u00e9mentaires, notamment entre Fribourg et Romont. Enfin, la r\u00e9gion de Bulle fait partie de celles qui croissent le plus dans le pays. Nous devons faire comprendre clairement \u00e0 la Conf\u00e9d\u00e9ration qu\u2019il y a ici un besoin de rattrapage. Ce n\u2019est pas seulement ma t\u00e2che en tant que conseiller d\u2019\u00c9tat fribourgeois, mais aussi en tant que pr\u00e9sident de la Conf\u00e9rence des transports publics de Suisse occidentale.<\/p>\n<p><strong>Fribourg est un canton bilingue, et vous \u00eates parfaitement bilingue. Un grand avantage ?<\/strong><\/p>\n<p>Jean-Fran\u00e7ois Steiert : Pour moi, la richesse du bilinguisme ne r\u00e9side pas seulement dans le fait de parler deux langues, mais aussi dans la capacit\u00e9 \u00e0 jeter des ponts entre diff\u00e9rentes cultures. La langue est l\u2019expression d\u2019une culture. Au sein de la Suisse al\u00e9manique, il existe d\u00e9j\u00e0 des cultures vari\u00e9es, mais le contraste entre la Suisse romande et la Suisse al\u00e9manique est encore plus marqu\u00e9. La ma\u00eetrise des autres langues nationales permet des contacts et des \u00e9changes, et aide \u00e0 comprendre l\u2019autre. Dans un monde \u00e9branl\u00e9 par les guerres et la mont\u00e9e des fake news, la capacit\u00e9 au dialogue est d\u2019une importance centrale.<\/p>\n<p><strong>Mais l\u2019anglais gagne de plus en plus en importance. Dans certains cantons al\u00e9maniques, l\u2019utilit\u00e9 d\u2019apprendre t\u00f4t le fran\u00e7ais est contest\u00e9e.<\/strong><\/p>\n<p>Jean-Fran\u00e7ois Steiert : Je ne comprends pas pourquoi les m\u00e9dias germanophones \u2013 et d\u00e9sormais aussi francophones \u2013 reprennent sans esprit critique le terme \u00ab Fr\u00fchfranz\u00f6sisch \u00bb, fran\u00e7ais pr\u00e9coce. C\u2019est une expression absurde : on apprenait d\u00e9j\u00e0 \u00e0 l\u2019\u00e9cole primaire le fran\u00e7ais, respectivement l\u2019allemand. Ce n\u2019\u00e9tait pas \u00ab pr\u00e9coce \u00bb, c\u2019\u00e9tait normal. Ajouter \u00ab fr\u00fch \u00bb signifie implicitement \u00ab zu fr\u00fch \u00bb, trop t\u00f4t. La vraie question est : qu\u2019est-ce que nous sommes pr\u00eats \u00e0 investir, avec quel niveau de qualit\u00e9 et pour quoi ?<\/p>\n<p><strong>Quelle est votre r\u00e9ponse ?<\/strong><\/p>\n<p>Jean-Fran\u00e7ois Steiert : Bien s\u00fbr, on peut aussi apprendre une langue \u00e0 20 ans. Je ne veux pas ouvrir ici un d\u00e9bat m\u00e9thodologique, mais il y a un fait, valable ind\u00e9pendamment de toute id\u00e9ologie : un enfant de deux \u00e0 trois ans apprend tr\u00e8s facilement, en jouant et au contact des autres. Nous devrions donc cr\u00e9er des structures qui le permettent. Lorsque ma fille a\u00een\u00e9e, n\u00e9e dans le canton de Vaud, avait un an et demi, je lui ai achet\u00e9 un CD Duden avec un jeu pour tout-petits. Ses amies francophones trouvaient amusant de jouer \u00e0 ce jeu en allemand et ne vivaient pas cela comme une corv\u00e9e. Tout d\u00e9pend aussi du niveau que nous visons dans l\u2019apprentissage des langues. Si l\u2019objectif est de pouvoir se comprendre avec les personnes de l\u2019autre c\u00f4t\u00e9 du \u00ab R\u00f6stigraben \u00bb, alors nous devrions peut-\u00eatre arr\u00eater d\u2019enseigner le subjonctif.<\/p>\n<p><strong>Qu\u2019est-ce que la Suisse peut apprendre de Fribourg ?<\/strong><\/p>\n<p>Jean-Fran\u00e7ois Steiert : La culture de l\u2019\u00e9change et de la discussion.<\/p>\n<p><strong>Qui a le droit de vous contredire dans votre vie priv\u00e9e ?<\/strong><\/p>\n<p>Jean-Fran\u00e7ois Steiert : Contre-question : qui ne le pourrait pas ?<\/p>\n<p><strong>Comment passez-vous votre temps libre ?<\/strong><\/p>\n<p>Jean-Fran\u00e7ois Steiert : En faisant de la musique. R\u00e9cemment, j\u2019ai jou\u00e9 de la clarinette basse avec mes copains lors de la f\u00eate de jubil\u00e9 de la Soci\u00e9t\u00e9 fribourgeoise des randonneurs. J\u2019avais donn\u00e9 mon accord l\u2019an dernier, lorsque j\u2019y avais pris la parole en tant que pr\u00e9sident du Conseil d\u2019\u00c9tat. Sur le dernier morceau, l\u2019actuel pr\u00e9sident a jou\u00e9 lui aussi \u2013 un coll\u00e8gue UDC qui, cette ann\u00e9e, a prononc\u00e9 le discours. Voil\u00e0 qui r\u00e9pond \u00e0 la question de ce que la Suisse peut apprendre de Fribourg. \u00c0 l\u2019origine, je suis pianiste ; je joue aussi de la fl\u00fbte et, de temps en temps, du cor des Alpes. Par ailleurs, j\u2019aime skier, faire du ski de randonn\u00e9e et nager dans le lac.<\/p>\n<\/div><\/section>\n\n<style type=\"text\/css\" data-created_by=\"avia_inline_auto\" id=\"style-css-av-llc465ry-f75b624155052f066fdf422a26df97ad\">\n.flex_column.av-llc465ry-f75b624155052f066fdf422a26df97ad{\npadding:0 25px 0 25px;\nbackground-color:#b2b2b2;\n}\n<\/style>\n<div class='flex_column av-llc465ry-f75b624155052f066fdf422a26df97ad av_one_full  avia-builder-el-12  el_after_av_textblock  avia-builder-el-last  first flex_column_div column-top-margin'     ><style type=\"text\/css\" data-created_by=\"avia_inline_auto\" id=\"style-css-av-ll2c83gx-cf053f42e8400d00206b281d1e18bf29\">\n#top .av_textblock_section.av-ll2c83gx-cf053f42e8400d00206b281d1e18bf29 .avia_textblock{\ncolor:#ffffff;\n}\n<\/style>\n<section  class='av_textblock_section av-ll2c83gx-cf053f42e8400d00206b281d1e18bf29'  itemscope=\"itemscope\" itemtype=\"https:\/\/schema.org\/BlogPosting\" itemprop=\"blogPost\" ><div class='avia_textblock av_inherit_color'  itemprop=\"text\" ><p><strong>Jean-Fran\u00e7ois Steiert <\/strong>(65 ans) est n\u00e9 \u00e0 Berne et a grandi dans un foyer francophone du canton de Fribourg, o\u00f9 il a fr\u00e9quent\u00e9 des \u00e9coles germanophones et \u00e9tudi\u00e9 l\u2019histoire ainsi que les sciences de la communication. D\u00e8s 1993, il a d\u2019abord \u00e9t\u00e9 chef de presse, puis secr\u00e9taire g\u00e9n\u00e9ral du PS Suisse ainsi que du groupe socialiste. En 2000, Steiert a rejoint le D\u00e9partement de la formation du canton de Vaud, o\u00f9 il a travaill\u00e9 en dernier lieu comme d\u00e9l\u00e9gu\u00e9 aux affaires intercantonales. Son engagement politique a commenc\u00e9 en 1991 au Parlement de la Ville de Fribourg et s\u2019est poursuivi au Grand Conseil, jusqu\u2019\u00e0 son entr\u00e9e au Conseil national en 2007. Apr\u00e8s son \u00e9lection au gouvernement fribourgeois, Steiert a quitt\u00e9 le Conseil national en 2017. Ce mois-ci, il a annonc\u00e9 sa d\u00e9mission du Conseil d\u2019\u00c9tat pour la fin de l\u2019ann\u00e9e. P\u00e8re de deux enfants adultes, il vit avec sa compagne en ville de Fribourg.<\/p>\n<\/div><\/section><\/div><\/div><\/div><\/div><!-- close content main div --><\/div><\/div>\n<style type=\"text\/css\" data-created_by=\"avia_inline_auto\" id=\"style-css-av-dzp81-da28cffb59f33e3fd07afb0e81f574c1\">\n.avia-section.av-dzp81-da28cffb59f33e3fd07afb0e81f574c1{\nbackground-color:#ededed;\nbackground-image:unset;\n}\n<\/style>\n<div id='av_section_3'  class='avia-section av-dzp81-da28cffb59f33e3fd07afb0e81f574c1 main_color avia-section-default avia-no-border-styling  avia-builder-el-14  el_after_av_section  avia-builder-el-last  post_slider avia-bg-style-scroll container_wrap fullsize'  ><div class='container av-section-cont-open' ><div class='template-page content  av-content-full alpha units'><div class='post-entry post-entry-type-page post-entry-7374'><div class='entry-content-wrapper clearfix'>\n<div  data-slideshow-options=\"{&quot;animation&quot;:&quot;fade&quot;,&quot;autoplay&quot;:false,&quot;loop_autoplay&quot;:&quot;once&quot;,&quot;interval&quot;:&quot;5&quot;,&quot;loop_manual&quot;:&quot;manual-endless&quot;,&quot;autoplay_stopper&quot;:false,&quot;noNavigation&quot;:false,&quot;show_slide_delay&quot;:90}\" class='avia-content-slider avia-content-slider-active avia-content-slider1 avia-content-slider-odd  avia-builder-el-15  avia-builder-el-no-sibling  av-slideshow-ui av-control-default   av-no-slider-navigation av-slideshow-manual av-loop-once av-loop-manual-endless '  itemscope=\"itemscope\" itemtype=\"https:\/\/schema.org\/Blog\" ><div class=\"avia-content-slider-inner\"><div class=\"slide-entry-wrap\"><article class='slide-entry flex_column  post-entry post-entry-6666 slide-entry-overview slide-loop-1 slide-parity-odd  av_one_third first real-thumbnail post-format-standard'  itemscope=\"itemscope\" itemtype=\"https:\/\/schema.org\/BlogPosting\" itemprop=\"blogPost\" ><a href='https:\/\/influence.ch\/fr\/2025\/12\/23\/cest-frappant-de-voir-a-quel-point-la-competition-sintensifie\/' data-rel='slide-1' class='slide-image' title='\u202f\u00abC\u2019est frappant de voir \u00e0 quel point la comp\u00e9tition s\u2019intensifie\u00bb'><img decoding=\"async\" width=\"495\" height=\"400\" src=\"https:\/\/influence.ch\/wp-content\/uploads\/2025\/12\/Forscherin-495x400.jpg\" class=\"wp-image-6664 avia-img-lazy-loading-not-6664 attachment-portfolio size-portfolio wp-post-image\" alt=\"\" srcset=\"https:\/\/influence.ch\/wp-content\/uploads\/2025\/12\/Forscherin-495x400.jpg 495w, https:\/\/influence.ch\/wp-content\/uploads\/2025\/12\/Forscherin-845x684.jpg 845w\" sizes=\"(max-width: 495px) 100vw, 495px\" \/><\/a><div class=\"slide-content\"><header class=\"entry-content-header\"><h3 class='slide-entry-title entry-title '  itemprop=\"headline\" ><a href='https:\/\/influence.ch\/fr\/2025\/12\/23\/cest-frappant-de-voir-a-quel-point-la-competition-sintensifie\/' title='\u202f\u00abC\u2019est frappant de voir \u00e0 quel point la comp\u00e9tition s\u2019intensifie\u00bb'>\u202f\u00abC\u2019est frappant de voir \u00e0 quel point la comp\u00e9tition s\u2019intensifie\u00bb<\/a><\/h3><span class=\"av-vertical-delimiter\"><\/span><\/header><div class=\"slide-meta\"><div class=\"slide-meta-comments\"><a href='https:\/\/influence.ch\/fr\/2025\/12\/23\/cest-frappant-de-voir-a-quel-point-la-competition-sintensifie\/#respond'>0 Commentaires<\/a><\/div><div class=\"slide-meta-del\">\/<\/div><time class='slide-meta-time updated'  itemprop=\"datePublished\" datetime=\"2025-12-23T06:36:31+01:00\" >23 d\u00e9cembre 2025<\/time><\/div><div class='slide-entry-excerpt entry-content'  itemprop=\"text\" >La biologiste de l'\u00e9volution Anna Feller a \u00e9t\u00e9 r\u00e9compens\u00e9e par le Fonds national suisse pour ses recherches sur la biodiversit\u00e9. Selon elle, il est de plus en plus difficile d'obtenir des fonds pour la recherche.   <\/div><\/div><footer class=\"entry-footer\"><\/footer><span class='hidden'>\n\t\t\t\t<span class='av-structured-data'  itemprop=\"image\" itemscope=\"itemscope\" itemtype=\"https:\/\/schema.org\/ImageObject\" >\n\t\t\t\t\t\t<span itemprop='url'>https:\/\/influence.ch\/wp-content\/uploads\/2025\/12\/Forscherin.jpg<\/span>\n\t\t\t\t\t\t<span itemprop='height'>1105<\/span>\n\t\t\t\t\t\t<span itemprop='width'>1656<\/span>\n\t\t\t\t<\/span>\n\t\t\t\t<span class='av-structured-data'  itemprop=\"publisher\" itemtype=\"https:\/\/schema.org\/Organization\" itemscope=\"itemscope\" >\n\t\t\t\t\t\t<span itemprop='name'>Eva Novak<\/span>\n\t\t\t\t\t\t<span itemprop='logo' itemscope itemtype='https:\/\/schema.org\/ImageObject'>\n\t\t\t\t\t\t\t<span itemprop='url'>https:\/\/influence.ch\/wp-content\/uploads\/2025\/02\/influence_Logo_FR_weiss-1030x277.png<\/span>\n\t\t\t\t\t\t <\/span>\n\t\t\t\t<\/span><span class='av-structured-data'  itemprop=\"author\" itemscope=\"itemscope\" itemtype=\"https:\/\/schema.org\/Person\" ><span itemprop='name'>Eva Novak<\/span><\/span><span class='av-structured-data'  itemprop=\"datePublished\" datetime=\"2026-04-29T16:30:59+02:00\" >2025-12-23 06:36:31<\/span><span class='av-structured-data'  itemprop=\"dateModified\" itemtype=\"https:\/\/schema.org\/dateModified\" >2025-12-23 11:15:53<\/span><span class='av-structured-data'  itemprop=\"mainEntityOfPage\" itemtype=\"https:\/\/schema.org\/mainEntityOfPage\" ><span itemprop='name'>\u202f\u00abC\u2019est frappant de voir \u00e0 quel point la comp\u00e9tition s\u2019intensifie\u00bb<\/span><\/span><\/span><\/article><article class='slide-entry flex_column  post-entry post-entry-7307 slide-entry-overview slide-loop-2 slide-parity-even  av_one_third  real-thumbnail post-format-standard'  itemscope=\"itemscope\" itemtype=\"https:\/\/schema.org\/BlogPosting\" itemprop=\"blogPost\" ><a href='https:\/\/influence.ch\/fr\/2026\/04\/29\/les-entreprises-suisses-en-mode-crise-permanente\/' data-rel='slide-1' class='slide-image' title='Les entreprises suisses en mode \u00ab crise permanente\u00a0\u00bb'><img decoding=\"async\" width=\"495\" height=\"400\" src=\"https:\/\/influence.ch\/wp-content\/uploads\/2025\/02\/influence_Verlaufe_politik-495x400.png\" class=\"wp-image-4694 avia-img-lazy-loading-not-4694 attachment-portfolio size-portfolio wp-post-image\" alt=\"\" srcset=\"https:\/\/influence.ch\/wp-content\/uploads\/2025\/02\/influence_Verlaufe_politik-495x400.png 495w, https:\/\/influence.ch\/wp-content\/uploads\/2025\/02\/influence_Verlaufe_politik-845x684.png 845w\" sizes=\"(max-width: 495px) 100vw, 495px\" \/><\/a><div class=\"slide-content\"><header class=\"entry-content-header\"><h3 class='slide-entry-title entry-title '  itemprop=\"headline\" ><a href='https:\/\/influence.ch\/fr\/2026\/04\/29\/les-entreprises-suisses-en-mode-crise-permanente\/' title='Les entreprises suisses en mode \u00ab crise permanente\u00a0\u00bb'>Les entreprises suisses en mode \u00ab crise permanente\u00a0\u00bb<\/a><\/h3><span class=\"av-vertical-delimiter\"><\/span><\/header><div class=\"slide-meta\"><div class=\"slide-meta-comments\"><a href='https:\/\/influence.ch\/fr\/2026\/04\/29\/les-entreprises-suisses-en-mode-crise-permanente\/#respond'>0 Commentaires<\/a><\/div><div class=\"slide-meta-del\">\/<\/div><time class='slide-meta-time updated'  itemprop=\"datePublished\" datetime=\"2026-04-29T16:27:33+02:00\" >29 avril 2026<\/time><\/div><div class='slide-entry-excerpt entry-content'  itemprop=\"text\" >Ce que signifie la r\u00e9silience 2026 dans la pratique<\/div><\/div><footer class=\"entry-footer\"><\/footer><span class='hidden'>\n\t\t\t\t<span class='av-structured-data'  itemprop=\"image\" itemscope=\"itemscope\" itemtype=\"https:\/\/schema.org\/ImageObject\" >\n\t\t\t\t\t\t<span itemprop='url'>https:\/\/influence.ch\/wp-content\/uploads\/2025\/02\/influence_Verlaufe_politik.png<\/span>\n\t\t\t\t\t\t<span itemprop='height'>2169<\/span>\n\t\t\t\t\t\t<span itemprop='width'>2442<\/span>\n\t\t\t\t<\/span>\n\t\t\t\t<span class='av-structured-data'  itemprop=\"publisher\" itemtype=\"https:\/\/schema.org\/Organization\" itemscope=\"itemscope\" >\n\t\t\t\t\t\t<span itemprop='name'>Matthias Halbeis<\/span>\n\t\t\t\t\t\t<span itemprop='logo' itemscope itemtype='https:\/\/schema.org\/ImageObject'>\n\t\t\t\t\t\t\t<span itemprop='url'>https:\/\/influence.ch\/wp-content\/uploads\/2025\/02\/influence_Logo_FR_weiss-1030x277.png<\/span>\n\t\t\t\t\t\t <\/span>\n\t\t\t\t<\/span><span class='av-structured-data'  itemprop=\"author\" itemscope=\"itemscope\" itemtype=\"https:\/\/schema.org\/Person\" ><span itemprop='name'>Matthias Halbeis<\/span><\/span><span class='av-structured-data'  itemprop=\"datePublished\" datetime=\"2026-04-29T16:30:59+02:00\" >2026-04-29 16:27:33<\/span><span class='av-structured-data'  itemprop=\"dateModified\" itemtype=\"https:\/\/schema.org\/dateModified\" >2026-04-29 18:28:38<\/span><span class='av-structured-data'  itemprop=\"mainEntityOfPage\" itemtype=\"https:\/\/schema.org\/mainEntityOfPage\" ><span itemprop='name'>Les entreprises suisses en mode \u00ab crise permanente\u00a0\u00bb<\/span><\/span><\/span><\/article><article class='slide-entry flex_column  post-entry post-entry-7323 slide-entry-overview slide-loop-3 slide-parity-odd  av_one_third  real-thumbnail post-format-standard'  itemscope=\"itemscope\" itemtype=\"https:\/\/schema.org\/BlogPosting\" itemprop=\"blogPost\" ><a href='https:\/\/influence.ch\/fr\/2026\/04\/29\/participer-au-debat-cest-participer-aux-decisions\/' data-rel='slide-1' class='slide-image' title='Participer au d\u00e9bat, c&rsquo;est participer aux d\u00e9cisions'><img decoding=\"async\" width=\"495\" height=\"400\" src=\"https:\/\/influence.ch\/wp-content\/uploads\/2022\/12\/influence_Verlaeufe_V01_1-495x400.png\" class=\"wp-image-522 avia-img-lazy-loading-not-522 attachment-portfolio size-portfolio wp-post-image\" alt=\"\" srcset=\"https:\/\/influence.ch\/wp-content\/uploads\/2022\/12\/influence_Verlaeufe_V01_1-495x400.png 495w, https:\/\/influence.ch\/wp-content\/uploads\/2022\/12\/influence_Verlaeufe_V01_1-845x684.png 845w\" sizes=\"(max-width: 495px) 100vw, 495px\" \/><\/a><div class=\"slide-content\"><header class=\"entry-content-header\"><h3 class='slide-entry-title entry-title '  itemprop=\"headline\" ><a href='https:\/\/influence.ch\/fr\/2026\/04\/29\/participer-au-debat-cest-participer-aux-decisions\/' title='Participer au d\u00e9bat, c&rsquo;est participer aux d\u00e9cisions'>Participer au d\u00e9bat, c&rsquo;est participer aux d\u00e9cisions<\/a><\/h3><span class=\"av-vertical-delimiter\"><\/span><\/header><div class=\"slide-meta\"><time class='slide-meta-time updated'  itemprop=\"datePublished\" datetime=\"2026-04-29T16:25:37+02:00\" >29 avril 2026<\/time><\/div><div class='slide-entry-excerpt entry-content'  itemprop=\"text\" >La r\u00e9gulation europ\u00e9enne des plateformes et le vide r\u00e9glementaire suisse<\/div><\/div><footer class=\"entry-footer\"><\/footer><span class='hidden'>\n\t\t\t\t<span class='av-structured-data'  itemprop=\"image\" itemscope=\"itemscope\" itemtype=\"https:\/\/schema.org\/ImageObject\" >\n\t\t\t\t\t\t<span itemprop='url'>https:\/\/influence.ch\/wp-content\/uploads\/2022\/12\/influence_Verlaeufe_V01_1.png<\/span>\n\t\t\t\t\t\t<span itemprop='height'>2169<\/span>\n\t\t\t\t\t\t<span itemprop='width'>2442<\/span>\n\t\t\t\t<\/span>\n\t\t\t\t<span class='av-structured-data'  itemprop=\"publisher\" itemtype=\"https:\/\/schema.org\/Organization\" itemscope=\"itemscope\" >\n\t\t\t\t\t\t<span itemprop='name'>Matthias Halbeis<\/span>\n\t\t\t\t\t\t<span itemprop='logo' itemscope itemtype='https:\/\/schema.org\/ImageObject'>\n\t\t\t\t\t\t\t<span itemprop='url'>https:\/\/influence.ch\/wp-content\/uploads\/2025\/02\/influence_Logo_FR_weiss-1030x277.png<\/span>\n\t\t\t\t\t\t <\/span>\n\t\t\t\t<\/span><span class='av-structured-data'  itemprop=\"author\" itemscope=\"itemscope\" itemtype=\"https:\/\/schema.org\/Person\" ><span itemprop='name'>Matthias Halbeis<\/span><\/span><span class='av-structured-data'  itemprop=\"datePublished\" datetime=\"2026-04-29T16:30:59+02:00\" >2026-04-29 16:25:37<\/span><span class='av-structured-data'  itemprop=\"dateModified\" itemtype=\"https:\/\/schema.org\/dateModified\" >2026-04-29 16:29:06<\/span><span class='av-structured-data'  itemprop=\"mainEntityOfPage\" itemtype=\"https:\/\/schema.org\/mainEntityOfPage\" ><span itemprop='name'>Participer au d\u00e9bat, c&rsquo;est participer aux d\u00e9cisions<\/span><\/span><\/span><\/article><\/div><div class=\"slide-entry-wrap\"><article class='slide-entry flex_column  post-entry post-entry-6030 slide-entry-overview slide-loop-4 slide-parity-odd  av_one_third first real-thumbnail post-format-standard'  itemscope=\"itemscope\" itemtype=\"https:\/\/schema.org\/BlogPosting\" itemprop=\"blogPost\" ><a href='https:\/\/influence.ch\/fr\/2025\/09\/23\/des-histoires-qui-font-mouche-la-suisse-et-son-image-rp\/' data-rel='slide-1' class='slide-image' title='Des histoires qui font mouche &#8211; la Suisse et son image RP'><img decoding=\"async\" width=\"495\" height=\"400\" src=\"https:\/\/influence.ch\/wp-content\/uploads\/2022\/12\/influence_Verlaufe_ausgelesen-495x400.png\" class=\"wp-image-4344 avia-img-lazy-loading-not-4344 attachment-portfolio size-portfolio wp-post-image\" alt=\"\" srcset=\"https:\/\/influence.ch\/wp-content\/uploads\/2022\/12\/influence_Verlaufe_ausgelesen-495x400.png 495w, https:\/\/influence.ch\/wp-content\/uploads\/2022\/12\/influence_Verlaufe_ausgelesen-845x684.png 845w\" sizes=\"(max-width: 495px) 100vw, 495px\" \/><\/a><div class=\"slide-content\"><header class=\"entry-content-header\"><h3 class='slide-entry-title entry-title '  itemprop=\"headline\" ><a href='https:\/\/influence.ch\/fr\/2025\/09\/23\/des-histoires-qui-font-mouche-la-suisse-et-son-image-rp\/' title='Des histoires qui font mouche &#8211; la Suisse et son image RP'>Des histoires qui font mouche &#8211; la Suisse et son image RP<\/a><\/h3><span class=\"av-vertical-delimiter\"><\/span><\/header><div class=\"slide-meta\"><time class='slide-meta-time updated'  itemprop=\"datePublished\" datetime=\"2025-09-23T13:56:56+02:00\" >23 septembre 2025<\/time><\/div><div class='slide-entry-excerpt entry-content'  itemprop=\"text\" >\u00ab Les faiseurs d'opinion \u00bb par Kaspar Silberschmidt  <\/div><\/div><footer class=\"entry-footer\"><\/footer><span class='hidden'>\n\t\t\t\t<span class='av-structured-data'  itemprop=\"image\" itemscope=\"itemscope\" itemtype=\"https:\/\/schema.org\/ImageObject\" >\n\t\t\t\t\t\t<span itemprop='url'>https:\/\/influence.ch\/wp-content\/uploads\/2022\/12\/influence_Verlaufe_ausgelesen.png<\/span>\n\t\t\t\t\t\t<span itemprop='height'>2169<\/span>\n\t\t\t\t\t\t<span itemprop='width'>2442<\/span>\n\t\t\t\t<\/span>\n\t\t\t\t<span class='av-structured-data'  itemprop=\"publisher\" itemtype=\"https:\/\/schema.org\/Organization\" itemscope=\"itemscope\" >\n\t\t\t\t\t\t<span itemprop='name'>Pascal Ihle<\/span>\n\t\t\t\t\t\t<span itemprop='logo' itemscope itemtype='https:\/\/schema.org\/ImageObject'>\n\t\t\t\t\t\t\t<span itemprop='url'>https:\/\/influence.ch\/wp-content\/uploads\/2025\/02\/influence_Logo_FR_weiss-1030x277.png<\/span>\n\t\t\t\t\t\t <\/span>\n\t\t\t\t<\/span><span class='av-structured-data'  itemprop=\"author\" itemscope=\"itemscope\" itemtype=\"https:\/\/schema.org\/Person\" ><span itemprop='name'>Pascal Ihle<\/span><\/span><span class='av-structured-data'  itemprop=\"datePublished\" datetime=\"2026-04-29T16:30:59+02:00\" >2025-09-23 13:56:56<\/span><span class='av-structured-data'  itemprop=\"dateModified\" itemtype=\"https:\/\/schema.org\/dateModified\" >2025-09-25 15:33:32<\/span><span class='av-structured-data'  itemprop=\"mainEntityOfPage\" itemtype=\"https:\/\/schema.org\/mainEntityOfPage\" ><span itemprop='name'>Des histoires qui font mouche &#8211; la Suisse et son image RP<\/span><\/span><\/span><\/article><article class='slide-entry flex_column  post-entry post-entry-5342 slide-entry-overview slide-loop-5 slide-parity-even  av_one_third  real-thumbnail post-format-standard'  itemscope=\"itemscope\" itemtype=\"https:\/\/schema.org\/BlogPosting\" itemprop=\"blogPost\" ><a href='https:\/\/influence.ch\/fr\/2025\/04\/15\/la-democratie-a-lepreuve-pourquoi-la-suisse-est-un-modele-mondial\/' data-rel='slide-1' class='slide-image' title='La d\u00e9mocratie \u00e0 l&rsquo;\u00e9preuve : pourquoi la Suisse est un mod\u00e8le mondial'><img decoding=\"async\" width=\"495\" height=\"400\" src=\"https:\/\/influence.ch\/wp-content\/uploads\/2022\/12\/influence_Verlaeufe_V01_1-495x400.png\" class=\"wp-image-522 avia-img-lazy-loading-not-522 attachment-portfolio size-portfolio wp-post-image\" alt=\"\" srcset=\"https:\/\/influence.ch\/wp-content\/uploads\/2022\/12\/influence_Verlaeufe_V01_1-495x400.png 495w, https:\/\/influence.ch\/wp-content\/uploads\/2022\/12\/influence_Verlaeufe_V01_1-845x684.png 845w\" sizes=\"(max-width: 495px) 100vw, 495px\" \/><\/a><div class=\"slide-content\"><header class=\"entry-content-header\"><h3 class='slide-entry-title entry-title '  itemprop=\"headline\" ><a href='https:\/\/influence.ch\/fr\/2025\/04\/15\/la-democratie-a-lepreuve-pourquoi-la-suisse-est-un-modele-mondial\/' title='La d\u00e9mocratie \u00e0 l&rsquo;\u00e9preuve : pourquoi la Suisse est un mod\u00e8le mondial'>La d\u00e9mocratie \u00e0 l&rsquo;\u00e9preuve : pourquoi la Suisse est un mod\u00e8le mondial<\/a><\/h3><span class=\"av-vertical-delimiter\"><\/span><\/header><div class=\"slide-meta\"><time class='slide-meta-time updated'  itemprop=\"datePublished\" datetime=\"2025-04-15T15:21:53+02:00\" >15 avril 2025<\/time><\/div><div class='slide-entry-excerpt entry-content'  itemprop=\"text\" >Les mouvements populistes gagnent du terrain. A quoi cela est-il d\u00fb ?   <\/div><\/div><footer class=\"entry-footer\"><\/footer><span class='hidden'>\n\t\t\t\t<span class='av-structured-data'  itemprop=\"image\" itemscope=\"itemscope\" itemtype=\"https:\/\/schema.org\/ImageObject\" >\n\t\t\t\t\t\t<span itemprop='url'>https:\/\/influence.ch\/wp-content\/uploads\/2022\/12\/influence_Verlaeufe_V01_1.png<\/span>\n\t\t\t\t\t\t<span itemprop='height'>2169<\/span>\n\t\t\t\t\t\t<span itemprop='width'>2442<\/span>\n\t\t\t\t<\/span>\n\t\t\t\t<span class='av-structured-data'  itemprop=\"publisher\" itemtype=\"https:\/\/schema.org\/Organization\" itemscope=\"itemscope\" >\n\t\t\t\t\t\t<span itemprop='name'>Pascal Ihle<\/span>\n\t\t\t\t\t\t<span itemprop='logo' itemscope itemtype='https:\/\/schema.org\/ImageObject'>\n\t\t\t\t\t\t\t<span itemprop='url'>https:\/\/influence.ch\/wp-content\/uploads\/2025\/02\/influence_Logo_FR_weiss-1030x277.png<\/span>\n\t\t\t\t\t\t <\/span>\n\t\t\t\t<\/span><span class='av-structured-data'  itemprop=\"author\" itemscope=\"itemscope\" itemtype=\"https:\/\/schema.org\/Person\" ><span itemprop='name'>Pascal Ihle<\/span><\/span><span class='av-structured-data'  itemprop=\"datePublished\" datetime=\"2026-04-29T16:30:59+02:00\" >2025-04-15 15:21:53<\/span><span class='av-structured-data'  itemprop=\"dateModified\" itemtype=\"https:\/\/schema.org\/dateModified\" >2025-04-25 10:14:59<\/span><span class='av-structured-data'  itemprop=\"mainEntityOfPage\" itemtype=\"https:\/\/schema.org\/mainEntityOfPage\" ><span itemprop='name'>La d\u00e9mocratie \u00e0 l&rsquo;\u00e9preuve : pourquoi la Suisse est un mod\u00e8le mondial<\/span><\/span><\/span><\/article><article class='slide-entry flex_column  post-entry post-entry-6917 slide-entry-overview slide-loop-6 slide-parity-odd  av_one_third  real-thumbnail post-format-standard'  itemscope=\"itemscope\" itemtype=\"https:\/\/schema.org\/BlogPosting\" itemprop=\"blogPost\" ><a href='https:\/\/influence.ch\/fr\/2026\/02\/26\/la-confiance-monnaie-dechange-dune-nouvelle-ere-de-communication\/' data-rel='slide-1' class='slide-image' title='La confiance et la nouvelle \u00e8re de communication'><img decoding=\"async\" width=\"495\" height=\"400\" src=\"https:\/\/influence.ch\/wp-content\/uploads\/2022\/12\/influence_Verlaeufe_V01_7-495x400.png\" class=\"wp-image-529 avia-img-lazy-loading-not-529 attachment-portfolio size-portfolio wp-post-image\" alt=\"\" srcset=\"https:\/\/influence.ch\/wp-content\/uploads\/2022\/12\/influence_Verlaeufe_V01_7-495x400.png 495w, https:\/\/influence.ch\/wp-content\/uploads\/2022\/12\/influence_Verlaeufe_V01_7-845x684.png 845w\" sizes=\"(max-width: 495px) 100vw, 495px\" \/><\/a><div class=\"slide-content\"><header class=\"entry-content-header\"><h3 class='slide-entry-title entry-title '  itemprop=\"headline\" ><a href='https:\/\/influence.ch\/fr\/2026\/02\/26\/la-confiance-monnaie-dechange-dune-nouvelle-ere-de-communication\/' title='La confiance et la nouvelle \u00e8re de communication'>La confiance et la nouvelle \u00e8re de communication<\/a><\/h3><span class=\"av-vertical-delimiter\"><\/span><\/header><div class=\"slide-meta\"><div class=\"slide-meta-comments\"><a href='https:\/\/influence.ch\/fr\/2026\/02\/26\/la-confiance-monnaie-dechange-dune-nouvelle-ere-de-communication\/#respond'>0 Commentaires<\/a><\/div><div class=\"slide-meta-del\">\/<\/div><time class='slide-meta-time updated'  itemprop=\"datePublished\" datetime=\"2026-02-26T11:13:04+01:00\" >26 f\u00e9vrier 2026<\/time><\/div><div class='slide-entry-excerpt entry-content'  itemprop=\"text\" >Pourquoi la collaboration avec les services de communication devient-elle plus importante dans les entreprises ?  <\/div><\/div><footer class=\"entry-footer\"><\/footer><span class='hidden'>\n\t\t\t\t<span class='av-structured-data'  itemprop=\"image\" itemscope=\"itemscope\" itemtype=\"https:\/\/schema.org\/ImageObject\" >\n\t\t\t\t\t\t<span itemprop='url'>https:\/\/influence.ch\/wp-content\/uploads\/2022\/12\/influence_Verlaeufe_V01_7.png<\/span>\n\t\t\t\t\t\t<span itemprop='height'>2169<\/span>\n\t\t\t\t\t\t<span itemprop='width'>2442<\/span>\n\t\t\t\t<\/span>\n\t\t\t\t<span class='av-structured-data'  itemprop=\"publisher\" itemtype=\"https:\/\/schema.org\/Organization\" itemscope=\"itemscope\" >\n\t\t\t\t\t\t<span itemprop='name'>Matthias Halbeis<\/span>\n\t\t\t\t\t\t<span itemprop='logo' itemscope itemtype='https:\/\/schema.org\/ImageObject'>\n\t\t\t\t\t\t\t<span itemprop='url'>https:\/\/influence.ch\/wp-content\/uploads\/2025\/02\/influence_Logo_FR_weiss-1030x277.png<\/span>\n\t\t\t\t\t\t <\/span>\n\t\t\t\t<\/span><span class='av-structured-data'  itemprop=\"author\" itemscope=\"itemscope\" itemtype=\"https:\/\/schema.org\/Person\" ><span itemprop='name'>Matthias Halbeis<\/span><\/span><span class='av-structured-data'  itemprop=\"datePublished\" datetime=\"2026-04-29T16:30:59+02:00\" >2026-02-26 11:13:04<\/span><span class='av-structured-data'  itemprop=\"dateModified\" itemtype=\"https:\/\/schema.org\/dateModified\" >2026-02-26 16:27:57<\/span><span class='av-structured-data'  itemprop=\"mainEntityOfPage\" itemtype=\"https:\/\/schema.org\/mainEntityOfPage\" ><span itemprop='name'>La confiance et la nouvelle \u00e8re de communication<\/span><\/span><\/span><\/article><\/div><div class=\"slide-entry-wrap\"><article class='slide-entry flex_column  post-entry post-entry-4736 slide-entry-overview slide-loop-7 slide-parity-odd  av_one_third first real-thumbnail post-format-standard'  itemscope=\"itemscope\" itemtype=\"https:\/\/schema.org\/BlogPosting\" itemprop=\"blogPost\" ><a href='https:\/\/influence.ch\/fr\/2025\/02\/27\/fruehfranzoesisch-une-chronique-redigee-en-francais\/' data-rel='slide-1' class='slide-image' title='Fr\u00fchfranz\u00f6sisch \u2013 une chronique r\u00e9dig\u00e9e en fran\u00e7ais'><img decoding=\"async\" width=\"495\" height=\"400\" src=\"https:\/\/influence.ch\/wp-content\/uploads\/2022\/12\/influence_Verlaeufe_V01_5-495x400.png\" class=\"wp-image-517 avia-img-lazy-loading-not-517 attachment-portfolio size-portfolio wp-post-image\" alt=\"\" srcset=\"https:\/\/influence.ch\/wp-content\/uploads\/2022\/12\/influence_Verlaeufe_V01_5-495x400.png 495w, https:\/\/influence.ch\/wp-content\/uploads\/2022\/12\/influence_Verlaeufe_V01_5-845x684.png 845w\" sizes=\"(max-width: 495px) 100vw, 495px\" \/><\/a><div class=\"slide-content\"><header class=\"entry-content-header\"><h3 class='slide-entry-title entry-title '  itemprop=\"headline\" ><a href='https:\/\/influence.ch\/fr\/2025\/02\/27\/fruehfranzoesisch-une-chronique-redigee-en-francais\/' title='Fr\u00fchfranz\u00f6sisch \u2013 une chronique r\u00e9dig\u00e9e en fran\u00e7ais'>Fr\u00fchfranz\u00f6sisch \u2013 une chronique r\u00e9dig\u00e9e en fran\u00e7ais<\/a><\/h3><span class=\"av-vertical-delimiter\"><\/span><\/header><div class=\"slide-meta\"><div class=\"slide-meta-comments\"><a href='https:\/\/influence.ch\/fr\/2025\/02\/27\/fruehfranzoesisch-une-chronique-redigee-en-francais\/#respond'>0 Commentaires<\/a><\/div><div class=\"slide-meta-del\">\/<\/div><time class='slide-meta-time updated'  itemprop=\"datePublished\" datetime=\"2025-02-27T08:20:23+01:00\" >27 f\u00e9vrier 2025<\/time><\/div><div class='slide-entry-excerpt entry-content'  itemprop=\"text\" >Apprendre le fran\u00e7ais d\u00e8s l\u2019\u00e9cole primaire pour les petits al\u00e9maniques est souvent v\u00e9cu comme un fardeau. <\/div><\/div><footer class=\"entry-footer\"><\/footer><span class='hidden'>\n\t\t\t\t<span class='av-structured-data'  itemprop=\"image\" itemscope=\"itemscope\" itemtype=\"https:\/\/schema.org\/ImageObject\" >\n\t\t\t\t\t\t<span itemprop='url'>https:\/\/influence.ch\/wp-content\/uploads\/2022\/12\/influence_Verlaeufe_V01_5.png<\/span>\n\t\t\t\t\t\t<span itemprop='height'>2169<\/span>\n\t\t\t\t\t\t<span itemprop='width'>2442<\/span>\n\t\t\t\t<\/span>\n\t\t\t\t<span class='av-structured-data'  itemprop=\"publisher\" itemtype=\"https:\/\/schema.org\/Organization\" itemscope=\"itemscope\" >\n\t\t\t\t\t\t<span itemprop='name'>Chrystel Domenjoz<\/span>\n\t\t\t\t\t\t<span itemprop='logo' itemscope itemtype='https:\/\/schema.org\/ImageObject'>\n\t\t\t\t\t\t\t<span itemprop='url'>https:\/\/influence.ch\/wp-content\/uploads\/2025\/02\/influence_Logo_FR_weiss-1030x277.png<\/span>\n\t\t\t\t\t\t <\/span>\n\t\t\t\t<\/span><span class='av-structured-data'  itemprop=\"author\" itemscope=\"itemscope\" itemtype=\"https:\/\/schema.org\/Person\" ><span itemprop='name'>Chrystel Domenjoz<\/span><\/span><span class='av-structured-data'  itemprop=\"datePublished\" datetime=\"2026-04-29T16:30:59+02:00\" >2025-02-27 08:20:23<\/span><span class='av-structured-data'  itemprop=\"dateModified\" itemtype=\"https:\/\/schema.org\/dateModified\" >2025-02-27 15:33:03<\/span><span class='av-structured-data'  itemprop=\"mainEntityOfPage\" itemtype=\"https:\/\/schema.org\/mainEntityOfPage\" ><span itemprop='name'>Fr\u00fchfranz\u00f6sisch \u2013 une chronique r\u00e9dig\u00e9e en fran\u00e7ais<\/span><\/span><\/span><\/article><article class='slide-entry flex_column  post-entry post-entry-5799 slide-entry-overview slide-loop-8 slide-parity-even  av_one_third  real-thumbnail post-format-standard'  itemscope=\"itemscope\" itemtype=\"https:\/\/schema.org\/BlogPosting\" itemprop=\"blogPost\" ><a href='https:\/\/influence.ch\/fr\/2025\/08\/28\/quand-lia-faconne-votre-opinion-politique\/' data-rel='slide-1' class='slide-image' title='Quand l&rsquo;IA fa\u00e7onne votre opinion politique'><img decoding=\"async\" width=\"495\" height=\"400\" src=\"https:\/\/influence.ch\/wp-content\/uploads\/2022\/12\/influence_Verlaeufe_V01_1-495x400.png\" class=\"wp-image-522 avia-img-lazy-loading-not-522 attachment-portfolio size-portfolio wp-post-image\" alt=\"\" srcset=\"https:\/\/influence.ch\/wp-content\/uploads\/2022\/12\/influence_Verlaeufe_V01_1-495x400.png 495w, https:\/\/influence.ch\/wp-content\/uploads\/2022\/12\/influence_Verlaeufe_V01_1-845x684.png 845w\" sizes=\"(max-width: 495px) 100vw, 495px\" \/><\/a><div class=\"slide-content\"><header class=\"entry-content-header\"><h3 class='slide-entry-title entry-title '  itemprop=\"headline\" ><a href='https:\/\/influence.ch\/fr\/2025\/08\/28\/quand-lia-faconne-votre-opinion-politique\/' title='Quand l&rsquo;IA fa\u00e7onne votre opinion politique'>Quand l&rsquo;IA fa\u00e7onne votre opinion politique<\/a><\/h3><span class=\"av-vertical-delimiter\"><\/span><\/header><div class=\"slide-meta\"><time class='slide-meta-time updated'  itemprop=\"datePublished\" datetime=\"2025-08-28T09:28:50+02:00\" >28 ao\u00fbt 2025<\/time><\/div><div class='slide-entry-excerpt entry-content'  itemprop=\"text\" >Comment les chatbots influencent les croyances en dix minutes et ce que vous pouvez faire concr\u00e8tement pour y rem\u00e9dier  <\/div><\/div><footer class=\"entry-footer\"><\/footer><span class='hidden'>\n\t\t\t\t<span class='av-structured-data'  itemprop=\"image\" itemscope=\"itemscope\" itemtype=\"https:\/\/schema.org\/ImageObject\" >\n\t\t\t\t\t\t<span itemprop='url'>https:\/\/influence.ch\/wp-content\/uploads\/2022\/12\/influence_Verlaeufe_V01_1.png<\/span>\n\t\t\t\t\t\t<span itemprop='height'>2169<\/span>\n\t\t\t\t\t\t<span itemprop='width'>2442<\/span>\n\t\t\t\t<\/span>\n\t\t\t\t<span class='av-structured-data'  itemprop=\"publisher\" itemtype=\"https:\/\/schema.org\/Organization\" itemscope=\"itemscope\" >\n\t\t\t\t\t\t<span itemprop='name'>Pascal Ihle<\/span>\n\t\t\t\t\t\t<span itemprop='logo' itemscope itemtype='https:\/\/schema.org\/ImageObject'>\n\t\t\t\t\t\t\t<span itemprop='url'>https:\/\/influence.ch\/wp-content\/uploads\/2025\/02\/influence_Logo_FR_weiss-1030x277.png<\/span>\n\t\t\t\t\t\t <\/span>\n\t\t\t\t<\/span><span class='av-structured-data'  itemprop=\"author\" itemscope=\"itemscope\" itemtype=\"https:\/\/schema.org\/Person\" ><span itemprop='name'>Pascal Ihle<\/span><\/span><span class='av-structured-data'  itemprop=\"datePublished\" datetime=\"2026-04-29T16:30:59+02:00\" >2025-08-28 09:28:50<\/span><span class='av-structured-data'  itemprop=\"dateModified\" itemtype=\"https:\/\/schema.org\/dateModified\" >2025-08-28 16:21:44<\/span><span class='av-structured-data'  itemprop=\"mainEntityOfPage\" itemtype=\"https:\/\/schema.org\/mainEntityOfPage\" ><span itemprop='name'>Quand l&rsquo;IA fa\u00e7onne votre opinion politique<\/span><\/span><\/span><\/article><article class='slide-entry flex_column  post-entry post-entry-4400 slide-entry-overview slide-loop-9 slide-parity-odd  post-entry-last  av_one_third  real-thumbnail post-format-standard'  itemscope=\"itemscope\" itemtype=\"https:\/\/schema.org\/BlogPosting\" itemprop=\"blogPost\" ><a href='https:\/\/influence.ch\/fr\/2025\/01\/30\/longcovid-un-hashtag-comme-bouee-de-sauvetage\/' data-rel='slide-1' class='slide-image' title='#LongCovid &#8211; Un hashtag comme bou\u00e9e de sauvetage'><img decoding=\"async\" width=\"495\" height=\"400\" src=\"https:\/\/influence.ch\/wp-content\/uploads\/2022\/12\/influence_Verlaeufe_V01_1-495x400.png\" class=\"wp-image-522 avia-img-lazy-loading-not-522 attachment-portfolio size-portfolio wp-post-image\" alt=\"\" srcset=\"https:\/\/influence.ch\/wp-content\/uploads\/2022\/12\/influence_Verlaeufe_V01_1-495x400.png 495w, https:\/\/influence.ch\/wp-content\/uploads\/2022\/12\/influence_Verlaeufe_V01_1-845x684.png 845w\" sizes=\"(max-width: 495px) 100vw, 495px\" \/><\/a><div class=\"slide-content\"><header class=\"entry-content-header\"><h3 class='slide-entry-title entry-title '  itemprop=\"headline\" ><a href='https:\/\/influence.ch\/fr\/2025\/01\/30\/longcovid-un-hashtag-comme-bouee-de-sauvetage\/' title='#LongCovid &#8211; Un hashtag comme bou\u00e9e de sauvetage'>#LongCovid &#8211; Un hashtag comme bou\u00e9e de sauvetage<\/a><\/h3><span class=\"av-vertical-delimiter\"><\/span><\/header><div class=\"slide-meta\"><time class='slide-meta-time updated'  itemprop=\"datePublished\" datetime=\"2025-01-30T11:14:11+01:00\" >30 janvier 2025<\/time><\/div><div class='slide-entry-excerpt entry-content'  itemprop=\"text\" >Le mouvement Long COVID montre de mani\u00e8re exemplaire comment les personnes concern\u00e9es peuvent jouer un r\u00f4le cl\u00e9 dans l'am\u00e9lioration des soins de sant\u00e9.  <\/div><\/div><footer class=\"entry-footer\"><\/footer><span class='hidden'>\n\t\t\t\t<span class='av-structured-data'  itemprop=\"image\" itemscope=\"itemscope\" itemtype=\"https:\/\/schema.org\/ImageObject\" >\n\t\t\t\t\t\t<span itemprop='url'>https:\/\/influence.ch\/wp-content\/uploads\/2022\/12\/influence_Verlaeufe_V01_1.png<\/span>\n\t\t\t\t\t\t<span itemprop='height'>2169<\/span>\n\t\t\t\t\t\t<span itemprop='width'>2442<\/span>\n\t\t\t\t<\/span>\n\t\t\t\t<span class='av-structured-data'  itemprop=\"publisher\" itemtype=\"https:\/\/schema.org\/Organization\" itemscope=\"itemscope\" >\n\t\t\t\t\t\t<span itemprop='name'>Patrick Blaser<\/span>\n\t\t\t\t\t\t<span itemprop='logo' itemscope itemtype='https:\/\/schema.org\/ImageObject'>\n\t\t\t\t\t\t\t<span itemprop='url'>https:\/\/influence.ch\/wp-content\/uploads\/2025\/02\/influence_Logo_FR_weiss-1030x277.png<\/span>\n\t\t\t\t\t\t <\/span>\n\t\t\t\t<\/span><span class='av-structured-data'  itemprop=\"author\" itemscope=\"itemscope\" itemtype=\"https:\/\/schema.org\/Person\" ><span itemprop='name'>Patrick Blaser<\/span><\/span><span class='av-structured-data'  itemprop=\"datePublished\" datetime=\"2026-04-29T16:30:59+02:00\" >2025-01-30 11:14:11<\/span><span class='av-structured-data'  itemprop=\"dateModified\" itemtype=\"https:\/\/schema.org\/dateModified\" >2025-01-30 15:39:06<\/span><span class='av-structured-data'  itemprop=\"mainEntityOfPage\" itemtype=\"https:\/\/schema.org\/mainEntityOfPage\" ><span itemprop='name'>#LongCovid &#8211; Un hashtag comme bou\u00e9e de sauvetage<\/span><\/span><\/span><\/article><\/div><\/div><div class='avia-slideshow-arrows avia-slideshow-controls' ><a href='#prev' class='prev-slide ' aria-hidden='true' data-av_icon='\ue87c' data-av_iconfont='entypo-fontello'  tabindex='-1'>Pr\u00e9c\u00e9dent<\/a><a href='#next' class='next-slide ' aria-hidden='true' data-av_icon='\ue87d' data-av_iconfont='entypo-fontello'  tabindex='-1'>Suivant<\/a><\/div><\/div>\n<\/p>\n","protected":false},"excerpt":{"rendered":"","protected":false},"author":4,"featured_media":7289,"comment_status":"open","ping_status":"open","sticky":false,"template":"","format":"standard","meta":{"footnotes":""},"categories":[50,51],"tags":[58],"class_list":["post-7374","post","type-post","status-publish","format-standard","has-post-thumbnail","hentry","category-lentretien","category-au-coeur-du-pouvoir","tag-landscape"],"yoast_head":"<!-- This site is optimized with the Yoast SEO plugin v27.0 - https:\/\/yoast.com\/product\/yoast-seo-wordpress\/ -->\n<title>\u00ab\u202fC\u2019est toujours un m\u00e9lange de menace et de volont\u00e9 de n\u00e9gocier\u202f\u00bb - influence powered by furrerhugi<\/title>\n<meta name=\"robots\" content=\"index, follow, max-snippet:-1, max-image-preview:large, max-video-preview:-1\" \/>\n<link rel=\"canonical\" href=\"https:\/\/influence.ch\/fr\/2026\/04\/29\/cest-toujours-un-melange-de-menace-et-de-volonte-de-negocier\/\" \/>\n<meta property=\"og:locale\" content=\"fr_FR\" \/>\n<meta property=\"og:type\" content=\"article\" \/>\n<meta property=\"og:title\" content=\"\u00ab\u202fC\u2019est toujours un m\u00e9lange de menace et de volont\u00e9 de n\u00e9gocier\u202f\u00bb - influence powered by furrerhugi\" \/>\n<meta property=\"og:url\" content=\"https:\/\/influence.ch\/fr\/2026\/04\/29\/cest-toujours-un-melange-de-menace-et-de-volonte-de-negocier\/\" \/>\n<meta property=\"og:site_name\" content=\"influence powered by furrerhugi\" \/>\n<meta property=\"article:published_time\" content=\"2026-04-29T14:30:59+00:00\" \/>\n<meta property=\"article:modified_time\" content=\"2026-04-29T14:33:39+00:00\" \/>\n<meta property=\"og:image\" content=\"https:\/\/influence.ch\/wp-content\/uploads\/2026\/02\/Foto-OD-2017-Kopie-1030x687.jpg\" \/>\n<meta name=\"author\" content=\"Eva Novak\" \/>\n<meta name=\"twitter:card\" content=\"summary_large_image\" \/>\n<meta name=\"twitter:image\" content=\"https:\/\/influence.ch\/wp-content\/uploads\/2026\/02\/Foto-OD-2017-Kopie-1030x687.jpg\" \/>\n<meta name=\"twitter:label1\" content=\"\u00c9crit par\" \/>\n\t<meta name=\"twitter:data1\" content=\"Eva Novak\" \/>\n\t<meta name=\"twitter:label2\" content=\"Dur\u00e9e de lecture estim\u00e9e\" \/>\n\t<meta name=\"twitter:data2\" content=\"18 minutes\" \/>\n<script type=\"application\/ld+json\" class=\"yoast-schema-graph\">{\"@context\":\"https:\/\/schema.org\",\"@graph\":[{\"@type\":\"Article\",\"@id\":\"https:\/\/influence.ch\/fr\/2026\/04\/29\/cest-toujours-un-melange-de-menace-et-de-volonte-de-negocier\/#article\",\"isPartOf\":{\"@id\":\"https:\/\/influence.ch\/fr\/2026\/04\/29\/cest-toujours-un-melange-de-menace-et-de-volonte-de-negocier\/\"},\"author\":{\"name\":\"Eva Novak\",\"@id\":\"https:\/\/influence.ch\/#\/schema\/person\/99fd58292bbc4b9334a375c3d2f822a5\"},\"headline\":\"\u00ab\u202fC\u2019est toujours un m\u00e9lange de menace et de volont\u00e9 de n\u00e9gocier\u202f\u00bb\",\"datePublished\":\"2026-04-29T14:30:59+00:00\",\"dateModified\":\"2026-04-29T14:33:39+00:00\",\"mainEntityOfPage\":{\"@id\":\"https:\/\/influence.ch\/fr\/2026\/04\/29\/cest-toujours-un-melange-de-menace-et-de-volonte-de-negocier\/\"},\"wordCount\":4569,\"commentCount\":0,\"image\":{\"@id\":\"https:\/\/influence.ch\/fr\/2026\/04\/29\/cest-toujours-un-melange-de-menace-et-de-volonte-de-negocier\/#primaryimage\"},\"thumbnailUrl\":\"https:\/\/influence.ch\/wp-content\/uploads\/2026\/04\/JFS.png\",\"keywords\":[\"Landscape\"],\"articleSection\":[\"*L'entretien*\",\"Au c\u0153ur du pouvoir\"],\"inLanguage\":\"fr-FR\",\"potentialAction\":[{\"@type\":\"CommentAction\",\"name\":\"Comment\",\"target\":[\"https:\/\/influence.ch\/fr\/2026\/04\/29\/cest-toujours-un-melange-de-menace-et-de-volonte-de-negocier\/#respond\"]}]},{\"@type\":\"WebPage\",\"@id\":\"https:\/\/influence.ch\/fr\/2026\/04\/29\/cest-toujours-un-melange-de-menace-et-de-volonte-de-negocier\/\",\"url\":\"https:\/\/influence.ch\/fr\/2026\/04\/29\/cest-toujours-un-melange-de-menace-et-de-volonte-de-negocier\/\",\"name\":\"\u00ab\u202fC\u2019est toujours un m\u00e9lange de menace et de volont\u00e9 de n\u00e9gocier\u202f\u00bb - influence powered by furrerhugi\",\"isPartOf\":{\"@id\":\"https:\/\/influence.ch\/#website\"},\"primaryImageOfPage\":{\"@id\":\"https:\/\/influence.ch\/fr\/2026\/04\/29\/cest-toujours-un-melange-de-menace-et-de-volonte-de-negocier\/#primaryimage\"},\"image\":{\"@id\":\"https:\/\/influence.ch\/fr\/2026\/04\/29\/cest-toujours-un-melange-de-menace-et-de-volonte-de-negocier\/#primaryimage\"},\"thumbnailUrl\":\"https:\/\/influence.ch\/wp-content\/uploads\/2026\/04\/JFS.png\",\"datePublished\":\"2026-04-29T14:30:59+00:00\",\"dateModified\":\"2026-04-29T14:33:39+00:00\",\"author\":{\"@id\":\"https:\/\/influence.ch\/#\/schema\/person\/99fd58292bbc4b9334a375c3d2f822a5\"},\"breadcrumb\":{\"@id\":\"https:\/\/influence.ch\/fr\/2026\/04\/29\/cest-toujours-un-melange-de-menace-et-de-volonte-de-negocier\/#breadcrumb\"},\"inLanguage\":\"fr-FR\",\"potentialAction\":[{\"@type\":\"ReadAction\",\"target\":[\"https:\/\/influence.ch\/fr\/2026\/04\/29\/cest-toujours-un-melange-de-menace-et-de-volonte-de-negocier\/\"]}]},{\"@type\":\"ImageObject\",\"inLanguage\":\"fr-FR\",\"@id\":\"https:\/\/influence.ch\/fr\/2026\/04\/29\/cest-toujours-un-melange-de-menace-et-de-volonte-de-negocier\/#primaryimage\",\"url\":\"https:\/\/influence.ch\/wp-content\/uploads\/2026\/04\/JFS.png\",\"contentUrl\":\"https:\/\/influence.ch\/wp-content\/uploads\/2026\/04\/JFS.png\",\"width\":1100,\"height\":700},{\"@type\":\"BreadcrumbList\",\"@id\":\"https:\/\/influence.ch\/fr\/2026\/04\/29\/cest-toujours-un-melange-de-menace-et-de-volonte-de-negocier\/#breadcrumb\",\"itemListElement\":[{\"@type\":\"ListItem\",\"position\":1,\"name\":\"Startseite\",\"item\":\"https:\/\/influence.ch\/fr\/influence\/\"},{\"@type\":\"ListItem\",\"position\":2,\"name\":\"\u00ab\u202fC\u2019est toujours un m\u00e9lange de menace et de volont\u00e9 de n\u00e9gocier\u202f\u00bb\"}]},{\"@type\":\"WebSite\",\"@id\":\"https:\/\/influence.ch\/#website\",\"url\":\"https:\/\/influence.ch\/\",\"name\":\"influence powered by furrerhugi\",\"description\":\"Vorsprung durch Wissen\",\"potentialAction\":[{\"@type\":\"SearchAction\",\"target\":{\"@type\":\"EntryPoint\",\"urlTemplate\":\"https:\/\/influence.ch\/?s={search_term_string}\"},\"query-input\":{\"@type\":\"PropertyValueSpecification\",\"valueRequired\":true,\"valueName\":\"search_term_string\"}}],\"inLanguage\":\"fr-FR\"},{\"@type\":\"Person\",\"@id\":\"https:\/\/influence.ch\/#\/schema\/person\/99fd58292bbc4b9334a375c3d2f822a5\",\"name\":\"Eva Novak\",\"image\":{\"@type\":\"ImageObject\",\"inLanguage\":\"fr-FR\",\"@id\":\"https:\/\/influence.ch\/#\/schema\/person\/image\/\",\"url\":\"https:\/\/secure.gravatar.com\/avatar\/60a37909850761ea4a45505c30a639121248c9943cb71f3376d1dcf705d6e080?s=96&d=mm&r=g\",\"contentUrl\":\"https:\/\/secure.gravatar.com\/avatar\/60a37909850761ea4a45505c30a639121248c9943cb71f3376d1dcf705d6e080?s=96&d=mm&r=g\",\"caption\":\"Eva Novak\"},\"url\":\"https:\/\/influence.ch\/fr\/author\/eva-novak\/\"}]}<\/script>\n<!-- \/ Yoast SEO plugin. -->","yoast_head_json":{"title":"\u00ab\u202fC\u2019est toujours un m\u00e9lange de menace et de volont\u00e9 de n\u00e9gocier\u202f\u00bb - influence powered by furrerhugi","robots":{"index":"index","follow":"follow","max-snippet":"max-snippet:-1","max-image-preview":"max-image-preview:large","max-video-preview":"max-video-preview:-1"},"canonical":"https:\/\/influence.ch\/fr\/2026\/04\/29\/cest-toujours-un-melange-de-menace-et-de-volonte-de-negocier\/","og_locale":"fr_FR","og_type":"article","og_title":"\u00ab\u202fC\u2019est toujours un m\u00e9lange de menace et de volont\u00e9 de n\u00e9gocier\u202f\u00bb - influence powered by furrerhugi","og_url":"https:\/\/influence.ch\/fr\/2026\/04\/29\/cest-toujours-un-melange-de-menace-et-de-volonte-de-negocier\/","og_site_name":"influence powered by furrerhugi","article_published_time":"2026-04-29T14:30:59+00:00","article_modified_time":"2026-04-29T14:33:39+00:00","og_image":[{"url":"https:\/\/influence.ch\/wp-content\/uploads\/2026\/02\/Foto-OD-2017-Kopie-1030x687.jpg","type":"","width":"","height":""}],"author":"Eva Novak","twitter_card":"summary_large_image","twitter_image":"https:\/\/influence.ch\/wp-content\/uploads\/2026\/02\/Foto-OD-2017-Kopie-1030x687.jpg","twitter_misc":{"\u00c9crit par":"Eva Novak","Dur\u00e9e de lecture estim\u00e9e":"18 minutes"},"schema":{"@context":"https:\/\/schema.org","@graph":[{"@type":"Article","@id":"https:\/\/influence.ch\/fr\/2026\/04\/29\/cest-toujours-un-melange-de-menace-et-de-volonte-de-negocier\/#article","isPartOf":{"@id":"https:\/\/influence.ch\/fr\/2026\/04\/29\/cest-toujours-un-melange-de-menace-et-de-volonte-de-negocier\/"},"author":{"name":"Eva Novak","@id":"https:\/\/influence.ch\/#\/schema\/person\/99fd58292bbc4b9334a375c3d2f822a5"},"headline":"\u00ab\u202fC\u2019est toujours un m\u00e9lange de menace et de volont\u00e9 de n\u00e9gocier\u202f\u00bb","datePublished":"2026-04-29T14:30:59+00:00","dateModified":"2026-04-29T14:33:39+00:00","mainEntityOfPage":{"@id":"https:\/\/influence.ch\/fr\/2026\/04\/29\/cest-toujours-un-melange-de-menace-et-de-volonte-de-negocier\/"},"wordCount":4569,"commentCount":0,"image":{"@id":"https:\/\/influence.ch\/fr\/2026\/04\/29\/cest-toujours-un-melange-de-menace-et-de-volonte-de-negocier\/#primaryimage"},"thumbnailUrl":"https:\/\/influence.ch\/wp-content\/uploads\/2026\/04\/JFS.png","keywords":["Landscape"],"articleSection":["*L'entretien*","Au c\u0153ur du pouvoir"],"inLanguage":"fr-FR","potentialAction":[{"@type":"CommentAction","name":"Comment","target":["https:\/\/influence.ch\/fr\/2026\/04\/29\/cest-toujours-un-melange-de-menace-et-de-volonte-de-negocier\/#respond"]}]},{"@type":"WebPage","@id":"https:\/\/influence.ch\/fr\/2026\/04\/29\/cest-toujours-un-melange-de-menace-et-de-volonte-de-negocier\/","url":"https:\/\/influence.ch\/fr\/2026\/04\/29\/cest-toujours-un-melange-de-menace-et-de-volonte-de-negocier\/","name":"\u00ab\u202fC\u2019est toujours un m\u00e9lange de menace et de volont\u00e9 de n\u00e9gocier\u202f\u00bb - influence powered by furrerhugi","isPartOf":{"@id":"https:\/\/influence.ch\/#website"},"primaryImageOfPage":{"@id":"https:\/\/influence.ch\/fr\/2026\/04\/29\/cest-toujours-un-melange-de-menace-et-de-volonte-de-negocier\/#primaryimage"},"image":{"@id":"https:\/\/influence.ch\/fr\/2026\/04\/29\/cest-toujours-un-melange-de-menace-et-de-volonte-de-negocier\/#primaryimage"},"thumbnailUrl":"https:\/\/influence.ch\/wp-content\/uploads\/2026\/04\/JFS.png","datePublished":"2026-04-29T14:30:59+00:00","dateModified":"2026-04-29T14:33:39+00:00","author":{"@id":"https:\/\/influence.ch\/#\/schema\/person\/99fd58292bbc4b9334a375c3d2f822a5"},"breadcrumb":{"@id":"https:\/\/influence.ch\/fr\/2026\/04\/29\/cest-toujours-un-melange-de-menace-et-de-volonte-de-negocier\/#breadcrumb"},"inLanguage":"fr-FR","potentialAction":[{"@type":"ReadAction","target":["https:\/\/influence.ch\/fr\/2026\/04\/29\/cest-toujours-un-melange-de-menace-et-de-volonte-de-negocier\/"]}]},{"@type":"ImageObject","inLanguage":"fr-FR","@id":"https:\/\/influence.ch\/fr\/2026\/04\/29\/cest-toujours-un-melange-de-menace-et-de-volonte-de-negocier\/#primaryimage","url":"https:\/\/influence.ch\/wp-content\/uploads\/2026\/04\/JFS.png","contentUrl":"https:\/\/influence.ch\/wp-content\/uploads\/2026\/04\/JFS.png","width":1100,"height":700},{"@type":"BreadcrumbList","@id":"https:\/\/influence.ch\/fr\/2026\/04\/29\/cest-toujours-un-melange-de-menace-et-de-volonte-de-negocier\/#breadcrumb","itemListElement":[{"@type":"ListItem","position":1,"name":"Startseite","item":"https:\/\/influence.ch\/fr\/influence\/"},{"@type":"ListItem","position":2,"name":"\u00ab\u202fC\u2019est toujours un m\u00e9lange de menace et de volont\u00e9 de n\u00e9gocier\u202f\u00bb"}]},{"@type":"WebSite","@id":"https:\/\/influence.ch\/#website","url":"https:\/\/influence.ch\/","name":"influence powered by furrerhugi","description":"Vorsprung durch Wissen","potentialAction":[{"@type":"SearchAction","target":{"@type":"EntryPoint","urlTemplate":"https:\/\/influence.ch\/?s={search_term_string}"},"query-input":{"@type":"PropertyValueSpecification","valueRequired":true,"valueName":"search_term_string"}}],"inLanguage":"fr-FR"},{"@type":"Person","@id":"https:\/\/influence.ch\/#\/schema\/person\/99fd58292bbc4b9334a375c3d2f822a5","name":"Eva Novak","image":{"@type":"ImageObject","inLanguage":"fr-FR","@id":"https:\/\/influence.ch\/#\/schema\/person\/image\/","url":"https:\/\/secure.gravatar.com\/avatar\/60a37909850761ea4a45505c30a639121248c9943cb71f3376d1dcf705d6e080?s=96&d=mm&r=g","contentUrl":"https:\/\/secure.gravatar.com\/avatar\/60a37909850761ea4a45505c30a639121248c9943cb71f3376d1dcf705d6e080?s=96&d=mm&r=g","caption":"Eva Novak"},"url":"https:\/\/influence.ch\/fr\/author\/eva-novak\/"}]}},"_links":{"self":[{"href":"https:\/\/influence.ch\/fr\/wp-json\/wp\/v2\/posts\/7374","targetHints":{"allow":["GET"]}}],"collection":[{"href":"https:\/\/influence.ch\/fr\/wp-json\/wp\/v2\/posts"}],"about":[{"href":"https:\/\/influence.ch\/fr\/wp-json\/wp\/v2\/types\/post"}],"author":[{"embeddable":true,"href":"https:\/\/influence.ch\/fr\/wp-json\/wp\/v2\/users\/4"}],"replies":[{"embeddable":true,"href":"https:\/\/influence.ch\/fr\/wp-json\/wp\/v2\/comments?post=7374"}],"version-history":[{"count":6,"href":"https:\/\/influence.ch\/fr\/wp-json\/wp\/v2\/posts\/7374\/revisions"}],"predecessor-version":[{"id":7399,"href":"https:\/\/influence.ch\/fr\/wp-json\/wp\/v2\/posts\/7374\/revisions\/7399"}],"wp:featuredmedia":[{"embeddable":true,"href":"https:\/\/influence.ch\/fr\/wp-json\/wp\/v2\/media\/7289"}],"wp:attachment":[{"href":"https:\/\/influence.ch\/fr\/wp-json\/wp\/v2\/media?parent=7374"}],"wp:term":[{"taxonomy":"category","embeddable":true,"href":"https:\/\/influence.ch\/fr\/wp-json\/wp\/v2\/categories?post=7374"},{"taxonomy":"post_tag","embeddable":true,"href":"https:\/\/influence.ch\/fr\/wp-json\/wp\/v2\/tags?post=7374"}],"curies":[{"name":"wp","href":"https:\/\/api.w.org\/{rel}","templated":true}]}}