{"id":7323,"date":"2026-04-29T16:25:37","date_gmt":"2026-04-29T14:25:37","guid":{"rendered":"https:\/\/influence.ch\/?p=7323"},"modified":"2026-04-29T16:29:06","modified_gmt":"2026-04-29T14:29:06","slug":"participer-au-debat-cest-participer-aux-decisions","status":"publish","type":"post","link":"https:\/\/influence.ch\/fr\/2026\/04\/29\/participer-au-debat-cest-participer-aux-decisions\/","title":{"rendered":"Participer au d\u00e9bat, c&rsquo;est participer aux d\u00e9cisions"},"content":{"rendered":"\n<style type=\"text\/css\" data-created_by=\"avia_inline_auto\" id=\"style-css-av-37s3-dc5ab0bdae0e6b1e5284627a5833266b\">\n.avia-section.av-37s3-dc5ab0bdae0e6b1e5284627a5833266b{\nmargin-top:20px;\nmargin-bottom:20px;\n}\n<\/style>\n<div id='av_section_1'  class='avia-section av-37s3-dc5ab0bdae0e6b1e5284627a5833266b main_color avia-section-default avia-no-border-styling  avia-builder-el-0  el_before_av_section  avia-builder-el-first  head_komm avia-bg-style-scroll container_wrap fullsize'  ><div class='container av-section-cont-open' ><main  role=\"main\" itemprop=\"mainContentOfPage\"  class='template-page content  av-content-full alpha units'><div class='post-entry post-entry-type-page post-entry-7323'><div class='entry-content-wrapper clearfix'>\n\n<style type=\"text\/css\" data-created_by=\"avia_inline_auto\" id=\"style-css-av-ll3dnv6h-4148c811db292f0b98b5ef1a1b585ab3\">\n#top .hr.hr-invisible.av-ll3dnv6h-4148c811db292f0b98b5ef1a1b585ab3{\nheight:40px;\n}\n<\/style>\n<div  class='hr av-ll3dnv6h-4148c811db292f0b98b5ef1a1b585ab3 hr-invisible  avia-builder-el-1  el_before_av_post_metadata  avia-builder-el-first '><span class='hr-inner '><span class=\"hr-inner-style\"><\/span><\/span><\/div>\n\n<style type=\"text\/css\" data-created_by=\"avia_inline_auto\" id=\"style-css-av-ll2bygrq-a1a13b3da260d9c9d49905a783ae5cc5\">\n#top .av-post-metadata-container.av-ll2bygrq-a1a13b3da260d9c9d49905a783ae5cc5{\ncolor:#ffffff;\nfont-size:22px;\n}\n#top .av-post-metadata-container.av-ll2bygrq-a1a13b3da260d9c9d49905a783ae5cc5 .av-post-metadata-container-inner{\nfont-size:22px;\n}\n<\/style>\n<div  id=\"author\"  class='av-post-metadata-container av-ll2bygrq-a1a13b3da260d9c9d49905a783ae5cc5 av-metadata-container-align-left  avia-builder-el-2  el_after_av_hr  el_before_av_one_full  av-desktop-hide av-medium-hide av-small-hide av-mini-hide av-metadata-container-1'><div class='av-post-metadata-container-inner'><span class=\"av-post-metadata-content av-post-metadata-meta-content\"><span class=\"av-post-metadata-content av-post-metadata-category\"><span class=\"av-post-metadata-category-link\" ><a href=\"https:\/\/influence.ch\/fr\/category\/politique\/\" >Politique<\/a><\/span><\/span><\/span><\/div><\/div>\n<div class='flex_column av-580n-a0c99beb2a1882896586deb18bcf5405 av_one_full  avia-builder-el-3  el_after_av_post_metadata  el_before_av_post_metadata  first flex_column_div '     ><style type=\"text\/css\" data-created_by=\"avia_inline_auto\" id=\"style-css-av-lajol5k3-bcabd5439ce39e62158db334b9b99d68\">\n#top .av_textblock_section.av-lajol5k3-bcabd5439ce39e62158db334b9b99d68 .avia_textblock{\ncolor:#ffffff;\n}\n<\/style>\n<section  class='av_textblock_section av-lajol5k3-bcabd5439ce39e62158db334b9b99d68'  itemscope=\"itemscope\" itemtype=\"https:\/\/schema.org\/BlogPosting\" itemprop=\"blogPost\" ><div class='avia_textblock av_inherit_color'  itemprop=\"text\" ><h1 style=\"text-align: center;\"><\/h1>\n<h1 style=\"text-align: center;\">Participer au d\u00e9bat, c&rsquo;est participer aux d\u00e9cisions.<\/h1>\n<p style=\"text-align: center;\">La r\u00e9gulation europ\u00e9enne des plateformes et le vide r\u00e9glementaire suisse<\/p>\n<\/div><\/section><\/div>\n<style type=\"text\/css\" data-created_by=\"avia_inline_auto\" id=\"style-css-av-kqp-d3340c463e9779d9fb5e4297bb48a84f\">\n#top .av-post-metadata-container.av-kqp-d3340c463e9779d9fb5e4297bb48a84f{\ncolor:#ffffff;\n}\n<\/style>\n<div  id=\"author\"  class='av-post-metadata-container av-kqp-d3340c463e9779d9fb5e4297bb48a84f av-metadata-container-align-left  avia-builder-el-5  el_after_av_one_full  el_before_av_hr  av-desktop-hide av-medium-hide av-small-hide av-mini-hide av-metadata-container-2'><div class='av-post-metadata-container-inner'><span class=\"av-post-metadata-content av-post-metadata-meta-content\"><span class=\"av-post-metadata-content av-post-metadata-author\"  itemprop=\"author\" ><span class=\"av-post-metadata-author-link\" ><a href=\"https:\/\/influence.ch\/fr\/author\/matthias-halbeis\/\"  rel=\"author\">Matthias Halbeis<\/a><\/span><\/span><\/span><\/div><\/div>\n\n<style type=\"text\/css\" data-created_by=\"avia_inline_auto\" id=\"style-css-av-3rkb-5af53ac747b34df56e11174e8e22e573\">\n#top .hr.hr-invisible.av-3rkb-5af53ac747b34df56e11174e8e22e573{\nheight:40px;\n}\n<\/style>\n<div  class='hr av-3rkb-5af53ac747b34df56e11174e8e22e573 hr-invisible  avia-builder-el-6  el_after_av_post_metadata  avia-builder-el-last '><span class='hr-inner '><span class=\"hr-inner-style\"><\/span><\/span><\/div>\n<\/div><\/div><\/main><!-- close content main element --><\/div><\/div><div id='av_section_2'  class='avia-section av-4nqx-1f9ea2e9ed6a23cc856f96335c63c817 main_color avia-section-default avia-no-border-styling  avia-builder-el-7  el_after_av_section  el_before_av_one_full  post-inhalt avia-bg-style-scroll container_wrap fullsize'  ><div class='container av-section-cont-open' ><div class='template-page content  av-content-full alpha units'><div class='post-entry post-entry-type-page post-entry-7323'><div class='entry-content-wrapper clearfix'>\n\n<style type=\"text\/css\" data-created_by=\"avia_inline_auto\" id=\"style-css-av-ll2diep3-4379f21ceadb0c1eabec389020991252\">\n#top .av-post-metadata-container.av-ll2diep3-4379f21ceadb0c1eabec389020991252{\ncolor:#000000;\nfont-size:16px;\n}\n#top .av-post-metadata-container.av-ll2diep3-4379f21ceadb0c1eabec389020991252 .av-post-metadata-container-inner{\nfont-size:16px;\n}\n<\/style>\n<div  id=\"author\"  class='av-post-metadata-container av-ll2diep3-4379f21ceadb0c1eabec389020991252 av-metadata-container-align-left  avia-builder-el-8  el_before_av_hr  avia-builder-el-first  av-metadata-container-3'><div class='av-post-metadata-container-inner'><span class=\"av-post-metadata-content av-post-metadata-meta-content\"><span class=\"av-post-metadata-content av-post-metadata-published\"><span class=\"av-post-metadata-published-date\" >29 avril 2026<\/span><span class=\"av-metadata-after av-metadata-after-published\">|<\/span><\/span><span class=\"av-post-metadata-content av-post-metadata-separator\"><\/span><span class=\"av-post-metadata-content av-post-metadata-author\"  itemprop=\"author\" ><span class=\"av-post-metadata-author-link\" ><a href=\"https:\/\/influence.ch\/fr\/author\/matthias-halbeis\/\"  rel=\"author\">Matthias Halbeis<\/a><\/span><span class=\"av-metadata-after av-metadata-after-author\">|<\/span><\/span><span class=\"av-post-metadata-content av-post-metadata-separator\"><\/span><span class=\"av-post-metadata-content av-post-metadata-category\"><span class=\"av-post-metadata-category-link\" ><a href=\"https:\/\/influence.ch\/fr\/category\/politique\/\" >Politique<\/a><\/span><\/span><\/span><\/div><\/div>\n\n<style type=\"text\/css\" data-created_by=\"avia_inline_auto\" id=\"style-css-av-ll2cb0de-1618aeaa710f9714e67c07fd3b765e06\">\n#top .hr.hr-invisible.av-ll2cb0de-1618aeaa710f9714e67c07fd3b765e06{\nheight:10px;\n}\n<\/style>\n<div  class='hr av-ll2cb0de-1618aeaa710f9714e67c07fd3b765e06 hr-invisible  avia-builder-el-9  el_after_av_post_metadata  el_before_av_image '><span class='hr-inner '><span class=\"hr-inner-style\"><\/span><\/span><\/div>\n\n<style type=\"text\/css\" data-created_by=\"avia_inline_auto\" id=\"style-css-av-lqf7se0u-6b6c0bd7781a8ab69fbb943370452b34\">\n.avia-image-container.av-lqf7se0u-6b6c0bd7781a8ab69fbb943370452b34 img.avia_image{\nbox-shadow:none;\n}\n.avia-image-container.av-lqf7se0u-6b6c0bd7781a8ab69fbb943370452b34 .av-image-caption-overlay-center{\ncolor:#ffffff;\n}\n<\/style>\n<div  class='avia-image-container av-lqf7se0u-6b6c0bd7781a8ab69fbb943370452b34 av-styling- avia-align-center  avia-builder-el-10  el_after_av_hr  el_before_av_textblock '   itemprop=\"image\" itemscope=\"itemscope\" itemtype=\"https:\/\/schema.org\/ImageObject\" ><div class=\"avia-image-container-inner\"><div class=\"avia-image-overlay-wrap\"><img decoding=\"async\" class='wp-image-7347 avia-img-lazy-loading-not-7347 avia_image ' src=\"https:\/\/influence.ch\/wp-content\/uploads\/2026\/04\/shutterstock_2246516421_-1100x630.png\" alt='' title='shutterstock_2246516421_'  height=\"630\" width=\"1100\"  itemprop=\"thumbnailUrl\"  \/><\/div><\/div><\/div>\n<section  class='av_textblock_section av-llaxxvya-c9a1181787d58c49eeb5f9596564e989'  itemscope=\"itemscope\" itemtype=\"https:\/\/schema.org\/BlogPosting\" itemprop=\"blogPost\" ><div class='avia_textblock'  itemprop=\"text\" ><\/div><\/section>\n\n<style type=\"text\/css\" data-created_by=\"avia_inline_auto\" id=\"style-css-av-2q8z-01ad5e0b5f31c74fd38e79a60fc3cd1d\">\n#top .av_textblock_section.av-2q8z-01ad5e0b5f31c74fd38e79a60fc3cd1d .avia_textblock{\nfont-size:22px;\n}\n<\/style>\n<section  class='av_textblock_section av-2q8z-01ad5e0b5f31c74fd38e79a60fc3cd1d'  itemscope=\"itemscope\" itemtype=\"https:\/\/schema.org\/BlogPosting\" itemprop=\"blogPost\" ><div class='avia_textblock'  itemprop=\"text\" ><p>L\u2019espace public de la d\u00e9mocratie suisse est devenu \u00e0 la fois plus silencieux et plus bruyant. Plus silencieux, parce que les d\u00e9bats politiques quittent progressivement les ar\u00e8nes traditionnelles. Plus bruyant, parce qu\u2019ils se d\u00e9placent vers les plateformes num\u00e9riques, o\u00f9 les \u00e9changes sont plus \u00e9motionnels, plus polaris\u00e9s et souvent plus confus.<\/p>\n<p>Votations, mobilisations, indignations : une grande partie de la vie politique se joue d\u00e9sormais en ligne, sur des plateformes dont les r\u00e8gles ne sont pas fix\u00e9es d\u00e9mocratiquement, mais par des entreprises priv\u00e9es. Elles d\u00e9cident ce qui est visible, amplifi\u00e9 ou rel\u00e9gu\u00e9 \u00e0 l\u2019arri\u00e8re-plan. \u00c0 Bruxelles, cette r\u00e9alit\u00e9 a d\u00e9j\u00e0 entra\u00een\u00e9 une r\u00e9ponse politique. \u00c0 Berne, la r\u00e9flexion reste prudente.<\/p>\n<p><strong>L&rsquo;Europe traite les plateformes pour ce qu&rsquo;elles sont<\/strong><br \/>\nAvec le <a href=\"https:\/\/digital-strategy.ec.europa.eu\/en\/policies\/digital-services-act-package\" target=\"_blank\" rel=\"noopener\">Digital Services Act (DSA),<\/a> l\u2019Union europ\u00e9enne a choisi pour la premi\u00e8re fois de r\u00e9guler non pas les contenus eux-m\u00eames, mais l\u2019architecture de l\u2019espace public num\u00e9rique. L\u2019objectif est clair : obliger les grandes plateformes \u00e0 \u00e9valuer les risques de leurs activit\u00e9s, renforcer la transparence et assumer leur responsabilit\u00e9. Le texte europ\u00e9en le r\u00e9sume ainsi :<\/p>\n<p>\u00ab\u00a0Le Digital Services Act vise \u00e0 cr\u00e9er un espace num\u00e9rique plus s\u00fbr o\u00f9 les droits fondamentaux des utilisateurs sont prot\u00e9g\u00e9s\u00a0\u00bb. (Union europ\u00e9enne, Digital Services Act)<\/p>\n<p>Derri\u00e8re cette formulation technique, un changement majeur : les plateformes ne sont plus consid\u00e9r\u00e9es comme de simples interm\u00e9diaires, mais comme des infrastructures centrales du d\u00e9bat d\u00e9mocratique.<\/p>\n<p><strong>La d\u00e9sinformation n&rsquo;est plus un probl\u00e8me marginal<\/strong><br \/>\nL&rsquo;un des principaux moteurs de cette r\u00e9glementation est la recherche sur la th\u00e9matique de la d\u00e9sinformation. L\u2019Observatoire europ\u00e9en des m\u00e9dias num\u00e9riques (EDMO), un r\u00e9seau de recherche paneurop\u00e9en, alerte depuis plusieurs ann\u00e9es sur le risque de r\u00e9duire la d\u00e9sinformation \u00e0 un ph\u00e9nom\u00e8ne isol\u00e9.<\/p>\n<p>\u00ab\u00a0La d\u00e9sinformation pr\u00e9sente un risque syst\u00e9mique pour les processus d\u00e9mocratiques, en particulier pendant les \u00e9lections\u00a0\u00bb.<a href=\"https:\/\/edmo.eu\/research\/\" target=\"_blank\" rel=\"noopener\">(Observatoire europ\u00e9en des m\u00e9dias num\u00e9riques<\/a>)<\/p>\n<p data-start=\"1945\" data-end=\"2184\">Le probl\u00e8me n\u2019est plus seulement celui des fausses informations isol\u00e9es, mais leur amplification par les algorithmes. Sur les r\u00e9seaux sociaux, la visibilit\u00e9 fait le pouvoir \u2014 et ce pouvoir est concentr\u00e9 entre les mains de quelques acteurs. Pour les syst\u00e8mes politiques qui d\u00e9pendent fortement de la formation de l&rsquo;opinion publique, il s&rsquo;agit d&rsquo;un risque structurel.<\/p>\n<p><strong>Une Suisse particuli\u00e8rement expos\u00e9e<\/strong><\/p>\n<p>La Suisse, avec son syst\u00e8me de d\u00e9mocratie directe, est particuli\u00e8rement d\u00e9pendante d\u2019un espace public bien inform\u00e9. Les citoyens y votent fr\u00e9quemment et doivent pouvoir comparer, analyser et se forger une opinion de mani\u00e8re continue.<\/p>\n<p>C\u2019est pr\u00e9cis\u00e9ment ce qui la rend vuln\u00e9rable aux effets des plateformes num\u00e9riques. Lorsque les contenus les plus \u00e9motionnels sont favoris\u00e9s, que l\u2019indignation est amplifi\u00e9e et que la correction circule moins bien, ce n\u2019est pas seulement le d\u00e9bat qui se transforme \u2014 c\u2019est la qualit\u00e9 m\u00eame des d\u00e9cisions d\u00e9mocratiques.<\/p>\n<p>Le probl\u00e8me n\u2019est pas que les citoyens soient mal inform\u00e9s. C\u2019est que les r\u00e8gles de diffusion de l\u2019information ne sont pas neutres.<\/p>\n<p><strong>Le DSA, une influence sans application directe<\/strong><\/p>\n<p>Le Digital Services Act ne s\u2019applique pas \u00e0 la Suisse. Mais dans les faits, son influence d\u00e9passe largement les fronti\u00e8res de l\u2019Union europ\u00e9enne. Les grandes plateformes adaptent d\u00e9j\u00e0 une partie de leurs pratiques \u00e0 ces nouvelles r\u00e8gles : transparence accrue, encadrement de la publicit\u00e9 politique, \u00e9valuation des risques syst\u00e9miques. La Commission europ\u00e9enne r\u00e9sume ainsi son ambition :<\/p>\n<p>\u00ab\u00a0La DSA \u00e9tablit des obligations pour les plateformes en ligne d&rsquo;\u00e9valuer et d&rsquo;att\u00e9nuer les risques syst\u00e9miques pour la soci\u00e9t\u00e9\u00a0\u00bb. (Commission europ\u00e9enne, DSA Enforcement)<\/p>\n<p>La Suisse est concern\u00e9e ou en profite sans d\u00e9finir elle-m\u00eame de r\u00e8gles. Une \u00e9volution similaire \u00e0 celle d\u00e9j\u00e0 observ\u00e9e dans le cadre du GDPR, le r\u00e8glement g\u00e9n\u00e9ral sur la protection des donn\u00e9es de l&rsquo;UE.<\/p>\n<p><strong>La r\u00e9ticence de la Suisse &#8211; et son co\u00fbt<\/strong><\/p>\n<p data-start=\"169\" data-end=\"468\">Le Conseil f\u00e9d\u00e9ral a depuis longtemps identifi\u00e9 le probl\u00e8me de l\u2019influence des plateformes num\u00e9riques sur les processus politiques. Plusieurs rapports soulignent leur r\u00f4le croissant dans la formation de l\u2019opinion publique et les nouveaux d\u00e9fis qui en d\u00e9coulent pour la d\u00e9mocratie et l\u2019\u00c9tat de droit.<\/p>\n<p data-start=\"470\" data-end=\"854\">Dans ce contexte, le conseiller f\u00e9d\u00e9ral Martin Pfister a r\u00e9cemment replac\u00e9 les m\u00e9dias dans une perspective de s\u00e9curit\u00e9 profond\u00e9ment renouvel\u00e9e, lors d\u2019une intervention en janvier devant l\u2019association des \u00e9diteurs. Dans un environnement international instable et difficilement pr\u00e9visible, les menaces militaires classiques sont d\u00e9sormais compl\u00e9t\u00e9es par des formes de conflits hybrides. L\u2019espace informationnel est devenu un champ strat\u00e9gique \u00e0 part enti\u00e8re. Cyberattaques, op\u00e9rations d\u2019influence cibl\u00e9es et campagnes de d\u00e9sinformation cherchent \u00e0 fragiliser la confiance dans les institutions, \u00e0 polariser les soci\u00e9t\u00e9s et \u00e0 affaiblir les processus d\u00e9mocratiques \u2014 y compris en Suisse.<\/p>\n<p data-start=\"470\" data-end=\"854\">\u00ab Celui qui d\u00e9stabilise l\u2019espace informationnel d\u2019un pays affaiblit sa s\u00e9curit\u00e9 \u00bb, a r\u00e9sum\u00e9 Martin Pfister, en soulignant \u00e9galement l\u2019effet d\u2019acc\u00e9l\u00e9ration des nouvelles technologies.<\/p>\n<p data-start=\"1340\" data-end=\"1584\">Pourtant, la r\u00e9ponse politique suisse reste mesur\u00e9e. Les autorit\u00e9s misent sur l\u2019autor\u00e9gulation, l\u2019\u00e9ducation aux m\u00e9dias et l\u2019observation. Une approche compr\u00e9hensible \u2014 mais non sans risques. Car la r\u00e9gulation, elle, progresse, mais ailleurs. Les r\u00e8gles du jeu se d\u00e9cident hors des fronti\u00e8res.<\/p>\n<p>Autrement dit, la Suisse d\u00e9l\u00e8gue une partie de son infrastructure d\u00e9mocratique \u00e0 des r\u00e9gulateurs \u00e9trangers et \u00e0 des entreprises priv\u00e9es.<\/p>\n<p><strong>Les r\u00e8gles des plateformes rel\u00e8vent de la politique de la communication<\/strong><\/p>\n<p>Le point peut-\u00eatre le plus important du DSA n\u2019est pas un article en particulier, mais un changement de perspective. Les r\u00e8gles encadrant les plateformes sont appr\u00e9hend\u00e9es pour ce qu\u2019elles sont en r\u00e9alit\u00e9 : de la politique de la communication.<\/p>\n<p>C\u2019est pourquoi le DSA pr\u00e9voit notamment :<\/p>\n<ul>\n<li>une transparence accrue sur les syst\u00e8mes de recommandation et de classement<\/li>\n<li>des analyses syst\u00e9matiques des risques pesant sur les \u00e9lections et les d\u00e9bats publics<\/li>\n<li>des canaux de signalement privil\u00e9gi\u00e9s pour des entit\u00e9s qualifi\u00e9es (\u00ab trusted flaggers \u00bb)<\/li>\n<\/ul>\n<p>Non pas pour orienter les opinions, mais pour rendre le pouvoir exerc\u00e9 visible.<\/p>\n<p><strong>Une question ouverte pour la Suisse<\/strong><\/p>\n<div>\n<p>En r\u00e9alit\u00e9, il ne s\u2019agit pas d\u2019une question de droit technique, mais d\u2019un enjeu politique fondamental\u202f: qui fixe les r\u00e8gles du d\u00e9bat public\u202f?<br \/>\nL\u2019Union europ\u00e9enne a apport\u00e9 une r\u00e9ponse \u00e0 cette question. La Suisse, elle, reste encore en retrait. Or, \u00e0 mesure que les plateformes num\u00e9riques deviennent une v\u00e9ritable ar\u00e8ne de la d\u00e9mocratie directe, cette question ne pourra plus \u00eatre ignor\u00e9e. Le DSA n\u2019est pas une loi parfaite. Mais il envoie un signal clair\u202f: les soci\u00e9t\u00e9s d\u00e9mocratiques ne peuvent pas se d\u00e9sint\u00e9resser de l\u2019organisation de leur espace public. La Suisse devra, bon gr\u00e9 mal gr\u00e9, formuler sa propre r\u00e9ponse.<\/p>\n<\/div>\n<\/div><\/section>\n<\/div><\/div><\/div><!-- close content main div --><\/div><\/div><div id='after_section_2'  class='main_color av_default_container_wrap container_wrap fullsize'  ><div class='container av-section-cont-open' ><div class='template-page content  av-content-full alpha units'><div class='post-entry post-entry-type-page post-entry-7323'><div class='entry-content-wrapper clearfix'>\n<style type=\"text\/css\" data-created_by=\"avia_inline_auto\" id=\"style-css-av-23fjxfy-6e44982bf01f08fb6346283606b71849\">\n#top .flex_column.av-23fjxfy-6e44982bf01f08fb6346283606b71849{\nmargin-top:-115px;\nmargin-bottom:50px;\n}\n.responsive #top #wrap_all .flex_column.av-23fjxfy-6e44982bf01f08fb6346283606b71849{\nmargin-top:-115px;\nmargin-bottom:50px;\n}\n<\/style>\n<div class='flex_column av-23fjxfy-6e44982bf01f08fb6346283606b71849 av_one_full  avia-builder-el-13  el_after_av_section  el_before_av_section  avia-builder-el-no-sibling  first flex_column_div '     ><p><section  class='av_textblock_section av-mojt3o3z-e28579567918a3b31396d79ca92cf09a'  itemscope=\"itemscope\" itemtype=\"https:\/\/schema.org\/BlogPosting\" itemprop=\"blogPost\" ><div class='avia_textblock'  itemprop=\"text\" ><p>Suisse vs. UE &#8211; Comparaison de la r\u00e9gulation des plateformes et de la publicit\u00e9 d\u00e9mocratique<\/p>\n<\/div><\/section><br \/>\n<div class='avia-data-table-wrap av-23j7yj2-d723c8f35f591724e52ec280ffc48f18 avia_responsive_table avia-table-1'><table  class='avia-table avia-data-table avia_pricing_default  avia-builder-el-15  el_after_av_textblock  avia-builder-el-last '  itemscope=\"itemscope\" itemtype=\"https:\/\/schema.org\/Table\" ><tbody><tr class='avia-heading-row'><th class='avia-desc-col'><\/th><th class=''>Suisse (statu quo)<\/th><th class=''>Union europ\u00e9enne (DSA)<\/th><\/tr><tr class=''><th class='avia-desc-col'>Compr\u00e9hension de base<\/th><td class=''>Plateformes principalement en tant qu&rsquo;acteurs priv\u00e9s, accent sur l&rsquo;\u00e9ducation aux m\u00e9dias<\/td><td class=''>Les plateformes en tant qu&rsquo;infrastructure d\u00e9mocratique avec une responsabilit\u00e9 syst\u00e9mique<\/td><\/tr><tr class=''><th class='avia-desc-col'>Cadre juridique<\/th><td class=''>Digital Services Act (DSA) pleinement applicable depuis f\u00e9v. 2024<\/td><td class=''>Pas de loi autonome sur les plateformes<\/td><\/tr><tr class=''><th class='avia-desc-col'>R\u00e9f\u00e9rence \u00e0 la d\u00e9mocratie<\/th><td class=''>Explicite : risques pour les \u00e9lections, le d\u00e9bat public, les droits fondamentaux<\/td><td class=''>Implicite : la d\u00e9mocratie comme contexte, pas comme objectif de r\u00e9gulation<\/td><\/tr><tr class=''><th class='avia-desc-col'>D\u00e9sinformation<\/th><td class=''>D\u00e9fini comme un risque syst\u00e9mique<\/td><td class=''>Reconnu comme un probl\u00e8me, mais sans obligations contraignantes<\/td><\/tr><tr class=''><th class='avia-desc-col'>Obligations pour les plateformes<\/th><td class=''>\u00c9valuations des risques, rapports de transparence, mesures correctives<\/td><td class=''>Mesures volontaires \/ autor\u00e9gulation<\/td><\/tr><tr class=''><th class='avia-desc-col'>Algorithmes &amp; port\u00e9e<\/th><td class=''>Obligations de transparence pour les syst\u00e8mes de recommandation<\/td><td class=''>Aucune obligation de divulgation<\/td><\/tr><tr class=''><th class='avia-desc-col'>Publicit\u00e9 politique<\/th><td class=''>R\u00e8gles de transparence et de limitation suppl\u00e9mentaires<\/td><td class=''>Peu de r\u00e9glementation sp\u00e9cifique<\/td><\/tr><tr class=''><th class='avia-desc-col'>Application<\/th><td class=''>Commission europ\u00e9enne avec pouvoir de sanction (jusqu&rsquo;\u00e0 6% du chiffre d&rsquo;affaires)<\/td><td class=''>Pas de supervision sp\u00e9cialis\u00e9e<\/td><\/tr><tr class=''><th class='avia-desc-col'>Recherche et supervision<\/th><td class=''>Acc\u00e8s aux donn\u00e9es pr\u00e9vu pour les chercheurs<\/td><td class=''>Pas d&rsquo;acc\u00e8s syst\u00e9matique aux donn\u00e9es<\/td><\/tr><tr class=''><th class='avia-desc-col'>Effet de fait<\/th><td class=''>Effet \u00e0 l&rsquo;\u00e9chelle de l&rsquo;UE, souvent aussi en dehors de l&rsquo;UE<\/td><td class=''>Adopte indirectement les normes europ\u00e9ennes sans avoir son mot \u00e0 dire<\/td><\/tr><\/tbody><\/table><\/div><style type='text\/css'>.avia-table-1 td:nth-of-type(0):before { content: ''; } .avia-table-1 td:nth-of-type(1):before { content: 'Suisse (statu quo)'; } .avia-table-1 td:nth-of-type(2):before { content: 'Union europ\u00e9enne (DSA)'; } <\/style><\/p><\/div><\/div><\/div><\/div><!-- close content main div --><\/div><\/div>\n<style type=\"text\/css\" data-created_by=\"avia_inline_auto\" id=\"style-css-av-fbiot-f1ec76308f4d06aba266faf19bdf7526\">\n.avia-section.av-fbiot-f1ec76308f4d06aba266faf19bdf7526{\nbackground-color:#ededed;\nbackground-image:unset;\n}\n<\/style>\n<div id='av_section_3'  class='avia-section av-fbiot-f1ec76308f4d06aba266faf19bdf7526 main_color avia-section-default avia-no-border-styling  avia-builder-el-16  el_after_av_one_full  avia-builder-el-last  post_slider avia-bg-style-scroll container_wrap fullsize'  ><div class='container av-section-cont-open' ><div class='template-page content  av-content-full alpha units'><div class='post-entry post-entry-type-page post-entry-7323'><div class='entry-content-wrapper clearfix'>\n<div  data-slideshow-options=\"{&quot;animation&quot;:&quot;fade&quot;,&quot;autoplay&quot;:false,&quot;loop_autoplay&quot;:&quot;once&quot;,&quot;interval&quot;:&quot;5&quot;,&quot;loop_manual&quot;:&quot;manual-endless&quot;,&quot;autoplay_stopper&quot;:false,&quot;noNavigation&quot;:false,&quot;show_slide_delay&quot;:90}\" class='avia-content-slider avia-content-slider-active avia-content-slider1 avia-content-slider-odd  avia-builder-el-17  avia-builder-el-no-sibling  av-slideshow-ui av-control-default   av-no-slider-navigation av-slideshow-manual av-loop-once av-loop-manual-endless '  itemscope=\"itemscope\" itemtype=\"https:\/\/schema.org\/Blog\" ><div class=\"avia-content-slider-inner\"><div class=\"slide-entry-wrap\"><article class='slide-entry flex_column  post-entry post-entry-6245 slide-entry-overview slide-loop-1 slide-parity-odd  av_one_third first real-thumbnail post-format-standard'  itemscope=\"itemscope\" itemtype=\"https:\/\/schema.org\/BlogPosting\" itemprop=\"blogPost\" ><a href='https:\/\/influence.ch\/fr\/2025\/10\/30\/le-pouvoir-des-relations\/' data-rel='slide-1' class='slide-image' title='Le pouvoir des relations'><img decoding=\"async\" width=\"495\" height=\"400\" src=\"https:\/\/influence.ch\/wp-content\/uploads\/2022\/12\/influence_Verlaeufe_V01_5-495x400.png\" class=\"wp-image-517 avia-img-lazy-loading-not-517 attachment-portfolio size-portfolio wp-post-image\" alt=\"\" srcset=\"https:\/\/influence.ch\/wp-content\/uploads\/2022\/12\/influence_Verlaeufe_V01_5-495x400.png 495w, https:\/\/influence.ch\/wp-content\/uploads\/2022\/12\/influence_Verlaeufe_V01_5-845x684.png 845w\" sizes=\"(max-width: 495px) 100vw, 495px\" \/><\/a><div class=\"slide-content\"><header class=\"entry-content-header\"><h3 class='slide-entry-title entry-title '  itemprop=\"headline\" ><a href='https:\/\/influence.ch\/fr\/2025\/10\/30\/le-pouvoir-des-relations\/' title='Le pouvoir des relations'>Le pouvoir des relations<\/a><\/h3><span class=\"av-vertical-delimiter\"><\/span><\/header><div class=\"slide-meta\"><div class=\"slide-meta-comments\"><a href='https:\/\/influence.ch\/fr\/2025\/10\/30\/le-pouvoir-des-relations\/#respond'>0 Commentaires<\/a><\/div><div class=\"slide-meta-del\">\/<\/div><time class='slide-meta-time updated'  itemprop=\"datePublished\" datetime=\"2025-10-30T10:00:32+01:00\" >30 octobre 2025<\/time><\/div><div class='slide-entry-excerpt entry-content'  itemprop=\"text\" >pourquoi le leadership ne se limite pas \u00e0 la hi\u00e9rarchie<\/div><\/div><footer class=\"entry-footer\"><\/footer><span class='hidden'>\n\t\t\t\t<span class='av-structured-data'  itemprop=\"image\" itemscope=\"itemscope\" itemtype=\"https:\/\/schema.org\/ImageObject\" >\n\t\t\t\t\t\t<span itemprop='url'>https:\/\/influence.ch\/wp-content\/uploads\/2022\/12\/influence_Verlaeufe_V01_5.png<\/span>\n\t\t\t\t\t\t<span itemprop='height'>2169<\/span>\n\t\t\t\t\t\t<span itemprop='width'>2442<\/span>\n\t\t\t\t<\/span>\n\t\t\t\t<span class='av-structured-data'  itemprop=\"publisher\" itemtype=\"https:\/\/schema.org\/Organization\" itemscope=\"itemscope\" >\n\t\t\t\t\t\t<span itemprop='name'>Matthias Halbeis<\/span>\n\t\t\t\t\t\t<span itemprop='logo' itemscope itemtype='https:\/\/schema.org\/ImageObject'>\n\t\t\t\t\t\t\t<span itemprop='url'>https:\/\/influence.ch\/wp-content\/uploads\/2025\/02\/influence_Logo_FR_weiss-1030x277.png<\/span>\n\t\t\t\t\t\t <\/span>\n\t\t\t\t<\/span><span class='av-structured-data'  itemprop=\"author\" itemscope=\"itemscope\" itemtype=\"https:\/\/schema.org\/Person\" ><span itemprop='name'>Matthias Halbeis<\/span><\/span><span class='av-structured-data'  itemprop=\"datePublished\" datetime=\"2026-04-29T16:25:37+02:00\" >2025-10-30 10:00:32<\/span><span class='av-structured-data'  itemprop=\"dateModified\" itemtype=\"https:\/\/schema.org\/dateModified\" >2025-10-30 17:05:29<\/span><span class='av-structured-data'  itemprop=\"mainEntityOfPage\" itemtype=\"https:\/\/schema.org\/mainEntityOfPage\" ><span itemprop='name'>Le pouvoir des relations<\/span><\/span><\/span><\/article><article class='slide-entry flex_column  post-entry post-entry-7307 slide-entry-overview slide-loop-2 slide-parity-even  av_one_third  real-thumbnail post-format-standard'  itemscope=\"itemscope\" itemtype=\"https:\/\/schema.org\/BlogPosting\" itemprop=\"blogPost\" ><a href='https:\/\/influence.ch\/fr\/2026\/04\/29\/les-entreprises-suisses-en-mode-crise-permanente\/' data-rel='slide-1' class='slide-image' title='Les entreprises suisses en mode \u00ab crise permanente\u00a0\u00bb'><img decoding=\"async\" width=\"495\" height=\"400\" src=\"https:\/\/influence.ch\/wp-content\/uploads\/2025\/02\/influence_Verlaufe_politik-495x400.png\" class=\"wp-image-4694 avia-img-lazy-loading-not-4694 attachment-portfolio size-portfolio wp-post-image\" alt=\"\" srcset=\"https:\/\/influence.ch\/wp-content\/uploads\/2025\/02\/influence_Verlaufe_politik-495x400.png 495w, https:\/\/influence.ch\/wp-content\/uploads\/2025\/02\/influence_Verlaufe_politik-845x684.png 845w\" sizes=\"(max-width: 495px) 100vw, 495px\" \/><\/a><div class=\"slide-content\"><header class=\"entry-content-header\"><h3 class='slide-entry-title entry-title '  itemprop=\"headline\" ><a href='https:\/\/influence.ch\/fr\/2026\/04\/29\/les-entreprises-suisses-en-mode-crise-permanente\/' title='Les entreprises suisses en mode \u00ab crise permanente\u00a0\u00bb'>Les entreprises suisses en mode \u00ab crise permanente\u00a0\u00bb<\/a><\/h3><span class=\"av-vertical-delimiter\"><\/span><\/header><div class=\"slide-meta\"><div class=\"slide-meta-comments\"><a href='https:\/\/influence.ch\/fr\/2026\/04\/29\/les-entreprises-suisses-en-mode-crise-permanente\/#respond'>0 Commentaires<\/a><\/div><div class=\"slide-meta-del\">\/<\/div><time class='slide-meta-time updated'  itemprop=\"datePublished\" datetime=\"2026-04-29T16:27:33+02:00\" >29 avril 2026<\/time><\/div><div class='slide-entry-excerpt entry-content'  itemprop=\"text\" >Ce que signifie la r\u00e9silience 2026 dans la pratique<\/div><\/div><footer class=\"entry-footer\"><\/footer><span class='hidden'>\n\t\t\t\t<span class='av-structured-data'  itemprop=\"image\" itemscope=\"itemscope\" itemtype=\"https:\/\/schema.org\/ImageObject\" >\n\t\t\t\t\t\t<span itemprop='url'>https:\/\/influence.ch\/wp-content\/uploads\/2025\/02\/influence_Verlaufe_politik.png<\/span>\n\t\t\t\t\t\t<span itemprop='height'>2169<\/span>\n\t\t\t\t\t\t<span itemprop='width'>2442<\/span>\n\t\t\t\t<\/span>\n\t\t\t\t<span class='av-structured-data'  itemprop=\"publisher\" itemtype=\"https:\/\/schema.org\/Organization\" itemscope=\"itemscope\" >\n\t\t\t\t\t\t<span itemprop='name'>Matthias Halbeis<\/span>\n\t\t\t\t\t\t<span itemprop='logo' itemscope itemtype='https:\/\/schema.org\/ImageObject'>\n\t\t\t\t\t\t\t<span itemprop='url'>https:\/\/influence.ch\/wp-content\/uploads\/2025\/02\/influence_Logo_FR_weiss-1030x277.png<\/span>\n\t\t\t\t\t\t <\/span>\n\t\t\t\t<\/span><span class='av-structured-data'  itemprop=\"author\" itemscope=\"itemscope\" itemtype=\"https:\/\/schema.org\/Person\" ><span itemprop='name'>Matthias Halbeis<\/span><\/span><span class='av-structured-data'  itemprop=\"datePublished\" datetime=\"2026-04-29T16:25:37+02:00\" >2026-04-29 16:27:33<\/span><span class='av-structured-data'  itemprop=\"dateModified\" itemtype=\"https:\/\/schema.org\/dateModified\" >2026-04-29 18:28:38<\/span><span class='av-structured-data'  itemprop=\"mainEntityOfPage\" itemtype=\"https:\/\/schema.org\/mainEntityOfPage\" ><span itemprop='name'>Les entreprises suisses en mode \u00ab crise permanente\u00a0\u00bb<\/span><\/span><\/span><\/article><article class='slide-entry flex_column  post-entry post-entry-5459 slide-entry-overview slide-loop-3 slide-parity-odd  av_one_third  real-thumbnail post-format-standard'  itemscope=\"itemscope\" itemtype=\"https:\/\/schema.org\/BlogPosting\" itemprop=\"blogPost\" ><a href='https:\/\/influence.ch\/fr\/2025\/05\/26\/silicon-valley-quand-la-politique-se-decide-dans-des-chats-secrets\/' data-rel='slide-1' class='slide-image' title='La politique discut\u00e9e dans des chats secrets'><img decoding=\"async\" width=\"495\" height=\"400\" src=\"https:\/\/influence.ch\/wp-content\/uploads\/2022\/12\/influence_Verlaeufe_V01_7-495x400.png\" class=\"wp-image-529 avia-img-lazy-loading-not-529 attachment-portfolio size-portfolio wp-post-image\" alt=\"\" srcset=\"https:\/\/influence.ch\/wp-content\/uploads\/2022\/12\/influence_Verlaeufe_V01_7-495x400.png 495w, https:\/\/influence.ch\/wp-content\/uploads\/2022\/12\/influence_Verlaeufe_V01_7-845x684.png 845w\" sizes=\"(max-width: 495px) 100vw, 495px\" \/><\/a><div class=\"slide-content\"><header class=\"entry-content-header\"><h3 class='slide-entry-title entry-title '  itemprop=\"headline\" ><a href='https:\/\/influence.ch\/fr\/2025\/05\/26\/silicon-valley-quand-la-politique-se-decide-dans-des-chats-secrets\/' title='La politique discut\u00e9e dans des chats secrets'>La politique discut\u00e9e dans des chats secrets<\/a><\/h3><span class=\"av-vertical-delimiter\"><\/span><\/header><div class=\"slide-meta\"><div class=\"slide-meta-comments\"><a href='https:\/\/influence.ch\/fr\/2025\/05\/26\/silicon-valley-quand-la-politique-se-decide-dans-des-chats-secrets\/#respond'>0 Commentaires<\/a><\/div><div class=\"slide-meta-del\">\/<\/div><time class='slide-meta-time updated'  itemprop=\"datePublished\" datetime=\"2025-05-26T13:52:07+02:00\" >26 mai 2025<\/time><\/div><div class='slide-entry-excerpt entry-content'  itemprop=\"text\" >O\u00f9 les milliardaires de la tech d\u00e9battent de politique avec des repr\u00e9sentants politiques et des m\u00e9dias en toute discr\u00e9tion<\/div><\/div><footer class=\"entry-footer\"><\/footer><span class='hidden'>\n\t\t\t\t<span class='av-structured-data'  itemprop=\"image\" itemscope=\"itemscope\" itemtype=\"https:\/\/schema.org\/ImageObject\" >\n\t\t\t\t\t\t<span itemprop='url'>https:\/\/influence.ch\/wp-content\/uploads\/2022\/12\/influence_Verlaeufe_V01_7.png<\/span>\n\t\t\t\t\t\t<span itemprop='height'>2169<\/span>\n\t\t\t\t\t\t<span itemprop='width'>2442<\/span>\n\t\t\t\t<\/span>\n\t\t\t\t<span class='av-structured-data'  itemprop=\"publisher\" itemtype=\"https:\/\/schema.org\/Organization\" itemscope=\"itemscope\" >\n\t\t\t\t\t\t<span itemprop='name'>Matthias Halbeis<\/span>\n\t\t\t\t\t\t<span itemprop='logo' itemscope itemtype='https:\/\/schema.org\/ImageObject'>\n\t\t\t\t\t\t\t<span itemprop='url'>https:\/\/influence.ch\/wp-content\/uploads\/2025\/02\/influence_Logo_FR_weiss-1030x277.png<\/span>\n\t\t\t\t\t\t <\/span>\n\t\t\t\t<\/span><span class='av-structured-data'  itemprop=\"author\" itemscope=\"itemscope\" itemtype=\"https:\/\/schema.org\/Person\" ><span itemprop='name'>Matthias Halbeis<\/span><\/span><span class='av-structured-data'  itemprop=\"datePublished\" datetime=\"2026-04-29T16:25:37+02:00\" >2025-05-26 13:52:07<\/span><span class='av-structured-data'  itemprop=\"dateModified\" itemtype=\"https:\/\/schema.org\/dateModified\" >2025-05-28 10:17:44<\/span><span class='av-structured-data'  itemprop=\"mainEntityOfPage\" itemtype=\"https:\/\/schema.org\/mainEntityOfPage\" ><span itemprop='name'>La politique discut\u00e9e dans des chats secrets<\/span><\/span><\/span><\/article><\/div><div class=\"slide-entry-wrap\"><article class='slide-entry flex_column  post-entry post-entry-4727 slide-entry-overview slide-loop-4 slide-parity-odd  av_one_third first real-thumbnail post-format-standard'  itemscope=\"itemscope\" itemtype=\"https:\/\/schema.org\/BlogPosting\" itemprop=\"blogPost\" ><a href='https:\/\/influence.ch\/fr\/2025\/02\/27\/cest-ainsi-que-lon-devient-porte-parole-du-conseil-federal\/' data-rel='slide-1' class='slide-image' title='\u00ab C&rsquo;est ainsi que l&rsquo;on devient porte-parole du Conseil f\u00e9d\u00e9ral \u00bb'><img decoding=\"async\" width=\"495\" height=\"400\" src=\"https:\/\/influence.ch\/wp-content\/uploads\/2025\/02\/IMG_0095-495x400.jpg\" class=\"wp-image-4724 avia-img-lazy-loading-not-4724 attachment-portfolio size-portfolio wp-post-image\" alt=\"\" srcset=\"https:\/\/influence.ch\/wp-content\/uploads\/2025\/02\/IMG_0095-495x400.jpg 495w, https:\/\/influence.ch\/wp-content\/uploads\/2025\/02\/IMG_0095-845x684.jpg 845w\" sizes=\"(max-width: 495px) 100vw, 495px\" \/><\/a><div class=\"slide-content\"><header class=\"entry-content-header\"><h3 class='slide-entry-title entry-title '  itemprop=\"headline\" ><a href='https:\/\/influence.ch\/fr\/2025\/02\/27\/cest-ainsi-que-lon-devient-porte-parole-du-conseil-federal\/' title='\u00ab C&rsquo;est ainsi que l&rsquo;on devient porte-parole du Conseil f\u00e9d\u00e9ral \u00bb'>\u00ab C&rsquo;est ainsi que l&rsquo;on devient porte-parole du Conseil f\u00e9d\u00e9ral \u00bb<\/a><\/h3><span class=\"av-vertical-delimiter\"><\/span><\/header><div class=\"slide-meta\"><div class=\"slide-meta-comments\"><a href='https:\/\/influence.ch\/fr\/2025\/02\/27\/cest-ainsi-que-lon-devient-porte-parole-du-conseil-federal\/#respond'>0 Commentaires<\/a><\/div><div class=\"slide-meta-del\">\/<\/div><time class='slide-meta-time updated'  itemprop=\"datePublished\" datetime=\"2025-02-27T08:34:18+01:00\" >27 f\u00e9vrier 2025<\/time><\/div><div class='slide-entry-excerpt entry-content'  itemprop=\"text\" >L'ancien vice-chancelier Oswald Sigg explique les exigences auxquelles doit r\u00e9pondre le porte-parole du gouvernement - et pourquoi il devrait en fait s'appeler autrement en Suisse.  <\/div><\/div><footer class=\"entry-footer\"><\/footer><span class='hidden'>\n\t\t\t\t<span class='av-structured-data'  itemprop=\"image\" itemscope=\"itemscope\" itemtype=\"https:\/\/schema.org\/ImageObject\" >\n\t\t\t\t\t\t<span itemprop='url'>https:\/\/influence.ch\/wp-content\/uploads\/2025\/02\/IMG_0095-rotated.jpg<\/span>\n\t\t\t\t\t\t<span itemprop='height'>960<\/span>\n\t\t\t\t\t\t<span itemprop='width'>1280<\/span>\n\t\t\t\t<\/span>\n\t\t\t\t<span class='av-structured-data'  itemprop=\"publisher\" itemtype=\"https:\/\/schema.org\/Organization\" itemscope=\"itemscope\" >\n\t\t\t\t\t\t<span itemprop='name'>Eva Novak<\/span>\n\t\t\t\t\t\t<span itemprop='logo' itemscope itemtype='https:\/\/schema.org\/ImageObject'>\n\t\t\t\t\t\t\t<span itemprop='url'>https:\/\/influence.ch\/wp-content\/uploads\/2025\/02\/influence_Logo_FR_weiss-1030x277.png<\/span>\n\t\t\t\t\t\t <\/span>\n\t\t\t\t<\/span><span class='av-structured-data'  itemprop=\"author\" itemscope=\"itemscope\" itemtype=\"https:\/\/schema.org\/Person\" ><span itemprop='name'>Eva Novak<\/span><\/span><span class='av-structured-data'  itemprop=\"datePublished\" datetime=\"2026-04-29T16:25:37+02:00\" >2025-02-27 08:34:18<\/span><span class='av-structured-data'  itemprop=\"dateModified\" itemtype=\"https:\/\/schema.org\/dateModified\" >2025-02-27 19:30:20<\/span><span class='av-structured-data'  itemprop=\"mainEntityOfPage\" itemtype=\"https:\/\/schema.org\/mainEntityOfPage\" ><span itemprop='name'>\u00ab C&rsquo;est ainsi que l&rsquo;on devient porte-parole du Conseil f\u00e9d\u00e9ral \u00bb<\/span><\/span><\/span><\/article><article class='slide-entry flex_column  post-entry post-entry-4405 slide-entry-overview slide-loop-5 slide-parity-even  av_one_third  real-thumbnail post-format-standard'  itemscope=\"itemscope\" itemtype=\"https:\/\/schema.org\/BlogPosting\" itemprop=\"blogPost\" ><a href='https:\/\/influence.ch\/fr\/2025\/01\/30\/jai-une-chance-inouie\/' data-rel='slide-1' class='slide-image' title='\u00ab J&rsquo;ai une chance inou\u00efe \u00bb'><img decoding=\"async\" width=\"1\" height=\"1\" src=\"https:\/\/influence.ch\/wp-content\/uploads\/2025\/01\/Maja-Riniker_R.Ruis_0001_2-scaled.jpg\" class=\"wp-image-4376 avia-img-lazy-loading-not-4376 attachment-portfolio size-portfolio wp-post-image\" alt=\"\" \/><\/a><div class=\"slide-content\"><header class=\"entry-content-header\"><h3 class='slide-entry-title entry-title '  itemprop=\"headline\" ><a href='https:\/\/influence.ch\/fr\/2025\/01\/30\/jai-une-chance-inouie\/' title='\u00ab J&rsquo;ai une chance inou\u00efe \u00bb'>\u00ab J&rsquo;ai une chance inou\u00efe \u00bb<\/a><\/h3><span class=\"av-vertical-delimiter\"><\/span><\/header><div class=\"slide-meta\"><div class=\"slide-meta-comments\"><a href='https:\/\/influence.ch\/fr\/2025\/01\/30\/jai-une-chance-inouie\/#respond'>0 Commentaires<\/a><\/div><div class=\"slide-meta-del\">\/<\/div><time class='slide-meta-time updated'  itemprop=\"datePublished\" datetime=\"2025-01-30T11:22:14+01:00\" >30 janvier 2025<\/time><\/div><div class='slide-entry-excerpt entry-content'  itemprop=\"text\" >La conseill\u00e8re nationale PLR Maja Riniker est actuellement la plus haute personnalit\u00e9 suisse. Son ann\u00e9e pr\u00e9sidentielle est jalonn\u00e9e d'\u00e9v\u00e9nements majeurs, de l'\u00e9lection du Conseil f\u00e9d\u00e9ral \u00e0 l'Exposition universelle d'Osaka en passant par la F\u00e9d\u00e9rale.   <\/div><\/div><footer class=\"entry-footer\"><\/footer><span class='hidden'>\n\t\t\t\t<span class='av-structured-data'  itemprop=\"image\" itemscope=\"itemscope\" itemtype=\"https:\/\/schema.org\/ImageObject\" >\n\t\t\t\t\t\t<span itemprop='url'>https:\/\/influence.ch\/wp-content\/uploads\/2025\/01\/Maja-Riniker_R.Ruis_0001_2-scaled.jpg<\/span>\n\t\t\t\t\t\t<span itemprop='height'>0<\/span>\n\t\t\t\t\t\t<span itemprop='width'>0<\/span>\n\t\t\t\t<\/span>\n\t\t\t\t<span class='av-structured-data'  itemprop=\"publisher\" itemtype=\"https:\/\/schema.org\/Organization\" itemscope=\"itemscope\" >\n\t\t\t\t\t\t<span itemprop='name'>Eva Novak<\/span>\n\t\t\t\t\t\t<span itemprop='logo' itemscope itemtype='https:\/\/schema.org\/ImageObject'>\n\t\t\t\t\t\t\t<span itemprop='url'>https:\/\/influence.ch\/wp-content\/uploads\/2025\/02\/influence_Logo_FR_weiss-1030x277.png<\/span>\n\t\t\t\t\t\t <\/span>\n\t\t\t\t<\/span><span class='av-structured-data'  itemprop=\"author\" itemscope=\"itemscope\" itemtype=\"https:\/\/schema.org\/Person\" ><span itemprop='name'>Eva Novak<\/span><\/span><span class='av-structured-data'  itemprop=\"datePublished\" datetime=\"2026-04-29T16:25:37+02:00\" >2025-01-30 11:22:14<\/span><span class='av-structured-data'  itemprop=\"dateModified\" itemtype=\"https:\/\/schema.org\/dateModified\" >2025-02-27 19:32:40<\/span><span class='av-structured-data'  itemprop=\"mainEntityOfPage\" itemtype=\"https:\/\/schema.org\/mainEntityOfPage\" ><span itemprop='name'>\u00ab J&rsquo;ai une chance inou\u00efe \u00bb<\/span><\/span><\/span><\/article><article class='slide-entry flex_column  post-entry post-entry-6021 slide-entry-overview slide-loop-6 slide-parity-odd  av_one_third  real-thumbnail post-format-standard'  itemscope=\"itemscope\" itemtype=\"https:\/\/schema.org\/BlogPosting\" itemprop=\"blogPost\" ><a href='https:\/\/influence.ch\/fr\/2025\/09\/23\/chatgpt-ou-claude\/' data-rel='slide-1' class='slide-image' title='Utilisez-vous ChatGPT ou Claude ?'><img decoding=\"async\" width=\"495\" height=\"400\" src=\"https:\/\/influence.ch\/wp-content\/uploads\/2022\/12\/influence_Verlaeufe_V01_5-495x400.png\" class=\"wp-image-517 avia-img-lazy-loading-not-517 attachment-portfolio size-portfolio wp-post-image\" alt=\"\" srcset=\"https:\/\/influence.ch\/wp-content\/uploads\/2022\/12\/influence_Verlaeufe_V01_5-495x400.png 495w, https:\/\/influence.ch\/wp-content\/uploads\/2022\/12\/influence_Verlaeufe_V01_5-845x684.png 845w\" sizes=\"(max-width: 495px) 100vw, 495px\" \/><\/a><div class=\"slide-content\"><header class=\"entry-content-header\"><h3 class='slide-entry-title entry-title '  itemprop=\"headline\" ><a href='https:\/\/influence.ch\/fr\/2025\/09\/23\/chatgpt-ou-claude\/' title='Utilisez-vous ChatGPT ou Claude ?'>Utilisez-vous ChatGPT ou Claude ?<\/a><\/h3><span class=\"av-vertical-delimiter\"><\/span><\/header><div class=\"slide-meta\"><div class=\"slide-meta-comments\"><a href='https:\/\/influence.ch\/fr\/2025\/09\/23\/chatgpt-ou-claude\/#respond'>0 Commentaires<\/a><\/div><div class=\"slide-meta-del\">\/<\/div><time class='slide-meta-time updated'  itemprop=\"datePublished\" datetime=\"2025-09-23T13:55:11+02:00\" >23 septembre 2025<\/time><\/div><div class='slide-entry-excerpt entry-content'  itemprop=\"text\" >Les utilisateurs ont des usages diff\u00e9rents des deux assistants IA : compagnon num\u00e9rique ou outil d'efficacit\u00e9.<\/div><\/div><footer class=\"entry-footer\"><\/footer><span class='hidden'>\n\t\t\t\t<span class='av-structured-data'  itemprop=\"image\" itemscope=\"itemscope\" itemtype=\"https:\/\/schema.org\/ImageObject\" >\n\t\t\t\t\t\t<span itemprop='url'>https:\/\/influence.ch\/wp-content\/uploads\/2022\/12\/influence_Verlaeufe_V01_5.png<\/span>\n\t\t\t\t\t\t<span itemprop='height'>2169<\/span>\n\t\t\t\t\t\t<span itemprop='width'>2442<\/span>\n\t\t\t\t<\/span>\n\t\t\t\t<span class='av-structured-data'  itemprop=\"publisher\" itemtype=\"https:\/\/schema.org\/Organization\" itemscope=\"itemscope\" >\n\t\t\t\t\t\t<span itemprop='name'>Pascal Ihle<\/span>\n\t\t\t\t\t\t<span itemprop='logo' itemscope itemtype='https:\/\/schema.org\/ImageObject'>\n\t\t\t\t\t\t\t<span itemprop='url'>https:\/\/influence.ch\/wp-content\/uploads\/2025\/02\/influence_Logo_FR_weiss-1030x277.png<\/span>\n\t\t\t\t\t\t <\/span>\n\t\t\t\t<\/span><span class='av-structured-data'  itemprop=\"author\" itemscope=\"itemscope\" itemtype=\"https:\/\/schema.org\/Person\" ><span itemprop='name'>Pascal Ihle<\/span><\/span><span class='av-structured-data'  itemprop=\"datePublished\" datetime=\"2026-04-29T16:25:37+02:00\" >2025-09-23 13:55:11<\/span><span class='av-structured-data'  itemprop=\"dateModified\" itemtype=\"https:\/\/schema.org\/dateModified\" >2025-09-25 15:37:22<\/span><span class='av-structured-data'  itemprop=\"mainEntityOfPage\" itemtype=\"https:\/\/schema.org\/mainEntityOfPage\" ><span itemprop='name'>Utilisez-vous ChatGPT ou Claude ?<\/span><\/span><\/span><\/article><\/div><div class=\"slide-entry-wrap\"><article class='slide-entry flex_column  post-entry post-entry-5670 slide-entry-overview slide-loop-7 slide-parity-odd  av_one_third first real-thumbnail post-format-standard'  itemscope=\"itemscope\" itemtype=\"https:\/\/schema.org\/BlogPosting\" itemprop=\"blogPost\" ><a href='https:\/\/influence.ch\/fr\/2025\/06\/26\/quand-la-politique-sinvite-sur-tinder\/' data-rel='slide-1' class='slide-image' title='Quand la politique s&rsquo;invite sur Tinder'><img decoding=\"async\" width=\"495\" height=\"400\" src=\"https:\/\/influence.ch\/wp-content\/uploads\/2022\/12\/influence_Verlaeufe_V01_1-495x400.png\" class=\"wp-image-522 avia-img-lazy-loading-not-522 attachment-portfolio size-portfolio wp-post-image\" alt=\"\" srcset=\"https:\/\/influence.ch\/wp-content\/uploads\/2022\/12\/influence_Verlaeufe_V01_1-495x400.png 495w, https:\/\/influence.ch\/wp-content\/uploads\/2022\/12\/influence_Verlaeufe_V01_1-845x684.png 845w\" sizes=\"(max-width: 495px) 100vw, 495px\" \/><\/a><div class=\"slide-content\"><header class=\"entry-content-header\"><h3 class='slide-entry-title entry-title '  itemprop=\"headline\" ><a href='https:\/\/influence.ch\/fr\/2025\/06\/26\/quand-la-politique-sinvite-sur-tinder\/' title='Quand la politique s&rsquo;invite sur Tinder'>Quand la politique s&rsquo;invite sur Tinder<\/a><\/h3><span class=\"av-vertical-delimiter\"><\/span><\/header><div class=\"slide-meta\"><time class='slide-meta-time updated'  itemprop=\"datePublished\" datetime=\"2025-06-26T08:07:50+02:00\" >26 juin 2025<\/time><\/div><div class='slide-entry-excerpt entry-content'  itemprop=\"text\" >Pourquoi le march\u00e9 des rencontres a une influence sur la stabilit\u00e9 de la d\u00e9mocratie  <\/div><\/div><footer class=\"entry-footer\"><\/footer><span class='hidden'>\n\t\t\t\t<span class='av-structured-data'  itemprop=\"image\" itemscope=\"itemscope\" itemtype=\"https:\/\/schema.org\/ImageObject\" >\n\t\t\t\t\t\t<span itemprop='url'>https:\/\/influence.ch\/wp-content\/uploads\/2022\/12\/influence_Verlaeufe_V01_1.png<\/span>\n\t\t\t\t\t\t<span itemprop='height'>2169<\/span>\n\t\t\t\t\t\t<span itemprop='width'>2442<\/span>\n\t\t\t\t<\/span>\n\t\t\t\t<span class='av-structured-data'  itemprop=\"publisher\" itemtype=\"https:\/\/schema.org\/Organization\" itemscope=\"itemscope\" >\n\t\t\t\t\t\t<span itemprop='name'>Matthias Halbeis<\/span>\n\t\t\t\t\t\t<span itemprop='logo' itemscope itemtype='https:\/\/schema.org\/ImageObject'>\n\t\t\t\t\t\t\t<span itemprop='url'>https:\/\/influence.ch\/wp-content\/uploads\/2025\/02\/influence_Logo_FR_weiss-1030x277.png<\/span>\n\t\t\t\t\t\t <\/span>\n\t\t\t\t<\/span><span class='av-structured-data'  itemprop=\"author\" itemscope=\"itemscope\" itemtype=\"https:\/\/schema.org\/Person\" ><span itemprop='name'>Matthias Halbeis<\/span><\/span><span class='av-structured-data'  itemprop=\"datePublished\" datetime=\"2026-04-29T16:25:37+02:00\" >2025-06-26 08:07:50<\/span><span class='av-structured-data'  itemprop=\"dateModified\" itemtype=\"https:\/\/schema.org\/dateModified\" >2025-06-26 14:50:04<\/span><span class='av-structured-data'  itemprop=\"mainEntityOfPage\" itemtype=\"https:\/\/schema.org\/mainEntityOfPage\" ><span itemprop='name'>Quand la politique s&rsquo;invite sur Tinder<\/span><\/span><\/span><\/article><article class='slide-entry flex_column  post-entry post-entry-4998 slide-entry-overview slide-loop-8 slide-parity-even  av_one_third  real-thumbnail post-format-standard'  itemscope=\"itemscope\" itemtype=\"https:\/\/schema.org\/BlogPosting\" itemprop=\"blogPost\" ><a href='https:\/\/influence.ch\/fr\/2025\/03\/27\/mens-sana-in-corpore-sano-version-2025\/' data-rel='slide-1' class='slide-image' title='\u00ab Mens sana in corpore sano \u00bb version 2025'><img decoding=\"async\" width=\"495\" height=\"400\" src=\"https:\/\/influence.ch\/wp-content\/uploads\/2025\/03\/Ophelia-Jeanneret-495x400.png\" class=\"wp-image-4996 avia-img-lazy-loading-not-4996 attachment-portfolio size-portfolio wp-post-image\" alt=\"\" srcset=\"https:\/\/influence.ch\/wp-content\/uploads\/2025\/03\/Ophelia-Jeanneret-495x400.png 495w, https:\/\/influence.ch\/wp-content\/uploads\/2025\/03\/Ophelia-Jeanneret-845x684.png 845w\" sizes=\"(max-width: 495px) 100vw, 495px\" \/><\/a><div class=\"slide-content\"><header class=\"entry-content-header\"><h3 class='slide-entry-title entry-title '  itemprop=\"headline\" ><a href='https:\/\/influence.ch\/fr\/2025\/03\/27\/mens-sana-in-corpore-sano-version-2025\/' title='\u00ab Mens sana in corpore sano \u00bb version 2025'>\u00ab Mens sana in corpore sano \u00bb version 2025<\/a><\/h3><span class=\"av-vertical-delimiter\"><\/span><\/header><div class=\"slide-meta\"><div class=\"slide-meta-comments\"><a href='https:\/\/influence.ch\/fr\/2025\/03\/27\/mens-sana-in-corpore-sano-version-2025\/#respond'>0 Commentaires<\/a><\/div><div class=\"slide-meta-del\">\/<\/div><time class='slide-meta-time updated'  itemprop=\"datePublished\" datetime=\"2025-03-27T15:11:39+01:00\" >27 mars 2025<\/time><\/div><div class='slide-entry-excerpt entry-content'  itemprop=\"text\" >Oph\u00e9lia Jeanneret directrice du Service Sport Sant\u00e9 UNIL+EPFL sait pourquoi il faut faire bouger les \u00e9tudiants et les chercheurs. Et ce qui relie la politique, le sport et la sant\u00e9.<\/div><\/div><footer class=\"entry-footer\"><\/footer><span class='hidden'>\n\t\t\t\t<span class='av-structured-data'  itemprop=\"image\" itemscope=\"itemscope\" itemtype=\"https:\/\/schema.org\/ImageObject\" >\n\t\t\t\t\t\t<span itemprop='url'>https:\/\/influence.ch\/wp-content\/uploads\/2025\/03\/Ophelia-Jeanneret.png<\/span>\n\t\t\t\t\t\t<span itemprop='height'>1707<\/span>\n\t\t\t\t\t\t<span itemprop='width'>2560<\/span>\n\t\t\t\t<\/span>\n\t\t\t\t<span class='av-structured-data'  itemprop=\"publisher\" itemtype=\"https:\/\/schema.org\/Organization\" itemscope=\"itemscope\" >\n\t\t\t\t\t\t<span itemprop='name'>Chrystel Domenjoz<\/span>\n\t\t\t\t\t\t<span itemprop='logo' itemscope itemtype='https:\/\/schema.org\/ImageObject'>\n\t\t\t\t\t\t\t<span itemprop='url'>https:\/\/influence.ch\/wp-content\/uploads\/2025\/02\/influence_Logo_FR_weiss-1030x277.png<\/span>\n\t\t\t\t\t\t <\/span>\n\t\t\t\t<\/span><span class='av-structured-data'  itemprop=\"author\" itemscope=\"itemscope\" itemtype=\"https:\/\/schema.org\/Person\" ><span itemprop='name'>Chrystel Domenjoz<\/span><\/span><span class='av-structured-data'  itemprop=\"datePublished\" datetime=\"2026-04-29T16:25:37+02:00\" >2025-03-27 15:11:39<\/span><span class='av-structured-data'  itemprop=\"dateModified\" itemtype=\"https:\/\/schema.org\/dateModified\" >2025-03-27 17:02:10<\/span><span class='av-structured-data'  itemprop=\"mainEntityOfPage\" itemtype=\"https:\/\/schema.org\/mainEntityOfPage\" ><span itemprop='name'>\u00ab Mens sana in corpore sano \u00bb version 2025<\/span><\/span><\/span><\/article><article class='slide-entry flex_column  post-entry post-entry-6666 slide-entry-overview slide-loop-9 slide-parity-odd  post-entry-last  av_one_third  real-thumbnail post-format-standard'  itemscope=\"itemscope\" itemtype=\"https:\/\/schema.org\/BlogPosting\" itemprop=\"blogPost\" ><a href='https:\/\/influence.ch\/fr\/2025\/12\/23\/cest-frappant-de-voir-a-quel-point-la-competition-sintensifie\/' data-rel='slide-1' class='slide-image' title='\u202f\u00abC\u2019est frappant de voir \u00e0 quel point la comp\u00e9tition s\u2019intensifie\u00bb'><img decoding=\"async\" width=\"495\" height=\"400\" src=\"https:\/\/influence.ch\/wp-content\/uploads\/2025\/12\/Forscherin-495x400.jpg\" class=\"wp-image-6664 avia-img-lazy-loading-not-6664 attachment-portfolio size-portfolio wp-post-image\" alt=\"\" srcset=\"https:\/\/influence.ch\/wp-content\/uploads\/2025\/12\/Forscherin-495x400.jpg 495w, https:\/\/influence.ch\/wp-content\/uploads\/2025\/12\/Forscherin-845x684.jpg 845w\" sizes=\"(max-width: 495px) 100vw, 495px\" \/><\/a><div class=\"slide-content\"><header class=\"entry-content-header\"><h3 class='slide-entry-title entry-title '  itemprop=\"headline\" ><a href='https:\/\/influence.ch\/fr\/2025\/12\/23\/cest-frappant-de-voir-a-quel-point-la-competition-sintensifie\/' title='\u202f\u00abC\u2019est frappant de voir \u00e0 quel point la comp\u00e9tition s\u2019intensifie\u00bb'>\u202f\u00abC\u2019est frappant de voir \u00e0 quel point la comp\u00e9tition s\u2019intensifie\u00bb<\/a><\/h3><span class=\"av-vertical-delimiter\"><\/span><\/header><div class=\"slide-meta\"><div class=\"slide-meta-comments\"><a href='https:\/\/influence.ch\/fr\/2025\/12\/23\/cest-frappant-de-voir-a-quel-point-la-competition-sintensifie\/#respond'>0 Commentaires<\/a><\/div><div class=\"slide-meta-del\">\/<\/div><time class='slide-meta-time updated'  itemprop=\"datePublished\" datetime=\"2025-12-23T06:36:31+01:00\" >23 d\u00e9cembre 2025<\/time><\/div><div class='slide-entry-excerpt entry-content'  itemprop=\"text\" >La biologiste de l'\u00e9volution Anna Feller a \u00e9t\u00e9 r\u00e9compens\u00e9e par le Fonds national suisse pour ses recherches sur la biodiversit\u00e9. Selon elle, il est de plus en plus difficile d'obtenir des fonds pour la recherche.   <\/div><\/div><footer class=\"entry-footer\"><\/footer><span class='hidden'>\n\t\t\t\t<span class='av-structured-data'  itemprop=\"image\" itemscope=\"itemscope\" itemtype=\"https:\/\/schema.org\/ImageObject\" >\n\t\t\t\t\t\t<span itemprop='url'>https:\/\/influence.ch\/wp-content\/uploads\/2025\/12\/Forscherin.jpg<\/span>\n\t\t\t\t\t\t<span itemprop='height'>1105<\/span>\n\t\t\t\t\t\t<span itemprop='width'>1656<\/span>\n\t\t\t\t<\/span>\n\t\t\t\t<span class='av-structured-data'  itemprop=\"publisher\" itemtype=\"https:\/\/schema.org\/Organization\" itemscope=\"itemscope\" >\n\t\t\t\t\t\t<span itemprop='name'>Eva Novak<\/span>\n\t\t\t\t\t\t<span itemprop='logo' itemscope itemtype='https:\/\/schema.org\/ImageObject'>\n\t\t\t\t\t\t\t<span itemprop='url'>https:\/\/influence.ch\/wp-content\/uploads\/2025\/02\/influence_Logo_FR_weiss-1030x277.png<\/span>\n\t\t\t\t\t\t <\/span>\n\t\t\t\t<\/span><span class='av-structured-data'  itemprop=\"author\" itemscope=\"itemscope\" itemtype=\"https:\/\/schema.org\/Person\" ><span itemprop='name'>Eva Novak<\/span><\/span><span class='av-structured-data'  itemprop=\"datePublished\" datetime=\"2026-04-29T16:25:37+02:00\" >2025-12-23 06:36:31<\/span><span class='av-structured-data'  itemprop=\"dateModified\" itemtype=\"https:\/\/schema.org\/dateModified\" >2025-12-23 11:15:53<\/span><span class='av-structured-data'  itemprop=\"mainEntityOfPage\" itemtype=\"https:\/\/schema.org\/mainEntityOfPage\" ><span itemprop='name'>\u202f\u00abC\u2019est frappant de voir \u00e0 quel point la comp\u00e9tition s\u2019intensifie\u00bb<\/span><\/span><\/span><\/article><\/div><\/div><div class='avia-slideshow-arrows avia-slideshow-controls' ><a href='#prev' class='prev-slide ' aria-hidden='true' data-av_icon='\ue87c' data-av_iconfont='entypo-fontello'  tabindex='-1'>Pr\u00e9c\u00e9dent<\/a><a href='#next' class='next-slide ' aria-hidden='true' data-av_icon='\ue87d' data-av_iconfont='entypo-fontello'  tabindex='-1'>Suivant<\/a><\/div><\/div>\n<\/p>\n","protected":false},"excerpt":{"rendered":"<p>La r\u00e9gulation europ\u00e9enne des plateformes et le vide r\u00e9glementaire suisse<\/p>\n","protected":false},"author":6,"featured_media":522,"comment_status":"closed","ping_status":"closed","sticky":false,"template":"","format":"standard","meta":{"footnotes":""},"categories":[54],"tags":[],"class_list":["post-7323","post","type-post","status-publish","format-standard","has-post-thumbnail","hentry","category-politique"],"yoast_head":"<!-- This site is optimized with the Yoast SEO plugin v27.0 - https:\/\/yoast.com\/product\/yoast-seo-wordpress\/ -->\n<title>Participer au d\u00e9bat, c&#039;est participer aux d\u00e9cisions - influence powered by furrerhugi<\/title>\n<meta name=\"description\" content=\"Les r\u00e8gles de la plate-forme europ\u00e9enne et le vide suisse\" \/>\n<meta name=\"robots\" content=\"index, follow, max-snippet:-1, max-image-preview:large, max-video-preview:-1\" \/>\n<link rel=\"canonical\" href=\"https:\/\/influence.ch\/fr\/2026\/04\/29\/participer-au-debat-cest-participer-aux-decisions\/\" \/>\n<meta property=\"og:locale\" content=\"fr_FR\" \/>\n<meta property=\"og:type\" content=\"article\" \/>\n<meta property=\"og:title\" content=\"Participer au d\u00e9bat, c&#039;est participer aux d\u00e9cisions - influence powered by furrerhugi\" \/>\n<meta property=\"og:description\" content=\"Les r\u00e8gles de la plate-forme europ\u00e9enne et le vide suisse\" \/>\n<meta property=\"og:url\" content=\"https:\/\/influence.ch\/fr\/2026\/04\/29\/participer-au-debat-cest-participer-aux-decisions\/\" \/>\n<meta property=\"og:site_name\" content=\"influence powered by furrerhugi\" \/>\n<meta property=\"article:published_time\" content=\"2026-04-29T14:25:37+00:00\" \/>\n<meta property=\"article:modified_time\" content=\"2026-04-29T14:29:06+00:00\" \/>\n<meta property=\"og:image\" content=\"https:\/\/influence.ch\/wp-content\/uploads\/2026\/01\/shutterstock_2640855697-1030x687.png\" \/>\n<meta name=\"author\" content=\"Matthias Halbeis\" \/>\n<meta name=\"twitter:card\" content=\"summary_large_image\" \/>\n<meta name=\"twitter:image\" content=\"https:\/\/influence.ch\/wp-content\/uploads\/2026\/01\/shutterstock_2640855697-1030x687.png\" \/>\n<meta name=\"twitter:label1\" content=\"\u00c9crit par\" \/>\n\t<meta name=\"twitter:data1\" content=\"Matthias Halbeis\" \/>\n\t<meta name=\"twitter:label2\" content=\"Dur\u00e9e de lecture estim\u00e9e\" \/>\n\t<meta name=\"twitter:data2\" content=\"12 minutes\" \/>\n<script type=\"application\/ld+json\" class=\"yoast-schema-graph\">{\"@context\":\"https:\/\/schema.org\",\"@graph\":[{\"@type\":\"Article\",\"@id\":\"https:\/\/influence.ch\/fr\/2026\/04\/29\/participer-au-debat-cest-participer-aux-decisions\/#article\",\"isPartOf\":{\"@id\":\"https:\/\/influence.ch\/fr\/2026\/04\/29\/participer-au-debat-cest-participer-aux-decisions\/\"},\"author\":{\"name\":\"Matthias Halbeis\",\"@id\":\"https:\/\/influence.ch\/#\/schema\/person\/718772fa81c4a1af46e0ac0e0e3036b0\"},\"headline\":\"Participer au d\u00e9bat, c&rsquo;est participer aux d\u00e9cisions\",\"datePublished\":\"2026-04-29T14:25:37+00:00\",\"dateModified\":\"2026-04-29T14:29:06+00:00\",\"mainEntityOfPage\":{\"@id\":\"https:\/\/influence.ch\/fr\/2026\/04\/29\/participer-au-debat-cest-participer-aux-decisions\/\"},\"wordCount\":4160,\"image\":{\"@id\":\"https:\/\/influence.ch\/fr\/2026\/04\/29\/participer-au-debat-cest-participer-aux-decisions\/#primaryimage\"},\"thumbnailUrl\":\"https:\/\/influence.ch\/wp-content\/uploads\/2022\/12\/influence_Verlaeufe_V01_1.png\",\"articleSection\":[\"Politique\"],\"inLanguage\":\"fr-FR\"},{\"@type\":\"WebPage\",\"@id\":\"https:\/\/influence.ch\/fr\/2026\/04\/29\/participer-au-debat-cest-participer-aux-decisions\/\",\"url\":\"https:\/\/influence.ch\/fr\/2026\/04\/29\/participer-au-debat-cest-participer-aux-decisions\/\",\"name\":\"Participer au d\u00e9bat, c'est participer aux d\u00e9cisions - influence powered by furrerhugi\",\"isPartOf\":{\"@id\":\"https:\/\/influence.ch\/#website\"},\"primaryImageOfPage\":{\"@id\":\"https:\/\/influence.ch\/fr\/2026\/04\/29\/participer-au-debat-cest-participer-aux-decisions\/#primaryimage\"},\"image\":{\"@id\":\"https:\/\/influence.ch\/fr\/2026\/04\/29\/participer-au-debat-cest-participer-aux-decisions\/#primaryimage\"},\"thumbnailUrl\":\"https:\/\/influence.ch\/wp-content\/uploads\/2022\/12\/influence_Verlaeufe_V01_1.png\",\"datePublished\":\"2026-04-29T14:25:37+00:00\",\"dateModified\":\"2026-04-29T14:29:06+00:00\",\"author\":{\"@id\":\"https:\/\/influence.ch\/#\/schema\/person\/718772fa81c4a1af46e0ac0e0e3036b0\"},\"description\":\"Les r\u00e8gles de la plate-forme europ\u00e9enne et le vide suisse\",\"breadcrumb\":{\"@id\":\"https:\/\/influence.ch\/fr\/2026\/04\/29\/participer-au-debat-cest-participer-aux-decisions\/#breadcrumb\"},\"inLanguage\":\"fr-FR\",\"potentialAction\":[{\"@type\":\"ReadAction\",\"target\":[\"https:\/\/influence.ch\/fr\/2026\/04\/29\/participer-au-debat-cest-participer-aux-decisions\/\"]}]},{\"@type\":\"ImageObject\",\"inLanguage\":\"fr-FR\",\"@id\":\"https:\/\/influence.ch\/fr\/2026\/04\/29\/participer-au-debat-cest-participer-aux-decisions\/#primaryimage\",\"url\":\"https:\/\/influence.ch\/wp-content\/uploads\/2022\/12\/influence_Verlaeufe_V01_1.png\",\"contentUrl\":\"https:\/\/influence.ch\/wp-content\/uploads\/2022\/12\/influence_Verlaeufe_V01_1.png\",\"width\":2442,\"height\":2169},{\"@type\":\"BreadcrumbList\",\"@id\":\"https:\/\/influence.ch\/fr\/2026\/04\/29\/participer-au-debat-cest-participer-aux-decisions\/#breadcrumb\",\"itemListElement\":[{\"@type\":\"ListItem\",\"position\":1,\"name\":\"Startseite\",\"item\":\"https:\/\/influence.ch\/fr\/influence\/\"},{\"@type\":\"ListItem\",\"position\":2,\"name\":\"Participer au d\u00e9bat, c&#8217;est participer aux d\u00e9cisions\"}]},{\"@type\":\"WebSite\",\"@id\":\"https:\/\/influence.ch\/#website\",\"url\":\"https:\/\/influence.ch\/\",\"name\":\"influence powered by furrerhugi\",\"description\":\"Vorsprung durch Wissen\",\"potentialAction\":[{\"@type\":\"SearchAction\",\"target\":{\"@type\":\"EntryPoint\",\"urlTemplate\":\"https:\/\/influence.ch\/?s={search_term_string}\"},\"query-input\":{\"@type\":\"PropertyValueSpecification\",\"valueRequired\":true,\"valueName\":\"search_term_string\"}}],\"inLanguage\":\"fr-FR\"},{\"@type\":\"Person\",\"@id\":\"https:\/\/influence.ch\/#\/schema\/person\/718772fa81c4a1af46e0ac0e0e3036b0\",\"name\":\"Matthias Halbeis\",\"image\":{\"@type\":\"ImageObject\",\"inLanguage\":\"fr-FR\",\"@id\":\"https:\/\/influence.ch\/#\/schema\/person\/image\/\",\"url\":\"https:\/\/secure.gravatar.com\/avatar\/39299fbf392ef1a46bba124b38dd0a8d3f9f6634aa745b33735180018def6132?s=96&d=mm&r=g\",\"contentUrl\":\"https:\/\/secure.gravatar.com\/avatar\/39299fbf392ef1a46bba124b38dd0a8d3f9f6634aa745b33735180018def6132?s=96&d=mm&r=g\",\"caption\":\"Matthias Halbeis\"},\"url\":\"https:\/\/influence.ch\/fr\/author\/matthias-halbeis\/\"}]}<\/script>\n<!-- \/ Yoast SEO plugin. -->","yoast_head_json":{"title":"Participer au d\u00e9bat, c'est participer aux d\u00e9cisions - influence powered by furrerhugi","description":"Les r\u00e8gles de la plate-forme europ\u00e9enne et le vide suisse","robots":{"index":"index","follow":"follow","max-snippet":"max-snippet:-1","max-image-preview":"max-image-preview:large","max-video-preview":"max-video-preview:-1"},"canonical":"https:\/\/influence.ch\/fr\/2026\/04\/29\/participer-au-debat-cest-participer-aux-decisions\/","og_locale":"fr_FR","og_type":"article","og_title":"Participer au d\u00e9bat, c'est participer aux d\u00e9cisions - influence powered by furrerhugi","og_description":"Les r\u00e8gles de la plate-forme europ\u00e9enne et le vide suisse","og_url":"https:\/\/influence.ch\/fr\/2026\/04\/29\/participer-au-debat-cest-participer-aux-decisions\/","og_site_name":"influence powered by furrerhugi","article_published_time":"2026-04-29T14:25:37+00:00","article_modified_time":"2026-04-29T14:29:06+00:00","og_image":[{"url":"https:\/\/influence.ch\/wp-content\/uploads\/2026\/01\/shutterstock_2640855697-1030x687.png","type":"","width":"","height":""}],"author":"Matthias Halbeis","twitter_card":"summary_large_image","twitter_image":"https:\/\/influence.ch\/wp-content\/uploads\/2026\/01\/shutterstock_2640855697-1030x687.png","twitter_misc":{"\u00c9crit par":"Matthias Halbeis","Dur\u00e9e de lecture estim\u00e9e":"12 minutes"},"schema":{"@context":"https:\/\/schema.org","@graph":[{"@type":"Article","@id":"https:\/\/influence.ch\/fr\/2026\/04\/29\/participer-au-debat-cest-participer-aux-decisions\/#article","isPartOf":{"@id":"https:\/\/influence.ch\/fr\/2026\/04\/29\/participer-au-debat-cest-participer-aux-decisions\/"},"author":{"name":"Matthias Halbeis","@id":"https:\/\/influence.ch\/#\/schema\/person\/718772fa81c4a1af46e0ac0e0e3036b0"},"headline":"Participer au d\u00e9bat, c&rsquo;est participer aux d\u00e9cisions","datePublished":"2026-04-29T14:25:37+00:00","dateModified":"2026-04-29T14:29:06+00:00","mainEntityOfPage":{"@id":"https:\/\/influence.ch\/fr\/2026\/04\/29\/participer-au-debat-cest-participer-aux-decisions\/"},"wordCount":4160,"image":{"@id":"https:\/\/influence.ch\/fr\/2026\/04\/29\/participer-au-debat-cest-participer-aux-decisions\/#primaryimage"},"thumbnailUrl":"https:\/\/influence.ch\/wp-content\/uploads\/2022\/12\/influence_Verlaeufe_V01_1.png","articleSection":["Politique"],"inLanguage":"fr-FR"},{"@type":"WebPage","@id":"https:\/\/influence.ch\/fr\/2026\/04\/29\/participer-au-debat-cest-participer-aux-decisions\/","url":"https:\/\/influence.ch\/fr\/2026\/04\/29\/participer-au-debat-cest-participer-aux-decisions\/","name":"Participer au d\u00e9bat, c'est participer aux d\u00e9cisions - influence powered by furrerhugi","isPartOf":{"@id":"https:\/\/influence.ch\/#website"},"primaryImageOfPage":{"@id":"https:\/\/influence.ch\/fr\/2026\/04\/29\/participer-au-debat-cest-participer-aux-decisions\/#primaryimage"},"image":{"@id":"https:\/\/influence.ch\/fr\/2026\/04\/29\/participer-au-debat-cest-participer-aux-decisions\/#primaryimage"},"thumbnailUrl":"https:\/\/influence.ch\/wp-content\/uploads\/2022\/12\/influence_Verlaeufe_V01_1.png","datePublished":"2026-04-29T14:25:37+00:00","dateModified":"2026-04-29T14:29:06+00:00","author":{"@id":"https:\/\/influence.ch\/#\/schema\/person\/718772fa81c4a1af46e0ac0e0e3036b0"},"description":"Les r\u00e8gles de la plate-forme europ\u00e9enne et le vide suisse","breadcrumb":{"@id":"https:\/\/influence.ch\/fr\/2026\/04\/29\/participer-au-debat-cest-participer-aux-decisions\/#breadcrumb"},"inLanguage":"fr-FR","potentialAction":[{"@type":"ReadAction","target":["https:\/\/influence.ch\/fr\/2026\/04\/29\/participer-au-debat-cest-participer-aux-decisions\/"]}]},{"@type":"ImageObject","inLanguage":"fr-FR","@id":"https:\/\/influence.ch\/fr\/2026\/04\/29\/participer-au-debat-cest-participer-aux-decisions\/#primaryimage","url":"https:\/\/influence.ch\/wp-content\/uploads\/2022\/12\/influence_Verlaeufe_V01_1.png","contentUrl":"https:\/\/influence.ch\/wp-content\/uploads\/2022\/12\/influence_Verlaeufe_V01_1.png","width":2442,"height":2169},{"@type":"BreadcrumbList","@id":"https:\/\/influence.ch\/fr\/2026\/04\/29\/participer-au-debat-cest-participer-aux-decisions\/#breadcrumb","itemListElement":[{"@type":"ListItem","position":1,"name":"Startseite","item":"https:\/\/influence.ch\/fr\/influence\/"},{"@type":"ListItem","position":2,"name":"Participer au d\u00e9bat, c&#8217;est participer aux d\u00e9cisions"}]},{"@type":"WebSite","@id":"https:\/\/influence.ch\/#website","url":"https:\/\/influence.ch\/","name":"influence powered by furrerhugi","description":"Vorsprung durch Wissen","potentialAction":[{"@type":"SearchAction","target":{"@type":"EntryPoint","urlTemplate":"https:\/\/influence.ch\/?s={search_term_string}"},"query-input":{"@type":"PropertyValueSpecification","valueRequired":true,"valueName":"search_term_string"}}],"inLanguage":"fr-FR"},{"@type":"Person","@id":"https:\/\/influence.ch\/#\/schema\/person\/718772fa81c4a1af46e0ac0e0e3036b0","name":"Matthias Halbeis","image":{"@type":"ImageObject","inLanguage":"fr-FR","@id":"https:\/\/influence.ch\/#\/schema\/person\/image\/","url":"https:\/\/secure.gravatar.com\/avatar\/39299fbf392ef1a46bba124b38dd0a8d3f9f6634aa745b33735180018def6132?s=96&d=mm&r=g","contentUrl":"https:\/\/secure.gravatar.com\/avatar\/39299fbf392ef1a46bba124b38dd0a8d3f9f6634aa745b33735180018def6132?s=96&d=mm&r=g","caption":"Matthias Halbeis"},"url":"https:\/\/influence.ch\/fr\/author\/matthias-halbeis\/"}]}},"_links":{"self":[{"href":"https:\/\/influence.ch\/fr\/wp-json\/wp\/v2\/posts\/7323","targetHints":{"allow":["GET"]}}],"collection":[{"href":"https:\/\/influence.ch\/fr\/wp-json\/wp\/v2\/posts"}],"about":[{"href":"https:\/\/influence.ch\/fr\/wp-json\/wp\/v2\/types\/post"}],"author":[{"embeddable":true,"href":"https:\/\/influence.ch\/fr\/wp-json\/wp\/v2\/users\/6"}],"replies":[{"embeddable":true,"href":"https:\/\/influence.ch\/fr\/wp-json\/wp\/v2\/comments?post=7323"}],"version-history":[{"count":9,"href":"https:\/\/influence.ch\/fr\/wp-json\/wp\/v2\/posts\/7323\/revisions"}],"predecessor-version":[{"id":7394,"href":"https:\/\/influence.ch\/fr\/wp-json\/wp\/v2\/posts\/7323\/revisions\/7394"}],"wp:featuredmedia":[{"embeddable":true,"href":"https:\/\/influence.ch\/fr\/wp-json\/wp\/v2\/media\/522"}],"wp:attachment":[{"href":"https:\/\/influence.ch\/fr\/wp-json\/wp\/v2\/media?parent=7323"}],"wp:term":[{"taxonomy":"category","embeddable":true,"href":"https:\/\/influence.ch\/fr\/wp-json\/wp\/v2\/categories?post=7323"},{"taxonomy":"post_tag","embeddable":true,"href":"https:\/\/influence.ch\/fr\/wp-json\/wp\/v2\/tags?post=7323"}],"curies":[{"name":"wp","href":"https:\/\/api.w.org\/{rel}","templated":true}]}}