{"id":7316,"date":"2026-04-29T16:26:04","date_gmt":"2026-04-29T14:26:04","guid":{"rendered":"https:\/\/influence.ch\/?p=7316"},"modified":"2026-04-29T16:36:00","modified_gmt":"2026-04-29T14:36:00","slug":"le-groupe-cobra-leve-la-tete","status":"publish","type":"post","link":"https:\/\/influence.ch\/fr\/2026\/04\/29\/le-groupe-cobra-leve-la-tete\/","title":{"rendered":"Le groupe Cobra l\u00e8ve la t\u00eate"},"content":{"rendered":"\n<style type=\"text\/css\" data-created_by=\"avia_inline_auto\" id=\"style-css-av-37s3-dc5ab0bdae0e6b1e5284627a5833266b\">\n.avia-section.av-37s3-dc5ab0bdae0e6b1e5284627a5833266b{\nmargin-top:20px;\nmargin-bottom:20px;\n}\n<\/style>\n<div id='av_section_1'  class='avia-section av-37s3-dc5ab0bdae0e6b1e5284627a5833266b main_color avia-section-default avia-no-border-styling  avia-builder-el-0  el_before_av_section  avia-builder-el-first  head_komm avia-bg-style-scroll container_wrap fullsize'  ><div class='container av-section-cont-open' ><main  role=\"main\" itemprop=\"mainContentOfPage\"  class='template-page content  av-content-full alpha units'><div class='post-entry post-entry-type-page post-entry-7316'><div class='entry-content-wrapper clearfix'>\n\n<style type=\"text\/css\" data-created_by=\"avia_inline_auto\" id=\"style-css-av-ll3dnv6h-4148c811db292f0b98b5ef1a1b585ab3\">\n#top .hr.hr-invisible.av-ll3dnv6h-4148c811db292f0b98b5ef1a1b585ab3{\nheight:40px;\n}\n<\/style>\n<div  class='hr av-ll3dnv6h-4148c811db292f0b98b5ef1a1b585ab3 hr-invisible  avia-builder-el-1  el_before_av_post_metadata  avia-builder-el-first '><span class='hr-inner '><span class=\"hr-inner-style\"><\/span><\/span><\/div>\n\n<style type=\"text\/css\" data-created_by=\"avia_inline_auto\" id=\"style-css-av-ll2bygrq-a1a13b3da260d9c9d49905a783ae5cc5\">\n#top .av-post-metadata-container.av-ll2bygrq-a1a13b3da260d9c9d49905a783ae5cc5{\ncolor:#ffffff;\nfont-size:22px;\n}\n#top .av-post-metadata-container.av-ll2bygrq-a1a13b3da260d9c9d49905a783ae5cc5 .av-post-metadata-container-inner{\nfont-size:22px;\n}\n<\/style>\n<div  id=\"author\"  class='av-post-metadata-container av-ll2bygrq-a1a13b3da260d9c9d49905a783ae5cc5 av-metadata-container-align-left  avia-builder-el-2  el_after_av_hr  el_before_av_one_full  av-desktop-hide av-medium-hide av-small-hide av-mini-hide av-metadata-container-1'><div class='av-post-metadata-container-inner'><span class=\"av-post-metadata-content av-post-metadata-meta-content\"><span class=\"av-post-metadata-content av-post-metadata-category\"><span class=\"av-post-metadata-category-link\" ><a href=\"https:\/\/influence.ch\/fr\/category\/la-politique-au-cinema\/\" >La politique au cin\u00e9ma<\/a><\/span><\/span><\/span><\/div><\/div>\n<div class='flex_column av-580n-d891308694e894360355d2121c6c76b9 av_one_full  avia-builder-el-3  el_after_av_post_metadata  el_before_av_post_metadata  first flex_column_div '     ><style type=\"text\/css\" data-created_by=\"avia_inline_auto\" id=\"style-css-av-lajol5k3-bcabd5439ce39e62158db334b9b99d68\">\n#top .av_textblock_section.av-lajol5k3-bcabd5439ce39e62158db334b9b99d68 .avia_textblock{\ncolor:#ffffff;\n}\n<\/style>\n<section  class='av_textblock_section av-lajol5k3-bcabd5439ce39e62158db334b9b99d68'  itemscope=\"itemscope\" itemtype=\"https:\/\/schema.org\/BlogPosting\" itemprop=\"blogPost\" ><div class='avia_textblock av_inherit_color'  itemprop=\"text\" ><h1 style=\"text-align: center;\"><\/h1>\n<h1 style=\"text-align: center;\">Le groupe Cobra l\u00e8ve la t\u00eate<\/h1>\n<p style=\"text-align: center;\">La politique au cin\u00e9ma #25 : comment l&rsquo;esprit de r\u00e9sistance entra\u00eene des cons\u00e9quences paradoxales dans \u00ab B\u00e9r\u00e9zina ou les derniers jours de la Suisse\u00a0\u00bb.<\/p>\n<\/div><\/section><\/div>\n<style type=\"text\/css\" data-created_by=\"avia_inline_auto\" id=\"style-css-av-kqp-d3340c463e9779d9fb5e4297bb48a84f\">\n#top .av-post-metadata-container.av-kqp-d3340c463e9779d9fb5e4297bb48a84f{\ncolor:#ffffff;\n}\n<\/style>\n<div  id=\"author\"  class='av-post-metadata-container av-kqp-d3340c463e9779d9fb5e4297bb48a84f av-metadata-container-align-left  avia-builder-el-5  el_after_av_one_full  el_before_av_hr  av-desktop-hide av-medium-hide av-small-hide av-mini-hide av-metadata-container-2'><div class='av-post-metadata-container-inner'><span class=\"av-post-metadata-content av-post-metadata-meta-content\"><span class=\"av-post-metadata-content av-post-metadata-author\"  itemprop=\"author\" ><span class=\"av-post-metadata-author-link\" ><a href=\"https:\/\/influence.ch\/fr\/author\/meier-halbeis\/\"  rel=\"author\">Thomas Meier &amp; Matthias Halbeis<\/a><\/span><\/span><\/span><\/div><\/div>\n\n<style type=\"text\/css\" data-created_by=\"avia_inline_auto\" id=\"style-css-av-3rkb-5af53ac747b34df56e11174e8e22e573\">\n#top .hr.hr-invisible.av-3rkb-5af53ac747b34df56e11174e8e22e573{\nheight:40px;\n}\n<\/style>\n<div  class='hr av-3rkb-5af53ac747b34df56e11174e8e22e573 hr-invisible  avia-builder-el-6  el_after_av_post_metadata  avia-builder-el-last '><span class='hr-inner '><span class=\"hr-inner-style\"><\/span><\/span><\/div>\n<\/div><\/div><\/main><!-- close content main element --><\/div><\/div><div id='av_section_2'  class='avia-section av-4nqx-1f9ea2e9ed6a23cc856f96335c63c817 main_color avia-section-default avia-no-border-styling  avia-builder-el-7  el_after_av_section  el_before_av_section  post-inhalt avia-bg-style-scroll container_wrap fullsize'  ><div class='container av-section-cont-open' ><div class='template-page content  av-content-full alpha units'><div class='post-entry post-entry-type-page post-entry-7316'><div class='entry-content-wrapper clearfix'>\n\n<style type=\"text\/css\" data-created_by=\"avia_inline_auto\" id=\"style-css-av-ll2diep3-4379f21ceadb0c1eabec389020991252\">\n#top .av-post-metadata-container.av-ll2diep3-4379f21ceadb0c1eabec389020991252{\ncolor:#000000;\nfont-size:16px;\n}\n#top .av-post-metadata-container.av-ll2diep3-4379f21ceadb0c1eabec389020991252 .av-post-metadata-container-inner{\nfont-size:16px;\n}\n<\/style>\n<div  id=\"author\"  class='av-post-metadata-container av-ll2diep3-4379f21ceadb0c1eabec389020991252 av-metadata-container-align-left  avia-builder-el-8  el_before_av_hr  avia-builder-el-first  av-metadata-container-3'><div class='av-post-metadata-container-inner'><span class=\"av-post-metadata-content av-post-metadata-meta-content\"><span class=\"av-post-metadata-content av-post-metadata-published\"><span class=\"av-post-metadata-published-date\" >29 avril 2026<\/span><span class=\"av-metadata-after av-metadata-after-published\">|<\/span><\/span><span class=\"av-post-metadata-content av-post-metadata-separator\"><\/span><span class=\"av-post-metadata-content av-post-metadata-author\"  itemprop=\"author\" ><span class=\"av-post-metadata-author-link\" ><a href=\"https:\/\/influence.ch\/fr\/author\/meier-halbeis\/\"  rel=\"author\">Thomas Meier &amp; Matthias Halbeis<\/a><\/span><span class=\"av-metadata-after av-metadata-after-author\">|<\/span><\/span><span class=\"av-post-metadata-content av-post-metadata-separator\"><\/span><span class=\"av-post-metadata-content av-post-metadata-category\"><span class=\"av-post-metadata-category-link\" ><a href=\"https:\/\/influence.ch\/fr\/category\/la-politique-au-cinema\/\" >La politique au cin\u00e9ma<\/a><\/span><\/span><\/span><\/div><\/div>\n\n<style type=\"text\/css\" data-created_by=\"avia_inline_auto\" id=\"style-css-av-ll2cb0de-1618aeaa710f9714e67c07fd3b765e06\">\n#top .hr.hr-invisible.av-ll2cb0de-1618aeaa710f9714e67c07fd3b765e06{\nheight:10px;\n}\n<\/style>\n<div  class='hr av-ll2cb0de-1618aeaa710f9714e67c07fd3b765e06 hr-invisible  avia-builder-el-9  el_after_av_post_metadata  el_before_av_image '><span class='hr-inner '><span class=\"hr-inner-style\"><\/span><\/span><\/div>\n\n<style type=\"text\/css\" data-created_by=\"avia_inline_auto\" id=\"style-css-av-mm37jzci-9261c7f83d40c1ee25eaab2dd635b931\">\n.avia-image-container.av-mm37jzci-9261c7f83d40c1ee25eaab2dd635b931 img.avia_image{\nbox-shadow:none;\n}\n.avia-image-container.av-mm37jzci-9261c7f83d40c1ee25eaab2dd635b931 .av-image-caption-overlay-center{\ncolor:#ffffff;\n}\n<\/style>\n<div  class='avia-image-container av-mm37jzci-9261c7f83d40c1ee25eaab2dd635b931 av-styling- avia-align-center  avia-builder-el-10  el_after_av_hr  el_before_av_textblock '   itemprop=\"image\" itemscope=\"itemscope\" itemtype=\"https:\/\/schema.org\/ImageObject\" ><div class=\"avia-image-container-inner\"><div class=\"avia-image-overlay-wrap\"><img decoding=\"async\" class='wp-image-7280 avia-img-lazy-loading-not-7280 avia_image ' src=\"https:\/\/influence.ch\/wp-content\/uploads\/2026\/04\/Beresina.png\" alt='' title='Beresina'  height=\"700\" width=\"1100\"  itemprop=\"thumbnailUrl\" srcset=\"https:\/\/influence.ch\/wp-content\/uploads\/2026\/04\/Beresina.png 1100w, https:\/\/influence.ch\/wp-content\/uploads\/2026\/04\/Beresina-300x191.png 300w, https:\/\/influence.ch\/wp-content\/uploads\/2026\/04\/Beresina-1030x655.png 1030w, https:\/\/influence.ch\/wp-content\/uploads\/2026\/04\/Beresina-768x489.png 768w, https:\/\/influence.ch\/wp-content\/uploads\/2026\/04\/Beresina-786x500.png 786w\" sizes=\"(max-width: 1100px) 100vw, 1100px\" \/><\/div><\/div><\/div>\n\n<style type=\"text\/css\" data-created_by=\"avia_inline_auto\" id=\"style-css-av-2q8z-01ad5e0b5f31c74fd38e79a60fc3cd1d\">\n#top .av_textblock_section.av-2q8z-01ad5e0b5f31c74fd38e79a60fc3cd1d .avia_textblock{\nfont-size:22px;\n}\n<\/style>\n<section  class='av_textblock_section av-2q8z-01ad5e0b5f31c74fd38e79a60fc3cd1d'  itemscope=\"itemscope\" itemtype=\"https:\/\/schema.org\/BlogPosting\" itemprop=\"blogPost\" ><div class='avia_textblock'  itemprop=\"text\" ><p style=\"text-align: center;\"><strong>Beresina ou les derniers jours de la Suisse<\/strong><br \/>\nSuisse \/ Allemagne \/ Autriche 1999, de Daniel Schmid, d&rsquo;apr\u00e8s un sc\u00e9nario de Martin Suter, avec Yelena Panova, Martin Benrath, Geraldine Chaplin, Ulrich Noethen, Ivan Desny, Iv\u00e1n Darvas, Marina Confalone, Stefan Kurt, Hans Peter Korff, Joachim Tomaschewsky, Ueli Beck, Hans Wypr\u00e4chtiger, Peter Simonischek, Stefan Gubser, Hilde Ziegler et Hanspeter M\u00fcller-Drossaart.<\/p>\n<p><strong>Spoiler-Alert<\/strong><br \/>\nIrina arrive en Suisse d&rsquo;Elektrostal en Russie en qu\u00eate d&rsquo;une vie meilleure. L&rsquo;avocat Ulrich Waldvogel et la cr\u00e9atrice de mode et prox\u00e9n\u00e8te Charlotte De veulent l&rsquo;utiliser pour obtenir des informations confidentielles de cercles influents et l&rsquo;introduisent dans la haute soci\u00e9t\u00e9 en tant que call-girl. L&rsquo;ancien divisionnaire Sturzenegger, le banquier Vetterli, le conseiller national Tschanz, l&rsquo;ancien conseiller f\u00e9d\u00e9ral von Gunten et le juge f\u00e9d\u00e9ral Hungerb\u00fchler font bient\u00f4t partie de ses clients dont elle assouvit les pr\u00e9f\u00e9rences sexuelles les plus insolites &#8211; \u00ab\u00a0en fait, peu de gens veulent aller au lit\u00a0\u00bb, conclut Irina.<\/p>\n<p>Irina est enthousiasm\u00e9e par la Suisse et se r\u00e9jouit d&rsquo;obtenir la nationalit\u00e9 qui lui a \u00e9t\u00e9 promise. Comme elle ne parvient pas \u00e0 obtenir des informations pertinentes, Waldvogel et Charlotte De font pression sur elle. Dans l&rsquo;urgence (\u00ab\u00a0un mensonge par n\u00e9cessit\u00e9, c&rsquo;est quand on se retrouverait dans une situation difficile si on ne mentait pas\u00a0\u00bb), elle invente des histoires, notamment sur le s\u00e9jour du blanchisseur d&rsquo;argent Tedeschi dans la cabane de chasse d&rsquo;un conseiller d&rsquo;entreprise. Lorsque son t\u00e9moignage se r\u00e9v\u00e8le par hasard exact (\u00ab\u00a0quand un mensonge par n\u00e9cessit\u00e9 s&rsquo;av\u00e8re \u00eatre la v\u00e9rit\u00e9, c&rsquo;est comme s&rsquo;il avait \u00e9t\u00e9 vrai d\u00e8s le d\u00e9but\u00a0\u00bb) et permet \u00e0 l&rsquo;avocat d&rsquo;acc\u00e9der \u00e0 la direction de la Banque nationale, Irina perd son utilit\u00e9, elle est menac\u00e9e d&rsquo;expulsion.<\/p>\n<p>Lors d&rsquo;une tentative de suicide \u00e0 l&rsquo;alcool et aux pilules, elle d\u00e9couvre par hasard comment activer l&rsquo;organisation secr\u00e8te de r\u00e9sistance Cobra dont lui avait parl\u00e9 l&rsquo;ancien divisionnaire Sturzenegger (\u00ab\u00a0citoyens int\u00e8gres, bons patriotes contre agents subversifs et collabos\u00a0\u00bb). Avec le slogan \u00ab\u00a0Cobra zero an Cobra uno: mutig, mutig, liebe Br\u00fcder\u00a0\u00bb), elle d\u00e9clenche un coup d&rsquo;\u00c9tat. Des hommes \u00e2g\u00e9s entreprennent chacun une mission d&rsquo;assassinat pr\u00e9d\u00e9finie et transmettent auparavant le signal par t\u00e9l\u00e9phone \u00e0 un autre r\u00e9sistant avec le slogan \u00ab\u00a0courage, courage, chers fr\u00e8res\u00a0\u00bb. Parmi les victimes figurent la plupart des clients d&rsquo;Irina et de nombreux autres repr\u00e9sentants des institutions suisses. Apr\u00e8s avoir abattu B\u00fcrki, le r\u00e9dacteur en chef de la t\u00e9l\u00e9vision suisse, devant les cam\u00e9ras, les r\u00e9sistants annoncent au public que des citoyens inquiets ont pris le pouvoir pour sauver la Suisse.<\/p>\n<p>Les investigations sur l&rsquo;origine de l&rsquo;appel d\u00e9clencheur de Cobra Zero m\u00e8nent au salon de l&rsquo;ancien divisionnaire abattu lors de sa propre mission d&rsquo;assassinat, o\u00f9 Irina est assise avec son amie Benedetta, naturalis\u00e9e gr\u00e2ce \u00e0 son mariage. Les hommes plus \u00e2g\u00e9s du groupe Cobra sont aussi attir\u00e9s par Irina que l&rsquo;\u00e9tait auparavant la haute soci\u00e9t\u00e9 et organisent avec enthousiasme son couronnement en tant que reine de Suisse.<\/p>\n<p><strong>A voir pour<\/strong><br \/>\nUn v\u00e9ritable chaos fait de fantasmes de vieux messieurs, de copinage et de chasse aux subversifs : une formidable satire du tissu social, des m\u00e9canismes politiques et de l&rsquo;histoire r\u00e9cente de la Suisse, des groupes de r\u00e9sistance secrets \u00e0 la strat\u00e9gie du R\u00e9duit et \u00e0 la gestion de l&rsquo;immigration, en passant par les informations relatives au blanchiment d&rsquo;argent en provenance du Conseil f\u00e9d\u00e9ral.<\/p>\n<p><strong>Strat\u00e9gie gagnante<\/strong><br \/>\nSi l&rsquo;on garde l&rsquo;objectif en t\u00eate, on l&rsquo;atteint m\u00eame sans plan. Irina tr\u00e9buche \u00e0 travers les \u00e9v\u00e9nements, mais reste obstin\u00e9ment fix\u00e9e sur son d\u00e9sir de devenir suisse. Lorsque toutes ses illusions s&rsquo;effondrent et qu&rsquo;elle est menac\u00e9e d&rsquo;expulsion, elle d\u00e9clenche un coup d&rsquo;\u00c9tat par frustration et sans id\u00e9e concr\u00e8te de ce qu&rsquo;elle fait. \u00c0 la fin, elle est reine de Suisse. Ce qui est impressionnant, c&rsquo;est sa capacit\u00e9 \u00e0 faire abstraction de ce qui ne correspond pas \u00e0 son image et \u00e0 s&rsquo;accrocher au clich\u00e9 d&rsquo;un paradis contre toutes les exp\u00e9riences r\u00e9elles : \u00ab\u00a0Ce n&rsquo;est pas ce que vous croyez, nous nous amusons simplement ensemble\u00a0\u00bb, d\u00e9crit-elle son activit\u00e9.<\/p>\n<p><strong>Strat\u00e9gie infructueuse<\/strong><br \/>\nWaldvogel parvient \u00e0 entrer \u00e0 la Direction g\u00e9n\u00e9rale de la Banque nationale gr\u00e2ce au chantage, mais parce qu&rsquo;une Irina abus\u00e9e et d\u00e9\u00e7ue d\u00e9clenche un coup d&rsquo;\u00c9tat, il est abattu avant que les bouquets de fleurs annon\u00e7ant son \u00e9lection, qui s&#8217;empilent dans son nouveau bureau, ne se fanent.<\/p>\n<p>Le groupe Cobra manque \u00e9galement ses objectifs : lors d&rsquo;un putsch, ils \u00e9liminent l&rsquo;ensemble des dirigeants de la Suisse. Seuls le banquier et la prox\u00e9n\u00e8te survivent et, apr\u00e8s avoir \u00ab\u00a0sauv\u00e9 la Suisse\u00a0\u00bb, assistent avec enthousiasme au couronnement d&rsquo;une immigr\u00e9e russe comme reine et que l&rsquo;\u00c9tat f\u00e9d\u00e9ral suisse lui est remis \u00ab\u00a0propre et intact\u00a0\u00bb.<\/p>\n<p><strong>Comment la politique est-elle pr\u00e9sent\u00e9e ?<\/strong><br \/>\nOn nous donne \u00e0 voir le pr\u00e9sident de la Conf\u00e9d\u00e9ration, un juge f\u00e9d\u00e9ral et le nouveau membre de la Direction g\u00e9n\u00e9rale de la Banque nationale derri\u00e8re de grands pupitres dans leur bureau, ce sont les seules images de politique officielle. Les affaires sont effectivement r\u00e9gl\u00e9es dans les coulisses, en marge des \u00e9v\u00e9nements sociaux (par exemple \u00e0 l&rsquo;op\u00e9ra et lors d&rsquo;un bal des corporations), lors d&rsquo;une croisi\u00e8re clandestine et dans un bar &#8211; la politique, c&rsquo;est du copinage \u00ab\u00a0Ici, c&rsquo;est comme une grande famille, tout le monde s&rsquo;entraide\u00a0\u00bb, \u00e9crit Irina en Russie.<\/p>\n<p><strong>Citation<\/strong><br \/>\n\u00ab\u00a0Et c&rsquo;est ici (dans le r\u00e9duit) que les soldats se seraient cach\u00e9s si Hitler \u00e9tait venu ?\u00a0\u00bb<br \/>\n\u00ab\u00a0Non, pas cach\u00e9s, tenus pr\u00eats. Toute l&rsquo;arm\u00e9e, tout le commandement, tout le gouvernement est \u00e0 l&rsquo;aise sous les montagnes. H\u00f4pitaux, cuisines, r\u00e9fectoires, salles de loisirs, installations sportives, cin\u00e9mas, \u00e9glises \u0153cum\u00e9niques, des r\u00e9serves pour des ann\u00e9es.\u00a0\u00bb<br \/>\n\u00ab\u00a0Et les autres gens ?\u00a0\u00bb<br \/>\n\u00ab\u00a0Quels autres ?\u00a0\u00bb<br \/>\n\u00ab\u00a0Ceux qui auraient \u00e9t\u00e9 laiss\u00e9s dans les maisons ?\u00a0\u00bb<br \/>\n\u00ab\u00a0Ceux qui auraient infiltr\u00e9 le r\u00e9gime \u00e9tranger.\u00a0\u00bb<br \/>\n\u00ab\u00a0G\u00e9nial !\u00a0\u00bb<\/p>\n<p><strong>Th\u00e8mes<\/strong><br \/>\nSuisse, coup d&rsquo;\u00c9tat, organisations clandestines, f\u00eate du couronnement, copinage<\/p>\n<p><iframe loading=\"lazy\" title=\"Lecteur vid\u00e9o YouTube\" src=\"https:\/\/www.youtube.com\/embed\/7ncAufGypVU?si=b5jYd5FElgnz7Bz0\" width=\"560\" height=\"315\" frameborder=\"0\" allowfullscreen=\"allowfullscreen\"><\/iframe><\/p>\n<\/div><\/section>\n<\/div><\/div><\/div><!-- close content main div --><\/div><\/div>\n<style type=\"text\/css\" data-created_by=\"avia_inline_auto\" id=\"style-css-av-fbiot-f1ec76308f4d06aba266faf19bdf7526\">\n.avia-section.av-fbiot-f1ec76308f4d06aba266faf19bdf7526{\nbackground-color:#ededed;\nbackground-image:unset;\n}\n<\/style>\n<div id='av_section_3'  class='avia-section av-fbiot-f1ec76308f4d06aba266faf19bdf7526 main_color avia-section-default avia-no-border-styling  avia-builder-el-12  el_after_av_section  avia-builder-el-last  post_slider avia-bg-style-scroll container_wrap fullsize'  ><div class='container av-section-cont-open' ><div class='template-page content  av-content-full alpha units'><div class='post-entry post-entry-type-page post-entry-7316'><div class='entry-content-wrapper clearfix'>\n<div  data-slideshow-options=\"{&quot;animation&quot;:&quot;fade&quot;,&quot;autoplay&quot;:false,&quot;loop_autoplay&quot;:&quot;once&quot;,&quot;interval&quot;:&quot;5&quot;,&quot;loop_manual&quot;:&quot;manual-endless&quot;,&quot;autoplay_stopper&quot;:false,&quot;noNavigation&quot;:false,&quot;show_slide_delay&quot;:90}\" class='avia-content-slider avia-content-slider-active avia-content-slider1 avia-content-slider-odd  avia-builder-el-13  avia-builder-el-no-sibling  av-slideshow-ui av-control-default   av-no-slider-navigation av-slideshow-manual av-loop-once av-loop-manual-endless '  itemscope=\"itemscope\" itemtype=\"https:\/\/schema.org\/Blog\" ><div class=\"avia-content-slider-inner\"><div class=\"slide-entry-wrap\"><article class='slide-entry flex_column  post-entry post-entry-5807 slide-entry-overview slide-loop-1 slide-parity-odd  av_one_third first real-thumbnail post-format-standard'  itemscope=\"itemscope\" itemtype=\"https:\/\/schema.org\/BlogPosting\" itemprop=\"blogPost\" ><a href='https:\/\/influence.ch\/fr\/2025\/08\/28\/il-ny-a-pas-davenir-sans-vision\/' data-rel='slide-1' class='slide-image' title='Il n&rsquo;y a pas d&rsquo;avenir sans vision'><img decoding=\"async\" width=\"495\" height=\"400\" src=\"https:\/\/influence.ch\/wp-content\/uploads\/2024\/02\/influence_Verlaeufe_V01_11-495x400.png\" class=\"wp-image-4391 avia-img-lazy-loading-not-4391 attachment-portfolio size-portfolio wp-post-image\" alt=\"\" srcset=\"https:\/\/influence.ch\/wp-content\/uploads\/2024\/02\/influence_Verlaeufe_V01_11-495x400.png 495w, https:\/\/influence.ch\/wp-content\/uploads\/2024\/02\/influence_Verlaeufe_V01_11-845x684.png 845w\" sizes=\"(max-width: 495px) 100vw, 495px\" \/><\/a><div class=\"slide-content\"><header class=\"entry-content-header\"><h3 class='slide-entry-title entry-title '  itemprop=\"headline\" ><a href='https:\/\/influence.ch\/fr\/2025\/08\/28\/il-ny-a-pas-davenir-sans-vision\/' title='Il n&rsquo;y a pas d&rsquo;avenir sans vision'>Il n&rsquo;y a pas d&rsquo;avenir sans vision<\/a><\/h3><span class=\"av-vertical-delimiter\"><\/span><\/header><div class=\"slide-meta\"><time class='slide-meta-time updated'  itemprop=\"datePublished\" datetime=\"2025-08-28T09:22:14+02:00\" >28 ao\u00fbt 2025<\/time><\/div><div class='slide-entry-excerpt entry-content'  itemprop=\"text\" >La politique au cin\u00e9ma #17 : comment un mat\u00e9riau de construction cr\u00e9e le beau, la libert\u00e9 et l'unit\u00e9 politique dans \"Megalopolis  <\/div><\/div><footer class=\"entry-footer\"><\/footer><span class='hidden'>\n\t\t\t\t<span class='av-structured-data'  itemprop=\"image\" itemscope=\"itemscope\" itemtype=\"https:\/\/schema.org\/ImageObject\" >\n\t\t\t\t\t\t<span itemprop='url'>https:\/\/influence.ch\/wp-content\/uploads\/2024\/02\/influence_Verlaeufe_V01_11.png<\/span>\n\t\t\t\t\t\t<span itemprop='height'>2169<\/span>\n\t\t\t\t\t\t<span itemprop='width'>2442<\/span>\n\t\t\t\t<\/span>\n\t\t\t\t<span class='av-structured-data'  itemprop=\"publisher\" itemtype=\"https:\/\/schema.org\/Organization\" itemscope=\"itemscope\" >\n\t\t\t\t\t\t<span itemprop='name'>Thomas Meier &amp; Matthias Halbeis<\/span>\n\t\t\t\t\t\t<span itemprop='logo' itemscope itemtype='https:\/\/schema.org\/ImageObject'>\n\t\t\t\t\t\t\t<span itemprop='url'>https:\/\/influence.ch\/wp-content\/uploads\/2025\/02\/influence_Logo_FR_weiss-1030x277.png<\/span>\n\t\t\t\t\t\t <\/span>\n\t\t\t\t<\/span><span class='av-structured-data'  itemprop=\"author\" itemscope=\"itemscope\" itemtype=\"https:\/\/schema.org\/Person\" ><span itemprop='name'>Thomas Meier &amp; Matthias Halbeis<\/span><\/span><span class='av-structured-data'  itemprop=\"datePublished\" datetime=\"2026-04-29T16:26:04+02:00\" >2025-08-28 09:22:14<\/span><span class='av-structured-data'  itemprop=\"dateModified\" itemtype=\"https:\/\/schema.org\/dateModified\" >2025-08-28 15:30:03<\/span><span class='av-structured-data'  itemprop=\"mainEntityOfPage\" itemtype=\"https:\/\/schema.org\/mainEntityOfPage\" ><span itemprop='name'>Il n&rsquo;y a pas d&rsquo;avenir sans vision<\/span><\/span><\/span><\/article><article class='slide-entry flex_column  post-entry post-entry-6929 slide-entry-overview slide-loop-2 slide-parity-even  av_one_third  real-thumbnail post-format-standard'  itemscope=\"itemscope\" itemtype=\"https:\/\/schema.org\/BlogPosting\" itemprop=\"blogPost\" ><a href='https:\/\/influence.ch\/fr\/2026\/02\/26\/la-revolution-ne-mange-pas-tous-ses-enfants\/' data-rel='slide-1' class='slide-image' title='La r\u00e9volution ne mange pas tous ses enfants'><img decoding=\"async\" width=\"495\" height=\"400\" src=\"https:\/\/influence.ch\/wp-content\/uploads\/2024\/02\/influence_Verlaeufe_V01_11-495x400.png\" class=\"wp-image-4391 avia-img-lazy-loading-not-4391 attachment-portfolio size-portfolio wp-post-image\" alt=\"\" srcset=\"https:\/\/influence.ch\/wp-content\/uploads\/2024\/02\/influence_Verlaeufe_V01_11-495x400.png 495w, https:\/\/influence.ch\/wp-content\/uploads\/2024\/02\/influence_Verlaeufe_V01_11-845x684.png 845w\" sizes=\"(max-width: 495px) 100vw, 495px\" \/><\/a><div class=\"slide-content\"><header class=\"entry-content-header\"><h3 class='slide-entry-title entry-title '  itemprop=\"headline\" ><a href='https:\/\/influence.ch\/fr\/2026\/02\/26\/la-revolution-ne-mange-pas-tous-ses-enfants\/' title='La r\u00e9volution ne mange pas tous ses enfants'>La r\u00e9volution ne mange pas tous ses enfants<\/a><\/h3><span class=\"av-vertical-delimiter\"><\/span><\/header><div class=\"slide-meta\"><time class='slide-meta-time updated'  itemprop=\"datePublished\" datetime=\"2026-02-26T11:14:43+01:00\" >26 f\u00e9vrier 2026<\/time><\/div><div class='slide-entry-excerpt entry-content'  itemprop=\"text\" >La politique au cin\u00e9ma #23 : dans One Battle After Another, le lien p\u00e8re-fille au-del\u00e0 de la lutte arm\u00e9e\r\n\r\n <\/div><\/div><footer class=\"entry-footer\"><\/footer><span class='hidden'>\n\t\t\t\t<span class='av-structured-data'  itemprop=\"image\" itemscope=\"itemscope\" itemtype=\"https:\/\/schema.org\/ImageObject\" >\n\t\t\t\t\t\t<span itemprop='url'>https:\/\/influence.ch\/wp-content\/uploads\/2024\/02\/influence_Verlaeufe_V01_11.png<\/span>\n\t\t\t\t\t\t<span itemprop='height'>2169<\/span>\n\t\t\t\t\t\t<span itemprop='width'>2442<\/span>\n\t\t\t\t<\/span>\n\t\t\t\t<span class='av-structured-data'  itemprop=\"publisher\" itemtype=\"https:\/\/schema.org\/Organization\" itemscope=\"itemscope\" >\n\t\t\t\t\t\t<span itemprop='name'>Matthias Halbeis &amp; Thomas Meier<\/span>\n\t\t\t\t\t\t<span itemprop='logo' itemscope itemtype='https:\/\/schema.org\/ImageObject'>\n\t\t\t\t\t\t\t<span itemprop='url'>https:\/\/influence.ch\/wp-content\/uploads\/2025\/02\/influence_Logo_FR_weiss-1030x277.png<\/span>\n\t\t\t\t\t\t <\/span>\n\t\t\t\t<\/span><span class='av-structured-data'  itemprop=\"author\" itemscope=\"itemscope\" itemtype=\"https:\/\/schema.org\/Person\" ><span itemprop='name'>Matthias Halbeis &amp; Thomas Meier<\/span><\/span><span class='av-structured-data'  itemprop=\"datePublished\" datetime=\"2026-04-29T16:26:04+02:00\" >2026-02-26 11:14:43<\/span><span class='av-structured-data'  itemprop=\"dateModified\" itemtype=\"https:\/\/schema.org\/dateModified\" >2026-02-26 14:13:23<\/span><span class='av-structured-data'  itemprop=\"mainEntityOfPage\" itemtype=\"https:\/\/schema.org\/mainEntityOfPage\" ><span itemprop='name'>La r\u00e9volution ne mange pas tous ses enfants<\/span><\/span><\/span><\/article><article class='slide-entry flex_column  post-entry post-entry-6769 slide-entry-overview slide-loop-3 slide-parity-odd  av_one_third  real-thumbnail post-format-standard'  itemscope=\"itemscope\" itemtype=\"https:\/\/schema.org\/BlogPosting\" itemprop=\"blogPost\" ><a href='https:\/\/influence.ch\/fr\/2026\/01\/29\/organisation-et-escalade-dans-la-guerilla-urbaine\/' data-rel='slide-1' class='slide-image' title='Organisation et escalade dans la gu\u00e9rilla urbaine'><img decoding=\"async\" width=\"495\" height=\"400\" src=\"https:\/\/influence.ch\/wp-content\/uploads\/2024\/02\/influence_Verlaeufe_V01_11-495x400.png\" class=\"wp-image-4391 avia-img-lazy-loading-not-4391 attachment-portfolio size-portfolio wp-post-image\" alt=\"\" srcset=\"https:\/\/influence.ch\/wp-content\/uploads\/2024\/02\/influence_Verlaeufe_V01_11-495x400.png 495w, https:\/\/influence.ch\/wp-content\/uploads\/2024\/02\/influence_Verlaeufe_V01_11-845x684.png 845w\" sizes=\"(max-width: 495px) 100vw, 495px\" \/><\/a><div class=\"slide-content\"><header class=\"entry-content-header\"><h3 class='slide-entry-title entry-title '  itemprop=\"headline\" ><a href='https:\/\/influence.ch\/fr\/2026\/01\/29\/organisation-et-escalade-dans-la-guerilla-urbaine\/' title='Organisation et escalade dans la gu\u00e9rilla urbaine'>Organisation et escalade dans la gu\u00e9rilla urbaine<\/a><\/h3><span class=\"av-vertical-delimiter\"><\/span><\/header><div class=\"slide-meta\"><time class='slide-meta-time updated'  itemprop=\"datePublished\" datetime=\"2026-01-29T10:18:11+01:00\" >29 janvier 2026<\/time><\/div><div class='slide-entry-excerpt entry-content'  itemprop=\"text\" >Politique au cin\u00e9ma #22 : Comment la r\u00e9sistance anticoloniale perd \u00ab La Bataille d'Alger \u00bb, mais gagne la guerre  <\/div><\/div><footer class=\"entry-footer\"><\/footer><span class='hidden'>\n\t\t\t\t<span class='av-structured-data'  itemprop=\"image\" itemscope=\"itemscope\" itemtype=\"https:\/\/schema.org\/ImageObject\" >\n\t\t\t\t\t\t<span itemprop='url'>https:\/\/influence.ch\/wp-content\/uploads\/2024\/02\/influence_Verlaeufe_V01_11.png<\/span>\n\t\t\t\t\t\t<span itemprop='height'>2169<\/span>\n\t\t\t\t\t\t<span itemprop='width'>2442<\/span>\n\t\t\t\t<\/span>\n\t\t\t\t<span class='av-structured-data'  itemprop=\"publisher\" itemtype=\"https:\/\/schema.org\/Organization\" itemscope=\"itemscope\" >\n\t\t\t\t\t\t<span itemprop='name'>Thomas Meier &amp; Matthias Halbeis<\/span>\n\t\t\t\t\t\t<span itemprop='logo' itemscope itemtype='https:\/\/schema.org\/ImageObject'>\n\t\t\t\t\t\t\t<span itemprop='url'>https:\/\/influence.ch\/wp-content\/uploads\/2025\/02\/influence_Logo_FR_weiss-1030x277.png<\/span>\n\t\t\t\t\t\t <\/span>\n\t\t\t\t<\/span><span class='av-structured-data'  itemprop=\"author\" itemscope=\"itemscope\" itemtype=\"https:\/\/schema.org\/Person\" ><span itemprop='name'>Thomas Meier &amp; Matthias Halbeis<\/span><\/span><span class='av-structured-data'  itemprop=\"datePublished\" datetime=\"2026-04-29T16:26:04+02:00\" >2026-01-29 10:18:11<\/span><span class='av-structured-data'  itemprop=\"dateModified\" itemtype=\"https:\/\/schema.org\/dateModified\" >2026-01-29 15:24:38<\/span><span class='av-structured-data'  itemprop=\"mainEntityOfPage\" itemtype=\"https:\/\/schema.org\/mainEntityOfPage\" ><span itemprop='name'>Organisation et escalade dans la gu\u00e9rilla urbaine<\/span><\/span><\/span><\/article><\/div><div class=\"slide-entry-wrap\"><article class='slide-entry flex_column  post-entry post-entry-5337 slide-entry-overview slide-loop-4 slide-parity-odd  av_one_third first real-thumbnail post-format-standard'  itemscope=\"itemscope\" itemtype=\"https:\/\/schema.org\/BlogPosting\" itemprop=\"blogPost\" ><a href='https:\/\/influence.ch\/fr\/2025\/04\/15\/le-parti-a-toujours-raison\/' data-rel='slide-1' class='slide-image' title='Le parti a toujours raison'><img decoding=\"async\" width=\"495\" height=\"400\" src=\"https:\/\/influence.ch\/wp-content\/uploads\/2024\/02\/influence_Verlaeufe_V01_11-495x400.png\" class=\"wp-image-4391 avia-img-lazy-loading-not-4391 attachment-portfolio size-portfolio wp-post-image\" alt=\"\" srcset=\"https:\/\/influence.ch\/wp-content\/uploads\/2024\/02\/influence_Verlaeufe_V01_11-495x400.png 495w, https:\/\/influence.ch\/wp-content\/uploads\/2024\/02\/influence_Verlaeufe_V01_11-845x684.png 845w\" sizes=\"(max-width: 495px) 100vw, 495px\" \/><\/a><div class=\"slide-content\"><header class=\"entry-content-header\"><h3 class='slide-entry-title entry-title '  itemprop=\"headline\" ><a href='https:\/\/influence.ch\/fr\/2025\/04\/15\/le-parti-a-toujours-raison\/' title='Le parti a toujours raison'>Le parti a toujours raison<\/a><\/h3><span class=\"av-vertical-delimiter\"><\/span><\/header><div class=\"slide-meta\"><time class='slide-meta-time updated'  itemprop=\"datePublished\" datetime=\"2025-04-15T15:15:23+02:00\" >15 avril 2025<\/time><\/div><div class='slide-entry-excerpt entry-content'  itemprop=\"text\" >La politique au cin\u00e9ma #14 : dans \"L'Aveu\", le syst\u00e8me communiste exige une ob\u00e9issance inconditionnelle<\/div><\/div><footer class=\"entry-footer\"><\/footer><span class='hidden'>\n\t\t\t\t<span class='av-structured-data'  itemprop=\"image\" itemscope=\"itemscope\" itemtype=\"https:\/\/schema.org\/ImageObject\" >\n\t\t\t\t\t\t<span itemprop='url'>https:\/\/influence.ch\/wp-content\/uploads\/2024\/02\/influence_Verlaeufe_V01_11.png<\/span>\n\t\t\t\t\t\t<span itemprop='height'>2169<\/span>\n\t\t\t\t\t\t<span itemprop='width'>2442<\/span>\n\t\t\t\t<\/span>\n\t\t\t\t<span class='av-structured-data'  itemprop=\"publisher\" itemtype=\"https:\/\/schema.org\/Organization\" itemscope=\"itemscope\" >\n\t\t\t\t\t\t<span itemprop='name'>Thomas Meier &amp; Matthias Halbeis<\/span>\n\t\t\t\t\t\t<span itemprop='logo' itemscope itemtype='https:\/\/schema.org\/ImageObject'>\n\t\t\t\t\t\t\t<span itemprop='url'>https:\/\/influence.ch\/wp-content\/uploads\/2025\/02\/influence_Logo_FR_weiss-1030x277.png<\/span>\n\t\t\t\t\t\t <\/span>\n\t\t\t\t<\/span><span class='av-structured-data'  itemprop=\"author\" itemscope=\"itemscope\" itemtype=\"https:\/\/schema.org\/Person\" ><span itemprop='name'>Thomas Meier &amp; Matthias Halbeis<\/span><\/span><span class='av-structured-data'  itemprop=\"datePublished\" datetime=\"2026-04-29T16:26:04+02:00\" >2025-04-15 15:15:23<\/span><span class='av-structured-data'  itemprop=\"dateModified\" itemtype=\"https:\/\/schema.org\/dateModified\" >2025-04-28 07:57:23<\/span><span class='av-structured-data'  itemprop=\"mainEntityOfPage\" itemtype=\"https:\/\/schema.org\/mainEntityOfPage\" ><span itemprop='name'>Le parti a toujours raison<\/span><\/span><\/span><\/article><article class='slide-entry flex_column  post-entry post-entry-7157 slide-entry-overview slide-loop-5 slide-parity-even  av_one_third  real-thumbnail post-format-standard'  itemscope=\"itemscope\" itemtype=\"https:\/\/schema.org\/BlogPosting\" itemprop=\"blogPost\" ><a href='https:\/\/influence.ch\/fr\/2026\/03\/26\/toujours-quelques-pas-davance\/' data-rel='slide-1' class='slide-image' title='Toujours quelques pas d&rsquo;avance'><img decoding=\"async\" width=\"495\" height=\"400\" src=\"https:\/\/influence.ch\/wp-content\/uploads\/2024\/02\/influence_Verlaeufe_V01_11-495x400.png\" class=\"wp-image-4391 avia-img-lazy-loading-not-4391 attachment-portfolio size-portfolio wp-post-image\" alt=\"\" srcset=\"https:\/\/influence.ch\/wp-content\/uploads\/2024\/02\/influence_Verlaeufe_V01_11-495x400.png 495w, https:\/\/influence.ch\/wp-content\/uploads\/2024\/02\/influence_Verlaeufe_V01_11-845x684.png 845w\" sizes=\"(max-width: 495px) 100vw, 495px\" \/><\/a><div class=\"slide-content\"><header class=\"entry-content-header\"><h3 class='slide-entry-title entry-title '  itemprop=\"headline\" ><a href='https:\/\/influence.ch\/fr\/2026\/03\/26\/toujours-quelques-pas-davance\/' title='Toujours quelques pas d&rsquo;avance'>Toujours quelques pas d&rsquo;avance<\/a><\/h3><span class=\"av-vertical-delimiter\"><\/span><\/header><div class=\"slide-meta\"><time class='slide-meta-time updated'  itemprop=\"datePublished\" datetime=\"2026-03-26T14:16:48+01:00\" >26 mars 2026<\/time><\/div><div class='slide-entry-excerpt entry-content'  itemprop=\"text\" >Politique au cin\u00e9ma #24 : comment \"Miss Sloane\" sacrifie tout sur l'autel du lobbying\r\n\r\n <\/div><\/div><footer class=\"entry-footer\"><\/footer><span class='hidden'>\n\t\t\t\t<span class='av-structured-data'  itemprop=\"image\" itemscope=\"itemscope\" itemtype=\"https:\/\/schema.org\/ImageObject\" >\n\t\t\t\t\t\t<span itemprop='url'>https:\/\/influence.ch\/wp-content\/uploads\/2024\/02\/influence_Verlaeufe_V01_11.png<\/span>\n\t\t\t\t\t\t<span itemprop='height'>2169<\/span>\n\t\t\t\t\t\t<span itemprop='width'>2442<\/span>\n\t\t\t\t<\/span>\n\t\t\t\t<span class='av-structured-data'  itemprop=\"publisher\" itemtype=\"https:\/\/schema.org\/Organization\" itemscope=\"itemscope\" >\n\t\t\t\t\t\t<span itemprop='name'>Thomas Meier &amp; Matthias Halbeis<\/span>\n\t\t\t\t\t\t<span itemprop='logo' itemscope itemtype='https:\/\/schema.org\/ImageObject'>\n\t\t\t\t\t\t\t<span itemprop='url'>https:\/\/influence.ch\/wp-content\/uploads\/2025\/02\/influence_Logo_FR_weiss-1030x277.png<\/span>\n\t\t\t\t\t\t <\/span>\n\t\t\t\t<\/span><span class='av-structured-data'  itemprop=\"author\" itemscope=\"itemscope\" itemtype=\"https:\/\/schema.org\/Person\" ><span itemprop='name'>Thomas Meier &amp; Matthias Halbeis<\/span><\/span><span class='av-structured-data'  itemprop=\"datePublished\" datetime=\"2026-04-29T16:26:04+02:00\" >2026-03-26 14:16:48<\/span><span class='av-structured-data'  itemprop=\"dateModified\" itemtype=\"https:\/\/schema.org\/dateModified\" >2026-03-27 13:34:00<\/span><span class='av-structured-data'  itemprop=\"mainEntityOfPage\" itemtype=\"https:\/\/schema.org\/mainEntityOfPage\" ><span itemprop='name'>Toujours quelques pas d&rsquo;avance<\/span><\/span><\/span><\/article><article class='slide-entry flex_column  post-entry post-entry-5647 slide-entry-overview slide-loop-6 slide-parity-odd  av_one_third  real-thumbnail post-format-standard'  itemscope=\"itemscope\" itemtype=\"https:\/\/schema.org\/BlogPosting\" itemprop=\"blogPost\" ><a href='https:\/\/influence.ch\/fr\/2025\/06\/26\/au-final-chacun-se-bat-pour-soi\/' data-rel='slide-1' class='slide-image' title='Au final, chacun se bat pour soi'><img decoding=\"async\" width=\"495\" height=\"400\" src=\"https:\/\/influence.ch\/wp-content\/uploads\/2024\/02\/influence_Verlaeufe_V01_11-495x400.png\" class=\"wp-image-4391 avia-img-lazy-loading-not-4391 attachment-portfolio size-portfolio wp-post-image\" alt=\"\" srcset=\"https:\/\/influence.ch\/wp-content\/uploads\/2024\/02\/influence_Verlaeufe_V01_11-495x400.png 495w, https:\/\/influence.ch\/wp-content\/uploads\/2024\/02\/influence_Verlaeufe_V01_11-845x684.png 845w\" sizes=\"(max-width: 495px) 100vw, 495px\" \/><\/a><div class=\"slide-content\"><header class=\"entry-content-header\"><h3 class='slide-entry-title entry-title '  itemprop=\"headline\" ><a href='https:\/\/influence.ch\/fr\/2025\/06\/26\/au-final-chacun-se-bat-pour-soi\/' title='Au final, chacun se bat pour soi'>Au final, chacun se bat pour soi<\/a><\/h3><span class=\"av-vertical-delimiter\"><\/span><\/header><div class=\"slide-meta\"><time class='slide-meta-time updated'  itemprop=\"datePublished\" datetime=\"2025-06-26T08:08:55+02:00\" >26 juin 2025<\/time><\/div><div class='slide-entry-excerpt entry-content'  itemprop=\"text\" >Politique au cin\u00e9ma #16 : Au final, chacun se bat pour soi<\/div><\/div><footer class=\"entry-footer\"><\/footer><span class='hidden'>\n\t\t\t\t<span class='av-structured-data'  itemprop=\"image\" itemscope=\"itemscope\" itemtype=\"https:\/\/schema.org\/ImageObject\" >\n\t\t\t\t\t\t<span itemprop='url'>https:\/\/influence.ch\/wp-content\/uploads\/2024\/02\/influence_Verlaeufe_V01_11.png<\/span>\n\t\t\t\t\t\t<span itemprop='height'>2169<\/span>\n\t\t\t\t\t\t<span itemprop='width'>2442<\/span>\n\t\t\t\t<\/span>\n\t\t\t\t<span class='av-structured-data'  itemprop=\"publisher\" itemtype=\"https:\/\/schema.org\/Organization\" itemscope=\"itemscope\" >\n\t\t\t\t\t\t<span itemprop='name'>Matthias Halbeis &amp; Thomas Meier<\/span>\n\t\t\t\t\t\t<span itemprop='logo' itemscope itemtype='https:\/\/schema.org\/ImageObject'>\n\t\t\t\t\t\t\t<span itemprop='url'>https:\/\/influence.ch\/wp-content\/uploads\/2025\/02\/influence_Logo_FR_weiss-1030x277.png<\/span>\n\t\t\t\t\t\t <\/span>\n\t\t\t\t<\/span><span class='av-structured-data'  itemprop=\"author\" itemscope=\"itemscope\" itemtype=\"https:\/\/schema.org\/Person\" ><span itemprop='name'>Matthias Halbeis &amp; Thomas Meier<\/span><\/span><span class='av-structured-data'  itemprop=\"datePublished\" datetime=\"2026-04-29T16:26:04+02:00\" >2025-06-26 08:08:55<\/span><span class='av-structured-data'  itemprop=\"dateModified\" itemtype=\"https:\/\/schema.org\/dateModified\" >2025-06-26 14:23:30<\/span><span class='av-structured-data'  itemprop=\"mainEntityOfPage\" itemtype=\"https:\/\/schema.org\/mainEntityOfPage\" ><span itemprop='name'>Au final, chacun se bat pour soi<\/span><\/span><\/span><\/article><\/div><div class=\"slide-entry-wrap\"><article class='slide-entry flex_column  post-entry post-entry-6025 slide-entry-overview slide-loop-7 slide-parity-odd  av_one_third first real-thumbnail post-format-standard'  itemscope=\"itemscope\" itemtype=\"https:\/\/schema.org\/BlogPosting\" itemprop=\"blogPost\" ><a href='https:\/\/influence.ch\/fr\/2025\/09\/23\/quand-la-guerre-contre-la-drogue-deraille\/' data-rel='slide-1' class='slide-image' title='Quand la guerre contre la drogue d\u00e9raille'><img decoding=\"async\" width=\"495\" height=\"400\" src=\"https:\/\/influence.ch\/wp-content\/uploads\/2024\/02\/influence_Verlaeufe_V01_11-495x400.png\" class=\"wp-image-4391 avia-img-lazy-loading-not-4391 attachment-portfolio size-portfolio wp-post-image\" alt=\"\" srcset=\"https:\/\/influence.ch\/wp-content\/uploads\/2024\/02\/influence_Verlaeufe_V01_11-495x400.png 495w, https:\/\/influence.ch\/wp-content\/uploads\/2024\/02\/influence_Verlaeufe_V01_11-845x684.png 845w\" sizes=\"(max-width: 495px) 100vw, 495px\" \/><\/a><div class=\"slide-content\"><header class=\"entry-content-header\"><h3 class='slide-entry-title entry-title '  itemprop=\"headline\" ><a href='https:\/\/influence.ch\/fr\/2025\/09\/23\/quand-la-guerre-contre-la-drogue-deraille\/' title='Quand la guerre contre la drogue d\u00e9raille'>Quand la guerre contre la drogue d\u00e9raille<\/a><\/h3><span class=\"av-vertical-delimiter\"><\/span><\/header><div class=\"slide-meta\"><time class='slide-meta-time updated'  itemprop=\"datePublished\" datetime=\"2025-09-23T13:54:39+02:00\" >23 septembre 2025<\/time><\/div><div class='slide-entry-excerpt entry-content'  itemprop=\"text\" >La politique au cin\u00e9ma #18 : quand la Maison Blanche cherche des avantages politiques et que seul un agent de la CIA cherche la v\u00e9rit\u00e9<\/div><\/div><footer class=\"entry-footer\"><\/footer><span class='hidden'>\n\t\t\t\t<span class='av-structured-data'  itemprop=\"image\" itemscope=\"itemscope\" itemtype=\"https:\/\/schema.org\/ImageObject\" >\n\t\t\t\t\t\t<span itemprop='url'>https:\/\/influence.ch\/wp-content\/uploads\/2024\/02\/influence_Verlaeufe_V01_11.png<\/span>\n\t\t\t\t\t\t<span itemprop='height'>2169<\/span>\n\t\t\t\t\t\t<span itemprop='width'>2442<\/span>\n\t\t\t\t<\/span>\n\t\t\t\t<span class='av-structured-data'  itemprop=\"publisher\" itemtype=\"https:\/\/schema.org\/Organization\" itemscope=\"itemscope\" >\n\t\t\t\t\t\t<span itemprop='name'>Thomas Meier &amp; Matthias Halbeis<\/span>\n\t\t\t\t\t\t<span itemprop='logo' itemscope itemtype='https:\/\/schema.org\/ImageObject'>\n\t\t\t\t\t\t\t<span itemprop='url'>https:\/\/influence.ch\/wp-content\/uploads\/2025\/02\/influence_Logo_FR_weiss-1030x277.png<\/span>\n\t\t\t\t\t\t <\/span>\n\t\t\t\t<\/span><span class='av-structured-data'  itemprop=\"author\" itemscope=\"itemscope\" itemtype=\"https:\/\/schema.org\/Person\" ><span itemprop='name'>Thomas Meier &amp; Matthias Halbeis<\/span><\/span><span class='av-structured-data'  itemprop=\"datePublished\" datetime=\"2026-04-29T16:26:04+02:00\" >2025-09-23 13:54:39<\/span><span class='av-structured-data'  itemprop=\"dateModified\" itemtype=\"https:\/\/schema.org\/dateModified\" >2025-09-25 15:35:34<\/span><span class='av-structured-data'  itemprop=\"mainEntityOfPage\" itemtype=\"https:\/\/schema.org\/mainEntityOfPage\" ><span itemprop='name'>Quand la guerre contre la drogue d\u00e9raille<\/span><\/span><\/span><\/article><article class='slide-entry flex_column  post-entry post-entry-6418 slide-entry-overview slide-loop-8 slide-parity-even  av_one_third  real-thumbnail post-format-standard'  itemscope=\"itemscope\" itemtype=\"https:\/\/schema.org\/BlogPosting\" itemprop=\"blogPost\" ><a href='https:\/\/influence.ch\/fr\/2025\/11\/27\/le-pouvoir-de-decision-vu-comme-une-contrainte\/' data-rel='slide-1' class='slide-image' title='Le pouvoir de d\u00e9cision vu comme une contrainte'><img decoding=\"async\" width=\"495\" height=\"400\" src=\"https:\/\/influence.ch\/wp-content\/uploads\/2024\/02\/influence_Verlaeufe_V01_11-495x400.png\" class=\"wp-image-4391 avia-img-lazy-loading-not-4391 attachment-portfolio size-portfolio wp-post-image\" alt=\"\" srcset=\"https:\/\/influence.ch\/wp-content\/uploads\/2024\/02\/influence_Verlaeufe_V01_11-495x400.png 495w, https:\/\/influence.ch\/wp-content\/uploads\/2024\/02\/influence_Verlaeufe_V01_11-845x684.png 845w\" sizes=\"(max-width: 495px) 100vw, 495px\" \/><\/a><div class=\"slide-content\"><header class=\"entry-content-header\"><h3 class='slide-entry-title entry-title '  itemprop=\"headline\" ><a href='https:\/\/influence.ch\/fr\/2025\/11\/27\/le-pouvoir-de-decision-vu-comme-une-contrainte\/' title='Le pouvoir de d\u00e9cision vu comme une contrainte'>Le pouvoir de d\u00e9cision vu comme une contrainte<\/a><\/h3><span class=\"av-vertical-delimiter\"><\/span><\/header><div class=\"slide-meta\"><time class='slide-meta-time updated'  itemprop=\"datePublished\" datetime=\"2025-11-27T13:30:15+01:00\" >27 novembre 2025<\/time><\/div><div class='slide-entry-excerpt entry-content'  itemprop=\"text\" >La politique au cin\u00e9ma #20: Comment une attaque nucl\u00e9aire plonge les dirigeants am\u00e9ricains dans l'impuissance<\/div><\/div><footer class=\"entry-footer\"><\/footer><span class='hidden'>\n\t\t\t\t<span class='av-structured-data'  itemprop=\"image\" itemscope=\"itemscope\" itemtype=\"https:\/\/schema.org\/ImageObject\" >\n\t\t\t\t\t\t<span itemprop='url'>https:\/\/influence.ch\/wp-content\/uploads\/2024\/02\/influence_Verlaeufe_V01_11.png<\/span>\n\t\t\t\t\t\t<span itemprop='height'>2169<\/span>\n\t\t\t\t\t\t<span itemprop='width'>2442<\/span>\n\t\t\t\t<\/span>\n\t\t\t\t<span class='av-structured-data'  itemprop=\"publisher\" itemtype=\"https:\/\/schema.org\/Organization\" itemscope=\"itemscope\" >\n\t\t\t\t\t\t<span itemprop='name'>Thomas Meier &amp; Matthias Halbeis<\/span>\n\t\t\t\t\t\t<span itemprop='logo' itemscope itemtype='https:\/\/schema.org\/ImageObject'>\n\t\t\t\t\t\t\t<span itemprop='url'>https:\/\/influence.ch\/wp-content\/uploads\/2025\/02\/influence_Logo_FR_weiss-1030x277.png<\/span>\n\t\t\t\t\t\t <\/span>\n\t\t\t\t<\/span><span class='av-structured-data'  itemprop=\"author\" itemscope=\"itemscope\" itemtype=\"https:\/\/schema.org\/Person\" ><span itemprop='name'>Thomas Meier &amp; Matthias Halbeis<\/span><\/span><span class='av-structured-data'  itemprop=\"datePublished\" datetime=\"2026-04-29T16:26:04+02:00\" >2025-11-27 13:30:15<\/span><span class='av-structured-data'  itemprop=\"dateModified\" itemtype=\"https:\/\/schema.org\/dateModified\" >2025-11-27 15:32:21<\/span><span class='av-structured-data'  itemprop=\"mainEntityOfPage\" itemtype=\"https:\/\/schema.org\/mainEntityOfPage\" ><span itemprop='name'>Le pouvoir de d\u00e9cision vu comme une contrainte<\/span><\/span><\/span><\/article><article class='slide-entry flex_column  post-entry post-entry-6583 slide-entry-overview slide-loop-9 slide-parity-odd  post-entry-last  av_one_third  real-thumbnail post-format-standard'  itemscope=\"itemscope\" itemtype=\"https:\/\/schema.org\/BlogPosting\" itemprop=\"blogPost\" ><a href='https:\/\/influence.ch\/fr\/2025\/12\/23\/radio-kills-the-door-to-door-star\/' data-rel='slide-1' class='slide-image' title='Radio Kills the Door-to-Door Star'><img decoding=\"async\" width=\"495\" height=\"400\" src=\"https:\/\/influence.ch\/wp-content\/uploads\/2024\/02\/influence_Verlaeufe_V01_11-495x400.png\" class=\"wp-image-4391 avia-img-lazy-loading-not-4391 attachment-portfolio size-portfolio wp-post-image\" alt=\"\" srcset=\"https:\/\/influence.ch\/wp-content\/uploads\/2024\/02\/influence_Verlaeufe_V01_11-495x400.png 495w, https:\/\/influence.ch\/wp-content\/uploads\/2024\/02\/influence_Verlaeufe_V01_11-845x684.png 845w\" sizes=\"(max-width: 495px) 100vw, 495px\" \/><\/a><div class=\"slide-content\"><header class=\"entry-content-header\"><h3 class='slide-entry-title entry-title '  itemprop=\"headline\" ><a href='https:\/\/influence.ch\/fr\/2025\/12\/23\/radio-kills-the-door-to-door-star\/' title='Radio Kills the Door-to-Door Star'>Radio Kills the Door-to-Door Star<\/a><\/h3><span class=\"av-vertical-delimiter\"><\/span><\/header><div class=\"slide-meta\"><time class='slide-meta-time updated'  itemprop=\"datePublished\" datetime=\"2025-12-23T06:19:39+01:00\" >23 d\u00e9cembre 2025<\/time><\/div><div class='slide-entry-excerpt entry-content'  itemprop=\"text\" >La politique au cin\u00e9ma #21 : comment une chanson country d\u00e9cide de l'\u00e9lection d'un gouverneur dans \"O Brother, Where Art Thou ?  <\/div><\/div><footer class=\"entry-footer\"><\/footer><span class='hidden'>\n\t\t\t\t<span class='av-structured-data'  itemprop=\"image\" itemscope=\"itemscope\" itemtype=\"https:\/\/schema.org\/ImageObject\" >\n\t\t\t\t\t\t<span itemprop='url'>https:\/\/influence.ch\/wp-content\/uploads\/2024\/02\/influence_Verlaeufe_V01_11.png<\/span>\n\t\t\t\t\t\t<span itemprop='height'>2169<\/span>\n\t\t\t\t\t\t<span itemprop='width'>2442<\/span>\n\t\t\t\t<\/span>\n\t\t\t\t<span class='av-structured-data'  itemprop=\"publisher\" itemtype=\"https:\/\/schema.org\/Organization\" itemscope=\"itemscope\" >\n\t\t\t\t\t\t<span itemprop='name'>Thomas Meier &amp; Matthias Halbeis<\/span>\n\t\t\t\t\t\t<span itemprop='logo' itemscope itemtype='https:\/\/schema.org\/ImageObject'>\n\t\t\t\t\t\t\t<span itemprop='url'>https:\/\/influence.ch\/wp-content\/uploads\/2025\/02\/influence_Logo_FR_weiss-1030x277.png<\/span>\n\t\t\t\t\t\t <\/span>\n\t\t\t\t<\/span><span class='av-structured-data'  itemprop=\"author\" itemscope=\"itemscope\" itemtype=\"https:\/\/schema.org\/Person\" ><span itemprop='name'>Thomas Meier &amp; Matthias Halbeis<\/span><\/span><span class='av-structured-data'  itemprop=\"datePublished\" datetime=\"2026-04-29T16:26:04+02:00\" >2025-12-23 06:19:39<\/span><span class='av-structured-data'  itemprop=\"dateModified\" itemtype=\"https:\/\/schema.org\/dateModified\" >2025-12-23 11:17:09<\/span><span class='av-structured-data'  itemprop=\"mainEntityOfPage\" itemtype=\"https:\/\/schema.org\/mainEntityOfPage\" ><span itemprop='name'>Radio Kills the Door-to-Door Star<\/span><\/span><\/span><\/article><\/div><\/div><div class='avia-slideshow-arrows avia-slideshow-controls' ><a href='#prev' class='prev-slide ' aria-hidden='true' data-av_icon='\ue87c' data-av_iconfont='entypo-fontello'  tabindex='-1'>Pr\u00e9c\u00e9dent<\/a><a href='#next' class='next-slide ' aria-hidden='true' data-av_icon='\ue87d' data-av_iconfont='entypo-fontello'  tabindex='-1'>Suivant<\/a><\/div><\/div>\n<\/p>\n","protected":false},"excerpt":{"rendered":"<p>La politique au cin\u00e9ma #25 : \u00ab B\u00e9r\u00e9zina ou les derniers jours de la Suisse\u00a0\u00bb<\/p>\n","protected":false},"author":77,"featured_media":4391,"comment_status":"closed","ping_status":"closed","sticky":false,"template":"","format":"standard","meta":{"footnotes":""},"categories":[47],"tags":[],"class_list":["post-7316","post","type-post","status-publish","format-standard","has-post-thumbnail","hentry","category-la-politique-au-cinema"],"yoast_head":"<!-- This site is optimized with the Yoast SEO plugin v27.0 - https:\/\/yoast.com\/product\/yoast-seo-wordpress\/ -->\n<title>Le groupe Cobra l\u00e8ve la t\u00eate - influence powered by furrerhugi<\/title>\n<meta name=\"description\" content=\"La politique au cin\u00e9ma #25 : comment l&#039;esprit de r\u00e9sistance entra\u00eene des cons\u00e9quences paradoxales dans &quot;B\u00e9r\u00e9zina ou les derniers jours de la Suisse&quot;.\" \/>\n<meta name=\"robots\" content=\"index, follow, max-snippet:-1, max-image-preview:large, max-video-preview:-1\" \/>\n<link rel=\"canonical\" href=\"https:\/\/influence.ch\/fr\/2026\/04\/29\/le-groupe-cobra-leve-la-tete\/\" \/>\n<meta property=\"og:locale\" content=\"fr_FR\" \/>\n<meta property=\"og:type\" content=\"article\" \/>\n<meta property=\"og:title\" content=\"Le groupe Cobra l\u00e8ve la t\u00eate - influence powered by furrerhugi\" \/>\n<meta property=\"og:description\" content=\"La politique au cin\u00e9ma #25 : comment l&#039;esprit de r\u00e9sistance entra\u00eene des cons\u00e9quences paradoxales dans &quot;B\u00e9r\u00e9zina ou les derniers jours de la Suisse&quot;.\" \/>\n<meta property=\"og:url\" content=\"https:\/\/influence.ch\/fr\/2026\/04\/29\/le-groupe-cobra-leve-la-tete\/\" \/>\n<meta property=\"og:site_name\" content=\"influence powered by furrerhugi\" \/>\n<meta property=\"article:published_time\" content=\"2026-04-29T14:26:04+00:00\" \/>\n<meta property=\"article:modified_time\" content=\"2026-04-29T14:36:00+00:00\" \/>\n<meta property=\"og:image\" content=\"https:\/\/influence.ch\/wp-content\/uploads\/2026\/03\/Miss-Sloane-1030x429.jpg\" \/>\n<meta name=\"author\" content=\"Thomas Meier &amp; Matthias Halbeis\" \/>\n<meta name=\"twitter:card\" content=\"summary_large_image\" \/>\n<meta name=\"twitter:image\" content=\"https:\/\/influence.ch\/wp-content\/uploads\/2026\/03\/Miss-Sloane-1030x429.jpg\" \/>\n<meta name=\"twitter:label1\" content=\"\u00c9crit par\" \/>\n\t<meta name=\"twitter:data1\" content=\"Thomas Meier &amp; Matthias Halbeis\" \/>\n\t<meta name=\"twitter:label2\" content=\"Dur\u00e9e de lecture estim\u00e9e\" \/>\n\t<meta name=\"twitter:data2\" content=\"10 minutes\" \/>\n<script type=\"application\/ld+json\" class=\"yoast-schema-graph\">{\"@context\":\"https:\/\/schema.org\",\"@graph\":[{\"@type\":\"Article\",\"@id\":\"https:\/\/influence.ch\/fr\/2026\/04\/29\/le-groupe-cobra-leve-la-tete\/#article\",\"isPartOf\":{\"@id\":\"https:\/\/influence.ch\/fr\/2026\/04\/29\/le-groupe-cobra-leve-la-tete\/\"},\"author\":{\"name\":\"Thomas Meier &amp; Matthias Halbeis\",\"@id\":\"https:\/\/influence.ch\/#\/schema\/person\/f2f0cbb5a087db62cc4303bc706a4c70\"},\"headline\":\"Le groupe Cobra l\u00e8ve la t\u00eate\",\"datePublished\":\"2026-04-29T14:26:04+00:00\",\"dateModified\":\"2026-04-29T14:36:00+00:00\",\"mainEntityOfPage\":{\"@id\":\"https:\/\/influence.ch\/fr\/2026\/04\/29\/le-groupe-cobra-leve-la-tete\/\"},\"wordCount\":2937,\"image\":{\"@id\":\"https:\/\/influence.ch\/fr\/2026\/04\/29\/le-groupe-cobra-leve-la-tete\/#primaryimage\"},\"thumbnailUrl\":\"https:\/\/influence.ch\/wp-content\/uploads\/2024\/02\/influence_Verlaeufe_V01_11.png\",\"articleSection\":[\"La politique au cin\u00e9ma\"],\"inLanguage\":\"fr-FR\"},{\"@type\":\"WebPage\",\"@id\":\"https:\/\/influence.ch\/fr\/2026\/04\/29\/le-groupe-cobra-leve-la-tete\/\",\"url\":\"https:\/\/influence.ch\/fr\/2026\/04\/29\/le-groupe-cobra-leve-la-tete\/\",\"name\":\"Le groupe Cobra l\u00e8ve la t\u00eate - influence powered by furrerhugi\",\"isPartOf\":{\"@id\":\"https:\/\/influence.ch\/#website\"},\"primaryImageOfPage\":{\"@id\":\"https:\/\/influence.ch\/fr\/2026\/04\/29\/le-groupe-cobra-leve-la-tete\/#primaryimage\"},\"image\":{\"@id\":\"https:\/\/influence.ch\/fr\/2026\/04\/29\/le-groupe-cobra-leve-la-tete\/#primaryimage\"},\"thumbnailUrl\":\"https:\/\/influence.ch\/wp-content\/uploads\/2024\/02\/influence_Verlaeufe_V01_11.png\",\"datePublished\":\"2026-04-29T14:26:04+00:00\",\"dateModified\":\"2026-04-29T14:36:00+00:00\",\"author\":{\"@id\":\"https:\/\/influence.ch\/#\/schema\/person\/f2f0cbb5a087db62cc4303bc706a4c70\"},\"description\":\"La politique au cin\u00e9ma #25 : comment l'esprit de r\u00e9sistance entra\u00eene des cons\u00e9quences paradoxales dans \\\"B\u00e9r\u00e9zina ou les derniers jours de la Suisse\\\".\",\"breadcrumb\":{\"@id\":\"https:\/\/influence.ch\/fr\/2026\/04\/29\/le-groupe-cobra-leve-la-tete\/#breadcrumb\"},\"inLanguage\":\"fr-FR\",\"potentialAction\":[{\"@type\":\"ReadAction\",\"target\":[\"https:\/\/influence.ch\/fr\/2026\/04\/29\/le-groupe-cobra-leve-la-tete\/\"]}]},{\"@type\":\"ImageObject\",\"inLanguage\":\"fr-FR\",\"@id\":\"https:\/\/influence.ch\/fr\/2026\/04\/29\/le-groupe-cobra-leve-la-tete\/#primaryimage\",\"url\":\"https:\/\/influence.ch\/wp-content\/uploads\/2024\/02\/influence_Verlaeufe_V01_11.png\",\"contentUrl\":\"https:\/\/influence.ch\/wp-content\/uploads\/2024\/02\/influence_Verlaeufe_V01_11.png\",\"width\":2442,\"height\":2169},{\"@type\":\"BreadcrumbList\",\"@id\":\"https:\/\/influence.ch\/fr\/2026\/04\/29\/le-groupe-cobra-leve-la-tete\/#breadcrumb\",\"itemListElement\":[{\"@type\":\"ListItem\",\"position\":1,\"name\":\"Startseite\",\"item\":\"https:\/\/influence.ch\/fr\/influence\/\"},{\"@type\":\"ListItem\",\"position\":2,\"name\":\"Le groupe Cobra l\u00e8ve la t\u00eate\"}]},{\"@type\":\"WebSite\",\"@id\":\"https:\/\/influence.ch\/#website\",\"url\":\"https:\/\/influence.ch\/\",\"name\":\"influence powered by furrerhugi\",\"description\":\"Vorsprung durch Wissen\",\"potentialAction\":[{\"@type\":\"SearchAction\",\"target\":{\"@type\":\"EntryPoint\",\"urlTemplate\":\"https:\/\/influence.ch\/?s={search_term_string}\"},\"query-input\":{\"@type\":\"PropertyValueSpecification\",\"valueRequired\":true,\"valueName\":\"search_term_string\"}}],\"inLanguage\":\"fr-FR\"},{\"@type\":\"Person\",\"@id\":\"https:\/\/influence.ch\/#\/schema\/person\/f2f0cbb5a087db62cc4303bc706a4c70\",\"name\":\"Thomas Meier &amp; Matthias Halbeis\",\"image\":{\"@type\":\"ImageObject\",\"inLanguage\":\"fr-FR\",\"@id\":\"https:\/\/influence.ch\/#\/schema\/person\/image\/\",\"url\":\"https:\/\/secure.gravatar.com\/avatar\/0498aa4543bd05ec4ec13c78338d77b4b3e0f1bf93be6886a1bd4ab48ae35933?s=96&d=mm&r=g\",\"contentUrl\":\"https:\/\/secure.gravatar.com\/avatar\/0498aa4543bd05ec4ec13c78338d77b4b3e0f1bf93be6886a1bd4ab48ae35933?s=96&d=mm&r=g\",\"caption\":\"Thomas Meier &amp; Matthias Halbeis\"},\"url\":\"https:\/\/influence.ch\/fr\/author\/meier-halbeis\/\"}]}<\/script>\n<!-- \/ Yoast SEO plugin. -->","yoast_head_json":{"title":"Le groupe Cobra l\u00e8ve la t\u00eate - influence powered by furrerhugi","description":"La politique au cin\u00e9ma #25 : comment l'esprit de r\u00e9sistance entra\u00eene des cons\u00e9quences paradoxales dans \"B\u00e9r\u00e9zina ou les derniers jours de la Suisse\".","robots":{"index":"index","follow":"follow","max-snippet":"max-snippet:-1","max-image-preview":"max-image-preview:large","max-video-preview":"max-video-preview:-1"},"canonical":"https:\/\/influence.ch\/fr\/2026\/04\/29\/le-groupe-cobra-leve-la-tete\/","og_locale":"fr_FR","og_type":"article","og_title":"Le groupe Cobra l\u00e8ve la t\u00eate - influence powered by furrerhugi","og_description":"La politique au cin\u00e9ma #25 : comment l'esprit de r\u00e9sistance entra\u00eene des cons\u00e9quences paradoxales dans \"B\u00e9r\u00e9zina ou les derniers jours de la Suisse\".","og_url":"https:\/\/influence.ch\/fr\/2026\/04\/29\/le-groupe-cobra-leve-la-tete\/","og_site_name":"influence powered by furrerhugi","article_published_time":"2026-04-29T14:26:04+00:00","article_modified_time":"2026-04-29T14:36:00+00:00","og_image":[{"url":"https:\/\/influence.ch\/wp-content\/uploads\/2026\/03\/Miss-Sloane-1030x429.jpg","type":"","width":"","height":""}],"author":"Thomas Meier &amp; Matthias Halbeis","twitter_card":"summary_large_image","twitter_image":"https:\/\/influence.ch\/wp-content\/uploads\/2026\/03\/Miss-Sloane-1030x429.jpg","twitter_misc":{"\u00c9crit par":"Thomas Meier &amp; Matthias Halbeis","Dur\u00e9e de lecture estim\u00e9e":"10 minutes"},"schema":{"@context":"https:\/\/schema.org","@graph":[{"@type":"Article","@id":"https:\/\/influence.ch\/fr\/2026\/04\/29\/le-groupe-cobra-leve-la-tete\/#article","isPartOf":{"@id":"https:\/\/influence.ch\/fr\/2026\/04\/29\/le-groupe-cobra-leve-la-tete\/"},"author":{"name":"Thomas Meier &amp; Matthias Halbeis","@id":"https:\/\/influence.ch\/#\/schema\/person\/f2f0cbb5a087db62cc4303bc706a4c70"},"headline":"Le groupe Cobra l\u00e8ve la t\u00eate","datePublished":"2026-04-29T14:26:04+00:00","dateModified":"2026-04-29T14:36:00+00:00","mainEntityOfPage":{"@id":"https:\/\/influence.ch\/fr\/2026\/04\/29\/le-groupe-cobra-leve-la-tete\/"},"wordCount":2937,"image":{"@id":"https:\/\/influence.ch\/fr\/2026\/04\/29\/le-groupe-cobra-leve-la-tete\/#primaryimage"},"thumbnailUrl":"https:\/\/influence.ch\/wp-content\/uploads\/2024\/02\/influence_Verlaeufe_V01_11.png","articleSection":["La politique au cin\u00e9ma"],"inLanguage":"fr-FR"},{"@type":"WebPage","@id":"https:\/\/influence.ch\/fr\/2026\/04\/29\/le-groupe-cobra-leve-la-tete\/","url":"https:\/\/influence.ch\/fr\/2026\/04\/29\/le-groupe-cobra-leve-la-tete\/","name":"Le groupe Cobra l\u00e8ve la t\u00eate - influence powered by furrerhugi","isPartOf":{"@id":"https:\/\/influence.ch\/#website"},"primaryImageOfPage":{"@id":"https:\/\/influence.ch\/fr\/2026\/04\/29\/le-groupe-cobra-leve-la-tete\/#primaryimage"},"image":{"@id":"https:\/\/influence.ch\/fr\/2026\/04\/29\/le-groupe-cobra-leve-la-tete\/#primaryimage"},"thumbnailUrl":"https:\/\/influence.ch\/wp-content\/uploads\/2024\/02\/influence_Verlaeufe_V01_11.png","datePublished":"2026-04-29T14:26:04+00:00","dateModified":"2026-04-29T14:36:00+00:00","author":{"@id":"https:\/\/influence.ch\/#\/schema\/person\/f2f0cbb5a087db62cc4303bc706a4c70"},"description":"La politique au cin\u00e9ma #25 : comment l'esprit de r\u00e9sistance entra\u00eene des cons\u00e9quences paradoxales dans \"B\u00e9r\u00e9zina ou les derniers jours de la Suisse\".","breadcrumb":{"@id":"https:\/\/influence.ch\/fr\/2026\/04\/29\/le-groupe-cobra-leve-la-tete\/#breadcrumb"},"inLanguage":"fr-FR","potentialAction":[{"@type":"ReadAction","target":["https:\/\/influence.ch\/fr\/2026\/04\/29\/le-groupe-cobra-leve-la-tete\/"]}]},{"@type":"ImageObject","inLanguage":"fr-FR","@id":"https:\/\/influence.ch\/fr\/2026\/04\/29\/le-groupe-cobra-leve-la-tete\/#primaryimage","url":"https:\/\/influence.ch\/wp-content\/uploads\/2024\/02\/influence_Verlaeufe_V01_11.png","contentUrl":"https:\/\/influence.ch\/wp-content\/uploads\/2024\/02\/influence_Verlaeufe_V01_11.png","width":2442,"height":2169},{"@type":"BreadcrumbList","@id":"https:\/\/influence.ch\/fr\/2026\/04\/29\/le-groupe-cobra-leve-la-tete\/#breadcrumb","itemListElement":[{"@type":"ListItem","position":1,"name":"Startseite","item":"https:\/\/influence.ch\/fr\/influence\/"},{"@type":"ListItem","position":2,"name":"Le groupe Cobra l\u00e8ve la t\u00eate"}]},{"@type":"WebSite","@id":"https:\/\/influence.ch\/#website","url":"https:\/\/influence.ch\/","name":"influence powered by furrerhugi","description":"Vorsprung durch Wissen","potentialAction":[{"@type":"SearchAction","target":{"@type":"EntryPoint","urlTemplate":"https:\/\/influence.ch\/?s={search_term_string}"},"query-input":{"@type":"PropertyValueSpecification","valueRequired":true,"valueName":"search_term_string"}}],"inLanguage":"fr-FR"},{"@type":"Person","@id":"https:\/\/influence.ch\/#\/schema\/person\/f2f0cbb5a087db62cc4303bc706a4c70","name":"Thomas Meier &amp; Matthias Halbeis","image":{"@type":"ImageObject","inLanguage":"fr-FR","@id":"https:\/\/influence.ch\/#\/schema\/person\/image\/","url":"https:\/\/secure.gravatar.com\/avatar\/0498aa4543bd05ec4ec13c78338d77b4b3e0f1bf93be6886a1bd4ab48ae35933?s=96&d=mm&r=g","contentUrl":"https:\/\/secure.gravatar.com\/avatar\/0498aa4543bd05ec4ec13c78338d77b4b3e0f1bf93be6886a1bd4ab48ae35933?s=96&d=mm&r=g","caption":"Thomas Meier &amp; Matthias Halbeis"},"url":"https:\/\/influence.ch\/fr\/author\/meier-halbeis\/"}]}},"_links":{"self":[{"href":"https:\/\/influence.ch\/fr\/wp-json\/wp\/v2\/posts\/7316","targetHints":{"allow":["GET"]}}],"collection":[{"href":"https:\/\/influence.ch\/fr\/wp-json\/wp\/v2\/posts"}],"about":[{"href":"https:\/\/influence.ch\/fr\/wp-json\/wp\/v2\/types\/post"}],"author":[{"embeddable":true,"href":"https:\/\/influence.ch\/fr\/wp-json\/wp\/v2\/users\/77"}],"replies":[{"embeddable":true,"href":"https:\/\/influence.ch\/fr\/wp-json\/wp\/v2\/comments?post=7316"}],"version-history":[{"count":8,"href":"https:\/\/influence.ch\/fr\/wp-json\/wp\/v2\/posts\/7316\/revisions"}],"predecessor-version":[{"id":7358,"href":"https:\/\/influence.ch\/fr\/wp-json\/wp\/v2\/posts\/7316\/revisions\/7358"}],"wp:featuredmedia":[{"embeddable":true,"href":"https:\/\/influence.ch\/fr\/wp-json\/wp\/v2\/media\/4391"}],"wp:attachment":[{"href":"https:\/\/influence.ch\/fr\/wp-json\/wp\/v2\/media?parent=7316"}],"wp:term":[{"taxonomy":"category","embeddable":true,"href":"https:\/\/influence.ch\/fr\/wp-json\/wp\/v2\/categories?post=7316"},{"taxonomy":"post_tag","embeddable":true,"href":"https:\/\/influence.ch\/fr\/wp-json\/wp\/v2\/tags?post=7316"}],"curies":[{"name":"wp","href":"https:\/\/api.w.org\/{rel}","templated":true}]}}