{"id":7312,"date":"2026-04-29T16:25:15","date_gmt":"2026-04-29T14:25:15","guid":{"rendered":"https:\/\/influence.ch\/?p=7312"},"modified":"2026-04-29T18:32:51","modified_gmt":"2026-04-29T16:32:51","slug":"le-centre-silencieux","status":"publish","type":"post","link":"https:\/\/influence.ch\/fr\/2026\/04\/29\/le-centre-silencieux\/","title":{"rendered":"Une population silencieuse"},"content":{"rendered":"\n<style type=\"text\/css\" data-created_by=\"avia_inline_auto\" id=\"style-css-av-37s3-dc5ab0bdae0e6b1e5284627a5833266b\">\n.avia-section.av-37s3-dc5ab0bdae0e6b1e5284627a5833266b{\nmargin-top:20px;\nmargin-bottom:20px;\n}\n<\/style>\n<div id='av_section_1'  class='avia-section av-37s3-dc5ab0bdae0e6b1e5284627a5833266b main_color avia-section-default avia-no-border-styling  avia-builder-el-0  el_before_av_section  avia-builder-el-first  head_komm avia-bg-style-scroll container_wrap fullsize'  ><div class='container av-section-cont-open' ><main  role=\"main\" itemprop=\"mainContentOfPage\"  class='template-page content  av-content-full alpha units'><div class='post-entry post-entry-type-page post-entry-7312'><div class='entry-content-wrapper clearfix'>\n\n<style type=\"text\/css\" data-created_by=\"avia_inline_auto\" id=\"style-css-av-ll3dnv6h-4148c811db292f0b98b5ef1a1b585ab3\">\n#top .hr.hr-invisible.av-ll3dnv6h-4148c811db292f0b98b5ef1a1b585ab3{\nheight:40px;\n}\n<\/style>\n<div  class='hr av-ll3dnv6h-4148c811db292f0b98b5ef1a1b585ab3 hr-invisible  avia-builder-el-1  el_before_av_post_metadata  avia-builder-el-first '><span class='hr-inner '><span class=\"hr-inner-style\"><\/span><\/span><\/div>\n\n<style type=\"text\/css\" data-created_by=\"avia_inline_auto\" id=\"style-css-av-ll2bygrq-a1a13b3da260d9c9d49905a783ae5cc5\">\n#top .av-post-metadata-container.av-ll2bygrq-a1a13b3da260d9c9d49905a783ae5cc5{\ncolor:#ffffff;\nfont-size:22px;\n}\n#top .av-post-metadata-container.av-ll2bygrq-a1a13b3da260d9c9d49905a783ae5cc5 .av-post-metadata-container-inner{\nfont-size:22px;\n}\n<\/style>\n<div  id=\"author\"  class='av-post-metadata-container av-ll2bygrq-a1a13b3da260d9c9d49905a783ae5cc5 av-metadata-container-align-left  avia-builder-el-2  el_after_av_hr  el_before_av_one_full  av-desktop-hide av-medium-hide av-small-hide av-mini-hide av-metadata-container-1'><div class='av-post-metadata-container-inner'><span class=\"av-post-metadata-content av-post-metadata-meta-content\"><span class=\"av-post-metadata-content av-post-metadata-category\"><span class=\"av-post-metadata-category-link\" ><a href=\"https:\/\/influence.ch\/fr\/category\/societe\/\" >Soci\u00e9t\u00e9<\/a><\/span><\/span><\/span><\/div><\/div>\n<div class='flex_column av-580n-a0c99beb2a1882896586deb18bcf5405 av_one_full  avia-builder-el-3  el_after_av_post_metadata  el_before_av_post_metadata  first flex_column_div '     ><style type=\"text\/css\" data-created_by=\"avia_inline_auto\" id=\"style-css-av-lajol5k3-bcabd5439ce39e62158db334b9b99d68\">\n#top .av_textblock_section.av-lajol5k3-bcabd5439ce39e62158db334b9b99d68 .avia_textblock{\ncolor:#ffffff;\n}\n<\/style>\n<section  class='av_textblock_section av-lajol5k3-bcabd5439ce39e62158db334b9b99d68'  itemscope=\"itemscope\" itemtype=\"https:\/\/schema.org\/BlogPosting\" itemprop=\"blogPost\" ><div class='avia_textblock av_inherit_color'  itemprop=\"text\" ><h1 style=\"text-align: center;\"><\/h1>\n<h1 style=\"text-align: center;\">Une population silencieuse<\/h1>\n<p style=\"text-align: center;\">Pourquoi le plus grand risque pour notre d\u00e9mocratie n&rsquo;est pas la polarisation, mais le silence<\/p>\n<\/div><\/section><\/div>\n<style type=\"text\/css\" data-created_by=\"avia_inline_auto\" id=\"style-css-av-kqp-d3340c463e9779d9fb5e4297bb48a84f\">\n#top .av-post-metadata-container.av-kqp-d3340c463e9779d9fb5e4297bb48a84f{\ncolor:#ffffff;\n}\n<\/style>\n<div  id=\"author\"  class='av-post-metadata-container av-kqp-d3340c463e9779d9fb5e4297bb48a84f av-metadata-container-align-left  avia-builder-el-5  el_after_av_one_full  el_before_av_hr  av-desktop-hide av-medium-hide av-small-hide av-mini-hide av-metadata-container-2'><div class='av-post-metadata-container-inner'><span class=\"av-post-metadata-content av-post-metadata-meta-content\"><span class=\"av-post-metadata-content av-post-metadata-author\"  itemprop=\"author\" ><span class=\"av-post-metadata-author-link\" ><a href=\"https:\/\/influence.ch\/fr\/author\/matthias-halbeis\/\"  rel=\"author\">Matthias Halbeis<\/a><\/span><\/span><\/span><\/div><\/div>\n\n<style type=\"text\/css\" data-created_by=\"avia_inline_auto\" id=\"style-css-av-3rkb-5af53ac747b34df56e11174e8e22e573\">\n#top .hr.hr-invisible.av-3rkb-5af53ac747b34df56e11174e8e22e573{\nheight:40px;\n}\n<\/style>\n<div  class='hr av-3rkb-5af53ac747b34df56e11174e8e22e573 hr-invisible  avia-builder-el-6  el_after_av_post_metadata  avia-builder-el-last '><span class='hr-inner '><span class=\"hr-inner-style\"><\/span><\/span><\/div>\n\n<\/div><\/div><\/main><!-- close content main element --><\/div><\/div><div id='av_section_2'  class='avia-section av-4nqx-1f9ea2e9ed6a23cc856f96335c63c817 main_color avia-section-default avia-no-border-styling  avia-builder-el-7  el_after_av_section  el_before_av_section  post-inhalt avia-bg-style-scroll container_wrap fullsize'  ><div class='container av-section-cont-open' ><div class='template-page content  av-content-full alpha units'><div class='post-entry post-entry-type-page post-entry-7312'><div class='entry-content-wrapper clearfix'>\n\n<style type=\"text\/css\" data-created_by=\"avia_inline_auto\" id=\"style-css-av-ll2diep3-4379f21ceadb0c1eabec389020991252\">\n#top .av-post-metadata-container.av-ll2diep3-4379f21ceadb0c1eabec389020991252{\ncolor:#000000;\nfont-size:16px;\n}\n#top .av-post-metadata-container.av-ll2diep3-4379f21ceadb0c1eabec389020991252 .av-post-metadata-container-inner{\nfont-size:16px;\n}\n<\/style>\n<div  id=\"author\"  class='av-post-metadata-container av-ll2diep3-4379f21ceadb0c1eabec389020991252 av-metadata-container-align-left  avia-builder-el-8  el_before_av_hr  avia-builder-el-first  av-metadata-container-3'><div class='av-post-metadata-container-inner'><span class=\"av-post-metadata-content av-post-metadata-meta-content\"><span class=\"av-post-metadata-content av-post-metadata-published\"><span class=\"av-post-metadata-published-date\" >29 avril 2026<\/span><span class=\"av-metadata-after av-metadata-after-published\">|<\/span><\/span><span class=\"av-post-metadata-content av-post-metadata-separator\"><\/span><span class=\"av-post-metadata-content av-post-metadata-author\"  itemprop=\"author\" ><span class=\"av-post-metadata-author-link\" ><a href=\"https:\/\/influence.ch\/fr\/author\/matthias-halbeis\/\"  rel=\"author\">Matthias Halbeis<\/a><\/span><span class=\"av-metadata-after av-metadata-after-author\">|<\/span><\/span><span class=\"av-post-metadata-content av-post-metadata-separator\"><\/span><span class=\"av-post-metadata-content av-post-metadata-category\"><span class=\"av-post-metadata-category-link\" ><a href=\"https:\/\/influence.ch\/fr\/category\/societe\/\" >Soci\u00e9t\u00e9<\/a><\/span><\/span><\/span><\/div><\/div>\n\n<style type=\"text\/css\" data-created_by=\"avia_inline_auto\" id=\"style-css-av-ll2cb0de-1618aeaa710f9714e67c07fd3b765e06\">\n#top .hr.hr-invisible.av-ll2cb0de-1618aeaa710f9714e67c07fd3b765e06{\nheight:10px;\n}\n<\/style>\n<div  class='hr av-ll2cb0de-1618aeaa710f9714e67c07fd3b765e06 hr-invisible  avia-builder-el-9  el_after_av_post_metadata  el_before_av_image '><span class='hr-inner '><span class=\"hr-inner-style\"><\/span><\/span><\/div>\n\n<style type=\"text\/css\" data-created_by=\"avia_inline_auto\" id=\"style-css-av-lqf7se0u-6686eaca563a87d2aa9ecd6111c6d981\">\n.avia-image-container.av-lqf7se0u-6686eaca563a87d2aa9ecd6111c6d981 img.avia_image{\nbox-shadow:none;\n}\n.avia-image-container.av-lqf7se0u-6686eaca563a87d2aa9ecd6111c6d981 .av-image-caption-overlay-center{\ncolor:#ffffff;\n}\n<\/style>\n<div  class='avia-image-container av-lqf7se0u-6686eaca563a87d2aa9ecd6111c6d981 av-styling- avia-align-center  avia-builder-el-10  el_after_av_hr  el_before_av_textblock '   itemprop=\"image\" itemscope=\"itemscope\" itemtype=\"https:\/\/schema.org\/ImageObject\" ><div class=\"avia-image-container-inner\"><div class=\"avia-image-overlay-wrap\"><img decoding=\"async\" class='wp-image-7332 avia-img-lazy-loading-not-7332 avia_image ' src=\"https:\/\/influence.ch\/wp-content\/uploads\/2026\/04\/shutterstock_2724646643_.png\" alt='' title='shutterstock_2724646643_'  height=\"700\" width=\"1100\"  itemprop=\"thumbnailUrl\" srcset=\"https:\/\/influence.ch\/wp-content\/uploads\/2026\/04\/shutterstock_2724646643_.png 1100w, https:\/\/influence.ch\/wp-content\/uploads\/2026\/04\/shutterstock_2724646643_-300x191.png 300w, https:\/\/influence.ch\/wp-content\/uploads\/2026\/04\/shutterstock_2724646643_-1030x655.png 1030w, https:\/\/influence.ch\/wp-content\/uploads\/2026\/04\/shutterstock_2724646643_-768x489.png 768w, https:\/\/influence.ch\/wp-content\/uploads\/2026\/04\/shutterstock_2724646643_-786x500.png 786w\" sizes=\"(max-width: 1100px) 100vw, 1100px\" \/><\/div><\/div><\/div>\n<section  class='av_textblock_section av-llaxxvya-c9a1181787d58c49eeb5f9596564e989'  itemscope=\"itemscope\" itemtype=\"https:\/\/schema.org\/BlogPosting\" itemprop=\"blogPost\" ><div class='avia_textblock'  itemprop=\"text\" ><\/div><\/section>\n\n<style type=\"text\/css\" data-created_by=\"avia_inline_auto\" id=\"style-css-av-2q8z-01ad5e0b5f31c74fd38e79a60fc3cd1d\">\n#top .av_textblock_section.av-2q8z-01ad5e0b5f31c74fd38e79a60fc3cd1d .avia_textblock{\nfont-size:22px;\n}\n<\/style>\n<section  class='av_textblock_section av-2q8z-01ad5e0b5f31c74fd38e79a60fc3cd1d'  itemscope=\"itemscope\" itemtype=\"https:\/\/schema.org\/BlogPosting\" itemprop=\"blogPost\" ><div class='avia_textblock'  itemprop=\"text\" ><p>La Suisse aime se d\u00e9finir comme un pays de participation\u202f: d\u00e9mocratie directe, syst\u00e8me de milice, vie associative dense. Et pourtant, un ph\u00e9nom\u00e8ne discret mais profond est \u00e0 l\u2019\u0153uvre. Il ne suscite pas de scandale, ne provoque pas de rupture visible, mais ses effets \u00e0 long terme sont consid\u00e9rables\u202f: de plus en plus de personnes se retirent de l\u2019espace public. Non pas de la d\u00e9mocratie elle\u2011m\u00eame, mais de son ar\u00e8ne visible.<\/p>\n<p>Ces personnes continuent de voter. Elles suivent l\u2019actualit\u00e9, se forment des opinions, prennent position int\u00e9rieurement. Mais elles ne s\u2019expriment plus publiquement. Pas de courrier des lecteurs. Pas d\u2019engagement dans un parti politique. Pas de participation \u00e0 une association de quartier. Peu d\u2019app\u00e9tence pour les d\u00e9bats publics. On d\u00e9signe souvent ce groupe comme le \u00ab\u202fcentre silencieux\u202f\u00bb. Il serait sans doute plus juste de parler de majorit\u00e9 invisible.<\/p>\n<p><strong>Un retrait confirm\u00e9 par les chiffres<\/strong><br \/>\nLes donn\u00e9es de l\u2019Office f\u00e9d\u00e9ral de la statistique confirment que ce retrait n\u2019est pas qu\u2019une impression. La participation sociale et politique active \u2014 engagement associatif, militantisme partisan, implication dans des organisations de la soci\u00e9t\u00e9 civile \u2014 recule progressivement depuis plusieurs ann\u00e9es. Les groupes d\u2019\u00e2ge les plus concern\u00e9s sont pr\u00e9cis\u00e9ment ceux qui occupent une place centrale dans la vie \u00e9conomique et familiale\u202f: le c\u0153ur porteur de la soci\u00e9t\u00e9.<br \/>\nLa Suisse demeure formellement tr\u00e8s engag\u00e9e. Les institutions fonctionnent. Les votations se succ\u00e8dent. Mais le quotidien de la d\u00e9mocratie \u2014 discussions, m\u00e9diation, engagement informel \u2014 se rar\u00e9fie. Il ne s\u2019agit pas d\u2019un effondrement, mais d\u2019une \u00e9rosion. Or, l\u2019\u00e9rosion est d\u2019autant plus probl\u00e9matique qu\u2019elle est silencieuse.<\/p>\n<p><strong>Pas de d\u00e9sint\u00e9r\u00eat, mais une distance<\/strong><br \/>\nLe tableau est similaire au niveau international. L&rsquo;<a href=\"https:\/\/www.oecd.org\/gov\/trust\/\" target=\"_blank\" rel=\"noopener\">OCDE<\/a> \u00e9tudie depuis des ann\u00e9es la confiance et l&rsquo;engagement dans la soci\u00e9t\u00e9 civile. Ses r\u00e9sultats contredisent la th\u00e8se de l&rsquo;apathie politique. L&rsquo;int\u00e9r\u00eat pour la politique reste relativement stable, tout comme la confiance dans les institutions. Ce qui diminue, c&rsquo;est la confiance dans le discours public.<\/p>\n<p>De nombreuses personnes consid\u00e8rent les d\u00e9bats politiques comme polaris\u00e9s, moralisateurs et peu orient\u00e9s vers la recherche de solutions. Ceux qui ne veulent ou ne peuvent pas prendre clairement position ne se sentent pas \u00e0 leur place. Le retrait est donc moins l&rsquo;expression d&rsquo;une indiff\u00e9rence que d&rsquo;une distance &#8211; et dans certains cas, d&rsquo;un refus silencieux.<\/p>\n<p><strong>Un espace public plus s\u00e9lectif<\/strong><br \/>\nCette distance tient aussi \u00e0 la transformation de l\u2019espace public. Le centre de recherche f\u00f6g de l\u2019Universit\u00e9 de Zurich documente depuis des ann\u00e9es un r\u00e9tr\u00e9cissement du d\u00e9bat public. L\u2019\u00e9motion, la personnalisation et la dramatisation gagnent en visibilit\u00e9, tandis que la diff\u00e9renciation recule. Ceux qui simplifient ou provoquent occupent la sc\u00e8ne. Ceux qui argumentent avec retenue, pensent de mani\u00e8re complexe ou assument l\u2019ambivalence restent largement invisibles.<\/p>\n<div>\n<p>Pour une partie croissante de la population, le message est clair\u202f: cet espace ne leur appartient plus.<\/p>\n<\/div>\n<p><strong>Une mobilisation politiquement asym\u00e9trique<br \/>\n<\/strong> Sur le plan politique, ce retrait cr\u00e9e un d\u00e9s\u00e9quilibre. Les groupes les plus pr\u00e9sents dans le d\u00e9bat sont ceux qui disposent d\u2019une forte capacit\u00e9 de mobilisation, acceptent la confrontation et s\u2019organisent autour de positions claires et souvent polaris\u00e9es. La majorit\u00e9 mod\u00e9r\u00e9e reste d\u00e9cisive lors des \u00e9lections et des votations, mais il est marginalement repr\u00e9sent\u00e9 dans le d\u00e9bat public.<br \/>\nCela n\u2019invalide pas les d\u00e9cisions politiques, mais en affecte la profondeur et la qualit\u00e9 d\u2019ancrage. La d\u00e9mocratie ne repose pas uniquement sur des majorit\u00e9s chiffr\u00e9es\u202f: elle vit aussi de r\u00e9sonance et d\u2019adh\u00e9sion. Quand une part importante de la population se replie int\u00e9rieurement, la d\u00e9mocratie continue de fonctionner, mais elle rassemble de moins en moins.<\/p>\n<p><strong>Un angle mort pour l\u2019\u00e9conomie et la soci\u00e9t\u00e9<\/strong><\/p>\n<p>Ce ph\u00e9nom\u00e8ne n\u2019est pas anodin pour l\u2019\u00e9conomie et le corps social. La Suisse repose historiquement sur le partenariat social, les associations, les comit\u00e9s de milice et les m\u00e9canismes de m\u00e9diation. Si les groupes qui jouent traditionnellement un r\u00f4le stabilisateur d\u00e9sertent l\u2019espace public, le risque de blocages et de malentendus augmente.<br \/>\nLes entreprises et les organisations se retrouvent alors face \u00e0 un public d\u00e9form\u00e9\u202f: bruyant, polaris\u00e9, mais peu repr\u00e9sentatif. La majorit\u00e9 silencieuse demeure invisible \u2014 et donc difficilement atteignable.<\/p>\n<p><strong>Le silence comme signal d\u2019alarme<\/strong><br \/>\nLa polarisation est souvent pr\u00e9sent\u00e9e comme la principale menace pour la d\u00e9mocratie. Elle est visible, elle provoque des r\u00e9actions, elle suscite des contre\u2011forces. Le silence, en revanche, passe inaper\u00e7u. Et c\u2019est pr\u00e9cis\u00e9ment ce qui le rend dangereux.<\/p>\n<div>\n<p>Le retrait de cette population silencieuse n\u2019est pas une protestation spectaculaire. C\u2019est un signal d\u2019alarme. Il indique que l\u2019espace public ne remplit plus sa fonction d\u2019inclusion pour une partie croissante de la population \u2014 non par d\u00e9sint\u00e9r\u00eat pour la d\u00e9mocratie, mais parce que beaucoup ne s\u2019y reconnaissent plus.<\/p>\n<\/div>\n<p><strong>La<\/strong> <strong>question ouverte<\/strong><\/p>\n<div>La majorit\u00e9 silencieuse n\u2019a pas disparu. Elle attend. Elle attend qu\u2019il soit \u00e0 nouveau possible de s\u2019exprimer sans s\u2019exposer.<br \/>\nCar, \u00e0 long terme, ce n\u2019est pas la polarisation qui d\u00e9cidera de l\u2019avenir de la d\u00e9mocratie, mais la mani\u00e8re dont nous traiterons le silence.<\/div>\n<\/div><\/section>\n<\/div><\/div><\/div><!-- close content main div --><\/div><\/div>\n<style type=\"text\/css\" data-created_by=\"avia_inline_auto\" id=\"style-css-av-fbiot-f1ec76308f4d06aba266faf19bdf7526\">\n.avia-section.av-fbiot-f1ec76308f4d06aba266faf19bdf7526{\nbackground-color:#ededed;\nbackground-image:unset;\n}\n<\/style>\n<div id='av_section_3'  class='avia-section av-fbiot-f1ec76308f4d06aba266faf19bdf7526 main_color avia-section-default avia-no-border-styling  avia-builder-el-13  el_after_av_section  avia-builder-el-last  post_slider avia-bg-style-scroll container_wrap fullsize'  ><div class='container av-section-cont-open' ><div class='template-page content  av-content-full alpha units'><div class='post-entry post-entry-type-page post-entry-7312'><div class='entry-content-wrapper clearfix'>\n<div  data-slideshow-options=\"{&quot;animation&quot;:&quot;fade&quot;,&quot;autoplay&quot;:false,&quot;loop_autoplay&quot;:&quot;once&quot;,&quot;interval&quot;:&quot;5&quot;,&quot;loop_manual&quot;:&quot;manual-endless&quot;,&quot;autoplay_stopper&quot;:false,&quot;noNavigation&quot;:false,&quot;show_slide_delay&quot;:90}\" class='avia-content-slider avia-content-slider-active avia-content-slider1 avia-content-slider-odd  avia-builder-el-14  avia-builder-el-no-sibling  av-slideshow-ui av-control-default   av-no-slider-navigation av-slideshow-manual av-loop-once av-loop-manual-endless '  itemscope=\"itemscope\" itemtype=\"https:\/\/schema.org\/Blog\" ><div class=\"avia-content-slider-inner\"><div class=\"slide-entry-wrap\"><article class='slide-entry flex_column  post-entry post-entry-6021 slide-entry-overview slide-loop-1 slide-parity-odd  av_one_third first real-thumbnail post-format-standard'  itemscope=\"itemscope\" itemtype=\"https:\/\/schema.org\/BlogPosting\" itemprop=\"blogPost\" ><a href='https:\/\/influence.ch\/fr\/2025\/09\/23\/chatgpt-ou-claude\/' data-rel='slide-1' class='slide-image' title='Utilisez-vous ChatGPT ou Claude ?'><img decoding=\"async\" width=\"495\" height=\"400\" src=\"https:\/\/influence.ch\/wp-content\/uploads\/2022\/12\/influence_Verlaeufe_V01_5-495x400.png\" class=\"wp-image-517 avia-img-lazy-loading-not-517 attachment-portfolio size-portfolio wp-post-image\" alt=\"\" srcset=\"https:\/\/influence.ch\/wp-content\/uploads\/2022\/12\/influence_Verlaeufe_V01_5-495x400.png 495w, https:\/\/influence.ch\/wp-content\/uploads\/2022\/12\/influence_Verlaeufe_V01_5-845x684.png 845w\" sizes=\"(max-width: 495px) 100vw, 495px\" \/><\/a><div class=\"slide-content\"><header class=\"entry-content-header\"><h3 class='slide-entry-title entry-title '  itemprop=\"headline\" ><a href='https:\/\/influence.ch\/fr\/2025\/09\/23\/chatgpt-ou-claude\/' title='Utilisez-vous ChatGPT ou Claude ?'>Utilisez-vous ChatGPT ou Claude ?<\/a><\/h3><span class=\"av-vertical-delimiter\"><\/span><\/header><div class=\"slide-meta\"><div class=\"slide-meta-comments\"><a href='https:\/\/influence.ch\/fr\/2025\/09\/23\/chatgpt-ou-claude\/#respond'>0 Commentaires<\/a><\/div><div class=\"slide-meta-del\">\/<\/div><time class='slide-meta-time updated'  itemprop=\"datePublished\" datetime=\"2025-09-23T13:55:11+02:00\" >23 septembre 2025<\/time><\/div><div class='slide-entry-excerpt entry-content'  itemprop=\"text\" >Les utilisateurs ont des usages diff\u00e9rents des deux assistants IA : compagnon num\u00e9rique ou outil d'efficacit\u00e9.<\/div><\/div><footer class=\"entry-footer\"><\/footer><span class='hidden'>\n\t\t\t\t<span class='av-structured-data'  itemprop=\"image\" itemscope=\"itemscope\" itemtype=\"https:\/\/schema.org\/ImageObject\" >\n\t\t\t\t\t\t<span itemprop='url'>https:\/\/influence.ch\/wp-content\/uploads\/2022\/12\/influence_Verlaeufe_V01_5.png<\/span>\n\t\t\t\t\t\t<span itemprop='height'>2169<\/span>\n\t\t\t\t\t\t<span itemprop='width'>2442<\/span>\n\t\t\t\t<\/span>\n\t\t\t\t<span class='av-structured-data'  itemprop=\"publisher\" itemtype=\"https:\/\/schema.org\/Organization\" itemscope=\"itemscope\" >\n\t\t\t\t\t\t<span itemprop='name'>Pascal Ihle<\/span>\n\t\t\t\t\t\t<span itemprop='logo' itemscope itemtype='https:\/\/schema.org\/ImageObject'>\n\t\t\t\t\t\t\t<span itemprop='url'>https:\/\/influence.ch\/wp-content\/uploads\/2025\/02\/influence_Logo_FR_weiss-1030x277.png<\/span>\n\t\t\t\t\t\t <\/span>\n\t\t\t\t<\/span><span class='av-structured-data'  itemprop=\"author\" itemscope=\"itemscope\" itemtype=\"https:\/\/schema.org\/Person\" ><span itemprop='name'>Pascal Ihle<\/span><\/span><span class='av-structured-data'  itemprop=\"datePublished\" datetime=\"2026-04-29T16:25:15+02:00\" >2025-09-23 13:55:11<\/span><span class='av-structured-data'  itemprop=\"dateModified\" itemtype=\"https:\/\/schema.org\/dateModified\" >2025-09-25 15:37:22<\/span><span class='av-structured-data'  itemprop=\"mainEntityOfPage\" itemtype=\"https:\/\/schema.org\/mainEntityOfPage\" ><span itemprop='name'>Utilisez-vous ChatGPT ou Claude ?<\/span><\/span><\/span><\/article><article class='slide-entry flex_column  post-entry post-entry-6575 slide-entry-overview slide-loop-2 slide-parity-even  av_one_third  real-thumbnail post-format-standard'  itemscope=\"itemscope\" itemtype=\"https:\/\/schema.org\/BlogPosting\" itemprop=\"blogPost\" ><a href='https:\/\/influence.ch\/fr\/2025\/12\/23\/geopolitique-de-lia-conquerir-le-leadership-numerique\/' data-rel='slide-1' class='slide-image' title='G\u00e9opolitique de l\u2019IA\u202f: conqu\u00e9rir le leadership num\u00e9rique\u202f'><img decoding=\"async\" width=\"495\" height=\"400\" src=\"https:\/\/influence.ch\/wp-content\/uploads\/2025\/02\/influence_Verlaufe_politik-495x400.png\" class=\"wp-image-4694 avia-img-lazy-loading-not-4694 attachment-portfolio size-portfolio wp-post-image\" alt=\"\" srcset=\"https:\/\/influence.ch\/wp-content\/uploads\/2025\/02\/influence_Verlaufe_politik-495x400.png 495w, https:\/\/influence.ch\/wp-content\/uploads\/2025\/02\/influence_Verlaufe_politik-845x684.png 845w\" sizes=\"(max-width: 495px) 100vw, 495px\" \/><\/a><div class=\"slide-content\"><header class=\"entry-content-header\"><h3 class='slide-entry-title entry-title '  itemprop=\"headline\" ><a href='https:\/\/influence.ch\/fr\/2025\/12\/23\/geopolitique-de-lia-conquerir-le-leadership-numerique\/' title='G\u00e9opolitique de l\u2019IA\u202f: conqu\u00e9rir le leadership num\u00e9rique\u202f'>G\u00e9opolitique de l\u2019IA\u202f: conqu\u00e9rir le leadership num\u00e9rique\u202f<\/a><\/h3><span class=\"av-vertical-delimiter\"><\/span><\/header><div class=\"slide-meta\"><div class=\"slide-meta-comments\"><a href='https:\/\/influence.ch\/fr\/2025\/12\/23\/geopolitique-de-lia-conquerir-le-leadership-numerique\/#respond'>0 Commentaires<\/a><\/div><div class=\"slide-meta-del\">\/<\/div><time class='slide-meta-time updated'  itemprop=\"datePublished\" datetime=\"2025-12-23T06:17:23+01:00\" >23 d\u00e9cembre 2025<\/time><\/div><div class='slide-entry-excerpt entry-content'  itemprop=\"text\" >La concurrence autour de l'intelligence artificielle modifie l'ordre international. Les \u00c9tats-Unis, la Chine et l'Europe se disputent les normes, l'influence et la souverainet\u00e9 technologique.   <\/div><\/div><footer class=\"entry-footer\"><\/footer><span class='hidden'>\n\t\t\t\t<span class='av-structured-data'  itemprop=\"image\" itemscope=\"itemscope\" itemtype=\"https:\/\/schema.org\/ImageObject\" >\n\t\t\t\t\t\t<span itemprop='url'>https:\/\/influence.ch\/wp-content\/uploads\/2025\/02\/influence_Verlaufe_politik.png<\/span>\n\t\t\t\t\t\t<span itemprop='height'>2169<\/span>\n\t\t\t\t\t\t<span itemprop='width'>2442<\/span>\n\t\t\t\t<\/span>\n\t\t\t\t<span class='av-structured-data'  itemprop=\"publisher\" itemtype=\"https:\/\/schema.org\/Organization\" itemscope=\"itemscope\" >\n\t\t\t\t\t\t<span itemprop='name'>Matthias Halbeis<\/span>\n\t\t\t\t\t\t<span itemprop='logo' itemscope itemtype='https:\/\/schema.org\/ImageObject'>\n\t\t\t\t\t\t\t<span itemprop='url'>https:\/\/influence.ch\/wp-content\/uploads\/2025\/02\/influence_Logo_FR_weiss-1030x277.png<\/span>\n\t\t\t\t\t\t <\/span>\n\t\t\t\t<\/span><span class='av-structured-data'  itemprop=\"author\" itemscope=\"itemscope\" itemtype=\"https:\/\/schema.org\/Person\" ><span itemprop='name'>Matthias Halbeis<\/span><\/span><span class='av-structured-data'  itemprop=\"datePublished\" datetime=\"2026-04-29T16:25:15+02:00\" >2025-12-23 06:17:23<\/span><span class='av-structured-data'  itemprop=\"dateModified\" itemtype=\"https:\/\/schema.org\/dateModified\" >2025-12-23 11:20:58<\/span><span class='av-structured-data'  itemprop=\"mainEntityOfPage\" itemtype=\"https:\/\/schema.org\/mainEntityOfPage\" ><span itemprop='name'>G\u00e9opolitique de l\u2019IA\u202f: conqu\u00e9rir le leadership num\u00e9rique\u202f<\/span><\/span><\/span><\/article><article class='slide-entry flex_column  post-entry post-entry-7129 slide-entry-overview slide-loop-3 slide-parity-odd  av_one_third  real-thumbnail post-format-standard'  itemscope=\"itemscope\" itemtype=\"https:\/\/schema.org\/BlogPosting\" itemprop=\"blogPost\" ><a href='https:\/\/influence.ch\/fr\/2026\/03\/26\/la-prochaine-ere-de-la-communication-dentreprise\/' data-rel='slide-1' class='slide-image' title='La prochaine \u00e8re de la communication'><img decoding=\"async\" width=\"495\" height=\"400\" src=\"https:\/\/influence.ch\/wp-content\/uploads\/2022\/12\/influence_Verlaeufe_V01_7-495x400.png\" class=\"wp-image-529 avia-img-lazy-loading-not-529 attachment-portfolio size-portfolio wp-post-image\" alt=\"\" srcset=\"https:\/\/influence.ch\/wp-content\/uploads\/2022\/12\/influence_Verlaeufe_V01_7-495x400.png 495w, https:\/\/influence.ch\/wp-content\/uploads\/2022\/12\/influence_Verlaeufe_V01_7-845x684.png 845w\" sizes=\"(max-width: 495px) 100vw, 495px\" \/><\/a><div class=\"slide-content\"><header class=\"entry-content-header\"><h3 class='slide-entry-title entry-title '  itemprop=\"headline\" ><a href='https:\/\/influence.ch\/fr\/2026\/03\/26\/la-prochaine-ere-de-la-communication-dentreprise\/' title='La prochaine \u00e8re de la communication'>La prochaine \u00e8re de la communication<\/a><\/h3><span class=\"av-vertical-delimiter\"><\/span><\/header><div class=\"slide-meta\"><div class=\"slide-meta-comments\"><a href='https:\/\/influence.ch\/fr\/2026\/03\/26\/la-prochaine-ere-de-la-communication-dentreprise\/#respond'>0 Commentaires<\/a><\/div><div class=\"slide-meta-del\">\/<\/div><time class='slide-meta-time updated'  itemprop=\"datePublished\" datetime=\"2026-03-26T14:14:09+01:00\" >26 mars 2026<\/time><\/div><div class='slide-entry-excerpt entry-content'  itemprop=\"text\" >Pourquoi l'authenticit\u00e9 et l'IA d\u00e9finissent les nouvelles r\u00e8gles du jeu<\/div><\/div><footer class=\"entry-footer\"><\/footer><span class='hidden'>\n\t\t\t\t<span class='av-structured-data'  itemprop=\"image\" itemscope=\"itemscope\" itemtype=\"https:\/\/schema.org\/ImageObject\" >\n\t\t\t\t\t\t<span itemprop='url'>https:\/\/influence.ch\/wp-content\/uploads\/2022\/12\/influence_Verlaeufe_V01_7.png<\/span>\n\t\t\t\t\t\t<span itemprop='height'>2169<\/span>\n\t\t\t\t\t\t<span itemprop='width'>2442<\/span>\n\t\t\t\t<\/span>\n\t\t\t\t<span class='av-structured-data'  itemprop=\"publisher\" itemtype=\"https:\/\/schema.org\/Organization\" itemscope=\"itemscope\" >\n\t\t\t\t\t\t<span itemprop='name'>Matthias Halbeis<\/span>\n\t\t\t\t\t\t<span itemprop='logo' itemscope itemtype='https:\/\/schema.org\/ImageObject'>\n\t\t\t\t\t\t\t<span itemprop='url'>https:\/\/influence.ch\/wp-content\/uploads\/2025\/02\/influence_Logo_FR_weiss-1030x277.png<\/span>\n\t\t\t\t\t\t <\/span>\n\t\t\t\t<\/span><span class='av-structured-data'  itemprop=\"author\" itemscope=\"itemscope\" itemtype=\"https:\/\/schema.org\/Person\" ><span itemprop='name'>Matthias Halbeis<\/span><\/span><span class='av-structured-data'  itemprop=\"datePublished\" datetime=\"2026-04-29T16:25:15+02:00\" >2026-03-26 14:14:09<\/span><span class='av-structured-data'  itemprop=\"dateModified\" itemtype=\"https:\/\/schema.org\/dateModified\" >2026-03-26 19:25:02<\/span><span class='av-structured-data'  itemprop=\"mainEntityOfPage\" itemtype=\"https:\/\/schema.org\/mainEntityOfPage\" ><span itemprop='name'>La prochaine \u00e8re de la communication<\/span><\/span><\/span><\/article><\/div><div class=\"slide-entry-wrap\"><article class='slide-entry flex_column  post-entry post-entry-6436 slide-entry-overview slide-loop-4 slide-parity-odd  av_one_third first real-thumbnail post-format-standard'  itemscope=\"itemscope\" itemtype=\"https:\/\/schema.org\/BlogPosting\" itemprop=\"blogPost\" ><a href='https:\/\/influence.ch\/fr\/2025\/11\/27\/la-situation-sest-encore-un-peu-aggravee\/' data-rel='slide-1' class='slide-image' title='\u00ab La situation s&rsquo;est encore un peu aggrav\u00e9e \u00bb'><img decoding=\"async\" width=\"495\" height=\"400\" src=\"https:\/\/influence.ch\/wp-content\/uploads\/2025\/11\/91999-495x400.jpg\" class=\"wp-image-6373 avia-img-lazy-loading-not-6373 attachment-portfolio size-portfolio wp-post-image\" alt=\"\" srcset=\"https:\/\/influence.ch\/wp-content\/uploads\/2025\/11\/91999-495x400.jpg 495w, https:\/\/influence.ch\/wp-content\/uploads\/2025\/11\/91999-845x684.jpg 845w\" sizes=\"(max-width: 495px) 100vw, 495px\" \/><\/a><div class=\"slide-content\"><header class=\"entry-content-header\"><h3 class='slide-entry-title entry-title '  itemprop=\"headline\" ><a href='https:\/\/influence.ch\/fr\/2025\/11\/27\/la-situation-sest-encore-un-peu-aggravee\/' title='\u00ab La situation s&rsquo;est encore un peu aggrav\u00e9e \u00bb'>\u00ab La situation s&rsquo;est encore un peu aggrav\u00e9e \u00bb<\/a><\/h3><span class=\"av-vertical-delimiter\"><\/span><\/header><div class=\"slide-meta\"><div class=\"slide-meta-comments\"><a href='https:\/\/influence.ch\/fr\/2025\/11\/27\/la-situation-sest-encore-un-peu-aggravee\/#respond'>0 Commentaires<\/a><\/div><div class=\"slide-meta-del\">\/<\/div><time class='slide-meta-time updated'  itemprop=\"datePublished\" datetime=\"2025-11-27T13:32:08+01:00\" >27 novembre 2025<\/time><\/div><div class='slide-entry-excerpt entry-content'  itemprop=\"text\" >Le chef de l'arm\u00e9e sortant Thomas S\u00fcssli explique la situation de l'arm\u00e9e suisse - et ce qui le pr\u00e9occupe le plus.<\/div><\/div><footer class=\"entry-footer\"><\/footer><span class='hidden'>\n\t\t\t\t<span class='av-structured-data'  itemprop=\"image\" itemscope=\"itemscope\" itemtype=\"https:\/\/schema.org\/ImageObject\" >\n\t\t\t\t\t\t<span itemprop='url'>https:\/\/influence.ch\/wp-content\/uploads\/2025\/11\/91999.jpg<\/span>\n\t\t\t\t\t\t<span itemprop='height'>1200<\/span>\n\t\t\t\t\t\t<span itemprop='width'>1800<\/span>\n\t\t\t\t<\/span>\n\t\t\t\t<span class='av-structured-data'  itemprop=\"publisher\" itemtype=\"https:\/\/schema.org\/Organization\" itemscope=\"itemscope\" >\n\t\t\t\t\t\t<span itemprop='name'>Eva Novak<\/span>\n\t\t\t\t\t\t<span itemprop='logo' itemscope itemtype='https:\/\/schema.org\/ImageObject'>\n\t\t\t\t\t\t\t<span itemprop='url'>https:\/\/influence.ch\/wp-content\/uploads\/2025\/02\/influence_Logo_FR_weiss-1030x277.png<\/span>\n\t\t\t\t\t\t <\/span>\n\t\t\t\t<\/span><span class='av-structured-data'  itemprop=\"author\" itemscope=\"itemscope\" itemtype=\"https:\/\/schema.org\/Person\" ><span itemprop='name'>Eva Novak<\/span><\/span><span class='av-structured-data'  itemprop=\"datePublished\" datetime=\"2026-04-29T16:25:15+02:00\" >2025-11-27 13:32:08<\/span><span class='av-structured-data'  itemprop=\"dateModified\" itemtype=\"https:\/\/schema.org\/dateModified\" >2025-11-28 11:26:56<\/span><span class='av-structured-data'  itemprop=\"mainEntityOfPage\" itemtype=\"https:\/\/schema.org\/mainEntityOfPage\" ><span itemprop='name'>\u00ab La situation s&rsquo;est encore un peu aggrav\u00e9e \u00bb<\/span><\/span><\/span><\/article><article class='slide-entry flex_column  post-entry post-entry-4443 slide-entry-overview slide-loop-5 slide-parity-even  av_one_third  real-thumbnail post-format-standard'  itemscope=\"itemscope\" itemtype=\"https:\/\/schema.org\/BlogPosting\" itemprop=\"blogPost\" ><a href='https:\/\/influence.ch\/fr\/2025\/01\/30\/mission-ia-comment-les-agents-autonomes-pensent-apprennent-et-agissent\/' data-rel='slide-1' class='slide-image' title='Mission IA : comment les agents autonomes pensent, apprennent et agissent'><img decoding=\"async\" width=\"495\" height=\"400\" src=\"https:\/\/influence.ch\/wp-content\/uploads\/2022\/12\/influence_Verlaeufe_V01_7-495x400.png\" class=\"wp-image-529 avia-img-lazy-loading-not-529 attachment-portfolio size-portfolio wp-post-image\" alt=\"\" srcset=\"https:\/\/influence.ch\/wp-content\/uploads\/2022\/12\/influence_Verlaeufe_V01_7-495x400.png 495w, https:\/\/influence.ch\/wp-content\/uploads\/2022\/12\/influence_Verlaeufe_V01_7-845x684.png 845w\" sizes=\"(max-width: 495px) 100vw, 495px\" \/><\/a><div class=\"slide-content\"><header class=\"entry-content-header\"><h3 class='slide-entry-title entry-title '  itemprop=\"headline\" ><a href='https:\/\/influence.ch\/fr\/2025\/01\/30\/mission-ia-comment-les-agents-autonomes-pensent-apprennent-et-agissent\/' title='Mission IA : comment les agents autonomes pensent, apprennent et agissent'>Mission IA : comment les agents autonomes pensent, apprennent et agissent<\/a><\/h3><span class=\"av-vertical-delimiter\"><\/span><\/header><div class=\"slide-meta\"><div class=\"slide-meta-comments\"><a href='https:\/\/influence.ch\/fr\/2025\/01\/30\/mission-ia-comment-les-agents-autonomes-pensent-apprennent-et-agissent\/#respond'>0 Commentaires<\/a><\/div><div class=\"slide-meta-del\">\/<\/div><time class='slide-meta-time updated'  itemprop=\"datePublished\" datetime=\"2025-01-30T11:07:53+01:00\" >30 janvier 2025<\/time><\/div><div class='slide-entry-excerpt entry-content'  itemprop=\"text\" >L'intelligence artificielle (IA) a fait d'\u00e9normes progr\u00e8s au cours des derni\u00e8res ann\u00e9es - l'un des d\u00e9veloppements les plus fascinants est celui des agents IA. Mais comment fonctionnent-ils exactement ?   <\/div><\/div><footer class=\"entry-footer\"><\/footer><span class='hidden'>\n\t\t\t\t<span class='av-structured-data'  itemprop=\"image\" itemscope=\"itemscope\" itemtype=\"https:\/\/schema.org\/ImageObject\" >\n\t\t\t\t\t\t<span itemprop='url'>https:\/\/influence.ch\/wp-content\/uploads\/2022\/12\/influence_Verlaeufe_V01_7.png<\/span>\n\t\t\t\t\t\t<span itemprop='height'>2169<\/span>\n\t\t\t\t\t\t<span itemprop='width'>2442<\/span>\n\t\t\t\t<\/span>\n\t\t\t\t<span class='av-structured-data'  itemprop=\"publisher\" itemtype=\"https:\/\/schema.org\/Organization\" itemscope=\"itemscope\" >\n\t\t\t\t\t\t<span itemprop='name'>Matthias Halbeis<\/span>\n\t\t\t\t\t\t<span itemprop='logo' itemscope itemtype='https:\/\/schema.org\/ImageObject'>\n\t\t\t\t\t\t\t<span itemprop='url'>https:\/\/influence.ch\/wp-content\/uploads\/2025\/02\/influence_Logo_FR_weiss-1030x277.png<\/span>\n\t\t\t\t\t\t <\/span>\n\t\t\t\t<\/span><span class='av-structured-data'  itemprop=\"author\" itemscope=\"itemscope\" itemtype=\"https:\/\/schema.org\/Person\" ><span itemprop='name'>Matthias Halbeis<\/span><\/span><span class='av-structured-data'  itemprop=\"datePublished\" datetime=\"2026-04-29T16:25:15+02:00\" >2025-01-30 11:07:53<\/span><span class='av-structured-data'  itemprop=\"dateModified\" itemtype=\"https:\/\/schema.org\/dateModified\" >2025-01-30 15:38:52<\/span><span class='av-structured-data'  itemprop=\"mainEntityOfPage\" itemtype=\"https:\/\/schema.org\/mainEntityOfPage\" ><span itemprop='name'>Mission IA : comment les agents autonomes pensent, apprennent et agissent<\/span><\/span><\/span><\/article><article class='slide-entry flex_column  post-entry post-entry-7307 slide-entry-overview slide-loop-6 slide-parity-odd  av_one_third  real-thumbnail post-format-standard'  itemscope=\"itemscope\" itemtype=\"https:\/\/schema.org\/BlogPosting\" itemprop=\"blogPost\" ><a href='https:\/\/influence.ch\/fr\/2026\/04\/29\/les-entreprises-suisses-en-mode-crise-permanente\/' data-rel='slide-1' class='slide-image' title='Les entreprises suisses en mode \u00ab crise permanente\u00a0\u00bb'><img decoding=\"async\" width=\"495\" height=\"400\" src=\"https:\/\/influence.ch\/wp-content\/uploads\/2025\/02\/influence_Verlaufe_politik-495x400.png\" class=\"wp-image-4694 avia-img-lazy-loading-not-4694 attachment-portfolio size-portfolio wp-post-image\" alt=\"\" srcset=\"https:\/\/influence.ch\/wp-content\/uploads\/2025\/02\/influence_Verlaufe_politik-495x400.png 495w, https:\/\/influence.ch\/wp-content\/uploads\/2025\/02\/influence_Verlaufe_politik-845x684.png 845w\" sizes=\"(max-width: 495px) 100vw, 495px\" \/><\/a><div class=\"slide-content\"><header class=\"entry-content-header\"><h3 class='slide-entry-title entry-title '  itemprop=\"headline\" ><a href='https:\/\/influence.ch\/fr\/2026\/04\/29\/les-entreprises-suisses-en-mode-crise-permanente\/' title='Les entreprises suisses en mode \u00ab crise permanente\u00a0\u00bb'>Les entreprises suisses en mode \u00ab crise permanente\u00a0\u00bb<\/a><\/h3><span class=\"av-vertical-delimiter\"><\/span><\/header><div class=\"slide-meta\"><div class=\"slide-meta-comments\"><a href='https:\/\/influence.ch\/fr\/2026\/04\/29\/les-entreprises-suisses-en-mode-crise-permanente\/#respond'>0 Commentaires<\/a><\/div><div class=\"slide-meta-del\">\/<\/div><time class='slide-meta-time updated'  itemprop=\"datePublished\" datetime=\"2026-04-29T16:27:33+02:00\" >29 avril 2026<\/time><\/div><div class='slide-entry-excerpt entry-content'  itemprop=\"text\" >Ce que signifie la r\u00e9silience 2026 dans la pratique<\/div><\/div><footer class=\"entry-footer\"><\/footer><span class='hidden'>\n\t\t\t\t<span class='av-structured-data'  itemprop=\"image\" itemscope=\"itemscope\" itemtype=\"https:\/\/schema.org\/ImageObject\" >\n\t\t\t\t\t\t<span itemprop='url'>https:\/\/influence.ch\/wp-content\/uploads\/2025\/02\/influence_Verlaufe_politik.png<\/span>\n\t\t\t\t\t\t<span itemprop='height'>2169<\/span>\n\t\t\t\t\t\t<span itemprop='width'>2442<\/span>\n\t\t\t\t<\/span>\n\t\t\t\t<span class='av-structured-data'  itemprop=\"publisher\" itemtype=\"https:\/\/schema.org\/Organization\" itemscope=\"itemscope\" >\n\t\t\t\t\t\t<span itemprop='name'>Matthias Halbeis<\/span>\n\t\t\t\t\t\t<span itemprop='logo' itemscope itemtype='https:\/\/schema.org\/ImageObject'>\n\t\t\t\t\t\t\t<span itemprop='url'>https:\/\/influence.ch\/wp-content\/uploads\/2025\/02\/influence_Logo_FR_weiss-1030x277.png<\/span>\n\t\t\t\t\t\t <\/span>\n\t\t\t\t<\/span><span class='av-structured-data'  itemprop=\"author\" itemscope=\"itemscope\" itemtype=\"https:\/\/schema.org\/Person\" ><span itemprop='name'>Matthias Halbeis<\/span><\/span><span class='av-structured-data'  itemprop=\"datePublished\" datetime=\"2026-04-29T16:25:15+02:00\" >2026-04-29 16:27:33<\/span><span class='av-structured-data'  itemprop=\"dateModified\" itemtype=\"https:\/\/schema.org\/dateModified\" >2026-04-29 18:28:38<\/span><span class='av-structured-data'  itemprop=\"mainEntityOfPage\" itemtype=\"https:\/\/schema.org\/mainEntityOfPage\" ><span itemprop='name'>Les entreprises suisses en mode \u00ab crise permanente\u00a0\u00bb<\/span><\/span><\/span><\/article><\/div><div class=\"slide-entry-wrap\"><article class='slide-entry flex_column  post-entry post-entry-4952 slide-entry-overview slide-loop-7 slide-parity-odd  av_one_third first real-thumbnail post-format-standard'  itemscope=\"itemscope\" itemtype=\"https:\/\/schema.org\/BlogPosting\" itemprop=\"blogPost\" ><a href='https:\/\/influence.ch\/fr\/2025\/03\/27\/la-suisse-paradis-de-lenseignement\/' data-rel='slide-1' class='slide-image' title='La Suisse : le paradis de l&rsquo;enseignement priv\u00e9'><img decoding=\"async\" width=\"495\" height=\"400\" src=\"https:\/\/influence.ch\/wp-content\/uploads\/2025\/02\/influence_Verlaufe_politik-495x400.png\" class=\"wp-image-4694 avia-img-lazy-loading-not-4694 attachment-portfolio size-portfolio wp-post-image\" alt=\"\" srcset=\"https:\/\/influence.ch\/wp-content\/uploads\/2025\/02\/influence_Verlaufe_politik-495x400.png 495w, https:\/\/influence.ch\/wp-content\/uploads\/2025\/02\/influence_Verlaufe_politik-845x684.png 845w\" sizes=\"(max-width: 495px) 100vw, 495px\" \/><\/a><div class=\"slide-content\"><header class=\"entry-content-header\"><h3 class='slide-entry-title entry-title '  itemprop=\"headline\" ><a href='https:\/\/influence.ch\/fr\/2025\/03\/27\/la-suisse-paradis-de-lenseignement\/' title='La Suisse : le paradis de l&rsquo;enseignement priv\u00e9'>La Suisse : le paradis de l&rsquo;enseignement priv\u00e9<\/a><\/h3><span class=\"av-vertical-delimiter\"><\/span><\/header><div class=\"slide-meta\"><div class=\"slide-meta-comments\"><a href='https:\/\/influence.ch\/fr\/2025\/03\/27\/la-suisse-paradis-de-lenseignement\/#respond'>0 Commentaires<\/a><\/div><div class=\"slide-meta-del\">\/<\/div><time class='slide-meta-time updated'  itemprop=\"datePublished\" datetime=\"2025-03-27T15:06:59+01:00\" >27 mars 2025<\/time><\/div><div class='slide-entry-excerpt entry-content'  itemprop=\"text\" >Pourquoi la Suisse est un hotspot pour les \u00e9coles d'\u00e9lite et pourquoi la plupart d'entre elles se trouvent en Suisse romande<\/div><\/div><footer class=\"entry-footer\"><\/footer><span class='hidden'>\n\t\t\t\t<span class='av-structured-data'  itemprop=\"image\" itemscope=\"itemscope\" itemtype=\"https:\/\/schema.org\/ImageObject\" >\n\t\t\t\t\t\t<span itemprop='url'>https:\/\/influence.ch\/wp-content\/uploads\/2025\/02\/influence_Verlaufe_politik.png<\/span>\n\t\t\t\t\t\t<span itemprop='height'>2169<\/span>\n\t\t\t\t\t\t<span itemprop='width'>2442<\/span>\n\t\t\t\t<\/span>\n\t\t\t\t<span class='av-structured-data'  itemprop=\"publisher\" itemtype=\"https:\/\/schema.org\/Organization\" itemscope=\"itemscope\" >\n\t\t\t\t\t\t<span itemprop='name'>Pascal Ihle<\/span>\n\t\t\t\t\t\t<span itemprop='logo' itemscope itemtype='https:\/\/schema.org\/ImageObject'>\n\t\t\t\t\t\t\t<span itemprop='url'>https:\/\/influence.ch\/wp-content\/uploads\/2025\/02\/influence_Logo_FR_weiss-1030x277.png<\/span>\n\t\t\t\t\t\t <\/span>\n\t\t\t\t<\/span><span class='av-structured-data'  itemprop=\"author\" itemscope=\"itemscope\" itemtype=\"https:\/\/schema.org\/Person\" ><span itemprop='name'>Pascal Ihle<\/span><\/span><span class='av-structured-data'  itemprop=\"datePublished\" datetime=\"2026-04-29T16:25:15+02:00\" >2025-03-27 15:06:59<\/span><span class='av-structured-data'  itemprop=\"dateModified\" itemtype=\"https:\/\/schema.org\/dateModified\" >2025-03-27 17:09:56<\/span><span class='av-structured-data'  itemprop=\"mainEntityOfPage\" itemtype=\"https:\/\/schema.org\/mainEntityOfPage\" ><span itemprop='name'>La Suisse : le paradis de l&rsquo;enseignement priv\u00e9<\/span><\/span><\/span><\/article><article class='slide-entry flex_column  post-entry post-entry-6917 slide-entry-overview slide-loop-8 slide-parity-even  av_one_third  real-thumbnail post-format-standard'  itemscope=\"itemscope\" itemtype=\"https:\/\/schema.org\/BlogPosting\" itemprop=\"blogPost\" ><a href='https:\/\/influence.ch\/fr\/2026\/02\/26\/la-confiance-monnaie-dechange-dune-nouvelle-ere-de-communication\/' data-rel='slide-1' class='slide-image' title='La confiance et la nouvelle \u00e8re de communication'><img decoding=\"async\" width=\"495\" height=\"400\" src=\"https:\/\/influence.ch\/wp-content\/uploads\/2022\/12\/influence_Verlaeufe_V01_7-495x400.png\" class=\"wp-image-529 avia-img-lazy-loading-not-529 attachment-portfolio size-portfolio wp-post-image\" alt=\"\" srcset=\"https:\/\/influence.ch\/wp-content\/uploads\/2022\/12\/influence_Verlaeufe_V01_7-495x400.png 495w, https:\/\/influence.ch\/wp-content\/uploads\/2022\/12\/influence_Verlaeufe_V01_7-845x684.png 845w\" sizes=\"(max-width: 495px) 100vw, 495px\" \/><\/a><div class=\"slide-content\"><header class=\"entry-content-header\"><h3 class='slide-entry-title entry-title '  itemprop=\"headline\" ><a href='https:\/\/influence.ch\/fr\/2026\/02\/26\/la-confiance-monnaie-dechange-dune-nouvelle-ere-de-communication\/' title='La confiance et la nouvelle \u00e8re de communication'>La confiance et la nouvelle \u00e8re de communication<\/a><\/h3><span class=\"av-vertical-delimiter\"><\/span><\/header><div class=\"slide-meta\"><div class=\"slide-meta-comments\"><a href='https:\/\/influence.ch\/fr\/2026\/02\/26\/la-confiance-monnaie-dechange-dune-nouvelle-ere-de-communication\/#respond'>0 Commentaires<\/a><\/div><div class=\"slide-meta-del\">\/<\/div><time class='slide-meta-time updated'  itemprop=\"datePublished\" datetime=\"2026-02-26T11:13:04+01:00\" >26 f\u00e9vrier 2026<\/time><\/div><div class='slide-entry-excerpt entry-content'  itemprop=\"text\" >Pourquoi la collaboration avec les services de communication devient-elle plus importante dans les entreprises ?  <\/div><\/div><footer class=\"entry-footer\"><\/footer><span class='hidden'>\n\t\t\t\t<span class='av-structured-data'  itemprop=\"image\" itemscope=\"itemscope\" itemtype=\"https:\/\/schema.org\/ImageObject\" >\n\t\t\t\t\t\t<span itemprop='url'>https:\/\/influence.ch\/wp-content\/uploads\/2022\/12\/influence_Verlaeufe_V01_7.png<\/span>\n\t\t\t\t\t\t<span itemprop='height'>2169<\/span>\n\t\t\t\t\t\t<span itemprop='width'>2442<\/span>\n\t\t\t\t<\/span>\n\t\t\t\t<span class='av-structured-data'  itemprop=\"publisher\" itemtype=\"https:\/\/schema.org\/Organization\" itemscope=\"itemscope\" >\n\t\t\t\t\t\t<span itemprop='name'>Matthias Halbeis<\/span>\n\t\t\t\t\t\t<span itemprop='logo' itemscope itemtype='https:\/\/schema.org\/ImageObject'>\n\t\t\t\t\t\t\t<span itemprop='url'>https:\/\/influence.ch\/wp-content\/uploads\/2025\/02\/influence_Logo_FR_weiss-1030x277.png<\/span>\n\t\t\t\t\t\t <\/span>\n\t\t\t\t<\/span><span class='av-structured-data'  itemprop=\"author\" itemscope=\"itemscope\" itemtype=\"https:\/\/schema.org\/Person\" ><span itemprop='name'>Matthias Halbeis<\/span><\/span><span class='av-structured-data'  itemprop=\"datePublished\" datetime=\"2026-04-29T16:25:15+02:00\" >2026-02-26 11:13:04<\/span><span class='av-structured-data'  itemprop=\"dateModified\" itemtype=\"https:\/\/schema.org\/dateModified\" >2026-02-26 16:27:57<\/span><span class='av-structured-data'  itemprop=\"mainEntityOfPage\" itemtype=\"https:\/\/schema.org\/mainEntityOfPage\" ><span itemprop='name'>La confiance et la nouvelle \u00e8re de communication<\/span><\/span><\/span><\/article><article class='slide-entry flex_column  post-entry post-entry-4940 slide-entry-overview slide-loop-9 slide-parity-odd  post-entry-last  av_one_third  real-thumbnail post-format-standard'  itemscope=\"itemscope\" itemtype=\"https:\/\/schema.org\/BlogPosting\" itemprop=\"blogPost\" ><a href='https:\/\/influence.ch\/fr\/2025\/03\/27\/la-forteresse-numerique-comment-rendre-les-donnees-trump-proof\/' data-rel='slide-1' class='slide-image' title='Comment rendre les donn\u00e9es \u00ab Trump-proof \u00bb'><img decoding=\"async\" width=\"495\" height=\"400\" src=\"https:\/\/influence.ch\/wp-content\/uploads\/2022\/12\/influence_Verlaeufe_V01_7-495x400.png\" class=\"wp-image-529 avia-img-lazy-loading-not-529 attachment-portfolio size-portfolio wp-post-image\" alt=\"\" srcset=\"https:\/\/influence.ch\/wp-content\/uploads\/2022\/12\/influence_Verlaeufe_V01_7-495x400.png 495w, https:\/\/influence.ch\/wp-content\/uploads\/2022\/12\/influence_Verlaeufe_V01_7-845x684.png 845w\" sizes=\"(max-width: 495px) 100vw, 495px\" \/><\/a><div class=\"slide-content\"><header class=\"entry-content-header\"><h3 class='slide-entry-title entry-title '  itemprop=\"headline\" ><a href='https:\/\/influence.ch\/fr\/2025\/03\/27\/la-forteresse-numerique-comment-rendre-les-donnees-trump-proof\/' title='Comment rendre les donn\u00e9es \u00ab Trump-proof \u00bb'>Comment rendre les donn\u00e9es \u00ab Trump-proof \u00bb<\/a><\/h3><span class=\"av-vertical-delimiter\"><\/span><\/header><div class=\"slide-meta\"><div class=\"slide-meta-comments\"><a href='https:\/\/influence.ch\/fr\/2025\/03\/27\/la-forteresse-numerique-comment-rendre-les-donnees-trump-proof\/#respond'>0 Commentaires<\/a><\/div><div class=\"slide-meta-del\">\/<\/div><time class='slide-meta-time updated'  itemprop=\"datePublished\" datetime=\"2025-03-27T14:50:11+01:00\" >27 mars 2025<\/time><\/div><div class='slide-entry-excerpt entry-content'  itemprop=\"text\" >Les \u00c9tats-Unis s'opposent \u00e0 la collecte de donn\u00e9es par le gouvernement  <\/div><\/div><footer class=\"entry-footer\"><\/footer><span class='hidden'>\n\t\t\t\t<span class='av-structured-data'  itemprop=\"image\" itemscope=\"itemscope\" itemtype=\"https:\/\/schema.org\/ImageObject\" >\n\t\t\t\t\t\t<span itemprop='url'>https:\/\/influence.ch\/wp-content\/uploads\/2022\/12\/influence_Verlaeufe_V01_7.png<\/span>\n\t\t\t\t\t\t<span itemprop='height'>2169<\/span>\n\t\t\t\t\t\t<span itemprop='width'>2442<\/span>\n\t\t\t\t<\/span>\n\t\t\t\t<span class='av-structured-data'  itemprop=\"publisher\" itemtype=\"https:\/\/schema.org\/Organization\" itemscope=\"itemscope\" >\n\t\t\t\t\t\t<span itemprop='name'>Matthias Halbeis<\/span>\n\t\t\t\t\t\t<span itemprop='logo' itemscope itemtype='https:\/\/schema.org\/ImageObject'>\n\t\t\t\t\t\t\t<span itemprop='url'>https:\/\/influence.ch\/wp-content\/uploads\/2025\/02\/influence_Logo_FR_weiss-1030x277.png<\/span>\n\t\t\t\t\t\t <\/span>\n\t\t\t\t<\/span><span class='av-structured-data'  itemprop=\"author\" itemscope=\"itemscope\" itemtype=\"https:\/\/schema.org\/Person\" ><span itemprop='name'>Matthias Halbeis<\/span><\/span><span class='av-structured-data'  itemprop=\"datePublished\" datetime=\"2026-04-29T16:25:15+02:00\" >2025-03-27 14:50:11<\/span><span class='av-structured-data'  itemprop=\"dateModified\" itemtype=\"https:\/\/schema.org\/dateModified\" >2025-03-27 17:15:20<\/span><span class='av-structured-data'  itemprop=\"mainEntityOfPage\" itemtype=\"https:\/\/schema.org\/mainEntityOfPage\" ><span itemprop='name'>Comment rendre les donn\u00e9es \u00ab Trump-proof \u00bb<\/span><\/span><\/span><\/article><\/div><\/div><div class='avia-slideshow-arrows avia-slideshow-controls' ><a href='#prev' class='prev-slide ' aria-hidden='true' data-av_icon='\ue87c' data-av_iconfont='entypo-fontello'  tabindex='-1'>Pr\u00e9c\u00e9dent<\/a><a href='#next' class='next-slide ' aria-hidden='true' data-av_icon='\ue87d' data-av_iconfont='entypo-fontello'  tabindex='-1'>Suivant<\/a><\/div><\/div>\n<\/p>\n","protected":false},"excerpt":{"rendered":"<p>Pourquoi le silence est le plus grand risque pour notre d\u00e9mocratie<\/p>\n","protected":false},"author":6,"featured_media":517,"comment_status":"closed","ping_status":"closed","sticky":false,"template":"","format":"standard","meta":{"footnotes":""},"categories":[53],"tags":[],"class_list":["post-7312","post","type-post","status-publish","format-standard","has-post-thumbnail","hentry","category-societe"],"yoast_head":"<!-- This site is optimized with the Yoast SEO plugin v27.0 - https:\/\/yoast.com\/product\/yoast-seo-wordpress\/ -->\n<title>Une population silencieuse - influence powered by furrerhugi<\/title>\n<meta name=\"description\" content=\"Le centre silencieux\" \/>\n<meta name=\"robots\" content=\"index, follow, max-snippet:-1, max-image-preview:large, max-video-preview:-1\" \/>\n<link rel=\"canonical\" href=\"https:\/\/influence.ch\/fr\/2026\/04\/29\/le-centre-silencieux\/\" \/>\n<meta property=\"og:locale\" content=\"fr_FR\" \/>\n<meta property=\"og:type\" content=\"article\" \/>\n<meta property=\"og:title\" content=\"Une population silencieuse - influence powered by furrerhugi\" \/>\n<meta property=\"og:description\" content=\"Le centre silencieux\" \/>\n<meta property=\"og:url\" content=\"https:\/\/influence.ch\/fr\/2026\/04\/29\/le-centre-silencieux\/\" \/>\n<meta property=\"og:site_name\" content=\"influence powered by furrerhugi\" \/>\n<meta property=\"article:published_time\" content=\"2026-04-29T14:25:15+00:00\" \/>\n<meta property=\"article:modified_time\" content=\"2026-04-29T16:32:51+00:00\" \/>\n<meta property=\"og:image\" content=\"https:\/\/influence.ch\/wp-content\/uploads\/2026\/02\/shutterstock_2645668637-1030x641.png\" \/>\n<meta name=\"author\" content=\"Matthias Halbeis\" \/>\n<meta name=\"twitter:card\" content=\"summary_large_image\" \/>\n<meta name=\"twitter:image\" content=\"https:\/\/influence.ch\/wp-content\/uploads\/2026\/02\/shutterstock_2645668637-1030x641.png\" \/>\n<meta name=\"twitter:label1\" content=\"\u00c9crit par\" \/>\n\t<meta name=\"twitter:data1\" content=\"Matthias Halbeis\" \/>\n\t<meta name=\"twitter:label2\" content=\"Dur\u00e9e de lecture estim\u00e9e\" \/>\n\t<meta name=\"twitter:data2\" content=\"9 minutes\" \/>\n<script type=\"application\/ld+json\" class=\"yoast-schema-graph\">{\"@context\":\"https:\/\/schema.org\",\"@graph\":[{\"@type\":\"Article\",\"@id\":\"https:\/\/influence.ch\/fr\/2026\/04\/29\/le-centre-silencieux\/#article\",\"isPartOf\":{\"@id\":\"https:\/\/influence.ch\/fr\/2026\/04\/29\/le-centre-silencieux\/\"},\"author\":{\"name\":\"Matthias Halbeis\",\"@id\":\"https:\/\/influence.ch\/#\/schema\/person\/718772fa81c4a1af46e0ac0e0e3036b0\"},\"headline\":\"Une population silencieuse\",\"datePublished\":\"2026-04-29T14:25:15+00:00\",\"dateModified\":\"2026-04-29T16:32:51+00:00\",\"mainEntityOfPage\":{\"@id\":\"https:\/\/influence.ch\/fr\/2026\/04\/29\/le-centre-silencieux\/\"},\"wordCount\":2796,\"image\":{\"@id\":\"https:\/\/influence.ch\/fr\/2026\/04\/29\/le-centre-silencieux\/#primaryimage\"},\"thumbnailUrl\":\"https:\/\/influence.ch\/wp-content\/uploads\/2022\/12\/influence_Verlaeufe_V01_5.png\",\"articleSection\":[\"Soci\u00e9t\u00e9\"],\"inLanguage\":\"fr-FR\"},{\"@type\":\"WebPage\",\"@id\":\"https:\/\/influence.ch\/fr\/2026\/04\/29\/le-centre-silencieux\/\",\"url\":\"https:\/\/influence.ch\/fr\/2026\/04\/29\/le-centre-silencieux\/\",\"name\":\"Une population silencieuse - influence powered by furrerhugi\",\"isPartOf\":{\"@id\":\"https:\/\/influence.ch\/#website\"},\"primaryImageOfPage\":{\"@id\":\"https:\/\/influence.ch\/fr\/2026\/04\/29\/le-centre-silencieux\/#primaryimage\"},\"image\":{\"@id\":\"https:\/\/influence.ch\/fr\/2026\/04\/29\/le-centre-silencieux\/#primaryimage\"},\"thumbnailUrl\":\"https:\/\/influence.ch\/wp-content\/uploads\/2022\/12\/influence_Verlaeufe_V01_5.png\",\"datePublished\":\"2026-04-29T14:25:15+00:00\",\"dateModified\":\"2026-04-29T16:32:51+00:00\",\"author\":{\"@id\":\"https:\/\/influence.ch\/#\/schema\/person\/718772fa81c4a1af46e0ac0e0e3036b0\"},\"description\":\"Le centre silencieux\",\"breadcrumb\":{\"@id\":\"https:\/\/influence.ch\/fr\/2026\/04\/29\/le-centre-silencieux\/#breadcrumb\"},\"inLanguage\":\"fr-FR\",\"potentialAction\":[{\"@type\":\"ReadAction\",\"target\":[\"https:\/\/influence.ch\/fr\/2026\/04\/29\/le-centre-silencieux\/\"]}]},{\"@type\":\"ImageObject\",\"inLanguage\":\"fr-FR\",\"@id\":\"https:\/\/influence.ch\/fr\/2026\/04\/29\/le-centre-silencieux\/#primaryimage\",\"url\":\"https:\/\/influence.ch\/wp-content\/uploads\/2022\/12\/influence_Verlaeufe_V01_5.png\",\"contentUrl\":\"https:\/\/influence.ch\/wp-content\/uploads\/2022\/12\/influence_Verlaeufe_V01_5.png\",\"width\":2442,\"height\":2169},{\"@type\":\"BreadcrumbList\",\"@id\":\"https:\/\/influence.ch\/fr\/2026\/04\/29\/le-centre-silencieux\/#breadcrumb\",\"itemListElement\":[{\"@type\":\"ListItem\",\"position\":1,\"name\":\"Startseite\",\"item\":\"https:\/\/influence.ch\/fr\/influence\/\"},{\"@type\":\"ListItem\",\"position\":2,\"name\":\"Une population silencieuse\"}]},{\"@type\":\"WebSite\",\"@id\":\"https:\/\/influence.ch\/#website\",\"url\":\"https:\/\/influence.ch\/\",\"name\":\"influence powered by furrerhugi\",\"description\":\"Vorsprung durch Wissen\",\"potentialAction\":[{\"@type\":\"SearchAction\",\"target\":{\"@type\":\"EntryPoint\",\"urlTemplate\":\"https:\/\/influence.ch\/?s={search_term_string}\"},\"query-input\":{\"@type\":\"PropertyValueSpecification\",\"valueRequired\":true,\"valueName\":\"search_term_string\"}}],\"inLanguage\":\"fr-FR\"},{\"@type\":\"Person\",\"@id\":\"https:\/\/influence.ch\/#\/schema\/person\/718772fa81c4a1af46e0ac0e0e3036b0\",\"name\":\"Matthias Halbeis\",\"image\":{\"@type\":\"ImageObject\",\"inLanguage\":\"fr-FR\",\"@id\":\"https:\/\/influence.ch\/#\/schema\/person\/image\/\",\"url\":\"https:\/\/secure.gravatar.com\/avatar\/39299fbf392ef1a46bba124b38dd0a8d3f9f6634aa745b33735180018def6132?s=96&d=mm&r=g\",\"contentUrl\":\"https:\/\/secure.gravatar.com\/avatar\/39299fbf392ef1a46bba124b38dd0a8d3f9f6634aa745b33735180018def6132?s=96&d=mm&r=g\",\"caption\":\"Matthias Halbeis\"},\"url\":\"https:\/\/influence.ch\/fr\/author\/matthias-halbeis\/\"}]}<\/script>\n<!-- \/ Yoast SEO plugin. -->","yoast_head_json":{"title":"Une population silencieuse - influence powered by furrerhugi","description":"Le centre silencieux","robots":{"index":"index","follow":"follow","max-snippet":"max-snippet:-1","max-image-preview":"max-image-preview:large","max-video-preview":"max-video-preview:-1"},"canonical":"https:\/\/influence.ch\/fr\/2026\/04\/29\/le-centre-silencieux\/","og_locale":"fr_FR","og_type":"article","og_title":"Une population silencieuse - influence powered by furrerhugi","og_description":"Le centre silencieux","og_url":"https:\/\/influence.ch\/fr\/2026\/04\/29\/le-centre-silencieux\/","og_site_name":"influence powered by furrerhugi","article_published_time":"2026-04-29T14:25:15+00:00","article_modified_time":"2026-04-29T16:32:51+00:00","og_image":[{"url":"https:\/\/influence.ch\/wp-content\/uploads\/2026\/02\/shutterstock_2645668637-1030x641.png","type":"","width":"","height":""}],"author":"Matthias Halbeis","twitter_card":"summary_large_image","twitter_image":"https:\/\/influence.ch\/wp-content\/uploads\/2026\/02\/shutterstock_2645668637-1030x641.png","twitter_misc":{"\u00c9crit par":"Matthias Halbeis","Dur\u00e9e de lecture estim\u00e9e":"9 minutes"},"schema":{"@context":"https:\/\/schema.org","@graph":[{"@type":"Article","@id":"https:\/\/influence.ch\/fr\/2026\/04\/29\/le-centre-silencieux\/#article","isPartOf":{"@id":"https:\/\/influence.ch\/fr\/2026\/04\/29\/le-centre-silencieux\/"},"author":{"name":"Matthias Halbeis","@id":"https:\/\/influence.ch\/#\/schema\/person\/718772fa81c4a1af46e0ac0e0e3036b0"},"headline":"Une population silencieuse","datePublished":"2026-04-29T14:25:15+00:00","dateModified":"2026-04-29T16:32:51+00:00","mainEntityOfPage":{"@id":"https:\/\/influence.ch\/fr\/2026\/04\/29\/le-centre-silencieux\/"},"wordCount":2796,"image":{"@id":"https:\/\/influence.ch\/fr\/2026\/04\/29\/le-centre-silencieux\/#primaryimage"},"thumbnailUrl":"https:\/\/influence.ch\/wp-content\/uploads\/2022\/12\/influence_Verlaeufe_V01_5.png","articleSection":["Soci\u00e9t\u00e9"],"inLanguage":"fr-FR"},{"@type":"WebPage","@id":"https:\/\/influence.ch\/fr\/2026\/04\/29\/le-centre-silencieux\/","url":"https:\/\/influence.ch\/fr\/2026\/04\/29\/le-centre-silencieux\/","name":"Une population silencieuse - influence powered by furrerhugi","isPartOf":{"@id":"https:\/\/influence.ch\/#website"},"primaryImageOfPage":{"@id":"https:\/\/influence.ch\/fr\/2026\/04\/29\/le-centre-silencieux\/#primaryimage"},"image":{"@id":"https:\/\/influence.ch\/fr\/2026\/04\/29\/le-centre-silencieux\/#primaryimage"},"thumbnailUrl":"https:\/\/influence.ch\/wp-content\/uploads\/2022\/12\/influence_Verlaeufe_V01_5.png","datePublished":"2026-04-29T14:25:15+00:00","dateModified":"2026-04-29T16:32:51+00:00","author":{"@id":"https:\/\/influence.ch\/#\/schema\/person\/718772fa81c4a1af46e0ac0e0e3036b0"},"description":"Le centre silencieux","breadcrumb":{"@id":"https:\/\/influence.ch\/fr\/2026\/04\/29\/le-centre-silencieux\/#breadcrumb"},"inLanguage":"fr-FR","potentialAction":[{"@type":"ReadAction","target":["https:\/\/influence.ch\/fr\/2026\/04\/29\/le-centre-silencieux\/"]}]},{"@type":"ImageObject","inLanguage":"fr-FR","@id":"https:\/\/influence.ch\/fr\/2026\/04\/29\/le-centre-silencieux\/#primaryimage","url":"https:\/\/influence.ch\/wp-content\/uploads\/2022\/12\/influence_Verlaeufe_V01_5.png","contentUrl":"https:\/\/influence.ch\/wp-content\/uploads\/2022\/12\/influence_Verlaeufe_V01_5.png","width":2442,"height":2169},{"@type":"BreadcrumbList","@id":"https:\/\/influence.ch\/fr\/2026\/04\/29\/le-centre-silencieux\/#breadcrumb","itemListElement":[{"@type":"ListItem","position":1,"name":"Startseite","item":"https:\/\/influence.ch\/fr\/influence\/"},{"@type":"ListItem","position":2,"name":"Une population silencieuse"}]},{"@type":"WebSite","@id":"https:\/\/influence.ch\/#website","url":"https:\/\/influence.ch\/","name":"influence powered by furrerhugi","description":"Vorsprung durch Wissen","potentialAction":[{"@type":"SearchAction","target":{"@type":"EntryPoint","urlTemplate":"https:\/\/influence.ch\/?s={search_term_string}"},"query-input":{"@type":"PropertyValueSpecification","valueRequired":true,"valueName":"search_term_string"}}],"inLanguage":"fr-FR"},{"@type":"Person","@id":"https:\/\/influence.ch\/#\/schema\/person\/718772fa81c4a1af46e0ac0e0e3036b0","name":"Matthias Halbeis","image":{"@type":"ImageObject","inLanguage":"fr-FR","@id":"https:\/\/influence.ch\/#\/schema\/person\/image\/","url":"https:\/\/secure.gravatar.com\/avatar\/39299fbf392ef1a46bba124b38dd0a8d3f9f6634aa745b33735180018def6132?s=96&d=mm&r=g","contentUrl":"https:\/\/secure.gravatar.com\/avatar\/39299fbf392ef1a46bba124b38dd0a8d3f9f6634aa745b33735180018def6132?s=96&d=mm&r=g","caption":"Matthias Halbeis"},"url":"https:\/\/influence.ch\/fr\/author\/matthias-halbeis\/"}]}},"_links":{"self":[{"href":"https:\/\/influence.ch\/fr\/wp-json\/wp\/v2\/posts\/7312","targetHints":{"allow":["GET"]}}],"collection":[{"href":"https:\/\/influence.ch\/fr\/wp-json\/wp\/v2\/posts"}],"about":[{"href":"https:\/\/influence.ch\/fr\/wp-json\/wp\/v2\/types\/post"}],"author":[{"embeddable":true,"href":"https:\/\/influence.ch\/fr\/wp-json\/wp\/v2\/users\/6"}],"replies":[{"embeddable":true,"href":"https:\/\/influence.ch\/fr\/wp-json\/wp\/v2\/comments?post=7312"}],"version-history":[{"count":15,"href":"https:\/\/influence.ch\/fr\/wp-json\/wp\/v2\/posts\/7312\/revisions"}],"predecessor-version":[{"id":7440,"href":"https:\/\/influence.ch\/fr\/wp-json\/wp\/v2\/posts\/7312\/revisions\/7440"}],"wp:featuredmedia":[{"embeddable":true,"href":"https:\/\/influence.ch\/fr\/wp-json\/wp\/v2\/media\/517"}],"wp:attachment":[{"href":"https:\/\/influence.ch\/fr\/wp-json\/wp\/v2\/media?parent=7312"}],"wp:term":[{"taxonomy":"category","embeddable":true,"href":"https:\/\/influence.ch\/fr\/wp-json\/wp\/v2\/categories?post=7312"},{"taxonomy":"post_tag","embeddable":true,"href":"https:\/\/influence.ch\/fr\/wp-json\/wp\/v2\/tags?post=7312"}],"curies":[{"name":"wp","href":"https:\/\/api.w.org\/{rel}","templated":true}]}}