{"id":7307,"date":"2026-04-29T16:27:33","date_gmt":"2026-04-29T14:27:33","guid":{"rendered":"https:\/\/influence.ch\/?p=7307"},"modified":"2026-04-29T18:28:38","modified_gmt":"2026-04-29T16:28:38","slug":"les-entreprises-suisses-en-mode-crise-permanente","status":"publish","type":"post","link":"https:\/\/influence.ch\/fr\/2026\/04\/29\/les-entreprises-suisses-en-mode-crise-permanente\/","title":{"rendered":"Les entreprises suisses en mode \u00ab crise permanente\u00a0\u00bb"},"content":{"rendered":"\n<style type=\"text\/css\" data-created_by=\"avia_inline_auto\" id=\"style-css-av-37s3-dc5ab0bdae0e6b1e5284627a5833266b\">\n.avia-section.av-37s3-dc5ab0bdae0e6b1e5284627a5833266b{\nmargin-top:20px;\nmargin-bottom:20px;\n}\n<\/style>\n<div id='av_section_1'  class='avia-section av-37s3-dc5ab0bdae0e6b1e5284627a5833266b main_color avia-section-default avia-no-border-styling  avia-builder-el-0  el_before_av_section  avia-builder-el-first  head_komm avia-bg-style-scroll container_wrap fullsize'  ><div class='container av-section-cont-open' ><main  role=\"main\" itemprop=\"mainContentOfPage\"  class='template-page content  av-content-full alpha units'><div class='post-entry post-entry-type-page post-entry-7307'><div class='entry-content-wrapper clearfix'>\n\n<style type=\"text\/css\" data-created_by=\"avia_inline_auto\" id=\"style-css-av-ll3dnv6h-4148c811db292f0b98b5ef1a1b585ab3\">\n#top .hr.hr-invisible.av-ll3dnv6h-4148c811db292f0b98b5ef1a1b585ab3{\nheight:40px;\n}\n<\/style>\n<div  class='hr av-ll3dnv6h-4148c811db292f0b98b5ef1a1b585ab3 hr-invisible  avia-builder-el-1  el_before_av_post_metadata  avia-builder-el-first '><span class='hr-inner '><span class=\"hr-inner-style\"><\/span><\/span><\/div>\n\n<style type=\"text\/css\" data-created_by=\"avia_inline_auto\" id=\"style-css-av-ll2bygrq-a1a13b3da260d9c9d49905a783ae5cc5\">\n#top .av-post-metadata-container.av-ll2bygrq-a1a13b3da260d9c9d49905a783ae5cc5{\ncolor:#ffffff;\nfont-size:22px;\n}\n#top .av-post-metadata-container.av-ll2bygrq-a1a13b3da260d9c9d49905a783ae5cc5 .av-post-metadata-container-inner{\nfont-size:22px;\n}\n<\/style>\n<div  id=\"author\"  class='av-post-metadata-container av-ll2bygrq-a1a13b3da260d9c9d49905a783ae5cc5 av-metadata-container-align-left  avia-builder-el-2  el_after_av_hr  el_before_av_one_full  av-desktop-hide av-medium-hide av-small-hide av-mini-hide av-metadata-container-1'><div class='av-post-metadata-container-inner'><span class=\"av-post-metadata-content av-post-metadata-meta-content\"><span class=\"av-post-metadata-content av-post-metadata-category\"><span class=\"av-post-metadata-category-link\" ><a href=\"https:\/\/influence.ch\/fr\/category\/economie\/\" >\u00c9conomie<\/a><\/span><\/span><\/span><\/div><\/div>\n<div class='flex_column av-580n-a0c99beb2a1882896586deb18bcf5405 av_one_full  avia-builder-el-3  el_after_av_post_metadata  el_before_av_post_metadata  first flex_column_div '     ><style type=\"text\/css\" data-created_by=\"avia_inline_auto\" id=\"style-css-av-lajol5k3-bcabd5439ce39e62158db334b9b99d68\">\n#top .av_textblock_section.av-lajol5k3-bcabd5439ce39e62158db334b9b99d68 .avia_textblock{\ncolor:#ffffff;\n}\n<\/style>\n<section  class='av_textblock_section av-lajol5k3-bcabd5439ce39e62158db334b9b99d68'  itemscope=\"itemscope\" itemtype=\"https:\/\/schema.org\/BlogPosting\" itemprop=\"blogPost\" ><div class='avia_textblock av_inherit_color'  itemprop=\"text\" ><h1 style=\"text-align: center;\"><\/h1>\n<h1 style=\"text-align: center;\">Les entreprises suisses en mode \u00ab crise permanente \u00bb<\/h1>\n<div class=\"row\">\n<div class=\"col-14 offset-md-2 col-md-10\">\n<p class=\"lead-text\" style=\"text-align: center;\">Ce que signifie la r\u00e9silience 2026 dans la pratique<\/p>\n<\/div>\n<\/div>\n<\/div><\/section><\/div>\n<style type=\"text\/css\" data-created_by=\"avia_inline_auto\" id=\"style-css-av-kqp-d3340c463e9779d9fb5e4297bb48a84f\">\n#top .av-post-metadata-container.av-kqp-d3340c463e9779d9fb5e4297bb48a84f{\ncolor:#ffffff;\n}\n<\/style>\n<div  id=\"author\"  class='av-post-metadata-container av-kqp-d3340c463e9779d9fb5e4297bb48a84f av-metadata-container-align-left  avia-builder-el-5  el_after_av_one_full  el_before_av_hr  av-desktop-hide av-medium-hide av-small-hide av-mini-hide av-metadata-container-2'><div class='av-post-metadata-container-inner'><span class=\"av-post-metadata-content av-post-metadata-meta-content\"><span class=\"av-post-metadata-content av-post-metadata-author\"  itemprop=\"author\" ><span class=\"av-post-metadata-author-link\" ><a href=\"https:\/\/influence.ch\/fr\/author\/matthias-halbeis\/\"  rel=\"author\">Matthias Halbeis<\/a><\/span><\/span><\/span><\/div><\/div>\n\n<style type=\"text\/css\" data-created_by=\"avia_inline_auto\" id=\"style-css-av-3rkb-5af53ac747b34df56e11174e8e22e573\">\n#top .hr.hr-invisible.av-3rkb-5af53ac747b34df56e11174e8e22e573{\nheight:40px;\n}\n<\/style>\n<div  class='hr av-3rkb-5af53ac747b34df56e11174e8e22e573 hr-invisible  avia-builder-el-6  el_after_av_post_metadata  avia-builder-el-last '><span class='hr-inner '><span class=\"hr-inner-style\"><\/span><\/span><\/div>\n<\/div><\/div><\/main><!-- close content main element --><\/div><\/div><div id='av_section_2'  class='avia-section av-4nqx-1f9ea2e9ed6a23cc856f96335c63c817 main_color avia-section-default avia-no-border-styling  avia-builder-el-7  el_after_av_section  el_before_av_section  post-inhalt avia-bg-style-scroll container_wrap fullsize'  ><div class='container av-section-cont-open' ><div class='template-page content  av-content-full alpha units'><div class='post-entry post-entry-type-page post-entry-7307'><div class='entry-content-wrapper clearfix'>\n\n<style type=\"text\/css\" data-created_by=\"avia_inline_auto\" id=\"style-css-av-ll2diep3-4379f21ceadb0c1eabec389020991252\">\n#top .av-post-metadata-container.av-ll2diep3-4379f21ceadb0c1eabec389020991252{\ncolor:#000000;\nfont-size:16px;\n}\n#top .av-post-metadata-container.av-ll2diep3-4379f21ceadb0c1eabec389020991252 .av-post-metadata-container-inner{\nfont-size:16px;\n}\n<\/style>\n<div  id=\"author\"  class='av-post-metadata-container av-ll2diep3-4379f21ceadb0c1eabec389020991252 av-metadata-container-align-left  avia-builder-el-8  el_before_av_hr  avia-builder-el-first  av-metadata-container-3'><div class='av-post-metadata-container-inner'><span class=\"av-post-metadata-content av-post-metadata-meta-content\"><span class=\"av-post-metadata-content av-post-metadata-published\"><span class=\"av-post-metadata-published-date\" >29 avril 2026<\/span><span class=\"av-metadata-after av-metadata-after-published\">|<\/span><\/span><span class=\"av-post-metadata-content av-post-metadata-separator\"><\/span><span class=\"av-post-metadata-content av-post-metadata-author\"  itemprop=\"author\" ><span class=\"av-post-metadata-author-link\" ><a href=\"https:\/\/influence.ch\/fr\/author\/matthias-halbeis\/\"  rel=\"author\">Matthias Halbeis<\/a><\/span><span class=\"av-metadata-after av-metadata-after-author\">|<\/span><\/span><span class=\"av-post-metadata-content av-post-metadata-separator\"><\/span><span class=\"av-post-metadata-content av-post-metadata-category\"><span class=\"av-post-metadata-category-link\" ><a href=\"https:\/\/influence.ch\/fr\/category\/economie\/\" >\u00c9conomie<\/a><\/span><\/span><\/span><\/div><\/div>\n\n<style type=\"text\/css\" data-created_by=\"avia_inline_auto\" id=\"style-css-av-ll2cb0de-1618aeaa710f9714e67c07fd3b765e06\">\n#top .hr.hr-invisible.av-ll2cb0de-1618aeaa710f9714e67c07fd3b765e06{\nheight:10px;\n}\n<\/style>\n<div  class='hr av-ll2cb0de-1618aeaa710f9714e67c07fd3b765e06 hr-invisible  avia-builder-el-9  el_after_av_post_metadata  el_before_av_image '><span class='hr-inner '><span class=\"hr-inner-style\"><\/span><\/span><\/div>\n\n<style type=\"text\/css\" data-created_by=\"avia_inline_auto\" id=\"style-css-av-lqf328ck-7dfdc136349d61bb8eec5cd11fad2609\">\n.avia-image-container.av-lqf328ck-7dfdc136349d61bb8eec5cd11fad2609 img.avia_image{\nbox-shadow:none;\n}\n.avia-image-container.av-lqf328ck-7dfdc136349d61bb8eec5cd11fad2609 .av-image-caption-overlay-center{\ncolor:#ffffff;\n}\n<\/style>\n<div  class='avia-image-container av-lqf328ck-7dfdc136349d61bb8eec5cd11fad2609 av-styling- avia-align-center  avia-builder-el-10  el_after_av_hr  el_before_av_textblock '   itemprop=\"image\" itemscope=\"itemscope\" itemtype=\"https:\/\/schema.org\/ImageObject\" ><div class=\"avia-image-container-inner\"><div class=\"avia-image-overlay-wrap\"><img decoding=\"async\" class='wp-image-7338 avia-img-lazy-loading-not-7338 avia_image ' src=\"https:\/\/influence.ch\/wp-content\/uploads\/2026\/04\/shutterstock_2630645925_-1030x655.png\" alt='' title='shutterstock_2630645925_'  height=\"655\" width=\"1030\"  itemprop=\"thumbnailUrl\" srcset=\"https:\/\/influence.ch\/wp-content\/uploads\/2026\/04\/shutterstock_2630645925_-1030x655.png 1030w, https:\/\/influence.ch\/wp-content\/uploads\/2026\/04\/shutterstock_2630645925_-300x191.png 300w, https:\/\/influence.ch\/wp-content\/uploads\/2026\/04\/shutterstock_2630645925_-768x489.png 768w, https:\/\/influence.ch\/wp-content\/uploads\/2026\/04\/shutterstock_2630645925_-786x500.png 786w, https:\/\/influence.ch\/wp-content\/uploads\/2026\/04\/shutterstock_2630645925_.png 1100w\" sizes=\"(max-width: 1030px) 100vw, 1030px\" \/><\/div><\/div><\/div>\n<section  class='av_textblock_section av-llaxxvya-c9a1181787d58c49eeb5f9596564e989'  itemscope=\"itemscope\" itemtype=\"https:\/\/schema.org\/BlogPosting\" itemprop=\"blogPost\" ><div class='avia_textblock'  itemprop=\"text\" ><h6 class=\"p1\">(Image : Shutterstock)<\/h6>\n<\/div><\/section>\n\n<style type=\"text\/css\" data-created_by=\"avia_inline_auto\" id=\"style-css-av-2q8z-01ad5e0b5f31c74fd38e79a60fc3cd1d\">\n#top .av_textblock_section.av-2q8z-01ad5e0b5f31c74fd38e79a60fc3cd1d .avia_textblock{\nfont-size:22px;\n}\n<\/style>\n<section  class='av_textblock_section av-2q8z-01ad5e0b5f31c74fd38e79a60fc3cd1d'  itemscope=\"itemscope\" itemtype=\"https:\/\/schema.org\/BlogPosting\" itemprop=\"blogPost\" ><div class='avia_textblock'  itemprop=\"text\" ><p>Dans les entreprises suisses, le ton a chang\u00e9. Auparavant, de nombreuses r\u00e9unions strat\u00e9giques portaient sur la croissance, le recrutement de talents ou les nouveaux march\u00e9s. Aujourd&rsquo;hui, une autre question domine : comment rester en mesure de livrer, de payer et de prendre des d\u00e9cisions, m\u00eame si plusieurs chocs se produisent simultan\u00e9ment ? Lorsque l&rsquo;on parle de \u00ab\u00a0fonctionnement normal\u00a0\u00bb en 2026, cela signifie souvent simplement que la prochaine perturbation n&rsquo;est pas encore arriv\u00e9e.<\/p>\n<p>Ce d\u00e9calage est structurel. Le <a href=\"https:\/\/www.weforum.org\/\" target=\"_blank\" rel=\"noopener\">Forum \u00e9conomique mondial<\/a> d\u00e9crit une situation de risque dans laquelle les crises ne peuvent plus \u00eatre clairement s\u00e9par\u00e9es les unes des autres, mais se renforcent mutuellement &#8211; g\u00e9opolitiquement, technologiquement, \u00e9conomiquement. Pour les entreprises, cela signifie qu&rsquo;un probl\u00e8me reste rarement isol\u00e9. Un goulot d&rsquo;\u00e9tranglement en Asie devient une question de production en Suisse, une question de prix en Europe et une question de r\u00e9putation dans les m\u00e9dias sociaux. La r\u00e9silience n&rsquo;est donc plus un antidote \u00e0 la crise, mais une condition de fonctionnement.<\/p>\n<p><strong>De l&rsquo;efficacit\u00e9 \u00e0 la r\u00e9silience<\/strong><br \/>\nLe changement est particuli\u00e8rement visible dans les cha\u00eenes d&rsquo;approvisionnement. Pendant des ann\u00e9es, la devise \u00e9tait : minceur, rapidit\u00e9, optimisation. Mais ces derni\u00e8res ann\u00e9es ont montr\u00e9 \u00e0 quel point l&rsquo;efficacit\u00e9 \u00ab\u00a0parfaite\u00a0\u00bb devient co\u00fbteuse lorsqu&rsquo;un maillon se rompt. L&rsquo;OCDE souligne depuis un certain temps que les cha\u00eenes d&rsquo;approvisionnement hautement optimis\u00e9es augmentent la vuln\u00e9rabilit\u00e9 et que les entreprises doivent donc se diversifier davantage et pr\u00e9voir d\u00e9lib\u00e9r\u00e9ment des redondances. Cela semble \u00eatre un pas en arri\u00e8re, mais c&rsquo;est souvent la condition pr\u00e9alable pour pouvoir livrer.<\/p>\n<div>En pratique, on le constate \u00e0 travers trois types de d\u00e9cisions qui sont prises plus fr\u00e9quemment en 2026 qu\u2019auparavant : davantage de fournisseurs compl\u00e9mentaires, une plus grande transparence sur les sous-traitants (de niveau 2\/3) et davantage de marges de s\u00e9curit\u00e9 pour les composants critiques. Cela a un co\u00fbt. Mais cela permet de gagner du temps \u2014 et, en situation de perturbation, le temps est la ressource la plus rare.<\/div>\n<p><strong>La r\u00e9silience, c&rsquo;est la gouvernance, pas le bien-\u00eatre<\/strong><br \/>\nLe point crucial : la r\u00e9silience n&rsquo;est pas en premier lieu une question d&rsquo;\u00e9tat d&rsquo;esprit ou de vigilance. C&rsquo;est une question de leadership, de responsabilit\u00e9s et de contr\u00f4le, en bref, de gouvernance. L&rsquo;<a href=\"https:\/\/www.oecd.org\/fr\/themes\/gouvernance.html\" target=\"_blank\" rel=\"noopener\">OCDE<\/a> formule la r\u00e9silience comme la capacit\u00e9 des syst\u00e8mes non seulement \u00e0 absorber les perturbations, mais aussi \u00e0 les anticiper, \u00e0 s&rsquo;adapter et &#8211; si n\u00e9cessaire &#8211; \u00e0 changer de mod\u00e8le. Appliqu\u00e9e aux entreprises, cela signifie que la r\u00e9silience doit faire partie du conseil d&rsquo;administration, du comit\u00e9 des risques, de la planification financi\u00e8re, de l&rsquo;architecture informatique et de s\u00e9curit\u00e9.<\/p>\n<p>Qu&rsquo;est-ce que cela signifie concr\u00e8tement ? Il ne s&rsquo;agit plus de plans de crise PowerPoint qui prennent la poussi\u00e8re dans un classeur, mais de tests de r\u00e9sistance, de voies d&rsquo;escalade claires, de droits de d\u00e9cision d\u00e9finis et d&rsquo;un reporting qui met en \u00e9vidence les d\u00e9pendances &#8211; de l&rsquo;\u00e9nergie aux fournisseurs de cloud en passant par les personnes cl\u00e9s. La r\u00e9silience devient ainsi mesurable : non pas comme une valeur de bien-\u00eatre, mais comme un param\u00e8tre de contr\u00f4le.<\/p>\n<p><strong>Contexte suisse : robuste, mais pas \u00e0 l&rsquo;abri<\/strong><br \/>\nLa Suisse part d&rsquo;une position de force relative : secteurs diversifi\u00e9s, productivit\u00e9 \u00e9lev\u00e9e, institutions stables. En m\u00eame temps, en tant que pays orient\u00e9 vers l&rsquo;exportation, elle est particuli\u00e8rement expos\u00e9e aux risques externes et aux pressions d&rsquo;ajustement. Dans ses \u00e9valuations, le <a href=\"https:\/\/www.seco.admin.ch\/seco\/fr\/home\/wirtschaftslage---wirtschaftspolitik\/Wirtschaftslage\/konjunkturprognosen.html\" target=\"_blank\" rel=\"noopener\">SECO<\/a> fait r\u00e9guli\u00e8rement r\u00e9f\u00e9rence \u00e0 la robustesse de l&rsquo;\u00e9conomie suisse, mais souligne \u00e9galement l&rsquo;importance des incertitudes externes et des exigences r\u00e9glementaires. Pour les entreprises, c&rsquo;est la r\u00e9alit\u00e9 entre comp\u00e9titivit\u00e9 et conformit\u00e9 : pour \u00eatre r\u00e9silient, il faut \u00eatre capable de fournir et de r\u00e9glementer les deux.<\/p>\n<p><strong>La r\u00e9silience est la capacit\u00e9 \u00e0 prendre des d\u00e9cisions sous pression<\/strong><br \/>\nEn 2026, la r\u00e9silience n&rsquo;est plus une \u00e9tiquette signifiant \u00ab\u00a0on s&rsquo;en sortira d&rsquo;une mani\u00e8re ou d&rsquo;une autre\u00a0\u00bb. La r\u00e9silience est la capacit\u00e9 \u00e0 rester capable d&rsquo;agir dans l&rsquo;incertitude &#8211; sur le plan financier, op\u00e9rationnel, juridique et communicationnel. Les entreprises qui con\u00e7oivent la r\u00e9silience comme une gouvernance ne se contentent pas de constituer des r\u00e9serves, elles construisent avant tout une qualit\u00e9 de d\u00e9cision : des responsabilit\u00e9s claires, des sc\u00e9narios r\u00e9silients, des interd\u00e9pendances transparentes. En cas de crise permanente, le gagnant n&rsquo;est pas celui qui n&rsquo;a pas de crise, mais celui qui la g\u00e8re de mani\u00e8re \u00e0 ce que les affaires continuent.<\/p>\n<\/div><\/section>\n<\/div><\/div><\/div><!-- close content main div --><\/div><\/div>\n<style type=\"text\/css\" data-created_by=\"avia_inline_auto\" id=\"style-css-av-fbiot-f1ec76308f4d06aba266faf19bdf7526\">\n.avia-section.av-fbiot-f1ec76308f4d06aba266faf19bdf7526{\nbackground-color:#ededed;\nbackground-image:unset;\n}\n<\/style>\n<div id='av_section_3'  class='avia-section av-fbiot-f1ec76308f4d06aba266faf19bdf7526 main_color avia-section-default avia-no-border-styling  avia-builder-el-13  el_after_av_section  avia-builder-el-last  post_slider avia-bg-style-scroll container_wrap fullsize'  ><div class='container av-section-cont-open' ><div class='template-page content  av-content-full alpha units'><div class='post-entry post-entry-type-page post-entry-7307'><div class='entry-content-wrapper clearfix'>\n<div  data-slideshow-options=\"{&quot;animation&quot;:&quot;fade&quot;,&quot;autoplay&quot;:false,&quot;loop_autoplay&quot;:&quot;once&quot;,&quot;interval&quot;:&quot;5&quot;,&quot;loop_manual&quot;:&quot;manual-endless&quot;,&quot;autoplay_stopper&quot;:false,&quot;noNavigation&quot;:false,&quot;show_slide_delay&quot;:90}\" class='avia-content-slider avia-content-slider-active avia-content-slider1 avia-content-slider-odd  avia-builder-el-14  avia-builder-el-no-sibling  av-slideshow-ui av-control-default   av-no-slider-navigation av-slideshow-manual av-loop-once av-loop-manual-endless '  itemscope=\"itemscope\" itemtype=\"https:\/\/schema.org\/Blog\" ><div class=\"avia-content-slider-inner\"><div class=\"slide-entry-wrap\"><article class='slide-entry flex_column  post-entry post-entry-6765 slide-entry-overview slide-loop-1 slide-parity-odd  av_one_third first real-thumbnail post-format-standard'  itemscope=\"itemscope\" itemtype=\"https:\/\/schema.org\/BlogPosting\" itemprop=\"blogPost\" ><a href='https:\/\/influence.ch\/fr\/2026\/01\/29\/la-nouvelle-architecture-de-securite-de-lordre-aux-zones-dinfluence\/' data-rel='slide-1' class='slide-image' title='S\u00e9curit\u00e9 globale: le retour aux zones d&rsquo;influence'><img decoding=\"async\" width=\"495\" height=\"400\" src=\"https:\/\/influence.ch\/wp-content\/uploads\/2022\/12\/influence_Verlaeufe_V01_1-495x400.png\" class=\"wp-image-522 avia-img-lazy-loading-not-522 attachment-portfolio size-portfolio wp-post-image\" alt=\"\" srcset=\"https:\/\/influence.ch\/wp-content\/uploads\/2022\/12\/influence_Verlaeufe_V01_1-495x400.png 495w, https:\/\/influence.ch\/wp-content\/uploads\/2022\/12\/influence_Verlaeufe_V01_1-845x684.png 845w\" sizes=\"(max-width: 495px) 100vw, 495px\" \/><\/a><div class=\"slide-content\"><header class=\"entry-content-header\"><h3 class='slide-entry-title entry-title '  itemprop=\"headline\" ><a href='https:\/\/influence.ch\/fr\/2026\/01\/29\/la-nouvelle-architecture-de-securite-de-lordre-aux-zones-dinfluence\/' title='S\u00e9curit\u00e9 globale: le retour aux zones d&rsquo;influence'>S\u00e9curit\u00e9 globale: le retour aux zones d&rsquo;influence<\/a><\/h3><span class=\"av-vertical-delimiter\"><\/span><\/header><div class=\"slide-meta\"><time class='slide-meta-time updated'  itemprop=\"datePublished\" datetime=\"2026-01-29T10:17:53+01:00\" >29 janvier 2026<\/time><\/div><div class='slide-entry-excerpt entry-content'  itemprop=\"text\" >Comment le comportement des \u00c9tats-Unis commence \u00e0 \u00e9touffer la coop\u00e9ration multilat\u00e9rale<\/div><\/div><footer class=\"entry-footer\"><\/footer><span class='hidden'>\n\t\t\t\t<span class='av-structured-data'  itemprop=\"image\" itemscope=\"itemscope\" itemtype=\"https:\/\/schema.org\/ImageObject\" >\n\t\t\t\t\t\t<span itemprop='url'>https:\/\/influence.ch\/wp-content\/uploads\/2022\/12\/influence_Verlaeufe_V01_1.png<\/span>\n\t\t\t\t\t\t<span itemprop='height'>2169<\/span>\n\t\t\t\t\t\t<span itemprop='width'>2442<\/span>\n\t\t\t\t<\/span>\n\t\t\t\t<span class='av-structured-data'  itemprop=\"publisher\" itemtype=\"https:\/\/schema.org\/Organization\" itemscope=\"itemscope\" >\n\t\t\t\t\t\t<span itemprop='name'>Matthias Halbeis<\/span>\n\t\t\t\t\t\t<span itemprop='logo' itemscope itemtype='https:\/\/schema.org\/ImageObject'>\n\t\t\t\t\t\t\t<span itemprop='url'>https:\/\/influence.ch\/wp-content\/uploads\/2025\/02\/influence_Logo_FR_weiss-1030x277.png<\/span>\n\t\t\t\t\t\t <\/span>\n\t\t\t\t<\/span><span class='av-structured-data'  itemprop=\"author\" itemscope=\"itemscope\" itemtype=\"https:\/\/schema.org\/Person\" ><span itemprop='name'>Matthias Halbeis<\/span><\/span><span class='av-structured-data'  itemprop=\"datePublished\" datetime=\"2026-04-29T16:27:33+02:00\" >2026-01-29 10:17:53<\/span><span class='av-structured-data'  itemprop=\"dateModified\" itemtype=\"https:\/\/schema.org\/dateModified\" >2026-01-29 18:02:29<\/span><span class='av-structured-data'  itemprop=\"mainEntityOfPage\" itemtype=\"https:\/\/schema.org\/mainEntityOfPage\" ><span itemprop='name'>S\u00e9curit\u00e9 globale: le retour aux zones d&rsquo;influence<\/span><\/span><\/span><\/article><article class='slide-entry flex_column  post-entry post-entry-6427 slide-entry-overview slide-loop-2 slide-parity-even  av_one_third  real-thumbnail post-format-standard'  itemscope=\"itemscope\" itemtype=\"https:\/\/schema.org\/BlogPosting\" itemprop=\"blogPost\" ><a href='https:\/\/influence.ch\/fr\/2025\/11\/27\/ctrl-alt-manipulation-lia-un-risque-pour-la-communication-politique\/' data-rel='slide-1' class='slide-image' title='Ctrl + Alt + Manipulation ? L&rsquo;IA, un risque pour la communication politique'><img decoding=\"async\" width=\"495\" height=\"400\" src=\"https:\/\/influence.ch\/wp-content\/uploads\/2022\/12\/influence_Verlaeufe_V01_1-495x400.png\" class=\"wp-image-522 avia-img-lazy-loading-not-522 attachment-portfolio size-portfolio wp-post-image\" alt=\"\" srcset=\"https:\/\/influence.ch\/wp-content\/uploads\/2022\/12\/influence_Verlaeufe_V01_1-495x400.png 495w, https:\/\/influence.ch\/wp-content\/uploads\/2022\/12\/influence_Verlaeufe_V01_1-845x684.png 845w\" sizes=\"(max-width: 495px) 100vw, 495px\" \/><\/a><div class=\"slide-content\"><header class=\"entry-content-header\"><h3 class='slide-entry-title entry-title '  itemprop=\"headline\" ><a href='https:\/\/influence.ch\/fr\/2025\/11\/27\/ctrl-alt-manipulation-lia-un-risque-pour-la-communication-politique\/' title='Ctrl + Alt + Manipulation ? L&rsquo;IA, un risque pour la communication politique'>Ctrl + Alt + Manipulation ? L&rsquo;IA, un risque pour la communication politique<\/a><\/h3><span class=\"av-vertical-delimiter\"><\/span><\/header><div class=\"slide-meta\"><time class='slide-meta-time updated'  itemprop=\"datePublished\" datetime=\"2025-11-27T13:27:40+01:00\" >27 novembre 2025<\/time><\/div><div class='slide-entry-excerpt entry-content'  itemprop=\"text\" >Ce que l'on peut d\u00e9duire pour la Suisse \u00e0 partir d'une \u00e9tude sur les Philippines.<\/div><\/div><footer class=\"entry-footer\"><\/footer><span class='hidden'>\n\t\t\t\t<span class='av-structured-data'  itemprop=\"image\" itemscope=\"itemscope\" itemtype=\"https:\/\/schema.org\/ImageObject\" >\n\t\t\t\t\t\t<span itemprop='url'>https:\/\/influence.ch\/wp-content\/uploads\/2022\/12\/influence_Verlaeufe_V01_1.png<\/span>\n\t\t\t\t\t\t<span itemprop='height'>2169<\/span>\n\t\t\t\t\t\t<span itemprop='width'>2442<\/span>\n\t\t\t\t<\/span>\n\t\t\t\t<span class='av-structured-data'  itemprop=\"publisher\" itemtype=\"https:\/\/schema.org\/Organization\" itemscope=\"itemscope\" >\n\t\t\t\t\t\t<span itemprop='name'>Matthias Halbeis<\/span>\n\t\t\t\t\t\t<span itemprop='logo' itemscope itemtype='https:\/\/schema.org\/ImageObject'>\n\t\t\t\t\t\t\t<span itemprop='url'>https:\/\/influence.ch\/wp-content\/uploads\/2025\/02\/influence_Logo_FR_weiss-1030x277.png<\/span>\n\t\t\t\t\t\t <\/span>\n\t\t\t\t<\/span><span class='av-structured-data'  itemprop=\"author\" itemscope=\"itemscope\" itemtype=\"https:\/\/schema.org\/Person\" ><span itemprop='name'>Matthias Halbeis<\/span><\/span><span class='av-structured-data'  itemprop=\"datePublished\" datetime=\"2026-04-29T16:27:33+02:00\" >2025-11-27 13:27:40<\/span><span class='av-structured-data'  itemprop=\"dateModified\" itemtype=\"https:\/\/schema.org\/dateModified\" >2025-11-27 15:23:51<\/span><span class='av-structured-data'  itemprop=\"mainEntityOfPage\" itemtype=\"https:\/\/schema.org\/mainEntityOfPage\" ><span itemprop='name'>Ctrl + Alt + Manipulation ? L&rsquo;IA, un risque pour la communication politique<\/span><\/span><\/span><\/article><article class='slide-entry flex_column  post-entry post-entry-5490 slide-entry-overview slide-loop-3 slide-parity-odd  av_one_third  real-thumbnail post-format-standard'  itemscope=\"itemscope\" itemtype=\"https:\/\/schema.org\/BlogPosting\" itemprop=\"blogPost\" ><a href='https:\/\/influence.ch\/fr\/2025\/05\/26\/on-ne-pourra-jamais-compenser-ca\/' data-rel='slide-1' class='slide-image' title='\u00ab On ne pourra jamais compenser \u00e7a \u00bb'><img decoding=\"async\" width=\"495\" height=\"330\" src=\"https:\/\/influence.ch\/wp-content\/uploads\/2025\/05\/NAG_1622-scaled.jpg\" class=\"wp-image-5600 avia-img-lazy-loading-not-5600 attachment-portfolio size-portfolio wp-post-image\" alt=\"\" srcset=\"https:\/\/influence.ch\/wp-content\/uploads\/2025\/05\/NAG_1622-scaled.jpg 2560w, https:\/\/influence.ch\/wp-content\/uploads\/2025\/05\/NAG_1622-300x200.jpg 300w, https:\/\/influence.ch\/wp-content\/uploads\/2025\/05\/NAG_1622-1030x687.jpg 1030w, https:\/\/influence.ch\/wp-content\/uploads\/2025\/05\/NAG_1622-768x512.jpg 768w\" sizes=\"(max-width: 495px) 100vw, 495px\" \/><\/a><div class=\"slide-content\"><header class=\"entry-content-header\"><h3 class='slide-entry-title entry-title '  itemprop=\"headline\" ><a href='https:\/\/influence.ch\/fr\/2025\/05\/26\/on-ne-pourra-jamais-compenser-ca\/' title='\u00ab On ne pourra jamais compenser \u00e7a \u00bb'>\u00ab On ne pourra jamais compenser \u00e7a \u00bb<\/a><\/h3><span class=\"av-vertical-delimiter\"><\/span><\/header><div class=\"slide-meta\"><div class=\"slide-meta-comments\"><a href='https:\/\/influence.ch\/fr\/2025\/05\/26\/on-ne-pourra-jamais-compenser-ca\/#respond'>0 Commentaires<\/a><\/div><div class=\"slide-meta-del\">\/<\/div><time class='slide-meta-time updated'  itemprop=\"datePublished\" datetime=\"2025-05-26T13:53:25+02:00\" >26 mai 2025<\/time><\/div><div class='slide-entry-excerpt entry-content'  itemprop=\"text\" >Nora Kronig, directrice de la CRS, explique les cons\u00e9quences massives de la r\u00e9duction de l'aide am\u00e9ricaine au d\u00e9veloppement - indirectement aussi pour la Croix-Rouge suisse.  <\/div><\/div><footer class=\"entry-footer\"><\/footer><span class='hidden'>\n\t\t\t\t<span class='av-structured-data'  itemprop=\"image\" itemscope=\"itemscope\" itemtype=\"https:\/\/schema.org\/ImageObject\" >\n\t\t\t\t\t\t<span itemprop='url'>https:\/\/influence.ch\/wp-content\/uploads\/2025\/05\/NAG_1622-scaled.jpg<\/span>\n\t\t\t\t\t\t<span itemprop='height'>1707<\/span>\n\t\t\t\t\t\t<span itemprop='width'>2560<\/span>\n\t\t\t\t<\/span>\n\t\t\t\t<span class='av-structured-data'  itemprop=\"publisher\" itemtype=\"https:\/\/schema.org\/Organization\" itemscope=\"itemscope\" >\n\t\t\t\t\t\t<span itemprop='name'>Eva Novak<\/span>\n\t\t\t\t\t\t<span itemprop='logo' itemscope itemtype='https:\/\/schema.org\/ImageObject'>\n\t\t\t\t\t\t\t<span itemprop='url'>https:\/\/influence.ch\/wp-content\/uploads\/2025\/02\/influence_Logo_FR_weiss-1030x277.png<\/span>\n\t\t\t\t\t\t <\/span>\n\t\t\t\t<\/span><span class='av-structured-data'  itemprop=\"author\" itemscope=\"itemscope\" itemtype=\"https:\/\/schema.org\/Person\" ><span itemprop='name'>Eva Novak<\/span><\/span><span class='av-structured-data'  itemprop=\"datePublished\" datetime=\"2026-04-29T16:27:33+02:00\" >2025-05-26 13:53:25<\/span><span class='av-structured-data'  itemprop=\"dateModified\" itemtype=\"https:\/\/schema.org\/dateModified\" >2025-05-28 11:44:14<\/span><span class='av-structured-data'  itemprop=\"mainEntityOfPage\" itemtype=\"https:\/\/schema.org\/mainEntityOfPage\" ><span itemprop='name'>\u00ab On ne pourra jamais compenser \u00e7a \u00bb<\/span><\/span><\/span><\/article><\/div><div class=\"slide-entry-wrap\"><article class='slide-entry flex_column  post-entry post-entry-4443 slide-entry-overview slide-loop-4 slide-parity-odd  av_one_third first real-thumbnail post-format-standard'  itemscope=\"itemscope\" itemtype=\"https:\/\/schema.org\/BlogPosting\" itemprop=\"blogPost\" ><a href='https:\/\/influence.ch\/fr\/2025\/01\/30\/mission-ia-comment-les-agents-autonomes-pensent-apprennent-et-agissent\/' data-rel='slide-1' class='slide-image' title='Mission IA : comment les agents autonomes pensent, apprennent et agissent'><img decoding=\"async\" width=\"495\" height=\"400\" src=\"https:\/\/influence.ch\/wp-content\/uploads\/2022\/12\/influence_Verlaeufe_V01_7-495x400.png\" class=\"wp-image-529 avia-img-lazy-loading-not-529 attachment-portfolio size-portfolio wp-post-image\" alt=\"\" srcset=\"https:\/\/influence.ch\/wp-content\/uploads\/2022\/12\/influence_Verlaeufe_V01_7-495x400.png 495w, https:\/\/influence.ch\/wp-content\/uploads\/2022\/12\/influence_Verlaeufe_V01_7-845x684.png 845w\" sizes=\"(max-width: 495px) 100vw, 495px\" \/><\/a><div class=\"slide-content\"><header class=\"entry-content-header\"><h3 class='slide-entry-title entry-title '  itemprop=\"headline\" ><a href='https:\/\/influence.ch\/fr\/2025\/01\/30\/mission-ia-comment-les-agents-autonomes-pensent-apprennent-et-agissent\/' title='Mission IA : comment les agents autonomes pensent, apprennent et agissent'>Mission IA : comment les agents autonomes pensent, apprennent et agissent<\/a><\/h3><span class=\"av-vertical-delimiter\"><\/span><\/header><div class=\"slide-meta\"><div class=\"slide-meta-comments\"><a href='https:\/\/influence.ch\/fr\/2025\/01\/30\/mission-ia-comment-les-agents-autonomes-pensent-apprennent-et-agissent\/#respond'>0 Commentaires<\/a><\/div><div class=\"slide-meta-del\">\/<\/div><time class='slide-meta-time updated'  itemprop=\"datePublished\" datetime=\"2025-01-30T11:07:53+01:00\" >30 janvier 2025<\/time><\/div><div class='slide-entry-excerpt entry-content'  itemprop=\"text\" >L'intelligence artificielle (IA) a fait d'\u00e9normes progr\u00e8s au cours des derni\u00e8res ann\u00e9es - l'un des d\u00e9veloppements les plus fascinants est celui des agents IA. Mais comment fonctionnent-ils exactement ?   <\/div><\/div><footer class=\"entry-footer\"><\/footer><span class='hidden'>\n\t\t\t\t<span class='av-structured-data'  itemprop=\"image\" itemscope=\"itemscope\" itemtype=\"https:\/\/schema.org\/ImageObject\" >\n\t\t\t\t\t\t<span itemprop='url'>https:\/\/influence.ch\/wp-content\/uploads\/2022\/12\/influence_Verlaeufe_V01_7.png<\/span>\n\t\t\t\t\t\t<span itemprop='height'>2169<\/span>\n\t\t\t\t\t\t<span itemprop='width'>2442<\/span>\n\t\t\t\t<\/span>\n\t\t\t\t<span class='av-structured-data'  itemprop=\"publisher\" itemtype=\"https:\/\/schema.org\/Organization\" itemscope=\"itemscope\" >\n\t\t\t\t\t\t<span itemprop='name'>Matthias Halbeis<\/span>\n\t\t\t\t\t\t<span itemprop='logo' itemscope itemtype='https:\/\/schema.org\/ImageObject'>\n\t\t\t\t\t\t\t<span itemprop='url'>https:\/\/influence.ch\/wp-content\/uploads\/2025\/02\/influence_Logo_FR_weiss-1030x277.png<\/span>\n\t\t\t\t\t\t <\/span>\n\t\t\t\t<\/span><span class='av-structured-data'  itemprop=\"author\" itemscope=\"itemscope\" itemtype=\"https:\/\/schema.org\/Person\" ><span itemprop='name'>Matthias Halbeis<\/span><\/span><span class='av-structured-data'  itemprop=\"datePublished\" datetime=\"2026-04-29T16:27:33+02:00\" >2025-01-30 11:07:53<\/span><span class='av-structured-data'  itemprop=\"dateModified\" itemtype=\"https:\/\/schema.org\/dateModified\" >2025-01-30 15:38:52<\/span><span class='av-structured-data'  itemprop=\"mainEntityOfPage\" itemtype=\"https:\/\/schema.org\/mainEntityOfPage\" ><span itemprop='name'>Mission IA : comment les agents autonomes pensent, apprennent et agissent<\/span><\/span><\/span><\/article><article class='slide-entry flex_column  post-entry post-entry-6914 slide-entry-overview slide-loop-5 slide-parity-even  av_one_third  real-thumbnail post-format-standard'  itemscope=\"itemscope\" itemtype=\"https:\/\/schema.org\/BlogPosting\" itemprop=\"blogPost\" ><a href='https:\/\/influence.ch\/fr\/2026\/02\/26\/quand-la-realite-redefinit-la-mondialisation\/' data-rel='slide-1' class='slide-image' title='Quand la r\u00e9alit\u00e9 red\u00e9finit la mondialisation'><img decoding=\"async\" width=\"495\" height=\"400\" src=\"https:\/\/influence.ch\/wp-content\/uploads\/2025\/02\/influence_Verlaufe_politik-495x400.png\" class=\"wp-image-4694 avia-img-lazy-loading-not-4694 attachment-portfolio size-portfolio wp-post-image\" alt=\"\" srcset=\"https:\/\/influence.ch\/wp-content\/uploads\/2025\/02\/influence_Verlaufe_politik-495x400.png 495w, https:\/\/influence.ch\/wp-content\/uploads\/2025\/02\/influence_Verlaufe_politik-845x684.png 845w\" sizes=\"(max-width: 495px) 100vw, 495px\" \/><\/a><div class=\"slide-content\"><header class=\"entry-content-header\"><h3 class='slide-entry-title entry-title '  itemprop=\"headline\" ><a href='https:\/\/influence.ch\/fr\/2026\/02\/26\/quand-la-realite-redefinit-la-mondialisation\/' title='Quand la r\u00e9alit\u00e9 red\u00e9finit la mondialisation'>Quand la r\u00e9alit\u00e9 red\u00e9finit la mondialisation<\/a><\/h3><span class=\"av-vertical-delimiter\"><\/span><\/header><div class=\"slide-meta\"><div class=\"slide-meta-comments\"><a href='https:\/\/influence.ch\/fr\/2026\/02\/26\/quand-la-realite-redefinit-la-mondialisation\/#respond'>0 Commentaires<\/a><\/div><div class=\"slide-meta-del\">\/<\/div><time class='slide-meta-time updated'  itemprop=\"datePublished\" datetime=\"2026-02-26T11:15:31+01:00\" >26 f\u00e9vrier 2026<\/time><\/div><div class='slide-entry-excerpt entry-content'  itemprop=\"text\" >Pourquoi les entreprises r\u00e9orientent-elles leurs cha\u00eenes d'approvisionnement ?  <\/div><\/div><footer class=\"entry-footer\"><\/footer><span class='hidden'>\n\t\t\t\t<span class='av-structured-data'  itemprop=\"image\" itemscope=\"itemscope\" itemtype=\"https:\/\/schema.org\/ImageObject\" >\n\t\t\t\t\t\t<span itemprop='url'>https:\/\/influence.ch\/wp-content\/uploads\/2025\/02\/influence_Verlaufe_politik.png<\/span>\n\t\t\t\t\t\t<span itemprop='height'>2169<\/span>\n\t\t\t\t\t\t<span itemprop='width'>2442<\/span>\n\t\t\t\t<\/span>\n\t\t\t\t<span class='av-structured-data'  itemprop=\"publisher\" itemtype=\"https:\/\/schema.org\/Organization\" itemscope=\"itemscope\" >\n\t\t\t\t\t\t<span itemprop='name'>Matthias Halbeis<\/span>\n\t\t\t\t\t\t<span itemprop='logo' itemscope itemtype='https:\/\/schema.org\/ImageObject'>\n\t\t\t\t\t\t\t<span itemprop='url'>https:\/\/influence.ch\/wp-content\/uploads\/2025\/02\/influence_Logo_FR_weiss-1030x277.png<\/span>\n\t\t\t\t\t\t <\/span>\n\t\t\t\t<\/span><span class='av-structured-data'  itemprop=\"author\" itemscope=\"itemscope\" itemtype=\"https:\/\/schema.org\/Person\" ><span itemprop='name'>Matthias Halbeis<\/span><\/span><span class='av-structured-data'  itemprop=\"datePublished\" datetime=\"2026-04-29T16:27:33+02:00\" >2026-02-26 11:15:31<\/span><span class='av-structured-data'  itemprop=\"dateModified\" itemtype=\"https:\/\/schema.org\/dateModified\" >2026-02-26 14:15:53<\/span><span class='av-structured-data'  itemprop=\"mainEntityOfPage\" itemtype=\"https:\/\/schema.org\/mainEntityOfPage\" ><span itemprop='name'>Quand la r\u00e9alit\u00e9 red\u00e9finit la mondialisation<\/span><\/span><\/span><\/article><article class='slide-entry flex_column  post-entry post-entry-7129 slide-entry-overview slide-loop-6 slide-parity-odd  av_one_third  real-thumbnail post-format-standard'  itemscope=\"itemscope\" itemtype=\"https:\/\/schema.org\/BlogPosting\" itemprop=\"blogPost\" ><a href='https:\/\/influence.ch\/fr\/2026\/03\/26\/la-prochaine-ere-de-la-communication-dentreprise\/' data-rel='slide-1' class='slide-image' title='La prochaine \u00e8re de la communication'><img decoding=\"async\" width=\"495\" height=\"400\" src=\"https:\/\/influence.ch\/wp-content\/uploads\/2022\/12\/influence_Verlaeufe_V01_7-495x400.png\" class=\"wp-image-529 avia-img-lazy-loading-not-529 attachment-portfolio size-portfolio wp-post-image\" alt=\"\" srcset=\"https:\/\/influence.ch\/wp-content\/uploads\/2022\/12\/influence_Verlaeufe_V01_7-495x400.png 495w, https:\/\/influence.ch\/wp-content\/uploads\/2022\/12\/influence_Verlaeufe_V01_7-845x684.png 845w\" sizes=\"(max-width: 495px) 100vw, 495px\" \/><\/a><div class=\"slide-content\"><header class=\"entry-content-header\"><h3 class='slide-entry-title entry-title '  itemprop=\"headline\" ><a href='https:\/\/influence.ch\/fr\/2026\/03\/26\/la-prochaine-ere-de-la-communication-dentreprise\/' title='La prochaine \u00e8re de la communication'>La prochaine \u00e8re de la communication<\/a><\/h3><span class=\"av-vertical-delimiter\"><\/span><\/header><div class=\"slide-meta\"><div class=\"slide-meta-comments\"><a href='https:\/\/influence.ch\/fr\/2026\/03\/26\/la-prochaine-ere-de-la-communication-dentreprise\/#respond'>0 Commentaires<\/a><\/div><div class=\"slide-meta-del\">\/<\/div><time class='slide-meta-time updated'  itemprop=\"datePublished\" datetime=\"2026-03-26T14:14:09+01:00\" >26 mars 2026<\/time><\/div><div class='slide-entry-excerpt entry-content'  itemprop=\"text\" >Pourquoi l'authenticit\u00e9 et l'IA d\u00e9finissent les nouvelles r\u00e8gles du jeu<\/div><\/div><footer class=\"entry-footer\"><\/footer><span class='hidden'>\n\t\t\t\t<span class='av-structured-data'  itemprop=\"image\" itemscope=\"itemscope\" itemtype=\"https:\/\/schema.org\/ImageObject\" >\n\t\t\t\t\t\t<span itemprop='url'>https:\/\/influence.ch\/wp-content\/uploads\/2022\/12\/influence_Verlaeufe_V01_7.png<\/span>\n\t\t\t\t\t\t<span itemprop='height'>2169<\/span>\n\t\t\t\t\t\t<span itemprop='width'>2442<\/span>\n\t\t\t\t<\/span>\n\t\t\t\t<span class='av-structured-data'  itemprop=\"publisher\" itemtype=\"https:\/\/schema.org\/Organization\" itemscope=\"itemscope\" >\n\t\t\t\t\t\t<span itemprop='name'>Matthias Halbeis<\/span>\n\t\t\t\t\t\t<span itemprop='logo' itemscope itemtype='https:\/\/schema.org\/ImageObject'>\n\t\t\t\t\t\t\t<span itemprop='url'>https:\/\/influence.ch\/wp-content\/uploads\/2025\/02\/influence_Logo_FR_weiss-1030x277.png<\/span>\n\t\t\t\t\t\t <\/span>\n\t\t\t\t<\/span><span class='av-structured-data'  itemprop=\"author\" itemscope=\"itemscope\" itemtype=\"https:\/\/schema.org\/Person\" ><span itemprop='name'>Matthias Halbeis<\/span><\/span><span class='av-structured-data'  itemprop=\"datePublished\" datetime=\"2026-04-29T16:27:33+02:00\" >2026-03-26 14:14:09<\/span><span class='av-structured-data'  itemprop=\"dateModified\" itemtype=\"https:\/\/schema.org\/dateModified\" >2026-03-26 19:25:02<\/span><span class='av-structured-data'  itemprop=\"mainEntityOfPage\" itemtype=\"https:\/\/schema.org\/mainEntityOfPage\" ><span itemprop='name'>La prochaine \u00e8re de la communication<\/span><\/span><\/span><\/article><\/div><div class=\"slide-entry-wrap\"><article class='slide-entry flex_column  post-entry post-entry-6214 slide-entry-overview slide-loop-7 slide-parity-odd  av_one_third first real-thumbnail post-format-standard'  itemscope=\"itemscope\" itemtype=\"https:\/\/schema.org\/BlogPosting\" itemprop=\"blogPost\" ><a href='https:\/\/influence.ch\/fr\/2025\/10\/30\/la-vulnerabilite-de-poutine\/' data-rel='slide-1' class='slide-image' title='La vuln\u00e9rabilit\u00e9 de Poutine'><img decoding=\"async\" width=\"495\" height=\"400\" src=\"https:\/\/influence.ch\/wp-content\/uploads\/2022\/12\/influence_Verlaeufe_V01_1-495x400.png\" class=\"wp-image-522 avia-img-lazy-loading-not-522 attachment-portfolio size-portfolio wp-post-image\" alt=\"\" srcset=\"https:\/\/influence.ch\/wp-content\/uploads\/2022\/12\/influence_Verlaeufe_V01_1-495x400.png 495w, https:\/\/influence.ch\/wp-content\/uploads\/2022\/12\/influence_Verlaeufe_V01_1-845x684.png 845w\" sizes=\"(max-width: 495px) 100vw, 495px\" \/><\/a><div class=\"slide-content\"><header class=\"entry-content-header\"><h3 class='slide-entry-title entry-title '  itemprop=\"headline\" ><a href='https:\/\/influence.ch\/fr\/2025\/10\/30\/la-vulnerabilite-de-poutine\/' title='La vuln\u00e9rabilit\u00e9 de Poutine'>La vuln\u00e9rabilit\u00e9 de Poutine<\/a><\/h3><span class=\"av-vertical-delimiter\"><\/span><\/header><div class=\"slide-meta\"><time class='slide-meta-time updated'  itemprop=\"datePublished\" datetime=\"2025-10-30T10:01:58+01:00\" >30 octobre 2025<\/time><\/div><div class='slide-entry-excerpt entry-content'  itemprop=\"text\" >La guerre de l'information, cl\u00e9 de la dissuasion<\/div><\/div><footer class=\"entry-footer\"><\/footer><span class='hidden'>\n\t\t\t\t<span class='av-structured-data'  itemprop=\"image\" itemscope=\"itemscope\" itemtype=\"https:\/\/schema.org\/ImageObject\" >\n\t\t\t\t\t\t<span itemprop='url'>https:\/\/influence.ch\/wp-content\/uploads\/2022\/12\/influence_Verlaeufe_V01_1.png<\/span>\n\t\t\t\t\t\t<span itemprop='height'>2169<\/span>\n\t\t\t\t\t\t<span itemprop='width'>2442<\/span>\n\t\t\t\t<\/span>\n\t\t\t\t<span class='av-structured-data'  itemprop=\"publisher\" itemtype=\"https:\/\/schema.org\/Organization\" itemscope=\"itemscope\" >\n\t\t\t\t\t\t<span itemprop='name'>Matthias Halbeis<\/span>\n\t\t\t\t\t\t<span itemprop='logo' itemscope itemtype='https:\/\/schema.org\/ImageObject'>\n\t\t\t\t\t\t\t<span itemprop='url'>https:\/\/influence.ch\/wp-content\/uploads\/2025\/02\/influence_Logo_FR_weiss-1030x277.png<\/span>\n\t\t\t\t\t\t <\/span>\n\t\t\t\t<\/span><span class='av-structured-data'  itemprop=\"author\" itemscope=\"itemscope\" itemtype=\"https:\/\/schema.org\/Person\" ><span itemprop='name'>Matthias Halbeis<\/span><\/span><span class='av-structured-data'  itemprop=\"datePublished\" datetime=\"2026-04-29T16:27:33+02:00\" >2025-10-30 10:01:58<\/span><span class='av-structured-data'  itemprop=\"dateModified\" itemtype=\"https:\/\/schema.org\/dateModified\" >2025-10-30 17:04:52<\/span><span class='av-structured-data'  itemprop=\"mainEntityOfPage\" itemtype=\"https:\/\/schema.org\/mainEntityOfPage\" ><span itemprop='name'>La vuln\u00e9rabilit\u00e9 de Poutine<\/span><\/span><\/span><\/article><article class='slide-entry flex_column  post-entry post-entry-5670 slide-entry-overview slide-loop-8 slide-parity-even  av_one_third  real-thumbnail post-format-standard'  itemscope=\"itemscope\" itemtype=\"https:\/\/schema.org\/BlogPosting\" itemprop=\"blogPost\" ><a href='https:\/\/influence.ch\/fr\/2025\/06\/26\/quand-la-politique-sinvite-sur-tinder\/' data-rel='slide-1' class='slide-image' title='Quand la politique s&rsquo;invite sur Tinder'><img decoding=\"async\" width=\"495\" height=\"400\" src=\"https:\/\/influence.ch\/wp-content\/uploads\/2022\/12\/influence_Verlaeufe_V01_1-495x400.png\" class=\"wp-image-522 avia-img-lazy-loading-not-522 attachment-portfolio size-portfolio wp-post-image\" alt=\"\" srcset=\"https:\/\/influence.ch\/wp-content\/uploads\/2022\/12\/influence_Verlaeufe_V01_1-495x400.png 495w, https:\/\/influence.ch\/wp-content\/uploads\/2022\/12\/influence_Verlaeufe_V01_1-845x684.png 845w\" sizes=\"(max-width: 495px) 100vw, 495px\" \/><\/a><div class=\"slide-content\"><header class=\"entry-content-header\"><h3 class='slide-entry-title entry-title '  itemprop=\"headline\" ><a href='https:\/\/influence.ch\/fr\/2025\/06\/26\/quand-la-politique-sinvite-sur-tinder\/' title='Quand la politique s&rsquo;invite sur Tinder'>Quand la politique s&rsquo;invite sur Tinder<\/a><\/h3><span class=\"av-vertical-delimiter\"><\/span><\/header><div class=\"slide-meta\"><time class='slide-meta-time updated'  itemprop=\"datePublished\" datetime=\"2025-06-26T08:07:50+02:00\" >26 juin 2025<\/time><\/div><div class='slide-entry-excerpt entry-content'  itemprop=\"text\" >Pourquoi le march\u00e9 des rencontres a une influence sur la stabilit\u00e9 de la d\u00e9mocratie  <\/div><\/div><footer class=\"entry-footer\"><\/footer><span class='hidden'>\n\t\t\t\t<span class='av-structured-data'  itemprop=\"image\" itemscope=\"itemscope\" itemtype=\"https:\/\/schema.org\/ImageObject\" >\n\t\t\t\t\t\t<span itemprop='url'>https:\/\/influence.ch\/wp-content\/uploads\/2022\/12\/influence_Verlaeufe_V01_1.png<\/span>\n\t\t\t\t\t\t<span itemprop='height'>2169<\/span>\n\t\t\t\t\t\t<span itemprop='width'>2442<\/span>\n\t\t\t\t<\/span>\n\t\t\t\t<span class='av-structured-data'  itemprop=\"publisher\" itemtype=\"https:\/\/schema.org\/Organization\" itemscope=\"itemscope\" >\n\t\t\t\t\t\t<span itemprop='name'>Matthias Halbeis<\/span>\n\t\t\t\t\t\t<span itemprop='logo' itemscope itemtype='https:\/\/schema.org\/ImageObject'>\n\t\t\t\t\t\t\t<span itemprop='url'>https:\/\/influence.ch\/wp-content\/uploads\/2025\/02\/influence_Logo_FR_weiss-1030x277.png<\/span>\n\t\t\t\t\t\t <\/span>\n\t\t\t\t<\/span><span class='av-structured-data'  itemprop=\"author\" itemscope=\"itemscope\" itemtype=\"https:\/\/schema.org\/Person\" ><span itemprop='name'>Matthias Halbeis<\/span><\/span><span class='av-structured-data'  itemprop=\"datePublished\" datetime=\"2026-04-29T16:27:33+02:00\" >2025-06-26 08:07:50<\/span><span class='av-structured-data'  itemprop=\"dateModified\" itemtype=\"https:\/\/schema.org\/dateModified\" >2025-06-26 14:50:04<\/span><span class='av-structured-data'  itemprop=\"mainEntityOfPage\" itemtype=\"https:\/\/schema.org\/mainEntityOfPage\" ><span itemprop='name'>Quand la politique s&rsquo;invite sur Tinder<\/span><\/span><\/span><\/article><article class='slide-entry flex_column  post-entry post-entry-7143 slide-entry-overview slide-loop-9 slide-parity-odd  post-entry-last  av_one_third  real-thumbnail post-format-standard'  itemscope=\"itemscope\" itemtype=\"https:\/\/schema.org\/BlogPosting\" itemprop=\"blogPost\" ><a href='https:\/\/influence.ch\/fr\/2026\/03\/26\/un-etat-dincertitude-permanent\/' data-rel='slide-1' class='slide-image' title='\u00ab\u00a0Un \u00e9tat d&rsquo;incertitude permanente\u00a0\u00bb'><img decoding=\"async\" width=\"495\" height=\"400\" src=\"https:\/\/influence.ch\/wp-content\/uploads\/2026\/03\/Myriam-Dunn-Calvety-495x400.jpg\" class=\"wp-image-7113 avia-img-lazy-loading-not-7113 attachment-portfolio size-portfolio wp-post-image\" alt=\"\" srcset=\"https:\/\/influence.ch\/wp-content\/uploads\/2026\/03\/Myriam-Dunn-Calvety-495x400.jpg 495w, https:\/\/influence.ch\/wp-content\/uploads\/2026\/03\/Myriam-Dunn-Calvety-845x684.jpg 845w\" sizes=\"(max-width: 495px) 100vw, 495px\" \/><\/a><div class=\"slide-content\"><header class=\"entry-content-header\"><h3 class='slide-entry-title entry-title '  itemprop=\"headline\" ><a href='https:\/\/influence.ch\/fr\/2026\/03\/26\/un-etat-dincertitude-permanent\/' title='\u00ab\u00a0Un \u00e9tat d&rsquo;incertitude permanente\u00a0\u00bb'>\u00ab\u00a0Un \u00e9tat d&rsquo;incertitude permanente\u00a0\u00bb<\/a><\/h3><span class=\"av-vertical-delimiter\"><\/span><\/header><div class=\"slide-meta\"><div class=\"slide-meta-comments\"><a href='https:\/\/influence.ch\/fr\/2026\/03\/26\/un-etat-dincertitude-permanent\/#respond'>0 Commentaires<\/a><\/div><div class=\"slide-meta-del\">\/<\/div><time class='slide-meta-time updated'  itemprop=\"datePublished\" datetime=\"2026-03-26T14:56:31+01:00\" >26 mars 2026<\/time><\/div><div class='slide-entry-excerpt entry-content'  itemprop=\"text\" >Myriam Dunn Cavelty, sp\u00e9cialiste de la cybers\u00e9curit\u00e9, explique pourquoi les cyberattaques n'atteignent pas des proportions insoup\u00e7onn\u00e9es malgr\u00e9 les guerres - et ce que les Etats-Unis et Isra\u00ebl font mieux que la Russie.  <\/div><\/div><footer class=\"entry-footer\"><\/footer><span class='hidden'>\n\t\t\t\t<span class='av-structured-data'  itemprop=\"image\" itemscope=\"itemscope\" itemtype=\"https:\/\/schema.org\/ImageObject\" >\n\t\t\t\t\t\t<span itemprop='url'>https:\/\/influence.ch\/wp-content\/uploads\/2026\/03\/Myriam-Dunn-Calvety.jpg<\/span>\n\t\t\t\t\t\t<span itemprop='height'>948<\/span>\n\t\t\t\t\t\t<span itemprop='width'>1100<\/span>\n\t\t\t\t<\/span>\n\t\t\t\t<span class='av-structured-data'  itemprop=\"publisher\" itemtype=\"https:\/\/schema.org\/Organization\" itemscope=\"itemscope\" >\n\t\t\t\t\t\t<span itemprop='name'>Eva Novak<\/span>\n\t\t\t\t\t\t<span itemprop='logo' itemscope itemtype='https:\/\/schema.org\/ImageObject'>\n\t\t\t\t\t\t\t<span itemprop='url'>https:\/\/influence.ch\/wp-content\/uploads\/2025\/02\/influence_Logo_FR_weiss-1030x277.png<\/span>\n\t\t\t\t\t\t <\/span>\n\t\t\t\t<\/span><span class='av-structured-data'  itemprop=\"author\" itemscope=\"itemscope\" itemtype=\"https:\/\/schema.org\/Person\" ><span itemprop='name'>Eva Novak<\/span><\/span><span class='av-structured-data'  itemprop=\"datePublished\" datetime=\"2026-04-29T16:27:33+02:00\" >2026-03-26 14:56:31<\/span><span class='av-structured-data'  itemprop=\"dateModified\" itemtype=\"https:\/\/schema.org\/dateModified\" >2026-03-27 14:38:09<\/span><span class='av-structured-data'  itemprop=\"mainEntityOfPage\" itemtype=\"https:\/\/schema.org\/mainEntityOfPage\" ><span itemprop='name'>\u00ab\u00a0Un \u00e9tat d&rsquo;incertitude permanente\u00a0\u00bb<\/span><\/span><\/span><\/article><\/div><\/div><div class='avia-slideshow-arrows avia-slideshow-controls' ><a href='#prev' class='prev-slide ' aria-hidden='true' data-av_icon='\ue87c' data-av_iconfont='entypo-fontello'  tabindex='-1'>Pr\u00e9c\u00e9dent<\/a><a href='#next' class='next-slide ' aria-hidden='true' data-av_icon='\ue87d' data-av_iconfont='entypo-fontello'  tabindex='-1'>Suivant<\/a><\/div><\/div>\n<\/p>\n","protected":false},"excerpt":{"rendered":"<p>Ce que signifie la r\u00e9silience 2026 dans la pratique<\/p>\n","protected":false},"author":6,"featured_media":4694,"comment_status":"open","ping_status":"open","sticky":false,"template":"","format":"standard","meta":{"footnotes":""},"categories":[48],"tags":[],"class_list":["post-7307","post","type-post","status-publish","format-standard","has-post-thumbnail","hentry","category-economie"],"yoast_head":"<!-- This site is optimized with the Yoast SEO plugin v27.0 - https:\/\/yoast.com\/product\/yoast-seo-wordpress\/ -->\n<title>Les entreprises suisses en mode \u00ab crise permanente\u00a0\u00bb - influence powered by furrerhugi<\/title>\n<meta name=\"description\" content=\"Les entreprises suisses en mode &quot;permacrise\" \/>\n<meta name=\"robots\" content=\"index, follow, max-snippet:-1, max-image-preview:large, max-video-preview:-1\" \/>\n<link rel=\"canonical\" href=\"https:\/\/influence.ch\/fr\/2026\/04\/29\/les-entreprises-suisses-en-mode-crise-permanente\/\" \/>\n<meta property=\"og:locale\" content=\"fr_FR\" \/>\n<meta property=\"og:type\" content=\"article\" \/>\n<meta property=\"og:title\" content=\"Les entreprises suisses en mode \u00ab crise permanente\u00a0\u00bb - influence powered by furrerhugi\" \/>\n<meta property=\"og:description\" content=\"Les entreprises suisses en mode &quot;permacrise\" \/>\n<meta property=\"og:url\" content=\"https:\/\/influence.ch\/fr\/2026\/04\/29\/les-entreprises-suisses-en-mode-crise-permanente\/\" \/>\n<meta property=\"og:site_name\" content=\"influence powered by furrerhugi\" \/>\n<meta property=\"article:published_time\" content=\"2026-04-29T14:27:33+00:00\" \/>\n<meta property=\"article:modified_time\" content=\"2026-04-29T16:28:38+00:00\" \/>\n<meta property=\"og:image\" content=\"https:\/\/influence.ch\/wp-content\/uploads\/2026\/02\/shutterstock_2684194399-1030x579.png\" \/>\n<meta name=\"author\" content=\"Matthias Halbeis\" \/>\n<meta name=\"twitter:card\" content=\"summary_large_image\" \/>\n<meta name=\"twitter:image\" content=\"https:\/\/influence.ch\/wp-content\/uploads\/2026\/02\/shutterstock_2684194399-1030x579.png\" \/>\n<meta name=\"twitter:label1\" content=\"\u00c9crit par\" \/>\n\t<meta name=\"twitter:data1\" content=\"Matthias Halbeis\" \/>\n\t<meta name=\"twitter:label2\" content=\"Dur\u00e9e de lecture estim\u00e9e\" \/>\n\t<meta name=\"twitter:data2\" content=\"9 minutes\" \/>\n<script type=\"application\/ld+json\" class=\"yoast-schema-graph\">{\"@context\":\"https:\/\/schema.org\",\"@graph\":[{\"@type\":\"Article\",\"@id\":\"https:\/\/influence.ch\/fr\/2026\/04\/29\/les-entreprises-suisses-en-mode-crise-permanente\/#article\",\"isPartOf\":{\"@id\":\"https:\/\/influence.ch\/fr\/2026\/04\/29\/les-entreprises-suisses-en-mode-crise-permanente\/\"},\"author\":{\"name\":\"Matthias Halbeis\",\"@id\":\"https:\/\/influence.ch\/#\/schema\/person\/718772fa81c4a1af46e0ac0e0e3036b0\"},\"headline\":\"Les entreprises suisses en mode \u00ab crise permanente\u00a0\u00bb\",\"datePublished\":\"2026-04-29T14:27:33+00:00\",\"dateModified\":\"2026-04-29T16:28:38+00:00\",\"mainEntityOfPage\":{\"@id\":\"https:\/\/influence.ch\/fr\/2026\/04\/29\/les-entreprises-suisses-en-mode-crise-permanente\/\"},\"wordCount\":2667,\"commentCount\":0,\"image\":{\"@id\":\"https:\/\/influence.ch\/fr\/2026\/04\/29\/les-entreprises-suisses-en-mode-crise-permanente\/#primaryimage\"},\"thumbnailUrl\":\"https:\/\/influence.ch\/wp-content\/uploads\/2025\/02\/influence_Verlaufe_politik.png\",\"articleSection\":[\"\u00c9conomie\"],\"inLanguage\":\"fr-FR\",\"potentialAction\":[{\"@type\":\"CommentAction\",\"name\":\"Comment\",\"target\":[\"https:\/\/influence.ch\/fr\/2026\/04\/29\/les-entreprises-suisses-en-mode-crise-permanente\/#respond\"]}]},{\"@type\":\"WebPage\",\"@id\":\"https:\/\/influence.ch\/fr\/2026\/04\/29\/les-entreprises-suisses-en-mode-crise-permanente\/\",\"url\":\"https:\/\/influence.ch\/fr\/2026\/04\/29\/les-entreprises-suisses-en-mode-crise-permanente\/\",\"name\":\"Les entreprises suisses en mode \u00ab crise permanente\u00a0\u00bb - influence powered by furrerhugi\",\"isPartOf\":{\"@id\":\"https:\/\/influence.ch\/#website\"},\"primaryImageOfPage\":{\"@id\":\"https:\/\/influence.ch\/fr\/2026\/04\/29\/les-entreprises-suisses-en-mode-crise-permanente\/#primaryimage\"},\"image\":{\"@id\":\"https:\/\/influence.ch\/fr\/2026\/04\/29\/les-entreprises-suisses-en-mode-crise-permanente\/#primaryimage\"},\"thumbnailUrl\":\"https:\/\/influence.ch\/wp-content\/uploads\/2025\/02\/influence_Verlaufe_politik.png\",\"datePublished\":\"2026-04-29T14:27:33+00:00\",\"dateModified\":\"2026-04-29T16:28:38+00:00\",\"author\":{\"@id\":\"https:\/\/influence.ch\/#\/schema\/person\/718772fa81c4a1af46e0ac0e0e3036b0\"},\"description\":\"Les entreprises suisses en mode \\\"permacrise\",\"breadcrumb\":{\"@id\":\"https:\/\/influence.ch\/fr\/2026\/04\/29\/les-entreprises-suisses-en-mode-crise-permanente\/#breadcrumb\"},\"inLanguage\":\"fr-FR\",\"potentialAction\":[{\"@type\":\"ReadAction\",\"target\":[\"https:\/\/influence.ch\/fr\/2026\/04\/29\/les-entreprises-suisses-en-mode-crise-permanente\/\"]}]},{\"@type\":\"ImageObject\",\"inLanguage\":\"fr-FR\",\"@id\":\"https:\/\/influence.ch\/fr\/2026\/04\/29\/les-entreprises-suisses-en-mode-crise-permanente\/#primaryimage\",\"url\":\"https:\/\/influence.ch\/wp-content\/uploads\/2025\/02\/influence_Verlaufe_politik.png\",\"contentUrl\":\"https:\/\/influence.ch\/wp-content\/uploads\/2025\/02\/influence_Verlaufe_politik.png\",\"width\":2442,\"height\":2169},{\"@type\":\"BreadcrumbList\",\"@id\":\"https:\/\/influence.ch\/fr\/2026\/04\/29\/les-entreprises-suisses-en-mode-crise-permanente\/#breadcrumb\",\"itemListElement\":[{\"@type\":\"ListItem\",\"position\":1,\"name\":\"Startseite\",\"item\":\"https:\/\/influence.ch\/fr\/influence\/\"},{\"@type\":\"ListItem\",\"position\":2,\"name\":\"Les entreprises suisses en mode \u00ab crise permanente\u00a0\u00bb\"}]},{\"@type\":\"WebSite\",\"@id\":\"https:\/\/influence.ch\/#website\",\"url\":\"https:\/\/influence.ch\/\",\"name\":\"influence powered by furrerhugi\",\"description\":\"Vorsprung durch Wissen\",\"potentialAction\":[{\"@type\":\"SearchAction\",\"target\":{\"@type\":\"EntryPoint\",\"urlTemplate\":\"https:\/\/influence.ch\/?s={search_term_string}\"},\"query-input\":{\"@type\":\"PropertyValueSpecification\",\"valueRequired\":true,\"valueName\":\"search_term_string\"}}],\"inLanguage\":\"fr-FR\"},{\"@type\":\"Person\",\"@id\":\"https:\/\/influence.ch\/#\/schema\/person\/718772fa81c4a1af46e0ac0e0e3036b0\",\"name\":\"Matthias Halbeis\",\"image\":{\"@type\":\"ImageObject\",\"inLanguage\":\"fr-FR\",\"@id\":\"https:\/\/influence.ch\/#\/schema\/person\/image\/\",\"url\":\"https:\/\/secure.gravatar.com\/avatar\/39299fbf392ef1a46bba124b38dd0a8d3f9f6634aa745b33735180018def6132?s=96&d=mm&r=g\",\"contentUrl\":\"https:\/\/secure.gravatar.com\/avatar\/39299fbf392ef1a46bba124b38dd0a8d3f9f6634aa745b33735180018def6132?s=96&d=mm&r=g\",\"caption\":\"Matthias Halbeis\"},\"url\":\"https:\/\/influence.ch\/fr\/author\/matthias-halbeis\/\"}]}<\/script>\n<!-- \/ Yoast SEO plugin. -->","yoast_head_json":{"title":"Les entreprises suisses en mode \u00ab crise permanente\u00a0\u00bb - influence powered by furrerhugi","description":"Les entreprises suisses en mode \"permacrise","robots":{"index":"index","follow":"follow","max-snippet":"max-snippet:-1","max-image-preview":"max-image-preview:large","max-video-preview":"max-video-preview:-1"},"canonical":"https:\/\/influence.ch\/fr\/2026\/04\/29\/les-entreprises-suisses-en-mode-crise-permanente\/","og_locale":"fr_FR","og_type":"article","og_title":"Les entreprises suisses en mode \u00ab crise permanente\u00a0\u00bb - influence powered by furrerhugi","og_description":"Les entreprises suisses en mode \"permacrise","og_url":"https:\/\/influence.ch\/fr\/2026\/04\/29\/les-entreprises-suisses-en-mode-crise-permanente\/","og_site_name":"influence powered by furrerhugi","article_published_time":"2026-04-29T14:27:33+00:00","article_modified_time":"2026-04-29T16:28:38+00:00","og_image":[{"url":"https:\/\/influence.ch\/wp-content\/uploads\/2026\/02\/shutterstock_2684194399-1030x579.png","type":"","width":"","height":""}],"author":"Matthias Halbeis","twitter_card":"summary_large_image","twitter_image":"https:\/\/influence.ch\/wp-content\/uploads\/2026\/02\/shutterstock_2684194399-1030x579.png","twitter_misc":{"\u00c9crit par":"Matthias Halbeis","Dur\u00e9e de lecture estim\u00e9e":"9 minutes"},"schema":{"@context":"https:\/\/schema.org","@graph":[{"@type":"Article","@id":"https:\/\/influence.ch\/fr\/2026\/04\/29\/les-entreprises-suisses-en-mode-crise-permanente\/#article","isPartOf":{"@id":"https:\/\/influence.ch\/fr\/2026\/04\/29\/les-entreprises-suisses-en-mode-crise-permanente\/"},"author":{"name":"Matthias Halbeis","@id":"https:\/\/influence.ch\/#\/schema\/person\/718772fa81c4a1af46e0ac0e0e3036b0"},"headline":"Les entreprises suisses en mode \u00ab crise permanente\u00a0\u00bb","datePublished":"2026-04-29T14:27:33+00:00","dateModified":"2026-04-29T16:28:38+00:00","mainEntityOfPage":{"@id":"https:\/\/influence.ch\/fr\/2026\/04\/29\/les-entreprises-suisses-en-mode-crise-permanente\/"},"wordCount":2667,"commentCount":0,"image":{"@id":"https:\/\/influence.ch\/fr\/2026\/04\/29\/les-entreprises-suisses-en-mode-crise-permanente\/#primaryimage"},"thumbnailUrl":"https:\/\/influence.ch\/wp-content\/uploads\/2025\/02\/influence_Verlaufe_politik.png","articleSection":["\u00c9conomie"],"inLanguage":"fr-FR","potentialAction":[{"@type":"CommentAction","name":"Comment","target":["https:\/\/influence.ch\/fr\/2026\/04\/29\/les-entreprises-suisses-en-mode-crise-permanente\/#respond"]}]},{"@type":"WebPage","@id":"https:\/\/influence.ch\/fr\/2026\/04\/29\/les-entreprises-suisses-en-mode-crise-permanente\/","url":"https:\/\/influence.ch\/fr\/2026\/04\/29\/les-entreprises-suisses-en-mode-crise-permanente\/","name":"Les entreprises suisses en mode \u00ab crise permanente\u00a0\u00bb - influence powered by furrerhugi","isPartOf":{"@id":"https:\/\/influence.ch\/#website"},"primaryImageOfPage":{"@id":"https:\/\/influence.ch\/fr\/2026\/04\/29\/les-entreprises-suisses-en-mode-crise-permanente\/#primaryimage"},"image":{"@id":"https:\/\/influence.ch\/fr\/2026\/04\/29\/les-entreprises-suisses-en-mode-crise-permanente\/#primaryimage"},"thumbnailUrl":"https:\/\/influence.ch\/wp-content\/uploads\/2025\/02\/influence_Verlaufe_politik.png","datePublished":"2026-04-29T14:27:33+00:00","dateModified":"2026-04-29T16:28:38+00:00","author":{"@id":"https:\/\/influence.ch\/#\/schema\/person\/718772fa81c4a1af46e0ac0e0e3036b0"},"description":"Les entreprises suisses en mode \"permacrise","breadcrumb":{"@id":"https:\/\/influence.ch\/fr\/2026\/04\/29\/les-entreprises-suisses-en-mode-crise-permanente\/#breadcrumb"},"inLanguage":"fr-FR","potentialAction":[{"@type":"ReadAction","target":["https:\/\/influence.ch\/fr\/2026\/04\/29\/les-entreprises-suisses-en-mode-crise-permanente\/"]}]},{"@type":"ImageObject","inLanguage":"fr-FR","@id":"https:\/\/influence.ch\/fr\/2026\/04\/29\/les-entreprises-suisses-en-mode-crise-permanente\/#primaryimage","url":"https:\/\/influence.ch\/wp-content\/uploads\/2025\/02\/influence_Verlaufe_politik.png","contentUrl":"https:\/\/influence.ch\/wp-content\/uploads\/2025\/02\/influence_Verlaufe_politik.png","width":2442,"height":2169},{"@type":"BreadcrumbList","@id":"https:\/\/influence.ch\/fr\/2026\/04\/29\/les-entreprises-suisses-en-mode-crise-permanente\/#breadcrumb","itemListElement":[{"@type":"ListItem","position":1,"name":"Startseite","item":"https:\/\/influence.ch\/fr\/influence\/"},{"@type":"ListItem","position":2,"name":"Les entreprises suisses en mode \u00ab crise permanente\u00a0\u00bb"}]},{"@type":"WebSite","@id":"https:\/\/influence.ch\/#website","url":"https:\/\/influence.ch\/","name":"influence powered by furrerhugi","description":"Vorsprung durch Wissen","potentialAction":[{"@type":"SearchAction","target":{"@type":"EntryPoint","urlTemplate":"https:\/\/influence.ch\/?s={search_term_string}"},"query-input":{"@type":"PropertyValueSpecification","valueRequired":true,"valueName":"search_term_string"}}],"inLanguage":"fr-FR"},{"@type":"Person","@id":"https:\/\/influence.ch\/#\/schema\/person\/718772fa81c4a1af46e0ac0e0e3036b0","name":"Matthias Halbeis","image":{"@type":"ImageObject","inLanguage":"fr-FR","@id":"https:\/\/influence.ch\/#\/schema\/person\/image\/","url":"https:\/\/secure.gravatar.com\/avatar\/39299fbf392ef1a46bba124b38dd0a8d3f9f6634aa745b33735180018def6132?s=96&d=mm&r=g","contentUrl":"https:\/\/secure.gravatar.com\/avatar\/39299fbf392ef1a46bba124b38dd0a8d3f9f6634aa745b33735180018def6132?s=96&d=mm&r=g","caption":"Matthias Halbeis"},"url":"https:\/\/influence.ch\/fr\/author\/matthias-halbeis\/"}]}},"_links":{"self":[{"href":"https:\/\/influence.ch\/fr\/wp-json\/wp\/v2\/posts\/7307","targetHints":{"allow":["GET"]}}],"collection":[{"href":"https:\/\/influence.ch\/fr\/wp-json\/wp\/v2\/posts"}],"about":[{"href":"https:\/\/influence.ch\/fr\/wp-json\/wp\/v2\/types\/post"}],"author":[{"embeddable":true,"href":"https:\/\/influence.ch\/fr\/wp-json\/wp\/v2\/users\/6"}],"replies":[{"embeddable":true,"href":"https:\/\/influence.ch\/fr\/wp-json\/wp\/v2\/comments?post=7307"}],"version-history":[{"count":8,"href":"https:\/\/influence.ch\/fr\/wp-json\/wp\/v2\/posts\/7307\/revisions"}],"predecessor-version":[{"id":7433,"href":"https:\/\/influence.ch\/fr\/wp-json\/wp\/v2\/posts\/7307\/revisions\/7433"}],"wp:featuredmedia":[{"embeddable":true,"href":"https:\/\/influence.ch\/fr\/wp-json\/wp\/v2\/media\/4694"}],"wp:attachment":[{"href":"https:\/\/influence.ch\/fr\/wp-json\/wp\/v2\/media?parent=7307"}],"wp:term":[{"taxonomy":"category","embeddable":true,"href":"https:\/\/influence.ch\/fr\/wp-json\/wp\/v2\/categories?post=7307"},{"taxonomy":"post_tag","embeddable":true,"href":"https:\/\/influence.ch\/fr\/wp-json\/wp\/v2\/tags?post=7307"}],"curies":[{"name":"wp","href":"https:\/\/api.w.org\/{rel}","templated":true}]}}