{"id":6021,"date":"2025-09-23T13:55:11","date_gmt":"2025-09-23T11:55:11","guid":{"rendered":"https:\/\/influence.ch\/?p=6021"},"modified":"2025-09-25T15:37:22","modified_gmt":"2025-09-25T13:37:22","slug":"chatgpt-ou-claude","status":"publish","type":"post","link":"https:\/\/influence.ch\/fr\/2025\/09\/23\/chatgpt-ou-claude\/","title":{"rendered":"Utilisez-vous ChatGPT ou Claude ?"},"content":{"rendered":"\n<style type=\"text\/css\" data-created_by=\"avia_inline_auto\" id=\"style-css-av-37s3-aef770357ece8250167effe7edc8c1f6\">\n.avia-section.av-37s3-aef770357ece8250167effe7edc8c1f6{\nmargin-top:20px;\nmargin-bottom:20px;\n}\n<\/style>\n<div id='av_section_1'  class='avia-section av-37s3-aef770357ece8250167effe7edc8c1f6 main_color avia-section-default avia-no-border-styling  avia-builder-el-0  el_before_av_section  avia-builder-el-first  head_politik avia-bg-style-scroll container_wrap fullsize'  ><div class='container av-section-cont-open' ><main  role=\"main\" itemprop=\"mainContentOfPage\"  class='template-page content  av-content-full alpha units'><div class='post-entry post-entry-type-page post-entry-6021'><div class='entry-content-wrapper clearfix'>\n\n<style type=\"text\/css\" data-created_by=\"avia_inline_auto\" id=\"style-css-av-ll3dnv6h-4148c811db292f0b98b5ef1a1b585ab3\">\n#top .hr.hr-invisible.av-ll3dnv6h-4148c811db292f0b98b5ef1a1b585ab3{\nheight:40px;\n}\n<\/style>\n<div  class='hr av-ll3dnv6h-4148c811db292f0b98b5ef1a1b585ab3 hr-invisible  avia-builder-el-1  el_before_av_post_metadata  avia-builder-el-first '><span class='hr-inner '><span class=\"hr-inner-style\"><\/span><\/span><\/div>\n\n<style type=\"text\/css\" data-created_by=\"avia_inline_auto\" id=\"style-css-av-ll2bygrq-a1a13b3da260d9c9d49905a783ae5cc5\">\n#top .av-post-metadata-container.av-ll2bygrq-a1a13b3da260d9c9d49905a783ae5cc5{\ncolor:#ffffff;\nfont-size:22px;\n}\n#top .av-post-metadata-container.av-ll2bygrq-a1a13b3da260d9c9d49905a783ae5cc5 .av-post-metadata-container-inner{\nfont-size:22px;\n}\n<\/style>\n<div  id=\"author\"  class='av-post-metadata-container av-ll2bygrq-a1a13b3da260d9c9d49905a783ae5cc5 av-metadata-container-align-left  avia-builder-el-2  el_after_av_hr  el_before_av_one_full  av-desktop-hide av-medium-hide av-small-hide av-mini-hide av-metadata-container-1'><div class='av-post-metadata-container-inner'><span class=\"av-post-metadata-content av-post-metadata-meta-content\"><span class=\"av-post-metadata-content av-post-metadata-category\"><span class=\"av-post-metadata-category-link\" ><a href=\"https:\/\/influence.ch\/fr\/category\/societe\/\" >Soci\u00e9t\u00e9<\/a><\/span><\/span><\/span><\/div><\/div>\n<div class='flex_column av-580n-a0c99beb2a1882896586deb18bcf5405 av_one_full  avia-builder-el-3  el_after_av_post_metadata  el_before_av_post_metadata  first flex_column_div '     ><style type=\"text\/css\" data-created_by=\"avia_inline_auto\" id=\"style-css-av-lajol5k3-bcabd5439ce39e62158db334b9b99d68\">\n#top .av_textblock_section.av-lajol5k3-bcabd5439ce39e62158db334b9b99d68 .avia_textblock{\ncolor:#ffffff;\n}\n<\/style>\n<section  class='av_textblock_section av-lajol5k3-bcabd5439ce39e62158db334b9b99d68'  itemscope=\"itemscope\" itemtype=\"https:\/\/schema.org\/BlogPosting\" itemprop=\"blogPost\" ><div class='avia_textblock av_inherit_color'  itemprop=\"text\" ><h1 style=\"text-align: center;\"><\/h1>\n<div class=\"row\">\n<div class=\"col-14 offset-md-2 col-md-10\">\n<h1 style=\"text-align: center;\">ChatGPT vs Claude<\/h1>\n<p class=\"lead-text\" style=\"text-align: center;\">quelles diff\u00e9rences dans leur utilisation ?<\/p>\n<\/div>\n<\/div>\n<\/div><\/section><\/div>\n<style type=\"text\/css\" data-created_by=\"avia_inline_auto\" id=\"style-css-av-kqp-d3340c463e9779d9fb5e4297bb48a84f\">\n#top .av-post-metadata-container.av-kqp-d3340c463e9779d9fb5e4297bb48a84f{\ncolor:#ffffff;\n}\n<\/style>\n<div  id=\"author\"  class='av-post-metadata-container av-kqp-d3340c463e9779d9fb5e4297bb48a84f av-metadata-container-align-left  avia-builder-el-5  el_after_av_one_full  el_before_av_hr  av-desktop-hide av-medium-hide av-small-hide av-mini-hide av-metadata-container-2'><div class='av-post-metadata-container-inner'><span class=\"av-post-metadata-content av-post-metadata-meta-content\"><span class=\"av-post-metadata-content av-post-metadata-author\"  itemprop=\"author\" ><span class=\"av-post-metadata-author-link\" ><a href=\"https:\/\/influence.ch\/fr\/author\/pascal-ihle\/\"  rel=\"author\">Pascal Ihle<\/a><\/span><\/span><\/span><\/div><\/div>\n\n<style type=\"text\/css\" data-created_by=\"avia_inline_auto\" id=\"style-css-av-3rkb-5af53ac747b34df56e11174e8e22e573\">\n#top .hr.hr-invisible.av-3rkb-5af53ac747b34df56e11174e8e22e573{\nheight:40px;\n}\n<\/style>\n<div  class='hr av-3rkb-5af53ac747b34df56e11174e8e22e573 hr-invisible  avia-builder-el-6  el_after_av_post_metadata  avia-builder-el-last '><span class='hr-inner '><span class=\"hr-inner-style\"><\/span><\/span><\/div>\n\n<\/div><\/div><\/main><!-- close content main element --><\/div><\/div><div id='av_section_2'  class='avia-section av-4nqx-1f9ea2e9ed6a23cc856f96335c63c817 main_color avia-section-default avia-no-border-styling  avia-builder-el-7  el_after_av_section  el_before_av_section  post-inhalt avia-bg-style-scroll container_wrap fullsize'  ><div class='container av-section-cont-open' ><div class='template-page content  av-content-full alpha units'><div class='post-entry post-entry-type-page post-entry-6021'><div class='entry-content-wrapper clearfix'>\n\n<style type=\"text\/css\" data-created_by=\"avia_inline_auto\" id=\"style-css-av-ll2diep3-4379f21ceadb0c1eabec389020991252\">\n#top .av-post-metadata-container.av-ll2diep3-4379f21ceadb0c1eabec389020991252{\ncolor:#000000;\nfont-size:16px;\n}\n#top .av-post-metadata-container.av-ll2diep3-4379f21ceadb0c1eabec389020991252 .av-post-metadata-container-inner{\nfont-size:16px;\n}\n<\/style>\n<div  id=\"author\"  class='av-post-metadata-container av-ll2diep3-4379f21ceadb0c1eabec389020991252 av-metadata-container-align-left  avia-builder-el-8  el_before_av_hr  avia-builder-el-first  av-metadata-container-3'><div class='av-post-metadata-container-inner'><span class=\"av-post-metadata-content av-post-metadata-meta-content\"><span class=\"av-post-metadata-content av-post-metadata-published\"><span class=\"av-post-metadata-published-date\" >23 septembre 2025<\/span><span class=\"av-metadata-after av-metadata-after-published\">|<\/span><\/span><span class=\"av-post-metadata-content av-post-metadata-separator\"><\/span><span class=\"av-post-metadata-content av-post-metadata-author\"  itemprop=\"author\" ><span class=\"av-post-metadata-author-link\" ><a href=\"https:\/\/influence.ch\/fr\/author\/pascal-ihle\/\"  rel=\"author\">Pascal Ihle<\/a><\/span><span class=\"av-metadata-after av-metadata-after-author\">|<\/span><\/span><span class=\"av-post-metadata-content av-post-metadata-separator\"><\/span><span class=\"av-post-metadata-content av-post-metadata-category\"><span class=\"av-post-metadata-category-link\" ><a href=\"https:\/\/influence.ch\/fr\/category\/societe\/\" >Soci\u00e9t\u00e9<\/a><\/span><\/span><\/span><\/div><\/div>\n\n<style type=\"text\/css\" data-created_by=\"avia_inline_auto\" id=\"style-css-av-ll2cb0de-1618aeaa710f9714e67c07fd3b765e06\">\n#top .hr.hr-invisible.av-ll2cb0de-1618aeaa710f9714e67c07fd3b765e06{\nheight:10px;\n}\n<\/style>\n<div  class='hr av-ll2cb0de-1618aeaa710f9714e67c07fd3b765e06 hr-invisible  avia-builder-el-9  el_after_av_post_metadata  el_before_av_image '><span class='hr-inner '><span class=\"hr-inner-style\"><\/span><\/span><\/div>\n\n<style type=\"text\/css\" data-created_by=\"avia_inline_auto\" id=\"style-css-av-ll2btvp2-fb89ebc7c4849027cbc313e49156dfb0\">\n.avia-image-container.av-ll2btvp2-fb89ebc7c4849027cbc313e49156dfb0 img.avia_image{\nbox-shadow:none;\n}\n.avia-image-container.av-ll2btvp2-fb89ebc7c4849027cbc313e49156dfb0 .av-image-caption-overlay-center{\ncolor:#ffffff;\n}\n<\/style>\n<div  class='avia-image-container av-ll2btvp2-fb89ebc7c4849027cbc313e49156dfb0 av-styling- avia-align-center  avia-builder-el-10  el_after_av_hr  el_before_av_textblock '   itemprop=\"image\" itemscope=\"itemscope\" itemtype=\"https:\/\/schema.org\/ImageObject\" ><div class=\"avia-image-container-inner\"><div class=\"avia-image-overlay-wrap\"><img decoding=\"async\" class='wp-image-6008 avia-img-lazy-loading-not-6008 avia_image ' src=\"https:\/\/influence.ch\/wp-content\/uploads\/2025\/09\/shutterstock_2465377905.png\" alt='' title='shutterstock_2465377905'  height=\"1333\" width=\"2000\"  itemprop=\"thumbnailUrl\" srcset=\"https:\/\/influence.ch\/wp-content\/uploads\/2025\/09\/shutterstock_2465377905.png 2000w, https:\/\/influence.ch\/wp-content\/uploads\/2025\/09\/shutterstock_2465377905-300x200.png 300w, https:\/\/influence.ch\/wp-content\/uploads\/2025\/09\/shutterstock_2465377905-1030x686.png 1030w, https:\/\/influence.ch\/wp-content\/uploads\/2025\/09\/shutterstock_2465377905-768x512.png 768w, https:\/\/influence.ch\/wp-content\/uploads\/2025\/09\/shutterstock_2465377905-1536x1024.png 1536w, https:\/\/influence.ch\/wp-content\/uploads\/2025\/09\/shutterstock_2465377905-1500x1000.png 1500w, https:\/\/influence.ch\/wp-content\/uploads\/2025\/09\/shutterstock_2465377905-750x500.png 750w\" sizes=\"(max-width: 2000px) 100vw, 2000px\" \/><\/div><\/div><\/div>\n<section  class='av_textblock_section av-m7n1n0dd-1f6988db5af91a455f7a17662a9e5147'  itemscope=\"itemscope\" itemtype=\"https:\/\/schema.org\/BlogPosting\" itemprop=\"blogPost\" ><div class='avia_textblock'  itemprop=\"text\" ><h6 class=\"p1\">Toutes les IA ne sont pas utilis\u00e9es pour exactement les m\u00eames t\u00e2ches. C\u2019est ce que les analyses d\u2019usage de ChatGPT et Claude ont clairement mis en \u00e9vidence. (Photo : Shutterstock)<\/h6>\n<\/div><\/section>\n\n<style type=\"text\/css\" data-created_by=\"avia_inline_auto\" id=\"style-css-av-2daep1-44d7d4efc713aa94b12928e881b34e32\">\n#top .av_textblock_section.av-2daep1-44d7d4efc713aa94b12928e881b34e32 .avia_textblock{\nfont-size:22px;\n}\n<\/style>\n<section  class='av_textblock_section av-2daep1-44d7d4efc713aa94b12928e881b34e32'  itemscope=\"itemscope\" itemtype=\"https:\/\/schema.org\/BlogPosting\" itemprop=\"blogPost\" ><div class='avia_textblock'  itemprop=\"text\" ><p>Deux grands noms dominent aujourd\u2019hui le march\u00e9 des mod\u00e8les de langage : ChatGPT d\u2019OpenAI et Claude d\u2019Anthropic. \u00c0 premi\u00e8re vue, ils semblent tr\u00e8s proches : tous deux ma\u00eetrisent parfaitement le langage naturel et promettent de simplifier notre quotidien. Pourtant, les usages racontent une autre histoire. ChatGPT s\u2019est impos\u00e9 dans la vie priv\u00e9e et le quotidien de millions d\u2019utilisateurs. Claude, lui, est surtout pl\u00e9biscit\u00e9 dans les environnements professionnels, l\u00e0 o\u00f9 productivit\u00e9, automatisation et pr\u00e9cision sont essentielles. Des millions de conversations analys\u00e9es dans le monde entier En septembre 2025, OpenAI a publi\u00e9 l&rsquo;\u00e9tude la plus compl\u00e8te \u00e0 ce jour sur l&rsquo;utilisation de ChatGPT. Elle a analys\u00e9 environ 1,5 million de conversations dans le monde et a montr\u00e9 \u00e0 quel point le mod\u00e8le est int\u00e9gr\u00e9 dans la vie quotidienne. tandis qu\u2019environ 40 % portent sur des t\u00e2ches pratiques comme la r\u00e9daction de textes, l\u2019\u00e9laboration de plans ou l&rsquo;\u00e9criture de code. L&rsquo;\u00e9volution de la soci\u00e9t\u00e9 est \u00e9galement frappante : de plus en plus de femmes utilisent ChatGPT et le nombre de connexions augmente particuli\u00e8rement vite dans les pays \u00e0 revenu moyen ou faible.<\/p>\n<h1>Comment ChatGPT est r\u00e9ellement utilis\u00e9<\/h1>\n<ul>\n<li>Un peu moins de 49% de l&rsquo;utilisation est consacr\u00e9e \u00e0 la recherche d&rsquo;informations et de conseils (\u00ab\u00a0Asking\u00a0\u00bb).<\/li>\n<li>Environ 40% concernent des travaux pratiques tels que l&rsquo;\u00e9criture, la planification, la programmation (\u00ab\u00a0Doing\u00a0\u00bb).<\/li>\n<li>Environ 11% sont des interactions cr\u00e9atives ou personnelles (\u00ab\u00a0expressing\u00a0\u00bb).<\/li>\n<li>Environ trois quarts des entretiens ont lieu en dehors du cadre professionnel, mais la part professionnelle ne cesse de cro\u00eetre.<\/li>\n<li>L&rsquo;utilisation est particuli\u00e8rement en hausse dans les r\u00e9gions \u00e0 faible revenu, chez les femmes et les groupes cibles plus jeunes.<\/li>\n<\/ul>\n<p>En parall\u00e8le, Anthropic a \u00e9tudi\u00e9 la mani\u00e8re dont les gens utilisent son assistant Claude. Les donn\u00e9es issues de millions de conversations et d&rsquo;acc\u00e8s \u00e0 l&rsquo;API r\u00e9v\u00e8lent une orientation diff\u00e9rente : Claude est principalement utilis\u00e9 comme un outil d&rsquo;efficacit\u00e9 et d&rsquo;automatisation. De nombreuses requ\u00eates concernent la recherche, la programmation ou l\u2019organisation de bureau, o\u00f9 des pans entiers de travail sont d\u00e9sormais d\u00e9l\u00e9gu\u00e9s aux assistants d\u2019IA. En revanche, les conversations personnelles ou \u00e9motionnelles sont rares.<\/p>\n<h1>Comment est Claude est r\u00e9ellement utilis\u00e9<\/h1>\n<ul>\n<li>L&rsquo;accent est mis sur la productivit\u00e9 : programmation, analyse de donn\u00e9es, recherche et automatisation de texte.<\/li>\n<li>Claude effectue souvent des t\u00e2ches compl\u00e8tes de mani\u00e8re autonome, et pas seulement en tant que consultant.<\/li>\n<li>Les conversations \u00e9motionnelles ou priv\u00e9es repr\u00e9sentent moins de 3 % de l&rsquo;utilisation.<\/li>\n<li>Claude est particuli\u00e8rement appr\u00e9ci\u00e9 par les utilisateurs ayant des connaissances techniques, dans les domaines de la science, de l&rsquo;\u00e9ducation et des entreprises.<\/li>\n<li>L&rsquo;utilisation de l&rsquo;API montre que Claude est plus int\u00e9gr\u00e9 dans les workflows professionnels que dans les activit\u00e9s de loisirs.<\/li>\n<\/ul>\n<h1><strong>ChatGPT comme compagnon num\u00e9rique, Claude comme outil d&rsquo;efficacit\u00e9<\/strong><\/h1>\n<p>Si l&rsquo;on compare les deux mod\u00e8les, un sch\u00e9ma clair se d\u00e9gage : ChatGPT est le compagnon num\u00e9rique qui fournit des r\u00e9ponses, explique et donne des impulsions cr\u00e9atives &#8211; fortement ancr\u00e9 dans un contexte priv\u00e9 et informel. Claude, en revanche, est l&rsquo;outil de l&rsquo;efficacit\u00e9 : un assistant qui travaille de mani\u00e8re structur\u00e9e, automatise les processus et fournit des r\u00e9sultats pr\u00e9cis.<\/p>\n<p>Parall\u00e8lement, l&rsquo;acc\u00e8s aux mod\u00e8les linguistiques se d\u00e9veloppe rapidement. Les \u00e9coles, les start-ups, les administrations et les m\u00e9nages int\u00e8grent depuis longtemps l&rsquo;IA dans leurs processus. Mais ce rythme s&rsquo;accompagne d&rsquo;une responsabilit\u00e9 accrue en mati\u00e8re de protection des donn\u00e9es, de transparence et d&rsquo;acc\u00e8s \u00e9quitable.<\/p>\n<p>Au final, le constat est le suivant : ChatGPT et Claude sont plus que de simples outils. Ils offrent deux points de vue sur la m\u00eame avanc\u00e9e technologique &#8211; l&rsquo;un curieux, cr\u00e9atif et bavard, l&rsquo;autre objectif, pr\u00e9cis et bas\u00e9 sur la division du travail. Ensemble, ils racontent comment nous commen\u00e7ons \u00e0 utiliser le langage et l&rsquo;intelligence sous une nouvelle forme et \u00e0 quel point cette \u00e9volution fait d\u00e9j\u00e0 partie de notre quotidien.<\/p>\n<p><strong>Sources :<br \/>\n<\/strong><\/p>\n<ul>\n<li>OpenAI (2025) : Comment les gens utilisent ChatGPT<\/li>\n<li>Anthropic (2025) : Rapport de l&rsquo;indice \u00e9conomique Anthropic : adoption in\u00e9gale de l&rsquo;IA g\u00e9ographique et d&rsquo;entreprise<\/li>\n<\/ul>\n<\/div><\/section>\n<\/div><\/div><\/div><!-- close content main div --><\/div><\/div>\n<style type=\"text\/css\" data-created_by=\"avia_inline_auto\" id=\"style-css-av-dwefk-64b75231dd03d75203b83ead386ab336\">\n.avia-section.av-dwefk-64b75231dd03d75203b83ead386ab336{\nbackground-color:#ededed;\nbackground-image:unset;\n}\n<\/style>\n<div id='av_section_3'  class='avia-section av-dwefk-64b75231dd03d75203b83ead386ab336 main_color avia-section-default avia-no-border-styling  avia-builder-el-13  el_after_av_section  avia-builder-el-last  post_slider avia-bg-style-scroll container_wrap fullsize'  ><div class='container av-section-cont-open' ><div class='template-page content  av-content-full alpha units'><div class='post-entry post-entry-type-page post-entry-6021'><div class='entry-content-wrapper clearfix'>\n<div  data-slideshow-options=\"{&quot;animation&quot;:&quot;fade&quot;,&quot;autoplay&quot;:false,&quot;loop_autoplay&quot;:&quot;once&quot;,&quot;interval&quot;:&quot;5&quot;,&quot;loop_manual&quot;:&quot;manual-endless&quot;,&quot;autoplay_stopper&quot;:false,&quot;noNavigation&quot;:false,&quot;show_slide_delay&quot;:90}\" class='avia-content-slider avia-content-slider-active avia-content-slider1 avia-content-slider-odd  avia-builder-el-14  avia-builder-el-no-sibling  av-slideshow-ui av-control-default   av-no-slider-navigation av-slideshow-manual av-loop-once av-loop-manual-endless '  itemscope=\"itemscope\" itemtype=\"https:\/\/schema.org\/Blog\" ><div class=\"avia-content-slider-inner\"><div class=\"slide-entry-wrap\"><article class='slide-entry flex_column  post-entry post-entry-4689 slide-entry-overview slide-loop-1 slide-parity-odd  av_one_third first real-thumbnail post-format-standard'  itemscope=\"itemscope\" itemtype=\"https:\/\/schema.org\/BlogPosting\" itemprop=\"blogPost\" ><a href='https:\/\/influence.ch\/fr\/2025\/02\/27\/nouvel-ordre-mondial-nouvelles-regles\/' data-rel='slide-1' class='slide-image' title='Nouvel ordre mondial, nouvelles r\u00e8gles'><img decoding=\"async\" width=\"495\" height=\"400\" src=\"https:\/\/influence.ch\/wp-content\/uploads\/2025\/02\/influence_Verlaufe_politik-495x400.png\" class=\"wp-image-4694 avia-img-lazy-loading-not-4694 attachment-portfolio size-portfolio wp-post-image\" alt=\"\" srcset=\"https:\/\/influence.ch\/wp-content\/uploads\/2025\/02\/influence_Verlaufe_politik-495x400.png 495w, https:\/\/influence.ch\/wp-content\/uploads\/2025\/02\/influence_Verlaufe_politik-845x684.png 845w\" sizes=\"(max-width: 495px) 100vw, 495px\" \/><\/a><div class=\"slide-content\"><header class=\"entry-content-header\"><h3 class='slide-entry-title entry-title '  itemprop=\"headline\" ><a href='https:\/\/influence.ch\/fr\/2025\/02\/27\/nouvel-ordre-mondial-nouvelles-regles\/' title='Nouvel ordre mondial, nouvelles r\u00e8gles'>Nouvel ordre mondial, nouvelles r\u00e8gles<\/a><\/h3><span class=\"av-vertical-delimiter\"><\/span><\/header><div class=\"slide-meta\"><div class=\"slide-meta-comments\"><a href='https:\/\/influence.ch\/fr\/2025\/02\/27\/nouvel-ordre-mondial-nouvelles-regles\/#respond'>0 Commentaires<\/a><\/div><div class=\"slide-meta-del\">\/<\/div><time class='slide-meta-time updated'  itemprop=\"datePublished\" datetime=\"2025-02-27T08:33:11+01:00\" >27 f\u00e9vrier 2025<\/time><\/div><div class='slide-entry-excerpt entry-content'  itemprop=\"text\" >Pourquoi les entreprises doivent faire de la g\u00e9opolitique une priorit\u00e9 pour rester comp\u00e9titifs dans un monde multipolaire  <\/div><\/div><footer class=\"entry-footer\"><\/footer><span class='hidden'>\n\t\t\t\t<span class='av-structured-data'  itemprop=\"image\" itemscope=\"itemscope\" itemtype=\"https:\/\/schema.org\/ImageObject\" >\n\t\t\t\t\t\t<span itemprop='url'>https:\/\/influence.ch\/wp-content\/uploads\/2025\/02\/influence_Verlaufe_politik.png<\/span>\n\t\t\t\t\t\t<span itemprop='height'>2169<\/span>\n\t\t\t\t\t\t<span itemprop='width'>2442<\/span>\n\t\t\t\t<\/span>\n\t\t\t\t<span class='av-structured-data'  itemprop=\"publisher\" itemtype=\"https:\/\/schema.org\/Organization\" itemscope=\"itemscope\" >\n\t\t\t\t\t\t<span itemprop='name'>Matthias Halbeis<\/span>\n\t\t\t\t\t\t<span itemprop='logo' itemscope itemtype='https:\/\/schema.org\/ImageObject'>\n\t\t\t\t\t\t\t<span itemprop='url'>https:\/\/influence.ch\/wp-content\/uploads\/2025\/02\/influence_Logo_FR_weiss-1030x277.png<\/span>\n\t\t\t\t\t\t <\/span>\n\t\t\t\t<\/span><span class='av-structured-data'  itemprop=\"author\" itemscope=\"itemscope\" itemtype=\"https:\/\/schema.org\/Person\" ><span itemprop='name'>Matthias Halbeis<\/span><\/span><span class='av-structured-data'  itemprop=\"datePublished\" datetime=\"2025-09-23T13:55:11+02:00\" >2025-02-27 08:33:11<\/span><span class='av-structured-data'  itemprop=\"dateModified\" itemtype=\"https:\/\/schema.org\/dateModified\" >2025-02-27 15:29:03<\/span><span class='av-structured-data'  itemprop=\"mainEntityOfPage\" itemtype=\"https:\/\/schema.org\/mainEntityOfPage\" ><span itemprop='name'>Nouvel ordre mondial, nouvelles r\u00e8gles<\/span><\/span><\/span><\/article><article class='slide-entry flex_column  post-entry post-entry-7143 slide-entry-overview slide-loop-2 slide-parity-even  av_one_third  real-thumbnail post-format-standard'  itemscope=\"itemscope\" itemtype=\"https:\/\/schema.org\/BlogPosting\" itemprop=\"blogPost\" ><a href='https:\/\/influence.ch\/fr\/2026\/03\/26\/un-etat-dincertitude-permanent\/' data-rel='slide-1' class='slide-image' title='\u00ab\u00a0Un \u00e9tat d&rsquo;incertitude permanente\u00a0\u00bb'><img decoding=\"async\" width=\"495\" height=\"400\" src=\"https:\/\/influence.ch\/wp-content\/uploads\/2026\/03\/Myriam-Dunn-Calvety-495x400.jpg\" class=\"wp-image-7113 avia-img-lazy-loading-not-7113 attachment-portfolio size-portfolio wp-post-image\" alt=\"\" srcset=\"https:\/\/influence.ch\/wp-content\/uploads\/2026\/03\/Myriam-Dunn-Calvety-495x400.jpg 495w, https:\/\/influence.ch\/wp-content\/uploads\/2026\/03\/Myriam-Dunn-Calvety-845x684.jpg 845w\" sizes=\"(max-width: 495px) 100vw, 495px\" \/><\/a><div class=\"slide-content\"><header class=\"entry-content-header\"><h3 class='slide-entry-title entry-title '  itemprop=\"headline\" ><a href='https:\/\/influence.ch\/fr\/2026\/03\/26\/un-etat-dincertitude-permanent\/' title='\u00ab\u00a0Un \u00e9tat d&rsquo;incertitude permanente\u00a0\u00bb'>\u00ab\u00a0Un \u00e9tat d&rsquo;incertitude permanente\u00a0\u00bb<\/a><\/h3><span class=\"av-vertical-delimiter\"><\/span><\/header><div class=\"slide-meta\"><div class=\"slide-meta-comments\"><a href='https:\/\/influence.ch\/fr\/2026\/03\/26\/un-etat-dincertitude-permanent\/#respond'>0 Commentaires<\/a><\/div><div class=\"slide-meta-del\">\/<\/div><time class='slide-meta-time updated'  itemprop=\"datePublished\" datetime=\"2026-03-26T14:56:31+01:00\" >26 mars 2026<\/time><\/div><div class='slide-entry-excerpt entry-content'  itemprop=\"text\" >Myriam Dunn Cavelty, sp\u00e9cialiste de la cybers\u00e9curit\u00e9, explique pourquoi les cyberattaques n'atteignent pas des proportions insoup\u00e7onn\u00e9es malgr\u00e9 les guerres - et ce que les Etats-Unis et Isra\u00ebl font mieux que la Russie.  <\/div><\/div><footer class=\"entry-footer\"><\/footer><span class='hidden'>\n\t\t\t\t<span class='av-structured-data'  itemprop=\"image\" itemscope=\"itemscope\" itemtype=\"https:\/\/schema.org\/ImageObject\" >\n\t\t\t\t\t\t<span itemprop='url'>https:\/\/influence.ch\/wp-content\/uploads\/2026\/03\/Myriam-Dunn-Calvety.jpg<\/span>\n\t\t\t\t\t\t<span itemprop='height'>948<\/span>\n\t\t\t\t\t\t<span itemprop='width'>1100<\/span>\n\t\t\t\t<\/span>\n\t\t\t\t<span class='av-structured-data'  itemprop=\"publisher\" itemtype=\"https:\/\/schema.org\/Organization\" itemscope=\"itemscope\" >\n\t\t\t\t\t\t<span itemprop='name'>Eva Novak<\/span>\n\t\t\t\t\t\t<span itemprop='logo' itemscope itemtype='https:\/\/schema.org\/ImageObject'>\n\t\t\t\t\t\t\t<span itemprop='url'>https:\/\/influence.ch\/wp-content\/uploads\/2025\/02\/influence_Logo_FR_weiss-1030x277.png<\/span>\n\t\t\t\t\t\t <\/span>\n\t\t\t\t<\/span><span class='av-structured-data'  itemprop=\"author\" itemscope=\"itemscope\" itemtype=\"https:\/\/schema.org\/Person\" ><span itemprop='name'>Eva Novak<\/span><\/span><span class='av-structured-data'  itemprop=\"datePublished\" datetime=\"2025-09-23T13:55:11+02:00\" >2026-03-26 14:56:31<\/span><span class='av-structured-data'  itemprop=\"dateModified\" itemtype=\"https:\/\/schema.org\/dateModified\" >2026-03-27 14:38:09<\/span><span class='av-structured-data'  itemprop=\"mainEntityOfPage\" itemtype=\"https:\/\/schema.org\/mainEntityOfPage\" ><span itemprop='name'>\u00ab\u00a0Un \u00e9tat d&rsquo;incertitude permanente\u00a0\u00bb<\/span><\/span><\/span><\/article><article class='slide-entry flex_column  post-entry post-entry-6422 slide-entry-overview slide-loop-3 slide-parity-odd  av_one_third  real-thumbnail post-format-standard'  itemscope=\"itemscope\" itemtype=\"https:\/\/schema.org\/BlogPosting\" itemprop=\"blogPost\" ><a href='https:\/\/influence.ch\/fr\/2025\/11\/27\/pourquoi-les-theories-du-complot-ont-elles-la-vie-si-facile-aujourdhui\/' data-rel='slide-1' class='slide-image' title='La vie facile pour les th\u00e9ories du complot'><img decoding=\"async\" width=\"495\" height=\"400\" src=\"https:\/\/influence.ch\/wp-content\/uploads\/2022\/12\/influence_Verlaeufe_V01_5-495x400.png\" class=\"wp-image-517 avia-img-lazy-loading-not-517 attachment-portfolio size-portfolio wp-post-image\" alt=\"\" srcset=\"https:\/\/influence.ch\/wp-content\/uploads\/2022\/12\/influence_Verlaeufe_V01_5-495x400.png 495w, https:\/\/influence.ch\/wp-content\/uploads\/2022\/12\/influence_Verlaeufe_V01_5-845x684.png 845w\" sizes=\"(max-width: 495px) 100vw, 495px\" \/><\/a><div class=\"slide-content\"><header class=\"entry-content-header\"><h3 class='slide-entry-title entry-title '  itemprop=\"headline\" ><a href='https:\/\/influence.ch\/fr\/2025\/11\/27\/pourquoi-les-theories-du-complot-ont-elles-la-vie-si-facile-aujourdhui\/' title='La vie facile pour les th\u00e9ories du complot'>La vie facile pour les th\u00e9ories du complot<\/a><\/h3><span class=\"av-vertical-delimiter\"><\/span><\/header><div class=\"slide-meta\"><time class='slide-meta-time updated'  itemprop=\"datePublished\" datetime=\"2025-11-27T13:29:58+01:00\" >27 novembre 2025<\/time><\/div><div class='slide-entry-excerpt entry-content'  itemprop=\"text\" >Les r\u00e9seaux sociaux, la fragmentation du paysage m\u00e9diatique et les algorithmes r\u00e9compensent l'indignation.<\/div><\/div><footer class=\"entry-footer\"><\/footer><span class='hidden'>\n\t\t\t\t<span class='av-structured-data'  itemprop=\"image\" itemscope=\"itemscope\" itemtype=\"https:\/\/schema.org\/ImageObject\" >\n\t\t\t\t\t\t<span itemprop='url'>https:\/\/influence.ch\/wp-content\/uploads\/2022\/12\/influence_Verlaeufe_V01_5.png<\/span>\n\t\t\t\t\t\t<span itemprop='height'>2169<\/span>\n\t\t\t\t\t\t<span itemprop='width'>2442<\/span>\n\t\t\t\t<\/span>\n\t\t\t\t<span class='av-structured-data'  itemprop=\"publisher\" itemtype=\"https:\/\/schema.org\/Organization\" itemscope=\"itemscope\" >\n\t\t\t\t\t\t<span itemprop='name'>Matthias Halbeis<\/span>\n\t\t\t\t\t\t<span itemprop='logo' itemscope itemtype='https:\/\/schema.org\/ImageObject'>\n\t\t\t\t\t\t\t<span itemprop='url'>https:\/\/influence.ch\/wp-content\/uploads\/2025\/02\/influence_Logo_FR_weiss-1030x277.png<\/span>\n\t\t\t\t\t\t <\/span>\n\t\t\t\t<\/span><span class='av-structured-data'  itemprop=\"author\" itemscope=\"itemscope\" itemtype=\"https:\/\/schema.org\/Person\" ><span itemprop='name'>Matthias Halbeis<\/span><\/span><span class='av-structured-data'  itemprop=\"datePublished\" datetime=\"2025-09-23T13:55:11+02:00\" >2025-11-27 13:29:58<\/span><span class='av-structured-data'  itemprop=\"dateModified\" itemtype=\"https:\/\/schema.org\/dateModified\" >2025-11-27 15:31:18<\/span><span class='av-structured-data'  itemprop=\"mainEntityOfPage\" itemtype=\"https:\/\/schema.org\/mainEntityOfPage\" ><span itemprop='name'>La vie facile pour les th\u00e9ories du complot<\/span><\/span><\/span><\/article><\/div><div class=\"slide-entry-wrap\"><article class='slide-entry flex_column  post-entry post-entry-6573 slide-entry-overview slide-loop-4 slide-parity-odd  av_one_third first real-thumbnail post-format-standard'  itemscope=\"itemscope\" itemtype=\"https:\/\/schema.org\/BlogPosting\" itemprop=\"blogPost\" ><a href='https:\/\/influence.ch\/fr\/2025\/12\/23\/aujourdhui-nimporte-qui-peut-sadresser-au-monde-entier\/' data-rel='slide-1' class='slide-image' title='Aujourd\u2019hui, n\u2019importe qui peut s\u2019adresser au monde entier.\u202f'><img decoding=\"async\" width=\"495\" height=\"400\" src=\"https:\/\/influence.ch\/wp-content\/uploads\/2022\/12\/influence_Verlaeufe_V01_1-495x400.png\" class=\"wp-image-522 avia-img-lazy-loading-not-522 attachment-portfolio size-portfolio wp-post-image\" alt=\"\" srcset=\"https:\/\/influence.ch\/wp-content\/uploads\/2022\/12\/influence_Verlaeufe_V01_1-495x400.png 495w, https:\/\/influence.ch\/wp-content\/uploads\/2022\/12\/influence_Verlaeufe_V01_1-845x684.png 845w\" sizes=\"(max-width: 495px) 100vw, 495px\" \/><\/a><div class=\"slide-content\"><header class=\"entry-content-header\"><h3 class='slide-entry-title entry-title '  itemprop=\"headline\" ><a href='https:\/\/influence.ch\/fr\/2025\/12\/23\/aujourdhui-nimporte-qui-peut-sadresser-au-monde-entier\/' title='Aujourd\u2019hui, n\u2019importe qui peut s\u2019adresser au monde entier.\u202f'>Aujourd\u2019hui, n\u2019importe qui peut s\u2019adresser au monde entier.\u202f<\/a><\/h3><span class=\"av-vertical-delimiter\"><\/span><\/header><div class=\"slide-meta\"><time class='slide-meta-time updated'  itemprop=\"datePublished\" datetime=\"2025-12-23T06:18:35+01:00\" >23 d\u00e9cembre 2025<\/time><\/div><div class='slide-entry-excerpt entry-content'  itemprop=\"text\" >L'espace public num\u00e9rique, les sentiments post-factuels et les nouvelles responsabilit\u00e9s de la communication politique  <\/div><\/div><footer class=\"entry-footer\"><\/footer><span class='hidden'>\n\t\t\t\t<span class='av-structured-data'  itemprop=\"image\" itemscope=\"itemscope\" itemtype=\"https:\/\/schema.org\/ImageObject\" >\n\t\t\t\t\t\t<span itemprop='url'>https:\/\/influence.ch\/wp-content\/uploads\/2022\/12\/influence_Verlaeufe_V01_1.png<\/span>\n\t\t\t\t\t\t<span itemprop='height'>2169<\/span>\n\t\t\t\t\t\t<span itemprop='width'>2442<\/span>\n\t\t\t\t<\/span>\n\t\t\t\t<span class='av-structured-data'  itemprop=\"publisher\" itemtype=\"https:\/\/schema.org\/Organization\" itemscope=\"itemscope\" >\n\t\t\t\t\t\t<span itemprop='name'>Matthias Halbeis<\/span>\n\t\t\t\t\t\t<span itemprop='logo' itemscope itemtype='https:\/\/schema.org\/ImageObject'>\n\t\t\t\t\t\t\t<span itemprop='url'>https:\/\/influence.ch\/wp-content\/uploads\/2025\/02\/influence_Logo_FR_weiss-1030x277.png<\/span>\n\t\t\t\t\t\t <\/span>\n\t\t\t\t<\/span><span class='av-structured-data'  itemprop=\"author\" itemscope=\"itemscope\" itemtype=\"https:\/\/schema.org\/Person\" ><span itemprop='name'>Matthias Halbeis<\/span><\/span><span class='av-structured-data'  itemprop=\"datePublished\" datetime=\"2025-09-23T13:55:11+02:00\" >2025-12-23 06:18:35<\/span><span class='av-structured-data'  itemprop=\"dateModified\" itemtype=\"https:\/\/schema.org\/dateModified\" >2025-12-23 11:17:30<\/span><span class='av-structured-data'  itemprop=\"mainEntityOfPage\" itemtype=\"https:\/\/schema.org\/mainEntityOfPage\" ><span itemprop='name'>Aujourd\u2019hui, n\u2019importe qui peut s\u2019adresser au monde entier.\u202f<\/span><\/span><\/span><\/article><article class='slide-entry flex_column  post-entry post-entry-6575 slide-entry-overview slide-loop-5 slide-parity-even  av_one_third  real-thumbnail post-format-standard'  itemscope=\"itemscope\" itemtype=\"https:\/\/schema.org\/BlogPosting\" itemprop=\"blogPost\" ><a href='https:\/\/influence.ch\/fr\/2025\/12\/23\/geopolitique-de-lia-conquerir-le-leadership-numerique\/' data-rel='slide-1' class='slide-image' title='G\u00e9opolitique de l\u2019IA\u202f: conqu\u00e9rir le leadership num\u00e9rique\u202f'><img decoding=\"async\" width=\"495\" height=\"400\" src=\"https:\/\/influence.ch\/wp-content\/uploads\/2025\/02\/influence_Verlaufe_politik-495x400.png\" class=\"wp-image-4694 avia-img-lazy-loading-not-4694 attachment-portfolio size-portfolio wp-post-image\" alt=\"\" srcset=\"https:\/\/influence.ch\/wp-content\/uploads\/2025\/02\/influence_Verlaufe_politik-495x400.png 495w, https:\/\/influence.ch\/wp-content\/uploads\/2025\/02\/influence_Verlaufe_politik-845x684.png 845w\" sizes=\"(max-width: 495px) 100vw, 495px\" \/><\/a><div class=\"slide-content\"><header class=\"entry-content-header\"><h3 class='slide-entry-title entry-title '  itemprop=\"headline\" ><a href='https:\/\/influence.ch\/fr\/2025\/12\/23\/geopolitique-de-lia-conquerir-le-leadership-numerique\/' title='G\u00e9opolitique de l\u2019IA\u202f: conqu\u00e9rir le leadership num\u00e9rique\u202f'>G\u00e9opolitique de l\u2019IA\u202f: conqu\u00e9rir le leadership num\u00e9rique\u202f<\/a><\/h3><span class=\"av-vertical-delimiter\"><\/span><\/header><div class=\"slide-meta\"><div class=\"slide-meta-comments\"><a href='https:\/\/influence.ch\/fr\/2025\/12\/23\/geopolitique-de-lia-conquerir-le-leadership-numerique\/#respond'>0 Commentaires<\/a><\/div><div class=\"slide-meta-del\">\/<\/div><time class='slide-meta-time updated'  itemprop=\"datePublished\" datetime=\"2025-12-23T06:17:23+01:00\" >23 d\u00e9cembre 2025<\/time><\/div><div class='slide-entry-excerpt entry-content'  itemprop=\"text\" >La concurrence autour de l'intelligence artificielle modifie l'ordre international. Les \u00c9tats-Unis, la Chine et l'Europe se disputent les normes, l'influence et la souverainet\u00e9 technologique.   <\/div><\/div><footer class=\"entry-footer\"><\/footer><span class='hidden'>\n\t\t\t\t<span class='av-structured-data'  itemprop=\"image\" itemscope=\"itemscope\" itemtype=\"https:\/\/schema.org\/ImageObject\" >\n\t\t\t\t\t\t<span itemprop='url'>https:\/\/influence.ch\/wp-content\/uploads\/2025\/02\/influence_Verlaufe_politik.png<\/span>\n\t\t\t\t\t\t<span itemprop='height'>2169<\/span>\n\t\t\t\t\t\t<span itemprop='width'>2442<\/span>\n\t\t\t\t<\/span>\n\t\t\t\t<span class='av-structured-data'  itemprop=\"publisher\" itemtype=\"https:\/\/schema.org\/Organization\" itemscope=\"itemscope\" >\n\t\t\t\t\t\t<span itemprop='name'>Matthias Halbeis<\/span>\n\t\t\t\t\t\t<span itemprop='logo' itemscope itemtype='https:\/\/schema.org\/ImageObject'>\n\t\t\t\t\t\t\t<span itemprop='url'>https:\/\/influence.ch\/wp-content\/uploads\/2025\/02\/influence_Logo_FR_weiss-1030x277.png<\/span>\n\t\t\t\t\t\t <\/span>\n\t\t\t\t<\/span><span class='av-structured-data'  itemprop=\"author\" itemscope=\"itemscope\" itemtype=\"https:\/\/schema.org\/Person\" ><span itemprop='name'>Matthias Halbeis<\/span><\/span><span class='av-structured-data'  itemprop=\"datePublished\" datetime=\"2025-09-23T13:55:11+02:00\" >2025-12-23 06:17:23<\/span><span class='av-structured-data'  itemprop=\"dateModified\" itemtype=\"https:\/\/schema.org\/dateModified\" >2025-12-23 11:20:58<\/span><span class='av-structured-data'  itemprop=\"mainEntityOfPage\" itemtype=\"https:\/\/schema.org\/mainEntityOfPage\" ><span itemprop='name'>G\u00e9opolitique de l\u2019IA\u202f: conqu\u00e9rir le leadership num\u00e9rique\u202f<\/span><\/span><\/span><\/article><article class='slide-entry flex_column  post-entry post-entry-6953 slide-entry-overview slide-loop-6 slide-parity-odd  av_one_third  real-thumbnail post-format-standard'  itemscope=\"itemscope\" itemtype=\"https:\/\/schema.org\/BlogPosting\" itemprop=\"blogPost\" ><a href='https:\/\/influence.ch\/fr\/2026\/02\/26\/chanter-la-mort-du-droit-international-est-une-erreur\/' data-rel='slide-1' class='slide-image' title='\u00abChanter la mort du droit international est une erreur\u00bb.'><img decoding=\"async\" width=\"495\" height=\"400\" src=\"https:\/\/influence.ch\/wp-content\/uploads\/2026\/02\/Foto-OD-2017-Kopie-495x400.jpg\" class=\"wp-image-6945 avia-img-lazy-loading-not-6945 attachment-portfolio size-portfolio wp-post-image\" alt=\"\" srcset=\"https:\/\/influence.ch\/wp-content\/uploads\/2026\/02\/Foto-OD-2017-Kopie-495x400.jpg 495w, https:\/\/influence.ch\/wp-content\/uploads\/2026\/02\/Foto-OD-2017-Kopie-845x684.jpg 845w\" sizes=\"(max-width: 495px) 100vw, 495px\" \/><\/a><div class=\"slide-content\"><header class=\"entry-content-header\"><h3 class='slide-entry-title entry-title '  itemprop=\"headline\" ><a href='https:\/\/influence.ch\/fr\/2026\/02\/26\/chanter-la-mort-du-droit-international-est-une-erreur\/' title='\u00abChanter la mort du droit international est une erreur\u00bb.'>\u00abChanter la mort du droit international est une erreur\u00bb.<\/a><\/h3><span class=\"av-vertical-delimiter\"><\/span><\/header><div class=\"slide-meta\"><div class=\"slide-meta-comments\"><a href='https:\/\/influence.ch\/fr\/2026\/02\/26\/chanter-la-mort-du-droit-international-est-une-erreur\/#respond'>0 Commentaires<\/a><\/div><div class=\"slide-meta-del\">\/<\/div><time class='slide-meta-time updated'  itemprop=\"datePublished\" datetime=\"2026-02-26T11:17:23+01:00\" >26 f\u00e9vrier 2026<\/time><\/div><div class='slide-entry-excerpt entry-content'  itemprop=\"text\" >Le professeur de droit international Oliver Diggelmann explique pourquoi il n'aime pas parler d'un changement d'\u00e9poque. Et quel est le probl\u00e8me de la Suisse.  <\/div><\/div><footer class=\"entry-footer\"><\/footer><span class='hidden'>\n\t\t\t\t<span class='av-structured-data'  itemprop=\"image\" itemscope=\"itemscope\" itemtype=\"https:\/\/schema.org\/ImageObject\" >\n\t\t\t\t\t\t<span itemprop='url'>https:\/\/influence.ch\/wp-content\/uploads\/2026\/02\/Foto-OD-2017-Kopie.jpg<\/span>\n\t\t\t\t\t\t<span itemprop='height'>1417<\/span>\n\t\t\t\t\t\t<span itemprop='width'>2126<\/span>\n\t\t\t\t<\/span>\n\t\t\t\t<span class='av-structured-data'  itemprop=\"publisher\" itemtype=\"https:\/\/schema.org\/Organization\" itemscope=\"itemscope\" >\n\t\t\t\t\t\t<span itemprop='name'>Eva Novak<\/span>\n\t\t\t\t\t\t<span itemprop='logo' itemscope itemtype='https:\/\/schema.org\/ImageObject'>\n\t\t\t\t\t\t\t<span itemprop='url'>https:\/\/influence.ch\/wp-content\/uploads\/2025\/02\/influence_Logo_FR_weiss-1030x277.png<\/span>\n\t\t\t\t\t\t <\/span>\n\t\t\t\t<\/span><span class='av-structured-data'  itemprop=\"author\" itemscope=\"itemscope\" itemtype=\"https:\/\/schema.org\/Person\" ><span itemprop='name'>Eva Novak<\/span><\/span><span class='av-structured-data'  itemprop=\"datePublished\" datetime=\"2025-09-23T13:55:11+02:00\" >2026-02-26 11:17:23<\/span><span class='av-structured-data'  itemprop=\"dateModified\" itemtype=\"https:\/\/schema.org\/dateModified\" >2026-02-26 14:14:16<\/span><span class='av-structured-data'  itemprop=\"mainEntityOfPage\" itemtype=\"https:\/\/schema.org\/mainEntityOfPage\" ><span itemprop='name'>\u00abChanter la mort du droit international est une erreur\u00bb.<\/span><\/span><\/span><\/article><\/div><div class=\"slide-entry-wrap\"><article class='slide-entry flex_column  post-entry post-entry-6765 slide-entry-overview slide-loop-7 slide-parity-odd  av_one_third first real-thumbnail post-format-standard'  itemscope=\"itemscope\" itemtype=\"https:\/\/schema.org\/BlogPosting\" itemprop=\"blogPost\" ><a href='https:\/\/influence.ch\/fr\/2026\/01\/29\/la-nouvelle-architecture-de-securite-de-lordre-aux-zones-dinfluence\/' data-rel='slide-1' class='slide-image' title='S\u00e9curit\u00e9 globale: le retour aux zones d&rsquo;influence'><img decoding=\"async\" width=\"495\" height=\"400\" src=\"https:\/\/influence.ch\/wp-content\/uploads\/2022\/12\/influence_Verlaeufe_V01_1-495x400.png\" class=\"wp-image-522 avia-img-lazy-loading-not-522 attachment-portfolio size-portfolio wp-post-image\" alt=\"\" srcset=\"https:\/\/influence.ch\/wp-content\/uploads\/2022\/12\/influence_Verlaeufe_V01_1-495x400.png 495w, https:\/\/influence.ch\/wp-content\/uploads\/2022\/12\/influence_Verlaeufe_V01_1-845x684.png 845w\" sizes=\"(max-width: 495px) 100vw, 495px\" \/><\/a><div class=\"slide-content\"><header class=\"entry-content-header\"><h3 class='slide-entry-title entry-title '  itemprop=\"headline\" ><a href='https:\/\/influence.ch\/fr\/2026\/01\/29\/la-nouvelle-architecture-de-securite-de-lordre-aux-zones-dinfluence\/' title='S\u00e9curit\u00e9 globale: le retour aux zones d&rsquo;influence'>S\u00e9curit\u00e9 globale: le retour aux zones d&rsquo;influence<\/a><\/h3><span class=\"av-vertical-delimiter\"><\/span><\/header><div class=\"slide-meta\"><time class='slide-meta-time updated'  itemprop=\"datePublished\" datetime=\"2026-01-29T10:17:53+01:00\" >29 janvier 2026<\/time><\/div><div class='slide-entry-excerpt entry-content'  itemprop=\"text\" >Comment le comportement des \u00c9tats-Unis commence \u00e0 \u00e9touffer la coop\u00e9ration multilat\u00e9rale<\/div><\/div><footer class=\"entry-footer\"><\/footer><span class='hidden'>\n\t\t\t\t<span class='av-structured-data'  itemprop=\"image\" itemscope=\"itemscope\" itemtype=\"https:\/\/schema.org\/ImageObject\" >\n\t\t\t\t\t\t<span itemprop='url'>https:\/\/influence.ch\/wp-content\/uploads\/2022\/12\/influence_Verlaeufe_V01_1.png<\/span>\n\t\t\t\t\t\t<span itemprop='height'>2169<\/span>\n\t\t\t\t\t\t<span itemprop='width'>2442<\/span>\n\t\t\t\t<\/span>\n\t\t\t\t<span class='av-structured-data'  itemprop=\"publisher\" itemtype=\"https:\/\/schema.org\/Organization\" itemscope=\"itemscope\" >\n\t\t\t\t\t\t<span itemprop='name'>Matthias Halbeis<\/span>\n\t\t\t\t\t\t<span itemprop='logo' itemscope itemtype='https:\/\/schema.org\/ImageObject'>\n\t\t\t\t\t\t\t<span itemprop='url'>https:\/\/influence.ch\/wp-content\/uploads\/2025\/02\/influence_Logo_FR_weiss-1030x277.png<\/span>\n\t\t\t\t\t\t <\/span>\n\t\t\t\t<\/span><span class='av-structured-data'  itemprop=\"author\" itemscope=\"itemscope\" itemtype=\"https:\/\/schema.org\/Person\" ><span itemprop='name'>Matthias Halbeis<\/span><\/span><span class='av-structured-data'  itemprop=\"datePublished\" datetime=\"2025-09-23T13:55:11+02:00\" >2026-01-29 10:17:53<\/span><span class='av-structured-data'  itemprop=\"dateModified\" itemtype=\"https:\/\/schema.org\/dateModified\" >2026-01-29 18:02:29<\/span><span class='av-structured-data'  itemprop=\"mainEntityOfPage\" itemtype=\"https:\/\/schema.org\/mainEntityOfPage\" ><span itemprop='name'>S\u00e9curit\u00e9 globale: le retour aux zones d&rsquo;influence<\/span><\/span><\/span><\/article><article class='slide-entry flex_column  post-entry post-entry-5803 slide-entry-overview slide-loop-8 slide-parity-even  av_one_third  real-thumbnail post-format-standard'  itemscope=\"itemscope\" itemtype=\"https:\/\/schema.org\/BlogPosting\" itemprop=\"blogPost\" ><a href='https:\/\/influence.ch\/fr\/2025\/08\/28\/les-17-regles-de-la-propagande-sovietique-et-pourquoi-elles-fonctionnent-encore-aujourdhui\/' data-rel='slide-1' class='slide-image' title='Propagande sovi\u00e9tique &#8211; elle fonctionne encore'><img decoding=\"async\" width=\"495\" height=\"400\" src=\"https:\/\/influence.ch\/wp-content\/uploads\/2022\/12\/influence_Verlaeufe_V01_7-495x400.png\" class=\"wp-image-529 avia-img-lazy-loading-not-529 attachment-portfolio size-portfolio wp-post-image\" alt=\"\" srcset=\"https:\/\/influence.ch\/wp-content\/uploads\/2022\/12\/influence_Verlaeufe_V01_7-495x400.png 495w, https:\/\/influence.ch\/wp-content\/uploads\/2022\/12\/influence_Verlaeufe_V01_7-845x684.png 845w\" sizes=\"(max-width: 495px) 100vw, 495px\" \/><\/a><div class=\"slide-content\"><header class=\"entry-content-header\"><h3 class='slide-entry-title entry-title '  itemprop=\"headline\" ><a href='https:\/\/influence.ch\/fr\/2025\/08\/28\/les-17-regles-de-la-propagande-sovietique-et-pourquoi-elles-fonctionnent-encore-aujourdhui\/' title='Propagande sovi\u00e9tique &#8211; elle fonctionne encore'>Propagande sovi\u00e9tique &#8211; elle fonctionne encore<\/a><\/h3><span class=\"av-vertical-delimiter\"><\/span><\/header><div class=\"slide-meta\"><div class=\"slide-meta-comments\"><a href='https:\/\/influence.ch\/fr\/2025\/08\/28\/les-17-regles-de-la-propagande-sovietique-et-pourquoi-elles-fonctionnent-encore-aujourdhui\/#respond'>0 Commentaires<\/a><\/div><div class=\"slide-meta-del\">\/<\/div><time class='slide-meta-time updated'  itemprop=\"datePublished\" datetime=\"2025-08-28T09:21:57+02:00\" >28 ao\u00fbt 2025<\/time><\/div><div class='slide-entry-excerpt entry-content'  itemprop=\"text\" >Quand Poutine communique avec le monde, il tente de le manipuler selon les r\u00e8gles de l'art<\/div><\/div><footer class=\"entry-footer\"><\/footer><span class='hidden'>\n\t\t\t\t<span class='av-structured-data'  itemprop=\"image\" itemscope=\"itemscope\" itemtype=\"https:\/\/schema.org\/ImageObject\" >\n\t\t\t\t\t\t<span itemprop='url'>https:\/\/influence.ch\/wp-content\/uploads\/2022\/12\/influence_Verlaeufe_V01_7.png<\/span>\n\t\t\t\t\t\t<span itemprop='height'>2169<\/span>\n\t\t\t\t\t\t<span itemprop='width'>2442<\/span>\n\t\t\t\t<\/span>\n\t\t\t\t<span class='av-structured-data'  itemprop=\"publisher\" itemtype=\"https:\/\/schema.org\/Organization\" itemscope=\"itemscope\" >\n\t\t\t\t\t\t<span itemprop='name'>Andreas Hugi<\/span>\n\t\t\t\t\t\t<span itemprop='logo' itemscope itemtype='https:\/\/schema.org\/ImageObject'>\n\t\t\t\t\t\t\t<span itemprop='url'>https:\/\/influence.ch\/wp-content\/uploads\/2025\/02\/influence_Logo_FR_weiss-1030x277.png<\/span>\n\t\t\t\t\t\t <\/span>\n\t\t\t\t<\/span><span class='av-structured-data'  itemprop=\"author\" itemscope=\"itemscope\" itemtype=\"https:\/\/schema.org\/Person\" ><span itemprop='name'>Andreas Hugi<\/span><\/span><span class='av-structured-data'  itemprop=\"datePublished\" datetime=\"2025-09-23T13:55:11+02:00\" >2025-08-28 09:21:57<\/span><span class='av-structured-data'  itemprop=\"dateModified\" itemtype=\"https:\/\/schema.org\/dateModified\" >2025-08-28 16:21:32<\/span><span class='av-structured-data'  itemprop=\"mainEntityOfPage\" itemtype=\"https:\/\/schema.org\/mainEntityOfPage\" ><span itemprop='name'>Propagande sovi\u00e9tique &#8211; elle fonctionne encore<\/span><\/span><\/span><\/article><article class='slide-entry flex_column  post-entry post-entry-5642 slide-entry-overview slide-loop-9 slide-parity-odd  post-entry-last  av_one_third  real-thumbnail post-format-standard'  itemscope=\"itemscope\" itemtype=\"https:\/\/schema.org\/BlogPosting\" itemprop=\"blogPost\" ><a href='https:\/\/influence.ch\/fr\/2025\/06\/26\/ce-que-vous-devez-savoir-maintenant-sur-lia-generative\/' data-rel='slide-1' class='slide-image' title='Ce que vous devez savoir sur l&rsquo;IA g\u00e9n\u00e9rative'><img decoding=\"async\" width=\"495\" height=\"400\" src=\"https:\/\/influence.ch\/wp-content\/uploads\/2025\/02\/influence_Verlaufe_politik-495x400.png\" class=\"wp-image-4694 avia-img-lazy-loading-not-4694 attachment-portfolio size-portfolio wp-post-image\" alt=\"\" srcset=\"https:\/\/influence.ch\/wp-content\/uploads\/2025\/02\/influence_Verlaufe_politik-495x400.png 495w, https:\/\/influence.ch\/wp-content\/uploads\/2025\/02\/influence_Verlaufe_politik-845x684.png 845w\" sizes=\"(max-width: 495px) 100vw, 495px\" \/><\/a><div class=\"slide-content\"><header class=\"entry-content-header\"><h3 class='slide-entry-title entry-title '  itemprop=\"headline\" ><a href='https:\/\/influence.ch\/fr\/2025\/06\/26\/ce-que-vous-devez-savoir-maintenant-sur-lia-generative\/' title='Ce que vous devez savoir sur l&rsquo;IA g\u00e9n\u00e9rative'>Ce que vous devez savoir sur l&rsquo;IA g\u00e9n\u00e9rative<\/a><\/h3><span class=\"av-vertical-delimiter\"><\/span><\/header><div class=\"slide-meta\"><div class=\"slide-meta-comments\"><a href='https:\/\/influence.ch\/fr\/2025\/06\/26\/ce-que-vous-devez-savoir-maintenant-sur-lia-generative\/#respond'>0 Commentaires<\/a><\/div><div class=\"slide-meta-del\">\/<\/div><time class='slide-meta-time updated'  itemprop=\"datePublished\" datetime=\"2025-06-26T08:09:18+02:00\" >26 juin 2025<\/time><\/div><div class='slide-entry-excerpt entry-content'  itemprop=\"text\" >Cinq conclusions d'une nouvelle \u00e9tude qui incitent \u00e0 repenser les choses.  <\/div><\/div><footer class=\"entry-footer\"><\/footer><span class='hidden'>\n\t\t\t\t<span class='av-structured-data'  itemprop=\"image\" itemscope=\"itemscope\" itemtype=\"https:\/\/schema.org\/ImageObject\" >\n\t\t\t\t\t\t<span itemprop='url'>https:\/\/influence.ch\/wp-content\/uploads\/2025\/02\/influence_Verlaufe_politik.png<\/span>\n\t\t\t\t\t\t<span itemprop='height'>2169<\/span>\n\t\t\t\t\t\t<span itemprop='width'>2442<\/span>\n\t\t\t\t<\/span>\n\t\t\t\t<span class='av-structured-data'  itemprop=\"publisher\" itemtype=\"https:\/\/schema.org\/Organization\" itemscope=\"itemscope\" >\n\t\t\t\t\t\t<span itemprop='name'>Pascal Ihle<\/span>\n\t\t\t\t\t\t<span itemprop='logo' itemscope itemtype='https:\/\/schema.org\/ImageObject'>\n\t\t\t\t\t\t\t<span itemprop='url'>https:\/\/influence.ch\/wp-content\/uploads\/2025\/02\/influence_Logo_FR_weiss-1030x277.png<\/span>\n\t\t\t\t\t\t <\/span>\n\t\t\t\t<\/span><span class='av-structured-data'  itemprop=\"author\" itemscope=\"itemscope\" itemtype=\"https:\/\/schema.org\/Person\" ><span itemprop='name'>Pascal Ihle<\/span><\/span><span class='av-structured-data'  itemprop=\"datePublished\" datetime=\"2025-09-23T13:55:11+02:00\" >2025-06-26 08:09:18<\/span><span class='av-structured-data'  itemprop=\"dateModified\" itemtype=\"https:\/\/schema.org\/dateModified\" >2025-06-26 14:31:59<\/span><span class='av-structured-data'  itemprop=\"mainEntityOfPage\" itemtype=\"https:\/\/schema.org\/mainEntityOfPage\" ><span itemprop='name'>Ce que vous devez savoir sur l&rsquo;IA g\u00e9n\u00e9rative<\/span><\/span><\/span><\/article><\/div><\/div><div class='avia-slideshow-arrows avia-slideshow-controls' ><a href='#prev' class='prev-slide ' aria-hidden='true' data-av_icon='\ue87c' data-av_iconfont='entypo-fontello'  tabindex='-1'>Pr\u00e9c\u00e9dent<\/a><a href='#next' class='next-slide ' aria-hidden='true' data-av_icon='\ue87d' data-av_iconfont='entypo-fontello'  tabindex='-1'>Suivant<\/a><\/div><\/div>\n<\/p>\n","protected":false},"excerpt":{"rendered":"<p>Les utilisateurs ont des usages diff\u00e9rents des deux assistants IA : compagnon num\u00e9rique ou outil d&rsquo;efficacit\u00e9.<\/p>\n","protected":false},"author":5,"featured_media":517,"comment_status":"open","ping_status":"open","sticky":false,"template":"","format":"standard","meta":{"footnotes":""},"categories":[53],"tags":[],"class_list":["post-6021","post","type-post","status-publish","format-standard","has-post-thumbnail","hentry","category-societe"],"yoast_head":"<!-- This site is optimized with the Yoast SEO plugin v27.0 - https:\/\/yoast.com\/product\/yoast-seo-wordpress\/ -->\n<title>Utilisez-vous ChatGPT ou Claude ? - influence powered by furrerhugi<\/title>\n<meta name=\"description\" content=\"Voici comment les gens utilisent diff\u00e9remment les deux assistants d&#039;IA\" \/>\n<meta name=\"robots\" content=\"index, follow, max-snippet:-1, max-image-preview:large, max-video-preview:-1\" \/>\n<link rel=\"canonical\" href=\"https:\/\/influence.ch\/fr\/2025\/09\/23\/chatgpt-ou-claude\/\" \/>\n<meta property=\"og:locale\" content=\"fr_FR\" \/>\n<meta property=\"og:type\" content=\"article\" \/>\n<meta property=\"og:title\" content=\"Utilisez-vous ChatGPT ou Claude ? - influence powered by furrerhugi\" \/>\n<meta property=\"og:description\" content=\"Voici comment les gens utilisent diff\u00e9remment les deux assistants d&#039;IA\" \/>\n<meta property=\"og:url\" content=\"https:\/\/influence.ch\/fr\/2025\/09\/23\/chatgpt-ou-claude\/\" \/>\n<meta property=\"og:site_name\" content=\"influence powered by furrerhugi\" \/>\n<meta property=\"article:published_time\" content=\"2025-09-23T11:55:11+00:00\" \/>\n<meta property=\"article:modified_time\" content=\"2025-09-25T13:37:22+00:00\" \/>\n<meta property=\"og:image\" content=\"https:\/\/influence.ch\/wp-content\/uploads\/2025\/09\/shutterstock_2465377905-1030x686.png\" \/>\n<meta name=\"author\" content=\"Pascal Ihle\" \/>\n<meta name=\"twitter:card\" content=\"summary_large_image\" \/>\n<meta name=\"twitter:description\" content=\"Ces neuf \u00e9tapes vous permettront de faire le meilleur choix possible\" \/>\n<meta name=\"twitter:image\" content=\"https:\/\/influence.ch\/wp-content\/uploads\/2025\/09\/shutterstock_2465377905-1030x686.png\" \/>\n<meta name=\"twitter:label1\" content=\"\u00c9crit par\" \/>\n\t<meta name=\"twitter:data1\" content=\"Pascal Ihle\" \/>\n\t<meta name=\"twitter:label2\" content=\"Dur\u00e9e de lecture estim\u00e9e\" \/>\n\t<meta name=\"twitter:data2\" content=\"9 minutes\" \/>\n<script type=\"application\/ld+json\" class=\"yoast-schema-graph\">{\"@context\":\"https:\/\/schema.org\",\"@graph\":[{\"@type\":\"Article\",\"@id\":\"https:\/\/influence.ch\/fr\/2025\/09\/23\/chatgpt-ou-claude\/#article\",\"isPartOf\":{\"@id\":\"https:\/\/influence.ch\/fr\/2025\/09\/23\/chatgpt-ou-claude\/\"},\"author\":{\"name\":\"Pascal Ihle\",\"@id\":\"https:\/\/influence.ch\/#\/schema\/person\/24fb14ad298051d4a62cc59dc69e3737\"},\"headline\":\"Utilisez-vous ChatGPT ou Claude ?\",\"datePublished\":\"2025-09-23T11:55:11+00:00\",\"dateModified\":\"2025-09-25T13:37:22+00:00\",\"mainEntityOfPage\":{\"@id\":\"https:\/\/influence.ch\/fr\/2025\/09\/23\/chatgpt-ou-claude\/\"},\"wordCount\":2682,\"commentCount\":0,\"image\":{\"@id\":\"https:\/\/influence.ch\/fr\/2025\/09\/23\/chatgpt-ou-claude\/#primaryimage\"},\"thumbnailUrl\":\"https:\/\/influence.ch\/wp-content\/uploads\/2022\/12\/influence_Verlaeufe_V01_5.png\",\"articleSection\":[\"Soci\u00e9t\u00e9\"],\"inLanguage\":\"fr-FR\",\"potentialAction\":[{\"@type\":\"CommentAction\",\"name\":\"Comment\",\"target\":[\"https:\/\/influence.ch\/fr\/2025\/09\/23\/chatgpt-ou-claude\/#respond\"]}]},{\"@type\":\"WebPage\",\"@id\":\"https:\/\/influence.ch\/fr\/2025\/09\/23\/chatgpt-ou-claude\/\",\"url\":\"https:\/\/influence.ch\/fr\/2025\/09\/23\/chatgpt-ou-claude\/\",\"name\":\"Utilisez-vous ChatGPT ou Claude ? - influence powered by furrerhugi\",\"isPartOf\":{\"@id\":\"https:\/\/influence.ch\/#website\"},\"primaryImageOfPage\":{\"@id\":\"https:\/\/influence.ch\/fr\/2025\/09\/23\/chatgpt-ou-claude\/#primaryimage\"},\"image\":{\"@id\":\"https:\/\/influence.ch\/fr\/2025\/09\/23\/chatgpt-ou-claude\/#primaryimage\"},\"thumbnailUrl\":\"https:\/\/influence.ch\/wp-content\/uploads\/2022\/12\/influence_Verlaeufe_V01_5.png\",\"datePublished\":\"2025-09-23T11:55:11+00:00\",\"dateModified\":\"2025-09-25T13:37:22+00:00\",\"author\":{\"@id\":\"https:\/\/influence.ch\/#\/schema\/person\/24fb14ad298051d4a62cc59dc69e3737\"},\"description\":\"Voici comment les gens utilisent diff\u00e9remment les deux assistants d'IA\",\"breadcrumb\":{\"@id\":\"https:\/\/influence.ch\/fr\/2025\/09\/23\/chatgpt-ou-claude\/#breadcrumb\"},\"inLanguage\":\"fr-FR\",\"potentialAction\":[{\"@type\":\"ReadAction\",\"target\":[\"https:\/\/influence.ch\/fr\/2025\/09\/23\/chatgpt-ou-claude\/\"]}]},{\"@type\":\"ImageObject\",\"inLanguage\":\"fr-FR\",\"@id\":\"https:\/\/influence.ch\/fr\/2025\/09\/23\/chatgpt-ou-claude\/#primaryimage\",\"url\":\"https:\/\/influence.ch\/wp-content\/uploads\/2022\/12\/influence_Verlaeufe_V01_5.png\",\"contentUrl\":\"https:\/\/influence.ch\/wp-content\/uploads\/2022\/12\/influence_Verlaeufe_V01_5.png\",\"width\":2442,\"height\":2169},{\"@type\":\"BreadcrumbList\",\"@id\":\"https:\/\/influence.ch\/fr\/2025\/09\/23\/chatgpt-ou-claude\/#breadcrumb\",\"itemListElement\":[{\"@type\":\"ListItem\",\"position\":1,\"name\":\"Startseite\",\"item\":\"https:\/\/influence.ch\/fr\/influence\/\"},{\"@type\":\"ListItem\",\"position\":2,\"name\":\"Utilisez-vous ChatGPT ou Claude ?\"}]},{\"@type\":\"WebSite\",\"@id\":\"https:\/\/influence.ch\/#website\",\"url\":\"https:\/\/influence.ch\/\",\"name\":\"influence powered by furrerhugi\",\"description\":\"Vorsprung durch Wissen\",\"potentialAction\":[{\"@type\":\"SearchAction\",\"target\":{\"@type\":\"EntryPoint\",\"urlTemplate\":\"https:\/\/influence.ch\/?s={search_term_string}\"},\"query-input\":{\"@type\":\"PropertyValueSpecification\",\"valueRequired\":true,\"valueName\":\"search_term_string\"}}],\"inLanguage\":\"fr-FR\"},{\"@type\":\"Person\",\"@id\":\"https:\/\/influence.ch\/#\/schema\/person\/24fb14ad298051d4a62cc59dc69e3737\",\"name\":\"Pascal Ihle\",\"image\":{\"@type\":\"ImageObject\",\"inLanguage\":\"fr-FR\",\"@id\":\"https:\/\/influence.ch\/#\/schema\/person\/image\/\",\"url\":\"https:\/\/secure.gravatar.com\/avatar\/c2e506e64bfd7fbedf02f0d264dd33f8c1304aafc27743b9c22c0a9145a1136c?s=96&d=mm&r=g\",\"contentUrl\":\"https:\/\/secure.gravatar.com\/avatar\/c2e506e64bfd7fbedf02f0d264dd33f8c1304aafc27743b9c22c0a9145a1136c?s=96&d=mm&r=g\",\"caption\":\"Pascal Ihle\"},\"url\":\"https:\/\/influence.ch\/fr\/author\/pascal-ihle\/\"}]}<\/script>\n<!-- \/ Yoast SEO plugin. -->","yoast_head_json":{"title":"Utilisez-vous ChatGPT ou Claude ? - influence powered by furrerhugi","description":"Voici comment les gens utilisent diff\u00e9remment les deux assistants d'IA","robots":{"index":"index","follow":"follow","max-snippet":"max-snippet:-1","max-image-preview":"max-image-preview:large","max-video-preview":"max-video-preview:-1"},"canonical":"https:\/\/influence.ch\/fr\/2025\/09\/23\/chatgpt-ou-claude\/","og_locale":"fr_FR","og_type":"article","og_title":"Utilisez-vous ChatGPT ou Claude ? - influence powered by furrerhugi","og_description":"Voici comment les gens utilisent diff\u00e9remment les deux assistants d'IA","og_url":"https:\/\/influence.ch\/fr\/2025\/09\/23\/chatgpt-ou-claude\/","og_site_name":"influence powered by furrerhugi","article_published_time":"2025-09-23T11:55:11+00:00","article_modified_time":"2025-09-25T13:37:22+00:00","og_image":[{"url":"https:\/\/influence.ch\/wp-content\/uploads\/2025\/09\/shutterstock_2465377905-1030x686.png","type":"","width":"","height":""}],"author":"Pascal Ihle","twitter_card":"summary_large_image","twitter_description":"Ces neuf \u00e9tapes vous permettront de faire le meilleur choix possible","twitter_image":"https:\/\/influence.ch\/wp-content\/uploads\/2025\/09\/shutterstock_2465377905-1030x686.png","twitter_misc":{"\u00c9crit par":"Pascal Ihle","Dur\u00e9e de lecture estim\u00e9e":"9 minutes"},"schema":{"@context":"https:\/\/schema.org","@graph":[{"@type":"Article","@id":"https:\/\/influence.ch\/fr\/2025\/09\/23\/chatgpt-ou-claude\/#article","isPartOf":{"@id":"https:\/\/influence.ch\/fr\/2025\/09\/23\/chatgpt-ou-claude\/"},"author":{"name":"Pascal Ihle","@id":"https:\/\/influence.ch\/#\/schema\/person\/24fb14ad298051d4a62cc59dc69e3737"},"headline":"Utilisez-vous ChatGPT ou Claude ?","datePublished":"2025-09-23T11:55:11+00:00","dateModified":"2025-09-25T13:37:22+00:00","mainEntityOfPage":{"@id":"https:\/\/influence.ch\/fr\/2025\/09\/23\/chatgpt-ou-claude\/"},"wordCount":2682,"commentCount":0,"image":{"@id":"https:\/\/influence.ch\/fr\/2025\/09\/23\/chatgpt-ou-claude\/#primaryimage"},"thumbnailUrl":"https:\/\/influence.ch\/wp-content\/uploads\/2022\/12\/influence_Verlaeufe_V01_5.png","articleSection":["Soci\u00e9t\u00e9"],"inLanguage":"fr-FR","potentialAction":[{"@type":"CommentAction","name":"Comment","target":["https:\/\/influence.ch\/fr\/2025\/09\/23\/chatgpt-ou-claude\/#respond"]}]},{"@type":"WebPage","@id":"https:\/\/influence.ch\/fr\/2025\/09\/23\/chatgpt-ou-claude\/","url":"https:\/\/influence.ch\/fr\/2025\/09\/23\/chatgpt-ou-claude\/","name":"Utilisez-vous ChatGPT ou Claude ? - influence powered by furrerhugi","isPartOf":{"@id":"https:\/\/influence.ch\/#website"},"primaryImageOfPage":{"@id":"https:\/\/influence.ch\/fr\/2025\/09\/23\/chatgpt-ou-claude\/#primaryimage"},"image":{"@id":"https:\/\/influence.ch\/fr\/2025\/09\/23\/chatgpt-ou-claude\/#primaryimage"},"thumbnailUrl":"https:\/\/influence.ch\/wp-content\/uploads\/2022\/12\/influence_Verlaeufe_V01_5.png","datePublished":"2025-09-23T11:55:11+00:00","dateModified":"2025-09-25T13:37:22+00:00","author":{"@id":"https:\/\/influence.ch\/#\/schema\/person\/24fb14ad298051d4a62cc59dc69e3737"},"description":"Voici comment les gens utilisent diff\u00e9remment les deux assistants d'IA","breadcrumb":{"@id":"https:\/\/influence.ch\/fr\/2025\/09\/23\/chatgpt-ou-claude\/#breadcrumb"},"inLanguage":"fr-FR","potentialAction":[{"@type":"ReadAction","target":["https:\/\/influence.ch\/fr\/2025\/09\/23\/chatgpt-ou-claude\/"]}]},{"@type":"ImageObject","inLanguage":"fr-FR","@id":"https:\/\/influence.ch\/fr\/2025\/09\/23\/chatgpt-ou-claude\/#primaryimage","url":"https:\/\/influence.ch\/wp-content\/uploads\/2022\/12\/influence_Verlaeufe_V01_5.png","contentUrl":"https:\/\/influence.ch\/wp-content\/uploads\/2022\/12\/influence_Verlaeufe_V01_5.png","width":2442,"height":2169},{"@type":"BreadcrumbList","@id":"https:\/\/influence.ch\/fr\/2025\/09\/23\/chatgpt-ou-claude\/#breadcrumb","itemListElement":[{"@type":"ListItem","position":1,"name":"Startseite","item":"https:\/\/influence.ch\/fr\/influence\/"},{"@type":"ListItem","position":2,"name":"Utilisez-vous ChatGPT ou Claude ?"}]},{"@type":"WebSite","@id":"https:\/\/influence.ch\/#website","url":"https:\/\/influence.ch\/","name":"influence powered by furrerhugi","description":"Vorsprung durch Wissen","potentialAction":[{"@type":"SearchAction","target":{"@type":"EntryPoint","urlTemplate":"https:\/\/influence.ch\/?s={search_term_string}"},"query-input":{"@type":"PropertyValueSpecification","valueRequired":true,"valueName":"search_term_string"}}],"inLanguage":"fr-FR"},{"@type":"Person","@id":"https:\/\/influence.ch\/#\/schema\/person\/24fb14ad298051d4a62cc59dc69e3737","name":"Pascal Ihle","image":{"@type":"ImageObject","inLanguage":"fr-FR","@id":"https:\/\/influence.ch\/#\/schema\/person\/image\/","url":"https:\/\/secure.gravatar.com\/avatar\/c2e506e64bfd7fbedf02f0d264dd33f8c1304aafc27743b9c22c0a9145a1136c?s=96&d=mm&r=g","contentUrl":"https:\/\/secure.gravatar.com\/avatar\/c2e506e64bfd7fbedf02f0d264dd33f8c1304aafc27743b9c22c0a9145a1136c?s=96&d=mm&r=g","caption":"Pascal Ihle"},"url":"https:\/\/influence.ch\/fr\/author\/pascal-ihle\/"}]}},"_links":{"self":[{"href":"https:\/\/influence.ch\/fr\/wp-json\/wp\/v2\/posts\/6021","targetHints":{"allow":["GET"]}}],"collection":[{"href":"https:\/\/influence.ch\/fr\/wp-json\/wp\/v2\/posts"}],"about":[{"href":"https:\/\/influence.ch\/fr\/wp-json\/wp\/v2\/types\/post"}],"author":[{"embeddable":true,"href":"https:\/\/influence.ch\/fr\/wp-json\/wp\/v2\/users\/5"}],"replies":[{"embeddable":true,"href":"https:\/\/influence.ch\/fr\/wp-json\/wp\/v2\/comments?post=6021"}],"version-history":[{"count":21,"href":"https:\/\/influence.ch\/fr\/wp-json\/wp\/v2\/posts\/6021\/revisions"}],"predecessor-version":[{"id":6155,"href":"https:\/\/influence.ch\/fr\/wp-json\/wp\/v2\/posts\/6021\/revisions\/6155"}],"wp:featuredmedia":[{"embeddable":true,"href":"https:\/\/influence.ch\/fr\/wp-json\/wp\/v2\/media\/517"}],"wp:attachment":[{"href":"https:\/\/influence.ch\/fr\/wp-json\/wp\/v2\/media?parent=6021"}],"wp:term":[{"taxonomy":"category","embeddable":true,"href":"https:\/\/influence.ch\/fr\/wp-json\/wp\/v2\/categories?post=6021"},{"taxonomy":"post_tag","embeddable":true,"href":"https:\/\/influence.ch\/fr\/wp-json\/wp\/v2\/tags?post=6021"}],"curies":[{"name":"wp","href":"https:\/\/api.w.org\/{rel}","templated":true}]}}