{"id":5807,"date":"2025-08-28T09:22:14","date_gmt":"2025-08-28T07:22:14","guid":{"rendered":"https:\/\/influence.ch\/?p=5807"},"modified":"2025-08-28T15:30:03","modified_gmt":"2025-08-28T13:30:03","slug":"il-ny-a-pas-davenir-sans-vision","status":"publish","type":"post","link":"https:\/\/influence.ch\/fr\/2025\/08\/28\/il-ny-a-pas-davenir-sans-vision\/","title":{"rendered":"Il n&rsquo;y a pas d&rsquo;avenir sans vision"},"content":{"rendered":"\n<style type=\"text\/css\" data-created_by=\"avia_inline_auto\" id=\"style-css-av-37s3-dc5ab0bdae0e6b1e5284627a5833266b\">\n.avia-section.av-37s3-dc5ab0bdae0e6b1e5284627a5833266b{\nmargin-top:20px;\nmargin-bottom:20px;\n}\n<\/style>\n<div id='av_section_1'  class='avia-section av-37s3-dc5ab0bdae0e6b1e5284627a5833266b main_color avia-section-default avia-no-border-styling  avia-builder-el-0  el_before_av_section  avia-builder-el-first  head_komm avia-bg-style-scroll container_wrap fullsize'  ><div class='container av-section-cont-open' ><main  role=\"main\" itemprop=\"mainContentOfPage\"  class='template-page content  av-content-full alpha units'><div class='post-entry post-entry-type-page post-entry-5807'><div class='entry-content-wrapper clearfix'>\n\n<style type=\"text\/css\" data-created_by=\"avia_inline_auto\" id=\"style-css-av-ll3dnv6h-4148c811db292f0b98b5ef1a1b585ab3\">\n#top .hr.hr-invisible.av-ll3dnv6h-4148c811db292f0b98b5ef1a1b585ab3{\nheight:40px;\n}\n<\/style>\n<div  class='hr av-ll3dnv6h-4148c811db292f0b98b5ef1a1b585ab3 hr-invisible  avia-builder-el-1  el_before_av_post_metadata  avia-builder-el-first '><span class='hr-inner '><span class=\"hr-inner-style\"><\/span><\/span><\/div>\n\n<style type=\"text\/css\" data-created_by=\"avia_inline_auto\" id=\"style-css-av-ll2bygrq-a1a13b3da260d9c9d49905a783ae5cc5\">\n#top .av-post-metadata-container.av-ll2bygrq-a1a13b3da260d9c9d49905a783ae5cc5{\ncolor:#ffffff;\nfont-size:22px;\n}\n#top .av-post-metadata-container.av-ll2bygrq-a1a13b3da260d9c9d49905a783ae5cc5 .av-post-metadata-container-inner{\nfont-size:22px;\n}\n<\/style>\n<div  id=\"author\"  class='av-post-metadata-container av-ll2bygrq-a1a13b3da260d9c9d49905a783ae5cc5 av-metadata-container-align-left  avia-builder-el-2  el_after_av_hr  el_before_av_one_full  av-desktop-hide av-medium-hide av-small-hide av-mini-hide av-metadata-container-1'><div class='av-post-metadata-container-inner'><span class=\"av-post-metadata-content av-post-metadata-meta-content\"><span class=\"av-post-metadata-content av-post-metadata-category\"><span class=\"av-post-metadata-category-link\" ><a href=\"https:\/\/influence.ch\/fr\/category\/la-politique-au-cinema\/\" >La politique au cin\u00e9ma<\/a><\/span><\/span><\/span><\/div><\/div>\n<div class='flex_column av-580n-a0c99beb2a1882896586deb18bcf5405 av_one_full  avia-builder-el-3  el_after_av_post_metadata  el_before_av_post_metadata  first flex_column_div '     ><style type=\"text\/css\" data-created_by=\"avia_inline_auto\" id=\"style-css-av-lajol5k3-bcabd5439ce39e62158db334b9b99d68\">\n#top .av_textblock_section.av-lajol5k3-bcabd5439ce39e62158db334b9b99d68 .avia_textblock{\ncolor:#ffffff;\n}\n<\/style>\n<section  class='av_textblock_section av-lajol5k3-bcabd5439ce39e62158db334b9b99d68'  itemscope=\"itemscope\" itemtype=\"https:\/\/schema.org\/BlogPosting\" itemprop=\"blogPost\" ><div class='avia_textblock av_inherit_color'  itemprop=\"text\" ><h1 style=\"text-align: center;\"><\/h1>\n<h1 style=\"text-align: center;\">Il n&rsquo;y a pas d&rsquo;avenir sans vision<\/h1>\n<p style=\"text-align: center;\">La politique au cin\u00e9ma #17 : Quand l\u2019architecture fa\u00e7onne l\u2019utopie &#8211; beaut\u00e9, libert\u00e9 et unit\u00e9 politique dans Megalopolis.<\/p>\n<\/div><\/section><\/div>\n<style type=\"text\/css\" data-created_by=\"avia_inline_auto\" id=\"style-css-av-kqp-d3340c463e9779d9fb5e4297bb48a84f\">\n#top .av-post-metadata-container.av-kqp-d3340c463e9779d9fb5e4297bb48a84f{\ncolor:#ffffff;\n}\n<\/style>\n<div  id=\"author\"  class='av-post-metadata-container av-kqp-d3340c463e9779d9fb5e4297bb48a84f av-metadata-container-align-left  avia-builder-el-5  el_after_av_one_full  el_before_av_hr  av-desktop-hide av-medium-hide av-small-hide av-mini-hide av-metadata-container-2'><div class='av-post-metadata-container-inner'><span class=\"av-post-metadata-content av-post-metadata-meta-content\"><span class=\"av-post-metadata-content av-post-metadata-author\"  itemprop=\"author\" ><span class=\"av-post-metadata-author-link\" ><a href=\"https:\/\/influence.ch\/fr\/author\/meier-halbeis\/\"  rel=\"author\">Thomas Meier &amp; Matthias Halbeis<\/a><\/span><\/span><\/span><\/div><\/div>\n\n<style type=\"text\/css\" data-created_by=\"avia_inline_auto\" id=\"style-css-av-3rkb-5af53ac747b34df56e11174e8e22e573\">\n#top .hr.hr-invisible.av-3rkb-5af53ac747b34df56e11174e8e22e573{\nheight:40px;\n}\n<\/style>\n<div  class='hr av-3rkb-5af53ac747b34df56e11174e8e22e573 hr-invisible  avia-builder-el-6  el_after_av_post_metadata  avia-builder-el-last '><span class='hr-inner '><span class=\"hr-inner-style\"><\/span><\/span><\/div>\n<\/div><\/div><\/main><!-- close content main element --><\/div><\/div><div id='av_section_2'  class='avia-section av-4nqx-1f9ea2e9ed6a23cc856f96335c63c817 main_color avia-section-default avia-no-border-styling  avia-builder-el-7  el_after_av_section  el_before_av_section  post-inhalt avia-bg-style-scroll container_wrap fullsize'  ><div class='container av-section-cont-open' ><div class='template-page content  av-content-full alpha units'><div class='post-entry post-entry-type-page post-entry-5807'><div class='entry-content-wrapper clearfix'>\n\n<style type=\"text\/css\" data-created_by=\"avia_inline_auto\" id=\"style-css-av-ll2diep3-4379f21ceadb0c1eabec389020991252\">\n#top .av-post-metadata-container.av-ll2diep3-4379f21ceadb0c1eabec389020991252{\ncolor:#000000;\nfont-size:16px;\n}\n#top .av-post-metadata-container.av-ll2diep3-4379f21ceadb0c1eabec389020991252 .av-post-metadata-container-inner{\nfont-size:16px;\n}\n<\/style>\n<div  id=\"author\"  class='av-post-metadata-container av-ll2diep3-4379f21ceadb0c1eabec389020991252 av-metadata-container-align-left  avia-builder-el-8  el_before_av_hr  avia-builder-el-first  av-metadata-container-3'><div class='av-post-metadata-container-inner'><span class=\"av-post-metadata-content av-post-metadata-meta-content\"><span class=\"av-post-metadata-content av-post-metadata-published\"><span class=\"av-post-metadata-published-date\" >28 ao\u00fbt 2025<\/span><span class=\"av-metadata-after av-metadata-after-published\">|<\/span><\/span><span class=\"av-post-metadata-content av-post-metadata-separator\"><\/span><span class=\"av-post-metadata-content av-post-metadata-author\"  itemprop=\"author\" ><span class=\"av-post-metadata-author-link\" ><a href=\"https:\/\/influence.ch\/fr\/author\/meier-halbeis\/\"  rel=\"author\">Thomas Meier &amp; Matthias Halbeis<\/a><\/span><span class=\"av-metadata-after av-metadata-after-author\">|<\/span><\/span><span class=\"av-post-metadata-content av-post-metadata-separator\"><\/span><span class=\"av-post-metadata-content av-post-metadata-category\"><span class=\"av-post-metadata-category-link\" ><a href=\"https:\/\/influence.ch\/fr\/category\/la-politique-au-cinema\/\" >La politique au cin\u00e9ma<\/a><\/span><\/span><\/span><\/div><\/div>\n\n<style type=\"text\/css\" data-created_by=\"avia_inline_auto\" id=\"style-css-av-ll2cb0de-1618aeaa710f9714e67c07fd3b765e06\">\n#top .hr.hr-invisible.av-ll2cb0de-1618aeaa710f9714e67c07fd3b765e06{\nheight:10px;\n}\n<\/style>\n<div  class='hr av-ll2cb0de-1618aeaa710f9714e67c07fd3b765e06 hr-invisible  avia-builder-el-9  el_after_av_post_metadata  el_before_av_image '><span class='hr-inner '><span class=\"hr-inner-style\"><\/span><\/span><\/div>\n\n<style type=\"text\/css\" data-created_by=\"avia_inline_auto\" id=\"style-css-av-lqf7se0u-14d6684888fa0db73666680df3dfc31f\">\n.avia-image-container.av-lqf7se0u-14d6684888fa0db73666680df3dfc31f img.avia_image{\nbox-shadow:none;\n}\n.avia-image-container.av-lqf7se0u-14d6684888fa0db73666680df3dfc31f .av-image-caption-overlay-center{\ncolor:#ffffff;\n}\n<\/style>\n<div  class='avia-image-container av-lqf7se0u-14d6684888fa0db73666680df3dfc31f av-styling- avia-align-center  avia-builder-el-10  el_after_av_hr  el_before_av_textblock '   itemprop=\"image\" itemscope=\"itemscope\" itemtype=\"https:\/\/schema.org\/ImageObject\" ><div class=\"avia-image-container-inner\"><div class=\"avia-image-overlay-wrap\"><img decoding=\"async\" class='wp-image-5796 avia-img-lazy-loading-not-5796 avia_image ' src=\"https:\/\/influence.ch\/wp-content\/uploads\/2025\/08\/megalopolis_irPOc9.jpg\" alt='' title='megalopolis_irPOc9'  height=\"608\" width=\"1280\"  itemprop=\"thumbnailUrl\" srcset=\"https:\/\/influence.ch\/wp-content\/uploads\/2025\/08\/megalopolis_irPOc9.jpg 1280w, https:\/\/influence.ch\/wp-content\/uploads\/2025\/08\/megalopolis_irPOc9-300x143.jpg 300w, https:\/\/influence.ch\/wp-content\/uploads\/2025\/08\/megalopolis_irPOc9-1030x489.jpg 1030w, https:\/\/influence.ch\/wp-content\/uploads\/2025\/08\/megalopolis_irPOc9-768x365.jpg 768w, https:\/\/influence.ch\/wp-content\/uploads\/2025\/08\/megalopolis_irPOc9-1053x500.jpg 1053w\" sizes=\"(max-width: 1280px) 100vw, 1280px\" \/><\/div><\/div><\/div>\n\n<style type=\"text\/css\" data-created_by=\"avia_inline_auto\" id=\"style-css-av-2q8z-01ad5e0b5f31c74fd38e79a60fc3cd1d\">\n#top .av_textblock_section.av-2q8z-01ad5e0b5f31c74fd38e79a60fc3cd1d .avia_textblock{\nfont-size:22px;\n}\n<\/style>\n<section  class='av_textblock_section av-2q8z-01ad5e0b5f31c74fd38e79a60fc3cd1d'  itemscope=\"itemscope\" itemtype=\"https:\/\/schema.org\/BlogPosting\" itemprop=\"blogPost\" ><div class='avia_textblock'  itemprop=\"text\" ><p style=\"text-align: center;\"><strong>Megalopolis<br \/>\nUSA 2024, de Francis Ford Coppola, avec Adam Driver, Giancarlo Esposito, Nathalie Emmanuel, Aubrey Plaza, Shia LaBeouf, Jon Voight, Laurence Fishburne, Talia Shire et Dustin Hoffman. <\/strong><\/p>\n<p><strong>Spoiler-Alert<\/strong><br \/>\n\u00ab\u00a0Notre r\u00e9publique am\u00e9ricaine n&rsquo;est pas si diff\u00e9rente de la Rome antique. Pouvons-nous pr\u00e9server notre pass\u00e9 et tout son merveilleux h\u00e9ritage ? Ou allons-nous trop devenir des victimes, comme l&rsquo;ancienne Rome, de l&rsquo;insatiable app\u00e9tit de pouvoir de quelques hommes ?\u00a0\u00bb, demande une voix off en guise de pr\u00e9lude, avant que les premi\u00e8res minutes n&rsquo;exposent, par une succession dense de sc\u00e8nes, les combats que vont se livrer pendant deux bonnes heures une s\u00e9rie d&rsquo;hommes aux noms romains.<\/p>\n<p>Cesar Catilina est un architecte visionnaire et pr\u00e9sident de l&rsquo;autorit\u00e9 de design de la ville. Il a remport\u00e9 le prix Nobel pour son nouveau mat\u00e9riau de construction biologique, le m\u00e9galon, et souhaite ainsi concr\u00e9tiser sa vision urbanistique du futur, la \u00ab\u00a0m\u00e9galopole\u00a0\u00bb. Il parcourt la ville dans la Citro\u00ebn du Samoura\u00ef et s&rsquo;int\u00e9resse \u00e9galement aux sciences, \u00e0 la litt\u00e9rature et aux arts. Il est accro \u00e0 l&rsquo;alcool et aux m\u00e9dicaments et se reproche le suicide de sa femme.<\/p>\n<p>Franklyn Cicero est le maire de New Rome. Une vieille inimiti\u00e9 oppose le procureur \u00e0 Catilina. Dans sa pr\u00e9c\u00e9dente fonction, Franklyn avait enqu\u00eat\u00e9 sur lui, le soup\u00e7onnant de meurtre \u00e0 la suite du d\u00e9c\u00e8s de sa femme. Franklyn Cicero est un technicien du pouvoir qui veut assumer ses responsabilit\u00e9s de maire, mais qui se bat avec des moyens extr\u00eamement durs. Il souhaite construire un casino en lieu et place de l&rsquo;utopie de Catilina, afin de fournir \u00e0 la ville les ressources n\u00e9cessaires \u00e0 l&rsquo;accomplissement de ses missions.<\/p>\n<p>Hamilton Crassus III, l&rsquo;homme le plus riche du monde, est l&rsquo;oncle de Catilina. Au cours d&rsquo;une grande f\u00eate au Colis\u00e9e, incluant des courses de chevaux et des combats de lutte, il \u00e9pouse Wow Platinum, une journaliste boursi\u00e8re de quelques d\u00e9cennies sa cadette.<\/p>\n<p>Clodio Pulcher est un autre neveu de Crassus et tente de prendre le contr\u00f4le de sa banque. Dans sa lutte contre son cousin C\u00e9sar, il utilise notamment une fausse vid\u00e9o d&rsquo;un rapport sexuel avec la chaste chanteuse Vesta Sweetwater, qui incite Cic\u00e9ron \u00e0 r\u00e9citer les c\u00e9l\u00e8bres premi\u00e8res lignes du premier discours contre Catilina : \u00ab\u00a0Catilina, how long will you try our patience ?\u00a0\u00bb Plus tard, Pulcher commandite l&rsquo;assassinat de son cousin et se met en sc\u00e8ne comme un homme du peuple. Il organise une r\u00e9volte populiste (\u00ab\u00a0power to the people !\u00a0\u00bb) qui trouve un terrain fertile en raison, entre autres, de la perte de logements existants due aux nouvelles constructions de Megalon.<\/p>\n<p>Un autre personnage central est Julia, la fille de Cic\u00e9ron. Elle se rend d&rsquo;abord pr\u00e8s de C\u00e9sar sur ordre de son p\u00e8re pour lui nuire, mais elle tombe amoureuse de lui et tombe bient\u00f4t enceinte.<\/p>\n<p>Lorsqu&rsquo;un satellite sovi\u00e9tique d\u00e9truit une partie de la Nouvelle Rome, les \u00e9v\u00e9nements s&rsquo;acc\u00e9l\u00e8rent avec en toile de fond le potentiel de reconstruction \u00e0 partir de Megalon. Crassus comprend les intrigues de Pulcher et le renvoie. Cesar convainc les manifestants de sa vision dans un discours enflamm\u00e9. Pulcher est pendu par les pieds par sa propre foule, qui se sent utilis\u00e9e et \u00e0 qui on a menti &#8211; comme un homme politique romain plus r\u00e9cent. Crassus l\u00e8gue sa fortune \u00e0 la r\u00e9alisation de Megalopolis, C\u00e9sar et Julia se marient, l&rsquo;enfant na\u00eet, et Cic\u00e9ron rejoint lui aussi C\u00e9sar et ses visions.<\/p>\n<p><strong>A voir pour<\/strong><br \/>\nLes avis sur \u00ab\u00a0Megalopolis\u00a0\u00bb vont du chef-d&rsquo;\u0153uvre au d\u00e9sastre &#8211; cette \u0153uvre \u00e0 la crois\u00e9e de la science-fiction, du film politique et du film monumental vous laisse \u00e0 la fois fascin\u00e9 et perplexe. Mais quand le r\u00e9alisateur de <em data-start=\"169\" data-end=\"187\">The Conversation<\/em>, <em data-start=\"189\" data-end=\"205\">Apocalypse Now<\/em> et de la trilogie du <em data-start=\"227\" data-end=\"236\">Parrain<\/em> consacre un demi-si\u00e8cle \u00e0 mettre en sc\u00e8ne le triomphe du visionnaire sur le scepticisme, les int\u00e9r\u00eats personnels et la corruption \u2014 allant jusqu\u2019\u00e0 vendre un vignoble pour financer sa vision \u2014 comment est-ce que la r\u00e9daction de furrerhugi pourrait critiquer certains aspects absurdes, incompr\u00e9hensibles et \u00e9puisants de cette \u0153uvre tardive ?<\/p>\n<p>Ou, pour reprendre les termes de la critique de Peter Bradshaw dans le \u00ab\u00a0Guardian\u00a0\u00bb : \u00ab\u00a0A Coppola failure is a whole lot more interesting than the functional successes of lesser directors\u00a0\u00bb.<\/p>\n<p><strong>Strat\u00e9gie gagnante<\/strong><br \/>\nCatalina est convaincu d&rsquo;avoir invent\u00e9 un mat\u00e9riau capable d&rsquo;am\u00e9liorer la destin\u00e9e humaine. Malgr\u00e9 un pass\u00e9 coupable, des probl\u00e8mes de drogue et une opposition agressive, il d\u00e9fend de mani\u00e8re offensive et courageuse son programme de reconstruction partielle de New Rome \u00e0 partir de ce mat\u00e9riau. Lorsqu&rsquo;une m\u00e9t\u00e9orite s&rsquo;abat sur la ville, il profite de l&rsquo;occasion.<\/p>\n<p>Le pouvoir de la vision a dans ce cas une forte dimension esth\u00e9tique et promet, outre de meilleures conditions de vie, une beaut\u00e9 pure. En outre, Catilina d\u00e9fend la r\u00e9alisation de visions au niveau m\u00e9ta comme une contribution \u00e0 la lib\u00e9ration des hommes : \u00ab\u00a0When you leap into the unknown, you prove that you are free\u00a0\u00bb, balbutie-t-il, ivre mort.<\/p>\n<p>Avec son mat\u00e9riau de construction et cette superstructure id\u00e9ologique, Catilina s&rsquo;impose face \u00e0 ses adversaires avec leurs int\u00e9r\u00eats personnels, leur tendance \u00e0 la polarisation, leur conservatisme et leur focalisation sur les perspectives \u00e0 court terme (\u00ab\u00a0don&rsquo;t let the now destroy the forever\u00a0\u00bb) et attire \u00e9galement l&rsquo;homme politique Cic\u00e9ron et le financier Crassus dans son sillage.<\/p>\n<p><strong>Strat\u00e9gie infructueuse<\/strong><br \/>\nCic\u00e9ron mise sur le r\u00e9alisme \u00e0 court terme plut\u00f4t que sur des promesses nuageuses (\u00ab\u00a0People don&rsquo;t need dreams. They need teachers, sanitation, jobs\u00a0\u00bb et \u00ab\u00a0utopias turn into dystopias\u00a0\u00bb). Ni sa tentative de financer les t\u00e2ches de l&rsquo;Etat par le biais d&rsquo;une promotion \u00e9conomique pragmatique avec un casino, ni la r\u00e9volte populiste de Pulcher ne peuvent cependant emp\u00eacher Catilina de gagner l&rsquo;approbation de la population et finalement aussi d&rsquo;anciens adversaires pour la r\u00e9alisation de la ville de ses r\u00eaves.<\/p>\n<p><strong>Comment la politique est-elle repr\u00e9sent\u00e9e ?<\/strong><br \/>\nCoppola a articul\u00e9 pour la premi\u00e8re fois au milieu des ann\u00e9es 70 l&rsquo;id\u00e9e d&rsquo;\u00e9tablir des parall\u00e8les entre les \u00c9tats-Unis ou un New York futuriste d&rsquo;une part et la conspiration catilinaire de 63 av. J.-C. et la chute ult\u00e9rieure de la R\u00e9publique romaine d&rsquo;autre part. Ce faisant, son utilisation du mat\u00e9riau renverse l&rsquo;histoire : Catilina s&rsquo;impose et son approche r\u00e9volutionnaire de l&rsquo;utilisation d&rsquo;un mat\u00e9riau in\u00e9dit contribue \u00e0 am\u00e9liorer le sort des gens et \u00e0 donner un avenir \u00e0 la Nouvelle Rome &#8211; et non pas la conspiration telle que le Cic\u00e9ron historique la pr\u00e9sente dans ses discours rapport\u00e9s de la Rome antique.<\/p>\n<p>La Nouvelle Rome est domin\u00e9e par des familles patriciennes qui tiennent des discours moralisateurs, mais qui vivent elles-m\u00eames dans l&rsquo;opulence d&rsquo;une mani\u00e8re qui rappelle Fellini. Elles se livrent \u00e0 des querelles et instrumentalisent la population pour servir leurs propres int\u00e9r\u00eats. Ils sont capables de sourire en appuyant sur un bouton et ne reculent parfois devant aucune tromperie.<\/p>\n<p>La politique fonctionne de mani\u00e8re tr\u00e8s m\u00e9diatis\u00e9e : Les unes des journaux (le tablo\u00efd \u00ab\u00a0Mail\u00a0\u00bb et le grand format \u00ab\u00a0Herald\u00a0\u00bb), une \u00e9mission boursi\u00e8re, la t\u00e9l\u00e9vision en direct d&rsquo;un \u00e9chafaudage, le flash du d\u00e9voilement d&rsquo;une statue, une interview dans un journal scolaire et le teaser du talk-show \u00ab\u00a0Crosstalk\u00a0\u00bb ne sont que quelques-uns des formats m\u00e9diatiques que le film utilise comme outils narratifs.<\/p>\n<p>Dans Megalopolis, malgr\u00e9 tout l&rsquo;\u00e9clat imp\u00e9rial, la politique se concentre sur un th\u00e8me central de la politique communale, \u00e0 savoir la question de savoir ce qui doit \u00eatre construit et o\u00f9 &#8211; la derni\u00e8re \u0153uvre de Coppola est peut-\u00eatre une science-fiction monumentale sur les questions de planification urbanistique.<\/p>\n<p><strong>Citation<br \/>\n<\/strong>\u00ab\u00a0Quand est-ce qu&rsquo;un empire meurt ? S&rsquo;effondre-t-il en un instant terrible ? Non. Non, mais il arrive un moment o\u00f9 ses habitants ne croient plus en lui. C&rsquo;est alors qu&rsquo;un empire commence \u00e0 mourir\u00a0\u00bb.<\/p>\n<p><strong>Th\u00e8mes<\/strong><br \/>\nPolitique locale, urbanisme, innovation, vision, protestation, populisme<\/p>\n<p><iframe loading=\"lazy\" title=\"Lecteur vid\u00e9o YouTube\" src=\"https:\/\/www.youtube.com\/embed\/pq6mvHZU0fc?si=VaPhVivkfQ6sPaJR\" width=\"560\" height=\"315\" frameborder=\"0\" allowfullscreen=\"allowfullscreen\"><\/iframe><\/p>\n<\/div><\/section>\n<\/div><\/div><\/div><!-- close content main div --><\/div><\/div>\n<style type=\"text\/css\" data-created_by=\"avia_inline_auto\" id=\"style-css-av-fbiot-f1ec76308f4d06aba266faf19bdf7526\">\n.avia-section.av-fbiot-f1ec76308f4d06aba266faf19bdf7526{\nbackground-color:#ededed;\nbackground-image:unset;\n}\n<\/style>\n<div id='av_section_3'  class='avia-section av-fbiot-f1ec76308f4d06aba266faf19bdf7526 main_color avia-section-default avia-no-border-styling  avia-builder-el-12  el_after_av_section  avia-builder-el-last  post_slider avia-bg-style-scroll container_wrap fullsize'  ><div class='container av-section-cont-open' ><div class='template-page content  av-content-full alpha units'><div class='post-entry post-entry-type-page post-entry-5807'><div class='entry-content-wrapper clearfix'>\n<div  data-slideshow-options=\"{&quot;animation&quot;:&quot;fade&quot;,&quot;autoplay&quot;:false,&quot;loop_autoplay&quot;:&quot;once&quot;,&quot;interval&quot;:&quot;5&quot;,&quot;loop_manual&quot;:&quot;manual-endless&quot;,&quot;autoplay_stopper&quot;:false,&quot;noNavigation&quot;:false,&quot;show_slide_delay&quot;:90}\" class='avia-content-slider avia-content-slider-active avia-content-slider1 avia-content-slider-odd  avia-builder-el-13  avia-builder-el-no-sibling  av-slideshow-ui av-control-default   av-no-slider-navigation av-slideshow-manual av-loop-once av-loop-manual-endless '  itemscope=\"itemscope\" itemtype=\"https:\/\/schema.org\/Blog\" ><div class=\"avia-content-slider-inner\"><div class=\"slide-entry-wrap\"><article class='slide-entry flex_column  post-entry post-entry-5807 slide-entry-overview slide-loop-1 slide-parity-odd  av_one_third first real-thumbnail post-format-standard'  itemscope=\"itemscope\" itemtype=\"https:\/\/schema.org\/BlogPosting\" itemprop=\"blogPost\" ><a href='https:\/\/influence.ch\/fr\/2025\/08\/28\/il-ny-a-pas-davenir-sans-vision\/' data-rel='slide-1' class='slide-image' title='Il n&rsquo;y a pas d&rsquo;avenir sans vision'><img decoding=\"async\" width=\"495\" height=\"400\" src=\"https:\/\/influence.ch\/wp-content\/uploads\/2024\/02\/influence_Verlaeufe_V01_11-495x400.png\" class=\"wp-image-4391 avia-img-lazy-loading-not-4391 attachment-portfolio size-portfolio wp-post-image\" alt=\"\" srcset=\"https:\/\/influence.ch\/wp-content\/uploads\/2024\/02\/influence_Verlaeufe_V01_11-495x400.png 495w, https:\/\/influence.ch\/wp-content\/uploads\/2024\/02\/influence_Verlaeufe_V01_11-845x684.png 845w\" sizes=\"(max-width: 495px) 100vw, 495px\" \/><\/a><div class=\"slide-content\"><header class=\"entry-content-header\"><h3 class='slide-entry-title entry-title '  itemprop=\"headline\" ><a href='https:\/\/influence.ch\/fr\/2025\/08\/28\/il-ny-a-pas-davenir-sans-vision\/' title='Il n&rsquo;y a pas d&rsquo;avenir sans vision'>Il n&rsquo;y a pas d&rsquo;avenir sans vision<\/a><\/h3><span class=\"av-vertical-delimiter\"><\/span><\/header><div class=\"slide-meta\"><time class='slide-meta-time updated'  itemprop=\"datePublished\" datetime=\"2025-08-28T09:22:14+02:00\" >28 ao\u00fbt 2025<\/time><\/div><div class='slide-entry-excerpt entry-content'  itemprop=\"text\" >La politique au cin\u00e9ma #17 : comment un mat\u00e9riau de construction cr\u00e9e le beau, la libert\u00e9 et l'unit\u00e9 politique dans \"Megalopolis  <\/div><\/div><footer class=\"entry-footer\"><\/footer><span class='hidden'>\n\t\t\t\t<span class='av-structured-data'  itemprop=\"image\" itemscope=\"itemscope\" itemtype=\"https:\/\/schema.org\/ImageObject\" >\n\t\t\t\t\t\t<span itemprop='url'>https:\/\/influence.ch\/wp-content\/uploads\/2024\/02\/influence_Verlaeufe_V01_11.png<\/span>\n\t\t\t\t\t\t<span itemprop='height'>2169<\/span>\n\t\t\t\t\t\t<span itemprop='width'>2442<\/span>\n\t\t\t\t<\/span>\n\t\t\t\t<span class='av-structured-data'  itemprop=\"publisher\" itemtype=\"https:\/\/schema.org\/Organization\" itemscope=\"itemscope\" >\n\t\t\t\t\t\t<span itemprop='name'>Thomas Meier &amp; Matthias Halbeis<\/span>\n\t\t\t\t\t\t<span itemprop='logo' itemscope itemtype='https:\/\/schema.org\/ImageObject'>\n\t\t\t\t\t\t\t<span itemprop='url'>https:\/\/influence.ch\/wp-content\/uploads\/2025\/02\/influence_Logo_FR_weiss-1030x277.png<\/span>\n\t\t\t\t\t\t <\/span>\n\t\t\t\t<\/span><span class='av-structured-data'  itemprop=\"author\" itemscope=\"itemscope\" itemtype=\"https:\/\/schema.org\/Person\" ><span itemprop='name'>Thomas Meier &amp; Matthias Halbeis<\/span><\/span><span class='av-structured-data'  itemprop=\"datePublished\" datetime=\"2025-08-28T09:22:14+02:00\" >2025-08-28 09:22:14<\/span><span class='av-structured-data'  itemprop=\"dateModified\" itemtype=\"https:\/\/schema.org\/dateModified\" >2025-08-28 15:30:03<\/span><span class='av-structured-data'  itemprop=\"mainEntityOfPage\" itemtype=\"https:\/\/schema.org\/mainEntityOfPage\" ><span itemprop='name'>Il n&rsquo;y a pas d&rsquo;avenir sans vision<\/span><\/span><\/span><\/article><article class='slide-entry flex_column  post-entry post-entry-7157 slide-entry-overview slide-loop-2 slide-parity-even  av_one_third  real-thumbnail post-format-standard'  itemscope=\"itemscope\" itemtype=\"https:\/\/schema.org\/BlogPosting\" itemprop=\"blogPost\" ><a href='https:\/\/influence.ch\/fr\/2026\/03\/26\/toujours-quelques-pas-davance\/' data-rel='slide-1' class='slide-image' title='Toujours quelques pas d&rsquo;avance'><img decoding=\"async\" width=\"495\" height=\"400\" src=\"https:\/\/influence.ch\/wp-content\/uploads\/2024\/02\/influence_Verlaeufe_V01_11-495x400.png\" class=\"wp-image-4391 avia-img-lazy-loading-not-4391 attachment-portfolio size-portfolio wp-post-image\" alt=\"\" srcset=\"https:\/\/influence.ch\/wp-content\/uploads\/2024\/02\/influence_Verlaeufe_V01_11-495x400.png 495w, https:\/\/influence.ch\/wp-content\/uploads\/2024\/02\/influence_Verlaeufe_V01_11-845x684.png 845w\" sizes=\"(max-width: 495px) 100vw, 495px\" \/><\/a><div class=\"slide-content\"><header class=\"entry-content-header\"><h3 class='slide-entry-title entry-title '  itemprop=\"headline\" ><a href='https:\/\/influence.ch\/fr\/2026\/03\/26\/toujours-quelques-pas-davance\/' title='Toujours quelques pas d&rsquo;avance'>Toujours quelques pas d&rsquo;avance<\/a><\/h3><span class=\"av-vertical-delimiter\"><\/span><\/header><div class=\"slide-meta\"><time class='slide-meta-time updated'  itemprop=\"datePublished\" datetime=\"2026-03-26T14:16:48+01:00\" >26 mars 2026<\/time><\/div><div class='slide-entry-excerpt entry-content'  itemprop=\"text\" >Politique au cin\u00e9ma #24 : comment \"Miss Sloane\" sacrifie tout sur l'autel du lobbying\r\n\r\n <\/div><\/div><footer class=\"entry-footer\"><\/footer><span class='hidden'>\n\t\t\t\t<span class='av-structured-data'  itemprop=\"image\" itemscope=\"itemscope\" itemtype=\"https:\/\/schema.org\/ImageObject\" >\n\t\t\t\t\t\t<span itemprop='url'>https:\/\/influence.ch\/wp-content\/uploads\/2024\/02\/influence_Verlaeufe_V01_11.png<\/span>\n\t\t\t\t\t\t<span itemprop='height'>2169<\/span>\n\t\t\t\t\t\t<span itemprop='width'>2442<\/span>\n\t\t\t\t<\/span>\n\t\t\t\t<span class='av-structured-data'  itemprop=\"publisher\" itemtype=\"https:\/\/schema.org\/Organization\" itemscope=\"itemscope\" >\n\t\t\t\t\t\t<span itemprop='name'>Thomas Meier &amp; Matthias Halbeis<\/span>\n\t\t\t\t\t\t<span itemprop='logo' itemscope itemtype='https:\/\/schema.org\/ImageObject'>\n\t\t\t\t\t\t\t<span itemprop='url'>https:\/\/influence.ch\/wp-content\/uploads\/2025\/02\/influence_Logo_FR_weiss-1030x277.png<\/span>\n\t\t\t\t\t\t <\/span>\n\t\t\t\t<\/span><span class='av-structured-data'  itemprop=\"author\" itemscope=\"itemscope\" itemtype=\"https:\/\/schema.org\/Person\" ><span itemprop='name'>Thomas Meier &amp; Matthias Halbeis<\/span><\/span><span class='av-structured-data'  itemprop=\"datePublished\" datetime=\"2025-08-28T09:22:14+02:00\" >2026-03-26 14:16:48<\/span><span class='av-structured-data'  itemprop=\"dateModified\" itemtype=\"https:\/\/schema.org\/dateModified\" >2026-03-27 13:34:00<\/span><span class='av-structured-data'  itemprop=\"mainEntityOfPage\" itemtype=\"https:\/\/schema.org\/mainEntityOfPage\" ><span itemprop='name'>Toujours quelques pas d&rsquo;avance<\/span><\/span><\/span><\/article><article class='slide-entry flex_column  post-entry post-entry-4390 slide-entry-overview slide-loop-3 slide-parity-odd  av_one_third  real-thumbnail post-format-standard'  itemscope=\"itemscope\" itemtype=\"https:\/\/schema.org\/BlogPosting\" itemprop=\"blogPost\" ><a href='https:\/\/influence.ch\/fr\/2025\/01\/30\/les-grands-dictateurs-ne-sont-pas-si-grands-que-cela\/' data-rel='slide-1' class='slide-image' title='Les grands dictateurs ne sont pas si grands que cela'><img decoding=\"async\" width=\"495\" height=\"400\" src=\"https:\/\/influence.ch\/wp-content\/uploads\/2024\/02\/influence_Verlaeufe_V01_11-495x400.png\" class=\"wp-image-4391 avia-img-lazy-loading-not-4391 attachment-portfolio size-portfolio wp-post-image\" alt=\"\" srcset=\"https:\/\/influence.ch\/wp-content\/uploads\/2024\/02\/influence_Verlaeufe_V01_11-495x400.png 495w, https:\/\/influence.ch\/wp-content\/uploads\/2024\/02\/influence_Verlaeufe_V01_11-845x684.png 845w\" sizes=\"(max-width: 495px) 100vw, 495px\" \/><\/a><div class=\"slide-content\"><header class=\"entry-content-header\"><h3 class='slide-entry-title entry-title '  itemprop=\"headline\" ><a href='https:\/\/influence.ch\/fr\/2025\/01\/30\/les-grands-dictateurs-ne-sont-pas-si-grands-que-cela\/' title='Les grands dictateurs ne sont pas si grands que cela'>Les grands dictateurs ne sont pas si grands que cela<\/a><\/h3><span class=\"av-vertical-delimiter\"><\/span><\/header><div class=\"slide-meta\"><time class='slide-meta-time updated'  itemprop=\"datePublished\" datetime=\"2025-01-30T11:12:51+01:00\" >30 janvier 2025<\/time><\/div><div class='slide-entry-excerpt entry-content'  itemprop=\"text\" >La politique au cin\u00e9ma #11 : comment Chaplin ridiculise les tyrans  <\/div><\/div><footer class=\"entry-footer\"><\/footer><span class='hidden'>\n\t\t\t\t<span class='av-structured-data'  itemprop=\"image\" itemscope=\"itemscope\" itemtype=\"https:\/\/schema.org\/ImageObject\" >\n\t\t\t\t\t\t<span itemprop='url'>https:\/\/influence.ch\/wp-content\/uploads\/2024\/02\/influence_Verlaeufe_V01_11.png<\/span>\n\t\t\t\t\t\t<span itemprop='height'>2169<\/span>\n\t\t\t\t\t\t<span itemprop='width'>2442<\/span>\n\t\t\t\t<\/span>\n\t\t\t\t<span class='av-structured-data'  itemprop=\"publisher\" itemtype=\"https:\/\/schema.org\/Organization\" itemscope=\"itemscope\" >\n\t\t\t\t\t\t<span itemprop='name'>Thomas Meier &amp; Matthias Halbeis<\/span>\n\t\t\t\t\t\t<span itemprop='logo' itemscope itemtype='https:\/\/schema.org\/ImageObject'>\n\t\t\t\t\t\t\t<span itemprop='url'>https:\/\/influence.ch\/wp-content\/uploads\/2025\/02\/influence_Logo_FR_weiss-1030x277.png<\/span>\n\t\t\t\t\t\t <\/span>\n\t\t\t\t<\/span><span class='av-structured-data'  itemprop=\"author\" itemscope=\"itemscope\" itemtype=\"https:\/\/schema.org\/Person\" ><span itemprop='name'>Thomas Meier &amp; Matthias Halbeis<\/span><\/span><span class='av-structured-data'  itemprop=\"datePublished\" datetime=\"2025-08-28T09:22:14+02:00\" >2025-01-30 11:12:51<\/span><span class='av-structured-data'  itemprop=\"dateModified\" itemtype=\"https:\/\/schema.org\/dateModified\" >2025-03-27 17:29:26<\/span><span class='av-structured-data'  itemprop=\"mainEntityOfPage\" itemtype=\"https:\/\/schema.org\/mainEntityOfPage\" ><span itemprop='name'>Les grands dictateurs ne sont pas si grands que cela<\/span><\/span><\/span><\/article><\/div><div class=\"slide-entry-wrap\"><article class='slide-entry flex_column  post-entry post-entry-5463 slide-entry-overview slide-loop-4 slide-parity-odd  av_one_third first real-thumbnail post-format-standard'  itemscope=\"itemscope\" itemtype=\"https:\/\/schema.org\/BlogPosting\" itemprop=\"blogPost\" ><a href='https:\/\/influence.ch\/fr\/2025\/05\/26\/les-idees-sont-a-lepreuve-des-balles\/' data-rel='slide-1' class='slide-image' title='Les id\u00e9es sont \u00e0 l&rsquo;\u00e9preuve des balles'><img decoding=\"async\" width=\"495\" height=\"400\" src=\"https:\/\/influence.ch\/wp-content\/uploads\/2024\/02\/influence_Verlaeufe_V01_11-495x400.png\" class=\"wp-image-4391 avia-img-lazy-loading-not-4391 attachment-portfolio size-portfolio wp-post-image\" alt=\"\" srcset=\"https:\/\/influence.ch\/wp-content\/uploads\/2024\/02\/influence_Verlaeufe_V01_11-495x400.png 495w, https:\/\/influence.ch\/wp-content\/uploads\/2024\/02\/influence_Verlaeufe_V01_11-845x684.png 845w\" sizes=\"(max-width: 495px) 100vw, 495px\" \/><\/a><div class=\"slide-content\"><header class=\"entry-content-header\"><h3 class='slide-entry-title entry-title '  itemprop=\"headline\" ><a href='https:\/\/influence.ch\/fr\/2025\/05\/26\/les-idees-sont-a-lepreuve-des-balles\/' title='Les id\u00e9es sont \u00e0 l&rsquo;\u00e9preuve des balles'>Les id\u00e9es sont \u00e0 l&rsquo;\u00e9preuve des balles<\/a><\/h3><span class=\"av-vertical-delimiter\"><\/span><\/header><div class=\"slide-meta\"><time class='slide-meta-time updated'  itemprop=\"datePublished\" datetime=\"2025-05-26T13:52:19+02:00\" >26 mai 2025<\/time><\/div><div class='slide-entry-excerpt entry-content'  itemprop=\"text\" >Politique au cin\u00e9ma #15 : comment le \u00ab V \u00bb masqu\u00e9 renverse un r\u00e9gime n\u00e9ofasciste avec sa vendetta<\/div><\/div><footer class=\"entry-footer\"><\/footer><span class='hidden'>\n\t\t\t\t<span class='av-structured-data'  itemprop=\"image\" itemscope=\"itemscope\" itemtype=\"https:\/\/schema.org\/ImageObject\" >\n\t\t\t\t\t\t<span itemprop='url'>https:\/\/influence.ch\/wp-content\/uploads\/2024\/02\/influence_Verlaeufe_V01_11.png<\/span>\n\t\t\t\t\t\t<span itemprop='height'>2169<\/span>\n\t\t\t\t\t\t<span itemprop='width'>2442<\/span>\n\t\t\t\t<\/span>\n\t\t\t\t<span class='av-structured-data'  itemprop=\"publisher\" itemtype=\"https:\/\/schema.org\/Organization\" itemscope=\"itemscope\" >\n\t\t\t\t\t\t<span itemprop='name'>Thomas Meier &amp; Matthias Halbeis<\/span>\n\t\t\t\t\t\t<span itemprop='logo' itemscope itemtype='https:\/\/schema.org\/ImageObject'>\n\t\t\t\t\t\t\t<span itemprop='url'>https:\/\/influence.ch\/wp-content\/uploads\/2025\/02\/influence_Logo_FR_weiss-1030x277.png<\/span>\n\t\t\t\t\t\t <\/span>\n\t\t\t\t<\/span><span class='av-structured-data'  itemprop=\"author\" itemscope=\"itemscope\" itemtype=\"https:\/\/schema.org\/Person\" ><span itemprop='name'>Thomas Meier &amp; Matthias Halbeis<\/span><\/span><span class='av-structured-data'  itemprop=\"datePublished\" datetime=\"2025-08-28T09:22:14+02:00\" >2025-05-26 13:52:19<\/span><span class='av-structured-data'  itemprop=\"dateModified\" itemtype=\"https:\/\/schema.org\/dateModified\" >2025-05-28 10:18:38<\/span><span class='av-structured-data'  itemprop=\"mainEntityOfPage\" itemtype=\"https:\/\/schema.org\/mainEntityOfPage\" ><span itemprop='name'>Les id\u00e9es sont \u00e0 l&rsquo;\u00e9preuve des balles<\/span><\/span><\/span><\/article><article class='slide-entry flex_column  post-entry post-entry-6209 slide-entry-overview slide-loop-5 slide-parity-even  av_one_third  real-thumbnail post-format-standard'  itemscope=\"itemscope\" itemtype=\"https:\/\/schema.org\/BlogPosting\" itemprop=\"blogPost\" ><a href='https:\/\/influence.ch\/fr\/2025\/10\/30\/le-cercle-de-vie-lemporte-sur-la-ruse-et-la-planification\/' data-rel='slide-1' class='slide-image' title='Le \u00ab Cercle de vie \u00bb l&#8217;emporte sur la ruse'><img decoding=\"async\" width=\"495\" height=\"400\" src=\"https:\/\/influence.ch\/wp-content\/uploads\/2024\/02\/influence_Verlaeufe_V01_11-495x400.png\" class=\"wp-image-4391 avia-img-lazy-loading-not-4391 attachment-portfolio size-portfolio wp-post-image\" alt=\"\" srcset=\"https:\/\/influence.ch\/wp-content\/uploads\/2024\/02\/influence_Verlaeufe_V01_11-495x400.png 495w, https:\/\/influence.ch\/wp-content\/uploads\/2024\/02\/influence_Verlaeufe_V01_11-845x684.png 845w\" sizes=\"(max-width: 495px) 100vw, 495px\" \/><\/a><div class=\"slide-content\"><header class=\"entry-content-header\"><h3 class='slide-entry-title entry-title '  itemprop=\"headline\" ><a href='https:\/\/influence.ch\/fr\/2025\/10\/30\/le-cercle-de-vie-lemporte-sur-la-ruse-et-la-planification\/' title='Le \u00ab Cercle de vie \u00bb l&#8217;emporte sur la ruse'>Le \u00ab Cercle de vie \u00bb l&#8217;emporte sur la ruse<\/a><\/h3><span class=\"av-vertical-delimiter\"><\/span><\/header><div class=\"slide-meta\"><time class='slide-meta-time updated'  itemprop=\"datePublished\" datetime=\"2025-10-30T10:02:41+01:00\" >30 octobre 2025<\/time><\/div><div class='slide-entry-excerpt entry-content'  itemprop=\"text\" >La politique au cin\u00e9ma #19: Comment une lionne, un babouin, un suricate et un phacoch\u00e8re poussent le \u00ab Roi Lion \u00bb sur le tr\u00f4ne<\/div><\/div><footer class=\"entry-footer\"><\/footer><span class='hidden'>\n\t\t\t\t<span class='av-structured-data'  itemprop=\"image\" itemscope=\"itemscope\" itemtype=\"https:\/\/schema.org\/ImageObject\" >\n\t\t\t\t\t\t<span itemprop='url'>https:\/\/influence.ch\/wp-content\/uploads\/2024\/02\/influence_Verlaeufe_V01_11.png<\/span>\n\t\t\t\t\t\t<span itemprop='height'>2169<\/span>\n\t\t\t\t\t\t<span itemprop='width'>2442<\/span>\n\t\t\t\t<\/span>\n\t\t\t\t<span class='av-structured-data'  itemprop=\"publisher\" itemtype=\"https:\/\/schema.org\/Organization\" itemscope=\"itemscope\" >\n\t\t\t\t\t\t<span itemprop='name'>Thomas Meier &amp; Matthias Halbeis<\/span>\n\t\t\t\t\t\t<span itemprop='logo' itemscope itemtype='https:\/\/schema.org\/ImageObject'>\n\t\t\t\t\t\t\t<span itemprop='url'>https:\/\/influence.ch\/wp-content\/uploads\/2025\/02\/influence_Logo_FR_weiss-1030x277.png<\/span>\n\t\t\t\t\t\t <\/span>\n\t\t\t\t<\/span><span class='av-structured-data'  itemprop=\"author\" itemscope=\"itemscope\" itemtype=\"https:\/\/schema.org\/Person\" ><span itemprop='name'>Thomas Meier &amp; Matthias Halbeis<\/span><\/span><span class='av-structured-data'  itemprop=\"datePublished\" datetime=\"2025-08-28T09:22:14+02:00\" >2025-10-30 10:02:41<\/span><span class='av-structured-data'  itemprop=\"dateModified\" itemtype=\"https:\/\/schema.org\/dateModified\" >2025-10-30 16:45:37<\/span><span class='av-structured-data'  itemprop=\"mainEntityOfPage\" itemtype=\"https:\/\/schema.org\/mainEntityOfPage\" ><span itemprop='name'>Le \u00ab Cercle de vie \u00bb l&#8217;emporte sur la ruse<\/span><\/span><\/span><\/article><article class='slide-entry flex_column  post-entry post-entry-5647 slide-entry-overview slide-loop-6 slide-parity-odd  av_one_third  real-thumbnail post-format-standard'  itemscope=\"itemscope\" itemtype=\"https:\/\/schema.org\/BlogPosting\" itemprop=\"blogPost\" ><a href='https:\/\/influence.ch\/fr\/2025\/06\/26\/au-final-chacun-se-bat-pour-soi\/' data-rel='slide-1' class='slide-image' title='Au final, chacun se bat pour soi'><img decoding=\"async\" width=\"495\" height=\"400\" src=\"https:\/\/influence.ch\/wp-content\/uploads\/2024\/02\/influence_Verlaeufe_V01_11-495x400.png\" class=\"wp-image-4391 avia-img-lazy-loading-not-4391 attachment-portfolio size-portfolio wp-post-image\" alt=\"\" srcset=\"https:\/\/influence.ch\/wp-content\/uploads\/2024\/02\/influence_Verlaeufe_V01_11-495x400.png 495w, https:\/\/influence.ch\/wp-content\/uploads\/2024\/02\/influence_Verlaeufe_V01_11-845x684.png 845w\" sizes=\"(max-width: 495px) 100vw, 495px\" \/><\/a><div class=\"slide-content\"><header class=\"entry-content-header\"><h3 class='slide-entry-title entry-title '  itemprop=\"headline\" ><a href='https:\/\/influence.ch\/fr\/2025\/06\/26\/au-final-chacun-se-bat-pour-soi\/' title='Au final, chacun se bat pour soi'>Au final, chacun se bat pour soi<\/a><\/h3><span class=\"av-vertical-delimiter\"><\/span><\/header><div class=\"slide-meta\"><time class='slide-meta-time updated'  itemprop=\"datePublished\" datetime=\"2025-06-26T08:08:55+02:00\" >26 juin 2025<\/time><\/div><div class='slide-entry-excerpt entry-content'  itemprop=\"text\" >Politique au cin\u00e9ma #16 : Au final, chacun se bat pour soi<\/div><\/div><footer class=\"entry-footer\"><\/footer><span class='hidden'>\n\t\t\t\t<span class='av-structured-data'  itemprop=\"image\" itemscope=\"itemscope\" itemtype=\"https:\/\/schema.org\/ImageObject\" >\n\t\t\t\t\t\t<span itemprop='url'>https:\/\/influence.ch\/wp-content\/uploads\/2024\/02\/influence_Verlaeufe_V01_11.png<\/span>\n\t\t\t\t\t\t<span itemprop='height'>2169<\/span>\n\t\t\t\t\t\t<span itemprop='width'>2442<\/span>\n\t\t\t\t<\/span>\n\t\t\t\t<span class='av-structured-data'  itemprop=\"publisher\" itemtype=\"https:\/\/schema.org\/Organization\" itemscope=\"itemscope\" >\n\t\t\t\t\t\t<span itemprop='name'>Matthias Halbeis &amp; Thomas Meier<\/span>\n\t\t\t\t\t\t<span itemprop='logo' itemscope itemtype='https:\/\/schema.org\/ImageObject'>\n\t\t\t\t\t\t\t<span itemprop='url'>https:\/\/influence.ch\/wp-content\/uploads\/2025\/02\/influence_Logo_FR_weiss-1030x277.png<\/span>\n\t\t\t\t\t\t <\/span>\n\t\t\t\t<\/span><span class='av-structured-data'  itemprop=\"author\" itemscope=\"itemscope\" itemtype=\"https:\/\/schema.org\/Person\" ><span itemprop='name'>Matthias Halbeis &amp; Thomas Meier<\/span><\/span><span class='av-structured-data'  itemprop=\"datePublished\" datetime=\"2025-08-28T09:22:14+02:00\" >2025-06-26 08:08:55<\/span><span class='av-structured-data'  itemprop=\"dateModified\" itemtype=\"https:\/\/schema.org\/dateModified\" >2025-06-26 14:23:30<\/span><span class='av-structured-data'  itemprop=\"mainEntityOfPage\" itemtype=\"https:\/\/schema.org\/mainEntityOfPage\" ><span itemprop='name'>Au final, chacun se bat pour soi<\/span><\/span><\/span><\/article><\/div><div class=\"slide-entry-wrap\"><article class='slide-entry flex_column  post-entry post-entry-5337 slide-entry-overview slide-loop-7 slide-parity-odd  av_one_third first real-thumbnail post-format-standard'  itemscope=\"itemscope\" itemtype=\"https:\/\/schema.org\/BlogPosting\" itemprop=\"blogPost\" ><a href='https:\/\/influence.ch\/fr\/2025\/04\/15\/le-parti-a-toujours-raison\/' data-rel='slide-1' class='slide-image' title='Le parti a toujours raison'><img decoding=\"async\" width=\"495\" height=\"400\" src=\"https:\/\/influence.ch\/wp-content\/uploads\/2024\/02\/influence_Verlaeufe_V01_11-495x400.png\" class=\"wp-image-4391 avia-img-lazy-loading-not-4391 attachment-portfolio size-portfolio wp-post-image\" alt=\"\" srcset=\"https:\/\/influence.ch\/wp-content\/uploads\/2024\/02\/influence_Verlaeufe_V01_11-495x400.png 495w, https:\/\/influence.ch\/wp-content\/uploads\/2024\/02\/influence_Verlaeufe_V01_11-845x684.png 845w\" sizes=\"(max-width: 495px) 100vw, 495px\" \/><\/a><div class=\"slide-content\"><header class=\"entry-content-header\"><h3 class='slide-entry-title entry-title '  itemprop=\"headline\" ><a href='https:\/\/influence.ch\/fr\/2025\/04\/15\/le-parti-a-toujours-raison\/' title='Le parti a toujours raison'>Le parti a toujours raison<\/a><\/h3><span class=\"av-vertical-delimiter\"><\/span><\/header><div class=\"slide-meta\"><time class='slide-meta-time updated'  itemprop=\"datePublished\" datetime=\"2025-04-15T15:15:23+02:00\" >15 avril 2025<\/time><\/div><div class='slide-entry-excerpt entry-content'  itemprop=\"text\" >La politique au cin\u00e9ma #14 : dans \"L'Aveu\", le syst\u00e8me communiste exige une ob\u00e9issance inconditionnelle<\/div><\/div><footer class=\"entry-footer\"><\/footer><span class='hidden'>\n\t\t\t\t<span class='av-structured-data'  itemprop=\"image\" itemscope=\"itemscope\" itemtype=\"https:\/\/schema.org\/ImageObject\" >\n\t\t\t\t\t\t<span itemprop='url'>https:\/\/influence.ch\/wp-content\/uploads\/2024\/02\/influence_Verlaeufe_V01_11.png<\/span>\n\t\t\t\t\t\t<span itemprop='height'>2169<\/span>\n\t\t\t\t\t\t<span itemprop='width'>2442<\/span>\n\t\t\t\t<\/span>\n\t\t\t\t<span class='av-structured-data'  itemprop=\"publisher\" itemtype=\"https:\/\/schema.org\/Organization\" itemscope=\"itemscope\" >\n\t\t\t\t\t\t<span itemprop='name'>Thomas Meier &amp; Matthias Halbeis<\/span>\n\t\t\t\t\t\t<span itemprop='logo' itemscope itemtype='https:\/\/schema.org\/ImageObject'>\n\t\t\t\t\t\t\t<span itemprop='url'>https:\/\/influence.ch\/wp-content\/uploads\/2025\/02\/influence_Logo_FR_weiss-1030x277.png<\/span>\n\t\t\t\t\t\t <\/span>\n\t\t\t\t<\/span><span class='av-structured-data'  itemprop=\"author\" itemscope=\"itemscope\" itemtype=\"https:\/\/schema.org\/Person\" ><span itemprop='name'>Thomas Meier &amp; Matthias Halbeis<\/span><\/span><span class='av-structured-data'  itemprop=\"datePublished\" datetime=\"2025-08-28T09:22:14+02:00\" >2025-04-15 15:15:23<\/span><span class='av-structured-data'  itemprop=\"dateModified\" itemtype=\"https:\/\/schema.org\/dateModified\" >2025-04-28 07:57:23<\/span><span class='av-structured-data'  itemprop=\"mainEntityOfPage\" itemtype=\"https:\/\/schema.org\/mainEntityOfPage\" ><span itemprop='name'>Le parti a toujours raison<\/span><\/span><\/span><\/article><article class='slide-entry flex_column  post-entry post-entry-6418 slide-entry-overview slide-loop-8 slide-parity-even  av_one_third  real-thumbnail post-format-standard'  itemscope=\"itemscope\" itemtype=\"https:\/\/schema.org\/BlogPosting\" itemprop=\"blogPost\" ><a href='https:\/\/influence.ch\/fr\/2025\/11\/27\/le-pouvoir-de-decision-vu-comme-une-contrainte\/' data-rel='slide-1' class='slide-image' title='Le pouvoir de d\u00e9cision vu comme une contrainte'><img decoding=\"async\" width=\"495\" height=\"400\" src=\"https:\/\/influence.ch\/wp-content\/uploads\/2024\/02\/influence_Verlaeufe_V01_11-495x400.png\" class=\"wp-image-4391 avia-img-lazy-loading-not-4391 attachment-portfolio size-portfolio wp-post-image\" alt=\"\" srcset=\"https:\/\/influence.ch\/wp-content\/uploads\/2024\/02\/influence_Verlaeufe_V01_11-495x400.png 495w, https:\/\/influence.ch\/wp-content\/uploads\/2024\/02\/influence_Verlaeufe_V01_11-845x684.png 845w\" sizes=\"(max-width: 495px) 100vw, 495px\" \/><\/a><div class=\"slide-content\"><header class=\"entry-content-header\"><h3 class='slide-entry-title entry-title '  itemprop=\"headline\" ><a href='https:\/\/influence.ch\/fr\/2025\/11\/27\/le-pouvoir-de-decision-vu-comme-une-contrainte\/' title='Le pouvoir de d\u00e9cision vu comme une contrainte'>Le pouvoir de d\u00e9cision vu comme une contrainte<\/a><\/h3><span class=\"av-vertical-delimiter\"><\/span><\/header><div class=\"slide-meta\"><time class='slide-meta-time updated'  itemprop=\"datePublished\" datetime=\"2025-11-27T13:30:15+01:00\" >27 novembre 2025<\/time><\/div><div class='slide-entry-excerpt entry-content'  itemprop=\"text\" >La politique au cin\u00e9ma #20: Comment une attaque nucl\u00e9aire plonge les dirigeants am\u00e9ricains dans l'impuissance<\/div><\/div><footer class=\"entry-footer\"><\/footer><span class='hidden'>\n\t\t\t\t<span class='av-structured-data'  itemprop=\"image\" itemscope=\"itemscope\" itemtype=\"https:\/\/schema.org\/ImageObject\" >\n\t\t\t\t\t\t<span itemprop='url'>https:\/\/influence.ch\/wp-content\/uploads\/2024\/02\/influence_Verlaeufe_V01_11.png<\/span>\n\t\t\t\t\t\t<span itemprop='height'>2169<\/span>\n\t\t\t\t\t\t<span itemprop='width'>2442<\/span>\n\t\t\t\t<\/span>\n\t\t\t\t<span class='av-structured-data'  itemprop=\"publisher\" itemtype=\"https:\/\/schema.org\/Organization\" itemscope=\"itemscope\" >\n\t\t\t\t\t\t<span itemprop='name'>Thomas Meier &amp; Matthias Halbeis<\/span>\n\t\t\t\t\t\t<span itemprop='logo' itemscope itemtype='https:\/\/schema.org\/ImageObject'>\n\t\t\t\t\t\t\t<span itemprop='url'>https:\/\/influence.ch\/wp-content\/uploads\/2025\/02\/influence_Logo_FR_weiss-1030x277.png<\/span>\n\t\t\t\t\t\t <\/span>\n\t\t\t\t<\/span><span class='av-structured-data'  itemprop=\"author\" itemscope=\"itemscope\" itemtype=\"https:\/\/schema.org\/Person\" ><span itemprop='name'>Thomas Meier &amp; Matthias Halbeis<\/span><\/span><span class='av-structured-data'  itemprop=\"datePublished\" datetime=\"2025-08-28T09:22:14+02:00\" >2025-11-27 13:30:15<\/span><span class='av-structured-data'  itemprop=\"dateModified\" itemtype=\"https:\/\/schema.org\/dateModified\" >2025-11-27 15:32:21<\/span><span class='av-structured-data'  itemprop=\"mainEntityOfPage\" itemtype=\"https:\/\/schema.org\/mainEntityOfPage\" ><span itemprop='name'>Le pouvoir de d\u00e9cision vu comme une contrainte<\/span><\/span><\/span><\/article><article class='slide-entry flex_column  post-entry post-entry-6929 slide-entry-overview slide-loop-9 slide-parity-odd  post-entry-last  av_one_third  real-thumbnail post-format-standard'  itemscope=\"itemscope\" itemtype=\"https:\/\/schema.org\/BlogPosting\" itemprop=\"blogPost\" ><a href='https:\/\/influence.ch\/fr\/2026\/02\/26\/la-revolution-ne-mange-pas-tous-ses-enfants\/' data-rel='slide-1' class='slide-image' title='La r\u00e9volution ne mange pas tous ses enfants'><img decoding=\"async\" width=\"495\" height=\"400\" src=\"https:\/\/influence.ch\/wp-content\/uploads\/2024\/02\/influence_Verlaeufe_V01_11-495x400.png\" class=\"wp-image-4391 avia-img-lazy-loading-not-4391 attachment-portfolio size-portfolio wp-post-image\" alt=\"\" srcset=\"https:\/\/influence.ch\/wp-content\/uploads\/2024\/02\/influence_Verlaeufe_V01_11-495x400.png 495w, https:\/\/influence.ch\/wp-content\/uploads\/2024\/02\/influence_Verlaeufe_V01_11-845x684.png 845w\" sizes=\"(max-width: 495px) 100vw, 495px\" \/><\/a><div class=\"slide-content\"><header class=\"entry-content-header\"><h3 class='slide-entry-title entry-title '  itemprop=\"headline\" ><a href='https:\/\/influence.ch\/fr\/2026\/02\/26\/la-revolution-ne-mange-pas-tous-ses-enfants\/' title='La r\u00e9volution ne mange pas tous ses enfants'>La r\u00e9volution ne mange pas tous ses enfants<\/a><\/h3><span class=\"av-vertical-delimiter\"><\/span><\/header><div class=\"slide-meta\"><time class='slide-meta-time updated'  itemprop=\"datePublished\" datetime=\"2026-02-26T11:14:43+01:00\" >26 f\u00e9vrier 2026<\/time><\/div><div class='slide-entry-excerpt entry-content'  itemprop=\"text\" >La politique au cin\u00e9ma #23 : dans One Battle After Another, le lien p\u00e8re-fille au-del\u00e0 de la lutte arm\u00e9e\r\n\r\n <\/div><\/div><footer class=\"entry-footer\"><\/footer><span class='hidden'>\n\t\t\t\t<span class='av-structured-data'  itemprop=\"image\" itemscope=\"itemscope\" itemtype=\"https:\/\/schema.org\/ImageObject\" >\n\t\t\t\t\t\t<span itemprop='url'>https:\/\/influence.ch\/wp-content\/uploads\/2024\/02\/influence_Verlaeufe_V01_11.png<\/span>\n\t\t\t\t\t\t<span itemprop='height'>2169<\/span>\n\t\t\t\t\t\t<span itemprop='width'>2442<\/span>\n\t\t\t\t<\/span>\n\t\t\t\t<span class='av-structured-data'  itemprop=\"publisher\" itemtype=\"https:\/\/schema.org\/Organization\" itemscope=\"itemscope\" >\n\t\t\t\t\t\t<span itemprop='name'>Matthias Halbeis &amp; Thomas Meier<\/span>\n\t\t\t\t\t\t<span itemprop='logo' itemscope itemtype='https:\/\/schema.org\/ImageObject'>\n\t\t\t\t\t\t\t<span itemprop='url'>https:\/\/influence.ch\/wp-content\/uploads\/2025\/02\/influence_Logo_FR_weiss-1030x277.png<\/span>\n\t\t\t\t\t\t <\/span>\n\t\t\t\t<\/span><span class='av-structured-data'  itemprop=\"author\" itemscope=\"itemscope\" itemtype=\"https:\/\/schema.org\/Person\" ><span itemprop='name'>Matthias Halbeis &amp; Thomas Meier<\/span><\/span><span class='av-structured-data'  itemprop=\"datePublished\" datetime=\"2025-08-28T09:22:14+02:00\" >2026-02-26 11:14:43<\/span><span class='av-structured-data'  itemprop=\"dateModified\" itemtype=\"https:\/\/schema.org\/dateModified\" >2026-02-26 14:13:23<\/span><span class='av-structured-data'  itemprop=\"mainEntityOfPage\" itemtype=\"https:\/\/schema.org\/mainEntityOfPage\" ><span itemprop='name'>La r\u00e9volution ne mange pas tous ses enfants<\/span><\/span><\/span><\/article><\/div><\/div><div class='avia-slideshow-arrows avia-slideshow-controls' ><a href='#prev' class='prev-slide ' aria-hidden='true' data-av_icon='\ue87c' data-av_iconfont='entypo-fontello'  tabindex='-1'>Pr\u00e9c\u00e9dent<\/a><a href='#next' class='next-slide ' aria-hidden='true' data-av_icon='\ue87d' data-av_iconfont='entypo-fontello'  tabindex='-1'>Suivant<\/a><\/div><\/div>\n<\/p>\n","protected":false},"excerpt":{"rendered":"<p>La politique au cin\u00e9ma #17 : comment un mat\u00e9riau de construction cr\u00e9e le beau, la libert\u00e9 et l&rsquo;unit\u00e9 politique dans \u00ab\u00a0Megalopolis  <\/p>\n","protected":false},"author":77,"featured_media":4391,"comment_status":"closed","ping_status":"closed","sticky":false,"template":"","format":"standard","meta":{"footnotes":""},"categories":[47],"tags":[],"class_list":["post-5807","post","type-post","status-publish","format-standard","has-post-thumbnail","hentry","category-la-politique-au-cinema"],"yoast_head":"<!-- This site is optimized with the Yoast SEO plugin v27.0 - https:\/\/yoast.com\/product\/yoast-seo-wordpress\/ -->\n<title>Il n&#039;y a pas d&#039;avenir sans vision - influence powered by furrerhugi<\/title>\n<meta name=\"description\" content=\"La politique au cin\u00e9ma #17 : comment un mat\u00e9riau de construction innovant cr\u00e9e la beaut\u00e9, la libert\u00e9 et l&#039;unit\u00e9 politique dans &quot;Megalopolis\" \/>\n<meta name=\"robots\" content=\"index, follow, max-snippet:-1, max-image-preview:large, max-video-preview:-1\" \/>\n<link rel=\"canonical\" href=\"https:\/\/influence.ch\/fr\/2025\/08\/28\/il-ny-a-pas-davenir-sans-vision\/\" \/>\n<meta property=\"og:locale\" content=\"fr_FR\" \/>\n<meta property=\"og:type\" content=\"article\" \/>\n<meta property=\"og:title\" content=\"Il n&#039;y a pas d&#039;avenir sans vision - influence powered by furrerhugi\" \/>\n<meta property=\"og:description\" content=\"La politique au cin\u00e9ma #17 : comment un mat\u00e9riau de construction innovant cr\u00e9e la beaut\u00e9, la libert\u00e9 et l&#039;unit\u00e9 politique dans &quot;Megalopolis\" \/>\n<meta property=\"og:url\" content=\"https:\/\/influence.ch\/fr\/2025\/08\/28\/il-ny-a-pas-davenir-sans-vision\/\" \/>\n<meta property=\"og:site_name\" content=\"influence powered by furrerhugi\" \/>\n<meta property=\"article:published_time\" content=\"2025-08-28T07:22:14+00:00\" \/>\n<meta property=\"article:modified_time\" content=\"2025-08-28T13:30:03+00:00\" \/>\n<meta property=\"og:image\" content=\"https:\/\/influence.ch\/wp-content\/uploads\/2025\/08\/megalopolis_irPOc9.jpg\" \/>\n\t<meta property=\"og:image:width\" content=\"1280\" \/>\n\t<meta property=\"og:image:height\" content=\"608\" \/>\n\t<meta property=\"og:image:type\" content=\"image\/jpeg\" \/>\n<meta name=\"author\" content=\"Thomas Meier &amp; Matthias Halbeis\" \/>\n<meta name=\"twitter:card\" content=\"summary_large_image\" \/>\n<meta name=\"twitter:image\" content=\"https:\/\/influence.ch\/wp-content\/uploads\/2025\/08\/megalopolis_irPOc9.jpg\" \/>\n<meta name=\"twitter:label1\" content=\"\u00c9crit par\" \/>\n\t<meta name=\"twitter:data1\" content=\"Thomas Meier &amp; Matthias Halbeis\" \/>\n\t<meta name=\"twitter:label2\" content=\"Dur\u00e9e de lecture estim\u00e9e\" \/>\n\t<meta name=\"twitter:data2\" content=\"11 minutes\" \/>\n<script type=\"application\/ld+json\" class=\"yoast-schema-graph\">{\"@context\":\"https:\/\/schema.org\",\"@graph\":[{\"@type\":\"Article\",\"@id\":\"https:\/\/influence.ch\/fr\/2025\/08\/28\/il-ny-a-pas-davenir-sans-vision\/#article\",\"isPartOf\":{\"@id\":\"https:\/\/influence.ch\/fr\/2025\/08\/28\/il-ny-a-pas-davenir-sans-vision\/\"},\"author\":{\"name\":\"Thomas Meier &amp; Matthias Halbeis\",\"@id\":\"https:\/\/influence.ch\/#\/schema\/person\/f2f0cbb5a087db62cc4303bc706a4c70\"},\"headline\":\"Il n&rsquo;y a pas d&rsquo;avenir sans vision\",\"datePublished\":\"2025-08-28T07:22:14+00:00\",\"dateModified\":\"2025-08-28T13:30:03+00:00\",\"mainEntityOfPage\":{\"@id\":\"https:\/\/influence.ch\/fr\/2025\/08\/28\/il-ny-a-pas-davenir-sans-vision\/\"},\"wordCount\":3240,\"image\":{\"@id\":\"https:\/\/influence.ch\/fr\/2025\/08\/28\/il-ny-a-pas-davenir-sans-vision\/#primaryimage\"},\"thumbnailUrl\":\"https:\/\/influence.ch\/wp-content\/uploads\/2024\/02\/influence_Verlaeufe_V01_11.png\",\"articleSection\":[\"La politique au cin\u00e9ma\"],\"inLanguage\":\"fr-FR\"},{\"@type\":\"WebPage\",\"@id\":\"https:\/\/influence.ch\/fr\/2025\/08\/28\/il-ny-a-pas-davenir-sans-vision\/\",\"url\":\"https:\/\/influence.ch\/fr\/2025\/08\/28\/il-ny-a-pas-davenir-sans-vision\/\",\"name\":\"Il n'y a pas d'avenir sans vision - influence powered by furrerhugi\",\"isPartOf\":{\"@id\":\"https:\/\/influence.ch\/#website\"},\"primaryImageOfPage\":{\"@id\":\"https:\/\/influence.ch\/fr\/2025\/08\/28\/il-ny-a-pas-davenir-sans-vision\/#primaryimage\"},\"image\":{\"@id\":\"https:\/\/influence.ch\/fr\/2025\/08\/28\/il-ny-a-pas-davenir-sans-vision\/#primaryimage\"},\"thumbnailUrl\":\"https:\/\/influence.ch\/wp-content\/uploads\/2024\/02\/influence_Verlaeufe_V01_11.png\",\"datePublished\":\"2025-08-28T07:22:14+00:00\",\"dateModified\":\"2025-08-28T13:30:03+00:00\",\"author\":{\"@id\":\"https:\/\/influence.ch\/#\/schema\/person\/f2f0cbb5a087db62cc4303bc706a4c70\"},\"description\":\"La politique au cin\u00e9ma #17 : comment un mat\u00e9riau de construction innovant cr\u00e9e la beaut\u00e9, la libert\u00e9 et l'unit\u00e9 politique dans \\\"Megalopolis\",\"breadcrumb\":{\"@id\":\"https:\/\/influence.ch\/fr\/2025\/08\/28\/il-ny-a-pas-davenir-sans-vision\/#breadcrumb\"},\"inLanguage\":\"fr-FR\",\"potentialAction\":[{\"@type\":\"ReadAction\",\"target\":[\"https:\/\/influence.ch\/fr\/2025\/08\/28\/il-ny-a-pas-davenir-sans-vision\/\"]}]},{\"@type\":\"ImageObject\",\"inLanguage\":\"fr-FR\",\"@id\":\"https:\/\/influence.ch\/fr\/2025\/08\/28\/il-ny-a-pas-davenir-sans-vision\/#primaryimage\",\"url\":\"https:\/\/influence.ch\/wp-content\/uploads\/2024\/02\/influence_Verlaeufe_V01_11.png\",\"contentUrl\":\"https:\/\/influence.ch\/wp-content\/uploads\/2024\/02\/influence_Verlaeufe_V01_11.png\",\"width\":2442,\"height\":2169},{\"@type\":\"BreadcrumbList\",\"@id\":\"https:\/\/influence.ch\/fr\/2025\/08\/28\/il-ny-a-pas-davenir-sans-vision\/#breadcrumb\",\"itemListElement\":[{\"@type\":\"ListItem\",\"position\":1,\"name\":\"Startseite\",\"item\":\"https:\/\/influence.ch\/fr\/influence\/\"},{\"@type\":\"ListItem\",\"position\":2,\"name\":\"Il n&#8217;y a pas d&#8217;avenir sans vision\"}]},{\"@type\":\"WebSite\",\"@id\":\"https:\/\/influence.ch\/#website\",\"url\":\"https:\/\/influence.ch\/\",\"name\":\"influence powered by furrerhugi\",\"description\":\"Vorsprung durch Wissen\",\"potentialAction\":[{\"@type\":\"SearchAction\",\"target\":{\"@type\":\"EntryPoint\",\"urlTemplate\":\"https:\/\/influence.ch\/?s={search_term_string}\"},\"query-input\":{\"@type\":\"PropertyValueSpecification\",\"valueRequired\":true,\"valueName\":\"search_term_string\"}}],\"inLanguage\":\"fr-FR\"},{\"@type\":\"Person\",\"@id\":\"https:\/\/influence.ch\/#\/schema\/person\/f2f0cbb5a087db62cc4303bc706a4c70\",\"name\":\"Thomas Meier &amp; Matthias Halbeis\",\"image\":{\"@type\":\"ImageObject\",\"inLanguage\":\"fr-FR\",\"@id\":\"https:\/\/influence.ch\/#\/schema\/person\/image\/\",\"url\":\"https:\/\/secure.gravatar.com\/avatar\/0498aa4543bd05ec4ec13c78338d77b4b3e0f1bf93be6886a1bd4ab48ae35933?s=96&d=mm&r=g\",\"contentUrl\":\"https:\/\/secure.gravatar.com\/avatar\/0498aa4543bd05ec4ec13c78338d77b4b3e0f1bf93be6886a1bd4ab48ae35933?s=96&d=mm&r=g\",\"caption\":\"Thomas Meier &amp; Matthias Halbeis\"},\"url\":\"https:\/\/influence.ch\/fr\/author\/meier-halbeis\/\"}]}<\/script>\n<!-- \/ Yoast SEO plugin. -->","yoast_head_json":{"title":"Il n'y a pas d'avenir sans vision - influence powered by furrerhugi","description":"La politique au cin\u00e9ma #17 : comment un mat\u00e9riau de construction innovant cr\u00e9e la beaut\u00e9, la libert\u00e9 et l'unit\u00e9 politique dans \"Megalopolis","robots":{"index":"index","follow":"follow","max-snippet":"max-snippet:-1","max-image-preview":"max-image-preview:large","max-video-preview":"max-video-preview:-1"},"canonical":"https:\/\/influence.ch\/fr\/2025\/08\/28\/il-ny-a-pas-davenir-sans-vision\/","og_locale":"fr_FR","og_type":"article","og_title":"Il n'y a pas d'avenir sans vision - influence powered by furrerhugi","og_description":"La politique au cin\u00e9ma #17 : comment un mat\u00e9riau de construction innovant cr\u00e9e la beaut\u00e9, la libert\u00e9 et l'unit\u00e9 politique dans \"Megalopolis","og_url":"https:\/\/influence.ch\/fr\/2025\/08\/28\/il-ny-a-pas-davenir-sans-vision\/","og_site_name":"influence powered by furrerhugi","article_published_time":"2025-08-28T07:22:14+00:00","article_modified_time":"2025-08-28T13:30:03+00:00","og_image":[{"width":1280,"height":608,"url":"https:\/\/influence.ch\/wp-content\/uploads\/2025\/08\/megalopolis_irPOc9.jpg","type":"image\/jpeg"}],"author":"Thomas Meier &amp; Matthias Halbeis","twitter_card":"summary_large_image","twitter_image":"https:\/\/influence.ch\/wp-content\/uploads\/2025\/08\/megalopolis_irPOc9.jpg","twitter_misc":{"\u00c9crit par":"Thomas Meier &amp; Matthias Halbeis","Dur\u00e9e de lecture estim\u00e9e":"11 minutes"},"schema":{"@context":"https:\/\/schema.org","@graph":[{"@type":"Article","@id":"https:\/\/influence.ch\/fr\/2025\/08\/28\/il-ny-a-pas-davenir-sans-vision\/#article","isPartOf":{"@id":"https:\/\/influence.ch\/fr\/2025\/08\/28\/il-ny-a-pas-davenir-sans-vision\/"},"author":{"name":"Thomas Meier &amp; Matthias Halbeis","@id":"https:\/\/influence.ch\/#\/schema\/person\/f2f0cbb5a087db62cc4303bc706a4c70"},"headline":"Il n&rsquo;y a pas d&rsquo;avenir sans vision","datePublished":"2025-08-28T07:22:14+00:00","dateModified":"2025-08-28T13:30:03+00:00","mainEntityOfPage":{"@id":"https:\/\/influence.ch\/fr\/2025\/08\/28\/il-ny-a-pas-davenir-sans-vision\/"},"wordCount":3240,"image":{"@id":"https:\/\/influence.ch\/fr\/2025\/08\/28\/il-ny-a-pas-davenir-sans-vision\/#primaryimage"},"thumbnailUrl":"https:\/\/influence.ch\/wp-content\/uploads\/2024\/02\/influence_Verlaeufe_V01_11.png","articleSection":["La politique au cin\u00e9ma"],"inLanguage":"fr-FR"},{"@type":"WebPage","@id":"https:\/\/influence.ch\/fr\/2025\/08\/28\/il-ny-a-pas-davenir-sans-vision\/","url":"https:\/\/influence.ch\/fr\/2025\/08\/28\/il-ny-a-pas-davenir-sans-vision\/","name":"Il n'y a pas d'avenir sans vision - influence powered by furrerhugi","isPartOf":{"@id":"https:\/\/influence.ch\/#website"},"primaryImageOfPage":{"@id":"https:\/\/influence.ch\/fr\/2025\/08\/28\/il-ny-a-pas-davenir-sans-vision\/#primaryimage"},"image":{"@id":"https:\/\/influence.ch\/fr\/2025\/08\/28\/il-ny-a-pas-davenir-sans-vision\/#primaryimage"},"thumbnailUrl":"https:\/\/influence.ch\/wp-content\/uploads\/2024\/02\/influence_Verlaeufe_V01_11.png","datePublished":"2025-08-28T07:22:14+00:00","dateModified":"2025-08-28T13:30:03+00:00","author":{"@id":"https:\/\/influence.ch\/#\/schema\/person\/f2f0cbb5a087db62cc4303bc706a4c70"},"description":"La politique au cin\u00e9ma #17 : comment un mat\u00e9riau de construction innovant cr\u00e9e la beaut\u00e9, la libert\u00e9 et l'unit\u00e9 politique dans \"Megalopolis","breadcrumb":{"@id":"https:\/\/influence.ch\/fr\/2025\/08\/28\/il-ny-a-pas-davenir-sans-vision\/#breadcrumb"},"inLanguage":"fr-FR","potentialAction":[{"@type":"ReadAction","target":["https:\/\/influence.ch\/fr\/2025\/08\/28\/il-ny-a-pas-davenir-sans-vision\/"]}]},{"@type":"ImageObject","inLanguage":"fr-FR","@id":"https:\/\/influence.ch\/fr\/2025\/08\/28\/il-ny-a-pas-davenir-sans-vision\/#primaryimage","url":"https:\/\/influence.ch\/wp-content\/uploads\/2024\/02\/influence_Verlaeufe_V01_11.png","contentUrl":"https:\/\/influence.ch\/wp-content\/uploads\/2024\/02\/influence_Verlaeufe_V01_11.png","width":2442,"height":2169},{"@type":"BreadcrumbList","@id":"https:\/\/influence.ch\/fr\/2025\/08\/28\/il-ny-a-pas-davenir-sans-vision\/#breadcrumb","itemListElement":[{"@type":"ListItem","position":1,"name":"Startseite","item":"https:\/\/influence.ch\/fr\/influence\/"},{"@type":"ListItem","position":2,"name":"Il n&#8217;y a pas d&#8217;avenir sans vision"}]},{"@type":"WebSite","@id":"https:\/\/influence.ch\/#website","url":"https:\/\/influence.ch\/","name":"influence powered by furrerhugi","description":"Vorsprung durch Wissen","potentialAction":[{"@type":"SearchAction","target":{"@type":"EntryPoint","urlTemplate":"https:\/\/influence.ch\/?s={search_term_string}"},"query-input":{"@type":"PropertyValueSpecification","valueRequired":true,"valueName":"search_term_string"}}],"inLanguage":"fr-FR"},{"@type":"Person","@id":"https:\/\/influence.ch\/#\/schema\/person\/f2f0cbb5a087db62cc4303bc706a4c70","name":"Thomas Meier &amp; Matthias Halbeis","image":{"@type":"ImageObject","inLanguage":"fr-FR","@id":"https:\/\/influence.ch\/#\/schema\/person\/image\/","url":"https:\/\/secure.gravatar.com\/avatar\/0498aa4543bd05ec4ec13c78338d77b4b3e0f1bf93be6886a1bd4ab48ae35933?s=96&d=mm&r=g","contentUrl":"https:\/\/secure.gravatar.com\/avatar\/0498aa4543bd05ec4ec13c78338d77b4b3e0f1bf93be6886a1bd4ab48ae35933?s=96&d=mm&r=g","caption":"Thomas Meier &amp; Matthias Halbeis"},"url":"https:\/\/influence.ch\/fr\/author\/meier-halbeis\/"}]}},"_links":{"self":[{"href":"https:\/\/influence.ch\/fr\/wp-json\/wp\/v2\/posts\/5807","targetHints":{"allow":["GET"]}}],"collection":[{"href":"https:\/\/influence.ch\/fr\/wp-json\/wp\/v2\/posts"}],"about":[{"href":"https:\/\/influence.ch\/fr\/wp-json\/wp\/v2\/types\/post"}],"author":[{"embeddable":true,"href":"https:\/\/influence.ch\/fr\/wp-json\/wp\/v2\/users\/77"}],"replies":[{"embeddable":true,"href":"https:\/\/influence.ch\/fr\/wp-json\/wp\/v2\/comments?post=5807"}],"version-history":[{"count":18,"href":"https:\/\/influence.ch\/fr\/wp-json\/wp\/v2\/posts\/5807\/revisions"}],"predecessor-version":[{"id":5975,"href":"https:\/\/influence.ch\/fr\/wp-json\/wp\/v2\/posts\/5807\/revisions\/5975"}],"wp:featuredmedia":[{"embeddable":true,"href":"https:\/\/influence.ch\/fr\/wp-json\/wp\/v2\/media\/4391"}],"wp:attachment":[{"href":"https:\/\/influence.ch\/fr\/wp-json\/wp\/v2\/media?parent=5807"}],"wp:term":[{"taxonomy":"category","embeddable":true,"href":"https:\/\/influence.ch\/fr\/wp-json\/wp\/v2\/categories?post=5807"},{"taxonomy":"post_tag","embeddable":true,"href":"https:\/\/influence.ch\/fr\/wp-json\/wp\/v2\/tags?post=5807"}],"curies":[{"name":"wp","href":"https:\/\/api.w.org\/{rel}","templated":true}]}}