{"id":5647,"date":"2025-06-26T08:08:55","date_gmt":"2025-06-26T06:08:55","guid":{"rendered":"https:\/\/influence.ch\/?p=5647"},"modified":"2025-06-26T14:23:30","modified_gmt":"2025-06-26T12:23:30","slug":"au-final-chacun-se-bat-pour-soi","status":"publish","type":"post","link":"https:\/\/influence.ch\/fr\/2025\/06\/26\/au-final-chacun-se-bat-pour-soi\/","title":{"rendered":"Au final, chacun se bat pour soi"},"content":{"rendered":"\n<style type=\"text\/css\" data-created_by=\"avia_inline_auto\" id=\"style-css-av-37s3-dc5ab0bdae0e6b1e5284627a5833266b\">\n.avia-section.av-37s3-dc5ab0bdae0e6b1e5284627a5833266b{\nmargin-top:20px;\nmargin-bottom:20px;\n}\n<\/style>\n<div id='av_section_1'  class='avia-section av-37s3-dc5ab0bdae0e6b1e5284627a5833266b main_color avia-section-default avia-no-border-styling  avia-builder-el-0  el_before_av_section  avia-builder-el-first  head_komm avia-bg-style-scroll container_wrap fullsize'  ><div class='container av-section-cont-open' ><main  role=\"main\" itemprop=\"mainContentOfPage\"  class='template-page content  av-content-full alpha units'><div class='post-entry post-entry-type-page post-entry-5647'><div class='entry-content-wrapper clearfix'>\n\n<style type=\"text\/css\" data-created_by=\"avia_inline_auto\" id=\"style-css-av-ll3dnv6h-4148c811db292f0b98b5ef1a1b585ab3\">\n#top .hr.hr-invisible.av-ll3dnv6h-4148c811db292f0b98b5ef1a1b585ab3{\nheight:40px;\n}\n<\/style>\n<div  class='hr av-ll3dnv6h-4148c811db292f0b98b5ef1a1b585ab3 hr-invisible  avia-builder-el-1  el_before_av_post_metadata  avia-builder-el-first '><span class='hr-inner '><span class=\"hr-inner-style\"><\/span><\/span><\/div>\n\n<style type=\"text\/css\" data-created_by=\"avia_inline_auto\" id=\"style-css-av-ll2bygrq-a1a13b3da260d9c9d49905a783ae5cc5\">\n#top .av-post-metadata-container.av-ll2bygrq-a1a13b3da260d9c9d49905a783ae5cc5{\ncolor:#ffffff;\nfont-size:22px;\n}\n#top .av-post-metadata-container.av-ll2bygrq-a1a13b3da260d9c9d49905a783ae5cc5 .av-post-metadata-container-inner{\nfont-size:22px;\n}\n<\/style>\n<div  id=\"author\"  class='av-post-metadata-container av-ll2bygrq-a1a13b3da260d9c9d49905a783ae5cc5 av-metadata-container-align-left  avia-builder-el-2  el_after_av_hr  el_before_av_one_full  av-desktop-hide av-medium-hide av-small-hide av-mini-hide av-metadata-container-1'><div class='av-post-metadata-container-inner'><span class=\"av-post-metadata-content av-post-metadata-meta-content\"><span class=\"av-post-metadata-content av-post-metadata-category\"><span class=\"av-post-metadata-category-link\" ><a href=\"https:\/\/influence.ch\/fr\/category\/la-politique-au-cinema\/\" >La politique au cin\u00e9ma<\/a><\/span><\/span><\/span><\/div><\/div>\n<div class='flex_column av-580n-a0c99beb2a1882896586deb18bcf5405 av_one_full  avia-builder-el-3  el_after_av_post_metadata  el_before_av_post_metadata  first flex_column_div '     ><style type=\"text\/css\" data-created_by=\"avia_inline_auto\" id=\"style-css-av-lajol5k3-bcabd5439ce39e62158db334b9b99d68\">\n#top .av_textblock_section.av-lajol5k3-bcabd5439ce39e62158db334b9b99d68 .avia_textblock{\ncolor:#ffffff;\n}\n<\/style>\n<section  class='av_textblock_section av-lajol5k3-bcabd5439ce39e62158db334b9b99d68'  itemscope=\"itemscope\" itemtype=\"https:\/\/schema.org\/BlogPosting\" itemprop=\"blogPost\" ><div class='avia_textblock av_inherit_color'  itemprop=\"text\" ><h1 style=\"text-align: center;\"><\/h1>\n<h1 style=\"text-align: center;\">Au final, chacun se bat pour soi<\/h1>\n<p style=\"text-align: center;\">Politique au cin\u00e9ma #16 : la mort de tous les id\u00e9aux dans \u00ab\u00a0Ides of March\u00a0\u00bb<\/p>\n<\/div><\/section><\/div>\n<style type=\"text\/css\" data-created_by=\"avia_inline_auto\" id=\"style-css-av-kqp-d3340c463e9779d9fb5e4297bb48a84f\">\n#top .av-post-metadata-container.av-kqp-d3340c463e9779d9fb5e4297bb48a84f{\ncolor:#ffffff;\n}\n<\/style>\n<div  id=\"author\"  class='av-post-metadata-container av-kqp-d3340c463e9779d9fb5e4297bb48a84f av-metadata-container-align-left  avia-builder-el-5  el_after_av_one_full  el_before_av_hr  av-desktop-hide av-medium-hide av-small-hide av-mini-hide av-metadata-container-2'><div class='av-post-metadata-container-inner'><span class=\"av-post-metadata-content av-post-metadata-meta-content\"><span class=\"av-post-metadata-content av-post-metadata-author\"  itemprop=\"author\" ><span class=\"av-post-metadata-author-link\" ><a href=\"https:\/\/influence.ch\/fr\/author\/halbeis-meier\/\"  rel=\"author\">Matthias Halbeis &amp; Thomas Meier<\/a><\/span><\/span><\/span><\/div><\/div>\n\n<style type=\"text\/css\" data-created_by=\"avia_inline_auto\" id=\"style-css-av-3rkb-5af53ac747b34df56e11174e8e22e573\">\n#top .hr.hr-invisible.av-3rkb-5af53ac747b34df56e11174e8e22e573{\nheight:40px;\n}\n<\/style>\n<div  class='hr av-3rkb-5af53ac747b34df56e11174e8e22e573 hr-invisible  avia-builder-el-6  el_after_av_post_metadata  avia-builder-el-last '><span class='hr-inner '><span class=\"hr-inner-style\"><\/span><\/span><\/div>\n<\/div><\/div><\/main><!-- close content main element --><\/div><\/div><div id='av_section_2'  class='avia-section av-4nqx-1f9ea2e9ed6a23cc856f96335c63c817 main_color avia-section-default avia-no-border-styling  avia-builder-el-7  el_after_av_section  el_before_av_section  post-inhalt avia-bg-style-scroll container_wrap fullsize'  ><div class='container av-section-cont-open' ><div class='template-page content  av-content-full alpha units'><div class='post-entry post-entry-type-page post-entry-5647'><div class='entry-content-wrapper clearfix'>\n\n<style type=\"text\/css\" data-created_by=\"avia_inline_auto\" id=\"style-css-av-ll2diep3-4379f21ceadb0c1eabec389020991252\">\n#top .av-post-metadata-container.av-ll2diep3-4379f21ceadb0c1eabec389020991252{\ncolor:#000000;\nfont-size:16px;\n}\n#top .av-post-metadata-container.av-ll2diep3-4379f21ceadb0c1eabec389020991252 .av-post-metadata-container-inner{\nfont-size:16px;\n}\n<\/style>\n<div  id=\"author\"  class='av-post-metadata-container av-ll2diep3-4379f21ceadb0c1eabec389020991252 av-metadata-container-align-left  avia-builder-el-8  el_before_av_hr  avia-builder-el-first  av-metadata-container-3'><div class='av-post-metadata-container-inner'><span class=\"av-post-metadata-content av-post-metadata-meta-content\"><span class=\"av-post-metadata-content av-post-metadata-published\"><span class=\"av-post-metadata-published-date\" >26 juin 2025<\/span><span class=\"av-metadata-after av-metadata-after-published\">|<\/span><\/span><span class=\"av-post-metadata-content av-post-metadata-separator\"><\/span><span class=\"av-post-metadata-content av-post-metadata-author\"  itemprop=\"author\" ><span class=\"av-post-metadata-author-link\" ><a href=\"https:\/\/influence.ch\/fr\/author\/halbeis-meier\/\"  rel=\"author\">Matthias Halbeis &amp; Thomas Meier<\/a><\/span><span class=\"av-metadata-after av-metadata-after-author\">|<\/span><\/span><span class=\"av-post-metadata-content av-post-metadata-separator\"><\/span><span class=\"av-post-metadata-content av-post-metadata-category\"><span class=\"av-post-metadata-category-link\" ><a href=\"https:\/\/influence.ch\/fr\/category\/la-politique-au-cinema\/\" >La politique au cin\u00e9ma<\/a><\/span><\/span><\/span><\/div><\/div>\n\n<style type=\"text\/css\" data-created_by=\"avia_inline_auto\" id=\"style-css-av-ll2cb0de-1618aeaa710f9714e67c07fd3b765e06\">\n#top .hr.hr-invisible.av-ll2cb0de-1618aeaa710f9714e67c07fd3b765e06{\nheight:10px;\n}\n<\/style>\n<div  class='hr av-ll2cb0de-1618aeaa710f9714e67c07fd3b765e06 hr-invisible  avia-builder-el-9  el_after_av_post_metadata  el_before_av_image '><span class='hr-inner '><span class=\"hr-inner-style\"><\/span><\/span><\/div>\n\n<style type=\"text\/css\" data-created_by=\"avia_inline_auto\" id=\"style-css-av-lqf7se0u-c5ad7ad22e9e34ac77ae30339a2c096a\">\n.avia-image-container.av-lqf7se0u-c5ad7ad22e9e34ac77ae30339a2c096a img.avia_image{\nbox-shadow:none;\n}\n.avia-image-container.av-lqf7se0u-c5ad7ad22e9e34ac77ae30339a2c096a .av-image-caption-overlay-center{\ncolor:#ffffff;\n}\n<\/style>\n<div  class='avia-image-container av-lqf7se0u-c5ad7ad22e9e34ac77ae30339a2c096a av-styling- avia-align-center  avia-builder-el-10  el_after_av_hr  el_before_av_textblock '   itemprop=\"image\" itemscope=\"itemscope\" itemtype=\"https:\/\/schema.org\/ImageObject\" ><div class=\"avia-image-container-inner\"><div class=\"avia-image-overlay-wrap\"><img decoding=\"async\" class='wp-image-5615 avia-img-lazy-loading-not-5615 avia_image ' src=\"https:\/\/influence.ch\/wp-content\/uploads\/2025\/06\/image.jpg\" alt='' title='image'  height=\"422\" width=\"750\"  itemprop=\"thumbnailUrl\" srcset=\"https:\/\/influence.ch\/wp-content\/uploads\/2025\/06\/image.jpg 750w, https:\/\/influence.ch\/wp-content\/uploads\/2025\/06\/image-300x169.jpg 300w\" sizes=\"(max-width: 750px) 100vw, 750px\" \/><\/div><\/div><\/div>\n\n<style type=\"text\/css\" data-created_by=\"avia_inline_auto\" id=\"style-css-av-2q8z-01ad5e0b5f31c74fd38e79a60fc3cd1d\">\n#top .av_textblock_section.av-2q8z-01ad5e0b5f31c74fd38e79a60fc3cd1d .avia_textblock{\nfont-size:22px;\n}\n<\/style>\n<section  class='av_textblock_section av-2q8z-01ad5e0b5f31c74fd38e79a60fc3cd1d'  itemscope=\"itemscope\" itemtype=\"https:\/\/schema.org\/BlogPosting\" itemprop=\"blogPost\" ><div class='avia_textblock'  itemprop=\"text\" ><p style=\"text-align: center;\"><strong>The Ides of March<br \/>\n\u00c9tats-Unis 2011, de George Clooney, avec Ryan Gosling, George Clooney, Philip Seymour Hoffman et Evan Rachel Wood. <\/strong><\/p>\n<p>Cette histoire fictive se d\u00e9roule dans l&rsquo;Ohio pendant la phase d\u00e9cisive des primaires d\u00e9mocrates pour la pr\u00e9sidence des \u00c9tats-Unis. Le gouverneur et candidat \u00e0 la pr\u00e9sidence Mike Morris se bat pour obtenir le soutien de l&rsquo;influent s\u00e9nateur Franklin Thompson, qui contr\u00f4le 365 d\u00e9l\u00e9gu\u00e9s susceptibles d&rsquo;apporter l&rsquo;investiture \u00e0 Morris. Stephen Meyers, le vice-pr\u00e9sident id\u00e9aliste de la campagne de Morris, est convaincu de son candidat et de ses pr\u00e9tendues valeurs.<\/p>\n<p>Meyers est ensuite invit\u00e9 \u00e0 un entretien confidentiel par le directeur de campagne du rival de Morris au sein du parti et se voit proposer un poste qu&rsquo;il d\u00e9cline. Il apprend \u00e0 cette occasion la strat\u00e9gie du camp adverse, qui consiste \u00e0 offrir \u00e0 Thompson un poste au cabinet en \u00e9change de ses voix, et en informe son chef Paul Zara. Mais Morris ne veut pas faire la m\u00eame offre \u00e0 Thompson, car il ne veut pas \u00ab faire de sales affaires \u00bb.<\/p>\n<p>Meyers a une liaison avec Molly Steams, une jeune employ\u00e9e de la campagne. Il apprend alors par hasard qu&rsquo;elle a eu une relation intime avec Morris et qu&rsquo;elle est enceinte de lui. Meyers lui paie l&rsquo;avortement, mais pr\u00e9voit \u00e9galement de l&rsquo;\u00e9carter du travail de la campagne.<\/p>\n<p>Une journaliste est inform\u00e9e de la rencontre de Meyers avec l&rsquo;autre partie. Zara s&rsquo;identifie comme source. Il d\u00e9clare que la rencontre avec la partie adverse est un abus de confiance et veut ainsi \u00e9vincer Morris de ses fonctions.<\/p>\n<p>Apr\u00e8s avoir avort\u00e9 et obtenu un cong\u00e9, Molly, d\u00e9sesp\u00e9r\u00e9e, se suicide. Maintenant, Meyers contre-attaque : il fait du chantage \u00e0 \u00ab son \u00bb candidat Morris en mena\u00e7ant de divulguer \u00e0 la presse un message d&rsquo;adieu (fictif) de l&#8217;employ\u00e9e &#8211; ce qui co\u00fbterait d\u00e9finitivement \u00e0 Morris sa nomination, et pas seulement \u00e0 cause de l&rsquo;affaire. Et il exige que Morris ne nomme pas seulement Thompson comme running-mate, mais aussi lui Meyers comme directeur de campagne. Morris c\u00e8de et perd ainsi sa cr\u00e9dibilit\u00e9 morale. Il licencie Zara. Finalement, la derni\u00e8re s\u00e9quence montre Meyers, en tant que directeur de campagne, regarder Morris, son candidat \u00e0 la pr\u00e9sidence, prononcer son discours d&rsquo;acceptation. Lorsque Morris souligne l&rsquo;importance de l&rsquo;int\u00e9grit\u00e9 et de la cr\u00e9dibilit\u00e9 en politique, le public comprend que la morale de Meyers s&rsquo;effondre indirectement et qu&rsquo;il passe d&rsquo;id\u00e9aliste \u00e0 carri\u00e9riste.<\/p>\n<p>Le film est sorti en salles fin ao\u00fbt 2011. La m\u00eame ann\u00e9e, Donald Trump avait pour la premi\u00e8re fois envisag\u00e9 de se pr\u00e9senter \u00e0 la pr\u00e9sidence des \u00c9tats-Unis (\u00e9lection en 2012), avant de renoncer en mai. Pour le public de l&rsquo;\u00e9poque, l&rsquo;intrigue constituait un avertissement clair sur la mani\u00e8re dont la morale et l&rsquo;\u00e9thique \u00e9taient brutalis\u00e9es dans la politique am\u00e9ricaine. Aujourd&rsquo;hui, nous regardons cela d&rsquo;un tout autre \u0153il.<\/p>\n<p><strong>\u00c0 voir pour<\/strong><br \/>\nRyan Gosling incarne un responsable de campagne politique id\u00e9aliste qui se laisse na\u00efvement entra\u00eener dans une intrigue. Pouss\u00e9 dans ses retranchements, il contre-attaque implacablement, assure sa survie au sommet, mais se salit aussi les mains. De la sorte, il se conforme \u00e0 son idole.<br \/>\nGeorge Clooney incarne un politicien charismatique qui ne veut pas \u00eatre impliqu\u00e9 dans des affaires \u00e9lectorales sordides &#8211; c&rsquo;est-\u00e0-dire contraires \u00e0 l&rsquo;\u00e9thique. Mais en m\u00eame temps, il est un coureur de jupons bigot aupr\u00e8s des collaboratrices de son \u00e9quipe de campagne. Beaucoup ont vu dans ce personnage une allusion au tr\u00e8s populaire d\u00e9mocrate John Edwards qui, en 2004 et 2008, a beaucoup parl\u00e9 de morale et d&rsquo;\u00e9thique lors de ses candidatures infructueuses \u00e0 l&rsquo;investiture. Puis, en 2010, il a d\u00fb admettre, par bribes, une relation extraconjugale et la paternit\u00e9 qui en r\u00e9sultait.<\/p>\n<p><strong>Strat\u00e9gie gagnante<\/strong><br \/>\nDans les \u00ab Ides of March \u00bb, aucun C\u00e9sar n&rsquo;est assassin\u00e9, mais tous les id\u00e9aux meurent. Dans ce syst\u00e8me, tout est question de survie : les d\u00e9tails sordides sur son candidat peuvent \u00eatre rentabilis\u00e9s, tout comme les silences peuvent \u00eatre transform\u00e9s en promotions. Celui qui est pr\u00eat \u00e0 litt\u00e9ralement tout \u00e9craser sur son passage est celui qui progresse. Dans cette machine politique, on ne peut se permettre aucune forme d&rsquo;id\u00e9alisme. Si vous poss\u00e9dez des connaissances qui pourraient mettre fin aux aspirations de votre patron et que vous r\u00e9ussissez \u00e0 donner l&rsquo;impression que vous \u00eates pr\u00eat \u00e0 les utiliser \u00e0 cette fin, vous pouvez\u00a0ainsi neutraliser toute autre forme de loyaut\u00e9 envers d\u2019autres personnes.<\/p>\n<p><strong>Strat\u00e9gie infructueuse<\/strong><br \/>\nEn tant que directeur de campagne, vous pouvez avoir la meilleure relation de confiance avec le candidat, vous pouvez tout ma\u00eetriser dans l&rsquo;organisation de la campagne et apporter au projet une large exp\u00e9rience. Tout cela est vain si le candidat a une zone d&rsquo;ombre. En 2011, aux Etats-Unis, c&rsquo;\u00e9tait encore un p\u00e9ch\u00e9 mortel pour un homme politique qui revendiquait publiquement la morale, l&rsquo;\u00e9thique, l&rsquo;int\u00e9grit\u00e9 et la cr\u00e9dibilit\u00e9 en politique, de s&rsquo;amuser en dehors de ce qu&rsquo;il pensait \u00eatre un mariage parfait. Ce uniquement gr\u00e2ce \u00e0 cette circonstance et aux connaissances d&rsquo;initi\u00e9 correspondantes que Meyers peut finalement man\u0153uvrer Zara.<\/p>\n<p><strong>Th\u00e8mes<\/strong><br \/>\nCampagne \u00e9lectorale, gestion de campagne, deals<\/p>\n<p><strong>Comment la politique est-elle pr\u00e9sent\u00e9e ?<\/strong><br \/>\nL&rsquo;interaction entre les candidats et leurs directeurs de campagne est similaire \u00e0 celle entre les autocrates et leurs mercenaires. Le syst\u00e8me exige des subordonn\u00e9s une ob\u00e9issance inconditionnelle et une loyaut\u00e9 absolue, au point de se faire renvoyer si n\u00e9cessaire et de d\u00e9fendre publiquement leur d\u00e9part comme s&rsquo;ils l&rsquo;avaient choisi et comme s&rsquo;il \u00e9tait justifi\u00e9. Il est clair que la morale et l&rsquo;\u00e9thique ne sont que des paroles en l&rsquo;air, qui ne sont importantes qu&rsquo;en apparence, pour gagner des points aupr\u00e8s de l&rsquo;\u00e9lectorat. M\u00eame au sein de leur propre organisation, ces exigences ne sont pas respect\u00e9es. Au contraire, on manipule et on complote avec ferveur. Chacun veut faire carri\u00e8re et obtenir plus de pouvoir, m\u00eame au d\u00e9triment des autres. Au milieu de cet entrelacs se trouvent \u00e9galement les m\u00e9dias, qui veulent obtenir des informations encore plus explosives en faisant r\u00e9f\u00e9rence \u00e0 des articles pr\u00e9vus. On se demande ce que cela signifie pour le pays et ses habitants, si c&rsquo;est effectivement une repr\u00e9sentation correcte de la r\u00e9alit\u00e9.<\/p>\n<p>Cependant, le film a beaucoup vieilli. Non pas parce que la le\u00e7on sur le d\u00e9clin de la moralit\u00e9 est insuffisante, mais parce que la r\u00e9alit\u00e9 \u00e0 la Maison Blanche est devenue bien pire et plus \u00e9vidente. Ce n&rsquo;est pas un film sur la politique, c&rsquo;est un film sur les campagnes : toute forme d&rsquo;id\u00e9e qu&rsquo;il puisse s&rsquo;agire de quelque chose de sup\u00e9rieur et qu&rsquo;il faut \u00eatre pr\u00eat \u00e0 se battre pour cela, m\u00eame de mani\u00e8re injuste est ici d\u00e9truite. Il s&rsquo;agit uniquement de survivre et de r\u00e9parer ou de dissimuler les erreurs commises (Molly et Morris ; rencontre avec la concurrence, etc.).<\/p>\n<p><strong>Citation<\/strong><br \/>\n\u00abAs a president, you can cheat, you can lie, you can start a war and you can bankrupt the country. But the only thing you cannot do, is fuck an intern!\u00bb<\/p>\n<p><iframe loading=\"lazy\" title=\"Lecteur vid\u00e9o YouTube\" src=\"https:\/\/www.youtube.com\/embed\/Uha0XfGBdMw?si=bawZRNqqlyfRHV4z\" width=\"560\" height=\"315\" frameborder=\"0\" allowfullscreen=\"allowfullscreen\"><\/iframe><\/p>\n<\/div><\/section>\n<\/div><\/div><\/div><!-- close content main div --><\/div><\/div>\n<style type=\"text\/css\" data-created_by=\"avia_inline_auto\" id=\"style-css-av-fbiot-f1ec76308f4d06aba266faf19bdf7526\">\n.avia-section.av-fbiot-f1ec76308f4d06aba266faf19bdf7526{\nbackground-color:#ededed;\nbackground-image:unset;\n}\n<\/style>\n<div id='av_section_3'  class='avia-section av-fbiot-f1ec76308f4d06aba266faf19bdf7526 main_color avia-section-default avia-no-border-styling  avia-builder-el-12  el_after_av_section  avia-builder-el-last  post_slider avia-bg-style-scroll container_wrap fullsize'  ><div class='container av-section-cont-open' ><div class='template-page content  av-content-full alpha units'><div class='post-entry post-entry-type-page post-entry-5647'><div class='entry-content-wrapper clearfix'>\n<div  data-slideshow-options=\"{&quot;animation&quot;:&quot;fade&quot;,&quot;autoplay&quot;:false,&quot;loop_autoplay&quot;:&quot;once&quot;,&quot;interval&quot;:&quot;5&quot;,&quot;loop_manual&quot;:&quot;manual-endless&quot;,&quot;autoplay_stopper&quot;:false,&quot;noNavigation&quot;:false,&quot;show_slide_delay&quot;:90}\" class='avia-content-slider avia-content-slider-active avia-content-slider1 avia-content-slider-odd  avia-builder-el-13  avia-builder-el-no-sibling  av-slideshow-ui av-control-default   av-no-slider-navigation av-slideshow-manual av-loop-once av-loop-manual-endless '  itemscope=\"itemscope\" itemtype=\"https:\/\/schema.org\/Blog\" ><div class=\"avia-content-slider-inner\"><div class=\"slide-entry-wrap\"><article class='slide-entry flex_column  post-entry post-entry-4945 slide-entry-overview slide-loop-1 slide-parity-odd  av_one_third first real-thumbnail post-format-standard'  itemscope=\"itemscope\" itemtype=\"https:\/\/schema.org\/BlogPosting\" itemprop=\"blogPost\" ><a href='https:\/\/influence.ch\/fr\/2025\/03\/27\/david-prend-le-controle-sur-goliath\/' data-rel='slide-1' class='slide-image' title='Quand le petit David r\u00e9ussit \u00e0 renverser le grand Goliath'><img decoding=\"async\" width=\"495\" height=\"400\" src=\"https:\/\/influence.ch\/wp-content\/uploads\/2024\/02\/influence_Verlaeufe_V01_11-495x400.png\" class=\"wp-image-4391 avia-img-lazy-loading-not-4391 attachment-portfolio size-portfolio wp-post-image\" alt=\"\" srcset=\"https:\/\/influence.ch\/wp-content\/uploads\/2024\/02\/influence_Verlaeufe_V01_11-495x400.png 495w, https:\/\/influence.ch\/wp-content\/uploads\/2024\/02\/influence_Verlaeufe_V01_11-845x684.png 845w\" sizes=\"(max-width: 495px) 100vw, 495px\" \/><\/a><div class=\"slide-content\"><header class=\"entry-content-header\"><h3 class='slide-entry-title entry-title '  itemprop=\"headline\" ><a href='https:\/\/influence.ch\/fr\/2025\/03\/27\/david-prend-le-controle-sur-goliath\/' title='Quand le petit David r\u00e9ussit \u00e0 renverser le grand Goliath'>Quand le petit David r\u00e9ussit \u00e0 renverser le grand Goliath<\/a><\/h3><span class=\"av-vertical-delimiter\"><\/span><\/header><div class=\"slide-meta\"><time class='slide-meta-time updated'  itemprop=\"datePublished\" datetime=\"2025-03-27T15:04:12+01:00\" >27 mars 2025<\/time><\/div><div class='slide-entry-excerpt entry-content'  itemprop=\"text\" >La politique au cin\u00e9ma #13 : comment Gandhi a d\u00e9sesp\u00e9r\u00e9 les colonisateurs de la non-coop\u00e9ration non violente<\/div><\/div><footer class=\"entry-footer\"><\/footer><span class='hidden'>\n\t\t\t\t<span class='av-structured-data'  itemprop=\"image\" itemscope=\"itemscope\" itemtype=\"https:\/\/schema.org\/ImageObject\" >\n\t\t\t\t\t\t<span itemprop='url'>https:\/\/influence.ch\/wp-content\/uploads\/2024\/02\/influence_Verlaeufe_V01_11.png<\/span>\n\t\t\t\t\t\t<span itemprop='height'>2169<\/span>\n\t\t\t\t\t\t<span itemprop='width'>2442<\/span>\n\t\t\t\t<\/span>\n\t\t\t\t<span class='av-structured-data'  itemprop=\"publisher\" itemtype=\"https:\/\/schema.org\/Organization\" itemscope=\"itemscope\" >\n\t\t\t\t\t\t<span itemprop='name'>Thomas Meier &amp; Matthias Halbeis<\/span>\n\t\t\t\t\t\t<span itemprop='logo' itemscope itemtype='https:\/\/schema.org\/ImageObject'>\n\t\t\t\t\t\t\t<span itemprop='url'>https:\/\/influence.ch\/wp-content\/uploads\/2025\/02\/influence_Logo_FR_weiss-1030x277.png<\/span>\n\t\t\t\t\t\t <\/span>\n\t\t\t\t<\/span><span class='av-structured-data'  itemprop=\"author\" itemscope=\"itemscope\" itemtype=\"https:\/\/schema.org\/Person\" ><span itemprop='name'>Thomas Meier &amp; Matthias Halbeis<\/span><\/span><span class='av-structured-data'  itemprop=\"datePublished\" datetime=\"2025-06-26T08:08:55+02:00\" >2025-03-27 15:04:12<\/span><span class='av-structured-data'  itemprop=\"dateModified\" itemtype=\"https:\/\/schema.org\/dateModified\" >2025-03-27 17:22:58<\/span><span class='av-structured-data'  itemprop=\"mainEntityOfPage\" itemtype=\"https:\/\/schema.org\/mainEntityOfPage\" ><span itemprop='name'>Quand le petit David r\u00e9ussit \u00e0 renverser le grand Goliath<\/span><\/span><\/span><\/article><article class='slide-entry flex_column  post-entry post-entry-5807 slide-entry-overview slide-loop-2 slide-parity-even  av_one_third  real-thumbnail post-format-standard'  itemscope=\"itemscope\" itemtype=\"https:\/\/schema.org\/BlogPosting\" itemprop=\"blogPost\" ><a href='https:\/\/influence.ch\/fr\/2025\/08\/28\/il-ny-a-pas-davenir-sans-vision\/' data-rel='slide-1' class='slide-image' title='Il n&rsquo;y a pas d&rsquo;avenir sans vision'><img decoding=\"async\" width=\"495\" height=\"400\" src=\"https:\/\/influence.ch\/wp-content\/uploads\/2024\/02\/influence_Verlaeufe_V01_11-495x400.png\" class=\"wp-image-4391 avia-img-lazy-loading-not-4391 attachment-portfolio size-portfolio wp-post-image\" alt=\"\" srcset=\"https:\/\/influence.ch\/wp-content\/uploads\/2024\/02\/influence_Verlaeufe_V01_11-495x400.png 495w, https:\/\/influence.ch\/wp-content\/uploads\/2024\/02\/influence_Verlaeufe_V01_11-845x684.png 845w\" sizes=\"(max-width: 495px) 100vw, 495px\" \/><\/a><div class=\"slide-content\"><header class=\"entry-content-header\"><h3 class='slide-entry-title entry-title '  itemprop=\"headline\" ><a href='https:\/\/influence.ch\/fr\/2025\/08\/28\/il-ny-a-pas-davenir-sans-vision\/' title='Il n&rsquo;y a pas d&rsquo;avenir sans vision'>Il n&rsquo;y a pas d&rsquo;avenir sans vision<\/a><\/h3><span class=\"av-vertical-delimiter\"><\/span><\/header><div class=\"slide-meta\"><time class='slide-meta-time updated'  itemprop=\"datePublished\" datetime=\"2025-08-28T09:22:14+02:00\" >28 ao\u00fbt 2025<\/time><\/div><div class='slide-entry-excerpt entry-content'  itemprop=\"text\" >La politique au cin\u00e9ma #17 : comment un mat\u00e9riau de construction cr\u00e9e le beau, la libert\u00e9 et l'unit\u00e9 politique dans \"Megalopolis  <\/div><\/div><footer class=\"entry-footer\"><\/footer><span class='hidden'>\n\t\t\t\t<span class='av-structured-data'  itemprop=\"image\" itemscope=\"itemscope\" itemtype=\"https:\/\/schema.org\/ImageObject\" >\n\t\t\t\t\t\t<span itemprop='url'>https:\/\/influence.ch\/wp-content\/uploads\/2024\/02\/influence_Verlaeufe_V01_11.png<\/span>\n\t\t\t\t\t\t<span itemprop='height'>2169<\/span>\n\t\t\t\t\t\t<span itemprop='width'>2442<\/span>\n\t\t\t\t<\/span>\n\t\t\t\t<span class='av-structured-data'  itemprop=\"publisher\" itemtype=\"https:\/\/schema.org\/Organization\" itemscope=\"itemscope\" >\n\t\t\t\t\t\t<span itemprop='name'>Thomas Meier &amp; Matthias Halbeis<\/span>\n\t\t\t\t\t\t<span itemprop='logo' itemscope itemtype='https:\/\/schema.org\/ImageObject'>\n\t\t\t\t\t\t\t<span itemprop='url'>https:\/\/influence.ch\/wp-content\/uploads\/2025\/02\/influence_Logo_FR_weiss-1030x277.png<\/span>\n\t\t\t\t\t\t <\/span>\n\t\t\t\t<\/span><span class='av-structured-data'  itemprop=\"author\" itemscope=\"itemscope\" itemtype=\"https:\/\/schema.org\/Person\" ><span itemprop='name'>Thomas Meier &amp; Matthias Halbeis<\/span><\/span><span class='av-structured-data'  itemprop=\"datePublished\" datetime=\"2025-06-26T08:08:55+02:00\" >2025-08-28 09:22:14<\/span><span class='av-structured-data'  itemprop=\"dateModified\" itemtype=\"https:\/\/schema.org\/dateModified\" >2025-08-28 15:30:03<\/span><span class='av-structured-data'  itemprop=\"mainEntityOfPage\" itemtype=\"https:\/\/schema.org\/mainEntityOfPage\" ><span itemprop='name'>Il n&rsquo;y a pas d&rsquo;avenir sans vision<\/span><\/span><\/span><\/article><article class='slide-entry flex_column  post-entry post-entry-6929 slide-entry-overview slide-loop-3 slide-parity-odd  av_one_third  real-thumbnail post-format-standard'  itemscope=\"itemscope\" itemtype=\"https:\/\/schema.org\/BlogPosting\" itemprop=\"blogPost\" ><a href='https:\/\/influence.ch\/fr\/2026\/02\/26\/la-revolution-ne-mange-pas-tous-ses-enfants\/' data-rel='slide-1' class='slide-image' title='La r\u00e9volution ne mange pas tous ses enfants'><img decoding=\"async\" width=\"495\" height=\"400\" src=\"https:\/\/influence.ch\/wp-content\/uploads\/2024\/02\/influence_Verlaeufe_V01_11-495x400.png\" class=\"wp-image-4391 avia-img-lazy-loading-not-4391 attachment-portfolio size-portfolio wp-post-image\" alt=\"\" srcset=\"https:\/\/influence.ch\/wp-content\/uploads\/2024\/02\/influence_Verlaeufe_V01_11-495x400.png 495w, https:\/\/influence.ch\/wp-content\/uploads\/2024\/02\/influence_Verlaeufe_V01_11-845x684.png 845w\" sizes=\"(max-width: 495px) 100vw, 495px\" \/><\/a><div class=\"slide-content\"><header class=\"entry-content-header\"><h3 class='slide-entry-title entry-title '  itemprop=\"headline\" ><a href='https:\/\/influence.ch\/fr\/2026\/02\/26\/la-revolution-ne-mange-pas-tous-ses-enfants\/' title='La r\u00e9volution ne mange pas tous ses enfants'>La r\u00e9volution ne mange pas tous ses enfants<\/a><\/h3><span class=\"av-vertical-delimiter\"><\/span><\/header><div class=\"slide-meta\"><time class='slide-meta-time updated'  itemprop=\"datePublished\" datetime=\"2026-02-26T11:14:43+01:00\" >26 f\u00e9vrier 2026<\/time><\/div><div class='slide-entry-excerpt entry-content'  itemprop=\"text\" >La politique au cin\u00e9ma #23 : dans One Battle After Another, le lien p\u00e8re-fille au-del\u00e0 de la lutte arm\u00e9e\r\n\r\n <\/div><\/div><footer class=\"entry-footer\"><\/footer><span class='hidden'>\n\t\t\t\t<span class='av-structured-data'  itemprop=\"image\" itemscope=\"itemscope\" itemtype=\"https:\/\/schema.org\/ImageObject\" >\n\t\t\t\t\t\t<span itemprop='url'>https:\/\/influence.ch\/wp-content\/uploads\/2024\/02\/influence_Verlaeufe_V01_11.png<\/span>\n\t\t\t\t\t\t<span itemprop='height'>2169<\/span>\n\t\t\t\t\t\t<span itemprop='width'>2442<\/span>\n\t\t\t\t<\/span>\n\t\t\t\t<span class='av-structured-data'  itemprop=\"publisher\" itemtype=\"https:\/\/schema.org\/Organization\" itemscope=\"itemscope\" >\n\t\t\t\t\t\t<span itemprop='name'>Matthias Halbeis &amp; Thomas Meier<\/span>\n\t\t\t\t\t\t<span itemprop='logo' itemscope itemtype='https:\/\/schema.org\/ImageObject'>\n\t\t\t\t\t\t\t<span itemprop='url'>https:\/\/influence.ch\/wp-content\/uploads\/2025\/02\/influence_Logo_FR_weiss-1030x277.png<\/span>\n\t\t\t\t\t\t <\/span>\n\t\t\t\t<\/span><span class='av-structured-data'  itemprop=\"author\" itemscope=\"itemscope\" itemtype=\"https:\/\/schema.org\/Person\" ><span itemprop='name'>Matthias Halbeis &amp; Thomas Meier<\/span><\/span><span class='av-structured-data'  itemprop=\"datePublished\" datetime=\"2025-06-26T08:08:55+02:00\" >2026-02-26 11:14:43<\/span><span class='av-structured-data'  itemprop=\"dateModified\" itemtype=\"https:\/\/schema.org\/dateModified\" >2026-02-26 14:13:23<\/span><span class='av-structured-data'  itemprop=\"mainEntityOfPage\" itemtype=\"https:\/\/schema.org\/mainEntityOfPage\" ><span itemprop='name'>La r\u00e9volution ne mange pas tous ses enfants<\/span><\/span><\/span><\/article><\/div><div class=\"slide-entry-wrap\"><article class='slide-entry flex_column  post-entry post-entry-4680 slide-entry-overview slide-loop-4 slide-parity-odd  av_one_third first real-thumbnail post-format-standard'  itemscope=\"itemscope\" itemtype=\"https:\/\/schema.org\/BlogPosting\" itemprop=\"blogPost\" ><a href='https:\/\/influence.ch\/fr\/2025\/02\/27\/un-initie-decede-determine-laction\/' data-rel='slide-1' class='slide-image' title='Un initi\u00e9 d\u00e9c\u00e9d\u00e9 d\u00e9termine l&rsquo;action'><img decoding=\"async\" width=\"495\" height=\"400\" src=\"https:\/\/influence.ch\/wp-content\/uploads\/2024\/02\/influence_Verlaeufe_V01_11-495x400.png\" class=\"wp-image-4391 avia-img-lazy-loading-not-4391 attachment-portfolio size-portfolio wp-post-image\" alt=\"\" srcset=\"https:\/\/influence.ch\/wp-content\/uploads\/2024\/02\/influence_Verlaeufe_V01_11-495x400.png 495w, https:\/\/influence.ch\/wp-content\/uploads\/2024\/02\/influence_Verlaeufe_V01_11-845x684.png 845w\" sizes=\"(max-width: 495px) 100vw, 495px\" \/><\/a><div class=\"slide-content\"><header class=\"entry-content-header\"><h3 class='slide-entry-title entry-title '  itemprop=\"headline\" ><a href='https:\/\/influence.ch\/fr\/2025\/02\/27\/un-initie-decede-determine-laction\/' title='Un initi\u00e9 d\u00e9c\u00e9d\u00e9 d\u00e9termine l&rsquo;action'>Un initi\u00e9 d\u00e9c\u00e9d\u00e9 d\u00e9termine l&rsquo;action<\/a><\/h3><span class=\"av-vertical-delimiter\"><\/span><\/header><div class=\"slide-meta\"><time class='slide-meta-time updated'  itemprop=\"datePublished\" datetime=\"2025-02-27T08:31:27+01:00\" >27 f\u00e9vrier 2025<\/time><\/div><div class='slide-entry-excerpt entry-content'  itemprop=\"text\" >La politique au cin\u00e9ma #12 : comment le pape se r\u00e9v\u00e8le \u00eatre un strat\u00e8ge de campagne g\u00e9nial \u00e0 titre posthume dans \"Conclave\".<\/div><\/div><footer class=\"entry-footer\"><\/footer><span class='hidden'>\n\t\t\t\t<span class='av-structured-data'  itemprop=\"image\" itemscope=\"itemscope\" itemtype=\"https:\/\/schema.org\/ImageObject\" >\n\t\t\t\t\t\t<span itemprop='url'>https:\/\/influence.ch\/wp-content\/uploads\/2024\/02\/influence_Verlaeufe_V01_11.png<\/span>\n\t\t\t\t\t\t<span itemprop='height'>2169<\/span>\n\t\t\t\t\t\t<span itemprop='width'>2442<\/span>\n\t\t\t\t<\/span>\n\t\t\t\t<span class='av-structured-data'  itemprop=\"publisher\" itemtype=\"https:\/\/schema.org\/Organization\" itemscope=\"itemscope\" >\n\t\t\t\t\t\t<span itemprop='name'>Thomas Meier &amp; Matthias Halbeis<\/span>\n\t\t\t\t\t\t<span itemprop='logo' itemscope itemtype='https:\/\/schema.org\/ImageObject'>\n\t\t\t\t\t\t\t<span itemprop='url'>https:\/\/influence.ch\/wp-content\/uploads\/2025\/02\/influence_Logo_FR_weiss-1030x277.png<\/span>\n\t\t\t\t\t\t <\/span>\n\t\t\t\t<\/span><span class='av-structured-data'  itemprop=\"author\" itemscope=\"itemscope\" itemtype=\"https:\/\/schema.org\/Person\" ><span itemprop='name'>Thomas Meier &amp; Matthias Halbeis<\/span><\/span><span class='av-structured-data'  itemprop=\"datePublished\" datetime=\"2025-06-26T08:08:55+02:00\" >2025-02-27 08:31:27<\/span><span class='av-structured-data'  itemprop=\"dateModified\" itemtype=\"https:\/\/schema.org\/dateModified\" >2025-02-27 12:58:23<\/span><span class='av-structured-data'  itemprop=\"mainEntityOfPage\" itemtype=\"https:\/\/schema.org\/mainEntityOfPage\" ><span itemprop='name'>Un initi\u00e9 d\u00e9c\u00e9d\u00e9 d\u00e9termine l&rsquo;action<\/span><\/span><\/span><\/article><article class='slide-entry flex_column  post-entry post-entry-5337 slide-entry-overview slide-loop-5 slide-parity-even  av_one_third  real-thumbnail post-format-standard'  itemscope=\"itemscope\" itemtype=\"https:\/\/schema.org\/BlogPosting\" itemprop=\"blogPost\" ><a href='https:\/\/influence.ch\/fr\/2025\/04\/15\/le-parti-a-toujours-raison\/' data-rel='slide-1' class='slide-image' title='Le parti a toujours raison'><img decoding=\"async\" width=\"495\" height=\"400\" src=\"https:\/\/influence.ch\/wp-content\/uploads\/2024\/02\/influence_Verlaeufe_V01_11-495x400.png\" class=\"wp-image-4391 avia-img-lazy-loading-not-4391 attachment-portfolio size-portfolio wp-post-image\" alt=\"\" srcset=\"https:\/\/influence.ch\/wp-content\/uploads\/2024\/02\/influence_Verlaeufe_V01_11-495x400.png 495w, https:\/\/influence.ch\/wp-content\/uploads\/2024\/02\/influence_Verlaeufe_V01_11-845x684.png 845w\" sizes=\"(max-width: 495px) 100vw, 495px\" \/><\/a><div class=\"slide-content\"><header class=\"entry-content-header\"><h3 class='slide-entry-title entry-title '  itemprop=\"headline\" ><a href='https:\/\/influence.ch\/fr\/2025\/04\/15\/le-parti-a-toujours-raison\/' title='Le parti a toujours raison'>Le parti a toujours raison<\/a><\/h3><span class=\"av-vertical-delimiter\"><\/span><\/header><div class=\"slide-meta\"><time class='slide-meta-time updated'  itemprop=\"datePublished\" datetime=\"2025-04-15T15:15:23+02:00\" >15 avril 2025<\/time><\/div><div class='slide-entry-excerpt entry-content'  itemprop=\"text\" >La politique au cin\u00e9ma #14 : dans \"L'Aveu\", le syst\u00e8me communiste exige une ob\u00e9issance inconditionnelle<\/div><\/div><footer class=\"entry-footer\"><\/footer><span class='hidden'>\n\t\t\t\t<span class='av-structured-data'  itemprop=\"image\" itemscope=\"itemscope\" itemtype=\"https:\/\/schema.org\/ImageObject\" >\n\t\t\t\t\t\t<span itemprop='url'>https:\/\/influence.ch\/wp-content\/uploads\/2024\/02\/influence_Verlaeufe_V01_11.png<\/span>\n\t\t\t\t\t\t<span itemprop='height'>2169<\/span>\n\t\t\t\t\t\t<span itemprop='width'>2442<\/span>\n\t\t\t\t<\/span>\n\t\t\t\t<span class='av-structured-data'  itemprop=\"publisher\" itemtype=\"https:\/\/schema.org\/Organization\" itemscope=\"itemscope\" >\n\t\t\t\t\t\t<span itemprop='name'>Thomas Meier &amp; Matthias Halbeis<\/span>\n\t\t\t\t\t\t<span itemprop='logo' itemscope itemtype='https:\/\/schema.org\/ImageObject'>\n\t\t\t\t\t\t\t<span itemprop='url'>https:\/\/influence.ch\/wp-content\/uploads\/2025\/02\/influence_Logo_FR_weiss-1030x277.png<\/span>\n\t\t\t\t\t\t <\/span>\n\t\t\t\t<\/span><span class='av-structured-data'  itemprop=\"author\" itemscope=\"itemscope\" itemtype=\"https:\/\/schema.org\/Person\" ><span itemprop='name'>Thomas Meier &amp; Matthias Halbeis<\/span><\/span><span class='av-structured-data'  itemprop=\"datePublished\" datetime=\"2025-06-26T08:08:55+02:00\" >2025-04-15 15:15:23<\/span><span class='av-structured-data'  itemprop=\"dateModified\" itemtype=\"https:\/\/schema.org\/dateModified\" >2025-04-28 07:57:23<\/span><span class='av-structured-data'  itemprop=\"mainEntityOfPage\" itemtype=\"https:\/\/schema.org\/mainEntityOfPage\" ><span itemprop='name'>Le parti a toujours raison<\/span><\/span><\/span><\/article><article class='slide-entry flex_column  post-entry post-entry-6418 slide-entry-overview slide-loop-6 slide-parity-odd  av_one_third  real-thumbnail post-format-standard'  itemscope=\"itemscope\" itemtype=\"https:\/\/schema.org\/BlogPosting\" itemprop=\"blogPost\" ><a href='https:\/\/influence.ch\/fr\/2025\/11\/27\/le-pouvoir-de-decision-vu-comme-une-contrainte\/' data-rel='slide-1' class='slide-image' title='Le pouvoir de d\u00e9cision vu comme une contrainte'><img decoding=\"async\" width=\"495\" height=\"400\" src=\"https:\/\/influence.ch\/wp-content\/uploads\/2024\/02\/influence_Verlaeufe_V01_11-495x400.png\" class=\"wp-image-4391 avia-img-lazy-loading-not-4391 attachment-portfolio size-portfolio wp-post-image\" alt=\"\" srcset=\"https:\/\/influence.ch\/wp-content\/uploads\/2024\/02\/influence_Verlaeufe_V01_11-495x400.png 495w, https:\/\/influence.ch\/wp-content\/uploads\/2024\/02\/influence_Verlaeufe_V01_11-845x684.png 845w\" sizes=\"(max-width: 495px) 100vw, 495px\" \/><\/a><div class=\"slide-content\"><header class=\"entry-content-header\"><h3 class='slide-entry-title entry-title '  itemprop=\"headline\" ><a href='https:\/\/influence.ch\/fr\/2025\/11\/27\/le-pouvoir-de-decision-vu-comme-une-contrainte\/' title='Le pouvoir de d\u00e9cision vu comme une contrainte'>Le pouvoir de d\u00e9cision vu comme une contrainte<\/a><\/h3><span class=\"av-vertical-delimiter\"><\/span><\/header><div class=\"slide-meta\"><time class='slide-meta-time updated'  itemprop=\"datePublished\" datetime=\"2025-11-27T13:30:15+01:00\" >27 novembre 2025<\/time><\/div><div class='slide-entry-excerpt entry-content'  itemprop=\"text\" >La politique au cin\u00e9ma #20: Comment une attaque nucl\u00e9aire plonge les dirigeants am\u00e9ricains dans l'impuissance<\/div><\/div><footer class=\"entry-footer\"><\/footer><span class='hidden'>\n\t\t\t\t<span class='av-structured-data'  itemprop=\"image\" itemscope=\"itemscope\" itemtype=\"https:\/\/schema.org\/ImageObject\" >\n\t\t\t\t\t\t<span itemprop='url'>https:\/\/influence.ch\/wp-content\/uploads\/2024\/02\/influence_Verlaeufe_V01_11.png<\/span>\n\t\t\t\t\t\t<span itemprop='height'>2169<\/span>\n\t\t\t\t\t\t<span itemprop='width'>2442<\/span>\n\t\t\t\t<\/span>\n\t\t\t\t<span class='av-structured-data'  itemprop=\"publisher\" itemtype=\"https:\/\/schema.org\/Organization\" itemscope=\"itemscope\" >\n\t\t\t\t\t\t<span itemprop='name'>Thomas Meier &amp; Matthias Halbeis<\/span>\n\t\t\t\t\t\t<span itemprop='logo' itemscope itemtype='https:\/\/schema.org\/ImageObject'>\n\t\t\t\t\t\t\t<span itemprop='url'>https:\/\/influence.ch\/wp-content\/uploads\/2025\/02\/influence_Logo_FR_weiss-1030x277.png<\/span>\n\t\t\t\t\t\t <\/span>\n\t\t\t\t<\/span><span class='av-structured-data'  itemprop=\"author\" itemscope=\"itemscope\" itemtype=\"https:\/\/schema.org\/Person\" ><span itemprop='name'>Thomas Meier &amp; Matthias Halbeis<\/span><\/span><span class='av-structured-data'  itemprop=\"datePublished\" datetime=\"2025-06-26T08:08:55+02:00\" >2025-11-27 13:30:15<\/span><span class='av-structured-data'  itemprop=\"dateModified\" itemtype=\"https:\/\/schema.org\/dateModified\" >2025-11-27 15:32:21<\/span><span class='av-structured-data'  itemprop=\"mainEntityOfPage\" itemtype=\"https:\/\/schema.org\/mainEntityOfPage\" ><span itemprop='name'>Le pouvoir de d\u00e9cision vu comme une contrainte<\/span><\/span><\/span><\/article><\/div><div class=\"slide-entry-wrap\"><article class='slide-entry flex_column  post-entry post-entry-5647 slide-entry-overview slide-loop-7 slide-parity-odd  av_one_third first real-thumbnail post-format-standard'  itemscope=\"itemscope\" itemtype=\"https:\/\/schema.org\/BlogPosting\" itemprop=\"blogPost\" ><a href='https:\/\/influence.ch\/fr\/2025\/06\/26\/au-final-chacun-se-bat-pour-soi\/' data-rel='slide-1' class='slide-image' title='Au final, chacun se bat pour soi'><img decoding=\"async\" width=\"495\" height=\"400\" src=\"https:\/\/influence.ch\/wp-content\/uploads\/2024\/02\/influence_Verlaeufe_V01_11-495x400.png\" class=\"wp-image-4391 avia-img-lazy-loading-not-4391 attachment-portfolio size-portfolio wp-post-image\" alt=\"\" srcset=\"https:\/\/influence.ch\/wp-content\/uploads\/2024\/02\/influence_Verlaeufe_V01_11-495x400.png 495w, https:\/\/influence.ch\/wp-content\/uploads\/2024\/02\/influence_Verlaeufe_V01_11-845x684.png 845w\" sizes=\"(max-width: 495px) 100vw, 495px\" \/><\/a><div class=\"slide-content\"><header class=\"entry-content-header\"><h3 class='slide-entry-title entry-title '  itemprop=\"headline\" ><a href='https:\/\/influence.ch\/fr\/2025\/06\/26\/au-final-chacun-se-bat-pour-soi\/' title='Au final, chacun se bat pour soi'>Au final, chacun se bat pour soi<\/a><\/h3><span class=\"av-vertical-delimiter\"><\/span><\/header><div class=\"slide-meta\"><time class='slide-meta-time updated'  itemprop=\"datePublished\" datetime=\"2025-06-26T08:08:55+02:00\" >26 juin 2025<\/time><\/div><div class='slide-entry-excerpt entry-content'  itemprop=\"text\" >Politique au cin\u00e9ma #16 : Au final, chacun se bat pour soi<\/div><\/div><footer class=\"entry-footer\"><\/footer><span class='hidden'>\n\t\t\t\t<span class='av-structured-data'  itemprop=\"image\" itemscope=\"itemscope\" itemtype=\"https:\/\/schema.org\/ImageObject\" >\n\t\t\t\t\t\t<span itemprop='url'>https:\/\/influence.ch\/wp-content\/uploads\/2024\/02\/influence_Verlaeufe_V01_11.png<\/span>\n\t\t\t\t\t\t<span itemprop='height'>2169<\/span>\n\t\t\t\t\t\t<span itemprop='width'>2442<\/span>\n\t\t\t\t<\/span>\n\t\t\t\t<span class='av-structured-data'  itemprop=\"publisher\" itemtype=\"https:\/\/schema.org\/Organization\" itemscope=\"itemscope\" >\n\t\t\t\t\t\t<span itemprop='name'>Matthias Halbeis &amp; Thomas Meier<\/span>\n\t\t\t\t\t\t<span itemprop='logo' itemscope itemtype='https:\/\/schema.org\/ImageObject'>\n\t\t\t\t\t\t\t<span itemprop='url'>https:\/\/influence.ch\/wp-content\/uploads\/2025\/02\/influence_Logo_FR_weiss-1030x277.png<\/span>\n\t\t\t\t\t\t <\/span>\n\t\t\t\t<\/span><span class='av-structured-data'  itemprop=\"author\" itemscope=\"itemscope\" itemtype=\"https:\/\/schema.org\/Person\" ><span itemprop='name'>Matthias Halbeis &amp; Thomas Meier<\/span><\/span><span class='av-structured-data'  itemprop=\"datePublished\" datetime=\"2025-06-26T08:08:55+02:00\" >2025-06-26 08:08:55<\/span><span class='av-structured-data'  itemprop=\"dateModified\" itemtype=\"https:\/\/schema.org\/dateModified\" >2025-06-26 14:23:30<\/span><span class='av-structured-data'  itemprop=\"mainEntityOfPage\" itemtype=\"https:\/\/schema.org\/mainEntityOfPage\" ><span itemprop='name'>Au final, chacun se bat pour soi<\/span><\/span><\/span><\/article><article class='slide-entry flex_column  post-entry post-entry-6583 slide-entry-overview slide-loop-8 slide-parity-even  av_one_third  real-thumbnail post-format-standard'  itemscope=\"itemscope\" itemtype=\"https:\/\/schema.org\/BlogPosting\" itemprop=\"blogPost\" ><a href='https:\/\/influence.ch\/fr\/2025\/12\/23\/radio-kills-the-door-to-door-star\/' data-rel='slide-1' class='slide-image' title='Radio Kills the Door-to-Door Star'><img decoding=\"async\" width=\"495\" height=\"400\" src=\"https:\/\/influence.ch\/wp-content\/uploads\/2024\/02\/influence_Verlaeufe_V01_11-495x400.png\" class=\"wp-image-4391 avia-img-lazy-loading-not-4391 attachment-portfolio size-portfolio wp-post-image\" alt=\"\" srcset=\"https:\/\/influence.ch\/wp-content\/uploads\/2024\/02\/influence_Verlaeufe_V01_11-495x400.png 495w, https:\/\/influence.ch\/wp-content\/uploads\/2024\/02\/influence_Verlaeufe_V01_11-845x684.png 845w\" sizes=\"(max-width: 495px) 100vw, 495px\" \/><\/a><div class=\"slide-content\"><header class=\"entry-content-header\"><h3 class='slide-entry-title entry-title '  itemprop=\"headline\" ><a href='https:\/\/influence.ch\/fr\/2025\/12\/23\/radio-kills-the-door-to-door-star\/' title='Radio Kills the Door-to-Door Star'>Radio Kills the Door-to-Door Star<\/a><\/h3><span class=\"av-vertical-delimiter\"><\/span><\/header><div class=\"slide-meta\"><time class='slide-meta-time updated'  itemprop=\"datePublished\" datetime=\"2025-12-23T06:19:39+01:00\" >23 d\u00e9cembre 2025<\/time><\/div><div class='slide-entry-excerpt entry-content'  itemprop=\"text\" >La politique au cin\u00e9ma #21 : comment une chanson country d\u00e9cide de l'\u00e9lection d'un gouverneur dans \"O Brother, Where Art Thou ?  <\/div><\/div><footer class=\"entry-footer\"><\/footer><span class='hidden'>\n\t\t\t\t<span class='av-structured-data'  itemprop=\"image\" itemscope=\"itemscope\" itemtype=\"https:\/\/schema.org\/ImageObject\" >\n\t\t\t\t\t\t<span itemprop='url'>https:\/\/influence.ch\/wp-content\/uploads\/2024\/02\/influence_Verlaeufe_V01_11.png<\/span>\n\t\t\t\t\t\t<span itemprop='height'>2169<\/span>\n\t\t\t\t\t\t<span itemprop='width'>2442<\/span>\n\t\t\t\t<\/span>\n\t\t\t\t<span class='av-structured-data'  itemprop=\"publisher\" itemtype=\"https:\/\/schema.org\/Organization\" itemscope=\"itemscope\" >\n\t\t\t\t\t\t<span itemprop='name'>Thomas Meier &amp; Matthias Halbeis<\/span>\n\t\t\t\t\t\t<span itemprop='logo' itemscope itemtype='https:\/\/schema.org\/ImageObject'>\n\t\t\t\t\t\t\t<span itemprop='url'>https:\/\/influence.ch\/wp-content\/uploads\/2025\/02\/influence_Logo_FR_weiss-1030x277.png<\/span>\n\t\t\t\t\t\t <\/span>\n\t\t\t\t<\/span><span class='av-structured-data'  itemprop=\"author\" itemscope=\"itemscope\" itemtype=\"https:\/\/schema.org\/Person\" ><span itemprop='name'>Thomas Meier &amp; Matthias Halbeis<\/span><\/span><span class='av-structured-data'  itemprop=\"datePublished\" datetime=\"2025-06-26T08:08:55+02:00\" >2025-12-23 06:19:39<\/span><span class='av-structured-data'  itemprop=\"dateModified\" itemtype=\"https:\/\/schema.org\/dateModified\" >2025-12-23 11:17:09<\/span><span class='av-structured-data'  itemprop=\"mainEntityOfPage\" itemtype=\"https:\/\/schema.org\/mainEntityOfPage\" ><span itemprop='name'>Radio Kills the Door-to-Door Star<\/span><\/span><\/span><\/article><article class='slide-entry flex_column  post-entry post-entry-4390 slide-entry-overview slide-loop-9 slide-parity-odd  post-entry-last  av_one_third  real-thumbnail post-format-standard'  itemscope=\"itemscope\" itemtype=\"https:\/\/schema.org\/BlogPosting\" itemprop=\"blogPost\" ><a href='https:\/\/influence.ch\/fr\/2025\/01\/30\/les-grands-dictateurs-ne-sont-pas-si-grands-que-cela\/' data-rel='slide-1' class='slide-image' title='Les grands dictateurs ne sont pas si grands que cela'><img decoding=\"async\" width=\"495\" height=\"400\" src=\"https:\/\/influence.ch\/wp-content\/uploads\/2024\/02\/influence_Verlaeufe_V01_11-495x400.png\" class=\"wp-image-4391 avia-img-lazy-loading-not-4391 attachment-portfolio size-portfolio wp-post-image\" alt=\"\" srcset=\"https:\/\/influence.ch\/wp-content\/uploads\/2024\/02\/influence_Verlaeufe_V01_11-495x400.png 495w, https:\/\/influence.ch\/wp-content\/uploads\/2024\/02\/influence_Verlaeufe_V01_11-845x684.png 845w\" sizes=\"(max-width: 495px) 100vw, 495px\" \/><\/a><div class=\"slide-content\"><header class=\"entry-content-header\"><h3 class='slide-entry-title entry-title '  itemprop=\"headline\" ><a href='https:\/\/influence.ch\/fr\/2025\/01\/30\/les-grands-dictateurs-ne-sont-pas-si-grands-que-cela\/' title='Les grands dictateurs ne sont pas si grands que cela'>Les grands dictateurs ne sont pas si grands que cela<\/a><\/h3><span class=\"av-vertical-delimiter\"><\/span><\/header><div class=\"slide-meta\"><time class='slide-meta-time updated'  itemprop=\"datePublished\" datetime=\"2025-01-30T11:12:51+01:00\" >30 janvier 2025<\/time><\/div><div class='slide-entry-excerpt entry-content'  itemprop=\"text\" >La politique au cin\u00e9ma #11 : comment Chaplin ridiculise les tyrans  <\/div><\/div><footer class=\"entry-footer\"><\/footer><span class='hidden'>\n\t\t\t\t<span class='av-structured-data'  itemprop=\"image\" itemscope=\"itemscope\" itemtype=\"https:\/\/schema.org\/ImageObject\" >\n\t\t\t\t\t\t<span itemprop='url'>https:\/\/influence.ch\/wp-content\/uploads\/2024\/02\/influence_Verlaeufe_V01_11.png<\/span>\n\t\t\t\t\t\t<span itemprop='height'>2169<\/span>\n\t\t\t\t\t\t<span itemprop='width'>2442<\/span>\n\t\t\t\t<\/span>\n\t\t\t\t<span class='av-structured-data'  itemprop=\"publisher\" itemtype=\"https:\/\/schema.org\/Organization\" itemscope=\"itemscope\" >\n\t\t\t\t\t\t<span itemprop='name'>Thomas Meier &amp; Matthias Halbeis<\/span>\n\t\t\t\t\t\t<span itemprop='logo' itemscope itemtype='https:\/\/schema.org\/ImageObject'>\n\t\t\t\t\t\t\t<span itemprop='url'>https:\/\/influence.ch\/wp-content\/uploads\/2025\/02\/influence_Logo_FR_weiss-1030x277.png<\/span>\n\t\t\t\t\t\t <\/span>\n\t\t\t\t<\/span><span class='av-structured-data'  itemprop=\"author\" itemscope=\"itemscope\" itemtype=\"https:\/\/schema.org\/Person\" ><span itemprop='name'>Thomas Meier &amp; Matthias Halbeis<\/span><\/span><span class='av-structured-data'  itemprop=\"datePublished\" datetime=\"2025-06-26T08:08:55+02:00\" >2025-01-30 11:12:51<\/span><span class='av-structured-data'  itemprop=\"dateModified\" itemtype=\"https:\/\/schema.org\/dateModified\" >2025-03-27 17:29:26<\/span><span class='av-structured-data'  itemprop=\"mainEntityOfPage\" itemtype=\"https:\/\/schema.org\/mainEntityOfPage\" ><span itemprop='name'>Les grands dictateurs ne sont pas si grands que cela<\/span><\/span><\/span><\/article><\/div><\/div><div class='avia-slideshow-arrows avia-slideshow-controls' ><a href='#prev' class='prev-slide ' aria-hidden='true' data-av_icon='\ue87c' data-av_iconfont='entypo-fontello'  tabindex='-1'>Pr\u00e9c\u00e9dent<\/a><a href='#next' class='next-slide ' aria-hidden='true' data-av_icon='\ue87d' data-av_iconfont='entypo-fontello'  tabindex='-1'>Suivant<\/a><\/div><\/div>\n<\/p>\n","protected":false},"excerpt":{"rendered":"<p>Politique au cin\u00e9ma #16 : Au final, chacun se bat pour soi<\/p>\n","protected":false},"author":82,"featured_media":4391,"comment_status":"closed","ping_status":"closed","sticky":false,"template":"","format":"standard","meta":{"footnotes":""},"categories":[47],"tags":[],"class_list":["post-5647","post","type-post","status-publish","format-standard","has-post-thumbnail","hentry","category-la-politique-au-cinema"],"yoast_head":"<!-- This site is optimized with the Yoast SEO plugin v27.0 - https:\/\/yoast.com\/product\/yoast-seo-wordpress\/ -->\n<title>Au final, chacun se bat pour soi - influence powered by furrerhugi<\/title>\n<meta name=\"description\" content=\"Politique au cin\u00e9ma #16 : comment tous les id\u00e9aux meurent dans &quot;Ides of March\" \/>\n<meta name=\"robots\" content=\"index, follow, max-snippet:-1, max-image-preview:large, max-video-preview:-1\" \/>\n<link rel=\"canonical\" href=\"https:\/\/influence.ch\/fr\/2025\/06\/26\/au-final-chacun-se-bat-pour-soi\/\" \/>\n<meta property=\"og:locale\" content=\"fr_FR\" \/>\n<meta property=\"og:type\" content=\"article\" \/>\n<meta property=\"og:title\" content=\"Au final, chacun se bat pour soi - influence powered by furrerhugi\" \/>\n<meta property=\"og:description\" content=\"Politique au cin\u00e9ma #16 : comment tous les id\u00e9aux meurent dans &quot;Ides of March\" \/>\n<meta property=\"og:url\" content=\"https:\/\/influence.ch\/fr\/2025\/06\/26\/au-final-chacun-se-bat-pour-soi\/\" \/>\n<meta property=\"og:site_name\" content=\"influence powered by furrerhugi\" \/>\n<meta property=\"article:published_time\" content=\"2025-06-26T06:08:55+00:00\" \/>\n<meta property=\"article:modified_time\" content=\"2025-06-26T12:23:30+00:00\" \/>\n<meta property=\"og:image\" content=\"https:\/\/influence.ch\/wp-content\/uploads\/2025\/06\/image-750x321.jpg\" \/>\n<meta name=\"author\" content=\"Matthias Halbeis &amp; Thomas Meier\" \/>\n<meta name=\"twitter:card\" content=\"summary_large_image\" \/>\n<meta name=\"twitter:image\" content=\"https:\/\/influence.ch\/wp-content\/uploads\/2025\/06\/image-750x321.jpg\" \/>\n<meta name=\"twitter:label1\" content=\"\u00c9crit par\" \/>\n\t<meta name=\"twitter:data1\" content=\"Matthias Halbeis &amp; Thomas Meier\" \/>\n<script type=\"application\/ld+json\" class=\"yoast-schema-graph\">{\"@context\":\"https:\/\/schema.org\",\"@graph\":[{\"@type\":\"Article\",\"@id\":\"https:\/\/influence.ch\/fr\/2025\/06\/26\/au-final-chacun-se-bat-pour-soi\/#article\",\"isPartOf\":{\"@id\":\"https:\/\/influence.ch\/fr\/2025\/06\/26\/au-final-chacun-se-bat-pour-soi\/\"},\"author\":{\"name\":\"Matthias Halbeis &amp; Thomas Meier\",\"@id\":\"https:\/\/influence.ch\/#\/schema\/person\/1a5f628711f63098d387b7a50a9cf7d8\"},\"headline\":\"Au final, chacun se bat pour soi\",\"datePublished\":\"2025-06-26T06:08:55+00:00\",\"dateModified\":\"2025-06-26T12:23:30+00:00\",\"mainEntityOfPage\":{\"@id\":\"https:\/\/influence.ch\/fr\/2025\/06\/26\/au-final-chacun-se-bat-pour-soi\/\"},\"wordCount\":3078,\"image\":{\"@id\":\"https:\/\/influence.ch\/fr\/2025\/06\/26\/au-final-chacun-se-bat-pour-soi\/#primaryimage\"},\"thumbnailUrl\":\"https:\/\/influence.ch\/wp-content\/uploads\/2024\/02\/influence_Verlaeufe_V01_11.png\",\"articleSection\":[\"La politique au cin\u00e9ma\"],\"inLanguage\":\"fr-FR\"},{\"@type\":\"WebPage\",\"@id\":\"https:\/\/influence.ch\/fr\/2025\/06\/26\/au-final-chacun-se-bat-pour-soi\/\",\"url\":\"https:\/\/influence.ch\/fr\/2025\/06\/26\/au-final-chacun-se-bat-pour-soi\/\",\"name\":\"Au final, chacun se bat pour soi - influence powered by furrerhugi\",\"isPartOf\":{\"@id\":\"https:\/\/influence.ch\/#website\"},\"primaryImageOfPage\":{\"@id\":\"https:\/\/influence.ch\/fr\/2025\/06\/26\/au-final-chacun-se-bat-pour-soi\/#primaryimage\"},\"image\":{\"@id\":\"https:\/\/influence.ch\/fr\/2025\/06\/26\/au-final-chacun-se-bat-pour-soi\/#primaryimage\"},\"thumbnailUrl\":\"https:\/\/influence.ch\/wp-content\/uploads\/2024\/02\/influence_Verlaeufe_V01_11.png\",\"datePublished\":\"2025-06-26T06:08:55+00:00\",\"dateModified\":\"2025-06-26T12:23:30+00:00\",\"author\":{\"@id\":\"https:\/\/influence.ch\/#\/schema\/person\/1a5f628711f63098d387b7a50a9cf7d8\"},\"description\":\"Politique au cin\u00e9ma #16 : comment tous les id\u00e9aux meurent dans \\\"Ides of March\",\"breadcrumb\":{\"@id\":\"https:\/\/influence.ch\/fr\/2025\/06\/26\/au-final-chacun-se-bat-pour-soi\/#breadcrumb\"},\"inLanguage\":\"fr-FR\",\"potentialAction\":[{\"@type\":\"ReadAction\",\"target\":[\"https:\/\/influence.ch\/fr\/2025\/06\/26\/au-final-chacun-se-bat-pour-soi\/\"]}]},{\"@type\":\"ImageObject\",\"inLanguage\":\"fr-FR\",\"@id\":\"https:\/\/influence.ch\/fr\/2025\/06\/26\/au-final-chacun-se-bat-pour-soi\/#primaryimage\",\"url\":\"https:\/\/influence.ch\/wp-content\/uploads\/2024\/02\/influence_Verlaeufe_V01_11.png\",\"contentUrl\":\"https:\/\/influence.ch\/wp-content\/uploads\/2024\/02\/influence_Verlaeufe_V01_11.png\",\"width\":2442,\"height\":2169},{\"@type\":\"BreadcrumbList\",\"@id\":\"https:\/\/influence.ch\/fr\/2025\/06\/26\/au-final-chacun-se-bat-pour-soi\/#breadcrumb\",\"itemListElement\":[{\"@type\":\"ListItem\",\"position\":1,\"name\":\"Startseite\",\"item\":\"https:\/\/influence.ch\/fr\/influence\/\"},{\"@type\":\"ListItem\",\"position\":2,\"name\":\"Au final, chacun se bat pour soi\"}]},{\"@type\":\"WebSite\",\"@id\":\"https:\/\/influence.ch\/#website\",\"url\":\"https:\/\/influence.ch\/\",\"name\":\"influence powered by furrerhugi\",\"description\":\"Vorsprung durch Wissen\",\"potentialAction\":[{\"@type\":\"SearchAction\",\"target\":{\"@type\":\"EntryPoint\",\"urlTemplate\":\"https:\/\/influence.ch\/?s={search_term_string}\"},\"query-input\":{\"@type\":\"PropertyValueSpecification\",\"valueRequired\":true,\"valueName\":\"search_term_string\"}}],\"inLanguage\":\"fr-FR\"},{\"@type\":\"Person\",\"@id\":\"https:\/\/influence.ch\/#\/schema\/person\/1a5f628711f63098d387b7a50a9cf7d8\",\"name\":\"Matthias Halbeis &amp; Thomas Meier\",\"image\":{\"@type\":\"ImageObject\",\"inLanguage\":\"fr-FR\",\"@id\":\"https:\/\/influence.ch\/#\/schema\/person\/image\/\",\"url\":\"https:\/\/secure.gravatar.com\/avatar\/8c3cdebcfb474608c3967ccb468e4c9c07471aa1dc2f41bb3577470c7fdd783f?s=96&d=mm&r=g\",\"contentUrl\":\"https:\/\/secure.gravatar.com\/avatar\/8c3cdebcfb474608c3967ccb468e4c9c07471aa1dc2f41bb3577470c7fdd783f?s=96&d=mm&r=g\",\"caption\":\"Matthias Halbeis &amp; Thomas Meier\"},\"url\":\"https:\/\/influence.ch\/fr\/author\/halbeis-meier\/\"}]}<\/script>\n<!-- \/ Yoast SEO plugin. -->","yoast_head_json":{"title":"Au final, chacun se bat pour soi - influence powered by furrerhugi","description":"Politique au cin\u00e9ma #16 : comment tous les id\u00e9aux meurent dans \"Ides of March","robots":{"index":"index","follow":"follow","max-snippet":"max-snippet:-1","max-image-preview":"max-image-preview:large","max-video-preview":"max-video-preview:-1"},"canonical":"https:\/\/influence.ch\/fr\/2025\/06\/26\/au-final-chacun-se-bat-pour-soi\/","og_locale":"fr_FR","og_type":"article","og_title":"Au final, chacun se bat pour soi - influence powered by furrerhugi","og_description":"Politique au cin\u00e9ma #16 : comment tous les id\u00e9aux meurent dans \"Ides of March","og_url":"https:\/\/influence.ch\/fr\/2025\/06\/26\/au-final-chacun-se-bat-pour-soi\/","og_site_name":"influence powered by furrerhugi","article_published_time":"2025-06-26T06:08:55+00:00","article_modified_time":"2025-06-26T12:23:30+00:00","og_image":[{"url":"https:\/\/influence.ch\/wp-content\/uploads\/2025\/06\/image-750x321.jpg","type":"","width":"","height":""}],"author":"Matthias Halbeis &amp; Thomas Meier","twitter_card":"summary_large_image","twitter_image":"https:\/\/influence.ch\/wp-content\/uploads\/2025\/06\/image-750x321.jpg","twitter_misc":{"\u00c9crit par":"Matthias Halbeis &amp; Thomas Meier"},"schema":{"@context":"https:\/\/schema.org","@graph":[{"@type":"Article","@id":"https:\/\/influence.ch\/fr\/2025\/06\/26\/au-final-chacun-se-bat-pour-soi\/#article","isPartOf":{"@id":"https:\/\/influence.ch\/fr\/2025\/06\/26\/au-final-chacun-se-bat-pour-soi\/"},"author":{"name":"Matthias Halbeis &amp; Thomas Meier","@id":"https:\/\/influence.ch\/#\/schema\/person\/1a5f628711f63098d387b7a50a9cf7d8"},"headline":"Au final, chacun se bat pour soi","datePublished":"2025-06-26T06:08:55+00:00","dateModified":"2025-06-26T12:23:30+00:00","mainEntityOfPage":{"@id":"https:\/\/influence.ch\/fr\/2025\/06\/26\/au-final-chacun-se-bat-pour-soi\/"},"wordCount":3078,"image":{"@id":"https:\/\/influence.ch\/fr\/2025\/06\/26\/au-final-chacun-se-bat-pour-soi\/#primaryimage"},"thumbnailUrl":"https:\/\/influence.ch\/wp-content\/uploads\/2024\/02\/influence_Verlaeufe_V01_11.png","articleSection":["La politique au cin\u00e9ma"],"inLanguage":"fr-FR"},{"@type":"WebPage","@id":"https:\/\/influence.ch\/fr\/2025\/06\/26\/au-final-chacun-se-bat-pour-soi\/","url":"https:\/\/influence.ch\/fr\/2025\/06\/26\/au-final-chacun-se-bat-pour-soi\/","name":"Au final, chacun se bat pour soi - influence powered by furrerhugi","isPartOf":{"@id":"https:\/\/influence.ch\/#website"},"primaryImageOfPage":{"@id":"https:\/\/influence.ch\/fr\/2025\/06\/26\/au-final-chacun-se-bat-pour-soi\/#primaryimage"},"image":{"@id":"https:\/\/influence.ch\/fr\/2025\/06\/26\/au-final-chacun-se-bat-pour-soi\/#primaryimage"},"thumbnailUrl":"https:\/\/influence.ch\/wp-content\/uploads\/2024\/02\/influence_Verlaeufe_V01_11.png","datePublished":"2025-06-26T06:08:55+00:00","dateModified":"2025-06-26T12:23:30+00:00","author":{"@id":"https:\/\/influence.ch\/#\/schema\/person\/1a5f628711f63098d387b7a50a9cf7d8"},"description":"Politique au cin\u00e9ma #16 : comment tous les id\u00e9aux meurent dans \"Ides of March","breadcrumb":{"@id":"https:\/\/influence.ch\/fr\/2025\/06\/26\/au-final-chacun-se-bat-pour-soi\/#breadcrumb"},"inLanguage":"fr-FR","potentialAction":[{"@type":"ReadAction","target":["https:\/\/influence.ch\/fr\/2025\/06\/26\/au-final-chacun-se-bat-pour-soi\/"]}]},{"@type":"ImageObject","inLanguage":"fr-FR","@id":"https:\/\/influence.ch\/fr\/2025\/06\/26\/au-final-chacun-se-bat-pour-soi\/#primaryimage","url":"https:\/\/influence.ch\/wp-content\/uploads\/2024\/02\/influence_Verlaeufe_V01_11.png","contentUrl":"https:\/\/influence.ch\/wp-content\/uploads\/2024\/02\/influence_Verlaeufe_V01_11.png","width":2442,"height":2169},{"@type":"BreadcrumbList","@id":"https:\/\/influence.ch\/fr\/2025\/06\/26\/au-final-chacun-se-bat-pour-soi\/#breadcrumb","itemListElement":[{"@type":"ListItem","position":1,"name":"Startseite","item":"https:\/\/influence.ch\/fr\/influence\/"},{"@type":"ListItem","position":2,"name":"Au final, chacun se bat pour soi"}]},{"@type":"WebSite","@id":"https:\/\/influence.ch\/#website","url":"https:\/\/influence.ch\/","name":"influence powered by furrerhugi","description":"Vorsprung durch Wissen","potentialAction":[{"@type":"SearchAction","target":{"@type":"EntryPoint","urlTemplate":"https:\/\/influence.ch\/?s={search_term_string}"},"query-input":{"@type":"PropertyValueSpecification","valueRequired":true,"valueName":"search_term_string"}}],"inLanguage":"fr-FR"},{"@type":"Person","@id":"https:\/\/influence.ch\/#\/schema\/person\/1a5f628711f63098d387b7a50a9cf7d8","name":"Matthias Halbeis &amp; Thomas Meier","image":{"@type":"ImageObject","inLanguage":"fr-FR","@id":"https:\/\/influence.ch\/#\/schema\/person\/image\/","url":"https:\/\/secure.gravatar.com\/avatar\/8c3cdebcfb474608c3967ccb468e4c9c07471aa1dc2f41bb3577470c7fdd783f?s=96&d=mm&r=g","contentUrl":"https:\/\/secure.gravatar.com\/avatar\/8c3cdebcfb474608c3967ccb468e4c9c07471aa1dc2f41bb3577470c7fdd783f?s=96&d=mm&r=g","caption":"Matthias Halbeis &amp; Thomas Meier"},"url":"https:\/\/influence.ch\/fr\/author\/halbeis-meier\/"}]}},"_links":{"self":[{"href":"https:\/\/influence.ch\/fr\/wp-json\/wp\/v2\/posts\/5647","targetHints":{"allow":["GET"]}}],"collection":[{"href":"https:\/\/influence.ch\/fr\/wp-json\/wp\/v2\/posts"}],"about":[{"href":"https:\/\/influence.ch\/fr\/wp-json\/wp\/v2\/types\/post"}],"author":[{"embeddable":true,"href":"https:\/\/influence.ch\/fr\/wp-json\/wp\/v2\/users\/82"}],"replies":[{"embeddable":true,"href":"https:\/\/influence.ch\/fr\/wp-json\/wp\/v2\/comments?post=5647"}],"version-history":[{"count":4,"href":"https:\/\/influence.ch\/fr\/wp-json\/wp\/v2\/posts\/5647\/revisions"}],"predecessor-version":[{"id":5864,"href":"https:\/\/influence.ch\/fr\/wp-json\/wp\/v2\/posts\/5647\/revisions\/5864"}],"wp:featuredmedia":[{"embeddable":true,"href":"https:\/\/influence.ch\/fr\/wp-json\/wp\/v2\/media\/4391"}],"wp:attachment":[{"href":"https:\/\/influence.ch\/fr\/wp-json\/wp\/v2\/media?parent=5647"}],"wp:term":[{"taxonomy":"category","embeddable":true,"href":"https:\/\/influence.ch\/fr\/wp-json\/wp\/v2\/categories?post=5647"},{"taxonomy":"post_tag","embeddable":true,"href":"https:\/\/influence.ch\/fr\/wp-json\/wp\/v2\/tags?post=5647"}],"curies":[{"name":"wp","href":"https:\/\/api.w.org\/{rel}","templated":true}]}}