{"id":5490,"date":"2025-05-26T13:53:25","date_gmt":"2025-05-26T11:53:25","guid":{"rendered":"https:\/\/influence.ch\/?p=5490"},"modified":"2025-05-28T11:44:14","modified_gmt":"2025-05-28T09:44:14","slug":"on-ne-pourra-jamais-compenser-ca","status":"publish","type":"post","link":"https:\/\/influence.ch\/fr\/2025\/05\/26\/on-ne-pourra-jamais-compenser-ca\/","title":{"rendered":"\u00ab On ne pourra jamais compenser \u00e7a \u00bb"},"content":{"rendered":"\n<style type=\"text\/css\" data-created_by=\"avia_inline_auto\" id=\"style-css-av-37s3-23bad167485dfcca0d1c7f2cb84e41b2\">\n.avia-section.av-37s3-23bad167485dfcca0d1c7f2cb84e41b2{\nmargin-top:20px;\nmargin-bottom:20px;\n}\n<\/style>\n<div id='av_section_1'  class='avia-section av-37s3-23bad167485dfcca0d1c7f2cb84e41b2 main_color avia-section-default avia-no-border-styling  avia-builder-el-0  el_before_av_section  avia-builder-el-first  head_talk avia-bg-style-scroll container_wrap fullsize'  ><div class='container av-section-cont-open' ><main  role=\"main\" itemprop=\"mainContentOfPage\"  class='template-page content  av-content-full alpha units'><div class='post-entry post-entry-type-page post-entry-5490'><div class='entry-content-wrapper clearfix'>\n\n<style type=\"text\/css\" data-created_by=\"avia_inline_auto\" id=\"style-css-av-ll3dnv6h-4148c811db292f0b98b5ef1a1b585ab3\">\n#top .hr.hr-invisible.av-ll3dnv6h-4148c811db292f0b98b5ef1a1b585ab3{\nheight:40px;\n}\n<\/style>\n<div  class='hr av-ll3dnv6h-4148c811db292f0b98b5ef1a1b585ab3 hr-invisible  avia-builder-el-1  el_before_av_post_metadata  avia-builder-el-first '><span class='hr-inner '><span class=\"hr-inner-style\"><\/span><\/span><\/div>\n\n<style type=\"text\/css\" data-created_by=\"avia_inline_auto\" id=\"style-css-av-ll2bygrq-a1a13b3da260d9c9d49905a783ae5cc5\">\n#top .av-post-metadata-container.av-ll2bygrq-a1a13b3da260d9c9d49905a783ae5cc5{\ncolor:#ffffff;\nfont-size:22px;\n}\n#top .av-post-metadata-container.av-ll2bygrq-a1a13b3da260d9c9d49905a783ae5cc5 .av-post-metadata-container-inner{\nfont-size:22px;\n}\n<\/style>\n<div  id=\"author\"  class='av-post-metadata-container av-ll2bygrq-a1a13b3da260d9c9d49905a783ae5cc5 av-metadata-container-align-left  avia-builder-el-2  el_after_av_hr  el_before_av_textblock  av-desktop-hide av-medium-hide av-small-hide av-mini-hide av-metadata-container-1'><div class='av-post-metadata-container-inner'><span class=\"av-post-metadata-content av-post-metadata-meta-content\"><span class=\"av-post-metadata-content av-post-metadata-category\"><span class=\"av-post-metadata-category-link\" ><a href=\"https:\/\/influence.ch\/fr\/category\/lentretien\/\" >*L'entretien*<\/a><\/span><\/span><\/span><\/div><\/div>\n\n<style type=\"text\/css\" data-created_by=\"avia_inline_auto\" id=\"style-css-av-lajol5k3-bcabd5439ce39e62158db334b9b99d68\">\n#top .av_textblock_section.av-lajol5k3-bcabd5439ce39e62158db334b9b99d68 .avia_textblock{\ncolor:#ffffff;\n}\n<\/style>\n<section  class='av_textblock_section av-lajol5k3-bcabd5439ce39e62158db334b9b99d68'  itemscope=\"itemscope\" itemtype=\"https:\/\/schema.org\/BlogPosting\" itemprop=\"blogPost\" ><div class='avia_textblock av_inherit_color'  itemprop=\"text\" ><h1 style=\"text-align: center;\"><\/h1>\n<h1 style=\"text-align: center;\">\u00ab On ne pourra jamais compenser \u00e7a \u00bb<\/h1>\n<p style=\"text-align: center;\">Nora Kronig, directrice de la CRS, explique les cons\u00e9quences massives de la r\u00e9duction de l&rsquo;aide am\u00e9ricaine au d\u00e9veloppement, qui touchent aussi indirectement la Croix-Rouge suisse.<\/p>\n<\/div><\/section>\n\n<style type=\"text\/css\" data-created_by=\"avia_inline_auto\" id=\"style-css-av-kqp-d3340c463e9779d9fb5e4297bb48a84f\">\n#top .av-post-metadata-container.av-kqp-d3340c463e9779d9fb5e4297bb48a84f{\ncolor:#ffffff;\n}\n<\/style>\n<div  id=\"author\"  class='av-post-metadata-container av-kqp-d3340c463e9779d9fb5e4297bb48a84f av-metadata-container-align-left  avia-builder-el-4  el_after_av_textblock  el_before_av_hr  av-desktop-hide av-medium-hide av-small-hide av-mini-hide av-metadata-container-2'><div class='av-post-metadata-container-inner'><span class=\"av-post-metadata-content av-post-metadata-meta-content\"><span class=\"av-post-metadata-content av-post-metadata-author\"  itemprop=\"author\" ><span class=\"av-post-metadata-author-link\" ><a href=\"https:\/\/influence.ch\/fr\/author\/eva-novak\/\"  rel=\"author\">Eva Novak<\/a><\/span><\/span><\/span><\/div><\/div>\n\n<style type=\"text\/css\" data-created_by=\"avia_inline_auto\" id=\"style-css-av-3rkb-5af53ac747b34df56e11174e8e22e573\">\n#top .hr.hr-invisible.av-3rkb-5af53ac747b34df56e11174e8e22e573{\nheight:40px;\n}\n<\/style>\n<div  class='hr av-3rkb-5af53ac747b34df56e11174e8e22e573 hr-invisible  avia-builder-el-5  el_after_av_post_metadata  avia-builder-el-last '><span class='hr-inner '><span class=\"hr-inner-style\"><\/span><\/span><\/div>\n\n<\/div><\/div><\/main><!-- close content main element --><\/div><\/div><div id='av_section_2'  class='avia-section av-4nqx-1f9ea2e9ed6a23cc856f96335c63c817 main_color avia-section-default avia-no-border-styling  avia-builder-el-6  el_after_av_section  el_before_av_section  post-inhalt avia-bg-style-scroll container_wrap fullsize'  ><div class='container av-section-cont-open' ><div class='template-page content  av-content-full alpha units'><div class='post-entry post-entry-type-page post-entry-5490'><div class='entry-content-wrapper clearfix'>\n\n<style type=\"text\/css\" data-created_by=\"avia_inline_auto\" id=\"style-css-av-2su4x-5da5059746117e9ffb18a39325393eaf\">\n#top .av-post-metadata-container.av-2su4x-5da5059746117e9ffb18a39325393eaf{\ncolor:#000000;\nfont-size:16px;\n}\n#top .av-post-metadata-container.av-2su4x-5da5059746117e9ffb18a39325393eaf .av-post-metadata-container-inner{\nfont-size:16px;\n}\n<\/style>\n<div  id=\"author\"  class='av-post-metadata-container av-2su4x-5da5059746117e9ffb18a39325393eaf av-metadata-container-align-left  avia-builder-el-7  el_before_av_hr  avia-builder-el-first  av-metadata-container-3'><div class='av-post-metadata-container-inner'><span class=\"av-post-metadata-content av-post-metadata-meta-content\"><span class=\"av-post-metadata-content av-post-metadata-published\"><span class=\"av-post-metadata-published-date\" >26 mai 2025<\/span><span class=\"av-metadata-after av-metadata-after-published\">|<\/span><\/span><span class=\"av-post-metadata-content av-post-metadata-separator\"><\/span><span class=\"av-post-metadata-content av-post-metadata-author\"  itemprop=\"author\" ><span class=\"av-post-metadata-author-link\" ><a href=\"https:\/\/influence.ch\/fr\/author\/eva-novak\/\"  rel=\"author\">Eva Novak<\/a><\/span><span class=\"av-metadata-after av-metadata-after-author\">|<\/span><\/span><span class=\"av-post-metadata-content av-post-metadata-separator\"><\/span><span class=\"av-post-metadata-content av-post-metadata-category\"><span class=\"av-post-metadata-category-link\" ><a href=\"https:\/\/influence.ch\/fr\/category\/lentretien\/\" >*L'entretien*<\/a><\/span><\/span><\/span><\/div><\/div>\n\n<style type=\"text\/css\" data-created_by=\"avia_inline_auto\" id=\"style-css-av-ll2cb0de-1618aeaa710f9714e67c07fd3b765e06\">\n#top .hr.hr-invisible.av-ll2cb0de-1618aeaa710f9714e67c07fd3b765e06{\nheight:10px;\n}\n<\/style>\n<div  class='hr av-ll2cb0de-1618aeaa710f9714e67c07fd3b765e06 hr-invisible  avia-builder-el-8  el_after_av_post_metadata  el_before_av_image '><span class='hr-inner '><span class=\"hr-inner-style\"><\/span><\/span><\/div>\n\n<style type=\"text\/css\" data-created_by=\"avia_inline_auto\" id=\"style-css-av-ll2btvp2-0b4e528c7d1297fcd3bb98d84f2b9bc1\">\n.avia-image-container.av-ll2btvp2-0b4e528c7d1297fcd3bb98d84f2b9bc1 img.avia_image{\nbox-shadow:none;\n}\n.avia-image-container.av-ll2btvp2-0b4e528c7d1297fcd3bb98d84f2b9bc1 .av-image-caption-overlay-center{\ncolor:#ffffff;\n}\n<\/style>\n<div  class='avia-image-container av-ll2btvp2-0b4e528c7d1297fcd3bb98d84f2b9bc1 av-styling- avia-align-center  avia-builder-el-9  el_after_av_hr  el_before_av_textblock '   itemprop=\"image\" itemscope=\"itemscope\" itemtype=\"https:\/\/schema.org\/ImageObject\" ><div class=\"avia-image-container-inner\"><div class=\"avia-image-overlay-wrap\"><img decoding=\"async\" class='wp-image-5591 avia-img-lazy-loading-not-5591 avia_image ' src=\"https:\/\/influence.ch\/wp-content\/uploads\/2025\/05\/Nora-Kronig-Romero.jpg-2_neu.png\" alt='' title='Nora Kronig Romero.jpg-2_neu'  height=\"936\" width=\"1760\"  itemprop=\"thumbnailUrl\" srcset=\"https:\/\/influence.ch\/wp-content\/uploads\/2025\/05\/Nora-Kronig-Romero.jpg-2_neu.png 1760w, https:\/\/influence.ch\/wp-content\/uploads\/2025\/05\/Nora-Kronig-Romero.jpg-2_neu-300x160.png 300w, https:\/\/influence.ch\/wp-content\/uploads\/2025\/05\/Nora-Kronig-Romero.jpg-2_neu-1030x548.png 1030w, https:\/\/influence.ch\/wp-content\/uploads\/2025\/05\/Nora-Kronig-Romero.jpg-2_neu-768x408.png 768w, https:\/\/influence.ch\/wp-content\/uploads\/2025\/05\/Nora-Kronig-Romero.jpg-2_neu-1536x817.png 1536w, https:\/\/influence.ch\/wp-content\/uploads\/2025\/05\/Nora-Kronig-Romero.jpg-2_neu-1500x798.png 1500w, https:\/\/influence.ch\/wp-content\/uploads\/2025\/05\/Nora-Kronig-Romero.jpg-2_neu-940x500.png 940w\" sizes=\"(max-width: 1760px) 100vw, 1760px\" \/><\/div><\/div><\/div>\n<section  class='av_textblock_section av-llowbfkh-a1f80455611878ef3d50e8f39989bd43'  itemscope=\"itemscope\" itemtype=\"https:\/\/schema.org\/BlogPosting\" itemprop=\"blogPost\" ><div class='avia_textblock'  itemprop=\"text\" ><h6>Nora Kronig Romero (44 ans) est originaire du Valais, a grandi \u00e0 Gen\u00e8ve et a \u00e9tudi\u00e9 les sciences \u00e9conomiques \u00e0 la HSG de Saint-Gall. Elle a ensuite suivi une formation de diplomate au DFAE. Depuis mai 2024, elle est directrice de la Croix-Rouge suisse.<\/h6>\n<\/div><\/section>\n\n<style type=\"text\/css\" data-created_by=\"avia_inline_auto\" id=\"style-css-av-2q8z-01ad5e0b5f31c74fd38e79a60fc3cd1d\">\n#top .av_textblock_section.av-2q8z-01ad5e0b5f31c74fd38e79a60fc3cd1d .avia_textblock{\nfont-size:22px;\n}\n<\/style>\n<section  class='av_textblock_section av-2q8z-01ad5e0b5f31c74fd38e79a60fc3cd1d'  itemscope=\"itemscope\" itemtype=\"https:\/\/schema.org\/BlogPosting\" itemprop=\"blogPost\" ><div class='avia_textblock'  itemprop=\"text\" ><p><strong>Dans le monde entier, les fonds d&rsquo;aide sont r\u00e9duits, mais les d\u00e9penses militaires augmentent. Qu&rsquo;est-ce que cela signifie pour la CRS ? <\/strong><br \/>\n<strong>Nora Kronig :<\/strong> Tout d&rsquo;abord, notre organisation est n\u00e9e de la guerre. La Croix-Rouge existe parce que Henry Dunant a \u00e9t\u00e9 choqu\u00e9 par le traitement r\u00e9serv\u00e9 aux soldats bless\u00e9s et d\u00e9c\u00e9d\u00e9s sur le champ de bataille de Solf\u00e9rino. Et la CRS a \u00e9t\u00e9 fond\u00e9e par le g\u00e9n\u00e9ral Henri Dufour, qui dirigeait les troupes f\u00e9d\u00e9rales pendant la guerre du Sonderbund. Nous ne voyons pas de contradiction entre l&rsquo;aide humanitaire et les d\u00e9penses li\u00e9es \u00e0 la d\u00e9fense, pour nous, cela va de pair. J&rsquo;aurais tendance \u00e0 dire que le g\u00e9n\u00e9ral Dufour se serait engag\u00e9 dans les deux \u00e0 l&rsquo;heure actuelle. Mais bien s\u00fbr, nous nous rendons compte de ce que cela signifie lorsque l&rsquo;aide qui a \u00e9t\u00e9 apport\u00e9e n&rsquo;est tout \u00e0 coup plus l\u00e0.<\/p>\n<p><strong>La suppression des programmes de l&rsquo;USAID a-t-elle \u00e9galement des cons\u00e9quences sur les dons \u00e0 la CRS ? Ceux-ci diminuent-ils \u00e9galement ou, au contraire, augmentent-ils ?<\/strong><br \/>\n<strong>Kronig :<\/strong> Nous ne remarquons rien, la solidarit\u00e9 de la population suisse reste forte. Mais le d\u00e9sengagement de l&rsquo;Etat, alors que la violence augmente et qu&rsquo;il y a 120 conflits dans le monde, a un impact extr\u00eame sur les personnes vuln\u00e9rables. En particulier sur ceux qui vivent d\u00e9j\u00e0 dans des conditions extr\u00eamement pr\u00e9caires, comme en Ha\u00efti par exemple.<\/p>\n<p><strong>Les dons priv\u00e9s peuvent-ils compenser le manque de soutien de l&rsquo;\u00c9tat ?<\/strong><br \/>\n<strong>Kronig :<\/strong> Jamais. On ne pourra pas compenser le retrait des Etats-Unis, qui ont \u00e9t\u00e9 pendant des d\u00e9cennies le plus grand acteur dans le domaine de l&rsquo;aide. Peu importe si d&rsquo;autres Etats interviennent ou si des priv\u00e9s s&rsquo;engagent : c&rsquo;est une illusion de penser que l&rsquo;on pourra un jour compenser ce manque.<\/p>\n<p><strong>L&rsquo;arr\u00eat g\u00e9n\u00e9ralis\u00e9 de l&rsquo;aide au d\u00e9veloppement am\u00e9ricaine a-t-il des cons\u00e9quences sur les projets de la CRS ?<\/strong><br \/>\n<strong>Kronig :<\/strong> Non, car nous n&rsquo;avons pas eu de coop\u00e9ration directe avec USAID. Mais indirectement, les cons\u00e9quences sont massives. Non seulement pour les personnes directement concern\u00e9es sur place, mais aussi pour toute l&rsquo;architecture de coop\u00e9ration internationale qui a \u00e9t\u00e9 mise en place depuis la Seconde Guerre mondiale. Cela concerne aussi bien les personnes que toutes les organisations actives dans la r\u00e9gion. On ne sait pas encore exactement comment les cons\u00e9quences se manifesteront. Mais l&rsquo;effet est hautement disruptif.<\/p>\n<p><strong>Sur la CRS aussi ?<\/strong><br \/>\n<strong>Kronig :<\/strong> En tant que \u00e9l\u00e9ment int\u00e9gr\u00e9 \u00e0 un mouvement mondial, nous faisons partie de l&rsquo;architecture de la coop\u00e9ration internationale. La Croix-Rouge est pr\u00e9sente dans pratiquement tous les pays avec une soci\u00e9t\u00e9 nationale, nous avons des b\u00e9n\u00e9voles partout, 50 000 en Suisse, des millions dans le monde. Nous sommes ainsi fortement ancr\u00e9s dans la population. Comme nous nous basons sur le volontariat, nous sommes en mesure de faire beaucoup avec relativement peu de moyens. Plus nous recevons de soutien en termes de ressources, mieux nous pouvons aider. Nous constatons que les besoins augmentent. En ce sens, nous sommes donc bien concern\u00e9s.<\/p>\n<p><strong>O\u00f9 la d\u00e9tresse est-elle la plus grande actuellement : en Ukraine, dans la bande de Gaza, en Syrie, en Ha\u00efti ou au Soudan ?<\/strong><br \/>\n<strong>Kronig :<\/strong> Il est toujours difficile de mettre les besoins humains dans la balance. Nous nous engageons en soutenant les Soci\u00e9t\u00e9s de la Croix-Rouge et du Croissant-Rouge dans une trentaine de pays. Elles sont les plus proches et savent quelles sont les priorit\u00e9s pour r\u00e9pondre au mieux aux besoins sur le terrain. Notre approche consiste \u00e0 renforcer la Croix-Rouge dans son ensemble afin qu&rsquo;elle soit proche des gens partout et qu&rsquo;elle puisse agir l\u00e0 o\u00f9 elle est le plus n\u00e9cessaire.<\/p>\n<p><strong>O\u00f9 se concentre le travail de la CRS en Suisse ?<\/strong><br \/>\n<strong>Kronig :<\/strong> Nous donnons la priorit\u00e9 aux personnes qui ont besoin de nous. Nous soutenons les personnes tout au long de leur vie afin qu&rsquo;elles puissent, dans la mesure du possible, se remettre sur pied. Cela commence par des situations pr\u00e9caires avec des enfants, par exemple lorsque l&rsquo;un des parents tombe malade et ne peut plus s&rsquo;occuper d&rsquo;eux, et va jusqu&rsquo;au soutien aux personnes \u00e2g\u00e9es, par exemple par des visites de b\u00e9n\u00e9voles pour que les gens se sentent moins seuls chez eux. Nous intervenons \u00e9galement dans des situations aigu\u00ebs et difficiles, comme celles des victimes de tortures qui ont subi de graves traumatismes psychologiques.<\/p>\n<p><strong>Le b\u00e9n\u00e9volat perd de son importance. Qu&rsquo;est-ce que cela signifie pour la CRS ? <\/strong><br \/>\n<strong>Kronig :<\/strong> Le b\u00e9n\u00e9volat est le socle de ce que nous accomplissons. Il nous apporte un acc\u00e8s aux personnes et un bonus de confiance, et donc une valeur ajout\u00e9e dans la possibilit\u00e9 de soutenir les gens. Il est donc d&rsquo;autant plus important pour nous de nous r\u00e9inventer sans cesse afin d&rsquo;enthousiasmer les b\u00e9n\u00e9voles, mais aussi de les accompagner de mani\u00e8re professionnelle afin qu&rsquo;ils trouvent chez nous tout ce dont ils ont besoin.<\/p>\n<p><strong>Comment faites-vous ?<\/strong><br \/>\n<strong>Kronig :<\/strong> En essayant de rester en phase avec les tendances de la soci\u00e9t\u00e9. Les jeunes volontaires sont tr\u00e8s dynamiques. Nous r\u00e9fl\u00e9chissons \u00e0 la mani\u00e8re d&rsquo;y apporter plus d&rsquo;agilit\u00e9. Mais je dois dire que l&rsquo;engagement des b\u00e9n\u00e9voles ne diminue pas &#8211; au contraire, leur motivation augmente. J&rsquo;en suis profond\u00e9ment reconnaissante \u00e0 nos b\u00e9n\u00e9voles.<\/p>\n<p><strong>Mais leur nombre diminue. Comment faites-vous pour trouver encore des personnes qui souhaitent s&rsquo;engager dans le b\u00e9n\u00e9volat ? <\/strong><br \/>\n<strong>Kronig :<\/strong> Par des contacts directs, en r\u00e9fl\u00e9chissant \u00e0 ce qui offre des perspectives aux volontaires pour qu&rsquo;ils puissent se d\u00e9velopper, en tenant compte de leurs capacit\u00e9s en termes de temps et en \u00e9tant ouverts \u00e0 des missions de courte dur\u00e9e. En fin de compte, il s&rsquo;agit de rester \u00e0 l&rsquo;\u00e9coute des gens. En fait, cela fonctionne bien.<\/p>\n<p><strong>Pourtant, le socle sur lequel repose votre travail est de plus en plus \u00e9troit. N&rsquo;est-ce pas mena\u00e7ant ? <\/strong><br \/>\n<strong>Kronig :<\/strong> C&rsquo;est une question de perspective. 50 000 b\u00e9n\u00e9voles, c&rsquo;est un nombre incroyable &#8211; l&rsquo;\u00e9quivalent de la population d&rsquo;une ville de taille moyenne. Nous trouvons des b\u00e9n\u00e9voles dans tout le pays, dans des domaines tr\u00e8s diff\u00e9rents. De ce point de vue, je ne crains pas un effondrement. Mais comme je l&rsquo;ai dit, nous devons nous accrocher et nous adapter en permanence aux tendances de la soci\u00e9t\u00e9. Par exemple, le changement massif de la proportion de femmes dans le monde du travail au cours des 30 derni\u00e8res ann\u00e9es a \u00e9galement eu un impact sur le pool de b\u00e9n\u00e9voles.<\/p>\n<p><strong>Quelle est actuellement votre plus grande pr\u00e9occupation en tant que directrice de la CRS ?<\/strong><br \/>\n<strong>Kronig :<\/strong> La polarisation qui s&rsquo;accentue et le manque de respect les uns envers les autres. Et le fait que l&rsquo;on ne respecte pas suffisamment les personnes dans leur dignit\u00e9.<\/p>\n<p><strong>Ressentez-vous encore les s\u00e9quelles des luttes de pouvoir qui ont secou\u00e9 la CRS avant votre entr\u00e9e en fonction en 2023 ?<\/strong><br \/>\n<strong>Kronig :<\/strong> Personnellement, je n&rsquo;ai jamais ressenti cela. Lorsque j&rsquo;ai commenc\u00e9 il y a un an, j&rsquo;ai \u00e9t\u00e9 tr\u00e8s bien accueilli par mes coll\u00e8gues. Bien entendu, nous sommes une tr\u00e8s grande organisation. Je suis convaincu qu&rsquo;il faut tirer les le\u00e7ons des difficult\u00e9s. Nous avons donc la responsabilit\u00e9 de faire progresser l&rsquo;organisation et de lui donner les institutions n\u00e9cessaires pour y parvenir. Nous devons \u00eatre aussi forts que possible afin de pouvoir faire notre travail le mieux possible. Ce processus est en cours.<\/p>\n<p><strong>Vous avez travaill\u00e9 comme diplomate \u00e0 la mission suisse aupr\u00e8s de l&rsquo;ONU \u00e0 Gen\u00e8ve, puis \u00e0 l&rsquo;Office f\u00e9d\u00e9ral de la sant\u00e9 publique et dirigez maintenant la CRS. Lequel de ces trois emplois est le plus passionnant et le plus exigeant ? <\/strong><br \/>\n<strong>Kronig :<\/strong> L&rsquo;activit\u00e9 actuelle est pour moi la plus passionnante et la plus exigeante, car elle concerne la soci\u00e9t\u00e9 dans son ensemble. Que ce soit avec un r\u00e9fugi\u00e9 tr\u00e8s traumatis\u00e9 qui a de grandes difficult\u00e9s \u00e0 vivre au quotidien ou avec un politicien f\u00e9d\u00e9ral avec lequel je discute pour faire avancer les conditions-cadres du syst\u00e8me de sant\u00e9. Je consid\u00e8re que c&rsquo;est un grand privil\u00e8ge de pouvoir travailler et interagir quotidiennement avec des personnes qui couvrent l&rsquo;ensemble de la population.<\/p>\n<p><strong>Pendant la pand\u00e9mie, vous \u00e9tiez responsable de l&rsquo;approvisionnement en vaccins. N&rsquo;\u00e9tait-ce pas plus exigeant ? <\/strong><br \/>\n<strong>Kronig :<\/strong> J&rsquo;ai ador\u00e9 les trois emplois. Il s&rsquo;agissait \u00e0 chaque fois de jouer un r\u00f4le qui, au final, devait profiter aux gens. Le d\u00e9fi de trouver un consensus \u00e9tait \u00e9galement toujours pr\u00e9sent. Dans les trois emplois, le plus important est de parler avec les gens et de trouver de bonnes solutions. Ce qui s&rsquo;ajoute \u00e0 cela \u00e0 la Croix-Rouge, c&rsquo;est l&rsquo;\u00e9norme bouleversement des relations mondiales depuis le d\u00e9but de l&rsquo;ann\u00e9e. C&rsquo;est donc une t\u00e2che complexe que de faire mon travail de mani\u00e8re \u00e0 ce que nous puissions vraiment aider les gens et faire la diff\u00e9rence.<\/p>\n<p><strong>Pendant la pand\u00e9mie, on vous a reproch\u00e9 d&rsquo;\u00eatre enceinte. Cela a-t-il \u00e9t\u00e9 un fardeau particulier ? <\/strong><br \/>\n<strong>Kronig :<\/strong> Pour moi, le fait que ma grossesse ait \u00e9t\u00e9 pr\u00e9sent\u00e9e comme un probl\u00e8me \u00e9tait plut\u00f4t le signe que je faisais bien mon travail. Si c&rsquo;\u00e9tait la pire chose que l&rsquo;on pouvait me reprocher&#8230;<\/p>\n<p><strong>Vos loisirs ont-ils chang\u00e9 depuis que vous \u00eates \u00e0 la Croix-Rouge ?<\/strong><br \/>\n<strong>Kronig :<\/strong> Oui, car je voyage beaucoup moins qu&rsquo;avant. Le fait de pouvoir dormir chez moi presque tous les soirs a un impact positif sur mes loisirs.<\/p>\n<p><strong>Pour quoi avez-vous plus de temps ?<\/strong><br \/>\n<strong>Kronig :<\/strong> Pour pouvoir bien cuisiner pour ma famille.<\/p>\n<\/div><\/section>\n\n<style type=\"text\/css\" data-created_by=\"avia_inline_auto\" id=\"style-css-av-llc465ry-f75b624155052f066fdf422a26df97ad\">\n.flex_column.av-llc465ry-f75b624155052f066fdf422a26df97ad{\npadding:0 25px 0 25px;\nbackground-color:#b2b2b2;\n}\n<\/style>\n<div class='flex_column av-llc465ry-f75b624155052f066fdf422a26df97ad av_one_full  avia-builder-el-12  el_after_av_textblock  avia-builder-el-last  first flex_column_div column-top-margin'     ><style type=\"text\/css\" data-created_by=\"avia_inline_auto\" id=\"style-css-av-ll2c83gx-cf053f42e8400d00206b281d1e18bf29\">\n#top .av_textblock_section.av-ll2c83gx-cf053f42e8400d00206b281d1e18bf29 .avia_textblock{\ncolor:#ffffff;\n}\n<\/style>\n<section  class='av_textblock_section av-ll2c83gx-cf053f42e8400d00206b281d1e18bf29'  itemscope=\"itemscope\" itemtype=\"https:\/\/schema.org\/BlogPosting\" itemprop=\"blogPost\" ><div class='avia_textblock av_inherit_color'  itemprop=\"text\" ><p style=\"font-weight: 400;\"><strong>Nora Kronig Romero<\/strong> (44 ans) est originaire du Valais, a grandi \u00e0 Gen\u00e8ve et a \u00e9tudi\u00e9 l&rsquo;\u00e9conomie \u00e0 la HSG de Saint-Gall. Elle a ensuite suivi une formation de diplomate au DFAE et a notamment travaill\u00e9 comme chef d&rsquo;\u00e9tat-major du secr\u00e9taire d&rsquo;\u00c9tat Yves Rossier et \u00e0 la Mission suisse aupr\u00e8s de l&rsquo;ONU \u00e0 Gen\u00e8ve. En 2017, elle est devenue directrice de la division Affaires internationales de l&rsquo;OFSP \u00e0 Berne. Depuis mai 2025, elle est directrice de la Croix-Rouge suisse. Nora Kronig vit avec son mari et sa fille de quatre ans \u00e0 Ostermundigen, pr\u00e8s de Berne.<\/p>\n<\/div><\/section><\/div><\/div><\/div><\/div><!-- close content main div --><\/div><\/div>\n<style type=\"text\/css\" data-created_by=\"avia_inline_auto\" id=\"style-css-av-dzp81-da28cffb59f33e3fd07afb0e81f574c1\">\n.avia-section.av-dzp81-da28cffb59f33e3fd07afb0e81f574c1{\nbackground-color:#ededed;\nbackground-image:unset;\n}\n<\/style>\n<div id='av_section_3'  class='avia-section av-dzp81-da28cffb59f33e3fd07afb0e81f574c1 main_color avia-section-default avia-no-border-styling  avia-builder-el-14  el_after_av_section  avia-builder-el-last  post_slider avia-bg-style-scroll container_wrap fullsize'  ><div class='container av-section-cont-open' ><div class='template-page content  av-content-full alpha units'><div class='post-entry post-entry-type-page post-entry-5490'><div class='entry-content-wrapper clearfix'>\n<div  data-slideshow-options=\"{&quot;animation&quot;:&quot;fade&quot;,&quot;autoplay&quot;:false,&quot;loop_autoplay&quot;:&quot;once&quot;,&quot;interval&quot;:&quot;5&quot;,&quot;loop_manual&quot;:&quot;manual-endless&quot;,&quot;autoplay_stopper&quot;:false,&quot;noNavigation&quot;:false,&quot;show_slide_delay&quot;:90}\" class='avia-content-slider avia-content-slider-active avia-content-slider1 avia-content-slider-odd  avia-builder-el-15  avia-builder-el-no-sibling  av-slideshow-ui av-control-default   av-no-slider-navigation av-slideshow-manual av-loop-once av-loop-manual-endless '  itemscope=\"itemscope\" itemtype=\"https:\/\/schema.org\/Blog\" ><div class=\"avia-content-slider-inner\"><div class=\"slide-entry-wrap\"><article class='slide-entry flex_column  post-entry post-entry-6666 slide-entry-overview slide-loop-1 slide-parity-odd  av_one_third first real-thumbnail post-format-standard'  itemscope=\"itemscope\" itemtype=\"https:\/\/schema.org\/BlogPosting\" itemprop=\"blogPost\" ><a href='https:\/\/influence.ch\/fr\/2025\/12\/23\/cest-frappant-de-voir-a-quel-point-la-competition-sintensifie\/' data-rel='slide-1' class='slide-image' title='\u202f\u00abC\u2019est frappant de voir \u00e0 quel point la comp\u00e9tition s\u2019intensifie\u00bb'><img decoding=\"async\" width=\"495\" height=\"400\" src=\"https:\/\/influence.ch\/wp-content\/uploads\/2025\/12\/Forscherin-495x400.jpg\" class=\"wp-image-6664 avia-img-lazy-loading-not-6664 attachment-portfolio size-portfolio wp-post-image\" alt=\"\" srcset=\"https:\/\/influence.ch\/wp-content\/uploads\/2025\/12\/Forscherin-495x400.jpg 495w, https:\/\/influence.ch\/wp-content\/uploads\/2025\/12\/Forscherin-845x684.jpg 845w\" sizes=\"(max-width: 495px) 100vw, 495px\" \/><\/a><div class=\"slide-content\"><header class=\"entry-content-header\"><h3 class='slide-entry-title entry-title '  itemprop=\"headline\" ><a href='https:\/\/influence.ch\/fr\/2025\/12\/23\/cest-frappant-de-voir-a-quel-point-la-competition-sintensifie\/' title='\u202f\u00abC\u2019est frappant de voir \u00e0 quel point la comp\u00e9tition s\u2019intensifie\u00bb'>\u202f\u00abC\u2019est frappant de voir \u00e0 quel point la comp\u00e9tition s\u2019intensifie\u00bb<\/a><\/h3><span class=\"av-vertical-delimiter\"><\/span><\/header><div class=\"slide-meta\"><div class=\"slide-meta-comments\"><a href='https:\/\/influence.ch\/fr\/2025\/12\/23\/cest-frappant-de-voir-a-quel-point-la-competition-sintensifie\/#respond'>0 Commentaires<\/a><\/div><div class=\"slide-meta-del\">\/<\/div><time class='slide-meta-time updated'  itemprop=\"datePublished\" datetime=\"2025-12-23T06:36:31+01:00\" >23 d\u00e9cembre 2025<\/time><\/div><div class='slide-entry-excerpt entry-content'  itemprop=\"text\" >La biologiste de l'\u00e9volution Anna Feller a \u00e9t\u00e9 r\u00e9compens\u00e9e par le Fonds national suisse pour ses recherches sur la biodiversit\u00e9. Selon elle, il est de plus en plus difficile d'obtenir des fonds pour la recherche.   <\/div><\/div><footer class=\"entry-footer\"><\/footer><span class='hidden'>\n\t\t\t\t<span class='av-structured-data'  itemprop=\"image\" itemscope=\"itemscope\" itemtype=\"https:\/\/schema.org\/ImageObject\" >\n\t\t\t\t\t\t<span itemprop='url'>https:\/\/influence.ch\/wp-content\/uploads\/2025\/12\/Forscherin.jpg<\/span>\n\t\t\t\t\t\t<span itemprop='height'>1105<\/span>\n\t\t\t\t\t\t<span itemprop='width'>1656<\/span>\n\t\t\t\t<\/span>\n\t\t\t\t<span class='av-structured-data'  itemprop=\"publisher\" itemtype=\"https:\/\/schema.org\/Organization\" itemscope=\"itemscope\" >\n\t\t\t\t\t\t<span itemprop='name'>Eva Novak<\/span>\n\t\t\t\t\t\t<span itemprop='logo' itemscope itemtype='https:\/\/schema.org\/ImageObject'>\n\t\t\t\t\t\t\t<span itemprop='url'>https:\/\/influence.ch\/wp-content\/uploads\/2025\/02\/influence_Logo_FR_weiss-1030x277.png<\/span>\n\t\t\t\t\t\t <\/span>\n\t\t\t\t<\/span><span class='av-structured-data'  itemprop=\"author\" itemscope=\"itemscope\" itemtype=\"https:\/\/schema.org\/Person\" ><span itemprop='name'>Eva Novak<\/span><\/span><span class='av-structured-data'  itemprop=\"datePublished\" datetime=\"2025-05-26T13:53:25+02:00\" >2025-12-23 06:36:31<\/span><span class='av-structured-data'  itemprop=\"dateModified\" itemtype=\"https:\/\/schema.org\/dateModified\" >2025-12-23 11:15:53<\/span><span class='av-structured-data'  itemprop=\"mainEntityOfPage\" itemtype=\"https:\/\/schema.org\/mainEntityOfPage\" ><span itemprop='name'>\u202f\u00abC\u2019est frappant de voir \u00e0 quel point la comp\u00e9tition s\u2019intensifie\u00bb<\/span><\/span><\/span><\/article><article class='slide-entry flex_column  post-entry post-entry-7134 slide-entry-overview slide-loop-2 slide-parity-even  av_one_third  real-thumbnail post-format-standard'  itemscope=\"itemscope\" itemtype=\"https:\/\/schema.org\/BlogPosting\" itemprop=\"blogPost\" ><a href='https:\/\/influence.ch\/fr\/2026\/03\/26\/les-influenceurs-artificiels-nouvelle-ere-de-linfluence\/' data-rel='slide-1' class='slide-image' title='Les influenceurs artificiels : nouvelle \u00e8re de l\u2019influence'><img decoding=\"async\" width=\"495\" height=\"400\" src=\"https:\/\/influence.ch\/wp-content\/uploads\/2022\/12\/influence_Verlaeufe_V01_5-495x400.png\" class=\"wp-image-517 avia-img-lazy-loading-not-517 attachment-portfolio size-portfolio wp-post-image\" alt=\"\" srcset=\"https:\/\/influence.ch\/wp-content\/uploads\/2022\/12\/influence_Verlaeufe_V01_5-495x400.png 495w, https:\/\/influence.ch\/wp-content\/uploads\/2022\/12\/influence_Verlaeufe_V01_5-845x684.png 845w\" sizes=\"(max-width: 495px) 100vw, 495px\" \/><\/a><div class=\"slide-content\"><header class=\"entry-content-header\"><h3 class='slide-entry-title entry-title '  itemprop=\"headline\" ><a href='https:\/\/influence.ch\/fr\/2026\/03\/26\/les-influenceurs-artificiels-nouvelle-ere-de-linfluence\/' title='Les influenceurs artificiels : nouvelle \u00e8re de l\u2019influence'>Les influenceurs artificiels : nouvelle \u00e8re de l\u2019influence<\/a><\/h3><span class=\"av-vertical-delimiter\"><\/span><\/header><div class=\"slide-meta\"><time class='slide-meta-time updated'  itemprop=\"datePublished\" datetime=\"2026-03-26T13:52:55+01:00\" >26 mars 2026<\/time><\/div><div class='slide-entry-excerpt entry-content'  itemprop=\"text\" >Comment la r\u00e9alit\u00e9 g\u00e9n\u00e9r\u00e9e par l'IA r\u00e9volutionne l'industrie de la communication<\/div><\/div><footer class=\"entry-footer\"><\/footer><span class='hidden'>\n\t\t\t\t<span class='av-structured-data'  itemprop=\"image\" itemscope=\"itemscope\" itemtype=\"https:\/\/schema.org\/ImageObject\" >\n\t\t\t\t\t\t<span itemprop='url'>https:\/\/influence.ch\/wp-content\/uploads\/2022\/12\/influence_Verlaeufe_V01_5.png<\/span>\n\t\t\t\t\t\t<span itemprop='height'>2169<\/span>\n\t\t\t\t\t\t<span itemprop='width'>2442<\/span>\n\t\t\t\t<\/span>\n\t\t\t\t<span class='av-structured-data'  itemprop=\"publisher\" itemtype=\"https:\/\/schema.org\/Organization\" itemscope=\"itemscope\" >\n\t\t\t\t\t\t<span itemprop='name'>Matthias Halbeis<\/span>\n\t\t\t\t\t\t<span itemprop='logo' itemscope itemtype='https:\/\/schema.org\/ImageObject'>\n\t\t\t\t\t\t\t<span itemprop='url'>https:\/\/influence.ch\/wp-content\/uploads\/2025\/02\/influence_Logo_FR_weiss-1030x277.png<\/span>\n\t\t\t\t\t\t <\/span>\n\t\t\t\t<\/span><span class='av-structured-data'  itemprop=\"author\" itemscope=\"itemscope\" itemtype=\"https:\/\/schema.org\/Person\" ><span itemprop='name'>Matthias Halbeis<\/span><\/span><span class='av-structured-data'  itemprop=\"datePublished\" datetime=\"2025-05-26T13:53:25+02:00\" >2026-03-26 13:52:55<\/span><span class='av-structured-data'  itemprop=\"dateModified\" itemtype=\"https:\/\/schema.org\/dateModified\" >2026-03-27 08:25:53<\/span><span class='av-structured-data'  itemprop=\"mainEntityOfPage\" itemtype=\"https:\/\/schema.org\/mainEntityOfPage\" ><span itemprop='name'>Les influenceurs artificiels : nouvelle \u00e8re de l\u2019influence<\/span><\/span><\/span><\/article><article class='slide-entry flex_column  post-entry post-entry-4395 slide-entry-overview slide-loop-3 slide-parity-odd  av_one_third  real-thumbnail post-format-standard'  itemscope=\"itemscope\" itemtype=\"https:\/\/schema.org\/BlogPosting\" itemprop=\"blogPost\" ><a href='https:\/\/influence.ch\/fr\/2025\/01\/30\/la-competence-en-ia-un-facteur-de-reussite\/' data-rel='slide-1' class='slide-image' title='La comp\u00e9tence en IA, un facteur de r\u00e9ussite'><img decoding=\"async\" width=\"495\" height=\"400\" src=\"https:\/\/influence.ch\/wp-content\/uploads\/2025\/02\/influence_Verlaufe_politik-495x400.png\" class=\"wp-image-4694 avia-img-lazy-loading-not-4694 attachment-portfolio size-portfolio wp-post-image\" alt=\"\" srcset=\"https:\/\/influence.ch\/wp-content\/uploads\/2025\/02\/influence_Verlaufe_politik-495x400.png 495w, https:\/\/influence.ch\/wp-content\/uploads\/2025\/02\/influence_Verlaufe_politik-845x684.png 845w\" sizes=\"(max-width: 495px) 100vw, 495px\" \/><\/a><div class=\"slide-content\"><header class=\"entry-content-header\"><h3 class='slide-entry-title entry-title '  itemprop=\"headline\" ><a href='https:\/\/influence.ch\/fr\/2025\/01\/30\/la-competence-en-ia-un-facteur-de-reussite\/' title='La comp\u00e9tence en IA, un facteur de r\u00e9ussite'>La comp\u00e9tence en IA, un facteur de r\u00e9ussite<\/a><\/h3><span class=\"av-vertical-delimiter\"><\/span><\/header><div class=\"slide-meta\"><div class=\"slide-meta-comments\"><a href='https:\/\/influence.ch\/fr\/2025\/01\/30\/la-competence-en-ia-un-facteur-de-reussite\/#respond'>0 Commentaires<\/a><\/div><div class=\"slide-meta-del\">\/<\/div><time class='slide-meta-time updated'  itemprop=\"datePublished\" datetime=\"2025-01-30T11:21:50+01:00\" >30 janvier 2025<\/time><\/div><div class='slide-entry-excerpt entry-content'  itemprop=\"text\" >Pourquoi la ma\u00eetrise de l'intelligence artificielle d\u00e9termine l'avenir des \u00e9tudiants, des travailleurs et des entreprises  <\/div><\/div><footer class=\"entry-footer\"><\/footer><span class='hidden'>\n\t\t\t\t<span class='av-structured-data'  itemprop=\"image\" itemscope=\"itemscope\" itemtype=\"https:\/\/schema.org\/ImageObject\" >\n\t\t\t\t\t\t<span itemprop='url'>https:\/\/influence.ch\/wp-content\/uploads\/2025\/02\/influence_Verlaufe_politik.png<\/span>\n\t\t\t\t\t\t<span itemprop='height'>2169<\/span>\n\t\t\t\t\t\t<span itemprop='width'>2442<\/span>\n\t\t\t\t<\/span>\n\t\t\t\t<span class='av-structured-data'  itemprop=\"publisher\" itemtype=\"https:\/\/schema.org\/Organization\" itemscope=\"itemscope\" >\n\t\t\t\t\t\t<span itemprop='name'>Matthias Halbeis<\/span>\n\t\t\t\t\t\t<span itemprop='logo' itemscope itemtype='https:\/\/schema.org\/ImageObject'>\n\t\t\t\t\t\t\t<span itemprop='url'>https:\/\/influence.ch\/wp-content\/uploads\/2025\/02\/influence_Logo_FR_weiss-1030x277.png<\/span>\n\t\t\t\t\t\t <\/span>\n\t\t\t\t<\/span><span class='av-structured-data'  itemprop=\"author\" itemscope=\"itemscope\" itemtype=\"https:\/\/schema.org\/Person\" ><span itemprop='name'>Matthias Halbeis<\/span><\/span><span class='av-structured-data'  itemprop=\"datePublished\" datetime=\"2025-05-26T13:53:25+02:00\" >2025-01-30 11:21:50<\/span><span class='av-structured-data'  itemprop=\"dateModified\" itemtype=\"https:\/\/schema.org\/dateModified\" >2025-02-26 15:56:16<\/span><span class='av-structured-data'  itemprop=\"mainEntityOfPage\" itemtype=\"https:\/\/schema.org\/mainEntityOfPage\" ><span itemprop='name'>La comp\u00e9tence en IA, un facteur de r\u00e9ussite<\/span><\/span><\/span><\/article><\/div><div class=\"slide-entry-wrap\"><article class='slide-entry flex_column  post-entry post-entry-6761 slide-entry-overview slide-loop-4 slide-parity-odd  av_one_third first real-thumbnail post-format-standard'  itemscope=\"itemscope\" itemtype=\"https:\/\/schema.org\/BlogPosting\" itemprop=\"blogPost\" ><a href='https:\/\/influence.ch\/fr\/2026\/01\/29\/quand-le-stylo-se-tait\/' data-rel='slide-1' class='slide-image' title='Quand le stylo se tait'><img decoding=\"async\" width=\"495\" height=\"400\" src=\"https:\/\/influence.ch\/wp-content\/uploads\/2022\/12\/influence_Verlaufe_ausgelesen-495x400.png\" class=\"wp-image-4344 avia-img-lazy-loading-not-4344 attachment-portfolio size-portfolio wp-post-image\" alt=\"\" srcset=\"https:\/\/influence.ch\/wp-content\/uploads\/2022\/12\/influence_Verlaufe_ausgelesen-495x400.png 495w, https:\/\/influence.ch\/wp-content\/uploads\/2022\/12\/influence_Verlaufe_ausgelesen-845x684.png 845w\" sizes=\"(max-width: 495px) 100vw, 495px\" \/><\/a><div class=\"slide-content\"><header class=\"entry-content-header\"><h3 class='slide-entry-title entry-title '  itemprop=\"headline\" ><a href='https:\/\/influence.ch\/fr\/2026\/01\/29\/quand-le-stylo-se-tait\/' title='Quand le stylo se tait'>Quand le stylo se tait<\/a><\/h3><span class=\"av-vertical-delimiter\"><\/span><\/header><div class=\"slide-meta\"><time class='slide-meta-time updated'  itemprop=\"datePublished\" datetime=\"2026-01-29T10:20:23+01:00\" >29 janvier 2026<\/time><\/div><div class='slide-entry-excerpt entry-content'  itemprop=\"text\" >Comment Trump, les milliardaires de la tech et les r\u00e9dactions nerveuses prennent le dessin politique en tenaille  <\/div><\/div><footer class=\"entry-footer\"><\/footer><span class='hidden'>\n\t\t\t\t<span class='av-structured-data'  itemprop=\"image\" itemscope=\"itemscope\" itemtype=\"https:\/\/schema.org\/ImageObject\" >\n\t\t\t\t\t\t<span itemprop='url'>https:\/\/influence.ch\/wp-content\/uploads\/2022\/12\/influence_Verlaufe_ausgelesen.png<\/span>\n\t\t\t\t\t\t<span itemprop='height'>2169<\/span>\n\t\t\t\t\t\t<span itemprop='width'>2442<\/span>\n\t\t\t\t<\/span>\n\t\t\t\t<span class='av-structured-data'  itemprop=\"publisher\" itemtype=\"https:\/\/schema.org\/Organization\" itemscope=\"itemscope\" >\n\t\t\t\t\t\t<span itemprop='name'>Pascal Ihle<\/span>\n\t\t\t\t\t\t<span itemprop='logo' itemscope itemtype='https:\/\/schema.org\/ImageObject'>\n\t\t\t\t\t\t\t<span itemprop='url'>https:\/\/influence.ch\/wp-content\/uploads\/2025\/02\/influence_Logo_FR_weiss-1030x277.png<\/span>\n\t\t\t\t\t\t <\/span>\n\t\t\t\t<\/span><span class='av-structured-data'  itemprop=\"author\" itemscope=\"itemscope\" itemtype=\"https:\/\/schema.org\/Person\" ><span itemprop='name'>Pascal Ihle<\/span><\/span><span class='av-structured-data'  itemprop=\"datePublished\" datetime=\"2025-05-26T13:53:25+02:00\" >2026-01-29 10:20:23<\/span><span class='av-structured-data'  itemprop=\"dateModified\" itemtype=\"https:\/\/schema.org\/dateModified\" >2026-01-29 15:26:56<\/span><span class='av-structured-data'  itemprop=\"mainEntityOfPage\" itemtype=\"https:\/\/schema.org\/mainEntityOfPage\" ><span itemprop='name'>Quand le stylo se tait<\/span><\/span><\/span><\/article><article class='slide-entry flex_column  post-entry post-entry-5490 slide-entry-overview slide-loop-5 slide-parity-even  av_one_third  real-thumbnail post-format-standard'  itemscope=\"itemscope\" itemtype=\"https:\/\/schema.org\/BlogPosting\" itemprop=\"blogPost\" ><a href='https:\/\/influence.ch\/fr\/2025\/05\/26\/on-ne-pourra-jamais-compenser-ca\/' data-rel='slide-1' class='slide-image' title='\u00ab On ne pourra jamais compenser \u00e7a \u00bb'><img decoding=\"async\" width=\"495\" height=\"330\" src=\"https:\/\/influence.ch\/wp-content\/uploads\/2025\/05\/NAG_1622-scaled.jpg\" class=\"wp-image-5600 avia-img-lazy-loading-not-5600 attachment-portfolio size-portfolio wp-post-image\" alt=\"\" srcset=\"https:\/\/influence.ch\/wp-content\/uploads\/2025\/05\/NAG_1622-scaled.jpg 2560w, https:\/\/influence.ch\/wp-content\/uploads\/2025\/05\/NAG_1622-300x200.jpg 300w, https:\/\/influence.ch\/wp-content\/uploads\/2025\/05\/NAG_1622-1030x687.jpg 1030w, https:\/\/influence.ch\/wp-content\/uploads\/2025\/05\/NAG_1622-768x512.jpg 768w\" sizes=\"(max-width: 495px) 100vw, 495px\" \/><\/a><div class=\"slide-content\"><header class=\"entry-content-header\"><h3 class='slide-entry-title entry-title '  itemprop=\"headline\" ><a href='https:\/\/influence.ch\/fr\/2025\/05\/26\/on-ne-pourra-jamais-compenser-ca\/' title='\u00ab On ne pourra jamais compenser \u00e7a \u00bb'>\u00ab On ne pourra jamais compenser \u00e7a \u00bb<\/a><\/h3><span class=\"av-vertical-delimiter\"><\/span><\/header><div class=\"slide-meta\"><div class=\"slide-meta-comments\"><a href='https:\/\/influence.ch\/fr\/2025\/05\/26\/on-ne-pourra-jamais-compenser-ca\/#respond'>0 Commentaires<\/a><\/div><div class=\"slide-meta-del\">\/<\/div><time class='slide-meta-time updated'  itemprop=\"datePublished\" datetime=\"2025-05-26T13:53:25+02:00\" >26 mai 2025<\/time><\/div><div class='slide-entry-excerpt entry-content'  itemprop=\"text\" >Nora Kronig, directrice de la CRS, explique les cons\u00e9quences massives de la r\u00e9duction de l'aide am\u00e9ricaine au d\u00e9veloppement - indirectement aussi pour la Croix-Rouge suisse.  <\/div><\/div><footer class=\"entry-footer\"><\/footer><span class='hidden'>\n\t\t\t\t<span class='av-structured-data'  itemprop=\"image\" itemscope=\"itemscope\" itemtype=\"https:\/\/schema.org\/ImageObject\" >\n\t\t\t\t\t\t<span itemprop='url'>https:\/\/influence.ch\/wp-content\/uploads\/2025\/05\/NAG_1622-scaled.jpg<\/span>\n\t\t\t\t\t\t<span itemprop='height'>1707<\/span>\n\t\t\t\t\t\t<span itemprop='width'>2560<\/span>\n\t\t\t\t<\/span>\n\t\t\t\t<span class='av-structured-data'  itemprop=\"publisher\" itemtype=\"https:\/\/schema.org\/Organization\" itemscope=\"itemscope\" >\n\t\t\t\t\t\t<span itemprop='name'>Eva Novak<\/span>\n\t\t\t\t\t\t<span itemprop='logo' itemscope itemtype='https:\/\/schema.org\/ImageObject'>\n\t\t\t\t\t\t\t<span itemprop='url'>https:\/\/influence.ch\/wp-content\/uploads\/2025\/02\/influence_Logo_FR_weiss-1030x277.png<\/span>\n\t\t\t\t\t\t <\/span>\n\t\t\t\t<\/span><span class='av-structured-data'  itemprop=\"author\" itemscope=\"itemscope\" itemtype=\"https:\/\/schema.org\/Person\" ><span itemprop='name'>Eva Novak<\/span><\/span><span class='av-structured-data'  itemprop=\"datePublished\" datetime=\"2025-05-26T13:53:25+02:00\" >2025-05-26 13:53:25<\/span><span class='av-structured-data'  itemprop=\"dateModified\" itemtype=\"https:\/\/schema.org\/dateModified\" >2025-05-28 11:44:14<\/span><span class='av-structured-data'  itemprop=\"mainEntityOfPage\" itemtype=\"https:\/\/schema.org\/mainEntityOfPage\" ><span itemprop='name'>\u00ab On ne pourra jamais compenser \u00e7a \u00bb<\/span><\/span><\/span><\/article><article class='slide-entry flex_column  post-entry post-entry-4935 slide-entry-overview slide-loop-6 slide-parity-odd  av_one_third  real-thumbnail post-format-standard'  itemscope=\"itemscope\" itemtype=\"https:\/\/schema.org\/BlogPosting\" itemprop=\"blogPost\" ><a href='https:\/\/influence.ch\/fr\/2025\/05\/26\/les-jeunes-se-dispersent-politiquement\/' data-rel='slide-1' class='slide-image' title='Divergences politiques chez les jeunes'><img decoding=\"async\" width=\"495\" height=\"400\" src=\"https:\/\/influence.ch\/wp-content\/uploads\/2022\/12\/influence_Verlaeufe_V01_5-495x400.png\" class=\"wp-image-517 avia-img-lazy-loading-not-517 attachment-portfolio size-portfolio wp-post-image\" alt=\"\" srcset=\"https:\/\/influence.ch\/wp-content\/uploads\/2022\/12\/influence_Verlaeufe_V01_5-495x400.png 495w, https:\/\/influence.ch\/wp-content\/uploads\/2022\/12\/influence_Verlaeufe_V01_5-845x684.png 845w\" sizes=\"(max-width: 495px) 100vw, 495px\" \/><\/a><div class=\"slide-content\"><header class=\"entry-content-header\"><h3 class='slide-entry-title entry-title '  itemprop=\"headline\" ><a href='https:\/\/influence.ch\/fr\/2025\/05\/26\/les-jeunes-se-dispersent-politiquement\/' title='Divergences politiques chez les jeunes'>Divergences politiques chez les jeunes<\/a><\/h3><span class=\"av-vertical-delimiter\"><\/span><\/header><div class=\"slide-meta\"><div class=\"slide-meta-comments\"><a href='https:\/\/influence.ch\/fr\/2025\/05\/26\/les-jeunes-se-dispersent-politiquement\/#respond'>0 Commentaires<\/a><\/div><div class=\"slide-meta-del\">\/<\/div><time class='slide-meta-time updated'  itemprop=\"datePublished\" datetime=\"2025-05-26T13:51:54+02:00\" >26 mai 2025<\/time><\/div><div class='slide-entry-excerpt entry-content'  itemprop=\"text\" >Une \u00e9tude r\u00e9v\u00e8le l'augmentation du foss\u00e9 politique entre les adolescents - avec des cons\u00e9quences pour la Suisse<\/div><\/div><footer class=\"entry-footer\"><\/footer><span class='hidden'>\n\t\t\t\t<span class='av-structured-data'  itemprop=\"image\" itemscope=\"itemscope\" itemtype=\"https:\/\/schema.org\/ImageObject\" >\n\t\t\t\t\t\t<span itemprop='url'>https:\/\/influence.ch\/wp-content\/uploads\/2022\/12\/influence_Verlaeufe_V01_5.png<\/span>\n\t\t\t\t\t\t<span itemprop='height'>2169<\/span>\n\t\t\t\t\t\t<span itemprop='width'>2442<\/span>\n\t\t\t\t<\/span>\n\t\t\t\t<span class='av-structured-data'  itemprop=\"publisher\" itemtype=\"https:\/\/schema.org\/Organization\" itemscope=\"itemscope\" >\n\t\t\t\t\t\t<span itemprop='name'>Matthias Halbeis<\/span>\n\t\t\t\t\t\t<span itemprop='logo' itemscope itemtype='https:\/\/schema.org\/ImageObject'>\n\t\t\t\t\t\t\t<span itemprop='url'>https:\/\/influence.ch\/wp-content\/uploads\/2025\/02\/influence_Logo_FR_weiss-1030x277.png<\/span>\n\t\t\t\t\t\t <\/span>\n\t\t\t\t<\/span><span class='av-structured-data'  itemprop=\"author\" itemscope=\"itemscope\" itemtype=\"https:\/\/schema.org\/Person\" ><span itemprop='name'>Matthias Halbeis<\/span><\/span><span class='av-structured-data'  itemprop=\"datePublished\" datetime=\"2025-05-26T13:53:25+02:00\" >2025-05-26 13:51:54<\/span><span class='av-structured-data'  itemprop=\"dateModified\" itemtype=\"https:\/\/schema.org\/dateModified\" >2025-05-28 10:18:57<\/span><span class='av-structured-data'  itemprop=\"mainEntityOfPage\" itemtype=\"https:\/\/schema.org\/mainEntityOfPage\" ><span itemprop='name'>Divergences politiques chez les jeunes<\/span><\/span><\/span><\/article><\/div><div class=\"slide-entry-wrap\"><article class='slide-entry flex_column  post-entry post-entry-5182 slide-entry-overview slide-loop-7 slide-parity-odd  av_one_third first real-thumbnail post-format-standard'  itemscope=\"itemscope\" itemtype=\"https:\/\/schema.org\/BlogPosting\" itemprop=\"blogPost\" ><a href='https:\/\/influence.ch\/fr\/2025\/03\/27\/qui-ecrit-les-articles-pour-cette-plate-forme\/' data-rel='slide-1' class='slide-image' title='Qui \u00e9crit les articles pour cette plate-forme'><img decoding=\"async\" width=\"495\" height=\"400\" src=\"https:\/\/influence.ch\/wp-content\/uploads\/2022\/12\/influence_Verlaufe_ausgelesen-495x400.png\" class=\"wp-image-4344 avia-img-lazy-loading-not-4344 attachment-portfolio size-portfolio wp-post-image\" alt=\"\" srcset=\"https:\/\/influence.ch\/wp-content\/uploads\/2022\/12\/influence_Verlaufe_ausgelesen-495x400.png 495w, https:\/\/influence.ch\/wp-content\/uploads\/2022\/12\/influence_Verlaufe_ausgelesen-845x684.png 845w\" sizes=\"(max-width: 495px) 100vw, 495px\" \/><\/a><div class=\"slide-content\"><header class=\"entry-content-header\"><h3 class='slide-entry-title entry-title '  itemprop=\"headline\" ><a href='https:\/\/influence.ch\/fr\/2025\/03\/27\/qui-ecrit-les-articles-pour-cette-plate-forme\/' title='Qui \u00e9crit les articles pour cette plate-forme'>Qui \u00e9crit les articles pour cette plate-forme<\/a><\/h3><span class=\"av-vertical-delimiter\"><\/span><\/header><div class=\"slide-meta\"><div class=\"slide-meta-comments\"><a href='https:\/\/influence.ch\/fr\/2025\/03\/27\/qui-ecrit-les-articles-pour-cette-plate-forme\/#respond'>0 Commentaires<\/a><\/div><div class=\"slide-meta-del\">\/<\/div><time class='slide-meta-time updated'  itemprop=\"datePublished\" datetime=\"2025-03-27T14:45:57+01:00\" >27 mars 2025<\/time><\/div><div class='slide-entry-excerpt entry-content'  itemprop=\"text\" >D\u00e9couvrez l'expertise de furrerhugi dans influence.ch<\/div><\/div><footer class=\"entry-footer\"><\/footer><span class='hidden'>\n\t\t\t\t<span class='av-structured-data'  itemprop=\"image\" itemscope=\"itemscope\" itemtype=\"https:\/\/schema.org\/ImageObject\" >\n\t\t\t\t\t\t<span itemprop='url'>https:\/\/influence.ch\/wp-content\/uploads\/2022\/12\/influence_Verlaufe_ausgelesen.png<\/span>\n\t\t\t\t\t\t<span itemprop='height'>2169<\/span>\n\t\t\t\t\t\t<span itemprop='width'>2442<\/span>\n\t\t\t\t<\/span>\n\t\t\t\t<span class='av-structured-data'  itemprop=\"publisher\" itemtype=\"https:\/\/schema.org\/Organization\" itemscope=\"itemscope\" >\n\t\t\t\t\t\t<span itemprop='name'>Matthias Halbeis<\/span>\n\t\t\t\t\t\t<span itemprop='logo' itemscope itemtype='https:\/\/schema.org\/ImageObject'>\n\t\t\t\t\t\t\t<span itemprop='url'>https:\/\/influence.ch\/wp-content\/uploads\/2025\/02\/influence_Logo_FR_weiss-1030x277.png<\/span>\n\t\t\t\t\t\t <\/span>\n\t\t\t\t<\/span><span class='av-structured-data'  itemprop=\"author\" itemscope=\"itemscope\" itemtype=\"https:\/\/schema.org\/Person\" ><span itemprop='name'>Matthias Halbeis<\/span><\/span><span class='av-structured-data'  itemprop=\"datePublished\" datetime=\"2025-05-26T13:53:25+02:00\" >2025-03-27 14:45:57<\/span><span class='av-structured-data'  itemprop=\"dateModified\" itemtype=\"https:\/\/schema.org\/dateModified\" >2025-03-27 19:42:52<\/span><span class='av-structured-data'  itemprop=\"mainEntityOfPage\" itemtype=\"https:\/\/schema.org\/mainEntityOfPage\" ><span itemprop='name'>Qui \u00e9crit les articles pour cette plate-forme<\/span><\/span><\/span><\/article><article class='slide-entry flex_column  post-entry post-entry-4689 slide-entry-overview slide-loop-8 slide-parity-even  av_one_third  real-thumbnail post-format-standard'  itemscope=\"itemscope\" itemtype=\"https:\/\/schema.org\/BlogPosting\" itemprop=\"blogPost\" ><a href='https:\/\/influence.ch\/fr\/2025\/02\/27\/nouvel-ordre-mondial-nouvelles-regles\/' data-rel='slide-1' class='slide-image' title='Nouvel ordre mondial, nouvelles r\u00e8gles'><img decoding=\"async\" width=\"495\" height=\"400\" src=\"https:\/\/influence.ch\/wp-content\/uploads\/2025\/02\/influence_Verlaufe_politik-495x400.png\" class=\"wp-image-4694 avia-img-lazy-loading-not-4694 attachment-portfolio size-portfolio wp-post-image\" alt=\"\" srcset=\"https:\/\/influence.ch\/wp-content\/uploads\/2025\/02\/influence_Verlaufe_politik-495x400.png 495w, https:\/\/influence.ch\/wp-content\/uploads\/2025\/02\/influence_Verlaufe_politik-845x684.png 845w\" sizes=\"(max-width: 495px) 100vw, 495px\" \/><\/a><div class=\"slide-content\"><header class=\"entry-content-header\"><h3 class='slide-entry-title entry-title '  itemprop=\"headline\" ><a href='https:\/\/influence.ch\/fr\/2025\/02\/27\/nouvel-ordre-mondial-nouvelles-regles\/' title='Nouvel ordre mondial, nouvelles r\u00e8gles'>Nouvel ordre mondial, nouvelles r\u00e8gles<\/a><\/h3><span class=\"av-vertical-delimiter\"><\/span><\/header><div class=\"slide-meta\"><div class=\"slide-meta-comments\"><a href='https:\/\/influence.ch\/fr\/2025\/02\/27\/nouvel-ordre-mondial-nouvelles-regles\/#respond'>0 Commentaires<\/a><\/div><div class=\"slide-meta-del\">\/<\/div><time class='slide-meta-time updated'  itemprop=\"datePublished\" datetime=\"2025-02-27T08:33:11+01:00\" >27 f\u00e9vrier 2025<\/time><\/div><div class='slide-entry-excerpt entry-content'  itemprop=\"text\" >Pourquoi les entreprises doivent faire de la g\u00e9opolitique une priorit\u00e9 pour rester comp\u00e9titifs dans un monde multipolaire  <\/div><\/div><footer class=\"entry-footer\"><\/footer><span class='hidden'>\n\t\t\t\t<span class='av-structured-data'  itemprop=\"image\" itemscope=\"itemscope\" itemtype=\"https:\/\/schema.org\/ImageObject\" >\n\t\t\t\t\t\t<span itemprop='url'>https:\/\/influence.ch\/wp-content\/uploads\/2025\/02\/influence_Verlaufe_politik.png<\/span>\n\t\t\t\t\t\t<span itemprop='height'>2169<\/span>\n\t\t\t\t\t\t<span itemprop='width'>2442<\/span>\n\t\t\t\t<\/span>\n\t\t\t\t<span class='av-structured-data'  itemprop=\"publisher\" itemtype=\"https:\/\/schema.org\/Organization\" itemscope=\"itemscope\" >\n\t\t\t\t\t\t<span itemprop='name'>Matthias Halbeis<\/span>\n\t\t\t\t\t\t<span itemprop='logo' itemscope itemtype='https:\/\/schema.org\/ImageObject'>\n\t\t\t\t\t\t\t<span itemprop='url'>https:\/\/influence.ch\/wp-content\/uploads\/2025\/02\/influence_Logo_FR_weiss-1030x277.png<\/span>\n\t\t\t\t\t\t <\/span>\n\t\t\t\t<\/span><span class='av-structured-data'  itemprop=\"author\" itemscope=\"itemscope\" itemtype=\"https:\/\/schema.org\/Person\" ><span itemprop='name'>Matthias Halbeis<\/span><\/span><span class='av-structured-data'  itemprop=\"datePublished\" datetime=\"2025-05-26T13:53:25+02:00\" >2025-02-27 08:33:11<\/span><span class='av-structured-data'  itemprop=\"dateModified\" itemtype=\"https:\/\/schema.org\/dateModified\" >2025-02-27 15:29:03<\/span><span class='av-structured-data'  itemprop=\"mainEntityOfPage\" itemtype=\"https:\/\/schema.org\/mainEntityOfPage\" ><span itemprop='name'>Nouvel ordre mondial, nouvelles r\u00e8gles<\/span><\/span><\/span><\/article><article class='slide-entry flex_column  post-entry post-entry-4684 slide-entry-overview slide-loop-9 slide-parity-odd  post-entry-last  av_one_third  real-thumbnail post-format-standard'  itemscope=\"itemscope\" itemtype=\"https:\/\/schema.org\/BlogPosting\" itemprop=\"blogPost\" ><a href='https:\/\/influence.ch\/fr\/2025\/02\/27\/ce-que-veulent-vraiment-les-electeurs\/' data-rel='slide-1' class='slide-image' title='Ce que les \u00e9lecteurs des partis populistes veulent vraiment'><img decoding=\"async\" width=\"495\" height=\"400\" src=\"https:\/\/influence.ch\/wp-content\/uploads\/2022\/12\/influence_Verlaeufe_V01_1-495x400.png\" class=\"wp-image-522 avia-img-lazy-loading-not-522 attachment-portfolio size-portfolio wp-post-image\" alt=\"\" srcset=\"https:\/\/influence.ch\/wp-content\/uploads\/2022\/12\/influence_Verlaeufe_V01_1-495x400.png 495w, https:\/\/influence.ch\/wp-content\/uploads\/2022\/12\/influence_Verlaeufe_V01_1-845x684.png 845w\" sizes=\"(max-width: 495px) 100vw, 495px\" \/><\/a><div class=\"slide-content\"><header class=\"entry-content-header\"><h3 class='slide-entry-title entry-title '  itemprop=\"headline\" ><a href='https:\/\/influence.ch\/fr\/2025\/02\/27\/ce-que-veulent-vraiment-les-electeurs\/' title='Ce que les \u00e9lecteurs des partis populistes veulent vraiment'>Ce que les \u00e9lecteurs des partis populistes veulent vraiment<\/a><\/h3><span class=\"av-vertical-delimiter\"><\/span><\/header><div class=\"slide-meta\"><time class='slide-meta-time updated'  itemprop=\"datePublished\" datetime=\"2025-02-27T08:30:45+01:00\" >27 f\u00e9vrier 2025<\/time><\/div><div class='slide-entry-excerpt entry-content'  itemprop=\"text\" >Une nouvelle \u00e9tude montre pourquoi l'\u00e9lectorat ne demande pas moins de d\u00e9mocratie, mais une autre forme de celle-ci  \r\n <\/div><\/div><footer class=\"entry-footer\"><\/footer><span class='hidden'>\n\t\t\t\t<span class='av-structured-data'  itemprop=\"image\" itemscope=\"itemscope\" itemtype=\"https:\/\/schema.org\/ImageObject\" >\n\t\t\t\t\t\t<span itemprop='url'>https:\/\/influence.ch\/wp-content\/uploads\/2022\/12\/influence_Verlaeufe_V01_1.png<\/span>\n\t\t\t\t\t\t<span itemprop='height'>2169<\/span>\n\t\t\t\t\t\t<span itemprop='width'>2442<\/span>\n\t\t\t\t<\/span>\n\t\t\t\t<span class='av-structured-data'  itemprop=\"publisher\" itemtype=\"https:\/\/schema.org\/Organization\" itemscope=\"itemscope\" >\n\t\t\t\t\t\t<span itemprop='name'>Matthias Halbeis<\/span>\n\t\t\t\t\t\t<span itemprop='logo' itemscope itemtype='https:\/\/schema.org\/ImageObject'>\n\t\t\t\t\t\t\t<span itemprop='url'>https:\/\/influence.ch\/wp-content\/uploads\/2025\/02\/influence_Logo_FR_weiss-1030x277.png<\/span>\n\t\t\t\t\t\t <\/span>\n\t\t\t\t<\/span><span class='av-structured-data'  itemprop=\"author\" itemscope=\"itemscope\" itemtype=\"https:\/\/schema.org\/Person\" ><span itemprop='name'>Matthias Halbeis<\/span><\/span><span class='av-structured-data'  itemprop=\"datePublished\" datetime=\"2025-05-26T13:53:25+02:00\" >2025-02-27 08:30:45<\/span><span class='av-structured-data'  itemprop=\"dateModified\" itemtype=\"https:\/\/schema.org\/dateModified\" >2025-02-27 15:31:32<\/span><span class='av-structured-data'  itemprop=\"mainEntityOfPage\" itemtype=\"https:\/\/schema.org\/mainEntityOfPage\" ><span itemprop='name'>Ce que les \u00e9lecteurs des partis populistes veulent vraiment<\/span><\/span><\/span><\/article><\/div><\/div><div class='avia-slideshow-arrows avia-slideshow-controls' ><a href='#prev' class='prev-slide ' aria-hidden='true' data-av_icon='\ue87c' data-av_iconfont='entypo-fontello'  tabindex='-1'>Pr\u00e9c\u00e9dent<\/a><a href='#next' class='next-slide ' aria-hidden='true' data-av_icon='\ue87d' data-av_iconfont='entypo-fontello'  tabindex='-1'>Suivant<\/a><\/div><\/div>\n<\/p>\n","protected":false},"excerpt":{"rendered":"<p>Nora Kronig, directrice de la CRS, explique les cons\u00e9quences massives de la r\u00e9duction de l&rsquo;aide am\u00e9ricaine au d\u00e9veloppement &#8211; indirectement aussi pour la Croix-Rouge suisse.  <\/p>\n","protected":false},"author":4,"featured_media":5600,"comment_status":"open","ping_status":"open","sticky":false,"template":"","format":"standard","meta":{"footnotes":""},"categories":[50],"tags":[58],"class_list":["post-5490","post","type-post","status-publish","format-standard","has-post-thumbnail","hentry","category-lentretien","tag-landscape"],"yoast_head":"<!-- This site is optimized with the Yoast SEO plugin v27.0 - https:\/\/yoast.com\/product\/yoast-seo-wordpress\/ -->\n<title>\u00ab On ne pourra jamais compenser \u00e7a \u00bb - influence powered by furrerhugi<\/title>\n<meta name=\"description\" content=\"Nora Kronig, directrice de la CRS, explique les cons\u00e9quences massives de la r\u00e9duction de l&#039;aide am\u00e9ricaine au d\u00e9veloppement - indirectement aussi pour la Croix-Rouge suisse.\" \/>\n<meta name=\"robots\" content=\"index, follow, max-snippet:-1, max-image-preview:large, max-video-preview:-1\" \/>\n<link rel=\"canonical\" href=\"https:\/\/influence.ch\/fr\/2025\/05\/26\/on-ne-pourra-jamais-compenser-ca\/\" \/>\n<meta property=\"og:locale\" content=\"fr_FR\" \/>\n<meta property=\"og:type\" content=\"article\" \/>\n<meta property=\"og:title\" content=\"\u00ab On ne pourra jamais compenser \u00e7a \u00bb - influence powered by furrerhugi\" \/>\n<meta property=\"og:description\" content=\"Nora Kronig, directrice de la CRS, explique les cons\u00e9quences massives de la r\u00e9duction de l&#039;aide am\u00e9ricaine au d\u00e9veloppement - indirectement aussi pour la Croix-Rouge suisse.\" \/>\n<meta property=\"og:url\" content=\"https:\/\/influence.ch\/fr\/2025\/05\/26\/on-ne-pourra-jamais-compenser-ca\/\" \/>\n<meta property=\"og:site_name\" content=\"influence powered by furrerhugi\" \/>\n<meta property=\"article:published_time\" content=\"2025-05-26T11:53:25+00:00\" \/>\n<meta property=\"article:modified_time\" content=\"2025-05-28T09:44:14+00:00\" \/>\n<meta property=\"og:image\" content=\"https:\/\/influence.ch\/wp-content\/uploads\/2025\/05\/Nora-Kronig-Romero.jpg-2_neu-1030x548.png\" \/>\n\t<meta property=\"og:image:width\" content=\"1030\" \/>\n\t<meta property=\"og:image:height\" content=\"548\" \/>\n\t<meta property=\"og:image:type\" content=\"image\/png\" \/>\n<meta name=\"author\" content=\"Eva Novak\" \/>\n<meta name=\"twitter:card\" content=\"summary_large_image\" \/>\n<meta name=\"twitter:image\" content=\"https:\/\/influence.ch\/wp-content\/uploads\/2025\/05\/Nora-Kronig-Romero.jpg-2_neu.png\" \/>\n<meta name=\"twitter:label1\" content=\"\u00c9crit par\" \/>\n\t<meta name=\"twitter:data1\" content=\"Eva Novak\" \/>\n\t<meta name=\"twitter:label2\" content=\"Dur\u00e9e de lecture estim\u00e9e\" \/>\n\t<meta name=\"twitter:data2\" content=\"14 minutes\" \/>\n<script type=\"application\/ld+json\" class=\"yoast-schema-graph\">{\"@context\":\"https:\/\/schema.org\",\"@graph\":[{\"@type\":\"Article\",\"@id\":\"https:\/\/influence.ch\/fr\/2025\/05\/26\/on-ne-pourra-jamais-compenser-ca\/#article\",\"isPartOf\":{\"@id\":\"https:\/\/influence.ch\/fr\/2025\/05\/26\/on-ne-pourra-jamais-compenser-ca\/\"},\"author\":{\"name\":\"Eva Novak\",\"@id\":\"https:\/\/influence.ch\/#\/schema\/person\/99fd58292bbc4b9334a375c3d2f822a5\"},\"headline\":\"\u00ab On ne pourra jamais compenser \u00e7a \u00bb\",\"datePublished\":\"2025-05-26T11:53:25+00:00\",\"dateModified\":\"2025-05-28T09:44:14+00:00\",\"mainEntityOfPage\":{\"@id\":\"https:\/\/influence.ch\/fr\/2025\/05\/26\/on-ne-pourra-jamais-compenser-ca\/\"},\"wordCount\":3739,\"commentCount\":0,\"image\":{\"@id\":\"https:\/\/influence.ch\/fr\/2025\/05\/26\/on-ne-pourra-jamais-compenser-ca\/#primaryimage\"},\"thumbnailUrl\":\"https:\/\/influence.ch\/wp-content\/uploads\/2025\/05\/NAG_1622-scaled.jpg\",\"keywords\":[\"Landscape\"],\"articleSection\":[\"*L'entretien*\"],\"inLanguage\":\"fr-FR\",\"potentialAction\":[{\"@type\":\"CommentAction\",\"name\":\"Comment\",\"target\":[\"https:\/\/influence.ch\/fr\/2025\/05\/26\/on-ne-pourra-jamais-compenser-ca\/#respond\"]}]},{\"@type\":\"WebPage\",\"@id\":\"https:\/\/influence.ch\/fr\/2025\/05\/26\/on-ne-pourra-jamais-compenser-ca\/\",\"url\":\"https:\/\/influence.ch\/fr\/2025\/05\/26\/on-ne-pourra-jamais-compenser-ca\/\",\"name\":\"\u00ab On ne pourra jamais compenser \u00e7a \u00bb - influence powered by furrerhugi\",\"isPartOf\":{\"@id\":\"https:\/\/influence.ch\/#website\"},\"primaryImageOfPage\":{\"@id\":\"https:\/\/influence.ch\/fr\/2025\/05\/26\/on-ne-pourra-jamais-compenser-ca\/#primaryimage\"},\"image\":{\"@id\":\"https:\/\/influence.ch\/fr\/2025\/05\/26\/on-ne-pourra-jamais-compenser-ca\/#primaryimage\"},\"thumbnailUrl\":\"https:\/\/influence.ch\/wp-content\/uploads\/2025\/05\/NAG_1622-scaled.jpg\",\"datePublished\":\"2025-05-26T11:53:25+00:00\",\"dateModified\":\"2025-05-28T09:44:14+00:00\",\"author\":{\"@id\":\"https:\/\/influence.ch\/#\/schema\/person\/99fd58292bbc4b9334a375c3d2f822a5\"},\"description\":\"Nora Kronig, directrice de la CRS, explique les cons\u00e9quences massives de la r\u00e9duction de l'aide am\u00e9ricaine au d\u00e9veloppement - indirectement aussi pour la Croix-Rouge suisse.\",\"breadcrumb\":{\"@id\":\"https:\/\/influence.ch\/fr\/2025\/05\/26\/on-ne-pourra-jamais-compenser-ca\/#breadcrumb\"},\"inLanguage\":\"fr-FR\",\"potentialAction\":[{\"@type\":\"ReadAction\",\"target\":[\"https:\/\/influence.ch\/fr\/2025\/05\/26\/on-ne-pourra-jamais-compenser-ca\/\"]}]},{\"@type\":\"ImageObject\",\"inLanguage\":\"fr-FR\",\"@id\":\"https:\/\/influence.ch\/fr\/2025\/05\/26\/on-ne-pourra-jamais-compenser-ca\/#primaryimage\",\"url\":\"https:\/\/influence.ch\/wp-content\/uploads\/2025\/05\/NAG_1622-scaled.jpg\",\"contentUrl\":\"https:\/\/influence.ch\/wp-content\/uploads\/2025\/05\/NAG_1622-scaled.jpg\",\"width\":2560,\"height\":1707,\"caption\":\"Nora Kronig Romero, Direktorin des Schweizerischen Roten Kreuzes. Aufgenommen am 05.04.2024 in Bern. Bild \u00a9 Remo Naegeli\"},{\"@type\":\"BreadcrumbList\",\"@id\":\"https:\/\/influence.ch\/fr\/2025\/05\/26\/on-ne-pourra-jamais-compenser-ca\/#breadcrumb\",\"itemListElement\":[{\"@type\":\"ListItem\",\"position\":1,\"name\":\"Startseite\",\"item\":\"https:\/\/influence.ch\/fr\/influence\/\"},{\"@type\":\"ListItem\",\"position\":2,\"name\":\"\u00ab On ne pourra jamais compenser \u00e7a \u00bb\"}]},{\"@type\":\"WebSite\",\"@id\":\"https:\/\/influence.ch\/#website\",\"url\":\"https:\/\/influence.ch\/\",\"name\":\"influence powered by furrerhugi\",\"description\":\"Vorsprung durch Wissen\",\"potentialAction\":[{\"@type\":\"SearchAction\",\"target\":{\"@type\":\"EntryPoint\",\"urlTemplate\":\"https:\/\/influence.ch\/?s={search_term_string}\"},\"query-input\":{\"@type\":\"PropertyValueSpecification\",\"valueRequired\":true,\"valueName\":\"search_term_string\"}}],\"inLanguage\":\"fr-FR\"},{\"@type\":\"Person\",\"@id\":\"https:\/\/influence.ch\/#\/schema\/person\/99fd58292bbc4b9334a375c3d2f822a5\",\"name\":\"Eva Novak\",\"image\":{\"@type\":\"ImageObject\",\"inLanguage\":\"fr-FR\",\"@id\":\"https:\/\/influence.ch\/#\/schema\/person\/image\/\",\"url\":\"https:\/\/secure.gravatar.com\/avatar\/60a37909850761ea4a45505c30a639121248c9943cb71f3376d1dcf705d6e080?s=96&d=mm&r=g\",\"contentUrl\":\"https:\/\/secure.gravatar.com\/avatar\/60a37909850761ea4a45505c30a639121248c9943cb71f3376d1dcf705d6e080?s=96&d=mm&r=g\",\"caption\":\"Eva Novak\"},\"url\":\"https:\/\/influence.ch\/fr\/author\/eva-novak\/\"}]}<\/script>\n<!-- \/ Yoast SEO plugin. -->","yoast_head_json":{"title":"\u00ab On ne pourra jamais compenser \u00e7a \u00bb - influence powered by furrerhugi","description":"Nora Kronig, directrice de la CRS, explique les cons\u00e9quences massives de la r\u00e9duction de l'aide am\u00e9ricaine au d\u00e9veloppement - indirectement aussi pour la Croix-Rouge suisse.","robots":{"index":"index","follow":"follow","max-snippet":"max-snippet:-1","max-image-preview":"max-image-preview:large","max-video-preview":"max-video-preview:-1"},"canonical":"https:\/\/influence.ch\/fr\/2025\/05\/26\/on-ne-pourra-jamais-compenser-ca\/","og_locale":"fr_FR","og_type":"article","og_title":"\u00ab On ne pourra jamais compenser \u00e7a \u00bb - influence powered by furrerhugi","og_description":"Nora Kronig, directrice de la CRS, explique les cons\u00e9quences massives de la r\u00e9duction de l'aide am\u00e9ricaine au d\u00e9veloppement - indirectement aussi pour la Croix-Rouge suisse.","og_url":"https:\/\/influence.ch\/fr\/2025\/05\/26\/on-ne-pourra-jamais-compenser-ca\/","og_site_name":"influence powered by furrerhugi","article_published_time":"2025-05-26T11:53:25+00:00","article_modified_time":"2025-05-28T09:44:14+00:00","og_image":[{"width":1030,"height":548,"url":"https:\/\/influence.ch\/wp-content\/uploads\/2025\/05\/Nora-Kronig-Romero.jpg-2_neu-1030x548.png","type":"image\/png"}],"author":"Eva Novak","twitter_card":"summary_large_image","twitter_image":"https:\/\/influence.ch\/wp-content\/uploads\/2025\/05\/Nora-Kronig-Romero.jpg-2_neu.png","twitter_misc":{"\u00c9crit par":"Eva Novak","Dur\u00e9e de lecture estim\u00e9e":"14 minutes"},"schema":{"@context":"https:\/\/schema.org","@graph":[{"@type":"Article","@id":"https:\/\/influence.ch\/fr\/2025\/05\/26\/on-ne-pourra-jamais-compenser-ca\/#article","isPartOf":{"@id":"https:\/\/influence.ch\/fr\/2025\/05\/26\/on-ne-pourra-jamais-compenser-ca\/"},"author":{"name":"Eva Novak","@id":"https:\/\/influence.ch\/#\/schema\/person\/99fd58292bbc4b9334a375c3d2f822a5"},"headline":"\u00ab On ne pourra jamais compenser \u00e7a \u00bb","datePublished":"2025-05-26T11:53:25+00:00","dateModified":"2025-05-28T09:44:14+00:00","mainEntityOfPage":{"@id":"https:\/\/influence.ch\/fr\/2025\/05\/26\/on-ne-pourra-jamais-compenser-ca\/"},"wordCount":3739,"commentCount":0,"image":{"@id":"https:\/\/influence.ch\/fr\/2025\/05\/26\/on-ne-pourra-jamais-compenser-ca\/#primaryimage"},"thumbnailUrl":"https:\/\/influence.ch\/wp-content\/uploads\/2025\/05\/NAG_1622-scaled.jpg","keywords":["Landscape"],"articleSection":["*L'entretien*"],"inLanguage":"fr-FR","potentialAction":[{"@type":"CommentAction","name":"Comment","target":["https:\/\/influence.ch\/fr\/2025\/05\/26\/on-ne-pourra-jamais-compenser-ca\/#respond"]}]},{"@type":"WebPage","@id":"https:\/\/influence.ch\/fr\/2025\/05\/26\/on-ne-pourra-jamais-compenser-ca\/","url":"https:\/\/influence.ch\/fr\/2025\/05\/26\/on-ne-pourra-jamais-compenser-ca\/","name":"\u00ab On ne pourra jamais compenser \u00e7a \u00bb - influence powered by furrerhugi","isPartOf":{"@id":"https:\/\/influence.ch\/#website"},"primaryImageOfPage":{"@id":"https:\/\/influence.ch\/fr\/2025\/05\/26\/on-ne-pourra-jamais-compenser-ca\/#primaryimage"},"image":{"@id":"https:\/\/influence.ch\/fr\/2025\/05\/26\/on-ne-pourra-jamais-compenser-ca\/#primaryimage"},"thumbnailUrl":"https:\/\/influence.ch\/wp-content\/uploads\/2025\/05\/NAG_1622-scaled.jpg","datePublished":"2025-05-26T11:53:25+00:00","dateModified":"2025-05-28T09:44:14+00:00","author":{"@id":"https:\/\/influence.ch\/#\/schema\/person\/99fd58292bbc4b9334a375c3d2f822a5"},"description":"Nora Kronig, directrice de la CRS, explique les cons\u00e9quences massives de la r\u00e9duction de l'aide am\u00e9ricaine au d\u00e9veloppement - indirectement aussi pour la Croix-Rouge suisse.","breadcrumb":{"@id":"https:\/\/influence.ch\/fr\/2025\/05\/26\/on-ne-pourra-jamais-compenser-ca\/#breadcrumb"},"inLanguage":"fr-FR","potentialAction":[{"@type":"ReadAction","target":["https:\/\/influence.ch\/fr\/2025\/05\/26\/on-ne-pourra-jamais-compenser-ca\/"]}]},{"@type":"ImageObject","inLanguage":"fr-FR","@id":"https:\/\/influence.ch\/fr\/2025\/05\/26\/on-ne-pourra-jamais-compenser-ca\/#primaryimage","url":"https:\/\/influence.ch\/wp-content\/uploads\/2025\/05\/NAG_1622-scaled.jpg","contentUrl":"https:\/\/influence.ch\/wp-content\/uploads\/2025\/05\/NAG_1622-scaled.jpg","width":2560,"height":1707,"caption":"Nora Kronig Romero, Direktorin des Schweizerischen Roten Kreuzes. Aufgenommen am 05.04.2024 in Bern. Bild \u00a9 Remo Naegeli"},{"@type":"BreadcrumbList","@id":"https:\/\/influence.ch\/fr\/2025\/05\/26\/on-ne-pourra-jamais-compenser-ca\/#breadcrumb","itemListElement":[{"@type":"ListItem","position":1,"name":"Startseite","item":"https:\/\/influence.ch\/fr\/influence\/"},{"@type":"ListItem","position":2,"name":"\u00ab On ne pourra jamais compenser \u00e7a \u00bb"}]},{"@type":"WebSite","@id":"https:\/\/influence.ch\/#website","url":"https:\/\/influence.ch\/","name":"influence powered by furrerhugi","description":"Vorsprung durch Wissen","potentialAction":[{"@type":"SearchAction","target":{"@type":"EntryPoint","urlTemplate":"https:\/\/influence.ch\/?s={search_term_string}"},"query-input":{"@type":"PropertyValueSpecification","valueRequired":true,"valueName":"search_term_string"}}],"inLanguage":"fr-FR"},{"@type":"Person","@id":"https:\/\/influence.ch\/#\/schema\/person\/99fd58292bbc4b9334a375c3d2f822a5","name":"Eva Novak","image":{"@type":"ImageObject","inLanguage":"fr-FR","@id":"https:\/\/influence.ch\/#\/schema\/person\/image\/","url":"https:\/\/secure.gravatar.com\/avatar\/60a37909850761ea4a45505c30a639121248c9943cb71f3376d1dcf705d6e080?s=96&d=mm&r=g","contentUrl":"https:\/\/secure.gravatar.com\/avatar\/60a37909850761ea4a45505c30a639121248c9943cb71f3376d1dcf705d6e080?s=96&d=mm&r=g","caption":"Eva Novak"},"url":"https:\/\/influence.ch\/fr\/author\/eva-novak\/"}]}},"_links":{"self":[{"href":"https:\/\/influence.ch\/fr\/wp-json\/wp\/v2\/posts\/5490","targetHints":{"allow":["GET"]}}],"collection":[{"href":"https:\/\/influence.ch\/fr\/wp-json\/wp\/v2\/posts"}],"about":[{"href":"https:\/\/influence.ch\/fr\/wp-json\/wp\/v2\/types\/post"}],"author":[{"embeddable":true,"href":"https:\/\/influence.ch\/fr\/wp-json\/wp\/v2\/users\/4"}],"replies":[{"embeddable":true,"href":"https:\/\/influence.ch\/fr\/wp-json\/wp\/v2\/comments?post=5490"}],"version-history":[{"count":10,"href":"https:\/\/influence.ch\/fr\/wp-json\/wp\/v2\/posts\/5490\/revisions"}],"predecessor-version":[{"id":5604,"href":"https:\/\/influence.ch\/fr\/wp-json\/wp\/v2\/posts\/5490\/revisions\/5604"}],"wp:featuredmedia":[{"embeddable":true,"href":"https:\/\/influence.ch\/fr\/wp-json\/wp\/v2\/media\/5600"}],"wp:attachment":[{"href":"https:\/\/influence.ch\/fr\/wp-json\/wp\/v2\/media?parent=5490"}],"wp:term":[{"taxonomy":"category","embeddable":true,"href":"https:\/\/influence.ch\/fr\/wp-json\/wp\/v2\/categories?post=5490"},{"taxonomy":"post_tag","embeddable":true,"href":"https:\/\/influence.ch\/fr\/wp-json\/wp\/v2\/tags?post=5490"}],"curies":[{"name":"wp","href":"https:\/\/api.w.org\/{rel}","templated":true}]}}