{"id":5463,"date":"2025-05-26T13:52:19","date_gmt":"2025-05-26T11:52:19","guid":{"rendered":"https:\/\/influence.ch\/?p=5463"},"modified":"2025-05-28T10:18:38","modified_gmt":"2025-05-28T08:18:38","slug":"les-idees-sont-a-lepreuve-des-balles","status":"publish","type":"post","link":"https:\/\/influence.ch\/fr\/2025\/05\/26\/les-idees-sont-a-lepreuve-des-balles\/","title":{"rendered":"Les id\u00e9es sont \u00e0 l&rsquo;\u00e9preuve des balles"},"content":{"rendered":"\n<style type=\"text\/css\" data-created_by=\"avia_inline_auto\" id=\"style-css-av-37s3-dc5ab0bdae0e6b1e5284627a5833266b\">\n.avia-section.av-37s3-dc5ab0bdae0e6b1e5284627a5833266b{\nmargin-top:20px;\nmargin-bottom:20px;\n}\n<\/style>\n<div id='av_section_1'  class='avia-section av-37s3-dc5ab0bdae0e6b1e5284627a5833266b main_color avia-section-default avia-no-border-styling  avia-builder-el-0  el_before_av_section  avia-builder-el-first  head_komm avia-bg-style-scroll container_wrap fullsize'  ><div class='container av-section-cont-open' ><main  role=\"main\" itemprop=\"mainContentOfPage\"  class='template-page content  av-content-full alpha units'><div class='post-entry post-entry-type-page post-entry-5463'><div class='entry-content-wrapper clearfix'>\n\n<style type=\"text\/css\" data-created_by=\"avia_inline_auto\" id=\"style-css-av-ll3dnv6h-4148c811db292f0b98b5ef1a1b585ab3\">\n#top .hr.hr-invisible.av-ll3dnv6h-4148c811db292f0b98b5ef1a1b585ab3{\nheight:40px;\n}\n<\/style>\n<div  class='hr av-ll3dnv6h-4148c811db292f0b98b5ef1a1b585ab3 hr-invisible  avia-builder-el-1  el_before_av_post_metadata  avia-builder-el-first '><span class='hr-inner '><span class=\"hr-inner-style\"><\/span><\/span><\/div>\n\n<style type=\"text\/css\" data-created_by=\"avia_inline_auto\" id=\"style-css-av-ll2bygrq-a1a13b3da260d9c9d49905a783ae5cc5\">\n#top .av-post-metadata-container.av-ll2bygrq-a1a13b3da260d9c9d49905a783ae5cc5{\ncolor:#ffffff;\nfont-size:22px;\n}\n#top .av-post-metadata-container.av-ll2bygrq-a1a13b3da260d9c9d49905a783ae5cc5 .av-post-metadata-container-inner{\nfont-size:22px;\n}\n<\/style>\n<div  id=\"author\"  class='av-post-metadata-container av-ll2bygrq-a1a13b3da260d9c9d49905a783ae5cc5 av-metadata-container-align-left  avia-builder-el-2  el_after_av_hr  el_before_av_one_full  av-desktop-hide av-medium-hide av-small-hide av-mini-hide av-metadata-container-1'><div class='av-post-metadata-container-inner'><span class=\"av-post-metadata-content av-post-metadata-meta-content\"><span class=\"av-post-metadata-content av-post-metadata-category\"><span class=\"av-post-metadata-category-link\" ><a href=\"https:\/\/influence.ch\/fr\/category\/la-politique-au-cinema\/\" >La politique au cin\u00e9ma<\/a><\/span><\/span><\/span><\/div><\/div>\n<div class='flex_column av-580n-a0c99beb2a1882896586deb18bcf5405 av_one_full  avia-builder-el-3  el_after_av_post_metadata  el_before_av_post_metadata  first flex_column_div '     ><style type=\"text\/css\" data-created_by=\"avia_inline_auto\" id=\"style-css-av-lajol5k3-bcabd5439ce39e62158db334b9b99d68\">\n#top .av_textblock_section.av-lajol5k3-bcabd5439ce39e62158db334b9b99d68 .avia_textblock{\ncolor:#ffffff;\n}\n<\/style>\n<section  class='av_textblock_section av-lajol5k3-bcabd5439ce39e62158db334b9b99d68'  itemscope=\"itemscope\" itemtype=\"https:\/\/schema.org\/BlogPosting\" itemprop=\"blogPost\" ><div class='avia_textblock av_inherit_color'  itemprop=\"text\" ><h1 style=\"text-align: center;\"><\/h1>\n<h1 style=\"text-align: center;\">Les id\u00e9es sont \u00e0 l&rsquo;\u00e9preuve des balles<\/h1>\n<p style=\"text-align: center;\">Politique au cin\u00e9ma #15 : comment le \u00ab V \u00bb masqu\u00e9 renverse un r\u00e9gime n\u00e9ofasciste avec sa vendetta<\/p>\n<\/div><\/section><\/div>\n<style type=\"text\/css\" data-created_by=\"avia_inline_auto\" id=\"style-css-av-kqp-d3340c463e9779d9fb5e4297bb48a84f\">\n#top .av-post-metadata-container.av-kqp-d3340c463e9779d9fb5e4297bb48a84f{\ncolor:#ffffff;\n}\n<\/style>\n<div  id=\"author\"  class='av-post-metadata-container av-kqp-d3340c463e9779d9fb5e4297bb48a84f av-metadata-container-align-left  avia-builder-el-5  el_after_av_one_full  el_before_av_hr  av-desktop-hide av-medium-hide av-small-hide av-mini-hide av-metadata-container-2'><div class='av-post-metadata-container-inner'><span class=\"av-post-metadata-content av-post-metadata-meta-content\"><span class=\"av-post-metadata-content av-post-metadata-author\"  itemprop=\"author\" ><span class=\"av-post-metadata-author-link\" ><a href=\"https:\/\/influence.ch\/fr\/author\/meier-halbeis\/\"  rel=\"author\">Thomas Meier &amp; Matthias Halbeis<\/a><\/span><\/span><\/span><\/div><\/div>\n\n<style type=\"text\/css\" data-created_by=\"avia_inline_auto\" id=\"style-css-av-3rkb-5af53ac747b34df56e11174e8e22e573\">\n#top .hr.hr-invisible.av-3rkb-5af53ac747b34df56e11174e8e22e573{\nheight:40px;\n}\n<\/style>\n<div  class='hr av-3rkb-5af53ac747b34df56e11174e8e22e573 hr-invisible  avia-builder-el-6  el_after_av_post_metadata  avia-builder-el-last '><span class='hr-inner '><span class=\"hr-inner-style\"><\/span><\/span><\/div>\n\n<\/div><\/div><\/main><!-- close content main element --><\/div><\/div><div id='av_section_2'  class='avia-section av-4nqx-1f9ea2e9ed6a23cc856f96335c63c817 main_color avia-section-default avia-no-border-styling  avia-builder-el-7  el_after_av_section  el_before_av_section  post-inhalt avia-bg-style-scroll container_wrap fullsize'  ><div class='container av-section-cont-open' ><div class='template-page content  av-content-full alpha units'><div class='post-entry post-entry-type-page post-entry-5463'><div class='entry-content-wrapper clearfix'>\n\n<style type=\"text\/css\" data-created_by=\"avia_inline_auto\" id=\"style-css-av-ll2diep3-4379f21ceadb0c1eabec389020991252\">\n#top .av-post-metadata-container.av-ll2diep3-4379f21ceadb0c1eabec389020991252{\ncolor:#000000;\nfont-size:16px;\n}\n#top .av-post-metadata-container.av-ll2diep3-4379f21ceadb0c1eabec389020991252 .av-post-metadata-container-inner{\nfont-size:16px;\n}\n<\/style>\n<div  id=\"author\"  class='av-post-metadata-container av-ll2diep3-4379f21ceadb0c1eabec389020991252 av-metadata-container-align-left  avia-builder-el-8  el_before_av_hr  avia-builder-el-first  av-metadata-container-3'><div class='av-post-metadata-container-inner'><span class=\"av-post-metadata-content av-post-metadata-meta-content\"><span class=\"av-post-metadata-content av-post-metadata-published\"><span class=\"av-post-metadata-published-date\" >26 mai 2025<\/span><span class=\"av-metadata-after av-metadata-after-published\">|<\/span><\/span><span class=\"av-post-metadata-content av-post-metadata-separator\"><\/span><span class=\"av-post-metadata-content av-post-metadata-author\"  itemprop=\"author\" ><span class=\"av-post-metadata-author-link\" ><a href=\"https:\/\/influence.ch\/fr\/author\/meier-halbeis\/\"  rel=\"author\">Thomas Meier &amp; Matthias Halbeis<\/a><\/span><span class=\"av-metadata-after av-metadata-after-author\">|<\/span><\/span><span class=\"av-post-metadata-content av-post-metadata-separator\"><\/span><span class=\"av-post-metadata-content av-post-metadata-category\"><span class=\"av-post-metadata-category-link\" ><a href=\"https:\/\/influence.ch\/fr\/category\/la-politique-au-cinema\/\" >La politique au cin\u00e9ma<\/a><\/span><\/span><\/span><\/div><\/div>\n\n<style type=\"text\/css\" data-created_by=\"avia_inline_auto\" id=\"style-css-av-ll2cb0de-1618aeaa710f9714e67c07fd3b765e06\">\n#top .hr.hr-invisible.av-ll2cb0de-1618aeaa710f9714e67c07fd3b765e06{\nheight:10px;\n}\n<\/style>\n<div  class='hr av-ll2cb0de-1618aeaa710f9714e67c07fd3b765e06 hr-invisible  avia-builder-el-9  el_after_av_post_metadata  el_before_av_image '><span class='hr-inner '><span class=\"hr-inner-style\"><\/span><\/span><\/div>\n\n<style type=\"text\/css\" data-created_by=\"avia_inline_auto\" id=\"style-css-av-lqf7se0u-f942dbf9f74f3bfe0a7f30e229e2c6eb\">\n.avia-image-container.av-lqf7se0u-f942dbf9f74f3bfe0a7f30e229e2c6eb img.avia_image{\nbox-shadow:none;\n}\n.avia-image-container.av-lqf7se0u-f942dbf9f74f3bfe0a7f30e229e2c6eb .av-image-caption-overlay-center{\ncolor:#ffffff;\n}\n<\/style>\n<div  class='avia-image-container av-lqf7se0u-f942dbf9f74f3bfe0a7f30e229e2c6eb av-styling- avia-align-center  avia-builder-el-10  el_after_av_hr  el_before_av_textblock '   itemprop=\"image\" itemscope=\"itemscope\" itemtype=\"https:\/\/schema.org\/ImageObject\" ><div class=\"avia-image-container-inner\"><div class=\"avia-image-overlay-wrap\"><img decoding=\"async\" class='wp-image-5446 avia-img-lazy-loading-not-5446 avia_image ' src=\"https:\/\/influence.ch\/wp-content\/uploads\/2025\/05\/image-w1280.jpg.webp\" alt='' title='image-w1280.jpg'  height=\"450\" width=\"800\"  itemprop=\"thumbnailUrl\" srcset=\"https:\/\/influence.ch\/wp-content\/uploads\/2025\/05\/image-w1280.jpg.webp 800w, https:\/\/influence.ch\/wp-content\/uploads\/2025\/05\/image-w1280.jpg-300x169.webp 300w, https:\/\/influence.ch\/wp-content\/uploads\/2025\/05\/image-w1280.jpg-768x432.webp 768w\" sizes=\"(max-width: 800px) 100vw, 800px\" \/><\/div><\/div><\/div>\n\n<style type=\"text\/css\" data-created_by=\"avia_inline_auto\" id=\"style-css-av-2q8z-01ad5e0b5f31c74fd38e79a60fc3cd1d\">\n#top .av_textblock_section.av-2q8z-01ad5e0b5f31c74fd38e79a60fc3cd1d .avia_textblock{\nfont-size:22px;\n}\n<\/style>\n<section  class='av_textblock_section av-2q8z-01ad5e0b5f31c74fd38e79a60fc3cd1d'  itemscope=\"itemscope\" itemtype=\"https:\/\/schema.org\/BlogPosting\" itemprop=\"blogPost\" ><div class='avia_textblock'  itemprop=\"text\" ><p style=\"text-align: center;\"><strong>V for Vendetta (V pour Vendetta)<\/strong><br \/>\nUSA \/ Royaume-Uni \/ Allemagne 2005, de James McTeigue, avec Natalie Portman, Hugo Weaving, Stephen Rea et John Hurt<\/p>\n<p><strong>Spoiler-Alert<\/strong><br \/>\nLa Grande-Bretagne est gouvern\u00e9e par le parti totalitaire Norsefire dirig\u00e9 par Lord Chancellor Adam Sutler. Ce dernier vit dans un bunker pour des raisons de s\u00e9curit\u00e9, mais il est omnipr\u00e9sent \u00e0 travers son portrait et ses apparitions t\u00e9l\u00e9vis\u00e9es. Evey Hammond, fille de dissidents enlev\u00e9s et assassin\u00e9s par le r\u00e9gime, est attaqu\u00e9e par deux \u00ab fingermen \u00bb, repr\u00e9sentants de la police secr\u00e8te du r\u00e9gime, pendant le couvre-feu nocturne. Un terroriste anarchiste portant un masque de Guy Fawkes et se faisant appeler \u00ab V \u00bb la sauve et la fait ensuite participer \u00e0 l&rsquo;explosion du tribunal de l&rsquo;Old Bailey peu apr\u00e8s minuit le 5 novembre.<\/p>\n<p>Le lendemain, il attaque la t\u00e9l\u00e9vision d&rsquo;\u00c9tat BTN et annonce, lors d&rsquo;une \u00e9mission en direct, qu&rsquo;il fera exploser le b\u00e2timent du Parlement le m\u00eame jour, un an plus tard. Evey, une employ\u00e9e de BTN, aide V \u00e0 s&rsquo;\u00e9chapper, mais perd connaissance, ce qui pousse V \u00e0 l&#8217;emmener dans son donjon souterrain.<\/p>\n<p>La suite du film r\u00e9v\u00e8le les ant\u00e9c\u00e9dents de V ainsi que la naissance de la dictature fasciste. V se r\u00e9v\u00e8le \u00eatre un ancien prisonnier politique sur lequel des armes biologiques ont \u00e9t\u00e9 test\u00e9es dans un \u00e9tablissement appel\u00e9 Larkhill. Il y \u00e9tait d\u00e9tenu dans la cellule portant le num\u00e9ro romain V. Il est parvenu \u00e0 s&rsquo;\u00e9chapper et a d\u00e9truit tout l&rsquo;\u00e9tablissement. Sutler et ses alli\u00e9s ont ensuite utilis\u00e9 les armes biologiques d\u00e9velopp\u00e9es \u00e0 Larkhill contre leur propre population dans le cadre d&rsquo;une fausse attaque terroriste. Ils ont utilis\u00e9 la terreur pour s&#8217;emparer du pouvoir, et la participation \u00e0 la soci\u00e9t\u00e9 qui a produit un antidote a en outre enrichi les nouveaux dirigeants.<\/p>\n<p>Dans le cadre d&rsquo;une vendetta syst\u00e9matique, V \u00e9limine les personnes impliqu\u00e9es dans Larkhill les unes apr\u00e8s les autres. Un inspecteur du nom de Finch joue un r\u00f4le important dans la d\u00e9couverte de ces liens. Il m\u00e8ne l&rsquo;enqu\u00eate et d\u00e9clare, bien qu&rsquo;il soit membre du parti depuis 27 ans : \u00ab I am a cop. I have to know \u00bb. Evey s&rsquo;\u00e9chappe entre-temps du cachot de V, mais est plus tard \u00e0 nouveau sauv\u00e9e des sbires du r\u00e9gime par ce dernier.<\/p>\n<p>Les derni\u00e8res sc\u00e8nes du film concernent les pr\u00e9paratifs d&rsquo;un nouveau 5 novembre. V envoie plusieurs centaines de milliers de masques de Guy Fawkes \u00e0 la population. Il montre \u00e9galement au chef de la police secr\u00e8te, Creedy, qu&rsquo;en cas d&rsquo;attaque r\u00e9ussie contre le Parlement, il deviendrait n\u00e9cessairement un pion sacrifi\u00e9 par Lord Chancelier Sutler et que ce dernier ne lui fait d\u00e9j\u00e0 plus confiance. Creedy livre donc Sutler \u00e0 V, qui les abat tous les deux. V est mortellement bless\u00e9, mais permet \u00e0 Evey de faire exploser le Parlement, sous les yeux de l&rsquo;inspecteur Finch, qui ne l&rsquo;en emp\u00eache pas : \u00ab This country needs more than a building right now. It needs hope \u00bb (il a besoin d&rsquo;espoir). Devant le Parlement, des milliers de personnes portant des masques de Guy Fawkes contemplent l&rsquo;explosion du Parlement, sous le regard impuissant des forces de s\u00e9curit\u00e9.<\/p>\n<p><strong>A voir pour<\/strong><br \/>\nUn thriller d&rsquo;action d&rsquo;une grande intensit\u00e9 pyromane ; une \u00e9tude du fascisme aux allures de documentaire ; et une histoire d&rsquo;amour touchante entre un ancien prisonnier politique gravement bless\u00e9 et une jeune femme traumatis\u00e9e qui surmonte ses peurs gr\u00e2ce \u00e0 son aide.<br \/>\nUn r\u00e9seau dense de r\u00e9f\u00e9rences, litt\u00e9raires de Shakespeare et Goethe \u00e0 Orwell en passant par Dumas et Leroux, et politico-historiques du Troisi\u00e8me Reich \u00e0 Abu Ghraib &#8211; en plus de l<span class=\"mw-page-title-main\">a Conspiration des Poudres (<\/span>Gunpowder Plot), au cours de laquelle le r\u00e9sistant catholique Guy Fawkes a tent\u00e9 de faire exploser la Chambre des Lords et le roi James avec 36 barils de poudre \u00e0 canon le 5 novembre 1605.<\/p>\n<p><strong>Strat\u00e9gie victorieuse<\/strong><br \/>\nV porte son masque et son costume de cape et d&rsquo;\u00e9p\u00e9e en raison des br\u00fblures qu&rsquo;il a subies \u00e0 Larkhill, mais devient ainsi l&rsquo;incarnation d&rsquo;une id\u00e9e qui survit \u00e0 sa mort : \u00ab Beneath this mask there is more than flesh. Beneath this mask there is an idea, and ideas are bulletproof \u00bb.<\/p>\n<p><strong>Strat\u00e9gie infructueuse<\/strong><br \/>\nLe parti Norsefire est arriv\u00e9 au pouvoir comme garantie contre le chaos qu&rsquo;il avait lui-m\u00eame d\u00e9lib\u00e9r\u00e9ment provoqu\u00e9 auparavant. La perte de contr\u00f4le rendue visible par V &#8211; le dynamitage d&rsquo;un tribunal et la r\u00e9futation par les m\u00e9dias de l&rsquo;explication du r\u00e9gime selon laquelle il s&rsquo;agissait d&rsquo;un accident &#8211; fait rapidement d\u00e9cliner son autorit\u00e9. Sutler r\u00e9affirme la recette de son succ\u00e8s de longue date : \u00ab I want this country to realize that we stand on the brink of oblivion. I want every man, woman and child to understand how close we are to chaos. I want everyone to remember why they need us ! \u00bb<\/p>\n<p>Mais ses paroles se perdent dans le vide, car le r\u00e9gime a perdu toute cr\u00e9dibilit\u00e9. D\u00e8s qu&rsquo;il ne contr\u00f4le plus tous les \u00e9v\u00e9nements et leur repr\u00e9sentation m\u00e9diatique, ses repr\u00e9sentants se retournent les uns contre les autres et d\u00e9truisent leur domination. La m\u00e9fiance mutuelle provoque une spirale descendante qui ne peut pas \u00eatre arr\u00eat\u00e9e : Creedy sait qu&rsquo;il ne serait qu&rsquo;un pion sacrifi\u00e9 en cas d&rsquo;attaque r\u00e9ussie contre le Parlement. Sutler sait que Creedy le sait et ne lui fait donc plus confiance bien avant qu&rsquo;il ne montre le moindre signe de d\u00e9loyaut\u00e9. Creedy trahit Sutler et permet \u00e0 V de les abattre tous les deux.<\/p>\n<p>V bat ainsi les n\u00e9ofascistes avec leurs propres armes. Comme le reconna\u00eet Finch peu avant la fin : \u00ab I suddenly had this feeling that everything was connected. Like I could see the whole thing. (\u2026) I felt like I could see everything that had happened and everything that was going to happen. It was like a perfect pattern laid out in front of me and I realized that we were all a part of it and all trapped by it. \u00bb<\/p>\n<p><strong>Comment la politique est-elle pr\u00e9sent\u00e9e ?<\/strong><br \/>\nLa dictature est constamment \u00e0 l&rsquo;antenne, omnipr\u00e9sente et manipule les opinions. Un petit groupe a utilis\u00e9 des armes biologiques pour simuler une attaque terroriste afin d&rsquo;acc\u00e9der au pouvoir et de s&rsquo;enrichir. Les participants ont accept\u00e9 sans scrupule la mort d&rsquo;innocents, tout comme ils ont fait preuve d&rsquo;un autoritarisme r\u00e9pugnant au sein du cabinet et ont liquid\u00e9 sans \u00e9motion tout collaborateur d\u00e8s qu&rsquo;il n&rsquo;\u00e9tait plus utile. Le r\u00e9gime totalitaire ne conna\u00eet pas de limites \u00e0 ses actions.<\/p>\n<p>La violence du r\u00e9sistant appara\u00eet au sein de l&rsquo;histoire comme un moyen de riposte n\u00e9cessaire et l\u00e9gitime, au service de la justice : \u00ab Violence can be used for good \u00bb.<\/p>\n<p><strong>Th\u00e8mes<\/strong><br \/>\nTotalitarisme, terrorisme, anarchisme<\/p>\n<p><strong>Citation<\/strong><br \/>\n\u00ab Who was he? He was Edmond Dant\u00e8s. And he was my father and my mother. My brother. My friend. He was you and me. He was all of us. No one will ever forget that night and what it meant for this country. But I will never forget the man and what he meant to me. \u00bb<\/p>\n<p><iframe loading=\"lazy\" title=\"Lecteur vid\u00e9o YouTube\" src=\"https:\/\/www.youtube.com\/embed\/lSA7mAHolAw?si=vclpKKz1deToV2lT\" width=\"560\" height=\"315\" frameborder=\"0\" allowfullscreen=\"allowfullscreen\"><\/iframe><\/p>\n<\/div><\/section>\n<\/div><\/div><\/div><!-- close content main div --><\/div><\/div>\n<style type=\"text\/css\" data-created_by=\"avia_inline_auto\" id=\"style-css-av-fbiot-f1ec76308f4d06aba266faf19bdf7526\">\n.avia-section.av-fbiot-f1ec76308f4d06aba266faf19bdf7526{\nbackground-color:#ededed;\nbackground-image:unset;\n}\n<\/style>\n<div id='av_section_3'  class='avia-section av-fbiot-f1ec76308f4d06aba266faf19bdf7526 main_color avia-section-default avia-no-border-styling  avia-builder-el-12  el_after_av_section  avia-builder-el-last  post_slider avia-bg-style-scroll container_wrap fullsize'  ><div class='container av-section-cont-open' ><div class='template-page content  av-content-full alpha units'><div class='post-entry post-entry-type-page post-entry-5463'><div class='entry-content-wrapper clearfix'>\n<div  data-slideshow-options=\"{&quot;animation&quot;:&quot;fade&quot;,&quot;autoplay&quot;:false,&quot;loop_autoplay&quot;:&quot;once&quot;,&quot;interval&quot;:&quot;5&quot;,&quot;loop_manual&quot;:&quot;manual-endless&quot;,&quot;autoplay_stopper&quot;:false,&quot;noNavigation&quot;:false,&quot;show_slide_delay&quot;:90}\" class='avia-content-slider avia-content-slider-active avia-content-slider1 avia-content-slider-odd  avia-builder-el-13  avia-builder-el-no-sibling  av-slideshow-ui av-control-default   av-no-slider-navigation av-slideshow-manual av-loop-once av-loop-manual-endless '  itemscope=\"itemscope\" itemtype=\"https:\/\/schema.org\/Blog\" ><div class=\"avia-content-slider-inner\"><div class=\"slide-entry-wrap\"><article class='slide-entry flex_column  post-entry post-entry-6418 slide-entry-overview slide-loop-1 slide-parity-odd  av_one_third first real-thumbnail post-format-standard'  itemscope=\"itemscope\" itemtype=\"https:\/\/schema.org\/BlogPosting\" itemprop=\"blogPost\" ><a href='https:\/\/influence.ch\/fr\/2025\/11\/27\/le-pouvoir-de-decision-vu-comme-une-contrainte\/' data-rel='slide-1' class='slide-image' title='Le pouvoir de d\u00e9cision vu comme une contrainte'><img decoding=\"async\" width=\"495\" height=\"400\" src=\"https:\/\/influence.ch\/wp-content\/uploads\/2024\/02\/influence_Verlaeufe_V01_11-495x400.png\" class=\"wp-image-4391 avia-img-lazy-loading-not-4391 attachment-portfolio size-portfolio wp-post-image\" alt=\"\" srcset=\"https:\/\/influence.ch\/wp-content\/uploads\/2024\/02\/influence_Verlaeufe_V01_11-495x400.png 495w, https:\/\/influence.ch\/wp-content\/uploads\/2024\/02\/influence_Verlaeufe_V01_11-845x684.png 845w\" sizes=\"(max-width: 495px) 100vw, 495px\" \/><\/a><div class=\"slide-content\"><header class=\"entry-content-header\"><h3 class='slide-entry-title entry-title '  itemprop=\"headline\" ><a href='https:\/\/influence.ch\/fr\/2025\/11\/27\/le-pouvoir-de-decision-vu-comme-une-contrainte\/' title='Le pouvoir de d\u00e9cision vu comme une contrainte'>Le pouvoir de d\u00e9cision vu comme une contrainte<\/a><\/h3><span class=\"av-vertical-delimiter\"><\/span><\/header><div class=\"slide-meta\"><time class='slide-meta-time updated'  itemprop=\"datePublished\" datetime=\"2025-11-27T13:30:15+01:00\" >27 novembre 2025<\/time><\/div><div class='slide-entry-excerpt entry-content'  itemprop=\"text\" >La politique au cin\u00e9ma #20: Comment une attaque nucl\u00e9aire plonge les dirigeants am\u00e9ricains dans l'impuissance<\/div><\/div><footer class=\"entry-footer\"><\/footer><span class='hidden'>\n\t\t\t\t<span class='av-structured-data'  itemprop=\"image\" itemscope=\"itemscope\" itemtype=\"https:\/\/schema.org\/ImageObject\" >\n\t\t\t\t\t\t<span itemprop='url'>https:\/\/influence.ch\/wp-content\/uploads\/2024\/02\/influence_Verlaeufe_V01_11.png<\/span>\n\t\t\t\t\t\t<span itemprop='height'>2169<\/span>\n\t\t\t\t\t\t<span itemprop='width'>2442<\/span>\n\t\t\t\t<\/span>\n\t\t\t\t<span class='av-structured-data'  itemprop=\"publisher\" itemtype=\"https:\/\/schema.org\/Organization\" itemscope=\"itemscope\" >\n\t\t\t\t\t\t<span itemprop='name'>Thomas Meier &amp; Matthias Halbeis<\/span>\n\t\t\t\t\t\t<span itemprop='logo' itemscope itemtype='https:\/\/schema.org\/ImageObject'>\n\t\t\t\t\t\t\t<span itemprop='url'>https:\/\/influence.ch\/wp-content\/uploads\/2025\/02\/influence_Logo_FR_weiss-1030x277.png<\/span>\n\t\t\t\t\t\t <\/span>\n\t\t\t\t<\/span><span class='av-structured-data'  itemprop=\"author\" itemscope=\"itemscope\" itemtype=\"https:\/\/schema.org\/Person\" ><span itemprop='name'>Thomas Meier &amp; Matthias Halbeis<\/span><\/span><span class='av-structured-data'  itemprop=\"datePublished\" datetime=\"2025-05-26T13:52:19+02:00\" >2025-11-27 13:30:15<\/span><span class='av-structured-data'  itemprop=\"dateModified\" itemtype=\"https:\/\/schema.org\/dateModified\" >2025-11-27 15:32:21<\/span><span class='av-structured-data'  itemprop=\"mainEntityOfPage\" itemtype=\"https:\/\/schema.org\/mainEntityOfPage\" ><span itemprop='name'>Le pouvoir de d\u00e9cision vu comme une contrainte<\/span><\/span><\/span><\/article><article class='slide-entry flex_column  post-entry post-entry-5807 slide-entry-overview slide-loop-2 slide-parity-even  av_one_third  real-thumbnail post-format-standard'  itemscope=\"itemscope\" itemtype=\"https:\/\/schema.org\/BlogPosting\" itemprop=\"blogPost\" ><a href='https:\/\/influence.ch\/fr\/2025\/08\/28\/il-ny-a-pas-davenir-sans-vision\/' data-rel='slide-1' class='slide-image' title='Il n&rsquo;y a pas d&rsquo;avenir sans vision'><img decoding=\"async\" width=\"495\" height=\"400\" src=\"https:\/\/influence.ch\/wp-content\/uploads\/2024\/02\/influence_Verlaeufe_V01_11-495x400.png\" class=\"wp-image-4391 avia-img-lazy-loading-not-4391 attachment-portfolio size-portfolio wp-post-image\" alt=\"\" srcset=\"https:\/\/influence.ch\/wp-content\/uploads\/2024\/02\/influence_Verlaeufe_V01_11-495x400.png 495w, https:\/\/influence.ch\/wp-content\/uploads\/2024\/02\/influence_Verlaeufe_V01_11-845x684.png 845w\" sizes=\"(max-width: 495px) 100vw, 495px\" \/><\/a><div class=\"slide-content\"><header class=\"entry-content-header\"><h3 class='slide-entry-title entry-title '  itemprop=\"headline\" ><a href='https:\/\/influence.ch\/fr\/2025\/08\/28\/il-ny-a-pas-davenir-sans-vision\/' title='Il n&rsquo;y a pas d&rsquo;avenir sans vision'>Il n&rsquo;y a pas d&rsquo;avenir sans vision<\/a><\/h3><span class=\"av-vertical-delimiter\"><\/span><\/header><div class=\"slide-meta\"><time class='slide-meta-time updated'  itemprop=\"datePublished\" datetime=\"2025-08-28T09:22:14+02:00\" >28 ao\u00fbt 2025<\/time><\/div><div class='slide-entry-excerpt entry-content'  itemprop=\"text\" >La politique au cin\u00e9ma #17 : comment un mat\u00e9riau de construction cr\u00e9e le beau, la libert\u00e9 et l'unit\u00e9 politique dans \"Megalopolis  <\/div><\/div><footer class=\"entry-footer\"><\/footer><span class='hidden'>\n\t\t\t\t<span class='av-structured-data'  itemprop=\"image\" itemscope=\"itemscope\" itemtype=\"https:\/\/schema.org\/ImageObject\" >\n\t\t\t\t\t\t<span itemprop='url'>https:\/\/influence.ch\/wp-content\/uploads\/2024\/02\/influence_Verlaeufe_V01_11.png<\/span>\n\t\t\t\t\t\t<span itemprop='height'>2169<\/span>\n\t\t\t\t\t\t<span itemprop='width'>2442<\/span>\n\t\t\t\t<\/span>\n\t\t\t\t<span class='av-structured-data'  itemprop=\"publisher\" itemtype=\"https:\/\/schema.org\/Organization\" itemscope=\"itemscope\" >\n\t\t\t\t\t\t<span itemprop='name'>Thomas Meier &amp; Matthias Halbeis<\/span>\n\t\t\t\t\t\t<span itemprop='logo' itemscope itemtype='https:\/\/schema.org\/ImageObject'>\n\t\t\t\t\t\t\t<span itemprop='url'>https:\/\/influence.ch\/wp-content\/uploads\/2025\/02\/influence_Logo_FR_weiss-1030x277.png<\/span>\n\t\t\t\t\t\t <\/span>\n\t\t\t\t<\/span><span class='av-structured-data'  itemprop=\"author\" itemscope=\"itemscope\" itemtype=\"https:\/\/schema.org\/Person\" ><span itemprop='name'>Thomas Meier &amp; Matthias Halbeis<\/span><\/span><span class='av-structured-data'  itemprop=\"datePublished\" datetime=\"2025-05-26T13:52:19+02:00\" >2025-08-28 09:22:14<\/span><span class='av-structured-data'  itemprop=\"dateModified\" itemtype=\"https:\/\/schema.org\/dateModified\" >2025-08-28 15:30:03<\/span><span class='av-structured-data'  itemprop=\"mainEntityOfPage\" itemtype=\"https:\/\/schema.org\/mainEntityOfPage\" ><span itemprop='name'>Il n&rsquo;y a pas d&rsquo;avenir sans vision<\/span><\/span><\/span><\/article><article class='slide-entry flex_column  post-entry post-entry-5647 slide-entry-overview slide-loop-3 slide-parity-odd  av_one_third  real-thumbnail post-format-standard'  itemscope=\"itemscope\" itemtype=\"https:\/\/schema.org\/BlogPosting\" itemprop=\"blogPost\" ><a href='https:\/\/influence.ch\/fr\/2025\/06\/26\/au-final-chacun-se-bat-pour-soi\/' data-rel='slide-1' class='slide-image' title='Au final, chacun se bat pour soi'><img decoding=\"async\" width=\"495\" height=\"400\" src=\"https:\/\/influence.ch\/wp-content\/uploads\/2024\/02\/influence_Verlaeufe_V01_11-495x400.png\" class=\"wp-image-4391 avia-img-lazy-loading-not-4391 attachment-portfolio size-portfolio wp-post-image\" alt=\"\" srcset=\"https:\/\/influence.ch\/wp-content\/uploads\/2024\/02\/influence_Verlaeufe_V01_11-495x400.png 495w, https:\/\/influence.ch\/wp-content\/uploads\/2024\/02\/influence_Verlaeufe_V01_11-845x684.png 845w\" sizes=\"(max-width: 495px) 100vw, 495px\" \/><\/a><div class=\"slide-content\"><header class=\"entry-content-header\"><h3 class='slide-entry-title entry-title '  itemprop=\"headline\" ><a href='https:\/\/influence.ch\/fr\/2025\/06\/26\/au-final-chacun-se-bat-pour-soi\/' title='Au final, chacun se bat pour soi'>Au final, chacun se bat pour soi<\/a><\/h3><span class=\"av-vertical-delimiter\"><\/span><\/header><div class=\"slide-meta\"><time class='slide-meta-time updated'  itemprop=\"datePublished\" datetime=\"2025-06-26T08:08:55+02:00\" >26 juin 2025<\/time><\/div><div class='slide-entry-excerpt entry-content'  itemprop=\"text\" >Politique au cin\u00e9ma #16 : Au final, chacun se bat pour soi<\/div><\/div><footer class=\"entry-footer\"><\/footer><span class='hidden'>\n\t\t\t\t<span class='av-structured-data'  itemprop=\"image\" itemscope=\"itemscope\" itemtype=\"https:\/\/schema.org\/ImageObject\" >\n\t\t\t\t\t\t<span itemprop='url'>https:\/\/influence.ch\/wp-content\/uploads\/2024\/02\/influence_Verlaeufe_V01_11.png<\/span>\n\t\t\t\t\t\t<span itemprop='height'>2169<\/span>\n\t\t\t\t\t\t<span itemprop='width'>2442<\/span>\n\t\t\t\t<\/span>\n\t\t\t\t<span class='av-structured-data'  itemprop=\"publisher\" itemtype=\"https:\/\/schema.org\/Organization\" itemscope=\"itemscope\" >\n\t\t\t\t\t\t<span itemprop='name'>Matthias Halbeis &amp; Thomas Meier<\/span>\n\t\t\t\t\t\t<span itemprop='logo' itemscope itemtype='https:\/\/schema.org\/ImageObject'>\n\t\t\t\t\t\t\t<span itemprop='url'>https:\/\/influence.ch\/wp-content\/uploads\/2025\/02\/influence_Logo_FR_weiss-1030x277.png<\/span>\n\t\t\t\t\t\t <\/span>\n\t\t\t\t<\/span><span class='av-structured-data'  itemprop=\"author\" itemscope=\"itemscope\" itemtype=\"https:\/\/schema.org\/Person\" ><span itemprop='name'>Matthias Halbeis &amp; Thomas Meier<\/span><\/span><span class='av-structured-data'  itemprop=\"datePublished\" datetime=\"2025-05-26T13:52:19+02:00\" >2025-06-26 08:08:55<\/span><span class='av-structured-data'  itemprop=\"dateModified\" itemtype=\"https:\/\/schema.org\/dateModified\" >2025-06-26 14:23:30<\/span><span class='av-structured-data'  itemprop=\"mainEntityOfPage\" itemtype=\"https:\/\/schema.org\/mainEntityOfPage\" ><span itemprop='name'>Au final, chacun se bat pour soi<\/span><\/span><\/span><\/article><\/div><div class=\"slide-entry-wrap\"><article class='slide-entry flex_column  post-entry post-entry-6025 slide-entry-overview slide-loop-4 slide-parity-odd  av_one_third first real-thumbnail post-format-standard'  itemscope=\"itemscope\" itemtype=\"https:\/\/schema.org\/BlogPosting\" itemprop=\"blogPost\" ><a href='https:\/\/influence.ch\/fr\/2025\/09\/23\/quand-la-guerre-contre-la-drogue-deraille\/' data-rel='slide-1' class='slide-image' title='Quand la guerre contre la drogue d\u00e9raille'><img decoding=\"async\" width=\"495\" height=\"400\" src=\"https:\/\/influence.ch\/wp-content\/uploads\/2024\/02\/influence_Verlaeufe_V01_11-495x400.png\" class=\"wp-image-4391 avia-img-lazy-loading-not-4391 attachment-portfolio size-portfolio wp-post-image\" alt=\"\" srcset=\"https:\/\/influence.ch\/wp-content\/uploads\/2024\/02\/influence_Verlaeufe_V01_11-495x400.png 495w, https:\/\/influence.ch\/wp-content\/uploads\/2024\/02\/influence_Verlaeufe_V01_11-845x684.png 845w\" sizes=\"(max-width: 495px) 100vw, 495px\" \/><\/a><div class=\"slide-content\"><header class=\"entry-content-header\"><h3 class='slide-entry-title entry-title '  itemprop=\"headline\" ><a href='https:\/\/influence.ch\/fr\/2025\/09\/23\/quand-la-guerre-contre-la-drogue-deraille\/' title='Quand la guerre contre la drogue d\u00e9raille'>Quand la guerre contre la drogue d\u00e9raille<\/a><\/h3><span class=\"av-vertical-delimiter\"><\/span><\/header><div class=\"slide-meta\"><time class='slide-meta-time updated'  itemprop=\"datePublished\" datetime=\"2025-09-23T13:54:39+02:00\" >23 septembre 2025<\/time><\/div><div class='slide-entry-excerpt entry-content'  itemprop=\"text\" >La politique au cin\u00e9ma #18 : quand la Maison Blanche cherche des avantages politiques et que seul un agent de la CIA cherche la v\u00e9rit\u00e9<\/div><\/div><footer class=\"entry-footer\"><\/footer><span class='hidden'>\n\t\t\t\t<span class='av-structured-data'  itemprop=\"image\" itemscope=\"itemscope\" itemtype=\"https:\/\/schema.org\/ImageObject\" >\n\t\t\t\t\t\t<span itemprop='url'>https:\/\/influence.ch\/wp-content\/uploads\/2024\/02\/influence_Verlaeufe_V01_11.png<\/span>\n\t\t\t\t\t\t<span itemprop='height'>2169<\/span>\n\t\t\t\t\t\t<span itemprop='width'>2442<\/span>\n\t\t\t\t<\/span>\n\t\t\t\t<span class='av-structured-data'  itemprop=\"publisher\" itemtype=\"https:\/\/schema.org\/Organization\" itemscope=\"itemscope\" >\n\t\t\t\t\t\t<span itemprop='name'>Thomas Meier &amp; Matthias Halbeis<\/span>\n\t\t\t\t\t\t<span itemprop='logo' itemscope itemtype='https:\/\/schema.org\/ImageObject'>\n\t\t\t\t\t\t\t<span itemprop='url'>https:\/\/influence.ch\/wp-content\/uploads\/2025\/02\/influence_Logo_FR_weiss-1030x277.png<\/span>\n\t\t\t\t\t\t <\/span>\n\t\t\t\t<\/span><span class='av-structured-data'  itemprop=\"author\" itemscope=\"itemscope\" itemtype=\"https:\/\/schema.org\/Person\" ><span itemprop='name'>Thomas Meier &amp; Matthias Halbeis<\/span><\/span><span class='av-structured-data'  itemprop=\"datePublished\" datetime=\"2025-05-26T13:52:19+02:00\" >2025-09-23 13:54:39<\/span><span class='av-structured-data'  itemprop=\"dateModified\" itemtype=\"https:\/\/schema.org\/dateModified\" >2025-09-25 15:35:34<\/span><span class='av-structured-data'  itemprop=\"mainEntityOfPage\" itemtype=\"https:\/\/schema.org\/mainEntityOfPage\" ><span itemprop='name'>Quand la guerre contre la drogue d\u00e9raille<\/span><\/span><\/span><\/article><article class='slide-entry flex_column  post-entry post-entry-4680 slide-entry-overview slide-loop-5 slide-parity-even  av_one_third  real-thumbnail post-format-standard'  itemscope=\"itemscope\" itemtype=\"https:\/\/schema.org\/BlogPosting\" itemprop=\"blogPost\" ><a href='https:\/\/influence.ch\/fr\/2025\/02\/27\/un-initie-decede-determine-laction\/' data-rel='slide-1' class='slide-image' title='Un initi\u00e9 d\u00e9c\u00e9d\u00e9 d\u00e9termine l&rsquo;action'><img decoding=\"async\" width=\"495\" height=\"400\" src=\"https:\/\/influence.ch\/wp-content\/uploads\/2024\/02\/influence_Verlaeufe_V01_11-495x400.png\" class=\"wp-image-4391 avia-img-lazy-loading-not-4391 attachment-portfolio size-portfolio wp-post-image\" alt=\"\" srcset=\"https:\/\/influence.ch\/wp-content\/uploads\/2024\/02\/influence_Verlaeufe_V01_11-495x400.png 495w, https:\/\/influence.ch\/wp-content\/uploads\/2024\/02\/influence_Verlaeufe_V01_11-845x684.png 845w\" sizes=\"(max-width: 495px) 100vw, 495px\" \/><\/a><div class=\"slide-content\"><header class=\"entry-content-header\"><h3 class='slide-entry-title entry-title '  itemprop=\"headline\" ><a href='https:\/\/influence.ch\/fr\/2025\/02\/27\/un-initie-decede-determine-laction\/' title='Un initi\u00e9 d\u00e9c\u00e9d\u00e9 d\u00e9termine l&rsquo;action'>Un initi\u00e9 d\u00e9c\u00e9d\u00e9 d\u00e9termine l&rsquo;action<\/a><\/h3><span class=\"av-vertical-delimiter\"><\/span><\/header><div class=\"slide-meta\"><time class='slide-meta-time updated'  itemprop=\"datePublished\" datetime=\"2025-02-27T08:31:27+01:00\" >27 f\u00e9vrier 2025<\/time><\/div><div class='slide-entry-excerpt entry-content'  itemprop=\"text\" >La politique au cin\u00e9ma #12 : comment le pape se r\u00e9v\u00e8le \u00eatre un strat\u00e8ge de campagne g\u00e9nial \u00e0 titre posthume dans \"Conclave\".<\/div><\/div><footer class=\"entry-footer\"><\/footer><span class='hidden'>\n\t\t\t\t<span class='av-structured-data'  itemprop=\"image\" itemscope=\"itemscope\" itemtype=\"https:\/\/schema.org\/ImageObject\" >\n\t\t\t\t\t\t<span itemprop='url'>https:\/\/influence.ch\/wp-content\/uploads\/2024\/02\/influence_Verlaeufe_V01_11.png<\/span>\n\t\t\t\t\t\t<span itemprop='height'>2169<\/span>\n\t\t\t\t\t\t<span itemprop='width'>2442<\/span>\n\t\t\t\t<\/span>\n\t\t\t\t<span class='av-structured-data'  itemprop=\"publisher\" itemtype=\"https:\/\/schema.org\/Organization\" itemscope=\"itemscope\" >\n\t\t\t\t\t\t<span itemprop='name'>Thomas Meier &amp; Matthias Halbeis<\/span>\n\t\t\t\t\t\t<span itemprop='logo' itemscope itemtype='https:\/\/schema.org\/ImageObject'>\n\t\t\t\t\t\t\t<span itemprop='url'>https:\/\/influence.ch\/wp-content\/uploads\/2025\/02\/influence_Logo_FR_weiss-1030x277.png<\/span>\n\t\t\t\t\t\t <\/span>\n\t\t\t\t<\/span><span class='av-structured-data'  itemprop=\"author\" itemscope=\"itemscope\" itemtype=\"https:\/\/schema.org\/Person\" ><span itemprop='name'>Thomas Meier &amp; Matthias Halbeis<\/span><\/span><span class='av-structured-data'  itemprop=\"datePublished\" datetime=\"2025-05-26T13:52:19+02:00\" >2025-02-27 08:31:27<\/span><span class='av-structured-data'  itemprop=\"dateModified\" itemtype=\"https:\/\/schema.org\/dateModified\" >2025-02-27 12:58:23<\/span><span class='av-structured-data'  itemprop=\"mainEntityOfPage\" itemtype=\"https:\/\/schema.org\/mainEntityOfPage\" ><span itemprop='name'>Un initi\u00e9 d\u00e9c\u00e9d\u00e9 d\u00e9termine l&rsquo;action<\/span><\/span><\/span><\/article><article class='slide-entry flex_column  post-entry post-entry-4945 slide-entry-overview slide-loop-6 slide-parity-odd  av_one_third  real-thumbnail post-format-standard'  itemscope=\"itemscope\" itemtype=\"https:\/\/schema.org\/BlogPosting\" itemprop=\"blogPost\" ><a href='https:\/\/influence.ch\/fr\/2025\/03\/27\/david-prend-le-controle-sur-goliath\/' data-rel='slide-1' class='slide-image' title='Quand le petit David r\u00e9ussit \u00e0 renverser le grand Goliath'><img decoding=\"async\" width=\"495\" height=\"400\" src=\"https:\/\/influence.ch\/wp-content\/uploads\/2024\/02\/influence_Verlaeufe_V01_11-495x400.png\" class=\"wp-image-4391 avia-img-lazy-loading-not-4391 attachment-portfolio size-portfolio wp-post-image\" alt=\"\" srcset=\"https:\/\/influence.ch\/wp-content\/uploads\/2024\/02\/influence_Verlaeufe_V01_11-495x400.png 495w, https:\/\/influence.ch\/wp-content\/uploads\/2024\/02\/influence_Verlaeufe_V01_11-845x684.png 845w\" sizes=\"(max-width: 495px) 100vw, 495px\" \/><\/a><div class=\"slide-content\"><header class=\"entry-content-header\"><h3 class='slide-entry-title entry-title '  itemprop=\"headline\" ><a href='https:\/\/influence.ch\/fr\/2025\/03\/27\/david-prend-le-controle-sur-goliath\/' title='Quand le petit David r\u00e9ussit \u00e0 renverser le grand Goliath'>Quand le petit David r\u00e9ussit \u00e0 renverser le grand Goliath<\/a><\/h3><span class=\"av-vertical-delimiter\"><\/span><\/header><div class=\"slide-meta\"><time class='slide-meta-time updated'  itemprop=\"datePublished\" datetime=\"2025-03-27T15:04:12+01:00\" >27 mars 2025<\/time><\/div><div class='slide-entry-excerpt entry-content'  itemprop=\"text\" >La politique au cin\u00e9ma #13 : comment Gandhi a d\u00e9sesp\u00e9r\u00e9 les colonisateurs de la non-coop\u00e9ration non violente<\/div><\/div><footer class=\"entry-footer\"><\/footer><span class='hidden'>\n\t\t\t\t<span class='av-structured-data'  itemprop=\"image\" itemscope=\"itemscope\" itemtype=\"https:\/\/schema.org\/ImageObject\" >\n\t\t\t\t\t\t<span itemprop='url'>https:\/\/influence.ch\/wp-content\/uploads\/2024\/02\/influence_Verlaeufe_V01_11.png<\/span>\n\t\t\t\t\t\t<span itemprop='height'>2169<\/span>\n\t\t\t\t\t\t<span itemprop='width'>2442<\/span>\n\t\t\t\t<\/span>\n\t\t\t\t<span class='av-structured-data'  itemprop=\"publisher\" itemtype=\"https:\/\/schema.org\/Organization\" itemscope=\"itemscope\" >\n\t\t\t\t\t\t<span itemprop='name'>Thomas Meier &amp; Matthias Halbeis<\/span>\n\t\t\t\t\t\t<span itemprop='logo' itemscope itemtype='https:\/\/schema.org\/ImageObject'>\n\t\t\t\t\t\t\t<span itemprop='url'>https:\/\/influence.ch\/wp-content\/uploads\/2025\/02\/influence_Logo_FR_weiss-1030x277.png<\/span>\n\t\t\t\t\t\t <\/span>\n\t\t\t\t<\/span><span class='av-structured-data'  itemprop=\"author\" itemscope=\"itemscope\" itemtype=\"https:\/\/schema.org\/Person\" ><span itemprop='name'>Thomas Meier &amp; Matthias Halbeis<\/span><\/span><span class='av-structured-data'  itemprop=\"datePublished\" datetime=\"2025-05-26T13:52:19+02:00\" >2025-03-27 15:04:12<\/span><span class='av-structured-data'  itemprop=\"dateModified\" itemtype=\"https:\/\/schema.org\/dateModified\" >2025-03-27 17:22:58<\/span><span class='av-structured-data'  itemprop=\"mainEntityOfPage\" itemtype=\"https:\/\/schema.org\/mainEntityOfPage\" ><span itemprop='name'>Quand le petit David r\u00e9ussit \u00e0 renverser le grand Goliath<\/span><\/span><\/span><\/article><\/div><div class=\"slide-entry-wrap\"><article class='slide-entry flex_column  post-entry post-entry-6769 slide-entry-overview slide-loop-7 slide-parity-odd  av_one_third first real-thumbnail post-format-standard'  itemscope=\"itemscope\" itemtype=\"https:\/\/schema.org\/BlogPosting\" itemprop=\"blogPost\" ><a href='https:\/\/influence.ch\/fr\/2026\/01\/29\/organisation-et-escalade-dans-la-guerilla-urbaine\/' data-rel='slide-1' class='slide-image' title='Organisation et escalade dans la gu\u00e9rilla urbaine'><img decoding=\"async\" width=\"495\" height=\"400\" src=\"https:\/\/influence.ch\/wp-content\/uploads\/2024\/02\/influence_Verlaeufe_V01_11-495x400.png\" class=\"wp-image-4391 avia-img-lazy-loading-not-4391 attachment-portfolio size-portfolio wp-post-image\" alt=\"\" srcset=\"https:\/\/influence.ch\/wp-content\/uploads\/2024\/02\/influence_Verlaeufe_V01_11-495x400.png 495w, https:\/\/influence.ch\/wp-content\/uploads\/2024\/02\/influence_Verlaeufe_V01_11-845x684.png 845w\" sizes=\"(max-width: 495px) 100vw, 495px\" \/><\/a><div class=\"slide-content\"><header class=\"entry-content-header\"><h3 class='slide-entry-title entry-title '  itemprop=\"headline\" ><a href='https:\/\/influence.ch\/fr\/2026\/01\/29\/organisation-et-escalade-dans-la-guerilla-urbaine\/' title='Organisation et escalade dans la gu\u00e9rilla urbaine'>Organisation et escalade dans la gu\u00e9rilla urbaine<\/a><\/h3><span class=\"av-vertical-delimiter\"><\/span><\/header><div class=\"slide-meta\"><time class='slide-meta-time updated'  itemprop=\"datePublished\" datetime=\"2026-01-29T10:18:11+01:00\" >29 janvier 2026<\/time><\/div><div class='slide-entry-excerpt entry-content'  itemprop=\"text\" >Politique au cin\u00e9ma #22 : Comment la r\u00e9sistance anticoloniale perd \u00ab La Bataille d'Alger \u00bb, mais gagne la guerre  <\/div><\/div><footer class=\"entry-footer\"><\/footer><span class='hidden'>\n\t\t\t\t<span class='av-structured-data'  itemprop=\"image\" itemscope=\"itemscope\" itemtype=\"https:\/\/schema.org\/ImageObject\" >\n\t\t\t\t\t\t<span itemprop='url'>https:\/\/influence.ch\/wp-content\/uploads\/2024\/02\/influence_Verlaeufe_V01_11.png<\/span>\n\t\t\t\t\t\t<span itemprop='height'>2169<\/span>\n\t\t\t\t\t\t<span itemprop='width'>2442<\/span>\n\t\t\t\t<\/span>\n\t\t\t\t<span class='av-structured-data'  itemprop=\"publisher\" itemtype=\"https:\/\/schema.org\/Organization\" itemscope=\"itemscope\" >\n\t\t\t\t\t\t<span itemprop='name'>Thomas Meier &amp; Matthias Halbeis<\/span>\n\t\t\t\t\t\t<span itemprop='logo' itemscope itemtype='https:\/\/schema.org\/ImageObject'>\n\t\t\t\t\t\t\t<span itemprop='url'>https:\/\/influence.ch\/wp-content\/uploads\/2025\/02\/influence_Logo_FR_weiss-1030x277.png<\/span>\n\t\t\t\t\t\t <\/span>\n\t\t\t\t<\/span><span class='av-structured-data'  itemprop=\"author\" itemscope=\"itemscope\" itemtype=\"https:\/\/schema.org\/Person\" ><span itemprop='name'>Thomas Meier &amp; Matthias Halbeis<\/span><\/span><span class='av-structured-data'  itemprop=\"datePublished\" datetime=\"2025-05-26T13:52:19+02:00\" >2026-01-29 10:18:11<\/span><span class='av-structured-data'  itemprop=\"dateModified\" itemtype=\"https:\/\/schema.org\/dateModified\" >2026-01-29 15:24:38<\/span><span class='av-structured-data'  itemprop=\"mainEntityOfPage\" itemtype=\"https:\/\/schema.org\/mainEntityOfPage\" ><span itemprop='name'>Organisation et escalade dans la gu\u00e9rilla urbaine<\/span><\/span><\/span><\/article><article class='slide-entry flex_column  post-entry post-entry-5337 slide-entry-overview slide-loop-8 slide-parity-even  av_one_third  real-thumbnail post-format-standard'  itemscope=\"itemscope\" itemtype=\"https:\/\/schema.org\/BlogPosting\" itemprop=\"blogPost\" ><a href='https:\/\/influence.ch\/fr\/2025\/04\/15\/le-parti-a-toujours-raison\/' data-rel='slide-1' class='slide-image' title='Le parti a toujours raison'><img decoding=\"async\" width=\"495\" height=\"400\" src=\"https:\/\/influence.ch\/wp-content\/uploads\/2024\/02\/influence_Verlaeufe_V01_11-495x400.png\" class=\"wp-image-4391 avia-img-lazy-loading-not-4391 attachment-portfolio size-portfolio wp-post-image\" alt=\"\" srcset=\"https:\/\/influence.ch\/wp-content\/uploads\/2024\/02\/influence_Verlaeufe_V01_11-495x400.png 495w, https:\/\/influence.ch\/wp-content\/uploads\/2024\/02\/influence_Verlaeufe_V01_11-845x684.png 845w\" sizes=\"(max-width: 495px) 100vw, 495px\" \/><\/a><div class=\"slide-content\"><header class=\"entry-content-header\"><h3 class='slide-entry-title entry-title '  itemprop=\"headline\" ><a href='https:\/\/influence.ch\/fr\/2025\/04\/15\/le-parti-a-toujours-raison\/' title='Le parti a toujours raison'>Le parti a toujours raison<\/a><\/h3><span class=\"av-vertical-delimiter\"><\/span><\/header><div class=\"slide-meta\"><time class='slide-meta-time updated'  itemprop=\"datePublished\" datetime=\"2025-04-15T15:15:23+02:00\" >15 avril 2025<\/time><\/div><div class='slide-entry-excerpt entry-content'  itemprop=\"text\" >La politique au cin\u00e9ma #14 : dans \"L'Aveu\", le syst\u00e8me communiste exige une ob\u00e9issance inconditionnelle<\/div><\/div><footer class=\"entry-footer\"><\/footer><span class='hidden'>\n\t\t\t\t<span class='av-structured-data'  itemprop=\"image\" itemscope=\"itemscope\" itemtype=\"https:\/\/schema.org\/ImageObject\" >\n\t\t\t\t\t\t<span itemprop='url'>https:\/\/influence.ch\/wp-content\/uploads\/2024\/02\/influence_Verlaeufe_V01_11.png<\/span>\n\t\t\t\t\t\t<span itemprop='height'>2169<\/span>\n\t\t\t\t\t\t<span itemprop='width'>2442<\/span>\n\t\t\t\t<\/span>\n\t\t\t\t<span class='av-structured-data'  itemprop=\"publisher\" itemtype=\"https:\/\/schema.org\/Organization\" itemscope=\"itemscope\" >\n\t\t\t\t\t\t<span itemprop='name'>Thomas Meier &amp; Matthias Halbeis<\/span>\n\t\t\t\t\t\t<span itemprop='logo' itemscope itemtype='https:\/\/schema.org\/ImageObject'>\n\t\t\t\t\t\t\t<span itemprop='url'>https:\/\/influence.ch\/wp-content\/uploads\/2025\/02\/influence_Logo_FR_weiss-1030x277.png<\/span>\n\t\t\t\t\t\t <\/span>\n\t\t\t\t<\/span><span class='av-structured-data'  itemprop=\"author\" itemscope=\"itemscope\" itemtype=\"https:\/\/schema.org\/Person\" ><span itemprop='name'>Thomas Meier &amp; Matthias Halbeis<\/span><\/span><span class='av-structured-data'  itemprop=\"datePublished\" datetime=\"2025-05-26T13:52:19+02:00\" >2025-04-15 15:15:23<\/span><span class='av-structured-data'  itemprop=\"dateModified\" itemtype=\"https:\/\/schema.org\/dateModified\" >2025-04-28 07:57:23<\/span><span class='av-structured-data'  itemprop=\"mainEntityOfPage\" itemtype=\"https:\/\/schema.org\/mainEntityOfPage\" ><span itemprop='name'>Le parti a toujours raison<\/span><\/span><\/span><\/article><article class='slide-entry flex_column  post-entry post-entry-5463 slide-entry-overview slide-loop-9 slide-parity-odd  post-entry-last  av_one_third  real-thumbnail post-format-standard'  itemscope=\"itemscope\" itemtype=\"https:\/\/schema.org\/BlogPosting\" itemprop=\"blogPost\" ><a href='https:\/\/influence.ch\/fr\/2025\/05\/26\/les-idees-sont-a-lepreuve-des-balles\/' data-rel='slide-1' class='slide-image' title='Les id\u00e9es sont \u00e0 l&rsquo;\u00e9preuve des balles'><img decoding=\"async\" width=\"495\" height=\"400\" src=\"https:\/\/influence.ch\/wp-content\/uploads\/2024\/02\/influence_Verlaeufe_V01_11-495x400.png\" class=\"wp-image-4391 avia-img-lazy-loading-not-4391 attachment-portfolio size-portfolio wp-post-image\" alt=\"\" srcset=\"https:\/\/influence.ch\/wp-content\/uploads\/2024\/02\/influence_Verlaeufe_V01_11-495x400.png 495w, https:\/\/influence.ch\/wp-content\/uploads\/2024\/02\/influence_Verlaeufe_V01_11-845x684.png 845w\" sizes=\"(max-width: 495px) 100vw, 495px\" \/><\/a><div class=\"slide-content\"><header class=\"entry-content-header\"><h3 class='slide-entry-title entry-title '  itemprop=\"headline\" ><a href='https:\/\/influence.ch\/fr\/2025\/05\/26\/les-idees-sont-a-lepreuve-des-balles\/' title='Les id\u00e9es sont \u00e0 l&rsquo;\u00e9preuve des balles'>Les id\u00e9es sont \u00e0 l&rsquo;\u00e9preuve des balles<\/a><\/h3><span class=\"av-vertical-delimiter\"><\/span><\/header><div class=\"slide-meta\"><time class='slide-meta-time updated'  itemprop=\"datePublished\" datetime=\"2025-05-26T13:52:19+02:00\" >26 mai 2025<\/time><\/div><div class='slide-entry-excerpt entry-content'  itemprop=\"text\" >Politique au cin\u00e9ma #15 : comment le \u00ab V \u00bb masqu\u00e9 renverse un r\u00e9gime n\u00e9ofasciste avec sa vendetta<\/div><\/div><footer class=\"entry-footer\"><\/footer><span class='hidden'>\n\t\t\t\t<span class='av-structured-data'  itemprop=\"image\" itemscope=\"itemscope\" itemtype=\"https:\/\/schema.org\/ImageObject\" >\n\t\t\t\t\t\t<span itemprop='url'>https:\/\/influence.ch\/wp-content\/uploads\/2024\/02\/influence_Verlaeufe_V01_11.png<\/span>\n\t\t\t\t\t\t<span itemprop='height'>2169<\/span>\n\t\t\t\t\t\t<span itemprop='width'>2442<\/span>\n\t\t\t\t<\/span>\n\t\t\t\t<span class='av-structured-data'  itemprop=\"publisher\" itemtype=\"https:\/\/schema.org\/Organization\" itemscope=\"itemscope\" >\n\t\t\t\t\t\t<span itemprop='name'>Thomas Meier &amp; Matthias Halbeis<\/span>\n\t\t\t\t\t\t<span itemprop='logo' itemscope itemtype='https:\/\/schema.org\/ImageObject'>\n\t\t\t\t\t\t\t<span itemprop='url'>https:\/\/influence.ch\/wp-content\/uploads\/2025\/02\/influence_Logo_FR_weiss-1030x277.png<\/span>\n\t\t\t\t\t\t <\/span>\n\t\t\t\t<\/span><span class='av-structured-data'  itemprop=\"author\" itemscope=\"itemscope\" itemtype=\"https:\/\/schema.org\/Person\" ><span itemprop='name'>Thomas Meier &amp; Matthias Halbeis<\/span><\/span><span class='av-structured-data'  itemprop=\"datePublished\" datetime=\"2025-05-26T13:52:19+02:00\" >2025-05-26 13:52:19<\/span><span class='av-structured-data'  itemprop=\"dateModified\" itemtype=\"https:\/\/schema.org\/dateModified\" >2025-05-28 10:18:38<\/span><span class='av-structured-data'  itemprop=\"mainEntityOfPage\" itemtype=\"https:\/\/schema.org\/mainEntityOfPage\" ><span itemprop='name'>Les id\u00e9es sont \u00e0 l&rsquo;\u00e9preuve des balles<\/span><\/span><\/span><\/article><\/div><\/div><div class='avia-slideshow-arrows avia-slideshow-controls' ><a href='#prev' class='prev-slide ' aria-hidden='true' data-av_icon='\ue87c' data-av_iconfont='entypo-fontello'  tabindex='-1'>Pr\u00e9c\u00e9dent<\/a><a href='#next' class='next-slide ' aria-hidden='true' data-av_icon='\ue87d' data-av_iconfont='entypo-fontello'  tabindex='-1'>Suivant<\/a><\/div><\/div>\n<\/p>\n","protected":false},"excerpt":{"rendered":"<p>Politique au cin\u00e9ma #15 : comment le \u00ab V \u00bb masqu\u00e9 renverse un r\u00e9gime n\u00e9ofasciste avec sa vendetta<\/p>\n","protected":false},"author":77,"featured_media":4391,"comment_status":"closed","ping_status":"closed","sticky":false,"template":"","format":"standard","meta":{"footnotes":""},"categories":[47],"tags":[],"class_list":["post-5463","post","type-post","status-publish","format-standard","has-post-thumbnail","hentry","category-la-politique-au-cinema"],"yoast_head":"<!-- This site is optimized with the Yoast SEO plugin v27.0 - https:\/\/yoast.com\/product\/yoast-seo-wordpress\/ -->\n<title>Les id\u00e9es sont \u00e0 l&#039;\u00e9preuve des balles - influence powered by furrerhugi<\/title>\n<meta name=\"description\" content=\"Politique au cin\u00e9ma #15 : comment le \u00ab V \u00bb masqu\u00e9 renverse un r\u00e9gime n\u00e9ofasciste avec sa vendetta\" \/>\n<meta name=\"robots\" content=\"index, follow, max-snippet:-1, max-image-preview:large, max-video-preview:-1\" \/>\n<link rel=\"canonical\" href=\"https:\/\/influence.ch\/2025\/05\/26\/ideen-sind-kugelsicher\/\" \/>\n<meta property=\"og:locale\" content=\"fr_FR\" \/>\n<meta property=\"og:type\" content=\"article\" \/>\n<meta property=\"og:title\" content=\"Les id\u00e9es sont \u00e0 l&#039;\u00e9preuve des balles - influence powered by furrerhugi\" \/>\n<meta property=\"og:description\" content=\"Politique au cin\u00e9ma #15 : comment le \u00ab V \u00bb masqu\u00e9 renverse un r\u00e9gime n\u00e9ofasciste avec sa vendetta\" \/>\n<meta property=\"og:url\" content=\"https:\/\/influence.ch\/2025\/05\/26\/ideen-sind-kugelsicher\/\" \/>\n<meta property=\"og:site_name\" content=\"influence powered by furrerhugi\" \/>\n<meta property=\"article:published_time\" content=\"2025-05-26T11:52:19+00:00\" \/>\n<meta property=\"article:modified_time\" content=\"2025-05-28T08:18:38+00:00\" \/>\n<meta property=\"og:image\" content=\"https:\/\/influence.ch\/wp-content\/uploads\/2025\/05\/image-w1280.jpg-800x430.webp\" \/>\n<meta name=\"author\" content=\"Thomas Meier &amp; Matthias Halbeis\" \/>\n<meta name=\"twitter:card\" content=\"summary_large_image\" \/>\n<meta name=\"twitter:image\" content=\"https:\/\/influence.ch\/wp-content\/uploads\/2025\/05\/image-w1280.jpg-800x430.webp\" \/>\n<meta name=\"twitter:label1\" content=\"\u00c9crit par\" \/>\n\t<meta name=\"twitter:data1\" content=\"Thomas Meier &amp; Matthias Halbeis\" \/>\n\t<meta name=\"twitter:label2\" content=\"Dur\u00e9e de lecture estim\u00e9e\" \/>\n\t<meta name=\"twitter:data2\" content=\"9 minutes\" \/>\n<script type=\"application\/ld+json\" class=\"yoast-schema-graph\">{\"@context\":\"https:\/\/schema.org\",\"@graph\":[{\"@type\":\"Article\",\"@id\":\"https:\/\/influence.ch\/2025\/05\/26\/ideen-sind-kugelsicher\/#article\",\"isPartOf\":{\"@id\":\"https:\/\/influence.ch\/2025\/05\/26\/ideen-sind-kugelsicher\/\"},\"author\":{\"name\":\"Thomas Meier &amp; Matthias Halbeis\",\"@id\":\"https:\/\/influence.ch\/#\/schema\/person\/f2f0cbb5a087db62cc4303bc706a4c70\"},\"headline\":\"Les id\u00e9es sont \u00e0 l&rsquo;\u00e9preuve des balles\",\"datePublished\":\"2025-05-26T11:52:19+00:00\",\"dateModified\":\"2025-05-28T08:18:38+00:00\",\"mainEntityOfPage\":{\"@id\":\"https:\/\/influence.ch\/2025\/05\/26\/ideen-sind-kugelsicher\/\"},\"wordCount\":3086,\"image\":{\"@id\":\"https:\/\/influence.ch\/2025\/05\/26\/ideen-sind-kugelsicher\/#primaryimage\"},\"thumbnailUrl\":\"https:\/\/influence.ch\/wp-content\/uploads\/2024\/02\/influence_Verlaeufe_V01_11.png\",\"articleSection\":[\"La politique au cin\u00e9ma\"],\"inLanguage\":\"fr-FR\"},{\"@type\":\"WebPage\",\"@id\":\"https:\/\/influence.ch\/2025\/05\/26\/ideen-sind-kugelsicher\/\",\"url\":\"https:\/\/influence.ch\/2025\/05\/26\/ideen-sind-kugelsicher\/\",\"name\":\"Les id\u00e9es sont \u00e0 l'\u00e9preuve des balles - influence powered by furrerhugi\",\"isPartOf\":{\"@id\":\"https:\/\/influence.ch\/#website\"},\"primaryImageOfPage\":{\"@id\":\"https:\/\/influence.ch\/2025\/05\/26\/ideen-sind-kugelsicher\/#primaryimage\"},\"image\":{\"@id\":\"https:\/\/influence.ch\/2025\/05\/26\/ideen-sind-kugelsicher\/#primaryimage\"},\"thumbnailUrl\":\"https:\/\/influence.ch\/wp-content\/uploads\/2024\/02\/influence_Verlaeufe_V01_11.png\",\"datePublished\":\"2025-05-26T11:52:19+00:00\",\"dateModified\":\"2025-05-28T08:18:38+00:00\",\"author\":{\"@id\":\"https:\/\/influence.ch\/#\/schema\/person\/f2f0cbb5a087db62cc4303bc706a4c70\"},\"description\":\"Politique au cin\u00e9ma #15 : comment le \u00ab V \u00bb masqu\u00e9 renverse un r\u00e9gime n\u00e9ofasciste avec sa vendetta\",\"breadcrumb\":{\"@id\":\"https:\/\/influence.ch\/2025\/05\/26\/ideen-sind-kugelsicher\/#breadcrumb\"},\"inLanguage\":\"fr-FR\",\"potentialAction\":[{\"@type\":\"ReadAction\",\"target\":[\"https:\/\/influence.ch\/2025\/05\/26\/ideen-sind-kugelsicher\/\"]}]},{\"@type\":\"ImageObject\",\"inLanguage\":\"fr-FR\",\"@id\":\"https:\/\/influence.ch\/2025\/05\/26\/ideen-sind-kugelsicher\/#primaryimage\",\"url\":\"https:\/\/influence.ch\/wp-content\/uploads\/2024\/02\/influence_Verlaeufe_V01_11.png\",\"contentUrl\":\"https:\/\/influence.ch\/wp-content\/uploads\/2024\/02\/influence_Verlaeufe_V01_11.png\",\"width\":2442,\"height\":2169},{\"@type\":\"BreadcrumbList\",\"@id\":\"https:\/\/influence.ch\/2025\/05\/26\/ideen-sind-kugelsicher\/#breadcrumb\",\"itemListElement\":[{\"@type\":\"ListItem\",\"position\":1,\"name\":\"Startseite\",\"item\":\"https:\/\/influence.ch\/fr\/influence\/\"},{\"@type\":\"ListItem\",\"position\":2,\"name\":\"Les id\u00e9es sont \u00e0 l&#8217;\u00e9preuve des balles\"}]},{\"@type\":\"WebSite\",\"@id\":\"https:\/\/influence.ch\/#website\",\"url\":\"https:\/\/influence.ch\/\",\"name\":\"influence powered by furrerhugi\",\"description\":\"Vorsprung durch Wissen\",\"potentialAction\":[{\"@type\":\"SearchAction\",\"target\":{\"@type\":\"EntryPoint\",\"urlTemplate\":\"https:\/\/influence.ch\/?s={search_term_string}\"},\"query-input\":{\"@type\":\"PropertyValueSpecification\",\"valueRequired\":true,\"valueName\":\"search_term_string\"}}],\"inLanguage\":\"fr-FR\"},{\"@type\":\"Person\",\"@id\":\"https:\/\/influence.ch\/#\/schema\/person\/f2f0cbb5a087db62cc4303bc706a4c70\",\"name\":\"Thomas Meier &amp; Matthias Halbeis\",\"image\":{\"@type\":\"ImageObject\",\"inLanguage\":\"fr-FR\",\"@id\":\"https:\/\/influence.ch\/#\/schema\/person\/image\/\",\"url\":\"https:\/\/secure.gravatar.com\/avatar\/0498aa4543bd05ec4ec13c78338d77b4b3e0f1bf93be6886a1bd4ab48ae35933?s=96&d=mm&r=g\",\"contentUrl\":\"https:\/\/secure.gravatar.com\/avatar\/0498aa4543bd05ec4ec13c78338d77b4b3e0f1bf93be6886a1bd4ab48ae35933?s=96&d=mm&r=g\",\"caption\":\"Thomas Meier &amp; Matthias Halbeis\"},\"url\":\"https:\/\/influence.ch\/fr\/author\/meier-halbeis\/\"}]}<\/script>\n<!-- \/ Yoast SEO plugin. -->","yoast_head_json":{"title":"Les id\u00e9es sont \u00e0 l'\u00e9preuve des balles - influence powered by furrerhugi","description":"Politique au cin\u00e9ma #15 : comment le \u00ab V \u00bb masqu\u00e9 renverse un r\u00e9gime n\u00e9ofasciste avec sa vendetta","robots":{"index":"index","follow":"follow","max-snippet":"max-snippet:-1","max-image-preview":"max-image-preview:large","max-video-preview":"max-video-preview:-1"},"canonical":"https:\/\/influence.ch\/2025\/05\/26\/ideen-sind-kugelsicher\/","og_locale":"fr_FR","og_type":"article","og_title":"Les id\u00e9es sont \u00e0 l'\u00e9preuve des balles - influence powered by furrerhugi","og_description":"Politique au cin\u00e9ma #15 : comment le \u00ab V \u00bb masqu\u00e9 renverse un r\u00e9gime n\u00e9ofasciste avec sa vendetta","og_url":"https:\/\/influence.ch\/2025\/05\/26\/ideen-sind-kugelsicher\/","og_site_name":"influence powered by furrerhugi","article_published_time":"2025-05-26T11:52:19+00:00","article_modified_time":"2025-05-28T08:18:38+00:00","og_image":[{"url":"https:\/\/influence.ch\/wp-content\/uploads\/2025\/05\/image-w1280.jpg-800x430.webp","type":"","width":"","height":""}],"author":"Thomas Meier &amp; Matthias Halbeis","twitter_card":"summary_large_image","twitter_image":"https:\/\/influence.ch\/wp-content\/uploads\/2025\/05\/image-w1280.jpg-800x430.webp","twitter_misc":{"\u00c9crit par":"Thomas Meier &amp; Matthias Halbeis","Dur\u00e9e de lecture estim\u00e9e":"9 minutes"},"schema":{"@context":"https:\/\/schema.org","@graph":[{"@type":"Article","@id":"https:\/\/influence.ch\/2025\/05\/26\/ideen-sind-kugelsicher\/#article","isPartOf":{"@id":"https:\/\/influence.ch\/2025\/05\/26\/ideen-sind-kugelsicher\/"},"author":{"name":"Thomas Meier &amp; Matthias Halbeis","@id":"https:\/\/influence.ch\/#\/schema\/person\/f2f0cbb5a087db62cc4303bc706a4c70"},"headline":"Les id\u00e9es sont \u00e0 l&rsquo;\u00e9preuve des balles","datePublished":"2025-05-26T11:52:19+00:00","dateModified":"2025-05-28T08:18:38+00:00","mainEntityOfPage":{"@id":"https:\/\/influence.ch\/2025\/05\/26\/ideen-sind-kugelsicher\/"},"wordCount":3086,"image":{"@id":"https:\/\/influence.ch\/2025\/05\/26\/ideen-sind-kugelsicher\/#primaryimage"},"thumbnailUrl":"https:\/\/influence.ch\/wp-content\/uploads\/2024\/02\/influence_Verlaeufe_V01_11.png","articleSection":["La politique au cin\u00e9ma"],"inLanguage":"fr-FR"},{"@type":"WebPage","@id":"https:\/\/influence.ch\/2025\/05\/26\/ideen-sind-kugelsicher\/","url":"https:\/\/influence.ch\/2025\/05\/26\/ideen-sind-kugelsicher\/","name":"Les id\u00e9es sont \u00e0 l'\u00e9preuve des balles - influence powered by furrerhugi","isPartOf":{"@id":"https:\/\/influence.ch\/#website"},"primaryImageOfPage":{"@id":"https:\/\/influence.ch\/2025\/05\/26\/ideen-sind-kugelsicher\/#primaryimage"},"image":{"@id":"https:\/\/influence.ch\/2025\/05\/26\/ideen-sind-kugelsicher\/#primaryimage"},"thumbnailUrl":"https:\/\/influence.ch\/wp-content\/uploads\/2024\/02\/influence_Verlaeufe_V01_11.png","datePublished":"2025-05-26T11:52:19+00:00","dateModified":"2025-05-28T08:18:38+00:00","author":{"@id":"https:\/\/influence.ch\/#\/schema\/person\/f2f0cbb5a087db62cc4303bc706a4c70"},"description":"Politique au cin\u00e9ma #15 : comment le \u00ab V \u00bb masqu\u00e9 renverse un r\u00e9gime n\u00e9ofasciste avec sa vendetta","breadcrumb":{"@id":"https:\/\/influence.ch\/2025\/05\/26\/ideen-sind-kugelsicher\/#breadcrumb"},"inLanguage":"fr-FR","potentialAction":[{"@type":"ReadAction","target":["https:\/\/influence.ch\/2025\/05\/26\/ideen-sind-kugelsicher\/"]}]},{"@type":"ImageObject","inLanguage":"fr-FR","@id":"https:\/\/influence.ch\/2025\/05\/26\/ideen-sind-kugelsicher\/#primaryimage","url":"https:\/\/influence.ch\/wp-content\/uploads\/2024\/02\/influence_Verlaeufe_V01_11.png","contentUrl":"https:\/\/influence.ch\/wp-content\/uploads\/2024\/02\/influence_Verlaeufe_V01_11.png","width":2442,"height":2169},{"@type":"BreadcrumbList","@id":"https:\/\/influence.ch\/2025\/05\/26\/ideen-sind-kugelsicher\/#breadcrumb","itemListElement":[{"@type":"ListItem","position":1,"name":"Startseite","item":"https:\/\/influence.ch\/fr\/influence\/"},{"@type":"ListItem","position":2,"name":"Les id\u00e9es sont \u00e0 l&#8217;\u00e9preuve des balles"}]},{"@type":"WebSite","@id":"https:\/\/influence.ch\/#website","url":"https:\/\/influence.ch\/","name":"influence powered by furrerhugi","description":"Vorsprung durch Wissen","potentialAction":[{"@type":"SearchAction","target":{"@type":"EntryPoint","urlTemplate":"https:\/\/influence.ch\/?s={search_term_string}"},"query-input":{"@type":"PropertyValueSpecification","valueRequired":true,"valueName":"search_term_string"}}],"inLanguage":"fr-FR"},{"@type":"Person","@id":"https:\/\/influence.ch\/#\/schema\/person\/f2f0cbb5a087db62cc4303bc706a4c70","name":"Thomas Meier &amp; Matthias Halbeis","image":{"@type":"ImageObject","inLanguage":"fr-FR","@id":"https:\/\/influence.ch\/#\/schema\/person\/image\/","url":"https:\/\/secure.gravatar.com\/avatar\/0498aa4543bd05ec4ec13c78338d77b4b3e0f1bf93be6886a1bd4ab48ae35933?s=96&d=mm&r=g","contentUrl":"https:\/\/secure.gravatar.com\/avatar\/0498aa4543bd05ec4ec13c78338d77b4b3e0f1bf93be6886a1bd4ab48ae35933?s=96&d=mm&r=g","caption":"Thomas Meier &amp; Matthias Halbeis"},"url":"https:\/\/influence.ch\/fr\/author\/meier-halbeis\/"}]}},"_links":{"self":[{"href":"https:\/\/influence.ch\/fr\/wp-json\/wp\/v2\/posts\/5463","targetHints":{"allow":["GET"]}}],"collection":[{"href":"https:\/\/influence.ch\/fr\/wp-json\/wp\/v2\/posts"}],"about":[{"href":"https:\/\/influence.ch\/fr\/wp-json\/wp\/v2\/types\/post"}],"author":[{"embeddable":true,"href":"https:\/\/influence.ch\/fr\/wp-json\/wp\/v2\/users\/77"}],"replies":[{"embeddable":true,"href":"https:\/\/influence.ch\/fr\/wp-json\/wp\/v2\/comments?post=5463"}],"version-history":[{"count":4,"href":"https:\/\/influence.ch\/fr\/wp-json\/wp\/v2\/posts\/5463\/revisions"}],"predecessor-version":[{"id":5479,"href":"https:\/\/influence.ch\/fr\/wp-json\/wp\/v2\/posts\/5463\/revisions\/5479"}],"wp:featuredmedia":[{"embeddable":true,"href":"https:\/\/influence.ch\/fr\/wp-json\/wp\/v2\/media\/4391"}],"wp:attachment":[{"href":"https:\/\/influence.ch\/fr\/wp-json\/wp\/v2\/media?parent=5463"}],"wp:term":[{"taxonomy":"category","embeddable":true,"href":"https:\/\/influence.ch\/fr\/wp-json\/wp\/v2\/categories?post=5463"},{"taxonomy":"post_tag","embeddable":true,"href":"https:\/\/influence.ch\/fr\/wp-json\/wp\/v2\/tags?post=5463"}],"curies":[{"name":"wp","href":"https:\/\/api.w.org\/{rel}","templated":true}]}}