{"id":5182,"date":"2025-03-27T14:45:57","date_gmt":"2025-03-27T13:45:57","guid":{"rendered":"https:\/\/influence.ch\/2025\/03\/27\/qui-ecrit-les-articles-pour-cette-plate-forme\/"},"modified":"2025-03-27T19:42:52","modified_gmt":"2025-03-27T18:42:52","slug":"qui-ecrit-les-articles-pour-cette-plate-forme","status":"publish","type":"post","link":"https:\/\/influence.ch\/fr\/2025\/03\/27\/qui-ecrit-les-articles-pour-cette-plate-forme\/","title":{"rendered":"Qui \u00e9crit les articles pour cette plate-forme"},"content":{"rendered":"\n<style type=\"text\/css\" data-created_by=\"avia_inline_auto\" id=\"style-css-av-37s3-aef770357ece8250167effe7edc8c1f6\">\n.avia-section.av-37s3-aef770357ece8250167effe7edc8c1f6{\nmargin-top:20px;\nmargin-bottom:20px;\n}\n<\/style>\n<div id='av_section_1'  class='avia-section av-37s3-aef770357ece8250167effe7edc8c1f6 main_color avia-section-default avia-no-border-styling  avia-builder-el-0  el_before_av_section  avia-builder-el-first  head_politik avia-bg-style-scroll container_wrap fullsize'  ><div class='container av-section-cont-open' ><main  role=\"main\" itemprop=\"mainContentOfPage\"  class='template-page content  av-content-full alpha units'><div class='post-entry post-entry-type-page post-entry-5182'><div class='entry-content-wrapper clearfix'>\n\n<style type=\"text\/css\" data-created_by=\"avia_inline_auto\" id=\"style-css-av-ll3dnv6h-4148c811db292f0b98b5ef1a1b585ab3\">\n#top .hr.hr-invisible.av-ll3dnv6h-4148c811db292f0b98b5ef1a1b585ab3{\nheight:40px;\n}\n<\/style>\n<div  class='hr av-ll3dnv6h-4148c811db292f0b98b5ef1a1b585ab3 hr-invisible  avia-builder-el-1  el_before_av_post_metadata  avia-builder-el-first '><span class='hr-inner '><span class=\"hr-inner-style\"><\/span><\/span><\/div>\n\n<style type=\"text\/css\" data-created_by=\"avia_inline_auto\" id=\"style-css-av-ll2bygrq-a1a13b3da260d9c9d49905a783ae5cc5\">\n#top .av-post-metadata-container.av-ll2bygrq-a1a13b3da260d9c9d49905a783ae5cc5{\ncolor:#ffffff;\nfont-size:22px;\n}\n#top .av-post-metadata-container.av-ll2bygrq-a1a13b3da260d9c9d49905a783ae5cc5 .av-post-metadata-container-inner{\nfont-size:22px;\n}\n<\/style>\n<div  id=\"author\"  class='av-post-metadata-container av-ll2bygrq-a1a13b3da260d9c9d49905a783ae5cc5 av-metadata-container-align-left  avia-builder-el-2  el_after_av_hr  el_before_av_one_full  av-desktop-hide av-medium-hide av-small-hide av-mini-hide av-metadata-container-1'><div class='av-post-metadata-container-inner'><span class=\"av-post-metadata-content av-post-metadata-meta-content\"><span class=\"av-post-metadata-content av-post-metadata-category\"><span class=\"av-post-metadata-category-link\" ><a href=\"https:\/\/influence.ch\/fr\/category\/communication\/\" >Communication<\/a><\/span><\/span><\/span><\/div><\/div>\n<div class='flex_column av-580n-a0c99beb2a1882896586deb18bcf5405 av_one_full  avia-builder-el-3  el_after_av_post_metadata  el_before_av_post_metadata  first flex_column_div '     ><style type=\"text\/css\" data-created_by=\"avia_inline_auto\" id=\"style-css-av-lajol5k3-bcabd5439ce39e62158db334b9b99d68\">\n#top .av_textblock_section.av-lajol5k3-bcabd5439ce39e62158db334b9b99d68 .avia_textblock{\ncolor:#ffffff;\n}\n<\/style>\n<section  class='av_textblock_section av-lajol5k3-bcabd5439ce39e62158db334b9b99d68'  itemscope=\"itemscope\" itemtype=\"https:\/\/schema.org\/BlogPosting\" itemprop=\"blogPost\" ><div class='avia_textblock av_inherit_color'  itemprop=\"text\" ><h1 style=\"text-align: center;\"><\/h1>\n<div class=\"row\">\n<div class=\"col-14 offset-md-2 col-md-10\">\n<h1 style=\"text-align: center;\">Qui \u00e9crit les articles pour cette plate-forme<\/h1>\n<p class=\"lead-text\" style=\"text-align: center;\">Les cr\u00e9ateurs d&rsquo;influence.ch sont avant tout des collaborateurs de furrerhugi<\/p>\n<\/div>\n<\/div>\n<\/div><\/section><\/div>\n<style type=\"text\/css\" data-created_by=\"avia_inline_auto\" id=\"style-css-av-kqp-d3340c463e9779d9fb5e4297bb48a84f\">\n#top .av-post-metadata-container.av-kqp-d3340c463e9779d9fb5e4297bb48a84f{\ncolor:#ffffff;\n}\n<\/style>\n<div  id=\"author\"  class='av-post-metadata-container av-kqp-d3340c463e9779d9fb5e4297bb48a84f av-metadata-container-align-left  avia-builder-el-5  el_after_av_one_full  el_before_av_hr  av-desktop-hide av-medium-hide av-small-hide av-mini-hide av-metadata-container-2'><div class='av-post-metadata-container-inner'><span class=\"av-post-metadata-content av-post-metadata-meta-content\"><span class=\"av-post-metadata-content av-post-metadata-author\"  itemprop=\"author\" ><span class=\"av-post-metadata-author-link\" ><a href=\"https:\/\/influence.ch\/fr\/author\/matthias-halbeis\/\"  rel=\"author\">Matthias Halbeis<\/a><\/span><\/span><\/span><\/div><\/div>\n\n<style type=\"text\/css\" data-created_by=\"avia_inline_auto\" id=\"style-css-av-3rkb-5af53ac747b34df56e11174e8e22e573\">\n#top .hr.hr-invisible.av-3rkb-5af53ac747b34df56e11174e8e22e573{\nheight:40px;\n}\n<\/style>\n<div  class='hr av-3rkb-5af53ac747b34df56e11174e8e22e573 hr-invisible  avia-builder-el-6  el_after_av_post_metadata  avia-builder-el-last '><span class='hr-inner '><span class=\"hr-inner-style\"><\/span><\/span><\/div>\n\n<\/div><\/div><\/main><!-- close content main element --><\/div><\/div><div id='av_section_2'  class='avia-section av-4nqx-1f9ea2e9ed6a23cc856f96335c63c817 main_color avia-section-default avia-no-border-styling  avia-builder-el-7  el_after_av_section  el_before_av_section  post-inhalt avia-bg-style-scroll container_wrap fullsize'  ><div class='container av-section-cont-open' ><div class='template-page content  av-content-full alpha units'><div class='post-entry post-entry-type-page post-entry-5182'><div class='entry-content-wrapper clearfix'>\n\n<style type=\"text\/css\" data-created_by=\"avia_inline_auto\" id=\"style-css-av-ll2diep3-4379f21ceadb0c1eabec389020991252\">\n#top .av-post-metadata-container.av-ll2diep3-4379f21ceadb0c1eabec389020991252{\ncolor:#000000;\nfont-size:16px;\n}\n#top .av-post-metadata-container.av-ll2diep3-4379f21ceadb0c1eabec389020991252 .av-post-metadata-container-inner{\nfont-size:16px;\n}\n<\/style>\n<div  id=\"author\"  class='av-post-metadata-container av-ll2diep3-4379f21ceadb0c1eabec389020991252 av-metadata-container-align-left  avia-builder-el-8  el_before_av_hr  avia-builder-el-first  av-metadata-container-3'><div class='av-post-metadata-container-inner'><span class=\"av-post-metadata-content av-post-metadata-meta-content\"><span class=\"av-post-metadata-content av-post-metadata-published\"><span class=\"av-post-metadata-published-date\" >27 mars 2025<\/span><span class=\"av-metadata-after av-metadata-after-published\">|<\/span><\/span><span class=\"av-post-metadata-content av-post-metadata-separator\"><\/span><span class=\"av-post-metadata-content av-post-metadata-author\"  itemprop=\"author\" ><span class=\"av-post-metadata-author-link\" ><a href=\"https:\/\/influence.ch\/fr\/author\/matthias-halbeis\/\"  rel=\"author\">Matthias Halbeis<\/a><\/span><span class=\"av-metadata-after av-metadata-after-author\">|<\/span><\/span><span class=\"av-post-metadata-content av-post-metadata-separator\"><\/span><span class=\"av-post-metadata-content av-post-metadata-category\"><span class=\"av-post-metadata-category-link\" ><a href=\"https:\/\/influence.ch\/fr\/category\/communication\/\" >Communication<\/a><\/span><\/span><\/span><\/div><\/div>\n\n<style type=\"text\/css\" data-created_by=\"avia_inline_auto\" id=\"style-css-av-ll2cb0de-1618aeaa710f9714e67c07fd3b765e06\">\n#top .hr.hr-invisible.av-ll2cb0de-1618aeaa710f9714e67c07fd3b765e06{\nheight:10px;\n}\n<\/style>\n<div  class='hr av-ll2cb0de-1618aeaa710f9714e67c07fd3b765e06 hr-invisible  avia-builder-el-9  el_after_av_post_metadata  el_before_av_image '><span class='hr-inner '><span class=\"hr-inner-style\"><\/span><\/span><\/div>\n\n<style type=\"text\/css\" data-created_by=\"avia_inline_auto\" id=\"style-css-av-ll2btvp2-e72a6fbdfd06a747631812e22a2f3bf7\">\n.avia-image-container.av-ll2btvp2-e72a6fbdfd06a747631812e22a2f3bf7 img.avia_image{\nbox-shadow:none;\n}\n.avia-image-container.av-ll2btvp2-e72a6fbdfd06a747631812e22a2f3bf7 .av-image-caption-overlay-center{\ncolor:#ffffff;\n}\n<\/style>\n<div  class='avia-image-container av-ll2btvp2-e72a6fbdfd06a747631812e22a2f3bf7 av-styling- avia-align-center  avia-builder-el-10  el_after_av_hr  el_before_av_textblock '   itemprop=\"image\" itemscope=\"itemscope\" itemtype=\"https:\/\/schema.org\/ImageObject\" ><div class=\"avia-image-container-inner\"><div class=\"avia-image-overlay-wrap\"><img decoding=\"async\" class='wp-image-5052 avia-img-lazy-loading-not-5052 avia_image ' src=\"https:\/\/influence.ch\/wp-content\/uploads\/2025\/03\/image001-bearbeitet.jpg\" alt='' title='image001-bearbeitet'  height=\"911\" width=\"1122\"  itemprop=\"thumbnailUrl\" srcset=\"https:\/\/influence.ch\/wp-content\/uploads\/2025\/03\/image001-bearbeitet.jpg 1122w, https:\/\/influence.ch\/wp-content\/uploads\/2025\/03\/image001-bearbeitet-300x244.jpg 300w, https:\/\/influence.ch\/wp-content\/uploads\/2025\/03\/image001-bearbeitet-1030x836.jpg 1030w, https:\/\/influence.ch\/wp-content\/uploads\/2025\/03\/image001-bearbeitet-768x624.jpg 768w, https:\/\/influence.ch\/wp-content\/uploads\/2025\/03\/image001-bearbeitet-616x500.jpg 616w\" sizes=\"(max-width: 1122px) 100vw, 1122px\" \/><\/div><\/div><\/div>\n\n<style type=\"text\/css\" data-created_by=\"avia_inline_auto\" id=\"style-css-av-2q8z-01ad5e0b5f31c74fd38e79a60fc3cd1d\">\n#top .av_textblock_section.av-2q8z-01ad5e0b5f31c74fd38e79a60fc3cd1d .avia_textblock{\nfont-size:22px;\n}\n<\/style>\n<section  class='av_textblock_section av-2q8z-01ad5e0b5f31c74fd38e79a60fc3cd1d'  itemscope=\"itemscope\" itemtype=\"https:\/\/schema.org\/BlogPosting\" itemprop=\"blogPost\" ><div class='avia_textblock'  itemprop=\"text\" ><h6>Les cr\u00e9ateurs d&rsquo;influence : Jonathan M\u00fcller, Matthias Halbeis, Chrystel Domenjoz, Andreas Hugi, Thomas Meier et Pascal Ihle (de gauche \u00e0 droite). Manquent sur la photo : Petra Wessalowski, Eva Novak et Patrick Blaser. (Photo : fh)<\/h6>\n<\/div><\/section>\n\n<style type=\"text\/css\" data-created_by=\"avia_inline_auto\" id=\"style-css-av-2daep1-44d7d4efc713aa94b12928e881b34e32\">\n#top .av_textblock_section.av-2daep1-44d7d4efc713aa94b12928e881b34e32 .avia_textblock{\nfont-size:22px;\n}\n<\/style>\n<section  class='av_textblock_section av-2daep1-44d7d4efc713aa94b12928e881b34e32'  itemscope=\"itemscope\" itemtype=\"https:\/\/schema.org\/BlogPosting\" itemprop=\"blogPost\" ><div class='avia_textblock'  itemprop=\"text\" ><p>influence est la newsletter et le portail de communication de furrerhugi publi\u00e9 depuis f\u00e9vrier 2016. Notre objectif est de partager les r\u00e9flexions de l&rsquo;agence. Une fois n&rsquo;est pas coutume, nous vous pr\u00e9sentons aujourd&rsquo;hui les personnes \u00e0 l&rsquo;origine des articles. Ils \u00e9crivent et produisent les articles en plus de leur travail \u00e0 l&rsquo;agence.<\/p>\n<p>Les nouvelles technologies telles que la blockchain, la fintech et l&rsquo;intelligence artificielle fascinent <strong>Pascal Ihle<\/strong>, associ\u00e9 chez furrerhugi. Ancien r\u00e9dacteur en chef adjoint de la Handelszeitung, r\u00e9dacteur de longue date de la NZZ et journaliste chez Tamedia, il a con\u00e7u le portail de communication influence de furrerhugi en 2016 et l&rsquo;accompagne depuis en tant que r\u00e9dacteur en chef. Ses articles ne tournent pas uniquement autour de la tech, mais il aime aussi s&rsquo;int\u00e9resser \u00e0 la comp\u00e9titivit\u00e9 internationale de la Suisse.<\/p>\n<p>Passionn\u00e9e de politique, l&rsquo;ancienne journaliste au Palais f\u00e9d\u00e9ral pour la RTS radio, productrice et pr\u00e9sentatrice de longue date de l&rsquo;\u00e9mission politique \u00ab\u00a0Forum\u00a0\u00bb, <strong>Chrystel Domenjoz<\/strong> s&rsquo;est fait un nom, et pas seulement en Suisse romande. D\u00e9sormais partenaire chez furrerhugi, elle dispose d&rsquo;un excellent r\u00e9seau dans les milieux politiques, administratifs, associatifs et \u00e9conomiques &#8211; des deux c\u00f4t\u00e9s du R\u00f6stigraben. Elle a r\u00e9alis\u00e9 la premi\u00e8re interview d&rsquo;influence en fran\u00e7ais et pr\u00e9sentera \u00e0 l&rsquo;avenir d&rsquo;autres personnalit\u00e9s romandes au public al\u00e9manique.<\/p>\n<p>Avant de rejoindre furrerhugi, <strong>Matthias Halbeis <\/strong>a travaill\u00e9 pour les trois plus grands groupes de m\u00e9dias priv\u00e9s suisses &#8211; Tamedia, Ringier et CH-Medien. Derni\u00e8rement, il \u00e9tait co-chef de la r\u00e9daction du Palais f\u00e9d\u00e9ral du groupe Blick. Lorsqu&rsquo;il \u00e9crit pour Influence, c&rsquo;est de pr\u00e9f\u00e9rence sur les \u00e9volutions de la soci\u00e9t\u00e9 et de la politique.<\/p>\n<p>influence b\u00e9n\u00e9ficie \u00e9galement du soutien romand de <strong>Jonathan M\u00fcller<\/strong> qui, avant de rejoindre furrerhugi, a fait ses armes en tant que charg\u00e9 de projet au sein de l&rsquo;unit\u00e9 Public Affairs d&rsquo;une ONG (s\u00e9curit\u00e9 et \u00e9tat de droit dans les pays en d\u00e9veloppement) et dans une fondation (int\u00e9gration des personnes issues de l&rsquo;immigration). Chez influence, il est responsable du contr\u00f4le des articles traduits en fran\u00e7ais et de l&rsquo;envoi de la newsletter en Suisse romande.<\/p>\n<p>Lorsqu&rsquo;il s&rsquo;agit de la gestion des affaires publiques pour des associations \u00e9conomiques et des campagnes \u00e9lectorales et de votation chez furrerhugi, <strong>Thomas Meier<\/strong> est un poids lourd. Dans sa vie priv\u00e9e, c&rsquo;est un aficionado de cin\u00e9ma qui va r\u00e9guli\u00e8rement en salle. Pour Influence, il a con\u00e7u la rubrique tr\u00e8s appr\u00e9ci\u00e9e \u00ab\u00a0La politique au cin\u00e9ma\u00a0\u00bb. Ses appr\u00e9ciations sur ce que l&rsquo;on peut apprendre des \u0153uvres cin\u00e9matographiques pour la communication politique font mouche.<\/p>\n<p><strong>Andreas Hugi<\/strong> est le CEO et l&rsquo;un des fondateurs de furrerhugi. En tant que pr\u00e9sident de Leading Swiss Agencies (LSA), mais aussi en tant qu&rsquo;officier de milice actif qui assure avec sa troupe la communication d&rsquo;une grande formation de l&rsquo;arm\u00e9e, il prend volontiers la plume de temps \u00e0 autre pour influence. Il met alors \u00e0 profit sa longue exp\u00e9rience pour \u00e9valuer les d\u00e9veloppements actuels dans le domaine de la communication et de la s\u00e9curit\u00e9.<\/p>\n<p>Les deux comp\u00e9tences cl\u00e9s de <strong>Patrick Blaser<\/strong> chez furrerhugi sont le monitoring et l&rsquo;analyse en ligne. Il cr\u00e9e des strat\u00e9gies num\u00e9riques sur mesure pour des marques, des \u00e9v\u00e9nements et des campagnes politiques. Pour influence, il rend compte r\u00e9guli\u00e8rement des nouvelles tendances dans ce domaine. Il met imm\u00e9diatement \u00e0 profit ses connaissances en externe et en interne. Il a construit le nouveau site web d&rsquo;influence.ch et donc le hub de contenu.<\/p>\n<p><strong>Petra Wessalowski<\/strong> est une partenaire de furrerhugi et une experte dans le domaine de la sant\u00e9 et de l&rsquo;industrie pharmaceutique. Ancienne r\u00e9dactrice d&rsquo;actualit\u00e9s, elle a auparavant couvert la politique de sant\u00e9 de mani\u00e8re approfondie pour le \u00ab\u00a0SonntagsZeitung\u00a0\u00bb pendant plus d&rsquo;une d\u00e9cennie. Pour influence, cette journaliste dipl\u00f4m\u00e9e veille \u00e0 ce que la newsletter et la mise en page des titres accrochent les lecteurs.<\/p>\n<p>R\u00e9dactrice au Palais f\u00e9d\u00e9ral depuis de nombreuses ann\u00e9es, <strong>Eva Novak<\/strong> est la seule personne ext\u00e9rieure \u00e0 soutenir la r\u00e9daction en proposant des entretiens mensuels passionnants. Historienne de formation, elle suit de tr\u00e8s pr\u00e8s l&rsquo;\u00e9volution de l&rsquo;\u00e9conomie et de la politique suisses et sait arracher \u00e0 nos interlocuteurs de nouveaux points de vue et de nouvelles appr\u00e9ciations. Un grand b\u00e9n\u00e9fice pour influence.<\/p>\n<\/div><\/section>\n<\/div><\/div><\/div><!-- close content main div --><\/div><\/div>\n<style type=\"text\/css\" data-created_by=\"avia_inline_auto\" id=\"style-css-av-dwefk-64b75231dd03d75203b83ead386ab336\">\n.avia-section.av-dwefk-64b75231dd03d75203b83ead386ab336{\nbackground-color:#ededed;\nbackground-image:unset;\n}\n<\/style>\n<div id='av_section_3'  class='avia-section av-dwefk-64b75231dd03d75203b83ead386ab336 main_color avia-section-default avia-no-border-styling  avia-builder-el-13  el_after_av_section  avia-builder-el-last  post_slider avia-bg-style-scroll container_wrap fullsize'  ><div class='container av-section-cont-open' ><div class='template-page content  av-content-full alpha units'><div class='post-entry post-entry-type-page post-entry-5182'><div class='entry-content-wrapper clearfix'>\n<div  data-slideshow-options=\"{&quot;animation&quot;:&quot;fade&quot;,&quot;autoplay&quot;:false,&quot;loop_autoplay&quot;:&quot;once&quot;,&quot;interval&quot;:&quot;5&quot;,&quot;loop_manual&quot;:&quot;manual-endless&quot;,&quot;autoplay_stopper&quot;:false,&quot;noNavigation&quot;:false,&quot;show_slide_delay&quot;:90}\" class='avia-content-slider avia-content-slider-active avia-content-slider1 avia-content-slider-odd  avia-builder-el-14  avia-builder-el-no-sibling  av-slideshow-ui av-control-default   av-no-slider-navigation av-slideshow-manual av-loop-once av-loop-manual-endless '  itemscope=\"itemscope\" itemtype=\"https:\/\/schema.org\/Blog\" ><div class=\"avia-content-slider-inner\"><div class=\"slide-entry-wrap\"><article class='slide-entry flex_column  post-entry post-entry-4400 slide-entry-overview slide-loop-1 slide-parity-odd  av_one_third first real-thumbnail post-format-standard'  itemscope=\"itemscope\" itemtype=\"https:\/\/schema.org\/BlogPosting\" itemprop=\"blogPost\" ><a href='https:\/\/influence.ch\/fr\/2025\/01\/30\/longcovid-un-hashtag-comme-bouee-de-sauvetage\/' data-rel='slide-1' class='slide-image' title='#LongCovid &#8211; Un hashtag comme bou\u00e9e de sauvetage'><img decoding=\"async\" width=\"495\" height=\"400\" src=\"https:\/\/influence.ch\/wp-content\/uploads\/2022\/12\/influence_Verlaeufe_V01_1-495x400.png\" class=\"wp-image-522 avia-img-lazy-loading-not-522 attachment-portfolio size-portfolio wp-post-image\" alt=\"\" srcset=\"https:\/\/influence.ch\/wp-content\/uploads\/2022\/12\/influence_Verlaeufe_V01_1-495x400.png 495w, https:\/\/influence.ch\/wp-content\/uploads\/2022\/12\/influence_Verlaeufe_V01_1-845x684.png 845w\" sizes=\"(max-width: 495px) 100vw, 495px\" \/><\/a><div class=\"slide-content\"><header class=\"entry-content-header\"><h3 class='slide-entry-title entry-title '  itemprop=\"headline\" ><a href='https:\/\/influence.ch\/fr\/2025\/01\/30\/longcovid-un-hashtag-comme-bouee-de-sauvetage\/' title='#LongCovid &#8211; Un hashtag comme bou\u00e9e de sauvetage'>#LongCovid &#8211; Un hashtag comme bou\u00e9e de sauvetage<\/a><\/h3><span class=\"av-vertical-delimiter\"><\/span><\/header><div class=\"slide-meta\"><time class='slide-meta-time updated'  itemprop=\"datePublished\" datetime=\"2025-01-30T11:14:11+01:00\" >30 janvier 2025<\/time><\/div><div class='slide-entry-excerpt entry-content'  itemprop=\"text\" >Le mouvement Long COVID montre de mani\u00e8re exemplaire comment les personnes concern\u00e9es peuvent jouer un r\u00f4le cl\u00e9 dans l'am\u00e9lioration des soins de sant\u00e9.  <\/div><\/div><footer class=\"entry-footer\"><\/footer><span class='hidden'>\n\t\t\t\t<span class='av-structured-data'  itemprop=\"image\" itemscope=\"itemscope\" itemtype=\"https:\/\/schema.org\/ImageObject\" >\n\t\t\t\t\t\t<span itemprop='url'>https:\/\/influence.ch\/wp-content\/uploads\/2022\/12\/influence_Verlaeufe_V01_1.png<\/span>\n\t\t\t\t\t\t<span itemprop='height'>2169<\/span>\n\t\t\t\t\t\t<span itemprop='width'>2442<\/span>\n\t\t\t\t<\/span>\n\t\t\t\t<span class='av-structured-data'  itemprop=\"publisher\" itemtype=\"https:\/\/schema.org\/Organization\" itemscope=\"itemscope\" >\n\t\t\t\t\t\t<span itemprop='name'>Patrick Blaser<\/span>\n\t\t\t\t\t\t<span itemprop='logo' itemscope itemtype='https:\/\/schema.org\/ImageObject'>\n\t\t\t\t\t\t\t<span itemprop='url'>https:\/\/influence.ch\/wp-content\/uploads\/2025\/02\/influence_Logo_FR_weiss-1030x277.png<\/span>\n\t\t\t\t\t\t <\/span>\n\t\t\t\t<\/span><span class='av-structured-data'  itemprop=\"author\" itemscope=\"itemscope\" itemtype=\"https:\/\/schema.org\/Person\" ><span itemprop='name'>Patrick Blaser<\/span><\/span><span class='av-structured-data'  itemprop=\"datePublished\" datetime=\"2025-03-27T14:45:57+01:00\" >2025-01-30 11:14:11<\/span><span class='av-structured-data'  itemprop=\"dateModified\" itemtype=\"https:\/\/schema.org\/dateModified\" >2025-01-30 15:39:06<\/span><span class='av-structured-data'  itemprop=\"mainEntityOfPage\" itemtype=\"https:\/\/schema.org\/mainEntityOfPage\" ><span itemprop='name'>#LongCovid &#8211; Un hashtag comme bou\u00e9e de sauvetage<\/span><\/span><\/span><\/article><article class='slide-entry flex_column  post-entry post-entry-6757 slide-entry-overview slide-loop-2 slide-parity-even  av_one_third  real-thumbnail post-format-standard'  itemscope=\"itemscope\" itemtype=\"https:\/\/schema.org\/BlogPosting\" itemprop=\"blogPost\" ><a href='https:\/\/influence.ch\/fr\/2026\/01\/29\/300-000-votes-et-la-question-ou-va-leconomie-mondiale\/' data-rel='slide-1' class='slide-image' title='O\u00f9 va l&rsquo;\u00e9conomie mondiale'><img decoding=\"async\" width=\"495\" height=\"400\" src=\"https:\/\/influence.ch\/wp-content\/uploads\/2025\/02\/influence_Verlaufe_politik-495x400.png\" class=\"wp-image-4694 avia-img-lazy-loading-not-4694 attachment-portfolio size-portfolio wp-post-image\" alt=\"\" srcset=\"https:\/\/influence.ch\/wp-content\/uploads\/2025\/02\/influence_Verlaufe_politik-495x400.png 495w, https:\/\/influence.ch\/wp-content\/uploads\/2025\/02\/influence_Verlaufe_politik-845x684.png 845w\" sizes=\"(max-width: 495px) 100vw, 495px\" \/><\/a><div class=\"slide-content\"><header class=\"entry-content-header\"><h3 class='slide-entry-title entry-title '  itemprop=\"headline\" ><a href='https:\/\/influence.ch\/fr\/2026\/01\/29\/300-000-votes-et-la-question-ou-va-leconomie-mondiale\/' title='O\u00f9 va l&rsquo;\u00e9conomie mondiale'>O\u00f9 va l&rsquo;\u00e9conomie mondiale<\/a><\/h3><span class=\"av-vertical-delimiter\"><\/span><\/header><div class=\"slide-meta\"><div class=\"slide-meta-comments\"><a href='https:\/\/influence.ch\/fr\/2026\/01\/29\/300-000-votes-et-la-question-ou-va-leconomie-mondiale\/#respond'>0 Commentaires<\/a><\/div><div class=\"slide-meta-del\">\/<\/div><time class='slide-meta-time updated'  itemprop=\"datePublished\" datetime=\"2026-01-29T10:19:26+01:00\" >29 janvier 2026<\/time><\/div><div class='slide-entry-excerpt entry-content'  itemprop=\"text\" >Pourquoi la prudence est devenue une approche strat\u00e9gique importante dans le monde entier  \r\n<\/div><\/div><footer class=\"entry-footer\"><\/footer><span class='hidden'>\n\t\t\t\t<span class='av-structured-data'  itemprop=\"image\" itemscope=\"itemscope\" itemtype=\"https:\/\/schema.org\/ImageObject\" >\n\t\t\t\t\t\t<span itemprop='url'>https:\/\/influence.ch\/wp-content\/uploads\/2025\/02\/influence_Verlaufe_politik.png<\/span>\n\t\t\t\t\t\t<span itemprop='height'>2169<\/span>\n\t\t\t\t\t\t<span itemprop='width'>2442<\/span>\n\t\t\t\t<\/span>\n\t\t\t\t<span class='av-structured-data'  itemprop=\"publisher\" itemtype=\"https:\/\/schema.org\/Organization\" itemscope=\"itemscope\" >\n\t\t\t\t\t\t<span itemprop='name'>Matthias Halbeis<\/span>\n\t\t\t\t\t\t<span itemprop='logo' itemscope itemtype='https:\/\/schema.org\/ImageObject'>\n\t\t\t\t\t\t\t<span itemprop='url'>https:\/\/influence.ch\/wp-content\/uploads\/2025\/02\/influence_Logo_FR_weiss-1030x277.png<\/span>\n\t\t\t\t\t\t <\/span>\n\t\t\t\t<\/span><span class='av-structured-data'  itemprop=\"author\" itemscope=\"itemscope\" itemtype=\"https:\/\/schema.org\/Person\" ><span itemprop='name'>Matthias Halbeis<\/span><\/span><span class='av-structured-data'  itemprop=\"datePublished\" datetime=\"2025-03-27T14:45:57+01:00\" >2026-01-29 10:19:26<\/span><span class='av-structured-data'  itemprop=\"dateModified\" itemtype=\"https:\/\/schema.org\/dateModified\" >2026-01-29 15:20:14<\/span><span class='av-structured-data'  itemprop=\"mainEntityOfPage\" itemtype=\"https:\/\/schema.org\/mainEntityOfPage\" ><span itemprop='name'>O\u00f9 va l&rsquo;\u00e9conomie mondiale<\/span><\/span><\/span><\/article><article class='slide-entry flex_column  post-entry post-entry-6917 slide-entry-overview slide-loop-3 slide-parity-odd  av_one_third  real-thumbnail post-format-standard'  itemscope=\"itemscope\" itemtype=\"https:\/\/schema.org\/BlogPosting\" itemprop=\"blogPost\" ><a href='https:\/\/influence.ch\/fr\/2026\/02\/26\/la-confiance-monnaie-dechange-dune-nouvelle-ere-de-communication\/' data-rel='slide-1' class='slide-image' title='La confiance et la nouvelle \u00e8re de communication'><img decoding=\"async\" width=\"495\" height=\"400\" src=\"https:\/\/influence.ch\/wp-content\/uploads\/2022\/12\/influence_Verlaeufe_V01_7-495x400.png\" class=\"wp-image-529 avia-img-lazy-loading-not-529 attachment-portfolio size-portfolio wp-post-image\" alt=\"\" srcset=\"https:\/\/influence.ch\/wp-content\/uploads\/2022\/12\/influence_Verlaeufe_V01_7-495x400.png 495w, https:\/\/influence.ch\/wp-content\/uploads\/2022\/12\/influence_Verlaeufe_V01_7-845x684.png 845w\" sizes=\"(max-width: 495px) 100vw, 495px\" \/><\/a><div class=\"slide-content\"><header class=\"entry-content-header\"><h3 class='slide-entry-title entry-title '  itemprop=\"headline\" ><a href='https:\/\/influence.ch\/fr\/2026\/02\/26\/la-confiance-monnaie-dechange-dune-nouvelle-ere-de-communication\/' title='La confiance et la nouvelle \u00e8re de communication'>La confiance et la nouvelle \u00e8re de communication<\/a><\/h3><span class=\"av-vertical-delimiter\"><\/span><\/header><div class=\"slide-meta\"><div class=\"slide-meta-comments\"><a href='https:\/\/influence.ch\/fr\/2026\/02\/26\/la-confiance-monnaie-dechange-dune-nouvelle-ere-de-communication\/#respond'>0 Commentaires<\/a><\/div><div class=\"slide-meta-del\">\/<\/div><time class='slide-meta-time updated'  itemprop=\"datePublished\" datetime=\"2026-02-26T11:13:04+01:00\" >26 f\u00e9vrier 2026<\/time><\/div><div class='slide-entry-excerpt entry-content'  itemprop=\"text\" >Pourquoi la collaboration avec les services de communication devient-elle plus importante dans les entreprises ?  <\/div><\/div><footer class=\"entry-footer\"><\/footer><span class='hidden'>\n\t\t\t\t<span class='av-structured-data'  itemprop=\"image\" itemscope=\"itemscope\" itemtype=\"https:\/\/schema.org\/ImageObject\" >\n\t\t\t\t\t\t<span itemprop='url'>https:\/\/influence.ch\/wp-content\/uploads\/2022\/12\/influence_Verlaeufe_V01_7.png<\/span>\n\t\t\t\t\t\t<span itemprop='height'>2169<\/span>\n\t\t\t\t\t\t<span itemprop='width'>2442<\/span>\n\t\t\t\t<\/span>\n\t\t\t\t<span class='av-structured-data'  itemprop=\"publisher\" itemtype=\"https:\/\/schema.org\/Organization\" itemscope=\"itemscope\" >\n\t\t\t\t\t\t<span itemprop='name'>Matthias Halbeis<\/span>\n\t\t\t\t\t\t<span itemprop='logo' itemscope itemtype='https:\/\/schema.org\/ImageObject'>\n\t\t\t\t\t\t\t<span itemprop='url'>https:\/\/influence.ch\/wp-content\/uploads\/2025\/02\/influence_Logo_FR_weiss-1030x277.png<\/span>\n\t\t\t\t\t\t <\/span>\n\t\t\t\t<\/span><span class='av-structured-data'  itemprop=\"author\" itemscope=\"itemscope\" itemtype=\"https:\/\/schema.org\/Person\" ><span itemprop='name'>Matthias Halbeis<\/span><\/span><span class='av-structured-data'  itemprop=\"datePublished\" datetime=\"2025-03-27T14:45:57+01:00\" >2026-02-26 11:13:04<\/span><span class='av-structured-data'  itemprop=\"dateModified\" itemtype=\"https:\/\/schema.org\/dateModified\" >2026-02-26 16:27:57<\/span><span class='av-structured-data'  itemprop=\"mainEntityOfPage\" itemtype=\"https:\/\/schema.org\/mainEntityOfPage\" ><span itemprop='name'>La confiance et la nouvelle \u00e8re de communication<\/span><\/span><\/span><\/article><\/div><div class=\"slide-entry-wrap\"><article class='slide-entry flex_column  post-entry post-entry-5642 slide-entry-overview slide-loop-4 slide-parity-odd  av_one_third first real-thumbnail post-format-standard'  itemscope=\"itemscope\" itemtype=\"https:\/\/schema.org\/BlogPosting\" itemprop=\"blogPost\" ><a href='https:\/\/influence.ch\/fr\/2025\/06\/26\/ce-que-vous-devez-savoir-maintenant-sur-lia-generative\/' data-rel='slide-1' class='slide-image' title='Ce que vous devez savoir sur l&rsquo;IA g\u00e9n\u00e9rative'><img decoding=\"async\" width=\"495\" height=\"400\" src=\"https:\/\/influence.ch\/wp-content\/uploads\/2025\/02\/influence_Verlaufe_politik-495x400.png\" class=\"wp-image-4694 avia-img-lazy-loading-not-4694 attachment-portfolio size-portfolio wp-post-image\" alt=\"\" srcset=\"https:\/\/influence.ch\/wp-content\/uploads\/2025\/02\/influence_Verlaufe_politik-495x400.png 495w, https:\/\/influence.ch\/wp-content\/uploads\/2025\/02\/influence_Verlaufe_politik-845x684.png 845w\" sizes=\"(max-width: 495px) 100vw, 495px\" \/><\/a><div class=\"slide-content\"><header class=\"entry-content-header\"><h3 class='slide-entry-title entry-title '  itemprop=\"headline\" ><a href='https:\/\/influence.ch\/fr\/2025\/06\/26\/ce-que-vous-devez-savoir-maintenant-sur-lia-generative\/' title='Ce que vous devez savoir sur l&rsquo;IA g\u00e9n\u00e9rative'>Ce que vous devez savoir sur l&rsquo;IA g\u00e9n\u00e9rative<\/a><\/h3><span class=\"av-vertical-delimiter\"><\/span><\/header><div class=\"slide-meta\"><div class=\"slide-meta-comments\"><a href='https:\/\/influence.ch\/fr\/2025\/06\/26\/ce-que-vous-devez-savoir-maintenant-sur-lia-generative\/#respond'>0 Commentaires<\/a><\/div><div class=\"slide-meta-del\">\/<\/div><time class='slide-meta-time updated'  itemprop=\"datePublished\" datetime=\"2025-06-26T08:09:18+02:00\" >26 juin 2025<\/time><\/div><div class='slide-entry-excerpt entry-content'  itemprop=\"text\" >Cinq conclusions d'une nouvelle \u00e9tude qui incitent \u00e0 repenser les choses.  <\/div><\/div><footer class=\"entry-footer\"><\/footer><span class='hidden'>\n\t\t\t\t<span class='av-structured-data'  itemprop=\"image\" itemscope=\"itemscope\" itemtype=\"https:\/\/schema.org\/ImageObject\" >\n\t\t\t\t\t\t<span itemprop='url'>https:\/\/influence.ch\/wp-content\/uploads\/2025\/02\/influence_Verlaufe_politik.png<\/span>\n\t\t\t\t\t\t<span itemprop='height'>2169<\/span>\n\t\t\t\t\t\t<span itemprop='width'>2442<\/span>\n\t\t\t\t<\/span>\n\t\t\t\t<span class='av-structured-data'  itemprop=\"publisher\" itemtype=\"https:\/\/schema.org\/Organization\" itemscope=\"itemscope\" >\n\t\t\t\t\t\t<span itemprop='name'>Pascal Ihle<\/span>\n\t\t\t\t\t\t<span itemprop='logo' itemscope itemtype='https:\/\/schema.org\/ImageObject'>\n\t\t\t\t\t\t\t<span itemprop='url'>https:\/\/influence.ch\/wp-content\/uploads\/2025\/02\/influence_Logo_FR_weiss-1030x277.png<\/span>\n\t\t\t\t\t\t <\/span>\n\t\t\t\t<\/span><span class='av-structured-data'  itemprop=\"author\" itemscope=\"itemscope\" itemtype=\"https:\/\/schema.org\/Person\" ><span itemprop='name'>Pascal Ihle<\/span><\/span><span class='av-structured-data'  itemprop=\"datePublished\" datetime=\"2025-03-27T14:45:57+01:00\" >2025-06-26 08:09:18<\/span><span class='av-structured-data'  itemprop=\"dateModified\" itemtype=\"https:\/\/schema.org\/dateModified\" >2025-06-26 14:31:59<\/span><span class='av-structured-data'  itemprop=\"mainEntityOfPage\" itemtype=\"https:\/\/schema.org\/mainEntityOfPage\" ><span itemprop='name'>Ce que vous devez savoir sur l&rsquo;IA g\u00e9n\u00e9rative<\/span><\/span><\/span><\/article><article class='slide-entry flex_column  post-entry post-entry-7143 slide-entry-overview slide-loop-5 slide-parity-even  av_one_third  real-thumbnail post-format-standard'  itemscope=\"itemscope\" itemtype=\"https:\/\/schema.org\/BlogPosting\" itemprop=\"blogPost\" ><a href='https:\/\/influence.ch\/fr\/2026\/03\/26\/un-etat-dincertitude-permanent\/' data-rel='slide-1' class='slide-image' title='\u00ab\u00a0Un \u00e9tat d&rsquo;incertitude permanente\u00a0\u00bb'><img decoding=\"async\" width=\"495\" height=\"400\" src=\"https:\/\/influence.ch\/wp-content\/uploads\/2026\/03\/Myriam-Dunn-Calvety-495x400.jpg\" class=\"wp-image-7113 avia-img-lazy-loading-not-7113 attachment-portfolio size-portfolio wp-post-image\" alt=\"\" srcset=\"https:\/\/influence.ch\/wp-content\/uploads\/2026\/03\/Myriam-Dunn-Calvety-495x400.jpg 495w, https:\/\/influence.ch\/wp-content\/uploads\/2026\/03\/Myriam-Dunn-Calvety-845x684.jpg 845w\" sizes=\"(max-width: 495px) 100vw, 495px\" \/><\/a><div class=\"slide-content\"><header class=\"entry-content-header\"><h3 class='slide-entry-title entry-title '  itemprop=\"headline\" ><a href='https:\/\/influence.ch\/fr\/2026\/03\/26\/un-etat-dincertitude-permanent\/' title='\u00ab\u00a0Un \u00e9tat d&rsquo;incertitude permanente\u00a0\u00bb'>\u00ab\u00a0Un \u00e9tat d&rsquo;incertitude permanente\u00a0\u00bb<\/a><\/h3><span class=\"av-vertical-delimiter\"><\/span><\/header><div class=\"slide-meta\"><div class=\"slide-meta-comments\"><a href='https:\/\/influence.ch\/fr\/2026\/03\/26\/un-etat-dincertitude-permanent\/#respond'>0 Commentaires<\/a><\/div><div class=\"slide-meta-del\">\/<\/div><time class='slide-meta-time updated'  itemprop=\"datePublished\" datetime=\"2026-03-26T14:56:31+01:00\" >26 mars 2026<\/time><\/div><div class='slide-entry-excerpt entry-content'  itemprop=\"text\" >Myriam Dunn Cavelty, sp\u00e9cialiste de la cybers\u00e9curit\u00e9, explique pourquoi les cyberattaques n'atteignent pas des proportions insoup\u00e7onn\u00e9es malgr\u00e9 les guerres - et ce que les Etats-Unis et Isra\u00ebl font mieux que la Russie.  <\/div><\/div><footer class=\"entry-footer\"><\/footer><span class='hidden'>\n\t\t\t\t<span class='av-structured-data'  itemprop=\"image\" itemscope=\"itemscope\" itemtype=\"https:\/\/schema.org\/ImageObject\" >\n\t\t\t\t\t\t<span itemprop='url'>https:\/\/influence.ch\/wp-content\/uploads\/2026\/03\/Myriam-Dunn-Calvety.jpg<\/span>\n\t\t\t\t\t\t<span itemprop='height'>948<\/span>\n\t\t\t\t\t\t<span itemprop='width'>1100<\/span>\n\t\t\t\t<\/span>\n\t\t\t\t<span class='av-structured-data'  itemprop=\"publisher\" itemtype=\"https:\/\/schema.org\/Organization\" itemscope=\"itemscope\" >\n\t\t\t\t\t\t<span itemprop='name'>Eva Novak<\/span>\n\t\t\t\t\t\t<span itemprop='logo' itemscope itemtype='https:\/\/schema.org\/ImageObject'>\n\t\t\t\t\t\t\t<span itemprop='url'>https:\/\/influence.ch\/wp-content\/uploads\/2025\/02\/influence_Logo_FR_weiss-1030x277.png<\/span>\n\t\t\t\t\t\t <\/span>\n\t\t\t\t<\/span><span class='av-structured-data'  itemprop=\"author\" itemscope=\"itemscope\" itemtype=\"https:\/\/schema.org\/Person\" ><span itemprop='name'>Eva Novak<\/span><\/span><span class='av-structured-data'  itemprop=\"datePublished\" datetime=\"2025-03-27T14:45:57+01:00\" >2026-03-26 14:56:31<\/span><span class='av-structured-data'  itemprop=\"dateModified\" itemtype=\"https:\/\/schema.org\/dateModified\" >2026-03-27 14:38:09<\/span><span class='av-structured-data'  itemprop=\"mainEntityOfPage\" itemtype=\"https:\/\/schema.org\/mainEntityOfPage\" ><span itemprop='name'>\u00ab\u00a0Un \u00e9tat d&rsquo;incertitude permanente\u00a0\u00bb<\/span><\/span><\/span><\/article><article class='slide-entry flex_column  post-entry post-entry-6017 slide-entry-overview slide-loop-6 slide-parity-odd  av_one_third  real-thumbnail post-format-standard'  itemscope=\"itemscope\" itemtype=\"https:\/\/schema.org\/BlogPosting\" itemprop=\"blogPost\" ><a href='https:\/\/influence.ch\/fr\/2025\/09\/23\/quand-les-faux-profils-empoisonnent-le-debat-public\/' data-rel='slide-1' class='slide-image' title='Quand les faux profils empoisonnent le d\u00e9bat public'><img decoding=\"async\" width=\"495\" height=\"400\" src=\"https:\/\/influence.ch\/wp-content\/uploads\/2022\/12\/influence_Verlaeufe_V01_1-495x400.png\" class=\"wp-image-522 avia-img-lazy-loading-not-522 attachment-portfolio size-portfolio wp-post-image\" alt=\"\" srcset=\"https:\/\/influence.ch\/wp-content\/uploads\/2022\/12\/influence_Verlaeufe_V01_1-495x400.png 495w, https:\/\/influence.ch\/wp-content\/uploads\/2022\/12\/influence_Verlaeufe_V01_1-845x684.png 845w\" sizes=\"(max-width: 495px) 100vw, 495px\" \/><\/a><div class=\"slide-content\"><header class=\"entry-content-header\"><h3 class='slide-entry-title entry-title '  itemprop=\"headline\" ><a href='https:\/\/influence.ch\/fr\/2025\/09\/23\/quand-les-faux-profils-empoisonnent-le-debat-public\/' title='Quand les faux profils empoisonnent le d\u00e9bat public'>Quand les faux profils empoisonnent le d\u00e9bat public<\/a><\/h3><span class=\"av-vertical-delimiter\"><\/span><\/header><div class=\"slide-meta\"><time class='slide-meta-time updated'  itemprop=\"datePublished\" datetime=\"2025-09-23T13:57:36+02:00\" >23 septembre 2025<\/time><\/div><div class='slide-entry-excerpt entry-content'  itemprop=\"text\" >Ce que l'affaire Dunja Hayali signifie pour la Suisse  <\/div><\/div><footer class=\"entry-footer\"><\/footer><span class='hidden'>\n\t\t\t\t<span class='av-structured-data'  itemprop=\"image\" itemscope=\"itemscope\" itemtype=\"https:\/\/schema.org\/ImageObject\" >\n\t\t\t\t\t\t<span itemprop='url'>https:\/\/influence.ch\/wp-content\/uploads\/2022\/12\/influence_Verlaeufe_V01_1.png<\/span>\n\t\t\t\t\t\t<span itemprop='height'>2169<\/span>\n\t\t\t\t\t\t<span itemprop='width'>2442<\/span>\n\t\t\t\t<\/span>\n\t\t\t\t<span class='av-structured-data'  itemprop=\"publisher\" itemtype=\"https:\/\/schema.org\/Organization\" itemscope=\"itemscope\" >\n\t\t\t\t\t\t<span itemprop='name'>Matthias Halbeis<\/span>\n\t\t\t\t\t\t<span itemprop='logo' itemscope itemtype='https:\/\/schema.org\/ImageObject'>\n\t\t\t\t\t\t\t<span itemprop='url'>https:\/\/influence.ch\/wp-content\/uploads\/2025\/02\/influence_Logo_FR_weiss-1030x277.png<\/span>\n\t\t\t\t\t\t <\/span>\n\t\t\t\t<\/span><span class='av-structured-data'  itemprop=\"author\" itemscope=\"itemscope\" itemtype=\"https:\/\/schema.org\/Person\" ><span itemprop='name'>Matthias Halbeis<\/span><\/span><span class='av-structured-data'  itemprop=\"datePublished\" datetime=\"2025-03-27T14:45:57+01:00\" >2025-09-23 13:57:36<\/span><span class='av-structured-data'  itemprop=\"dateModified\" itemtype=\"https:\/\/schema.org\/dateModified\" >2025-09-25 15:28:44<\/span><span class='av-structured-data'  itemprop=\"mainEntityOfPage\" itemtype=\"https:\/\/schema.org\/mainEntityOfPage\" ><span itemprop='name'>Quand les faux profils empoisonnent le d\u00e9bat public<\/span><\/span><\/span><\/article><\/div><div class=\"slide-entry-wrap\"><article class='slide-entry flex_column  post-entry post-entry-5490 slide-entry-overview slide-loop-7 slide-parity-odd  av_one_third first real-thumbnail post-format-standard'  itemscope=\"itemscope\" itemtype=\"https:\/\/schema.org\/BlogPosting\" itemprop=\"blogPost\" ><a href='https:\/\/influence.ch\/fr\/2025\/05\/26\/on-ne-pourra-jamais-compenser-ca\/' data-rel='slide-1' class='slide-image' title='\u00ab On ne pourra jamais compenser \u00e7a \u00bb'><img decoding=\"async\" width=\"495\" height=\"330\" src=\"https:\/\/influence.ch\/wp-content\/uploads\/2025\/05\/NAG_1622-scaled.jpg\" class=\"wp-image-5600 avia-img-lazy-loading-not-5600 attachment-portfolio size-portfolio wp-post-image\" alt=\"\" srcset=\"https:\/\/influence.ch\/wp-content\/uploads\/2025\/05\/NAG_1622-scaled.jpg 2560w, https:\/\/influence.ch\/wp-content\/uploads\/2025\/05\/NAG_1622-300x200.jpg 300w, https:\/\/influence.ch\/wp-content\/uploads\/2025\/05\/NAG_1622-1030x687.jpg 1030w, https:\/\/influence.ch\/wp-content\/uploads\/2025\/05\/NAG_1622-768x512.jpg 768w\" sizes=\"(max-width: 495px) 100vw, 495px\" \/><\/a><div class=\"slide-content\"><header class=\"entry-content-header\"><h3 class='slide-entry-title entry-title '  itemprop=\"headline\" ><a href='https:\/\/influence.ch\/fr\/2025\/05\/26\/on-ne-pourra-jamais-compenser-ca\/' title='\u00ab On ne pourra jamais compenser \u00e7a \u00bb'>\u00ab On ne pourra jamais compenser \u00e7a \u00bb<\/a><\/h3><span class=\"av-vertical-delimiter\"><\/span><\/header><div class=\"slide-meta\"><div class=\"slide-meta-comments\"><a href='https:\/\/influence.ch\/fr\/2025\/05\/26\/on-ne-pourra-jamais-compenser-ca\/#respond'>0 Commentaires<\/a><\/div><div class=\"slide-meta-del\">\/<\/div><time class='slide-meta-time updated'  itemprop=\"datePublished\" datetime=\"2025-05-26T13:53:25+02:00\" >26 mai 2025<\/time><\/div><div class='slide-entry-excerpt entry-content'  itemprop=\"text\" >Nora Kronig, directrice de la CRS, explique les cons\u00e9quences massives de la r\u00e9duction de l'aide am\u00e9ricaine au d\u00e9veloppement - indirectement aussi pour la Croix-Rouge suisse.  <\/div><\/div><footer class=\"entry-footer\"><\/footer><span class='hidden'>\n\t\t\t\t<span class='av-structured-data'  itemprop=\"image\" itemscope=\"itemscope\" itemtype=\"https:\/\/schema.org\/ImageObject\" >\n\t\t\t\t\t\t<span itemprop='url'>https:\/\/influence.ch\/wp-content\/uploads\/2025\/05\/NAG_1622-scaled.jpg<\/span>\n\t\t\t\t\t\t<span itemprop='height'>1707<\/span>\n\t\t\t\t\t\t<span itemprop='width'>2560<\/span>\n\t\t\t\t<\/span>\n\t\t\t\t<span class='av-structured-data'  itemprop=\"publisher\" itemtype=\"https:\/\/schema.org\/Organization\" itemscope=\"itemscope\" >\n\t\t\t\t\t\t<span itemprop='name'>Eva Novak<\/span>\n\t\t\t\t\t\t<span itemprop='logo' itemscope itemtype='https:\/\/schema.org\/ImageObject'>\n\t\t\t\t\t\t\t<span itemprop='url'>https:\/\/influence.ch\/wp-content\/uploads\/2025\/02\/influence_Logo_FR_weiss-1030x277.png<\/span>\n\t\t\t\t\t\t <\/span>\n\t\t\t\t<\/span><span class='av-structured-data'  itemprop=\"author\" itemscope=\"itemscope\" itemtype=\"https:\/\/schema.org\/Person\" ><span itemprop='name'>Eva Novak<\/span><\/span><span class='av-structured-data'  itemprop=\"datePublished\" datetime=\"2025-03-27T14:45:57+01:00\" >2025-05-26 13:53:25<\/span><span class='av-structured-data'  itemprop=\"dateModified\" itemtype=\"https:\/\/schema.org\/dateModified\" >2025-05-28 11:44:14<\/span><span class='av-structured-data'  itemprop=\"mainEntityOfPage\" itemtype=\"https:\/\/schema.org\/mainEntityOfPage\" ><span itemprop='name'>\u00ab On ne pourra jamais compenser \u00e7a \u00bb<\/span><\/span><\/span><\/article><article class='slide-entry flex_column  post-entry post-entry-6245 slide-entry-overview slide-loop-8 slide-parity-even  av_one_third  real-thumbnail post-format-standard'  itemscope=\"itemscope\" itemtype=\"https:\/\/schema.org\/BlogPosting\" itemprop=\"blogPost\" ><a href='https:\/\/influence.ch\/fr\/2025\/10\/30\/le-pouvoir-des-relations\/' data-rel='slide-1' class='slide-image' title='Le pouvoir des relations'><img decoding=\"async\" width=\"495\" height=\"400\" src=\"https:\/\/influence.ch\/wp-content\/uploads\/2022\/12\/influence_Verlaeufe_V01_5-495x400.png\" class=\"wp-image-517 avia-img-lazy-loading-not-517 attachment-portfolio size-portfolio wp-post-image\" alt=\"\" srcset=\"https:\/\/influence.ch\/wp-content\/uploads\/2022\/12\/influence_Verlaeufe_V01_5-495x400.png 495w, https:\/\/influence.ch\/wp-content\/uploads\/2022\/12\/influence_Verlaeufe_V01_5-845x684.png 845w\" sizes=\"(max-width: 495px) 100vw, 495px\" \/><\/a><div class=\"slide-content\"><header class=\"entry-content-header\"><h3 class='slide-entry-title entry-title '  itemprop=\"headline\" ><a href='https:\/\/influence.ch\/fr\/2025\/10\/30\/le-pouvoir-des-relations\/' title='Le pouvoir des relations'>Le pouvoir des relations<\/a><\/h3><span class=\"av-vertical-delimiter\"><\/span><\/header><div class=\"slide-meta\"><div class=\"slide-meta-comments\"><a href='https:\/\/influence.ch\/fr\/2025\/10\/30\/le-pouvoir-des-relations\/#respond'>0 Commentaires<\/a><\/div><div class=\"slide-meta-del\">\/<\/div><time class='slide-meta-time updated'  itemprop=\"datePublished\" datetime=\"2025-10-30T10:00:32+01:00\" >30 octobre 2025<\/time><\/div><div class='slide-entry-excerpt entry-content'  itemprop=\"text\" >pourquoi le leadership ne se limite pas \u00e0 la hi\u00e9rarchie<\/div><\/div><footer class=\"entry-footer\"><\/footer><span class='hidden'>\n\t\t\t\t<span class='av-structured-data'  itemprop=\"image\" itemscope=\"itemscope\" itemtype=\"https:\/\/schema.org\/ImageObject\" >\n\t\t\t\t\t\t<span itemprop='url'>https:\/\/influence.ch\/wp-content\/uploads\/2022\/12\/influence_Verlaeufe_V01_5.png<\/span>\n\t\t\t\t\t\t<span itemprop='height'>2169<\/span>\n\t\t\t\t\t\t<span itemprop='width'>2442<\/span>\n\t\t\t\t<\/span>\n\t\t\t\t<span class='av-structured-data'  itemprop=\"publisher\" itemtype=\"https:\/\/schema.org\/Organization\" itemscope=\"itemscope\" >\n\t\t\t\t\t\t<span itemprop='name'>Matthias Halbeis<\/span>\n\t\t\t\t\t\t<span itemprop='logo' itemscope itemtype='https:\/\/schema.org\/ImageObject'>\n\t\t\t\t\t\t\t<span itemprop='url'>https:\/\/influence.ch\/wp-content\/uploads\/2025\/02\/influence_Logo_FR_weiss-1030x277.png<\/span>\n\t\t\t\t\t\t <\/span>\n\t\t\t\t<\/span><span class='av-structured-data'  itemprop=\"author\" itemscope=\"itemscope\" itemtype=\"https:\/\/schema.org\/Person\" ><span itemprop='name'>Matthias Halbeis<\/span><\/span><span class='av-structured-data'  itemprop=\"datePublished\" datetime=\"2025-03-27T14:45:57+01:00\" >2025-10-30 10:00:32<\/span><span class='av-structured-data'  itemprop=\"dateModified\" itemtype=\"https:\/\/schema.org\/dateModified\" >2025-10-30 17:05:29<\/span><span class='av-structured-data'  itemprop=\"mainEntityOfPage\" itemtype=\"https:\/\/schema.org\/mainEntityOfPage\" ><span itemprop='name'>Le pouvoir des relations<\/span><\/span><\/span><\/article><article class='slide-entry flex_column  post-entry post-entry-5799 slide-entry-overview slide-loop-9 slide-parity-odd  post-entry-last  av_one_third  real-thumbnail post-format-standard'  itemscope=\"itemscope\" itemtype=\"https:\/\/schema.org\/BlogPosting\" itemprop=\"blogPost\" ><a href='https:\/\/influence.ch\/fr\/2025\/08\/28\/quand-lia-faconne-votre-opinion-politique\/' data-rel='slide-1' class='slide-image' title='Quand l&rsquo;IA fa\u00e7onne votre opinion politique'><img decoding=\"async\" width=\"495\" height=\"400\" src=\"https:\/\/influence.ch\/wp-content\/uploads\/2022\/12\/influence_Verlaeufe_V01_1-495x400.png\" class=\"wp-image-522 avia-img-lazy-loading-not-522 attachment-portfolio size-portfolio wp-post-image\" alt=\"\" srcset=\"https:\/\/influence.ch\/wp-content\/uploads\/2022\/12\/influence_Verlaeufe_V01_1-495x400.png 495w, https:\/\/influence.ch\/wp-content\/uploads\/2022\/12\/influence_Verlaeufe_V01_1-845x684.png 845w\" sizes=\"(max-width: 495px) 100vw, 495px\" \/><\/a><div class=\"slide-content\"><header class=\"entry-content-header\"><h3 class='slide-entry-title entry-title '  itemprop=\"headline\" ><a href='https:\/\/influence.ch\/fr\/2025\/08\/28\/quand-lia-faconne-votre-opinion-politique\/' title='Quand l&rsquo;IA fa\u00e7onne votre opinion politique'>Quand l&rsquo;IA fa\u00e7onne votre opinion politique<\/a><\/h3><span class=\"av-vertical-delimiter\"><\/span><\/header><div class=\"slide-meta\"><time class='slide-meta-time updated'  itemprop=\"datePublished\" datetime=\"2025-08-28T09:28:50+02:00\" >28 ao\u00fbt 2025<\/time><\/div><div class='slide-entry-excerpt entry-content'  itemprop=\"text\" >Comment les chatbots influencent les croyances en dix minutes et ce que vous pouvez faire concr\u00e8tement pour y rem\u00e9dier  <\/div><\/div><footer class=\"entry-footer\"><\/footer><span class='hidden'>\n\t\t\t\t<span class='av-structured-data'  itemprop=\"image\" itemscope=\"itemscope\" itemtype=\"https:\/\/schema.org\/ImageObject\" >\n\t\t\t\t\t\t<span itemprop='url'>https:\/\/influence.ch\/wp-content\/uploads\/2022\/12\/influence_Verlaeufe_V01_1.png<\/span>\n\t\t\t\t\t\t<span itemprop='height'>2169<\/span>\n\t\t\t\t\t\t<span itemprop='width'>2442<\/span>\n\t\t\t\t<\/span>\n\t\t\t\t<span class='av-structured-data'  itemprop=\"publisher\" itemtype=\"https:\/\/schema.org\/Organization\" itemscope=\"itemscope\" >\n\t\t\t\t\t\t<span itemprop='name'>Pascal Ihle<\/span>\n\t\t\t\t\t\t<span itemprop='logo' itemscope itemtype='https:\/\/schema.org\/ImageObject'>\n\t\t\t\t\t\t\t<span itemprop='url'>https:\/\/influence.ch\/wp-content\/uploads\/2025\/02\/influence_Logo_FR_weiss-1030x277.png<\/span>\n\t\t\t\t\t\t <\/span>\n\t\t\t\t<\/span><span class='av-structured-data'  itemprop=\"author\" itemscope=\"itemscope\" itemtype=\"https:\/\/schema.org\/Person\" ><span itemprop='name'>Pascal Ihle<\/span><\/span><span class='av-structured-data'  itemprop=\"datePublished\" datetime=\"2025-03-27T14:45:57+01:00\" >2025-08-28 09:28:50<\/span><span class='av-structured-data'  itemprop=\"dateModified\" itemtype=\"https:\/\/schema.org\/dateModified\" >2025-08-28 16:21:44<\/span><span class='av-structured-data'  itemprop=\"mainEntityOfPage\" itemtype=\"https:\/\/schema.org\/mainEntityOfPage\" ><span itemprop='name'>Quand l&rsquo;IA fa\u00e7onne votre opinion politique<\/span><\/span><\/span><\/article><\/div><\/div><div class='avia-slideshow-arrows avia-slideshow-controls' ><a href='#prev' class='prev-slide ' aria-hidden='true' data-av_icon='\ue87c' data-av_iconfont='entypo-fontello'  tabindex='-1'>Pr\u00e9c\u00e9dent<\/a><a href='#next' class='next-slide ' aria-hidden='true' data-av_icon='\ue87d' data-av_iconfont='entypo-fontello'  tabindex='-1'>Suivant<\/a><\/div><\/div>\n<\/p>\n","protected":false},"excerpt":{"rendered":"<p>D\u00e9couvrez l&rsquo;expertise de furrerhugi dans influence.ch<\/p>\n","protected":false},"author":6,"featured_media":4344,"comment_status":"open","ping_status":"open","sticky":false,"template":"","format":"standard","meta":{"footnotes":""},"categories":[49],"tags":[],"class_list":["post-5182","post","type-post","status-publish","format-standard","has-post-thumbnail","hentry","category-communication"],"yoast_head":"<!-- This site is optimized with the Yoast SEO plugin v27.0 - https:\/\/yoast.com\/product\/yoast-seo-wordpress\/ -->\n<title>Qui \u00e9crit les articles pour cette plate-forme - influence powered by furrerhugi<\/title>\n<meta name=\"description\" content=\"Les \u00c9tats-Unis s&#039;opposent \u00e0 la collecte de donn\u00e9es par le gouvernement\" \/>\n<meta name=\"robots\" content=\"index, follow, max-snippet:-1, max-image-preview:large, max-video-preview:-1\" \/>\n<link rel=\"canonical\" href=\"https:\/\/influence.ch\/fr\/2025\/03\/27\/qui-ecrit-les-articles-pour-cette-plate-forme\/\" \/>\n<meta property=\"og:locale\" content=\"fr_FR\" \/>\n<meta property=\"og:type\" content=\"article\" \/>\n<meta property=\"og:title\" content=\"Qui \u00e9crit les articles pour cette plate-forme - influence powered by furrerhugi\" \/>\n<meta property=\"og:description\" content=\"Les \u00c9tats-Unis s&#039;opposent \u00e0 la collecte de donn\u00e9es par le gouvernement\" \/>\n<meta property=\"og:url\" content=\"https:\/\/influence.ch\/fr\/2025\/03\/27\/qui-ecrit-les-articles-pour-cette-plate-forme\/\" \/>\n<meta property=\"og:site_name\" content=\"influence powered by furrerhugi\" \/>\n<meta property=\"article:published_time\" content=\"2025-03-27T13:45:57+00:00\" \/>\n<meta property=\"article:modified_time\" content=\"2025-03-27T18:42:52+00:00\" \/>\n<meta property=\"og:image\" content=\"https:\/\/influence.ch\/wp-content\/uploads\/2025\/03\/image001-bearbeitet.jpg\" \/>\n\t<meta property=\"og:image:width\" content=\"1122\" \/>\n\t<meta property=\"og:image:height\" content=\"911\" \/>\n\t<meta property=\"og:image:type\" content=\"image\/jpeg\" \/>\n<meta name=\"author\" content=\"Matthias Halbeis\" \/>\n<meta name=\"twitter:card\" content=\"summary_large_image\" \/>\n<meta name=\"twitter:image\" content=\"https:\/\/influence.ch\/wp-content\/uploads\/2025\/03\/shutterstock_1836381817-1-1030x686.png\" \/>\n<meta name=\"twitter:label1\" content=\"\u00c9crit par\" \/>\n\t<meta name=\"twitter:data1\" content=\"Matthias Halbeis\" \/>\n\t<meta name=\"twitter:label2\" content=\"Dur\u00e9e de lecture estim\u00e9e\" \/>\n\t<meta name=\"twitter:data2\" content=\"9 minutes\" \/>\n<script type=\"application\/ld+json\" class=\"yoast-schema-graph\">{\"@context\":\"https:\/\/schema.org\",\"@graph\":[{\"@type\":\"Article\",\"@id\":\"https:\/\/influence.ch\/fr\/2025\/03\/27\/qui-ecrit-les-articles-pour-cette-plate-forme\/#article\",\"isPartOf\":{\"@id\":\"https:\/\/influence.ch\/fr\/2025\/03\/27\/qui-ecrit-les-articles-pour-cette-plate-forme\/\"},\"author\":{\"name\":\"Matthias Halbeis\",\"@id\":\"https:\/\/influence.ch\/#\/schema\/person\/718772fa81c4a1af46e0ac0e0e3036b0\"},\"headline\":\"Qui \u00e9crit les articles pour cette plate-forme\",\"datePublished\":\"2025-03-27T13:45:57+00:00\",\"dateModified\":\"2025-03-27T18:42:52+00:00\",\"mainEntityOfPage\":{\"@id\":\"https:\/\/influence.ch\/fr\/2025\/03\/27\/qui-ecrit-les-articles-pour-cette-plate-forme\/\"},\"wordCount\":2762,\"commentCount\":0,\"image\":{\"@id\":\"https:\/\/influence.ch\/fr\/2025\/03\/27\/qui-ecrit-les-articles-pour-cette-plate-forme\/#primaryimage\"},\"thumbnailUrl\":\"https:\/\/influence.ch\/wp-content\/uploads\/2022\/12\/influence_Verlaufe_ausgelesen.png\",\"articleSection\":[\"Communication\"],\"inLanguage\":\"fr-FR\",\"potentialAction\":[{\"@type\":\"CommentAction\",\"name\":\"Comment\",\"target\":[\"https:\/\/influence.ch\/fr\/2025\/03\/27\/qui-ecrit-les-articles-pour-cette-plate-forme\/#respond\"]}]},{\"@type\":\"WebPage\",\"@id\":\"https:\/\/influence.ch\/fr\/2025\/03\/27\/qui-ecrit-les-articles-pour-cette-plate-forme\/\",\"url\":\"https:\/\/influence.ch\/fr\/2025\/03\/27\/qui-ecrit-les-articles-pour-cette-plate-forme\/\",\"name\":\"Qui \u00e9crit les articles pour cette plate-forme - influence powered by furrerhugi\",\"isPartOf\":{\"@id\":\"https:\/\/influence.ch\/#website\"},\"primaryImageOfPage\":{\"@id\":\"https:\/\/influence.ch\/fr\/2025\/03\/27\/qui-ecrit-les-articles-pour-cette-plate-forme\/#primaryimage\"},\"image\":{\"@id\":\"https:\/\/influence.ch\/fr\/2025\/03\/27\/qui-ecrit-les-articles-pour-cette-plate-forme\/#primaryimage\"},\"thumbnailUrl\":\"https:\/\/influence.ch\/wp-content\/uploads\/2022\/12\/influence_Verlaufe_ausgelesen.png\",\"datePublished\":\"2025-03-27T13:45:57+00:00\",\"dateModified\":\"2025-03-27T18:42:52+00:00\",\"author\":{\"@id\":\"https:\/\/influence.ch\/#\/schema\/person\/718772fa81c4a1af46e0ac0e0e3036b0\"},\"description\":\"Les \u00c9tats-Unis s'opposent \u00e0 la collecte de donn\u00e9es par le gouvernement\",\"breadcrumb\":{\"@id\":\"https:\/\/influence.ch\/fr\/2025\/03\/27\/qui-ecrit-les-articles-pour-cette-plate-forme\/#breadcrumb\"},\"inLanguage\":\"fr-FR\",\"potentialAction\":[{\"@type\":\"ReadAction\",\"target\":[\"https:\/\/influence.ch\/fr\/2025\/03\/27\/qui-ecrit-les-articles-pour-cette-plate-forme\/\"]}]},{\"@type\":\"ImageObject\",\"inLanguage\":\"fr-FR\",\"@id\":\"https:\/\/influence.ch\/fr\/2025\/03\/27\/qui-ecrit-les-articles-pour-cette-plate-forme\/#primaryimage\",\"url\":\"https:\/\/influence.ch\/wp-content\/uploads\/2022\/12\/influence_Verlaufe_ausgelesen.png\",\"contentUrl\":\"https:\/\/influence.ch\/wp-content\/uploads\/2022\/12\/influence_Verlaufe_ausgelesen.png\",\"width\":2442,\"height\":2169},{\"@type\":\"BreadcrumbList\",\"@id\":\"https:\/\/influence.ch\/fr\/2025\/03\/27\/qui-ecrit-les-articles-pour-cette-plate-forme\/#breadcrumb\",\"itemListElement\":[{\"@type\":\"ListItem\",\"position\":1,\"name\":\"Startseite\",\"item\":\"https:\/\/influence.ch\/fr\/influence\/\"},{\"@type\":\"ListItem\",\"position\":2,\"name\":\"Qui \u00e9crit les articles pour cette plate-forme\"}]},{\"@type\":\"WebSite\",\"@id\":\"https:\/\/influence.ch\/#website\",\"url\":\"https:\/\/influence.ch\/\",\"name\":\"influence powered by furrerhugi\",\"description\":\"Vorsprung durch Wissen\",\"potentialAction\":[{\"@type\":\"SearchAction\",\"target\":{\"@type\":\"EntryPoint\",\"urlTemplate\":\"https:\/\/influence.ch\/?s={search_term_string}\"},\"query-input\":{\"@type\":\"PropertyValueSpecification\",\"valueRequired\":true,\"valueName\":\"search_term_string\"}}],\"inLanguage\":\"fr-FR\"},{\"@type\":\"Person\",\"@id\":\"https:\/\/influence.ch\/#\/schema\/person\/718772fa81c4a1af46e0ac0e0e3036b0\",\"name\":\"Matthias Halbeis\",\"image\":{\"@type\":\"ImageObject\",\"inLanguage\":\"fr-FR\",\"@id\":\"https:\/\/influence.ch\/#\/schema\/person\/image\/\",\"url\":\"https:\/\/secure.gravatar.com\/avatar\/39299fbf392ef1a46bba124b38dd0a8d3f9f6634aa745b33735180018def6132?s=96&d=mm&r=g\",\"contentUrl\":\"https:\/\/secure.gravatar.com\/avatar\/39299fbf392ef1a46bba124b38dd0a8d3f9f6634aa745b33735180018def6132?s=96&d=mm&r=g\",\"caption\":\"Matthias Halbeis\"},\"url\":\"https:\/\/influence.ch\/fr\/author\/matthias-halbeis\/\"}]}<\/script>\n<!-- \/ Yoast SEO plugin. -->","yoast_head_json":{"title":"Qui \u00e9crit les articles pour cette plate-forme - influence powered by furrerhugi","description":"Les \u00c9tats-Unis s'opposent \u00e0 la collecte de donn\u00e9es par le gouvernement","robots":{"index":"index","follow":"follow","max-snippet":"max-snippet:-1","max-image-preview":"max-image-preview:large","max-video-preview":"max-video-preview:-1"},"canonical":"https:\/\/influence.ch\/fr\/2025\/03\/27\/qui-ecrit-les-articles-pour-cette-plate-forme\/","og_locale":"fr_FR","og_type":"article","og_title":"Qui \u00e9crit les articles pour cette plate-forme - influence powered by furrerhugi","og_description":"Les \u00c9tats-Unis s'opposent \u00e0 la collecte de donn\u00e9es par le gouvernement","og_url":"https:\/\/influence.ch\/fr\/2025\/03\/27\/qui-ecrit-les-articles-pour-cette-plate-forme\/","og_site_name":"influence powered by furrerhugi","article_published_time":"2025-03-27T13:45:57+00:00","article_modified_time":"2025-03-27T18:42:52+00:00","og_image":[{"width":1122,"height":911,"url":"https:\/\/influence.ch\/wp-content\/uploads\/2025\/03\/image001-bearbeitet.jpg","type":"image\/jpeg"}],"author":"Matthias Halbeis","twitter_card":"summary_large_image","twitter_image":"https:\/\/influence.ch\/wp-content\/uploads\/2025\/03\/shutterstock_1836381817-1-1030x686.png","twitter_misc":{"\u00c9crit par":"Matthias Halbeis","Dur\u00e9e de lecture estim\u00e9e":"9 minutes"},"schema":{"@context":"https:\/\/schema.org","@graph":[{"@type":"Article","@id":"https:\/\/influence.ch\/fr\/2025\/03\/27\/qui-ecrit-les-articles-pour-cette-plate-forme\/#article","isPartOf":{"@id":"https:\/\/influence.ch\/fr\/2025\/03\/27\/qui-ecrit-les-articles-pour-cette-plate-forme\/"},"author":{"name":"Matthias Halbeis","@id":"https:\/\/influence.ch\/#\/schema\/person\/718772fa81c4a1af46e0ac0e0e3036b0"},"headline":"Qui \u00e9crit les articles pour cette plate-forme","datePublished":"2025-03-27T13:45:57+00:00","dateModified":"2025-03-27T18:42:52+00:00","mainEntityOfPage":{"@id":"https:\/\/influence.ch\/fr\/2025\/03\/27\/qui-ecrit-les-articles-pour-cette-plate-forme\/"},"wordCount":2762,"commentCount":0,"image":{"@id":"https:\/\/influence.ch\/fr\/2025\/03\/27\/qui-ecrit-les-articles-pour-cette-plate-forme\/#primaryimage"},"thumbnailUrl":"https:\/\/influence.ch\/wp-content\/uploads\/2022\/12\/influence_Verlaufe_ausgelesen.png","articleSection":["Communication"],"inLanguage":"fr-FR","potentialAction":[{"@type":"CommentAction","name":"Comment","target":["https:\/\/influence.ch\/fr\/2025\/03\/27\/qui-ecrit-les-articles-pour-cette-plate-forme\/#respond"]}]},{"@type":"WebPage","@id":"https:\/\/influence.ch\/fr\/2025\/03\/27\/qui-ecrit-les-articles-pour-cette-plate-forme\/","url":"https:\/\/influence.ch\/fr\/2025\/03\/27\/qui-ecrit-les-articles-pour-cette-plate-forme\/","name":"Qui \u00e9crit les articles pour cette plate-forme - influence powered by furrerhugi","isPartOf":{"@id":"https:\/\/influence.ch\/#website"},"primaryImageOfPage":{"@id":"https:\/\/influence.ch\/fr\/2025\/03\/27\/qui-ecrit-les-articles-pour-cette-plate-forme\/#primaryimage"},"image":{"@id":"https:\/\/influence.ch\/fr\/2025\/03\/27\/qui-ecrit-les-articles-pour-cette-plate-forme\/#primaryimage"},"thumbnailUrl":"https:\/\/influence.ch\/wp-content\/uploads\/2022\/12\/influence_Verlaufe_ausgelesen.png","datePublished":"2025-03-27T13:45:57+00:00","dateModified":"2025-03-27T18:42:52+00:00","author":{"@id":"https:\/\/influence.ch\/#\/schema\/person\/718772fa81c4a1af46e0ac0e0e3036b0"},"description":"Les \u00c9tats-Unis s'opposent \u00e0 la collecte de donn\u00e9es par le gouvernement","breadcrumb":{"@id":"https:\/\/influence.ch\/fr\/2025\/03\/27\/qui-ecrit-les-articles-pour-cette-plate-forme\/#breadcrumb"},"inLanguage":"fr-FR","potentialAction":[{"@type":"ReadAction","target":["https:\/\/influence.ch\/fr\/2025\/03\/27\/qui-ecrit-les-articles-pour-cette-plate-forme\/"]}]},{"@type":"ImageObject","inLanguage":"fr-FR","@id":"https:\/\/influence.ch\/fr\/2025\/03\/27\/qui-ecrit-les-articles-pour-cette-plate-forme\/#primaryimage","url":"https:\/\/influence.ch\/wp-content\/uploads\/2022\/12\/influence_Verlaufe_ausgelesen.png","contentUrl":"https:\/\/influence.ch\/wp-content\/uploads\/2022\/12\/influence_Verlaufe_ausgelesen.png","width":2442,"height":2169},{"@type":"BreadcrumbList","@id":"https:\/\/influence.ch\/fr\/2025\/03\/27\/qui-ecrit-les-articles-pour-cette-plate-forme\/#breadcrumb","itemListElement":[{"@type":"ListItem","position":1,"name":"Startseite","item":"https:\/\/influence.ch\/fr\/influence\/"},{"@type":"ListItem","position":2,"name":"Qui \u00e9crit les articles pour cette plate-forme"}]},{"@type":"WebSite","@id":"https:\/\/influence.ch\/#website","url":"https:\/\/influence.ch\/","name":"influence powered by furrerhugi","description":"Vorsprung durch Wissen","potentialAction":[{"@type":"SearchAction","target":{"@type":"EntryPoint","urlTemplate":"https:\/\/influence.ch\/?s={search_term_string}"},"query-input":{"@type":"PropertyValueSpecification","valueRequired":true,"valueName":"search_term_string"}}],"inLanguage":"fr-FR"},{"@type":"Person","@id":"https:\/\/influence.ch\/#\/schema\/person\/718772fa81c4a1af46e0ac0e0e3036b0","name":"Matthias Halbeis","image":{"@type":"ImageObject","inLanguage":"fr-FR","@id":"https:\/\/influence.ch\/#\/schema\/person\/image\/","url":"https:\/\/secure.gravatar.com\/avatar\/39299fbf392ef1a46bba124b38dd0a8d3f9f6634aa745b33735180018def6132?s=96&d=mm&r=g","contentUrl":"https:\/\/secure.gravatar.com\/avatar\/39299fbf392ef1a46bba124b38dd0a8d3f9f6634aa745b33735180018def6132?s=96&d=mm&r=g","caption":"Matthias Halbeis"},"url":"https:\/\/influence.ch\/fr\/author\/matthias-halbeis\/"}]}},"_links":{"self":[{"href":"https:\/\/influence.ch\/fr\/wp-json\/wp\/v2\/posts\/5182","targetHints":{"allow":["GET"]}}],"collection":[{"href":"https:\/\/influence.ch\/fr\/wp-json\/wp\/v2\/posts"}],"about":[{"href":"https:\/\/influence.ch\/fr\/wp-json\/wp\/v2\/types\/post"}],"author":[{"embeddable":true,"href":"https:\/\/influence.ch\/fr\/wp-json\/wp\/v2\/users\/6"}],"replies":[{"embeddable":true,"href":"https:\/\/influence.ch\/fr\/wp-json\/wp\/v2\/comments?post=5182"}],"version-history":[{"count":13,"href":"https:\/\/influence.ch\/fr\/wp-json\/wp\/v2\/posts\/5182\/revisions"}],"predecessor-version":[{"id":5206,"href":"https:\/\/influence.ch\/fr\/wp-json\/wp\/v2\/posts\/5182\/revisions\/5206"}],"wp:featuredmedia":[{"embeddable":true,"href":"https:\/\/influence.ch\/fr\/wp-json\/wp\/v2\/media\/4344"}],"wp:attachment":[{"href":"https:\/\/influence.ch\/fr\/wp-json\/wp\/v2\/media?parent=5182"}],"wp:term":[{"taxonomy":"category","embeddable":true,"href":"https:\/\/influence.ch\/fr\/wp-json\/wp\/v2\/categories?post=5182"},{"taxonomy":"post_tag","embeddable":true,"href":"https:\/\/influence.ch\/fr\/wp-json\/wp\/v2\/tags?post=5182"}],"curies":[{"name":"wp","href":"https:\/\/api.w.org\/{rel}","templated":true}]}}