{"id":5009,"date":"2025-03-27T15:09:59","date_gmt":"2025-03-27T14:09:59","guid":{"rendered":"https:\/\/influence.ch\/?p=5009"},"modified":"2025-03-27T17:20:12","modified_gmt":"2025-03-27T16:20:12","slug":"ouverture","status":"publish","type":"post","link":"https:\/\/influence.ch\/fr\/2025\/03\/27\/ouverture\/","title":{"rendered":"Nouveau bureau de furrerhugi en Romandie"},"content":{"rendered":"\n<style type=\"text\/css\" data-created_by=\"avia_inline_auto\" id=\"style-css-av-37s3-aef770357ece8250167effe7edc8c1f6\">\n.avia-section.av-37s3-aef770357ece8250167effe7edc8c1f6{\nmargin-top:20px;\nmargin-bottom:20px;\n}\n<\/style>\n<div id='av_section_1'  class='avia-section av-37s3-aef770357ece8250167effe7edc8c1f6 main_color avia-section-default avia-no-border-styling  avia-builder-el-0  el_before_av_section  avia-builder-el-first  head_politik avia-bg-style-scroll container_wrap fullsize'  ><div class='container av-section-cont-open' ><main  role=\"main\" itemprop=\"mainContentOfPage\"  class='template-page content  av-content-full alpha units'><div class='post-entry post-entry-type-page post-entry-5009'><div class='entry-content-wrapper clearfix'>\n\n<style type=\"text\/css\" data-created_by=\"avia_inline_auto\" id=\"style-css-av-ll3dnv6h-4148c811db292f0b98b5ef1a1b585ab3\">\n#top .hr.hr-invisible.av-ll3dnv6h-4148c811db292f0b98b5ef1a1b585ab3{\nheight:40px;\n}\n<\/style>\n<div  class='hr av-ll3dnv6h-4148c811db292f0b98b5ef1a1b585ab3 hr-invisible  avia-builder-el-1  el_before_av_post_metadata  avia-builder-el-first '><span class='hr-inner '><span class=\"hr-inner-style\"><\/span><\/span><\/div>\n\n<style type=\"text\/css\" data-created_by=\"avia_inline_auto\" id=\"style-css-av-ll2bygrq-a1a13b3da260d9c9d49905a783ae5cc5\">\n#top .av-post-metadata-container.av-ll2bygrq-a1a13b3da260d9c9d49905a783ae5cc5{\ncolor:#ffffff;\nfont-size:22px;\n}\n#top .av-post-metadata-container.av-ll2bygrq-a1a13b3da260d9c9d49905a783ae5cc5 .av-post-metadata-container-inner{\nfont-size:22px;\n}\n<\/style>\n<div  id=\"author\"  class='av-post-metadata-container av-ll2bygrq-a1a13b3da260d9c9d49905a783ae5cc5 av-metadata-container-align-left  avia-builder-el-2  el_after_av_hr  el_before_av_one_full  av-desktop-hide av-medium-hide av-small-hide av-mini-hide av-metadata-container-1'><div class='av-post-metadata-container-inner'><span class=\"av-post-metadata-content av-post-metadata-meta-content\"><span class=\"av-post-metadata-content av-post-metadata-category\"><span class=\"av-post-metadata-category-link\" ><a href=\"https:\/\/influence.ch\/fr\/category\/communication\/\" >Communication<\/a><\/span><\/span><\/span><\/div><\/div>\n<div class='flex_column av-580n-a0c99beb2a1882896586deb18bcf5405 av_one_full  avia-builder-el-3  el_after_av_post_metadata  el_before_av_post_metadata  first flex_column_div '     ><style type=\"text\/css\" data-created_by=\"avia_inline_auto\" id=\"style-css-av-lajol5k3-bcabd5439ce39e62158db334b9b99d68\">\n#top .av_textblock_section.av-lajol5k3-bcabd5439ce39e62158db334b9b99d68 .avia_textblock{\ncolor:#ffffff;\n}\n<\/style>\n<section  class='av_textblock_section av-lajol5k3-bcabd5439ce39e62158db334b9b99d68'  itemscope=\"itemscope\" itemtype=\"https:\/\/schema.org\/BlogPosting\" itemprop=\"blogPost\" ><div class='avia_textblock av_inherit_color'  itemprop=\"text\" ><h1 style=\"text-align: center;\"><\/h1>\n<div class=\"row\">\n<div class=\"col-14 offset-md-2 col-md-10\">\n<h1 style=\"text-align: center;\">Ouverture du bureau de furrerhugi en Suisse romande<\/h1>\n<p class=\"lead-text\" style=\"text-align: center;\">Une \u00e9tape importante qui marque le renforcement de la pr\u00e9sence de l&rsquo;agence sur l&rsquo;arc l\u00e9manique<\/p>\n<\/div>\n<\/div>\n<\/div><\/section><\/div>\n<style type=\"text\/css\" data-created_by=\"avia_inline_auto\" id=\"style-css-av-kqp-d3340c463e9779d9fb5e4297bb48a84f\">\n#top .av-post-metadata-container.av-kqp-d3340c463e9779d9fb5e4297bb48a84f{\ncolor:#ffffff;\n}\n<\/style>\n<div  id=\"author\"  class='av-post-metadata-container av-kqp-d3340c463e9779d9fb5e4297bb48a84f av-metadata-container-align-left  avia-builder-el-5  el_after_av_one_full  el_before_av_hr  av-desktop-hide av-medium-hide av-small-hide av-mini-hide av-metadata-container-2'><div class='av-post-metadata-container-inner'><span class=\"av-post-metadata-content av-post-metadata-meta-content\"><span class=\"av-post-metadata-content av-post-metadata-author\"  itemprop=\"author\" ><span class=\"av-post-metadata-author-link\" ><a href=\"https:\/\/influence.ch\/fr\/author\/jonathan-mueller\/\"  rel=\"author\">Jonathan M\u00fcller<\/a><\/span><\/span><\/span><\/div><\/div>\n\n<style type=\"text\/css\" data-created_by=\"avia_inline_auto\" id=\"style-css-av-3rkb-5af53ac747b34df56e11174e8e22e573\">\n#top .hr.hr-invisible.av-3rkb-5af53ac747b34df56e11174e8e22e573{\nheight:40px;\n}\n<\/style>\n<div  class='hr av-3rkb-5af53ac747b34df56e11174e8e22e573 hr-invisible  avia-builder-el-6  el_after_av_post_metadata  avia-builder-el-last '><span class='hr-inner '><span class=\"hr-inner-style\"><\/span><\/span><\/div>\n<\/div><\/div><\/main><!-- close content main element --><\/div><\/div><div id='av_section_2'  class='avia-section av-4nqx-1f9ea2e9ed6a23cc856f96335c63c817 main_color avia-section-default avia-no-border-styling  avia-builder-el-7  el_after_av_section  el_before_av_section  post-inhalt avia-bg-style-scroll container_wrap fullsize'  ><div class='container av-section-cont-open' ><div class='template-page content  av-content-full alpha units'><div class='post-entry post-entry-type-page post-entry-5009'><div class='entry-content-wrapper clearfix'>\n\n<style type=\"text\/css\" data-created_by=\"avia_inline_auto\" id=\"style-css-av-ll2diep3-4379f21ceadb0c1eabec389020991252\">\n#top .av-post-metadata-container.av-ll2diep3-4379f21ceadb0c1eabec389020991252{\ncolor:#000000;\nfont-size:16px;\n}\n#top .av-post-metadata-container.av-ll2diep3-4379f21ceadb0c1eabec389020991252 .av-post-metadata-container-inner{\nfont-size:16px;\n}\n<\/style>\n<div  id=\"author\"  class='av-post-metadata-container av-ll2diep3-4379f21ceadb0c1eabec389020991252 av-metadata-container-align-left  avia-builder-el-8  el_before_av_one_full  avia-builder-el-first  av-metadata-container-3'><div class='av-post-metadata-container-inner'><span class=\"av-post-metadata-content av-post-metadata-meta-content\"><span class=\"av-post-metadata-content av-post-metadata-published\"><span class=\"av-post-metadata-published-date\" >27 mars 2025<\/span><span class=\"av-metadata-after av-metadata-after-published\">|<\/span><\/span><span class=\"av-post-metadata-content av-post-metadata-separator\"><\/span><span class=\"av-post-metadata-content av-post-metadata-author\"  itemprop=\"author\" ><span class=\"av-post-metadata-author-link\" ><a href=\"https:\/\/influence.ch\/fr\/author\/jonathan-mueller\/\"  rel=\"author\">Jonathan M\u00fcller<\/a><\/span><span class=\"av-metadata-after av-metadata-after-author\">|<\/span><\/span><span class=\"av-post-metadata-content av-post-metadata-separator\"><\/span><span class=\"av-post-metadata-content av-post-metadata-category\"><span class=\"av-post-metadata-category-link\" ><a href=\"https:\/\/influence.ch\/fr\/category\/communication\/\" >Communication<\/a><\/span><\/span><\/span><\/div><\/div>\n<div class='flex_column av-3vzjm9-123ee320e2e8ea48079ab565f752a1af av_one_full  avia-builder-el-9  el_after_av_post_metadata  el_before_av_hr  first flex_column_div '     ><style type=\"text\/css\" data-created_by=\"avia_inline_auto\" id=\"style-css-av-m8r8beua-bdd4eda2832fb9977e406013c25a6ac6\">\n.avia-image-container.av-m8r8beua-bdd4eda2832fb9977e406013c25a6ac6 img.avia_image{\nbox-shadow:none;\n}\n.avia-image-container.av-m8r8beua-bdd4eda2832fb9977e406013c25a6ac6 .av-image-caption-overlay-center{\ncolor:#ffffff;\n}\n<\/style>\n<div  class='avia-image-container av-m8r8beua-bdd4eda2832fb9977e406013c25a6ac6 av-styling- avia-align-center  avia-builder-el-10  avia-builder-el-no-sibling '   itemprop=\"image\" itemscope=\"itemscope\" itemtype=\"https:\/\/schema.org\/ImageObject\" ><div class=\"avia-image-container-inner\"><div class=\"avia-image-overlay-wrap\"><img decoding=\"async\" class='wp-image-5036 avia-img-lazy-loading-not-5036 avia_image ' src=\"https:\/\/influence.ch\/wp-content\/uploads\/2025\/03\/Inauguration-Bureaux-Lausanne-Furrerhugi-Rue-de-Bourg-1030x674.jpg\" alt='' title='Inauguration Bureaux Lausanne Furrerhugi - Rue de Bourg'  height=\"674\" width=\"1030\"  itemprop=\"thumbnailUrl\" srcset=\"https:\/\/influence.ch\/wp-content\/uploads\/2025\/03\/Inauguration-Bureaux-Lausanne-Furrerhugi-Rue-de-Bourg-1030x674.jpg 1030w, https:\/\/influence.ch\/wp-content\/uploads\/2025\/03\/Inauguration-Bureaux-Lausanne-Furrerhugi-Rue-de-Bourg-300x196.jpg 300w, https:\/\/influence.ch\/wp-content\/uploads\/2025\/03\/Inauguration-Bureaux-Lausanne-Furrerhugi-Rue-de-Bourg-768x503.jpg 768w, https:\/\/influence.ch\/wp-content\/uploads\/2025\/03\/Inauguration-Bureaux-Lausanne-Furrerhugi-Rue-de-Bourg-764x500.jpg 764w, https:\/\/influence.ch\/wp-content\/uploads\/2025\/03\/Inauguration-Bureaux-Lausanne-Furrerhugi-Rue-de-Bourg.jpg 1350w\" sizes=\"(max-width: 1030px) 100vw, 1030px\" \/><\/div><\/div><\/div><\/div>\n<style type=\"text\/css\" data-created_by=\"avia_inline_auto\" id=\"style-css-av-ll2cb0de-1618aeaa710f9714e67c07fd3b765e06\">\n#top .hr.hr-invisible.av-ll2cb0de-1618aeaa710f9714e67c07fd3b765e06{\nheight:10px;\n}\n<\/style>\n<div  class='hr av-ll2cb0de-1618aeaa710f9714e67c07fd3b765e06 hr-invisible  avia-builder-el-11  el_after_av_one_full  el_before_av_textblock '><span class='hr-inner '><span class=\"hr-inner-style\"><\/span><\/span><\/div>\n\n<style type=\"text\/css\" data-created_by=\"avia_inline_auto\" id=\"style-css-av-2daep1-44d7d4efc713aa94b12928e881b34e32\">\n#top .av_textblock_section.av-2daep1-44d7d4efc713aa94b12928e881b34e32 .avia_textblock{\nfont-size:22px;\n}\n<\/style>\n<section  class='av_textblock_section av-2daep1-44d7d4efc713aa94b12928e881b34e32'  itemscope=\"itemscope\" itemtype=\"https:\/\/schema.org\/BlogPosting\" itemprop=\"blogPost\" ><div class='avia_textblock'  itemprop=\"text\" ><p>Ce mardi 25 mars restera dans la m\u00e9moire de furrerhugi. En pr\u00e9sence de nos clients, partenaires, coll\u00e8gues, nous avons c\u00e9l\u00e9br\u00e9 l\u2019ouverture de notre nouveau bureau au c\u0153ur de Lausanne. Avec ce nouvel espace de travail localis\u00e9 \u00e0 la Rue de Bourg, furrerhugi s\u2019installe dans un quartier vivant, attractif et au c\u0153ur de la cit\u00e9. A quelques pas des institutions politiques cantonales l\u2019agence consolide ainsi son identit\u00e9 et son autonomie dans la r\u00e9gion romande, tout en rapprochant ses services des besoins sp\u00e9cifiques de ses clients locaux et nationaux sur le march\u00e9 l\u00e9manique.<\/p>\n<p>C\u2019est une \u00e9tape importante qui marque le renforcement de notre pr\u00e9sence en Suisse romande et nous permet de d\u00e9velopper des relations de proximit\u00e9 avec nos clients et partenaires. Cette soir\u00e9e a aussi \u00e9t\u00e9 l\u2019occasion de mettre en lumi\u00e8re un \u00e9l\u00e9ment cl\u00e9 de l\u2019identit\u00e9 lausannoise : le sport. Nous avons eu le plaisir d\u2019accueillir <a href=\"https:\/\/www.linkedin.com\/in\/oph%C3%A9lia-jeanneret-phd-765b6b4a\/\">Oph\u00e9lia Jeanneret, PhD<\/a>, Directrice du Service Sport Sant\u00e9 UNIL+EPFL, qui a partag\u00e9 ses r\u00e9flexions sur les liens entre sport, sant\u00e9, politique et innovation.<\/p>\n<\/div><\/section>\n<\/p>\n<\/div><\/div><\/div><!-- close content main div --><\/div><\/div><div id='av_section_3'  class='avia-section av-18x9gh-592e86aa823ee65ffe1561ee439b4d44 main_color avia-section-default avia-no-border-styling  avia-builder-el-13  el_after_av_section  el_before_av_section  avia-bg-style-scroll container_wrap fullsize'  ><div class='container av-section-cont-open' ><div class='template-page content  av-content-full alpha units'><div class='post-entry post-entry-type-page post-entry-5009'><div class='entry-content-wrapper clearfix'>\n<div class='flex_column av-ayq2i9-b5ba6cdb9f7aa44ebd24994b60999c20 av_one_half  avia-builder-el-14  el_before_av_one_half  avia-builder-el-first  first flex_column_div '     ><style type=\"text\/css\" data-created_by=\"avia_inline_auto\" id=\"style-css-av-m8r6dwu2-0171bc37dbccb9c48c620f922c80a86e\">\n.avia-image-container.av-m8r6dwu2-0171bc37dbccb9c48c620f922c80a86e img.avia_image{\nbox-shadow:none;\n}\n.avia-image-container.av-m8r6dwu2-0171bc37dbccb9c48c620f922c80a86e .av-image-caption-overlay-center{\ncolor:#ffffff;\n}\n<\/style>\n<div  class='avia-image-container av-m8r6dwu2-0171bc37dbccb9c48c620f922c80a86e av-styling- avia-align-center  avia-builder-el-15  avia-builder-el-no-sibling '   itemprop=\"image\" itemscope=\"itemscope\" itemtype=\"https:\/\/schema.org\/ImageObject\" ><div class=\"avia-image-container-inner\"><div class=\"avia-image-overlay-wrap\"><img decoding=\"async\" class='wp-image-5021 avia-img-lazy-loading-not-5021 avia_image ' src=\"https:\/\/influence.ch\/wp-content\/uploads\/2025\/03\/Inauguration-Bureaux-Lausanne-Furrerhugi-7.jpg\" alt='' title='Inauguration Bureaux Lausanne Furrerhugi - 7'  height=\"889\" width=\"1350\"  itemprop=\"thumbnailUrl\" srcset=\"https:\/\/influence.ch\/wp-content\/uploads\/2025\/03\/Inauguration-Bureaux-Lausanne-Furrerhugi-7.jpg 1350w, https:\/\/influence.ch\/wp-content\/uploads\/2025\/03\/Inauguration-Bureaux-Lausanne-Furrerhugi-7-300x198.jpg 300w, https:\/\/influence.ch\/wp-content\/uploads\/2025\/03\/Inauguration-Bureaux-Lausanne-Furrerhugi-7-1030x678.jpg 1030w, https:\/\/influence.ch\/wp-content\/uploads\/2025\/03\/Inauguration-Bureaux-Lausanne-Furrerhugi-7-768x506.jpg 768w, https:\/\/influence.ch\/wp-content\/uploads\/2025\/03\/Inauguration-Bureaux-Lausanne-Furrerhugi-7-759x500.jpg 759w\" sizes=\"(max-width: 1350px) 100vw, 1350px\" \/><\/div><\/div><\/div><\/div><div class='flex_column av-2wiytt-d7fa656d2fa043d3f249483cb74327d0 av_one_half  avia-builder-el-16  el_after_av_one_half  el_before_av_one_half  flex_column_div '     ><style type=\"text\/css\" data-created_by=\"avia_inline_auto\" id=\"style-css-av-m8r6e4qa-eaba52fd25a796fb16fc47c3c0c84e5c\">\n.avia-image-container.av-m8r6e4qa-eaba52fd25a796fb16fc47c3c0c84e5c img.avia_image{\nbox-shadow:none;\n}\n.avia-image-container.av-m8r6e4qa-eaba52fd25a796fb16fc47c3c0c84e5c .av-image-caption-overlay-center{\ncolor:#ffffff;\n}\n<\/style>\n<div  class='avia-image-container av-m8r6e4qa-eaba52fd25a796fb16fc47c3c0c84e5c av-styling- avia-align-center  avia-builder-el-17  avia-builder-el-no-sibling '   itemprop=\"image\" itemscope=\"itemscope\" itemtype=\"https:\/\/schema.org\/ImageObject\" ><div class=\"avia-image-container-inner\"><div class=\"avia-image-overlay-wrap\"><img decoding=\"async\" class='wp-image-5019 avia-img-lazy-loading-not-5019 avia_image ' src=\"https:\/\/influence.ch\/wp-content\/uploads\/2025\/03\/Inauguration-Bureaux-Lausanne-Furrerhugi-8.jpg\" alt='' title='Inauguration Bureaux Lausanne Furrerhugi - 8'  height=\"900\" width=\"1350\"  itemprop=\"thumbnailUrl\" srcset=\"https:\/\/influence.ch\/wp-content\/uploads\/2025\/03\/Inauguration-Bureaux-Lausanne-Furrerhugi-8.jpg 1350w, https:\/\/influence.ch\/wp-content\/uploads\/2025\/03\/Inauguration-Bureaux-Lausanne-Furrerhugi-8-300x200.jpg 300w, https:\/\/influence.ch\/wp-content\/uploads\/2025\/03\/Inauguration-Bureaux-Lausanne-Furrerhugi-8-1030x687.jpg 1030w, https:\/\/influence.ch\/wp-content\/uploads\/2025\/03\/Inauguration-Bureaux-Lausanne-Furrerhugi-8-768x512.jpg 768w, https:\/\/influence.ch\/wp-content\/uploads\/2025\/03\/Inauguration-Bureaux-Lausanne-Furrerhugi-8-750x500.jpg 750w\" sizes=\"(max-width: 1350px) 100vw, 1350px\" \/><\/div><\/div><\/div><\/div><div class='flex_column av-wl5sx-4772443eeb5ab4c6f77324b4a2e5b16e av_one_half  avia-builder-el-18  el_after_av_one_half  el_before_av_one_half  first flex_column_div column-top-margin'     ><style type=\"text\/css\" data-created_by=\"avia_inline_auto\" id=\"style-css-av-m8r6efh7-e51aff5d753332a760e618158b7e1e2b\">\n.avia-image-container.av-m8r6efh7-e51aff5d753332a760e618158b7e1e2b img.avia_image{\nbox-shadow:none;\n}\n.avia-image-container.av-m8r6efh7-e51aff5d753332a760e618158b7e1e2b .av-image-caption-overlay-center{\ncolor:#ffffff;\n}\n<\/style>\n<div  class='avia-image-container av-m8r6efh7-e51aff5d753332a760e618158b7e1e2b av-styling- avia-align-center  avia-builder-el-19  avia-builder-el-no-sibling '   itemprop=\"image\" itemscope=\"itemscope\" itemtype=\"https:\/\/schema.org\/ImageObject\" ><div class=\"avia-image-container-inner\"><div class=\"avia-image-overlay-wrap\"><img decoding=\"async\" class='wp-image-5017 avia-img-lazy-loading-not-5017 avia_image ' src=\"https:\/\/influence.ch\/wp-content\/uploads\/2025\/03\/Inauguration-Bureaux-Lausanne-Furrerhugi-10.jpg\" alt='' title='Inauguration Bureaux Lausanne Furrerhugi - 10'  height=\"886\" width=\"1350\"  itemprop=\"thumbnailUrl\" srcset=\"https:\/\/influence.ch\/wp-content\/uploads\/2025\/03\/Inauguration-Bureaux-Lausanne-Furrerhugi-10.jpg 1350w, https:\/\/influence.ch\/wp-content\/uploads\/2025\/03\/Inauguration-Bureaux-Lausanne-Furrerhugi-10-300x197.jpg 300w, https:\/\/influence.ch\/wp-content\/uploads\/2025\/03\/Inauguration-Bureaux-Lausanne-Furrerhugi-10-1030x676.jpg 1030w, https:\/\/influence.ch\/wp-content\/uploads\/2025\/03\/Inauguration-Bureaux-Lausanne-Furrerhugi-10-768x504.jpg 768w, https:\/\/influence.ch\/wp-content\/uploads\/2025\/03\/Inauguration-Bureaux-Lausanne-Furrerhugi-10-762x500.jpg 762w\" sizes=\"(max-width: 1350px) 100vw, 1350px\" \/><\/div><\/div><\/div><\/div><div class='flex_column av-80bozl-854e8f2e6080f2ade730dbb5298673a9 av_one_half  avia-builder-el-20  el_after_av_one_half  el_before_av_one_half  flex_column_div column-top-margin'     ><style type=\"text\/css\" data-created_by=\"avia_inline_auto\" id=\"style-css-av-m8r8acdo-4401113562d68089a30f4af416398375\">\n.avia-image-container.av-m8r8acdo-4401113562d68089a30f4af416398375 img.avia_image{\nbox-shadow:none;\n}\n.avia-image-container.av-m8r8acdo-4401113562d68089a30f4af416398375 .av-image-caption-overlay-center{\ncolor:#ffffff;\n}\n<\/style>\n<div  class='avia-image-container av-m8r8acdo-4401113562d68089a30f4af416398375 av-styling- avia-align-center  avia-builder-el-21  avia-builder-el-no-sibling '   itemprop=\"image\" itemscope=\"itemscope\" itemtype=\"https:\/\/schema.org\/ImageObject\" ><div class=\"avia-image-container-inner\"><div class=\"avia-image-overlay-wrap\"><img decoding=\"async\" class='wp-image-5034 avia-img-lazy-loading-not-5034 avia_image ' src=\"https:\/\/influence.ch\/wp-content\/uploads\/2025\/03\/Inauguration-Bureaux-Lausanne-Furrerhugi-Porte-1030x675.jpg\" alt='' title='Inauguration Bureaux Lausanne Furrerhugi - Porte'  height=\"675\" width=\"1030\"  itemprop=\"thumbnailUrl\" srcset=\"https:\/\/influence.ch\/wp-content\/uploads\/2025\/03\/Inauguration-Bureaux-Lausanne-Furrerhugi-Porte-1030x675.jpg 1030w, https:\/\/influence.ch\/wp-content\/uploads\/2025\/03\/Inauguration-Bureaux-Lausanne-Furrerhugi-Porte-300x197.jpg 300w, https:\/\/influence.ch\/wp-content\/uploads\/2025\/03\/Inauguration-Bureaux-Lausanne-Furrerhugi-Porte-768x503.jpg 768w, https:\/\/influence.ch\/wp-content\/uploads\/2025\/03\/Inauguration-Bureaux-Lausanne-Furrerhugi-Porte-763x500.jpg 763w, https:\/\/influence.ch\/wp-content\/uploads\/2025\/03\/Inauguration-Bureaux-Lausanne-Furrerhugi-Porte.jpg 1350w\" sizes=\"(max-width: 1030px) 100vw, 1030px\" \/><\/div><\/div><\/div><\/div><div class='flex_column av-6i6j8h-bc0b71153b18c8ec169dff187252836c av_one_half  avia-builder-el-22  el_after_av_one_half  el_before_av_one_half  first flex_column_div column-top-margin'     ><style type=\"text\/css\" data-created_by=\"avia_inline_auto\" id=\"style-css-av-m8r6em8q-9bdc9840a700aebffd6169b29bddcfa9\">\n.avia-image-container.av-m8r6em8q-9bdc9840a700aebffd6169b29bddcfa9 img.avia_image{\nbox-shadow:none;\n}\n.avia-image-container.av-m8r6em8q-9bdc9840a700aebffd6169b29bddcfa9 .av-image-caption-overlay-center{\ncolor:#ffffff;\n}\n<\/style>\n<div  class='avia-image-container av-m8r6em8q-9bdc9840a700aebffd6169b29bddcfa9 av-styling- avia-align-center  avia-builder-el-23  avia-builder-el-no-sibling '   itemprop=\"image\" itemscope=\"itemscope\" itemtype=\"https:\/\/schema.org\/ImageObject\" ><div class=\"avia-image-container-inner\"><div class=\"avia-image-overlay-wrap\"><img decoding=\"async\" class='wp-image-5027 avia-img-lazy-loading-not-5027 avia_image ' src=\"https:\/\/influence.ch\/wp-content\/uploads\/2025\/03\/Inauguration-Bureaux-Lausanne-Furrerhugi-3.jpg\" alt='' title='Inauguration Bureaux Lausanne Furrerhugi - 3'  height=\"937\" width=\"1350\"  itemprop=\"thumbnailUrl\" srcset=\"https:\/\/influence.ch\/wp-content\/uploads\/2025\/03\/Inauguration-Bureaux-Lausanne-Furrerhugi-3.jpg 1350w, https:\/\/influence.ch\/wp-content\/uploads\/2025\/03\/Inauguration-Bureaux-Lausanne-Furrerhugi-3-300x208.jpg 300w, https:\/\/influence.ch\/wp-content\/uploads\/2025\/03\/Inauguration-Bureaux-Lausanne-Furrerhugi-3-1030x715.jpg 1030w, https:\/\/influence.ch\/wp-content\/uploads\/2025\/03\/Inauguration-Bureaux-Lausanne-Furrerhugi-3-768x533.jpg 768w, https:\/\/influence.ch\/wp-content\/uploads\/2025\/03\/Inauguration-Bureaux-Lausanne-Furrerhugi-3-720x500.jpg 720w\" sizes=\"(max-width: 1350px) 100vw, 1350px\" \/><\/div><\/div><\/div><\/div><div class='flex_column av-4sige9-40476b8c3673cdb4e614ffb647f02f72 av_one_half  avia-builder-el-24  el_after_av_one_half  avia-builder-el-last  flex_column_div column-top-margin'     ><style type=\"text\/css\" data-created_by=\"avia_inline_auto\" id=\"style-css-av-m8r6fkn5-57865e54a91f348a0422c9496937af54\">\n.avia-image-container.av-m8r6fkn5-57865e54a91f348a0422c9496937af54 img.avia_image{\nbox-shadow:none;\n}\n.avia-image-container.av-m8r6fkn5-57865e54a91f348a0422c9496937af54 .av-image-caption-overlay-center{\ncolor:#ffffff;\n}\n<\/style>\n<div  class='avia-image-container av-m8r6fkn5-57865e54a91f348a0422c9496937af54 av-styling- avia-align-center  avia-builder-el-25  avia-builder-el-no-sibling '   itemprop=\"image\" itemscope=\"itemscope\" itemtype=\"https:\/\/schema.org\/ImageObject\" ><div class=\"avia-image-container-inner\"><div class=\"avia-image-overlay-wrap\"><img decoding=\"async\" class='wp-image-5023 avia-img-lazy-loading-not-5023 avia_image ' src=\"https:\/\/influence.ch\/wp-content\/uploads\/2025\/03\/Inauguration-Bureaux-Lausanne-Furrerhugi-2.jpg\" alt='' title='Inauguration Bureaux Lausanne Furrerhugi - 2'  height=\"930\" width=\"1350\"  itemprop=\"thumbnailUrl\" srcset=\"https:\/\/influence.ch\/wp-content\/uploads\/2025\/03\/Inauguration-Bureaux-Lausanne-Furrerhugi-2.jpg 1350w, https:\/\/influence.ch\/wp-content\/uploads\/2025\/03\/Inauguration-Bureaux-Lausanne-Furrerhugi-2-300x207.jpg 300w, https:\/\/influence.ch\/wp-content\/uploads\/2025\/03\/Inauguration-Bureaux-Lausanne-Furrerhugi-2-1030x710.jpg 1030w, https:\/\/influence.ch\/wp-content\/uploads\/2025\/03\/Inauguration-Bureaux-Lausanne-Furrerhugi-2-768x529.jpg 768w, https:\/\/influence.ch\/wp-content\/uploads\/2025\/03\/Inauguration-Bureaux-Lausanne-Furrerhugi-2-726x500.jpg 726w\" sizes=\"(max-width: 1350px) 100vw, 1350px\" \/><\/div><\/div><\/div><\/div>\n\n<\/div><\/div><\/div><!-- close content main div --><\/div><\/div>\n<style type=\"text\/css\" data-created_by=\"avia_inline_auto\" id=\"style-css-av-dwefk-64b75231dd03d75203b83ead386ab336\">\n.avia-section.av-dwefk-64b75231dd03d75203b83ead386ab336{\nbackground-color:#ededed;\nbackground-image:unset;\n}\n<\/style>\n<div id='av_section_4'  class='avia-section av-dwefk-64b75231dd03d75203b83ead386ab336 main_color avia-section-default avia-no-border-styling  avia-builder-el-26  el_after_av_section  avia-builder-el-last  post_slider avia-bg-style-scroll container_wrap fullsize'  ><div class='container av-section-cont-open' ><div class='template-page content  av-content-full alpha units'><div class='post-entry post-entry-type-page post-entry-5009'><div class='entry-content-wrapper clearfix'>\n<div  data-slideshow-options=\"{&quot;animation&quot;:&quot;fade&quot;,&quot;autoplay&quot;:false,&quot;loop_autoplay&quot;:&quot;once&quot;,&quot;interval&quot;:&quot;5&quot;,&quot;loop_manual&quot;:&quot;manual-endless&quot;,&quot;autoplay_stopper&quot;:false,&quot;noNavigation&quot;:false,&quot;show_slide_delay&quot;:90}\" class='avia-content-slider avia-content-slider-active avia-content-slider1 avia-content-slider-odd  avia-builder-el-27  avia-builder-el-no-sibling  av-slideshow-ui av-control-default   av-no-slider-navigation av-slideshow-manual av-loop-once av-loop-manual-endless '  itemscope=\"itemscope\" itemtype=\"https:\/\/schema.org\/Blog\" ><div class=\"avia-content-slider-inner\"><div class=\"slide-entry-wrap\"><article class='slide-entry flex_column  post-entry post-entry-4935 slide-entry-overview slide-loop-1 slide-parity-odd  av_one_third first real-thumbnail post-format-standard'  itemscope=\"itemscope\" itemtype=\"https:\/\/schema.org\/BlogPosting\" itemprop=\"blogPost\" ><a href='https:\/\/influence.ch\/fr\/2025\/05\/26\/les-jeunes-se-dispersent-politiquement\/' data-rel='slide-1' class='slide-image' title='Divergences politiques chez les jeunes'><img decoding=\"async\" width=\"495\" height=\"400\" src=\"https:\/\/influence.ch\/wp-content\/uploads\/2022\/12\/influence_Verlaeufe_V01_5-495x400.png\" class=\"wp-image-517 avia-img-lazy-loading-not-517 attachment-portfolio size-portfolio wp-post-image\" alt=\"\" srcset=\"https:\/\/influence.ch\/wp-content\/uploads\/2022\/12\/influence_Verlaeufe_V01_5-495x400.png 495w, https:\/\/influence.ch\/wp-content\/uploads\/2022\/12\/influence_Verlaeufe_V01_5-845x684.png 845w\" sizes=\"(max-width: 495px) 100vw, 495px\" \/><\/a><div class=\"slide-content\"><header class=\"entry-content-header\"><h3 class='slide-entry-title entry-title '  itemprop=\"headline\" ><a href='https:\/\/influence.ch\/fr\/2025\/05\/26\/les-jeunes-se-dispersent-politiquement\/' title='Divergences politiques chez les jeunes'>Divergences politiques chez les jeunes<\/a><\/h3><span class=\"av-vertical-delimiter\"><\/span><\/header><div class=\"slide-meta\"><div class=\"slide-meta-comments\"><a href='https:\/\/influence.ch\/fr\/2025\/05\/26\/les-jeunes-se-dispersent-politiquement\/#respond'>0 Commentaires<\/a><\/div><div class=\"slide-meta-del\">\/<\/div><time class='slide-meta-time updated'  itemprop=\"datePublished\" datetime=\"2025-05-26T13:51:54+02:00\" >26 mai 2025<\/time><\/div><div class='slide-entry-excerpt entry-content'  itemprop=\"text\" >Une \u00e9tude r\u00e9v\u00e8le l'augmentation du foss\u00e9 politique entre les adolescents - avec des cons\u00e9quences pour la Suisse<\/div><\/div><footer class=\"entry-footer\"><\/footer><span class='hidden'>\n\t\t\t\t<span class='av-structured-data'  itemprop=\"image\" itemscope=\"itemscope\" itemtype=\"https:\/\/schema.org\/ImageObject\" >\n\t\t\t\t\t\t<span itemprop='url'>https:\/\/influence.ch\/wp-content\/uploads\/2022\/12\/influence_Verlaeufe_V01_5.png<\/span>\n\t\t\t\t\t\t<span itemprop='height'>2169<\/span>\n\t\t\t\t\t\t<span itemprop='width'>2442<\/span>\n\t\t\t\t<\/span>\n\t\t\t\t<span class='av-structured-data'  itemprop=\"publisher\" itemtype=\"https:\/\/schema.org\/Organization\" itemscope=\"itemscope\" >\n\t\t\t\t\t\t<span itemprop='name'>Matthias Halbeis<\/span>\n\t\t\t\t\t\t<span itemprop='logo' itemscope itemtype='https:\/\/schema.org\/ImageObject'>\n\t\t\t\t\t\t\t<span itemprop='url'>https:\/\/influence.ch\/wp-content\/uploads\/2025\/02\/influence_Logo_FR_weiss-1030x277.png<\/span>\n\t\t\t\t\t\t <\/span>\n\t\t\t\t<\/span><span class='av-structured-data'  itemprop=\"author\" itemscope=\"itemscope\" itemtype=\"https:\/\/schema.org\/Person\" ><span itemprop='name'>Matthias Halbeis<\/span><\/span><span class='av-structured-data'  itemprop=\"datePublished\" datetime=\"2025-03-27T15:09:59+01:00\" >2025-05-26 13:51:54<\/span><span class='av-structured-data'  itemprop=\"dateModified\" itemtype=\"https:\/\/schema.org\/dateModified\" >2025-05-28 10:18:57<\/span><span class='av-structured-data'  itemprop=\"mainEntityOfPage\" itemtype=\"https:\/\/schema.org\/mainEntityOfPage\" ><span itemprop='name'>Divergences politiques chez les jeunes<\/span><\/span><\/span><\/article><article class='slide-entry flex_column  post-entry post-entry-5670 slide-entry-overview slide-loop-2 slide-parity-even  av_one_third  real-thumbnail post-format-standard'  itemscope=\"itemscope\" itemtype=\"https:\/\/schema.org\/BlogPosting\" itemprop=\"blogPost\" ><a href='https:\/\/influence.ch\/fr\/2025\/06\/26\/quand-la-politique-sinvite-sur-tinder\/' data-rel='slide-1' class='slide-image' title='Quand la politique s&rsquo;invite sur Tinder'><img decoding=\"async\" width=\"495\" height=\"400\" src=\"https:\/\/influence.ch\/wp-content\/uploads\/2022\/12\/influence_Verlaeufe_V01_1-495x400.png\" class=\"wp-image-522 avia-img-lazy-loading-not-522 attachment-portfolio size-portfolio wp-post-image\" alt=\"\" srcset=\"https:\/\/influence.ch\/wp-content\/uploads\/2022\/12\/influence_Verlaeufe_V01_1-495x400.png 495w, https:\/\/influence.ch\/wp-content\/uploads\/2022\/12\/influence_Verlaeufe_V01_1-845x684.png 845w\" sizes=\"(max-width: 495px) 100vw, 495px\" \/><\/a><div class=\"slide-content\"><header class=\"entry-content-header\"><h3 class='slide-entry-title entry-title '  itemprop=\"headline\" ><a href='https:\/\/influence.ch\/fr\/2025\/06\/26\/quand-la-politique-sinvite-sur-tinder\/' title='Quand la politique s&rsquo;invite sur Tinder'>Quand la politique s&rsquo;invite sur Tinder<\/a><\/h3><span class=\"av-vertical-delimiter\"><\/span><\/header><div class=\"slide-meta\"><time class='slide-meta-time updated'  itemprop=\"datePublished\" datetime=\"2025-06-26T08:07:50+02:00\" >26 juin 2025<\/time><\/div><div class='slide-entry-excerpt entry-content'  itemprop=\"text\" >Pourquoi le march\u00e9 des rencontres a une influence sur la stabilit\u00e9 de la d\u00e9mocratie  <\/div><\/div><footer class=\"entry-footer\"><\/footer><span class='hidden'>\n\t\t\t\t<span class='av-structured-data'  itemprop=\"image\" itemscope=\"itemscope\" itemtype=\"https:\/\/schema.org\/ImageObject\" >\n\t\t\t\t\t\t<span itemprop='url'>https:\/\/influence.ch\/wp-content\/uploads\/2022\/12\/influence_Verlaeufe_V01_1.png<\/span>\n\t\t\t\t\t\t<span itemprop='height'>2169<\/span>\n\t\t\t\t\t\t<span itemprop='width'>2442<\/span>\n\t\t\t\t<\/span>\n\t\t\t\t<span class='av-structured-data'  itemprop=\"publisher\" itemtype=\"https:\/\/schema.org\/Organization\" itemscope=\"itemscope\" >\n\t\t\t\t\t\t<span itemprop='name'>Matthias Halbeis<\/span>\n\t\t\t\t\t\t<span itemprop='logo' itemscope itemtype='https:\/\/schema.org\/ImageObject'>\n\t\t\t\t\t\t\t<span itemprop='url'>https:\/\/influence.ch\/wp-content\/uploads\/2025\/02\/influence_Logo_FR_weiss-1030x277.png<\/span>\n\t\t\t\t\t\t <\/span>\n\t\t\t\t<\/span><span class='av-structured-data'  itemprop=\"author\" itemscope=\"itemscope\" itemtype=\"https:\/\/schema.org\/Person\" ><span itemprop='name'>Matthias Halbeis<\/span><\/span><span class='av-structured-data'  itemprop=\"datePublished\" datetime=\"2025-03-27T15:09:59+01:00\" >2025-06-26 08:07:50<\/span><span class='av-structured-data'  itemprop=\"dateModified\" itemtype=\"https:\/\/schema.org\/dateModified\" >2025-06-26 14:50:04<\/span><span class='av-structured-data'  itemprop=\"mainEntityOfPage\" itemtype=\"https:\/\/schema.org\/mainEntityOfPage\" ><span itemprop='name'>Quand la politique s&rsquo;invite sur Tinder<\/span><\/span><\/span><\/article><article class='slide-entry flex_column  post-entry post-entry-6251 slide-entry-overview slide-loop-3 slide-parity-odd  av_one_third  real-thumbnail post-format-standard'  itemscope=\"itemscope\" itemtype=\"https:\/\/schema.org\/BlogPosting\" itemprop=\"blogPost\" ><a href='https:\/\/influence.ch\/fr\/2025\/10\/30\/une-avancee-cruciale\/' data-rel='slide-1' class='slide-image' title='\u00ab Une avanc\u00e9e cruciale \u00bb'><img decoding=\"async\" width=\"1\" height=\"1\" src=\"https:\/\/influence.ch\/wp-content\/uploads\/2025\/10\/Foto-Thomas-Christen-scaled.jpg\" class=\"wp-image-6248 avia-img-lazy-loading-not-6248 attachment-portfolio size-portfolio wp-post-image\" alt=\"\" \/><\/a><div class=\"slide-content\"><header class=\"entry-content-header\"><h3 class='slide-entry-title entry-title '  itemprop=\"headline\" ><a href='https:\/\/influence.ch\/fr\/2025\/10\/30\/une-avancee-cruciale\/' title='\u00ab Une avanc\u00e9e cruciale \u00bb'>\u00ab Une avanc\u00e9e cruciale \u00bb<\/a><\/h3><span class=\"av-vertical-delimiter\"><\/span><\/header><div class=\"slide-meta\"><div class=\"slide-meta-comments\"><a href='https:\/\/influence.ch\/fr\/2025\/10\/30\/une-avancee-cruciale\/#respond'>0 Commentaires<\/a><\/div><div class=\"slide-meta-del\">\/<\/div><time class='slide-meta-time updated'  itemprop=\"datePublished\" datetime=\"2025-10-30T10:04:15+01:00\" >30 octobre 2025<\/time><\/div><div class='slide-entry-excerpt entry-content'  itemprop=\"text\" >Thomas Christen, responsable de l'assurance maladie \u00e0 l'Office f\u00e9d\u00e9ral de la sant\u00e9 publique, d\u00e9fend le syst\u00e8me social malgr\u00e9 l'augmentation des primes. Il la compare \u00e0 un v\u00e9lo qui a besoin de mouvement et d'\u00e9quilibre.   <\/div><\/div><footer class=\"entry-footer\"><\/footer><span class='hidden'>\n\t\t\t\t<span class='av-structured-data'  itemprop=\"image\" itemscope=\"itemscope\" itemtype=\"https:\/\/schema.org\/ImageObject\" >\n\t\t\t\t\t\t<span itemprop='url'>https:\/\/influence.ch\/wp-content\/uploads\/2025\/10\/Foto-Thomas-Christen-scaled.jpg<\/span>\n\t\t\t\t\t\t<span itemprop='height'>0<\/span>\n\t\t\t\t\t\t<span itemprop='width'>0<\/span>\n\t\t\t\t<\/span>\n\t\t\t\t<span class='av-structured-data'  itemprop=\"publisher\" itemtype=\"https:\/\/schema.org\/Organization\" itemscope=\"itemscope\" >\n\t\t\t\t\t\t<span itemprop='name'>Eva Novak<\/span>\n\t\t\t\t\t\t<span itemprop='logo' itemscope itemtype='https:\/\/schema.org\/ImageObject'>\n\t\t\t\t\t\t\t<span itemprop='url'>https:\/\/influence.ch\/wp-content\/uploads\/2025\/02\/influence_Logo_FR_weiss-1030x277.png<\/span>\n\t\t\t\t\t\t <\/span>\n\t\t\t\t<\/span><span class='av-structured-data'  itemprop=\"author\" itemscope=\"itemscope\" itemtype=\"https:\/\/schema.org\/Person\" ><span itemprop='name'>Eva Novak<\/span><\/span><span class='av-structured-data'  itemprop=\"datePublished\" datetime=\"2025-03-27T15:09:59+01:00\" >2025-10-30 10:04:15<\/span><span class='av-structured-data'  itemprop=\"dateModified\" itemtype=\"https:\/\/schema.org\/dateModified\" >2025-10-30 16:35:05<\/span><span class='av-structured-data'  itemprop=\"mainEntityOfPage\" itemtype=\"https:\/\/schema.org\/mainEntityOfPage\" ><span itemprop='name'>\u00ab Une avanc\u00e9e cruciale \u00bb<\/span><\/span><\/span><\/article><\/div><div class=\"slide-entry-wrap\"><article class='slide-entry flex_column  post-entry post-entry-6917 slide-entry-overview slide-loop-4 slide-parity-odd  av_one_third first real-thumbnail post-format-standard'  itemscope=\"itemscope\" itemtype=\"https:\/\/schema.org\/BlogPosting\" itemprop=\"blogPost\" ><a href='https:\/\/influence.ch\/fr\/2026\/02\/26\/la-confiance-monnaie-dechange-dune-nouvelle-ere-de-communication\/' data-rel='slide-1' class='slide-image' title='La confiance et la nouvelle \u00e8re de communication'><img decoding=\"async\" width=\"495\" height=\"400\" src=\"https:\/\/influence.ch\/wp-content\/uploads\/2022\/12\/influence_Verlaeufe_V01_7-495x400.png\" class=\"wp-image-529 avia-img-lazy-loading-not-529 attachment-portfolio size-portfolio wp-post-image\" alt=\"\" srcset=\"https:\/\/influence.ch\/wp-content\/uploads\/2022\/12\/influence_Verlaeufe_V01_7-495x400.png 495w, https:\/\/influence.ch\/wp-content\/uploads\/2022\/12\/influence_Verlaeufe_V01_7-845x684.png 845w\" sizes=\"(max-width: 495px) 100vw, 495px\" \/><\/a><div class=\"slide-content\"><header class=\"entry-content-header\"><h3 class='slide-entry-title entry-title '  itemprop=\"headline\" ><a href='https:\/\/influence.ch\/fr\/2026\/02\/26\/la-confiance-monnaie-dechange-dune-nouvelle-ere-de-communication\/' title='La confiance et la nouvelle \u00e8re de communication'>La confiance et la nouvelle \u00e8re de communication<\/a><\/h3><span class=\"av-vertical-delimiter\"><\/span><\/header><div class=\"slide-meta\"><div class=\"slide-meta-comments\"><a href='https:\/\/influence.ch\/fr\/2026\/02\/26\/la-confiance-monnaie-dechange-dune-nouvelle-ere-de-communication\/#respond'>0 Commentaires<\/a><\/div><div class=\"slide-meta-del\">\/<\/div><time class='slide-meta-time updated'  itemprop=\"datePublished\" datetime=\"2026-02-26T11:13:04+01:00\" >26 f\u00e9vrier 2026<\/time><\/div><div class='slide-entry-excerpt entry-content'  itemprop=\"text\" >Pourquoi la collaboration avec les services de communication devient-elle plus importante dans les entreprises ?  <\/div><\/div><footer class=\"entry-footer\"><\/footer><span class='hidden'>\n\t\t\t\t<span class='av-structured-data'  itemprop=\"image\" itemscope=\"itemscope\" itemtype=\"https:\/\/schema.org\/ImageObject\" >\n\t\t\t\t\t\t<span itemprop='url'>https:\/\/influence.ch\/wp-content\/uploads\/2022\/12\/influence_Verlaeufe_V01_7.png<\/span>\n\t\t\t\t\t\t<span itemprop='height'>2169<\/span>\n\t\t\t\t\t\t<span itemprop='width'>2442<\/span>\n\t\t\t\t<\/span>\n\t\t\t\t<span class='av-structured-data'  itemprop=\"publisher\" itemtype=\"https:\/\/schema.org\/Organization\" itemscope=\"itemscope\" >\n\t\t\t\t\t\t<span itemprop='name'>Matthias Halbeis<\/span>\n\t\t\t\t\t\t<span itemprop='logo' itemscope itemtype='https:\/\/schema.org\/ImageObject'>\n\t\t\t\t\t\t\t<span itemprop='url'>https:\/\/influence.ch\/wp-content\/uploads\/2025\/02\/influence_Logo_FR_weiss-1030x277.png<\/span>\n\t\t\t\t\t\t <\/span>\n\t\t\t\t<\/span><span class='av-structured-data'  itemprop=\"author\" itemscope=\"itemscope\" itemtype=\"https:\/\/schema.org\/Person\" ><span itemprop='name'>Matthias Halbeis<\/span><\/span><span class='av-structured-data'  itemprop=\"datePublished\" datetime=\"2025-03-27T15:09:59+01:00\" >2026-02-26 11:13:04<\/span><span class='av-structured-data'  itemprop=\"dateModified\" itemtype=\"https:\/\/schema.org\/dateModified\" >2026-02-26 16:27:57<\/span><span class='av-structured-data'  itemprop=\"mainEntityOfPage\" itemtype=\"https:\/\/schema.org\/mainEntityOfPage\" ><span itemprop='name'>La confiance et la nouvelle \u00e8re de communication<\/span><\/span><\/span><\/article><article class='slide-entry flex_column  post-entry post-entry-6953 slide-entry-overview slide-loop-5 slide-parity-even  av_one_third  real-thumbnail post-format-standard'  itemscope=\"itemscope\" itemtype=\"https:\/\/schema.org\/BlogPosting\" itemprop=\"blogPost\" ><a href='https:\/\/influence.ch\/fr\/2026\/02\/26\/chanter-la-mort-du-droit-international-est-une-erreur\/' data-rel='slide-1' class='slide-image' title='\u00abChanter la mort du droit international est une erreur\u00bb.'><img decoding=\"async\" width=\"495\" height=\"400\" src=\"https:\/\/influence.ch\/wp-content\/uploads\/2026\/02\/Foto-OD-2017-Kopie-495x400.jpg\" class=\"wp-image-6945 avia-img-lazy-loading-not-6945 attachment-portfolio size-portfolio wp-post-image\" alt=\"\" srcset=\"https:\/\/influence.ch\/wp-content\/uploads\/2026\/02\/Foto-OD-2017-Kopie-495x400.jpg 495w, https:\/\/influence.ch\/wp-content\/uploads\/2026\/02\/Foto-OD-2017-Kopie-845x684.jpg 845w\" sizes=\"(max-width: 495px) 100vw, 495px\" \/><\/a><div class=\"slide-content\"><header class=\"entry-content-header\"><h3 class='slide-entry-title entry-title '  itemprop=\"headline\" ><a href='https:\/\/influence.ch\/fr\/2026\/02\/26\/chanter-la-mort-du-droit-international-est-une-erreur\/' title='\u00abChanter la mort du droit international est une erreur\u00bb.'>\u00abChanter la mort du droit international est une erreur\u00bb.<\/a><\/h3><span class=\"av-vertical-delimiter\"><\/span><\/header><div class=\"slide-meta\"><div class=\"slide-meta-comments\"><a href='https:\/\/influence.ch\/fr\/2026\/02\/26\/chanter-la-mort-du-droit-international-est-une-erreur\/#respond'>0 Commentaires<\/a><\/div><div class=\"slide-meta-del\">\/<\/div><time class='slide-meta-time updated'  itemprop=\"datePublished\" datetime=\"2026-02-26T11:17:23+01:00\" >26 f\u00e9vrier 2026<\/time><\/div><div class='slide-entry-excerpt entry-content'  itemprop=\"text\" >Le professeur de droit international Oliver Diggelmann explique pourquoi il n'aime pas parler d'un changement d'\u00e9poque. Et quel est le probl\u00e8me de la Suisse.  <\/div><\/div><footer class=\"entry-footer\"><\/footer><span class='hidden'>\n\t\t\t\t<span class='av-structured-data'  itemprop=\"image\" itemscope=\"itemscope\" itemtype=\"https:\/\/schema.org\/ImageObject\" >\n\t\t\t\t\t\t<span itemprop='url'>https:\/\/influence.ch\/wp-content\/uploads\/2026\/02\/Foto-OD-2017-Kopie.jpg<\/span>\n\t\t\t\t\t\t<span itemprop='height'>1417<\/span>\n\t\t\t\t\t\t<span itemprop='width'>2126<\/span>\n\t\t\t\t<\/span>\n\t\t\t\t<span class='av-structured-data'  itemprop=\"publisher\" itemtype=\"https:\/\/schema.org\/Organization\" itemscope=\"itemscope\" >\n\t\t\t\t\t\t<span itemprop='name'>Eva Novak<\/span>\n\t\t\t\t\t\t<span itemprop='logo' itemscope itemtype='https:\/\/schema.org\/ImageObject'>\n\t\t\t\t\t\t\t<span itemprop='url'>https:\/\/influence.ch\/wp-content\/uploads\/2025\/02\/influence_Logo_FR_weiss-1030x277.png<\/span>\n\t\t\t\t\t\t <\/span>\n\t\t\t\t<\/span><span class='av-structured-data'  itemprop=\"author\" itemscope=\"itemscope\" itemtype=\"https:\/\/schema.org\/Person\" ><span itemprop='name'>Eva Novak<\/span><\/span><span class='av-structured-data'  itemprop=\"datePublished\" datetime=\"2025-03-27T15:09:59+01:00\" >2026-02-26 11:17:23<\/span><span class='av-structured-data'  itemprop=\"dateModified\" itemtype=\"https:\/\/schema.org\/dateModified\" >2026-02-26 14:14:16<\/span><span class='av-structured-data'  itemprop=\"mainEntityOfPage\" itemtype=\"https:\/\/schema.org\/mainEntityOfPage\" ><span itemprop='name'>\u00abChanter la mort du droit international est une erreur\u00bb.<\/span><\/span><\/span><\/article><article class='slide-entry flex_column  post-entry post-entry-7323 slide-entry-overview slide-loop-6 slide-parity-odd  av_one_third  real-thumbnail post-format-standard'  itemscope=\"itemscope\" itemtype=\"https:\/\/schema.org\/BlogPosting\" itemprop=\"blogPost\" ><a href='https:\/\/influence.ch\/fr\/2026\/04\/29\/participer-au-debat-cest-participer-aux-decisions\/' data-rel='slide-1' class='slide-image' title='Participer au d\u00e9bat, c&rsquo;est participer aux d\u00e9cisions'><img decoding=\"async\" width=\"495\" height=\"400\" src=\"https:\/\/influence.ch\/wp-content\/uploads\/2022\/12\/influence_Verlaeufe_V01_1-495x400.png\" class=\"wp-image-522 avia-img-lazy-loading-not-522 attachment-portfolio size-portfolio wp-post-image\" alt=\"\" srcset=\"https:\/\/influence.ch\/wp-content\/uploads\/2022\/12\/influence_Verlaeufe_V01_1-495x400.png 495w, https:\/\/influence.ch\/wp-content\/uploads\/2022\/12\/influence_Verlaeufe_V01_1-845x684.png 845w\" sizes=\"(max-width: 495px) 100vw, 495px\" \/><\/a><div class=\"slide-content\"><header class=\"entry-content-header\"><h3 class='slide-entry-title entry-title '  itemprop=\"headline\" ><a href='https:\/\/influence.ch\/fr\/2026\/04\/29\/participer-au-debat-cest-participer-aux-decisions\/' title='Participer au d\u00e9bat, c&rsquo;est participer aux d\u00e9cisions'>Participer au d\u00e9bat, c&rsquo;est participer aux d\u00e9cisions<\/a><\/h3><span class=\"av-vertical-delimiter\"><\/span><\/header><div class=\"slide-meta\"><time class='slide-meta-time updated'  itemprop=\"datePublished\" datetime=\"2026-04-29T16:25:37+02:00\" >29 avril 2026<\/time><\/div><div class='slide-entry-excerpt entry-content'  itemprop=\"text\" >La r\u00e9gulation europ\u00e9enne des plateformes et le vide r\u00e9glementaire suisse<\/div><\/div><footer class=\"entry-footer\"><\/footer><span class='hidden'>\n\t\t\t\t<span class='av-structured-data'  itemprop=\"image\" itemscope=\"itemscope\" itemtype=\"https:\/\/schema.org\/ImageObject\" >\n\t\t\t\t\t\t<span itemprop='url'>https:\/\/influence.ch\/wp-content\/uploads\/2022\/12\/influence_Verlaeufe_V01_1.png<\/span>\n\t\t\t\t\t\t<span itemprop='height'>2169<\/span>\n\t\t\t\t\t\t<span itemprop='width'>2442<\/span>\n\t\t\t\t<\/span>\n\t\t\t\t<span class='av-structured-data'  itemprop=\"publisher\" itemtype=\"https:\/\/schema.org\/Organization\" itemscope=\"itemscope\" >\n\t\t\t\t\t\t<span itemprop='name'>Matthias Halbeis<\/span>\n\t\t\t\t\t\t<span itemprop='logo' itemscope itemtype='https:\/\/schema.org\/ImageObject'>\n\t\t\t\t\t\t\t<span itemprop='url'>https:\/\/influence.ch\/wp-content\/uploads\/2025\/02\/influence_Logo_FR_weiss-1030x277.png<\/span>\n\t\t\t\t\t\t <\/span>\n\t\t\t\t<\/span><span class='av-structured-data'  itemprop=\"author\" itemscope=\"itemscope\" itemtype=\"https:\/\/schema.org\/Person\" ><span itemprop='name'>Matthias Halbeis<\/span><\/span><span class='av-structured-data'  itemprop=\"datePublished\" datetime=\"2025-03-27T15:09:59+01:00\" >2026-04-29 16:25:37<\/span><span class='av-structured-data'  itemprop=\"dateModified\" itemtype=\"https:\/\/schema.org\/dateModified\" >2026-04-30 09:09:03<\/span><span class='av-structured-data'  itemprop=\"mainEntityOfPage\" itemtype=\"https:\/\/schema.org\/mainEntityOfPage\" ><span itemprop='name'>Participer au d\u00e9bat, c&rsquo;est participer aux d\u00e9cisions<\/span><\/span><\/span><\/article><\/div><div class=\"slide-entry-wrap\"><article class='slide-entry flex_column  post-entry post-entry-6810 slide-entry-overview slide-loop-7 slide-parity-odd  av_one_third first real-thumbnail post-format-standard'  itemscope=\"itemscope\" itemtype=\"https:\/\/schema.org\/BlogPosting\" itemprop=\"blogPost\" ><a href='https:\/\/influence.ch\/fr\/2026\/01\/29\/je-voterais-exactement-de-la-meme-maniere\/' data-rel='slide-1' class='slide-image' title='\u00ab Je voterais exactement de la m\u00eame mani\u00e8re \u00bb'><img decoding=\"async\" width=\"495\" height=\"400\" src=\"https:\/\/influence.ch\/wp-content\/uploads\/2026\/01\/DSC3949-495x400.jpg\" class=\"wp-image-6802 avia-img-lazy-loading-not-6802 attachment-portfolio size-portfolio wp-post-image\" alt=\"\" srcset=\"https:\/\/influence.ch\/wp-content\/uploads\/2026\/01\/DSC3949-495x400.jpg 495w, https:\/\/influence.ch\/wp-content\/uploads\/2026\/01\/DSC3949-845x684.jpg 845w\" sizes=\"(max-width: 495px) 100vw, 495px\" \/><\/a><div class=\"slide-content\"><header class=\"entry-content-header\"><h3 class='slide-entry-title entry-title '  itemprop=\"headline\" ><a href='https:\/\/influence.ch\/fr\/2026\/01\/29\/je-voterais-exactement-de-la-meme-maniere\/' title='\u00ab Je voterais exactement de la m\u00eame mani\u00e8re \u00bb'>\u00ab Je voterais exactement de la m\u00eame mani\u00e8re \u00bb<\/a><\/h3><span class=\"av-vertical-delimiter\"><\/span><\/header><div class=\"slide-meta\"><div class=\"slide-meta-comments\"><a href='https:\/\/influence.ch\/fr\/2026\/01\/29\/je-voterais-exactement-de-la-meme-maniere\/#respond'>0 Commentaires<\/a><\/div><div class=\"slide-meta-del\">\/<\/div><time class='slide-meta-time updated'  itemprop=\"datePublished\" datetime=\"2026-01-29T10:21:41+01:00\" >29 janvier 2026<\/time><\/div><div class='slide-entry-excerpt entry-content'  itemprop=\"text\" >Le pr\u00e9sident du Conseil national Pierre-Andr\u00e9 Page explique que son vote d\u00e9cisif n'\u00e9tait pas dirig\u00e9 contre les femmes, pourquoi il se rend au Canada et non aux \u00c9tats-Unis, et ce que la Suisse peut apprendre de Fribourg.<\/div><\/div><footer class=\"entry-footer\"><\/footer><span class='hidden'>\n\t\t\t\t<span class='av-structured-data'  itemprop=\"image\" itemscope=\"itemscope\" itemtype=\"https:\/\/schema.org\/ImageObject\" >\n\t\t\t\t\t\t<span itemprop='url'>https:\/\/influence.ch\/wp-content\/uploads\/2026\/01\/DSC3949.jpg<\/span>\n\t\t\t\t\t\t<span itemprop='height'>1500<\/span>\n\t\t\t\t\t\t<span itemprop='width'>2250<\/span>\n\t\t\t\t<\/span>\n\t\t\t\t<span class='av-structured-data'  itemprop=\"publisher\" itemtype=\"https:\/\/schema.org\/Organization\" itemscope=\"itemscope\" >\n\t\t\t\t\t\t<span itemprop='name'>Patrick Blaser<\/span>\n\t\t\t\t\t\t<span itemprop='logo' itemscope itemtype='https:\/\/schema.org\/ImageObject'>\n\t\t\t\t\t\t\t<span itemprop='url'>https:\/\/influence.ch\/wp-content\/uploads\/2025\/02\/influence_Logo_FR_weiss-1030x277.png<\/span>\n\t\t\t\t\t\t <\/span>\n\t\t\t\t<\/span><span class='av-structured-data'  itemprop=\"author\" itemscope=\"itemscope\" itemtype=\"https:\/\/schema.org\/Person\" ><span itemprop='name'>Patrick Blaser<\/span><\/span><span class='av-structured-data'  itemprop=\"datePublished\" datetime=\"2025-03-27T15:09:59+01:00\" >2026-01-29 10:21:41<\/span><span class='av-structured-data'  itemprop=\"dateModified\" itemtype=\"https:\/\/schema.org\/dateModified\" >2026-01-29 17:54:17<\/span><span class='av-structured-data'  itemprop=\"mainEntityOfPage\" itemtype=\"https:\/\/schema.org\/mainEntityOfPage\" ><span itemprop='name'>\u00ab Je voterais exactement de la m\u00eame mani\u00e8re \u00bb<\/span><\/span><\/span><\/article><article class='slide-entry flex_column  post-entry post-entry-6436 slide-entry-overview slide-loop-8 slide-parity-even  av_one_third  real-thumbnail post-format-standard'  itemscope=\"itemscope\" itemtype=\"https:\/\/schema.org\/BlogPosting\" itemprop=\"blogPost\" ><a href='https:\/\/influence.ch\/fr\/2025\/11\/27\/la-situation-sest-encore-un-peu-aggravee\/' data-rel='slide-1' class='slide-image' title='\u00ab La situation s&rsquo;est encore un peu aggrav\u00e9e \u00bb'><img decoding=\"async\" width=\"495\" height=\"400\" src=\"https:\/\/influence.ch\/wp-content\/uploads\/2025\/11\/91999-495x400.jpg\" class=\"wp-image-6373 avia-img-lazy-loading-not-6373 attachment-portfolio size-portfolio wp-post-image\" alt=\"\" srcset=\"https:\/\/influence.ch\/wp-content\/uploads\/2025\/11\/91999-495x400.jpg 495w, https:\/\/influence.ch\/wp-content\/uploads\/2025\/11\/91999-845x684.jpg 845w\" sizes=\"(max-width: 495px) 100vw, 495px\" \/><\/a><div class=\"slide-content\"><header class=\"entry-content-header\"><h3 class='slide-entry-title entry-title '  itemprop=\"headline\" ><a href='https:\/\/influence.ch\/fr\/2025\/11\/27\/la-situation-sest-encore-un-peu-aggravee\/' title='\u00ab La situation s&rsquo;est encore un peu aggrav\u00e9e \u00bb'>\u00ab La situation s&rsquo;est encore un peu aggrav\u00e9e \u00bb<\/a><\/h3><span class=\"av-vertical-delimiter\"><\/span><\/header><div class=\"slide-meta\"><div class=\"slide-meta-comments\"><a href='https:\/\/influence.ch\/fr\/2025\/11\/27\/la-situation-sest-encore-un-peu-aggravee\/#respond'>0 Commentaires<\/a><\/div><div class=\"slide-meta-del\">\/<\/div><time class='slide-meta-time updated'  itemprop=\"datePublished\" datetime=\"2025-11-27T13:32:08+01:00\" >27 novembre 2025<\/time><\/div><div class='slide-entry-excerpt entry-content'  itemprop=\"text\" >Le chef de l'arm\u00e9e sortant Thomas S\u00fcssli explique la situation de l'arm\u00e9e suisse - et ce qui le pr\u00e9occupe le plus.<\/div><\/div><footer class=\"entry-footer\"><\/footer><span class='hidden'>\n\t\t\t\t<span class='av-structured-data'  itemprop=\"image\" itemscope=\"itemscope\" itemtype=\"https:\/\/schema.org\/ImageObject\" >\n\t\t\t\t\t\t<span itemprop='url'>https:\/\/influence.ch\/wp-content\/uploads\/2025\/11\/91999.jpg<\/span>\n\t\t\t\t\t\t<span itemprop='height'>1200<\/span>\n\t\t\t\t\t\t<span itemprop='width'>1800<\/span>\n\t\t\t\t<\/span>\n\t\t\t\t<span class='av-structured-data'  itemprop=\"publisher\" itemtype=\"https:\/\/schema.org\/Organization\" itemscope=\"itemscope\" >\n\t\t\t\t\t\t<span itemprop='name'>Eva Novak<\/span>\n\t\t\t\t\t\t<span itemprop='logo' itemscope itemtype='https:\/\/schema.org\/ImageObject'>\n\t\t\t\t\t\t\t<span itemprop='url'>https:\/\/influence.ch\/wp-content\/uploads\/2025\/02\/influence_Logo_FR_weiss-1030x277.png<\/span>\n\t\t\t\t\t\t <\/span>\n\t\t\t\t<\/span><span class='av-structured-data'  itemprop=\"author\" itemscope=\"itemscope\" itemtype=\"https:\/\/schema.org\/Person\" ><span itemprop='name'>Eva Novak<\/span><\/span><span class='av-structured-data'  itemprop=\"datePublished\" datetime=\"2025-03-27T15:09:59+01:00\" >2025-11-27 13:32:08<\/span><span class='av-structured-data'  itemprop=\"dateModified\" itemtype=\"https:\/\/schema.org\/dateModified\" >2025-11-28 11:26:56<\/span><span class='av-structured-data'  itemprop=\"mainEntityOfPage\" itemtype=\"https:\/\/schema.org\/mainEntityOfPage\" ><span itemprop='name'>\u00ab La situation s&rsquo;est encore un peu aggrav\u00e9e \u00bb<\/span><\/span><\/span><\/article><article class='slide-entry flex_column  post-entry post-entry-7143 slide-entry-overview slide-loop-9 slide-parity-odd  post-entry-last  av_one_third  real-thumbnail post-format-standard'  itemscope=\"itemscope\" itemtype=\"https:\/\/schema.org\/BlogPosting\" itemprop=\"blogPost\" ><a href='https:\/\/influence.ch\/fr\/2026\/03\/26\/un-etat-dincertitude-permanent\/' data-rel='slide-1' class='slide-image' title='\u00ab\u00a0Un \u00e9tat d&rsquo;incertitude permanente\u00a0\u00bb'><img decoding=\"async\" width=\"495\" height=\"400\" src=\"https:\/\/influence.ch\/wp-content\/uploads\/2026\/03\/Myriam-Dunn-Calvety-495x400.jpg\" class=\"wp-image-7113 avia-img-lazy-loading-not-7113 attachment-portfolio size-portfolio wp-post-image\" alt=\"\" srcset=\"https:\/\/influence.ch\/wp-content\/uploads\/2026\/03\/Myriam-Dunn-Calvety-495x400.jpg 495w, https:\/\/influence.ch\/wp-content\/uploads\/2026\/03\/Myriam-Dunn-Calvety-845x684.jpg 845w\" sizes=\"(max-width: 495px) 100vw, 495px\" \/><\/a><div class=\"slide-content\"><header class=\"entry-content-header\"><h3 class='slide-entry-title entry-title '  itemprop=\"headline\" ><a href='https:\/\/influence.ch\/fr\/2026\/03\/26\/un-etat-dincertitude-permanent\/' title='\u00ab\u00a0Un \u00e9tat d&rsquo;incertitude permanente\u00a0\u00bb'>\u00ab\u00a0Un \u00e9tat d&rsquo;incertitude permanente\u00a0\u00bb<\/a><\/h3><span class=\"av-vertical-delimiter\"><\/span><\/header><div class=\"slide-meta\"><div class=\"slide-meta-comments\"><a href='https:\/\/influence.ch\/fr\/2026\/03\/26\/un-etat-dincertitude-permanent\/#respond'>0 Commentaires<\/a><\/div><div class=\"slide-meta-del\">\/<\/div><time class='slide-meta-time updated'  itemprop=\"datePublished\" datetime=\"2026-03-26T14:56:31+01:00\" >26 mars 2026<\/time><\/div><div class='slide-entry-excerpt entry-content'  itemprop=\"text\" >Myriam Dunn Cavelty, sp\u00e9cialiste de la cybers\u00e9curit\u00e9, explique pourquoi les cyberattaques n'atteignent pas des proportions insoup\u00e7onn\u00e9es malgr\u00e9 les guerres - et ce que les Etats-Unis et Isra\u00ebl font mieux que la Russie.  <\/div><\/div><footer class=\"entry-footer\"><\/footer><span class='hidden'>\n\t\t\t\t<span class='av-structured-data'  itemprop=\"image\" itemscope=\"itemscope\" itemtype=\"https:\/\/schema.org\/ImageObject\" >\n\t\t\t\t\t\t<span itemprop='url'>https:\/\/influence.ch\/wp-content\/uploads\/2026\/03\/Myriam-Dunn-Calvety.jpg<\/span>\n\t\t\t\t\t\t<span itemprop='height'>948<\/span>\n\t\t\t\t\t\t<span itemprop='width'>1100<\/span>\n\t\t\t\t<\/span>\n\t\t\t\t<span class='av-structured-data'  itemprop=\"publisher\" itemtype=\"https:\/\/schema.org\/Organization\" itemscope=\"itemscope\" >\n\t\t\t\t\t\t<span itemprop='name'>Eva Novak<\/span>\n\t\t\t\t\t\t<span itemprop='logo' itemscope itemtype='https:\/\/schema.org\/ImageObject'>\n\t\t\t\t\t\t\t<span itemprop='url'>https:\/\/influence.ch\/wp-content\/uploads\/2025\/02\/influence_Logo_FR_weiss-1030x277.png<\/span>\n\t\t\t\t\t\t <\/span>\n\t\t\t\t<\/span><span class='av-structured-data'  itemprop=\"author\" itemscope=\"itemscope\" itemtype=\"https:\/\/schema.org\/Person\" ><span itemprop='name'>Eva Novak<\/span><\/span><span class='av-structured-data'  itemprop=\"datePublished\" datetime=\"2025-03-27T15:09:59+01:00\" >2026-03-26 14:56:31<\/span><span class='av-structured-data'  itemprop=\"dateModified\" itemtype=\"https:\/\/schema.org\/dateModified\" >2026-03-27 14:38:09<\/span><span class='av-structured-data'  itemprop=\"mainEntityOfPage\" itemtype=\"https:\/\/schema.org\/mainEntityOfPage\" ><span itemprop='name'>\u00ab\u00a0Un \u00e9tat d&rsquo;incertitude permanente\u00a0\u00bb<\/span><\/span><\/span><\/article><\/div><\/div><div class='avia-slideshow-arrows avia-slideshow-controls' ><a href='#prev' class='prev-slide ' aria-hidden='true' data-av_icon='\ue87c' data-av_iconfont='entypo-fontello'  tabindex='-1'>Pr\u00e9c\u00e9dent<\/a><a href='#next' class='next-slide ' aria-hidden='true' data-av_icon='\ue87d' data-av_iconfont='entypo-fontello'  tabindex='-1'>Suivant<\/a><\/div><\/div>\n\n","protected":false},"excerpt":{"rendered":"<p>Une \u00e9tape importante qui marque le renforcement de la pr\u00e9sence de l&rsquo;agence sur l&rsquo;arc l\u00e9manique<\/p>\n","protected":false},"author":80,"featured_media":529,"comment_status":"open","ping_status":"open","sticky":false,"template":"","format":"standard","meta":{"footnotes":""},"categories":[49],"tags":[],"class_list":["post-5009","post","type-post","status-publish","format-standard","has-post-thumbnail","hentry","category-communication"],"yoast_head":"<!-- This site is optimized with the Yoast SEO plugin v27.0 - https:\/\/yoast.com\/product\/yoast-seo-wordpress\/ -->\n<title>Nouveau bureau de furrerhugi en Romandie - influence powered by furrerhugi<\/title>\n<meta name=\"description\" content=\"Les \u00c9tats-Unis s&#039;opposent \u00e0 la collecte de donn\u00e9es par le gouvernement\" \/>\n<meta name=\"robots\" content=\"index, follow, max-snippet:-1, max-image-preview:large, max-video-preview:-1\" \/>\n<link rel=\"canonical\" href=\"https:\/\/influence.ch\/fr\/2025\/03\/27\/ouverture\/\" \/>\n<meta property=\"og:locale\" content=\"fr_FR\" \/>\n<meta property=\"og:type\" content=\"article\" \/>\n<meta property=\"og:title\" content=\"Nouveau bureau de furrerhugi en Romandie - influence powered by furrerhugi\" \/>\n<meta property=\"og:description\" content=\"Les \u00c9tats-Unis s&#039;opposent \u00e0 la collecte de donn\u00e9es par le gouvernement\" \/>\n<meta property=\"og:url\" content=\"https:\/\/influence.ch\/fr\/2025\/03\/27\/ouverture\/\" \/>\n<meta property=\"og:site_name\" content=\"influence powered by furrerhugi\" \/>\n<meta property=\"article:published_time\" content=\"2025-03-27T14:09:59+00:00\" \/>\n<meta property=\"article:modified_time\" content=\"2025-03-27T16:20:12+00:00\" \/>\n<meta property=\"og:image\" content=\"https:\/\/influence.ch\/wp-content\/uploads\/2025\/03\/Inauguration-Bureaux-Lausanne-Furrerhugi-Rue-de-Bourg.jpg\" \/>\n\t<meta property=\"og:image:width\" content=\"1350\" \/>\n\t<meta property=\"og:image:height\" content=\"884\" \/>\n\t<meta property=\"og:image:type\" content=\"image\/jpeg\" \/>\n<meta name=\"author\" content=\"Jonathan M\u00fcller\" \/>\n<meta name=\"twitter:card\" content=\"summary_large_image\" \/>\n<meta name=\"twitter:image\" content=\"https:\/\/influence.ch\/wp-content\/uploads\/2025\/03\/shutterstock_1836381817-1-1030x686.png\" \/>\n<meta name=\"twitter:label1\" content=\"\u00c9crit par\" \/>\n\t<meta name=\"twitter:data1\" content=\"Jonathan M\u00fcller\" \/>\n\t<meta name=\"twitter:label2\" content=\"Dur\u00e9e de lecture estim\u00e9e\" \/>\n\t<meta name=\"twitter:data2\" content=\"7 minutes\" \/>\n<script type=\"application\/ld+json\" class=\"yoast-schema-graph\">{\"@context\":\"https:\/\/schema.org\",\"@graph\":[{\"@type\":\"Article\",\"@id\":\"https:\/\/influence.ch\/fr\/2025\/03\/27\/ouverture\/#article\",\"isPartOf\":{\"@id\":\"https:\/\/influence.ch\/fr\/2025\/03\/27\/ouverture\/\"},\"author\":{\"name\":\"Jonathan M\u00fcller\",\"@id\":\"https:\/\/influence.ch\/#\/schema\/person\/786316147c44cb54fb008148c7d59ddc\"},\"headline\":\"Nouveau bureau de furrerhugi en Romandie\",\"datePublished\":\"2025-03-27T14:09:59+00:00\",\"dateModified\":\"2025-03-27T16:20:12+00:00\",\"mainEntityOfPage\":{\"@id\":\"https:\/\/influence.ch\/fr\/2025\/03\/27\/ouverture\/\"},\"wordCount\":5728,\"commentCount\":0,\"image\":{\"@id\":\"https:\/\/influence.ch\/fr\/2025\/03\/27\/ouverture\/#primaryimage\"},\"thumbnailUrl\":\"https:\/\/influence.ch\/wp-content\/uploads\/2022\/12\/influence_Verlaeufe_V01_7.png\",\"articleSection\":[\"Communication\"],\"inLanguage\":\"fr-FR\",\"potentialAction\":[{\"@type\":\"CommentAction\",\"name\":\"Comment\",\"target\":[\"https:\/\/influence.ch\/fr\/2025\/03\/27\/ouverture\/#respond\"]}]},{\"@type\":\"WebPage\",\"@id\":\"https:\/\/influence.ch\/fr\/2025\/03\/27\/ouverture\/\",\"url\":\"https:\/\/influence.ch\/fr\/2025\/03\/27\/ouverture\/\",\"name\":\"Nouveau bureau de furrerhugi en Romandie - influence powered by furrerhugi\",\"isPartOf\":{\"@id\":\"https:\/\/influence.ch\/#website\"},\"primaryImageOfPage\":{\"@id\":\"https:\/\/influence.ch\/fr\/2025\/03\/27\/ouverture\/#primaryimage\"},\"image\":{\"@id\":\"https:\/\/influence.ch\/fr\/2025\/03\/27\/ouverture\/#primaryimage\"},\"thumbnailUrl\":\"https:\/\/influence.ch\/wp-content\/uploads\/2022\/12\/influence_Verlaeufe_V01_7.png\",\"datePublished\":\"2025-03-27T14:09:59+00:00\",\"dateModified\":\"2025-03-27T16:20:12+00:00\",\"author\":{\"@id\":\"https:\/\/influence.ch\/#\/schema\/person\/786316147c44cb54fb008148c7d59ddc\"},\"description\":\"Les \u00c9tats-Unis s'opposent \u00e0 la collecte de donn\u00e9es par le gouvernement\",\"breadcrumb\":{\"@id\":\"https:\/\/influence.ch\/fr\/2025\/03\/27\/ouverture\/#breadcrumb\"},\"inLanguage\":\"fr-FR\",\"potentialAction\":[{\"@type\":\"ReadAction\",\"target\":[\"https:\/\/influence.ch\/fr\/2025\/03\/27\/ouverture\/\"]}]},{\"@type\":\"ImageObject\",\"inLanguage\":\"fr-FR\",\"@id\":\"https:\/\/influence.ch\/fr\/2025\/03\/27\/ouverture\/#primaryimage\",\"url\":\"https:\/\/influence.ch\/wp-content\/uploads\/2022\/12\/influence_Verlaeufe_V01_7.png\",\"contentUrl\":\"https:\/\/influence.ch\/wp-content\/uploads\/2022\/12\/influence_Verlaeufe_V01_7.png\",\"width\":2442,\"height\":2169},{\"@type\":\"BreadcrumbList\",\"@id\":\"https:\/\/influence.ch\/fr\/2025\/03\/27\/ouverture\/#breadcrumb\",\"itemListElement\":[{\"@type\":\"ListItem\",\"position\":1,\"name\":\"Startseite\",\"item\":\"https:\/\/influence.ch\/fr\/influence\/\"},{\"@type\":\"ListItem\",\"position\":2,\"name\":\"Nouveau bureau de furrerhugi en Romandie\"}]},{\"@type\":\"WebSite\",\"@id\":\"https:\/\/influence.ch\/#website\",\"url\":\"https:\/\/influence.ch\/\",\"name\":\"influence powered by furrerhugi\",\"description\":\"Vorsprung durch Wissen\",\"potentialAction\":[{\"@type\":\"SearchAction\",\"target\":{\"@type\":\"EntryPoint\",\"urlTemplate\":\"https:\/\/influence.ch\/?s={search_term_string}\"},\"query-input\":{\"@type\":\"PropertyValueSpecification\",\"valueRequired\":true,\"valueName\":\"search_term_string\"}}],\"inLanguage\":\"fr-FR\"},{\"@type\":\"Person\",\"@id\":\"https:\/\/influence.ch\/#\/schema\/person\/786316147c44cb54fb008148c7d59ddc\",\"name\":\"Jonathan M\u00fcller\",\"image\":{\"@type\":\"ImageObject\",\"inLanguage\":\"fr-FR\",\"@id\":\"https:\/\/influence.ch\/#\/schema\/person\/image\/\",\"url\":\"https:\/\/secure.gravatar.com\/avatar\/adf92f0074a1c6a55408e7fa2e8475cec30489b4fa619f4dea7d8c755c02eba5?s=96&d=mm&r=g\",\"contentUrl\":\"https:\/\/secure.gravatar.com\/avatar\/adf92f0074a1c6a55408e7fa2e8475cec30489b4fa619f4dea7d8c755c02eba5?s=96&d=mm&r=g\",\"caption\":\"Jonathan M\u00fcller\"},\"url\":\"https:\/\/influence.ch\/fr\/author\/jonathan-mueller\/\"}]}<\/script>\n<!-- \/ Yoast SEO plugin. -->","yoast_head_json":{"title":"Nouveau bureau de furrerhugi en Romandie - influence powered by furrerhugi","description":"Les \u00c9tats-Unis s'opposent \u00e0 la collecte de donn\u00e9es par le gouvernement","robots":{"index":"index","follow":"follow","max-snippet":"max-snippet:-1","max-image-preview":"max-image-preview:large","max-video-preview":"max-video-preview:-1"},"canonical":"https:\/\/influence.ch\/fr\/2025\/03\/27\/ouverture\/","og_locale":"fr_FR","og_type":"article","og_title":"Nouveau bureau de furrerhugi en Romandie - influence powered by furrerhugi","og_description":"Les \u00c9tats-Unis s'opposent \u00e0 la collecte de donn\u00e9es par le gouvernement","og_url":"https:\/\/influence.ch\/fr\/2025\/03\/27\/ouverture\/","og_site_name":"influence powered by furrerhugi","article_published_time":"2025-03-27T14:09:59+00:00","article_modified_time":"2025-03-27T16:20:12+00:00","og_image":[{"width":1350,"height":884,"url":"https:\/\/influence.ch\/wp-content\/uploads\/2025\/03\/Inauguration-Bureaux-Lausanne-Furrerhugi-Rue-de-Bourg.jpg","type":"image\/jpeg"}],"author":"Jonathan M\u00fcller","twitter_card":"summary_large_image","twitter_image":"https:\/\/influence.ch\/wp-content\/uploads\/2025\/03\/shutterstock_1836381817-1-1030x686.png","twitter_misc":{"\u00c9crit par":"Jonathan M\u00fcller","Dur\u00e9e de lecture estim\u00e9e":"7 minutes"},"schema":{"@context":"https:\/\/schema.org","@graph":[{"@type":"Article","@id":"https:\/\/influence.ch\/fr\/2025\/03\/27\/ouverture\/#article","isPartOf":{"@id":"https:\/\/influence.ch\/fr\/2025\/03\/27\/ouverture\/"},"author":{"name":"Jonathan M\u00fcller","@id":"https:\/\/influence.ch\/#\/schema\/person\/786316147c44cb54fb008148c7d59ddc"},"headline":"Nouveau bureau de furrerhugi en Romandie","datePublished":"2025-03-27T14:09:59+00:00","dateModified":"2025-03-27T16:20:12+00:00","mainEntityOfPage":{"@id":"https:\/\/influence.ch\/fr\/2025\/03\/27\/ouverture\/"},"wordCount":5728,"commentCount":0,"image":{"@id":"https:\/\/influence.ch\/fr\/2025\/03\/27\/ouverture\/#primaryimage"},"thumbnailUrl":"https:\/\/influence.ch\/wp-content\/uploads\/2022\/12\/influence_Verlaeufe_V01_7.png","articleSection":["Communication"],"inLanguage":"fr-FR","potentialAction":[{"@type":"CommentAction","name":"Comment","target":["https:\/\/influence.ch\/fr\/2025\/03\/27\/ouverture\/#respond"]}]},{"@type":"WebPage","@id":"https:\/\/influence.ch\/fr\/2025\/03\/27\/ouverture\/","url":"https:\/\/influence.ch\/fr\/2025\/03\/27\/ouverture\/","name":"Nouveau bureau de furrerhugi en Romandie - influence powered by furrerhugi","isPartOf":{"@id":"https:\/\/influence.ch\/#website"},"primaryImageOfPage":{"@id":"https:\/\/influence.ch\/fr\/2025\/03\/27\/ouverture\/#primaryimage"},"image":{"@id":"https:\/\/influence.ch\/fr\/2025\/03\/27\/ouverture\/#primaryimage"},"thumbnailUrl":"https:\/\/influence.ch\/wp-content\/uploads\/2022\/12\/influence_Verlaeufe_V01_7.png","datePublished":"2025-03-27T14:09:59+00:00","dateModified":"2025-03-27T16:20:12+00:00","author":{"@id":"https:\/\/influence.ch\/#\/schema\/person\/786316147c44cb54fb008148c7d59ddc"},"description":"Les \u00c9tats-Unis s'opposent \u00e0 la collecte de donn\u00e9es par le gouvernement","breadcrumb":{"@id":"https:\/\/influence.ch\/fr\/2025\/03\/27\/ouverture\/#breadcrumb"},"inLanguage":"fr-FR","potentialAction":[{"@type":"ReadAction","target":["https:\/\/influence.ch\/fr\/2025\/03\/27\/ouverture\/"]}]},{"@type":"ImageObject","inLanguage":"fr-FR","@id":"https:\/\/influence.ch\/fr\/2025\/03\/27\/ouverture\/#primaryimage","url":"https:\/\/influence.ch\/wp-content\/uploads\/2022\/12\/influence_Verlaeufe_V01_7.png","contentUrl":"https:\/\/influence.ch\/wp-content\/uploads\/2022\/12\/influence_Verlaeufe_V01_7.png","width":2442,"height":2169},{"@type":"BreadcrumbList","@id":"https:\/\/influence.ch\/fr\/2025\/03\/27\/ouverture\/#breadcrumb","itemListElement":[{"@type":"ListItem","position":1,"name":"Startseite","item":"https:\/\/influence.ch\/fr\/influence\/"},{"@type":"ListItem","position":2,"name":"Nouveau bureau de furrerhugi en Romandie"}]},{"@type":"WebSite","@id":"https:\/\/influence.ch\/#website","url":"https:\/\/influence.ch\/","name":"influence powered by furrerhugi","description":"Vorsprung durch Wissen","potentialAction":[{"@type":"SearchAction","target":{"@type":"EntryPoint","urlTemplate":"https:\/\/influence.ch\/?s={search_term_string}"},"query-input":{"@type":"PropertyValueSpecification","valueRequired":true,"valueName":"search_term_string"}}],"inLanguage":"fr-FR"},{"@type":"Person","@id":"https:\/\/influence.ch\/#\/schema\/person\/786316147c44cb54fb008148c7d59ddc","name":"Jonathan M\u00fcller","image":{"@type":"ImageObject","inLanguage":"fr-FR","@id":"https:\/\/influence.ch\/#\/schema\/person\/image\/","url":"https:\/\/secure.gravatar.com\/avatar\/adf92f0074a1c6a55408e7fa2e8475cec30489b4fa619f4dea7d8c755c02eba5?s=96&d=mm&r=g","contentUrl":"https:\/\/secure.gravatar.com\/avatar\/adf92f0074a1c6a55408e7fa2e8475cec30489b4fa619f4dea7d8c755c02eba5?s=96&d=mm&r=g","caption":"Jonathan M\u00fcller"},"url":"https:\/\/influence.ch\/fr\/author\/jonathan-mueller\/"}]}},"_links":{"self":[{"href":"https:\/\/influence.ch\/fr\/wp-json\/wp\/v2\/posts\/5009","targetHints":{"allow":["GET"]}}],"collection":[{"href":"https:\/\/influence.ch\/fr\/wp-json\/wp\/v2\/posts"}],"about":[{"href":"https:\/\/influence.ch\/fr\/wp-json\/wp\/v2\/types\/post"}],"author":[{"embeddable":true,"href":"https:\/\/influence.ch\/fr\/wp-json\/wp\/v2\/users\/80"}],"replies":[{"embeddable":true,"href":"https:\/\/influence.ch\/fr\/wp-json\/wp\/v2\/comments?post=5009"}],"version-history":[{"count":13,"href":"https:\/\/influence.ch\/fr\/wp-json\/wp\/v2\/posts\/5009\/revisions"}],"predecessor-version":[{"id":5011,"href":"https:\/\/influence.ch\/fr\/wp-json\/wp\/v2\/posts\/5009\/revisions\/5011"}],"wp:featuredmedia":[{"embeddable":true,"href":"https:\/\/influence.ch\/fr\/wp-json\/wp\/v2\/media\/529"}],"wp:attachment":[{"href":"https:\/\/influence.ch\/fr\/wp-json\/wp\/v2\/media?parent=5009"}],"wp:term":[{"taxonomy":"category","embeddable":true,"href":"https:\/\/influence.ch\/fr\/wp-json\/wp\/v2\/categories?post=5009"},{"taxonomy":"post_tag","embeddable":true,"href":"https:\/\/influence.ch\/fr\/wp-json\/wp\/v2\/tags?post=5009"}],"curies":[{"name":"wp","href":"https:\/\/api.w.org\/{rel}","templated":true}]}}