{"id":5009,"date":"2025-03-27T15:09:59","date_gmt":"2025-03-27T14:09:59","guid":{"rendered":"https:\/\/influence.ch\/?p=5009"},"modified":"2025-03-27T17:20:12","modified_gmt":"2025-03-27T16:20:12","slug":"ouverture","status":"publish","type":"post","link":"https:\/\/influence.ch\/fr\/2025\/03\/27\/ouverture\/","title":{"rendered":"Nouveau bureau de furrerhugi en Romandie"},"content":{"rendered":"\n<style type=\"text\/css\" data-created_by=\"avia_inline_auto\" id=\"style-css-av-37s3-aef770357ece8250167effe7edc8c1f6\">\n.avia-section.av-37s3-aef770357ece8250167effe7edc8c1f6{\nmargin-top:20px;\nmargin-bottom:20px;\n}\n<\/style>\n<div id='av_section_1'  class='avia-section av-37s3-aef770357ece8250167effe7edc8c1f6 main_color avia-section-default avia-no-border-styling  avia-builder-el-0  el_before_av_section  avia-builder-el-first  head_politik avia-bg-style-scroll container_wrap fullsize'  ><div class='container av-section-cont-open' ><main  role=\"main\" itemprop=\"mainContentOfPage\"  class='template-page content  av-content-full alpha units'><div class='post-entry post-entry-type-page post-entry-5009'><div class='entry-content-wrapper clearfix'>\n\n<style type=\"text\/css\" data-created_by=\"avia_inline_auto\" id=\"style-css-av-ll3dnv6h-4148c811db292f0b98b5ef1a1b585ab3\">\n#top .hr.hr-invisible.av-ll3dnv6h-4148c811db292f0b98b5ef1a1b585ab3{\nheight:40px;\n}\n<\/style>\n<div  class='hr av-ll3dnv6h-4148c811db292f0b98b5ef1a1b585ab3 hr-invisible  avia-builder-el-1  el_before_av_post_metadata  avia-builder-el-first '><span class='hr-inner '><span class=\"hr-inner-style\"><\/span><\/span><\/div>\n\n<style type=\"text\/css\" data-created_by=\"avia_inline_auto\" id=\"style-css-av-ll2bygrq-a1a13b3da260d9c9d49905a783ae5cc5\">\n#top .av-post-metadata-container.av-ll2bygrq-a1a13b3da260d9c9d49905a783ae5cc5{\ncolor:#ffffff;\nfont-size:22px;\n}\n#top .av-post-metadata-container.av-ll2bygrq-a1a13b3da260d9c9d49905a783ae5cc5 .av-post-metadata-container-inner{\nfont-size:22px;\n}\n<\/style>\n<div  id=\"author\"  class='av-post-metadata-container av-ll2bygrq-a1a13b3da260d9c9d49905a783ae5cc5 av-metadata-container-align-left  avia-builder-el-2  el_after_av_hr  el_before_av_one_full  av-desktop-hide av-medium-hide av-small-hide av-mini-hide av-metadata-container-1'><div class='av-post-metadata-container-inner'><span class=\"av-post-metadata-content av-post-metadata-meta-content\"><span class=\"av-post-metadata-content av-post-metadata-category\"><span class=\"av-post-metadata-category-link\" ><a href=\"https:\/\/influence.ch\/fr\/category\/communication\/\" >Communication<\/a><\/span><\/span><\/span><\/div><\/div>\n<div class='flex_column av-580n-a0c99beb2a1882896586deb18bcf5405 av_one_full  avia-builder-el-3  el_after_av_post_metadata  el_before_av_post_metadata  first flex_column_div '     ><style type=\"text\/css\" data-created_by=\"avia_inline_auto\" id=\"style-css-av-lajol5k3-bcabd5439ce39e62158db334b9b99d68\">\n#top .av_textblock_section.av-lajol5k3-bcabd5439ce39e62158db334b9b99d68 .avia_textblock{\ncolor:#ffffff;\n}\n<\/style>\n<section  class='av_textblock_section av-lajol5k3-bcabd5439ce39e62158db334b9b99d68'  itemscope=\"itemscope\" itemtype=\"https:\/\/schema.org\/BlogPosting\" itemprop=\"blogPost\" ><div class='avia_textblock av_inherit_color'  itemprop=\"text\" ><h1 style=\"text-align: center;\"><\/h1>\n<div class=\"row\">\n<div class=\"col-14 offset-md-2 col-md-10\">\n<h1 style=\"text-align: center;\">Ouverture du bureau de furrerhugi en Suisse romande<\/h1>\n<p class=\"lead-text\" style=\"text-align: center;\">Une \u00e9tape importante qui marque le renforcement de la pr\u00e9sence de l&rsquo;agence sur l&rsquo;arc l\u00e9manique<\/p>\n<\/div>\n<\/div>\n<\/div><\/section><\/div>\n<style type=\"text\/css\" data-created_by=\"avia_inline_auto\" id=\"style-css-av-kqp-d3340c463e9779d9fb5e4297bb48a84f\">\n#top .av-post-metadata-container.av-kqp-d3340c463e9779d9fb5e4297bb48a84f{\ncolor:#ffffff;\n}\n<\/style>\n<div  id=\"author\"  class='av-post-metadata-container av-kqp-d3340c463e9779d9fb5e4297bb48a84f av-metadata-container-align-left  avia-builder-el-5  el_after_av_one_full  el_before_av_hr  av-desktop-hide av-medium-hide av-small-hide av-mini-hide av-metadata-container-2'><div class='av-post-metadata-container-inner'><span class=\"av-post-metadata-content av-post-metadata-meta-content\"><span class=\"av-post-metadata-content av-post-metadata-author\"  itemprop=\"author\" ><span class=\"av-post-metadata-author-link\" ><a href=\"https:\/\/influence.ch\/fr\/author\/jonathan-mueller\/\"  rel=\"author\">Jonathan M\u00fcller<\/a><\/span><\/span><\/span><\/div><\/div>\n\n<style type=\"text\/css\" data-created_by=\"avia_inline_auto\" id=\"style-css-av-3rkb-5af53ac747b34df56e11174e8e22e573\">\n#top .hr.hr-invisible.av-3rkb-5af53ac747b34df56e11174e8e22e573{\nheight:40px;\n}\n<\/style>\n<div  class='hr av-3rkb-5af53ac747b34df56e11174e8e22e573 hr-invisible  avia-builder-el-6  el_after_av_post_metadata  avia-builder-el-last '><span class='hr-inner '><span class=\"hr-inner-style\"><\/span><\/span><\/div>\n<\/div><\/div><\/main><!-- close content main element --><\/div><\/div><div id='av_section_2'  class='avia-section av-4nqx-1f9ea2e9ed6a23cc856f96335c63c817 main_color avia-section-default avia-no-border-styling  avia-builder-el-7  el_after_av_section  el_before_av_section  post-inhalt avia-bg-style-scroll container_wrap fullsize'  ><div class='container av-section-cont-open' ><div class='template-page content  av-content-full alpha units'><div class='post-entry post-entry-type-page post-entry-5009'><div class='entry-content-wrapper clearfix'>\n\n<style type=\"text\/css\" data-created_by=\"avia_inline_auto\" id=\"style-css-av-ll2diep3-4379f21ceadb0c1eabec389020991252\">\n#top .av-post-metadata-container.av-ll2diep3-4379f21ceadb0c1eabec389020991252{\ncolor:#000000;\nfont-size:16px;\n}\n#top .av-post-metadata-container.av-ll2diep3-4379f21ceadb0c1eabec389020991252 .av-post-metadata-container-inner{\nfont-size:16px;\n}\n<\/style>\n<div  id=\"author\"  class='av-post-metadata-container av-ll2diep3-4379f21ceadb0c1eabec389020991252 av-metadata-container-align-left  avia-builder-el-8  el_before_av_one_full  avia-builder-el-first  av-metadata-container-3'><div class='av-post-metadata-container-inner'><span class=\"av-post-metadata-content av-post-metadata-meta-content\"><span class=\"av-post-metadata-content av-post-metadata-published\"><span class=\"av-post-metadata-published-date\" >27 mars 2025<\/span><span class=\"av-metadata-after av-metadata-after-published\">|<\/span><\/span><span class=\"av-post-metadata-content av-post-metadata-separator\"><\/span><span class=\"av-post-metadata-content av-post-metadata-author\"  itemprop=\"author\" ><span class=\"av-post-metadata-author-link\" ><a href=\"https:\/\/influence.ch\/fr\/author\/jonathan-mueller\/\"  rel=\"author\">Jonathan M\u00fcller<\/a><\/span><span class=\"av-metadata-after av-metadata-after-author\">|<\/span><\/span><span class=\"av-post-metadata-content av-post-metadata-separator\"><\/span><span class=\"av-post-metadata-content av-post-metadata-category\"><span class=\"av-post-metadata-category-link\" ><a href=\"https:\/\/influence.ch\/fr\/category\/communication\/\" >Communication<\/a><\/span><\/span><\/span><\/div><\/div>\n<div class='flex_column av-3vzjm9-123ee320e2e8ea48079ab565f752a1af av_one_full  avia-builder-el-9  el_after_av_post_metadata  el_before_av_hr  first flex_column_div '     ><style type=\"text\/css\" data-created_by=\"avia_inline_auto\" id=\"style-css-av-m8r8beua-bdd4eda2832fb9977e406013c25a6ac6\">\n.avia-image-container.av-m8r8beua-bdd4eda2832fb9977e406013c25a6ac6 img.avia_image{\nbox-shadow:none;\n}\n.avia-image-container.av-m8r8beua-bdd4eda2832fb9977e406013c25a6ac6 .av-image-caption-overlay-center{\ncolor:#ffffff;\n}\n<\/style>\n<div  class='avia-image-container av-m8r8beua-bdd4eda2832fb9977e406013c25a6ac6 av-styling- avia-align-center  avia-builder-el-10  avia-builder-el-no-sibling '   itemprop=\"image\" itemscope=\"itemscope\" itemtype=\"https:\/\/schema.org\/ImageObject\" ><div class=\"avia-image-container-inner\"><div class=\"avia-image-overlay-wrap\"><img decoding=\"async\" class='wp-image-5036 avia-img-lazy-loading-not-5036 avia_image ' src=\"https:\/\/influence.ch\/wp-content\/uploads\/2025\/03\/Inauguration-Bureaux-Lausanne-Furrerhugi-Rue-de-Bourg-1030x674.jpg\" alt='' title='Inauguration Bureaux Lausanne Furrerhugi - Rue de Bourg'  height=\"674\" width=\"1030\"  itemprop=\"thumbnailUrl\" srcset=\"https:\/\/influence.ch\/wp-content\/uploads\/2025\/03\/Inauguration-Bureaux-Lausanne-Furrerhugi-Rue-de-Bourg-1030x674.jpg 1030w, https:\/\/influence.ch\/wp-content\/uploads\/2025\/03\/Inauguration-Bureaux-Lausanne-Furrerhugi-Rue-de-Bourg-300x196.jpg 300w, https:\/\/influence.ch\/wp-content\/uploads\/2025\/03\/Inauguration-Bureaux-Lausanne-Furrerhugi-Rue-de-Bourg-768x503.jpg 768w, https:\/\/influence.ch\/wp-content\/uploads\/2025\/03\/Inauguration-Bureaux-Lausanne-Furrerhugi-Rue-de-Bourg-764x500.jpg 764w, https:\/\/influence.ch\/wp-content\/uploads\/2025\/03\/Inauguration-Bureaux-Lausanne-Furrerhugi-Rue-de-Bourg.jpg 1350w\" sizes=\"(max-width: 1030px) 100vw, 1030px\" \/><\/div><\/div><\/div><\/div>\n<style type=\"text\/css\" data-created_by=\"avia_inline_auto\" id=\"style-css-av-ll2cb0de-1618aeaa710f9714e67c07fd3b765e06\">\n#top .hr.hr-invisible.av-ll2cb0de-1618aeaa710f9714e67c07fd3b765e06{\nheight:10px;\n}\n<\/style>\n<div  class='hr av-ll2cb0de-1618aeaa710f9714e67c07fd3b765e06 hr-invisible  avia-builder-el-11  el_after_av_one_full  el_before_av_textblock '><span class='hr-inner '><span class=\"hr-inner-style\"><\/span><\/span><\/div>\n\n<style type=\"text\/css\" data-created_by=\"avia_inline_auto\" id=\"style-css-av-2daep1-44d7d4efc713aa94b12928e881b34e32\">\n#top .av_textblock_section.av-2daep1-44d7d4efc713aa94b12928e881b34e32 .avia_textblock{\nfont-size:22px;\n}\n<\/style>\n<section  class='av_textblock_section av-2daep1-44d7d4efc713aa94b12928e881b34e32'  itemscope=\"itemscope\" itemtype=\"https:\/\/schema.org\/BlogPosting\" itemprop=\"blogPost\" ><div class='avia_textblock'  itemprop=\"text\" ><p>Ce mardi 25 mars restera dans la m\u00e9moire de furrerhugi. En pr\u00e9sence de nos clients, partenaires, coll\u00e8gues, nous avons c\u00e9l\u00e9br\u00e9 l\u2019ouverture de notre nouveau bureau au c\u0153ur de Lausanne. Avec ce nouvel espace de travail localis\u00e9 \u00e0 la Rue de Bourg, furrerhugi s\u2019installe dans un quartier vivant, attractif et au c\u0153ur de la cit\u00e9. A quelques pas des institutions politiques cantonales l\u2019agence consolide ainsi son identit\u00e9 et son autonomie dans la r\u00e9gion romande, tout en rapprochant ses services des besoins sp\u00e9cifiques de ses clients locaux et nationaux sur le march\u00e9 l\u00e9manique.<\/p>\n<p>C\u2019est une \u00e9tape importante qui marque le renforcement de notre pr\u00e9sence en Suisse romande et nous permet de d\u00e9velopper des relations de proximit\u00e9 avec nos clients et partenaires. Cette soir\u00e9e a aussi \u00e9t\u00e9 l\u2019occasion de mettre en lumi\u00e8re un \u00e9l\u00e9ment cl\u00e9 de l\u2019identit\u00e9 lausannoise : le sport. Nous avons eu le plaisir d\u2019accueillir <a href=\"https:\/\/www.linkedin.com\/in\/oph%C3%A9lia-jeanneret-phd-765b6b4a\/\">Oph\u00e9lia Jeanneret, PhD<\/a>, Directrice du Service Sport Sant\u00e9 UNIL+EPFL, qui a partag\u00e9 ses r\u00e9flexions sur les liens entre sport, sant\u00e9, politique et innovation.<\/p>\n<\/div><\/section>\n<\/p>\n<\/div><\/div><\/div><!-- close content main div --><\/div><\/div><div id='av_section_3'  class='avia-section av-18x9gh-592e86aa823ee65ffe1561ee439b4d44 main_color avia-section-default avia-no-border-styling  avia-builder-el-13  el_after_av_section  el_before_av_section  avia-bg-style-scroll container_wrap fullsize'  ><div class='container av-section-cont-open' ><div class='template-page content  av-content-full alpha units'><div class='post-entry post-entry-type-page post-entry-5009'><div class='entry-content-wrapper clearfix'>\n<div class='flex_column av-ayq2i9-b5ba6cdb9f7aa44ebd24994b60999c20 av_one_half  avia-builder-el-14  el_before_av_one_half  avia-builder-el-first  first flex_column_div '     ><style type=\"text\/css\" data-created_by=\"avia_inline_auto\" id=\"style-css-av-m8r6dwu2-0171bc37dbccb9c48c620f922c80a86e\">\n.avia-image-container.av-m8r6dwu2-0171bc37dbccb9c48c620f922c80a86e img.avia_image{\nbox-shadow:none;\n}\n.avia-image-container.av-m8r6dwu2-0171bc37dbccb9c48c620f922c80a86e .av-image-caption-overlay-center{\ncolor:#ffffff;\n}\n<\/style>\n<div  class='avia-image-container av-m8r6dwu2-0171bc37dbccb9c48c620f922c80a86e av-styling- avia-align-center  avia-builder-el-15  avia-builder-el-no-sibling '   itemprop=\"image\" itemscope=\"itemscope\" itemtype=\"https:\/\/schema.org\/ImageObject\" ><div class=\"avia-image-container-inner\"><div class=\"avia-image-overlay-wrap\"><img decoding=\"async\" class='wp-image-5021 avia-img-lazy-loading-not-5021 avia_image ' src=\"https:\/\/influence.ch\/wp-content\/uploads\/2025\/03\/Inauguration-Bureaux-Lausanne-Furrerhugi-7.jpg\" alt='' title='Inauguration Bureaux Lausanne Furrerhugi - 7'  height=\"889\" width=\"1350\"  itemprop=\"thumbnailUrl\" srcset=\"https:\/\/influence.ch\/wp-content\/uploads\/2025\/03\/Inauguration-Bureaux-Lausanne-Furrerhugi-7.jpg 1350w, https:\/\/influence.ch\/wp-content\/uploads\/2025\/03\/Inauguration-Bureaux-Lausanne-Furrerhugi-7-300x198.jpg 300w, https:\/\/influence.ch\/wp-content\/uploads\/2025\/03\/Inauguration-Bureaux-Lausanne-Furrerhugi-7-1030x678.jpg 1030w, https:\/\/influence.ch\/wp-content\/uploads\/2025\/03\/Inauguration-Bureaux-Lausanne-Furrerhugi-7-768x506.jpg 768w, https:\/\/influence.ch\/wp-content\/uploads\/2025\/03\/Inauguration-Bureaux-Lausanne-Furrerhugi-7-759x500.jpg 759w\" sizes=\"(max-width: 1350px) 100vw, 1350px\" \/><\/div><\/div><\/div><\/div><div class='flex_column av-2wiytt-d7fa656d2fa043d3f249483cb74327d0 av_one_half  avia-builder-el-16  el_after_av_one_half  el_before_av_one_half  flex_column_div '     ><style type=\"text\/css\" data-created_by=\"avia_inline_auto\" id=\"style-css-av-m8r6e4qa-eaba52fd25a796fb16fc47c3c0c84e5c\">\n.avia-image-container.av-m8r6e4qa-eaba52fd25a796fb16fc47c3c0c84e5c img.avia_image{\nbox-shadow:none;\n}\n.avia-image-container.av-m8r6e4qa-eaba52fd25a796fb16fc47c3c0c84e5c .av-image-caption-overlay-center{\ncolor:#ffffff;\n}\n<\/style>\n<div  class='avia-image-container av-m8r6e4qa-eaba52fd25a796fb16fc47c3c0c84e5c av-styling- avia-align-center  avia-builder-el-17  avia-builder-el-no-sibling '   itemprop=\"image\" itemscope=\"itemscope\" itemtype=\"https:\/\/schema.org\/ImageObject\" ><div class=\"avia-image-container-inner\"><div class=\"avia-image-overlay-wrap\"><img decoding=\"async\" class='wp-image-5019 avia-img-lazy-loading-not-5019 avia_image ' src=\"https:\/\/influence.ch\/wp-content\/uploads\/2025\/03\/Inauguration-Bureaux-Lausanne-Furrerhugi-8.jpg\" alt='' title='Inauguration Bureaux Lausanne Furrerhugi - 8'  height=\"900\" width=\"1350\"  itemprop=\"thumbnailUrl\" srcset=\"https:\/\/influence.ch\/wp-content\/uploads\/2025\/03\/Inauguration-Bureaux-Lausanne-Furrerhugi-8.jpg 1350w, https:\/\/influence.ch\/wp-content\/uploads\/2025\/03\/Inauguration-Bureaux-Lausanne-Furrerhugi-8-300x200.jpg 300w, https:\/\/influence.ch\/wp-content\/uploads\/2025\/03\/Inauguration-Bureaux-Lausanne-Furrerhugi-8-1030x687.jpg 1030w, https:\/\/influence.ch\/wp-content\/uploads\/2025\/03\/Inauguration-Bureaux-Lausanne-Furrerhugi-8-768x512.jpg 768w, https:\/\/influence.ch\/wp-content\/uploads\/2025\/03\/Inauguration-Bureaux-Lausanne-Furrerhugi-8-750x500.jpg 750w\" sizes=\"(max-width: 1350px) 100vw, 1350px\" \/><\/div><\/div><\/div><\/div><div class='flex_column av-wl5sx-4772443eeb5ab4c6f77324b4a2e5b16e av_one_half  avia-builder-el-18  el_after_av_one_half  el_before_av_one_half  first flex_column_div column-top-margin'     ><style type=\"text\/css\" data-created_by=\"avia_inline_auto\" id=\"style-css-av-m8r6efh7-e51aff5d753332a760e618158b7e1e2b\">\n.avia-image-container.av-m8r6efh7-e51aff5d753332a760e618158b7e1e2b img.avia_image{\nbox-shadow:none;\n}\n.avia-image-container.av-m8r6efh7-e51aff5d753332a760e618158b7e1e2b .av-image-caption-overlay-center{\ncolor:#ffffff;\n}\n<\/style>\n<div  class='avia-image-container av-m8r6efh7-e51aff5d753332a760e618158b7e1e2b av-styling- avia-align-center  avia-builder-el-19  avia-builder-el-no-sibling '   itemprop=\"image\" itemscope=\"itemscope\" itemtype=\"https:\/\/schema.org\/ImageObject\" ><div class=\"avia-image-container-inner\"><div class=\"avia-image-overlay-wrap\"><img decoding=\"async\" class='wp-image-5017 avia-img-lazy-loading-not-5017 avia_image ' src=\"https:\/\/influence.ch\/wp-content\/uploads\/2025\/03\/Inauguration-Bureaux-Lausanne-Furrerhugi-10.jpg\" alt='' title='Inauguration Bureaux Lausanne Furrerhugi - 10'  height=\"886\" width=\"1350\"  itemprop=\"thumbnailUrl\" srcset=\"https:\/\/influence.ch\/wp-content\/uploads\/2025\/03\/Inauguration-Bureaux-Lausanne-Furrerhugi-10.jpg 1350w, https:\/\/influence.ch\/wp-content\/uploads\/2025\/03\/Inauguration-Bureaux-Lausanne-Furrerhugi-10-300x197.jpg 300w, https:\/\/influence.ch\/wp-content\/uploads\/2025\/03\/Inauguration-Bureaux-Lausanne-Furrerhugi-10-1030x676.jpg 1030w, https:\/\/influence.ch\/wp-content\/uploads\/2025\/03\/Inauguration-Bureaux-Lausanne-Furrerhugi-10-768x504.jpg 768w, https:\/\/influence.ch\/wp-content\/uploads\/2025\/03\/Inauguration-Bureaux-Lausanne-Furrerhugi-10-762x500.jpg 762w\" sizes=\"(max-width: 1350px) 100vw, 1350px\" \/><\/div><\/div><\/div><\/div><div class='flex_column av-80bozl-854e8f2e6080f2ade730dbb5298673a9 av_one_half  avia-builder-el-20  el_after_av_one_half  el_before_av_one_half  flex_column_div column-top-margin'     ><style type=\"text\/css\" data-created_by=\"avia_inline_auto\" id=\"style-css-av-m8r8acdo-4401113562d68089a30f4af416398375\">\n.avia-image-container.av-m8r8acdo-4401113562d68089a30f4af416398375 img.avia_image{\nbox-shadow:none;\n}\n.avia-image-container.av-m8r8acdo-4401113562d68089a30f4af416398375 .av-image-caption-overlay-center{\ncolor:#ffffff;\n}\n<\/style>\n<div  class='avia-image-container av-m8r8acdo-4401113562d68089a30f4af416398375 av-styling- avia-align-center  avia-builder-el-21  avia-builder-el-no-sibling '   itemprop=\"image\" itemscope=\"itemscope\" itemtype=\"https:\/\/schema.org\/ImageObject\" ><div class=\"avia-image-container-inner\"><div class=\"avia-image-overlay-wrap\"><img decoding=\"async\" class='wp-image-5034 avia-img-lazy-loading-not-5034 avia_image ' src=\"https:\/\/influence.ch\/wp-content\/uploads\/2025\/03\/Inauguration-Bureaux-Lausanne-Furrerhugi-Porte-1030x675.jpg\" alt='' title='Inauguration Bureaux Lausanne Furrerhugi - Porte'  height=\"675\" width=\"1030\"  itemprop=\"thumbnailUrl\" srcset=\"https:\/\/influence.ch\/wp-content\/uploads\/2025\/03\/Inauguration-Bureaux-Lausanne-Furrerhugi-Porte-1030x675.jpg 1030w, https:\/\/influence.ch\/wp-content\/uploads\/2025\/03\/Inauguration-Bureaux-Lausanne-Furrerhugi-Porte-300x197.jpg 300w, https:\/\/influence.ch\/wp-content\/uploads\/2025\/03\/Inauguration-Bureaux-Lausanne-Furrerhugi-Porte-768x503.jpg 768w, https:\/\/influence.ch\/wp-content\/uploads\/2025\/03\/Inauguration-Bureaux-Lausanne-Furrerhugi-Porte-763x500.jpg 763w, https:\/\/influence.ch\/wp-content\/uploads\/2025\/03\/Inauguration-Bureaux-Lausanne-Furrerhugi-Porte.jpg 1350w\" sizes=\"(max-width: 1030px) 100vw, 1030px\" \/><\/div><\/div><\/div><\/div><div class='flex_column av-6i6j8h-bc0b71153b18c8ec169dff187252836c av_one_half  avia-builder-el-22  el_after_av_one_half  el_before_av_one_half  first flex_column_div column-top-margin'     ><style type=\"text\/css\" data-created_by=\"avia_inline_auto\" id=\"style-css-av-m8r6em8q-9bdc9840a700aebffd6169b29bddcfa9\">\n.avia-image-container.av-m8r6em8q-9bdc9840a700aebffd6169b29bddcfa9 img.avia_image{\nbox-shadow:none;\n}\n.avia-image-container.av-m8r6em8q-9bdc9840a700aebffd6169b29bddcfa9 .av-image-caption-overlay-center{\ncolor:#ffffff;\n}\n<\/style>\n<div  class='avia-image-container av-m8r6em8q-9bdc9840a700aebffd6169b29bddcfa9 av-styling- avia-align-center  avia-builder-el-23  avia-builder-el-no-sibling '   itemprop=\"image\" itemscope=\"itemscope\" itemtype=\"https:\/\/schema.org\/ImageObject\" ><div class=\"avia-image-container-inner\"><div class=\"avia-image-overlay-wrap\"><img decoding=\"async\" class='wp-image-5027 avia-img-lazy-loading-not-5027 avia_image ' src=\"https:\/\/influence.ch\/wp-content\/uploads\/2025\/03\/Inauguration-Bureaux-Lausanne-Furrerhugi-3.jpg\" alt='' title='Inauguration Bureaux Lausanne Furrerhugi - 3'  height=\"937\" width=\"1350\"  itemprop=\"thumbnailUrl\" srcset=\"https:\/\/influence.ch\/wp-content\/uploads\/2025\/03\/Inauguration-Bureaux-Lausanne-Furrerhugi-3.jpg 1350w, https:\/\/influence.ch\/wp-content\/uploads\/2025\/03\/Inauguration-Bureaux-Lausanne-Furrerhugi-3-300x208.jpg 300w, https:\/\/influence.ch\/wp-content\/uploads\/2025\/03\/Inauguration-Bureaux-Lausanne-Furrerhugi-3-1030x715.jpg 1030w, https:\/\/influence.ch\/wp-content\/uploads\/2025\/03\/Inauguration-Bureaux-Lausanne-Furrerhugi-3-768x533.jpg 768w, https:\/\/influence.ch\/wp-content\/uploads\/2025\/03\/Inauguration-Bureaux-Lausanne-Furrerhugi-3-720x500.jpg 720w\" sizes=\"(max-width: 1350px) 100vw, 1350px\" \/><\/div><\/div><\/div><\/div><div class='flex_column av-4sige9-40476b8c3673cdb4e614ffb647f02f72 av_one_half  avia-builder-el-24  el_after_av_one_half  avia-builder-el-last  flex_column_div column-top-margin'     ><style type=\"text\/css\" data-created_by=\"avia_inline_auto\" id=\"style-css-av-m8r6fkn5-57865e54a91f348a0422c9496937af54\">\n.avia-image-container.av-m8r6fkn5-57865e54a91f348a0422c9496937af54 img.avia_image{\nbox-shadow:none;\n}\n.avia-image-container.av-m8r6fkn5-57865e54a91f348a0422c9496937af54 .av-image-caption-overlay-center{\ncolor:#ffffff;\n}\n<\/style>\n<div  class='avia-image-container av-m8r6fkn5-57865e54a91f348a0422c9496937af54 av-styling- avia-align-center  avia-builder-el-25  avia-builder-el-no-sibling '   itemprop=\"image\" itemscope=\"itemscope\" itemtype=\"https:\/\/schema.org\/ImageObject\" ><div class=\"avia-image-container-inner\"><div class=\"avia-image-overlay-wrap\"><img decoding=\"async\" class='wp-image-5023 avia-img-lazy-loading-not-5023 avia_image ' src=\"https:\/\/influence.ch\/wp-content\/uploads\/2025\/03\/Inauguration-Bureaux-Lausanne-Furrerhugi-2.jpg\" alt='' title='Inauguration Bureaux Lausanne Furrerhugi - 2'  height=\"930\" width=\"1350\"  itemprop=\"thumbnailUrl\" srcset=\"https:\/\/influence.ch\/wp-content\/uploads\/2025\/03\/Inauguration-Bureaux-Lausanne-Furrerhugi-2.jpg 1350w, https:\/\/influence.ch\/wp-content\/uploads\/2025\/03\/Inauguration-Bureaux-Lausanne-Furrerhugi-2-300x207.jpg 300w, https:\/\/influence.ch\/wp-content\/uploads\/2025\/03\/Inauguration-Bureaux-Lausanne-Furrerhugi-2-1030x710.jpg 1030w, https:\/\/influence.ch\/wp-content\/uploads\/2025\/03\/Inauguration-Bureaux-Lausanne-Furrerhugi-2-768x529.jpg 768w, https:\/\/influence.ch\/wp-content\/uploads\/2025\/03\/Inauguration-Bureaux-Lausanne-Furrerhugi-2-726x500.jpg 726w\" sizes=\"(max-width: 1350px) 100vw, 1350px\" \/><\/div><\/div><\/div><\/div>\n\n<\/div><\/div><\/div><!-- close content main div --><\/div><\/div>\n<style type=\"text\/css\" data-created_by=\"avia_inline_auto\" id=\"style-css-av-dwefk-64b75231dd03d75203b83ead386ab336\">\n.avia-section.av-dwefk-64b75231dd03d75203b83ead386ab336{\nbackground-color:#ededed;\nbackground-image:unset;\n}\n<\/style>\n<div id='av_section_4'  class='avia-section av-dwefk-64b75231dd03d75203b83ead386ab336 main_color avia-section-default avia-no-border-styling  avia-builder-el-26  el_after_av_section  avia-builder-el-last  post_slider avia-bg-style-scroll container_wrap fullsize'  ><div class='container av-section-cont-open' ><div class='template-page content  av-content-full alpha units'><div class='post-entry post-entry-type-page post-entry-5009'><div class='entry-content-wrapper clearfix'>\n<div  data-slideshow-options=\"{&quot;animation&quot;:&quot;fade&quot;,&quot;autoplay&quot;:false,&quot;loop_autoplay&quot;:&quot;once&quot;,&quot;interval&quot;:&quot;5&quot;,&quot;loop_manual&quot;:&quot;manual-endless&quot;,&quot;autoplay_stopper&quot;:false,&quot;noNavigation&quot;:false,&quot;show_slide_delay&quot;:90}\" class='avia-content-slider avia-content-slider-active avia-content-slider1 avia-content-slider-odd  avia-builder-el-27  avia-builder-el-no-sibling  av-slideshow-ui av-control-default   av-no-slider-navigation av-slideshow-manual av-loop-once av-loop-manual-endless '  itemscope=\"itemscope\" itemtype=\"https:\/\/schema.org\/Blog\" ><div class=\"avia-content-slider-inner\"><div class=\"slide-entry-wrap\"><article class='slide-entry flex_column  post-entry post-entry-6422 slide-entry-overview slide-loop-1 slide-parity-odd  av_one_third first real-thumbnail post-format-standard'  itemscope=\"itemscope\" itemtype=\"https:\/\/schema.org\/BlogPosting\" itemprop=\"blogPost\" ><a href='https:\/\/influence.ch\/fr\/2025\/11\/27\/pourquoi-les-theories-du-complot-ont-elles-la-vie-si-facile-aujourdhui\/' data-rel='slide-1' class='slide-image' title='La vie facile pour les th\u00e9ories du complot'><img decoding=\"async\" width=\"495\" height=\"400\" src=\"https:\/\/influence.ch\/wp-content\/uploads\/2022\/12\/influence_Verlaeufe_V01_5-495x400.png\" class=\"wp-image-517 avia-img-lazy-loading-not-517 attachment-portfolio size-portfolio wp-post-image\" alt=\"\" srcset=\"https:\/\/influence.ch\/wp-content\/uploads\/2022\/12\/influence_Verlaeufe_V01_5-495x400.png 495w, https:\/\/influence.ch\/wp-content\/uploads\/2022\/12\/influence_Verlaeufe_V01_5-845x684.png 845w\" sizes=\"(max-width: 495px) 100vw, 495px\" \/><\/a><div class=\"slide-content\"><header class=\"entry-content-header\"><h3 class='slide-entry-title entry-title '  itemprop=\"headline\" ><a href='https:\/\/influence.ch\/fr\/2025\/11\/27\/pourquoi-les-theories-du-complot-ont-elles-la-vie-si-facile-aujourdhui\/' title='La vie facile pour les th\u00e9ories du complot'>La vie facile pour les th\u00e9ories du complot<\/a><\/h3><span class=\"av-vertical-delimiter\"><\/span><\/header><div class=\"slide-meta\"><time class='slide-meta-time updated'  itemprop=\"datePublished\" datetime=\"2025-11-27T13:29:58+01:00\" >27 novembre 2025<\/time><\/div><div class='slide-entry-excerpt entry-content'  itemprop=\"text\" >Les r\u00e9seaux sociaux, la fragmentation du paysage m\u00e9diatique et les algorithmes r\u00e9compensent l'indignation.<\/div><\/div><footer class=\"entry-footer\"><\/footer><span class='hidden'>\n\t\t\t\t<span class='av-structured-data'  itemprop=\"image\" itemscope=\"itemscope\" itemtype=\"https:\/\/schema.org\/ImageObject\" >\n\t\t\t\t\t\t<span itemprop='url'>https:\/\/influence.ch\/wp-content\/uploads\/2022\/12\/influence_Verlaeufe_V01_5.png<\/span>\n\t\t\t\t\t\t<span itemprop='height'>2169<\/span>\n\t\t\t\t\t\t<span itemprop='width'>2442<\/span>\n\t\t\t\t<\/span>\n\t\t\t\t<span class='av-structured-data'  itemprop=\"publisher\" itemtype=\"https:\/\/schema.org\/Organization\" itemscope=\"itemscope\" >\n\t\t\t\t\t\t<span itemprop='name'>Matthias Halbeis<\/span>\n\t\t\t\t\t\t<span itemprop='logo' itemscope itemtype='https:\/\/schema.org\/ImageObject'>\n\t\t\t\t\t\t\t<span itemprop='url'>https:\/\/influence.ch\/wp-content\/uploads\/2025\/02\/influence_Logo_FR_weiss-1030x277.png<\/span>\n\t\t\t\t\t\t <\/span>\n\t\t\t\t<\/span><span class='av-structured-data'  itemprop=\"author\" itemscope=\"itemscope\" itemtype=\"https:\/\/schema.org\/Person\" ><span itemprop='name'>Matthias Halbeis<\/span><\/span><span class='av-structured-data'  itemprop=\"datePublished\" datetime=\"2025-03-27T15:09:59+01:00\" >2025-11-27 13:29:58<\/span><span class='av-structured-data'  itemprop=\"dateModified\" itemtype=\"https:\/\/schema.org\/dateModified\" >2025-11-27 15:31:18<\/span><span class='av-structured-data'  itemprop=\"mainEntityOfPage\" itemtype=\"https:\/\/schema.org\/mainEntityOfPage\" ><span itemprop='name'>La vie facile pour les th\u00e9ories du complot<\/span><\/span><\/span><\/article><article class='slide-entry flex_column  post-entry post-entry-4395 slide-entry-overview slide-loop-2 slide-parity-even  av_one_third  real-thumbnail post-format-standard'  itemscope=\"itemscope\" itemtype=\"https:\/\/schema.org\/BlogPosting\" itemprop=\"blogPost\" ><a href='https:\/\/influence.ch\/fr\/2025\/01\/30\/la-competence-en-ia-un-facteur-de-reussite\/' data-rel='slide-1' class='slide-image' title='La comp\u00e9tence en IA, un facteur de r\u00e9ussite'><img decoding=\"async\" width=\"495\" height=\"400\" src=\"https:\/\/influence.ch\/wp-content\/uploads\/2025\/02\/influence_Verlaufe_politik-495x400.png\" class=\"wp-image-4694 avia-img-lazy-loading-not-4694 attachment-portfolio size-portfolio wp-post-image\" alt=\"\" srcset=\"https:\/\/influence.ch\/wp-content\/uploads\/2025\/02\/influence_Verlaufe_politik-495x400.png 495w, https:\/\/influence.ch\/wp-content\/uploads\/2025\/02\/influence_Verlaufe_politik-845x684.png 845w\" sizes=\"(max-width: 495px) 100vw, 495px\" \/><\/a><div class=\"slide-content\"><header class=\"entry-content-header\"><h3 class='slide-entry-title entry-title '  itemprop=\"headline\" ><a href='https:\/\/influence.ch\/fr\/2025\/01\/30\/la-competence-en-ia-un-facteur-de-reussite\/' title='La comp\u00e9tence en IA, un facteur de r\u00e9ussite'>La comp\u00e9tence en IA, un facteur de r\u00e9ussite<\/a><\/h3><span class=\"av-vertical-delimiter\"><\/span><\/header><div class=\"slide-meta\"><div class=\"slide-meta-comments\"><a href='https:\/\/influence.ch\/fr\/2025\/01\/30\/la-competence-en-ia-un-facteur-de-reussite\/#respond'>0 Commentaires<\/a><\/div><div class=\"slide-meta-del\">\/<\/div><time class='slide-meta-time updated'  itemprop=\"datePublished\" datetime=\"2025-01-30T11:21:50+01:00\" >30 janvier 2025<\/time><\/div><div class='slide-entry-excerpt entry-content'  itemprop=\"text\" >Pourquoi la ma\u00eetrise de l'intelligence artificielle d\u00e9termine l'avenir des \u00e9tudiants, des travailleurs et des entreprises  <\/div><\/div><footer class=\"entry-footer\"><\/footer><span class='hidden'>\n\t\t\t\t<span class='av-structured-data'  itemprop=\"image\" itemscope=\"itemscope\" itemtype=\"https:\/\/schema.org\/ImageObject\" >\n\t\t\t\t\t\t<span itemprop='url'>https:\/\/influence.ch\/wp-content\/uploads\/2025\/02\/influence_Verlaufe_politik.png<\/span>\n\t\t\t\t\t\t<span itemprop='height'>2169<\/span>\n\t\t\t\t\t\t<span itemprop='width'>2442<\/span>\n\t\t\t\t<\/span>\n\t\t\t\t<span class='av-structured-data'  itemprop=\"publisher\" itemtype=\"https:\/\/schema.org\/Organization\" itemscope=\"itemscope\" >\n\t\t\t\t\t\t<span itemprop='name'>Matthias Halbeis<\/span>\n\t\t\t\t\t\t<span itemprop='logo' itemscope itemtype='https:\/\/schema.org\/ImageObject'>\n\t\t\t\t\t\t\t<span itemprop='url'>https:\/\/influence.ch\/wp-content\/uploads\/2025\/02\/influence_Logo_FR_weiss-1030x277.png<\/span>\n\t\t\t\t\t\t <\/span>\n\t\t\t\t<\/span><span class='av-structured-data'  itemprop=\"author\" itemscope=\"itemscope\" itemtype=\"https:\/\/schema.org\/Person\" ><span itemprop='name'>Matthias Halbeis<\/span><\/span><span class='av-structured-data'  itemprop=\"datePublished\" datetime=\"2025-03-27T15:09:59+01:00\" >2025-01-30 11:21:50<\/span><span class='av-structured-data'  itemprop=\"dateModified\" itemtype=\"https:\/\/schema.org\/dateModified\" >2025-02-26 15:56:16<\/span><span class='av-structured-data'  itemprop=\"mainEntityOfPage\" itemtype=\"https:\/\/schema.org\/mainEntityOfPage\" ><span itemprop='name'>La comp\u00e9tence en IA, un facteur de r\u00e9ussite<\/span><\/span><\/span><\/article><article class='slide-entry flex_column  post-entry post-entry-5803 slide-entry-overview slide-loop-3 slide-parity-odd  av_one_third  real-thumbnail post-format-standard'  itemscope=\"itemscope\" itemtype=\"https:\/\/schema.org\/BlogPosting\" itemprop=\"blogPost\" ><a href='https:\/\/influence.ch\/fr\/2025\/08\/28\/les-17-regles-de-la-propagande-sovietique-et-pourquoi-elles-fonctionnent-encore-aujourdhui\/' data-rel='slide-1' class='slide-image' title='Propagande sovi\u00e9tique &#8211; elle fonctionne encore'><img decoding=\"async\" width=\"495\" height=\"400\" src=\"https:\/\/influence.ch\/wp-content\/uploads\/2022\/12\/influence_Verlaeufe_V01_7-495x400.png\" class=\"wp-image-529 avia-img-lazy-loading-not-529 attachment-portfolio size-portfolio wp-post-image\" alt=\"\" srcset=\"https:\/\/influence.ch\/wp-content\/uploads\/2022\/12\/influence_Verlaeufe_V01_7-495x400.png 495w, https:\/\/influence.ch\/wp-content\/uploads\/2022\/12\/influence_Verlaeufe_V01_7-845x684.png 845w\" sizes=\"(max-width: 495px) 100vw, 495px\" \/><\/a><div class=\"slide-content\"><header class=\"entry-content-header\"><h3 class='slide-entry-title entry-title '  itemprop=\"headline\" ><a href='https:\/\/influence.ch\/fr\/2025\/08\/28\/les-17-regles-de-la-propagande-sovietique-et-pourquoi-elles-fonctionnent-encore-aujourdhui\/' title='Propagande sovi\u00e9tique &#8211; elle fonctionne encore'>Propagande sovi\u00e9tique &#8211; elle fonctionne encore<\/a><\/h3><span class=\"av-vertical-delimiter\"><\/span><\/header><div class=\"slide-meta\"><div class=\"slide-meta-comments\"><a href='https:\/\/influence.ch\/fr\/2025\/08\/28\/les-17-regles-de-la-propagande-sovietique-et-pourquoi-elles-fonctionnent-encore-aujourdhui\/#respond'>0 Commentaires<\/a><\/div><div class=\"slide-meta-del\">\/<\/div><time class='slide-meta-time updated'  itemprop=\"datePublished\" datetime=\"2025-08-28T09:21:57+02:00\" >28 ao\u00fbt 2025<\/time><\/div><div class='slide-entry-excerpt entry-content'  itemprop=\"text\" >Quand Poutine communique avec le monde, il tente de le manipuler selon les r\u00e8gles de l'art<\/div><\/div><footer class=\"entry-footer\"><\/footer><span class='hidden'>\n\t\t\t\t<span class='av-structured-data'  itemprop=\"image\" itemscope=\"itemscope\" itemtype=\"https:\/\/schema.org\/ImageObject\" >\n\t\t\t\t\t\t<span itemprop='url'>https:\/\/influence.ch\/wp-content\/uploads\/2022\/12\/influence_Verlaeufe_V01_7.png<\/span>\n\t\t\t\t\t\t<span itemprop='height'>2169<\/span>\n\t\t\t\t\t\t<span itemprop='width'>2442<\/span>\n\t\t\t\t<\/span>\n\t\t\t\t<span class='av-structured-data'  itemprop=\"publisher\" itemtype=\"https:\/\/schema.org\/Organization\" itemscope=\"itemscope\" >\n\t\t\t\t\t\t<span itemprop='name'>Andreas Hugi<\/span>\n\t\t\t\t\t\t<span itemprop='logo' itemscope itemtype='https:\/\/schema.org\/ImageObject'>\n\t\t\t\t\t\t\t<span itemprop='url'>https:\/\/influence.ch\/wp-content\/uploads\/2025\/02\/influence_Logo_FR_weiss-1030x277.png<\/span>\n\t\t\t\t\t\t <\/span>\n\t\t\t\t<\/span><span class='av-structured-data'  itemprop=\"author\" itemscope=\"itemscope\" itemtype=\"https:\/\/schema.org\/Person\" ><span itemprop='name'>Andreas Hugi<\/span><\/span><span class='av-structured-data'  itemprop=\"datePublished\" datetime=\"2025-03-27T15:09:59+01:00\" >2025-08-28 09:21:57<\/span><span class='av-structured-data'  itemprop=\"dateModified\" itemtype=\"https:\/\/schema.org\/dateModified\" >2025-08-28 16:21:32<\/span><span class='av-structured-data'  itemprop=\"mainEntityOfPage\" itemtype=\"https:\/\/schema.org\/mainEntityOfPage\" ><span itemprop='name'>Propagande sovi\u00e9tique &#8211; elle fonctionne encore<\/span><\/span><\/span><\/article><\/div><div class=\"slide-entry-wrap\"><article class='slide-entry flex_column  post-entry post-entry-6571 slide-entry-overview slide-loop-4 slide-parity-odd  av_one_third first real-thumbnail post-format-standard'  itemscope=\"itemscope\" itemtype=\"https:\/\/schema.org\/BlogPosting\" itemprop=\"blogPost\" ><a href='https:\/\/influence.ch\/fr\/2025\/12\/23\/lempathie-contre-la-haine-comment-de-nouvelles-approches-transforment-la-culture-du-debat-numerique\/' data-rel='slide-1' class='slide-image' title='L&#8217;empathie contre la haine : comment de nouvelles approches transforment la culture du d\u00e9bat num\u00e9rique'><img decoding=\"async\" width=\"495\" height=\"400\" src=\"https:\/\/influence.ch\/wp-content\/uploads\/2022\/12\/influence_Verlaeufe_V01_5-495x400.png\" class=\"wp-image-517 avia-img-lazy-loading-not-517 attachment-portfolio size-portfolio wp-post-image\" alt=\"\" srcset=\"https:\/\/influence.ch\/wp-content\/uploads\/2022\/12\/influence_Verlaeufe_V01_5-495x400.png 495w, https:\/\/influence.ch\/wp-content\/uploads\/2022\/12\/influence_Verlaeufe_V01_5-845x684.png 845w\" sizes=\"(max-width: 495px) 100vw, 495px\" \/><\/a><div class=\"slide-content\"><header class=\"entry-content-header\"><h3 class='slide-entry-title entry-title '  itemprop=\"headline\" ><a href='https:\/\/influence.ch\/fr\/2025\/12\/23\/lempathie-contre-la-haine-comment-de-nouvelles-approches-transforment-la-culture-du-debat-numerique\/' title='L&#8217;empathie contre la haine : comment de nouvelles approches transforment la culture du d\u00e9bat num\u00e9rique'>L&#8217;empathie contre la haine : comment de nouvelles approches transforment la culture du d\u00e9bat num\u00e9rique<\/a><\/h3><span class=\"av-vertical-delimiter\"><\/span><\/header><div class=\"slide-meta\"><time class='slide-meta-time updated'  itemprop=\"datePublished\" datetime=\"2025-12-23T06:20:19+01:00\" >23 d\u00e9cembre 2025<\/time><\/div><div class='slide-entry-excerpt entry-content'  itemprop=\"text\" >Am\u00e9liorer durablement la dynamique des discussions en ligne.  <\/div><\/div><footer class=\"entry-footer\"><\/footer><span class='hidden'>\n\t\t\t\t<span class='av-structured-data'  itemprop=\"image\" itemscope=\"itemscope\" itemtype=\"https:\/\/schema.org\/ImageObject\" >\n\t\t\t\t\t\t<span itemprop='url'>https:\/\/influence.ch\/wp-content\/uploads\/2022\/12\/influence_Verlaeufe_V01_5.png<\/span>\n\t\t\t\t\t\t<span itemprop='height'>2169<\/span>\n\t\t\t\t\t\t<span itemprop='width'>2442<\/span>\n\t\t\t\t<\/span>\n\t\t\t\t<span class='av-structured-data'  itemprop=\"publisher\" itemtype=\"https:\/\/schema.org\/Organization\" itemscope=\"itemscope\" >\n\t\t\t\t\t\t<span itemprop='name'>Matthias Halbeis<\/span>\n\t\t\t\t\t\t<span itemprop='logo' itemscope itemtype='https:\/\/schema.org\/ImageObject'>\n\t\t\t\t\t\t\t<span itemprop='url'>https:\/\/influence.ch\/wp-content\/uploads\/2025\/02\/influence_Logo_FR_weiss-1030x277.png<\/span>\n\t\t\t\t\t\t <\/span>\n\t\t\t\t<\/span><span class='av-structured-data'  itemprop=\"author\" itemscope=\"itemscope\" itemtype=\"https:\/\/schema.org\/Person\" ><span itemprop='name'>Matthias Halbeis<\/span><\/span><span class='av-structured-data'  itemprop=\"datePublished\" datetime=\"2025-03-27T15:09:59+01:00\" >2025-12-23 06:20:19<\/span><span class='av-structured-data'  itemprop=\"dateModified\" itemtype=\"https:\/\/schema.org\/dateModified\" >2025-12-23 11:24:16<\/span><span class='av-structured-data'  itemprop=\"mainEntityOfPage\" itemtype=\"https:\/\/schema.org\/mainEntityOfPage\" ><span itemprop='name'>L&#8217;empathie contre la haine : comment de nouvelles approches transforment la culture du d\u00e9bat num\u00e9rique<\/span><\/span><\/span><\/article><article class='slide-entry flex_column  post-entry post-entry-6030 slide-entry-overview slide-loop-5 slide-parity-even  av_one_third  real-thumbnail post-format-standard'  itemscope=\"itemscope\" itemtype=\"https:\/\/schema.org\/BlogPosting\" itemprop=\"blogPost\" ><a href='https:\/\/influence.ch\/fr\/2025\/09\/23\/des-histoires-qui-font-mouche-la-suisse-et-son-image-rp\/' data-rel='slide-1' class='slide-image' title='Des histoires qui font mouche &#8211; la Suisse et son image RP'><img decoding=\"async\" width=\"495\" height=\"400\" src=\"https:\/\/influence.ch\/wp-content\/uploads\/2022\/12\/influence_Verlaufe_ausgelesen-495x400.png\" class=\"wp-image-4344 avia-img-lazy-loading-not-4344 attachment-portfolio size-portfolio wp-post-image\" alt=\"\" srcset=\"https:\/\/influence.ch\/wp-content\/uploads\/2022\/12\/influence_Verlaufe_ausgelesen-495x400.png 495w, https:\/\/influence.ch\/wp-content\/uploads\/2022\/12\/influence_Verlaufe_ausgelesen-845x684.png 845w\" sizes=\"(max-width: 495px) 100vw, 495px\" \/><\/a><div class=\"slide-content\"><header class=\"entry-content-header\"><h3 class='slide-entry-title entry-title '  itemprop=\"headline\" ><a href='https:\/\/influence.ch\/fr\/2025\/09\/23\/des-histoires-qui-font-mouche-la-suisse-et-son-image-rp\/' title='Des histoires qui font mouche &#8211; la Suisse et son image RP'>Des histoires qui font mouche &#8211; la Suisse et son image RP<\/a><\/h3><span class=\"av-vertical-delimiter\"><\/span><\/header><div class=\"slide-meta\"><time class='slide-meta-time updated'  itemprop=\"datePublished\" datetime=\"2025-09-23T13:56:56+02:00\" >23 septembre 2025<\/time><\/div><div class='slide-entry-excerpt entry-content'  itemprop=\"text\" >\u00ab Les faiseurs d'opinion \u00bb par Kaspar Silberschmidt  <\/div><\/div><footer class=\"entry-footer\"><\/footer><span class='hidden'>\n\t\t\t\t<span class='av-structured-data'  itemprop=\"image\" itemscope=\"itemscope\" itemtype=\"https:\/\/schema.org\/ImageObject\" >\n\t\t\t\t\t\t<span itemprop='url'>https:\/\/influence.ch\/wp-content\/uploads\/2022\/12\/influence_Verlaufe_ausgelesen.png<\/span>\n\t\t\t\t\t\t<span itemprop='height'>2169<\/span>\n\t\t\t\t\t\t<span itemprop='width'>2442<\/span>\n\t\t\t\t<\/span>\n\t\t\t\t<span class='av-structured-data'  itemprop=\"publisher\" itemtype=\"https:\/\/schema.org\/Organization\" itemscope=\"itemscope\" >\n\t\t\t\t\t\t<span itemprop='name'>Pascal Ihle<\/span>\n\t\t\t\t\t\t<span itemprop='logo' itemscope itemtype='https:\/\/schema.org\/ImageObject'>\n\t\t\t\t\t\t\t<span itemprop='url'>https:\/\/influence.ch\/wp-content\/uploads\/2025\/02\/influence_Logo_FR_weiss-1030x277.png<\/span>\n\t\t\t\t\t\t <\/span>\n\t\t\t\t<\/span><span class='av-structured-data'  itemprop=\"author\" itemscope=\"itemscope\" itemtype=\"https:\/\/schema.org\/Person\" ><span itemprop='name'>Pascal Ihle<\/span><\/span><span class='av-structured-data'  itemprop=\"datePublished\" datetime=\"2025-03-27T15:09:59+01:00\" >2025-09-23 13:56:56<\/span><span class='av-structured-data'  itemprop=\"dateModified\" itemtype=\"https:\/\/schema.org\/dateModified\" >2025-09-25 15:33:32<\/span><span class='av-structured-data'  itemprop=\"mainEntityOfPage\" itemtype=\"https:\/\/schema.org\/mainEntityOfPage\" ><span itemprop='name'>Des histoires qui font mouche &#8211; la Suisse et son image RP<\/span><\/span><\/span><\/article><article class='slide-entry flex_column  post-entry post-entry-4952 slide-entry-overview slide-loop-6 slide-parity-odd  av_one_third  real-thumbnail post-format-standard'  itemscope=\"itemscope\" itemtype=\"https:\/\/schema.org\/BlogPosting\" itemprop=\"blogPost\" ><a href='https:\/\/influence.ch\/fr\/2025\/03\/27\/la-suisse-paradis-de-lenseignement\/' data-rel='slide-1' class='slide-image' title='La Suisse : le paradis de l&rsquo;enseignement priv\u00e9'><img decoding=\"async\" width=\"495\" height=\"400\" src=\"https:\/\/influence.ch\/wp-content\/uploads\/2025\/02\/influence_Verlaufe_politik-495x400.png\" class=\"wp-image-4694 avia-img-lazy-loading-not-4694 attachment-portfolio size-portfolio wp-post-image\" alt=\"\" srcset=\"https:\/\/influence.ch\/wp-content\/uploads\/2025\/02\/influence_Verlaufe_politik-495x400.png 495w, https:\/\/influence.ch\/wp-content\/uploads\/2025\/02\/influence_Verlaufe_politik-845x684.png 845w\" sizes=\"(max-width: 495px) 100vw, 495px\" \/><\/a><div class=\"slide-content\"><header class=\"entry-content-header\"><h3 class='slide-entry-title entry-title '  itemprop=\"headline\" ><a href='https:\/\/influence.ch\/fr\/2025\/03\/27\/la-suisse-paradis-de-lenseignement\/' title='La Suisse : le paradis de l&rsquo;enseignement priv\u00e9'>La Suisse : le paradis de l&rsquo;enseignement priv\u00e9<\/a><\/h3><span class=\"av-vertical-delimiter\"><\/span><\/header><div class=\"slide-meta\"><div class=\"slide-meta-comments\"><a href='https:\/\/influence.ch\/fr\/2025\/03\/27\/la-suisse-paradis-de-lenseignement\/#respond'>0 Commentaires<\/a><\/div><div class=\"slide-meta-del\">\/<\/div><time class='slide-meta-time updated'  itemprop=\"datePublished\" datetime=\"2025-03-27T15:06:59+01:00\" >27 mars 2025<\/time><\/div><div class='slide-entry-excerpt entry-content'  itemprop=\"text\" >Pourquoi la Suisse est un hotspot pour les \u00e9coles d'\u00e9lite et pourquoi la plupart d'entre elles se trouvent en Suisse romande<\/div><\/div><footer class=\"entry-footer\"><\/footer><span class='hidden'>\n\t\t\t\t<span class='av-structured-data'  itemprop=\"image\" itemscope=\"itemscope\" itemtype=\"https:\/\/schema.org\/ImageObject\" >\n\t\t\t\t\t\t<span itemprop='url'>https:\/\/influence.ch\/wp-content\/uploads\/2025\/02\/influence_Verlaufe_politik.png<\/span>\n\t\t\t\t\t\t<span itemprop='height'>2169<\/span>\n\t\t\t\t\t\t<span itemprop='width'>2442<\/span>\n\t\t\t\t<\/span>\n\t\t\t\t<span class='av-structured-data'  itemprop=\"publisher\" itemtype=\"https:\/\/schema.org\/Organization\" itemscope=\"itemscope\" >\n\t\t\t\t\t\t<span itemprop='name'>Pascal Ihle<\/span>\n\t\t\t\t\t\t<span itemprop='logo' itemscope itemtype='https:\/\/schema.org\/ImageObject'>\n\t\t\t\t\t\t\t<span itemprop='url'>https:\/\/influence.ch\/wp-content\/uploads\/2025\/02\/influence_Logo_FR_weiss-1030x277.png<\/span>\n\t\t\t\t\t\t <\/span>\n\t\t\t\t<\/span><span class='av-structured-data'  itemprop=\"author\" itemscope=\"itemscope\" itemtype=\"https:\/\/schema.org\/Person\" ><span itemprop='name'>Pascal Ihle<\/span><\/span><span class='av-structured-data'  itemprop=\"datePublished\" datetime=\"2025-03-27T15:09:59+01:00\" >2025-03-27 15:06:59<\/span><span class='av-structured-data'  itemprop=\"dateModified\" itemtype=\"https:\/\/schema.org\/dateModified\" >2025-03-27 17:09:56<\/span><span class='av-structured-data'  itemprop=\"mainEntityOfPage\" itemtype=\"https:\/\/schema.org\/mainEntityOfPage\" ><span itemprop='name'>La Suisse : le paradis de l&rsquo;enseignement priv\u00e9<\/span><\/span><\/span><\/article><\/div><div class=\"slide-entry-wrap\"><article class='slide-entry flex_column  post-entry post-entry-5799 slide-entry-overview slide-loop-7 slide-parity-odd  av_one_third first real-thumbnail post-format-standard'  itemscope=\"itemscope\" itemtype=\"https:\/\/schema.org\/BlogPosting\" itemprop=\"blogPost\" ><a href='https:\/\/influence.ch\/fr\/2025\/08\/28\/quand-lia-faconne-votre-opinion-politique\/' data-rel='slide-1' class='slide-image' title='Quand l&rsquo;IA fa\u00e7onne votre opinion politique'><img decoding=\"async\" width=\"495\" height=\"400\" src=\"https:\/\/influence.ch\/wp-content\/uploads\/2022\/12\/influence_Verlaeufe_V01_1-495x400.png\" class=\"wp-image-522 avia-img-lazy-loading-not-522 attachment-portfolio size-portfolio wp-post-image\" alt=\"\" srcset=\"https:\/\/influence.ch\/wp-content\/uploads\/2022\/12\/influence_Verlaeufe_V01_1-495x400.png 495w, https:\/\/influence.ch\/wp-content\/uploads\/2022\/12\/influence_Verlaeufe_V01_1-845x684.png 845w\" sizes=\"(max-width: 495px) 100vw, 495px\" \/><\/a><div class=\"slide-content\"><header class=\"entry-content-header\"><h3 class='slide-entry-title entry-title '  itemprop=\"headline\" ><a href='https:\/\/influence.ch\/fr\/2025\/08\/28\/quand-lia-faconne-votre-opinion-politique\/' title='Quand l&rsquo;IA fa\u00e7onne votre opinion politique'>Quand l&rsquo;IA fa\u00e7onne votre opinion politique<\/a><\/h3><span class=\"av-vertical-delimiter\"><\/span><\/header><div class=\"slide-meta\"><time class='slide-meta-time updated'  itemprop=\"datePublished\" datetime=\"2025-08-28T09:28:50+02:00\" >28 ao\u00fbt 2025<\/time><\/div><div class='slide-entry-excerpt entry-content'  itemprop=\"text\" >Comment les chatbots influencent les croyances en dix minutes et ce que vous pouvez faire concr\u00e8tement pour y rem\u00e9dier  <\/div><\/div><footer class=\"entry-footer\"><\/footer><span class='hidden'>\n\t\t\t\t<span class='av-structured-data'  itemprop=\"image\" itemscope=\"itemscope\" itemtype=\"https:\/\/schema.org\/ImageObject\" >\n\t\t\t\t\t\t<span itemprop='url'>https:\/\/influence.ch\/wp-content\/uploads\/2022\/12\/influence_Verlaeufe_V01_1.png<\/span>\n\t\t\t\t\t\t<span itemprop='height'>2169<\/span>\n\t\t\t\t\t\t<span itemprop='width'>2442<\/span>\n\t\t\t\t<\/span>\n\t\t\t\t<span class='av-structured-data'  itemprop=\"publisher\" itemtype=\"https:\/\/schema.org\/Organization\" itemscope=\"itemscope\" >\n\t\t\t\t\t\t<span itemprop='name'>Pascal Ihle<\/span>\n\t\t\t\t\t\t<span itemprop='logo' itemscope itemtype='https:\/\/schema.org\/ImageObject'>\n\t\t\t\t\t\t\t<span itemprop='url'>https:\/\/influence.ch\/wp-content\/uploads\/2025\/02\/influence_Logo_FR_weiss-1030x277.png<\/span>\n\t\t\t\t\t\t <\/span>\n\t\t\t\t<\/span><span class='av-structured-data'  itemprop=\"author\" itemscope=\"itemscope\" itemtype=\"https:\/\/schema.org\/Person\" ><span itemprop='name'>Pascal Ihle<\/span><\/span><span class='av-structured-data'  itemprop=\"datePublished\" datetime=\"2025-03-27T15:09:59+01:00\" >2025-08-28 09:28:50<\/span><span class='av-structured-data'  itemprop=\"dateModified\" itemtype=\"https:\/\/schema.org\/dateModified\" >2025-08-28 16:21:44<\/span><span class='av-structured-data'  itemprop=\"mainEntityOfPage\" itemtype=\"https:\/\/schema.org\/mainEntityOfPage\" ><span itemprop='name'>Quand l&rsquo;IA fa\u00e7onne votre opinion politique<\/span><\/span><\/span><\/article><article class='slide-entry flex_column  post-entry post-entry-6573 slide-entry-overview slide-loop-8 slide-parity-even  av_one_third  real-thumbnail post-format-standard'  itemscope=\"itemscope\" itemtype=\"https:\/\/schema.org\/BlogPosting\" itemprop=\"blogPost\" ><a href='https:\/\/influence.ch\/fr\/2025\/12\/23\/aujourdhui-nimporte-qui-peut-sadresser-au-monde-entier\/' data-rel='slide-1' class='slide-image' title='Aujourd\u2019hui, n\u2019importe qui peut s\u2019adresser au monde entier.\u202f'><img decoding=\"async\" width=\"495\" height=\"400\" src=\"https:\/\/influence.ch\/wp-content\/uploads\/2022\/12\/influence_Verlaeufe_V01_1-495x400.png\" class=\"wp-image-522 avia-img-lazy-loading-not-522 attachment-portfolio size-portfolio wp-post-image\" alt=\"\" srcset=\"https:\/\/influence.ch\/wp-content\/uploads\/2022\/12\/influence_Verlaeufe_V01_1-495x400.png 495w, https:\/\/influence.ch\/wp-content\/uploads\/2022\/12\/influence_Verlaeufe_V01_1-845x684.png 845w\" sizes=\"(max-width: 495px) 100vw, 495px\" \/><\/a><div class=\"slide-content\"><header class=\"entry-content-header\"><h3 class='slide-entry-title entry-title '  itemprop=\"headline\" ><a href='https:\/\/influence.ch\/fr\/2025\/12\/23\/aujourdhui-nimporte-qui-peut-sadresser-au-monde-entier\/' title='Aujourd\u2019hui, n\u2019importe qui peut s\u2019adresser au monde entier.\u202f'>Aujourd\u2019hui, n\u2019importe qui peut s\u2019adresser au monde entier.\u202f<\/a><\/h3><span class=\"av-vertical-delimiter\"><\/span><\/header><div class=\"slide-meta\"><time class='slide-meta-time updated'  itemprop=\"datePublished\" datetime=\"2025-12-23T06:18:35+01:00\" >23 d\u00e9cembre 2025<\/time><\/div><div class='slide-entry-excerpt entry-content'  itemprop=\"text\" >L'espace public num\u00e9rique, les sentiments post-factuels et les nouvelles responsabilit\u00e9s de la communication politique  <\/div><\/div><footer class=\"entry-footer\"><\/footer><span class='hidden'>\n\t\t\t\t<span class='av-structured-data'  itemprop=\"image\" itemscope=\"itemscope\" itemtype=\"https:\/\/schema.org\/ImageObject\" >\n\t\t\t\t\t\t<span itemprop='url'>https:\/\/influence.ch\/wp-content\/uploads\/2022\/12\/influence_Verlaeufe_V01_1.png<\/span>\n\t\t\t\t\t\t<span itemprop='height'>2169<\/span>\n\t\t\t\t\t\t<span itemprop='width'>2442<\/span>\n\t\t\t\t<\/span>\n\t\t\t\t<span class='av-structured-data'  itemprop=\"publisher\" itemtype=\"https:\/\/schema.org\/Organization\" itemscope=\"itemscope\" >\n\t\t\t\t\t\t<span itemprop='name'>Matthias Halbeis<\/span>\n\t\t\t\t\t\t<span itemprop='logo' itemscope itemtype='https:\/\/schema.org\/ImageObject'>\n\t\t\t\t\t\t\t<span itemprop='url'>https:\/\/influence.ch\/wp-content\/uploads\/2025\/02\/influence_Logo_FR_weiss-1030x277.png<\/span>\n\t\t\t\t\t\t <\/span>\n\t\t\t\t<\/span><span class='av-structured-data'  itemprop=\"author\" itemscope=\"itemscope\" itemtype=\"https:\/\/schema.org\/Person\" ><span itemprop='name'>Matthias Halbeis<\/span><\/span><span class='av-structured-data'  itemprop=\"datePublished\" datetime=\"2025-03-27T15:09:59+01:00\" >2025-12-23 06:18:35<\/span><span class='av-structured-data'  itemprop=\"dateModified\" itemtype=\"https:\/\/schema.org\/dateModified\" >2025-12-23 11:17:30<\/span><span class='av-structured-data'  itemprop=\"mainEntityOfPage\" itemtype=\"https:\/\/schema.org\/mainEntityOfPage\" ><span itemprop='name'>Aujourd\u2019hui, n\u2019importe qui peut s\u2019adresser au monde entier.\u202f<\/span><\/span><\/span><\/article><article class='slide-entry flex_column  post-entry post-entry-6922 slide-entry-overview slide-loop-9 slide-parity-odd  post-entry-last  av_one_third  real-thumbnail post-format-standard'  itemscope=\"itemscope\" itemtype=\"https:\/\/schema.org\/BlogPosting\" itemprop=\"blogPost\" ><a href='https:\/\/influence.ch\/fr\/2026\/02\/26\/quand-les-mathematiques-expliquent-la-democratie-et-revelent-son-point-faible\/' data-rel='slide-1' class='slide-image' title='Quand les math\u00e9matiques expliquent la d\u00e9mocratie &#8211; et r\u00e9v\u00e8lent son point faible'><img decoding=\"async\" width=\"495\" height=\"400\" src=\"https:\/\/influence.ch\/wp-content\/uploads\/2022\/12\/influence_Verlaeufe_V01_5-495x400.png\" class=\"wp-image-517 avia-img-lazy-loading-not-517 attachment-portfolio size-portfolio wp-post-image\" alt=\"\" srcset=\"https:\/\/influence.ch\/wp-content\/uploads\/2022\/12\/influence_Verlaeufe_V01_5-495x400.png 495w, https:\/\/influence.ch\/wp-content\/uploads\/2022\/12\/influence_Verlaeufe_V01_5-845x684.png 845w\" sizes=\"(max-width: 495px) 100vw, 495px\" \/><\/a><div class=\"slide-content\"><header class=\"entry-content-header\"><h3 class='slide-entry-title entry-title '  itemprop=\"headline\" ><a href='https:\/\/influence.ch\/fr\/2026\/02\/26\/quand-les-mathematiques-expliquent-la-democratie-et-revelent-son-point-faible\/' title='Quand les math\u00e9matiques expliquent la d\u00e9mocratie &#8211; et r\u00e9v\u00e8lent son point faible'>Quand les math\u00e9matiques expliquent la d\u00e9mocratie &#8211; et r\u00e9v\u00e8lent son point faible<\/a><\/h3><span class=\"av-vertical-delimiter\"><\/span><\/header><div class=\"slide-meta\"><time class='slide-meta-time updated'  itemprop=\"datePublished\" datetime=\"2026-02-26T11:15:15+01:00\" >26 f\u00e9vrier 2026<\/time><\/div><div class='slide-entry-excerpt entry-content'  itemprop=\"text\" >Pourquoi un \u00e9conomiste a lanc\u00e9 une alerte \u00e0 la dictature dans les ann\u00e9es 1950  <\/div><\/div><footer class=\"entry-footer\"><\/footer><span class='hidden'>\n\t\t\t\t<span class='av-structured-data'  itemprop=\"image\" itemscope=\"itemscope\" itemtype=\"https:\/\/schema.org\/ImageObject\" >\n\t\t\t\t\t\t<span itemprop='url'>https:\/\/influence.ch\/wp-content\/uploads\/2022\/12\/influence_Verlaeufe_V01_5.png<\/span>\n\t\t\t\t\t\t<span itemprop='height'>2169<\/span>\n\t\t\t\t\t\t<span itemprop='width'>2442<\/span>\n\t\t\t\t<\/span>\n\t\t\t\t<span class='av-structured-data'  itemprop=\"publisher\" itemtype=\"https:\/\/schema.org\/Organization\" itemscope=\"itemscope\" >\n\t\t\t\t\t\t<span itemprop='name'>Matthias Halbeis<\/span>\n\t\t\t\t\t\t<span itemprop='logo' itemscope itemtype='https:\/\/schema.org\/ImageObject'>\n\t\t\t\t\t\t\t<span itemprop='url'>https:\/\/influence.ch\/wp-content\/uploads\/2025\/02\/influence_Logo_FR_weiss-1030x277.png<\/span>\n\t\t\t\t\t\t <\/span>\n\t\t\t\t<\/span><span class='av-structured-data'  itemprop=\"author\" itemscope=\"itemscope\" itemtype=\"https:\/\/schema.org\/Person\" ><span itemprop='name'>Matthias Halbeis<\/span><\/span><span class='av-structured-data'  itemprop=\"datePublished\" datetime=\"2025-03-27T15:09:59+01:00\" >2026-02-26 11:15:15<\/span><span class='av-structured-data'  itemprop=\"dateModified\" itemtype=\"https:\/\/schema.org\/dateModified\" >2026-02-26 14:16:36<\/span><span class='av-structured-data'  itemprop=\"mainEntityOfPage\" itemtype=\"https:\/\/schema.org\/mainEntityOfPage\" ><span itemprop='name'>Quand les math\u00e9matiques expliquent la d\u00e9mocratie &#8211; et r\u00e9v\u00e8lent son point faible<\/span><\/span><\/span><\/article><\/div><\/div><div class='avia-slideshow-arrows avia-slideshow-controls' ><a href='#prev' class='prev-slide ' aria-hidden='true' data-av_icon='\ue87c' data-av_iconfont='entypo-fontello'  tabindex='-1'>Pr\u00e9c\u00e9dent<\/a><a href='#next' class='next-slide ' aria-hidden='true' data-av_icon='\ue87d' data-av_iconfont='entypo-fontello'  tabindex='-1'>Suivant<\/a><\/div><\/div>\n\n","protected":false},"excerpt":{"rendered":"<p>Une \u00e9tape importante qui marque le renforcement de la pr\u00e9sence de l&rsquo;agence sur l&rsquo;arc l\u00e9manique<\/p>\n","protected":false},"author":80,"featured_media":529,"comment_status":"open","ping_status":"open","sticky":false,"template":"","format":"standard","meta":{"footnotes":""},"categories":[49],"tags":[],"class_list":["post-5009","post","type-post","status-publish","format-standard","has-post-thumbnail","hentry","category-communication"],"yoast_head":"<!-- This site is optimized with the Yoast SEO plugin v27.0 - https:\/\/yoast.com\/product\/yoast-seo-wordpress\/ -->\n<title>Nouveau bureau de furrerhugi en Romandie - influence powered by furrerhugi<\/title>\n<meta name=\"description\" content=\"Les \u00c9tats-Unis s&#039;opposent \u00e0 la collecte de donn\u00e9es par le gouvernement\" \/>\n<meta name=\"robots\" content=\"index, follow, max-snippet:-1, max-image-preview:large, max-video-preview:-1\" \/>\n<link rel=\"canonical\" href=\"https:\/\/influence.ch\/fr\/2025\/03\/27\/ouverture\/\" \/>\n<meta property=\"og:locale\" content=\"fr_FR\" \/>\n<meta property=\"og:type\" content=\"article\" \/>\n<meta property=\"og:title\" content=\"Nouveau bureau de furrerhugi en Romandie - influence powered by furrerhugi\" \/>\n<meta property=\"og:description\" content=\"Les \u00c9tats-Unis s&#039;opposent \u00e0 la collecte de donn\u00e9es par le gouvernement\" \/>\n<meta property=\"og:url\" content=\"https:\/\/influence.ch\/fr\/2025\/03\/27\/ouverture\/\" \/>\n<meta property=\"og:site_name\" content=\"influence powered by furrerhugi\" \/>\n<meta property=\"article:published_time\" content=\"2025-03-27T14:09:59+00:00\" \/>\n<meta property=\"article:modified_time\" content=\"2025-03-27T16:20:12+00:00\" \/>\n<meta property=\"og:image\" content=\"https:\/\/influence.ch\/wp-content\/uploads\/2025\/03\/Inauguration-Bureaux-Lausanne-Furrerhugi-Rue-de-Bourg.jpg\" \/>\n\t<meta property=\"og:image:width\" content=\"1350\" \/>\n\t<meta property=\"og:image:height\" content=\"884\" \/>\n\t<meta property=\"og:image:type\" content=\"image\/jpeg\" \/>\n<meta name=\"author\" content=\"Jonathan M\u00fcller\" \/>\n<meta name=\"twitter:card\" content=\"summary_large_image\" \/>\n<meta name=\"twitter:image\" content=\"https:\/\/influence.ch\/wp-content\/uploads\/2025\/03\/shutterstock_1836381817-1-1030x686.png\" \/>\n<meta name=\"twitter:label1\" content=\"\u00c9crit par\" \/>\n\t<meta name=\"twitter:data1\" content=\"Jonathan M\u00fcller\" \/>\n\t<meta name=\"twitter:label2\" content=\"Dur\u00e9e de lecture estim\u00e9e\" \/>\n\t<meta name=\"twitter:data2\" content=\"7 minutes\" \/>\n<script type=\"application\/ld+json\" class=\"yoast-schema-graph\">{\"@context\":\"https:\/\/schema.org\",\"@graph\":[{\"@type\":\"Article\",\"@id\":\"https:\/\/influence.ch\/fr\/2025\/03\/27\/ouverture\/#article\",\"isPartOf\":{\"@id\":\"https:\/\/influence.ch\/fr\/2025\/03\/27\/ouverture\/\"},\"author\":{\"name\":\"Jonathan M\u00fcller\",\"@id\":\"https:\/\/influence.ch\/#\/schema\/person\/786316147c44cb54fb008148c7d59ddc\"},\"headline\":\"Nouveau bureau de furrerhugi en Romandie\",\"datePublished\":\"2025-03-27T14:09:59+00:00\",\"dateModified\":\"2025-03-27T16:20:12+00:00\",\"mainEntityOfPage\":{\"@id\":\"https:\/\/influence.ch\/fr\/2025\/03\/27\/ouverture\/\"},\"wordCount\":5728,\"commentCount\":0,\"image\":{\"@id\":\"https:\/\/influence.ch\/fr\/2025\/03\/27\/ouverture\/#primaryimage\"},\"thumbnailUrl\":\"https:\/\/influence.ch\/wp-content\/uploads\/2022\/12\/influence_Verlaeufe_V01_7.png\",\"articleSection\":[\"Communication\"],\"inLanguage\":\"fr-FR\",\"potentialAction\":[{\"@type\":\"CommentAction\",\"name\":\"Comment\",\"target\":[\"https:\/\/influence.ch\/fr\/2025\/03\/27\/ouverture\/#respond\"]}]},{\"@type\":\"WebPage\",\"@id\":\"https:\/\/influence.ch\/fr\/2025\/03\/27\/ouverture\/\",\"url\":\"https:\/\/influence.ch\/fr\/2025\/03\/27\/ouverture\/\",\"name\":\"Nouveau bureau de furrerhugi en Romandie - influence powered by furrerhugi\",\"isPartOf\":{\"@id\":\"https:\/\/influence.ch\/#website\"},\"primaryImageOfPage\":{\"@id\":\"https:\/\/influence.ch\/fr\/2025\/03\/27\/ouverture\/#primaryimage\"},\"image\":{\"@id\":\"https:\/\/influence.ch\/fr\/2025\/03\/27\/ouverture\/#primaryimage\"},\"thumbnailUrl\":\"https:\/\/influence.ch\/wp-content\/uploads\/2022\/12\/influence_Verlaeufe_V01_7.png\",\"datePublished\":\"2025-03-27T14:09:59+00:00\",\"dateModified\":\"2025-03-27T16:20:12+00:00\",\"author\":{\"@id\":\"https:\/\/influence.ch\/#\/schema\/person\/786316147c44cb54fb008148c7d59ddc\"},\"description\":\"Les \u00c9tats-Unis s'opposent \u00e0 la collecte de donn\u00e9es par le gouvernement\",\"breadcrumb\":{\"@id\":\"https:\/\/influence.ch\/fr\/2025\/03\/27\/ouverture\/#breadcrumb\"},\"inLanguage\":\"fr-FR\",\"potentialAction\":[{\"@type\":\"ReadAction\",\"target\":[\"https:\/\/influence.ch\/fr\/2025\/03\/27\/ouverture\/\"]}]},{\"@type\":\"ImageObject\",\"inLanguage\":\"fr-FR\",\"@id\":\"https:\/\/influence.ch\/fr\/2025\/03\/27\/ouverture\/#primaryimage\",\"url\":\"https:\/\/influence.ch\/wp-content\/uploads\/2022\/12\/influence_Verlaeufe_V01_7.png\",\"contentUrl\":\"https:\/\/influence.ch\/wp-content\/uploads\/2022\/12\/influence_Verlaeufe_V01_7.png\",\"width\":2442,\"height\":2169},{\"@type\":\"BreadcrumbList\",\"@id\":\"https:\/\/influence.ch\/fr\/2025\/03\/27\/ouverture\/#breadcrumb\",\"itemListElement\":[{\"@type\":\"ListItem\",\"position\":1,\"name\":\"Startseite\",\"item\":\"https:\/\/influence.ch\/fr\/influence\/\"},{\"@type\":\"ListItem\",\"position\":2,\"name\":\"Nouveau bureau de furrerhugi en Romandie\"}]},{\"@type\":\"WebSite\",\"@id\":\"https:\/\/influence.ch\/#website\",\"url\":\"https:\/\/influence.ch\/\",\"name\":\"influence powered by furrerhugi\",\"description\":\"Vorsprung durch Wissen\",\"potentialAction\":[{\"@type\":\"SearchAction\",\"target\":{\"@type\":\"EntryPoint\",\"urlTemplate\":\"https:\/\/influence.ch\/?s={search_term_string}\"},\"query-input\":{\"@type\":\"PropertyValueSpecification\",\"valueRequired\":true,\"valueName\":\"search_term_string\"}}],\"inLanguage\":\"fr-FR\"},{\"@type\":\"Person\",\"@id\":\"https:\/\/influence.ch\/#\/schema\/person\/786316147c44cb54fb008148c7d59ddc\",\"name\":\"Jonathan M\u00fcller\",\"image\":{\"@type\":\"ImageObject\",\"inLanguage\":\"fr-FR\",\"@id\":\"https:\/\/influence.ch\/#\/schema\/person\/image\/\",\"url\":\"https:\/\/secure.gravatar.com\/avatar\/adf92f0074a1c6a55408e7fa2e8475cec30489b4fa619f4dea7d8c755c02eba5?s=96&d=mm&r=g\",\"contentUrl\":\"https:\/\/secure.gravatar.com\/avatar\/adf92f0074a1c6a55408e7fa2e8475cec30489b4fa619f4dea7d8c755c02eba5?s=96&d=mm&r=g\",\"caption\":\"Jonathan M\u00fcller\"},\"url\":\"https:\/\/influence.ch\/fr\/author\/jonathan-mueller\/\"}]}<\/script>\n<!-- \/ Yoast SEO plugin. -->","yoast_head_json":{"title":"Nouveau bureau de furrerhugi en Romandie - influence powered by furrerhugi","description":"Les \u00c9tats-Unis s'opposent \u00e0 la collecte de donn\u00e9es par le gouvernement","robots":{"index":"index","follow":"follow","max-snippet":"max-snippet:-1","max-image-preview":"max-image-preview:large","max-video-preview":"max-video-preview:-1"},"canonical":"https:\/\/influence.ch\/fr\/2025\/03\/27\/ouverture\/","og_locale":"fr_FR","og_type":"article","og_title":"Nouveau bureau de furrerhugi en Romandie - influence powered by furrerhugi","og_description":"Les \u00c9tats-Unis s'opposent \u00e0 la collecte de donn\u00e9es par le gouvernement","og_url":"https:\/\/influence.ch\/fr\/2025\/03\/27\/ouverture\/","og_site_name":"influence powered by furrerhugi","article_published_time":"2025-03-27T14:09:59+00:00","article_modified_time":"2025-03-27T16:20:12+00:00","og_image":[{"width":1350,"height":884,"url":"https:\/\/influence.ch\/wp-content\/uploads\/2025\/03\/Inauguration-Bureaux-Lausanne-Furrerhugi-Rue-de-Bourg.jpg","type":"image\/jpeg"}],"author":"Jonathan M\u00fcller","twitter_card":"summary_large_image","twitter_image":"https:\/\/influence.ch\/wp-content\/uploads\/2025\/03\/shutterstock_1836381817-1-1030x686.png","twitter_misc":{"\u00c9crit par":"Jonathan M\u00fcller","Dur\u00e9e de lecture estim\u00e9e":"7 minutes"},"schema":{"@context":"https:\/\/schema.org","@graph":[{"@type":"Article","@id":"https:\/\/influence.ch\/fr\/2025\/03\/27\/ouverture\/#article","isPartOf":{"@id":"https:\/\/influence.ch\/fr\/2025\/03\/27\/ouverture\/"},"author":{"name":"Jonathan M\u00fcller","@id":"https:\/\/influence.ch\/#\/schema\/person\/786316147c44cb54fb008148c7d59ddc"},"headline":"Nouveau bureau de furrerhugi en Romandie","datePublished":"2025-03-27T14:09:59+00:00","dateModified":"2025-03-27T16:20:12+00:00","mainEntityOfPage":{"@id":"https:\/\/influence.ch\/fr\/2025\/03\/27\/ouverture\/"},"wordCount":5728,"commentCount":0,"image":{"@id":"https:\/\/influence.ch\/fr\/2025\/03\/27\/ouverture\/#primaryimage"},"thumbnailUrl":"https:\/\/influence.ch\/wp-content\/uploads\/2022\/12\/influence_Verlaeufe_V01_7.png","articleSection":["Communication"],"inLanguage":"fr-FR","potentialAction":[{"@type":"CommentAction","name":"Comment","target":["https:\/\/influence.ch\/fr\/2025\/03\/27\/ouverture\/#respond"]}]},{"@type":"WebPage","@id":"https:\/\/influence.ch\/fr\/2025\/03\/27\/ouverture\/","url":"https:\/\/influence.ch\/fr\/2025\/03\/27\/ouverture\/","name":"Nouveau bureau de furrerhugi en Romandie - influence powered by furrerhugi","isPartOf":{"@id":"https:\/\/influence.ch\/#website"},"primaryImageOfPage":{"@id":"https:\/\/influence.ch\/fr\/2025\/03\/27\/ouverture\/#primaryimage"},"image":{"@id":"https:\/\/influence.ch\/fr\/2025\/03\/27\/ouverture\/#primaryimage"},"thumbnailUrl":"https:\/\/influence.ch\/wp-content\/uploads\/2022\/12\/influence_Verlaeufe_V01_7.png","datePublished":"2025-03-27T14:09:59+00:00","dateModified":"2025-03-27T16:20:12+00:00","author":{"@id":"https:\/\/influence.ch\/#\/schema\/person\/786316147c44cb54fb008148c7d59ddc"},"description":"Les \u00c9tats-Unis s'opposent \u00e0 la collecte de donn\u00e9es par le gouvernement","breadcrumb":{"@id":"https:\/\/influence.ch\/fr\/2025\/03\/27\/ouverture\/#breadcrumb"},"inLanguage":"fr-FR","potentialAction":[{"@type":"ReadAction","target":["https:\/\/influence.ch\/fr\/2025\/03\/27\/ouverture\/"]}]},{"@type":"ImageObject","inLanguage":"fr-FR","@id":"https:\/\/influence.ch\/fr\/2025\/03\/27\/ouverture\/#primaryimage","url":"https:\/\/influence.ch\/wp-content\/uploads\/2022\/12\/influence_Verlaeufe_V01_7.png","contentUrl":"https:\/\/influence.ch\/wp-content\/uploads\/2022\/12\/influence_Verlaeufe_V01_7.png","width":2442,"height":2169},{"@type":"BreadcrumbList","@id":"https:\/\/influence.ch\/fr\/2025\/03\/27\/ouverture\/#breadcrumb","itemListElement":[{"@type":"ListItem","position":1,"name":"Startseite","item":"https:\/\/influence.ch\/fr\/influence\/"},{"@type":"ListItem","position":2,"name":"Nouveau bureau de furrerhugi en Romandie"}]},{"@type":"WebSite","@id":"https:\/\/influence.ch\/#website","url":"https:\/\/influence.ch\/","name":"influence powered by furrerhugi","description":"Vorsprung durch Wissen","potentialAction":[{"@type":"SearchAction","target":{"@type":"EntryPoint","urlTemplate":"https:\/\/influence.ch\/?s={search_term_string}"},"query-input":{"@type":"PropertyValueSpecification","valueRequired":true,"valueName":"search_term_string"}}],"inLanguage":"fr-FR"},{"@type":"Person","@id":"https:\/\/influence.ch\/#\/schema\/person\/786316147c44cb54fb008148c7d59ddc","name":"Jonathan M\u00fcller","image":{"@type":"ImageObject","inLanguage":"fr-FR","@id":"https:\/\/influence.ch\/#\/schema\/person\/image\/","url":"https:\/\/secure.gravatar.com\/avatar\/adf92f0074a1c6a55408e7fa2e8475cec30489b4fa619f4dea7d8c755c02eba5?s=96&d=mm&r=g","contentUrl":"https:\/\/secure.gravatar.com\/avatar\/adf92f0074a1c6a55408e7fa2e8475cec30489b4fa619f4dea7d8c755c02eba5?s=96&d=mm&r=g","caption":"Jonathan M\u00fcller"},"url":"https:\/\/influence.ch\/fr\/author\/jonathan-mueller\/"}]}},"_links":{"self":[{"href":"https:\/\/influence.ch\/fr\/wp-json\/wp\/v2\/posts\/5009","targetHints":{"allow":["GET"]}}],"collection":[{"href":"https:\/\/influence.ch\/fr\/wp-json\/wp\/v2\/posts"}],"about":[{"href":"https:\/\/influence.ch\/fr\/wp-json\/wp\/v2\/types\/post"}],"author":[{"embeddable":true,"href":"https:\/\/influence.ch\/fr\/wp-json\/wp\/v2\/users\/80"}],"replies":[{"embeddable":true,"href":"https:\/\/influence.ch\/fr\/wp-json\/wp\/v2\/comments?post=5009"}],"version-history":[{"count":13,"href":"https:\/\/influence.ch\/fr\/wp-json\/wp\/v2\/posts\/5009\/revisions"}],"predecessor-version":[{"id":5011,"href":"https:\/\/influence.ch\/fr\/wp-json\/wp\/v2\/posts\/5009\/revisions\/5011"}],"wp:featuredmedia":[{"embeddable":true,"href":"https:\/\/influence.ch\/fr\/wp-json\/wp\/v2\/media\/529"}],"wp:attachment":[{"href":"https:\/\/influence.ch\/fr\/wp-json\/wp\/v2\/media?parent=5009"}],"wp:term":[{"taxonomy":"category","embeddable":true,"href":"https:\/\/influence.ch\/fr\/wp-json\/wp\/v2\/categories?post=5009"},{"taxonomy":"post_tag","embeddable":true,"href":"https:\/\/influence.ch\/fr\/wp-json\/wp\/v2\/tags?post=5009"}],"curies":[{"name":"wp","href":"https:\/\/api.w.org\/{rel}","templated":true}]}}