{"id":4998,"date":"2025-03-27T15:11:39","date_gmt":"2025-03-27T14:11:39","guid":{"rendered":"https:\/\/influence.ch\/?p=4998"},"modified":"2025-03-27T17:02:10","modified_gmt":"2025-03-27T16:02:10","slug":"mens-sana-in-corpore-sano-version-2025","status":"publish","type":"post","link":"https:\/\/influence.ch\/fr\/2025\/03\/27\/mens-sana-in-corpore-sano-version-2025\/","title":{"rendered":"\u00ab Mens sana in corpore sano \u00bb version 2025"},"content":{"rendered":"\n<style type=\"text\/css\" data-created_by=\"avia_inline_auto\" id=\"style-css-av-37s3-23bad167485dfcca0d1c7f2cb84e41b2\">\n.avia-section.av-37s3-23bad167485dfcca0d1c7f2cb84e41b2{\nmargin-top:20px;\nmargin-bottom:20px;\n}\n<\/style>\n<div id='av_section_1'  class='avia-section av-37s3-23bad167485dfcca0d1c7f2cb84e41b2 main_color avia-section-default avia-no-border-styling  avia-builder-el-0  el_before_av_section  avia-builder-el-first  head_talk avia-bg-style-scroll container_wrap fullsize'  ><div class='container av-section-cont-open' ><main  role=\"main\" itemprop=\"mainContentOfPage\"  class='template-page content  av-content-full alpha units'><div class='post-entry post-entry-type-page post-entry-4998'><div class='entry-content-wrapper clearfix'>\n\n<style type=\"text\/css\" data-created_by=\"avia_inline_auto\" id=\"style-css-av-ll3dnv6h-4148c811db292f0b98b5ef1a1b585ab3\">\n#top .hr.hr-invisible.av-ll3dnv6h-4148c811db292f0b98b5ef1a1b585ab3{\nheight:40px;\n}\n<\/style>\n<div  class='hr av-ll3dnv6h-4148c811db292f0b98b5ef1a1b585ab3 hr-invisible  avia-builder-el-1  el_before_av_post_metadata  avia-builder-el-first '><span class='hr-inner '><span class=\"hr-inner-style\"><\/span><\/span><\/div>\n\n<style type=\"text\/css\" data-created_by=\"avia_inline_auto\" id=\"style-css-av-ll2bygrq-a1a13b3da260d9c9d49905a783ae5cc5\">\n#top .av-post-metadata-container.av-ll2bygrq-a1a13b3da260d9c9d49905a783ae5cc5{\ncolor:#ffffff;\nfont-size:22px;\n}\n#top .av-post-metadata-container.av-ll2bygrq-a1a13b3da260d9c9d49905a783ae5cc5 .av-post-metadata-container-inner{\nfont-size:22px;\n}\n<\/style>\n<div  id=\"author\"  class='av-post-metadata-container av-ll2bygrq-a1a13b3da260d9c9d49905a783ae5cc5 av-metadata-container-align-left  avia-builder-el-2  el_after_av_hr  el_before_av_textblock  av-desktop-hide av-medium-hide av-small-hide av-mini-hide av-metadata-container-1'><div class='av-post-metadata-container-inner'><span class=\"av-post-metadata-content av-post-metadata-meta-content\"><span class=\"av-post-metadata-content av-post-metadata-category\"><span class=\"av-post-metadata-category-link\" ><a href=\"https:\/\/influence.ch\/fr\/category\/lentretien\/\" >*L'entretien*<\/a><\/span><\/span><\/span><\/div><\/div>\n\n<style type=\"text\/css\" data-created_by=\"avia_inline_auto\" id=\"style-css-av-lajol5k3-bcabd5439ce39e62158db334b9b99d68\">\n#top .av_textblock_section.av-lajol5k3-bcabd5439ce39e62158db334b9b99d68 .avia_textblock{\ncolor:#ffffff;\n}\n<\/style>\n<section  class='av_textblock_section av-lajol5k3-bcabd5439ce39e62158db334b9b99d68'  itemscope=\"itemscope\" itemtype=\"https:\/\/schema.org\/BlogPosting\" itemprop=\"blogPost\" ><div class='avia_textblock av_inherit_color'  itemprop=\"text\" ><h1 style=\"text-align: center;\"><\/h1>\n<h1 style=\"text-align: center;\">\u00ab Mens sana in corpore sano \u00bb version 2025<\/h1>\n<p style=\"text-align: center;\">Oph\u00e9lia Jeanneret directrice du Service Sport Sant\u00e9 UNIL+EPFL sait pourquoi il faut faire bouger les \u00e9tudiants et les chercheurs. Et ce qui relie la politique, le sport et la sant\u00e9.<\/p>\n<\/div><\/section>\n\n<style type=\"text\/css\" data-created_by=\"avia_inline_auto\" id=\"style-css-av-kqp-d3340c463e9779d9fb5e4297bb48a84f\">\n#top .av-post-metadata-container.av-kqp-d3340c463e9779d9fb5e4297bb48a84f{\ncolor:#ffffff;\n}\n<\/style>\n<div  id=\"author\"  class='av-post-metadata-container av-kqp-d3340c463e9779d9fb5e4297bb48a84f av-metadata-container-align-left  avia-builder-el-4  el_after_av_textblock  el_before_av_hr  av-desktop-hide av-medium-hide av-small-hide av-mini-hide av-metadata-container-2'><div class='av-post-metadata-container-inner'><span class=\"av-post-metadata-content av-post-metadata-meta-content\"><span class=\"av-post-metadata-content av-post-metadata-author\"  itemprop=\"author\" ><span class=\"av-post-metadata-author-link\" ><a href=\"https:\/\/influence.ch\/fr\/author\/chrystel-domenjoz\/\"  rel=\"author\">Chrystel Domenjoz<\/a><\/span><\/span><\/span><\/div><\/div>\n\n<style type=\"text\/css\" data-created_by=\"avia_inline_auto\" id=\"style-css-av-3rkb-5af53ac747b34df56e11174e8e22e573\">\n#top .hr.hr-invisible.av-3rkb-5af53ac747b34df56e11174e8e22e573{\nheight:40px;\n}\n<\/style>\n<div  class='hr av-3rkb-5af53ac747b34df56e11174e8e22e573 hr-invisible  avia-builder-el-5  el_after_av_post_metadata  avia-builder-el-last '><span class='hr-inner '><span class=\"hr-inner-style\"><\/span><\/span><\/div>\n\n<\/div><\/div><\/main><!-- close content main element --><\/div><\/div><div id='av_section_2'  class='avia-section av-4nqx-1f9ea2e9ed6a23cc856f96335c63c817 main_color avia-section-default avia-no-border-styling  avia-builder-el-6  el_after_av_section  el_before_av_section  post-inhalt avia-bg-style-scroll container_wrap fullsize'  ><div class='container av-section-cont-open' ><div class='template-page content  av-content-full alpha units'><div class='post-entry post-entry-type-page post-entry-4998'><div class='entry-content-wrapper clearfix'>\n\n<style type=\"text\/css\" data-created_by=\"avia_inline_auto\" id=\"style-css-av-2su4x-5da5059746117e9ffb18a39325393eaf\">\n#top .av-post-metadata-container.av-2su4x-5da5059746117e9ffb18a39325393eaf{\ncolor:#000000;\nfont-size:16px;\n}\n#top .av-post-metadata-container.av-2su4x-5da5059746117e9ffb18a39325393eaf .av-post-metadata-container-inner{\nfont-size:16px;\n}\n<\/style>\n<div  id=\"author\"  class='av-post-metadata-container av-2su4x-5da5059746117e9ffb18a39325393eaf av-metadata-container-align-left  avia-builder-el-7  el_before_av_hr  avia-builder-el-first  av-metadata-container-3'><div class='av-post-metadata-container-inner'><span class=\"av-post-metadata-content av-post-metadata-meta-content\"><span class=\"av-post-metadata-content av-post-metadata-published\"><span class=\"av-post-metadata-published-date\" >27 mars 2025<\/span><span class=\"av-metadata-after av-metadata-after-published\">|<\/span><\/span><span class=\"av-post-metadata-content av-post-metadata-separator\"><\/span><span class=\"av-post-metadata-content av-post-metadata-author\"  itemprop=\"author\" ><span class=\"av-post-metadata-author-link\" ><a href=\"https:\/\/influence.ch\/fr\/author\/chrystel-domenjoz\/\"  rel=\"author\">Chrystel Domenjoz<\/a><\/span><span class=\"av-metadata-after av-metadata-after-author\">|<\/span><\/span><span class=\"av-post-metadata-content av-post-metadata-separator\"><\/span><span class=\"av-post-metadata-content av-post-metadata-category\"><span class=\"av-post-metadata-category-link\" ><a href=\"https:\/\/influence.ch\/fr\/category\/lentretien\/\" >*L'entretien*<\/a><\/span><\/span><\/span><\/div><\/div>\n\n<style type=\"text\/css\" data-created_by=\"avia_inline_auto\" id=\"style-css-av-ll2cb0de-1618aeaa710f9714e67c07fd3b765e06\">\n#top .hr.hr-invisible.av-ll2cb0de-1618aeaa710f9714e67c07fd3b765e06{\nheight:10px;\n}\n<\/style>\n<div  class='hr av-ll2cb0de-1618aeaa710f9714e67c07fd3b765e06 hr-invisible  avia-builder-el-8  el_after_av_post_metadata  el_before_av_image '><span class='hr-inner '><span class=\"hr-inner-style\"><\/span><\/span><\/div>\n\n<style type=\"text\/css\" data-created_by=\"avia_inline_auto\" id=\"style-css-av-ll2btvp2-25e0033c4b2d7fd78cfc73abc2b1b3af\">\n.avia-image-container.av-ll2btvp2-25e0033c4b2d7fd78cfc73abc2b1b3af img.avia_image{\nbox-shadow:none;\n}\n.avia-image-container.av-ll2btvp2-25e0033c4b2d7fd78cfc73abc2b1b3af .av-image-caption-overlay-center{\ncolor:#ffffff;\n}\n<\/style>\n<div  class='avia-image-container av-ll2btvp2-25e0033c4b2d7fd78cfc73abc2b1b3af av-styling- avia-align-center  avia-builder-el-9  el_after_av_hr  el_before_av_textblock '   itemprop=\"image\" itemscope=\"itemscope\" itemtype=\"https:\/\/schema.org\/ImageObject\" ><div class=\"avia-image-container-inner\"><div class=\"avia-image-overlay-wrap\"><img decoding=\"async\" class='wp-image-4996 avia-img-lazy-loading-not-4996 avia_image ' src=\"https:\/\/influence.ch\/wp-content\/uploads\/2025\/03\/Ophelia-Jeanneret.png\" alt='' title='Oph\u00e9lia Jeanneret'  height=\"1707\" width=\"2560\"  itemprop=\"thumbnailUrl\" srcset=\"https:\/\/influence.ch\/wp-content\/uploads\/2025\/03\/Ophelia-Jeanneret.png 2560w, https:\/\/influence.ch\/wp-content\/uploads\/2025\/03\/Ophelia-Jeanneret-300x200.png 300w, https:\/\/influence.ch\/wp-content\/uploads\/2025\/03\/Ophelia-Jeanneret-1030x687.png 1030w, https:\/\/influence.ch\/wp-content\/uploads\/2025\/03\/Ophelia-Jeanneret-768x512.png 768w, https:\/\/influence.ch\/wp-content\/uploads\/2025\/03\/Ophelia-Jeanneret-1536x1024.png 1536w, https:\/\/influence.ch\/wp-content\/uploads\/2025\/03\/Ophelia-Jeanneret-2048x1366.png 2048w, https:\/\/influence.ch\/wp-content\/uploads\/2025\/03\/Ophelia-Jeanneret-1500x1000.png 1500w, https:\/\/influence.ch\/wp-content\/uploads\/2025\/03\/Ophelia-Jeanneret-750x500.png 750w\" sizes=\"(max-width: 2560px) 100vw, 2560px\" \/><\/div><\/div><\/div>\n<section  class='av_textblock_section av-llowbfkh-a1f80455611878ef3d50e8f39989bd43'  itemscope=\"itemscope\" itemtype=\"https:\/\/schema.org\/BlogPosting\" itemprop=\"blogPost\" ><div class='avia_textblock'  itemprop=\"text\" ><h6>En tant que directrice du service Sport Sant\u00e9 UNIL+EPFL, Oph\u00e9lia Jeanneret ambitionne de maintenir les quelque 40&rsquo;000 \u00e9tudiants et employ\u00e9s du campus lausannois en mouvement, de faire rayonner l\u2019UNIL et l\u2019EPFL par une politique liant sport et sant\u00e9 et misant sur la recherche et les nouvelles technologies. <span class=\"TextRun SCXW67727848 BCX4\" lang=\"DE-CH\" xml:lang=\"DE-CH\" data-contrast=\"auto\"><span class=\"NormalTextRun SCXW67727848 BCX4\">(zvg)<\/span><\/span><\/h6>\n<\/div><\/section>\n\n<style type=\"text\/css\" data-created_by=\"avia_inline_auto\" id=\"style-css-av-2q8z-01ad5e0b5f31c74fd38e79a60fc3cd1d\">\n#top .av_textblock_section.av-2q8z-01ad5e0b5f31c74fd38e79a60fc3cd1d .avia_textblock{\nfont-size:22px;\n}\n<\/style>\n<section  class='av_textblock_section av-2q8z-01ad5e0b5f31c74fd38e79a60fc3cd1d'  itemscope=\"itemscope\" itemtype=\"https:\/\/schema.org\/BlogPosting\" itemprop=\"blogPost\" ><div class='avia_textblock'  itemprop=\"text\" ><p style=\"font-weight: 400;\">Oph\u00e9lia Jeanneret ambitionne de maintenir les quelque 40&rsquo;000 \u00e9tudiants et employ\u00e9s du campus lausannois en mouvement, de faire rayonner l\u2019UNIL et l\u2019EPFL par une politique liant sport et sant\u00e9 et misant sur la recherche et les nouvelles technologies. Rencontre avec la directrice du Service Sport Sant\u00e9 UNIL+EPFL, oratrice lors de l\u2019inauguration du nouveau bureau furrerhugi de Lausanne.<\/p>\n<p style=\"font-weight: 400;\"><strong>Lausanne est connue dans le monde entier comme Capitale olympique. Elle abrite une cinquantaine de f\u00e9d\u00e9rations sportives internationales. Le chef-lieu vaudois a accueilli les Jeux olympiques de la jeunesse en 2020, la ville accueillera la F\u00eate f\u00e9d\u00e9rale de gymnastique en juin prochain. Lausanne est associ\u00e9e au sport d\u2019\u00e9lite comme amateur. Sans oublier les hautes \u00e9coles, l\u2019Universit\u00e9 de Lausanne comme l\u2019EPFL, qui participent \u00e9galement \u00e0 ce rayonnement sportif de la ville.<\/strong><\/p>\n<p style=\"font-weight: 400;\"><strong>Oph\u00e9lia Jeanneret :<\/strong> C\u2019est un \u00e9crin unique au monde. C\u2019est un cadeau et cela demande une gouvernance claire et pr\u00e9cise pour maintenir et d\u00e9velopper cet h\u00e9ritage. Si on consid\u00e8re les trois missions des hautes \u00e9coles &#8211; \u00e0 savoir l\u2019enseignement, la recherche et le lien vers la cit\u00e9 &#8211; on a la possibilit\u00e9 de profiler cette singularit\u00e9 vers l\u2019ext\u00e9rieur.<\/p>\n<p style=\"font-weight: 400;\">Tous ces lieux embl\u00e9matiques, les f\u00e9d\u00e9rations internationales, le si\u00e8ge du CIO, les hautes \u00e9coles doivent nous permettre d\u2019op\u00e9rer le virage vers le sport et le sport sant\u00e9 de demain. Jusqu\u2019\u00e0 pr\u00e9sent le sport \u00e9tait surtout consid\u00e9r\u00e9 au-travers de ce qu\u2019il a de r\u00e9glement\u00e9, d\u2019institutionnel ou d\u2019associatif. Op\u00e9rer la transition vers la notion de sport sant\u00e9 est ce qui nous int\u00e9resse, avec tous les enjeux de soci\u00e9t\u00e9 qui y sont li\u00e9s : la sant\u00e9 publique, l\u2019int\u00e9gration ou la coh\u00e9sion par exemple.<\/p>\n<p><strong>C\u2019est d\u2019ailleurs une des premi\u00e8res choses que vous avez faite en prenant vos fonctions\u00a0: le \u00ab\u00a0service des sports universitaires\u00a0\u00bb est devenu \u00ab\u00a0Service Sport Sant\u00e9 UNIL+EPFL\u00a0\u00bb. Pourquoi ce changement de nom\u00a0? <\/strong><br \/>\n<strong>Jeanneret\u00a0:<\/strong> Nous tenons beaucoup au concept d\u2019\u00e9ducation \u00e0 la performance en sant\u00e9, qui doit \u00eatre accessible \u00e0 tout le monde. Pour nous, les membres de la communaut\u00e9 universitaire sont tout autant importants que les athl\u00e8tes qui vont aux Jeux Olympiques et gagnent des m\u00e9dailles. Le sport sant\u00e9, c\u2019est promouvoir le mouvement, l\u2019activit\u00e9 physique en tenant compte des derni\u00e8res recommandations de l\u2019OMS o\u00f9 chaque geste compte, par exemple se rendre \u00e0 une r\u00e9union en marchant.<\/p>\n<p>La prise en compte des individus dans une \u00e9ducation \u00e0 la performance en sant\u00e9 durable doit s\u2019envisager \u00e0 360 degr\u00e9s. Il y a la performance, le mouvement, mais aussi la sant\u00e9, domaine o\u00f9 nous n\u2019avons pas toutes les expertises. Et c\u2019est l\u00e0 o\u00f9 faire partie de cet \u00e9cosyst\u00e8me lausannois dense est un atout. Nous avons la chance d\u2019\u00eatre entour\u00e9s de centres de comp\u00e9tences en sant\u00e9, comme Unisant\u00e9, le CHUV, le centre SportAdo, l\u2019EHM, Vidymed par exemple.<\/p>\n<p><strong>Diriger le Service Sport Sant\u00e9 UNIL+EPFL, ce n\u2019est donc pas seulement la gestion des horaires des salles de gym et des terrains de foot\u00a0? <\/strong><br \/>\n<strong>Jeanneret\u00a0:<\/strong> Cela fait aussi partie de notre travail. Nous g\u00e9rons quelque 120 cours avec une offre tr\u00e8s vari\u00e9e. Nous voulons aussi sortir des salles de gym et d\u00e9localiser toutes les possibilit\u00e9s de bouger sur le campus. Le campus de Dorigny, c\u2019est une ville, avec des questions d\u2019urbanisme, de v\u00e9g\u00e9talisation, des \u00eelots de chaleur \u00e0 g\u00e9rer. Tout ceci entre dans le domaine de la sant\u00e9.<\/p>\n<p>Le campus de l\u2019UNIL a obtenu le label Healthy Campus, une d\u00e9marche initi\u00e9e par la F\u00e9d\u00e9ration internationale du sport universitaire pour am\u00e9liorer le bien-\u00eatre, la sant\u00e9 et l\u2019acc\u00e8s \u00e0 l\u2019activit\u00e9 physique des \u00e9tudiants et du personnel. Et nous organisons les Jours Sant\u00e9 \u00e0 l\u2019UNIL et \u00e0 l\u2019EPFL, qui vont aussi dans le sens d\u2019amener le sport sant\u00e9 sur les campus, avec une approche centr\u00e9e sur la compl\u00e9mentarit\u00e9 de la sant\u00e9 physique et mentale.<\/p>\n<p><strong>L\u2019une des missions des hautes \u00e9coles, c\u2019est la recherche, l\u2019innovation. Comment cela se traduit-il\u00a0? <\/strong><br \/>\n<strong>Jeanneret\u00a0:<\/strong> Toujours dans l\u2019id\u00e9e de d\u00e9velopper le sport de demain, nous avons un espace d\u00e9di\u00e9 \u00e0 l\u2019innovation, le Solution Lab (SLab). Le SLab offre un p\u00f4le d\u2019expertise et de d\u00e9veloppement aux diff\u00e9rents acteurs, start-ups, entreprises et institutions.<\/p>\n<p>Nous avons de plus notre projet de m\u00e9diath\u00e8que\u00a0: l\u2019id\u00e9e est de cr\u00e9er l\u2019avatar de chaque individu qui vient b\u00e9n\u00e9ficier d\u2019une prestation au sein de nos infrastructures, sportif d\u2019\u00e9lite ou pas. Ensuite, il pourra se connecter \u00e0 une m\u00e9diath\u00e8que qui lui proposera des recommandations individualis\u00e9es, des vid\u00e9os, pour poursuivre vers une \u00e9ducation \u00e0 la performance en sant\u00e9. D\u00e9velopper des algorithmes, int\u00e9grer l\u2019intelligence artificielle, favoriser l\u2019innovation et le d\u00e9veloppement de start-ups, cela fait aussi partie de nos missions. Nous apportons notre connaissance du terrain, l\u2019exp\u00e9rience utilisateur qui permet de d\u00e9velopper des prototypes qui seront les solutions de demain et int\u00e9resseront le march\u00e9 du sport au sens large.<\/p>\n<p>J\u2019aimerais aussi mentionner le projet \u00ab\u00a0Health for performance\u00a0\u00bb r\u00e9alis\u00e9 lors des Jeux olympiques de la jeunesse en 2020, qui m\u00eale sant\u00e9, sport et tech, en partenariat avec l\u2019UNIL, l\u2019EPFL, le CHUV et la Haute \u00e9cole de sant\u00e9 Vaud. C\u2019est un programme ludique qui permet d\u2019optimiser sa performance tout en faisant de la pr\u00e9vention. Cela permet de d\u00e9tecter par exemple s\u2019il y a des crispations ou des mouvements de compensation et permet d\u2019allier des recommandations individualis\u00e9es.<\/p>\n<p>On nous a demand\u00e9 de renouveler l\u2019exp\u00e9rience pour les championnats du monde de hockey sur glace en 2026 \u00e0 Zurich et Fribourg. Nous allons travailler ici avec l\u2019Universit\u00e9 de Fribourg. Nous nous projetons sur le long terme avec en ligne de mire les Jeux Olympiques et paralympiques de 2038. L\u2019h\u00e9ritage, c\u2019est aussi donner du sens \u00e0 toute grande manifestation. Et l\u2019innovation, c\u2019est une mani\u00e8re de laisser un h\u00e9ritage en termes de sant\u00e9 publique pour tout un chacun.<\/p>\n<p><strong>2038, \u00e7a peut para\u00eetre lointain. C\u2019est important de se projeter dans l\u2019avenir\u00a0?<\/strong><br \/>\n<strong>Jeanneret\u00a0:<\/strong> Je suis convaincue qu\u2019il est important de prendre le temps d\u2019expliquer ce qu\u2019on veut faire, c\u2019est pourquoi j\u2019aime bien parler de ce virage vers le sport sant\u00e9 pour la soci\u00e9t\u00e9.<\/p>\n<p>Pour moi, avoir cette clart\u00e9 de la vision pour les JO 2038, c\u2019est quelque chose qui doit commencer maintenant, pour rassurer, rassembler et expliquer la fonction citoyenne d\u2019un \u00e9v\u00e9nement comme les JO. On a \u00e9norm\u00e9ment de chance et aussi une responsabilit\u00e9 d\u2019accompagner cette transformation de l\u2019image des JO. On parlera peut-\u00eatre du gigantisme du sport sant\u00e9 en 2038 qui combinerait sport d\u2019\u00e9lite et engouement citoyen au mouvement. Ce serait magnifique\u00a0!<\/p>\n<p><strong>Vous avez b\u00e2ti votre carri\u00e8re dans le monde du sport.\u00a0 Que vous apporte cette exp\u00e9rience dans la gestion d\u2019une \u00e9quipe\u00a0?<\/strong><br \/>\n<strong>Jeanneret\u00a0:<\/strong> Ce que j\u2019ai pris avec moi du monde du sport, c\u2019est que si vous faites faire le mauvais geste \u00e0 une personne ou que vous la forcez \u00e0 un geste qui ne va pas dans sa coordination et motricit\u00e9 naturelle, vous n\u2019allez jamais atteindre l\u2019excellence. C\u2019est notre devise dans le service \u2013 travailler sur la qualit\u00e9 et l\u2019efficience du mouvement. Et c\u2019est comme \u00e7a que je con\u00e7ois le management\u00a0: prendre en compte les comp\u00e9tences naturelles des gens.<\/p>\n<\/div><\/section>\n\n<style type=\"text\/css\" data-created_by=\"avia_inline_auto\" id=\"style-css-av-llc465ry-f75b624155052f066fdf422a26df97ad\">\n.flex_column.av-llc465ry-f75b624155052f066fdf422a26df97ad{\npadding:0 25px 0 25px;\nbackground-color:#b2b2b2;\n}\n<\/style>\n<div class='flex_column av-llc465ry-f75b624155052f066fdf422a26df97ad av_one_full  avia-builder-el-12  el_after_av_textblock  avia-builder-el-last  first flex_column_div column-top-margin'     ><style type=\"text\/css\" data-created_by=\"avia_inline_auto\" id=\"style-css-av-ll2c83gx-cf053f42e8400d00206b281d1e18bf29\">\n#top .av_textblock_section.av-ll2c83gx-cf053f42e8400d00206b281d1e18bf29 .avia_textblock{\ncolor:#ffffff;\n}\n<\/style>\n<section  class='av_textblock_section av-ll2c83gx-cf053f42e8400d00206b281d1e18bf29'  itemscope=\"itemscope\" itemtype=\"https:\/\/schema.org\/BlogPosting\" itemprop=\"blogPost\" ><div class='avia_textblock av_inherit_color'  itemprop=\"text\" ><p><strong>\u00a0Oph\u00e9lia Jeanneret<\/strong> dirige depuis 2022 le Service Sport Sant\u00e9 UNIL+EPFL, un service d\u2019une quarantaine de personnes bas\u00e9 sur le campus lausannois. Elle est \u00e9galement depuis 2024 vice-pr\u00e9sidente de Swiss University Sports (SUS) \u2013 la fa\u00eeti\u00e8re des organisations sportives universitaires. Auparavant, cette ancienne patineuse artistique a travaill\u00e9 une dizaine d\u2019ann\u00e9es \u00e0 l\u2019Office F\u00e9d\u00e9ral du Sport \u00e0 Macolin, puis comme directrice du Service des sports et de l\u2019activit\u00e9 physique \u00e0 la Ville d\u2019Yverdon-les-Bains, ainsi que dans l\u2019entra\u00eenement d\u2019athl\u00e8tes de haut niveau comme pr\u00e9paratrice physique de nombreux patineurs artistiques, du NUC Volleyball (LNA) et du Hockey Club la Chaux-de-fonds (LNB). Oph\u00e9lia Jeanneret est titulaire d\u2019un doctorat en sciences du sport, dipl\u00f4m\u00e9e en management du sport ainsi qu\u2019en leadership et pilotage du sport et entra\u00eeneuse de sport d\u2019\u00e9lite.<\/p>\n<\/div><\/section><\/div><\/div><\/div><\/div><!-- close content main div --><\/div><\/div>\n<style type=\"text\/css\" data-created_by=\"avia_inline_auto\" id=\"style-css-av-dzp81-da28cffb59f33e3fd07afb0e81f574c1\">\n.avia-section.av-dzp81-da28cffb59f33e3fd07afb0e81f574c1{\nbackground-color:#ededed;\nbackground-image:unset;\n}\n<\/style>\n<div id='av_section_3'  class='avia-section av-dzp81-da28cffb59f33e3fd07afb0e81f574c1 main_color avia-section-default avia-no-border-styling  avia-builder-el-14  el_after_av_section  avia-builder-el-last  post_slider avia-bg-style-scroll container_wrap fullsize'  ><div class='container av-section-cont-open' ><div class='template-page content  av-content-full alpha units'><div class='post-entry post-entry-type-page post-entry-4998'><div class='entry-content-wrapper clearfix'>\n<div  data-slideshow-options=\"{&quot;animation&quot;:&quot;fade&quot;,&quot;autoplay&quot;:false,&quot;loop_autoplay&quot;:&quot;once&quot;,&quot;interval&quot;:&quot;5&quot;,&quot;loop_manual&quot;:&quot;manual-endless&quot;,&quot;autoplay_stopper&quot;:false,&quot;noNavigation&quot;:false,&quot;show_slide_delay&quot;:90}\" class='avia-content-slider avia-content-slider-active avia-content-slider1 avia-content-slider-odd  avia-builder-el-15  avia-builder-el-no-sibling  av-slideshow-ui av-control-default   av-no-slider-navigation av-slideshow-manual av-loop-once av-loop-manual-endless '  itemscope=\"itemscope\" itemtype=\"https:\/\/schema.org\/Blog\" ><div class=\"avia-content-slider-inner\"><div class=\"slide-entry-wrap\"><article class='slide-entry flex_column  post-entry post-entry-5687 slide-entry-overview slide-loop-1 slide-parity-odd  av_one_third first real-thumbnail post-format-standard'  itemscope=\"itemscope\" itemtype=\"https:\/\/schema.org\/BlogPosting\" itemprop=\"blogPost\" ><a href='https:\/\/influence.ch\/fr\/2025\/06\/26\/les-transports-publics-et-la-democratie\/' data-rel='slide-1' class='slide-image' title='\u00ab Nous devons nous en occuper \u00bb'><img decoding=\"async\" width=\"495\" height=\"400\" src=\"https:\/\/influence.ch\/wp-content\/uploads\/2025\/06\/STU-023-495x400.jpg\" class=\"wp-image-5681 avia-img-lazy-loading-not-5681 attachment-portfolio size-portfolio wp-post-image\" alt=\"\" srcset=\"https:\/\/influence.ch\/wp-content\/uploads\/2025\/06\/STU-023-495x400.jpg 495w, https:\/\/influence.ch\/wp-content\/uploads\/2025\/06\/STU-023-845x684.jpg 845w\" sizes=\"(max-width: 495px) 100vw, 495px\" \/><\/a><div class=\"slide-content\"><header class=\"entry-content-header\"><h3 class='slide-entry-title entry-title '  itemprop=\"headline\" ><a href='https:\/\/influence.ch\/fr\/2025\/06\/26\/les-transports-publics-et-la-democratie\/' title='\u00ab Nous devons nous en occuper \u00bb'>\u00ab Nous devons nous en occuper \u00bb<\/a><\/h3><span class=\"av-vertical-delimiter\"><\/span><\/header><div class=\"slide-meta\"><div class=\"slide-meta-comments\"><a href='https:\/\/influence.ch\/fr\/2025\/06\/26\/les-transports-publics-et-la-democratie\/#respond'>0 Commentaires<\/a><\/div><div class=\"slide-meta-del\">\/<\/div><time class='slide-meta-time updated'  itemprop=\"datePublished\" datetime=\"2025-06-26T08:10:37+02:00\" >26 juin 2025<\/time><\/div><div class='slide-entry-excerpt entry-content'  itemprop=\"text\" >Ueli St\u00fcckelberger, directeur de l'Union des transports publics, explique pourquoi de bonnes liaisons ne sont pas seulement importantes pour la mobilit\u00e9. Mais aussi pour la d\u00e9mocratie. <\/div><\/div><footer class=\"entry-footer\"><\/footer><span class='hidden'>\n\t\t\t\t<span class='av-structured-data'  itemprop=\"image\" itemscope=\"itemscope\" itemtype=\"https:\/\/schema.org\/ImageObject\" >\n\t\t\t\t\t\t<span itemprop='url'>https:\/\/influence.ch\/wp-content\/uploads\/2025\/06\/STU-023-scaled.jpg<\/span>\n\t\t\t\t\t\t<span itemprop='height'>1707<\/span>\n\t\t\t\t\t\t<span itemprop='width'>2560<\/span>\n\t\t\t\t<\/span>\n\t\t\t\t<span class='av-structured-data'  itemprop=\"publisher\" itemtype=\"https:\/\/schema.org\/Organization\" itemscope=\"itemscope\" >\n\t\t\t\t\t\t<span itemprop='name'>Eva Novak<\/span>\n\t\t\t\t\t\t<span itemprop='logo' itemscope itemtype='https:\/\/schema.org\/ImageObject'>\n\t\t\t\t\t\t\t<span itemprop='url'>https:\/\/influence.ch\/wp-content\/uploads\/2025\/02\/influence_Logo_FR_weiss-1030x277.png<\/span>\n\t\t\t\t\t\t <\/span>\n\t\t\t\t<\/span><span class='av-structured-data'  itemprop=\"author\" itemscope=\"itemscope\" itemtype=\"https:\/\/schema.org\/Person\" ><span itemprop='name'>Eva Novak<\/span><\/span><span class='av-structured-data'  itemprop=\"datePublished\" datetime=\"2025-03-27T15:11:39+01:00\" >2025-06-26 08:10:37<\/span><span class='av-structured-data'  itemprop=\"dateModified\" itemtype=\"https:\/\/schema.org\/dateModified\" >2025-06-26 14:21:12<\/span><span class='av-structured-data'  itemprop=\"mainEntityOfPage\" itemtype=\"https:\/\/schema.org\/mainEntityOfPage\" ><span itemprop='name'>\u00ab Nous devons nous en occuper \u00bb<\/span><\/span><\/span><\/article><article class='slide-entry flex_column  post-entry post-entry-7124 slide-entry-overview slide-loop-2 slide-parity-even  av_one_third  real-thumbnail post-format-standard'  itemscope=\"itemscope\" itemtype=\"https:\/\/schema.org\/BlogPosting\" itemprop=\"blogPost\" ><a href='https:\/\/influence.ch\/fr\/2026\/03\/26\/quand-la-democratie-seffrite\/' data-rel='slide-1' class='slide-image' title='La d\u00e9mocratie s&rsquo;effrite'><img decoding=\"async\" width=\"495\" height=\"400\" src=\"https:\/\/influence.ch\/wp-content\/uploads\/2025\/02\/influence_Verlaufe_politik-495x400.png\" class=\"wp-image-4694 avia-img-lazy-loading-not-4694 attachment-portfolio size-portfolio wp-post-image\" alt=\"\" srcset=\"https:\/\/influence.ch\/wp-content\/uploads\/2025\/02\/influence_Verlaufe_politik-495x400.png 495w, https:\/\/influence.ch\/wp-content\/uploads\/2025\/02\/influence_Verlaufe_politik-845x684.png 845w\" sizes=\"(max-width: 495px) 100vw, 495px\" \/><\/a><div class=\"slide-content\"><header class=\"entry-content-header\"><h3 class='slide-entry-title entry-title '  itemprop=\"headline\" ><a href='https:\/\/influence.ch\/fr\/2026\/03\/26\/quand-la-democratie-seffrite\/' title='La d\u00e9mocratie s&rsquo;effrite'>La d\u00e9mocratie s&rsquo;effrite<\/a><\/h3><span class=\"av-vertical-delimiter\"><\/span><\/header><div class=\"slide-meta\"><div class=\"slide-meta-comments\"><a href='https:\/\/influence.ch\/fr\/2026\/03\/26\/quand-la-democratie-seffrite\/#respond'>0 Commentaires<\/a><\/div><div class=\"slide-meta-del\">\/<\/div><time class='slide-meta-time updated'  itemprop=\"datePublished\" datetime=\"2026-03-26T14:23:53+01:00\" >26 mars 2026<\/time><\/div><div class='slide-entry-excerpt entry-content'  itemprop=\"text\" >Pourquoi les CEO suisses ne peuvent plus se taire<\/div><\/div><footer class=\"entry-footer\"><\/footer><span class='hidden'>\n\t\t\t\t<span class='av-structured-data'  itemprop=\"image\" itemscope=\"itemscope\" itemtype=\"https:\/\/schema.org\/ImageObject\" >\n\t\t\t\t\t\t<span itemprop='url'>https:\/\/influence.ch\/wp-content\/uploads\/2025\/02\/influence_Verlaufe_politik.png<\/span>\n\t\t\t\t\t\t<span itemprop='height'>2169<\/span>\n\t\t\t\t\t\t<span itemprop='width'>2442<\/span>\n\t\t\t\t<\/span>\n\t\t\t\t<span class='av-structured-data'  itemprop=\"publisher\" itemtype=\"https:\/\/schema.org\/Organization\" itemscope=\"itemscope\" >\n\t\t\t\t\t\t<span itemprop='name'>Matthias Halbeis<\/span>\n\t\t\t\t\t\t<span itemprop='logo' itemscope itemtype='https:\/\/schema.org\/ImageObject'>\n\t\t\t\t\t\t\t<span itemprop='url'>https:\/\/influence.ch\/wp-content\/uploads\/2025\/02\/influence_Logo_FR_weiss-1030x277.png<\/span>\n\t\t\t\t\t\t <\/span>\n\t\t\t\t<\/span><span class='av-structured-data'  itemprop=\"author\" itemscope=\"itemscope\" itemtype=\"https:\/\/schema.org\/Person\" ><span itemprop='name'>Matthias Halbeis<\/span><\/span><span class='av-structured-data'  itemprop=\"datePublished\" datetime=\"2025-03-27T15:11:39+01:00\" >2026-03-26 14:23:53<\/span><span class='av-structured-data'  itemprop=\"dateModified\" itemtype=\"https:\/\/schema.org\/dateModified\" >2026-04-29 16:37:33<\/span><span class='av-structured-data'  itemprop=\"mainEntityOfPage\" itemtype=\"https:\/\/schema.org\/mainEntityOfPage\" ><span itemprop='name'>La d\u00e9mocratie s&rsquo;effrite<\/span><\/span><\/span><\/article><article class='slide-entry flex_column  post-entry post-entry-5490 slide-entry-overview slide-loop-3 slide-parity-odd  av_one_third  real-thumbnail post-format-standard'  itemscope=\"itemscope\" itemtype=\"https:\/\/schema.org\/BlogPosting\" itemprop=\"blogPost\" ><a href='https:\/\/influence.ch\/fr\/2025\/05\/26\/on-ne-pourra-jamais-compenser-ca\/' data-rel='slide-1' class='slide-image' title='\u00ab On ne pourra jamais compenser \u00e7a \u00bb'><img decoding=\"async\" width=\"495\" height=\"330\" src=\"https:\/\/influence.ch\/wp-content\/uploads\/2025\/05\/NAG_1622-scaled.jpg\" class=\"wp-image-5600 avia-img-lazy-loading-not-5600 attachment-portfolio size-portfolio wp-post-image\" alt=\"\" srcset=\"https:\/\/influence.ch\/wp-content\/uploads\/2025\/05\/NAG_1622-scaled.jpg 2560w, https:\/\/influence.ch\/wp-content\/uploads\/2025\/05\/NAG_1622-300x200.jpg 300w, https:\/\/influence.ch\/wp-content\/uploads\/2025\/05\/NAG_1622-1030x687.jpg 1030w, https:\/\/influence.ch\/wp-content\/uploads\/2025\/05\/NAG_1622-768x512.jpg 768w\" sizes=\"(max-width: 495px) 100vw, 495px\" \/><\/a><div class=\"slide-content\"><header class=\"entry-content-header\"><h3 class='slide-entry-title entry-title '  itemprop=\"headline\" ><a href='https:\/\/influence.ch\/fr\/2025\/05\/26\/on-ne-pourra-jamais-compenser-ca\/' title='\u00ab On ne pourra jamais compenser \u00e7a \u00bb'>\u00ab On ne pourra jamais compenser \u00e7a \u00bb<\/a><\/h3><span class=\"av-vertical-delimiter\"><\/span><\/header><div class=\"slide-meta\"><div class=\"slide-meta-comments\"><a href='https:\/\/influence.ch\/fr\/2025\/05\/26\/on-ne-pourra-jamais-compenser-ca\/#respond'>0 Commentaires<\/a><\/div><div class=\"slide-meta-del\">\/<\/div><time class='slide-meta-time updated'  itemprop=\"datePublished\" datetime=\"2025-05-26T13:53:25+02:00\" >26 mai 2025<\/time><\/div><div class='slide-entry-excerpt entry-content'  itemprop=\"text\" >Nora Kronig, directrice de la CRS, explique les cons\u00e9quences massives de la r\u00e9duction de l'aide am\u00e9ricaine au d\u00e9veloppement - indirectement aussi pour la Croix-Rouge suisse.  <\/div><\/div><footer class=\"entry-footer\"><\/footer><span class='hidden'>\n\t\t\t\t<span class='av-structured-data'  itemprop=\"image\" itemscope=\"itemscope\" itemtype=\"https:\/\/schema.org\/ImageObject\" >\n\t\t\t\t\t\t<span itemprop='url'>https:\/\/influence.ch\/wp-content\/uploads\/2025\/05\/NAG_1622-scaled.jpg<\/span>\n\t\t\t\t\t\t<span itemprop='height'>1707<\/span>\n\t\t\t\t\t\t<span itemprop='width'>2560<\/span>\n\t\t\t\t<\/span>\n\t\t\t\t<span class='av-structured-data'  itemprop=\"publisher\" itemtype=\"https:\/\/schema.org\/Organization\" itemscope=\"itemscope\" >\n\t\t\t\t\t\t<span itemprop='name'>Eva Novak<\/span>\n\t\t\t\t\t\t<span itemprop='logo' itemscope itemtype='https:\/\/schema.org\/ImageObject'>\n\t\t\t\t\t\t\t<span itemprop='url'>https:\/\/influence.ch\/wp-content\/uploads\/2025\/02\/influence_Logo_FR_weiss-1030x277.png<\/span>\n\t\t\t\t\t\t <\/span>\n\t\t\t\t<\/span><span class='av-structured-data'  itemprop=\"author\" itemscope=\"itemscope\" itemtype=\"https:\/\/schema.org\/Person\" ><span itemprop='name'>Eva Novak<\/span><\/span><span class='av-structured-data'  itemprop=\"datePublished\" datetime=\"2025-03-27T15:11:39+01:00\" >2025-05-26 13:53:25<\/span><span class='av-structured-data'  itemprop=\"dateModified\" itemtype=\"https:\/\/schema.org\/dateModified\" >2025-05-28 11:44:14<\/span><span class='av-structured-data'  itemprop=\"mainEntityOfPage\" itemtype=\"https:\/\/schema.org\/mainEntityOfPage\" ><span itemprop='name'>\u00ab On ne pourra jamais compenser \u00e7a \u00bb<\/span><\/span><\/span><\/article><\/div><div class=\"slide-entry-wrap\"><article class='slide-entry flex_column  post-entry post-entry-4736 slide-entry-overview slide-loop-4 slide-parity-odd  av_one_third first real-thumbnail post-format-standard'  itemscope=\"itemscope\" itemtype=\"https:\/\/schema.org\/BlogPosting\" itemprop=\"blogPost\" ><a href='https:\/\/influence.ch\/fr\/2025\/02\/27\/fruehfranzoesisch-une-chronique-redigee-en-francais\/' data-rel='slide-1' class='slide-image' title='Fr\u00fchfranz\u00f6sisch \u2013 une chronique r\u00e9dig\u00e9e en fran\u00e7ais'><img decoding=\"async\" width=\"495\" height=\"400\" src=\"https:\/\/influence.ch\/wp-content\/uploads\/2022\/12\/influence_Verlaeufe_V01_5-495x400.png\" class=\"wp-image-517 avia-img-lazy-loading-not-517 attachment-portfolio size-portfolio wp-post-image\" alt=\"\" srcset=\"https:\/\/influence.ch\/wp-content\/uploads\/2022\/12\/influence_Verlaeufe_V01_5-495x400.png 495w, https:\/\/influence.ch\/wp-content\/uploads\/2022\/12\/influence_Verlaeufe_V01_5-845x684.png 845w\" sizes=\"(max-width: 495px) 100vw, 495px\" \/><\/a><div class=\"slide-content\"><header class=\"entry-content-header\"><h3 class='slide-entry-title entry-title '  itemprop=\"headline\" ><a href='https:\/\/influence.ch\/fr\/2025\/02\/27\/fruehfranzoesisch-une-chronique-redigee-en-francais\/' title='Fr\u00fchfranz\u00f6sisch \u2013 une chronique r\u00e9dig\u00e9e en fran\u00e7ais'>Fr\u00fchfranz\u00f6sisch \u2013 une chronique r\u00e9dig\u00e9e en fran\u00e7ais<\/a><\/h3><span class=\"av-vertical-delimiter\"><\/span><\/header><div class=\"slide-meta\"><div class=\"slide-meta-comments\"><a href='https:\/\/influence.ch\/fr\/2025\/02\/27\/fruehfranzoesisch-une-chronique-redigee-en-francais\/#respond'>0 Commentaires<\/a><\/div><div class=\"slide-meta-del\">\/<\/div><time class='slide-meta-time updated'  itemprop=\"datePublished\" datetime=\"2025-02-27T08:20:23+01:00\" >27 f\u00e9vrier 2025<\/time><\/div><div class='slide-entry-excerpt entry-content'  itemprop=\"text\" >Apprendre le fran\u00e7ais d\u00e8s l\u2019\u00e9cole primaire pour les petits al\u00e9maniques est souvent v\u00e9cu comme un fardeau. <\/div><\/div><footer class=\"entry-footer\"><\/footer><span class='hidden'>\n\t\t\t\t<span class='av-structured-data'  itemprop=\"image\" itemscope=\"itemscope\" itemtype=\"https:\/\/schema.org\/ImageObject\" >\n\t\t\t\t\t\t<span itemprop='url'>https:\/\/influence.ch\/wp-content\/uploads\/2022\/12\/influence_Verlaeufe_V01_5.png<\/span>\n\t\t\t\t\t\t<span itemprop='height'>2169<\/span>\n\t\t\t\t\t\t<span itemprop='width'>2442<\/span>\n\t\t\t\t<\/span>\n\t\t\t\t<span class='av-structured-data'  itemprop=\"publisher\" itemtype=\"https:\/\/schema.org\/Organization\" itemscope=\"itemscope\" >\n\t\t\t\t\t\t<span itemprop='name'>Chrystel Domenjoz<\/span>\n\t\t\t\t\t\t<span itemprop='logo' itemscope itemtype='https:\/\/schema.org\/ImageObject'>\n\t\t\t\t\t\t\t<span itemprop='url'>https:\/\/influence.ch\/wp-content\/uploads\/2025\/02\/influence_Logo_FR_weiss-1030x277.png<\/span>\n\t\t\t\t\t\t <\/span>\n\t\t\t\t<\/span><span class='av-structured-data'  itemprop=\"author\" itemscope=\"itemscope\" itemtype=\"https:\/\/schema.org\/Person\" ><span itemprop='name'>Chrystel Domenjoz<\/span><\/span><span class='av-structured-data'  itemprop=\"datePublished\" datetime=\"2025-03-27T15:11:39+01:00\" >2025-02-27 08:20:23<\/span><span class='av-structured-data'  itemprop=\"dateModified\" itemtype=\"https:\/\/schema.org\/dateModified\" >2025-02-27 15:33:03<\/span><span class='av-structured-data'  itemprop=\"mainEntityOfPage\" itemtype=\"https:\/\/schema.org\/mainEntityOfPage\" ><span itemprop='name'>Fr\u00fchfranz\u00f6sisch \u2013 une chronique r\u00e9dig\u00e9e en fran\u00e7ais<\/span><\/span><\/span><\/article><article class='slide-entry flex_column  post-entry post-entry-5638 slide-entry-overview slide-loop-5 slide-parity-even  av_one_third  real-thumbnail post-format-standard'  itemscope=\"itemscope\" itemtype=\"https:\/\/schema.org\/BlogPosting\" itemprop=\"blogPost\" ><a href='https:\/\/influence.ch\/fr\/2025\/06\/26\/prendre-des-decisions-difficiles-mode-demploi\/' data-rel='slide-1' class='slide-image' title='Prendre des d\u00e9cisions difficiles : mode d&#8217;emploi'><img decoding=\"async\" width=\"495\" height=\"400\" src=\"https:\/\/influence.ch\/wp-content\/uploads\/2022\/12\/influence_Verlaeufe_V01_5-495x400.png\" class=\"wp-image-517 avia-img-lazy-loading-not-517 attachment-portfolio size-portfolio wp-post-image\" alt=\"\" srcset=\"https:\/\/influence.ch\/wp-content\/uploads\/2022\/12\/influence_Verlaeufe_V01_5-495x400.png 495w, https:\/\/influence.ch\/wp-content\/uploads\/2022\/12\/influence_Verlaeufe_V01_5-845x684.png 845w\" sizes=\"(max-width: 495px) 100vw, 495px\" \/><\/a><div class=\"slide-content\"><header class=\"entry-content-header\"><h3 class='slide-entry-title entry-title '  itemprop=\"headline\" ><a href='https:\/\/influence.ch\/fr\/2025\/06\/26\/prendre-des-decisions-difficiles-mode-demploi\/' title='Prendre des d\u00e9cisions difficiles : mode d&#8217;emploi'>Prendre des d\u00e9cisions difficiles : mode d&#8217;emploi<\/a><\/h3><span class=\"av-vertical-delimiter\"><\/span><\/header><div class=\"slide-meta\"><div class=\"slide-meta-comments\"><a href='https:\/\/influence.ch\/fr\/2025\/06\/26\/prendre-des-decisions-difficiles-mode-demploi\/#respond'>0 Commentaires<\/a><\/div><div class=\"slide-meta-del\">\/<\/div><time class='slide-meta-time updated'  itemprop=\"datePublished\" datetime=\"2025-06-26T08:08:13+02:00\" >26 juin 2025<\/time><\/div><div class='slide-entry-excerpt entry-content'  itemprop=\"text\" >Ces neuf \u00e9tapes vous permettront de faire le meilleur choix possible  <\/div><\/div><footer class=\"entry-footer\"><\/footer><span class='hidden'>\n\t\t\t\t<span class='av-structured-data'  itemprop=\"image\" itemscope=\"itemscope\" itemtype=\"https:\/\/schema.org\/ImageObject\" >\n\t\t\t\t\t\t<span itemprop='url'>https:\/\/influence.ch\/wp-content\/uploads\/2022\/12\/influence_Verlaeufe_V01_5.png<\/span>\n\t\t\t\t\t\t<span itemprop='height'>2169<\/span>\n\t\t\t\t\t\t<span itemprop='width'>2442<\/span>\n\t\t\t\t<\/span>\n\t\t\t\t<span class='av-structured-data'  itemprop=\"publisher\" itemtype=\"https:\/\/schema.org\/Organization\" itemscope=\"itemscope\" >\n\t\t\t\t\t\t<span itemprop='name'>Matthias Halbeis<\/span>\n\t\t\t\t\t\t<span itemprop='logo' itemscope itemtype='https:\/\/schema.org\/ImageObject'>\n\t\t\t\t\t\t\t<span itemprop='url'>https:\/\/influence.ch\/wp-content\/uploads\/2025\/02\/influence_Logo_FR_weiss-1030x277.png<\/span>\n\t\t\t\t\t\t <\/span>\n\t\t\t\t<\/span><span class='av-structured-data'  itemprop=\"author\" itemscope=\"itemscope\" itemtype=\"https:\/\/schema.org\/Person\" ><span itemprop='name'>Matthias Halbeis<\/span><\/span><span class='av-structured-data'  itemprop=\"datePublished\" datetime=\"2025-03-27T15:11:39+01:00\" >2025-06-26 08:08:13<\/span><span class='av-structured-data'  itemprop=\"dateModified\" itemtype=\"https:\/\/schema.org\/dateModified\" >2025-06-26 14:26:40<\/span><span class='av-structured-data'  itemprop=\"mainEntityOfPage\" itemtype=\"https:\/\/schema.org\/mainEntityOfPage\" ><span itemprop='name'>Prendre des d\u00e9cisions difficiles : mode d&#8217;emploi<\/span><\/span><\/span><\/article><article class='slide-entry flex_column  post-entry post-entry-6922 slide-entry-overview slide-loop-6 slide-parity-odd  av_one_third  real-thumbnail post-format-standard'  itemscope=\"itemscope\" itemtype=\"https:\/\/schema.org\/BlogPosting\" itemprop=\"blogPost\" ><a href='https:\/\/influence.ch\/fr\/2026\/02\/26\/quand-les-mathematiques-expliquent-la-democratie-et-revelent-son-point-faible\/' data-rel='slide-1' class='slide-image' title='Quand les math\u00e9matiques expliquent la d\u00e9mocratie &#8211; et r\u00e9v\u00e8lent son point faible'><img decoding=\"async\" width=\"495\" height=\"400\" src=\"https:\/\/influence.ch\/wp-content\/uploads\/2022\/12\/influence_Verlaeufe_V01_5-495x400.png\" class=\"wp-image-517 avia-img-lazy-loading-not-517 attachment-portfolio size-portfolio wp-post-image\" alt=\"\" srcset=\"https:\/\/influence.ch\/wp-content\/uploads\/2022\/12\/influence_Verlaeufe_V01_5-495x400.png 495w, https:\/\/influence.ch\/wp-content\/uploads\/2022\/12\/influence_Verlaeufe_V01_5-845x684.png 845w\" sizes=\"(max-width: 495px) 100vw, 495px\" \/><\/a><div class=\"slide-content\"><header class=\"entry-content-header\"><h3 class='slide-entry-title entry-title '  itemprop=\"headline\" ><a href='https:\/\/influence.ch\/fr\/2026\/02\/26\/quand-les-mathematiques-expliquent-la-democratie-et-revelent-son-point-faible\/' title='Quand les math\u00e9matiques expliquent la d\u00e9mocratie &#8211; et r\u00e9v\u00e8lent son point faible'>Quand les math\u00e9matiques expliquent la d\u00e9mocratie &#8211; et r\u00e9v\u00e8lent son point faible<\/a><\/h3><span class=\"av-vertical-delimiter\"><\/span><\/header><div class=\"slide-meta\"><time class='slide-meta-time updated'  itemprop=\"datePublished\" datetime=\"2026-02-26T11:15:15+01:00\" >26 f\u00e9vrier 2026<\/time><\/div><div class='slide-entry-excerpt entry-content'  itemprop=\"text\" >Pourquoi un \u00e9conomiste a lanc\u00e9 une alerte \u00e0 la dictature dans les ann\u00e9es 1950  <\/div><\/div><footer class=\"entry-footer\"><\/footer><span class='hidden'>\n\t\t\t\t<span class='av-structured-data'  itemprop=\"image\" itemscope=\"itemscope\" itemtype=\"https:\/\/schema.org\/ImageObject\" >\n\t\t\t\t\t\t<span itemprop='url'>https:\/\/influence.ch\/wp-content\/uploads\/2022\/12\/influence_Verlaeufe_V01_5.png<\/span>\n\t\t\t\t\t\t<span itemprop='height'>2169<\/span>\n\t\t\t\t\t\t<span itemprop='width'>2442<\/span>\n\t\t\t\t<\/span>\n\t\t\t\t<span class='av-structured-data'  itemprop=\"publisher\" itemtype=\"https:\/\/schema.org\/Organization\" itemscope=\"itemscope\" >\n\t\t\t\t\t\t<span itemprop='name'>Matthias Halbeis<\/span>\n\t\t\t\t\t\t<span itemprop='logo' itemscope itemtype='https:\/\/schema.org\/ImageObject'>\n\t\t\t\t\t\t\t<span itemprop='url'>https:\/\/influence.ch\/wp-content\/uploads\/2025\/02\/influence_Logo_FR_weiss-1030x277.png<\/span>\n\t\t\t\t\t\t <\/span>\n\t\t\t\t<\/span><span class='av-structured-data'  itemprop=\"author\" itemscope=\"itemscope\" itemtype=\"https:\/\/schema.org\/Person\" ><span itemprop='name'>Matthias Halbeis<\/span><\/span><span class='av-structured-data'  itemprop=\"datePublished\" datetime=\"2025-03-27T15:11:39+01:00\" >2026-02-26 11:15:15<\/span><span class='av-structured-data'  itemprop=\"dateModified\" itemtype=\"https:\/\/schema.org\/dateModified\" >2026-02-26 14:16:36<\/span><span class='av-structured-data'  itemprop=\"mainEntityOfPage\" itemtype=\"https:\/\/schema.org\/mainEntityOfPage\" ><span itemprop='name'>Quand les math\u00e9matiques expliquent la d\u00e9mocratie &#8211; et r\u00e9v\u00e8lent son point faible<\/span><\/span><\/span><\/article><\/div><div class=\"slide-entry-wrap\"><article class='slide-entry flex_column  post-entry post-entry-5799 slide-entry-overview slide-loop-7 slide-parity-odd  av_one_third first real-thumbnail post-format-standard'  itemscope=\"itemscope\" itemtype=\"https:\/\/schema.org\/BlogPosting\" itemprop=\"blogPost\" ><a href='https:\/\/influence.ch\/fr\/2025\/08\/28\/quand-lia-faconne-votre-opinion-politique\/' data-rel='slide-1' class='slide-image' title='Quand l&rsquo;IA fa\u00e7onne votre opinion politique'><img decoding=\"async\" width=\"495\" height=\"400\" src=\"https:\/\/influence.ch\/wp-content\/uploads\/2022\/12\/influence_Verlaeufe_V01_1-495x400.png\" class=\"wp-image-522 avia-img-lazy-loading-not-522 attachment-portfolio size-portfolio wp-post-image\" alt=\"\" srcset=\"https:\/\/influence.ch\/wp-content\/uploads\/2022\/12\/influence_Verlaeufe_V01_1-495x400.png 495w, https:\/\/influence.ch\/wp-content\/uploads\/2022\/12\/influence_Verlaeufe_V01_1-845x684.png 845w\" sizes=\"(max-width: 495px) 100vw, 495px\" \/><\/a><div class=\"slide-content\"><header class=\"entry-content-header\"><h3 class='slide-entry-title entry-title '  itemprop=\"headline\" ><a href='https:\/\/influence.ch\/fr\/2025\/08\/28\/quand-lia-faconne-votre-opinion-politique\/' title='Quand l&rsquo;IA fa\u00e7onne votre opinion politique'>Quand l&rsquo;IA fa\u00e7onne votre opinion politique<\/a><\/h3><span class=\"av-vertical-delimiter\"><\/span><\/header><div class=\"slide-meta\"><time class='slide-meta-time updated'  itemprop=\"datePublished\" datetime=\"2025-08-28T09:28:50+02:00\" >28 ao\u00fbt 2025<\/time><\/div><div class='slide-entry-excerpt entry-content'  itemprop=\"text\" >Comment les chatbots influencent les croyances en dix minutes et ce que vous pouvez faire concr\u00e8tement pour y rem\u00e9dier  <\/div><\/div><footer class=\"entry-footer\"><\/footer><span class='hidden'>\n\t\t\t\t<span class='av-structured-data'  itemprop=\"image\" itemscope=\"itemscope\" itemtype=\"https:\/\/schema.org\/ImageObject\" >\n\t\t\t\t\t\t<span itemprop='url'>https:\/\/influence.ch\/wp-content\/uploads\/2022\/12\/influence_Verlaeufe_V01_1.png<\/span>\n\t\t\t\t\t\t<span itemprop='height'>2169<\/span>\n\t\t\t\t\t\t<span itemprop='width'>2442<\/span>\n\t\t\t\t<\/span>\n\t\t\t\t<span class='av-structured-data'  itemprop=\"publisher\" itemtype=\"https:\/\/schema.org\/Organization\" itemscope=\"itemscope\" >\n\t\t\t\t\t\t<span itemprop='name'>Pascal Ihle<\/span>\n\t\t\t\t\t\t<span itemprop='logo' itemscope itemtype='https:\/\/schema.org\/ImageObject'>\n\t\t\t\t\t\t\t<span itemprop='url'>https:\/\/influence.ch\/wp-content\/uploads\/2025\/02\/influence_Logo_FR_weiss-1030x277.png<\/span>\n\t\t\t\t\t\t <\/span>\n\t\t\t\t<\/span><span class='av-structured-data'  itemprop=\"author\" itemscope=\"itemscope\" itemtype=\"https:\/\/schema.org\/Person\" ><span itemprop='name'>Pascal Ihle<\/span><\/span><span class='av-structured-data'  itemprop=\"datePublished\" datetime=\"2025-03-27T15:11:39+01:00\" >2025-08-28 09:28:50<\/span><span class='av-structured-data'  itemprop=\"dateModified\" itemtype=\"https:\/\/schema.org\/dateModified\" >2025-08-28 16:21:44<\/span><span class='av-structured-data'  itemprop=\"mainEntityOfPage\" itemtype=\"https:\/\/schema.org\/mainEntityOfPage\" ><span itemprop='name'>Quand l&rsquo;IA fa\u00e7onne votre opinion politique<\/span><\/span><\/span><\/article><article class='slide-entry flex_column  post-entry post-entry-7134 slide-entry-overview slide-loop-8 slide-parity-even  av_one_third  real-thumbnail post-format-standard'  itemscope=\"itemscope\" itemtype=\"https:\/\/schema.org\/BlogPosting\" itemprop=\"blogPost\" ><a href='https:\/\/influence.ch\/fr\/2026\/03\/26\/les-influenceurs-artificiels-nouvelle-ere-de-linfluence\/' data-rel='slide-1' class='slide-image' title='Les influenceurs artificiels : nouvelle \u00e8re de l\u2019influence'><img decoding=\"async\" width=\"495\" height=\"400\" src=\"https:\/\/influence.ch\/wp-content\/uploads\/2022\/12\/influence_Verlaeufe_V01_5-495x400.png\" class=\"wp-image-517 avia-img-lazy-loading-not-517 attachment-portfolio size-portfolio wp-post-image\" alt=\"\" srcset=\"https:\/\/influence.ch\/wp-content\/uploads\/2022\/12\/influence_Verlaeufe_V01_5-495x400.png 495w, https:\/\/influence.ch\/wp-content\/uploads\/2022\/12\/influence_Verlaeufe_V01_5-845x684.png 845w\" sizes=\"(max-width: 495px) 100vw, 495px\" \/><\/a><div class=\"slide-content\"><header class=\"entry-content-header\"><h3 class='slide-entry-title entry-title '  itemprop=\"headline\" ><a href='https:\/\/influence.ch\/fr\/2026\/03\/26\/les-influenceurs-artificiels-nouvelle-ere-de-linfluence\/' title='Les influenceurs artificiels : nouvelle \u00e8re de l\u2019influence'>Les influenceurs artificiels : nouvelle \u00e8re de l\u2019influence<\/a><\/h3><span class=\"av-vertical-delimiter\"><\/span><\/header><div class=\"slide-meta\"><time class='slide-meta-time updated'  itemprop=\"datePublished\" datetime=\"2026-03-26T13:52:55+01:00\" >26 mars 2026<\/time><\/div><div class='slide-entry-excerpt entry-content'  itemprop=\"text\" >Comment la r\u00e9alit\u00e9 g\u00e9n\u00e9r\u00e9e par l'IA r\u00e9volutionne l'industrie de la communication<\/div><\/div><footer class=\"entry-footer\"><\/footer><span class='hidden'>\n\t\t\t\t<span class='av-structured-data'  itemprop=\"image\" itemscope=\"itemscope\" itemtype=\"https:\/\/schema.org\/ImageObject\" >\n\t\t\t\t\t\t<span itemprop='url'>https:\/\/influence.ch\/wp-content\/uploads\/2022\/12\/influence_Verlaeufe_V01_5.png<\/span>\n\t\t\t\t\t\t<span itemprop='height'>2169<\/span>\n\t\t\t\t\t\t<span itemprop='width'>2442<\/span>\n\t\t\t\t<\/span>\n\t\t\t\t<span class='av-structured-data'  itemprop=\"publisher\" itemtype=\"https:\/\/schema.org\/Organization\" itemscope=\"itemscope\" >\n\t\t\t\t\t\t<span itemprop='name'>Matthias Halbeis<\/span>\n\t\t\t\t\t\t<span itemprop='logo' itemscope itemtype='https:\/\/schema.org\/ImageObject'>\n\t\t\t\t\t\t\t<span itemprop='url'>https:\/\/influence.ch\/wp-content\/uploads\/2025\/02\/influence_Logo_FR_weiss-1030x277.png<\/span>\n\t\t\t\t\t\t <\/span>\n\t\t\t\t<\/span><span class='av-structured-data'  itemprop=\"author\" itemscope=\"itemscope\" itemtype=\"https:\/\/schema.org\/Person\" ><span itemprop='name'>Matthias Halbeis<\/span><\/span><span class='av-structured-data'  itemprop=\"datePublished\" datetime=\"2025-03-27T15:11:39+01:00\" >2026-03-26 13:52:55<\/span><span class='av-structured-data'  itemprop=\"dateModified\" itemtype=\"https:\/\/schema.org\/dateModified\" >2026-03-27 08:25:53<\/span><span class='av-structured-data'  itemprop=\"mainEntityOfPage\" itemtype=\"https:\/\/schema.org\/mainEntityOfPage\" ><span itemprop='name'>Les influenceurs artificiels : nouvelle \u00e8re de l\u2019influence<\/span><\/span><\/span><\/article><article class='slide-entry flex_column  post-entry post-entry-4410 slide-entry-overview slide-loop-9 slide-parity-odd  post-entry-last  av_one_third  real-thumbnail post-format-standard'  itemscope=\"itemscope\" itemtype=\"https:\/\/schema.org\/BlogPosting\" itemprop=\"blogPost\" ><a href='https:\/\/influence.ch\/fr\/2025\/01\/30\/la-societe-leconomie-et-les-bebes\/' data-rel='slide-1' class='slide-image' title='La soci\u00e9t\u00e9, l&rsquo;\u00e9conomie et les b\u00e9b\u00e9s'><img decoding=\"async\" width=\"495\" height=\"400\" src=\"https:\/\/influence.ch\/wp-content\/uploads\/2022\/12\/influence_Verlaeufe_V01_5-495x400.png\" class=\"wp-image-517 avia-img-lazy-loading-not-517 attachment-portfolio size-portfolio wp-post-image\" alt=\"\" srcset=\"https:\/\/influence.ch\/wp-content\/uploads\/2022\/12\/influence_Verlaeufe_V01_5-495x400.png 495w, https:\/\/influence.ch\/wp-content\/uploads\/2022\/12\/influence_Verlaeufe_V01_5-845x684.png 845w\" sizes=\"(max-width: 495px) 100vw, 495px\" \/><\/a><div class=\"slide-content\"><header class=\"entry-content-header\"><h3 class='slide-entry-title entry-title '  itemprop=\"headline\" ><a href='https:\/\/influence.ch\/fr\/2025\/01\/30\/la-societe-leconomie-et-les-bebes\/' title='La soci\u00e9t\u00e9, l&rsquo;\u00e9conomie et les b\u00e9b\u00e9s'>La soci\u00e9t\u00e9, l&rsquo;\u00e9conomie et les b\u00e9b\u00e9s<\/a><\/h3><span class=\"av-vertical-delimiter\"><\/span><\/header><div class=\"slide-meta\"><div class=\"slide-meta-comments\"><a href='https:\/\/influence.ch\/fr\/2025\/01\/30\/la-societe-leconomie-et-les-bebes\/#respond'>0 Commentaires<\/a><\/div><div class=\"slide-meta-del\">\/<\/div><time class='slide-meta-time updated'  itemprop=\"datePublished\" datetime=\"2025-01-30T10:55:24+01:00\" >30 janvier 2025<\/time><\/div><div class='slide-entry-excerpt entry-content'  itemprop=\"text\" >Comment le taux de natalit\u00e9 fa\u00e7onne l'\u00e9conomie mondiale  <\/div><\/div><footer class=\"entry-footer\"><\/footer><span class='hidden'>\n\t\t\t\t<span class='av-structured-data'  itemprop=\"image\" itemscope=\"itemscope\" itemtype=\"https:\/\/schema.org\/ImageObject\" >\n\t\t\t\t\t\t<span itemprop='url'>https:\/\/influence.ch\/wp-content\/uploads\/2022\/12\/influence_Verlaeufe_V01_5.png<\/span>\n\t\t\t\t\t\t<span itemprop='height'>2169<\/span>\n\t\t\t\t\t\t<span itemprop='width'>2442<\/span>\n\t\t\t\t<\/span>\n\t\t\t\t<span class='av-structured-data'  itemprop=\"publisher\" itemtype=\"https:\/\/schema.org\/Organization\" itemscope=\"itemscope\" >\n\t\t\t\t\t\t<span itemprop='name'>Matthias Halbeis<\/span>\n\t\t\t\t\t\t<span itemprop='logo' itemscope itemtype='https:\/\/schema.org\/ImageObject'>\n\t\t\t\t\t\t\t<span itemprop='url'>https:\/\/influence.ch\/wp-content\/uploads\/2025\/02\/influence_Logo_FR_weiss-1030x277.png<\/span>\n\t\t\t\t\t\t <\/span>\n\t\t\t\t<\/span><span class='av-structured-data'  itemprop=\"author\" itemscope=\"itemscope\" itemtype=\"https:\/\/schema.org\/Person\" ><span itemprop='name'>Matthias Halbeis<\/span><\/span><span class='av-structured-data'  itemprop=\"datePublished\" datetime=\"2025-03-27T15:11:39+01:00\" >2025-01-30 10:55:24<\/span><span class='av-structured-data'  itemprop=\"dateModified\" itemtype=\"https:\/\/schema.org\/dateModified\" >2025-01-31 10:31:36<\/span><span class='av-structured-data'  itemprop=\"mainEntityOfPage\" itemtype=\"https:\/\/schema.org\/mainEntityOfPage\" ><span itemprop='name'>La soci\u00e9t\u00e9, l&rsquo;\u00e9conomie et les b\u00e9b\u00e9s<\/span><\/span><\/span><\/article><\/div><\/div><div class='avia-slideshow-arrows avia-slideshow-controls' ><a href='#prev' class='prev-slide ' aria-hidden='true' data-av_icon='\ue87c' data-av_iconfont='entypo-fontello'  tabindex='-1'>Pr\u00e9c\u00e9dent<\/a><a href='#next' class='next-slide ' aria-hidden='true' data-av_icon='\ue87d' data-av_iconfont='entypo-fontello'  tabindex='-1'>Suivant<\/a><\/div><\/div>\n<\/p>\n","protected":false},"excerpt":{"rendered":"<p>Oph\u00e9lia Jeanneret directrice du Service Sport Sant\u00e9 UNIL+EPFL sait pourquoi il faut faire bouger les \u00e9tudiants et les chercheurs. Et ce qui relie la politique, le sport et la sant\u00e9.<\/p>\n","protected":false},"author":11,"featured_media":4996,"comment_status":"open","ping_status":"open","sticky":false,"template":"","format":"standard","meta":{"footnotes":""},"categories":[50],"tags":[58],"class_list":["post-4998","post","type-post","status-publish","format-standard","has-post-thumbnail","hentry","category-lentretien","tag-landscape"],"yoast_head":"<!-- This site is optimized with the Yoast SEO plugin v27.0 - https:\/\/yoast.com\/product\/yoast-seo-wordpress\/ -->\n<title>\u00ab Mens sana in corpore sano \u00bb version 2025 - influence powered by furrerhugi<\/title>\n<meta name=\"description\" content=\"Rencontre avec la directrice du Service Sport Sant\u00e9 UNIL-EPFL, oratrice lors de l\u2019inauguration du nouveau bureau furrerhugi de Lausanne.\" \/>\n<meta name=\"robots\" content=\"index, follow, max-snippet:-1, max-image-preview:large, max-video-preview:-1\" \/>\n<link rel=\"canonical\" href=\"https:\/\/influence.ch\/fr\/2025\/03\/27\/mens-sana-in-corpore-sano-version-2025\/\" \/>\n<meta property=\"og:locale\" content=\"fr_FR\" \/>\n<meta property=\"og:type\" content=\"article\" \/>\n<meta property=\"og:title\" content=\"\u00ab Mens sana in corpore sano \u00bb version 2025 - influence powered by furrerhugi\" \/>\n<meta property=\"og:description\" content=\"Rencontre avec la directrice du Service Sport Sant\u00e9 UNIL-EPFL, oratrice lors de l\u2019inauguration du nouveau bureau furrerhugi de Lausanne.\" \/>\n<meta property=\"og:url\" content=\"https:\/\/influence.ch\/fr\/2025\/03\/27\/mens-sana-in-corpore-sano-version-2025\/\" \/>\n<meta property=\"og:site_name\" content=\"influence powered by furrerhugi\" \/>\n<meta property=\"article:published_time\" content=\"2025-03-27T14:11:39+00:00\" \/>\n<meta property=\"article:modified_time\" content=\"2025-03-27T16:02:10+00:00\" \/>\n<meta property=\"og:image\" content=\"https:\/\/influence.ch\/wp-content\/uploads\/2025\/03\/Ophelia-Jeanneret-1030x687.png\" \/>\n<meta name=\"author\" content=\"Chrystel Domenjoz\" \/>\n<meta name=\"twitter:card\" content=\"summary_large_image\" \/>\n<meta name=\"twitter:image\" content=\"https:\/\/influence.ch\/wp-content\/uploads\/2025\/03\/Ophelia-Jeanneret-1030x687.png\" \/>\n<meta name=\"twitter:label1\" content=\"\u00c9crit par\" \/>\n\t<meta name=\"twitter:data1\" content=\"Chrystel Domenjoz\" \/>\n\t<meta name=\"twitter:label2\" content=\"Dur\u00e9e de lecture estim\u00e9e\" \/>\n\t<meta name=\"twitter:data2\" content=\"13 minutes\" \/>\n<script type=\"application\/ld+json\" class=\"yoast-schema-graph\">{\"@context\":\"https:\/\/schema.org\",\"@graph\":[{\"@type\":\"Article\",\"@id\":\"https:\/\/influence.ch\/fr\/2025\/03\/27\/mens-sana-in-corpore-sano-version-2025\/#article\",\"isPartOf\":{\"@id\":\"https:\/\/influence.ch\/fr\/2025\/03\/27\/mens-sana-in-corpore-sano-version-2025\/\"},\"author\":{\"name\":\"Chrystel Domenjoz\",\"@id\":\"https:\/\/influence.ch\/#\/schema\/person\/0f9af06b345ca0a785de115f99da2beb\"},\"headline\":\"\u00ab Mens sana in corpore sano \u00bb version 2025\",\"datePublished\":\"2025-03-27T14:11:39+00:00\",\"dateModified\":\"2025-03-27T16:02:10+00:00\",\"mainEntityOfPage\":{\"@id\":\"https:\/\/influence.ch\/fr\/2025\/03\/27\/mens-sana-in-corpore-sano-version-2025\/\"},\"wordCount\":3394,\"commentCount\":0,\"image\":{\"@id\":\"https:\/\/influence.ch\/fr\/2025\/03\/27\/mens-sana-in-corpore-sano-version-2025\/#primaryimage\"},\"thumbnailUrl\":\"https:\/\/influence.ch\/wp-content\/uploads\/2025\/03\/Ophelia-Jeanneret.png\",\"keywords\":[\"Landscape\"],\"articleSection\":[\"*L'entretien*\"],\"inLanguage\":\"fr-FR\",\"potentialAction\":[{\"@type\":\"CommentAction\",\"name\":\"Comment\",\"target\":[\"https:\/\/influence.ch\/fr\/2025\/03\/27\/mens-sana-in-corpore-sano-version-2025\/#respond\"]}]},{\"@type\":\"WebPage\",\"@id\":\"https:\/\/influence.ch\/fr\/2025\/03\/27\/mens-sana-in-corpore-sano-version-2025\/\",\"url\":\"https:\/\/influence.ch\/fr\/2025\/03\/27\/mens-sana-in-corpore-sano-version-2025\/\",\"name\":\"\u00ab Mens sana in corpore sano \u00bb version 2025 - influence powered by furrerhugi\",\"isPartOf\":{\"@id\":\"https:\/\/influence.ch\/#website\"},\"primaryImageOfPage\":{\"@id\":\"https:\/\/influence.ch\/fr\/2025\/03\/27\/mens-sana-in-corpore-sano-version-2025\/#primaryimage\"},\"image\":{\"@id\":\"https:\/\/influence.ch\/fr\/2025\/03\/27\/mens-sana-in-corpore-sano-version-2025\/#primaryimage\"},\"thumbnailUrl\":\"https:\/\/influence.ch\/wp-content\/uploads\/2025\/03\/Ophelia-Jeanneret.png\",\"datePublished\":\"2025-03-27T14:11:39+00:00\",\"dateModified\":\"2025-03-27T16:02:10+00:00\",\"author\":{\"@id\":\"https:\/\/influence.ch\/#\/schema\/person\/0f9af06b345ca0a785de115f99da2beb\"},\"description\":\"Rencontre avec la directrice du Service Sport Sant\u00e9 UNIL-EPFL, oratrice lors de l\u2019inauguration du nouveau bureau furrerhugi de Lausanne.\",\"breadcrumb\":{\"@id\":\"https:\/\/influence.ch\/fr\/2025\/03\/27\/mens-sana-in-corpore-sano-version-2025\/#breadcrumb\"},\"inLanguage\":\"fr-FR\",\"potentialAction\":[{\"@type\":\"ReadAction\",\"target\":[\"https:\/\/influence.ch\/fr\/2025\/03\/27\/mens-sana-in-corpore-sano-version-2025\/\"]}]},{\"@type\":\"ImageObject\",\"inLanguage\":\"fr-FR\",\"@id\":\"https:\/\/influence.ch\/fr\/2025\/03\/27\/mens-sana-in-corpore-sano-version-2025\/#primaryimage\",\"url\":\"https:\/\/influence.ch\/wp-content\/uploads\/2025\/03\/Ophelia-Jeanneret.png\",\"contentUrl\":\"https:\/\/influence.ch\/wp-content\/uploads\/2025\/03\/Ophelia-Jeanneret.png\",\"width\":2560,\"height\":1707},{\"@type\":\"BreadcrumbList\",\"@id\":\"https:\/\/influence.ch\/fr\/2025\/03\/27\/mens-sana-in-corpore-sano-version-2025\/#breadcrumb\",\"itemListElement\":[{\"@type\":\"ListItem\",\"position\":1,\"name\":\"Startseite\",\"item\":\"https:\/\/influence.ch\/fr\/influence\/\"},{\"@type\":\"ListItem\",\"position\":2,\"name\":\"\u00ab Mens sana in corpore sano \u00bb version 2025\"}]},{\"@type\":\"WebSite\",\"@id\":\"https:\/\/influence.ch\/#website\",\"url\":\"https:\/\/influence.ch\/\",\"name\":\"influence powered by furrerhugi\",\"description\":\"Vorsprung durch Wissen\",\"potentialAction\":[{\"@type\":\"SearchAction\",\"target\":{\"@type\":\"EntryPoint\",\"urlTemplate\":\"https:\/\/influence.ch\/?s={search_term_string}\"},\"query-input\":{\"@type\":\"PropertyValueSpecification\",\"valueRequired\":true,\"valueName\":\"search_term_string\"}}],\"inLanguage\":\"fr-FR\"},{\"@type\":\"Person\",\"@id\":\"https:\/\/influence.ch\/#\/schema\/person\/0f9af06b345ca0a785de115f99da2beb\",\"name\":\"Chrystel Domenjoz\",\"image\":{\"@type\":\"ImageObject\",\"inLanguage\":\"fr-FR\",\"@id\":\"https:\/\/influence.ch\/#\/schema\/person\/image\/\",\"url\":\"https:\/\/secure.gravatar.com\/avatar\/ff036fab7e6ff208ca631b34b4a99e3c165a8aa6436578040e0a316245beca0a?s=96&d=mm&r=g\",\"contentUrl\":\"https:\/\/secure.gravatar.com\/avatar\/ff036fab7e6ff208ca631b34b4a99e3c165a8aa6436578040e0a316245beca0a?s=96&d=mm&r=g\",\"caption\":\"Chrystel Domenjoz\"},\"url\":\"https:\/\/influence.ch\/fr\/author\/chrystel-domenjoz\/\"}]}<\/script>\n<!-- \/ Yoast SEO plugin. -->","yoast_head_json":{"title":"\u00ab Mens sana in corpore sano \u00bb version 2025 - influence powered by furrerhugi","description":"Rencontre avec la directrice du Service Sport Sant\u00e9 UNIL-EPFL, oratrice lors de l\u2019inauguration du nouveau bureau furrerhugi de Lausanne.","robots":{"index":"index","follow":"follow","max-snippet":"max-snippet:-1","max-image-preview":"max-image-preview:large","max-video-preview":"max-video-preview:-1"},"canonical":"https:\/\/influence.ch\/fr\/2025\/03\/27\/mens-sana-in-corpore-sano-version-2025\/","og_locale":"fr_FR","og_type":"article","og_title":"\u00ab Mens sana in corpore sano \u00bb version 2025 - influence powered by furrerhugi","og_description":"Rencontre avec la directrice du Service Sport Sant\u00e9 UNIL-EPFL, oratrice lors de l\u2019inauguration du nouveau bureau furrerhugi de Lausanne.","og_url":"https:\/\/influence.ch\/fr\/2025\/03\/27\/mens-sana-in-corpore-sano-version-2025\/","og_site_name":"influence powered by furrerhugi","article_published_time":"2025-03-27T14:11:39+00:00","article_modified_time":"2025-03-27T16:02:10+00:00","og_image":[{"url":"https:\/\/influence.ch\/wp-content\/uploads\/2025\/03\/Ophelia-Jeanneret-1030x687.png","type":"","width":"","height":""}],"author":"Chrystel Domenjoz","twitter_card":"summary_large_image","twitter_image":"https:\/\/influence.ch\/wp-content\/uploads\/2025\/03\/Ophelia-Jeanneret-1030x687.png","twitter_misc":{"\u00c9crit par":"Chrystel Domenjoz","Dur\u00e9e de lecture estim\u00e9e":"13 minutes"},"schema":{"@context":"https:\/\/schema.org","@graph":[{"@type":"Article","@id":"https:\/\/influence.ch\/fr\/2025\/03\/27\/mens-sana-in-corpore-sano-version-2025\/#article","isPartOf":{"@id":"https:\/\/influence.ch\/fr\/2025\/03\/27\/mens-sana-in-corpore-sano-version-2025\/"},"author":{"name":"Chrystel Domenjoz","@id":"https:\/\/influence.ch\/#\/schema\/person\/0f9af06b345ca0a785de115f99da2beb"},"headline":"\u00ab Mens sana in corpore sano \u00bb version 2025","datePublished":"2025-03-27T14:11:39+00:00","dateModified":"2025-03-27T16:02:10+00:00","mainEntityOfPage":{"@id":"https:\/\/influence.ch\/fr\/2025\/03\/27\/mens-sana-in-corpore-sano-version-2025\/"},"wordCount":3394,"commentCount":0,"image":{"@id":"https:\/\/influence.ch\/fr\/2025\/03\/27\/mens-sana-in-corpore-sano-version-2025\/#primaryimage"},"thumbnailUrl":"https:\/\/influence.ch\/wp-content\/uploads\/2025\/03\/Ophelia-Jeanneret.png","keywords":["Landscape"],"articleSection":["*L'entretien*"],"inLanguage":"fr-FR","potentialAction":[{"@type":"CommentAction","name":"Comment","target":["https:\/\/influence.ch\/fr\/2025\/03\/27\/mens-sana-in-corpore-sano-version-2025\/#respond"]}]},{"@type":"WebPage","@id":"https:\/\/influence.ch\/fr\/2025\/03\/27\/mens-sana-in-corpore-sano-version-2025\/","url":"https:\/\/influence.ch\/fr\/2025\/03\/27\/mens-sana-in-corpore-sano-version-2025\/","name":"\u00ab Mens sana in corpore sano \u00bb version 2025 - influence powered by furrerhugi","isPartOf":{"@id":"https:\/\/influence.ch\/#website"},"primaryImageOfPage":{"@id":"https:\/\/influence.ch\/fr\/2025\/03\/27\/mens-sana-in-corpore-sano-version-2025\/#primaryimage"},"image":{"@id":"https:\/\/influence.ch\/fr\/2025\/03\/27\/mens-sana-in-corpore-sano-version-2025\/#primaryimage"},"thumbnailUrl":"https:\/\/influence.ch\/wp-content\/uploads\/2025\/03\/Ophelia-Jeanneret.png","datePublished":"2025-03-27T14:11:39+00:00","dateModified":"2025-03-27T16:02:10+00:00","author":{"@id":"https:\/\/influence.ch\/#\/schema\/person\/0f9af06b345ca0a785de115f99da2beb"},"description":"Rencontre avec la directrice du Service Sport Sant\u00e9 UNIL-EPFL, oratrice lors de l\u2019inauguration du nouveau bureau furrerhugi de Lausanne.","breadcrumb":{"@id":"https:\/\/influence.ch\/fr\/2025\/03\/27\/mens-sana-in-corpore-sano-version-2025\/#breadcrumb"},"inLanguage":"fr-FR","potentialAction":[{"@type":"ReadAction","target":["https:\/\/influence.ch\/fr\/2025\/03\/27\/mens-sana-in-corpore-sano-version-2025\/"]}]},{"@type":"ImageObject","inLanguage":"fr-FR","@id":"https:\/\/influence.ch\/fr\/2025\/03\/27\/mens-sana-in-corpore-sano-version-2025\/#primaryimage","url":"https:\/\/influence.ch\/wp-content\/uploads\/2025\/03\/Ophelia-Jeanneret.png","contentUrl":"https:\/\/influence.ch\/wp-content\/uploads\/2025\/03\/Ophelia-Jeanneret.png","width":2560,"height":1707},{"@type":"BreadcrumbList","@id":"https:\/\/influence.ch\/fr\/2025\/03\/27\/mens-sana-in-corpore-sano-version-2025\/#breadcrumb","itemListElement":[{"@type":"ListItem","position":1,"name":"Startseite","item":"https:\/\/influence.ch\/fr\/influence\/"},{"@type":"ListItem","position":2,"name":"\u00ab Mens sana in corpore sano \u00bb version 2025"}]},{"@type":"WebSite","@id":"https:\/\/influence.ch\/#website","url":"https:\/\/influence.ch\/","name":"influence powered by furrerhugi","description":"Vorsprung durch Wissen","potentialAction":[{"@type":"SearchAction","target":{"@type":"EntryPoint","urlTemplate":"https:\/\/influence.ch\/?s={search_term_string}"},"query-input":{"@type":"PropertyValueSpecification","valueRequired":true,"valueName":"search_term_string"}}],"inLanguage":"fr-FR"},{"@type":"Person","@id":"https:\/\/influence.ch\/#\/schema\/person\/0f9af06b345ca0a785de115f99da2beb","name":"Chrystel Domenjoz","image":{"@type":"ImageObject","inLanguage":"fr-FR","@id":"https:\/\/influence.ch\/#\/schema\/person\/image\/","url":"https:\/\/secure.gravatar.com\/avatar\/ff036fab7e6ff208ca631b34b4a99e3c165a8aa6436578040e0a316245beca0a?s=96&d=mm&r=g","contentUrl":"https:\/\/secure.gravatar.com\/avatar\/ff036fab7e6ff208ca631b34b4a99e3c165a8aa6436578040e0a316245beca0a?s=96&d=mm&r=g","caption":"Chrystel Domenjoz"},"url":"https:\/\/influence.ch\/fr\/author\/chrystel-domenjoz\/"}]}},"_links":{"self":[{"href":"https:\/\/influence.ch\/fr\/wp-json\/wp\/v2\/posts\/4998","targetHints":{"allow":["GET"]}}],"collection":[{"href":"https:\/\/influence.ch\/fr\/wp-json\/wp\/v2\/posts"}],"about":[{"href":"https:\/\/influence.ch\/fr\/wp-json\/wp\/v2\/types\/post"}],"author":[{"embeddable":true,"href":"https:\/\/influence.ch\/fr\/wp-json\/wp\/v2\/users\/11"}],"replies":[{"embeddable":true,"href":"https:\/\/influence.ch\/fr\/wp-json\/wp\/v2\/comments?post=4998"}],"version-history":[{"count":8,"href":"https:\/\/influence.ch\/fr\/wp-json\/wp\/v2\/posts\/4998\/revisions"}],"predecessor-version":[{"id":5278,"href":"https:\/\/influence.ch\/fr\/wp-json\/wp\/v2\/posts\/4998\/revisions\/5278"}],"wp:featuredmedia":[{"embeddable":true,"href":"https:\/\/influence.ch\/fr\/wp-json\/wp\/v2\/media\/4996"}],"wp:attachment":[{"href":"https:\/\/influence.ch\/fr\/wp-json\/wp\/v2\/media?parent=4998"}],"wp:term":[{"taxonomy":"category","embeddable":true,"href":"https:\/\/influence.ch\/fr\/wp-json\/wp\/v2\/categories?post=4998"},{"taxonomy":"post_tag","embeddable":true,"href":"https:\/\/influence.ch\/fr\/wp-json\/wp\/v2\/tags?post=4998"}],"curies":[{"name":"wp","href":"https:\/\/api.w.org\/{rel}","templated":true}]}}