{"id":4952,"date":"2025-03-27T15:06:59","date_gmt":"2025-03-27T14:06:59","guid":{"rendered":"https:\/\/influence.ch\/?p=4952"},"modified":"2025-03-27T17:09:56","modified_gmt":"2025-03-27T16:09:56","slug":"la-suisse-paradis-de-lenseignement","status":"publish","type":"post","link":"https:\/\/influence.ch\/fr\/2025\/03\/27\/la-suisse-paradis-de-lenseignement\/","title":{"rendered":"La Suisse : le paradis de l&rsquo;enseignement priv\u00e9"},"content":{"rendered":"\n<style type=\"text\/css\" data-created_by=\"avia_inline_auto\" id=\"style-css-av-37s3-dc5ab0bdae0e6b1e5284627a5833266b\">\n.avia-section.av-37s3-dc5ab0bdae0e6b1e5284627a5833266b{\nmargin-top:20px;\nmargin-bottom:20px;\n}\n<\/style>\n<div id='av_section_1'  class='avia-section av-37s3-dc5ab0bdae0e6b1e5284627a5833266b main_color avia-section-default avia-no-border-styling  avia-builder-el-0  el_before_av_section  avia-builder-el-first  head_komm avia-bg-style-scroll container_wrap fullsize'  ><div class='container av-section-cont-open' ><main  role=\"main\" itemprop=\"mainContentOfPage\"  class='template-page content  av-content-full alpha units'><div class='post-entry post-entry-type-page post-entry-4952'><div class='entry-content-wrapper clearfix'>\n\n<style type=\"text\/css\" data-created_by=\"avia_inline_auto\" id=\"style-css-av-ll3dnv6h-4148c811db292f0b98b5ef1a1b585ab3\">\n#top .hr.hr-invisible.av-ll3dnv6h-4148c811db292f0b98b5ef1a1b585ab3{\nheight:40px;\n}\n<\/style>\n<div  class='hr av-ll3dnv6h-4148c811db292f0b98b5ef1a1b585ab3 hr-invisible  avia-builder-el-1  el_before_av_post_metadata  avia-builder-el-first '><span class='hr-inner '><span class=\"hr-inner-style\"><\/span><\/span><\/div>\n\n<style type=\"text\/css\" data-created_by=\"avia_inline_auto\" id=\"style-css-av-ll2bygrq-a1a13b3da260d9c9d49905a783ae5cc5\">\n#top .av-post-metadata-container.av-ll2bygrq-a1a13b3da260d9c9d49905a783ae5cc5{\ncolor:#ffffff;\nfont-size:22px;\n}\n#top .av-post-metadata-container.av-ll2bygrq-a1a13b3da260d9c9d49905a783ae5cc5 .av-post-metadata-container-inner{\nfont-size:22px;\n}\n<\/style>\n<div  id=\"author\"  class='av-post-metadata-container av-ll2bygrq-a1a13b3da260d9c9d49905a783ae5cc5 av-metadata-container-align-left  avia-builder-el-2  el_after_av_hr  el_before_av_one_full  av-desktop-hide av-medium-hide av-small-hide av-mini-hide av-metadata-container-1'><div class='av-post-metadata-container-inner'><span class=\"av-post-metadata-content av-post-metadata-meta-content\"><span class=\"av-post-metadata-content av-post-metadata-category\"><span class=\"av-post-metadata-category-link\" ><a href=\"https:\/\/influence.ch\/fr\/category\/economie\/\" >\u00c9conomie<\/a><\/span><\/span><\/span><\/div><\/div>\n<div class='flex_column av-580n-a0c99beb2a1882896586deb18bcf5405 av_one_full  avia-builder-el-3  el_after_av_post_metadata  el_before_av_post_metadata  first flex_column_div '     ><style type=\"text\/css\" data-created_by=\"avia_inline_auto\" id=\"style-css-av-lajol5k3-bcabd5439ce39e62158db334b9b99d68\">\n#top .av_textblock_section.av-lajol5k3-bcabd5439ce39e62158db334b9b99d68 .avia_textblock{\ncolor:#ffffff;\n}\n<\/style>\n<section  class='av_textblock_section av-lajol5k3-bcabd5439ce39e62158db334b9b99d68'  itemscope=\"itemscope\" itemtype=\"https:\/\/schema.org\/BlogPosting\" itemprop=\"blogPost\" ><div class='avia_textblock av_inherit_color'  itemprop=\"text\" ><h1 style=\"text-align: center;\"><\/h1>\n<h1 style=\"text-align: center;\">La Suisse : le paradis de l&rsquo;enseignement priv\u00e9 d&rsquo;excellence<\/h1>\n<div class=\"row\">\n<div class=\"col-14 offset-md-2 col-md-10\">\n<p class=\"lead-text\" style=\"text-align: center;\">Pourquoi la Suisse, et notamment la Suisse romande, attire les \u00e9coles les plus prestigieuses du monde<\/p>\n<\/div>\n<\/div>\n<\/div><\/section><\/div>\n<style type=\"text\/css\" data-created_by=\"avia_inline_auto\" id=\"style-css-av-kqp-d3340c463e9779d9fb5e4297bb48a84f\">\n#top .av-post-metadata-container.av-kqp-d3340c463e9779d9fb5e4297bb48a84f{\ncolor:#ffffff;\n}\n<\/style>\n<div  id=\"author\"  class='av-post-metadata-container av-kqp-d3340c463e9779d9fb5e4297bb48a84f av-metadata-container-align-left  avia-builder-el-5  el_after_av_one_full  el_before_av_hr  av-desktop-hide av-medium-hide av-small-hide av-mini-hide av-metadata-container-2'><div class='av-post-metadata-container-inner'><span class=\"av-post-metadata-content av-post-metadata-meta-content\"><span class=\"av-post-metadata-content av-post-metadata-author\"  itemprop=\"author\" ><span class=\"av-post-metadata-author-link\" ><a href=\"https:\/\/influence.ch\/fr\/author\/pascal-ihle\/\"  rel=\"author\">Pascal Ihle<\/a><\/span><\/span><\/span><\/div><\/div>\n\n<style type=\"text\/css\" data-created_by=\"avia_inline_auto\" id=\"style-css-av-3rkb-5af53ac747b34df56e11174e8e22e573\">\n#top .hr.hr-invisible.av-3rkb-5af53ac747b34df56e11174e8e22e573{\nheight:40px;\n}\n<\/style>\n<div  class='hr av-3rkb-5af53ac747b34df56e11174e8e22e573 hr-invisible  avia-builder-el-6  el_after_av_post_metadata  avia-builder-el-last '><span class='hr-inner '><span class=\"hr-inner-style\"><\/span><\/span><\/div>\n\n<\/div><\/div><\/main><!-- close content main element --><\/div><\/div><div id='av_section_2'  class='avia-section av-4nqx-1f9ea2e9ed6a23cc856f96335c63c817 main_color avia-section-default avia-no-border-styling  avia-builder-el-7  el_after_av_section  el_before_av_section  post-inhalt avia-bg-style-scroll container_wrap fullsize'  ><div class='container av-section-cont-open' ><div class='template-page content  av-content-full alpha units'><div class='post-entry post-entry-type-page post-entry-4952'><div class='entry-content-wrapper clearfix'>\n\n<style type=\"text\/css\" data-created_by=\"avia_inline_auto\" id=\"style-css-av-ll2diep3-4379f21ceadb0c1eabec389020991252\">\n#top .av-post-metadata-container.av-ll2diep3-4379f21ceadb0c1eabec389020991252{\ncolor:#000000;\nfont-size:16px;\n}\n#top .av-post-metadata-container.av-ll2diep3-4379f21ceadb0c1eabec389020991252 .av-post-metadata-container-inner{\nfont-size:16px;\n}\n<\/style>\n<div  id=\"author\"  class='av-post-metadata-container av-ll2diep3-4379f21ceadb0c1eabec389020991252 av-metadata-container-align-left  avia-builder-el-8  el_before_av_hr  avia-builder-el-first  av-metadata-container-3'><div class='av-post-metadata-container-inner'><span class=\"av-post-metadata-content av-post-metadata-meta-content\"><span class=\"av-post-metadata-content av-post-metadata-published\"><span class=\"av-post-metadata-published-date\" >27 mars 2025<\/span><span class=\"av-metadata-after av-metadata-after-published\">|<\/span><\/span><span class=\"av-post-metadata-content av-post-metadata-separator\"><\/span><span class=\"av-post-metadata-content av-post-metadata-author\"  itemprop=\"author\" ><span class=\"av-post-metadata-author-link\" ><a href=\"https:\/\/influence.ch\/fr\/author\/pascal-ihle\/\"  rel=\"author\">Pascal Ihle<\/a><\/span><span class=\"av-metadata-after av-metadata-after-author\">|<\/span><\/span><span class=\"av-post-metadata-content av-post-metadata-separator\"><\/span><span class=\"av-post-metadata-content av-post-metadata-category\"><span class=\"av-post-metadata-category-link\" ><a href=\"https:\/\/influence.ch\/fr\/category\/economie\/\" >\u00c9conomie<\/a><\/span><\/span><\/span><\/div><\/div>\n\n<style type=\"text\/css\" data-created_by=\"avia_inline_auto\" id=\"style-css-av-ll2cb0de-1618aeaa710f9714e67c07fd3b765e06\">\n#top .hr.hr-invisible.av-ll2cb0de-1618aeaa710f9714e67c07fd3b765e06{\nheight:10px;\n}\n<\/style>\n<div  class='hr av-ll2cb0de-1618aeaa710f9714e67c07fd3b765e06 hr-invisible  avia-builder-el-9  el_after_av_post_metadata  el_before_av_image '><span class='hr-inner '><span class=\"hr-inner-style\"><\/span><\/span><\/div>\n\n<style type=\"text\/css\" data-created_by=\"avia_inline_auto\" id=\"style-css-av-lqf328ck-b2534b3a9e5c85ff79337e2dcbe05b24\">\n.avia-image-container.av-lqf328ck-b2534b3a9e5c85ff79337e2dcbe05b24 img.avia_image{\nbox-shadow:none;\n}\n.avia-image-container.av-lqf328ck-b2534b3a9e5c85ff79337e2dcbe05b24 .av-image-caption-overlay-center{\ncolor:#ffffff;\n}\n<\/style>\n<div  class='avia-image-container av-lqf328ck-b2534b3a9e5c85ff79337e2dcbe05b24 av-styling- avia-align-center  avia-builder-el-10  el_after_av_hr  el_before_av_textblock '   itemprop=\"image\" itemscope=\"itemscope\" itemtype=\"https:\/\/schema.org\/ImageObject\" ><div class=\"avia-image-container-inner\"><div class=\"avia-image-overlay-wrap\"><img decoding=\"async\" class='wp-image-5212 avia-img-lazy-loading-not-5212 avia_image ' src=\"https:\/\/influence.ch\/wp-content\/uploads\/2025\/03\/influence_NL_Wirtschaft_Maerz_2025_02_FR-1536x881.png\" alt='' title='influence_NL_Wirtschaft_Maerz_2025_02_FR'  height=\"881\" width=\"1536\"  itemprop=\"thumbnailUrl\" srcset=\"https:\/\/influence.ch\/wp-content\/uploads\/2025\/03\/influence_NL_Wirtschaft_Maerz_2025_02_FR-1536x881.png 1536w, https:\/\/influence.ch\/wp-content\/uploads\/2025\/03\/influence_NL_Wirtschaft_Maerz_2025_02_FR-300x172.png 300w, https:\/\/influence.ch\/wp-content\/uploads\/2025\/03\/influence_NL_Wirtschaft_Maerz_2025_02_FR-1030x591.png 1030w, https:\/\/influence.ch\/wp-content\/uploads\/2025\/03\/influence_NL_Wirtschaft_Maerz_2025_02_FR-768x440.png 768w, https:\/\/influence.ch\/wp-content\/uploads\/2025\/03\/influence_NL_Wirtschaft_Maerz_2025_02_FR-2048x1174.png 2048w, https:\/\/influence.ch\/wp-content\/uploads\/2025\/03\/influence_NL_Wirtschaft_Maerz_2025_02_FR-1500x860.png 1500w, https:\/\/influence.ch\/wp-content\/uploads\/2025\/03\/influence_NL_Wirtschaft_Maerz_2025_02_FR-872x500.png 872w\" sizes=\"(max-width: 1536px) 100vw, 1536px\" \/><\/div><\/div><\/div>\n\n<style type=\"text\/css\" data-created_by=\"avia_inline_auto\" id=\"style-css-av-2q8z-01ad5e0b5f31c74fd38e79a60fc3cd1d\">\n#top .av_textblock_section.av-2q8z-01ad5e0b5f31c74fd38e79a60fc3cd1d .avia_textblock{\nfont-size:22px;\n}\n<\/style>\n<section  class='av_textblock_section av-2q8z-01ad5e0b5f31c74fd38e79a60fc3cd1d'  itemscope=\"itemscope\" itemtype=\"https:\/\/schema.org\/BlogPosting\" itemprop=\"blogPost\" ><div class='avia_textblock'  itemprop=\"text\" ><p style=\"font-weight: 400;\">La Suisse est connue dans le monde entier pour ses montres de luxe et ses paysages \u00e0 couper le souffle, mais elle abrite \u00e9galement certains des \u00e9tablissements d&rsquo;enseignement les plus r\u00e9put\u00e9s au monde. Ces \u00e9coles allient l&rsquo;excellence acad\u00e9mique \u00e0 une approche \u00e9ducative unique, pr\u00e9parant les \u00e9tudiants \u00e0 un monde globalis\u00e9.<\/p>\n<p style=\"font-weight: 400;\">Le magazine britannique Spear&rsquo;s a pass\u00e9 au crible les \u00e9tablissements d&rsquo;enseignement d&rsquo;excellence en Suisse. Il est particuli\u00e8rement frappant de constater que la grande majorit\u00e9 de ces \u00e9coles d&rsquo;\u00e9lite se trouvent en Suisse romande.<\/p>\n<p><strong>La Suisse : centre mondial de l&rsquo;enseignement priv\u00e9 exclusif<br \/>\n<\/strong>Lorsqu\u2019il est question des meilleures \u00e9coles priv\u00e9es du monde, la Suisse revient syst\u00e9matiquement dans la discussion. Notre pays s&rsquo;est impos\u00e9 comme l&rsquo;\u00e9picentre de l&rsquo;enseignement de premier ordre &#8211; une position confirm\u00e9e par le dernier classement des \u00e9coles \u00e9tabli par le Spear&rsquo;s Magazine. Cette publication, r\u00e9put\u00e9e pour son expertise en mati\u00e8re de gestion de patrimoine et de style de vie, identifie r\u00e9guli\u00e8rement les \u00e9tablissements d&rsquo;enseignement qui jouissent de la plus haute r\u00e9putation aupr\u00e8s des familles fortun\u00e9es du monde entier.<\/p>\n<p class=\"\" data-start=\"0\" data-end=\"54\"><strong data-start=\"0\" data-end=\"54\">Les \u00e9tablissements phares de l&rsquo;\u00e9ducation en Suisse<br \/>\n<\/strong>L\u2019Institut Le Rosey, situ\u00e9 \u00e0 Rolle, est souvent per\u00e7u comme un mod\u00e8le d&rsquo;excellence acad\u00e9mique et d\u2019\u00e9litisme scolaire. Avec des frais de scolarit\u00e9 annuels avoisinant les 130&rsquo;000 francs suisses, il figure parmi les \u00e9coles les plus on\u00e9reuses au monde. Son caract\u00e8re particulier est renforc\u00e9 par un d\u00e9m\u00e9nagement hivernal \u00e0 Gstaad, o\u00f9 les \u00e9l\u00e8ves alternent entre \u00e9tudes et sports d&rsquo;hiver entre d\u00e9cembre et mars. L&rsquo;\u00e9cole, surnomm\u00e9e \u00ab\u00a0l\u2019\u00e9cole des rois et des reines\u00a0\u00bb, se distingue ainsi par son environnement exclusif.<\/p>\n<p class=\"\" data-start=\"567\" data-end=\"968\">L&rsquo;Aiglon College, implant\u00e9 dans les Alpes vaudoises, adopte une approche \u00e9ducative unique, valorisant un d\u00e9veloppement global des \u00e9l\u00e8ves. Loin d&rsquo;\u00eatre uniquement acad\u00e9mique, l\u2019enseignement y est renforc\u00e9 par des activit\u00e9s en plein air, comme l\u2019alpinisme, qui contribuent \u00e0 former le caract\u00e8re des \u00e9l\u00e8ves. Le campus, situ\u00e9 \u00e0 1&rsquo;200 m\u00e8tres d\u2019altitude, accueille environ 420 \u00e9l\u00e8ves venus de plus de 60 pays.<\/p>\n<p class=\"\" data-start=\"970\" data-end=\"1345\">Dans le canton de Saint-Gall, l\u2019Institut auf dem Rosenberg se fait remarquer pour son approche \u00e9ducative novatrice. L\u2019\u00e9tablissement, qualifi\u00e9 de \u00ab laboratoire pour l&rsquo;\u00e9ducation du futur \u00bb, allie les principes acad\u00e9miques traditionnels \u00e0 une vision tourn\u00e9e vers l&rsquo;avenir, notamment \u00e0 travers son concept d\u2019Artisanal Intelligence, qui lui a valu une reconnaissance internationale.<\/p>\n<p class=\"\" data-start=\"1347\" data-end=\"1619\">Enfin, l&rsquo;Ecole d&rsquo;Humanit\u00e9, dans l&rsquo;Oberland bernois, se distingue par une p\u00e9dagogie progressiste. Fond\u00e9e par des \u00e9ducateurs r\u00e9formateurs, cette institution met l\u2019accent sur l\u2019apprentissage exp\u00e9rientiel, offrant ainsi une alternative aux mod\u00e8les d\u2019internats plus classiques.<\/p>\n<p class=\"\" data-start=\"0\" data-end=\"76\"><strong data-start=\"0\" data-end=\"76\">Pourquoi la Suisse romande domine-t-elle le secteur des \u00e9coles d&rsquo;\u00e9lite ?<br \/>\n<\/strong>La forte concentration d\u2019institutions scolaires prestigieuses en Suisse romande trouve ses origines dans des facteurs historiques et culturels :<\/p>\n<ul>\n<li data-start=\"224\" data-end=\"409\"><strong data-start=\"224\" data-end=\"258\">Une tradition \u00e9ducative ancr\u00e9e<\/strong> : Depuis la fin du XIXe si\u00e8cle, des internats ont vu le jour en Suisse romande, m\u00ealant les id\u00e9aux \u00e9ducatifs fran\u00e7ais aux standards de qualit\u00e9 suisses.<\/li>\n<li data-start=\"411\" data-end=\"612\"><strong data-start=\"411\" data-end=\"453\">Une situation g\u00e9ographique strat\u00e9gique<\/strong> : La proximit\u00e9 de Gen\u00e8ve, ville si\u00e8ge d\u2019organisations internationales, et sa position centrale en Europe en font un lieu pris\u00e9 par les \u00e9lites internationales.<\/li>\n<li data-start=\"614\" data-end=\"845\"><strong data-start=\"614\" data-end=\"640\">Des avantages naturels<\/strong> : Les paysages lacustres et les panoramas alpins apportent non seulement un environnement sain, mais \u00e9galement un cadre prestigieux qui r\u00e9pond aux crit\u00e8res d\u2019exclusivit\u00e9 recherch\u00e9s par ces \u00e9tablissements.<\/li>\n<li data-start=\"847\" data-end=\"1033\"><strong data-start=\"847\" data-end=\"867\">Un pont culturel<\/strong> : La Suisse romande combine le raffinement fran\u00e7ais et la rigueur suisse, cr\u00e9ant ainsi un environnement \u00e9ducatif particuli\u00e8rement appr\u00e9ci\u00e9 des familles cosmopolites.<\/li>\n<\/ul>\n<p class=\"\" data-start=\"1035\" data-end=\"1079\"><strong data-start=\"1035\" data-end=\"1079\">L&rsquo;\u00e9ducation holistique comme sp\u00e9cificit\u00e9<br \/>\n<\/strong>Les \u00e9coles d\u2019\u00e9lite suisses se distinguent par plusieurs caract\u00e9ristiques qui expliquent leur popularit\u00e9 \u00e0 l&rsquo;\u00e9chelle internationale. Parmi celles-ci, la diversit\u00e9 linguistique occupe une place primordiale. Nombre de ces institutions offrent un enseignement bilingue ou multilingue, permettant aux \u00e9l\u00e8ves de d\u00e9velopper des comp\u00e9tences en communication et en r\u00e9flexion dans plusieurs langues, essentielles dans un monde globalis\u00e9.<\/p>\n<p class=\"\" data-start=\"1510\" data-end=\"1766\">Ces \u00e9tablissements mettent \u00e9galement un accent particulier sur la formation du caract\u00e8re, en proposant des activit\u00e9s extrascolaires et des d\u00e9fis personnels qui visent \u00e0 renforcer des comp\u00e9tences telles que le leadership, l&rsquo;esprit d&rsquo;\u00e9quipe et la r\u00e9silience.<\/p>\n<p class=\"\" data-start=\"1768\" data-end=\"2188\">Une autre dimension cl\u00e9 est la perspective globale que ces \u00e9coles cultivent. La diversit\u00e9 culturelle de leurs \u00e9tudiants favorise un environnement d\u2019apprentissage o\u00f9 la tol\u00e9rance et la compr\u00e9hension interculturelle sont au c\u0153ur du quotidien. De plus, les petites tailles de classe permettent un suivi personnalis\u00e9, offrant ainsi un accompagnement sur mesure pour chaque \u00e9l\u00e8ve, en fonction de ses forces et de ses besoins.<\/p>\n<p class=\"\" data-start=\"2190\" data-end=\"2407\">Malgr\u00e9 des frais annuels qui varient entre 70&rsquo;000 et 130&rsquo;000 francs, la demande pour ces \u00e9tablissements reste \u00e9lev\u00e9e, attestant de la r\u00e9putation de la Suisse comme r\u00e9f\u00e9rence mondiale en mati\u00e8re d\u2019\u00e9ducation de qualit\u00e9.<\/p>\n<p>Source : Bas\u00e9 sur le classement \u00ab Best Schools in Switzerland \u00bb du Spear&rsquo;s Magazine.<\/p>\n<\/div><\/section>\n\n<style type=\"text\/css\" data-created_by=\"avia_inline_auto\" id=\"style-css-av-m8rjeof4-4e95deddf071047947a18c7048ebcd75\">\n.avia-image-container.av-m8rjeof4-4e95deddf071047947a18c7048ebcd75 img.avia_image{\nbox-shadow:none;\n}\n.avia-image-container.av-m8rjeof4-4e95deddf071047947a18c7048ebcd75 .av-image-caption-overlay-center{\ncolor:#ffffff;\n}\n<\/style>\n<div  class='avia-image-container av-m8rjeof4-4e95deddf071047947a18c7048ebcd75 av-styling- avia-align-center  avia-builder-el-12  el_after_av_textblock  avia-builder-el-last '   itemprop=\"image\" itemscope=\"itemscope\" itemtype=\"https:\/\/schema.org\/ImageObject\" ><div class=\"avia-image-container-inner\"><div class=\"avia-image-overlay-wrap\"><img decoding=\"async\" class='wp-image-5220 avia-img-lazy-loading-not-5220 avia_image ' src=\"https:\/\/influence.ch\/wp-content\/uploads\/2025\/03\/influence_NL_Wirtschaft_Maerz_2025_03_FR-1536x1509.png\" alt='' title='influence_NL_Wirtschaft_Maerz_2025_03_FR'  height=\"1509\" width=\"1536\"  itemprop=\"thumbnailUrl\" srcset=\"https:\/\/influence.ch\/wp-content\/uploads\/2025\/03\/influence_NL_Wirtschaft_Maerz_2025_03_FR-1536x1509.png 1536w, https:\/\/influence.ch\/wp-content\/uploads\/2025\/03\/influence_NL_Wirtschaft_Maerz_2025_03_FR-300x295.png 300w, https:\/\/influence.ch\/wp-content\/uploads\/2025\/03\/influence_NL_Wirtschaft_Maerz_2025_03_FR-1030x1012.png 1030w, https:\/\/influence.ch\/wp-content\/uploads\/2025\/03\/influence_NL_Wirtschaft_Maerz_2025_03_FR-80x80.png 80w, https:\/\/influence.ch\/wp-content\/uploads\/2025\/03\/influence_NL_Wirtschaft_Maerz_2025_03_FR-768x755.png 768w, https:\/\/influence.ch\/wp-content\/uploads\/2025\/03\/influence_NL_Wirtschaft_Maerz_2025_03_FR-2048x2012.png 2048w, https:\/\/influence.ch\/wp-content\/uploads\/2025\/03\/influence_NL_Wirtschaft_Maerz_2025_03_FR-36x36.png 36w, https:\/\/influence.ch\/wp-content\/uploads\/2025\/03\/influence_NL_Wirtschaft_Maerz_2025_03_FR-1500x1474.png 1500w, https:\/\/influence.ch\/wp-content\/uploads\/2025\/03\/influence_NL_Wirtschaft_Maerz_2025_03_FR-509x500.png 509w\" sizes=\"(max-width: 1536px) 100vw, 1536px\" \/><\/div><\/div><\/div>\n<\/div><\/div><\/div><!-- close content main div --><\/div><\/div>\n<style type=\"text\/css\" data-created_by=\"avia_inline_auto\" id=\"style-css-av-fbiot-f1ec76308f4d06aba266faf19bdf7526\">\n.avia-section.av-fbiot-f1ec76308f4d06aba266faf19bdf7526{\nbackground-color:#ededed;\nbackground-image:unset;\n}\n<\/style>\n<div id='av_section_3'  class='avia-section av-fbiot-f1ec76308f4d06aba266faf19bdf7526 main_color avia-section-default avia-no-border-styling  avia-builder-el-13  el_after_av_section  avia-builder-el-last  post_slider avia-bg-style-scroll container_wrap fullsize'  ><div class='container av-section-cont-open' ><div class='template-page content  av-content-full alpha units'><div class='post-entry post-entry-type-page post-entry-4952'><div class='entry-content-wrapper clearfix'>\n<div  data-slideshow-options=\"{&quot;animation&quot;:&quot;fade&quot;,&quot;autoplay&quot;:false,&quot;loop_autoplay&quot;:&quot;once&quot;,&quot;interval&quot;:&quot;5&quot;,&quot;loop_manual&quot;:&quot;manual-endless&quot;,&quot;autoplay_stopper&quot;:false,&quot;noNavigation&quot;:false,&quot;show_slide_delay&quot;:90}\" class='avia-content-slider avia-content-slider-active avia-content-slider1 avia-content-slider-odd  avia-builder-el-14  avia-builder-el-no-sibling  av-slideshow-ui av-control-default   av-no-slider-navigation av-slideshow-manual av-loop-once av-loop-manual-endless '  itemscope=\"itemscope\" itemtype=\"https:\/\/schema.org\/Blog\" ><div class=\"avia-content-slider-inner\"><div class=\"slide-entry-wrap\"><article class='slide-entry flex_column  post-entry post-entry-6017 slide-entry-overview slide-loop-1 slide-parity-odd  av_one_third first real-thumbnail post-format-standard'  itemscope=\"itemscope\" itemtype=\"https:\/\/schema.org\/BlogPosting\" itemprop=\"blogPost\" ><a href='https:\/\/influence.ch\/fr\/2025\/09\/23\/quand-les-faux-profils-empoisonnent-le-debat-public\/' data-rel='slide-1' class='slide-image' title='Quand les faux profils empoisonnent le d\u00e9bat public'><img decoding=\"async\" width=\"495\" height=\"400\" src=\"https:\/\/influence.ch\/wp-content\/uploads\/2022\/12\/influence_Verlaeufe_V01_1-495x400.png\" class=\"wp-image-522 avia-img-lazy-loading-not-522 attachment-portfolio size-portfolio wp-post-image\" alt=\"\" srcset=\"https:\/\/influence.ch\/wp-content\/uploads\/2022\/12\/influence_Verlaeufe_V01_1-495x400.png 495w, https:\/\/influence.ch\/wp-content\/uploads\/2022\/12\/influence_Verlaeufe_V01_1-845x684.png 845w\" sizes=\"(max-width: 495px) 100vw, 495px\" \/><\/a><div class=\"slide-content\"><header class=\"entry-content-header\"><h3 class='slide-entry-title entry-title '  itemprop=\"headline\" ><a href='https:\/\/influence.ch\/fr\/2025\/09\/23\/quand-les-faux-profils-empoisonnent-le-debat-public\/' title='Quand les faux profils empoisonnent le d\u00e9bat public'>Quand les faux profils empoisonnent le d\u00e9bat public<\/a><\/h3><span class=\"av-vertical-delimiter\"><\/span><\/header><div class=\"slide-meta\"><time class='slide-meta-time updated'  itemprop=\"datePublished\" datetime=\"2025-09-23T13:57:36+02:00\" >23 septembre 2025<\/time><\/div><div class='slide-entry-excerpt entry-content'  itemprop=\"text\" >Ce que l'affaire Dunja Hayali signifie pour la Suisse  <\/div><\/div><footer class=\"entry-footer\"><\/footer><span class='hidden'>\n\t\t\t\t<span class='av-structured-data'  itemprop=\"image\" itemscope=\"itemscope\" itemtype=\"https:\/\/schema.org\/ImageObject\" >\n\t\t\t\t\t\t<span itemprop='url'>https:\/\/influence.ch\/wp-content\/uploads\/2022\/12\/influence_Verlaeufe_V01_1.png<\/span>\n\t\t\t\t\t\t<span itemprop='height'>2169<\/span>\n\t\t\t\t\t\t<span itemprop='width'>2442<\/span>\n\t\t\t\t<\/span>\n\t\t\t\t<span class='av-structured-data'  itemprop=\"publisher\" itemtype=\"https:\/\/schema.org\/Organization\" itemscope=\"itemscope\" >\n\t\t\t\t\t\t<span itemprop='name'>Matthias Halbeis<\/span>\n\t\t\t\t\t\t<span itemprop='logo' itemscope itemtype='https:\/\/schema.org\/ImageObject'>\n\t\t\t\t\t\t\t<span itemprop='url'>https:\/\/influence.ch\/wp-content\/uploads\/2025\/02\/influence_Logo_FR_weiss-1030x277.png<\/span>\n\t\t\t\t\t\t <\/span>\n\t\t\t\t<\/span><span class='av-structured-data'  itemprop=\"author\" itemscope=\"itemscope\" itemtype=\"https:\/\/schema.org\/Person\" ><span itemprop='name'>Matthias Halbeis<\/span><\/span><span class='av-structured-data'  itemprop=\"datePublished\" datetime=\"2025-03-27T15:06:59+01:00\" >2025-09-23 13:57:36<\/span><span class='av-structured-data'  itemprop=\"dateModified\" itemtype=\"https:\/\/schema.org\/dateModified\" >2025-09-25 15:28:44<\/span><span class='av-structured-data'  itemprop=\"mainEntityOfPage\" itemtype=\"https:\/\/schema.org\/mainEntityOfPage\" ><span itemprop='name'>Quand les faux profils empoisonnent le d\u00e9bat public<\/span><\/span><\/span><\/article><article class='slide-entry flex_column  post-entry post-entry-4935 slide-entry-overview slide-loop-2 slide-parity-even  av_one_third  real-thumbnail post-format-standard'  itemscope=\"itemscope\" itemtype=\"https:\/\/schema.org\/BlogPosting\" itemprop=\"blogPost\" ><a href='https:\/\/influence.ch\/fr\/2025\/05\/26\/les-jeunes-se-dispersent-politiquement\/' data-rel='slide-1' class='slide-image' title='Divergences politiques chez les jeunes'><img decoding=\"async\" width=\"495\" height=\"400\" src=\"https:\/\/influence.ch\/wp-content\/uploads\/2022\/12\/influence_Verlaeufe_V01_5-495x400.png\" class=\"wp-image-517 avia-img-lazy-loading-not-517 attachment-portfolio size-portfolio wp-post-image\" alt=\"\" srcset=\"https:\/\/influence.ch\/wp-content\/uploads\/2022\/12\/influence_Verlaeufe_V01_5-495x400.png 495w, https:\/\/influence.ch\/wp-content\/uploads\/2022\/12\/influence_Verlaeufe_V01_5-845x684.png 845w\" sizes=\"(max-width: 495px) 100vw, 495px\" \/><\/a><div class=\"slide-content\"><header class=\"entry-content-header\"><h3 class='slide-entry-title entry-title '  itemprop=\"headline\" ><a href='https:\/\/influence.ch\/fr\/2025\/05\/26\/les-jeunes-se-dispersent-politiquement\/' title='Divergences politiques chez les jeunes'>Divergences politiques chez les jeunes<\/a><\/h3><span class=\"av-vertical-delimiter\"><\/span><\/header><div class=\"slide-meta\"><div class=\"slide-meta-comments\"><a href='https:\/\/influence.ch\/fr\/2025\/05\/26\/les-jeunes-se-dispersent-politiquement\/#respond'>0 Commentaires<\/a><\/div><div class=\"slide-meta-del\">\/<\/div><time class='slide-meta-time updated'  itemprop=\"datePublished\" datetime=\"2025-05-26T13:51:54+02:00\" >26 mai 2025<\/time><\/div><div class='slide-entry-excerpt entry-content'  itemprop=\"text\" >Une \u00e9tude r\u00e9v\u00e8le l'augmentation du foss\u00e9 politique entre les adolescents - avec des cons\u00e9quences pour la Suisse<\/div><\/div><footer class=\"entry-footer\"><\/footer><span class='hidden'>\n\t\t\t\t<span class='av-structured-data'  itemprop=\"image\" itemscope=\"itemscope\" itemtype=\"https:\/\/schema.org\/ImageObject\" >\n\t\t\t\t\t\t<span itemprop='url'>https:\/\/influence.ch\/wp-content\/uploads\/2022\/12\/influence_Verlaeufe_V01_5.png<\/span>\n\t\t\t\t\t\t<span itemprop='height'>2169<\/span>\n\t\t\t\t\t\t<span itemprop='width'>2442<\/span>\n\t\t\t\t<\/span>\n\t\t\t\t<span class='av-structured-data'  itemprop=\"publisher\" itemtype=\"https:\/\/schema.org\/Organization\" itemscope=\"itemscope\" >\n\t\t\t\t\t\t<span itemprop='name'>Matthias Halbeis<\/span>\n\t\t\t\t\t\t<span itemprop='logo' itemscope itemtype='https:\/\/schema.org\/ImageObject'>\n\t\t\t\t\t\t\t<span itemprop='url'>https:\/\/influence.ch\/wp-content\/uploads\/2025\/02\/influence_Logo_FR_weiss-1030x277.png<\/span>\n\t\t\t\t\t\t <\/span>\n\t\t\t\t<\/span><span class='av-structured-data'  itemprop=\"author\" itemscope=\"itemscope\" itemtype=\"https:\/\/schema.org\/Person\" ><span itemprop='name'>Matthias Halbeis<\/span><\/span><span class='av-structured-data'  itemprop=\"datePublished\" datetime=\"2025-03-27T15:06:59+01:00\" >2025-05-26 13:51:54<\/span><span class='av-structured-data'  itemprop=\"dateModified\" itemtype=\"https:\/\/schema.org\/dateModified\" >2025-05-28 10:18:57<\/span><span class='av-structured-data'  itemprop=\"mainEntityOfPage\" itemtype=\"https:\/\/schema.org\/mainEntityOfPage\" ><span itemprop='name'>Divergences politiques chez les jeunes<\/span><\/span><\/span><\/article><article class='slide-entry flex_column  post-entry post-entry-4736 slide-entry-overview slide-loop-3 slide-parity-odd  av_one_third  real-thumbnail post-format-standard'  itemscope=\"itemscope\" itemtype=\"https:\/\/schema.org\/BlogPosting\" itemprop=\"blogPost\" ><a href='https:\/\/influence.ch\/fr\/2025\/02\/27\/fruehfranzoesisch-une-chronique-redigee-en-francais\/' data-rel='slide-1' class='slide-image' title='Fr\u00fchfranz\u00f6sisch \u2013 une chronique r\u00e9dig\u00e9e en fran\u00e7ais'><img decoding=\"async\" width=\"495\" height=\"400\" src=\"https:\/\/influence.ch\/wp-content\/uploads\/2022\/12\/influence_Verlaeufe_V01_5-495x400.png\" class=\"wp-image-517 avia-img-lazy-loading-not-517 attachment-portfolio size-portfolio wp-post-image\" alt=\"\" srcset=\"https:\/\/influence.ch\/wp-content\/uploads\/2022\/12\/influence_Verlaeufe_V01_5-495x400.png 495w, https:\/\/influence.ch\/wp-content\/uploads\/2022\/12\/influence_Verlaeufe_V01_5-845x684.png 845w\" sizes=\"(max-width: 495px) 100vw, 495px\" \/><\/a><div class=\"slide-content\"><header class=\"entry-content-header\"><h3 class='slide-entry-title entry-title '  itemprop=\"headline\" ><a href='https:\/\/influence.ch\/fr\/2025\/02\/27\/fruehfranzoesisch-une-chronique-redigee-en-francais\/' title='Fr\u00fchfranz\u00f6sisch \u2013 une chronique r\u00e9dig\u00e9e en fran\u00e7ais'>Fr\u00fchfranz\u00f6sisch \u2013 une chronique r\u00e9dig\u00e9e en fran\u00e7ais<\/a><\/h3><span class=\"av-vertical-delimiter\"><\/span><\/header><div class=\"slide-meta\"><div class=\"slide-meta-comments\"><a href='https:\/\/influence.ch\/fr\/2025\/02\/27\/fruehfranzoesisch-une-chronique-redigee-en-francais\/#respond'>0 Commentaires<\/a><\/div><div class=\"slide-meta-del\">\/<\/div><time class='slide-meta-time updated'  itemprop=\"datePublished\" datetime=\"2025-02-27T08:20:23+01:00\" >27 f\u00e9vrier 2025<\/time><\/div><div class='slide-entry-excerpt entry-content'  itemprop=\"text\" >Apprendre le fran\u00e7ais d\u00e8s l\u2019\u00e9cole primaire pour les petits al\u00e9maniques est souvent v\u00e9cu comme un fardeau. <\/div><\/div><footer class=\"entry-footer\"><\/footer><span class='hidden'>\n\t\t\t\t<span class='av-structured-data'  itemprop=\"image\" itemscope=\"itemscope\" itemtype=\"https:\/\/schema.org\/ImageObject\" >\n\t\t\t\t\t\t<span itemprop='url'>https:\/\/influence.ch\/wp-content\/uploads\/2022\/12\/influence_Verlaeufe_V01_5.png<\/span>\n\t\t\t\t\t\t<span itemprop='height'>2169<\/span>\n\t\t\t\t\t\t<span itemprop='width'>2442<\/span>\n\t\t\t\t<\/span>\n\t\t\t\t<span class='av-structured-data'  itemprop=\"publisher\" itemtype=\"https:\/\/schema.org\/Organization\" itemscope=\"itemscope\" >\n\t\t\t\t\t\t<span itemprop='name'>Chrystel Domenjoz<\/span>\n\t\t\t\t\t\t<span itemprop='logo' itemscope itemtype='https:\/\/schema.org\/ImageObject'>\n\t\t\t\t\t\t\t<span itemprop='url'>https:\/\/influence.ch\/wp-content\/uploads\/2025\/02\/influence_Logo_FR_weiss-1030x277.png<\/span>\n\t\t\t\t\t\t <\/span>\n\t\t\t\t<\/span><span class='av-structured-data'  itemprop=\"author\" itemscope=\"itemscope\" itemtype=\"https:\/\/schema.org\/Person\" ><span itemprop='name'>Chrystel Domenjoz<\/span><\/span><span class='av-structured-data'  itemprop=\"datePublished\" datetime=\"2025-03-27T15:06:59+01:00\" >2025-02-27 08:20:23<\/span><span class='av-structured-data'  itemprop=\"dateModified\" itemtype=\"https:\/\/schema.org\/dateModified\" >2025-02-27 15:33:03<\/span><span class='av-structured-data'  itemprop=\"mainEntityOfPage\" itemtype=\"https:\/\/schema.org\/mainEntityOfPage\" ><span itemprop='name'>Fr\u00fchfranz\u00f6sisch \u2013 une chronique r\u00e9dig\u00e9e en fran\u00e7ais<\/span><\/span><\/span><\/article><\/div><div class=\"slide-entry-wrap\"><article class='slide-entry flex_column  post-entry post-entry-6765 slide-entry-overview slide-loop-4 slide-parity-odd  av_one_third first real-thumbnail post-format-standard'  itemscope=\"itemscope\" itemtype=\"https:\/\/schema.org\/BlogPosting\" itemprop=\"blogPost\" ><a href='https:\/\/influence.ch\/fr\/2026\/01\/29\/la-nouvelle-architecture-de-securite-de-lordre-aux-zones-dinfluence\/' data-rel='slide-1' class='slide-image' title='S\u00e9curit\u00e9 globale: le retour aux zones d&rsquo;influence'><img decoding=\"async\" width=\"495\" height=\"400\" src=\"https:\/\/influence.ch\/wp-content\/uploads\/2022\/12\/influence_Verlaeufe_V01_1-495x400.png\" class=\"wp-image-522 avia-img-lazy-loading-not-522 attachment-portfolio size-portfolio wp-post-image\" alt=\"\" srcset=\"https:\/\/influence.ch\/wp-content\/uploads\/2022\/12\/influence_Verlaeufe_V01_1-495x400.png 495w, https:\/\/influence.ch\/wp-content\/uploads\/2022\/12\/influence_Verlaeufe_V01_1-845x684.png 845w\" sizes=\"(max-width: 495px) 100vw, 495px\" \/><\/a><div class=\"slide-content\"><header class=\"entry-content-header\"><h3 class='slide-entry-title entry-title '  itemprop=\"headline\" ><a href='https:\/\/influence.ch\/fr\/2026\/01\/29\/la-nouvelle-architecture-de-securite-de-lordre-aux-zones-dinfluence\/' title='S\u00e9curit\u00e9 globale: le retour aux zones d&rsquo;influence'>S\u00e9curit\u00e9 globale: le retour aux zones d&rsquo;influence<\/a><\/h3><span class=\"av-vertical-delimiter\"><\/span><\/header><div class=\"slide-meta\"><time class='slide-meta-time updated'  itemprop=\"datePublished\" datetime=\"2026-01-29T10:17:53+01:00\" >29 janvier 2026<\/time><\/div><div class='slide-entry-excerpt entry-content'  itemprop=\"text\" >Comment le comportement des \u00c9tats-Unis commence \u00e0 \u00e9touffer la coop\u00e9ration multilat\u00e9rale<\/div><\/div><footer class=\"entry-footer\"><\/footer><span class='hidden'>\n\t\t\t\t<span class='av-structured-data'  itemprop=\"image\" itemscope=\"itemscope\" itemtype=\"https:\/\/schema.org\/ImageObject\" >\n\t\t\t\t\t\t<span itemprop='url'>https:\/\/influence.ch\/wp-content\/uploads\/2022\/12\/influence_Verlaeufe_V01_1.png<\/span>\n\t\t\t\t\t\t<span itemprop='height'>2169<\/span>\n\t\t\t\t\t\t<span itemprop='width'>2442<\/span>\n\t\t\t\t<\/span>\n\t\t\t\t<span class='av-structured-data'  itemprop=\"publisher\" itemtype=\"https:\/\/schema.org\/Organization\" itemscope=\"itemscope\" >\n\t\t\t\t\t\t<span itemprop='name'>Matthias Halbeis<\/span>\n\t\t\t\t\t\t<span itemprop='logo' itemscope itemtype='https:\/\/schema.org\/ImageObject'>\n\t\t\t\t\t\t\t<span itemprop='url'>https:\/\/influence.ch\/wp-content\/uploads\/2025\/02\/influence_Logo_FR_weiss-1030x277.png<\/span>\n\t\t\t\t\t\t <\/span>\n\t\t\t\t<\/span><span class='av-structured-data'  itemprop=\"author\" itemscope=\"itemscope\" itemtype=\"https:\/\/schema.org\/Person\" ><span itemprop='name'>Matthias Halbeis<\/span><\/span><span class='av-structured-data'  itemprop=\"datePublished\" datetime=\"2025-03-27T15:06:59+01:00\" >2026-01-29 10:17:53<\/span><span class='av-structured-data'  itemprop=\"dateModified\" itemtype=\"https:\/\/schema.org\/dateModified\" >2026-01-29 18:02:29<\/span><span class='av-structured-data'  itemprop=\"mainEntityOfPage\" itemtype=\"https:\/\/schema.org\/mainEntityOfPage\" ><span itemprop='name'>S\u00e9curit\u00e9 globale: le retour aux zones d&rsquo;influence<\/span><\/span><\/span><\/article><article class='slide-entry flex_column  post-entry post-entry-4940 slide-entry-overview slide-loop-5 slide-parity-even  av_one_third  real-thumbnail post-format-standard'  itemscope=\"itemscope\" itemtype=\"https:\/\/schema.org\/BlogPosting\" itemprop=\"blogPost\" ><a href='https:\/\/influence.ch\/fr\/2025\/03\/27\/la-forteresse-numerique-comment-rendre-les-donnees-trump-proof\/' data-rel='slide-1' class='slide-image' title='Comment rendre les donn\u00e9es \u00ab Trump-proof \u00bb'><img decoding=\"async\" width=\"495\" height=\"400\" src=\"https:\/\/influence.ch\/wp-content\/uploads\/2022\/12\/influence_Verlaeufe_V01_7-495x400.png\" class=\"wp-image-529 avia-img-lazy-loading-not-529 attachment-portfolio size-portfolio wp-post-image\" alt=\"\" srcset=\"https:\/\/influence.ch\/wp-content\/uploads\/2022\/12\/influence_Verlaeufe_V01_7-495x400.png 495w, https:\/\/influence.ch\/wp-content\/uploads\/2022\/12\/influence_Verlaeufe_V01_7-845x684.png 845w\" sizes=\"(max-width: 495px) 100vw, 495px\" \/><\/a><div class=\"slide-content\"><header class=\"entry-content-header\"><h3 class='slide-entry-title entry-title '  itemprop=\"headline\" ><a href='https:\/\/influence.ch\/fr\/2025\/03\/27\/la-forteresse-numerique-comment-rendre-les-donnees-trump-proof\/' title='Comment rendre les donn\u00e9es \u00ab Trump-proof \u00bb'>Comment rendre les donn\u00e9es \u00ab Trump-proof \u00bb<\/a><\/h3><span class=\"av-vertical-delimiter\"><\/span><\/header><div class=\"slide-meta\"><div class=\"slide-meta-comments\"><a href='https:\/\/influence.ch\/fr\/2025\/03\/27\/la-forteresse-numerique-comment-rendre-les-donnees-trump-proof\/#respond'>0 Commentaires<\/a><\/div><div class=\"slide-meta-del\">\/<\/div><time class='slide-meta-time updated'  itemprop=\"datePublished\" datetime=\"2025-03-27T14:50:11+01:00\" >27 mars 2025<\/time><\/div><div class='slide-entry-excerpt entry-content'  itemprop=\"text\" >Les \u00c9tats-Unis s'opposent \u00e0 la collecte de donn\u00e9es par le gouvernement  <\/div><\/div><footer class=\"entry-footer\"><\/footer><span class='hidden'>\n\t\t\t\t<span class='av-structured-data'  itemprop=\"image\" itemscope=\"itemscope\" itemtype=\"https:\/\/schema.org\/ImageObject\" >\n\t\t\t\t\t\t<span itemprop='url'>https:\/\/influence.ch\/wp-content\/uploads\/2022\/12\/influence_Verlaeufe_V01_7.png<\/span>\n\t\t\t\t\t\t<span itemprop='height'>2169<\/span>\n\t\t\t\t\t\t<span itemprop='width'>2442<\/span>\n\t\t\t\t<\/span>\n\t\t\t\t<span class='av-structured-data'  itemprop=\"publisher\" itemtype=\"https:\/\/schema.org\/Organization\" itemscope=\"itemscope\" >\n\t\t\t\t\t\t<span itemprop='name'>Matthias Halbeis<\/span>\n\t\t\t\t\t\t<span itemprop='logo' itemscope itemtype='https:\/\/schema.org\/ImageObject'>\n\t\t\t\t\t\t\t<span itemprop='url'>https:\/\/influence.ch\/wp-content\/uploads\/2025\/02\/influence_Logo_FR_weiss-1030x277.png<\/span>\n\t\t\t\t\t\t <\/span>\n\t\t\t\t<\/span><span class='av-structured-data'  itemprop=\"author\" itemscope=\"itemscope\" itemtype=\"https:\/\/schema.org\/Person\" ><span itemprop='name'>Matthias Halbeis<\/span><\/span><span class='av-structured-data'  itemprop=\"datePublished\" datetime=\"2025-03-27T15:06:59+01:00\" >2025-03-27 14:50:11<\/span><span class='av-structured-data'  itemprop=\"dateModified\" itemtype=\"https:\/\/schema.org\/dateModified\" >2025-03-27 17:15:20<\/span><span class='av-structured-data'  itemprop=\"mainEntityOfPage\" itemtype=\"https:\/\/schema.org\/mainEntityOfPage\" ><span itemprop='name'>Comment rendre les donn\u00e9es \u00ab Trump-proof \u00bb<\/span><\/span><\/span><\/article><article class='slide-entry flex_column  post-entry post-entry-5803 slide-entry-overview slide-loop-6 slide-parity-odd  av_one_third  real-thumbnail post-format-standard'  itemscope=\"itemscope\" itemtype=\"https:\/\/schema.org\/BlogPosting\" itemprop=\"blogPost\" ><a href='https:\/\/influence.ch\/fr\/2025\/08\/28\/les-17-regles-de-la-propagande-sovietique-et-pourquoi-elles-fonctionnent-encore-aujourdhui\/' data-rel='slide-1' class='slide-image' title='Propagande sovi\u00e9tique &#8211; elle fonctionne encore'><img decoding=\"async\" width=\"495\" height=\"400\" src=\"https:\/\/influence.ch\/wp-content\/uploads\/2022\/12\/influence_Verlaeufe_V01_7-495x400.png\" class=\"wp-image-529 avia-img-lazy-loading-not-529 attachment-portfolio size-portfolio wp-post-image\" alt=\"\" srcset=\"https:\/\/influence.ch\/wp-content\/uploads\/2022\/12\/influence_Verlaeufe_V01_7-495x400.png 495w, https:\/\/influence.ch\/wp-content\/uploads\/2022\/12\/influence_Verlaeufe_V01_7-845x684.png 845w\" sizes=\"(max-width: 495px) 100vw, 495px\" \/><\/a><div class=\"slide-content\"><header class=\"entry-content-header\"><h3 class='slide-entry-title entry-title '  itemprop=\"headline\" ><a href='https:\/\/influence.ch\/fr\/2025\/08\/28\/les-17-regles-de-la-propagande-sovietique-et-pourquoi-elles-fonctionnent-encore-aujourdhui\/' title='Propagande sovi\u00e9tique &#8211; elle fonctionne encore'>Propagande sovi\u00e9tique &#8211; elle fonctionne encore<\/a><\/h3><span class=\"av-vertical-delimiter\"><\/span><\/header><div class=\"slide-meta\"><div class=\"slide-meta-comments\"><a href='https:\/\/influence.ch\/fr\/2025\/08\/28\/les-17-regles-de-la-propagande-sovietique-et-pourquoi-elles-fonctionnent-encore-aujourdhui\/#respond'>0 Commentaires<\/a><\/div><div class=\"slide-meta-del\">\/<\/div><time class='slide-meta-time updated'  itemprop=\"datePublished\" datetime=\"2025-08-28T09:21:57+02:00\" >28 ao\u00fbt 2025<\/time><\/div><div class='slide-entry-excerpt entry-content'  itemprop=\"text\" >Quand Poutine communique avec le monde, il tente de le manipuler selon les r\u00e8gles de l'art<\/div><\/div><footer class=\"entry-footer\"><\/footer><span class='hidden'>\n\t\t\t\t<span class='av-structured-data'  itemprop=\"image\" itemscope=\"itemscope\" itemtype=\"https:\/\/schema.org\/ImageObject\" >\n\t\t\t\t\t\t<span itemprop='url'>https:\/\/influence.ch\/wp-content\/uploads\/2022\/12\/influence_Verlaeufe_V01_7.png<\/span>\n\t\t\t\t\t\t<span itemprop='height'>2169<\/span>\n\t\t\t\t\t\t<span itemprop='width'>2442<\/span>\n\t\t\t\t<\/span>\n\t\t\t\t<span class='av-structured-data'  itemprop=\"publisher\" itemtype=\"https:\/\/schema.org\/Organization\" itemscope=\"itemscope\" >\n\t\t\t\t\t\t<span itemprop='name'>Andreas Hugi<\/span>\n\t\t\t\t\t\t<span itemprop='logo' itemscope itemtype='https:\/\/schema.org\/ImageObject'>\n\t\t\t\t\t\t\t<span itemprop='url'>https:\/\/influence.ch\/wp-content\/uploads\/2025\/02\/influence_Logo_FR_weiss-1030x277.png<\/span>\n\t\t\t\t\t\t <\/span>\n\t\t\t\t<\/span><span class='av-structured-data'  itemprop=\"author\" itemscope=\"itemscope\" itemtype=\"https:\/\/schema.org\/Person\" ><span itemprop='name'>Andreas Hugi<\/span><\/span><span class='av-structured-data'  itemprop=\"datePublished\" datetime=\"2025-03-27T15:06:59+01:00\" >2025-08-28 09:21:57<\/span><span class='av-structured-data'  itemprop=\"dateModified\" itemtype=\"https:\/\/schema.org\/dateModified\" >2025-08-28 16:21:32<\/span><span class='av-structured-data'  itemprop=\"mainEntityOfPage\" itemtype=\"https:\/\/schema.org\/mainEntityOfPage\" ><span itemprop='name'>Propagande sovi\u00e9tique &#8211; elle fonctionne encore<\/span><\/span><\/span><\/article><\/div><div class=\"slide-entry-wrap\"><article class='slide-entry flex_column  post-entry post-entry-6422 slide-entry-overview slide-loop-7 slide-parity-odd  av_one_third first real-thumbnail post-format-standard'  itemscope=\"itemscope\" itemtype=\"https:\/\/schema.org\/BlogPosting\" itemprop=\"blogPost\" ><a href='https:\/\/influence.ch\/fr\/2025\/11\/27\/pourquoi-les-theories-du-complot-ont-elles-la-vie-si-facile-aujourdhui\/' data-rel='slide-1' class='slide-image' title='La vie facile pour les th\u00e9ories du complot'><img decoding=\"async\" width=\"495\" height=\"400\" src=\"https:\/\/influence.ch\/wp-content\/uploads\/2022\/12\/influence_Verlaeufe_V01_5-495x400.png\" class=\"wp-image-517 avia-img-lazy-loading-not-517 attachment-portfolio size-portfolio wp-post-image\" alt=\"\" srcset=\"https:\/\/influence.ch\/wp-content\/uploads\/2022\/12\/influence_Verlaeufe_V01_5-495x400.png 495w, https:\/\/influence.ch\/wp-content\/uploads\/2022\/12\/influence_Verlaeufe_V01_5-845x684.png 845w\" sizes=\"(max-width: 495px) 100vw, 495px\" \/><\/a><div class=\"slide-content\"><header class=\"entry-content-header\"><h3 class='slide-entry-title entry-title '  itemprop=\"headline\" ><a href='https:\/\/influence.ch\/fr\/2025\/11\/27\/pourquoi-les-theories-du-complot-ont-elles-la-vie-si-facile-aujourdhui\/' title='La vie facile pour les th\u00e9ories du complot'>La vie facile pour les th\u00e9ories du complot<\/a><\/h3><span class=\"av-vertical-delimiter\"><\/span><\/header><div class=\"slide-meta\"><time class='slide-meta-time updated'  itemprop=\"datePublished\" datetime=\"2025-11-27T13:29:58+01:00\" >27 novembre 2025<\/time><\/div><div class='slide-entry-excerpt entry-content'  itemprop=\"text\" >Les r\u00e9seaux sociaux, la fragmentation du paysage m\u00e9diatique et les algorithmes r\u00e9compensent l'indignation.<\/div><\/div><footer class=\"entry-footer\"><\/footer><span class='hidden'>\n\t\t\t\t<span class='av-structured-data'  itemprop=\"image\" itemscope=\"itemscope\" itemtype=\"https:\/\/schema.org\/ImageObject\" >\n\t\t\t\t\t\t<span itemprop='url'>https:\/\/influence.ch\/wp-content\/uploads\/2022\/12\/influence_Verlaeufe_V01_5.png<\/span>\n\t\t\t\t\t\t<span itemprop='height'>2169<\/span>\n\t\t\t\t\t\t<span itemprop='width'>2442<\/span>\n\t\t\t\t<\/span>\n\t\t\t\t<span class='av-structured-data'  itemprop=\"publisher\" itemtype=\"https:\/\/schema.org\/Organization\" itemscope=\"itemscope\" >\n\t\t\t\t\t\t<span itemprop='name'>Matthias Halbeis<\/span>\n\t\t\t\t\t\t<span itemprop='logo' itemscope itemtype='https:\/\/schema.org\/ImageObject'>\n\t\t\t\t\t\t\t<span itemprop='url'>https:\/\/influence.ch\/wp-content\/uploads\/2025\/02\/influence_Logo_FR_weiss-1030x277.png<\/span>\n\t\t\t\t\t\t <\/span>\n\t\t\t\t<\/span><span class='av-structured-data'  itemprop=\"author\" itemscope=\"itemscope\" itemtype=\"https:\/\/schema.org\/Person\" ><span itemprop='name'>Matthias Halbeis<\/span><\/span><span class='av-structured-data'  itemprop=\"datePublished\" datetime=\"2025-03-27T15:06:59+01:00\" >2025-11-27 13:29:58<\/span><span class='av-structured-data'  itemprop=\"dateModified\" itemtype=\"https:\/\/schema.org\/dateModified\" >2025-11-27 15:31:18<\/span><span class='av-structured-data'  itemprop=\"mainEntityOfPage\" itemtype=\"https:\/\/schema.org\/mainEntityOfPage\" ><span itemprop='name'>La vie facile pour les th\u00e9ories du complot<\/span><\/span><\/span><\/article><article class='slide-entry flex_column  post-entry post-entry-6436 slide-entry-overview slide-loop-8 slide-parity-even  av_one_third  real-thumbnail post-format-standard'  itemscope=\"itemscope\" itemtype=\"https:\/\/schema.org\/BlogPosting\" itemprop=\"blogPost\" ><a href='https:\/\/influence.ch\/fr\/2025\/11\/27\/la-situation-sest-encore-un-peu-aggravee\/' data-rel='slide-1' class='slide-image' title='\u00ab La situation s&rsquo;est encore un peu aggrav\u00e9e \u00bb'><img decoding=\"async\" width=\"495\" height=\"400\" src=\"https:\/\/influence.ch\/wp-content\/uploads\/2025\/11\/91999-495x400.jpg\" class=\"wp-image-6373 avia-img-lazy-loading-not-6373 attachment-portfolio size-portfolio wp-post-image\" alt=\"\" srcset=\"https:\/\/influence.ch\/wp-content\/uploads\/2025\/11\/91999-495x400.jpg 495w, https:\/\/influence.ch\/wp-content\/uploads\/2025\/11\/91999-845x684.jpg 845w\" sizes=\"(max-width: 495px) 100vw, 495px\" \/><\/a><div class=\"slide-content\"><header class=\"entry-content-header\"><h3 class='slide-entry-title entry-title '  itemprop=\"headline\" ><a href='https:\/\/influence.ch\/fr\/2025\/11\/27\/la-situation-sest-encore-un-peu-aggravee\/' title='\u00ab La situation s&rsquo;est encore un peu aggrav\u00e9e \u00bb'>\u00ab La situation s&rsquo;est encore un peu aggrav\u00e9e \u00bb<\/a><\/h3><span class=\"av-vertical-delimiter\"><\/span><\/header><div class=\"slide-meta\"><div class=\"slide-meta-comments\"><a href='https:\/\/influence.ch\/fr\/2025\/11\/27\/la-situation-sest-encore-un-peu-aggravee\/#respond'>0 Commentaires<\/a><\/div><div class=\"slide-meta-del\">\/<\/div><time class='slide-meta-time updated'  itemprop=\"datePublished\" datetime=\"2025-11-27T13:32:08+01:00\" >27 novembre 2025<\/time><\/div><div class='slide-entry-excerpt entry-content'  itemprop=\"text\" >Le chef de l'arm\u00e9e sortant Thomas S\u00fcssli explique la situation de l'arm\u00e9e suisse - et ce qui le pr\u00e9occupe le plus.<\/div><\/div><footer class=\"entry-footer\"><\/footer><span class='hidden'>\n\t\t\t\t<span class='av-structured-data'  itemprop=\"image\" itemscope=\"itemscope\" itemtype=\"https:\/\/schema.org\/ImageObject\" >\n\t\t\t\t\t\t<span itemprop='url'>https:\/\/influence.ch\/wp-content\/uploads\/2025\/11\/91999.jpg<\/span>\n\t\t\t\t\t\t<span itemprop='height'>1200<\/span>\n\t\t\t\t\t\t<span itemprop='width'>1800<\/span>\n\t\t\t\t<\/span>\n\t\t\t\t<span class='av-structured-data'  itemprop=\"publisher\" itemtype=\"https:\/\/schema.org\/Organization\" itemscope=\"itemscope\" >\n\t\t\t\t\t\t<span itemprop='name'>Eva Novak<\/span>\n\t\t\t\t\t\t<span itemprop='logo' itemscope itemtype='https:\/\/schema.org\/ImageObject'>\n\t\t\t\t\t\t\t<span itemprop='url'>https:\/\/influence.ch\/wp-content\/uploads\/2025\/02\/influence_Logo_FR_weiss-1030x277.png<\/span>\n\t\t\t\t\t\t <\/span>\n\t\t\t\t<\/span><span class='av-structured-data'  itemprop=\"author\" itemscope=\"itemscope\" itemtype=\"https:\/\/schema.org\/Person\" ><span itemprop='name'>Eva Novak<\/span><\/span><span class='av-structured-data'  itemprop=\"datePublished\" datetime=\"2025-03-27T15:06:59+01:00\" >2025-11-27 13:32:08<\/span><span class='av-structured-data'  itemprop=\"dateModified\" itemtype=\"https:\/\/schema.org\/dateModified\" >2025-11-28 11:26:56<\/span><span class='av-structured-data'  itemprop=\"mainEntityOfPage\" itemtype=\"https:\/\/schema.org\/mainEntityOfPage\" ><span itemprop='name'>\u00ab La situation s&rsquo;est encore un peu aggrav\u00e9e \u00bb<\/span><\/span><\/span><\/article><article class='slide-entry flex_column  post-entry post-entry-6245 slide-entry-overview slide-loop-9 slide-parity-odd  post-entry-last  av_one_third  real-thumbnail post-format-standard'  itemscope=\"itemscope\" itemtype=\"https:\/\/schema.org\/BlogPosting\" itemprop=\"blogPost\" ><a href='https:\/\/influence.ch\/fr\/2025\/10\/30\/le-pouvoir-des-relations\/' data-rel='slide-1' class='slide-image' title='Le pouvoir des relations'><img decoding=\"async\" width=\"495\" height=\"400\" src=\"https:\/\/influence.ch\/wp-content\/uploads\/2022\/12\/influence_Verlaeufe_V01_5-495x400.png\" class=\"wp-image-517 avia-img-lazy-loading-not-517 attachment-portfolio size-portfolio wp-post-image\" alt=\"\" srcset=\"https:\/\/influence.ch\/wp-content\/uploads\/2022\/12\/influence_Verlaeufe_V01_5-495x400.png 495w, https:\/\/influence.ch\/wp-content\/uploads\/2022\/12\/influence_Verlaeufe_V01_5-845x684.png 845w\" sizes=\"(max-width: 495px) 100vw, 495px\" \/><\/a><div class=\"slide-content\"><header class=\"entry-content-header\"><h3 class='slide-entry-title entry-title '  itemprop=\"headline\" ><a href='https:\/\/influence.ch\/fr\/2025\/10\/30\/le-pouvoir-des-relations\/' title='Le pouvoir des relations'>Le pouvoir des relations<\/a><\/h3><span class=\"av-vertical-delimiter\"><\/span><\/header><div class=\"slide-meta\"><div class=\"slide-meta-comments\"><a href='https:\/\/influence.ch\/fr\/2025\/10\/30\/le-pouvoir-des-relations\/#respond'>0 Commentaires<\/a><\/div><div class=\"slide-meta-del\">\/<\/div><time class='slide-meta-time updated'  itemprop=\"datePublished\" datetime=\"2025-10-30T10:00:32+01:00\" >30 octobre 2025<\/time><\/div><div class='slide-entry-excerpt entry-content'  itemprop=\"text\" >pourquoi le leadership ne se limite pas \u00e0 la hi\u00e9rarchie<\/div><\/div><footer class=\"entry-footer\"><\/footer><span class='hidden'>\n\t\t\t\t<span class='av-structured-data'  itemprop=\"image\" itemscope=\"itemscope\" itemtype=\"https:\/\/schema.org\/ImageObject\" >\n\t\t\t\t\t\t<span itemprop='url'>https:\/\/influence.ch\/wp-content\/uploads\/2022\/12\/influence_Verlaeufe_V01_5.png<\/span>\n\t\t\t\t\t\t<span itemprop='height'>2169<\/span>\n\t\t\t\t\t\t<span itemprop='width'>2442<\/span>\n\t\t\t\t<\/span>\n\t\t\t\t<span class='av-structured-data'  itemprop=\"publisher\" itemtype=\"https:\/\/schema.org\/Organization\" itemscope=\"itemscope\" >\n\t\t\t\t\t\t<span itemprop='name'>Matthias Halbeis<\/span>\n\t\t\t\t\t\t<span itemprop='logo' itemscope itemtype='https:\/\/schema.org\/ImageObject'>\n\t\t\t\t\t\t\t<span itemprop='url'>https:\/\/influence.ch\/wp-content\/uploads\/2025\/02\/influence_Logo_FR_weiss-1030x277.png<\/span>\n\t\t\t\t\t\t <\/span>\n\t\t\t\t<\/span><span class='av-structured-data'  itemprop=\"author\" itemscope=\"itemscope\" itemtype=\"https:\/\/schema.org\/Person\" ><span itemprop='name'>Matthias Halbeis<\/span><\/span><span class='av-structured-data'  itemprop=\"datePublished\" datetime=\"2025-03-27T15:06:59+01:00\" >2025-10-30 10:00:32<\/span><span class='av-structured-data'  itemprop=\"dateModified\" itemtype=\"https:\/\/schema.org\/dateModified\" >2025-10-30 17:05:29<\/span><span class='av-structured-data'  itemprop=\"mainEntityOfPage\" itemtype=\"https:\/\/schema.org\/mainEntityOfPage\" ><span itemprop='name'>Le pouvoir des relations<\/span><\/span><\/span><\/article><\/div><\/div><div class='avia-slideshow-arrows avia-slideshow-controls' ><a href='#prev' class='prev-slide ' aria-hidden='true' data-av_icon='\ue87c' data-av_iconfont='entypo-fontello'  tabindex='-1'>Pr\u00e9c\u00e9dent<\/a><a href='#next' class='next-slide ' aria-hidden='true' data-av_icon='\ue87d' data-av_iconfont='entypo-fontello'  tabindex='-1'>Suivant<\/a><\/div><\/div>\n<\/p>\n","protected":false},"excerpt":{"rendered":"<p>Pourquoi la Suisse est un hotspot pour les \u00e9coles d&rsquo;\u00e9lite et pourquoi la plupart d&rsquo;entre elles se trouvent en Suisse romande<\/p>\n","protected":false},"author":5,"featured_media":4694,"comment_status":"open","ping_status":"open","sticky":false,"template":"","format":"standard","meta":{"footnotes":""},"categories":[48],"tags":[],"class_list":["post-4952","post","type-post","status-publish","format-standard","has-post-thumbnail","hentry","category-economie"],"yoast_head":"<!-- This site is optimized with the Yoast SEO plugin v27.0 - https:\/\/yoast.com\/product\/yoast-seo-wordpress\/ -->\n<title>La Suisse : le paradis de l&#039;enseignement priv\u00e9 - influence powered by furrerhugi<\/title>\n<meta name=\"description\" content=\"Pourquoi la Suisse est un hotspot pour les \u00e9coles d&#039;\u00e9lite et pourquoi la plupart d&#039;entre elles se trouvent en Suisse romande\" \/>\n<meta name=\"robots\" content=\"index, follow, max-snippet:-1, max-image-preview:large, max-video-preview:-1\" \/>\n<link rel=\"canonical\" href=\"https:\/\/influence.ch\/fr\/2025\/03\/27\/la-suisse-paradis-de-lenseignement\/\" \/>\n<meta property=\"og:locale\" content=\"fr_FR\" \/>\n<meta property=\"og:type\" content=\"article\" \/>\n<meta property=\"og:title\" content=\"La Suisse : le paradis de l&#039;enseignement priv\u00e9 - influence powered by furrerhugi\" \/>\n<meta property=\"og:description\" content=\"Pourquoi la Suisse est un hotspot pour les \u00e9coles d&#039;\u00e9lite et pourquoi la plupart d&#039;entre elles se trouvent en Suisse romande\" \/>\n<meta property=\"og:url\" content=\"https:\/\/influence.ch\/fr\/2025\/03\/27\/la-suisse-paradis-de-lenseignement\/\" \/>\n<meta property=\"og:site_name\" content=\"influence powered by furrerhugi\" \/>\n<meta property=\"article:published_time\" content=\"2025-03-27T14:06:59+00:00\" \/>\n<meta property=\"article:modified_time\" content=\"2025-03-27T16:09:56+00:00\" \/>\n<meta property=\"og:image\" content=\"https:\/\/influence.ch\/wp-content\/uploads\/2025\/03\/influence_NL_Wirtschaft_Maerz_2025_02_FR.png\" \/>\n\t<meta property=\"og:image:width\" content=\"2339\" \/>\n\t<meta property=\"og:image:height\" content=\"1341\" \/>\n\t<meta property=\"og:image:type\" content=\"image\/png\" \/>\n<meta name=\"author\" content=\"Pascal Ihle\" \/>\n<meta name=\"twitter:card\" content=\"summary_large_image\" \/>\n<meta name=\"twitter:image\" content=\"https:\/\/influence.ch\/wp-content\/uploads\/2025\/03\/shutterstock_2584593131-1030x579.png\" \/>\n<meta name=\"twitter:label1\" content=\"\u00c9crit par\" \/>\n\t<meta name=\"twitter:data1\" content=\"Pascal Ihle\" \/>\n\t<meta name=\"twitter:label2\" content=\"Dur\u00e9e de lecture estim\u00e9e\" \/>\n\t<meta name=\"twitter:data2\" content=\"9 minutes\" \/>\n<script type=\"application\/ld+json\" class=\"yoast-schema-graph\">{\"@context\":\"https:\/\/schema.org\",\"@graph\":[{\"@type\":\"Article\",\"@id\":\"https:\/\/influence.ch\/fr\/2025\/03\/27\/la-suisse-paradis-de-lenseignement\/#article\",\"isPartOf\":{\"@id\":\"https:\/\/influence.ch\/fr\/2025\/03\/27\/la-suisse-paradis-de-lenseignement\/\"},\"author\":{\"name\":\"Pascal Ihle\",\"@id\":\"https:\/\/influence.ch\/#\/schema\/person\/24fb14ad298051d4a62cc59dc69e3737\"},\"headline\":\"La Suisse : le paradis de l&rsquo;enseignement priv\u00e9\",\"datePublished\":\"2025-03-27T14:06:59+00:00\",\"dateModified\":\"2025-03-27T16:09:56+00:00\",\"mainEntityOfPage\":{\"@id\":\"https:\/\/influence.ch\/fr\/2025\/03\/27\/la-suisse-paradis-de-lenseignement\/\"},\"wordCount\":2949,\"commentCount\":0,\"image\":{\"@id\":\"https:\/\/influence.ch\/fr\/2025\/03\/27\/la-suisse-paradis-de-lenseignement\/#primaryimage\"},\"thumbnailUrl\":\"https:\/\/influence.ch\/wp-content\/uploads\/2025\/02\/influence_Verlaufe_politik.png\",\"articleSection\":[\"\u00c9conomie\"],\"inLanguage\":\"fr-FR\",\"potentialAction\":[{\"@type\":\"CommentAction\",\"name\":\"Comment\",\"target\":[\"https:\/\/influence.ch\/fr\/2025\/03\/27\/la-suisse-paradis-de-lenseignement\/#respond\"]}]},{\"@type\":\"WebPage\",\"@id\":\"https:\/\/influence.ch\/fr\/2025\/03\/27\/la-suisse-paradis-de-lenseignement\/\",\"url\":\"https:\/\/influence.ch\/fr\/2025\/03\/27\/la-suisse-paradis-de-lenseignement\/\",\"name\":\"La Suisse : le paradis de l'enseignement priv\u00e9 - influence powered by furrerhugi\",\"isPartOf\":{\"@id\":\"https:\/\/influence.ch\/#website\"},\"primaryImageOfPage\":{\"@id\":\"https:\/\/influence.ch\/fr\/2025\/03\/27\/la-suisse-paradis-de-lenseignement\/#primaryimage\"},\"image\":{\"@id\":\"https:\/\/influence.ch\/fr\/2025\/03\/27\/la-suisse-paradis-de-lenseignement\/#primaryimage\"},\"thumbnailUrl\":\"https:\/\/influence.ch\/wp-content\/uploads\/2025\/02\/influence_Verlaufe_politik.png\",\"datePublished\":\"2025-03-27T14:06:59+00:00\",\"dateModified\":\"2025-03-27T16:09:56+00:00\",\"author\":{\"@id\":\"https:\/\/influence.ch\/#\/schema\/person\/24fb14ad298051d4a62cc59dc69e3737\"},\"description\":\"Pourquoi la Suisse est un hotspot pour les \u00e9coles d'\u00e9lite et pourquoi la plupart d'entre elles se trouvent en Suisse romande\",\"breadcrumb\":{\"@id\":\"https:\/\/influence.ch\/fr\/2025\/03\/27\/la-suisse-paradis-de-lenseignement\/#breadcrumb\"},\"inLanguage\":\"fr-FR\",\"potentialAction\":[{\"@type\":\"ReadAction\",\"target\":[\"https:\/\/influence.ch\/fr\/2025\/03\/27\/la-suisse-paradis-de-lenseignement\/\"]}]},{\"@type\":\"ImageObject\",\"inLanguage\":\"fr-FR\",\"@id\":\"https:\/\/influence.ch\/fr\/2025\/03\/27\/la-suisse-paradis-de-lenseignement\/#primaryimage\",\"url\":\"https:\/\/influence.ch\/wp-content\/uploads\/2025\/02\/influence_Verlaufe_politik.png\",\"contentUrl\":\"https:\/\/influence.ch\/wp-content\/uploads\/2025\/02\/influence_Verlaufe_politik.png\",\"width\":2442,\"height\":2169},{\"@type\":\"BreadcrumbList\",\"@id\":\"https:\/\/influence.ch\/fr\/2025\/03\/27\/la-suisse-paradis-de-lenseignement\/#breadcrumb\",\"itemListElement\":[{\"@type\":\"ListItem\",\"position\":1,\"name\":\"Startseite\",\"item\":\"https:\/\/influence.ch\/fr\/influence\/\"},{\"@type\":\"ListItem\",\"position\":2,\"name\":\"La Suisse : le paradis de l&#8217;enseignement priv\u00e9\"}]},{\"@type\":\"WebSite\",\"@id\":\"https:\/\/influence.ch\/#website\",\"url\":\"https:\/\/influence.ch\/\",\"name\":\"influence powered by furrerhugi\",\"description\":\"Vorsprung durch Wissen\",\"potentialAction\":[{\"@type\":\"SearchAction\",\"target\":{\"@type\":\"EntryPoint\",\"urlTemplate\":\"https:\/\/influence.ch\/?s={search_term_string}\"},\"query-input\":{\"@type\":\"PropertyValueSpecification\",\"valueRequired\":true,\"valueName\":\"search_term_string\"}}],\"inLanguage\":\"fr-FR\"},{\"@type\":\"Person\",\"@id\":\"https:\/\/influence.ch\/#\/schema\/person\/24fb14ad298051d4a62cc59dc69e3737\",\"name\":\"Pascal Ihle\",\"image\":{\"@type\":\"ImageObject\",\"inLanguage\":\"fr-FR\",\"@id\":\"https:\/\/influence.ch\/#\/schema\/person\/image\/\",\"url\":\"https:\/\/secure.gravatar.com\/avatar\/c2e506e64bfd7fbedf02f0d264dd33f8c1304aafc27743b9c22c0a9145a1136c?s=96&d=mm&r=g\",\"contentUrl\":\"https:\/\/secure.gravatar.com\/avatar\/c2e506e64bfd7fbedf02f0d264dd33f8c1304aafc27743b9c22c0a9145a1136c?s=96&d=mm&r=g\",\"caption\":\"Pascal Ihle\"},\"url\":\"https:\/\/influence.ch\/fr\/author\/pascal-ihle\/\"}]}<\/script>\n<!-- \/ Yoast SEO plugin. -->","yoast_head_json":{"title":"La Suisse : le paradis de l'enseignement priv\u00e9 - influence powered by furrerhugi","description":"Pourquoi la Suisse est un hotspot pour les \u00e9coles d'\u00e9lite et pourquoi la plupart d'entre elles se trouvent en Suisse romande","robots":{"index":"index","follow":"follow","max-snippet":"max-snippet:-1","max-image-preview":"max-image-preview:large","max-video-preview":"max-video-preview:-1"},"canonical":"https:\/\/influence.ch\/fr\/2025\/03\/27\/la-suisse-paradis-de-lenseignement\/","og_locale":"fr_FR","og_type":"article","og_title":"La Suisse : le paradis de l'enseignement priv\u00e9 - influence powered by furrerhugi","og_description":"Pourquoi la Suisse est un hotspot pour les \u00e9coles d'\u00e9lite et pourquoi la plupart d'entre elles se trouvent en Suisse romande","og_url":"https:\/\/influence.ch\/fr\/2025\/03\/27\/la-suisse-paradis-de-lenseignement\/","og_site_name":"influence powered by furrerhugi","article_published_time":"2025-03-27T14:06:59+00:00","article_modified_time":"2025-03-27T16:09:56+00:00","og_image":[{"width":2339,"height":1341,"url":"https:\/\/influence.ch\/wp-content\/uploads\/2025\/03\/influence_NL_Wirtschaft_Maerz_2025_02_FR.png","type":"image\/png"}],"author":"Pascal Ihle","twitter_card":"summary_large_image","twitter_image":"https:\/\/influence.ch\/wp-content\/uploads\/2025\/03\/shutterstock_2584593131-1030x579.png","twitter_misc":{"\u00c9crit par":"Pascal Ihle","Dur\u00e9e de lecture estim\u00e9e":"9 minutes"},"schema":{"@context":"https:\/\/schema.org","@graph":[{"@type":"Article","@id":"https:\/\/influence.ch\/fr\/2025\/03\/27\/la-suisse-paradis-de-lenseignement\/#article","isPartOf":{"@id":"https:\/\/influence.ch\/fr\/2025\/03\/27\/la-suisse-paradis-de-lenseignement\/"},"author":{"name":"Pascal Ihle","@id":"https:\/\/influence.ch\/#\/schema\/person\/24fb14ad298051d4a62cc59dc69e3737"},"headline":"La Suisse : le paradis de l&rsquo;enseignement priv\u00e9","datePublished":"2025-03-27T14:06:59+00:00","dateModified":"2025-03-27T16:09:56+00:00","mainEntityOfPage":{"@id":"https:\/\/influence.ch\/fr\/2025\/03\/27\/la-suisse-paradis-de-lenseignement\/"},"wordCount":2949,"commentCount":0,"image":{"@id":"https:\/\/influence.ch\/fr\/2025\/03\/27\/la-suisse-paradis-de-lenseignement\/#primaryimage"},"thumbnailUrl":"https:\/\/influence.ch\/wp-content\/uploads\/2025\/02\/influence_Verlaufe_politik.png","articleSection":["\u00c9conomie"],"inLanguage":"fr-FR","potentialAction":[{"@type":"CommentAction","name":"Comment","target":["https:\/\/influence.ch\/fr\/2025\/03\/27\/la-suisse-paradis-de-lenseignement\/#respond"]}]},{"@type":"WebPage","@id":"https:\/\/influence.ch\/fr\/2025\/03\/27\/la-suisse-paradis-de-lenseignement\/","url":"https:\/\/influence.ch\/fr\/2025\/03\/27\/la-suisse-paradis-de-lenseignement\/","name":"La Suisse : le paradis de l'enseignement priv\u00e9 - influence powered by furrerhugi","isPartOf":{"@id":"https:\/\/influence.ch\/#website"},"primaryImageOfPage":{"@id":"https:\/\/influence.ch\/fr\/2025\/03\/27\/la-suisse-paradis-de-lenseignement\/#primaryimage"},"image":{"@id":"https:\/\/influence.ch\/fr\/2025\/03\/27\/la-suisse-paradis-de-lenseignement\/#primaryimage"},"thumbnailUrl":"https:\/\/influence.ch\/wp-content\/uploads\/2025\/02\/influence_Verlaufe_politik.png","datePublished":"2025-03-27T14:06:59+00:00","dateModified":"2025-03-27T16:09:56+00:00","author":{"@id":"https:\/\/influence.ch\/#\/schema\/person\/24fb14ad298051d4a62cc59dc69e3737"},"description":"Pourquoi la Suisse est un hotspot pour les \u00e9coles d'\u00e9lite et pourquoi la plupart d'entre elles se trouvent en Suisse romande","breadcrumb":{"@id":"https:\/\/influence.ch\/fr\/2025\/03\/27\/la-suisse-paradis-de-lenseignement\/#breadcrumb"},"inLanguage":"fr-FR","potentialAction":[{"@type":"ReadAction","target":["https:\/\/influence.ch\/fr\/2025\/03\/27\/la-suisse-paradis-de-lenseignement\/"]}]},{"@type":"ImageObject","inLanguage":"fr-FR","@id":"https:\/\/influence.ch\/fr\/2025\/03\/27\/la-suisse-paradis-de-lenseignement\/#primaryimage","url":"https:\/\/influence.ch\/wp-content\/uploads\/2025\/02\/influence_Verlaufe_politik.png","contentUrl":"https:\/\/influence.ch\/wp-content\/uploads\/2025\/02\/influence_Verlaufe_politik.png","width":2442,"height":2169},{"@type":"BreadcrumbList","@id":"https:\/\/influence.ch\/fr\/2025\/03\/27\/la-suisse-paradis-de-lenseignement\/#breadcrumb","itemListElement":[{"@type":"ListItem","position":1,"name":"Startseite","item":"https:\/\/influence.ch\/fr\/influence\/"},{"@type":"ListItem","position":2,"name":"La Suisse : le paradis de l&#8217;enseignement priv\u00e9"}]},{"@type":"WebSite","@id":"https:\/\/influence.ch\/#website","url":"https:\/\/influence.ch\/","name":"influence powered by furrerhugi","description":"Vorsprung durch Wissen","potentialAction":[{"@type":"SearchAction","target":{"@type":"EntryPoint","urlTemplate":"https:\/\/influence.ch\/?s={search_term_string}"},"query-input":{"@type":"PropertyValueSpecification","valueRequired":true,"valueName":"search_term_string"}}],"inLanguage":"fr-FR"},{"@type":"Person","@id":"https:\/\/influence.ch\/#\/schema\/person\/24fb14ad298051d4a62cc59dc69e3737","name":"Pascal Ihle","image":{"@type":"ImageObject","inLanguage":"fr-FR","@id":"https:\/\/influence.ch\/#\/schema\/person\/image\/","url":"https:\/\/secure.gravatar.com\/avatar\/c2e506e64bfd7fbedf02f0d264dd33f8c1304aafc27743b9c22c0a9145a1136c?s=96&d=mm&r=g","contentUrl":"https:\/\/secure.gravatar.com\/avatar\/c2e506e64bfd7fbedf02f0d264dd33f8c1304aafc27743b9c22c0a9145a1136c?s=96&d=mm&r=g","caption":"Pascal Ihle"},"url":"https:\/\/influence.ch\/fr\/author\/pascal-ihle\/"}]}},"_links":{"self":[{"href":"https:\/\/influence.ch\/fr\/wp-json\/wp\/v2\/posts\/4952","targetHints":{"allow":["GET"]}}],"collection":[{"href":"https:\/\/influence.ch\/fr\/wp-json\/wp\/v2\/posts"}],"about":[{"href":"https:\/\/influence.ch\/fr\/wp-json\/wp\/v2\/types\/post"}],"author":[{"embeddable":true,"href":"https:\/\/influence.ch\/fr\/wp-json\/wp\/v2\/users\/5"}],"replies":[{"embeddable":true,"href":"https:\/\/influence.ch\/fr\/wp-json\/wp\/v2\/comments?post=4952"}],"version-history":[{"count":16,"href":"https:\/\/influence.ch\/fr\/wp-json\/wp\/v2\/posts\/4952\/revisions"}],"predecessor-version":[{"id":5243,"href":"https:\/\/influence.ch\/fr\/wp-json\/wp\/v2\/posts\/4952\/revisions\/5243"}],"wp:featuredmedia":[{"embeddable":true,"href":"https:\/\/influence.ch\/fr\/wp-json\/wp\/v2\/media\/4694"}],"wp:attachment":[{"href":"https:\/\/influence.ch\/fr\/wp-json\/wp\/v2\/media?parent=4952"}],"wp:term":[{"taxonomy":"category","embeddable":true,"href":"https:\/\/influence.ch\/fr\/wp-json\/wp\/v2\/categories?post=4952"},{"taxonomy":"post_tag","embeddable":true,"href":"https:\/\/influence.ch\/fr\/wp-json\/wp\/v2\/tags?post=4952"}],"curies":[{"name":"wp","href":"https:\/\/api.w.org\/{rel}","templated":true}]}}