{"id":4940,"date":"2025-03-27T14:50:11","date_gmt":"2025-03-27T13:50:11","guid":{"rendered":"https:\/\/influence.ch\/?p=4940"},"modified":"2025-03-27T17:15:20","modified_gmt":"2025-03-27T16:15:20","slug":"la-forteresse-numerique-comment-rendre-les-donnees-trump-proof","status":"publish","type":"post","link":"https:\/\/influence.ch\/fr\/2025\/03\/27\/la-forteresse-numerique-comment-rendre-les-donnees-trump-proof\/","title":{"rendered":"Comment rendre les donn\u00e9es \u00ab Trump-proof \u00bb"},"content":{"rendered":"\n<style type=\"text\/css\" data-created_by=\"avia_inline_auto\" id=\"style-css-av-37s3-aef770357ece8250167effe7edc8c1f6\">\n.avia-section.av-37s3-aef770357ece8250167effe7edc8c1f6{\nmargin-top:20px;\nmargin-bottom:20px;\n}\n<\/style>\n<div id='av_section_1'  class='avia-section av-37s3-aef770357ece8250167effe7edc8c1f6 main_color avia-section-default avia-no-border-styling  avia-builder-el-0  el_before_av_section  avia-builder-el-first  head_politik avia-bg-style-scroll container_wrap fullsize'  ><div class='container av-section-cont-open' ><main  role=\"main\" itemprop=\"mainContentOfPage\"  class='template-page content  av-content-full alpha units'><div class='post-entry post-entry-type-page post-entry-4940'><div class='entry-content-wrapper clearfix'>\n\n<style type=\"text\/css\" data-created_by=\"avia_inline_auto\" id=\"style-css-av-ll3dnv6h-4148c811db292f0b98b5ef1a1b585ab3\">\n#top .hr.hr-invisible.av-ll3dnv6h-4148c811db292f0b98b5ef1a1b585ab3{\nheight:40px;\n}\n<\/style>\n<div  class='hr av-ll3dnv6h-4148c811db292f0b98b5ef1a1b585ab3 hr-invisible  avia-builder-el-1  el_before_av_post_metadata  avia-builder-el-first '><span class='hr-inner '><span class=\"hr-inner-style\"><\/span><\/span><\/div>\n\n<style type=\"text\/css\" data-created_by=\"avia_inline_auto\" id=\"style-css-av-ll2bygrq-a1a13b3da260d9c9d49905a783ae5cc5\">\n#top .av-post-metadata-container.av-ll2bygrq-a1a13b3da260d9c9d49905a783ae5cc5{\ncolor:#ffffff;\nfont-size:22px;\n}\n#top .av-post-metadata-container.av-ll2bygrq-a1a13b3da260d9c9d49905a783ae5cc5 .av-post-metadata-container-inner{\nfont-size:22px;\n}\n<\/style>\n<div  id=\"author\"  class='av-post-metadata-container av-ll2bygrq-a1a13b3da260d9c9d49905a783ae5cc5 av-metadata-container-align-left  avia-builder-el-2  el_after_av_hr  el_before_av_one_full  av-desktop-hide av-medium-hide av-small-hide av-mini-hide av-metadata-container-1'><div class='av-post-metadata-container-inner'><span class=\"av-post-metadata-content av-post-metadata-meta-content\"><span class=\"av-post-metadata-content av-post-metadata-category\"><span class=\"av-post-metadata-category-link\" ><a href=\"https:\/\/influence.ch\/fr\/category\/communication\/\" >Communication<\/a><\/span><\/span><\/span><\/div><\/div>\n<div class='flex_column av-580n-a0c99beb2a1882896586deb18bcf5405 av_one_full  avia-builder-el-3  el_after_av_post_metadata  el_before_av_post_metadata  first flex_column_div '     ><style type=\"text\/css\" data-created_by=\"avia_inline_auto\" id=\"style-css-av-lajol5k3-bcabd5439ce39e62158db334b9b99d68\">\n#top .av_textblock_section.av-lajol5k3-bcabd5439ce39e62158db334b9b99d68 .avia_textblock{\ncolor:#ffffff;\n}\n<\/style>\n<section  class='av_textblock_section av-lajol5k3-bcabd5439ce39e62158db334b9b99d68'  itemscope=\"itemscope\" itemtype=\"https:\/\/schema.org\/BlogPosting\" itemprop=\"blogPost\" ><div class='avia_textblock av_inherit_color'  itemprop=\"text\" ><h1 style=\"text-align: center;\"><\/h1>\n<div class=\"row\">\n<div class=\"col-14 offset-md-2 col-md-10\">\n<h1 style=\"text-align: center;\">La forteresse num\u00e9rique : comment rendre les donn\u00e9es \u00ab Trump-proof \u00bb ?<\/h1>\n<p class=\"lead-text\" style=\"text-align: center;\">Les \u00c9tats-Unis s&rsquo;opposent \u00e0 la collecte de donn\u00e9es par le gouvernement<\/p>\n<\/div>\n<\/div>\n<\/div><\/section><\/div>\n<style type=\"text\/css\" data-created_by=\"avia_inline_auto\" id=\"style-css-av-kqp-d3340c463e9779d9fb5e4297bb48a84f\">\n#top .av-post-metadata-container.av-kqp-d3340c463e9779d9fb5e4297bb48a84f{\ncolor:#ffffff;\n}\n<\/style>\n<div  id=\"author\"  class='av-post-metadata-container av-kqp-d3340c463e9779d9fb5e4297bb48a84f av-metadata-container-align-left  avia-builder-el-5  el_after_av_one_full  el_before_av_hr  av-desktop-hide av-medium-hide av-small-hide av-mini-hide av-metadata-container-2'><div class='av-post-metadata-container-inner'><span class=\"av-post-metadata-content av-post-metadata-meta-content\"><span class=\"av-post-metadata-content av-post-metadata-author\"  itemprop=\"author\" ><span class=\"av-post-metadata-author-link\" ><a href=\"https:\/\/influence.ch\/fr\/author\/matthias-halbeis\/\"  rel=\"author\">Matthias Halbeis<\/a><\/span><\/span><\/span><\/div><\/div>\n\n<style type=\"text\/css\" data-created_by=\"avia_inline_auto\" id=\"style-css-av-3rkb-5af53ac747b34df56e11174e8e22e573\">\n#top .hr.hr-invisible.av-3rkb-5af53ac747b34df56e11174e8e22e573{\nheight:40px;\n}\n<\/style>\n<div  class='hr av-3rkb-5af53ac747b34df56e11174e8e22e573 hr-invisible  avia-builder-el-6  el_after_av_post_metadata  avia-builder-el-last '><span class='hr-inner '><span class=\"hr-inner-style\"><\/span><\/span><\/div>\n<\/div><\/div><\/main><!-- close content main element --><\/div><\/div><div id='av_section_2'  class='avia-section av-4nqx-1f9ea2e9ed6a23cc856f96335c63c817 main_color avia-section-default avia-no-border-styling  avia-builder-el-7  el_after_av_section  el_before_av_section  post-inhalt avia-bg-style-scroll container_wrap fullsize'  ><div class='container av-section-cont-open' ><div class='template-page content  av-content-full alpha units'><div class='post-entry post-entry-type-page post-entry-4940'><div class='entry-content-wrapper clearfix'>\n\n<style type=\"text\/css\" data-created_by=\"avia_inline_auto\" id=\"style-css-av-ll2diep3-4379f21ceadb0c1eabec389020991252\">\n#top .av-post-metadata-container.av-ll2diep3-4379f21ceadb0c1eabec389020991252{\ncolor:#000000;\nfont-size:16px;\n}\n#top .av-post-metadata-container.av-ll2diep3-4379f21ceadb0c1eabec389020991252 .av-post-metadata-container-inner{\nfont-size:16px;\n}\n<\/style>\n<div  id=\"author\"  class='av-post-metadata-container av-ll2diep3-4379f21ceadb0c1eabec389020991252 av-metadata-container-align-left  avia-builder-el-8  el_before_av_hr  avia-builder-el-first  av-metadata-container-3'><div class='av-post-metadata-container-inner'><span class=\"av-post-metadata-content av-post-metadata-meta-content\"><span class=\"av-post-metadata-content av-post-metadata-published\"><span class=\"av-post-metadata-published-date\" >27 mars 2025<\/span><span class=\"av-metadata-after av-metadata-after-published\">|<\/span><\/span><span class=\"av-post-metadata-content av-post-metadata-separator\"><\/span><span class=\"av-post-metadata-content av-post-metadata-author\"  itemprop=\"author\" ><span class=\"av-post-metadata-author-link\" ><a href=\"https:\/\/influence.ch\/fr\/author\/matthias-halbeis\/\"  rel=\"author\">Matthias Halbeis<\/a><\/span><span class=\"av-metadata-after av-metadata-after-author\">|<\/span><\/span><span class=\"av-post-metadata-content av-post-metadata-separator\"><\/span><span class=\"av-post-metadata-content av-post-metadata-category\"><span class=\"av-post-metadata-category-link\" ><a href=\"https:\/\/influence.ch\/fr\/category\/communication\/\" >Communication<\/a><\/span><\/span><\/span><\/div><\/div>\n\n<style type=\"text\/css\" data-created_by=\"avia_inline_auto\" id=\"style-css-av-ll2cb0de-1618aeaa710f9714e67c07fd3b765e06\">\n#top .hr.hr-invisible.av-ll2cb0de-1618aeaa710f9714e67c07fd3b765e06{\nheight:10px;\n}\n<\/style>\n<div  class='hr av-ll2cb0de-1618aeaa710f9714e67c07fd3b765e06 hr-invisible  avia-builder-el-9  el_after_av_post_metadata  el_before_av_image '><span class='hr-inner '><span class=\"hr-inner-style\"><\/span><\/span><\/div>\n\n<style type=\"text\/css\" data-created_by=\"avia_inline_auto\" id=\"style-css-av-ll2btvp2-26db1f4d2060026d0a19d286e20d3fa0\">\n.avia-image-container.av-ll2btvp2-26db1f4d2060026d0a19d286e20d3fa0 img.avia_image{\nbox-shadow:none;\n}\n.avia-image-container.av-ll2btvp2-26db1f4d2060026d0a19d286e20d3fa0 .av-image-caption-overlay-center{\ncolor:#ffffff;\n}\n<\/style>\n<div  class='avia-image-container av-ll2btvp2-26db1f4d2060026d0a19d286e20d3fa0 av-styling- avia-align-center  avia-builder-el-10  el_after_av_hr  el_before_av_textblock '   itemprop=\"image\" itemscope=\"itemscope\" itemtype=\"https:\/\/schema.org\/ImageObject\" ><div class=\"avia-image-container-inner\"><div class=\"avia-image-overlay-wrap\"><img decoding=\"async\" class='wp-image-4911 avia-img-lazy-loading-not-4911 avia_image ' src=\"https:\/\/influence.ch\/wp-content\/uploads\/2025\/03\/shutterstock_1836381817-1.png\" alt='' title='shutterstock_1836381817'  height=\"1333\" width=\"2000\"  itemprop=\"thumbnailUrl\" srcset=\"https:\/\/influence.ch\/wp-content\/uploads\/2025\/03\/shutterstock_1836381817-1.png 2000w, https:\/\/influence.ch\/wp-content\/uploads\/2025\/03\/shutterstock_1836381817-1-300x200.png 300w, https:\/\/influence.ch\/wp-content\/uploads\/2025\/03\/shutterstock_1836381817-1-1030x686.png 1030w, https:\/\/influence.ch\/wp-content\/uploads\/2025\/03\/shutterstock_1836381817-1-768x512.png 768w, https:\/\/influence.ch\/wp-content\/uploads\/2025\/03\/shutterstock_1836381817-1-1536x1024.png 1536w, https:\/\/influence.ch\/wp-content\/uploads\/2025\/03\/shutterstock_1836381817-1-1500x1000.png 1500w, https:\/\/influence.ch\/wp-content\/uploads\/2025\/03\/shutterstock_1836381817-1-750x500.png 750w\" sizes=\"(max-width: 2000px) 100vw, 2000px\" \/><\/div><\/div><\/div>\n\n<style type=\"text\/css\" data-created_by=\"avia_inline_auto\" id=\"style-css-av-2q8z-01ad5e0b5f31c74fd38e79a60fc3cd1d\">\n#top .av_textblock_section.av-2q8z-01ad5e0b5f31c74fd38e79a60fc3cd1d .avia_textblock{\nfont-size:22px;\n}\n<\/style>\n<section  class='av_textblock_section av-2q8z-01ad5e0b5f31c74fd38e79a60fc3cd1d'  itemscope=\"itemscope\" itemtype=\"https:\/\/schema.org\/BlogPosting\" itemprop=\"blogPost\" ><div class='avia_textblock'  itemprop=\"text\" ><h6>Un agent IA est un syst\u00e8me qui ex\u00e9cute des t\u00e2ches pour les utilisateurs ou un autre syst\u00e8me. L&rsquo;agent prend des d\u00e9cisions, r\u00e9sout des probl\u00e8mes et interagit avec son environnement de mani\u00e8re autonome, sans intervention humaine permanente. (Photo : Dall-E)<\/h6>\n<\/div><\/section>\n\n<style type=\"text\/css\" data-created_by=\"avia_inline_auto\" id=\"style-css-av-2daep1-44d7d4efc713aa94b12928e881b34e32\">\n#top .av_textblock_section.av-2daep1-44d7d4efc713aa94b12928e881b34e32 .avia_textblock{\nfont-size:22px;\n}\n<\/style>\n<section  class='av_textblock_section av-2daep1-44d7d4efc713aa94b12928e881b34e32'  itemscope=\"itemscope\" itemtype=\"https:\/\/schema.org\/BlogPosting\" itemprop=\"blogPost\" ><div class='avia_textblock'  itemprop=\"text\" ><p>Lorsque l&rsquo;administration Trump a \u00e9tendu ses pouvoirs de surveillance, Joan Westenberg a tir\u00e9 un trait. Cette experte en technologie, qui jouit d&rsquo;une excellente r\u00e9putation dans le secteur, a d\u00e9velopp\u00e9 son \u00ab Replacement Stack \u00bb &#8211; une alternative compl\u00e8te aux technologies am\u00e9ricaines sur les ordinateurs et les t\u00e9l\u00e9phones portables. Dans un article de blog, Westerberg a d\u00e9clar\u00e9 : \u00ab Je ne laisserai pas le gouvernement am\u00e9ricain de Trump acc\u00e9der \u00e0 mes donn\u00e9es personnelles \u00bb. Leur approche attire d\u00e9sormais l&rsquo;attention internationale et suscite des discussions en Europe \u00e9galement. Que signifie pour une configuration informatique \u00e0 la maison ou au travail le fait qu&rsquo;un gouvernement n&rsquo;agisse soudainement plus en conformit\u00e9 avec la loi et veuille espionner les citoyens via leurs donn\u00e9es sur leur ordinateur ou leur iPhone ?<\/p>\n<p><strong>L&rsquo;alternative au mainstream, \u00e9galement en provenance de Suisse<br \/>\n<\/strong>Les navigateurs leaders du march\u00e9 sont particuli\u00e8rement critiqu\u00e9s par Westenberg. \u00ab Chrome est pratiquement une machine \u00e0 surveiller \u00bb, avertit Westenberg. Le navigateur Brave, qu&rsquo;elle recommande, enregistre d\u00e9sormais un taux de croissance \u00e0 deux chiffres. Avec des extensions de protection des donn\u00e9es dans le navigateur comme uBlock Origin, l&rsquo;experte en technologie renforce la d\u00e9fense contre les collecteurs de donn\u00e9es gouvernementaux et commerciaux.<\/p>\n<p>Un point particuli\u00e8rement sensible : les fournisseurs de services am\u00e9ricains doivent accorder l&rsquo;acc\u00e8s aux autorit\u00e9s am\u00e9ricaines. Westenberg mise donc sur des alternatives europ\u00e9ennes pour les services de messagerie : ProtonMail en Suisse et Nextcloud en Allemagne ont enregistr\u00e9 un afflux massif depuis les r\u00e9cents d\u00e9veloppements politiques aux \u00c9tats-Unis. Dans le domaine de la communication, c&rsquo;est-\u00e0-dire des services de messagerie sur les t\u00e9l\u00e9phones portables, c&rsquo;est Signal qui domine \u00ab pratiquement inviolable \u00bb selon les experts en cryptage.<\/p>\n<p>L&rsquo;experte en technologie met m\u00eame des points d&rsquo;interrogation sur la s\u00e9curit\u00e9 des syst\u00e8mes d&rsquo;exploitation. Alors que des millions d&rsquo;utilisateurs restent sur Windows et macOS, Westenberg mise sur Qubes OS et Tails. \u00ab Ces syst\u00e8mes isolent les donn\u00e9es si efficacement que m\u00eame les technologies de surveillance avanc\u00e9es \u00e9chouent \u00bb, rapporte un expert en cybers\u00e9curit\u00e9 de l&rsquo;universit\u00e9 technique de Berlin.<\/p>\n<p><strong>De la niche \u00e0 la tendance<br \/>\n<\/strong>Ce qui a commenc\u00e9 comme une initiative personnelle contre l&rsquo;administration Trump pourrait devenir une tendance technologique mondiale. Les utilisateurs de ces services alternatifs connaissent actuellement une croissance \u00e0 deux chiffres, comme le confirment les observateurs du secteur. \u00ab Il ne s&rsquo;agit plus seulement de passionn\u00e9s de technologie \u00bb, explique un analyste de la Silicon Valley, \u00ab mais aussi de plus en plus de gens ordinaires qui veulent retrouver leur souverainet\u00e9 num\u00e9rique \u00bb.<\/p>\n<p>L&rsquo;approche de Westenberg le montre : La protection contre l&rsquo;acc\u00e8s gouvernemental est possible, n&rsquo;est pas si simple et n\u00e9cessite une action coh\u00e9rente. Les alternatives qu&rsquo;elle pr\u00e9sente offrent une s\u00e9curit\u00e9 non seulement contre la surveillance politique, mais aussi contre la collecte commerciale de donn\u00e9es. Il reste toutefois \u00e0 voir si ce mouvement num\u00e9rique inverse pourrait marquer le d\u00e9but d&rsquo;une nouvelle \u00e8re. Si les utilisateurs veulent reprendre le contr\u00f4le de leurs donn\u00e9es, cela devrait entra\u00eener un changement dans la demande. Et \u00e0 long terme, cela pourrait \u00e9galement contraindre les g\u00e9ants de la technologie \u00e0 changer d&rsquo;attitude.<\/p>\n<\/div><\/section>\n<\/div><\/div><\/div><!-- close content main div --><\/div><\/div>\n<style type=\"text\/css\" data-created_by=\"avia_inline_auto\" id=\"style-css-av-dwefk-64b75231dd03d75203b83ead386ab336\">\n.avia-section.av-dwefk-64b75231dd03d75203b83ead386ab336{\nbackground-color:#ededed;\nbackground-image:unset;\n}\n<\/style>\n<div id='av_section_3'  class='avia-section av-dwefk-64b75231dd03d75203b83ead386ab336 main_color avia-section-default avia-no-border-styling  avia-builder-el-13  el_after_av_section  avia-builder-el-last  post_slider avia-bg-style-scroll container_wrap fullsize'  ><div class='container av-section-cont-open' ><div class='template-page content  av-content-full alpha units'><div class='post-entry post-entry-type-page post-entry-4940'><div class='entry-content-wrapper clearfix'>\n<div  data-slideshow-options=\"{&quot;animation&quot;:&quot;fade&quot;,&quot;autoplay&quot;:false,&quot;loop_autoplay&quot;:&quot;once&quot;,&quot;interval&quot;:&quot;5&quot;,&quot;loop_manual&quot;:&quot;manual-endless&quot;,&quot;autoplay_stopper&quot;:false,&quot;noNavigation&quot;:false,&quot;show_slide_delay&quot;:90}\" class='avia-content-slider avia-content-slider-active avia-content-slider1 avia-content-slider-odd  avia-builder-el-14  avia-builder-el-no-sibling  av-slideshow-ui av-control-default   av-no-slider-navigation av-slideshow-manual av-loop-once av-loop-manual-endless '  itemscope=\"itemscope\" itemtype=\"https:\/\/schema.org\/Blog\" ><div class=\"avia-content-slider-inner\"><div class=\"slide-entry-wrap\"><article class='slide-entry flex_column  post-entry post-entry-5905 slide-entry-overview slide-loop-1 slide-parity-odd  av_one_third first real-thumbnail post-format-standard'  itemscope=\"itemscope\" itemtype=\"https:\/\/schema.org\/BlogPosting\" itemprop=\"blogPost\" ><a href='https:\/\/influence.ch\/fr\/2025\/08\/28\/dans-un-monde-trouble-lintelligence-collective-est-indispensable\/' data-rel='slide-1' class='slide-image' title='\u00ab\u202fDans un monde troubl\u00e9, l\u2019intelligence collective est indispensable.\u202f\u00bb'><img decoding=\"async\" width=\"495\" height=\"400\" src=\"https:\/\/influence.ch\/wp-content\/uploads\/2025\/08\/vincent_subilia-495x400.jpg\" class=\"wp-image-5903 avia-img-lazy-loading-not-5903 attachment-portfolio size-portfolio wp-post-image\" alt=\"\" srcset=\"https:\/\/influence.ch\/wp-content\/uploads\/2025\/08\/vincent_subilia-495x400.jpg 495w, https:\/\/influence.ch\/wp-content\/uploads\/2025\/08\/vincent_subilia-845x684.jpg 845w\" sizes=\"(max-width: 495px) 100vw, 495px\" \/><\/a><div class=\"slide-content\"><header class=\"entry-content-header\"><h3 class='slide-entry-title entry-title '  itemprop=\"headline\" ><a href='https:\/\/influence.ch\/fr\/2025\/08\/28\/dans-un-monde-trouble-lintelligence-collective-est-indispensable\/' title='\u00ab\u202fDans un monde troubl\u00e9, l\u2019intelligence collective est indispensable.\u202f\u00bb'>\u00ab\u202fDans un monde troubl\u00e9, l\u2019intelligence collective est indispensable.\u202f\u00bb<\/a><\/h3><span class=\"av-vertical-delimiter\"><\/span><\/header><div class=\"slide-meta\"><div class=\"slide-meta-comments\"><a href='https:\/\/influence.ch\/fr\/2025\/08\/28\/dans-un-monde-trouble-lintelligence-collective-est-indispensable\/#respond'>0 Commentaires<\/a><\/div><div class=\"slide-meta-del\">\/<\/div><time class='slide-meta-time updated'  itemprop=\"datePublished\" datetime=\"2025-08-28T09:30:13+02:00\" >28 ao\u00fbt 2025<\/time><\/div><div class='slide-entry-excerpt entry-content'  itemprop=\"text\" >Le directeur de la CCIG Vincent Subilia a pris la pr\u00e9sidence de la fa\u00eeti\u00e8re regroupant les 19 chambres de commerce suisses et du Liechtenstein en juin dernier.<\/div><\/div><footer class=\"entry-footer\"><\/footer><span class='hidden'>\n\t\t\t\t<span class='av-structured-data'  itemprop=\"image\" itemscope=\"itemscope\" itemtype=\"https:\/\/schema.org\/ImageObject\" >\n\t\t\t\t\t\t<span itemprop='url'>https:\/\/influence.ch\/wp-content\/uploads\/2025\/08\/vincent_subilia.jpg<\/span>\n\t\t\t\t\t\t<span itemprop='height'>751<\/span>\n\t\t\t\t\t\t<span itemprop='width'>1335<\/span>\n\t\t\t\t<\/span>\n\t\t\t\t<span class='av-structured-data'  itemprop=\"publisher\" itemtype=\"https:\/\/schema.org\/Organization\" itemscope=\"itemscope\" >\n\t\t\t\t\t\t<span itemprop='name'>Chrystel Domenjoz<\/span>\n\t\t\t\t\t\t<span itemprop='logo' itemscope itemtype='https:\/\/schema.org\/ImageObject'>\n\t\t\t\t\t\t\t<span itemprop='url'>https:\/\/influence.ch\/wp-content\/uploads\/2025\/02\/influence_Logo_FR_weiss-1030x277.png<\/span>\n\t\t\t\t\t\t <\/span>\n\t\t\t\t<\/span><span class='av-structured-data'  itemprop=\"author\" itemscope=\"itemscope\" itemtype=\"https:\/\/schema.org\/Person\" ><span itemprop='name'>Chrystel Domenjoz<\/span><\/span><span class='av-structured-data'  itemprop=\"datePublished\" datetime=\"2025-03-27T14:50:11+01:00\" >2025-08-28 09:30:13<\/span><span class='av-structured-data'  itemprop=\"dateModified\" itemtype=\"https:\/\/schema.org\/dateModified\" >2025-08-29 09:09:24<\/span><span class='av-structured-data'  itemprop=\"mainEntityOfPage\" itemtype=\"https:\/\/schema.org\/mainEntityOfPage\" ><span itemprop='name'>\u00ab\u202fDans un monde troubl\u00e9, l\u2019intelligence collective est indispensable.\u202f\u00bb<\/span><\/span><\/span><\/article><article class='slide-entry flex_column  post-entry post-entry-4935 slide-entry-overview slide-loop-2 slide-parity-even  av_one_third  real-thumbnail post-format-standard'  itemscope=\"itemscope\" itemtype=\"https:\/\/schema.org\/BlogPosting\" itemprop=\"blogPost\" ><a href='https:\/\/influence.ch\/fr\/2025\/05\/26\/les-jeunes-se-dispersent-politiquement\/' data-rel='slide-1' class='slide-image' title='Divergences politiques chez les jeunes'><img decoding=\"async\" width=\"495\" height=\"400\" src=\"https:\/\/influence.ch\/wp-content\/uploads\/2022\/12\/influence_Verlaeufe_V01_5-495x400.png\" class=\"wp-image-517 avia-img-lazy-loading-not-517 attachment-portfolio size-portfolio wp-post-image\" alt=\"\" srcset=\"https:\/\/influence.ch\/wp-content\/uploads\/2022\/12\/influence_Verlaeufe_V01_5-495x400.png 495w, https:\/\/influence.ch\/wp-content\/uploads\/2022\/12\/influence_Verlaeufe_V01_5-845x684.png 845w\" sizes=\"(max-width: 495px) 100vw, 495px\" \/><\/a><div class=\"slide-content\"><header class=\"entry-content-header\"><h3 class='slide-entry-title entry-title '  itemprop=\"headline\" ><a href='https:\/\/influence.ch\/fr\/2025\/05\/26\/les-jeunes-se-dispersent-politiquement\/' title='Divergences politiques chez les jeunes'>Divergences politiques chez les jeunes<\/a><\/h3><span class=\"av-vertical-delimiter\"><\/span><\/header><div class=\"slide-meta\"><div class=\"slide-meta-comments\"><a href='https:\/\/influence.ch\/fr\/2025\/05\/26\/les-jeunes-se-dispersent-politiquement\/#respond'>0 Commentaires<\/a><\/div><div class=\"slide-meta-del\">\/<\/div><time class='slide-meta-time updated'  itemprop=\"datePublished\" datetime=\"2025-05-26T13:51:54+02:00\" >26 mai 2025<\/time><\/div><div class='slide-entry-excerpt entry-content'  itemprop=\"text\" >Une \u00e9tude r\u00e9v\u00e8le l'augmentation du foss\u00e9 politique entre les adolescents - avec des cons\u00e9quences pour la Suisse<\/div><\/div><footer class=\"entry-footer\"><\/footer><span class='hidden'>\n\t\t\t\t<span class='av-structured-data'  itemprop=\"image\" itemscope=\"itemscope\" itemtype=\"https:\/\/schema.org\/ImageObject\" >\n\t\t\t\t\t\t<span itemprop='url'>https:\/\/influence.ch\/wp-content\/uploads\/2022\/12\/influence_Verlaeufe_V01_5.png<\/span>\n\t\t\t\t\t\t<span itemprop='height'>2169<\/span>\n\t\t\t\t\t\t<span itemprop='width'>2442<\/span>\n\t\t\t\t<\/span>\n\t\t\t\t<span class='av-structured-data'  itemprop=\"publisher\" itemtype=\"https:\/\/schema.org\/Organization\" itemscope=\"itemscope\" >\n\t\t\t\t\t\t<span itemprop='name'>Matthias Halbeis<\/span>\n\t\t\t\t\t\t<span itemprop='logo' itemscope itemtype='https:\/\/schema.org\/ImageObject'>\n\t\t\t\t\t\t\t<span itemprop='url'>https:\/\/influence.ch\/wp-content\/uploads\/2025\/02\/influence_Logo_FR_weiss-1030x277.png<\/span>\n\t\t\t\t\t\t <\/span>\n\t\t\t\t<\/span><span class='av-structured-data'  itemprop=\"author\" itemscope=\"itemscope\" itemtype=\"https:\/\/schema.org\/Person\" ><span itemprop='name'>Matthias Halbeis<\/span><\/span><span class='av-structured-data'  itemprop=\"datePublished\" datetime=\"2025-03-27T14:50:11+01:00\" >2025-05-26 13:51:54<\/span><span class='av-structured-data'  itemprop=\"dateModified\" itemtype=\"https:\/\/schema.org\/dateModified\" >2025-05-28 10:18:57<\/span><span class='av-structured-data'  itemprop=\"mainEntityOfPage\" itemtype=\"https:\/\/schema.org\/mainEntityOfPage\" ><span itemprop='name'>Divergences politiques chez les jeunes<\/span><\/span><\/span><\/article><article class='slide-entry flex_column  post-entry post-entry-4443 slide-entry-overview slide-loop-3 slide-parity-odd  av_one_third  real-thumbnail post-format-standard'  itemscope=\"itemscope\" itemtype=\"https:\/\/schema.org\/BlogPosting\" itemprop=\"blogPost\" ><a href='https:\/\/influence.ch\/fr\/2025\/01\/30\/mission-ia-comment-les-agents-autonomes-pensent-apprennent-et-agissent\/' data-rel='slide-1' class='slide-image' title='Mission IA : comment les agents autonomes pensent, apprennent et agissent'><img decoding=\"async\" width=\"495\" height=\"400\" src=\"https:\/\/influence.ch\/wp-content\/uploads\/2022\/12\/influence_Verlaeufe_V01_7-495x400.png\" class=\"wp-image-529 avia-img-lazy-loading-not-529 attachment-portfolio size-portfolio wp-post-image\" alt=\"\" srcset=\"https:\/\/influence.ch\/wp-content\/uploads\/2022\/12\/influence_Verlaeufe_V01_7-495x400.png 495w, https:\/\/influence.ch\/wp-content\/uploads\/2022\/12\/influence_Verlaeufe_V01_7-845x684.png 845w\" sizes=\"(max-width: 495px) 100vw, 495px\" \/><\/a><div class=\"slide-content\"><header class=\"entry-content-header\"><h3 class='slide-entry-title entry-title '  itemprop=\"headline\" ><a href='https:\/\/influence.ch\/fr\/2025\/01\/30\/mission-ia-comment-les-agents-autonomes-pensent-apprennent-et-agissent\/' title='Mission IA : comment les agents autonomes pensent, apprennent et agissent'>Mission IA : comment les agents autonomes pensent, apprennent et agissent<\/a><\/h3><span class=\"av-vertical-delimiter\"><\/span><\/header><div class=\"slide-meta\"><div class=\"slide-meta-comments\"><a href='https:\/\/influence.ch\/fr\/2025\/01\/30\/mission-ia-comment-les-agents-autonomes-pensent-apprennent-et-agissent\/#respond'>0 Commentaires<\/a><\/div><div class=\"slide-meta-del\">\/<\/div><time class='slide-meta-time updated'  itemprop=\"datePublished\" datetime=\"2025-01-30T11:07:53+01:00\" >30 janvier 2025<\/time><\/div><div class='slide-entry-excerpt entry-content'  itemprop=\"text\" >L'intelligence artificielle (IA) a fait d'\u00e9normes progr\u00e8s au cours des derni\u00e8res ann\u00e9es - l'un des d\u00e9veloppements les plus fascinants est celui des agents IA. Mais comment fonctionnent-ils exactement ?   <\/div><\/div><footer class=\"entry-footer\"><\/footer><span class='hidden'>\n\t\t\t\t<span class='av-structured-data'  itemprop=\"image\" itemscope=\"itemscope\" itemtype=\"https:\/\/schema.org\/ImageObject\" >\n\t\t\t\t\t\t<span itemprop='url'>https:\/\/influence.ch\/wp-content\/uploads\/2022\/12\/influence_Verlaeufe_V01_7.png<\/span>\n\t\t\t\t\t\t<span itemprop='height'>2169<\/span>\n\t\t\t\t\t\t<span itemprop='width'>2442<\/span>\n\t\t\t\t<\/span>\n\t\t\t\t<span class='av-structured-data'  itemprop=\"publisher\" itemtype=\"https:\/\/schema.org\/Organization\" itemscope=\"itemscope\" >\n\t\t\t\t\t\t<span itemprop='name'>Matthias Halbeis<\/span>\n\t\t\t\t\t\t<span itemprop='logo' itemscope itemtype='https:\/\/schema.org\/ImageObject'>\n\t\t\t\t\t\t\t<span itemprop='url'>https:\/\/influence.ch\/wp-content\/uploads\/2025\/02\/influence_Logo_FR_weiss-1030x277.png<\/span>\n\t\t\t\t\t\t <\/span>\n\t\t\t\t<\/span><span class='av-structured-data'  itemprop=\"author\" itemscope=\"itemscope\" itemtype=\"https:\/\/schema.org\/Person\" ><span itemprop='name'>Matthias Halbeis<\/span><\/span><span class='av-structured-data'  itemprop=\"datePublished\" datetime=\"2025-03-27T14:50:11+01:00\" >2025-01-30 11:07:53<\/span><span class='av-structured-data'  itemprop=\"dateModified\" itemtype=\"https:\/\/schema.org\/dateModified\" >2025-01-30 15:38:52<\/span><span class='av-structured-data'  itemprop=\"mainEntityOfPage\" itemtype=\"https:\/\/schema.org\/mainEntityOfPage\" ><span itemprop='name'>Mission IA : comment les agents autonomes pensent, apprennent et agissent<\/span><\/span><\/span><\/article><\/div><div class=\"slide-entry-wrap\"><article class='slide-entry flex_column  post-entry post-entry-7307 slide-entry-overview slide-loop-4 slide-parity-odd  av_one_third first real-thumbnail post-format-standard'  itemscope=\"itemscope\" itemtype=\"https:\/\/schema.org\/BlogPosting\" itemprop=\"blogPost\" ><a href='https:\/\/influence.ch\/fr\/2026\/04\/29\/les-entreprises-suisses-en-mode-crise-permanente\/' data-rel='slide-1' class='slide-image' title='Les entreprises suisses en mode \u00ab crise permanente\u00a0\u00bb'><img decoding=\"async\" width=\"495\" height=\"400\" src=\"https:\/\/influence.ch\/wp-content\/uploads\/2025\/02\/influence_Verlaufe_politik-495x400.png\" class=\"wp-image-4694 avia-img-lazy-loading-not-4694 attachment-portfolio size-portfolio wp-post-image\" alt=\"\" srcset=\"https:\/\/influence.ch\/wp-content\/uploads\/2025\/02\/influence_Verlaufe_politik-495x400.png 495w, https:\/\/influence.ch\/wp-content\/uploads\/2025\/02\/influence_Verlaufe_politik-845x684.png 845w\" sizes=\"(max-width: 495px) 100vw, 495px\" \/><\/a><div class=\"slide-content\"><header class=\"entry-content-header\"><h3 class='slide-entry-title entry-title '  itemprop=\"headline\" ><a href='https:\/\/influence.ch\/fr\/2026\/04\/29\/les-entreprises-suisses-en-mode-crise-permanente\/' title='Les entreprises suisses en mode \u00ab crise permanente\u00a0\u00bb'>Les entreprises suisses en mode \u00ab crise permanente\u00a0\u00bb<\/a><\/h3><span class=\"av-vertical-delimiter\"><\/span><\/header><div class=\"slide-meta\"><div class=\"slide-meta-comments\"><a href='https:\/\/influence.ch\/fr\/2026\/04\/29\/les-entreprises-suisses-en-mode-crise-permanente\/#respond'>0 Commentaires<\/a><\/div><div class=\"slide-meta-del\">\/<\/div><time class='slide-meta-time updated'  itemprop=\"datePublished\" datetime=\"2026-04-29T16:27:33+02:00\" >29 avril 2026<\/time><\/div><div class='slide-entry-excerpt entry-content'  itemprop=\"text\" >Ce que signifie la r\u00e9silience 2026 dans la pratique<\/div><\/div><footer class=\"entry-footer\"><\/footer><span class='hidden'>\n\t\t\t\t<span class='av-structured-data'  itemprop=\"image\" itemscope=\"itemscope\" itemtype=\"https:\/\/schema.org\/ImageObject\" >\n\t\t\t\t\t\t<span itemprop='url'>https:\/\/influence.ch\/wp-content\/uploads\/2025\/02\/influence_Verlaufe_politik.png<\/span>\n\t\t\t\t\t\t<span itemprop='height'>2169<\/span>\n\t\t\t\t\t\t<span itemprop='width'>2442<\/span>\n\t\t\t\t<\/span>\n\t\t\t\t<span class='av-structured-data'  itemprop=\"publisher\" itemtype=\"https:\/\/schema.org\/Organization\" itemscope=\"itemscope\" >\n\t\t\t\t\t\t<span itemprop='name'>Matthias Halbeis<\/span>\n\t\t\t\t\t\t<span itemprop='logo' itemscope itemtype='https:\/\/schema.org\/ImageObject'>\n\t\t\t\t\t\t\t<span itemprop='url'>https:\/\/influence.ch\/wp-content\/uploads\/2025\/02\/influence_Logo_FR_weiss-1030x277.png<\/span>\n\t\t\t\t\t\t <\/span>\n\t\t\t\t<\/span><span class='av-structured-data'  itemprop=\"author\" itemscope=\"itemscope\" itemtype=\"https:\/\/schema.org\/Person\" ><span itemprop='name'>Matthias Halbeis<\/span><\/span><span class='av-structured-data'  itemprop=\"datePublished\" datetime=\"2025-03-27T14:50:11+01:00\" >2026-04-29 16:27:33<\/span><span class='av-structured-data'  itemprop=\"dateModified\" itemtype=\"https:\/\/schema.org\/dateModified\" >2026-04-29 18:28:38<\/span><span class='av-structured-data'  itemprop=\"mainEntityOfPage\" itemtype=\"https:\/\/schema.org\/mainEntityOfPage\" ><span itemprop='name'>Les entreprises suisses en mode \u00ab crise permanente\u00a0\u00bb<\/span><\/span><\/span><\/article><article class='slide-entry flex_column  post-entry post-entry-7134 slide-entry-overview slide-loop-5 slide-parity-even  av_one_third  real-thumbnail post-format-standard'  itemscope=\"itemscope\" itemtype=\"https:\/\/schema.org\/BlogPosting\" itemprop=\"blogPost\" ><a href='https:\/\/influence.ch\/fr\/2026\/03\/26\/les-influenceurs-artificiels-nouvelle-ere-de-linfluence\/' data-rel='slide-1' class='slide-image' title='Les influenceurs artificiels : nouvelle \u00e8re de l\u2019influence'><img decoding=\"async\" width=\"495\" height=\"400\" src=\"https:\/\/influence.ch\/wp-content\/uploads\/2022\/12\/influence_Verlaeufe_V01_5-495x400.png\" class=\"wp-image-517 avia-img-lazy-loading-not-517 attachment-portfolio size-portfolio wp-post-image\" alt=\"\" srcset=\"https:\/\/influence.ch\/wp-content\/uploads\/2022\/12\/influence_Verlaeufe_V01_5-495x400.png 495w, https:\/\/influence.ch\/wp-content\/uploads\/2022\/12\/influence_Verlaeufe_V01_5-845x684.png 845w\" sizes=\"(max-width: 495px) 100vw, 495px\" \/><\/a><div class=\"slide-content\"><header class=\"entry-content-header\"><h3 class='slide-entry-title entry-title '  itemprop=\"headline\" ><a href='https:\/\/influence.ch\/fr\/2026\/03\/26\/les-influenceurs-artificiels-nouvelle-ere-de-linfluence\/' title='Les influenceurs artificiels : nouvelle \u00e8re de l\u2019influence'>Les influenceurs artificiels : nouvelle \u00e8re de l\u2019influence<\/a><\/h3><span class=\"av-vertical-delimiter\"><\/span><\/header><div class=\"slide-meta\"><time class='slide-meta-time updated'  itemprop=\"datePublished\" datetime=\"2026-03-26T13:52:55+01:00\" >26 mars 2026<\/time><\/div><div class='slide-entry-excerpt entry-content'  itemprop=\"text\" >Comment la r\u00e9alit\u00e9 g\u00e9n\u00e9r\u00e9e par l'IA r\u00e9volutionne l'industrie de la communication<\/div><\/div><footer class=\"entry-footer\"><\/footer><span class='hidden'>\n\t\t\t\t<span class='av-structured-data'  itemprop=\"image\" itemscope=\"itemscope\" itemtype=\"https:\/\/schema.org\/ImageObject\" >\n\t\t\t\t\t\t<span itemprop='url'>https:\/\/influence.ch\/wp-content\/uploads\/2022\/12\/influence_Verlaeufe_V01_5.png<\/span>\n\t\t\t\t\t\t<span itemprop='height'>2169<\/span>\n\t\t\t\t\t\t<span itemprop='width'>2442<\/span>\n\t\t\t\t<\/span>\n\t\t\t\t<span class='av-structured-data'  itemprop=\"publisher\" itemtype=\"https:\/\/schema.org\/Organization\" itemscope=\"itemscope\" >\n\t\t\t\t\t\t<span itemprop='name'>Matthias Halbeis<\/span>\n\t\t\t\t\t\t<span itemprop='logo' itemscope itemtype='https:\/\/schema.org\/ImageObject'>\n\t\t\t\t\t\t\t<span itemprop='url'>https:\/\/influence.ch\/wp-content\/uploads\/2025\/02\/influence_Logo_FR_weiss-1030x277.png<\/span>\n\t\t\t\t\t\t <\/span>\n\t\t\t\t<\/span><span class='av-structured-data'  itemprop=\"author\" itemscope=\"itemscope\" itemtype=\"https:\/\/schema.org\/Person\" ><span itemprop='name'>Matthias Halbeis<\/span><\/span><span class='av-structured-data'  itemprop=\"datePublished\" datetime=\"2025-03-27T14:50:11+01:00\" >2026-03-26 13:52:55<\/span><span class='av-structured-data'  itemprop=\"dateModified\" itemtype=\"https:\/\/schema.org\/dateModified\" >2026-03-27 08:25:53<\/span><span class='av-structured-data'  itemprop=\"mainEntityOfPage\" itemtype=\"https:\/\/schema.org\/mainEntityOfPage\" ><span itemprop='name'>Les influenceurs artificiels : nouvelle \u00e8re de l\u2019influence<\/span><\/span><\/span><\/article><article class='slide-entry flex_column  post-entry post-entry-7143 slide-entry-overview slide-loop-6 slide-parity-odd  av_one_third  real-thumbnail post-format-standard'  itemscope=\"itemscope\" itemtype=\"https:\/\/schema.org\/BlogPosting\" itemprop=\"blogPost\" ><a href='https:\/\/influence.ch\/fr\/2026\/03\/26\/un-etat-dincertitude-permanent\/' data-rel='slide-1' class='slide-image' title='\u00ab\u00a0Un \u00e9tat d&rsquo;incertitude permanente\u00a0\u00bb'><img decoding=\"async\" width=\"495\" height=\"400\" src=\"https:\/\/influence.ch\/wp-content\/uploads\/2026\/03\/Myriam-Dunn-Calvety-495x400.jpg\" class=\"wp-image-7113 avia-img-lazy-loading-not-7113 attachment-portfolio size-portfolio wp-post-image\" alt=\"\" srcset=\"https:\/\/influence.ch\/wp-content\/uploads\/2026\/03\/Myriam-Dunn-Calvety-495x400.jpg 495w, https:\/\/influence.ch\/wp-content\/uploads\/2026\/03\/Myriam-Dunn-Calvety-845x684.jpg 845w\" sizes=\"(max-width: 495px) 100vw, 495px\" \/><\/a><div class=\"slide-content\"><header class=\"entry-content-header\"><h3 class='slide-entry-title entry-title '  itemprop=\"headline\" ><a href='https:\/\/influence.ch\/fr\/2026\/03\/26\/un-etat-dincertitude-permanent\/' title='\u00ab\u00a0Un \u00e9tat d&rsquo;incertitude permanente\u00a0\u00bb'>\u00ab\u00a0Un \u00e9tat d&rsquo;incertitude permanente\u00a0\u00bb<\/a><\/h3><span class=\"av-vertical-delimiter\"><\/span><\/header><div class=\"slide-meta\"><div class=\"slide-meta-comments\"><a href='https:\/\/influence.ch\/fr\/2026\/03\/26\/un-etat-dincertitude-permanent\/#respond'>0 Commentaires<\/a><\/div><div class=\"slide-meta-del\">\/<\/div><time class='slide-meta-time updated'  itemprop=\"datePublished\" datetime=\"2026-03-26T14:56:31+01:00\" >26 mars 2026<\/time><\/div><div class='slide-entry-excerpt entry-content'  itemprop=\"text\" >Myriam Dunn Cavelty, sp\u00e9cialiste de la cybers\u00e9curit\u00e9, explique pourquoi les cyberattaques n'atteignent pas des proportions insoup\u00e7onn\u00e9es malgr\u00e9 les guerres - et ce que les Etats-Unis et Isra\u00ebl font mieux que la Russie.  <\/div><\/div><footer class=\"entry-footer\"><\/footer><span class='hidden'>\n\t\t\t\t<span class='av-structured-data'  itemprop=\"image\" itemscope=\"itemscope\" itemtype=\"https:\/\/schema.org\/ImageObject\" >\n\t\t\t\t\t\t<span itemprop='url'>https:\/\/influence.ch\/wp-content\/uploads\/2026\/03\/Myriam-Dunn-Calvety.jpg<\/span>\n\t\t\t\t\t\t<span itemprop='height'>948<\/span>\n\t\t\t\t\t\t<span itemprop='width'>1100<\/span>\n\t\t\t\t<\/span>\n\t\t\t\t<span class='av-structured-data'  itemprop=\"publisher\" itemtype=\"https:\/\/schema.org\/Organization\" itemscope=\"itemscope\" >\n\t\t\t\t\t\t<span itemprop='name'>Eva Novak<\/span>\n\t\t\t\t\t\t<span itemprop='logo' itemscope itemtype='https:\/\/schema.org\/ImageObject'>\n\t\t\t\t\t\t\t<span itemprop='url'>https:\/\/influence.ch\/wp-content\/uploads\/2025\/02\/influence_Logo_FR_weiss-1030x277.png<\/span>\n\t\t\t\t\t\t <\/span>\n\t\t\t\t<\/span><span class='av-structured-data'  itemprop=\"author\" itemscope=\"itemscope\" itemtype=\"https:\/\/schema.org\/Person\" ><span itemprop='name'>Eva Novak<\/span><\/span><span class='av-structured-data'  itemprop=\"datePublished\" datetime=\"2025-03-27T14:50:11+01:00\" >2026-03-26 14:56:31<\/span><span class='av-structured-data'  itemprop=\"dateModified\" itemtype=\"https:\/\/schema.org\/dateModified\" >2026-03-27 14:38:09<\/span><span class='av-structured-data'  itemprop=\"mainEntityOfPage\" itemtype=\"https:\/\/schema.org\/mainEntityOfPage\" ><span itemprop='name'>\u00ab\u00a0Un \u00e9tat d&rsquo;incertitude permanente\u00a0\u00bb<\/span><\/span><\/span><\/article><\/div><div class=\"slide-entry-wrap\"><article class='slide-entry flex_column  post-entry post-entry-6810 slide-entry-overview slide-loop-7 slide-parity-odd  av_one_third first real-thumbnail post-format-standard'  itemscope=\"itemscope\" itemtype=\"https:\/\/schema.org\/BlogPosting\" itemprop=\"blogPost\" ><a href='https:\/\/influence.ch\/fr\/2026\/01\/29\/je-voterais-exactement-de-la-meme-maniere\/' data-rel='slide-1' class='slide-image' title='\u00ab Je voterais exactement de la m\u00eame mani\u00e8re \u00bb'><img decoding=\"async\" width=\"495\" height=\"400\" src=\"https:\/\/influence.ch\/wp-content\/uploads\/2026\/01\/DSC3949-495x400.jpg\" class=\"wp-image-6802 avia-img-lazy-loading-not-6802 attachment-portfolio size-portfolio wp-post-image\" alt=\"\" srcset=\"https:\/\/influence.ch\/wp-content\/uploads\/2026\/01\/DSC3949-495x400.jpg 495w, https:\/\/influence.ch\/wp-content\/uploads\/2026\/01\/DSC3949-845x684.jpg 845w\" sizes=\"(max-width: 495px) 100vw, 495px\" \/><\/a><div class=\"slide-content\"><header class=\"entry-content-header\"><h3 class='slide-entry-title entry-title '  itemprop=\"headline\" ><a href='https:\/\/influence.ch\/fr\/2026\/01\/29\/je-voterais-exactement-de-la-meme-maniere\/' title='\u00ab Je voterais exactement de la m\u00eame mani\u00e8re \u00bb'>\u00ab Je voterais exactement de la m\u00eame mani\u00e8re \u00bb<\/a><\/h3><span class=\"av-vertical-delimiter\"><\/span><\/header><div class=\"slide-meta\"><div class=\"slide-meta-comments\"><a href='https:\/\/influence.ch\/fr\/2026\/01\/29\/je-voterais-exactement-de-la-meme-maniere\/#respond'>0 Commentaires<\/a><\/div><div class=\"slide-meta-del\">\/<\/div><time class='slide-meta-time updated'  itemprop=\"datePublished\" datetime=\"2026-01-29T10:21:41+01:00\" >29 janvier 2026<\/time><\/div><div class='slide-entry-excerpt entry-content'  itemprop=\"text\" >Le pr\u00e9sident du Conseil national Pierre-Andr\u00e9 Page explique que son vote d\u00e9cisif n'\u00e9tait pas dirig\u00e9 contre les femmes, pourquoi il se rend au Canada et non aux \u00c9tats-Unis, et ce que la Suisse peut apprendre de Fribourg.<\/div><\/div><footer class=\"entry-footer\"><\/footer><span class='hidden'>\n\t\t\t\t<span class='av-structured-data'  itemprop=\"image\" itemscope=\"itemscope\" itemtype=\"https:\/\/schema.org\/ImageObject\" >\n\t\t\t\t\t\t<span itemprop='url'>https:\/\/influence.ch\/wp-content\/uploads\/2026\/01\/DSC3949.jpg<\/span>\n\t\t\t\t\t\t<span itemprop='height'>1500<\/span>\n\t\t\t\t\t\t<span itemprop='width'>2250<\/span>\n\t\t\t\t<\/span>\n\t\t\t\t<span class='av-structured-data'  itemprop=\"publisher\" itemtype=\"https:\/\/schema.org\/Organization\" itemscope=\"itemscope\" >\n\t\t\t\t\t\t<span itemprop='name'>Patrick Blaser<\/span>\n\t\t\t\t\t\t<span itemprop='logo' itemscope itemtype='https:\/\/schema.org\/ImageObject'>\n\t\t\t\t\t\t\t<span itemprop='url'>https:\/\/influence.ch\/wp-content\/uploads\/2025\/02\/influence_Logo_FR_weiss-1030x277.png<\/span>\n\t\t\t\t\t\t <\/span>\n\t\t\t\t<\/span><span class='av-structured-data'  itemprop=\"author\" itemscope=\"itemscope\" itemtype=\"https:\/\/schema.org\/Person\" ><span itemprop='name'>Patrick Blaser<\/span><\/span><span class='av-structured-data'  itemprop=\"datePublished\" datetime=\"2025-03-27T14:50:11+01:00\" >2026-01-29 10:21:41<\/span><span class='av-structured-data'  itemprop=\"dateModified\" itemtype=\"https:\/\/schema.org\/dateModified\" >2026-01-29 17:54:17<\/span><span class='av-structured-data'  itemprop=\"mainEntityOfPage\" itemtype=\"https:\/\/schema.org\/mainEntityOfPage\" ><span itemprop='name'>\u00ab Je voterais exactement de la m\u00eame mani\u00e8re \u00bb<\/span><\/span><\/span><\/article><article class='slide-entry flex_column  post-entry post-entry-5182 slide-entry-overview slide-loop-8 slide-parity-even  av_one_third  real-thumbnail post-format-standard'  itemscope=\"itemscope\" itemtype=\"https:\/\/schema.org\/BlogPosting\" itemprop=\"blogPost\" ><a href='https:\/\/influence.ch\/fr\/2025\/03\/27\/qui-ecrit-les-articles-pour-cette-plate-forme\/' data-rel='slide-1' class='slide-image' title='Qui \u00e9crit les articles pour cette plate-forme'><img decoding=\"async\" width=\"495\" height=\"400\" src=\"https:\/\/influence.ch\/wp-content\/uploads\/2022\/12\/influence_Verlaufe_ausgelesen-495x400.png\" class=\"wp-image-4344 avia-img-lazy-loading-not-4344 attachment-portfolio size-portfolio wp-post-image\" alt=\"\" srcset=\"https:\/\/influence.ch\/wp-content\/uploads\/2022\/12\/influence_Verlaufe_ausgelesen-495x400.png 495w, https:\/\/influence.ch\/wp-content\/uploads\/2022\/12\/influence_Verlaufe_ausgelesen-845x684.png 845w\" sizes=\"(max-width: 495px) 100vw, 495px\" \/><\/a><div class=\"slide-content\"><header class=\"entry-content-header\"><h3 class='slide-entry-title entry-title '  itemprop=\"headline\" ><a href='https:\/\/influence.ch\/fr\/2025\/03\/27\/qui-ecrit-les-articles-pour-cette-plate-forme\/' title='Qui \u00e9crit les articles pour cette plate-forme'>Qui \u00e9crit les articles pour cette plate-forme<\/a><\/h3><span class=\"av-vertical-delimiter\"><\/span><\/header><div class=\"slide-meta\"><div class=\"slide-meta-comments\"><a href='https:\/\/influence.ch\/fr\/2025\/03\/27\/qui-ecrit-les-articles-pour-cette-plate-forme\/#respond'>0 Commentaires<\/a><\/div><div class=\"slide-meta-del\">\/<\/div><time class='slide-meta-time updated'  itemprop=\"datePublished\" datetime=\"2025-03-27T14:45:57+01:00\" >27 mars 2025<\/time><\/div><div class='slide-entry-excerpt entry-content'  itemprop=\"text\" >D\u00e9couvrez l'expertise de furrerhugi dans influence.ch<\/div><\/div><footer class=\"entry-footer\"><\/footer><span class='hidden'>\n\t\t\t\t<span class='av-structured-data'  itemprop=\"image\" itemscope=\"itemscope\" itemtype=\"https:\/\/schema.org\/ImageObject\" >\n\t\t\t\t\t\t<span itemprop='url'>https:\/\/influence.ch\/wp-content\/uploads\/2022\/12\/influence_Verlaufe_ausgelesen.png<\/span>\n\t\t\t\t\t\t<span itemprop='height'>2169<\/span>\n\t\t\t\t\t\t<span itemprop='width'>2442<\/span>\n\t\t\t\t<\/span>\n\t\t\t\t<span class='av-structured-data'  itemprop=\"publisher\" itemtype=\"https:\/\/schema.org\/Organization\" itemscope=\"itemscope\" >\n\t\t\t\t\t\t<span itemprop='name'>Matthias Halbeis<\/span>\n\t\t\t\t\t\t<span itemprop='logo' itemscope itemtype='https:\/\/schema.org\/ImageObject'>\n\t\t\t\t\t\t\t<span itemprop='url'>https:\/\/influence.ch\/wp-content\/uploads\/2025\/02\/influence_Logo_FR_weiss-1030x277.png<\/span>\n\t\t\t\t\t\t <\/span>\n\t\t\t\t<\/span><span class='av-structured-data'  itemprop=\"author\" itemscope=\"itemscope\" itemtype=\"https:\/\/schema.org\/Person\" ><span itemprop='name'>Matthias Halbeis<\/span><\/span><span class='av-structured-data'  itemprop=\"datePublished\" datetime=\"2025-03-27T14:50:11+01:00\" >2025-03-27 14:45:57<\/span><span class='av-structured-data'  itemprop=\"dateModified\" itemtype=\"https:\/\/schema.org\/dateModified\" >2025-03-27 19:42:52<\/span><span class='av-structured-data'  itemprop=\"mainEntityOfPage\" itemtype=\"https:\/\/schema.org\/mainEntityOfPage\" ><span itemprop='name'>Qui \u00e9crit les articles pour cette plate-forme<\/span><\/span><\/span><\/article><article class='slide-entry flex_column  post-entry post-entry-5459 slide-entry-overview slide-loop-9 slide-parity-odd  post-entry-last  av_one_third  real-thumbnail post-format-standard'  itemscope=\"itemscope\" itemtype=\"https:\/\/schema.org\/BlogPosting\" itemprop=\"blogPost\" ><a href='https:\/\/influence.ch\/fr\/2025\/05\/26\/silicon-valley-quand-la-politique-se-decide-dans-des-chats-secrets\/' data-rel='slide-1' class='slide-image' title='La politique discut\u00e9e dans des chats secrets'><img decoding=\"async\" width=\"495\" height=\"400\" src=\"https:\/\/influence.ch\/wp-content\/uploads\/2022\/12\/influence_Verlaeufe_V01_7-495x400.png\" class=\"wp-image-529 avia-img-lazy-loading-not-529 attachment-portfolio size-portfolio wp-post-image\" alt=\"\" srcset=\"https:\/\/influence.ch\/wp-content\/uploads\/2022\/12\/influence_Verlaeufe_V01_7-495x400.png 495w, https:\/\/influence.ch\/wp-content\/uploads\/2022\/12\/influence_Verlaeufe_V01_7-845x684.png 845w\" sizes=\"(max-width: 495px) 100vw, 495px\" \/><\/a><div class=\"slide-content\"><header class=\"entry-content-header\"><h3 class='slide-entry-title entry-title '  itemprop=\"headline\" ><a href='https:\/\/influence.ch\/fr\/2025\/05\/26\/silicon-valley-quand-la-politique-se-decide-dans-des-chats-secrets\/' title='La politique discut\u00e9e dans des chats secrets'>La politique discut\u00e9e dans des chats secrets<\/a><\/h3><span class=\"av-vertical-delimiter\"><\/span><\/header><div class=\"slide-meta\"><div class=\"slide-meta-comments\"><a href='https:\/\/influence.ch\/fr\/2025\/05\/26\/silicon-valley-quand-la-politique-se-decide-dans-des-chats-secrets\/#respond'>0 Commentaires<\/a><\/div><div class=\"slide-meta-del\">\/<\/div><time class='slide-meta-time updated'  itemprop=\"datePublished\" datetime=\"2025-05-26T13:52:07+02:00\" >26 mai 2025<\/time><\/div><div class='slide-entry-excerpt entry-content'  itemprop=\"text\" >O\u00f9 les milliardaires de la tech d\u00e9battent de politique avec des repr\u00e9sentants politiques et des m\u00e9dias en toute discr\u00e9tion<\/div><\/div><footer class=\"entry-footer\"><\/footer><span class='hidden'>\n\t\t\t\t<span class='av-structured-data'  itemprop=\"image\" itemscope=\"itemscope\" itemtype=\"https:\/\/schema.org\/ImageObject\" >\n\t\t\t\t\t\t<span itemprop='url'>https:\/\/influence.ch\/wp-content\/uploads\/2022\/12\/influence_Verlaeufe_V01_7.png<\/span>\n\t\t\t\t\t\t<span itemprop='height'>2169<\/span>\n\t\t\t\t\t\t<span itemprop='width'>2442<\/span>\n\t\t\t\t<\/span>\n\t\t\t\t<span class='av-structured-data'  itemprop=\"publisher\" itemtype=\"https:\/\/schema.org\/Organization\" itemscope=\"itemscope\" >\n\t\t\t\t\t\t<span itemprop='name'>Matthias Halbeis<\/span>\n\t\t\t\t\t\t<span itemprop='logo' itemscope itemtype='https:\/\/schema.org\/ImageObject'>\n\t\t\t\t\t\t\t<span itemprop='url'>https:\/\/influence.ch\/wp-content\/uploads\/2025\/02\/influence_Logo_FR_weiss-1030x277.png<\/span>\n\t\t\t\t\t\t <\/span>\n\t\t\t\t<\/span><span class='av-structured-data'  itemprop=\"author\" itemscope=\"itemscope\" itemtype=\"https:\/\/schema.org\/Person\" ><span itemprop='name'>Matthias Halbeis<\/span><\/span><span class='av-structured-data'  itemprop=\"datePublished\" datetime=\"2025-03-27T14:50:11+01:00\" >2025-05-26 13:52:07<\/span><span class='av-structured-data'  itemprop=\"dateModified\" itemtype=\"https:\/\/schema.org\/dateModified\" >2025-05-28 10:17:44<\/span><span class='av-structured-data'  itemprop=\"mainEntityOfPage\" itemtype=\"https:\/\/schema.org\/mainEntityOfPage\" ><span itemprop='name'>La politique discut\u00e9e dans des chats secrets<\/span><\/span><\/span><\/article><\/div><\/div><div class='avia-slideshow-arrows avia-slideshow-controls' ><a href='#prev' class='prev-slide ' aria-hidden='true' data-av_icon='\ue87c' data-av_iconfont='entypo-fontello'  tabindex='-1'>Pr\u00e9c\u00e9dent<\/a><a href='#next' class='next-slide ' aria-hidden='true' data-av_icon='\ue87d' data-av_iconfont='entypo-fontello'  tabindex='-1'>Suivant<\/a><\/div><\/div>\n<\/p>\n","protected":false},"excerpt":{"rendered":"<p>Les \u00c9tats-Unis s&rsquo;opposent \u00e0 la collecte de donn\u00e9es par le gouvernement  <\/p>\n","protected":false},"author":6,"featured_media":529,"comment_status":"open","ping_status":"open","sticky":false,"template":"","format":"standard","meta":{"footnotes":""},"categories":[49],"tags":[],"class_list":["post-4940","post","type-post","status-publish","format-standard","has-post-thumbnail","hentry","category-communication"],"yoast_head":"<!-- This site is optimized with the Yoast SEO plugin v27.0 - https:\/\/yoast.com\/product\/yoast-seo-wordpress\/ -->\n<title>Comment rendre les donn\u00e9es \u00ab Trump-proof \u00bb - influence powered by furrerhugi<\/title>\n<meta name=\"description\" content=\"Les \u00c9tats-Unis s&#039;opposent \u00e0 la collecte de donn\u00e9es par le gouvernement\" \/>\n<meta name=\"robots\" content=\"index, follow, max-snippet:-1, max-image-preview:large, max-video-preview:-1\" \/>\n<link rel=\"canonical\" href=\"https:\/\/influence.ch\/fr\/2025\/03\/27\/la-forteresse-numerique-comment-rendre-les-donnees-trump-proof\/\" \/>\n<meta property=\"og:locale\" content=\"fr_FR\" \/>\n<meta property=\"og:type\" content=\"article\" \/>\n<meta property=\"og:title\" content=\"Comment rendre les donn\u00e9es \u00ab Trump-proof \u00bb - influence powered by furrerhugi\" \/>\n<meta property=\"og:description\" content=\"Les \u00c9tats-Unis s&#039;opposent \u00e0 la collecte de donn\u00e9es par le gouvernement\" \/>\n<meta property=\"og:url\" content=\"https:\/\/influence.ch\/fr\/2025\/03\/27\/la-forteresse-numerique-comment-rendre-les-donnees-trump-proof\/\" \/>\n<meta property=\"og:site_name\" content=\"influence powered by furrerhugi\" \/>\n<meta property=\"article:published_time\" content=\"2025-03-27T13:50:11+00:00\" \/>\n<meta property=\"article:modified_time\" content=\"2025-03-27T16:15:20+00:00\" \/>\n<meta property=\"og:image\" content=\"https:\/\/influence.ch\/wp-content\/uploads\/2025\/03\/shutterstock_1836381817-1-1030x686.png\" \/>\n<meta name=\"author\" content=\"Matthias Halbeis\" \/>\n<meta name=\"twitter:card\" content=\"summary_large_image\" \/>\n<meta name=\"twitter:image\" content=\"https:\/\/influence.ch\/wp-content\/uploads\/2025\/03\/shutterstock_1836381817-1-1030x686.png\" \/>\n<meta name=\"twitter:label1\" content=\"\u00c9crit par\" \/>\n\t<meta name=\"twitter:data1\" content=\"Matthias Halbeis\" \/>\n\t<meta name=\"twitter:label2\" content=\"Dur\u00e9e de lecture estim\u00e9e\" \/>\n\t<meta name=\"twitter:data2\" content=\"8 minutes\" \/>\n<script type=\"application\/ld+json\" class=\"yoast-schema-graph\">{\"@context\":\"https:\/\/schema.org\",\"@graph\":[{\"@type\":\"Article\",\"@id\":\"https:\/\/influence.ch\/fr\/2025\/03\/27\/la-forteresse-numerique-comment-rendre-les-donnees-trump-proof\/#article\",\"isPartOf\":{\"@id\":\"https:\/\/influence.ch\/fr\/2025\/03\/27\/la-forteresse-numerique-comment-rendre-les-donnees-trump-proof\/\"},\"author\":{\"name\":\"Matthias Halbeis\",\"@id\":\"https:\/\/influence.ch\/#\/schema\/person\/718772fa81c4a1af46e0ac0e0e3036b0\"},\"headline\":\"Comment rendre les donn\u00e9es \u00ab Trump-proof \u00bb\",\"datePublished\":\"2025-03-27T13:50:11+00:00\",\"dateModified\":\"2025-03-27T16:15:20+00:00\",\"mainEntityOfPage\":{\"@id\":\"https:\/\/influence.ch\/fr\/2025\/03\/27\/la-forteresse-numerique-comment-rendre-les-donnees-trump-proof\/\"},\"wordCount\":2542,\"commentCount\":0,\"image\":{\"@id\":\"https:\/\/influence.ch\/fr\/2025\/03\/27\/la-forteresse-numerique-comment-rendre-les-donnees-trump-proof\/#primaryimage\"},\"thumbnailUrl\":\"https:\/\/influence.ch\/wp-content\/uploads\/2022\/12\/influence_Verlaeufe_V01_7.png\",\"articleSection\":[\"Communication\"],\"inLanguage\":\"fr-FR\",\"potentialAction\":[{\"@type\":\"CommentAction\",\"name\":\"Comment\",\"target\":[\"https:\/\/influence.ch\/fr\/2025\/03\/27\/la-forteresse-numerique-comment-rendre-les-donnees-trump-proof\/#respond\"]}]},{\"@type\":\"WebPage\",\"@id\":\"https:\/\/influence.ch\/fr\/2025\/03\/27\/la-forteresse-numerique-comment-rendre-les-donnees-trump-proof\/\",\"url\":\"https:\/\/influence.ch\/fr\/2025\/03\/27\/la-forteresse-numerique-comment-rendre-les-donnees-trump-proof\/\",\"name\":\"Comment rendre les donn\u00e9es \u00ab Trump-proof \u00bb - influence powered by furrerhugi\",\"isPartOf\":{\"@id\":\"https:\/\/influence.ch\/#website\"},\"primaryImageOfPage\":{\"@id\":\"https:\/\/influence.ch\/fr\/2025\/03\/27\/la-forteresse-numerique-comment-rendre-les-donnees-trump-proof\/#primaryimage\"},\"image\":{\"@id\":\"https:\/\/influence.ch\/fr\/2025\/03\/27\/la-forteresse-numerique-comment-rendre-les-donnees-trump-proof\/#primaryimage\"},\"thumbnailUrl\":\"https:\/\/influence.ch\/wp-content\/uploads\/2022\/12\/influence_Verlaeufe_V01_7.png\",\"datePublished\":\"2025-03-27T13:50:11+00:00\",\"dateModified\":\"2025-03-27T16:15:20+00:00\",\"author\":{\"@id\":\"https:\/\/influence.ch\/#\/schema\/person\/718772fa81c4a1af46e0ac0e0e3036b0\"},\"description\":\"Les \u00c9tats-Unis s'opposent \u00e0 la collecte de donn\u00e9es par le gouvernement\",\"breadcrumb\":{\"@id\":\"https:\/\/influence.ch\/fr\/2025\/03\/27\/la-forteresse-numerique-comment-rendre-les-donnees-trump-proof\/#breadcrumb\"},\"inLanguage\":\"fr-FR\",\"potentialAction\":[{\"@type\":\"ReadAction\",\"target\":[\"https:\/\/influence.ch\/fr\/2025\/03\/27\/la-forteresse-numerique-comment-rendre-les-donnees-trump-proof\/\"]}]},{\"@type\":\"ImageObject\",\"inLanguage\":\"fr-FR\",\"@id\":\"https:\/\/influence.ch\/fr\/2025\/03\/27\/la-forteresse-numerique-comment-rendre-les-donnees-trump-proof\/#primaryimage\",\"url\":\"https:\/\/influence.ch\/wp-content\/uploads\/2022\/12\/influence_Verlaeufe_V01_7.png\",\"contentUrl\":\"https:\/\/influence.ch\/wp-content\/uploads\/2022\/12\/influence_Verlaeufe_V01_7.png\",\"width\":2442,\"height\":2169},{\"@type\":\"BreadcrumbList\",\"@id\":\"https:\/\/influence.ch\/fr\/2025\/03\/27\/la-forteresse-numerique-comment-rendre-les-donnees-trump-proof\/#breadcrumb\",\"itemListElement\":[{\"@type\":\"ListItem\",\"position\":1,\"name\":\"Startseite\",\"item\":\"https:\/\/influence.ch\/fr\/influence\/\"},{\"@type\":\"ListItem\",\"position\":2,\"name\":\"Comment rendre les donn\u00e9es \u00ab Trump-proof \u00bb\"}]},{\"@type\":\"WebSite\",\"@id\":\"https:\/\/influence.ch\/#website\",\"url\":\"https:\/\/influence.ch\/\",\"name\":\"influence powered by furrerhugi\",\"description\":\"Vorsprung durch Wissen\",\"potentialAction\":[{\"@type\":\"SearchAction\",\"target\":{\"@type\":\"EntryPoint\",\"urlTemplate\":\"https:\/\/influence.ch\/?s={search_term_string}\"},\"query-input\":{\"@type\":\"PropertyValueSpecification\",\"valueRequired\":true,\"valueName\":\"search_term_string\"}}],\"inLanguage\":\"fr-FR\"},{\"@type\":\"Person\",\"@id\":\"https:\/\/influence.ch\/#\/schema\/person\/718772fa81c4a1af46e0ac0e0e3036b0\",\"name\":\"Matthias Halbeis\",\"image\":{\"@type\":\"ImageObject\",\"inLanguage\":\"fr-FR\",\"@id\":\"https:\/\/influence.ch\/#\/schema\/person\/image\/\",\"url\":\"https:\/\/secure.gravatar.com\/avatar\/39299fbf392ef1a46bba124b38dd0a8d3f9f6634aa745b33735180018def6132?s=96&d=mm&r=g\",\"contentUrl\":\"https:\/\/secure.gravatar.com\/avatar\/39299fbf392ef1a46bba124b38dd0a8d3f9f6634aa745b33735180018def6132?s=96&d=mm&r=g\",\"caption\":\"Matthias Halbeis\"},\"url\":\"https:\/\/influence.ch\/fr\/author\/matthias-halbeis\/\"}]}<\/script>\n<!-- \/ Yoast SEO plugin. -->","yoast_head_json":{"title":"Comment rendre les donn\u00e9es \u00ab Trump-proof \u00bb - influence powered by furrerhugi","description":"Les \u00c9tats-Unis s'opposent \u00e0 la collecte de donn\u00e9es par le gouvernement","robots":{"index":"index","follow":"follow","max-snippet":"max-snippet:-1","max-image-preview":"max-image-preview:large","max-video-preview":"max-video-preview:-1"},"canonical":"https:\/\/influence.ch\/fr\/2025\/03\/27\/la-forteresse-numerique-comment-rendre-les-donnees-trump-proof\/","og_locale":"fr_FR","og_type":"article","og_title":"Comment rendre les donn\u00e9es \u00ab Trump-proof \u00bb - influence powered by furrerhugi","og_description":"Les \u00c9tats-Unis s'opposent \u00e0 la collecte de donn\u00e9es par le gouvernement","og_url":"https:\/\/influence.ch\/fr\/2025\/03\/27\/la-forteresse-numerique-comment-rendre-les-donnees-trump-proof\/","og_site_name":"influence powered by furrerhugi","article_published_time":"2025-03-27T13:50:11+00:00","article_modified_time":"2025-03-27T16:15:20+00:00","og_image":[{"url":"https:\/\/influence.ch\/wp-content\/uploads\/2025\/03\/shutterstock_1836381817-1-1030x686.png","type":"","width":"","height":""}],"author":"Matthias Halbeis","twitter_card":"summary_large_image","twitter_image":"https:\/\/influence.ch\/wp-content\/uploads\/2025\/03\/shutterstock_1836381817-1-1030x686.png","twitter_misc":{"\u00c9crit par":"Matthias Halbeis","Dur\u00e9e de lecture estim\u00e9e":"8 minutes"},"schema":{"@context":"https:\/\/schema.org","@graph":[{"@type":"Article","@id":"https:\/\/influence.ch\/fr\/2025\/03\/27\/la-forteresse-numerique-comment-rendre-les-donnees-trump-proof\/#article","isPartOf":{"@id":"https:\/\/influence.ch\/fr\/2025\/03\/27\/la-forteresse-numerique-comment-rendre-les-donnees-trump-proof\/"},"author":{"name":"Matthias Halbeis","@id":"https:\/\/influence.ch\/#\/schema\/person\/718772fa81c4a1af46e0ac0e0e3036b0"},"headline":"Comment rendre les donn\u00e9es \u00ab Trump-proof \u00bb","datePublished":"2025-03-27T13:50:11+00:00","dateModified":"2025-03-27T16:15:20+00:00","mainEntityOfPage":{"@id":"https:\/\/influence.ch\/fr\/2025\/03\/27\/la-forteresse-numerique-comment-rendre-les-donnees-trump-proof\/"},"wordCount":2542,"commentCount":0,"image":{"@id":"https:\/\/influence.ch\/fr\/2025\/03\/27\/la-forteresse-numerique-comment-rendre-les-donnees-trump-proof\/#primaryimage"},"thumbnailUrl":"https:\/\/influence.ch\/wp-content\/uploads\/2022\/12\/influence_Verlaeufe_V01_7.png","articleSection":["Communication"],"inLanguage":"fr-FR","potentialAction":[{"@type":"CommentAction","name":"Comment","target":["https:\/\/influence.ch\/fr\/2025\/03\/27\/la-forteresse-numerique-comment-rendre-les-donnees-trump-proof\/#respond"]}]},{"@type":"WebPage","@id":"https:\/\/influence.ch\/fr\/2025\/03\/27\/la-forteresse-numerique-comment-rendre-les-donnees-trump-proof\/","url":"https:\/\/influence.ch\/fr\/2025\/03\/27\/la-forteresse-numerique-comment-rendre-les-donnees-trump-proof\/","name":"Comment rendre les donn\u00e9es \u00ab Trump-proof \u00bb - influence powered by furrerhugi","isPartOf":{"@id":"https:\/\/influence.ch\/#website"},"primaryImageOfPage":{"@id":"https:\/\/influence.ch\/fr\/2025\/03\/27\/la-forteresse-numerique-comment-rendre-les-donnees-trump-proof\/#primaryimage"},"image":{"@id":"https:\/\/influence.ch\/fr\/2025\/03\/27\/la-forteresse-numerique-comment-rendre-les-donnees-trump-proof\/#primaryimage"},"thumbnailUrl":"https:\/\/influence.ch\/wp-content\/uploads\/2022\/12\/influence_Verlaeufe_V01_7.png","datePublished":"2025-03-27T13:50:11+00:00","dateModified":"2025-03-27T16:15:20+00:00","author":{"@id":"https:\/\/influence.ch\/#\/schema\/person\/718772fa81c4a1af46e0ac0e0e3036b0"},"description":"Les \u00c9tats-Unis s'opposent \u00e0 la collecte de donn\u00e9es par le gouvernement","breadcrumb":{"@id":"https:\/\/influence.ch\/fr\/2025\/03\/27\/la-forteresse-numerique-comment-rendre-les-donnees-trump-proof\/#breadcrumb"},"inLanguage":"fr-FR","potentialAction":[{"@type":"ReadAction","target":["https:\/\/influence.ch\/fr\/2025\/03\/27\/la-forteresse-numerique-comment-rendre-les-donnees-trump-proof\/"]}]},{"@type":"ImageObject","inLanguage":"fr-FR","@id":"https:\/\/influence.ch\/fr\/2025\/03\/27\/la-forteresse-numerique-comment-rendre-les-donnees-trump-proof\/#primaryimage","url":"https:\/\/influence.ch\/wp-content\/uploads\/2022\/12\/influence_Verlaeufe_V01_7.png","contentUrl":"https:\/\/influence.ch\/wp-content\/uploads\/2022\/12\/influence_Verlaeufe_V01_7.png","width":2442,"height":2169},{"@type":"BreadcrumbList","@id":"https:\/\/influence.ch\/fr\/2025\/03\/27\/la-forteresse-numerique-comment-rendre-les-donnees-trump-proof\/#breadcrumb","itemListElement":[{"@type":"ListItem","position":1,"name":"Startseite","item":"https:\/\/influence.ch\/fr\/influence\/"},{"@type":"ListItem","position":2,"name":"Comment rendre les donn\u00e9es \u00ab Trump-proof \u00bb"}]},{"@type":"WebSite","@id":"https:\/\/influence.ch\/#website","url":"https:\/\/influence.ch\/","name":"influence powered by furrerhugi","description":"Vorsprung durch Wissen","potentialAction":[{"@type":"SearchAction","target":{"@type":"EntryPoint","urlTemplate":"https:\/\/influence.ch\/?s={search_term_string}"},"query-input":{"@type":"PropertyValueSpecification","valueRequired":true,"valueName":"search_term_string"}}],"inLanguage":"fr-FR"},{"@type":"Person","@id":"https:\/\/influence.ch\/#\/schema\/person\/718772fa81c4a1af46e0ac0e0e3036b0","name":"Matthias Halbeis","image":{"@type":"ImageObject","inLanguage":"fr-FR","@id":"https:\/\/influence.ch\/#\/schema\/person\/image\/","url":"https:\/\/secure.gravatar.com\/avatar\/39299fbf392ef1a46bba124b38dd0a8d3f9f6634aa745b33735180018def6132?s=96&d=mm&r=g","contentUrl":"https:\/\/secure.gravatar.com\/avatar\/39299fbf392ef1a46bba124b38dd0a8d3f9f6634aa745b33735180018def6132?s=96&d=mm&r=g","caption":"Matthias Halbeis"},"url":"https:\/\/influence.ch\/fr\/author\/matthias-halbeis\/"}]}},"_links":{"self":[{"href":"https:\/\/influence.ch\/fr\/wp-json\/wp\/v2\/posts\/4940","targetHints":{"allow":["GET"]}}],"collection":[{"href":"https:\/\/influence.ch\/fr\/wp-json\/wp\/v2\/posts"}],"about":[{"href":"https:\/\/influence.ch\/fr\/wp-json\/wp\/v2\/types\/post"}],"author":[{"embeddable":true,"href":"https:\/\/influence.ch\/fr\/wp-json\/wp\/v2\/users\/6"}],"replies":[{"embeddable":true,"href":"https:\/\/influence.ch\/fr\/wp-json\/wp\/v2\/comments?post=4940"}],"version-history":[{"count":8,"href":"https:\/\/influence.ch\/fr\/wp-json\/wp\/v2\/posts\/4940\/revisions"}],"predecessor-version":[{"id":5096,"href":"https:\/\/influence.ch\/fr\/wp-json\/wp\/v2\/posts\/4940\/revisions\/5096"}],"wp:featuredmedia":[{"embeddable":true,"href":"https:\/\/influence.ch\/fr\/wp-json\/wp\/v2\/media\/529"}],"wp:attachment":[{"href":"https:\/\/influence.ch\/fr\/wp-json\/wp\/v2\/media?parent=4940"}],"wp:term":[{"taxonomy":"category","embeddable":true,"href":"https:\/\/influence.ch\/fr\/wp-json\/wp\/v2\/categories?post=4940"},{"taxonomy":"post_tag","embeddable":true,"href":"https:\/\/influence.ch\/fr\/wp-json\/wp\/v2\/tags?post=4940"}],"curies":[{"name":"wp","href":"https:\/\/api.w.org\/{rel}","templated":true}]}}