{"id":4727,"date":"2025-02-27T08:34:18","date_gmt":"2025-02-27T07:34:18","guid":{"rendered":"https:\/\/influence.ch\/?p=4727"},"modified":"2025-02-27T19:30:20","modified_gmt":"2025-02-27T18:30:20","slug":"cest-ainsi-que-lon-devient-porte-parole-du-conseil-federal","status":"publish","type":"post","link":"https:\/\/influence.ch\/fr\/2025\/02\/27\/cest-ainsi-que-lon-devient-porte-parole-du-conseil-federal\/","title":{"rendered":"\u00ab C&rsquo;est ainsi que l&rsquo;on devient porte-parole du Conseil f\u00e9d\u00e9ral \u00bb"},"content":{"rendered":"\n<style type=\"text\/css\" data-created_by=\"avia_inline_auto\" id=\"style-css-av-37s3-23bad167485dfcca0d1c7f2cb84e41b2\">\n.avia-section.av-37s3-23bad167485dfcca0d1c7f2cb84e41b2{\nmargin-top:20px;\nmargin-bottom:20px;\n}\n<\/style>\n<div id='av_section_1'  class='avia-section av-37s3-23bad167485dfcca0d1c7f2cb84e41b2 main_color avia-section-default avia-no-border-styling  avia-builder-el-0  el_before_av_section  avia-builder-el-first  head_talk avia-bg-style-scroll container_wrap fullsize'  ><div class='container av-section-cont-open' ><main  role=\"main\" itemprop=\"mainContentOfPage\"  class='template-page content  av-content-full alpha units'><div class='post-entry post-entry-type-page post-entry-4727'><div class='entry-content-wrapper clearfix'>\n\n<style type=\"text\/css\" data-created_by=\"avia_inline_auto\" id=\"style-css-av-ll3dnv6h-4148c811db292f0b98b5ef1a1b585ab3\">\n#top .hr.hr-invisible.av-ll3dnv6h-4148c811db292f0b98b5ef1a1b585ab3{\nheight:40px;\n}\n<\/style>\n<div  class='hr av-ll3dnv6h-4148c811db292f0b98b5ef1a1b585ab3 hr-invisible  avia-builder-el-1  el_before_av_post_metadata  avia-builder-el-first '><span class='hr-inner '><span class=\"hr-inner-style\"><\/span><\/span><\/div>\n\n<style type=\"text\/css\" data-created_by=\"avia_inline_auto\" id=\"style-css-av-ll2bygrq-a1a13b3da260d9c9d49905a783ae5cc5\">\n#top .av-post-metadata-container.av-ll2bygrq-a1a13b3da260d9c9d49905a783ae5cc5{\ncolor:#ffffff;\nfont-size:22px;\n}\n#top .av-post-metadata-container.av-ll2bygrq-a1a13b3da260d9c9d49905a783ae5cc5 .av-post-metadata-container-inner{\nfont-size:22px;\n}\n<\/style>\n<div  id=\"author\"  class='av-post-metadata-container av-ll2bygrq-a1a13b3da260d9c9d49905a783ae5cc5 av-metadata-container-align-left  avia-builder-el-2  el_after_av_hr  el_before_av_textblock  av-desktop-hide av-medium-hide av-small-hide av-mini-hide av-metadata-container-1'><div class='av-post-metadata-container-inner'><span class=\"av-post-metadata-content av-post-metadata-meta-content\"><span class=\"av-post-metadata-content av-post-metadata-category\"><span class=\"av-post-metadata-category-link\" ><a href=\"https:\/\/influence.ch\/fr\/category\/lentretien\/\" >*L'entretien*<\/a><\/span><\/span><\/span><\/div><\/div>\n\n<style type=\"text\/css\" data-created_by=\"avia_inline_auto\" id=\"style-css-av-lajol5k3-bcabd5439ce39e62158db334b9b99d68\">\n#top .av_textblock_section.av-lajol5k3-bcabd5439ce39e62158db334b9b99d68 .avia_textblock{\ncolor:#ffffff;\n}\n<\/style>\n<section  class='av_textblock_section av-lajol5k3-bcabd5439ce39e62158db334b9b99d68'  itemscope=\"itemscope\" itemtype=\"https:\/\/schema.org\/BlogPosting\" itemprop=\"blogPost\" ><div class='avia_textblock av_inherit_color'  itemprop=\"text\" ><h1 style=\"text-align: center;\"><\/h1>\n<h1 style=\"text-align: center;\"><span class=\"notion-enable-hover\" data-token-index=\"0\">\u00ab <\/span>C&rsquo;est ainsi que l&rsquo;on devient porte-parole du Conseil f\u00e9d\u00e9ral <span class=\"notion-enable-hover\" data-token-index=\"0\">\u00bb<\/span><!-- notionvc: 52ea63b2-2496-4656-b39f-e7664e4d2873 --><\/h1>\n<p style=\"text-align: center;\">L&rsquo;ancien vice-chancelier Oswald Sigg explique les exigences auxquelles doit r\u00e9pondre le porte-parole du gouvernement, et pourquoi ce titre devrait en fait s&rsquo;appeler autrement en Suisse.<\/p>\n<\/div><\/section>\n\n<style type=\"text\/css\" data-created_by=\"avia_inline_auto\" id=\"style-css-av-kqp-d3340c463e9779d9fb5e4297bb48a84f\">\n#top .av-post-metadata-container.av-kqp-d3340c463e9779d9fb5e4297bb48a84f{\ncolor:#ffffff;\n}\n<\/style>\n<div  id=\"author\"  class='av-post-metadata-container av-kqp-d3340c463e9779d9fb5e4297bb48a84f av-metadata-container-align-left  avia-builder-el-4  el_after_av_textblock  el_before_av_hr  av-desktop-hide av-medium-hide av-small-hide av-mini-hide av-metadata-container-2'><div class='av-post-metadata-container-inner'><span class=\"av-post-metadata-content av-post-metadata-meta-content\"><span class=\"av-post-metadata-content av-post-metadata-author\"  itemprop=\"author\" ><span class=\"av-post-metadata-author-link\" ><a href=\"https:\/\/influence.ch\/fr\/author\/eva-novak\/\"  rel=\"author\">Eva Novak<\/a><\/span><\/span><\/span><\/div><\/div>\n\n<style type=\"text\/css\" data-created_by=\"avia_inline_auto\" id=\"style-css-av-3rkb-5af53ac747b34df56e11174e8e22e573\">\n#top .hr.hr-invisible.av-3rkb-5af53ac747b34df56e11174e8e22e573{\nheight:40px;\n}\n<\/style>\n<div  class='hr av-3rkb-5af53ac747b34df56e11174e8e22e573 hr-invisible  avia-builder-el-5  el_after_av_post_metadata  avia-builder-el-last '><span class='hr-inner '><span class=\"hr-inner-style\"><\/span><\/span><\/div>\n\n<\/div><\/div><\/main><!-- close content main element --><\/div><\/div><div id='av_section_2'  class='avia-section av-4nqx-1f9ea2e9ed6a23cc856f96335c63c817 main_color avia-section-default avia-no-border-styling  avia-builder-el-6  el_after_av_section  el_before_av_section  post-inhalt avia-bg-style-scroll container_wrap fullsize'  ><div class='container av-section-cont-open' ><div class='template-page content  av-content-full alpha units'><div class='post-entry post-entry-type-page post-entry-4727'><div class='entry-content-wrapper clearfix'>\n\n<style type=\"text\/css\" data-created_by=\"avia_inline_auto\" id=\"style-css-av-2su4x-5da5059746117e9ffb18a39325393eaf\">\n#top .av-post-metadata-container.av-2su4x-5da5059746117e9ffb18a39325393eaf{\ncolor:#000000;\nfont-size:16px;\n}\n#top .av-post-metadata-container.av-2su4x-5da5059746117e9ffb18a39325393eaf .av-post-metadata-container-inner{\nfont-size:16px;\n}\n<\/style>\n<div  id=\"author\"  class='av-post-metadata-container av-2su4x-5da5059746117e9ffb18a39325393eaf av-metadata-container-align-left  avia-builder-el-7  el_before_av_hr  avia-builder-el-first  av-metadata-container-3'><div class='av-post-metadata-container-inner'><span class=\"av-post-metadata-content av-post-metadata-meta-content\"><span class=\"av-post-metadata-content av-post-metadata-published\"><span class=\"av-post-metadata-published-date\" >27 f\u00e9vrier 2025<\/span><span class=\"av-metadata-after av-metadata-after-published\">|<\/span><\/span><span class=\"av-post-metadata-content av-post-metadata-separator\"><\/span><span class=\"av-post-metadata-content av-post-metadata-author\"  itemprop=\"author\" ><span class=\"av-post-metadata-author-link\" ><a href=\"https:\/\/influence.ch\/fr\/author\/eva-novak\/\"  rel=\"author\">Eva Novak<\/a><\/span><span class=\"av-metadata-after av-metadata-after-author\">|<\/span><\/span><span class=\"av-post-metadata-content av-post-metadata-separator\"><\/span><span class=\"av-post-metadata-content av-post-metadata-category\"><span class=\"av-post-metadata-category-link\" ><a href=\"https:\/\/influence.ch\/fr\/category\/lentretien\/\" >*L'entretien*<\/a><\/span><\/span><\/span><\/div><\/div>\n\n<style type=\"text\/css\" data-created_by=\"avia_inline_auto\" id=\"style-css-av-ll2cb0de-1618aeaa710f9714e67c07fd3b765e06\">\n#top .hr.hr-invisible.av-ll2cb0de-1618aeaa710f9714e67c07fd3b765e06{\nheight:10px;\n}\n<\/style>\n<div  class='hr av-ll2cb0de-1618aeaa710f9714e67c07fd3b765e06 hr-invisible  avia-builder-el-8  el_after_av_post_metadata  el_before_av_image '><span class='hr-inner '><span class=\"hr-inner-style\"><\/span><\/span><\/div>\n\n<style type=\"text\/css\" data-created_by=\"avia_inline_auto\" id=\"style-css-av-ll2btvp2-8fe9b2dc4d9ea549669c4016683ba1a0\">\n.avia-image-container.av-ll2btvp2-8fe9b2dc4d9ea549669c4016683ba1a0 img.avia_image{\nbox-shadow:none;\n}\n.avia-image-container.av-ll2btvp2-8fe9b2dc4d9ea549669c4016683ba1a0 .av-image-caption-overlay-center{\ncolor:#ffffff;\n}\n<\/style>\n<div  class='avia-image-container av-ll2btvp2-8fe9b2dc4d9ea549669c4016683ba1a0 av-styling- avia-align-center  avia-builder-el-9  el_after_av_hr  el_before_av_textblock '   itemprop=\"image\" itemscope=\"itemscope\" itemtype=\"https:\/\/schema.org\/ImageObject\" ><div class=\"avia-image-container-inner\"><div class=\"avia-image-overlay-wrap\"><img decoding=\"async\" class='wp-image-4724 avia-img-lazy-loading-not-4724 avia_image ' src=\"https:\/\/influence.ch\/wp-content\/uploads\/2025\/02\/IMG_0095-rotated.jpg\" alt='' title='IMG_0095'  height=\"960\" width=\"1280\"  itemprop=\"thumbnailUrl\" srcset=\"https:\/\/influence.ch\/wp-content\/uploads\/2025\/02\/IMG_0095-rotated.jpg 1280w, https:\/\/influence.ch\/wp-content\/uploads\/2025\/02\/IMG_0095-300x225.jpg 300w, https:\/\/influence.ch\/wp-content\/uploads\/2025\/02\/IMG_0095-1030x773.jpg 1030w, https:\/\/influence.ch\/wp-content\/uploads\/2025\/02\/IMG_0095-768x576.jpg 768w, https:\/\/influence.ch\/wp-content\/uploads\/2025\/02\/IMG_0095-667x500.jpg 667w\" sizes=\"(max-width: 1280px) 100vw, 1280px\" \/><\/div><\/div><\/div>\n<section  class='av_textblock_section av-llowbfkh-a1f80455611878ef3d50e8f39989bd43'  itemscope=\"itemscope\" itemtype=\"https:\/\/schema.org\/BlogPosting\" itemprop=\"blogPost\" ><div class='avia_textblock'  itemprop=\"text\" ><h6 class=\"p1\"><span class=\"TextRun SCXW67727848 BCX4\" lang=\"DE-CH\" xml:lang=\"DE-CH\" data-contrast=\"auto\"><span class=\"NormalTextRun SCXW67727848 BCX4\">Oswald Sigg (80 ans) a commenc\u00e9 sa carri\u00e8re professionnelle en tant que chef adjoint de l&rsquo;information de la Chancellerie f\u00e9d\u00e9rale. Il a ensuite \u00e9t\u00e9 chef de l&rsquo;information du DFF, r\u00e9dacteur en chef de l&rsquo;ATS, puis porte-parole de la SSR. De 2005 \u00e0 2009, Sigg a \u00e9t\u00e9 vice-chancelier et porte-parole du Conseil f\u00e9d\u00e9ral. (zvg)<\/span><\/span><\/h6>\n<\/div><\/section>\n\n<style type=\"text\/css\" data-created_by=\"avia_inline_auto\" id=\"style-css-av-2q8z-01ad5e0b5f31c74fd38e79a60fc3cd1d\">\n#top .av_textblock_section.av-2q8z-01ad5e0b5f31c74fd38e79a60fc3cd1d .avia_textblock{\nfont-size:22px;\n}\n<\/style>\n<section  class='av_textblock_section av-2q8z-01ad5e0b5f31c74fd38e79a60fc3cd1d'  itemscope=\"itemscope\" itemtype=\"https:\/\/schema.org\/BlogPosting\" itemprop=\"blogPost\" ><div class='avia_textblock'  itemprop=\"text\" ><p><strong>En tant qu&rsquo;ancien porte-parole du Conseil f\u00e9d\u00e9ral, cela vous \u00e9tonne-t-il que l&rsquo;actuel titulaire du poste, Andrea Arcidiacono, jette l&rsquo;\u00e9ponge apr\u00e8s seulement six mois ?<\/strong><br \/>\n<strong>Oswald Sigg :<\/strong> Cela m&rsquo;\u00e9tonne, car ce n&rsquo;est pas courant. Je n&rsquo;ai moi-m\u00eame exerc\u00e9 cette fonction que pendant quatre ans. Mais mes deux pr\u00e9d\u00e9cesseurs, Achille Casanova et Walter Buser, ont \u00e9t\u00e9 vice-chanceliers, comme on appelait la fonction \u00e0 l&rsquo;\u00e9poque, pendant des d\u00e9cennies &#8211; le porte-parole du Conseil f\u00e9d\u00e9ral n&rsquo;est venu que plus tard. Je suppose donc qu&rsquo;il s&rsquo;agit d&rsquo;un probl\u00e8me personnel et non officiel.<\/p>\n<p><strong>Votre successeur, Andr\u00e9 Simonazzi, a \u00e9galement \u00e9t\u00e9 la voix du Conseil f\u00e9d\u00e9ral pendant 15 ans, jusqu&rsquo;\u00e0 son d\u00e9c\u00e8s en fonction. Pourquoi n&rsquo;\u00eates-vous rest\u00e9 que quatre ans ? <\/strong><br \/>\n<strong>Sigg :<\/strong> Il y a une petite histoire qui circule \u00e0 ce sujet dans la salle du Conseil f\u00e9d\u00e9ral : lorsque mon pr\u00e9d\u00e9cesseur a pris sa retraite apr\u00e8s de tr\u00e8s nombreuses ann\u00e9es, une douzaine de candidats plus jeunes et de sensibilit\u00e9 plus bourgeoise se sont annonc\u00e9s \u00e0 la Chancellerie f\u00e9d\u00e9rale. J&rsquo;avais alors 61 ans et j&rsquo;\u00e9tais membre du PS. Lors de la s\u00e9ance au cours de laquelle le Conseil f\u00e9d\u00e9ral discutait du choix du porte-parole du gouvernement, Christoph Blocher s&rsquo;est aussit\u00f4t manifest\u00e9 et a simplement dit : \u00ab Nous prendrons le Sigg, car il restera au maximum quatre ans \u00bb. Voil\u00e0 comment on devient porte-parole du Conseil f\u00e9d\u00e9ral.<\/p>\n<p><b>Vous avez \u00e9t\u00e9 auparavant chef de la communication dans plusieurs d\u00e9partements et avez dirig\u00e9 l&rsquo;\u00e9tat-major du chef du DETEC Moritz Leuenberger. Les exigences sont-elles particuli\u00e8rement \u00e9lev\u00e9es pour le vice-chancelier ou le porte-parole du Conseil f\u00e9d\u00e9ral ?<br \/>\nSigg :<\/b> Il existe \u00e0 cet effet un cahier des charges comme pour tous les fonctionnaires en chef. Ce qui y figure n&rsquo;est pas en soi irr\u00e9alisable. Cela d\u00e9pend notamment de la mani\u00e8re dont le chancelier f\u00e9d\u00e9ral d\u00e9cide d&#8217;employer le porte-parole du Conseil f\u00e9d\u00e9ral. Depuis le mandat du chancelier Karl Huber, le vice-chancelier est charg\u00e9 de r\u00e9diger le proc\u00e8s-verbal. C&rsquo;est une activit\u00e9 tr\u00e8s exigeante, qui n&rsquo;est pas \u00e0 la port\u00e9e de tout le monde.<\/p>\n<p><b>N&rsquo;est-ce pas le r\u00f4le de l&rsquo;autre vice-chancelier ?<br \/>\n<\/b><strong>Sigg : <\/strong>De mon temps, l&rsquo;autre vice-chancelier \u00e9tait responsable de la r\u00e9daction du proc\u00e8s-verbal des d\u00e9cisions du Conseil f\u00e9d\u00e9ral, et non du proc\u00e8s-verbal des s\u00e9ances. Dans ce dernier, on \u00e9crit ce que les diff\u00e9rents membres du Conseil f\u00e9d\u00e9ral ont dit \u00e0 peu pr\u00e8s sur chaque point de l&rsquo;ordre du jour. Les proc\u00e8s-verbaux permettent de savoir comment une d\u00e9cision a \u00e9t\u00e9 prise. A ma connaissance, cela n&rsquo;a pas chang\u00e9.<\/p>\n<p><b>N<\/b> &lsquo;<b>y a-t-il pas aussi des s\u00e9ances du Conseil f\u00e9d\u00e9ral qui d\u00e9lib\u00e9r\u00e9ment ne sont pas consign\u00e9es dans le proc\u00e8s-verbal ?<br \/>\n<\/b> <strong>Sigg :<\/strong> L\u00e0 encore, je ne peux parler que de l&rsquo;\u00e9poque o\u00f9 j&rsquo;\u00e9tais porte-parole du Conseil f\u00e9d\u00e9ral. Il y avait tr\u00e8s rarement des s\u00e9ances auxquelles le chancelier et les vice-chanceliers n&rsquo;assistaient pas. Par exemple, les s\u00e9ances qui suivaient les \u00e9lections, au cours desquelles les d\u00e9partements \u00e9taient r\u00e9partis, ou lorsqu&rsquo;une affaire particuli\u00e8rement d\u00e9licate \u00e9tait discut\u00e9e.<\/p>\n<p><b>Le pr\u00e9sident am\u00e9ricain Donald Trump a une porte-parole de 27 ans, Karoline Leavitt. Cela a-t-il un sens ?<br \/>\nSigg : <\/b>Absolument. C&rsquo;est l&rsquo;une des rares choses que Trump fait correctement dans sa situation. Les vieux briscards de la communication ne permettent g\u00e9n\u00e9ralement pas qu&rsquo;on leur dise comment communiquer. Une jeune porte-parole, qui idol\u00e2tre potentiellement le tout-puissant chef, est bien plus efficace. Elle dit exactement ce que le chef a dit, sans changer une seule virgule. De ce point de vue, Trump a pour une fois fait tout juste.<\/p>\n<p><b>Quel est le plus grand d\u00e9fi que le porte-parole du gouvernement doit relever ?<br \/>\n<\/b><strong>Sigg : <\/strong>Je n&rsquo;aime pas trop le mot <span class=\"notion-enable-hover\" data-token-index=\"0\">\u00ab <\/span>d\u00e9fi <span class=\"notion-enable-hover\" data-token-index=\"0\">\u00bb<\/span><!-- notionvc: c1f700d0-914c-4412-bdc0-e0bab08d479a -->. Selon la composition du Conseil f\u00e9d\u00e9ral, la t\u00e2che la plus difficile est le contact avec les diff\u00e9rents membres. Toutefois, le porte-parole du Conseil f\u00e9d\u00e9ral n&rsquo;est pas chez nous le porte-parole du gouvernement, comme Willi Ritschard avait l&rsquo;habitude de le dire. En effet, en Suisse, le gouvernement n&rsquo;est pas le Conseil f\u00e9d\u00e9ral, mais toujours le peuple. Le peuple dit oui ou non aux d\u00e9cisions du Conseil f\u00e9d\u00e9ral et du Parlement, donc le peuple est le gouvernement. De ce point de vue, il est tr\u00e8s important que le porte-parole du Conseil f\u00e9d\u00e9ral, comme l&rsquo;indique son titre professionnel, soit toujours conscient que tout ce qu&rsquo;il dit n&rsquo;est pas dit en son nom personnel, mais vaut pour l&rsquo;ensemble du Conseil f\u00e9d\u00e9ral.<\/p>\n<p><b>Est-ce si difficile ?<br \/>\n<\/b> <strong>Sigg :<\/strong> C&rsquo;est exigeant parce que le porte-parole du Conseil f\u00e9d\u00e9ral n&rsquo;est pas lui-m\u00eame membre du Conseil f\u00e9d\u00e9ral. Il peut th\u00e9oriquement \u00eatre corrig\u00e9 par un chef de d\u00e9partement. Il est important qu&rsquo;une confiance mutuelle puisse exister entre les journalistes et le porte-parole du Conseil f\u00e9d\u00e9ral. Cela peut se traduire par le fait qu&rsquo;apr\u00e8s la conf\u00e9rence de presse du Conseil f\u00e9d\u00e9ral, le porte-parole ne bloque pas simplement les questions des journalistes, mais d\u00e9taille certains points de la s\u00e9ance du Conseil f\u00e9d\u00e9ral. Et il faut \u00eatre \u00e0 l&rsquo;aise avec \u00e7a.<\/p>\n<p><b>Avez-vous un exemple ?<br \/>\n<\/b> <strong>Sigg : <\/strong>Ma r\u00e9ponse standard \u00e0 cette question est un expemple du temps o\u00f9 je travaillais pour Willi Ritschard. A l&rsquo;\u00e9poque, le conseiller f\u00e9d\u00e9ral Kurt Furgler m&rsquo;avait demand\u00e9 de r\u00e9cup\u00e9rer un texte pour un livre \u00e0 l&rsquo;occasion de l&rsquo;anniversaire de mon chef. Furgler \u00e9tait au t\u00e9l\u00e9phone et m&rsquo;a fait signe d&rsquo;attendre. Je l&rsquo;ai donc entendu livrer \u00e0 son interlocuteur des d\u00e9tails de la derni\u00e8re s\u00e9ance du Conseil f\u00e9d\u00e9ral. Je me suis dit qu&rsquo;il parlait \u00e0 l&rsquo;un de ses collaborateurs. Mais ensuite, Furgler a pris cong\u00e9 en disant : <span class=\"notion-enable-hover\" data-token-index=\"0\">\u00ab <\/span>Bon, cela reste entre nous. Au revoir, docteur Zwicky <span class=\"notion-enable-hover\" data-token-index=\"0\">\u00bb<\/span><!-- notionvc: fab29fcf-0d77-4e1f-9107-6727107a7e3b -->. Hans Zwicky \u00e9tait alors correspondant au Palais f\u00e9d\u00e9ral pour la NZZ.<\/p>\n<p><b>Que se passe-t-il si des membres \u00e9lus ne veulent pas respecter les r\u00e8gles ? Comme par exemple le conseiller f\u00e9d\u00e9ral Blocher, qui a refus\u00e9 de commenter le r\u00e9sultat d&rsquo;un vote ?<br \/>\nSigg :<\/b> C&rsquo;est tout \u00e0 fait l\u00e9gitime. C&rsquo;est d&rsquo;ailleurs Blocher qui a toujours dit que le Conseil f\u00e9d\u00e9ral s&rsquo;appelait gouvernement, mais qu&rsquo;il ne l&rsquo;\u00e9tait pas. J&rsquo;interpr\u00e8te cela comme le fait que le Conseil f\u00e9d\u00e9ral n&rsquo;est pas un parti, mais en quelque sorte le serviteur qui soumet un projet au peuple. Le peuple est alors l&rsquo;instance qui d\u00e9cide. L&rsquo;essentiel est qu&rsquo;il y ait un vote.<\/p>\n<p><b>Et que fait le porte-parole en cas de d\u00e9saccord au sein du coll\u00e8ge ?<br \/>\n<\/b><strong>Sigg : <\/strong>En cas de d\u00e9saccord, il n&rsquo;y a pas de d\u00e9cision qui serait communiqu\u00e9e. Dans ce cas, la d\u00e9cision est report\u00e9e \u00e0 une prochaine r\u00e9union ou \u00e0 une r\u00e9union \u00e0 huis clos.<\/p>\n<p><b>Qu&rsquo;est-ce qui caract\u00e9rise le plus le quotidien du porte-parole du gouvernement : le contact avec les membres du Conseil f\u00e9d\u00e9ral ou avec les journalistes ?<br \/>\n<\/b><strong>Sigg : <\/strong>Dans mon cas, je passai 50 % de mon temps \u00e0 r\u00e9pondre aux demandes des journalistes. Les autres 50% \u00e9taient consacr\u00e9s au travail au sein de la Chancellerie f\u00e9d\u00e9rale, notamment \u00e0 la collaboration avec les chefs de l&rsquo;information des sept d\u00e9partements. Le porte-parole du Conseil f\u00e9d\u00e9ral est en effet \u00e9galement pr\u00e9sident de la Conf\u00e9rence des services d&rsquo;information, ce qui est assez exigeant. J&rsquo;ai assum\u00e9 cette t\u00e2che de mani\u00e8re plut\u00f4t n\u00e9gligente, les autres l&rsquo;ont fait de mani\u00e8re plus intensive. Cela demande tout de m\u00eame beaucoup de travail.<\/p>\n<p><b>Tous les porte-parole du Conseil f\u00e9d\u00e9ral consacraient-ils 50% de leur temps aux questions des journalistes ?<br \/>\n<\/b> <strong>Sigg :<\/strong> Cela d\u00e9pend de la mani\u00e8re dont on exerce son m\u00e9tier. J&rsquo;ai toujours pens\u00e9 qu&rsquo;une collaboration \u00e9troite avec les journalistes \u00e9tait la ligne directrice d&rsquo;un porte-parole.<\/p>\n<p><b>Quel r\u00f4le joue la composition du Conseil f\u00e9d\u00e9ral ?<br \/>\n<\/b> <strong>Sigg :<\/strong> Cela d\u00e9pend de chaque membre, de comment il s&rsquo;int\u00e8gre au sein du coll\u00e8ge. Il va de soi que chacun et chacune apporte une personnalit\u00e9 diff\u00e9rente. Il est important d&rsquo;\u00e9lire des personnes qui ne p\u00e8sent et soup\u00e8sent pas chaque mot prononc\u00e9, les contredisent imm\u00e9diatement et se sentent ensuite personnellement offens\u00e9s. Je n&rsquo;ai que tr\u00e8s rarement vu de tels conseillers f\u00e9d\u00e9raux.<\/p>\n<p><b>Il est donc \u00e9galement important pour le porte-parole de savoir qui sera prochainement \u00e9lu pour succ\u00e9der \u00e0 Viola Amherd.<br \/>\n<\/b><strong>Sigg : <\/strong>Pour chaque vacance, il est tout aussi important de savoir qui se pr\u00e9sente \u00e0 la succession, quelle est l&rsquo;ampleur du choix et qui sera finalement \u00e9lu. C&rsquo;est tr\u00e8s important dans la mesure o\u00f9 il y a des gens qui peuvent changer, n\u00e9gativement ou positivement, un organe dans lequel ils sont \u00e9lus.<\/p>\n<p><b>Un tout nouveau style de communication risque-t-il de voir le jour ?<br \/>\n<\/b><strong>Sigg : <\/strong>Non. Un membre du Conseil f\u00e9d\u00e9ral peut formuler des souhaits au porte-parole du Conseil f\u00e9d\u00e9ral, mais il ne peut pas changer la communication du Conseil f\u00e9d\u00e9ral.<\/p>\n<p><b>Les \u00e9lections au Conseil f\u00e9d\u00e9ral sont-elles particuli\u00e8rement exigeantes pour le porte-parole du gouvernement ?<br \/>\n<\/b><strong>Sigg : <\/strong>Non. Il accompagne l&rsquo;\u00e9lu ou l&rsquo;\u00e9lue dans la salle du Conseil f\u00e9d\u00e9ral. C&rsquo;est la t\u00e2che la plus exigeante qu&rsquo;il ou elle ait \u00e0 accomplir.<\/p>\n<p><b>Vous n&rsquo;avez pas seulement travaill\u00e9 pour l&rsquo;\u00c9tat, mais aussi pour les m\u00e9dias. Comment jugez-vous leur situation actuelle ?<br \/>\nSigg : <\/b>D&rsquo;un point de vue tr\u00e8s g\u00e9n\u00e9ral, je trouve que les m\u00e9dias suisses sont bien meilleurs qu&rsquo;il y a 25 ans. Je pense qu&rsquo;ils sont plus pr\u00e9cis, plus concis, plus complets et plus intelligents. Cela ne concerne pas la t\u00e9l\u00e9vision suisse, mais pour la radio c&rsquo;est le cas.<\/p>\n<p><b>Parall\u00e8lement, la situation \u00e9conomique des m\u00e9dias est difficile. Les journalistes sont-ils moins nombreux \u00e0 fournir une prestation de meilleure qualit\u00e9 ?<br \/>\nSigg : <\/b>Il est tout \u00e0 fait possible qu&rsquo;une r\u00e9duction du nombre de journalistes produise l&rsquo;effet inverse de celui escompt\u00e9. Je pense que ce qui compte dans les r\u00e9dactions, ce sont les personnes qui y si\u00e8gent et non leur nombre. Avec plus de journalistes, on peut certes r\u00e9aliser beaucoup plus de textes, d&rsquo;images, d&rsquo;\u00e9missions et de contributions. Mais je doute que cela am\u00e9liore consid\u00e9rablement le m\u00e9dia dans son ensemble.<\/p>\n<p><b>Les conditions de travail des diff\u00e9rents professionnels des m\u00e9dias se sont toutefois fortement d\u00e9grad\u00e9es et beaucoup ont \u00e9t\u00e9 licenci\u00e9s.<br \/>\n<\/b> <strong>Sigg :<\/strong> Il me semble n\u00e9anmoins que la qualit\u00e9 de la presse et d&rsquo;une partie des m\u00e9dias \u00e9lectroniques s&rsquo;est am\u00e9lior\u00e9e. Cela peut aussi \u00eatre une question de circonstances ext\u00e9rieures, si je pense \u00e0 tous les errements aux Etats-Unis et ailleurs, qui nous am\u00e8nent au bord d&rsquo;une troisi\u00e8me guerre mondiale. Les m\u00e9dias sont alors sollicit\u00e9s comme jamais, et ce qu&rsquo;ils produisent est incroyable. Que ce soit en Suisse, en Allemagne ou en France.<\/p>\n<p><b>Vous ne pensez pas qu&rsquo;une aide publique aux m\u00e9dias soit utile ?<br \/>\n<\/b><strong>Sigg : <\/strong>Si les m\u00e9dias \u00e9taient \u00e0 bout de souffle, elle serait absolument n\u00e9cessaire. Mais nous n&rsquo;en sommes pas l\u00e0. Les m\u00e9dias locaux, en particulier, fonctionnent mieux sur le plan \u00e9conomique que les grands journaux et magazines.<\/p>\n<p><b>Comment occupez-vous votre temps, maintenant que vous ne dirigez plus d&rsquo;entreprise de m\u00e9dias et que vous ne travaillez plus pour le Conseil f\u00e9d\u00e9ral ?<br \/>\n<\/b> <strong>Sigg :<\/strong> En \u00e9crivant depuis trois ans un livre qui devrait \u00eatre achev\u00e9 prochainement. Il y est question de l&rsquo;argent utilis\u00e9 dans la d\u00e9mocratie. Nos droits populaires ne sont plus des droits, mais des produits. Une initiative populaire, par exemple, co\u00fbte deux millions et demi de francs, du lancement \u00e0 la votation. Le titre provisoire de mon livre est donc\u00a0 \u00abkostbare Demokratie\u00bb (<em>La d\u00e9mocratie<\/em> <em>pr\u00e9cieuse<\/em>).<\/p>\n<\/div><\/section>\n\n<style type=\"text\/css\" data-created_by=\"avia_inline_auto\" id=\"style-css-av-llc465ry-f75b624155052f066fdf422a26df97ad\">\n.flex_column.av-llc465ry-f75b624155052f066fdf422a26df97ad{\npadding:0 25px 0 25px;\nbackground-color:#b2b2b2;\n}\n<\/style>\n<div class='flex_column av-llc465ry-f75b624155052f066fdf422a26df97ad av_one_full  avia-builder-el-12  el_after_av_textblock  avia-builder-el-last  first flex_column_div column-top-margin'     ><style type=\"text\/css\" data-created_by=\"avia_inline_auto\" id=\"style-css-av-ll2c83gx-cf053f42e8400d00206b281d1e18bf29\">\n#top .av_textblock_section.av-ll2c83gx-cf053f42e8400d00206b281d1e18bf29 .avia_textblock{\ncolor:#ffffff;\n}\n<\/style>\n<section  class='av_textblock_section av-ll2c83gx-cf053f42e8400d00206b281d1e18bf29'  itemscope=\"itemscope\" itemtype=\"https:\/\/schema.org\/BlogPosting\" itemprop=\"blogPost\" ><div class='avia_textblock av_inherit_color'  itemprop=\"text\" ><p>Oswald Sigg (80 ans) a grandi \u00e0 Zurich et a \u00e9tudi\u00e9 la sociologie, l&rsquo;\u00e9conomie et la gestion d&rsquo;entreprise \u00e0 Saint-Gall, Paris et Berne. Il a adh\u00e9r\u00e9 au PS en 1973 et a commenc\u00e9 sa carri\u00e8re professionnelle peu apr\u00e8s en tant que chef suppl\u00e9ant de l&rsquo;information de la Chancellerie f\u00e9d\u00e9rale. Il a ensuite \u00e9t\u00e9 chef de l&rsquo;information du DFF sous Willi Ritschard et Otto Stich. En 1988, il est devenu r\u00e9dacteur en chef de l&rsquo;ATS, puis porte-parole de la SSR. Dix ans plus tard, il est retourn\u00e9 au service de la Conf\u00e9d\u00e9ration : en tant que chef de l&rsquo;information du DDPS sous Adolf Ogi et Samuel Schmid, puis en tant que chef d&rsquo;\u00e9tat-major du DETEC sous Moritz Leuenberger. De 2005 \u00e0 2009, Sigg a \u00e9t\u00e9 vice-chancelier et porte-parole du Conseil f\u00e9d\u00e9ral. P\u00e8re de deux enfants adultes, il vit \u00e0 Berne avec sa femme.<\/p>\n<\/div><\/section><\/div><\/div><\/div><\/div><!-- close content main div --><\/div><\/div>\n<style type=\"text\/css\" data-created_by=\"avia_inline_auto\" id=\"style-css-av-dzp81-da28cffb59f33e3fd07afb0e81f574c1\">\n.avia-section.av-dzp81-da28cffb59f33e3fd07afb0e81f574c1{\nbackground-color:#ededed;\nbackground-image:unset;\n}\n<\/style>\n<div id='av_section_3'  class='avia-section av-dzp81-da28cffb59f33e3fd07afb0e81f574c1 main_color avia-section-default avia-no-border-styling  avia-builder-el-14  el_after_av_section  avia-builder-el-last  post_slider avia-bg-style-scroll container_wrap fullsize'  ><div class='container av-section-cont-open' ><div class='template-page content  av-content-full alpha units'><div class='post-entry post-entry-type-page post-entry-4727'><div class='entry-content-wrapper clearfix'>\n<div  data-slideshow-options=\"{&quot;animation&quot;:&quot;fade&quot;,&quot;autoplay&quot;:false,&quot;loop_autoplay&quot;:&quot;once&quot;,&quot;interval&quot;:&quot;5&quot;,&quot;loop_manual&quot;:&quot;manual-endless&quot;,&quot;autoplay_stopper&quot;:false,&quot;noNavigation&quot;:false,&quot;show_slide_delay&quot;:90}\" class='avia-content-slider avia-content-slider-active avia-content-slider1 avia-content-slider-odd  avia-builder-el-15  avia-builder-el-no-sibling  av-slideshow-ui av-control-default   av-no-slider-navigation av-slideshow-manual av-loop-once av-loop-manual-endless '  itemscope=\"itemscope\" itemtype=\"https:\/\/schema.org\/Blog\" ><div class=\"avia-content-slider-inner\"><div class=\"slide-entry-wrap\"><article class='slide-entry flex_column  post-entry post-entry-5799 slide-entry-overview slide-loop-1 slide-parity-odd  av_one_third first real-thumbnail post-format-standard'  itemscope=\"itemscope\" itemtype=\"https:\/\/schema.org\/BlogPosting\" itemprop=\"blogPost\" ><a href='https:\/\/influence.ch\/fr\/2025\/08\/28\/quand-lia-faconne-votre-opinion-politique\/' data-rel='slide-1' class='slide-image' title='Quand l&rsquo;IA fa\u00e7onne votre opinion politique'><img decoding=\"async\" width=\"495\" height=\"400\" src=\"https:\/\/influence.ch\/wp-content\/uploads\/2022\/12\/influence_Verlaeufe_V01_1-495x400.png\" class=\"wp-image-522 avia-img-lazy-loading-not-522 attachment-portfolio size-portfolio wp-post-image\" alt=\"\" srcset=\"https:\/\/influence.ch\/wp-content\/uploads\/2022\/12\/influence_Verlaeufe_V01_1-495x400.png 495w, https:\/\/influence.ch\/wp-content\/uploads\/2022\/12\/influence_Verlaeufe_V01_1-845x684.png 845w\" sizes=\"(max-width: 495px) 100vw, 495px\" \/><\/a><div class=\"slide-content\"><header class=\"entry-content-header\"><h3 class='slide-entry-title entry-title '  itemprop=\"headline\" ><a href='https:\/\/influence.ch\/fr\/2025\/08\/28\/quand-lia-faconne-votre-opinion-politique\/' title='Quand l&rsquo;IA fa\u00e7onne votre opinion politique'>Quand l&rsquo;IA fa\u00e7onne votre opinion politique<\/a><\/h3><span class=\"av-vertical-delimiter\"><\/span><\/header><div class=\"slide-meta\"><time class='slide-meta-time updated'  itemprop=\"datePublished\" datetime=\"2025-08-28T09:28:50+02:00\" >28 ao\u00fbt 2025<\/time><\/div><div class='slide-entry-excerpt entry-content'  itemprop=\"text\" >Comment les chatbots influencent les croyances en dix minutes et ce que vous pouvez faire concr\u00e8tement pour y rem\u00e9dier  <\/div><\/div><footer class=\"entry-footer\"><\/footer><span class='hidden'>\n\t\t\t\t<span class='av-structured-data'  itemprop=\"image\" itemscope=\"itemscope\" itemtype=\"https:\/\/schema.org\/ImageObject\" >\n\t\t\t\t\t\t<span itemprop='url'>https:\/\/influence.ch\/wp-content\/uploads\/2022\/12\/influence_Verlaeufe_V01_1.png<\/span>\n\t\t\t\t\t\t<span itemprop='height'>2169<\/span>\n\t\t\t\t\t\t<span itemprop='width'>2442<\/span>\n\t\t\t\t<\/span>\n\t\t\t\t<span class='av-structured-data'  itemprop=\"publisher\" itemtype=\"https:\/\/schema.org\/Organization\" itemscope=\"itemscope\" >\n\t\t\t\t\t\t<span itemprop='name'>Pascal Ihle<\/span>\n\t\t\t\t\t\t<span itemprop='logo' itemscope itemtype='https:\/\/schema.org\/ImageObject'>\n\t\t\t\t\t\t\t<span itemprop='url'>https:\/\/influence.ch\/wp-content\/uploads\/2025\/02\/influence_Logo_FR_weiss-1030x277.png<\/span>\n\t\t\t\t\t\t <\/span>\n\t\t\t\t<\/span><span class='av-structured-data'  itemprop=\"author\" itemscope=\"itemscope\" itemtype=\"https:\/\/schema.org\/Person\" ><span itemprop='name'>Pascal Ihle<\/span><\/span><span class='av-structured-data'  itemprop=\"datePublished\" datetime=\"2025-02-27T08:34:18+01:00\" >2025-08-28 09:28:50<\/span><span class='av-structured-data'  itemprop=\"dateModified\" itemtype=\"https:\/\/schema.org\/dateModified\" >2025-08-28 16:21:44<\/span><span class='av-structured-data'  itemprop=\"mainEntityOfPage\" itemtype=\"https:\/\/schema.org\/mainEntityOfPage\" ><span itemprop='name'>Quand l&rsquo;IA fa\u00e7onne votre opinion politique<\/span><\/span><\/span><\/article><article class='slide-entry flex_column  post-entry post-entry-4443 slide-entry-overview slide-loop-2 slide-parity-even  av_one_third  real-thumbnail post-format-standard'  itemscope=\"itemscope\" itemtype=\"https:\/\/schema.org\/BlogPosting\" itemprop=\"blogPost\" ><a href='https:\/\/influence.ch\/fr\/2025\/01\/30\/mission-ia-comment-les-agents-autonomes-pensent-apprennent-et-agissent\/' data-rel='slide-1' class='slide-image' title='Mission IA : comment les agents autonomes pensent, apprennent et agissent'><img decoding=\"async\" width=\"495\" height=\"400\" src=\"https:\/\/influence.ch\/wp-content\/uploads\/2022\/12\/influence_Verlaeufe_V01_7-495x400.png\" class=\"wp-image-529 avia-img-lazy-loading-not-529 attachment-portfolio size-portfolio wp-post-image\" alt=\"\" srcset=\"https:\/\/influence.ch\/wp-content\/uploads\/2022\/12\/influence_Verlaeufe_V01_7-495x400.png 495w, https:\/\/influence.ch\/wp-content\/uploads\/2022\/12\/influence_Verlaeufe_V01_7-845x684.png 845w\" sizes=\"(max-width: 495px) 100vw, 495px\" \/><\/a><div class=\"slide-content\"><header class=\"entry-content-header\"><h3 class='slide-entry-title entry-title '  itemprop=\"headline\" ><a href='https:\/\/influence.ch\/fr\/2025\/01\/30\/mission-ia-comment-les-agents-autonomes-pensent-apprennent-et-agissent\/' title='Mission IA : comment les agents autonomes pensent, apprennent et agissent'>Mission IA : comment les agents autonomes pensent, apprennent et agissent<\/a><\/h3><span class=\"av-vertical-delimiter\"><\/span><\/header><div class=\"slide-meta\"><div class=\"slide-meta-comments\"><a href='https:\/\/influence.ch\/fr\/2025\/01\/30\/mission-ia-comment-les-agents-autonomes-pensent-apprennent-et-agissent\/#respond'>0 Commentaires<\/a><\/div><div class=\"slide-meta-del\">\/<\/div><time class='slide-meta-time updated'  itemprop=\"datePublished\" datetime=\"2025-01-30T11:07:53+01:00\" >30 janvier 2025<\/time><\/div><div class='slide-entry-excerpt entry-content'  itemprop=\"text\" >L'intelligence artificielle (IA) a fait d'\u00e9normes progr\u00e8s au cours des derni\u00e8res ann\u00e9es - l'un des d\u00e9veloppements les plus fascinants est celui des agents IA. Mais comment fonctionnent-ils exactement ?   <\/div><\/div><footer class=\"entry-footer\"><\/footer><span class='hidden'>\n\t\t\t\t<span class='av-structured-data'  itemprop=\"image\" itemscope=\"itemscope\" itemtype=\"https:\/\/schema.org\/ImageObject\" >\n\t\t\t\t\t\t<span itemprop='url'>https:\/\/influence.ch\/wp-content\/uploads\/2022\/12\/influence_Verlaeufe_V01_7.png<\/span>\n\t\t\t\t\t\t<span itemprop='height'>2169<\/span>\n\t\t\t\t\t\t<span itemprop='width'>2442<\/span>\n\t\t\t\t<\/span>\n\t\t\t\t<span class='av-structured-data'  itemprop=\"publisher\" itemtype=\"https:\/\/schema.org\/Organization\" itemscope=\"itemscope\" >\n\t\t\t\t\t\t<span itemprop='name'>Matthias Halbeis<\/span>\n\t\t\t\t\t\t<span itemprop='logo' itemscope itemtype='https:\/\/schema.org\/ImageObject'>\n\t\t\t\t\t\t\t<span itemprop='url'>https:\/\/influence.ch\/wp-content\/uploads\/2025\/02\/influence_Logo_FR_weiss-1030x277.png<\/span>\n\t\t\t\t\t\t <\/span>\n\t\t\t\t<\/span><span class='av-structured-data'  itemprop=\"author\" itemscope=\"itemscope\" itemtype=\"https:\/\/schema.org\/Person\" ><span itemprop='name'>Matthias Halbeis<\/span><\/span><span class='av-structured-data'  itemprop=\"datePublished\" datetime=\"2025-02-27T08:34:18+01:00\" >2025-01-30 11:07:53<\/span><span class='av-structured-data'  itemprop=\"dateModified\" itemtype=\"https:\/\/schema.org\/dateModified\" >2025-01-30 15:38:52<\/span><span class='av-structured-data'  itemprop=\"mainEntityOfPage\" itemtype=\"https:\/\/schema.org\/mainEntityOfPage\" ><span itemprop='name'>Mission IA : comment les agents autonomes pensent, apprennent et agissent<\/span><\/span><\/span><\/article><article class='slide-entry flex_column  post-entry post-entry-5490 slide-entry-overview slide-loop-3 slide-parity-odd  av_one_third  real-thumbnail post-format-standard'  itemscope=\"itemscope\" itemtype=\"https:\/\/schema.org\/BlogPosting\" itemprop=\"blogPost\" ><a href='https:\/\/influence.ch\/fr\/2025\/05\/26\/on-ne-pourra-jamais-compenser-ca\/' data-rel='slide-1' class='slide-image' title='\u00ab On ne pourra jamais compenser \u00e7a \u00bb'><img decoding=\"async\" width=\"495\" height=\"330\" src=\"https:\/\/influence.ch\/wp-content\/uploads\/2025\/05\/NAG_1622-scaled.jpg\" class=\"wp-image-5600 avia-img-lazy-loading-not-5600 attachment-portfolio size-portfolio wp-post-image\" alt=\"\" srcset=\"https:\/\/influence.ch\/wp-content\/uploads\/2025\/05\/NAG_1622-scaled.jpg 2560w, https:\/\/influence.ch\/wp-content\/uploads\/2025\/05\/NAG_1622-300x200.jpg 300w, https:\/\/influence.ch\/wp-content\/uploads\/2025\/05\/NAG_1622-1030x687.jpg 1030w, https:\/\/influence.ch\/wp-content\/uploads\/2025\/05\/NAG_1622-768x512.jpg 768w\" sizes=\"(max-width: 495px) 100vw, 495px\" \/><\/a><div class=\"slide-content\"><header class=\"entry-content-header\"><h3 class='slide-entry-title entry-title '  itemprop=\"headline\" ><a href='https:\/\/influence.ch\/fr\/2025\/05\/26\/on-ne-pourra-jamais-compenser-ca\/' title='\u00ab On ne pourra jamais compenser \u00e7a \u00bb'>\u00ab On ne pourra jamais compenser \u00e7a \u00bb<\/a><\/h3><span class=\"av-vertical-delimiter\"><\/span><\/header><div class=\"slide-meta\"><div class=\"slide-meta-comments\"><a href='https:\/\/influence.ch\/fr\/2025\/05\/26\/on-ne-pourra-jamais-compenser-ca\/#respond'>0 Commentaires<\/a><\/div><div class=\"slide-meta-del\">\/<\/div><time class='slide-meta-time updated'  itemprop=\"datePublished\" datetime=\"2025-05-26T13:53:25+02:00\" >26 mai 2025<\/time><\/div><div class='slide-entry-excerpt entry-content'  itemprop=\"text\" >Nora Kronig, directrice de la CRS, explique les cons\u00e9quences massives de la r\u00e9duction de l'aide am\u00e9ricaine au d\u00e9veloppement - indirectement aussi pour la Croix-Rouge suisse.  <\/div><\/div><footer class=\"entry-footer\"><\/footer><span class='hidden'>\n\t\t\t\t<span class='av-structured-data'  itemprop=\"image\" itemscope=\"itemscope\" itemtype=\"https:\/\/schema.org\/ImageObject\" >\n\t\t\t\t\t\t<span itemprop='url'>https:\/\/influence.ch\/wp-content\/uploads\/2025\/05\/NAG_1622-scaled.jpg<\/span>\n\t\t\t\t\t\t<span itemprop='height'>1707<\/span>\n\t\t\t\t\t\t<span itemprop='width'>2560<\/span>\n\t\t\t\t<\/span>\n\t\t\t\t<span class='av-structured-data'  itemprop=\"publisher\" itemtype=\"https:\/\/schema.org\/Organization\" itemscope=\"itemscope\" >\n\t\t\t\t\t\t<span itemprop='name'>Eva Novak<\/span>\n\t\t\t\t\t\t<span itemprop='logo' itemscope itemtype='https:\/\/schema.org\/ImageObject'>\n\t\t\t\t\t\t\t<span itemprop='url'>https:\/\/influence.ch\/wp-content\/uploads\/2025\/02\/influence_Logo_FR_weiss-1030x277.png<\/span>\n\t\t\t\t\t\t <\/span>\n\t\t\t\t<\/span><span class='av-structured-data'  itemprop=\"author\" itemscope=\"itemscope\" itemtype=\"https:\/\/schema.org\/Person\" ><span itemprop='name'>Eva Novak<\/span><\/span><span class='av-structured-data'  itemprop=\"datePublished\" datetime=\"2025-02-27T08:34:18+01:00\" >2025-05-26 13:53:25<\/span><span class='av-structured-data'  itemprop=\"dateModified\" itemtype=\"https:\/\/schema.org\/dateModified\" >2025-05-28 11:44:14<\/span><span class='av-structured-data'  itemprop=\"mainEntityOfPage\" itemtype=\"https:\/\/schema.org\/mainEntityOfPage\" ><span itemprop='name'>\u00ab On ne pourra jamais compenser \u00e7a \u00bb<\/span><\/span><\/span><\/article><\/div><div class=\"slide-entry-wrap\"><article class='slide-entry flex_column  post-entry post-entry-5642 slide-entry-overview slide-loop-4 slide-parity-odd  av_one_third first real-thumbnail post-format-standard'  itemscope=\"itemscope\" itemtype=\"https:\/\/schema.org\/BlogPosting\" itemprop=\"blogPost\" ><a href='https:\/\/influence.ch\/fr\/2025\/06\/26\/ce-que-vous-devez-savoir-maintenant-sur-lia-generative\/' data-rel='slide-1' class='slide-image' title='Ce que vous devez savoir sur l&rsquo;IA g\u00e9n\u00e9rative'><img decoding=\"async\" width=\"495\" height=\"400\" src=\"https:\/\/influence.ch\/wp-content\/uploads\/2025\/02\/influence_Verlaufe_politik-495x400.png\" class=\"wp-image-4694 avia-img-lazy-loading-not-4694 attachment-portfolio size-portfolio wp-post-image\" alt=\"\" srcset=\"https:\/\/influence.ch\/wp-content\/uploads\/2025\/02\/influence_Verlaufe_politik-495x400.png 495w, https:\/\/influence.ch\/wp-content\/uploads\/2025\/02\/influence_Verlaufe_politik-845x684.png 845w\" sizes=\"(max-width: 495px) 100vw, 495px\" \/><\/a><div class=\"slide-content\"><header class=\"entry-content-header\"><h3 class='slide-entry-title entry-title '  itemprop=\"headline\" ><a href='https:\/\/influence.ch\/fr\/2025\/06\/26\/ce-que-vous-devez-savoir-maintenant-sur-lia-generative\/' title='Ce que vous devez savoir sur l&rsquo;IA g\u00e9n\u00e9rative'>Ce que vous devez savoir sur l&rsquo;IA g\u00e9n\u00e9rative<\/a><\/h3><span class=\"av-vertical-delimiter\"><\/span><\/header><div class=\"slide-meta\"><div class=\"slide-meta-comments\"><a href='https:\/\/influence.ch\/fr\/2025\/06\/26\/ce-que-vous-devez-savoir-maintenant-sur-lia-generative\/#respond'>0 Commentaires<\/a><\/div><div class=\"slide-meta-del\">\/<\/div><time class='slide-meta-time updated'  itemprop=\"datePublished\" datetime=\"2025-06-26T08:09:18+02:00\" >26 juin 2025<\/time><\/div><div class='slide-entry-excerpt entry-content'  itemprop=\"text\" >Cinq conclusions d'une nouvelle \u00e9tude qui incitent \u00e0 repenser les choses.  <\/div><\/div><footer class=\"entry-footer\"><\/footer><span class='hidden'>\n\t\t\t\t<span class='av-structured-data'  itemprop=\"image\" itemscope=\"itemscope\" itemtype=\"https:\/\/schema.org\/ImageObject\" >\n\t\t\t\t\t\t<span itemprop='url'>https:\/\/influence.ch\/wp-content\/uploads\/2025\/02\/influence_Verlaufe_politik.png<\/span>\n\t\t\t\t\t\t<span itemprop='height'>2169<\/span>\n\t\t\t\t\t\t<span itemprop='width'>2442<\/span>\n\t\t\t\t<\/span>\n\t\t\t\t<span class='av-structured-data'  itemprop=\"publisher\" itemtype=\"https:\/\/schema.org\/Organization\" itemscope=\"itemscope\" >\n\t\t\t\t\t\t<span itemprop='name'>Pascal Ihle<\/span>\n\t\t\t\t\t\t<span itemprop='logo' itemscope itemtype='https:\/\/schema.org\/ImageObject'>\n\t\t\t\t\t\t\t<span itemprop='url'>https:\/\/influence.ch\/wp-content\/uploads\/2025\/02\/influence_Logo_FR_weiss-1030x277.png<\/span>\n\t\t\t\t\t\t <\/span>\n\t\t\t\t<\/span><span class='av-structured-data'  itemprop=\"author\" itemscope=\"itemscope\" itemtype=\"https:\/\/schema.org\/Person\" ><span itemprop='name'>Pascal Ihle<\/span><\/span><span class='av-structured-data'  itemprop=\"datePublished\" datetime=\"2025-02-27T08:34:18+01:00\" >2025-06-26 08:09:18<\/span><span class='av-structured-data'  itemprop=\"dateModified\" itemtype=\"https:\/\/schema.org\/dateModified\" >2025-06-26 14:31:59<\/span><span class='av-structured-data'  itemprop=\"mainEntityOfPage\" itemtype=\"https:\/\/schema.org\/mainEntityOfPage\" ><span itemprop='name'>Ce que vous devez savoir sur l&rsquo;IA g\u00e9n\u00e9rative<\/span><\/span><\/span><\/article><article class='slide-entry flex_column  post-entry post-entry-5347 slide-entry-overview slide-loop-5 slide-parity-even  av_one_third  real-thumbnail post-format-standard'  itemscope=\"itemscope\" itemtype=\"https:\/\/schema.org\/BlogPosting\" itemprop=\"blogPost\" ><a href='https:\/\/influence.ch\/fr\/2025\/04\/15\/comment-trump-et-les-geants-de-la-technologie-defient-la-democratie-mondiale\/' data-rel='slide-1' class='slide-image' title='Comment Trump et les g\u00e9ants de la technologie d\u00e9fient la d\u00e9mocratie'><img decoding=\"async\" width=\"495\" height=\"400\" src=\"https:\/\/influence.ch\/wp-content\/uploads\/2022\/12\/influence_Verlaufe_ausgelesen-495x400.png\" class=\"wp-image-4344 avia-img-lazy-loading-not-4344 attachment-portfolio size-portfolio wp-post-image\" alt=\"\" srcset=\"https:\/\/influence.ch\/wp-content\/uploads\/2022\/12\/influence_Verlaufe_ausgelesen-495x400.png 495w, https:\/\/influence.ch\/wp-content\/uploads\/2022\/12\/influence_Verlaufe_ausgelesen-845x684.png 845w\" sizes=\"(max-width: 495px) 100vw, 495px\" \/><\/a><div class=\"slide-content\"><header class=\"entry-content-header\"><h3 class='slide-entry-title entry-title '  itemprop=\"headline\" ><a href='https:\/\/influence.ch\/fr\/2025\/04\/15\/comment-trump-et-les-geants-de-la-technologie-defient-la-democratie-mondiale\/' title='Comment Trump et les g\u00e9ants de la technologie d\u00e9fient la d\u00e9mocratie'>Comment Trump et les g\u00e9ants de la technologie d\u00e9fient la d\u00e9mocratie<\/a><\/h3><span class=\"av-vertical-delimiter\"><\/span><\/header><div class=\"slide-meta\"><time class='slide-meta-time updated'  itemprop=\"datePublished\" datetime=\"2025-04-15T15:22:04+02:00\" >15 avril 2025<\/time><\/div><div class='slide-entry-excerpt entry-content'  itemprop=\"text\" >Critique de livre : \"L'Heure des pr\u00e9dateurs\" par Giuliano da Empoli  <\/div><\/div><footer class=\"entry-footer\"><\/footer><span class='hidden'>\n\t\t\t\t<span class='av-structured-data'  itemprop=\"image\" itemscope=\"itemscope\" itemtype=\"https:\/\/schema.org\/ImageObject\" >\n\t\t\t\t\t\t<span itemprop='url'>https:\/\/influence.ch\/wp-content\/uploads\/2022\/12\/influence_Verlaufe_ausgelesen.png<\/span>\n\t\t\t\t\t\t<span itemprop='height'>2169<\/span>\n\t\t\t\t\t\t<span itemprop='width'>2442<\/span>\n\t\t\t\t<\/span>\n\t\t\t\t<span class='av-structured-data'  itemprop=\"publisher\" itemtype=\"https:\/\/schema.org\/Organization\" itemscope=\"itemscope\" >\n\t\t\t\t\t\t<span itemprop='name'>Pascal Ihle<\/span>\n\t\t\t\t\t\t<span itemprop='logo' itemscope itemtype='https:\/\/schema.org\/ImageObject'>\n\t\t\t\t\t\t\t<span itemprop='url'>https:\/\/influence.ch\/wp-content\/uploads\/2025\/02\/influence_Logo_FR_weiss-1030x277.png<\/span>\n\t\t\t\t\t\t <\/span>\n\t\t\t\t<\/span><span class='av-structured-data'  itemprop=\"author\" itemscope=\"itemscope\" itemtype=\"https:\/\/schema.org\/Person\" ><span itemprop='name'>Pascal Ihle<\/span><\/span><span class='av-structured-data'  itemprop=\"datePublished\" datetime=\"2025-02-27T08:34:18+01:00\" >2025-04-15 15:22:04<\/span><span class='av-structured-data'  itemprop=\"dateModified\" itemtype=\"https:\/\/schema.org\/dateModified\" >2025-04-25 09:45:34<\/span><span class='av-structured-data'  itemprop=\"mainEntityOfPage\" itemtype=\"https:\/\/schema.org\/mainEntityOfPage\" ><span itemprop='name'>Comment Trump et les g\u00e9ants de la technologie d\u00e9fient la d\u00e9mocratie<\/span><\/span><\/span><\/article><article class='slide-entry flex_column  post-entry post-entry-6922 slide-entry-overview slide-loop-6 slide-parity-odd  av_one_third  real-thumbnail post-format-standard'  itemscope=\"itemscope\" itemtype=\"https:\/\/schema.org\/BlogPosting\" itemprop=\"blogPost\" ><a href='https:\/\/influence.ch\/fr\/2026\/02\/26\/quand-les-mathematiques-expliquent-la-democratie-et-revelent-son-point-faible\/' data-rel='slide-1' class='slide-image' title='Quand les math\u00e9matiques expliquent la d\u00e9mocratie &#8211; et r\u00e9v\u00e8lent son point faible'><img decoding=\"async\" width=\"495\" height=\"400\" src=\"https:\/\/influence.ch\/wp-content\/uploads\/2022\/12\/influence_Verlaeufe_V01_5-495x400.png\" class=\"wp-image-517 avia-img-lazy-loading-not-517 attachment-portfolio size-portfolio wp-post-image\" alt=\"\" srcset=\"https:\/\/influence.ch\/wp-content\/uploads\/2022\/12\/influence_Verlaeufe_V01_5-495x400.png 495w, https:\/\/influence.ch\/wp-content\/uploads\/2022\/12\/influence_Verlaeufe_V01_5-845x684.png 845w\" sizes=\"(max-width: 495px) 100vw, 495px\" \/><\/a><div class=\"slide-content\"><header class=\"entry-content-header\"><h3 class='slide-entry-title entry-title '  itemprop=\"headline\" ><a href='https:\/\/influence.ch\/fr\/2026\/02\/26\/quand-les-mathematiques-expliquent-la-democratie-et-revelent-son-point-faible\/' title='Quand les math\u00e9matiques expliquent la d\u00e9mocratie &#8211; et r\u00e9v\u00e8lent son point faible'>Quand les math\u00e9matiques expliquent la d\u00e9mocratie &#8211; et r\u00e9v\u00e8lent son point faible<\/a><\/h3><span class=\"av-vertical-delimiter\"><\/span><\/header><div class=\"slide-meta\"><time class='slide-meta-time updated'  itemprop=\"datePublished\" datetime=\"2026-02-26T11:15:15+01:00\" >26 f\u00e9vrier 2026<\/time><\/div><div class='slide-entry-excerpt entry-content'  itemprop=\"text\" >Pourquoi un \u00e9conomiste a lanc\u00e9 une alerte \u00e0 la dictature dans les ann\u00e9es 1950  <\/div><\/div><footer class=\"entry-footer\"><\/footer><span class='hidden'>\n\t\t\t\t<span class='av-structured-data'  itemprop=\"image\" itemscope=\"itemscope\" itemtype=\"https:\/\/schema.org\/ImageObject\" >\n\t\t\t\t\t\t<span itemprop='url'>https:\/\/influence.ch\/wp-content\/uploads\/2022\/12\/influence_Verlaeufe_V01_5.png<\/span>\n\t\t\t\t\t\t<span itemprop='height'>2169<\/span>\n\t\t\t\t\t\t<span itemprop='width'>2442<\/span>\n\t\t\t\t<\/span>\n\t\t\t\t<span class='av-structured-data'  itemprop=\"publisher\" itemtype=\"https:\/\/schema.org\/Organization\" itemscope=\"itemscope\" >\n\t\t\t\t\t\t<span itemprop='name'>Matthias Halbeis<\/span>\n\t\t\t\t\t\t<span itemprop='logo' itemscope itemtype='https:\/\/schema.org\/ImageObject'>\n\t\t\t\t\t\t\t<span itemprop='url'>https:\/\/influence.ch\/wp-content\/uploads\/2025\/02\/influence_Logo_FR_weiss-1030x277.png<\/span>\n\t\t\t\t\t\t <\/span>\n\t\t\t\t<\/span><span class='av-structured-data'  itemprop=\"author\" itemscope=\"itemscope\" itemtype=\"https:\/\/schema.org\/Person\" ><span itemprop='name'>Matthias Halbeis<\/span><\/span><span class='av-structured-data'  itemprop=\"datePublished\" datetime=\"2025-02-27T08:34:18+01:00\" >2026-02-26 11:15:15<\/span><span class='av-structured-data'  itemprop=\"dateModified\" itemtype=\"https:\/\/schema.org\/dateModified\" >2026-02-26 14:16:36<\/span><span class='av-structured-data'  itemprop=\"mainEntityOfPage\" itemtype=\"https:\/\/schema.org\/mainEntityOfPage\" ><span itemprop='name'>Quand les math\u00e9matiques expliquent la d\u00e9mocratie &#8211; et r\u00e9v\u00e8lent son point faible<\/span><\/span><\/span><\/article><\/div><div class=\"slide-entry-wrap\"><article class='slide-entry flex_column  post-entry post-entry-4931 slide-entry-overview slide-loop-7 slide-parity-odd  av_one_third first real-thumbnail post-format-standard'  itemscope=\"itemscope\" itemtype=\"https:\/\/schema.org\/BlogPosting\" itemprop=\"blogPost\" ><a href='https:\/\/influence.ch\/fr\/2025\/03\/27\/grand-ecart-gen-z-femmes-hommes-desaccord-feminisme\/' data-rel='slide-1' class='slide-image' title='Femmes et hommes de la Gen Z en d\u00e9saccord sur le f\u00e9minisme'><img decoding=\"async\" width=\"495\" height=\"400\" src=\"https:\/\/influence.ch\/wp-content\/uploads\/2022\/12\/influence_Verlaeufe_V01_5-495x400.png\" class=\"wp-image-517 avia-img-lazy-loading-not-517 attachment-portfolio size-portfolio wp-post-image\" alt=\"\" srcset=\"https:\/\/influence.ch\/wp-content\/uploads\/2022\/12\/influence_Verlaeufe_V01_5-495x400.png 495w, https:\/\/influence.ch\/wp-content\/uploads\/2022\/12\/influence_Verlaeufe_V01_5-845x684.png 845w\" sizes=\"(max-width: 495px) 100vw, 495px\" \/><\/a><div class=\"slide-content\"><header class=\"entry-content-header\"><h3 class='slide-entry-title entry-title '  itemprop=\"headline\" ><a href='https:\/\/influence.ch\/fr\/2025\/03\/27\/grand-ecart-gen-z-femmes-hommes-desaccord-feminisme\/' title='Femmes et hommes de la Gen Z en d\u00e9saccord sur le f\u00e9minisme'>Femmes et hommes de la Gen Z en d\u00e9saccord sur le f\u00e9minisme<\/a><\/h3><span class=\"av-vertical-delimiter\"><\/span><\/header><div class=\"slide-meta\"><div class=\"slide-meta-comments\"><a href='https:\/\/influence.ch\/fr\/2025\/03\/27\/grand-ecart-gen-z-femmes-hommes-desaccord-feminisme\/#respond'>0 Commentaires<\/a><\/div><div class=\"slide-meta-del\">\/<\/div><time class='slide-meta-time updated'  itemprop=\"datePublished\" datetime=\"2025-03-27T15:04:41+01:00\" >27 mars 2025<\/time><\/div><div class='slide-entry-excerpt entry-content'  itemprop=\"text\" >Une \u00e9tude internationale r\u00e9v\u00e8le des diff\u00e9rences d'opinion importantes parmi les jeunes sur l'\u00e9galit\u00e9 des droits.<\/div><\/div><footer class=\"entry-footer\"><\/footer><span class='hidden'>\n\t\t\t\t<span class='av-structured-data'  itemprop=\"image\" itemscope=\"itemscope\" itemtype=\"https:\/\/schema.org\/ImageObject\" >\n\t\t\t\t\t\t<span itemprop='url'>https:\/\/influence.ch\/wp-content\/uploads\/2022\/12\/influence_Verlaeufe_V01_5.png<\/span>\n\t\t\t\t\t\t<span itemprop='height'>2169<\/span>\n\t\t\t\t\t\t<span itemprop='width'>2442<\/span>\n\t\t\t\t<\/span>\n\t\t\t\t<span class='av-structured-data'  itemprop=\"publisher\" itemtype=\"https:\/\/schema.org\/Organization\" itemscope=\"itemscope\" >\n\t\t\t\t\t\t<span itemprop='name'>Matthias Halbeis<\/span>\n\t\t\t\t\t\t<span itemprop='logo' itemscope itemtype='https:\/\/schema.org\/ImageObject'>\n\t\t\t\t\t\t\t<span itemprop='url'>https:\/\/influence.ch\/wp-content\/uploads\/2025\/02\/influence_Logo_FR_weiss-1030x277.png<\/span>\n\t\t\t\t\t\t <\/span>\n\t\t\t\t<\/span><span class='av-structured-data'  itemprop=\"author\" itemscope=\"itemscope\" itemtype=\"https:\/\/schema.org\/Person\" ><span itemprop='name'>Matthias Halbeis<\/span><\/span><span class='av-structured-data'  itemprop=\"datePublished\" datetime=\"2025-02-27T08:34:18+01:00\" >2025-03-27 15:04:41<\/span><span class='av-structured-data'  itemprop=\"dateModified\" itemtype=\"https:\/\/schema.org\/dateModified\" >2025-03-28 09:45:32<\/span><span class='av-structured-data'  itemprop=\"mainEntityOfPage\" itemtype=\"https:\/\/schema.org\/mainEntityOfPage\" ><span itemprop='name'>Femmes et hommes de la Gen Z en d\u00e9saccord sur le f\u00e9minisme<\/span><\/span><\/span><\/article><article class='slide-entry flex_column  post-entry post-entry-4940 slide-entry-overview slide-loop-8 slide-parity-even  av_one_third  real-thumbnail post-format-standard'  itemscope=\"itemscope\" itemtype=\"https:\/\/schema.org\/BlogPosting\" itemprop=\"blogPost\" ><a href='https:\/\/influence.ch\/fr\/2025\/03\/27\/la-forteresse-numerique-comment-rendre-les-donnees-trump-proof\/' data-rel='slide-1' class='slide-image' title='Comment rendre les donn\u00e9es \u00ab Trump-proof \u00bb'><img decoding=\"async\" width=\"495\" height=\"400\" src=\"https:\/\/influence.ch\/wp-content\/uploads\/2022\/12\/influence_Verlaeufe_V01_7-495x400.png\" class=\"wp-image-529 avia-img-lazy-loading-not-529 attachment-portfolio size-portfolio wp-post-image\" alt=\"\" srcset=\"https:\/\/influence.ch\/wp-content\/uploads\/2022\/12\/influence_Verlaeufe_V01_7-495x400.png 495w, https:\/\/influence.ch\/wp-content\/uploads\/2022\/12\/influence_Verlaeufe_V01_7-845x684.png 845w\" sizes=\"(max-width: 495px) 100vw, 495px\" \/><\/a><div class=\"slide-content\"><header class=\"entry-content-header\"><h3 class='slide-entry-title entry-title '  itemprop=\"headline\" ><a href='https:\/\/influence.ch\/fr\/2025\/03\/27\/la-forteresse-numerique-comment-rendre-les-donnees-trump-proof\/' title='Comment rendre les donn\u00e9es \u00ab Trump-proof \u00bb'>Comment rendre les donn\u00e9es \u00ab Trump-proof \u00bb<\/a><\/h3><span class=\"av-vertical-delimiter\"><\/span><\/header><div class=\"slide-meta\"><div class=\"slide-meta-comments\"><a href='https:\/\/influence.ch\/fr\/2025\/03\/27\/la-forteresse-numerique-comment-rendre-les-donnees-trump-proof\/#respond'>0 Commentaires<\/a><\/div><div class=\"slide-meta-del\">\/<\/div><time class='slide-meta-time updated'  itemprop=\"datePublished\" datetime=\"2025-03-27T14:50:11+01:00\" >27 mars 2025<\/time><\/div><div class='slide-entry-excerpt entry-content'  itemprop=\"text\" >Les \u00c9tats-Unis s'opposent \u00e0 la collecte de donn\u00e9es par le gouvernement  <\/div><\/div><footer class=\"entry-footer\"><\/footer><span class='hidden'>\n\t\t\t\t<span class='av-structured-data'  itemprop=\"image\" itemscope=\"itemscope\" itemtype=\"https:\/\/schema.org\/ImageObject\" >\n\t\t\t\t\t\t<span itemprop='url'>https:\/\/influence.ch\/wp-content\/uploads\/2022\/12\/influence_Verlaeufe_V01_7.png<\/span>\n\t\t\t\t\t\t<span itemprop='height'>2169<\/span>\n\t\t\t\t\t\t<span itemprop='width'>2442<\/span>\n\t\t\t\t<\/span>\n\t\t\t\t<span class='av-structured-data'  itemprop=\"publisher\" itemtype=\"https:\/\/schema.org\/Organization\" itemscope=\"itemscope\" >\n\t\t\t\t\t\t<span itemprop='name'>Matthias Halbeis<\/span>\n\t\t\t\t\t\t<span itemprop='logo' itemscope itemtype='https:\/\/schema.org\/ImageObject'>\n\t\t\t\t\t\t\t<span itemprop='url'>https:\/\/influence.ch\/wp-content\/uploads\/2025\/02\/influence_Logo_FR_weiss-1030x277.png<\/span>\n\t\t\t\t\t\t <\/span>\n\t\t\t\t<\/span><span class='av-structured-data'  itemprop=\"author\" itemscope=\"itemscope\" itemtype=\"https:\/\/schema.org\/Person\" ><span itemprop='name'>Matthias Halbeis<\/span><\/span><span class='av-structured-data'  itemprop=\"datePublished\" datetime=\"2025-02-27T08:34:18+01:00\" >2025-03-27 14:50:11<\/span><span class='av-structured-data'  itemprop=\"dateModified\" itemtype=\"https:\/\/schema.org\/dateModified\" >2025-03-27 17:15:20<\/span><span class='av-structured-data'  itemprop=\"mainEntityOfPage\" itemtype=\"https:\/\/schema.org\/mainEntityOfPage\" ><span itemprop='name'>Comment rendre les donn\u00e9es \u00ab Trump-proof \u00bb<\/span><\/span><\/span><\/article><article class='slide-entry flex_column  post-entry post-entry-6245 slide-entry-overview slide-loop-9 slide-parity-odd  post-entry-last  av_one_third  real-thumbnail post-format-standard'  itemscope=\"itemscope\" itemtype=\"https:\/\/schema.org\/BlogPosting\" itemprop=\"blogPost\" ><a href='https:\/\/influence.ch\/fr\/2025\/10\/30\/le-pouvoir-des-relations\/' data-rel='slide-1' class='slide-image' title='Le pouvoir des relations'><img decoding=\"async\" width=\"495\" height=\"400\" src=\"https:\/\/influence.ch\/wp-content\/uploads\/2022\/12\/influence_Verlaeufe_V01_5-495x400.png\" class=\"wp-image-517 avia-img-lazy-loading-not-517 attachment-portfolio size-portfolio wp-post-image\" alt=\"\" srcset=\"https:\/\/influence.ch\/wp-content\/uploads\/2022\/12\/influence_Verlaeufe_V01_5-495x400.png 495w, https:\/\/influence.ch\/wp-content\/uploads\/2022\/12\/influence_Verlaeufe_V01_5-845x684.png 845w\" sizes=\"(max-width: 495px) 100vw, 495px\" \/><\/a><div class=\"slide-content\"><header class=\"entry-content-header\"><h3 class='slide-entry-title entry-title '  itemprop=\"headline\" ><a href='https:\/\/influence.ch\/fr\/2025\/10\/30\/le-pouvoir-des-relations\/' title='Le pouvoir des relations'>Le pouvoir des relations<\/a><\/h3><span class=\"av-vertical-delimiter\"><\/span><\/header><div class=\"slide-meta\"><div class=\"slide-meta-comments\"><a href='https:\/\/influence.ch\/fr\/2025\/10\/30\/le-pouvoir-des-relations\/#respond'>0 Commentaires<\/a><\/div><div class=\"slide-meta-del\">\/<\/div><time class='slide-meta-time updated'  itemprop=\"datePublished\" datetime=\"2025-10-30T10:00:32+01:00\" >30 octobre 2025<\/time><\/div><div class='slide-entry-excerpt entry-content'  itemprop=\"text\" >pourquoi le leadership ne se limite pas \u00e0 la hi\u00e9rarchie<\/div><\/div><footer class=\"entry-footer\"><\/footer><span class='hidden'>\n\t\t\t\t<span class='av-structured-data'  itemprop=\"image\" itemscope=\"itemscope\" itemtype=\"https:\/\/schema.org\/ImageObject\" >\n\t\t\t\t\t\t<span itemprop='url'>https:\/\/influence.ch\/wp-content\/uploads\/2022\/12\/influence_Verlaeufe_V01_5.png<\/span>\n\t\t\t\t\t\t<span itemprop='height'>2169<\/span>\n\t\t\t\t\t\t<span itemprop='width'>2442<\/span>\n\t\t\t\t<\/span>\n\t\t\t\t<span class='av-structured-data'  itemprop=\"publisher\" itemtype=\"https:\/\/schema.org\/Organization\" itemscope=\"itemscope\" >\n\t\t\t\t\t\t<span itemprop='name'>Matthias Halbeis<\/span>\n\t\t\t\t\t\t<span itemprop='logo' itemscope itemtype='https:\/\/schema.org\/ImageObject'>\n\t\t\t\t\t\t\t<span itemprop='url'>https:\/\/influence.ch\/wp-content\/uploads\/2025\/02\/influence_Logo_FR_weiss-1030x277.png<\/span>\n\t\t\t\t\t\t <\/span>\n\t\t\t\t<\/span><span class='av-structured-data'  itemprop=\"author\" itemscope=\"itemscope\" itemtype=\"https:\/\/schema.org\/Person\" ><span itemprop='name'>Matthias Halbeis<\/span><\/span><span class='av-structured-data'  itemprop=\"datePublished\" datetime=\"2025-02-27T08:34:18+01:00\" >2025-10-30 10:00:32<\/span><span class='av-structured-data'  itemprop=\"dateModified\" itemtype=\"https:\/\/schema.org\/dateModified\" >2025-10-30 17:05:29<\/span><span class='av-structured-data'  itemprop=\"mainEntityOfPage\" itemtype=\"https:\/\/schema.org\/mainEntityOfPage\" ><span itemprop='name'>Le pouvoir des relations<\/span><\/span><\/span><\/article><\/div><\/div><div class='avia-slideshow-arrows avia-slideshow-controls' ><a href='#prev' class='prev-slide ' aria-hidden='true' data-av_icon='\ue87c' data-av_iconfont='entypo-fontello'  tabindex='-1'>Pr\u00e9c\u00e9dent<\/a><a href='#next' class='next-slide ' aria-hidden='true' data-av_icon='\ue87d' data-av_iconfont='entypo-fontello'  tabindex='-1'>Suivant<\/a><\/div><\/div>\n<\/p>\n","protected":false},"excerpt":{"rendered":"<p>L&rsquo;ancien vice-chancelier Oswald Sigg explique les exigences auxquelles doit r\u00e9pondre le porte-parole du gouvernement &#8211; et pourquoi il devrait en fait s&rsquo;appeler autrement en Suisse.  <\/p>\n","protected":false},"author":4,"featured_media":4724,"comment_status":"open","ping_status":"open","sticky":false,"template":"","format":"standard","meta":{"footnotes":""},"categories":[50],"tags":[58],"class_list":["post-4727","post","type-post","status-publish","format-standard","has-post-thumbnail","hentry","category-lentretien","tag-landscape"],"yoast_head":"<!-- This site is optimized with the Yoast SEO plugin v27.0 - https:\/\/yoast.com\/product\/yoast-seo-wordpress\/ -->\n<title>\u00ab C&#039;est ainsi que l&#039;on devient porte-parole du Conseil f\u00e9d\u00e9ral \u00bb - influence powered by furrerhugi<\/title>\n<meta name=\"description\" content=\"L&#039;ancien vice-chancelier Oswald Sigg explique les exigences auxquelles doit r\u00e9pondre le porte-parole du gouvernement - et pourquoi il devrait en fait s&#039;appeler autrement en Suisse.\" \/>\n<meta name=\"robots\" content=\"index, follow, max-snippet:-1, max-image-preview:large, max-video-preview:-1\" \/>\n<link rel=\"canonical\" href=\"https:\/\/influence.ch\/fr\/2025\/02\/27\/cest-ainsi-que-lon-devient-porte-parole-du-conseil-federal\/\" \/>\n<meta property=\"og:locale\" content=\"fr_FR\" \/>\n<meta property=\"og:type\" content=\"article\" \/>\n<meta property=\"og:title\" content=\"\u00ab C&#039;est ainsi que l&#039;on devient porte-parole du Conseil f\u00e9d\u00e9ral \u00bb - influence powered by furrerhugi\" \/>\n<meta property=\"og:description\" content=\"L&#039;ancien vice-chancelier Oswald Sigg explique les exigences auxquelles doit r\u00e9pondre le porte-parole du gouvernement - et pourquoi il devrait en fait s&#039;appeler autrement en Suisse.\" \/>\n<meta property=\"og:url\" content=\"https:\/\/influence.ch\/fr\/2025\/02\/27\/cest-ainsi-que-lon-devient-porte-parole-du-conseil-federal\/\" \/>\n<meta property=\"og:site_name\" content=\"influence powered by furrerhugi\" \/>\n<meta property=\"article:published_time\" content=\"2025-02-27T07:34:18+00:00\" \/>\n<meta property=\"article:modified_time\" content=\"2025-02-27T18:30:20+00:00\" \/>\n<meta property=\"og:image\" content=\"https:\/\/influence.ch\/wp-content\/uploads\/2025\/02\/IMG_0095-rotated.jpg\" \/>\n\t<meta property=\"og:image:width\" content=\"1280\" \/>\n\t<meta property=\"og:image:height\" content=\"960\" \/>\n\t<meta property=\"og:image:type\" content=\"image\/jpeg\" \/>\n<meta name=\"author\" content=\"Eva Novak\" \/>\n<meta name=\"twitter:card\" content=\"summary_large_image\" \/>\n<meta name=\"twitter:label1\" content=\"\u00c9crit par\" \/>\n\t<meta name=\"twitter:data1\" content=\"Eva Novak\" \/>\n\t<meta name=\"twitter:label2\" content=\"Dur\u00e9e de lecture estim\u00e9e\" \/>\n\t<meta name=\"twitter:data2\" content=\"16 minutes\" \/>\n<script type=\"application\/ld+json\" class=\"yoast-schema-graph\">{\"@context\":\"https:\/\/schema.org\",\"@graph\":[{\"@type\":\"Article\",\"@id\":\"https:\/\/influence.ch\/fr\/2025\/02\/27\/cest-ainsi-que-lon-devient-porte-parole-du-conseil-federal\/#article\",\"isPartOf\":{\"@id\":\"https:\/\/influence.ch\/fr\/2025\/02\/27\/cest-ainsi-que-lon-devient-porte-parole-du-conseil-federal\/\"},\"author\":{\"name\":\"Eva Novak\",\"@id\":\"https:\/\/influence.ch\/#\/schema\/person\/99fd58292bbc4b9334a375c3d2f822a5\"},\"headline\":\"\u00ab C&rsquo;est ainsi que l&rsquo;on devient porte-parole du Conseil f\u00e9d\u00e9ral \u00bb\",\"datePublished\":\"2025-02-27T07:34:18+00:00\",\"dateModified\":\"2025-02-27T18:30:20+00:00\",\"mainEntityOfPage\":{\"@id\":\"https:\/\/influence.ch\/fr\/2025\/02\/27\/cest-ainsi-que-lon-devient-porte-parole-du-conseil-federal\/\"},\"wordCount\":4235,\"commentCount\":0,\"image\":{\"@id\":\"https:\/\/influence.ch\/fr\/2025\/02\/27\/cest-ainsi-que-lon-devient-porte-parole-du-conseil-federal\/#primaryimage\"},\"thumbnailUrl\":\"https:\/\/influence.ch\/wp-content\/uploads\/2025\/02\/IMG_0095-rotated.jpg\",\"keywords\":[\"Landscape\"],\"articleSection\":[\"*L'entretien*\"],\"inLanguage\":\"fr-FR\",\"potentialAction\":[{\"@type\":\"CommentAction\",\"name\":\"Comment\",\"target\":[\"https:\/\/influence.ch\/fr\/2025\/02\/27\/cest-ainsi-que-lon-devient-porte-parole-du-conseil-federal\/#respond\"]}]},{\"@type\":\"WebPage\",\"@id\":\"https:\/\/influence.ch\/fr\/2025\/02\/27\/cest-ainsi-que-lon-devient-porte-parole-du-conseil-federal\/\",\"url\":\"https:\/\/influence.ch\/fr\/2025\/02\/27\/cest-ainsi-que-lon-devient-porte-parole-du-conseil-federal\/\",\"name\":\"\u00ab C'est ainsi que l'on devient porte-parole du Conseil f\u00e9d\u00e9ral \u00bb - influence powered by furrerhugi\",\"isPartOf\":{\"@id\":\"https:\/\/influence.ch\/#website\"},\"primaryImageOfPage\":{\"@id\":\"https:\/\/influence.ch\/fr\/2025\/02\/27\/cest-ainsi-que-lon-devient-porte-parole-du-conseil-federal\/#primaryimage\"},\"image\":{\"@id\":\"https:\/\/influence.ch\/fr\/2025\/02\/27\/cest-ainsi-que-lon-devient-porte-parole-du-conseil-federal\/#primaryimage\"},\"thumbnailUrl\":\"https:\/\/influence.ch\/wp-content\/uploads\/2025\/02\/IMG_0095-rotated.jpg\",\"datePublished\":\"2025-02-27T07:34:18+00:00\",\"dateModified\":\"2025-02-27T18:30:20+00:00\",\"author\":{\"@id\":\"https:\/\/influence.ch\/#\/schema\/person\/99fd58292bbc4b9334a375c3d2f822a5\"},\"description\":\"L'ancien vice-chancelier Oswald Sigg explique les exigences auxquelles doit r\u00e9pondre le porte-parole du gouvernement - et pourquoi il devrait en fait s'appeler autrement en Suisse.\",\"breadcrumb\":{\"@id\":\"https:\/\/influence.ch\/fr\/2025\/02\/27\/cest-ainsi-que-lon-devient-porte-parole-du-conseil-federal\/#breadcrumb\"},\"inLanguage\":\"fr-FR\",\"potentialAction\":[{\"@type\":\"ReadAction\",\"target\":[\"https:\/\/influence.ch\/fr\/2025\/02\/27\/cest-ainsi-que-lon-devient-porte-parole-du-conseil-federal\/\"]}]},{\"@type\":\"ImageObject\",\"inLanguage\":\"fr-FR\",\"@id\":\"https:\/\/influence.ch\/fr\/2025\/02\/27\/cest-ainsi-que-lon-devient-porte-parole-du-conseil-federal\/#primaryimage\",\"url\":\"https:\/\/influence.ch\/wp-content\/uploads\/2025\/02\/IMG_0095-rotated.jpg\",\"contentUrl\":\"https:\/\/influence.ch\/wp-content\/uploads\/2025\/02\/IMG_0095-rotated.jpg\",\"width\":1280,\"height\":960},{\"@type\":\"BreadcrumbList\",\"@id\":\"https:\/\/influence.ch\/fr\/2025\/02\/27\/cest-ainsi-que-lon-devient-porte-parole-du-conseil-federal\/#breadcrumb\",\"itemListElement\":[{\"@type\":\"ListItem\",\"position\":1,\"name\":\"Startseite\",\"item\":\"https:\/\/influence.ch\/fr\/influence\/\"},{\"@type\":\"ListItem\",\"position\":2,\"name\":\"\u00ab C&#8217;est ainsi que l&#8217;on devient porte-parole du Conseil f\u00e9d\u00e9ral \u00bb\"}]},{\"@type\":\"WebSite\",\"@id\":\"https:\/\/influence.ch\/#website\",\"url\":\"https:\/\/influence.ch\/\",\"name\":\"influence powered by furrerhugi\",\"description\":\"Vorsprung durch Wissen\",\"potentialAction\":[{\"@type\":\"SearchAction\",\"target\":{\"@type\":\"EntryPoint\",\"urlTemplate\":\"https:\/\/influence.ch\/?s={search_term_string}\"},\"query-input\":{\"@type\":\"PropertyValueSpecification\",\"valueRequired\":true,\"valueName\":\"search_term_string\"}}],\"inLanguage\":\"fr-FR\"},{\"@type\":\"Person\",\"@id\":\"https:\/\/influence.ch\/#\/schema\/person\/99fd58292bbc4b9334a375c3d2f822a5\",\"name\":\"Eva Novak\",\"image\":{\"@type\":\"ImageObject\",\"inLanguage\":\"fr-FR\",\"@id\":\"https:\/\/influence.ch\/#\/schema\/person\/image\/\",\"url\":\"https:\/\/secure.gravatar.com\/avatar\/60a37909850761ea4a45505c30a639121248c9943cb71f3376d1dcf705d6e080?s=96&d=mm&r=g\",\"contentUrl\":\"https:\/\/secure.gravatar.com\/avatar\/60a37909850761ea4a45505c30a639121248c9943cb71f3376d1dcf705d6e080?s=96&d=mm&r=g\",\"caption\":\"Eva Novak\"},\"url\":\"https:\/\/influence.ch\/fr\/author\/eva-novak\/\"}]}<\/script>\n<!-- \/ Yoast SEO plugin. -->","yoast_head_json":{"title":"\u00ab C'est ainsi que l'on devient porte-parole du Conseil f\u00e9d\u00e9ral \u00bb - influence powered by furrerhugi","description":"L'ancien vice-chancelier Oswald Sigg explique les exigences auxquelles doit r\u00e9pondre le porte-parole du gouvernement - et pourquoi il devrait en fait s'appeler autrement en Suisse.","robots":{"index":"index","follow":"follow","max-snippet":"max-snippet:-1","max-image-preview":"max-image-preview:large","max-video-preview":"max-video-preview:-1"},"canonical":"https:\/\/influence.ch\/fr\/2025\/02\/27\/cest-ainsi-que-lon-devient-porte-parole-du-conseil-federal\/","og_locale":"fr_FR","og_type":"article","og_title":"\u00ab C'est ainsi que l'on devient porte-parole du Conseil f\u00e9d\u00e9ral \u00bb - influence powered by furrerhugi","og_description":"L'ancien vice-chancelier Oswald Sigg explique les exigences auxquelles doit r\u00e9pondre le porte-parole du gouvernement - et pourquoi il devrait en fait s'appeler autrement en Suisse.","og_url":"https:\/\/influence.ch\/fr\/2025\/02\/27\/cest-ainsi-que-lon-devient-porte-parole-du-conseil-federal\/","og_site_name":"influence powered by furrerhugi","article_published_time":"2025-02-27T07:34:18+00:00","article_modified_time":"2025-02-27T18:30:20+00:00","og_image":[{"width":1280,"height":960,"url":"https:\/\/influence.ch\/wp-content\/uploads\/2025\/02\/IMG_0095-rotated.jpg","type":"image\/jpeg"}],"author":"Eva Novak","twitter_card":"summary_large_image","twitter_misc":{"\u00c9crit par":"Eva Novak","Dur\u00e9e de lecture estim\u00e9e":"16 minutes"},"schema":{"@context":"https:\/\/schema.org","@graph":[{"@type":"Article","@id":"https:\/\/influence.ch\/fr\/2025\/02\/27\/cest-ainsi-que-lon-devient-porte-parole-du-conseil-federal\/#article","isPartOf":{"@id":"https:\/\/influence.ch\/fr\/2025\/02\/27\/cest-ainsi-que-lon-devient-porte-parole-du-conseil-federal\/"},"author":{"name":"Eva Novak","@id":"https:\/\/influence.ch\/#\/schema\/person\/99fd58292bbc4b9334a375c3d2f822a5"},"headline":"\u00ab C&rsquo;est ainsi que l&rsquo;on devient porte-parole du Conseil f\u00e9d\u00e9ral \u00bb","datePublished":"2025-02-27T07:34:18+00:00","dateModified":"2025-02-27T18:30:20+00:00","mainEntityOfPage":{"@id":"https:\/\/influence.ch\/fr\/2025\/02\/27\/cest-ainsi-que-lon-devient-porte-parole-du-conseil-federal\/"},"wordCount":4235,"commentCount":0,"image":{"@id":"https:\/\/influence.ch\/fr\/2025\/02\/27\/cest-ainsi-que-lon-devient-porte-parole-du-conseil-federal\/#primaryimage"},"thumbnailUrl":"https:\/\/influence.ch\/wp-content\/uploads\/2025\/02\/IMG_0095-rotated.jpg","keywords":["Landscape"],"articleSection":["*L'entretien*"],"inLanguage":"fr-FR","potentialAction":[{"@type":"CommentAction","name":"Comment","target":["https:\/\/influence.ch\/fr\/2025\/02\/27\/cest-ainsi-que-lon-devient-porte-parole-du-conseil-federal\/#respond"]}]},{"@type":"WebPage","@id":"https:\/\/influence.ch\/fr\/2025\/02\/27\/cest-ainsi-que-lon-devient-porte-parole-du-conseil-federal\/","url":"https:\/\/influence.ch\/fr\/2025\/02\/27\/cest-ainsi-que-lon-devient-porte-parole-du-conseil-federal\/","name":"\u00ab C'est ainsi que l'on devient porte-parole du Conseil f\u00e9d\u00e9ral \u00bb - influence powered by furrerhugi","isPartOf":{"@id":"https:\/\/influence.ch\/#website"},"primaryImageOfPage":{"@id":"https:\/\/influence.ch\/fr\/2025\/02\/27\/cest-ainsi-que-lon-devient-porte-parole-du-conseil-federal\/#primaryimage"},"image":{"@id":"https:\/\/influence.ch\/fr\/2025\/02\/27\/cest-ainsi-que-lon-devient-porte-parole-du-conseil-federal\/#primaryimage"},"thumbnailUrl":"https:\/\/influence.ch\/wp-content\/uploads\/2025\/02\/IMG_0095-rotated.jpg","datePublished":"2025-02-27T07:34:18+00:00","dateModified":"2025-02-27T18:30:20+00:00","author":{"@id":"https:\/\/influence.ch\/#\/schema\/person\/99fd58292bbc4b9334a375c3d2f822a5"},"description":"L'ancien vice-chancelier Oswald Sigg explique les exigences auxquelles doit r\u00e9pondre le porte-parole du gouvernement - et pourquoi il devrait en fait s'appeler autrement en Suisse.","breadcrumb":{"@id":"https:\/\/influence.ch\/fr\/2025\/02\/27\/cest-ainsi-que-lon-devient-porte-parole-du-conseil-federal\/#breadcrumb"},"inLanguage":"fr-FR","potentialAction":[{"@type":"ReadAction","target":["https:\/\/influence.ch\/fr\/2025\/02\/27\/cest-ainsi-que-lon-devient-porte-parole-du-conseil-federal\/"]}]},{"@type":"ImageObject","inLanguage":"fr-FR","@id":"https:\/\/influence.ch\/fr\/2025\/02\/27\/cest-ainsi-que-lon-devient-porte-parole-du-conseil-federal\/#primaryimage","url":"https:\/\/influence.ch\/wp-content\/uploads\/2025\/02\/IMG_0095-rotated.jpg","contentUrl":"https:\/\/influence.ch\/wp-content\/uploads\/2025\/02\/IMG_0095-rotated.jpg","width":1280,"height":960},{"@type":"BreadcrumbList","@id":"https:\/\/influence.ch\/fr\/2025\/02\/27\/cest-ainsi-que-lon-devient-porte-parole-du-conseil-federal\/#breadcrumb","itemListElement":[{"@type":"ListItem","position":1,"name":"Startseite","item":"https:\/\/influence.ch\/fr\/influence\/"},{"@type":"ListItem","position":2,"name":"\u00ab C&#8217;est ainsi que l&#8217;on devient porte-parole du Conseil f\u00e9d\u00e9ral \u00bb"}]},{"@type":"WebSite","@id":"https:\/\/influence.ch\/#website","url":"https:\/\/influence.ch\/","name":"influence powered by furrerhugi","description":"Vorsprung durch Wissen","potentialAction":[{"@type":"SearchAction","target":{"@type":"EntryPoint","urlTemplate":"https:\/\/influence.ch\/?s={search_term_string}"},"query-input":{"@type":"PropertyValueSpecification","valueRequired":true,"valueName":"search_term_string"}}],"inLanguage":"fr-FR"},{"@type":"Person","@id":"https:\/\/influence.ch\/#\/schema\/person\/99fd58292bbc4b9334a375c3d2f822a5","name":"Eva Novak","image":{"@type":"ImageObject","inLanguage":"fr-FR","@id":"https:\/\/influence.ch\/#\/schema\/person\/image\/","url":"https:\/\/secure.gravatar.com\/avatar\/60a37909850761ea4a45505c30a639121248c9943cb71f3376d1dcf705d6e080?s=96&d=mm&r=g","contentUrl":"https:\/\/secure.gravatar.com\/avatar\/60a37909850761ea4a45505c30a639121248c9943cb71f3376d1dcf705d6e080?s=96&d=mm&r=g","caption":"Eva Novak"},"url":"https:\/\/influence.ch\/fr\/author\/eva-novak\/"}]}},"_links":{"self":[{"href":"https:\/\/influence.ch\/fr\/wp-json\/wp\/v2\/posts\/4727","targetHints":{"allow":["GET"]}}],"collection":[{"href":"https:\/\/influence.ch\/fr\/wp-json\/wp\/v2\/posts"}],"about":[{"href":"https:\/\/influence.ch\/fr\/wp-json\/wp\/v2\/types\/post"}],"author":[{"embeddable":true,"href":"https:\/\/influence.ch\/fr\/wp-json\/wp\/v2\/users\/4"}],"replies":[{"embeddable":true,"href":"https:\/\/influence.ch\/fr\/wp-json\/wp\/v2\/comments?post=4727"}],"version-history":[{"count":10,"href":"https:\/\/influence.ch\/fr\/wp-json\/wp\/v2\/posts\/4727\/revisions"}],"predecessor-version":[{"id":4884,"href":"https:\/\/influence.ch\/fr\/wp-json\/wp\/v2\/posts\/4727\/revisions\/4884"}],"wp:featuredmedia":[{"embeddable":true,"href":"https:\/\/influence.ch\/fr\/wp-json\/wp\/v2\/media\/4724"}],"wp:attachment":[{"href":"https:\/\/influence.ch\/fr\/wp-json\/wp\/v2\/media?parent=4727"}],"wp:term":[{"taxonomy":"category","embeddable":true,"href":"https:\/\/influence.ch\/fr\/wp-json\/wp\/v2\/categories?post=4727"},{"taxonomy":"post_tag","embeddable":true,"href":"https:\/\/influence.ch\/fr\/wp-json\/wp\/v2\/tags?post=4727"}],"curies":[{"name":"wp","href":"https:\/\/api.w.org\/{rel}","templated":true}]}}