{"id":4684,"date":"2025-02-27T08:30:45","date_gmt":"2025-02-27T07:30:45","guid":{"rendered":"https:\/\/influence.ch\/?p=4684"},"modified":"2025-02-27T15:31:32","modified_gmt":"2025-02-27T14:31:32","slug":"ce-que-veulent-vraiment-les-electeurs","status":"publish","type":"post","link":"https:\/\/influence.ch\/fr\/2025\/02\/27\/ce-que-veulent-vraiment-les-electeurs\/","title":{"rendered":"Ce que les \u00e9lecteurs des partis populistes veulent vraiment"},"content":{"rendered":"\n<style type=\"text\/css\" data-created_by=\"avia_inline_auto\" id=\"style-css-av-37s3-dc5ab0bdae0e6b1e5284627a5833266b\">\n.avia-section.av-37s3-dc5ab0bdae0e6b1e5284627a5833266b{\nmargin-top:20px;\nmargin-bottom:20px;\n}\n<\/style>\n<div id='av_section_1'  class='avia-section av-37s3-dc5ab0bdae0e6b1e5284627a5833266b main_color avia-section-default avia-no-border-styling  avia-builder-el-0  el_before_av_section  avia-builder-el-first  head_komm avia-bg-style-scroll container_wrap fullsize'  ><div class='container av-section-cont-open' ><main  role=\"main\" itemprop=\"mainContentOfPage\"  class='template-page content  av-content-full alpha units'><div class='post-entry post-entry-type-page post-entry-4684'><div class='entry-content-wrapper clearfix'>\n\n<style type=\"text\/css\" data-created_by=\"avia_inline_auto\" id=\"style-css-av-ll3dnv6h-4148c811db292f0b98b5ef1a1b585ab3\">\n#top .hr.hr-invisible.av-ll3dnv6h-4148c811db292f0b98b5ef1a1b585ab3{\nheight:40px;\n}\n<\/style>\n<div  class='hr av-ll3dnv6h-4148c811db292f0b98b5ef1a1b585ab3 hr-invisible  avia-builder-el-1  el_before_av_post_metadata  avia-builder-el-first '><span class='hr-inner '><span class=\"hr-inner-style\"><\/span><\/span><\/div>\n\n<style type=\"text\/css\" data-created_by=\"avia_inline_auto\" id=\"style-css-av-ll2bygrq-a1a13b3da260d9c9d49905a783ae5cc5\">\n#top .av-post-metadata-container.av-ll2bygrq-a1a13b3da260d9c9d49905a783ae5cc5{\ncolor:#ffffff;\nfont-size:22px;\n}\n#top .av-post-metadata-container.av-ll2bygrq-a1a13b3da260d9c9d49905a783ae5cc5 .av-post-metadata-container-inner{\nfont-size:22px;\n}\n<\/style>\n<div  id=\"author\"  class='av-post-metadata-container av-ll2bygrq-a1a13b3da260d9c9d49905a783ae5cc5 av-metadata-container-align-left  avia-builder-el-2  el_after_av_hr  el_before_av_one_full  av-desktop-hide av-medium-hide av-small-hide av-mini-hide av-metadata-container-1'><div class='av-post-metadata-container-inner'><span class=\"av-post-metadata-content av-post-metadata-meta-content\"><span class=\"av-post-metadata-content av-post-metadata-category\"><span class=\"av-post-metadata-category-link\" ><a href=\"https:\/\/influence.ch\/fr\/category\/politique\/\" >Politique<\/a><\/span><\/span><\/span><\/div><\/div>\n<div class='flex_column av-580n-a0c99beb2a1882896586deb18bcf5405 av_one_full  avia-builder-el-3  el_after_av_post_metadata  el_before_av_post_metadata  first flex_column_div '     ><style type=\"text\/css\" data-created_by=\"avia_inline_auto\" id=\"style-css-av-lajol5k3-bcabd5439ce39e62158db334b9b99d68\">\n#top .av_textblock_section.av-lajol5k3-bcabd5439ce39e62158db334b9b99d68 .avia_textblock{\ncolor:#ffffff;\n}\n<\/style>\n<section  class='av_textblock_section av-lajol5k3-bcabd5439ce39e62158db334b9b99d68'  itemscope=\"itemscope\" itemtype=\"https:\/\/schema.org\/BlogPosting\" itemprop=\"blogPost\" ><div class='avia_textblock av_inherit_color'  itemprop=\"text\" ><h1 style=\"text-align: center;\"><\/h1>\n<h1 style=\"text-align: center;\">Ce que les \u00e9lecteurs des partis populistes veulent vraiment<\/h1>\n<div class=\"row\">\n<div class=\"col-14 offset-md-2 col-md-10\">\n<p class=\"lead-text\" style=\"text-align: center;\">Une nouvelle \u00e9tude montre pourquoi les populistes ne r\u00e9clament pas moins de d\u00e9mocratie, mais une autre forme de celle-ci<\/p>\n<\/div>\n<\/div>\n<\/div><\/section><\/div>\n<style type=\"text\/css\" data-created_by=\"avia_inline_auto\" id=\"style-css-av-kqp-d3340c463e9779d9fb5e4297bb48a84f\">\n#top .av-post-metadata-container.av-kqp-d3340c463e9779d9fb5e4297bb48a84f{\ncolor:#ffffff;\n}\n<\/style>\n<div  id=\"author\"  class='av-post-metadata-container av-kqp-d3340c463e9779d9fb5e4297bb48a84f av-metadata-container-align-left  avia-builder-el-5  el_after_av_one_full  el_before_av_hr  av-desktop-hide av-medium-hide av-small-hide av-mini-hide av-metadata-container-2'><div class='av-post-metadata-container-inner'><span class=\"av-post-metadata-content av-post-metadata-meta-content\"><span class=\"av-post-metadata-content av-post-metadata-author\"  itemprop=\"author\" ><span class=\"av-post-metadata-author-link\" ><a href=\"https:\/\/influence.ch\/fr\/author\/matthias-halbeis\/\"  rel=\"author\">Matthias Halbeis<\/a><\/span><\/span><\/span><\/div><\/div>\n\n<style type=\"text\/css\" data-created_by=\"avia_inline_auto\" id=\"style-css-av-3rkb-5af53ac747b34df56e11174e8e22e573\">\n#top .hr.hr-invisible.av-3rkb-5af53ac747b34df56e11174e8e22e573{\nheight:40px;\n}\n<\/style>\n<div  class='hr av-3rkb-5af53ac747b34df56e11174e8e22e573 hr-invisible  avia-builder-el-6  el_after_av_post_metadata  avia-builder-el-last '><span class='hr-inner '><span class=\"hr-inner-style\"><\/span><\/span><\/div>\n<\/div><\/div><\/main><!-- close content main element --><\/div><\/div><div id='av_section_2'  class='avia-section av-4nqx-1f9ea2e9ed6a23cc856f96335c63c817 main_color avia-section-default avia-no-border-styling  avia-builder-el-7  el_after_av_section  el_before_av_section  post-inhalt avia-bg-style-scroll container_wrap fullsize'  ><div class='container av-section-cont-open' ><div class='template-page content  av-content-full alpha units'><div class='post-entry post-entry-type-page post-entry-4684'><div class='entry-content-wrapper clearfix'>\n\n<style type=\"text\/css\" data-created_by=\"avia_inline_auto\" id=\"style-css-av-ll2diep3-4379f21ceadb0c1eabec389020991252\">\n#top .av-post-metadata-container.av-ll2diep3-4379f21ceadb0c1eabec389020991252{\ncolor:#000000;\nfont-size:16px;\n}\n#top .av-post-metadata-container.av-ll2diep3-4379f21ceadb0c1eabec389020991252 .av-post-metadata-container-inner{\nfont-size:16px;\n}\n<\/style>\n<div  id=\"author\"  class='av-post-metadata-container av-ll2diep3-4379f21ceadb0c1eabec389020991252 av-metadata-container-align-left  avia-builder-el-8  el_before_av_hr  avia-builder-el-first  av-metadata-container-3'><div class='av-post-metadata-container-inner'><span class=\"av-post-metadata-content av-post-metadata-meta-content\"><span class=\"av-post-metadata-content av-post-metadata-published\"><span class=\"av-post-metadata-published-date\" >27 f\u00e9vrier 2025<\/span><span class=\"av-metadata-after av-metadata-after-published\">|<\/span><\/span><span class=\"av-post-metadata-content av-post-metadata-separator\"><\/span><span class=\"av-post-metadata-content av-post-metadata-author\"  itemprop=\"author\" ><span class=\"av-post-metadata-author-link\" ><a href=\"https:\/\/influence.ch\/fr\/author\/matthias-halbeis\/\"  rel=\"author\">Matthias Halbeis<\/a><\/span><span class=\"av-metadata-after av-metadata-after-author\">|<\/span><\/span><span class=\"av-post-metadata-content av-post-metadata-separator\"><\/span><span class=\"av-post-metadata-content av-post-metadata-category\"><span class=\"av-post-metadata-category-link\" ><a href=\"https:\/\/influence.ch\/fr\/category\/politique\/\" >Politique<\/a><\/span><\/span><\/span><\/div><\/div>\n\n<style type=\"text\/css\" data-created_by=\"avia_inline_auto\" id=\"style-css-av-ll2cb0de-1618aeaa710f9714e67c07fd3b765e06\">\n#top .hr.hr-invisible.av-ll2cb0de-1618aeaa710f9714e67c07fd3b765e06{\nheight:10px;\n}\n<\/style>\n<div  class='hr av-ll2cb0de-1618aeaa710f9714e67c07fd3b765e06 hr-invisible  avia-builder-el-9  el_after_av_post_metadata  el_before_av_image '><span class='hr-inner '><span class=\"hr-inner-style\"><\/span><\/span><\/div>\n\n<style type=\"text\/css\" data-created_by=\"avia_inline_auto\" id=\"style-css-av-lqf7se0u-036dd1cd5a5e0c2b76c1b2f092b8e768\">\n.avia-image-container.av-lqf7se0u-036dd1cd5a5e0c2b76c1b2f092b8e768 img.avia_image{\nbox-shadow:none;\n}\n.avia-image-container.av-lqf7se0u-036dd1cd5a5e0c2b76c1b2f092b8e768 .av-image-caption-overlay-center{\ncolor:#ffffff;\n}\n<\/style>\n<div  class='avia-image-container av-lqf7se0u-036dd1cd5a5e0c2b76c1b2f092b8e768 av-styling- avia-align-center  avia-builder-el-10  el_after_av_hr  el_before_av_textblock '   itemprop=\"image\" itemscope=\"itemscope\" itemtype=\"https:\/\/schema.org\/ImageObject\" ><div class=\"avia-image-container-inner\"><div class=\"avia-image-overlay-wrap\"><img decoding=\"async\" class='wp-image-4753 avia-img-lazy-loading-not-4753 avia_image ' src=\"https:\/\/influence.ch\/wp-content\/uploads\/2025\/02\/shutterstock_2146950397.png\" alt='' title='shutterstock_2146950397'  height=\"1333\" width=\"2000\"  itemprop=\"thumbnailUrl\" srcset=\"https:\/\/influence.ch\/wp-content\/uploads\/2025\/02\/shutterstock_2146950397.png 2000w, https:\/\/influence.ch\/wp-content\/uploads\/2025\/02\/shutterstock_2146950397-300x200.png 300w, https:\/\/influence.ch\/wp-content\/uploads\/2025\/02\/shutterstock_2146950397-1030x686.png 1030w, https:\/\/influence.ch\/wp-content\/uploads\/2025\/02\/shutterstock_2146950397-768x512.png 768w, https:\/\/influence.ch\/wp-content\/uploads\/2025\/02\/shutterstock_2146950397-1536x1024.png 1536w, https:\/\/influence.ch\/wp-content\/uploads\/2025\/02\/shutterstock_2146950397-1500x1000.png 1500w, https:\/\/influence.ch\/wp-content\/uploads\/2025\/02\/shutterstock_2146950397-750x500.png 750w\" sizes=\"(max-width: 2000px) 100vw, 2000px\" \/><\/div><\/div><\/div>\n<section  class='av_textblock_section av-llaxxvya-c9a1181787d58c49eeb5f9596564e989'  itemscope=\"itemscope\" itemtype=\"https:\/\/schema.org\/BlogPosting\" itemprop=\"blogPost\" ><div class='avia_textblock'  itemprop=\"text\" ><h6>Les \u00e9lecteurs populistes ne sont pas fondamentalement antid\u00e9mocratiques. Ils souhaitent toutefois une d\u00e9mocratie davantage ax\u00e9e sur la mise en \u0153uvre directe de la volont\u00e9 du peuple. Cela va de pair avec le souhait d&rsquo;un \u00ab leader fort \u00bb. (Photo : Shutterstock).<\/h6>\n<\/div><\/section>\n\n<style type=\"text\/css\" data-created_by=\"avia_inline_auto\" id=\"style-css-av-2q8z-01ad5e0b5f31c74fd38e79a60fc3cd1d\">\n#top .av_textblock_section.av-2q8z-01ad5e0b5f31c74fd38e79a60fc3cd1d .avia_textblock{\nfont-size:22px;\n}\n<\/style>\n<section  class='av_textblock_section av-2q8z-01ad5e0b5f31c74fd38e79a60fc3cd1d'  itemscope=\"itemscope\" itemtype=\"https:\/\/schema.org\/BlogPosting\" itemprop=\"blogPost\" ><div class='avia_textblock'  itemprop=\"text\" ><p>Le populisme est depuis longtemps plus qu&rsquo;un ph\u00e9nom\u00e8ne marginal en Europe. Les \u00e9lections europ\u00e9ennes de 2024 l&rsquo;ont prouv\u00e9 de mani\u00e8re \u00e9clatante : dans plusieurs pays, les partis populistes de droite ont enregistr\u00e9 des succ\u00e8s \u00e9lectoraux historiques. Mais qu&rsquo;est-ce qui motive les partisans du populisme ? Une nouvelle \u00e9tude men\u00e9e par le politologue fran\u00e7ais Kevin Arceneaux apporte un \u00e9clairage surprenant : les populistes ne rejettent pas la d\u00e9mocratie, ils veulent simplement qu&rsquo;elle soit organis\u00e9e diff\u00e9remment.<\/p>\n<p><strong>Qu&rsquo;est-ce que les populistes entendent par d\u00e9mocratie ? <\/strong><br \/>\nLe populisme est souvent consid\u00e9r\u00e9 comme oppos\u00e9 \u00e0 la d\u00e9mocratie lib\u00e9rale. Pourtant, l&rsquo;\u00e9tude bas\u00e9e sur des donn\u00e9es fran\u00e7aises, allemandes et italiennes montre que les \u00e9lecteurs populistes ne sont pas fondamentalement antid\u00e9mocratiques. Ils souhaitent plut\u00f4t une \u00ab stealth democracy \u00bb, c&rsquo;est-\u00e0-dire une d\u00e9mocratie plus ax\u00e9e sur la mise en \u0153uvre directe de la volont\u00e9 du peuple. Cela va de pair avec le souhait d&rsquo;un \u00ab leader fort \u00bb qui ne se laisse pas freiner par les contraintes institutionnelles, mais qui impose sans compromis les int\u00e9r\u00eats des \u00ab gens ordinaires\u00a0\u00bb.<\/p>\n<p>Cette attitude n&rsquo;est pas n\u00e9cessairement autoritaire. Elle provient plut\u00f4t d&rsquo;une profonde frustration vis-\u00e0-vis des institutions d\u00e9mocratiques existantes, per\u00e7ues par beaucoup comme \u00e9litistes et d\u00e9connect\u00e9es. Les populistes veulent plus de proximit\u00e9 avec la politique, mais moins de d\u00e9cisions technocratiques, comme c&rsquo;est souvent le cas dans l&rsquo;Union europ\u00e9enne. \u00ab Le populisme est une r\u00e9action logique \u00e0 la perception que les institutions lib\u00e9rales-d\u00e9mocratiques n\u00e9gligent les int\u00e9r\u00eats de la majorit\u00e9 au profit des \u00e9lites ou des minorit\u00e9s \u00bb, explique Arceneaux. Ce sentiment d&rsquo;ali\u00e9nation par rapport \u00e0 la politique \u00e9tablie est un moteur central des attitudes populistes.<\/p>\n<p><b>Les racines du populisme : la privation relative<br \/>\n<\/b>L&rsquo;une des conclusions les plus int\u00e9ressantes de l&rsquo;\u00e9tude concerne la raison du soutien des \u00e9lecteurs aux partis populistes. Ce n&rsquo;est pas uniquement d\u00fb \u00e0 un d\u00e9savantage social ou \u00e9conomique en termes absolus. L&rsquo;un des facteurs explicatifs est plut\u00f4t \u00e0 chercher dans le sentiment d&rsquo;\u00eatre moins bien loti que d&rsquo;autres groupes, un ph\u00e9nom\u00e8ne que les psychologues appellent \u00ab relative deprivation \u00bb (privation relative).<\/p>\n<p>L&rsquo;\u00e9tude montre que le populisme devient particuli\u00e8rement attractif lorsque les gens ont le sentiment qu&rsquo;un statut social m\u00e9rit\u00e9 leur est refus\u00e9 ou est refus\u00e9 \u00e0 leur groupe. Cette perception est renforc\u00e9e par la rh\u00e9torique populiste qui sert le r\u00e9cit de \u00ab nous, les citoyens honn\u00eates \u00bb contre \u00ab eux, les \u00e9lites corrompues \u00bb. En particulier dans les p\u00e9riodes de tension \u00e9conomique, cette dynamique est souvent projet\u00e9e sur les migrants, qui sont per\u00e7us comme des concurrents pour l&#8217;emploi et les avantages sociaux.<\/p>\n<p>Il est int\u00e9ressant de noter qu&rsquo;il existe des diff\u00e9rences entre les d\u00e9savantages individuels et collectifs. Alors que le niveau individuel concerne la perception personnelle, comme le fait d&rsquo;avoir un revenu inf\u00e9rieur \u00e0 celui des autres, le niveau collectif fait r\u00e9f\u00e9rence au groupe social auquel on se sent appartenir. Les deux formes de privation favorisent les attitudes populistes, mais le niveau collectif en particulier semble alimenter le d\u00e9sir d&rsquo;un leader fort qui compense les injustices pr\u00e9sum\u00e9es pour son propre groupe.<\/p>\n<p><b>D\u00e9mocratie ou croissance \u00e9conomique ?<br \/>\n<\/b>Une autre conclusion centrale de l&rsquo;\u00e9tude est que de nombreux \u00e9lecteurs populistes sont pr\u00eats \u00e0 sacrifier les principes d\u00e9mocratiques pour la croissance \u00e9conomique. Cela peut sembler contradictoire \u00e0 premi\u00e8re vue : pourquoi les personnes insatisfaites de la d\u00e9mocratie s&rsquo;accrocheraient-elles n\u00e9anmoins aux partis populistes, qui se pr\u00e9sentent souvent comme ayant une l\u00e9gitimit\u00e9 d\u00e9mocratique ? Arceneaux explique cela par la priorit\u00e9 donn\u00e9e au succ\u00e8s \u00e9conomique \u00e0 court terme sur la stabilit\u00e9 \u00e0 long terme des institutions d\u00e9mocratiques.<\/p>\n<p>\u00ab Les populistes ne sont pas contre la d\u00e9mocratie \u00bb, souligne le chercheur, \u00ab ils veulent une d\u00e9mocratie qui soit plus efficace et qui r\u00e9ponde directement \u00e0 leurs besoins \u00bb. L&rsquo;appel \u00e0 un leader fort est donc moins une manifestation d&rsquo;autoritarisme que le souhait d&rsquo;une forme de d\u00e9mocratie plus efficace, m\u00eame si c&rsquo;est au d\u00e9triment de principes lib\u00e9raux fondamentaux comme la s\u00e9paration des pouvoirs ou la protection des minorit\u00e9s.<\/p>\n<p><b>Le populisme : un danger ou un correctif ?<br \/>\n<\/b>Les r\u00e9sultats de l&rsquo;\u00e9tude apportent un \u00e9clairage nuanc\u00e9 sur le populisme. Alors que de nombreux politiciens et observateurs le pr\u00e9sentent comme une menace pour la d\u00e9mocratie, Arceneaux montre que les \u00e9lecteurs populistes ne demandent pas n\u00e9cessairement l&rsquo;abandon des principes d\u00e9mocratiques. Ils critiquent plut\u00f4t la mani\u00e8re dont la d\u00e9mocratie fonctionne actuellement et ce, pas enti\u00e8rement \u00e0 tort. La politique technocratique, en particulier au niveau de l&rsquo;UE, appara\u00eet \u00e0 de nombreux citoyens comme inaccessible et peu transparente. Les partis populistes comblent cette lacune en promettant des solutions simples et un retour \u00e0 la souverainet\u00e9 nationale.<\/p>\n<p>Mais la question demeure : une d\u00e9mocratie qui s&rsquo;inspire davantage des id\u00e9es populistes peut-elle survivre \u00e0 long terme ? Arceneaux met en garde contre le fait de rejeter les souhaits des populistes comme \u00e9tant irrationnels ou mal inform\u00e9s. Ils refl\u00e8tent des probl\u00e8mes r\u00e9els tels que la perception de l&rsquo;injustice et la frustration face \u00e0 une \u00e9lite politique d\u00e9connect\u00e9e. Cependant, le d\u00e9sir populiste d&rsquo;un leader fort risque d&rsquo;affaiblir les institutions d\u00e9mocratiques et de renforcer les tendances autocratiques.<\/p>\n<p>Les partisans du populisme ne demandent pas l&rsquo;abolition de la d\u00e9mocratie, mais une transformation vers une politique plus directe et plus proche du peuple. Que cela repr\u00e9sente une chance pour la d\u00e9mocratie ou un danger d\u00e9pendra de la mani\u00e8re dont les partis \u00e9tablis r\u00e9agiront \u00e0 ces demandes.<\/p>\n<p>Il est essentiel de trouver une r\u00e9ponse \u00e0 cette question, non seulement pour la d\u00e9mocratie, mais aussi pour la coh\u00e9sion sociale en Europe. Car l&rsquo;\u00e9tude montre clairement que le populisme n&rsquo;est pas un ph\u00e9nom\u00e8ne passager, mais un d\u00e9fi qui va marquer durablement le paysage politique.<\/p>\n<\/div><\/section>\n<\/p>\n<\/div><\/div><\/div><!-- close content main div --><\/div><\/div>\n<style type=\"text\/css\" data-created_by=\"avia_inline_auto\" id=\"style-css-av-fbiot-f1ec76308f4d06aba266faf19bdf7526\">\n.avia-section.av-fbiot-f1ec76308f4d06aba266faf19bdf7526{\nbackground-color:#ededed;\nbackground-image:unset;\n}\n<\/style>\n<div id='av_section_3'  class='avia-section av-fbiot-f1ec76308f4d06aba266faf19bdf7526 main_color avia-section-default avia-no-border-styling  avia-builder-el-13  el_after_av_section  avia-builder-el-last  post_slider avia-bg-style-scroll container_wrap fullsize'  ><div class='container av-section-cont-open' ><div class='template-page content  av-content-full alpha units'><div class='post-entry post-entry-type-page post-entry-4684'><div class='entry-content-wrapper clearfix'>\n<div  data-slideshow-options=\"{&quot;animation&quot;:&quot;fade&quot;,&quot;autoplay&quot;:false,&quot;loop_autoplay&quot;:&quot;once&quot;,&quot;interval&quot;:&quot;5&quot;,&quot;loop_manual&quot;:&quot;manual-endless&quot;,&quot;autoplay_stopper&quot;:false,&quot;noNavigation&quot;:false,&quot;show_slide_delay&quot;:90}\" class='avia-content-slider avia-content-slider-active avia-content-slider1 avia-content-slider-odd  avia-builder-el-14  avia-builder-el-no-sibling  av-slideshow-ui av-control-default   av-no-slider-navigation av-slideshow-manual av-loop-once av-loop-manual-endless '  itemscope=\"itemscope\" itemtype=\"https:\/\/schema.org\/Blog\" ><div class=\"avia-content-slider-inner\"><div class=\"slide-entry-wrap\"><article class='slide-entry flex_column  post-entry post-entry-5182 slide-entry-overview slide-loop-1 slide-parity-odd  av_one_third first real-thumbnail post-format-standard'  itemscope=\"itemscope\" itemtype=\"https:\/\/schema.org\/BlogPosting\" itemprop=\"blogPost\" ><a href='https:\/\/influence.ch\/fr\/2025\/03\/27\/qui-ecrit-les-articles-pour-cette-plate-forme\/' data-rel='slide-1' class='slide-image' title='Qui \u00e9crit les articles pour cette plate-forme'><img decoding=\"async\" width=\"495\" height=\"400\" src=\"https:\/\/influence.ch\/wp-content\/uploads\/2022\/12\/influence_Verlaufe_ausgelesen-495x400.png\" class=\"wp-image-4344 avia-img-lazy-loading-not-4344 attachment-portfolio size-portfolio wp-post-image\" alt=\"\" srcset=\"https:\/\/influence.ch\/wp-content\/uploads\/2022\/12\/influence_Verlaufe_ausgelesen-495x400.png 495w, https:\/\/influence.ch\/wp-content\/uploads\/2022\/12\/influence_Verlaufe_ausgelesen-845x684.png 845w\" sizes=\"(max-width: 495px) 100vw, 495px\" \/><\/a><div class=\"slide-content\"><header class=\"entry-content-header\"><h3 class='slide-entry-title entry-title '  itemprop=\"headline\" ><a href='https:\/\/influence.ch\/fr\/2025\/03\/27\/qui-ecrit-les-articles-pour-cette-plate-forme\/' title='Qui \u00e9crit les articles pour cette plate-forme'>Qui \u00e9crit les articles pour cette plate-forme<\/a><\/h3><span class=\"av-vertical-delimiter\"><\/span><\/header><div class=\"slide-meta\"><div class=\"slide-meta-comments\"><a href='https:\/\/influence.ch\/fr\/2025\/03\/27\/qui-ecrit-les-articles-pour-cette-plate-forme\/#respond'>0 Commentaires<\/a><\/div><div class=\"slide-meta-del\">\/<\/div><time class='slide-meta-time updated'  itemprop=\"datePublished\" datetime=\"2025-03-27T14:45:57+01:00\" >27 mars 2025<\/time><\/div><div class='slide-entry-excerpt entry-content'  itemprop=\"text\" >D\u00e9couvrez l'expertise de furrerhugi dans influence.ch<\/div><\/div><footer class=\"entry-footer\"><\/footer><span class='hidden'>\n\t\t\t\t<span class='av-structured-data'  itemprop=\"image\" itemscope=\"itemscope\" itemtype=\"https:\/\/schema.org\/ImageObject\" >\n\t\t\t\t\t\t<span itemprop='url'>https:\/\/influence.ch\/wp-content\/uploads\/2022\/12\/influence_Verlaufe_ausgelesen.png<\/span>\n\t\t\t\t\t\t<span itemprop='height'>2169<\/span>\n\t\t\t\t\t\t<span itemprop='width'>2442<\/span>\n\t\t\t\t<\/span>\n\t\t\t\t<span class='av-structured-data'  itemprop=\"publisher\" itemtype=\"https:\/\/schema.org\/Organization\" itemscope=\"itemscope\" >\n\t\t\t\t\t\t<span itemprop='name'>Matthias Halbeis<\/span>\n\t\t\t\t\t\t<span itemprop='logo' itemscope itemtype='https:\/\/schema.org\/ImageObject'>\n\t\t\t\t\t\t\t<span itemprop='url'>https:\/\/influence.ch\/wp-content\/uploads\/2025\/02\/influence_Logo_FR_weiss-1030x277.png<\/span>\n\t\t\t\t\t\t <\/span>\n\t\t\t\t<\/span><span class='av-structured-data'  itemprop=\"author\" itemscope=\"itemscope\" itemtype=\"https:\/\/schema.org\/Person\" ><span itemprop='name'>Matthias Halbeis<\/span><\/span><span class='av-structured-data'  itemprop=\"datePublished\" datetime=\"2025-02-27T08:30:45+01:00\" >2025-03-27 14:45:57<\/span><span class='av-structured-data'  itemprop=\"dateModified\" itemtype=\"https:\/\/schema.org\/dateModified\" >2025-03-27 19:42:52<\/span><span class='av-structured-data'  itemprop=\"mainEntityOfPage\" itemtype=\"https:\/\/schema.org\/mainEntityOfPage\" ><span itemprop='name'>Qui \u00e9crit les articles pour cette plate-forme<\/span><\/span><\/span><\/article><article class='slide-entry flex_column  post-entry post-entry-4443 slide-entry-overview slide-loop-2 slide-parity-even  av_one_third  real-thumbnail post-format-standard'  itemscope=\"itemscope\" itemtype=\"https:\/\/schema.org\/BlogPosting\" itemprop=\"blogPost\" ><a href='https:\/\/influence.ch\/fr\/2025\/01\/30\/mission-ia-comment-les-agents-autonomes-pensent-apprennent-et-agissent\/' data-rel='slide-1' class='slide-image' title='Mission IA : comment les agents autonomes pensent, apprennent et agissent'><img decoding=\"async\" width=\"495\" height=\"400\" src=\"https:\/\/influence.ch\/wp-content\/uploads\/2022\/12\/influence_Verlaeufe_V01_7-495x400.png\" class=\"wp-image-529 avia-img-lazy-loading-not-529 attachment-portfolio size-portfolio wp-post-image\" alt=\"\" srcset=\"https:\/\/influence.ch\/wp-content\/uploads\/2022\/12\/influence_Verlaeufe_V01_7-495x400.png 495w, https:\/\/influence.ch\/wp-content\/uploads\/2022\/12\/influence_Verlaeufe_V01_7-845x684.png 845w\" sizes=\"(max-width: 495px) 100vw, 495px\" \/><\/a><div class=\"slide-content\"><header class=\"entry-content-header\"><h3 class='slide-entry-title entry-title '  itemprop=\"headline\" ><a href='https:\/\/influence.ch\/fr\/2025\/01\/30\/mission-ia-comment-les-agents-autonomes-pensent-apprennent-et-agissent\/' title='Mission IA : comment les agents autonomes pensent, apprennent et agissent'>Mission IA : comment les agents autonomes pensent, apprennent et agissent<\/a><\/h3><span class=\"av-vertical-delimiter\"><\/span><\/header><div class=\"slide-meta\"><div class=\"slide-meta-comments\"><a href='https:\/\/influence.ch\/fr\/2025\/01\/30\/mission-ia-comment-les-agents-autonomes-pensent-apprennent-et-agissent\/#respond'>0 Commentaires<\/a><\/div><div class=\"slide-meta-del\">\/<\/div><time class='slide-meta-time updated'  itemprop=\"datePublished\" datetime=\"2025-01-30T11:07:53+01:00\" >30 janvier 2025<\/time><\/div><div class='slide-entry-excerpt entry-content'  itemprop=\"text\" >L'intelligence artificielle (IA) a fait d'\u00e9normes progr\u00e8s au cours des derni\u00e8res ann\u00e9es - l'un des d\u00e9veloppements les plus fascinants est celui des agents IA. Mais comment fonctionnent-ils exactement ?   <\/div><\/div><footer class=\"entry-footer\"><\/footer><span class='hidden'>\n\t\t\t\t<span class='av-structured-data'  itemprop=\"image\" itemscope=\"itemscope\" itemtype=\"https:\/\/schema.org\/ImageObject\" >\n\t\t\t\t\t\t<span itemprop='url'>https:\/\/influence.ch\/wp-content\/uploads\/2022\/12\/influence_Verlaeufe_V01_7.png<\/span>\n\t\t\t\t\t\t<span itemprop='height'>2169<\/span>\n\t\t\t\t\t\t<span itemprop='width'>2442<\/span>\n\t\t\t\t<\/span>\n\t\t\t\t<span class='av-structured-data'  itemprop=\"publisher\" itemtype=\"https:\/\/schema.org\/Organization\" itemscope=\"itemscope\" >\n\t\t\t\t\t\t<span itemprop='name'>Matthias Halbeis<\/span>\n\t\t\t\t\t\t<span itemprop='logo' itemscope itemtype='https:\/\/schema.org\/ImageObject'>\n\t\t\t\t\t\t\t<span itemprop='url'>https:\/\/influence.ch\/wp-content\/uploads\/2025\/02\/influence_Logo_FR_weiss-1030x277.png<\/span>\n\t\t\t\t\t\t <\/span>\n\t\t\t\t<\/span><span class='av-structured-data'  itemprop=\"author\" itemscope=\"itemscope\" itemtype=\"https:\/\/schema.org\/Person\" ><span itemprop='name'>Matthias Halbeis<\/span><\/span><span class='av-structured-data'  itemprop=\"datePublished\" datetime=\"2025-02-27T08:30:45+01:00\" >2025-01-30 11:07:53<\/span><span class='av-structured-data'  itemprop=\"dateModified\" itemtype=\"https:\/\/schema.org\/dateModified\" >2025-01-30 15:38:52<\/span><span class='av-structured-data'  itemprop=\"mainEntityOfPage\" itemtype=\"https:\/\/schema.org\/mainEntityOfPage\" ><span itemprop='name'>Mission IA : comment les agents autonomes pensent, apprennent et agissent<\/span><\/span><\/span><\/article><article class='slide-entry flex_column  post-entry post-entry-7129 slide-entry-overview slide-loop-3 slide-parity-odd  av_one_third  real-thumbnail post-format-standard'  itemscope=\"itemscope\" itemtype=\"https:\/\/schema.org\/BlogPosting\" itemprop=\"blogPost\" ><a href='https:\/\/influence.ch\/fr\/2026\/03\/26\/la-prochaine-ere-de-la-communication-dentreprise\/' data-rel='slide-1' class='slide-image' title='La prochaine \u00e8re de la communication'><img decoding=\"async\" width=\"495\" height=\"400\" src=\"https:\/\/influence.ch\/wp-content\/uploads\/2022\/12\/influence_Verlaeufe_V01_7-495x400.png\" class=\"wp-image-529 avia-img-lazy-loading-not-529 attachment-portfolio size-portfolio wp-post-image\" alt=\"\" srcset=\"https:\/\/influence.ch\/wp-content\/uploads\/2022\/12\/influence_Verlaeufe_V01_7-495x400.png 495w, https:\/\/influence.ch\/wp-content\/uploads\/2022\/12\/influence_Verlaeufe_V01_7-845x684.png 845w\" sizes=\"(max-width: 495px) 100vw, 495px\" \/><\/a><div class=\"slide-content\"><header class=\"entry-content-header\"><h3 class='slide-entry-title entry-title '  itemprop=\"headline\" ><a href='https:\/\/influence.ch\/fr\/2026\/03\/26\/la-prochaine-ere-de-la-communication-dentreprise\/' title='La prochaine \u00e8re de la communication'>La prochaine \u00e8re de la communication<\/a><\/h3><span class=\"av-vertical-delimiter\"><\/span><\/header><div class=\"slide-meta\"><div class=\"slide-meta-comments\"><a href='https:\/\/influence.ch\/fr\/2026\/03\/26\/la-prochaine-ere-de-la-communication-dentreprise\/#respond'>0 Commentaires<\/a><\/div><div class=\"slide-meta-del\">\/<\/div><time class='slide-meta-time updated'  itemprop=\"datePublished\" datetime=\"2026-03-26T14:14:09+01:00\" >26 mars 2026<\/time><\/div><div class='slide-entry-excerpt entry-content'  itemprop=\"text\" >Pourquoi l'authenticit\u00e9 et l'IA d\u00e9finissent les nouvelles r\u00e8gles du jeu<\/div><\/div><footer class=\"entry-footer\"><\/footer><span class='hidden'>\n\t\t\t\t<span class='av-structured-data'  itemprop=\"image\" itemscope=\"itemscope\" itemtype=\"https:\/\/schema.org\/ImageObject\" >\n\t\t\t\t\t\t<span itemprop='url'>https:\/\/influence.ch\/wp-content\/uploads\/2022\/12\/influence_Verlaeufe_V01_7.png<\/span>\n\t\t\t\t\t\t<span itemprop='height'>2169<\/span>\n\t\t\t\t\t\t<span itemprop='width'>2442<\/span>\n\t\t\t\t<\/span>\n\t\t\t\t<span class='av-structured-data'  itemprop=\"publisher\" itemtype=\"https:\/\/schema.org\/Organization\" itemscope=\"itemscope\" >\n\t\t\t\t\t\t<span itemprop='name'>Matthias Halbeis<\/span>\n\t\t\t\t\t\t<span itemprop='logo' itemscope itemtype='https:\/\/schema.org\/ImageObject'>\n\t\t\t\t\t\t\t<span itemprop='url'>https:\/\/influence.ch\/wp-content\/uploads\/2025\/02\/influence_Logo_FR_weiss-1030x277.png<\/span>\n\t\t\t\t\t\t <\/span>\n\t\t\t\t<\/span><span class='av-structured-data'  itemprop=\"author\" itemscope=\"itemscope\" itemtype=\"https:\/\/schema.org\/Person\" ><span itemprop='name'>Matthias Halbeis<\/span><\/span><span class='av-structured-data'  itemprop=\"datePublished\" datetime=\"2025-02-27T08:30:45+01:00\" >2026-03-26 14:14:09<\/span><span class='av-structured-data'  itemprop=\"dateModified\" itemtype=\"https:\/\/schema.org\/dateModified\" >2026-03-26 19:25:02<\/span><span class='av-structured-data'  itemprop=\"mainEntityOfPage\" itemtype=\"https:\/\/schema.org\/mainEntityOfPage\" ><span itemprop='name'>La prochaine \u00e8re de la communication<\/span><\/span><\/span><\/article><\/div><div class=\"slide-entry-wrap\"><article class='slide-entry flex_column  post-entry post-entry-6432 slide-entry-overview slide-loop-4 slide-parity-odd  av_one_third first real-thumbnail post-format-standard'  itemscope=\"itemscope\" itemtype=\"https:\/\/schema.org\/BlogPosting\" itemprop=\"blogPost\" ><a href='https:\/\/influence.ch\/fr\/2025\/11\/27\/chatbait-lart-de-se-perdre-dans-un-dialogue-sans-fin-avec-une-ia\/' data-rel='slide-1' class='slide-image' title='Chatbait: l&rsquo;art de se perdre dans un dialogue sans fin avec une IA'><img decoding=\"async\" width=\"495\" height=\"400\" src=\"https:\/\/influence.ch\/wp-content\/uploads\/2022\/12\/influence_Verlaeufe_V01_7-495x400.png\" class=\"wp-image-529 avia-img-lazy-loading-not-529 attachment-portfolio size-portfolio wp-post-image\" alt=\"\" srcset=\"https:\/\/influence.ch\/wp-content\/uploads\/2022\/12\/influence_Verlaeufe_V01_7-495x400.png 495w, https:\/\/influence.ch\/wp-content\/uploads\/2022\/12\/influence_Verlaeufe_V01_7-845x684.png 845w\" sizes=\"(max-width: 495px) 100vw, 495px\" \/><\/a><div class=\"slide-content\"><header class=\"entry-content-header\"><h3 class='slide-entry-title entry-title '  itemprop=\"headline\" ><a href='https:\/\/influence.ch\/fr\/2025\/11\/27\/chatbait-lart-de-se-perdre-dans-un-dialogue-sans-fin-avec-une-ia\/' title='Chatbait: l&rsquo;art de se perdre dans un dialogue sans fin avec une IA'>Chatbait: l&rsquo;art de se perdre dans un dialogue sans fin avec une IA<\/a><\/h3><span class=\"av-vertical-delimiter\"><\/span><\/header><div class=\"slide-meta\"><div class=\"slide-meta-comments\"><a href='https:\/\/influence.ch\/fr\/2025\/11\/27\/chatbait-lart-de-se-perdre-dans-un-dialogue-sans-fin-avec-une-ia\/#respond'>0 Commentaires<\/a><\/div><div class=\"slide-meta-del\">\/<\/div><time class='slide-meta-time updated'  itemprop=\"datePublished\" datetime=\"2025-11-27T13:29:26+01:00\" >27 novembre 2025<\/time><\/div><div class='slide-entry-excerpt entry-content'  itemprop=\"text\" >Et si les conversations infinies rempla\u00e7aient le doomscrolling ?<\/div><\/div><footer class=\"entry-footer\"><\/footer><span class='hidden'>\n\t\t\t\t<span class='av-structured-data'  itemprop=\"image\" itemscope=\"itemscope\" itemtype=\"https:\/\/schema.org\/ImageObject\" >\n\t\t\t\t\t\t<span itemprop='url'>https:\/\/influence.ch\/wp-content\/uploads\/2022\/12\/influence_Verlaeufe_V01_7.png<\/span>\n\t\t\t\t\t\t<span itemprop='height'>2169<\/span>\n\t\t\t\t\t\t<span itemprop='width'>2442<\/span>\n\t\t\t\t<\/span>\n\t\t\t\t<span class='av-structured-data'  itemprop=\"publisher\" itemtype=\"https:\/\/schema.org\/Organization\" itemscope=\"itemscope\" >\n\t\t\t\t\t\t<span itemprop='name'>Patrick Blaser<\/span>\n\t\t\t\t\t\t<span itemprop='logo' itemscope itemtype='https:\/\/schema.org\/ImageObject'>\n\t\t\t\t\t\t\t<span itemprop='url'>https:\/\/influence.ch\/wp-content\/uploads\/2025\/02\/influence_Logo_FR_weiss-1030x277.png<\/span>\n\t\t\t\t\t\t <\/span>\n\t\t\t\t<\/span><span class='av-structured-data'  itemprop=\"author\" itemscope=\"itemscope\" itemtype=\"https:\/\/schema.org\/Person\" ><span itemprop='name'>Patrick Blaser<\/span><\/span><span class='av-structured-data'  itemprop=\"datePublished\" datetime=\"2025-02-27T08:30:45+01:00\" >2025-11-27 13:29:26<\/span><span class='av-structured-data'  itemprop=\"dateModified\" itemtype=\"https:\/\/schema.org\/dateModified\" >2025-11-27 15:23:30<\/span><span class='av-structured-data'  itemprop=\"mainEntityOfPage\" itemtype=\"https:\/\/schema.org\/mainEntityOfPage\" ><span itemprop='name'>Chatbait: l&rsquo;art de se perdre dans un dialogue sans fin avec une IA<\/span><\/span><\/span><\/article><article class='slide-entry flex_column  post-entry post-entry-6245 slide-entry-overview slide-loop-5 slide-parity-even  av_one_third  real-thumbnail post-format-standard'  itemscope=\"itemscope\" itemtype=\"https:\/\/schema.org\/BlogPosting\" itemprop=\"blogPost\" ><a href='https:\/\/influence.ch\/fr\/2025\/10\/30\/le-pouvoir-des-relations\/' data-rel='slide-1' class='slide-image' title='Le pouvoir des relations'><img decoding=\"async\" width=\"495\" height=\"400\" src=\"https:\/\/influence.ch\/wp-content\/uploads\/2022\/12\/influence_Verlaeufe_V01_5-495x400.png\" class=\"wp-image-517 avia-img-lazy-loading-not-517 attachment-portfolio size-portfolio wp-post-image\" alt=\"\" srcset=\"https:\/\/influence.ch\/wp-content\/uploads\/2022\/12\/influence_Verlaeufe_V01_5-495x400.png 495w, https:\/\/influence.ch\/wp-content\/uploads\/2022\/12\/influence_Verlaeufe_V01_5-845x684.png 845w\" sizes=\"(max-width: 495px) 100vw, 495px\" \/><\/a><div class=\"slide-content\"><header class=\"entry-content-header\"><h3 class='slide-entry-title entry-title '  itemprop=\"headline\" ><a href='https:\/\/influence.ch\/fr\/2025\/10\/30\/le-pouvoir-des-relations\/' title='Le pouvoir des relations'>Le pouvoir des relations<\/a><\/h3><span class=\"av-vertical-delimiter\"><\/span><\/header><div class=\"slide-meta\"><div class=\"slide-meta-comments\"><a href='https:\/\/influence.ch\/fr\/2025\/10\/30\/le-pouvoir-des-relations\/#respond'>0 Commentaires<\/a><\/div><div class=\"slide-meta-del\">\/<\/div><time class='slide-meta-time updated'  itemprop=\"datePublished\" datetime=\"2025-10-30T10:00:32+01:00\" >30 octobre 2025<\/time><\/div><div class='slide-entry-excerpt entry-content'  itemprop=\"text\" >pourquoi le leadership ne se limite pas \u00e0 la hi\u00e9rarchie<\/div><\/div><footer class=\"entry-footer\"><\/footer><span class='hidden'>\n\t\t\t\t<span class='av-structured-data'  itemprop=\"image\" itemscope=\"itemscope\" itemtype=\"https:\/\/schema.org\/ImageObject\" >\n\t\t\t\t\t\t<span itemprop='url'>https:\/\/influence.ch\/wp-content\/uploads\/2022\/12\/influence_Verlaeufe_V01_5.png<\/span>\n\t\t\t\t\t\t<span itemprop='height'>2169<\/span>\n\t\t\t\t\t\t<span itemprop='width'>2442<\/span>\n\t\t\t\t<\/span>\n\t\t\t\t<span class='av-structured-data'  itemprop=\"publisher\" itemtype=\"https:\/\/schema.org\/Organization\" itemscope=\"itemscope\" >\n\t\t\t\t\t\t<span itemprop='name'>Matthias Halbeis<\/span>\n\t\t\t\t\t\t<span itemprop='logo' itemscope itemtype='https:\/\/schema.org\/ImageObject'>\n\t\t\t\t\t\t\t<span itemprop='url'>https:\/\/influence.ch\/wp-content\/uploads\/2025\/02\/influence_Logo_FR_weiss-1030x277.png<\/span>\n\t\t\t\t\t\t <\/span>\n\t\t\t\t<\/span><span class='av-structured-data'  itemprop=\"author\" itemscope=\"itemscope\" itemtype=\"https:\/\/schema.org\/Person\" ><span itemprop='name'>Matthias Halbeis<\/span><\/span><span class='av-structured-data'  itemprop=\"datePublished\" datetime=\"2025-02-27T08:30:45+01:00\" >2025-10-30 10:00:32<\/span><span class='av-structured-data'  itemprop=\"dateModified\" itemtype=\"https:\/\/schema.org\/dateModified\" >2025-10-30 17:05:29<\/span><span class='av-structured-data'  itemprop=\"mainEntityOfPage\" itemtype=\"https:\/\/schema.org\/mainEntityOfPage\" ><span itemprop='name'>Le pouvoir des relations<\/span><\/span><\/span><\/article><article class='slide-entry flex_column  post-entry post-entry-4400 slide-entry-overview slide-loop-6 slide-parity-odd  av_one_third  real-thumbnail post-format-standard'  itemscope=\"itemscope\" itemtype=\"https:\/\/schema.org\/BlogPosting\" itemprop=\"blogPost\" ><a href='https:\/\/influence.ch\/fr\/2025\/01\/30\/longcovid-un-hashtag-comme-bouee-de-sauvetage\/' data-rel='slide-1' class='slide-image' title='#LongCovid &#8211; Un hashtag comme bou\u00e9e de sauvetage'><img decoding=\"async\" width=\"495\" height=\"400\" src=\"https:\/\/influence.ch\/wp-content\/uploads\/2022\/12\/influence_Verlaeufe_V01_1-495x400.png\" class=\"wp-image-522 avia-img-lazy-loading-not-522 attachment-portfolio size-portfolio wp-post-image\" alt=\"\" srcset=\"https:\/\/influence.ch\/wp-content\/uploads\/2022\/12\/influence_Verlaeufe_V01_1-495x400.png 495w, https:\/\/influence.ch\/wp-content\/uploads\/2022\/12\/influence_Verlaeufe_V01_1-845x684.png 845w\" sizes=\"(max-width: 495px) 100vw, 495px\" \/><\/a><div class=\"slide-content\"><header class=\"entry-content-header\"><h3 class='slide-entry-title entry-title '  itemprop=\"headline\" ><a href='https:\/\/influence.ch\/fr\/2025\/01\/30\/longcovid-un-hashtag-comme-bouee-de-sauvetage\/' title='#LongCovid &#8211; Un hashtag comme bou\u00e9e de sauvetage'>#LongCovid &#8211; Un hashtag comme bou\u00e9e de sauvetage<\/a><\/h3><span class=\"av-vertical-delimiter\"><\/span><\/header><div class=\"slide-meta\"><time class='slide-meta-time updated'  itemprop=\"datePublished\" datetime=\"2025-01-30T11:14:11+01:00\" >30 janvier 2025<\/time><\/div><div class='slide-entry-excerpt entry-content'  itemprop=\"text\" >Le mouvement Long COVID montre de mani\u00e8re exemplaire comment les personnes concern\u00e9es peuvent jouer un r\u00f4le cl\u00e9 dans l'am\u00e9lioration des soins de sant\u00e9.  <\/div><\/div><footer class=\"entry-footer\"><\/footer><span class='hidden'>\n\t\t\t\t<span class='av-structured-data'  itemprop=\"image\" itemscope=\"itemscope\" itemtype=\"https:\/\/schema.org\/ImageObject\" >\n\t\t\t\t\t\t<span itemprop='url'>https:\/\/influence.ch\/wp-content\/uploads\/2022\/12\/influence_Verlaeufe_V01_1.png<\/span>\n\t\t\t\t\t\t<span itemprop='height'>2169<\/span>\n\t\t\t\t\t\t<span itemprop='width'>2442<\/span>\n\t\t\t\t<\/span>\n\t\t\t\t<span class='av-structured-data'  itemprop=\"publisher\" itemtype=\"https:\/\/schema.org\/Organization\" itemscope=\"itemscope\" >\n\t\t\t\t\t\t<span itemprop='name'>Patrick Blaser<\/span>\n\t\t\t\t\t\t<span itemprop='logo' itemscope itemtype='https:\/\/schema.org\/ImageObject'>\n\t\t\t\t\t\t\t<span itemprop='url'>https:\/\/influence.ch\/wp-content\/uploads\/2025\/02\/influence_Logo_FR_weiss-1030x277.png<\/span>\n\t\t\t\t\t\t <\/span>\n\t\t\t\t<\/span><span class='av-structured-data'  itemprop=\"author\" itemscope=\"itemscope\" itemtype=\"https:\/\/schema.org\/Person\" ><span itemprop='name'>Patrick Blaser<\/span><\/span><span class='av-structured-data'  itemprop=\"datePublished\" datetime=\"2025-02-27T08:30:45+01:00\" >2025-01-30 11:14:11<\/span><span class='av-structured-data'  itemprop=\"dateModified\" itemtype=\"https:\/\/schema.org\/dateModified\" >2025-01-30 15:39:06<\/span><span class='av-structured-data'  itemprop=\"mainEntityOfPage\" itemtype=\"https:\/\/schema.org\/mainEntityOfPage\" ><span itemprop='name'>#LongCovid &#8211; Un hashtag comme bou\u00e9e de sauvetage<\/span><\/span><\/span><\/article><\/div><div class=\"slide-entry-wrap\"><article class='slide-entry flex_column  post-entry post-entry-6810 slide-entry-overview slide-loop-7 slide-parity-odd  av_one_third first real-thumbnail post-format-standard'  itemscope=\"itemscope\" itemtype=\"https:\/\/schema.org\/BlogPosting\" itemprop=\"blogPost\" ><a href='https:\/\/influence.ch\/fr\/2026\/01\/29\/je-voterais-exactement-de-la-meme-maniere\/' data-rel='slide-1' class='slide-image' title='\u00ab Je voterais exactement de la m\u00eame mani\u00e8re \u00bb'><img decoding=\"async\" width=\"495\" height=\"400\" src=\"https:\/\/influence.ch\/wp-content\/uploads\/2026\/01\/DSC3949-495x400.jpg\" class=\"wp-image-6802 avia-img-lazy-loading-not-6802 attachment-portfolio size-portfolio wp-post-image\" alt=\"\" srcset=\"https:\/\/influence.ch\/wp-content\/uploads\/2026\/01\/DSC3949-495x400.jpg 495w, https:\/\/influence.ch\/wp-content\/uploads\/2026\/01\/DSC3949-845x684.jpg 845w\" sizes=\"(max-width: 495px) 100vw, 495px\" \/><\/a><div class=\"slide-content\"><header class=\"entry-content-header\"><h3 class='slide-entry-title entry-title '  itemprop=\"headline\" ><a href='https:\/\/influence.ch\/fr\/2026\/01\/29\/je-voterais-exactement-de-la-meme-maniere\/' title='\u00ab Je voterais exactement de la m\u00eame mani\u00e8re \u00bb'>\u00ab Je voterais exactement de la m\u00eame mani\u00e8re \u00bb<\/a><\/h3><span class=\"av-vertical-delimiter\"><\/span><\/header><div class=\"slide-meta\"><div class=\"slide-meta-comments\"><a href='https:\/\/influence.ch\/fr\/2026\/01\/29\/je-voterais-exactement-de-la-meme-maniere\/#respond'>0 Commentaires<\/a><\/div><div class=\"slide-meta-del\">\/<\/div><time class='slide-meta-time updated'  itemprop=\"datePublished\" datetime=\"2026-01-29T10:21:41+01:00\" >29 janvier 2026<\/time><\/div><div class='slide-entry-excerpt entry-content'  itemprop=\"text\" >Le pr\u00e9sident du Conseil national Pierre-Andr\u00e9 Page explique que son vote d\u00e9cisif n'\u00e9tait pas dirig\u00e9 contre les femmes, pourquoi il se rend au Canada et non aux \u00c9tats-Unis, et ce que la Suisse peut apprendre de Fribourg.<\/div><\/div><footer class=\"entry-footer\"><\/footer><span class='hidden'>\n\t\t\t\t<span class='av-structured-data'  itemprop=\"image\" itemscope=\"itemscope\" itemtype=\"https:\/\/schema.org\/ImageObject\" >\n\t\t\t\t\t\t<span itemprop='url'>https:\/\/influence.ch\/wp-content\/uploads\/2026\/01\/DSC3949.jpg<\/span>\n\t\t\t\t\t\t<span itemprop='height'>1500<\/span>\n\t\t\t\t\t\t<span itemprop='width'>2250<\/span>\n\t\t\t\t<\/span>\n\t\t\t\t<span class='av-structured-data'  itemprop=\"publisher\" itemtype=\"https:\/\/schema.org\/Organization\" itemscope=\"itemscope\" >\n\t\t\t\t\t\t<span itemprop='name'>Patrick Blaser<\/span>\n\t\t\t\t\t\t<span itemprop='logo' itemscope itemtype='https:\/\/schema.org\/ImageObject'>\n\t\t\t\t\t\t\t<span itemprop='url'>https:\/\/influence.ch\/wp-content\/uploads\/2025\/02\/influence_Logo_FR_weiss-1030x277.png<\/span>\n\t\t\t\t\t\t <\/span>\n\t\t\t\t<\/span><span class='av-structured-data'  itemprop=\"author\" itemscope=\"itemscope\" itemtype=\"https:\/\/schema.org\/Person\" ><span itemprop='name'>Patrick Blaser<\/span><\/span><span class='av-structured-data'  itemprop=\"datePublished\" datetime=\"2025-02-27T08:30:45+01:00\" >2026-01-29 10:21:41<\/span><span class='av-structured-data'  itemprop=\"dateModified\" itemtype=\"https:\/\/schema.org\/dateModified\" >2026-01-29 17:54:17<\/span><span class='av-structured-data'  itemprop=\"mainEntityOfPage\" itemtype=\"https:\/\/schema.org\/mainEntityOfPage\" ><span itemprop='name'>\u00ab Je voterais exactement de la m\u00eame mani\u00e8re \u00bb<\/span><\/span><\/span><\/article><article class='slide-entry flex_column  post-entry post-entry-6427 slide-entry-overview slide-loop-8 slide-parity-even  av_one_third  real-thumbnail post-format-standard'  itemscope=\"itemscope\" itemtype=\"https:\/\/schema.org\/BlogPosting\" itemprop=\"blogPost\" ><a href='https:\/\/influence.ch\/fr\/2025\/11\/27\/ctrl-alt-manipulation-lia-un-risque-pour-la-communication-politique\/' data-rel='slide-1' class='slide-image' title='Ctrl + Alt + Manipulation ? L&rsquo;IA, un risque pour la communication politique'><img decoding=\"async\" width=\"495\" height=\"400\" src=\"https:\/\/influence.ch\/wp-content\/uploads\/2022\/12\/influence_Verlaeufe_V01_1-495x400.png\" class=\"wp-image-522 avia-img-lazy-loading-not-522 attachment-portfolio size-portfolio wp-post-image\" alt=\"\" srcset=\"https:\/\/influence.ch\/wp-content\/uploads\/2022\/12\/influence_Verlaeufe_V01_1-495x400.png 495w, https:\/\/influence.ch\/wp-content\/uploads\/2022\/12\/influence_Verlaeufe_V01_1-845x684.png 845w\" sizes=\"(max-width: 495px) 100vw, 495px\" \/><\/a><div class=\"slide-content\"><header class=\"entry-content-header\"><h3 class='slide-entry-title entry-title '  itemprop=\"headline\" ><a href='https:\/\/influence.ch\/fr\/2025\/11\/27\/ctrl-alt-manipulation-lia-un-risque-pour-la-communication-politique\/' title='Ctrl + Alt + Manipulation ? L&rsquo;IA, un risque pour la communication politique'>Ctrl + Alt + Manipulation ? L&rsquo;IA, un risque pour la communication politique<\/a><\/h3><span class=\"av-vertical-delimiter\"><\/span><\/header><div class=\"slide-meta\"><time class='slide-meta-time updated'  itemprop=\"datePublished\" datetime=\"2025-11-27T13:27:40+01:00\" >27 novembre 2025<\/time><\/div><div class='slide-entry-excerpt entry-content'  itemprop=\"text\" >Ce que l'on peut d\u00e9duire pour la Suisse \u00e0 partir d'une \u00e9tude sur les Philippines.<\/div><\/div><footer class=\"entry-footer\"><\/footer><span class='hidden'>\n\t\t\t\t<span class='av-structured-data'  itemprop=\"image\" itemscope=\"itemscope\" itemtype=\"https:\/\/schema.org\/ImageObject\" >\n\t\t\t\t\t\t<span itemprop='url'>https:\/\/influence.ch\/wp-content\/uploads\/2022\/12\/influence_Verlaeufe_V01_1.png<\/span>\n\t\t\t\t\t\t<span itemprop='height'>2169<\/span>\n\t\t\t\t\t\t<span itemprop='width'>2442<\/span>\n\t\t\t\t<\/span>\n\t\t\t\t<span class='av-structured-data'  itemprop=\"publisher\" itemtype=\"https:\/\/schema.org\/Organization\" itemscope=\"itemscope\" >\n\t\t\t\t\t\t<span itemprop='name'>Matthias Halbeis<\/span>\n\t\t\t\t\t\t<span itemprop='logo' itemscope itemtype='https:\/\/schema.org\/ImageObject'>\n\t\t\t\t\t\t\t<span itemprop='url'>https:\/\/influence.ch\/wp-content\/uploads\/2025\/02\/influence_Logo_FR_weiss-1030x277.png<\/span>\n\t\t\t\t\t\t <\/span>\n\t\t\t\t<\/span><span class='av-structured-data'  itemprop=\"author\" itemscope=\"itemscope\" itemtype=\"https:\/\/schema.org\/Person\" ><span itemprop='name'>Matthias Halbeis<\/span><\/span><span class='av-structured-data'  itemprop=\"datePublished\" datetime=\"2025-02-27T08:30:45+01:00\" >2025-11-27 13:27:40<\/span><span class='av-structured-data'  itemprop=\"dateModified\" itemtype=\"https:\/\/schema.org\/dateModified\" >2025-11-27 15:23:51<\/span><span class='av-structured-data'  itemprop=\"mainEntityOfPage\" itemtype=\"https:\/\/schema.org\/mainEntityOfPage\" ><span itemprop='name'>Ctrl + Alt + Manipulation ? L&rsquo;IA, un risque pour la communication politique<\/span><\/span><\/span><\/article><article class='slide-entry flex_column  post-entry post-entry-5459 slide-entry-overview slide-loop-9 slide-parity-odd  post-entry-last  av_one_third  real-thumbnail post-format-standard'  itemscope=\"itemscope\" itemtype=\"https:\/\/schema.org\/BlogPosting\" itemprop=\"blogPost\" ><a href='https:\/\/influence.ch\/fr\/2025\/05\/26\/silicon-valley-quand-la-politique-se-decide-dans-des-chats-secrets\/' data-rel='slide-1' class='slide-image' title='La politique discut\u00e9e dans des chats secrets'><img decoding=\"async\" width=\"495\" height=\"400\" src=\"https:\/\/influence.ch\/wp-content\/uploads\/2022\/12\/influence_Verlaeufe_V01_7-495x400.png\" class=\"wp-image-529 avia-img-lazy-loading-not-529 attachment-portfolio size-portfolio wp-post-image\" alt=\"\" srcset=\"https:\/\/influence.ch\/wp-content\/uploads\/2022\/12\/influence_Verlaeufe_V01_7-495x400.png 495w, https:\/\/influence.ch\/wp-content\/uploads\/2022\/12\/influence_Verlaeufe_V01_7-845x684.png 845w\" sizes=\"(max-width: 495px) 100vw, 495px\" \/><\/a><div class=\"slide-content\"><header class=\"entry-content-header\"><h3 class='slide-entry-title entry-title '  itemprop=\"headline\" ><a href='https:\/\/influence.ch\/fr\/2025\/05\/26\/silicon-valley-quand-la-politique-se-decide-dans-des-chats-secrets\/' title='La politique discut\u00e9e dans des chats secrets'>La politique discut\u00e9e dans des chats secrets<\/a><\/h3><span class=\"av-vertical-delimiter\"><\/span><\/header><div class=\"slide-meta\"><div class=\"slide-meta-comments\"><a href='https:\/\/influence.ch\/fr\/2025\/05\/26\/silicon-valley-quand-la-politique-se-decide-dans-des-chats-secrets\/#respond'>0 Commentaires<\/a><\/div><div class=\"slide-meta-del\">\/<\/div><time class='slide-meta-time updated'  itemprop=\"datePublished\" datetime=\"2025-05-26T13:52:07+02:00\" >26 mai 2025<\/time><\/div><div class='slide-entry-excerpt entry-content'  itemprop=\"text\" >O\u00f9 les milliardaires de la tech d\u00e9battent de politique avec des repr\u00e9sentants politiques et des m\u00e9dias en toute discr\u00e9tion<\/div><\/div><footer class=\"entry-footer\"><\/footer><span class='hidden'>\n\t\t\t\t<span class='av-structured-data'  itemprop=\"image\" itemscope=\"itemscope\" itemtype=\"https:\/\/schema.org\/ImageObject\" >\n\t\t\t\t\t\t<span itemprop='url'>https:\/\/influence.ch\/wp-content\/uploads\/2022\/12\/influence_Verlaeufe_V01_7.png<\/span>\n\t\t\t\t\t\t<span itemprop='height'>2169<\/span>\n\t\t\t\t\t\t<span itemprop='width'>2442<\/span>\n\t\t\t\t<\/span>\n\t\t\t\t<span class='av-structured-data'  itemprop=\"publisher\" itemtype=\"https:\/\/schema.org\/Organization\" itemscope=\"itemscope\" >\n\t\t\t\t\t\t<span itemprop='name'>Matthias Halbeis<\/span>\n\t\t\t\t\t\t<span itemprop='logo' itemscope itemtype='https:\/\/schema.org\/ImageObject'>\n\t\t\t\t\t\t\t<span itemprop='url'>https:\/\/influence.ch\/wp-content\/uploads\/2025\/02\/influence_Logo_FR_weiss-1030x277.png<\/span>\n\t\t\t\t\t\t <\/span>\n\t\t\t\t<\/span><span class='av-structured-data'  itemprop=\"author\" itemscope=\"itemscope\" itemtype=\"https:\/\/schema.org\/Person\" ><span itemprop='name'>Matthias Halbeis<\/span><\/span><span class='av-structured-data'  itemprop=\"datePublished\" datetime=\"2025-02-27T08:30:45+01:00\" >2025-05-26 13:52:07<\/span><span class='av-structured-data'  itemprop=\"dateModified\" itemtype=\"https:\/\/schema.org\/dateModified\" >2025-05-28 10:17:44<\/span><span class='av-structured-data'  itemprop=\"mainEntityOfPage\" itemtype=\"https:\/\/schema.org\/mainEntityOfPage\" ><span itemprop='name'>La politique discut\u00e9e dans des chats secrets<\/span><\/span><\/span><\/article><\/div><\/div><div class='avia-slideshow-arrows avia-slideshow-controls' ><a href='#prev' class='prev-slide ' aria-hidden='true' data-av_icon='\ue87c' data-av_iconfont='entypo-fontello'  tabindex='-1'>Pr\u00e9c\u00e9dent<\/a><a href='#next' class='next-slide ' aria-hidden='true' data-av_icon='\ue87d' data-av_iconfont='entypo-fontello'  tabindex='-1'>Suivant<\/a><\/div><\/div>\n\n","protected":false},"excerpt":{"rendered":"<p>Une nouvelle \u00e9tude montre pourquoi l&rsquo;\u00e9lectorat ne demande pas moins de d\u00e9mocratie, mais une autre forme de celle-ci  <\/p>\n","protected":false},"author":6,"featured_media":522,"comment_status":"closed","ping_status":"closed","sticky":false,"template":"","format":"standard","meta":{"footnotes":""},"categories":[54],"tags":[],"class_list":["post-4684","post","type-post","status-publish","format-standard","has-post-thumbnail","hentry","category-politique"],"yoast_head":"<!-- This site is optimized with the Yoast SEO plugin v27.0 - https:\/\/yoast.com\/product\/yoast-seo-wordpress\/ -->\n<title>Ce que les \u00e9lecteurs des partis populistes veulent vraiment - influence powered by furrerhugi<\/title>\n<meta name=\"description\" content=\"Une nouvelle \u00e9tude montre pourquoi les populistes ne demandent pas moins de d\u00e9mocratie, mais une autre forme de celle-ci\" \/>\n<meta name=\"robots\" content=\"index, follow, max-snippet:-1, max-image-preview:large, max-video-preview:-1\" \/>\n<link rel=\"canonical\" href=\"https:\/\/influence.ch\/fr\/2025\/02\/27\/ce-que-veulent-vraiment-les-electeurs\/\" \/>\n<meta property=\"og:locale\" content=\"fr_FR\" \/>\n<meta property=\"og:type\" content=\"article\" \/>\n<meta property=\"og:title\" content=\"Ce que les \u00e9lecteurs des partis populistes veulent vraiment - influence powered by furrerhugi\" \/>\n<meta property=\"og:description\" content=\"Une nouvelle \u00e9tude montre pourquoi les populistes ne demandent pas moins de d\u00e9mocratie, mais une autre forme de celle-ci\" \/>\n<meta property=\"og:url\" content=\"https:\/\/influence.ch\/fr\/2025\/02\/27\/ce-que-veulent-vraiment-les-electeurs\/\" \/>\n<meta property=\"og:site_name\" content=\"influence powered by furrerhugi\" \/>\n<meta property=\"article:published_time\" content=\"2025-02-27T07:30:45+00:00\" \/>\n<meta property=\"article:modified_time\" content=\"2025-02-27T14:31:32+00:00\" \/>\n<meta property=\"og:image\" content=\"https:\/\/influence.ch\/wp-content\/uploads\/2025\/02\/shutterstock_2146950397-1030x686.png\" \/>\n\t<meta property=\"og:image:width\" content=\"1030\" \/>\n\t<meta property=\"og:image:height\" content=\"686\" \/>\n\t<meta property=\"og:image:type\" content=\"image\/png\" \/>\n<meta name=\"author\" content=\"Matthias Halbeis\" \/>\n<meta name=\"twitter:card\" content=\"summary_large_image\" \/>\n<meta name=\"twitter:image\" content=\"https:\/\/influence.ch\/wp-content\/uploads\/2025\/02\/shutterstock_2146950397.png\" \/>\n<meta name=\"twitter:label1\" content=\"\u00c9crit par\" \/>\n\t<meta name=\"twitter:data1\" content=\"Matthias Halbeis\" \/>\n\t<meta name=\"twitter:label2\" content=\"Dur\u00e9e de lecture estim\u00e9e\" \/>\n\t<meta name=\"twitter:data2\" content=\"10 minutes\" \/>\n<script type=\"application\/ld+json\" class=\"yoast-schema-graph\">{\"@context\":\"https:\/\/schema.org\",\"@graph\":[{\"@type\":\"Article\",\"@id\":\"https:\/\/influence.ch\/fr\/2025\/02\/27\/ce-que-veulent-vraiment-les-electeurs\/#article\",\"isPartOf\":{\"@id\":\"https:\/\/influence.ch\/fr\/2025\/02\/27\/ce-que-veulent-vraiment-les-electeurs\/\"},\"author\":{\"name\":\"Matthias Halbeis\",\"@id\":\"https:\/\/influence.ch\/#\/schema\/person\/718772fa81c4a1af46e0ac0e0e3036b0\"},\"headline\":\"Ce que les \u00e9lecteurs des partis populistes veulent vraiment\",\"datePublished\":\"2025-02-27T07:30:45+00:00\",\"dateModified\":\"2025-02-27T14:31:32+00:00\",\"mainEntityOfPage\":{\"@id\":\"https:\/\/influence.ch\/fr\/2025\/02\/27\/ce-que-veulent-vraiment-les-electeurs\/\"},\"wordCount\":2941,\"image\":{\"@id\":\"https:\/\/influence.ch\/fr\/2025\/02\/27\/ce-que-veulent-vraiment-les-electeurs\/#primaryimage\"},\"thumbnailUrl\":\"https:\/\/influence.ch\/wp-content\/uploads\/2022\/12\/influence_Verlaeufe_V01_1.png\",\"articleSection\":[\"Politique\"],\"inLanguage\":\"fr-FR\"},{\"@type\":\"WebPage\",\"@id\":\"https:\/\/influence.ch\/fr\/2025\/02\/27\/ce-que-veulent-vraiment-les-electeurs\/\",\"url\":\"https:\/\/influence.ch\/fr\/2025\/02\/27\/ce-que-veulent-vraiment-les-electeurs\/\",\"name\":\"Ce que les \u00e9lecteurs des partis populistes veulent vraiment - influence powered by furrerhugi\",\"isPartOf\":{\"@id\":\"https:\/\/influence.ch\/#website\"},\"primaryImageOfPage\":{\"@id\":\"https:\/\/influence.ch\/fr\/2025\/02\/27\/ce-que-veulent-vraiment-les-electeurs\/#primaryimage\"},\"image\":{\"@id\":\"https:\/\/influence.ch\/fr\/2025\/02\/27\/ce-que-veulent-vraiment-les-electeurs\/#primaryimage\"},\"thumbnailUrl\":\"https:\/\/influence.ch\/wp-content\/uploads\/2022\/12\/influence_Verlaeufe_V01_1.png\",\"datePublished\":\"2025-02-27T07:30:45+00:00\",\"dateModified\":\"2025-02-27T14:31:32+00:00\",\"author\":{\"@id\":\"https:\/\/influence.ch\/#\/schema\/person\/718772fa81c4a1af46e0ac0e0e3036b0\"},\"description\":\"Une nouvelle \u00e9tude montre pourquoi les populistes ne demandent pas moins de d\u00e9mocratie, mais une autre forme de celle-ci\",\"breadcrumb\":{\"@id\":\"https:\/\/influence.ch\/fr\/2025\/02\/27\/ce-que-veulent-vraiment-les-electeurs\/#breadcrumb\"},\"inLanguage\":\"fr-FR\",\"potentialAction\":[{\"@type\":\"ReadAction\",\"target\":[\"https:\/\/influence.ch\/fr\/2025\/02\/27\/ce-que-veulent-vraiment-les-electeurs\/\"]}]},{\"@type\":\"ImageObject\",\"inLanguage\":\"fr-FR\",\"@id\":\"https:\/\/influence.ch\/fr\/2025\/02\/27\/ce-que-veulent-vraiment-les-electeurs\/#primaryimage\",\"url\":\"https:\/\/influence.ch\/wp-content\/uploads\/2022\/12\/influence_Verlaeufe_V01_1.png\",\"contentUrl\":\"https:\/\/influence.ch\/wp-content\/uploads\/2022\/12\/influence_Verlaeufe_V01_1.png\",\"width\":2442,\"height\":2169},{\"@type\":\"BreadcrumbList\",\"@id\":\"https:\/\/influence.ch\/fr\/2025\/02\/27\/ce-que-veulent-vraiment-les-electeurs\/#breadcrumb\",\"itemListElement\":[{\"@type\":\"ListItem\",\"position\":1,\"name\":\"Startseite\",\"item\":\"https:\/\/influence.ch\/fr\/influence\/\"},{\"@type\":\"ListItem\",\"position\":2,\"name\":\"Ce que les \u00e9lecteurs des partis populistes veulent vraiment\"}]},{\"@type\":\"WebSite\",\"@id\":\"https:\/\/influence.ch\/#website\",\"url\":\"https:\/\/influence.ch\/\",\"name\":\"influence powered by furrerhugi\",\"description\":\"Vorsprung durch Wissen\",\"potentialAction\":[{\"@type\":\"SearchAction\",\"target\":{\"@type\":\"EntryPoint\",\"urlTemplate\":\"https:\/\/influence.ch\/?s={search_term_string}\"},\"query-input\":{\"@type\":\"PropertyValueSpecification\",\"valueRequired\":true,\"valueName\":\"search_term_string\"}}],\"inLanguage\":\"fr-FR\"},{\"@type\":\"Person\",\"@id\":\"https:\/\/influence.ch\/#\/schema\/person\/718772fa81c4a1af46e0ac0e0e3036b0\",\"name\":\"Matthias Halbeis\",\"image\":{\"@type\":\"ImageObject\",\"inLanguage\":\"fr-FR\",\"@id\":\"https:\/\/influence.ch\/#\/schema\/person\/image\/\",\"url\":\"https:\/\/secure.gravatar.com\/avatar\/39299fbf392ef1a46bba124b38dd0a8d3f9f6634aa745b33735180018def6132?s=96&d=mm&r=g\",\"contentUrl\":\"https:\/\/secure.gravatar.com\/avatar\/39299fbf392ef1a46bba124b38dd0a8d3f9f6634aa745b33735180018def6132?s=96&d=mm&r=g\",\"caption\":\"Matthias Halbeis\"},\"url\":\"https:\/\/influence.ch\/fr\/author\/matthias-halbeis\/\"}]}<\/script>\n<!-- \/ Yoast SEO plugin. -->","yoast_head_json":{"title":"Ce que les \u00e9lecteurs des partis populistes veulent vraiment - influence powered by furrerhugi","description":"Une nouvelle \u00e9tude montre pourquoi les populistes ne demandent pas moins de d\u00e9mocratie, mais une autre forme de celle-ci","robots":{"index":"index","follow":"follow","max-snippet":"max-snippet:-1","max-image-preview":"max-image-preview:large","max-video-preview":"max-video-preview:-1"},"canonical":"https:\/\/influence.ch\/fr\/2025\/02\/27\/ce-que-veulent-vraiment-les-electeurs\/","og_locale":"fr_FR","og_type":"article","og_title":"Ce que les \u00e9lecteurs des partis populistes veulent vraiment - influence powered by furrerhugi","og_description":"Une nouvelle \u00e9tude montre pourquoi les populistes ne demandent pas moins de d\u00e9mocratie, mais une autre forme de celle-ci","og_url":"https:\/\/influence.ch\/fr\/2025\/02\/27\/ce-que-veulent-vraiment-les-electeurs\/","og_site_name":"influence powered by furrerhugi","article_published_time":"2025-02-27T07:30:45+00:00","article_modified_time":"2025-02-27T14:31:32+00:00","og_image":[{"width":1030,"height":686,"url":"https:\/\/influence.ch\/wp-content\/uploads\/2025\/02\/shutterstock_2146950397-1030x686.png","type":"image\/png"}],"author":"Matthias Halbeis","twitter_card":"summary_large_image","twitter_image":"https:\/\/influence.ch\/wp-content\/uploads\/2025\/02\/shutterstock_2146950397.png","twitter_misc":{"\u00c9crit par":"Matthias Halbeis","Dur\u00e9e de lecture estim\u00e9e":"10 minutes"},"schema":{"@context":"https:\/\/schema.org","@graph":[{"@type":"Article","@id":"https:\/\/influence.ch\/fr\/2025\/02\/27\/ce-que-veulent-vraiment-les-electeurs\/#article","isPartOf":{"@id":"https:\/\/influence.ch\/fr\/2025\/02\/27\/ce-que-veulent-vraiment-les-electeurs\/"},"author":{"name":"Matthias Halbeis","@id":"https:\/\/influence.ch\/#\/schema\/person\/718772fa81c4a1af46e0ac0e0e3036b0"},"headline":"Ce que les \u00e9lecteurs des partis populistes veulent vraiment","datePublished":"2025-02-27T07:30:45+00:00","dateModified":"2025-02-27T14:31:32+00:00","mainEntityOfPage":{"@id":"https:\/\/influence.ch\/fr\/2025\/02\/27\/ce-que-veulent-vraiment-les-electeurs\/"},"wordCount":2941,"image":{"@id":"https:\/\/influence.ch\/fr\/2025\/02\/27\/ce-que-veulent-vraiment-les-electeurs\/#primaryimage"},"thumbnailUrl":"https:\/\/influence.ch\/wp-content\/uploads\/2022\/12\/influence_Verlaeufe_V01_1.png","articleSection":["Politique"],"inLanguage":"fr-FR"},{"@type":"WebPage","@id":"https:\/\/influence.ch\/fr\/2025\/02\/27\/ce-que-veulent-vraiment-les-electeurs\/","url":"https:\/\/influence.ch\/fr\/2025\/02\/27\/ce-que-veulent-vraiment-les-electeurs\/","name":"Ce que les \u00e9lecteurs des partis populistes veulent vraiment - influence powered by furrerhugi","isPartOf":{"@id":"https:\/\/influence.ch\/#website"},"primaryImageOfPage":{"@id":"https:\/\/influence.ch\/fr\/2025\/02\/27\/ce-que-veulent-vraiment-les-electeurs\/#primaryimage"},"image":{"@id":"https:\/\/influence.ch\/fr\/2025\/02\/27\/ce-que-veulent-vraiment-les-electeurs\/#primaryimage"},"thumbnailUrl":"https:\/\/influence.ch\/wp-content\/uploads\/2022\/12\/influence_Verlaeufe_V01_1.png","datePublished":"2025-02-27T07:30:45+00:00","dateModified":"2025-02-27T14:31:32+00:00","author":{"@id":"https:\/\/influence.ch\/#\/schema\/person\/718772fa81c4a1af46e0ac0e0e3036b0"},"description":"Une nouvelle \u00e9tude montre pourquoi les populistes ne demandent pas moins de d\u00e9mocratie, mais une autre forme de celle-ci","breadcrumb":{"@id":"https:\/\/influence.ch\/fr\/2025\/02\/27\/ce-que-veulent-vraiment-les-electeurs\/#breadcrumb"},"inLanguage":"fr-FR","potentialAction":[{"@type":"ReadAction","target":["https:\/\/influence.ch\/fr\/2025\/02\/27\/ce-que-veulent-vraiment-les-electeurs\/"]}]},{"@type":"ImageObject","inLanguage":"fr-FR","@id":"https:\/\/influence.ch\/fr\/2025\/02\/27\/ce-que-veulent-vraiment-les-electeurs\/#primaryimage","url":"https:\/\/influence.ch\/wp-content\/uploads\/2022\/12\/influence_Verlaeufe_V01_1.png","contentUrl":"https:\/\/influence.ch\/wp-content\/uploads\/2022\/12\/influence_Verlaeufe_V01_1.png","width":2442,"height":2169},{"@type":"BreadcrumbList","@id":"https:\/\/influence.ch\/fr\/2025\/02\/27\/ce-que-veulent-vraiment-les-electeurs\/#breadcrumb","itemListElement":[{"@type":"ListItem","position":1,"name":"Startseite","item":"https:\/\/influence.ch\/fr\/influence\/"},{"@type":"ListItem","position":2,"name":"Ce que les \u00e9lecteurs des partis populistes veulent vraiment"}]},{"@type":"WebSite","@id":"https:\/\/influence.ch\/#website","url":"https:\/\/influence.ch\/","name":"influence powered by furrerhugi","description":"Vorsprung durch Wissen","potentialAction":[{"@type":"SearchAction","target":{"@type":"EntryPoint","urlTemplate":"https:\/\/influence.ch\/?s={search_term_string}"},"query-input":{"@type":"PropertyValueSpecification","valueRequired":true,"valueName":"search_term_string"}}],"inLanguage":"fr-FR"},{"@type":"Person","@id":"https:\/\/influence.ch\/#\/schema\/person\/718772fa81c4a1af46e0ac0e0e3036b0","name":"Matthias Halbeis","image":{"@type":"ImageObject","inLanguage":"fr-FR","@id":"https:\/\/influence.ch\/#\/schema\/person\/image\/","url":"https:\/\/secure.gravatar.com\/avatar\/39299fbf392ef1a46bba124b38dd0a8d3f9f6634aa745b33735180018def6132?s=96&d=mm&r=g","contentUrl":"https:\/\/secure.gravatar.com\/avatar\/39299fbf392ef1a46bba124b38dd0a8d3f9f6634aa745b33735180018def6132?s=96&d=mm&r=g","caption":"Matthias Halbeis"},"url":"https:\/\/influence.ch\/fr\/author\/matthias-halbeis\/"}]}},"_links":{"self":[{"href":"https:\/\/influence.ch\/fr\/wp-json\/wp\/v2\/posts\/4684","targetHints":{"allow":["GET"]}}],"collection":[{"href":"https:\/\/influence.ch\/fr\/wp-json\/wp\/v2\/posts"}],"about":[{"href":"https:\/\/influence.ch\/fr\/wp-json\/wp\/v2\/types\/post"}],"author":[{"embeddable":true,"href":"https:\/\/influence.ch\/fr\/wp-json\/wp\/v2\/users\/6"}],"replies":[{"embeddable":true,"href":"https:\/\/influence.ch\/fr\/wp-json\/wp\/v2\/comments?post=4684"}],"version-history":[{"count":8,"href":"https:\/\/influence.ch\/fr\/wp-json\/wp\/v2\/posts\/4684\/revisions"}],"predecessor-version":[{"id":4872,"href":"https:\/\/influence.ch\/fr\/wp-json\/wp\/v2\/posts\/4684\/revisions\/4872"}],"wp:featuredmedia":[{"embeddable":true,"href":"https:\/\/influence.ch\/fr\/wp-json\/wp\/v2\/media\/522"}],"wp:attachment":[{"href":"https:\/\/influence.ch\/fr\/wp-json\/wp\/v2\/media?parent=4684"}],"wp:term":[{"taxonomy":"category","embeddable":true,"href":"https:\/\/influence.ch\/fr\/wp-json\/wp\/v2\/categories?post=4684"},{"taxonomy":"post_tag","embeddable":true,"href":"https:\/\/influence.ch\/fr\/wp-json\/wp\/v2\/tags?post=4684"}],"curies":[{"name":"wp","href":"https:\/\/api.w.org\/{rel}","templated":true}]}}