{"id":4680,"date":"2025-02-27T08:31:27","date_gmt":"2025-02-27T07:31:27","guid":{"rendered":"https:\/\/influence.ch\/?p=4680"},"modified":"2025-02-27T12:58:23","modified_gmt":"2025-02-27T11:58:23","slug":"un-initie-decede-determine-laction","status":"publish","type":"post","link":"https:\/\/influence.ch\/fr\/2025\/02\/27\/un-initie-decede-determine-laction\/","title":{"rendered":"Un initi\u00e9 d\u00e9c\u00e9d\u00e9 d\u00e9termine l&rsquo;action"},"content":{"rendered":"\n<style type=\"text\/css\" data-created_by=\"avia_inline_auto\" id=\"style-css-av-37s3-dc5ab0bdae0e6b1e5284627a5833266b\">\n.avia-section.av-37s3-dc5ab0bdae0e6b1e5284627a5833266b{\nmargin-top:20px;\nmargin-bottom:20px;\n}\n<\/style>\n<div id='av_section_1'  class='avia-section av-37s3-dc5ab0bdae0e6b1e5284627a5833266b main_color avia-section-default avia-no-border-styling  avia-builder-el-0  el_before_av_section  avia-builder-el-first  head_komm avia-bg-style-scroll container_wrap fullsize'  ><div class='container av-section-cont-open' ><main  role=\"main\" itemprop=\"mainContentOfPage\"  class='template-page content  av-content-full alpha units'><div class='post-entry post-entry-type-page post-entry-4680'><div class='entry-content-wrapper clearfix'>\n\n<style type=\"text\/css\" data-created_by=\"avia_inline_auto\" id=\"style-css-av-ll3dnv6h-4148c811db292f0b98b5ef1a1b585ab3\">\n#top .hr.hr-invisible.av-ll3dnv6h-4148c811db292f0b98b5ef1a1b585ab3{\nheight:40px;\n}\n<\/style>\n<div  class='hr av-ll3dnv6h-4148c811db292f0b98b5ef1a1b585ab3 hr-invisible  avia-builder-el-1  el_before_av_post_metadata  avia-builder-el-first '><span class='hr-inner '><span class=\"hr-inner-style\"><\/span><\/span><\/div>\n\n<style type=\"text\/css\" data-created_by=\"avia_inline_auto\" id=\"style-css-av-ll2bygrq-a1a13b3da260d9c9d49905a783ae5cc5\">\n#top .av-post-metadata-container.av-ll2bygrq-a1a13b3da260d9c9d49905a783ae5cc5{\ncolor:#ffffff;\nfont-size:22px;\n}\n#top .av-post-metadata-container.av-ll2bygrq-a1a13b3da260d9c9d49905a783ae5cc5 .av-post-metadata-container-inner{\nfont-size:22px;\n}\n<\/style>\n<div  id=\"author\"  class='av-post-metadata-container av-ll2bygrq-a1a13b3da260d9c9d49905a783ae5cc5 av-metadata-container-align-left  avia-builder-el-2  el_after_av_hr  el_before_av_one_full  av-desktop-hide av-medium-hide av-small-hide av-mini-hide av-metadata-container-1'><div class='av-post-metadata-container-inner'><span class=\"av-post-metadata-content av-post-metadata-meta-content\"><span class=\"av-post-metadata-content av-post-metadata-category\"><span class=\"av-post-metadata-category-link\" ><a href=\"https:\/\/influence.ch\/fr\/category\/la-politique-au-cinema\/\" >La politique au cin\u00e9ma<\/a><\/span><\/span><\/span><\/div><\/div>\n<div class='flex_column av-580n-a0c99beb2a1882896586deb18bcf5405 av_one_full  avia-builder-el-3  el_after_av_post_metadata  el_before_av_post_metadata  first flex_column_div '     ><style type=\"text\/css\" data-created_by=\"avia_inline_auto\" id=\"style-css-av-lajol5k3-bcabd5439ce39e62158db334b9b99d68\">\n#top .av_textblock_section.av-lajol5k3-bcabd5439ce39e62158db334b9b99d68 .avia_textblock{\ncolor:#ffffff;\n}\n<\/style>\n<section  class='av_textblock_section av-lajol5k3-bcabd5439ce39e62158db334b9b99d68'  itemscope=\"itemscope\" itemtype=\"https:\/\/schema.org\/BlogPosting\" itemprop=\"blogPost\" ><div class='avia_textblock av_inherit_color'  itemprop=\"text\" ><h1 style=\"text-align: center;\"><\/h1>\n<h1 style=\"text-align: center;\">Un insider d\u00e9c\u00e9d\u00e9 qui d\u00e9termine l&rsquo;action<\/h1>\n<p style=\"text-align: center;\">La politique au cin\u00e9ma #12 : comment le pape se r\u00e9v\u00e8le \u00e0 titre posthume \u00eatre un g\u00e9nial strat\u00e8ge de campagne dans \u00ab Conclave \u00bb.<\/p>\n<\/div><\/section><\/div>\n<style type=\"text\/css\" data-created_by=\"avia_inline_auto\" id=\"style-css-av-kqp-d3340c463e9779d9fb5e4297bb48a84f\">\n#top .av-post-metadata-container.av-kqp-d3340c463e9779d9fb5e4297bb48a84f{\ncolor:#ffffff;\n}\n<\/style>\n<div  id=\"author\"  class='av-post-metadata-container av-kqp-d3340c463e9779d9fb5e4297bb48a84f av-metadata-container-align-left  avia-builder-el-5  el_after_av_one_full  el_before_av_hr  av-desktop-hide av-medium-hide av-small-hide av-mini-hide av-metadata-container-2'><div class='av-post-metadata-container-inner'><span class=\"av-post-metadata-content av-post-metadata-meta-content\"><span class=\"av-post-metadata-content av-post-metadata-author\"  itemprop=\"author\" ><span class=\"av-post-metadata-author-link\" ><a href=\"https:\/\/influence.ch\/fr\/author\/meier-halbeis\/\"  rel=\"author\">Thomas Meier &amp; Matthias Halbeis<\/a><\/span><\/span><\/span><\/div><\/div>\n\n<style type=\"text\/css\" data-created_by=\"avia_inline_auto\" id=\"style-css-av-3rkb-5af53ac747b34df56e11174e8e22e573\">\n#top .hr.hr-invisible.av-3rkb-5af53ac747b34df56e11174e8e22e573{\nheight:40px;\n}\n<\/style>\n<div  class='hr av-3rkb-5af53ac747b34df56e11174e8e22e573 hr-invisible  avia-builder-el-6  el_after_av_post_metadata  avia-builder-el-last '><span class='hr-inner '><span class=\"hr-inner-style\"><\/span><\/span><\/div>\n<\/div><\/div><\/main><!-- close content main element --><\/div><\/div><div id='av_section_2'  class='avia-section av-4nqx-1f9ea2e9ed6a23cc856f96335c63c817 main_color avia-section-default avia-no-border-styling  avia-builder-el-7  el_after_av_section  el_before_av_section  post-inhalt avia-bg-style-scroll container_wrap fullsize'  ><div class='container av-section-cont-open' ><div class='template-page content  av-content-full alpha units'><div class='post-entry post-entry-type-page post-entry-4680'><div class='entry-content-wrapper clearfix'>\n\n<style type=\"text\/css\" data-created_by=\"avia_inline_auto\" id=\"style-css-av-ll2diep3-4379f21ceadb0c1eabec389020991252\">\n#top .av-post-metadata-container.av-ll2diep3-4379f21ceadb0c1eabec389020991252{\ncolor:#000000;\nfont-size:16px;\n}\n#top .av-post-metadata-container.av-ll2diep3-4379f21ceadb0c1eabec389020991252 .av-post-metadata-container-inner{\nfont-size:16px;\n}\n<\/style>\n<div  id=\"author\"  class='av-post-metadata-container av-ll2diep3-4379f21ceadb0c1eabec389020991252 av-metadata-container-align-left  avia-builder-el-8  el_before_av_hr  avia-builder-el-first  av-metadata-container-3'><div class='av-post-metadata-container-inner'><span class=\"av-post-metadata-content av-post-metadata-meta-content\"><span class=\"av-post-metadata-content av-post-metadata-published\"><span class=\"av-post-metadata-published-date\" >27 f\u00e9vrier 2025<\/span><span class=\"av-metadata-after av-metadata-after-published\">|<\/span><\/span><span class=\"av-post-metadata-content av-post-metadata-separator\"><\/span><span class=\"av-post-metadata-content av-post-metadata-author\"  itemprop=\"author\" ><span class=\"av-post-metadata-author-link\" ><a href=\"https:\/\/influence.ch\/fr\/author\/meier-halbeis\/\"  rel=\"author\">Thomas Meier &amp; Matthias Halbeis<\/a><\/span><span class=\"av-metadata-after av-metadata-after-author\">|<\/span><\/span><span class=\"av-post-metadata-content av-post-metadata-separator\"><\/span><span class=\"av-post-metadata-content av-post-metadata-category\"><span class=\"av-post-metadata-category-link\" ><a href=\"https:\/\/influence.ch\/fr\/category\/la-politique-au-cinema\/\" >La politique au cin\u00e9ma<\/a><\/span><\/span><\/span><\/div><\/div>\n\n<style type=\"text\/css\" data-created_by=\"avia_inline_auto\" id=\"style-css-av-ll2cb0de-1618aeaa710f9714e67c07fd3b765e06\">\n#top .hr.hr-invisible.av-ll2cb0de-1618aeaa710f9714e67c07fd3b765e06{\nheight:10px;\n}\n<\/style>\n<div  class='hr av-ll2cb0de-1618aeaa710f9714e67c07fd3b765e06 hr-invisible  avia-builder-el-9  el_after_av_post_metadata  el_before_av_image '><span class='hr-inner '><span class=\"hr-inner-style\"><\/span><\/span><\/div>\n\n<style type=\"text\/css\" data-created_by=\"avia_inline_auto\" id=\"style-css-av-lqf7se0u-2d62275d54e9dcc41ae4ca274d628e88\">\n.avia-image-container.av-lqf7se0u-2d62275d54e9dcc41ae4ca274d628e88 img.avia_image{\nbox-shadow:none;\n}\n.avia-image-container.av-lqf7se0u-2d62275d54e9dcc41ae4ca274d628e88 .av-image-caption-overlay-center{\ncolor:#ffffff;\n}\n<\/style>\n<div  class='avia-image-container av-lqf7se0u-2d62275d54e9dcc41ae4ca274d628e88 av-styling- avia-align-center  avia-builder-el-10  el_after_av_hr  el_before_av_textblock '   itemprop=\"image\" itemscope=\"itemscope\" itemtype=\"https:\/\/schema.org\/ImageObject\" ><div class=\"avia-image-container-inner\"><div class=\"avia-image-overlay-wrap\"><img decoding=\"async\" class='wp-image-4668 avia-img-lazy-loading-not-4668 avia_image ' src=\"https:\/\/influence.ch\/wp-content\/uploads\/2025\/02\/conclave.jpeg\" alt='' title='CONCLAVE (2024)'  height=\"787\" width=\"1400\"  itemprop=\"thumbnailUrl\" srcset=\"https:\/\/influence.ch\/wp-content\/uploads\/2025\/02\/conclave.jpeg 1400w, https:\/\/influence.ch\/wp-content\/uploads\/2025\/02\/conclave-300x169.jpeg 300w, https:\/\/influence.ch\/wp-content\/uploads\/2025\/02\/conclave-1030x579.jpeg 1030w, https:\/\/influence.ch\/wp-content\/uploads\/2025\/02\/conclave-768x432.jpeg 768w, https:\/\/influence.ch\/wp-content\/uploads\/2025\/02\/conclave-889x500.jpeg 889w\" sizes=\"(max-width: 1400px) 100vw, 1400px\" \/><\/div><\/div><\/div>\n\n<style type=\"text\/css\" data-created_by=\"avia_inline_auto\" id=\"style-css-av-2q8z-01ad5e0b5f31c74fd38e79a60fc3cd1d\">\n#top .av_textblock_section.av-2q8z-01ad5e0b5f31c74fd38e79a60fc3cd1d .avia_textblock{\nfont-size:22px;\n}\n<\/style>\n<section  class='av_textblock_section av-2q8z-01ad5e0b5f31c74fd38e79a60fc3cd1d'  itemscope=\"itemscope\" itemtype=\"https:\/\/schema.org\/BlogPosting\" itemprop=\"blogPost\" ><div class='avia_textblock'  itemprop=\"text\" ><p style=\"font-weight: 400; text-align: center;\"><strong>Conclave<\/strong><br \/>\nUSA 2024, de Edward Berger, avec Ralph Fiennes, Stanley Tucci, John Lithgow et Isabella Rossellini.<\/p>\n<p><strong style=\"font-weight: 400;\">Spoiler-Alert <\/strong><br \/>\nApr\u00e8s la mort du pape, les cardinaux \u00e9lisent son successeur. Le cardinal Lawrence, en tant que doyen des cardinaux, pr\u00e9side le conclave. Les favoris sont le lib\u00e9ral Bellini, qui souhaite poursuivre la politique de son pr\u00e9d\u00e9cesseur, le traditionaliste Tedesco, le Nig\u00e9rian Adeyemi \u00e0 la morale sexuelle conservatrice et Tremblay de Boston, dont l&rsquo;int\u00e9r\u00eat semble se porter en premier lieu sur sa carri\u00e8re. A la derni\u00e8re minute, Benitez arrive de Kaboul, nomm\u00e9 cardinal par le pape il y a un an seulement \u00ab in pectore\u00a0\u00bb, c&rsquo;est-\u00e0-dire en secret.<\/p>\n<p>Plusieurs favoris tr\u00e9buchent sur leurs ant\u00e9c\u00e9dents et sont \u00e9limin\u00e9s de la course, si bien que Lawrence atteint lui-m\u00eame entre-temps un nombre \u00e9lev\u00e9 de voix. Un attentat-suicide dans les environs de la basilique Saint-Pierre \u00e9branle la chapelle Sixtine, l&rsquo;occasion pour Tedesco de lancer une tirade anti-islam. Le contre-discours de Benitez en faveur de la tol\u00e9rance et contre la violence le promeut finalement au Saint-Si\u00e8ge. Au fur et \u00e0 mesure que le film avance, il devient de plus en plus \u00e9vident que le pape, sachant que sa mort \u00e9tait imminente, avait minutieusement planifi\u00e9 l&rsquo;\u00e9lection de Benitez, en connaissance de son intersexualit\u00e9, qui sera r\u00e9v\u00e9l\u00e9e dans les derni\u00e8res sc\u00e8nes.<\/p>\n<p><b>A voir pour<br \/>\n<\/b>Un polar \u00e9lectoral plein de rebondissements inattendus, un casting impressionnant de personnages en robe pourpre et une mise en sc\u00e8ne visuellement \u00e9poustouflante de faste et de jeux de chambre au Vatican.<\/p>\n<p><b>Strat\u00e9gie gagnante<br \/>\n<\/b>Le pape qui vient de mourir avait marqu\u00e9 de mani\u00e8re d\u00e9cisive la constellation personnelle, d&rsquo;une part en d\u00e9finissant qui deviendrait cardinal et disposerait ainsi du droit de vote et d&rsquo;\u00e9ligibilit\u00e9, d&rsquo;autre part en nommant \u00e0 la t\u00eate du Coll\u00e8ge des Cardinaux un homme de confiance int\u00e8gre et humble, dot\u00e9 de capacit\u00e9s de gestion. De m\u00eame, le pape \u00e9limine \u00e0 titre posthume les candidats ind\u00e9sirables en ayant r\u00e9uni des preuves de leurs crimes et en faisant venir au Vatican une personne qui provoque un esclandre au moment opportun.<\/p>\n<p>Le vieux pape avait utilis\u00e9 avec un maximum d&rsquo;efficacit\u00e9 les ressources dont il disposait : son pouvoir de d\u00e9cision en mati\u00e8re de personnel, la connaissance des CV de tous les candidats et l&rsquo;acc\u00e8s aux locaux du conclave. Ces moyens sont d&rsquo;autant plus efficaces qu&rsquo;il est extr\u00eamement difficile d&rsquo;influencer de l&rsquo;ext\u00e9rieur les cardinaux isol\u00e9s, le seul moyen pour le monde ext\u00e9rieur d&rsquo;entrer bri\u00e8vement dans la chapelle Sixtine \u00e9tant l&rsquo;attentat \u00e0 la bombe. Lorsqu&rsquo;un cardinal tente d&rsquo;utiliser cet \u00e9v\u00e9nement \u00e0 son avantage, un opposant tr\u00e8s r\u00e9actif est tout de suite promu \u00e0 la papaut\u00e9.<\/p>\n<p>Mais le privil\u00e8ge de l&rsquo;\u00e9lection \u00e0 vie semble \u00e9galement \u00eatre un avantage d\u00e9cisif pour le pape : contrairement \u00e0 d&rsquo;autres hommes politiques, il n&rsquo;a pas besoin de consacrer du temps et de l&rsquo;attention \u00e0 la mani\u00e8re de rester en fonction le plus longtemps possible et de bien organiser sa retraite \u00e0 un moment donn\u00e9, ni de planifier sa carri\u00e8re pour l&rsquo;apr\u00e8s.<\/p>\n<p><b>Strat\u00e9gie infructueuse<br \/>\n<\/b>Les cardinaux qui partent en conclave en tant que favoris tentent de se d\u00e9marquer par leur positionnement de fond et leur identit\u00e9 : le lib\u00e9ral, le conservateur, le mod\u00e9r\u00e9, le premier Africain. Mais cela ne leur sert \u00e0 rien contre les pi\u00e8ges que le pape leur a tendus.<\/p>\n<p><b>Comment la politique est-elle pr\u00e9sent\u00e9e ?<br \/>\n<\/b>Les cardinaux du conclave ont certes tous r\u00e9fl\u00e9chi au nom qu&rsquo;ils souhaitent adopter apr\u00e8s l&rsquo;\u00e9lection, mais personne ne veut vraiment devenir pape. Les aspirants veulent simplement que l&rsquo;\u00c9glise prenne ou conserve une certaine direction, que quelqu&rsquo;un d&rsquo;autre soit emp\u00each\u00e9 ou qu&rsquo;un continent ait son premier pape. Les \u00e9lections ressemblent \u00e0 un polar, les candidats apparaissent et disparaissent, inexorablement, mais aussi de mani\u00e8re inattendue, les \u00e9v\u00e9nements suivent leur cours dans le d\u00e9roulement hautement codifi\u00e9 de la chapelle Sixtine, conform\u00e9ment au sc\u00e9nario du d\u00e9funt pr\u00e9d\u00e9cesseur.<\/p>\n<p><b>Th\u00e8mes<br \/>\n<\/b>Campagne \u00e9lectorale, \u00c9glise<\/p>\n<p><b>Citation<br \/>\n<\/b>\u00abThis is a conclave, not a war!\u00bb \u2013 \u00abIt is a war, and you have to take sides.\u00bb<\/p>\n<p><iframe loading=\"lazy\" title=\"Lecteur vid\u00e9o YouTube\" src=\"https:\/\/www.youtube.com\/embed\/Hfen5__k4oo?si=vm0QyF9l8lRCLCY5\" width=\"560\" height=\"315\" frameborder=\"0\" allowfullscreen=\"allowfullscreen\"><\/iframe><\/p>\n<\/div><\/section>\n<\/p>\n<\/div><\/div><\/div><!-- close content main div --><\/div><\/div>\n<style type=\"text\/css\" data-created_by=\"avia_inline_auto\" id=\"style-css-av-fbiot-f1ec76308f4d06aba266faf19bdf7526\">\n.avia-section.av-fbiot-f1ec76308f4d06aba266faf19bdf7526{\nbackground-color:#ededed;\nbackground-image:unset;\n}\n<\/style>\n<div id='av_section_3'  class='avia-section av-fbiot-f1ec76308f4d06aba266faf19bdf7526 main_color avia-section-default avia-no-border-styling  avia-builder-el-12  el_after_av_section  avia-builder-el-last  post_slider avia-bg-style-scroll container_wrap fullsize'  ><div class='container av-section-cont-open' ><div class='template-page content  av-content-full alpha units'><div class='post-entry post-entry-type-page post-entry-4680'><div class='entry-content-wrapper clearfix'>\n<div  data-slideshow-options=\"{&quot;animation&quot;:&quot;fade&quot;,&quot;autoplay&quot;:false,&quot;loop_autoplay&quot;:&quot;once&quot;,&quot;interval&quot;:&quot;5&quot;,&quot;loop_manual&quot;:&quot;manual-endless&quot;,&quot;autoplay_stopper&quot;:false,&quot;noNavigation&quot;:false,&quot;show_slide_delay&quot;:90}\" class='avia-content-slider avia-content-slider-active avia-content-slider1 avia-content-slider-odd  avia-builder-el-13  avia-builder-el-no-sibling  av-slideshow-ui av-control-default   av-no-slider-navigation av-slideshow-manual av-loop-once av-loop-manual-endless '  itemscope=\"itemscope\" itemtype=\"https:\/\/schema.org\/Blog\" ><div class=\"avia-content-slider-inner\"><div class=\"slide-entry-wrap\"><article class='slide-entry flex_column  post-entry post-entry-6929 slide-entry-overview slide-loop-1 slide-parity-odd  av_one_third first real-thumbnail post-format-standard'  itemscope=\"itemscope\" itemtype=\"https:\/\/schema.org\/BlogPosting\" itemprop=\"blogPost\" ><a href='https:\/\/influence.ch\/fr\/2026\/02\/26\/la-revolution-ne-mange-pas-tous-ses-enfants\/' data-rel='slide-1' class='slide-image' title='La r\u00e9volution ne mange pas tous ses enfants'><img decoding=\"async\" width=\"495\" height=\"400\" src=\"https:\/\/influence.ch\/wp-content\/uploads\/2024\/02\/influence_Verlaeufe_V01_11-495x400.png\" class=\"wp-image-4391 avia-img-lazy-loading-not-4391 attachment-portfolio size-portfolio wp-post-image\" alt=\"\" srcset=\"https:\/\/influence.ch\/wp-content\/uploads\/2024\/02\/influence_Verlaeufe_V01_11-495x400.png 495w, https:\/\/influence.ch\/wp-content\/uploads\/2024\/02\/influence_Verlaeufe_V01_11-845x684.png 845w\" sizes=\"(max-width: 495px) 100vw, 495px\" \/><\/a><div class=\"slide-content\"><header class=\"entry-content-header\"><h3 class='slide-entry-title entry-title '  itemprop=\"headline\" ><a href='https:\/\/influence.ch\/fr\/2026\/02\/26\/la-revolution-ne-mange-pas-tous-ses-enfants\/' title='La r\u00e9volution ne mange pas tous ses enfants'>La r\u00e9volution ne mange pas tous ses enfants<\/a><\/h3><span class=\"av-vertical-delimiter\"><\/span><\/header><div class=\"slide-meta\"><time class='slide-meta-time updated'  itemprop=\"datePublished\" datetime=\"2026-02-26T11:14:43+01:00\" >26 f\u00e9vrier 2026<\/time><\/div><div class='slide-entry-excerpt entry-content'  itemprop=\"text\" >La politique au cin\u00e9ma #23 : dans One Battle After Another, le lien p\u00e8re-fille au-del\u00e0 de la lutte arm\u00e9e\r\n\r\n <\/div><\/div><footer class=\"entry-footer\"><\/footer><span class='hidden'>\n\t\t\t\t<span class='av-structured-data'  itemprop=\"image\" itemscope=\"itemscope\" itemtype=\"https:\/\/schema.org\/ImageObject\" >\n\t\t\t\t\t\t<span itemprop='url'>https:\/\/influence.ch\/wp-content\/uploads\/2024\/02\/influence_Verlaeufe_V01_11.png<\/span>\n\t\t\t\t\t\t<span itemprop='height'>2169<\/span>\n\t\t\t\t\t\t<span itemprop='width'>2442<\/span>\n\t\t\t\t<\/span>\n\t\t\t\t<span class='av-structured-data'  itemprop=\"publisher\" itemtype=\"https:\/\/schema.org\/Organization\" itemscope=\"itemscope\" >\n\t\t\t\t\t\t<span itemprop='name'>Matthias Halbeis &amp; Thomas Meier<\/span>\n\t\t\t\t\t\t<span itemprop='logo' itemscope itemtype='https:\/\/schema.org\/ImageObject'>\n\t\t\t\t\t\t\t<span itemprop='url'>https:\/\/influence.ch\/wp-content\/uploads\/2025\/02\/influence_Logo_FR_weiss-1030x277.png<\/span>\n\t\t\t\t\t\t <\/span>\n\t\t\t\t<\/span><span class='av-structured-data'  itemprop=\"author\" itemscope=\"itemscope\" itemtype=\"https:\/\/schema.org\/Person\" ><span itemprop='name'>Matthias Halbeis &amp; Thomas Meier<\/span><\/span><span class='av-structured-data'  itemprop=\"datePublished\" datetime=\"2025-02-27T08:31:27+01:00\" >2026-02-26 11:14:43<\/span><span class='av-structured-data'  itemprop=\"dateModified\" itemtype=\"https:\/\/schema.org\/dateModified\" >2026-02-26 14:13:23<\/span><span class='av-structured-data'  itemprop=\"mainEntityOfPage\" itemtype=\"https:\/\/schema.org\/mainEntityOfPage\" ><span itemprop='name'>La r\u00e9volution ne mange pas tous ses enfants<\/span><\/span><\/span><\/article><article class='slide-entry flex_column  post-entry post-entry-6769 slide-entry-overview slide-loop-2 slide-parity-even  av_one_third  real-thumbnail post-format-standard'  itemscope=\"itemscope\" itemtype=\"https:\/\/schema.org\/BlogPosting\" itemprop=\"blogPost\" ><a href='https:\/\/influence.ch\/fr\/2026\/01\/29\/organisation-et-escalade-dans-la-guerilla-urbaine\/' data-rel='slide-1' class='slide-image' title='Organisation et escalade dans la gu\u00e9rilla urbaine'><img decoding=\"async\" width=\"495\" height=\"400\" src=\"https:\/\/influence.ch\/wp-content\/uploads\/2024\/02\/influence_Verlaeufe_V01_11-495x400.png\" class=\"wp-image-4391 avia-img-lazy-loading-not-4391 attachment-portfolio size-portfolio wp-post-image\" alt=\"\" srcset=\"https:\/\/influence.ch\/wp-content\/uploads\/2024\/02\/influence_Verlaeufe_V01_11-495x400.png 495w, https:\/\/influence.ch\/wp-content\/uploads\/2024\/02\/influence_Verlaeufe_V01_11-845x684.png 845w\" sizes=\"(max-width: 495px) 100vw, 495px\" \/><\/a><div class=\"slide-content\"><header class=\"entry-content-header\"><h3 class='slide-entry-title entry-title '  itemprop=\"headline\" ><a href='https:\/\/influence.ch\/fr\/2026\/01\/29\/organisation-et-escalade-dans-la-guerilla-urbaine\/' title='Organisation et escalade dans la gu\u00e9rilla urbaine'>Organisation et escalade dans la gu\u00e9rilla urbaine<\/a><\/h3><span class=\"av-vertical-delimiter\"><\/span><\/header><div class=\"slide-meta\"><time class='slide-meta-time updated'  itemprop=\"datePublished\" datetime=\"2026-01-29T10:18:11+01:00\" >29 janvier 2026<\/time><\/div><div class='slide-entry-excerpt entry-content'  itemprop=\"text\" >Politique au cin\u00e9ma #22 : Comment la r\u00e9sistance anticoloniale perd \u00ab La Bataille d'Alger \u00bb, mais gagne la guerre  <\/div><\/div><footer class=\"entry-footer\"><\/footer><span class='hidden'>\n\t\t\t\t<span class='av-structured-data'  itemprop=\"image\" itemscope=\"itemscope\" itemtype=\"https:\/\/schema.org\/ImageObject\" >\n\t\t\t\t\t\t<span itemprop='url'>https:\/\/influence.ch\/wp-content\/uploads\/2024\/02\/influence_Verlaeufe_V01_11.png<\/span>\n\t\t\t\t\t\t<span itemprop='height'>2169<\/span>\n\t\t\t\t\t\t<span itemprop='width'>2442<\/span>\n\t\t\t\t<\/span>\n\t\t\t\t<span class='av-structured-data'  itemprop=\"publisher\" itemtype=\"https:\/\/schema.org\/Organization\" itemscope=\"itemscope\" >\n\t\t\t\t\t\t<span itemprop='name'>Thomas Meier &amp; Matthias Halbeis<\/span>\n\t\t\t\t\t\t<span itemprop='logo' itemscope itemtype='https:\/\/schema.org\/ImageObject'>\n\t\t\t\t\t\t\t<span itemprop='url'>https:\/\/influence.ch\/wp-content\/uploads\/2025\/02\/influence_Logo_FR_weiss-1030x277.png<\/span>\n\t\t\t\t\t\t <\/span>\n\t\t\t\t<\/span><span class='av-structured-data'  itemprop=\"author\" itemscope=\"itemscope\" itemtype=\"https:\/\/schema.org\/Person\" ><span itemprop='name'>Thomas Meier &amp; Matthias Halbeis<\/span><\/span><span class='av-structured-data'  itemprop=\"datePublished\" datetime=\"2025-02-27T08:31:27+01:00\" >2026-01-29 10:18:11<\/span><span class='av-structured-data'  itemprop=\"dateModified\" itemtype=\"https:\/\/schema.org\/dateModified\" >2026-01-29 15:24:38<\/span><span class='av-structured-data'  itemprop=\"mainEntityOfPage\" itemtype=\"https:\/\/schema.org\/mainEntityOfPage\" ><span itemprop='name'>Organisation et escalade dans la gu\u00e9rilla urbaine<\/span><\/span><\/span><\/article><article class='slide-entry flex_column  post-entry post-entry-4390 slide-entry-overview slide-loop-3 slide-parity-odd  av_one_third  real-thumbnail post-format-standard'  itemscope=\"itemscope\" itemtype=\"https:\/\/schema.org\/BlogPosting\" itemprop=\"blogPost\" ><a href='https:\/\/influence.ch\/fr\/2025\/01\/30\/les-grands-dictateurs-ne-sont-pas-si-grands-que-cela\/' data-rel='slide-1' class='slide-image' title='Les grands dictateurs ne sont pas si grands que cela'><img decoding=\"async\" width=\"495\" height=\"400\" src=\"https:\/\/influence.ch\/wp-content\/uploads\/2024\/02\/influence_Verlaeufe_V01_11-495x400.png\" class=\"wp-image-4391 avia-img-lazy-loading-not-4391 attachment-portfolio size-portfolio wp-post-image\" alt=\"\" srcset=\"https:\/\/influence.ch\/wp-content\/uploads\/2024\/02\/influence_Verlaeufe_V01_11-495x400.png 495w, https:\/\/influence.ch\/wp-content\/uploads\/2024\/02\/influence_Verlaeufe_V01_11-845x684.png 845w\" sizes=\"(max-width: 495px) 100vw, 495px\" \/><\/a><div class=\"slide-content\"><header class=\"entry-content-header\"><h3 class='slide-entry-title entry-title '  itemprop=\"headline\" ><a href='https:\/\/influence.ch\/fr\/2025\/01\/30\/les-grands-dictateurs-ne-sont-pas-si-grands-que-cela\/' title='Les grands dictateurs ne sont pas si grands que cela'>Les grands dictateurs ne sont pas si grands que cela<\/a><\/h3><span class=\"av-vertical-delimiter\"><\/span><\/header><div class=\"slide-meta\"><time class='slide-meta-time updated'  itemprop=\"datePublished\" datetime=\"2025-01-30T11:12:51+01:00\" >30 janvier 2025<\/time><\/div><div class='slide-entry-excerpt entry-content'  itemprop=\"text\" >La politique au cin\u00e9ma #11 : comment Chaplin ridiculise les tyrans  <\/div><\/div><footer class=\"entry-footer\"><\/footer><span class='hidden'>\n\t\t\t\t<span class='av-structured-data'  itemprop=\"image\" itemscope=\"itemscope\" itemtype=\"https:\/\/schema.org\/ImageObject\" >\n\t\t\t\t\t\t<span itemprop='url'>https:\/\/influence.ch\/wp-content\/uploads\/2024\/02\/influence_Verlaeufe_V01_11.png<\/span>\n\t\t\t\t\t\t<span itemprop='height'>2169<\/span>\n\t\t\t\t\t\t<span itemprop='width'>2442<\/span>\n\t\t\t\t<\/span>\n\t\t\t\t<span class='av-structured-data'  itemprop=\"publisher\" itemtype=\"https:\/\/schema.org\/Organization\" itemscope=\"itemscope\" >\n\t\t\t\t\t\t<span itemprop='name'>Thomas Meier &amp; Matthias Halbeis<\/span>\n\t\t\t\t\t\t<span itemprop='logo' itemscope itemtype='https:\/\/schema.org\/ImageObject'>\n\t\t\t\t\t\t\t<span itemprop='url'>https:\/\/influence.ch\/wp-content\/uploads\/2025\/02\/influence_Logo_FR_weiss-1030x277.png<\/span>\n\t\t\t\t\t\t <\/span>\n\t\t\t\t<\/span><span class='av-structured-data'  itemprop=\"author\" itemscope=\"itemscope\" itemtype=\"https:\/\/schema.org\/Person\" ><span itemprop='name'>Thomas Meier &amp; Matthias Halbeis<\/span><\/span><span class='av-structured-data'  itemprop=\"datePublished\" datetime=\"2025-02-27T08:31:27+01:00\" >2025-01-30 11:12:51<\/span><span class='av-structured-data'  itemprop=\"dateModified\" itemtype=\"https:\/\/schema.org\/dateModified\" >2025-03-27 17:29:26<\/span><span class='av-structured-data'  itemprop=\"mainEntityOfPage\" itemtype=\"https:\/\/schema.org\/mainEntityOfPage\" ><span itemprop='name'>Les grands dictateurs ne sont pas si grands que cela<\/span><\/span><\/span><\/article><\/div><div class=\"slide-entry-wrap\"><article class='slide-entry flex_column  post-entry post-entry-5807 slide-entry-overview slide-loop-4 slide-parity-odd  av_one_third first real-thumbnail post-format-standard'  itemscope=\"itemscope\" itemtype=\"https:\/\/schema.org\/BlogPosting\" itemprop=\"blogPost\" ><a href='https:\/\/influence.ch\/fr\/2025\/08\/28\/il-ny-a-pas-davenir-sans-vision\/' data-rel='slide-1' class='slide-image' title='Il n&rsquo;y a pas d&rsquo;avenir sans vision'><img decoding=\"async\" width=\"495\" height=\"400\" src=\"https:\/\/influence.ch\/wp-content\/uploads\/2024\/02\/influence_Verlaeufe_V01_11-495x400.png\" class=\"wp-image-4391 avia-img-lazy-loading-not-4391 attachment-portfolio size-portfolio wp-post-image\" alt=\"\" srcset=\"https:\/\/influence.ch\/wp-content\/uploads\/2024\/02\/influence_Verlaeufe_V01_11-495x400.png 495w, https:\/\/influence.ch\/wp-content\/uploads\/2024\/02\/influence_Verlaeufe_V01_11-845x684.png 845w\" sizes=\"(max-width: 495px) 100vw, 495px\" \/><\/a><div class=\"slide-content\"><header class=\"entry-content-header\"><h3 class='slide-entry-title entry-title '  itemprop=\"headline\" ><a href='https:\/\/influence.ch\/fr\/2025\/08\/28\/il-ny-a-pas-davenir-sans-vision\/' title='Il n&rsquo;y a pas d&rsquo;avenir sans vision'>Il n&rsquo;y a pas d&rsquo;avenir sans vision<\/a><\/h3><span class=\"av-vertical-delimiter\"><\/span><\/header><div class=\"slide-meta\"><time class='slide-meta-time updated'  itemprop=\"datePublished\" datetime=\"2025-08-28T09:22:14+02:00\" >28 ao\u00fbt 2025<\/time><\/div><div class='slide-entry-excerpt entry-content'  itemprop=\"text\" >La politique au cin\u00e9ma #17 : comment un mat\u00e9riau de construction cr\u00e9e le beau, la libert\u00e9 et l'unit\u00e9 politique dans \"Megalopolis  <\/div><\/div><footer class=\"entry-footer\"><\/footer><span class='hidden'>\n\t\t\t\t<span class='av-structured-data'  itemprop=\"image\" itemscope=\"itemscope\" itemtype=\"https:\/\/schema.org\/ImageObject\" >\n\t\t\t\t\t\t<span itemprop='url'>https:\/\/influence.ch\/wp-content\/uploads\/2024\/02\/influence_Verlaeufe_V01_11.png<\/span>\n\t\t\t\t\t\t<span itemprop='height'>2169<\/span>\n\t\t\t\t\t\t<span itemprop='width'>2442<\/span>\n\t\t\t\t<\/span>\n\t\t\t\t<span class='av-structured-data'  itemprop=\"publisher\" itemtype=\"https:\/\/schema.org\/Organization\" itemscope=\"itemscope\" >\n\t\t\t\t\t\t<span itemprop='name'>Thomas Meier &amp; Matthias Halbeis<\/span>\n\t\t\t\t\t\t<span itemprop='logo' itemscope itemtype='https:\/\/schema.org\/ImageObject'>\n\t\t\t\t\t\t\t<span itemprop='url'>https:\/\/influence.ch\/wp-content\/uploads\/2025\/02\/influence_Logo_FR_weiss-1030x277.png<\/span>\n\t\t\t\t\t\t <\/span>\n\t\t\t\t<\/span><span class='av-structured-data'  itemprop=\"author\" itemscope=\"itemscope\" itemtype=\"https:\/\/schema.org\/Person\" ><span itemprop='name'>Thomas Meier &amp; Matthias Halbeis<\/span><\/span><span class='av-structured-data'  itemprop=\"datePublished\" datetime=\"2025-02-27T08:31:27+01:00\" >2025-08-28 09:22:14<\/span><span class='av-structured-data'  itemprop=\"dateModified\" itemtype=\"https:\/\/schema.org\/dateModified\" >2025-08-28 15:30:03<\/span><span class='av-structured-data'  itemprop=\"mainEntityOfPage\" itemtype=\"https:\/\/schema.org\/mainEntityOfPage\" ><span itemprop='name'>Il n&rsquo;y a pas d&rsquo;avenir sans vision<\/span><\/span><\/span><\/article><article class='slide-entry flex_column  post-entry post-entry-5647 slide-entry-overview slide-loop-5 slide-parity-even  av_one_third  real-thumbnail post-format-standard'  itemscope=\"itemscope\" itemtype=\"https:\/\/schema.org\/BlogPosting\" itemprop=\"blogPost\" ><a href='https:\/\/influence.ch\/fr\/2025\/06\/26\/au-final-chacun-se-bat-pour-soi\/' data-rel='slide-1' class='slide-image' title='Au final, chacun se bat pour soi'><img decoding=\"async\" width=\"495\" height=\"400\" src=\"https:\/\/influence.ch\/wp-content\/uploads\/2024\/02\/influence_Verlaeufe_V01_11-495x400.png\" class=\"wp-image-4391 avia-img-lazy-loading-not-4391 attachment-portfolio size-portfolio wp-post-image\" alt=\"\" srcset=\"https:\/\/influence.ch\/wp-content\/uploads\/2024\/02\/influence_Verlaeufe_V01_11-495x400.png 495w, https:\/\/influence.ch\/wp-content\/uploads\/2024\/02\/influence_Verlaeufe_V01_11-845x684.png 845w\" sizes=\"(max-width: 495px) 100vw, 495px\" \/><\/a><div class=\"slide-content\"><header class=\"entry-content-header\"><h3 class='slide-entry-title entry-title '  itemprop=\"headline\" ><a href='https:\/\/influence.ch\/fr\/2025\/06\/26\/au-final-chacun-se-bat-pour-soi\/' title='Au final, chacun se bat pour soi'>Au final, chacun se bat pour soi<\/a><\/h3><span class=\"av-vertical-delimiter\"><\/span><\/header><div class=\"slide-meta\"><time class='slide-meta-time updated'  itemprop=\"datePublished\" datetime=\"2025-06-26T08:08:55+02:00\" >26 juin 2025<\/time><\/div><div class='slide-entry-excerpt entry-content'  itemprop=\"text\" >Politique au cin\u00e9ma #16 : Au final, chacun se bat pour soi<\/div><\/div><footer class=\"entry-footer\"><\/footer><span class='hidden'>\n\t\t\t\t<span class='av-structured-data'  itemprop=\"image\" itemscope=\"itemscope\" itemtype=\"https:\/\/schema.org\/ImageObject\" >\n\t\t\t\t\t\t<span itemprop='url'>https:\/\/influence.ch\/wp-content\/uploads\/2024\/02\/influence_Verlaeufe_V01_11.png<\/span>\n\t\t\t\t\t\t<span itemprop='height'>2169<\/span>\n\t\t\t\t\t\t<span itemprop='width'>2442<\/span>\n\t\t\t\t<\/span>\n\t\t\t\t<span class='av-structured-data'  itemprop=\"publisher\" itemtype=\"https:\/\/schema.org\/Organization\" itemscope=\"itemscope\" >\n\t\t\t\t\t\t<span itemprop='name'>Matthias Halbeis &amp; Thomas Meier<\/span>\n\t\t\t\t\t\t<span itemprop='logo' itemscope itemtype='https:\/\/schema.org\/ImageObject'>\n\t\t\t\t\t\t\t<span itemprop='url'>https:\/\/influence.ch\/wp-content\/uploads\/2025\/02\/influence_Logo_FR_weiss-1030x277.png<\/span>\n\t\t\t\t\t\t <\/span>\n\t\t\t\t<\/span><span class='av-structured-data'  itemprop=\"author\" itemscope=\"itemscope\" itemtype=\"https:\/\/schema.org\/Person\" ><span itemprop='name'>Matthias Halbeis &amp; Thomas Meier<\/span><\/span><span class='av-structured-data'  itemprop=\"datePublished\" datetime=\"2025-02-27T08:31:27+01:00\" >2025-06-26 08:08:55<\/span><span class='av-structured-data'  itemprop=\"dateModified\" itemtype=\"https:\/\/schema.org\/dateModified\" >2025-06-26 14:23:30<\/span><span class='av-structured-data'  itemprop=\"mainEntityOfPage\" itemtype=\"https:\/\/schema.org\/mainEntityOfPage\" ><span itemprop='name'>Au final, chacun se bat pour soi<\/span><\/span><\/span><\/article><article class='slide-entry flex_column  post-entry post-entry-6583 slide-entry-overview slide-loop-6 slide-parity-odd  av_one_third  real-thumbnail post-format-standard'  itemscope=\"itemscope\" itemtype=\"https:\/\/schema.org\/BlogPosting\" itemprop=\"blogPost\" ><a href='https:\/\/influence.ch\/fr\/2025\/12\/23\/radio-kills-the-door-to-door-star\/' data-rel='slide-1' class='slide-image' title='Radio Kills the Door-to-Door Star'><img decoding=\"async\" width=\"495\" height=\"400\" src=\"https:\/\/influence.ch\/wp-content\/uploads\/2024\/02\/influence_Verlaeufe_V01_11-495x400.png\" class=\"wp-image-4391 avia-img-lazy-loading-not-4391 attachment-portfolio size-portfolio wp-post-image\" alt=\"\" srcset=\"https:\/\/influence.ch\/wp-content\/uploads\/2024\/02\/influence_Verlaeufe_V01_11-495x400.png 495w, https:\/\/influence.ch\/wp-content\/uploads\/2024\/02\/influence_Verlaeufe_V01_11-845x684.png 845w\" sizes=\"(max-width: 495px) 100vw, 495px\" \/><\/a><div class=\"slide-content\"><header class=\"entry-content-header\"><h3 class='slide-entry-title entry-title '  itemprop=\"headline\" ><a href='https:\/\/influence.ch\/fr\/2025\/12\/23\/radio-kills-the-door-to-door-star\/' title='Radio Kills the Door-to-Door Star'>Radio Kills the Door-to-Door Star<\/a><\/h3><span class=\"av-vertical-delimiter\"><\/span><\/header><div class=\"slide-meta\"><time class='slide-meta-time updated'  itemprop=\"datePublished\" datetime=\"2025-12-23T06:19:39+01:00\" >23 d\u00e9cembre 2025<\/time><\/div><div class='slide-entry-excerpt entry-content'  itemprop=\"text\" >La politique au cin\u00e9ma #21 : comment une chanson country d\u00e9cide de l'\u00e9lection d'un gouverneur dans \"O Brother, Where Art Thou ?  <\/div><\/div><footer class=\"entry-footer\"><\/footer><span class='hidden'>\n\t\t\t\t<span class='av-structured-data'  itemprop=\"image\" itemscope=\"itemscope\" itemtype=\"https:\/\/schema.org\/ImageObject\" >\n\t\t\t\t\t\t<span itemprop='url'>https:\/\/influence.ch\/wp-content\/uploads\/2024\/02\/influence_Verlaeufe_V01_11.png<\/span>\n\t\t\t\t\t\t<span itemprop='height'>2169<\/span>\n\t\t\t\t\t\t<span itemprop='width'>2442<\/span>\n\t\t\t\t<\/span>\n\t\t\t\t<span class='av-structured-data'  itemprop=\"publisher\" itemtype=\"https:\/\/schema.org\/Organization\" itemscope=\"itemscope\" >\n\t\t\t\t\t\t<span itemprop='name'>Thomas Meier &amp; Matthias Halbeis<\/span>\n\t\t\t\t\t\t<span itemprop='logo' itemscope itemtype='https:\/\/schema.org\/ImageObject'>\n\t\t\t\t\t\t\t<span itemprop='url'>https:\/\/influence.ch\/wp-content\/uploads\/2025\/02\/influence_Logo_FR_weiss-1030x277.png<\/span>\n\t\t\t\t\t\t <\/span>\n\t\t\t\t<\/span><span class='av-structured-data'  itemprop=\"author\" itemscope=\"itemscope\" itemtype=\"https:\/\/schema.org\/Person\" ><span itemprop='name'>Thomas Meier &amp; Matthias Halbeis<\/span><\/span><span class='av-structured-data'  itemprop=\"datePublished\" datetime=\"2025-02-27T08:31:27+01:00\" >2025-12-23 06:19:39<\/span><span class='av-structured-data'  itemprop=\"dateModified\" itemtype=\"https:\/\/schema.org\/dateModified\" >2025-12-23 11:17:09<\/span><span class='av-structured-data'  itemprop=\"mainEntityOfPage\" itemtype=\"https:\/\/schema.org\/mainEntityOfPage\" ><span itemprop='name'>Radio Kills the Door-to-Door Star<\/span><\/span><\/span><\/article><\/div><div class=\"slide-entry-wrap\"><article class='slide-entry flex_column  post-entry post-entry-6418 slide-entry-overview slide-loop-7 slide-parity-odd  av_one_third first real-thumbnail post-format-standard'  itemscope=\"itemscope\" itemtype=\"https:\/\/schema.org\/BlogPosting\" itemprop=\"blogPost\" ><a href='https:\/\/influence.ch\/fr\/2025\/11\/27\/le-pouvoir-de-decision-vu-comme-une-contrainte\/' data-rel='slide-1' class='slide-image' title='Le pouvoir de d\u00e9cision vu comme une contrainte'><img decoding=\"async\" width=\"495\" height=\"400\" src=\"https:\/\/influence.ch\/wp-content\/uploads\/2024\/02\/influence_Verlaeufe_V01_11-495x400.png\" class=\"wp-image-4391 avia-img-lazy-loading-not-4391 attachment-portfolio size-portfolio wp-post-image\" alt=\"\" srcset=\"https:\/\/influence.ch\/wp-content\/uploads\/2024\/02\/influence_Verlaeufe_V01_11-495x400.png 495w, https:\/\/influence.ch\/wp-content\/uploads\/2024\/02\/influence_Verlaeufe_V01_11-845x684.png 845w\" sizes=\"(max-width: 495px) 100vw, 495px\" \/><\/a><div class=\"slide-content\"><header class=\"entry-content-header\"><h3 class='slide-entry-title entry-title '  itemprop=\"headline\" ><a href='https:\/\/influence.ch\/fr\/2025\/11\/27\/le-pouvoir-de-decision-vu-comme-une-contrainte\/' title='Le pouvoir de d\u00e9cision vu comme une contrainte'>Le pouvoir de d\u00e9cision vu comme une contrainte<\/a><\/h3><span class=\"av-vertical-delimiter\"><\/span><\/header><div class=\"slide-meta\"><time class='slide-meta-time updated'  itemprop=\"datePublished\" datetime=\"2025-11-27T13:30:15+01:00\" >27 novembre 2025<\/time><\/div><div class='slide-entry-excerpt entry-content'  itemprop=\"text\" >La politique au cin\u00e9ma #20: Comment une attaque nucl\u00e9aire plonge les dirigeants am\u00e9ricains dans l'impuissance<\/div><\/div><footer class=\"entry-footer\"><\/footer><span class='hidden'>\n\t\t\t\t<span class='av-structured-data'  itemprop=\"image\" itemscope=\"itemscope\" itemtype=\"https:\/\/schema.org\/ImageObject\" >\n\t\t\t\t\t\t<span itemprop='url'>https:\/\/influence.ch\/wp-content\/uploads\/2024\/02\/influence_Verlaeufe_V01_11.png<\/span>\n\t\t\t\t\t\t<span itemprop='height'>2169<\/span>\n\t\t\t\t\t\t<span itemprop='width'>2442<\/span>\n\t\t\t\t<\/span>\n\t\t\t\t<span class='av-structured-data'  itemprop=\"publisher\" itemtype=\"https:\/\/schema.org\/Organization\" itemscope=\"itemscope\" >\n\t\t\t\t\t\t<span itemprop='name'>Thomas Meier &amp; Matthias Halbeis<\/span>\n\t\t\t\t\t\t<span itemprop='logo' itemscope itemtype='https:\/\/schema.org\/ImageObject'>\n\t\t\t\t\t\t\t<span itemprop='url'>https:\/\/influence.ch\/wp-content\/uploads\/2025\/02\/influence_Logo_FR_weiss-1030x277.png<\/span>\n\t\t\t\t\t\t <\/span>\n\t\t\t\t<\/span><span class='av-structured-data'  itemprop=\"author\" itemscope=\"itemscope\" itemtype=\"https:\/\/schema.org\/Person\" ><span itemprop='name'>Thomas Meier &amp; Matthias Halbeis<\/span><\/span><span class='av-structured-data'  itemprop=\"datePublished\" datetime=\"2025-02-27T08:31:27+01:00\" >2025-11-27 13:30:15<\/span><span class='av-structured-data'  itemprop=\"dateModified\" itemtype=\"https:\/\/schema.org\/dateModified\" >2025-11-27 15:32:21<\/span><span class='av-structured-data'  itemprop=\"mainEntityOfPage\" itemtype=\"https:\/\/schema.org\/mainEntityOfPage\" ><span itemprop='name'>Le pouvoir de d\u00e9cision vu comme une contrainte<\/span><\/span><\/span><\/article><article class='slide-entry flex_column  post-entry post-entry-5337 slide-entry-overview slide-loop-8 slide-parity-even  av_one_third  real-thumbnail post-format-standard'  itemscope=\"itemscope\" itemtype=\"https:\/\/schema.org\/BlogPosting\" itemprop=\"blogPost\" ><a href='https:\/\/influence.ch\/fr\/2025\/04\/15\/le-parti-a-toujours-raison\/' data-rel='slide-1' class='slide-image' title='Le parti a toujours raison'><img decoding=\"async\" width=\"495\" height=\"400\" src=\"https:\/\/influence.ch\/wp-content\/uploads\/2024\/02\/influence_Verlaeufe_V01_11-495x400.png\" class=\"wp-image-4391 avia-img-lazy-loading-not-4391 attachment-portfolio size-portfolio wp-post-image\" alt=\"\" srcset=\"https:\/\/influence.ch\/wp-content\/uploads\/2024\/02\/influence_Verlaeufe_V01_11-495x400.png 495w, https:\/\/influence.ch\/wp-content\/uploads\/2024\/02\/influence_Verlaeufe_V01_11-845x684.png 845w\" sizes=\"(max-width: 495px) 100vw, 495px\" \/><\/a><div class=\"slide-content\"><header class=\"entry-content-header\"><h3 class='slide-entry-title entry-title '  itemprop=\"headline\" ><a href='https:\/\/influence.ch\/fr\/2025\/04\/15\/le-parti-a-toujours-raison\/' title='Le parti a toujours raison'>Le parti a toujours raison<\/a><\/h3><span class=\"av-vertical-delimiter\"><\/span><\/header><div class=\"slide-meta\"><time class='slide-meta-time updated'  itemprop=\"datePublished\" datetime=\"2025-04-15T15:15:23+02:00\" >15 avril 2025<\/time><\/div><div class='slide-entry-excerpt entry-content'  itemprop=\"text\" >La politique au cin\u00e9ma #14 : dans \"L'Aveu\", le syst\u00e8me communiste exige une ob\u00e9issance inconditionnelle<\/div><\/div><footer class=\"entry-footer\"><\/footer><span class='hidden'>\n\t\t\t\t<span class='av-structured-data'  itemprop=\"image\" itemscope=\"itemscope\" itemtype=\"https:\/\/schema.org\/ImageObject\" >\n\t\t\t\t\t\t<span itemprop='url'>https:\/\/influence.ch\/wp-content\/uploads\/2024\/02\/influence_Verlaeufe_V01_11.png<\/span>\n\t\t\t\t\t\t<span itemprop='height'>2169<\/span>\n\t\t\t\t\t\t<span itemprop='width'>2442<\/span>\n\t\t\t\t<\/span>\n\t\t\t\t<span class='av-structured-data'  itemprop=\"publisher\" itemtype=\"https:\/\/schema.org\/Organization\" itemscope=\"itemscope\" >\n\t\t\t\t\t\t<span itemprop='name'>Thomas Meier &amp; Matthias Halbeis<\/span>\n\t\t\t\t\t\t<span itemprop='logo' itemscope itemtype='https:\/\/schema.org\/ImageObject'>\n\t\t\t\t\t\t\t<span itemprop='url'>https:\/\/influence.ch\/wp-content\/uploads\/2025\/02\/influence_Logo_FR_weiss-1030x277.png<\/span>\n\t\t\t\t\t\t <\/span>\n\t\t\t\t<\/span><span class='av-structured-data'  itemprop=\"author\" itemscope=\"itemscope\" itemtype=\"https:\/\/schema.org\/Person\" ><span itemprop='name'>Thomas Meier &amp; Matthias Halbeis<\/span><\/span><span class='av-structured-data'  itemprop=\"datePublished\" datetime=\"2025-02-27T08:31:27+01:00\" >2025-04-15 15:15:23<\/span><span class='av-structured-data'  itemprop=\"dateModified\" itemtype=\"https:\/\/schema.org\/dateModified\" >2025-04-28 07:57:23<\/span><span class='av-structured-data'  itemprop=\"mainEntityOfPage\" itemtype=\"https:\/\/schema.org\/mainEntityOfPage\" ><span itemprop='name'>Le parti a toujours raison<\/span><\/span><\/span><\/article><article class='slide-entry flex_column  post-entry post-entry-6025 slide-entry-overview slide-loop-9 slide-parity-odd  post-entry-last  av_one_third  real-thumbnail post-format-standard'  itemscope=\"itemscope\" itemtype=\"https:\/\/schema.org\/BlogPosting\" itemprop=\"blogPost\" ><a href='https:\/\/influence.ch\/fr\/2025\/09\/23\/quand-la-guerre-contre-la-drogue-deraille\/' data-rel='slide-1' class='slide-image' title='Quand la guerre contre la drogue d\u00e9raille'><img decoding=\"async\" width=\"495\" height=\"400\" src=\"https:\/\/influence.ch\/wp-content\/uploads\/2024\/02\/influence_Verlaeufe_V01_11-495x400.png\" class=\"wp-image-4391 avia-img-lazy-loading-not-4391 attachment-portfolio size-portfolio wp-post-image\" alt=\"\" srcset=\"https:\/\/influence.ch\/wp-content\/uploads\/2024\/02\/influence_Verlaeufe_V01_11-495x400.png 495w, https:\/\/influence.ch\/wp-content\/uploads\/2024\/02\/influence_Verlaeufe_V01_11-845x684.png 845w\" sizes=\"(max-width: 495px) 100vw, 495px\" \/><\/a><div class=\"slide-content\"><header class=\"entry-content-header\"><h3 class='slide-entry-title entry-title '  itemprop=\"headline\" ><a href='https:\/\/influence.ch\/fr\/2025\/09\/23\/quand-la-guerre-contre-la-drogue-deraille\/' title='Quand la guerre contre la drogue d\u00e9raille'>Quand la guerre contre la drogue d\u00e9raille<\/a><\/h3><span class=\"av-vertical-delimiter\"><\/span><\/header><div class=\"slide-meta\"><time class='slide-meta-time updated'  itemprop=\"datePublished\" datetime=\"2025-09-23T13:54:39+02:00\" >23 septembre 2025<\/time><\/div><div class='slide-entry-excerpt entry-content'  itemprop=\"text\" >La politique au cin\u00e9ma #18 : quand la Maison Blanche cherche des avantages politiques et que seul un agent de la CIA cherche la v\u00e9rit\u00e9<\/div><\/div><footer class=\"entry-footer\"><\/footer><span class='hidden'>\n\t\t\t\t<span class='av-structured-data'  itemprop=\"image\" itemscope=\"itemscope\" itemtype=\"https:\/\/schema.org\/ImageObject\" >\n\t\t\t\t\t\t<span itemprop='url'>https:\/\/influence.ch\/wp-content\/uploads\/2024\/02\/influence_Verlaeufe_V01_11.png<\/span>\n\t\t\t\t\t\t<span itemprop='height'>2169<\/span>\n\t\t\t\t\t\t<span itemprop='width'>2442<\/span>\n\t\t\t\t<\/span>\n\t\t\t\t<span class='av-structured-data'  itemprop=\"publisher\" itemtype=\"https:\/\/schema.org\/Organization\" itemscope=\"itemscope\" >\n\t\t\t\t\t\t<span itemprop='name'>Thomas Meier &amp; Matthias Halbeis<\/span>\n\t\t\t\t\t\t<span itemprop='logo' itemscope itemtype='https:\/\/schema.org\/ImageObject'>\n\t\t\t\t\t\t\t<span itemprop='url'>https:\/\/influence.ch\/wp-content\/uploads\/2025\/02\/influence_Logo_FR_weiss-1030x277.png<\/span>\n\t\t\t\t\t\t <\/span>\n\t\t\t\t<\/span><span class='av-structured-data'  itemprop=\"author\" itemscope=\"itemscope\" itemtype=\"https:\/\/schema.org\/Person\" ><span itemprop='name'>Thomas Meier &amp; Matthias Halbeis<\/span><\/span><span class='av-structured-data'  itemprop=\"datePublished\" datetime=\"2025-02-27T08:31:27+01:00\" >2025-09-23 13:54:39<\/span><span class='av-structured-data'  itemprop=\"dateModified\" itemtype=\"https:\/\/schema.org\/dateModified\" >2025-09-25 15:35:34<\/span><span class='av-structured-data'  itemprop=\"mainEntityOfPage\" itemtype=\"https:\/\/schema.org\/mainEntityOfPage\" ><span itemprop='name'>Quand la guerre contre la drogue d\u00e9raille<\/span><\/span><\/span><\/article><\/div><\/div><div class='avia-slideshow-arrows avia-slideshow-controls' ><a href='#prev' class='prev-slide ' aria-hidden='true' data-av_icon='\ue87c' data-av_iconfont='entypo-fontello'  tabindex='-1'>Pr\u00e9c\u00e9dent<\/a><a href='#next' class='next-slide ' aria-hidden='true' data-av_icon='\ue87d' data-av_iconfont='entypo-fontello'  tabindex='-1'>Suivant<\/a><\/div><\/div>\n\n","protected":false},"excerpt":{"rendered":"<p>La politique au cin\u00e9ma #12 : comment le pape se r\u00e9v\u00e8le \u00eatre un strat\u00e8ge de campagne g\u00e9nial \u00e0 titre posthume dans \u00ab\u00a0Conclave\u00a0\u00bb.<\/p>\n","protected":false},"author":77,"featured_media":4391,"comment_status":"closed","ping_status":"closed","sticky":false,"template":"","format":"standard","meta":{"footnotes":""},"categories":[47],"tags":[],"class_list":["post-4680","post","type-post","status-publish","format-standard","has-post-thumbnail","hentry","category-la-politique-au-cinema"],"yoast_head":"<!-- This site is optimized with the Yoast SEO plugin v27.0 - https:\/\/yoast.com\/product\/yoast-seo-wordpress\/ -->\n<title>Un initi\u00e9 d\u00e9c\u00e9d\u00e9 d\u00e9termine l&#039;action - influence powered by furrerhugi<\/title>\n<meta name=\"description\" content=\"La politique au cin\u00e9ma #12 : comment le pape se r\u00e9v\u00e8le \u00eatre un strat\u00e8ge de campagne g\u00e9nial \u00e0 titre posthume dans &quot;Conclave&quot;.\" \/>\n<meta name=\"robots\" content=\"index, follow, max-snippet:-1, max-image-preview:large, max-video-preview:-1\" \/>\n<link rel=\"canonical\" href=\"https:\/\/influence.ch\/fr\/2025\/02\/27\/un-initie-decede-determine-laction\/\" \/>\n<meta property=\"og:locale\" content=\"fr_FR\" \/>\n<meta property=\"og:type\" content=\"article\" \/>\n<meta property=\"og:title\" content=\"Un initi\u00e9 d\u00e9c\u00e9d\u00e9 d\u00e9termine l&#039;action - influence powered by furrerhugi\" \/>\n<meta property=\"og:description\" content=\"La politique au cin\u00e9ma #12 : comment le pape se r\u00e9v\u00e8le \u00eatre un strat\u00e8ge de campagne g\u00e9nial \u00e0 titre posthume dans &quot;Conclave&quot;.\" \/>\n<meta property=\"og:url\" content=\"https:\/\/influence.ch\/fr\/2025\/02\/27\/un-initie-decede-determine-laction\/\" \/>\n<meta property=\"og:site_name\" content=\"influence powered by furrerhugi\" \/>\n<meta property=\"article:published_time\" content=\"2025-02-27T07:31:27+00:00\" \/>\n<meta property=\"article:modified_time\" content=\"2025-02-27T11:58:23+00:00\" \/>\n<meta property=\"og:image\" content=\"https:\/\/influence.ch\/wp-content\/uploads\/2024\/02\/influence_Verlaeufe_V01_11.png\" \/>\n\t<meta property=\"og:image:width\" content=\"2442\" \/>\n\t<meta property=\"og:image:height\" content=\"2169\" \/>\n\t<meta property=\"og:image:type\" content=\"image\/png\" \/>\n<meta name=\"author\" content=\"Thomas Meier &amp; Matthias Halbeis\" \/>\n<meta name=\"twitter:card\" content=\"summary_large_image\" \/>\n<meta name=\"twitter:label1\" content=\"\u00c9crit par\" \/>\n\t<meta name=\"twitter:data1\" content=\"Thomas Meier &amp; Matthias Halbeis\" \/>\n\t<meta name=\"twitter:label2\" content=\"Dur\u00e9e de lecture estim\u00e9e\" \/>\n\t<meta name=\"twitter:data2\" content=\"5 minutes\" \/>\n<script type=\"application\/ld+json\" class=\"yoast-schema-graph\">{\"@context\":\"https:\/\/schema.org\",\"@graph\":[{\"@type\":\"Article\",\"@id\":\"https:\/\/influence.ch\/fr\/2025\/02\/27\/un-initie-decede-determine-laction\/#article\",\"isPartOf\":{\"@id\":\"https:\/\/influence.ch\/fr\/2025\/02\/27\/un-initie-decede-determine-laction\/\"},\"author\":{\"name\":\"Thomas Meier &amp; Matthias Halbeis\",\"@id\":\"https:\/\/influence.ch\/#\/schema\/person\/f2f0cbb5a087db62cc4303bc706a4c70\"},\"headline\":\"Un initi\u00e9 d\u00e9c\u00e9d\u00e9 d\u00e9termine l&rsquo;action\",\"datePublished\":\"2025-02-27T07:31:27+00:00\",\"dateModified\":\"2025-02-27T11:58:23+00:00\",\"mainEntityOfPage\":{\"@id\":\"https:\/\/influence.ch\/fr\/2025\/02\/27\/un-initie-decede-determine-laction\/\"},\"wordCount\":2575,\"image\":{\"@id\":\"https:\/\/influence.ch\/fr\/2025\/02\/27\/un-initie-decede-determine-laction\/#primaryimage\"},\"thumbnailUrl\":\"https:\/\/influence.ch\/wp-content\/uploads\/2024\/02\/influence_Verlaeufe_V01_11.png\",\"articleSection\":[\"La politique au cin\u00e9ma\"],\"inLanguage\":\"fr-FR\"},{\"@type\":\"WebPage\",\"@id\":\"https:\/\/influence.ch\/fr\/2025\/02\/27\/un-initie-decede-determine-laction\/\",\"url\":\"https:\/\/influence.ch\/fr\/2025\/02\/27\/un-initie-decede-determine-laction\/\",\"name\":\"Un initi\u00e9 d\u00e9c\u00e9d\u00e9 d\u00e9termine l'action - influence powered by furrerhugi\",\"isPartOf\":{\"@id\":\"https:\/\/influence.ch\/#website\"},\"primaryImageOfPage\":{\"@id\":\"https:\/\/influence.ch\/fr\/2025\/02\/27\/un-initie-decede-determine-laction\/#primaryimage\"},\"image\":{\"@id\":\"https:\/\/influence.ch\/fr\/2025\/02\/27\/un-initie-decede-determine-laction\/#primaryimage\"},\"thumbnailUrl\":\"https:\/\/influence.ch\/wp-content\/uploads\/2024\/02\/influence_Verlaeufe_V01_11.png\",\"datePublished\":\"2025-02-27T07:31:27+00:00\",\"dateModified\":\"2025-02-27T11:58:23+00:00\",\"author\":{\"@id\":\"https:\/\/influence.ch\/#\/schema\/person\/f2f0cbb5a087db62cc4303bc706a4c70\"},\"description\":\"La politique au cin\u00e9ma #12 : comment le pape se r\u00e9v\u00e8le \u00eatre un strat\u00e8ge de campagne g\u00e9nial \u00e0 titre posthume dans \\\"Conclave\\\".\",\"breadcrumb\":{\"@id\":\"https:\/\/influence.ch\/fr\/2025\/02\/27\/un-initie-decede-determine-laction\/#breadcrumb\"},\"inLanguage\":\"fr-FR\",\"potentialAction\":[{\"@type\":\"ReadAction\",\"target\":[\"https:\/\/influence.ch\/fr\/2025\/02\/27\/un-initie-decede-determine-laction\/\"]}]},{\"@type\":\"ImageObject\",\"inLanguage\":\"fr-FR\",\"@id\":\"https:\/\/influence.ch\/fr\/2025\/02\/27\/un-initie-decede-determine-laction\/#primaryimage\",\"url\":\"https:\/\/influence.ch\/wp-content\/uploads\/2024\/02\/influence_Verlaeufe_V01_11.png\",\"contentUrl\":\"https:\/\/influence.ch\/wp-content\/uploads\/2024\/02\/influence_Verlaeufe_V01_11.png\",\"width\":2442,\"height\":2169},{\"@type\":\"BreadcrumbList\",\"@id\":\"https:\/\/influence.ch\/fr\/2025\/02\/27\/un-initie-decede-determine-laction\/#breadcrumb\",\"itemListElement\":[{\"@type\":\"ListItem\",\"position\":1,\"name\":\"Startseite\",\"item\":\"https:\/\/influence.ch\/fr\/influence\/\"},{\"@type\":\"ListItem\",\"position\":2,\"name\":\"Un initi\u00e9 d\u00e9c\u00e9d\u00e9 d\u00e9termine l&#8217;action\"}]},{\"@type\":\"WebSite\",\"@id\":\"https:\/\/influence.ch\/#website\",\"url\":\"https:\/\/influence.ch\/\",\"name\":\"influence powered by furrerhugi\",\"description\":\"Vorsprung durch Wissen\",\"potentialAction\":[{\"@type\":\"SearchAction\",\"target\":{\"@type\":\"EntryPoint\",\"urlTemplate\":\"https:\/\/influence.ch\/?s={search_term_string}\"},\"query-input\":{\"@type\":\"PropertyValueSpecification\",\"valueRequired\":true,\"valueName\":\"search_term_string\"}}],\"inLanguage\":\"fr-FR\"},{\"@type\":\"Person\",\"@id\":\"https:\/\/influence.ch\/#\/schema\/person\/f2f0cbb5a087db62cc4303bc706a4c70\",\"name\":\"Thomas Meier &amp; Matthias Halbeis\",\"image\":{\"@type\":\"ImageObject\",\"inLanguage\":\"fr-FR\",\"@id\":\"https:\/\/influence.ch\/#\/schema\/person\/image\/\",\"url\":\"https:\/\/secure.gravatar.com\/avatar\/0498aa4543bd05ec4ec13c78338d77b4b3e0f1bf93be6886a1bd4ab48ae35933?s=96&d=mm&r=g\",\"contentUrl\":\"https:\/\/secure.gravatar.com\/avatar\/0498aa4543bd05ec4ec13c78338d77b4b3e0f1bf93be6886a1bd4ab48ae35933?s=96&d=mm&r=g\",\"caption\":\"Thomas Meier &amp; Matthias Halbeis\"},\"url\":\"https:\/\/influence.ch\/fr\/author\/meier-halbeis\/\"}]}<\/script>\n<!-- \/ Yoast SEO plugin. -->","yoast_head_json":{"title":"Un initi\u00e9 d\u00e9c\u00e9d\u00e9 d\u00e9termine l'action - influence powered by furrerhugi","description":"La politique au cin\u00e9ma #12 : comment le pape se r\u00e9v\u00e8le \u00eatre un strat\u00e8ge de campagne g\u00e9nial \u00e0 titre posthume dans \"Conclave\".","robots":{"index":"index","follow":"follow","max-snippet":"max-snippet:-1","max-image-preview":"max-image-preview:large","max-video-preview":"max-video-preview:-1"},"canonical":"https:\/\/influence.ch\/fr\/2025\/02\/27\/un-initie-decede-determine-laction\/","og_locale":"fr_FR","og_type":"article","og_title":"Un initi\u00e9 d\u00e9c\u00e9d\u00e9 d\u00e9termine l'action - influence powered by furrerhugi","og_description":"La politique au cin\u00e9ma #12 : comment le pape se r\u00e9v\u00e8le \u00eatre un strat\u00e8ge de campagne g\u00e9nial \u00e0 titre posthume dans \"Conclave\".","og_url":"https:\/\/influence.ch\/fr\/2025\/02\/27\/un-initie-decede-determine-laction\/","og_site_name":"influence powered by furrerhugi","article_published_time":"2025-02-27T07:31:27+00:00","article_modified_time":"2025-02-27T11:58:23+00:00","og_image":[{"width":2442,"height":2169,"url":"https:\/\/influence.ch\/wp-content\/uploads\/2024\/02\/influence_Verlaeufe_V01_11.png","type":"image\/png"}],"author":"Thomas Meier &amp; Matthias Halbeis","twitter_card":"summary_large_image","twitter_misc":{"\u00c9crit par":"Thomas Meier &amp; Matthias Halbeis","Dur\u00e9e de lecture estim\u00e9e":"5 minutes"},"schema":{"@context":"https:\/\/schema.org","@graph":[{"@type":"Article","@id":"https:\/\/influence.ch\/fr\/2025\/02\/27\/un-initie-decede-determine-laction\/#article","isPartOf":{"@id":"https:\/\/influence.ch\/fr\/2025\/02\/27\/un-initie-decede-determine-laction\/"},"author":{"name":"Thomas Meier &amp; Matthias Halbeis","@id":"https:\/\/influence.ch\/#\/schema\/person\/f2f0cbb5a087db62cc4303bc706a4c70"},"headline":"Un initi\u00e9 d\u00e9c\u00e9d\u00e9 d\u00e9termine l&rsquo;action","datePublished":"2025-02-27T07:31:27+00:00","dateModified":"2025-02-27T11:58:23+00:00","mainEntityOfPage":{"@id":"https:\/\/influence.ch\/fr\/2025\/02\/27\/un-initie-decede-determine-laction\/"},"wordCount":2575,"image":{"@id":"https:\/\/influence.ch\/fr\/2025\/02\/27\/un-initie-decede-determine-laction\/#primaryimage"},"thumbnailUrl":"https:\/\/influence.ch\/wp-content\/uploads\/2024\/02\/influence_Verlaeufe_V01_11.png","articleSection":["La politique au cin\u00e9ma"],"inLanguage":"fr-FR"},{"@type":"WebPage","@id":"https:\/\/influence.ch\/fr\/2025\/02\/27\/un-initie-decede-determine-laction\/","url":"https:\/\/influence.ch\/fr\/2025\/02\/27\/un-initie-decede-determine-laction\/","name":"Un initi\u00e9 d\u00e9c\u00e9d\u00e9 d\u00e9termine l'action - influence powered by furrerhugi","isPartOf":{"@id":"https:\/\/influence.ch\/#website"},"primaryImageOfPage":{"@id":"https:\/\/influence.ch\/fr\/2025\/02\/27\/un-initie-decede-determine-laction\/#primaryimage"},"image":{"@id":"https:\/\/influence.ch\/fr\/2025\/02\/27\/un-initie-decede-determine-laction\/#primaryimage"},"thumbnailUrl":"https:\/\/influence.ch\/wp-content\/uploads\/2024\/02\/influence_Verlaeufe_V01_11.png","datePublished":"2025-02-27T07:31:27+00:00","dateModified":"2025-02-27T11:58:23+00:00","author":{"@id":"https:\/\/influence.ch\/#\/schema\/person\/f2f0cbb5a087db62cc4303bc706a4c70"},"description":"La politique au cin\u00e9ma #12 : comment le pape se r\u00e9v\u00e8le \u00eatre un strat\u00e8ge de campagne g\u00e9nial \u00e0 titre posthume dans \"Conclave\".","breadcrumb":{"@id":"https:\/\/influence.ch\/fr\/2025\/02\/27\/un-initie-decede-determine-laction\/#breadcrumb"},"inLanguage":"fr-FR","potentialAction":[{"@type":"ReadAction","target":["https:\/\/influence.ch\/fr\/2025\/02\/27\/un-initie-decede-determine-laction\/"]}]},{"@type":"ImageObject","inLanguage":"fr-FR","@id":"https:\/\/influence.ch\/fr\/2025\/02\/27\/un-initie-decede-determine-laction\/#primaryimage","url":"https:\/\/influence.ch\/wp-content\/uploads\/2024\/02\/influence_Verlaeufe_V01_11.png","contentUrl":"https:\/\/influence.ch\/wp-content\/uploads\/2024\/02\/influence_Verlaeufe_V01_11.png","width":2442,"height":2169},{"@type":"BreadcrumbList","@id":"https:\/\/influence.ch\/fr\/2025\/02\/27\/un-initie-decede-determine-laction\/#breadcrumb","itemListElement":[{"@type":"ListItem","position":1,"name":"Startseite","item":"https:\/\/influence.ch\/fr\/influence\/"},{"@type":"ListItem","position":2,"name":"Un initi\u00e9 d\u00e9c\u00e9d\u00e9 d\u00e9termine l&#8217;action"}]},{"@type":"WebSite","@id":"https:\/\/influence.ch\/#website","url":"https:\/\/influence.ch\/","name":"influence powered by furrerhugi","description":"Vorsprung durch Wissen","potentialAction":[{"@type":"SearchAction","target":{"@type":"EntryPoint","urlTemplate":"https:\/\/influence.ch\/?s={search_term_string}"},"query-input":{"@type":"PropertyValueSpecification","valueRequired":true,"valueName":"search_term_string"}}],"inLanguage":"fr-FR"},{"@type":"Person","@id":"https:\/\/influence.ch\/#\/schema\/person\/f2f0cbb5a087db62cc4303bc706a4c70","name":"Thomas Meier &amp; Matthias Halbeis","image":{"@type":"ImageObject","inLanguage":"fr-FR","@id":"https:\/\/influence.ch\/#\/schema\/person\/image\/","url":"https:\/\/secure.gravatar.com\/avatar\/0498aa4543bd05ec4ec13c78338d77b4b3e0f1bf93be6886a1bd4ab48ae35933?s=96&d=mm&r=g","contentUrl":"https:\/\/secure.gravatar.com\/avatar\/0498aa4543bd05ec4ec13c78338d77b4b3e0f1bf93be6886a1bd4ab48ae35933?s=96&d=mm&r=g","caption":"Thomas Meier &amp; Matthias Halbeis"},"url":"https:\/\/influence.ch\/fr\/author\/meier-halbeis\/"}]}},"_links":{"self":[{"href":"https:\/\/influence.ch\/fr\/wp-json\/wp\/v2\/posts\/4680","targetHints":{"allow":["GET"]}}],"collection":[{"href":"https:\/\/influence.ch\/fr\/wp-json\/wp\/v2\/posts"}],"about":[{"href":"https:\/\/influence.ch\/fr\/wp-json\/wp\/v2\/types\/post"}],"author":[{"embeddable":true,"href":"https:\/\/influence.ch\/fr\/wp-json\/wp\/v2\/users\/77"}],"replies":[{"embeddable":true,"href":"https:\/\/influence.ch\/fr\/wp-json\/wp\/v2\/comments?post=4680"}],"version-history":[{"count":13,"href":"https:\/\/influence.ch\/fr\/wp-json\/wp\/v2\/posts\/4680\/revisions"}],"predecessor-version":[{"id":4713,"href":"https:\/\/influence.ch\/fr\/wp-json\/wp\/v2\/posts\/4680\/revisions\/4713"}],"wp:featuredmedia":[{"embeddable":true,"href":"https:\/\/influence.ch\/fr\/wp-json\/wp\/v2\/media\/4391"}],"wp:attachment":[{"href":"https:\/\/influence.ch\/fr\/wp-json\/wp\/v2\/media?parent=4680"}],"wp:term":[{"taxonomy":"category","embeddable":true,"href":"https:\/\/influence.ch\/fr\/wp-json\/wp\/v2\/categories?post=4680"},{"taxonomy":"post_tag","embeddable":true,"href":"https:\/\/influence.ch\/fr\/wp-json\/wp\/v2\/tags?post=4680"}],"curies":[{"name":"wp","href":"https:\/\/api.w.org\/{rel}","templated":true}]}}