{"id":4405,"date":"2025-01-30T11:22:14","date_gmt":"2025-01-30T10:22:14","guid":{"rendered":"https:\/\/influence.ch\/?p=4405"},"modified":"2025-02-27T19:32:40","modified_gmt":"2025-02-27T18:32:40","slug":"jai-une-chance-inouie","status":"publish","type":"post","link":"https:\/\/influence.ch\/fr\/2025\/01\/30\/jai-une-chance-inouie\/","title":{"rendered":"\u00ab J&rsquo;ai une chance inou\u00efe \u00bb"},"content":{"rendered":"\n<style type=\"text\/css\" data-created_by=\"avia_inline_auto\" id=\"style-css-av-37s3-23bad167485dfcca0d1c7f2cb84e41b2\">\n.avia-section.av-37s3-23bad167485dfcca0d1c7f2cb84e41b2{\nmargin-top:20px;\nmargin-bottom:20px;\n}\n<\/style>\n<div id='av_section_1'  class='avia-section av-37s3-23bad167485dfcca0d1c7f2cb84e41b2 main_color avia-section-default avia-no-border-styling  avia-builder-el-0  el_before_av_section  avia-builder-el-first  head_talk avia-bg-style-scroll container_wrap fullsize'  ><div class='container av-section-cont-open' ><main  role=\"main\" itemprop=\"mainContentOfPage\"  class='template-page content  av-content-full alpha units'><div class='post-entry post-entry-type-page post-entry-4405'><div class='entry-content-wrapper clearfix'>\n\n<style type=\"text\/css\" data-created_by=\"avia_inline_auto\" id=\"style-css-av-ll3dnv6h-4148c811db292f0b98b5ef1a1b585ab3\">\n#top .hr.hr-invisible.av-ll3dnv6h-4148c811db292f0b98b5ef1a1b585ab3{\nheight:40px;\n}\n<\/style>\n<div  class='hr av-ll3dnv6h-4148c811db292f0b98b5ef1a1b585ab3 hr-invisible  avia-builder-el-1  el_before_av_post_metadata  avia-builder-el-first '><span class='hr-inner '><span class=\"hr-inner-style\"><\/span><\/span><\/div>\n\n<style type=\"text\/css\" data-created_by=\"avia_inline_auto\" id=\"style-css-av-ll2bygrq-a1a13b3da260d9c9d49905a783ae5cc5\">\n#top .av-post-metadata-container.av-ll2bygrq-a1a13b3da260d9c9d49905a783ae5cc5{\ncolor:#ffffff;\nfont-size:22px;\n}\n#top .av-post-metadata-container.av-ll2bygrq-a1a13b3da260d9c9d49905a783ae5cc5 .av-post-metadata-container-inner{\nfont-size:22px;\n}\n<\/style>\n<div  id=\"author\"  class='av-post-metadata-container av-ll2bygrq-a1a13b3da260d9c9d49905a783ae5cc5 av-metadata-container-align-left  avia-builder-el-2  el_after_av_hr  el_before_av_textblock  av-desktop-hide av-medium-hide av-small-hide av-mini-hide av-metadata-container-1'><div class='av-post-metadata-container-inner'><span class=\"av-post-metadata-content av-post-metadata-meta-content\"><span class=\"av-post-metadata-content av-post-metadata-category\"><span class=\"av-post-metadata-category-link\" ><a href=\"https:\/\/influence.ch\/fr\/category\/lentretien\/\" >*L'entretien*<\/a><\/span><\/span><\/span><\/div><\/div>\n\n<style type=\"text\/css\" data-created_by=\"avia_inline_auto\" id=\"style-css-av-lajol5k3-bcabd5439ce39e62158db334b9b99d68\">\n#top .av_textblock_section.av-lajol5k3-bcabd5439ce39e62158db334b9b99d68 .avia_textblock{\ncolor:#ffffff;\n}\n<\/style>\n<section  class='av_textblock_section av-lajol5k3-bcabd5439ce39e62158db334b9b99d68'  itemscope=\"itemscope\" itemtype=\"https:\/\/schema.org\/BlogPosting\" itemprop=\"blogPost\" ><div class='avia_textblock av_inherit_color'  itemprop=\"text\" ><h1 style=\"text-align: center;\"><\/h1>\n<h1 style=\"text-align: center;\"><span class=\"notion-enable-hover\" data-token-index=\"0\">\u00ab <\/span>J&rsquo;ai une chance inou\u00efe <span class=\"notion-enable-hover\" data-token-index=\"0\">\u00bb<\/span><!-- notionvc: 35998bbc-24e7-4938-aef4-930e1ff8f456 --><\/h1>\n<p style=\"text-align: center;\">La conseill\u00e8re nationale PLR Maja Riniker est actuellement la premi\u00e8re citoyenne du pays. Son ann\u00e9e pr\u00e9sidentielle est jalonn\u00e9e d&rsquo;\u00e9v\u00e9nements majeurs, de l&rsquo;\u00e9lection du Conseil f\u00e9d\u00e9ral \u00e0 l&rsquo;Exposition universelle d&rsquo;Osaka en passant par la F\u00eate f\u00e9d\u00e9rale.<\/p>\n<\/div><\/section>\n\n<style type=\"text\/css\" data-created_by=\"avia_inline_auto\" id=\"style-css-av-kqp-d3340c463e9779d9fb5e4297bb48a84f\">\n#top .av-post-metadata-container.av-kqp-d3340c463e9779d9fb5e4297bb48a84f{\ncolor:#ffffff;\n}\n<\/style>\n<div  id=\"author\"  class='av-post-metadata-container av-kqp-d3340c463e9779d9fb5e4297bb48a84f av-metadata-container-align-left  avia-builder-el-4  el_after_av_textblock  el_before_av_hr  av-desktop-hide av-medium-hide av-small-hide av-mini-hide av-metadata-container-2'><div class='av-post-metadata-container-inner'><span class=\"av-post-metadata-content av-post-metadata-meta-content\"><span class=\"av-post-metadata-content av-post-metadata-author\"  itemprop=\"author\" ><span class=\"av-post-metadata-author-link\" ><a href=\"https:\/\/influence.ch\/fr\/author\/eva-novak\/\"  rel=\"author\">Eva Novak<\/a><\/span><\/span><\/span><\/div><\/div>\n\n<style type=\"text\/css\" data-created_by=\"avia_inline_auto\" id=\"style-css-av-3rkb-5af53ac747b34df56e11174e8e22e573\">\n#top .hr.hr-invisible.av-3rkb-5af53ac747b34df56e11174e8e22e573{\nheight:40px;\n}\n<\/style>\n<div  class='hr av-3rkb-5af53ac747b34df56e11174e8e22e573 hr-invisible  avia-builder-el-5  el_after_av_post_metadata  avia-builder-el-last '><span class='hr-inner '><span class=\"hr-inner-style\"><\/span><\/span><\/div>\n<\/div><\/div><\/main><!-- close content main element --><\/div><\/div><div id='av_section_2'  class='avia-section av-4nqx-1f9ea2e9ed6a23cc856f96335c63c817 main_color avia-section-default avia-no-border-styling  avia-builder-el-6  el_after_av_section  el_before_av_section  post-inhalt avia-bg-style-scroll container_wrap fullsize'  ><div class='container av-section-cont-open' ><div class='template-page content  av-content-full alpha units'><div class='post-entry post-entry-type-page post-entry-4405'><div class='entry-content-wrapper clearfix'>\n\n<style type=\"text\/css\" data-created_by=\"avia_inline_auto\" id=\"style-css-av-2su4x-5da5059746117e9ffb18a39325393eaf\">\n#top .av-post-metadata-container.av-2su4x-5da5059746117e9ffb18a39325393eaf{\ncolor:#000000;\nfont-size:16px;\n}\n#top .av-post-metadata-container.av-2su4x-5da5059746117e9ffb18a39325393eaf .av-post-metadata-container-inner{\nfont-size:16px;\n}\n<\/style>\n<div  id=\"author\"  class='av-post-metadata-container av-2su4x-5da5059746117e9ffb18a39325393eaf av-metadata-container-align-left  avia-builder-el-7  el_before_av_hr  avia-builder-el-first  av-metadata-container-3'><div class='av-post-metadata-container-inner'><span class=\"av-post-metadata-content av-post-metadata-meta-content\"><span class=\"av-post-metadata-content av-post-metadata-published\"><span class=\"av-post-metadata-published-date\" >30 janvier 2025<\/span><span class=\"av-metadata-after av-metadata-after-published\">|<\/span><\/span><span class=\"av-post-metadata-content av-post-metadata-separator\"><\/span><span class=\"av-post-metadata-content av-post-metadata-author\"  itemprop=\"author\" ><span class=\"av-post-metadata-author-link\" ><a href=\"https:\/\/influence.ch\/fr\/author\/eva-novak\/\"  rel=\"author\">Eva Novak<\/a><\/span><span class=\"av-metadata-after av-metadata-after-author\">|<\/span><\/span><span class=\"av-post-metadata-content av-post-metadata-separator\"><\/span><span class=\"av-post-metadata-content av-post-metadata-category\"><span class=\"av-post-metadata-category-link\" ><a href=\"https:\/\/influence.ch\/fr\/category\/lentretien\/\" >*L'entretien*<\/a><\/span><\/span><\/span><\/div><\/div>\n\n<style type=\"text\/css\" data-created_by=\"avia_inline_auto\" id=\"style-css-av-ll2cb0de-1618aeaa710f9714e67c07fd3b765e06\">\n#top .hr.hr-invisible.av-ll2cb0de-1618aeaa710f9714e67c07fd3b765e06{\nheight:10px;\n}\n<\/style>\n<div  class='hr av-ll2cb0de-1618aeaa710f9714e67c07fd3b765e06 hr-invisible  avia-builder-el-8  el_after_av_post_metadata  el_before_av_image '><span class='hr-inner '><span class=\"hr-inner-style\"><\/span><\/span><\/div>\n\n<style type=\"text\/css\" data-created_by=\"avia_inline_auto\" id=\"style-css-av-ll2btvp2-529d0e10baff052cb836f04eacccc0a6\">\n.avia-image-container.av-ll2btvp2-529d0e10baff052cb836f04eacccc0a6 img.avia_image{\nbox-shadow:none;\n}\n.avia-image-container.av-ll2btvp2-529d0e10baff052cb836f04eacccc0a6 .av-image-caption-overlay-center{\ncolor:#ffffff;\n}\n<\/style>\n<div  class='avia-image-container av-ll2btvp2-529d0e10baff052cb836f04eacccc0a6 av-styling- avia-align-center  avia-builder-el-9  el_after_av_hr  el_before_av_textblock '   itemprop=\"image\" itemscope=\"itemscope\" itemtype=\"https:\/\/schema.org\/ImageObject\" ><div class=\"avia-image-container-inner\"><div class=\"avia-image-overlay-wrap\"><img decoding=\"async\" class='wp-image-4376 avia-img-lazy-loading-not-4376 avia_image ' src=\"https:\/\/influence.ch\/wp-content\/uploads\/2025\/01\/Maja-Riniker_R.Ruis_0001_2-scaled.jpg\" alt='' title='fotografiert in Aarau.'   itemprop=\"thumbnailUrl\"  \/><\/div><\/div><\/div>\n<section  class='av_textblock_section av-llowbfkh-a1f80455611878ef3d50e8f39989bd43'  itemscope=\"itemscope\" itemtype=\"https:\/\/schema.org\/BlogPosting\" itemprop=\"blogPost\" ><div class='avia_textblock'  itemprop=\"text\" ><h6 class=\"p1\"><span class=\"TextRun SCXW67727848 BCX4\" lang=\"DE-CH\" xml:lang=\"DE-CH\" data-contrast=\"auto\"><span class=\"NormalTextRun SCXW67727848 BCX4\">Maja Riniker (46 ans) est depuis 2019 membre du Conseil national pour le PLR Argovie, qu&rsquo;elle pr\u00e9side encore jusqu&rsquo;en d\u00e9cembre. Elle vit avec sa famille \u00e0 Suhr.(zvg)<\/span><\/span><\/h6>\n<\/div><\/section>\n\n<style type=\"text\/css\" data-created_by=\"avia_inline_auto\" id=\"style-css-av-2q8z-01ad5e0b5f31c74fd38e79a60fc3cd1d\">\n#top .av_textblock_section.av-2q8z-01ad5e0b5f31c74fd38e79a60fc3cd1d .avia_textblock{\nfont-size:22px;\n}\n<\/style>\n<section  class='av_textblock_section av-2q8z-01ad5e0b5f31c74fd38e79a60fc3cd1d'  itemscope=\"itemscope\" itemtype=\"https:\/\/schema.org\/BlogPosting\" itemprop=\"blogPost\" ><div class='avia_textblock'  itemprop=\"text\" ><p>La conseill\u00e8re nationale PLR Maja Riniker est actuellement la premi\u00e8re citoyenne du pays. Son ann\u00e9e pr\u00e9sidentielle est jalonn\u00e9e d&rsquo;\u00e9v\u00e9nements majeurs, de l&rsquo;\u00e9lection du Conseil f\u00e9d\u00e9ral \u00e0 l&rsquo;Exposition universelle d&rsquo;Osaka en passant par la F\u00e9d\u00e9rale.<\/p>\n<p><strong>Durant un an, vous serez pr\u00e9sidente du Conseil national et vous devrez mettre vos convictions politiques en sourdine, alors que la politique mondiale est en mutation, en particulier aux \u00c9tats-Unis. Cela vous r\u00e9jouit-il ou vous chagrine-t-il ? <\/strong><br \/>\n<strong>Maja Riniker :<\/strong> Ni l&rsquo;un ni l&rsquo;autre. Celui qui assume cette fonction sait pertinemment qu&rsquo;elle exige une certaine retenue politique. Je peux ensuite remettre les gaz. En tant que pr\u00e9sidente du Conseil national, j&rsquo;essaie d&rsquo;aborder l&rsquo;un ou l&rsquo;autre sujet en entretenant des contacts internationaux et en me rendant par exemple aux \u00c9tats-Unis. Je me rends \u00e9galement en Ukraine &#8211; je viens d&rsquo;avoir plusieurs entretiens \u00e0 ce sujet au WEF de Davos. C&rsquo;est ainsi que je veux essayer d&rsquo;agir.<\/p>\n<p><strong>Que pensez-vous de Donald Trump, de ses d\u00e9crets et de son entourage ? <\/strong><br \/>\n<strong>Riniker :<\/strong> Je ne commente pas l&rsquo;entourage. Mais je suis la politique de Donald Trump et les cons\u00e9quences que ses d\u00e9cisions pourraient avoir sur notre pays. Il est dans l&rsquo;int\u00e9r\u00eat de la Suisse de maintenir autant que possible le dialogue et d&rsquo;esp\u00e9rer que la nouvelle politique des Etats-Unis ne nous portera pas pr\u00e9judice.<\/p>\n<p><strong>Pensez-vous aux tarifs douaniers annonc\u00e9s ? <\/strong><br \/>\n<strong>Riniker :<\/strong> Oui, ou si les Etats-Unis devaient mener une politique industrielle qui pourrait nuire \u00e0 la Suisse. Mais il est trop t\u00f4t pour juger de la direction que prendront les choses.<\/p>\n<p><strong>De quoi voudrez-vous parler en premier lorsque votre ann\u00e9e pr\u00e9sidentielle sera termin\u00e9e et que vous pourrez \u00e0 nouveau vous exprimer sans restriction sur la politique : de la politique de s\u00e9curit\u00e9 ? <\/strong><br \/>\n<strong>Riniker :<\/strong> Tout \u00e0 fait, car les th\u00e8mes de la politique de s\u00e9curit\u00e9 comme la r\u00e9exportation d&rsquo;armes, le r\u00e9armement de l&rsquo;arm\u00e9e ou la neutralit\u00e9 continueront \u00e0 occuper notre pays. L&rsquo;autre aspect est notre r\u00f4le en Europe : je me r\u00e9jouis vraiment du jour o\u00f9 Maja Riniker pourra \u00e0 nouveau s&rsquo;exprimer en tant que femme politique.<\/p>\n<p><b>Cela vous br\u00fble-t-il tant les l\u00e8vres ?<br \/>\n<\/b>Riniker <b>: <\/b>Oui, mais nous avons le temps. Les deux th\u00e8mes nous occuperont encore longtemps, m\u00eame si l&rsquo;un ou l&rsquo;autre peut gagner en acuit\u00e9 en fonction de l&rsquo;\u00e9volution de la situation g\u00e9opolitique.<\/p>\n<p><b>Est-ce un heureux hasard que ce soit pr\u00e9cis\u00e9ment au cours de votre ann\u00e9e pr\u00e9sidentielle qu&rsquo;ait lieu \u00e0 Gen\u00e8ve la conf\u00e9rence qui r\u00e9unit tous les cinq ans les pr\u00e9sidents des parlements de 100 pays ?<br \/>\n<\/b> Riniker <b>:<\/b> Je ferai le bilan \u00e0 la fin, mais je dois dire que j&rsquo;ai une chance inou\u00efe. Ce n&rsquo;est pas seulement la Conf\u00e9rence des pr\u00e9sidents de parlement &#8211; je peux aussi repr\u00e9senter la Suisse \u00e0 l&rsquo;ouverture de l&rsquo;exposition universelle \u00e0 Osaka, au Japon. A l&rsquo;int\u00e9rieur du pays, il y a \u00e9galement l&rsquo;un ou l&rsquo;autre \u00e9v\u00e9nement de premier plan auquel je peux participer : l&rsquo;Eurovision, la F\u00eate f\u00e9d\u00e9rale de lutte suisse, la F\u00eate f\u00e9d\u00e9rale de gymnastique, le 150e anniversaire du Tribunal f\u00e9d\u00e9ral, pour n&rsquo;en citer que quelques-uns. Et puis, l&rsquo;\u00e9lection du Conseil f\u00e9d\u00e9ral tombe aussi pendant mon ann\u00e9e de mandat !<\/p>\n<p><b>Restons un instant sur la Conf\u00e9rence mondiale des pr\u00e9sidents de parlement : Avez-vous un message ou un souhait \u00e0 adresser \u00e0 votre coll\u00e8gue am\u00e9ricain, le pr\u00e9sident de la Chambre des repr\u00e9sentants Mike Johnson ?<br \/>\n<\/b><strong>Riniker <\/strong><b>: <\/b>Le souhait que j&rsquo;ai pour lui, je l&rsquo;ai aussi pour tous les autres repr\u00e9sentants des parlements : qu&rsquo;ils viennent \u00e0 Gen\u00e8ve en juillet pour entretenir le dialogue. Il est tr\u00e8s important que nous puissions le mener en Suisse en tant que plate-forme. En octobre, je me rendrai aux \u00c9tats-Unis avec des repr\u00e9sentants de l&rsquo;\u00e9conomie et de la politique. Si Mike Johnson trouve le temps de me recevoir, j&rsquo;en serai tr\u00e8s heureuse.<\/p>\n<p><b>Dans votre discours d&rsquo;investiture, vous avez d\u00e9clar\u00e9 que la d\u00e9mocratie \u00e9tait un acquis fragile qu&rsquo;il fallait apprendre, entretenir et d\u00e9fendre. Avez-vous l&rsquo;impression que c&rsquo;est plut\u00f4t le contraire qui se produit actuellement autour de nous ?<br \/>\nRiniker : <\/b>Il est certain que les fondements d&rsquo;une d\u00e9mocratie qui fonctionne sont actuellement mis \u00e0 rude \u00e9preuve dans diff\u00e9rents pays &#8211; et parfois r\u00e9orient\u00e9s.<\/p>\n<p><b>Chez nos voisins, le lib\u00e9ralisme est en recul, mais le populisme de droite progresse. Cela vous inqui\u00e8te-t-il ?<br \/>\nRiniker : <\/b>Le populisme, quel que soit son bord, m&rsquo;inqui\u00e8te, tout comme l&rsquo;extr\u00e9misme. La mont\u00e9e du populisme que nous observons actuellement ne favorise en tout cas pas la coexistence. On se demande alors naturellement pourquoi ces personnes sont \u00e9lues, pourquoi elles ont une telle popularit\u00e9, pourquoi le citoyen cherche un appui aupr\u00e8s d&rsquo;elles.<\/p>\n<p><b>Quelle est votre explication ?<br \/>\n<\/b><strong>Riniker : <\/strong>Il semble que le citoyen qui ressent de l&rsquo;ins\u00e9curit\u00e9 et cherche la s\u00e9curit\u00e9 la trouve aupr\u00e8s de forces qui donnent des r\u00e9ponses simples et claires. Ils disent : nous regardons d&rsquo;abord \u00e0 nous-m\u00eames, aux besoins de notre pays et de notre population. Le WEF de cette ann\u00e9e a \u00e9t\u00e9 une exp\u00e9rience tr\u00e8s difficile. Le mot d&rsquo;ordre n&rsquo;\u00e9tait pas seulement \u00ab\u00a0America First\u00a0\u00bb, mais aussi \u00ab\u00a0Europe First\u00a0\u00bb &#8211; et ainsi de suite.<\/p>\n<p><b>Dans une interview, vous avez d\u00e9clar\u00e9 que votre t\u00e2che principale en tant que pr\u00e9sidente du Conseil consistait \u00e0 diriger les d\u00e9bats du Conseil sans commettre d&rsquo;erreur. L&rsquo;\u00e9lection du Conseil f\u00e9d\u00e9ral de mars prochain vous semble-t-elle facile \u00e0 accepter ou vous effraie-t-elle un peu ?<br \/>\nRiniker : <\/b>Il y a un peu d&rsquo;appr\u00e9hension &#8211; m\u00eame si le soutien des Services du Parlement est de premier ordre et que ce n&rsquo;est pas la premi\u00e8re \u00e9lection de remplacement qui a lieu au Palais f\u00e9d\u00e9ral. Les m\u00e9canismes sont clairs et cela ne ressemble pas \u00e0 de grandes tentatives de renversement. Mais vous r\u00e9fl\u00e9chissez bien s\u00fbr : toute l&rsquo;attention est port\u00e9e sur moi, je ne veux pas me tromper, je ne veux pas lire un chiffre de travers, je veux tout faire correctement. Lors de l&rsquo;\u00e9lection des juges \u00e0 la session d&rsquo;hiver, j&rsquo;ai rapidement re\u00e7u une r\u00e9action.<\/p>\n<p><b>Que s&rsquo;est-il pass\u00e9 ?<br \/>\n<\/b> <strong>Riniker :<\/strong> Un coll\u00e8gue est venu me voir et m&rsquo;a fait remarquer que je n&rsquo;avais pas dit que les journalistes ne pouvaient pas filmer et qu&rsquo;il ne le voulait pas. Cela montre que les instructions de mise en sc\u00e8ne doivent \u00eatre claires. Je suis la vitrine de cet \u00e9v\u00e8nement et je veux le faire bien.<\/p>\n<p><b>Craignez-vous que les repr\u00e9sentants de certains partis se comportent comme des groupes de supporters dans les stades ?<br \/>\n<\/b><strong>Riniker : <\/strong>Non, car je sais comment r\u00e9agir.<\/p>\n<p><b>Faire sonner la cloche ?<br \/>\n<\/b><strong>Riniker : <\/strong>C&rsquo;est la premi\u00e8re d&rsquo;une s\u00e9rie de mesures que je peux prendre. En commen\u00e7ant par le rappel \u00e0 l&rsquo;ordre jusqu&rsquo;au bl\u00e2me disciplinaire. Personne ne le souhaite \u00e0 ce moment-l\u00e0. En outre, je pense que l&rsquo;int\u00e9r\u00eat pour ce genre de man\u0153uvres perturbatrices n&rsquo;est pas pr\u00e9sent cette fois-ci. Du moins, je l&rsquo;esp\u00e8re.<\/p>\n<p><b>Que repr\u00e9sente pour vous le jour des \u00e9lections du 12 mars ?<br \/>\n<\/b><strong>Riniker : <\/strong>Un honneur et une responsabilit\u00e9 incroyables. Le fait de pouvoir vivre cela dans la constellation actuelle au cours de mon ann\u00e9e de pr\u00e9sidence est d\u00e9j\u00e0 formidable. Bien s\u00fbr que je l&rsquo;esp\u00e9rais. Mais c&rsquo;est une chose dont nous ne pouvons pas \u00eatre s\u00fbre avant que quelqu&rsquo;un d\u00e9missionne vraiment.<\/p>\n<p><b>Qu&rsquo;est-ce qui est le plus important pour vous : expliquer au reste du monde le mod\u00e8le de r\u00e9ussite politique de la Suisse en ces temps difficiles ou participer \u00e0 des \u00e9v\u00e9nements comme la f\u00eate de la lutte ?<br \/>\nRiniker : <\/b>Pouvoir parler en faveur de la d\u00e9mocratie et de notre pays, expliquer quel est notre r\u00f4le en tant que pays neutre dans l&rsquo;ensemble de la structure, pouvoir \u00e9ventuellement assurer les premiers entretiens qui sont actuellement demand\u00e9s dans le conflit ukrainien : si je peux contribuer, gr\u00e2ce aux contacts par ma fonction, \u00e0 ce que nous r\u00e9ussissions, si nous pouvons le faire savoir \u00e0 l&rsquo;ext\u00e9rieur et que cela soit compris en Suisse, c&rsquo;est de loin le plus important.<\/p>\n<p><b>En quoi voyez-vous votre contribution ?<br \/>\n<\/b> <strong>Riniker :<\/strong> Au WEF, par exemple, j&rsquo;ai eu l&rsquo;occasion de m&rsquo;adresser \u00e0 diff\u00e9rents ministres europ\u00e9ens des affaires \u00e9trang\u00e8res lors d&rsquo;un d\u00eener organis\u00e9 par une fondation ukrainienne. J&rsquo;ai pu leur expliquer qu&rsquo;ils devaient faire en sorte que leurs pr\u00e9sidents de parlement viennent \u00e0 Gen\u00e8ve en juillet. Peut-\u00eatre qu&rsquo;en un ou deux entretiens, je parviendrai \u00e0 contribuer \u00e0 la stabilit\u00e9 de notre monde. Je l&rsquo;esp\u00e8re. La fonction est importante, il faut en \u00eatre conscient et l&rsquo;utiliser pour faire passer un message important. On n&rsquo;est qu&rsquo;un repr\u00e9sentant &#8211; la personne qui remplit la fonction est moins importante. Il ne s&rsquo;agit pas de moi, Maja, qui occupe une place au troisi\u00e8me rang lors d&rsquo;une f\u00eate f\u00e9d\u00e9rale de lutte.<\/p>\n<p><b>M\u00eame avec une charge de travail monstre en tant que plus haute personnalit\u00e9 suisse, parvenez-vous \u00e0 rester en forme et \u00e0 faire du jogging jusqu&rsquo;\u00e0 trois fois par semaine ?<br \/>\n<\/b> <strong>Riniker : <\/strong>Parfois. Je fais du jogging deux fois par semaine, une fois le week-end et une fois le matin. Mais je n&rsquo;ai pas de force excessive. J&rsquo;ai besoin de dormir, j&rsquo;ai besoin de mes enfants autour de moi et j&rsquo;ai un super mari. A la maison, j&rsquo;ai quelqu&rsquo;un qui nous aide trois jours par semaine pour les t\u00e2ches m\u00e9nag\u00e8res. Je suis d\u00e9j\u00e0 dans la buanderie le week-end, mais je n&rsquo;y arriverais pas sans soutien. Je ne peux le faire que parce que je peux l\u00e2cher prise \u00e0 la maison.<\/p>\n<\/div><\/section>\n\n<style type=\"text\/css\" data-created_by=\"avia_inline_auto\" id=\"style-css-av-llc465ry-f75b624155052f066fdf422a26df97ad\">\n.flex_column.av-llc465ry-f75b624155052f066fdf422a26df97ad{\npadding:0 25px 0 25px;\nbackground-color:#b2b2b2;\n}\n<\/style>\n<div class='flex_column av-llc465ry-f75b624155052f066fdf422a26df97ad av_one_full  avia-builder-el-12  el_after_av_textblock  avia-builder-el-last  first flex_column_div column-top-margin'     ><style type=\"text\/css\" data-created_by=\"avia_inline_auto\" id=\"style-css-av-ll2c83gx-cf053f42e8400d00206b281d1e18bf29\">\n#top .av_textblock_section.av-ll2c83gx-cf053f42e8400d00206b281d1e18bf29 .avia_textblock{\ncolor:#ffffff;\n}\n<\/style>\n<section  class='av_textblock_section av-ll2c83gx-cf053f42e8400d00206b281d1e18bf29'  itemscope=\"itemscope\" itemtype=\"https:\/\/schema.org\/BlogPosting\" itemprop=\"blogPost\" ><div class='avia_textblock av_inherit_color'  itemprop=\"text\" ><p>Maja Riniker (46 ans) a grandi \u00e0 Lenzburg, dans le canton d&rsquo;Argovie. Apr\u00e8s un apprentissage commercial dans une banque, elle a \u00e9tudi\u00e9 l&rsquo;\u00e9conomie d&rsquo;entreprise et a travaill\u00e9 entre autres dans le secteur de la sant\u00e9. Elle est entr\u00e9e en politique en tant que membre de la commission scolaire de Suhr, o\u00f9 elle vit avec son mari, un m\u00e9decin, et ses trois enfants \u00e2g\u00e9s de 14 \u00e0 17 ans. En 2014, Maja Riniker a \u00e9t\u00e9 \u00e9lue au Grand Conseil d&rsquo;Argovie pour le compte du PLR. Cinq ans plus tard, elle a \u00e9t\u00e9 \u00e9lue au Conseil national, qu&rsquo;elle pr\u00e9side encore jusqu&rsquo;en d\u00e9cembre.<\/p>\n<\/div><\/section><\/div>\n<\/p>\n<\/div><\/div><\/div><!-- close content main div --><\/div><\/div>\n<style type=\"text\/css\" data-created_by=\"avia_inline_auto\" id=\"style-css-av-dzp81-da28cffb59f33e3fd07afb0e81f574c1\">\n.avia-section.av-dzp81-da28cffb59f33e3fd07afb0e81f574c1{\nbackground-color:#ededed;\nbackground-image:unset;\n}\n<\/style>\n<div id='av_section_3'  class='avia-section av-dzp81-da28cffb59f33e3fd07afb0e81f574c1 main_color avia-section-default avia-no-border-styling  avia-builder-el-14  el_after_av_section  avia-builder-el-last  post_slider avia-bg-style-scroll container_wrap fullsize'  ><div class='container av-section-cont-open' ><div class='template-page content  av-content-full alpha units'><div class='post-entry post-entry-type-page post-entry-4405'><div class='entry-content-wrapper clearfix'>\n<div  data-slideshow-options=\"{&quot;animation&quot;:&quot;fade&quot;,&quot;autoplay&quot;:false,&quot;loop_autoplay&quot;:&quot;once&quot;,&quot;interval&quot;:&quot;5&quot;,&quot;loop_manual&quot;:&quot;manual-endless&quot;,&quot;autoplay_stopper&quot;:false,&quot;noNavigation&quot;:false,&quot;show_slide_delay&quot;:90}\" class='avia-content-slider avia-content-slider-active avia-content-slider1 avia-content-slider-odd  avia-builder-el-15  avia-builder-el-no-sibling  av-slideshow-ui av-control-default   av-no-slider-navigation av-slideshow-manual av-loop-once av-loop-manual-endless '  itemscope=\"itemscope\" itemtype=\"https:\/\/schema.org\/Blog\" ><div class=\"avia-content-slider-inner\"><div class=\"slide-entry-wrap\"><article class='slide-entry flex_column  post-entry post-entry-6571 slide-entry-overview slide-loop-1 slide-parity-odd  av_one_third first real-thumbnail post-format-standard'  itemscope=\"itemscope\" itemtype=\"https:\/\/schema.org\/BlogPosting\" itemprop=\"blogPost\" ><a href='https:\/\/influence.ch\/fr\/2025\/12\/23\/lempathie-contre-la-haine-comment-de-nouvelles-approches-transforment-la-culture-du-debat-numerique\/' data-rel='slide-1' class='slide-image' title='L&#8217;empathie contre la haine : comment de nouvelles approches transforment la culture du d\u00e9bat num\u00e9rique'><img decoding=\"async\" width=\"495\" height=\"400\" src=\"https:\/\/influence.ch\/wp-content\/uploads\/2022\/12\/influence_Verlaeufe_V01_5-495x400.png\" class=\"wp-image-517 avia-img-lazy-loading-not-517 attachment-portfolio size-portfolio wp-post-image\" alt=\"\" srcset=\"https:\/\/influence.ch\/wp-content\/uploads\/2022\/12\/influence_Verlaeufe_V01_5-495x400.png 495w, https:\/\/influence.ch\/wp-content\/uploads\/2022\/12\/influence_Verlaeufe_V01_5-845x684.png 845w\" sizes=\"(max-width: 495px) 100vw, 495px\" \/><\/a><div class=\"slide-content\"><header class=\"entry-content-header\"><h3 class='slide-entry-title entry-title '  itemprop=\"headline\" ><a href='https:\/\/influence.ch\/fr\/2025\/12\/23\/lempathie-contre-la-haine-comment-de-nouvelles-approches-transforment-la-culture-du-debat-numerique\/' title='L&#8217;empathie contre la haine : comment de nouvelles approches transforment la culture du d\u00e9bat num\u00e9rique'>L&#8217;empathie contre la haine : comment de nouvelles approches transforment la culture du d\u00e9bat num\u00e9rique<\/a><\/h3><span class=\"av-vertical-delimiter\"><\/span><\/header><div class=\"slide-meta\"><time class='slide-meta-time updated'  itemprop=\"datePublished\" datetime=\"2025-12-23T06:20:19+01:00\" >23 d\u00e9cembre 2025<\/time><\/div><div class='slide-entry-excerpt entry-content'  itemprop=\"text\" >Am\u00e9liorer durablement la dynamique des discussions en ligne.  <\/div><\/div><footer class=\"entry-footer\"><\/footer><span class='hidden'>\n\t\t\t\t<span class='av-structured-data'  itemprop=\"image\" itemscope=\"itemscope\" itemtype=\"https:\/\/schema.org\/ImageObject\" >\n\t\t\t\t\t\t<span itemprop='url'>https:\/\/influence.ch\/wp-content\/uploads\/2022\/12\/influence_Verlaeufe_V01_5.png<\/span>\n\t\t\t\t\t\t<span itemprop='height'>2169<\/span>\n\t\t\t\t\t\t<span itemprop='width'>2442<\/span>\n\t\t\t\t<\/span>\n\t\t\t\t<span class='av-structured-data'  itemprop=\"publisher\" itemtype=\"https:\/\/schema.org\/Organization\" itemscope=\"itemscope\" >\n\t\t\t\t\t\t<span itemprop='name'>Matthias Halbeis<\/span>\n\t\t\t\t\t\t<span itemprop='logo' itemscope itemtype='https:\/\/schema.org\/ImageObject'>\n\t\t\t\t\t\t\t<span itemprop='url'>https:\/\/influence.ch\/wp-content\/uploads\/2025\/02\/influence_Logo_FR_weiss-1030x277.png<\/span>\n\t\t\t\t\t\t <\/span>\n\t\t\t\t<\/span><span class='av-structured-data'  itemprop=\"author\" itemscope=\"itemscope\" itemtype=\"https:\/\/schema.org\/Person\" ><span itemprop='name'>Matthias Halbeis<\/span><\/span><span class='av-structured-data'  itemprop=\"datePublished\" datetime=\"2025-01-30T11:22:14+01:00\" >2025-12-23 06:20:19<\/span><span class='av-structured-data'  itemprop=\"dateModified\" itemtype=\"https:\/\/schema.org\/dateModified\" >2025-12-23 11:24:16<\/span><span class='av-structured-data'  itemprop=\"mainEntityOfPage\" itemtype=\"https:\/\/schema.org\/mainEntityOfPage\" ><span itemprop='name'>L&#8217;empathie contre la haine : comment de nouvelles approches transforment la culture du d\u00e9bat num\u00e9rique<\/span><\/span><\/span><\/article><article class='slide-entry flex_column  post-entry post-entry-4727 slide-entry-overview slide-loop-2 slide-parity-even  av_one_third  real-thumbnail post-format-standard'  itemscope=\"itemscope\" itemtype=\"https:\/\/schema.org\/BlogPosting\" itemprop=\"blogPost\" ><a href='https:\/\/influence.ch\/fr\/2025\/02\/27\/cest-ainsi-que-lon-devient-porte-parole-du-conseil-federal\/' data-rel='slide-1' class='slide-image' title='\u00ab C&rsquo;est ainsi que l&rsquo;on devient porte-parole du Conseil f\u00e9d\u00e9ral \u00bb'><img decoding=\"async\" width=\"495\" height=\"400\" src=\"https:\/\/influence.ch\/wp-content\/uploads\/2025\/02\/IMG_0095-495x400.jpg\" class=\"wp-image-4724 avia-img-lazy-loading-not-4724 attachment-portfolio size-portfolio wp-post-image\" alt=\"\" srcset=\"https:\/\/influence.ch\/wp-content\/uploads\/2025\/02\/IMG_0095-495x400.jpg 495w, https:\/\/influence.ch\/wp-content\/uploads\/2025\/02\/IMG_0095-845x684.jpg 845w\" sizes=\"(max-width: 495px) 100vw, 495px\" \/><\/a><div class=\"slide-content\"><header class=\"entry-content-header\"><h3 class='slide-entry-title entry-title '  itemprop=\"headline\" ><a href='https:\/\/influence.ch\/fr\/2025\/02\/27\/cest-ainsi-que-lon-devient-porte-parole-du-conseil-federal\/' title='\u00ab C&rsquo;est ainsi que l&rsquo;on devient porte-parole du Conseil f\u00e9d\u00e9ral \u00bb'>\u00ab C&rsquo;est ainsi que l&rsquo;on devient porte-parole du Conseil f\u00e9d\u00e9ral \u00bb<\/a><\/h3><span class=\"av-vertical-delimiter\"><\/span><\/header><div class=\"slide-meta\"><div class=\"slide-meta-comments\"><a href='https:\/\/influence.ch\/fr\/2025\/02\/27\/cest-ainsi-que-lon-devient-porte-parole-du-conseil-federal\/#respond'>0 Commentaires<\/a><\/div><div class=\"slide-meta-del\">\/<\/div><time class='slide-meta-time updated'  itemprop=\"datePublished\" datetime=\"2025-02-27T08:34:18+01:00\" >27 f\u00e9vrier 2025<\/time><\/div><div class='slide-entry-excerpt entry-content'  itemprop=\"text\" >L'ancien vice-chancelier Oswald Sigg explique les exigences auxquelles doit r\u00e9pondre le porte-parole du gouvernement - et pourquoi il devrait en fait s'appeler autrement en Suisse.  <\/div><\/div><footer class=\"entry-footer\"><\/footer><span class='hidden'>\n\t\t\t\t<span class='av-structured-data'  itemprop=\"image\" itemscope=\"itemscope\" itemtype=\"https:\/\/schema.org\/ImageObject\" >\n\t\t\t\t\t\t<span itemprop='url'>https:\/\/influence.ch\/wp-content\/uploads\/2025\/02\/IMG_0095-rotated.jpg<\/span>\n\t\t\t\t\t\t<span itemprop='height'>960<\/span>\n\t\t\t\t\t\t<span itemprop='width'>1280<\/span>\n\t\t\t\t<\/span>\n\t\t\t\t<span class='av-structured-data'  itemprop=\"publisher\" itemtype=\"https:\/\/schema.org\/Organization\" itemscope=\"itemscope\" >\n\t\t\t\t\t\t<span itemprop='name'>Eva Novak<\/span>\n\t\t\t\t\t\t<span itemprop='logo' itemscope itemtype='https:\/\/schema.org\/ImageObject'>\n\t\t\t\t\t\t\t<span itemprop='url'>https:\/\/influence.ch\/wp-content\/uploads\/2025\/02\/influence_Logo_FR_weiss-1030x277.png<\/span>\n\t\t\t\t\t\t <\/span>\n\t\t\t\t<\/span><span class='av-structured-data'  itemprop=\"author\" itemscope=\"itemscope\" itemtype=\"https:\/\/schema.org\/Person\" ><span itemprop='name'>Eva Novak<\/span><\/span><span class='av-structured-data'  itemprop=\"datePublished\" datetime=\"2025-01-30T11:22:14+01:00\" >2025-02-27 08:34:18<\/span><span class='av-structured-data'  itemprop=\"dateModified\" itemtype=\"https:\/\/schema.org\/dateModified\" >2025-02-27 19:30:20<\/span><span class='av-structured-data'  itemprop=\"mainEntityOfPage\" itemtype=\"https:\/\/schema.org\/mainEntityOfPage\" ><span itemprop='name'>\u00ab C&rsquo;est ainsi que l&rsquo;on devient porte-parole du Conseil f\u00e9d\u00e9ral \u00bb<\/span><\/span><\/span><\/article><article class='slide-entry flex_column  post-entry post-entry-4931 slide-entry-overview slide-loop-3 slide-parity-odd  av_one_third  real-thumbnail post-format-standard'  itemscope=\"itemscope\" itemtype=\"https:\/\/schema.org\/BlogPosting\" itemprop=\"blogPost\" ><a href='https:\/\/influence.ch\/fr\/2025\/03\/27\/grand-ecart-gen-z-femmes-hommes-desaccord-feminisme\/' data-rel='slide-1' class='slide-image' title='Femmes et hommes de la Gen Z en d\u00e9saccord sur le f\u00e9minisme'><img decoding=\"async\" width=\"495\" height=\"400\" src=\"https:\/\/influence.ch\/wp-content\/uploads\/2022\/12\/influence_Verlaeufe_V01_5-495x400.png\" class=\"wp-image-517 avia-img-lazy-loading-not-517 attachment-portfolio size-portfolio wp-post-image\" alt=\"\" srcset=\"https:\/\/influence.ch\/wp-content\/uploads\/2022\/12\/influence_Verlaeufe_V01_5-495x400.png 495w, https:\/\/influence.ch\/wp-content\/uploads\/2022\/12\/influence_Verlaeufe_V01_5-845x684.png 845w\" sizes=\"(max-width: 495px) 100vw, 495px\" \/><\/a><div class=\"slide-content\"><header class=\"entry-content-header\"><h3 class='slide-entry-title entry-title '  itemprop=\"headline\" ><a href='https:\/\/influence.ch\/fr\/2025\/03\/27\/grand-ecart-gen-z-femmes-hommes-desaccord-feminisme\/' title='Femmes et hommes de la Gen Z en d\u00e9saccord sur le f\u00e9minisme'>Femmes et hommes de la Gen Z en d\u00e9saccord sur le f\u00e9minisme<\/a><\/h3><span class=\"av-vertical-delimiter\"><\/span><\/header><div class=\"slide-meta\"><div class=\"slide-meta-comments\"><a href='https:\/\/influence.ch\/fr\/2025\/03\/27\/grand-ecart-gen-z-femmes-hommes-desaccord-feminisme\/#respond'>0 Commentaires<\/a><\/div><div class=\"slide-meta-del\">\/<\/div><time class='slide-meta-time updated'  itemprop=\"datePublished\" datetime=\"2025-03-27T15:04:41+01:00\" >27 mars 2025<\/time><\/div><div class='slide-entry-excerpt entry-content'  itemprop=\"text\" >Une \u00e9tude internationale r\u00e9v\u00e8le des diff\u00e9rences d'opinion importantes parmi les jeunes sur l'\u00e9galit\u00e9 des droits.<\/div><\/div><footer class=\"entry-footer\"><\/footer><span class='hidden'>\n\t\t\t\t<span class='av-structured-data'  itemprop=\"image\" itemscope=\"itemscope\" itemtype=\"https:\/\/schema.org\/ImageObject\" >\n\t\t\t\t\t\t<span itemprop='url'>https:\/\/influence.ch\/wp-content\/uploads\/2022\/12\/influence_Verlaeufe_V01_5.png<\/span>\n\t\t\t\t\t\t<span itemprop='height'>2169<\/span>\n\t\t\t\t\t\t<span itemprop='width'>2442<\/span>\n\t\t\t\t<\/span>\n\t\t\t\t<span class='av-structured-data'  itemprop=\"publisher\" itemtype=\"https:\/\/schema.org\/Organization\" itemscope=\"itemscope\" >\n\t\t\t\t\t\t<span itemprop='name'>Matthias Halbeis<\/span>\n\t\t\t\t\t\t<span itemprop='logo' itemscope itemtype='https:\/\/schema.org\/ImageObject'>\n\t\t\t\t\t\t\t<span itemprop='url'>https:\/\/influence.ch\/wp-content\/uploads\/2025\/02\/influence_Logo_FR_weiss-1030x277.png<\/span>\n\t\t\t\t\t\t <\/span>\n\t\t\t\t<\/span><span class='av-structured-data'  itemprop=\"author\" itemscope=\"itemscope\" itemtype=\"https:\/\/schema.org\/Person\" ><span itemprop='name'>Matthias Halbeis<\/span><\/span><span class='av-structured-data'  itemprop=\"datePublished\" datetime=\"2025-01-30T11:22:14+01:00\" >2025-03-27 15:04:41<\/span><span class='av-structured-data'  itemprop=\"dateModified\" itemtype=\"https:\/\/schema.org\/dateModified\" >2025-03-28 09:45:32<\/span><span class='av-structured-data'  itemprop=\"mainEntityOfPage\" itemtype=\"https:\/\/schema.org\/mainEntityOfPage\" ><span itemprop='name'>Femmes et hommes de la Gen Z en d\u00e9saccord sur le f\u00e9minisme<\/span><\/span><\/span><\/article><\/div><div class=\"slide-entry-wrap\"><article class='slide-entry flex_column  post-entry post-entry-4405 slide-entry-overview slide-loop-4 slide-parity-odd  av_one_third first real-thumbnail post-format-standard'  itemscope=\"itemscope\" itemtype=\"https:\/\/schema.org\/BlogPosting\" itemprop=\"blogPost\" ><a href='https:\/\/influence.ch\/fr\/2025\/01\/30\/jai-une-chance-inouie\/' data-rel='slide-1' class='slide-image' title='\u00ab J&rsquo;ai une chance inou\u00efe \u00bb'><img decoding=\"async\" width=\"1\" height=\"1\" src=\"https:\/\/influence.ch\/wp-content\/uploads\/2025\/01\/Maja-Riniker_R.Ruis_0001_2-scaled.jpg\" class=\"wp-image-4376 avia-img-lazy-loading-not-4376 attachment-portfolio size-portfolio wp-post-image\" alt=\"\" \/><\/a><div class=\"slide-content\"><header class=\"entry-content-header\"><h3 class='slide-entry-title entry-title '  itemprop=\"headline\" ><a href='https:\/\/influence.ch\/fr\/2025\/01\/30\/jai-une-chance-inouie\/' title='\u00ab J&rsquo;ai une chance inou\u00efe \u00bb'>\u00ab J&rsquo;ai une chance inou\u00efe \u00bb<\/a><\/h3><span class=\"av-vertical-delimiter\"><\/span><\/header><div class=\"slide-meta\"><div class=\"slide-meta-comments\"><a href='https:\/\/influence.ch\/fr\/2025\/01\/30\/jai-une-chance-inouie\/#respond'>0 Commentaires<\/a><\/div><div class=\"slide-meta-del\">\/<\/div><time class='slide-meta-time updated'  itemprop=\"datePublished\" datetime=\"2025-01-30T11:22:14+01:00\" >30 janvier 2025<\/time><\/div><div class='slide-entry-excerpt entry-content'  itemprop=\"text\" >La conseill\u00e8re nationale PLR Maja Riniker est actuellement la plus haute personnalit\u00e9 suisse. Son ann\u00e9e pr\u00e9sidentielle est jalonn\u00e9e d'\u00e9v\u00e9nements majeurs, de l'\u00e9lection du Conseil f\u00e9d\u00e9ral \u00e0 l'Exposition universelle d'Osaka en passant par la F\u00e9d\u00e9rale.   <\/div><\/div><footer class=\"entry-footer\"><\/footer><span class='hidden'>\n\t\t\t\t<span class='av-structured-data'  itemprop=\"image\" itemscope=\"itemscope\" itemtype=\"https:\/\/schema.org\/ImageObject\" >\n\t\t\t\t\t\t<span itemprop='url'>https:\/\/influence.ch\/wp-content\/uploads\/2025\/01\/Maja-Riniker_R.Ruis_0001_2-scaled.jpg<\/span>\n\t\t\t\t\t\t<span itemprop='height'>0<\/span>\n\t\t\t\t\t\t<span itemprop='width'>0<\/span>\n\t\t\t\t<\/span>\n\t\t\t\t<span class='av-structured-data'  itemprop=\"publisher\" itemtype=\"https:\/\/schema.org\/Organization\" itemscope=\"itemscope\" >\n\t\t\t\t\t\t<span itemprop='name'>Eva Novak<\/span>\n\t\t\t\t\t\t<span itemprop='logo' itemscope itemtype='https:\/\/schema.org\/ImageObject'>\n\t\t\t\t\t\t\t<span itemprop='url'>https:\/\/influence.ch\/wp-content\/uploads\/2025\/02\/influence_Logo_FR_weiss-1030x277.png<\/span>\n\t\t\t\t\t\t <\/span>\n\t\t\t\t<\/span><span class='av-structured-data'  itemprop=\"author\" itemscope=\"itemscope\" itemtype=\"https:\/\/schema.org\/Person\" ><span itemprop='name'>Eva Novak<\/span><\/span><span class='av-structured-data'  itemprop=\"datePublished\" datetime=\"2025-01-30T11:22:14+01:00\" >2025-01-30 11:22:14<\/span><span class='av-structured-data'  itemprop=\"dateModified\" itemtype=\"https:\/\/schema.org\/dateModified\" >2025-02-27 19:32:40<\/span><span class='av-structured-data'  itemprop=\"mainEntityOfPage\" itemtype=\"https:\/\/schema.org\/mainEntityOfPage\" ><span itemprop='name'>\u00ab J&rsquo;ai une chance inou\u00efe \u00bb<\/span><\/span><\/span><\/article><article class='slide-entry flex_column  post-entry post-entry-5182 slide-entry-overview slide-loop-5 slide-parity-even  av_one_third  real-thumbnail post-format-standard'  itemscope=\"itemscope\" itemtype=\"https:\/\/schema.org\/BlogPosting\" itemprop=\"blogPost\" ><a href='https:\/\/influence.ch\/fr\/2025\/03\/27\/qui-ecrit-les-articles-pour-cette-plate-forme\/' data-rel='slide-1' class='slide-image' title='Qui \u00e9crit les articles pour cette plate-forme'><img decoding=\"async\" width=\"495\" height=\"400\" src=\"https:\/\/influence.ch\/wp-content\/uploads\/2022\/12\/influence_Verlaufe_ausgelesen-495x400.png\" class=\"wp-image-4344 avia-img-lazy-loading-not-4344 attachment-portfolio size-portfolio wp-post-image\" alt=\"\" srcset=\"https:\/\/influence.ch\/wp-content\/uploads\/2022\/12\/influence_Verlaufe_ausgelesen-495x400.png 495w, https:\/\/influence.ch\/wp-content\/uploads\/2022\/12\/influence_Verlaufe_ausgelesen-845x684.png 845w\" sizes=\"(max-width: 495px) 100vw, 495px\" \/><\/a><div class=\"slide-content\"><header class=\"entry-content-header\"><h3 class='slide-entry-title entry-title '  itemprop=\"headline\" ><a href='https:\/\/influence.ch\/fr\/2025\/03\/27\/qui-ecrit-les-articles-pour-cette-plate-forme\/' title='Qui \u00e9crit les articles pour cette plate-forme'>Qui \u00e9crit les articles pour cette plate-forme<\/a><\/h3><span class=\"av-vertical-delimiter\"><\/span><\/header><div class=\"slide-meta\"><div class=\"slide-meta-comments\"><a href='https:\/\/influence.ch\/fr\/2025\/03\/27\/qui-ecrit-les-articles-pour-cette-plate-forme\/#respond'>0 Commentaires<\/a><\/div><div class=\"slide-meta-del\">\/<\/div><time class='slide-meta-time updated'  itemprop=\"datePublished\" datetime=\"2025-03-27T14:45:57+01:00\" >27 mars 2025<\/time><\/div><div class='slide-entry-excerpt entry-content'  itemprop=\"text\" >D\u00e9couvrez l'expertise de furrerhugi dans influence.ch<\/div><\/div><footer class=\"entry-footer\"><\/footer><span class='hidden'>\n\t\t\t\t<span class='av-structured-data'  itemprop=\"image\" itemscope=\"itemscope\" itemtype=\"https:\/\/schema.org\/ImageObject\" >\n\t\t\t\t\t\t<span itemprop='url'>https:\/\/influence.ch\/wp-content\/uploads\/2022\/12\/influence_Verlaufe_ausgelesen.png<\/span>\n\t\t\t\t\t\t<span itemprop='height'>2169<\/span>\n\t\t\t\t\t\t<span itemprop='width'>2442<\/span>\n\t\t\t\t<\/span>\n\t\t\t\t<span class='av-structured-data'  itemprop=\"publisher\" itemtype=\"https:\/\/schema.org\/Organization\" itemscope=\"itemscope\" >\n\t\t\t\t\t\t<span itemprop='name'>Matthias Halbeis<\/span>\n\t\t\t\t\t\t<span itemprop='logo' itemscope itemtype='https:\/\/schema.org\/ImageObject'>\n\t\t\t\t\t\t\t<span itemprop='url'>https:\/\/influence.ch\/wp-content\/uploads\/2025\/02\/influence_Logo_FR_weiss-1030x277.png<\/span>\n\t\t\t\t\t\t <\/span>\n\t\t\t\t<\/span><span class='av-structured-data'  itemprop=\"author\" itemscope=\"itemscope\" itemtype=\"https:\/\/schema.org\/Person\" ><span itemprop='name'>Matthias Halbeis<\/span><\/span><span class='av-structured-data'  itemprop=\"datePublished\" datetime=\"2025-01-30T11:22:14+01:00\" >2025-03-27 14:45:57<\/span><span class='av-structured-data'  itemprop=\"dateModified\" itemtype=\"https:\/\/schema.org\/dateModified\" >2025-03-27 19:42:52<\/span><span class='av-structured-data'  itemprop=\"mainEntityOfPage\" itemtype=\"https:\/\/schema.org\/mainEntityOfPage\" ><span itemprop='name'>Qui \u00e9crit les articles pour cette plate-forme<\/span><\/span><\/span><\/article><article class='slide-entry flex_column  post-entry post-entry-7124 slide-entry-overview slide-loop-6 slide-parity-odd  av_one_third  real-thumbnail post-format-standard'  itemscope=\"itemscope\" itemtype=\"https:\/\/schema.org\/BlogPosting\" itemprop=\"blogPost\" ><a href='https:\/\/influence.ch\/fr\/2026\/03\/26\/quand-la-democratie-seffrite\/' data-rel='slide-1' class='slide-image' title='Quand la d\u00e9mocratie s&rsquo;effrite'><img decoding=\"async\" width=\"495\" height=\"400\" src=\"https:\/\/influence.ch\/wp-content\/uploads\/2025\/02\/influence_Verlaufe_politik-495x400.png\" class=\"wp-image-4694 avia-img-lazy-loading-not-4694 attachment-portfolio size-portfolio wp-post-image\" alt=\"\" srcset=\"https:\/\/influence.ch\/wp-content\/uploads\/2025\/02\/influence_Verlaufe_politik-495x400.png 495w, https:\/\/influence.ch\/wp-content\/uploads\/2025\/02\/influence_Verlaufe_politik-845x684.png 845w\" sizes=\"(max-width: 495px) 100vw, 495px\" \/><\/a><div class=\"slide-content\"><header class=\"entry-content-header\"><h3 class='slide-entry-title entry-title '  itemprop=\"headline\" ><a href='https:\/\/influence.ch\/fr\/2026\/03\/26\/quand-la-democratie-seffrite\/' title='Quand la d\u00e9mocratie s&rsquo;effrite'>Quand la d\u00e9mocratie s&rsquo;effrite<\/a><\/h3><span class=\"av-vertical-delimiter\"><\/span><\/header><div class=\"slide-meta\"><div class=\"slide-meta-comments\"><a href='https:\/\/influence.ch\/fr\/2026\/03\/26\/quand-la-democratie-seffrite\/#respond'>0 Commentaires<\/a><\/div><div class=\"slide-meta-del\">\/<\/div><time class='slide-meta-time updated'  itemprop=\"datePublished\" datetime=\"2026-03-26T14:23:53+01:00\" >26 mars 2026<\/time><\/div><div class='slide-entry-excerpt entry-content'  itemprop=\"text\" >Pourquoi les CEO suisses ne peuvent plus se taire<\/div><\/div><footer class=\"entry-footer\"><\/footer><span class='hidden'>\n\t\t\t\t<span class='av-structured-data'  itemprop=\"image\" itemscope=\"itemscope\" itemtype=\"https:\/\/schema.org\/ImageObject\" >\n\t\t\t\t\t\t<span itemprop='url'>https:\/\/influence.ch\/wp-content\/uploads\/2025\/02\/influence_Verlaufe_politik.png<\/span>\n\t\t\t\t\t\t<span itemprop='height'>2169<\/span>\n\t\t\t\t\t\t<span itemprop='width'>2442<\/span>\n\t\t\t\t<\/span>\n\t\t\t\t<span class='av-structured-data'  itemprop=\"publisher\" itemtype=\"https:\/\/schema.org\/Organization\" itemscope=\"itemscope\" >\n\t\t\t\t\t\t<span itemprop='name'>Matthias Halbeis<\/span>\n\t\t\t\t\t\t<span itemprop='logo' itemscope itemtype='https:\/\/schema.org\/ImageObject'>\n\t\t\t\t\t\t\t<span itemprop='url'>https:\/\/influence.ch\/wp-content\/uploads\/2025\/02\/influence_Logo_FR_weiss-1030x277.png<\/span>\n\t\t\t\t\t\t <\/span>\n\t\t\t\t<\/span><span class='av-structured-data'  itemprop=\"author\" itemscope=\"itemscope\" itemtype=\"https:\/\/schema.org\/Person\" ><span itemprop='name'>Matthias Halbeis<\/span><\/span><span class='av-structured-data'  itemprop=\"datePublished\" datetime=\"2025-01-30T11:22:14+01:00\" >2026-03-26 14:23:53<\/span><span class='av-structured-data'  itemprop=\"dateModified\" itemtype=\"https:\/\/schema.org\/dateModified\" >2026-03-27 08:40:21<\/span><span class='av-structured-data'  itemprop=\"mainEntityOfPage\" itemtype=\"https:\/\/schema.org\/mainEntityOfPage\" ><span itemprop='name'>Quand la d\u00e9mocratie s&rsquo;effrite<\/span><\/span><\/span><\/article><\/div><div class=\"slide-entry-wrap\"><article class='slide-entry flex_column  post-entry post-entry-5803 slide-entry-overview slide-loop-7 slide-parity-odd  av_one_third first real-thumbnail post-format-standard'  itemscope=\"itemscope\" itemtype=\"https:\/\/schema.org\/BlogPosting\" itemprop=\"blogPost\" ><a href='https:\/\/influence.ch\/fr\/2025\/08\/28\/les-17-regles-de-la-propagande-sovietique-et-pourquoi-elles-fonctionnent-encore-aujourdhui\/' data-rel='slide-1' class='slide-image' title='Propagande sovi\u00e9tique &#8211; elle fonctionne encore'><img decoding=\"async\" width=\"495\" height=\"400\" src=\"https:\/\/influence.ch\/wp-content\/uploads\/2022\/12\/influence_Verlaeufe_V01_7-495x400.png\" class=\"wp-image-529 avia-img-lazy-loading-not-529 attachment-portfolio size-portfolio wp-post-image\" alt=\"\" srcset=\"https:\/\/influence.ch\/wp-content\/uploads\/2022\/12\/influence_Verlaeufe_V01_7-495x400.png 495w, https:\/\/influence.ch\/wp-content\/uploads\/2022\/12\/influence_Verlaeufe_V01_7-845x684.png 845w\" sizes=\"(max-width: 495px) 100vw, 495px\" \/><\/a><div class=\"slide-content\"><header class=\"entry-content-header\"><h3 class='slide-entry-title entry-title '  itemprop=\"headline\" ><a href='https:\/\/influence.ch\/fr\/2025\/08\/28\/les-17-regles-de-la-propagande-sovietique-et-pourquoi-elles-fonctionnent-encore-aujourdhui\/' title='Propagande sovi\u00e9tique &#8211; elle fonctionne encore'>Propagande sovi\u00e9tique &#8211; elle fonctionne encore<\/a><\/h3><span class=\"av-vertical-delimiter\"><\/span><\/header><div class=\"slide-meta\"><div class=\"slide-meta-comments\"><a href='https:\/\/influence.ch\/fr\/2025\/08\/28\/les-17-regles-de-la-propagande-sovietique-et-pourquoi-elles-fonctionnent-encore-aujourdhui\/#respond'>0 Commentaires<\/a><\/div><div class=\"slide-meta-del\">\/<\/div><time class='slide-meta-time updated'  itemprop=\"datePublished\" datetime=\"2025-08-28T09:21:57+02:00\" >28 ao\u00fbt 2025<\/time><\/div><div class='slide-entry-excerpt entry-content'  itemprop=\"text\" >Quand Poutine communique avec le monde, il tente de le manipuler selon les r\u00e8gles de l'art<\/div><\/div><footer class=\"entry-footer\"><\/footer><span class='hidden'>\n\t\t\t\t<span class='av-structured-data'  itemprop=\"image\" itemscope=\"itemscope\" itemtype=\"https:\/\/schema.org\/ImageObject\" >\n\t\t\t\t\t\t<span itemprop='url'>https:\/\/influence.ch\/wp-content\/uploads\/2022\/12\/influence_Verlaeufe_V01_7.png<\/span>\n\t\t\t\t\t\t<span itemprop='height'>2169<\/span>\n\t\t\t\t\t\t<span itemprop='width'>2442<\/span>\n\t\t\t\t<\/span>\n\t\t\t\t<span class='av-structured-data'  itemprop=\"publisher\" itemtype=\"https:\/\/schema.org\/Organization\" itemscope=\"itemscope\" >\n\t\t\t\t\t\t<span itemprop='name'>Andreas Hugi<\/span>\n\t\t\t\t\t\t<span itemprop='logo' itemscope itemtype='https:\/\/schema.org\/ImageObject'>\n\t\t\t\t\t\t\t<span itemprop='url'>https:\/\/influence.ch\/wp-content\/uploads\/2025\/02\/influence_Logo_FR_weiss-1030x277.png<\/span>\n\t\t\t\t\t\t <\/span>\n\t\t\t\t<\/span><span class='av-structured-data'  itemprop=\"author\" itemscope=\"itemscope\" itemtype=\"https:\/\/schema.org\/Person\" ><span itemprop='name'>Andreas Hugi<\/span><\/span><span class='av-structured-data'  itemprop=\"datePublished\" datetime=\"2025-01-30T11:22:14+01:00\" >2025-08-28 09:21:57<\/span><span class='av-structured-data'  itemprop=\"dateModified\" itemtype=\"https:\/\/schema.org\/dateModified\" >2025-08-28 16:21:32<\/span><span class='av-structured-data'  itemprop=\"mainEntityOfPage\" itemtype=\"https:\/\/schema.org\/mainEntityOfPage\" ><span itemprop='name'>Propagande sovi\u00e9tique &#8211; elle fonctionne encore<\/span><\/span><\/span><\/article><article class='slide-entry flex_column  post-entry post-entry-6810 slide-entry-overview slide-loop-8 slide-parity-even  av_one_third  real-thumbnail post-format-standard'  itemscope=\"itemscope\" itemtype=\"https:\/\/schema.org\/BlogPosting\" itemprop=\"blogPost\" ><a href='https:\/\/influence.ch\/fr\/2026\/01\/29\/je-voterais-exactement-de-la-meme-maniere\/' data-rel='slide-1' class='slide-image' title='\u00ab Je voterais exactement de la m\u00eame mani\u00e8re \u00bb'><img decoding=\"async\" width=\"495\" height=\"400\" src=\"https:\/\/influence.ch\/wp-content\/uploads\/2026\/01\/DSC3949-495x400.jpg\" class=\"wp-image-6802 avia-img-lazy-loading-not-6802 attachment-portfolio size-portfolio wp-post-image\" alt=\"\" srcset=\"https:\/\/influence.ch\/wp-content\/uploads\/2026\/01\/DSC3949-495x400.jpg 495w, https:\/\/influence.ch\/wp-content\/uploads\/2026\/01\/DSC3949-845x684.jpg 845w\" sizes=\"(max-width: 495px) 100vw, 495px\" \/><\/a><div class=\"slide-content\"><header class=\"entry-content-header\"><h3 class='slide-entry-title entry-title '  itemprop=\"headline\" ><a href='https:\/\/influence.ch\/fr\/2026\/01\/29\/je-voterais-exactement-de-la-meme-maniere\/' title='\u00ab Je voterais exactement de la m\u00eame mani\u00e8re \u00bb'>\u00ab Je voterais exactement de la m\u00eame mani\u00e8re \u00bb<\/a><\/h3><span class=\"av-vertical-delimiter\"><\/span><\/header><div class=\"slide-meta\"><div class=\"slide-meta-comments\"><a href='https:\/\/influence.ch\/fr\/2026\/01\/29\/je-voterais-exactement-de-la-meme-maniere\/#respond'>0 Commentaires<\/a><\/div><div class=\"slide-meta-del\">\/<\/div><time class='slide-meta-time updated'  itemprop=\"datePublished\" datetime=\"2026-01-29T10:21:41+01:00\" >29 janvier 2026<\/time><\/div><div class='slide-entry-excerpt entry-content'  itemprop=\"text\" >Le pr\u00e9sident du Conseil national Pierre-Andr\u00e9 Page explique que son vote d\u00e9cisif n'\u00e9tait pas dirig\u00e9 contre les femmes, pourquoi il se rend au Canada et non aux \u00c9tats-Unis, et ce que la Suisse peut apprendre de Fribourg.<\/div><\/div><footer class=\"entry-footer\"><\/footer><span class='hidden'>\n\t\t\t\t<span class='av-structured-data'  itemprop=\"image\" itemscope=\"itemscope\" itemtype=\"https:\/\/schema.org\/ImageObject\" >\n\t\t\t\t\t\t<span itemprop='url'>https:\/\/influence.ch\/wp-content\/uploads\/2026\/01\/DSC3949.jpg<\/span>\n\t\t\t\t\t\t<span itemprop='height'>1500<\/span>\n\t\t\t\t\t\t<span itemprop='width'>2250<\/span>\n\t\t\t\t<\/span>\n\t\t\t\t<span class='av-structured-data'  itemprop=\"publisher\" itemtype=\"https:\/\/schema.org\/Organization\" itemscope=\"itemscope\" >\n\t\t\t\t\t\t<span itemprop='name'>Patrick Blaser<\/span>\n\t\t\t\t\t\t<span itemprop='logo' itemscope itemtype='https:\/\/schema.org\/ImageObject'>\n\t\t\t\t\t\t\t<span itemprop='url'>https:\/\/influence.ch\/wp-content\/uploads\/2025\/02\/influence_Logo_FR_weiss-1030x277.png<\/span>\n\t\t\t\t\t\t <\/span>\n\t\t\t\t<\/span><span class='av-structured-data'  itemprop=\"author\" itemscope=\"itemscope\" itemtype=\"https:\/\/schema.org\/Person\" ><span itemprop='name'>Patrick Blaser<\/span><\/span><span class='av-structured-data'  itemprop=\"datePublished\" datetime=\"2025-01-30T11:22:14+01:00\" >2026-01-29 10:21:41<\/span><span class='av-structured-data'  itemprop=\"dateModified\" itemtype=\"https:\/\/schema.org\/dateModified\" >2026-01-29 17:54:17<\/span><span class='av-structured-data'  itemprop=\"mainEntityOfPage\" itemtype=\"https:\/\/schema.org\/mainEntityOfPage\" ><span itemprop='name'>\u00ab Je voterais exactement de la m\u00eame mani\u00e8re \u00bb<\/span><\/span><\/span><\/article><article class='slide-entry flex_column  post-entry post-entry-5905 slide-entry-overview slide-loop-9 slide-parity-odd  post-entry-last  av_one_third  real-thumbnail post-format-standard'  itemscope=\"itemscope\" itemtype=\"https:\/\/schema.org\/BlogPosting\" itemprop=\"blogPost\" ><a href='https:\/\/influence.ch\/fr\/2025\/08\/28\/dans-un-monde-trouble-lintelligence-collective-est-indispensable\/' data-rel='slide-1' class='slide-image' title='\u00ab\u202fDans un monde troubl\u00e9, l\u2019intelligence collective est indispensable.\u202f\u00bb'><img decoding=\"async\" width=\"495\" height=\"400\" src=\"https:\/\/influence.ch\/wp-content\/uploads\/2025\/08\/vincent_subilia-495x400.jpg\" class=\"wp-image-5903 avia-img-lazy-loading-not-5903 attachment-portfolio size-portfolio wp-post-image\" alt=\"\" srcset=\"https:\/\/influence.ch\/wp-content\/uploads\/2025\/08\/vincent_subilia-495x400.jpg 495w, https:\/\/influence.ch\/wp-content\/uploads\/2025\/08\/vincent_subilia-845x684.jpg 845w\" sizes=\"(max-width: 495px) 100vw, 495px\" \/><\/a><div class=\"slide-content\"><header class=\"entry-content-header\"><h3 class='slide-entry-title entry-title '  itemprop=\"headline\" ><a href='https:\/\/influence.ch\/fr\/2025\/08\/28\/dans-un-monde-trouble-lintelligence-collective-est-indispensable\/' title='\u00ab\u202fDans un monde troubl\u00e9, l\u2019intelligence collective est indispensable.\u202f\u00bb'>\u00ab\u202fDans un monde troubl\u00e9, l\u2019intelligence collective est indispensable.\u202f\u00bb<\/a><\/h3><span class=\"av-vertical-delimiter\"><\/span><\/header><div class=\"slide-meta\"><div class=\"slide-meta-comments\"><a href='https:\/\/influence.ch\/fr\/2025\/08\/28\/dans-un-monde-trouble-lintelligence-collective-est-indispensable\/#respond'>0 Commentaires<\/a><\/div><div class=\"slide-meta-del\">\/<\/div><time class='slide-meta-time updated'  itemprop=\"datePublished\" datetime=\"2025-08-28T09:30:13+02:00\" >28 ao\u00fbt 2025<\/time><\/div><div class='slide-entry-excerpt entry-content'  itemprop=\"text\" >Le directeur de la CCIG Vincent Subilia a pris la pr\u00e9sidence de la fa\u00eeti\u00e8re regroupant les 19 chambres de commerce suisses et du Liechtenstein en juin dernier.<\/div><\/div><footer class=\"entry-footer\"><\/footer><span class='hidden'>\n\t\t\t\t<span class='av-structured-data'  itemprop=\"image\" itemscope=\"itemscope\" itemtype=\"https:\/\/schema.org\/ImageObject\" >\n\t\t\t\t\t\t<span itemprop='url'>https:\/\/influence.ch\/wp-content\/uploads\/2025\/08\/vincent_subilia.jpg<\/span>\n\t\t\t\t\t\t<span itemprop='height'>751<\/span>\n\t\t\t\t\t\t<span itemprop='width'>1335<\/span>\n\t\t\t\t<\/span>\n\t\t\t\t<span class='av-structured-data'  itemprop=\"publisher\" itemtype=\"https:\/\/schema.org\/Organization\" itemscope=\"itemscope\" >\n\t\t\t\t\t\t<span itemprop='name'>Chrystel Domenjoz<\/span>\n\t\t\t\t\t\t<span itemprop='logo' itemscope itemtype='https:\/\/schema.org\/ImageObject'>\n\t\t\t\t\t\t\t<span itemprop='url'>https:\/\/influence.ch\/wp-content\/uploads\/2025\/02\/influence_Logo_FR_weiss-1030x277.png<\/span>\n\t\t\t\t\t\t <\/span>\n\t\t\t\t<\/span><span class='av-structured-data'  itemprop=\"author\" itemscope=\"itemscope\" itemtype=\"https:\/\/schema.org\/Person\" ><span itemprop='name'>Chrystel Domenjoz<\/span><\/span><span class='av-structured-data'  itemprop=\"datePublished\" datetime=\"2025-01-30T11:22:14+01:00\" >2025-08-28 09:30:13<\/span><span class='av-structured-data'  itemprop=\"dateModified\" itemtype=\"https:\/\/schema.org\/dateModified\" >2025-08-29 09:09:24<\/span><span class='av-structured-data'  itemprop=\"mainEntityOfPage\" itemtype=\"https:\/\/schema.org\/mainEntityOfPage\" ><span itemprop='name'>\u00ab\u202fDans un monde troubl\u00e9, l\u2019intelligence collective est indispensable.\u202f\u00bb<\/span><\/span><\/span><\/article><\/div><\/div><div class='avia-slideshow-arrows avia-slideshow-controls' ><a href='#prev' class='prev-slide ' aria-hidden='true' data-av_icon='\ue87c' data-av_iconfont='entypo-fontello'  tabindex='-1'>Pr\u00e9c\u00e9dent<\/a><a href='#next' class='next-slide ' aria-hidden='true' data-av_icon='\ue87d' data-av_iconfont='entypo-fontello'  tabindex='-1'>Suivant<\/a><\/div><\/div>\n\n","protected":false},"excerpt":{"rendered":"<p>La conseill\u00e8re nationale PLR Maja Riniker est actuellement la plus haute personnalit\u00e9 suisse. Son ann\u00e9e pr\u00e9sidentielle est jalonn\u00e9e d&rsquo;\u00e9v\u00e9nements majeurs, de l&rsquo;\u00e9lection du Conseil f\u00e9d\u00e9ral \u00e0 l&rsquo;Exposition universelle d&rsquo;Osaka en passant par la F\u00e9d\u00e9rale.   <\/p>\n","protected":false},"author":4,"featured_media":4376,"comment_status":"open","ping_status":"open","sticky":false,"template":"","format":"standard","meta":{"footnotes":""},"categories":[50],"tags":[58],"class_list":["post-4405","post","type-post","status-publish","format-standard","has-post-thumbnail","hentry","category-lentretien","tag-landscape"],"yoast_head":"<!-- This site is optimized with the Yoast SEO plugin v27.0 - https:\/\/yoast.com\/product\/yoast-seo-wordpress\/ -->\n<title>\u00ab J&#039;ai une chance inou\u00efe \u00bb - influence powered by furrerhugi<\/title>\n<meta name=\"description\" content=\"La conseill\u00e8re nationale PLR Maja Riniker est actuellement la plus haute personnalit\u00e9 suisse. Son ann\u00e9e pr\u00e9sidentielle est jalonn\u00e9e d&#039;\u00e9v\u00e9nements majeurs, de l&#039;\u00e9lection du Conseil f\u00e9d\u00e9ral \u00e0 l&#039;Exposition universelle d&#039;Osaka en passant par la F\u00e9d\u00e9rale.\" \/>\n<meta name=\"robots\" content=\"index, follow, max-snippet:-1, max-image-preview:large, max-video-preview:-1\" \/>\n<link rel=\"canonical\" href=\"https:\/\/influence.ch\/fr\/2025\/01\/30\/jai-une-chance-inouie\/\" \/>\n<meta property=\"og:locale\" content=\"fr_FR\" \/>\n<meta property=\"og:type\" content=\"article\" \/>\n<meta property=\"og:title\" content=\"\u00ab J&#039;ai une chance inou\u00efe \u00bb - influence powered by furrerhugi\" \/>\n<meta property=\"og:description\" content=\"La conseill\u00e8re nationale PLR Maja Riniker est actuellement la plus haute personnalit\u00e9 suisse. Son ann\u00e9e pr\u00e9sidentielle est jalonn\u00e9e d&#039;\u00e9v\u00e9nements majeurs, de l&#039;\u00e9lection du Conseil f\u00e9d\u00e9ral \u00e0 l&#039;Exposition universelle d&#039;Osaka en passant par la F\u00e9d\u00e9rale.\" \/>\n<meta property=\"og:url\" content=\"https:\/\/influence.ch\/fr\/2025\/01\/30\/jai-une-chance-inouie\/\" \/>\n<meta property=\"og:site_name\" content=\"influence powered by furrerhugi\" \/>\n<meta property=\"article:published_time\" content=\"2025-01-30T10:22:14+00:00\" \/>\n<meta property=\"article:modified_time\" content=\"2025-02-27T18:32:40+00:00\" \/>\n<meta property=\"og:image\" content=\"https:\/\/influence.ch\/wp-content\/uploads\/2025\/01\/Maja-Riniker_R.Ruis_0001_2-scaled.jpg\" \/>\n\t<meta property=\"og:image:width\" content=\"1\" \/>\n\t<meta property=\"og:image:height\" content=\"1\" \/>\n\t<meta property=\"og:image:type\" content=\"image\/jpeg\" \/>\n<meta name=\"author\" content=\"Eva Novak\" \/>\n<meta name=\"twitter:card\" content=\"summary_large_image\" \/>\n<meta name=\"twitter:label1\" content=\"\u00c9crit par\" \/>\n\t<meta name=\"twitter:data1\" content=\"Eva Novak\" \/>\n\t<meta name=\"twitter:label2\" content=\"Dur\u00e9e de lecture estim\u00e9e\" \/>\n\t<meta name=\"twitter:data2\" content=\"14 minutes\" \/>\n<script type=\"application\/ld+json\" class=\"yoast-schema-graph\">{\"@context\":\"https:\/\/schema.org\",\"@graph\":[{\"@type\":\"Article\",\"@id\":\"https:\/\/influence.ch\/fr\/2025\/01\/30\/jai-une-chance-inouie\/#article\",\"isPartOf\":{\"@id\":\"https:\/\/influence.ch\/fr\/2025\/01\/30\/jai-une-chance-inouie\/\"},\"author\":{\"name\":\"Eva Novak\",\"@id\":\"https:\/\/influence.ch\/#\/schema\/person\/99fd58292bbc4b9334a375c3d2f822a5\"},\"headline\":\"\u00ab J&rsquo;ai une chance inou\u00efe \u00bb\",\"datePublished\":\"2025-01-30T10:22:14+00:00\",\"dateModified\":\"2025-02-27T18:32:40+00:00\",\"mainEntityOfPage\":{\"@id\":\"https:\/\/influence.ch\/fr\/2025\/01\/30\/jai-une-chance-inouie\/\"},\"wordCount\":3794,\"commentCount\":0,\"image\":{\"@id\":\"https:\/\/influence.ch\/fr\/2025\/01\/30\/jai-une-chance-inouie\/#primaryimage\"},\"thumbnailUrl\":\"https:\/\/influence.ch\/wp-content\/uploads\/2025\/01\/Maja-Riniker_R.Ruis_0001_2-scaled.jpg\",\"keywords\":[\"Landscape\"],\"articleSection\":[\"*L'entretien*\"],\"inLanguage\":\"fr-FR\",\"potentialAction\":[{\"@type\":\"CommentAction\",\"name\":\"Comment\",\"target\":[\"https:\/\/influence.ch\/fr\/2025\/01\/30\/jai-une-chance-inouie\/#respond\"]}]},{\"@type\":\"WebPage\",\"@id\":\"https:\/\/influence.ch\/fr\/2025\/01\/30\/jai-une-chance-inouie\/\",\"url\":\"https:\/\/influence.ch\/fr\/2025\/01\/30\/jai-une-chance-inouie\/\",\"name\":\"\u00ab J'ai une chance inou\u00efe \u00bb - influence powered by furrerhugi\",\"isPartOf\":{\"@id\":\"https:\/\/influence.ch\/#website\"},\"primaryImageOfPage\":{\"@id\":\"https:\/\/influence.ch\/fr\/2025\/01\/30\/jai-une-chance-inouie\/#primaryimage\"},\"image\":{\"@id\":\"https:\/\/influence.ch\/fr\/2025\/01\/30\/jai-une-chance-inouie\/#primaryimage\"},\"thumbnailUrl\":\"https:\/\/influence.ch\/wp-content\/uploads\/2025\/01\/Maja-Riniker_R.Ruis_0001_2-scaled.jpg\",\"datePublished\":\"2025-01-30T10:22:14+00:00\",\"dateModified\":\"2025-02-27T18:32:40+00:00\",\"author\":{\"@id\":\"https:\/\/influence.ch\/#\/schema\/person\/99fd58292bbc4b9334a375c3d2f822a5\"},\"description\":\"La conseill\u00e8re nationale PLR Maja Riniker est actuellement la plus haute personnalit\u00e9 suisse. Son ann\u00e9e pr\u00e9sidentielle est jalonn\u00e9e d'\u00e9v\u00e9nements majeurs, de l'\u00e9lection du Conseil f\u00e9d\u00e9ral \u00e0 l'Exposition universelle d'Osaka en passant par la F\u00e9d\u00e9rale.\",\"breadcrumb\":{\"@id\":\"https:\/\/influence.ch\/fr\/2025\/01\/30\/jai-une-chance-inouie\/#breadcrumb\"},\"inLanguage\":\"fr-FR\",\"potentialAction\":[{\"@type\":\"ReadAction\",\"target\":[\"https:\/\/influence.ch\/fr\/2025\/01\/30\/jai-une-chance-inouie\/\"]}]},{\"@type\":\"ImageObject\",\"inLanguage\":\"fr-FR\",\"@id\":\"https:\/\/influence.ch\/fr\/2025\/01\/30\/jai-une-chance-inouie\/#primaryimage\",\"url\":\"https:\/\/influence.ch\/wp-content\/uploads\/2025\/01\/Maja-Riniker_R.Ruis_0001_2-scaled.jpg\",\"contentUrl\":\"https:\/\/influence.ch\/wp-content\/uploads\/2025\/01\/Maja-Riniker_R.Ruis_0001_2-scaled.jpg\",\"caption\":\"fotografiert in Aarau.\"},{\"@type\":\"BreadcrumbList\",\"@id\":\"https:\/\/influence.ch\/fr\/2025\/01\/30\/jai-une-chance-inouie\/#breadcrumb\",\"itemListElement\":[{\"@type\":\"ListItem\",\"position\":1,\"name\":\"Startseite\",\"item\":\"https:\/\/influence.ch\/fr\/influence\/\"},{\"@type\":\"ListItem\",\"position\":2,\"name\":\"\u00ab J&#8217;ai une chance inou\u00efe \u00bb\"}]},{\"@type\":\"WebSite\",\"@id\":\"https:\/\/influence.ch\/#website\",\"url\":\"https:\/\/influence.ch\/\",\"name\":\"influence powered by furrerhugi\",\"description\":\"Vorsprung durch Wissen\",\"potentialAction\":[{\"@type\":\"SearchAction\",\"target\":{\"@type\":\"EntryPoint\",\"urlTemplate\":\"https:\/\/influence.ch\/?s={search_term_string}\"},\"query-input\":{\"@type\":\"PropertyValueSpecification\",\"valueRequired\":true,\"valueName\":\"search_term_string\"}}],\"inLanguage\":\"fr-FR\"},{\"@type\":\"Person\",\"@id\":\"https:\/\/influence.ch\/#\/schema\/person\/99fd58292bbc4b9334a375c3d2f822a5\",\"name\":\"Eva Novak\",\"image\":{\"@type\":\"ImageObject\",\"inLanguage\":\"fr-FR\",\"@id\":\"https:\/\/influence.ch\/#\/schema\/person\/image\/\",\"url\":\"https:\/\/secure.gravatar.com\/avatar\/60a37909850761ea4a45505c30a639121248c9943cb71f3376d1dcf705d6e080?s=96&d=mm&r=g\",\"contentUrl\":\"https:\/\/secure.gravatar.com\/avatar\/60a37909850761ea4a45505c30a639121248c9943cb71f3376d1dcf705d6e080?s=96&d=mm&r=g\",\"caption\":\"Eva Novak\"},\"url\":\"https:\/\/influence.ch\/fr\/author\/eva-novak\/\"}]}<\/script>\n<!-- \/ Yoast SEO plugin. -->","yoast_head_json":{"title":"\u00ab J'ai une chance inou\u00efe \u00bb - influence powered by furrerhugi","description":"La conseill\u00e8re nationale PLR Maja Riniker est actuellement la plus haute personnalit\u00e9 suisse. Son ann\u00e9e pr\u00e9sidentielle est jalonn\u00e9e d'\u00e9v\u00e9nements majeurs, de l'\u00e9lection du Conseil f\u00e9d\u00e9ral \u00e0 l'Exposition universelle d'Osaka en passant par la F\u00e9d\u00e9rale.","robots":{"index":"index","follow":"follow","max-snippet":"max-snippet:-1","max-image-preview":"max-image-preview:large","max-video-preview":"max-video-preview:-1"},"canonical":"https:\/\/influence.ch\/fr\/2025\/01\/30\/jai-une-chance-inouie\/","og_locale":"fr_FR","og_type":"article","og_title":"\u00ab J'ai une chance inou\u00efe \u00bb - influence powered by furrerhugi","og_description":"La conseill\u00e8re nationale PLR Maja Riniker est actuellement la plus haute personnalit\u00e9 suisse. Son ann\u00e9e pr\u00e9sidentielle est jalonn\u00e9e d'\u00e9v\u00e9nements majeurs, de l'\u00e9lection du Conseil f\u00e9d\u00e9ral \u00e0 l'Exposition universelle d'Osaka en passant par la F\u00e9d\u00e9rale.","og_url":"https:\/\/influence.ch\/fr\/2025\/01\/30\/jai-une-chance-inouie\/","og_site_name":"influence powered by furrerhugi","article_published_time":"2025-01-30T10:22:14+00:00","article_modified_time":"2025-02-27T18:32:40+00:00","og_image":[{"url":"https:\/\/influence.ch\/wp-content\/uploads\/2025\/01\/Maja-Riniker_R.Ruis_0001_2-scaled.jpg","width":1,"height":1,"type":"image\/jpeg"}],"author":"Eva Novak","twitter_card":"summary_large_image","twitter_misc":{"\u00c9crit par":"Eva Novak","Dur\u00e9e de lecture estim\u00e9e":"14 minutes"},"schema":{"@context":"https:\/\/schema.org","@graph":[{"@type":"Article","@id":"https:\/\/influence.ch\/fr\/2025\/01\/30\/jai-une-chance-inouie\/#article","isPartOf":{"@id":"https:\/\/influence.ch\/fr\/2025\/01\/30\/jai-une-chance-inouie\/"},"author":{"name":"Eva Novak","@id":"https:\/\/influence.ch\/#\/schema\/person\/99fd58292bbc4b9334a375c3d2f822a5"},"headline":"\u00ab J&rsquo;ai une chance inou\u00efe \u00bb","datePublished":"2025-01-30T10:22:14+00:00","dateModified":"2025-02-27T18:32:40+00:00","mainEntityOfPage":{"@id":"https:\/\/influence.ch\/fr\/2025\/01\/30\/jai-une-chance-inouie\/"},"wordCount":3794,"commentCount":0,"image":{"@id":"https:\/\/influence.ch\/fr\/2025\/01\/30\/jai-une-chance-inouie\/#primaryimage"},"thumbnailUrl":"https:\/\/influence.ch\/wp-content\/uploads\/2025\/01\/Maja-Riniker_R.Ruis_0001_2-scaled.jpg","keywords":["Landscape"],"articleSection":["*L'entretien*"],"inLanguage":"fr-FR","potentialAction":[{"@type":"CommentAction","name":"Comment","target":["https:\/\/influence.ch\/fr\/2025\/01\/30\/jai-une-chance-inouie\/#respond"]}]},{"@type":"WebPage","@id":"https:\/\/influence.ch\/fr\/2025\/01\/30\/jai-une-chance-inouie\/","url":"https:\/\/influence.ch\/fr\/2025\/01\/30\/jai-une-chance-inouie\/","name":"\u00ab J'ai une chance inou\u00efe \u00bb - influence powered by furrerhugi","isPartOf":{"@id":"https:\/\/influence.ch\/#website"},"primaryImageOfPage":{"@id":"https:\/\/influence.ch\/fr\/2025\/01\/30\/jai-une-chance-inouie\/#primaryimage"},"image":{"@id":"https:\/\/influence.ch\/fr\/2025\/01\/30\/jai-une-chance-inouie\/#primaryimage"},"thumbnailUrl":"https:\/\/influence.ch\/wp-content\/uploads\/2025\/01\/Maja-Riniker_R.Ruis_0001_2-scaled.jpg","datePublished":"2025-01-30T10:22:14+00:00","dateModified":"2025-02-27T18:32:40+00:00","author":{"@id":"https:\/\/influence.ch\/#\/schema\/person\/99fd58292bbc4b9334a375c3d2f822a5"},"description":"La conseill\u00e8re nationale PLR Maja Riniker est actuellement la plus haute personnalit\u00e9 suisse. Son ann\u00e9e pr\u00e9sidentielle est jalonn\u00e9e d'\u00e9v\u00e9nements majeurs, de l'\u00e9lection du Conseil f\u00e9d\u00e9ral \u00e0 l'Exposition universelle d'Osaka en passant par la F\u00e9d\u00e9rale.","breadcrumb":{"@id":"https:\/\/influence.ch\/fr\/2025\/01\/30\/jai-une-chance-inouie\/#breadcrumb"},"inLanguage":"fr-FR","potentialAction":[{"@type":"ReadAction","target":["https:\/\/influence.ch\/fr\/2025\/01\/30\/jai-une-chance-inouie\/"]}]},{"@type":"ImageObject","inLanguage":"fr-FR","@id":"https:\/\/influence.ch\/fr\/2025\/01\/30\/jai-une-chance-inouie\/#primaryimage","url":"https:\/\/influence.ch\/wp-content\/uploads\/2025\/01\/Maja-Riniker_R.Ruis_0001_2-scaled.jpg","contentUrl":"https:\/\/influence.ch\/wp-content\/uploads\/2025\/01\/Maja-Riniker_R.Ruis_0001_2-scaled.jpg","caption":"fotografiert in Aarau."},{"@type":"BreadcrumbList","@id":"https:\/\/influence.ch\/fr\/2025\/01\/30\/jai-une-chance-inouie\/#breadcrumb","itemListElement":[{"@type":"ListItem","position":1,"name":"Startseite","item":"https:\/\/influence.ch\/fr\/influence\/"},{"@type":"ListItem","position":2,"name":"\u00ab J&#8217;ai une chance inou\u00efe \u00bb"}]},{"@type":"WebSite","@id":"https:\/\/influence.ch\/#website","url":"https:\/\/influence.ch\/","name":"influence powered by furrerhugi","description":"Vorsprung durch Wissen","potentialAction":[{"@type":"SearchAction","target":{"@type":"EntryPoint","urlTemplate":"https:\/\/influence.ch\/?s={search_term_string}"},"query-input":{"@type":"PropertyValueSpecification","valueRequired":true,"valueName":"search_term_string"}}],"inLanguage":"fr-FR"},{"@type":"Person","@id":"https:\/\/influence.ch\/#\/schema\/person\/99fd58292bbc4b9334a375c3d2f822a5","name":"Eva Novak","image":{"@type":"ImageObject","inLanguage":"fr-FR","@id":"https:\/\/influence.ch\/#\/schema\/person\/image\/","url":"https:\/\/secure.gravatar.com\/avatar\/60a37909850761ea4a45505c30a639121248c9943cb71f3376d1dcf705d6e080?s=96&d=mm&r=g","contentUrl":"https:\/\/secure.gravatar.com\/avatar\/60a37909850761ea4a45505c30a639121248c9943cb71f3376d1dcf705d6e080?s=96&d=mm&r=g","caption":"Eva Novak"},"url":"https:\/\/influence.ch\/fr\/author\/eva-novak\/"}]}},"_links":{"self":[{"href":"https:\/\/influence.ch\/fr\/wp-json\/wp\/v2\/posts\/4405","targetHints":{"allow":["GET"]}}],"collection":[{"href":"https:\/\/influence.ch\/fr\/wp-json\/wp\/v2\/posts"}],"about":[{"href":"https:\/\/influence.ch\/fr\/wp-json\/wp\/v2\/types\/post"}],"author":[{"embeddable":true,"href":"https:\/\/influence.ch\/fr\/wp-json\/wp\/v2\/users\/4"}],"replies":[{"embeddable":true,"href":"https:\/\/influence.ch\/fr\/wp-json\/wp\/v2\/comments?post=4405"}],"version-history":[{"count":9,"href":"https:\/\/influence.ch\/fr\/wp-json\/wp\/v2\/posts\/4405\/revisions"}],"predecessor-version":[{"id":4885,"href":"https:\/\/influence.ch\/fr\/wp-json\/wp\/v2\/posts\/4405\/revisions\/4885"}],"wp:featuredmedia":[{"embeddable":true,"href":"https:\/\/influence.ch\/fr\/wp-json\/wp\/v2\/media\/4376"}],"wp:attachment":[{"href":"https:\/\/influence.ch\/fr\/wp-json\/wp\/v2\/media?parent=4405"}],"wp:term":[{"taxonomy":"category","embeddable":true,"href":"https:\/\/influence.ch\/fr\/wp-json\/wp\/v2\/categories?post=4405"},{"taxonomy":"post_tag","embeddable":true,"href":"https:\/\/influence.ch\/fr\/wp-json\/wp\/v2\/tags?post=4405"}],"curies":[{"name":"wp","href":"https:\/\/api.w.org\/{rel}","templated":true}]}}