{"id":4343,"date":"2025-01-30T11:13:45","date_gmt":"2025-01-30T10:13:45","guid":{"rendered":"https:\/\/influence.ch\/?p=4343"},"modified":"2025-01-30T15:39:02","modified_gmt":"2025-01-30T14:39:02","slug":"un-rappel-a-lordre-urgent","status":"publish","type":"post","link":"https:\/\/influence.ch\/fr\/2025\/01\/30\/un-rappel-a-lordre-urgent\/","title":{"rendered":"Un rappel \u00e0 l&rsquo;ordre urgent"},"content":{"rendered":"\n<style type=\"text\/css\" data-created_by=\"avia_inline_auto\" id=\"style-css-av-ll2lr6sl-d6128bb31f9968b4c5027062f84c9a35\">\n.avia-section.av-ll2lr6sl-d6128bb31f9968b4c5027062f84c9a35{\nmargin-top:0;\nmargin-bottom:0;\n}\n<\/style>\n<div id='av_section_1'  class='avia-section av-ll2lr6sl-d6128bb31f9968b4c5027062f84c9a35 main_color avia-section-default avia-no-border-styling  avia-builder-el-0  el_before_av_section  avia-builder-el-first  head_ausgelesen avia-bg-style-scroll container_wrap fullsize'  ><div class='container av-section-cont-open' ><main  role=\"main\" itemprop=\"mainContentOfPage\"  class='template-page content  av-content-full alpha units'><div class='post-entry post-entry-type-page post-entry-4343'><div class='entry-content-wrapper clearfix'>\n\n<style type=\"text\/css\" data-created_by=\"avia_inline_auto\" id=\"style-css-av-41jrk-07e050d1ebd0590b80b3da3ddfcb5b0a\">\n#top .hr.hr-invisible.av-41jrk-07e050d1ebd0590b80b3da3ddfcb5b0a{\nheight:40px;\n}\n<\/style>\n<div  class='hr av-41jrk-07e050d1ebd0590b80b3da3ddfcb5b0a hr-invisible  avia-builder-el-1  el_before_av_post_metadata  avia-builder-el-first '><span class='hr-inner '><span class=\"hr-inner-style\"><\/span><\/span><\/div>\n\n<style type=\"text\/css\" data-created_by=\"avia_inline_auto\" id=\"style-css-av-3i488-7d60d5c99a6ed69a261e41b4baf1d40c\">\n#top .av-post-metadata-container.av-3i488-7d60d5c99a6ed69a261e41b4baf1d40c{\ncolor:#ffffff;\nfont-size:22px;\n}\n#top .av-post-metadata-container.av-3i488-7d60d5c99a6ed69a261e41b4baf1d40c .av-post-metadata-container-inner{\nfont-size:22px;\n}\n<\/style>\n<div  id=\"author\"  class='av-post-metadata-container av-3i488-7d60d5c99a6ed69a261e41b4baf1d40c av-metadata-container-align-left  avia-builder-el-2  el_after_av_hr  el_before_av_textblock  av-desktop-hide av-medium-hide av-small-hide av-mini-hide av-metadata-container-1'><div class='av-post-metadata-container-inner'><span class=\"av-post-metadata-content av-post-metadata-meta-content\"><span class=\"av-post-metadata-content av-post-metadata-category\"><span class=\"av-post-metadata-category-link\" ><a href=\"https:\/\/influence.ch\/fr\/category\/lectures\/\" >Lectures<\/a><\/span><\/span><\/span><\/div><\/div>\n\n<style type=\"text\/css\" data-created_by=\"avia_inline_auto\" id=\"style-css-av-7w4s-7c71ee7d9d4314e123266ad65597f1ae\">\n#top .av_textblock_section.av-7w4s-7c71ee7d9d4314e123266ad65597f1ae .avia_textblock{\ncolor:#ffffff;\n}\n<\/style>\n<section  class='av_textblock_section av-7w4s-7c71ee7d9d4314e123266ad65597f1ae'  itemscope=\"itemscope\" itemtype=\"https:\/\/schema.org\/BlogPosting\" itemprop=\"blogPost\" ><div class='avia_textblock av_inherit_color'  itemprop=\"text\" ><h1 style=\"text-align: center;\"><\/h1>\n<h1 style=\"text-align: center;\">Un rappel \u00e0 l&rsquo;ordre urgent<\/h1>\n<div class=\"row\">\n<div class=\"col-14 offset-md-2 col-md-10\">\n<p style=\"text-align: center;\">Comment l\u2019Occident perd la bataille des r\u00e9cits et des valeurs, tandis qu\u2019un r\u00e9seau d\u2019autocraties \u00e9tend son influence<\/p>\n<\/div>\n<\/div>\n<\/div><\/section>\n\n<style type=\"text\/css\" data-created_by=\"avia_inline_auto\" id=\"style-css-av-1zo74-04788c05691db0253e30e6fa8566d769\">\n#top .av-post-metadata-container.av-1zo74-04788c05691db0253e30e6fa8566d769{\ncolor:#ffffff;\n}\n<\/style>\n<div  id=\"author\"  class='av-post-metadata-container av-1zo74-04788c05691db0253e30e6fa8566d769 av-metadata-container-align-left  avia-builder-el-4  el_after_av_textblock  el_before_av_hr  av-desktop-hide av-medium-hide av-small-hide av-mini-hide av-metadata-container-2'><div class='av-post-metadata-container-inner'><span class=\"av-post-metadata-content av-post-metadata-meta-content\"><span class=\"av-post-metadata-content av-post-metadata-author\"  itemprop=\"author\" ><span class=\"av-post-metadata-author-link\" ><a href=\"https:\/\/influence.ch\/fr\/author\/pascal-ihle\/\"  rel=\"author\">Pascal Ihle<\/a><\/span><\/span><\/span><\/div><\/div>\n\n<style type=\"text\/css\" data-created_by=\"avia_inline_auto\" id=\"style-css-av-u95c-71f90703ab03c98806da13e4f0f10ee3\">\n#top .hr.hr-invisible.av-u95c-71f90703ab03c98806da13e4f0f10ee3{\nheight:40px;\n}\n<\/style>\n<div  class='hr av-u95c-71f90703ab03c98806da13e4f0f10ee3 hr-invisible  avia-builder-el-5  el_after_av_post_metadata  avia-builder-el-last '><span class='hr-inner '><span class=\"hr-inner-style\"><\/span><\/span><\/div>\n<\/div><\/div><\/main><!-- close content main element --><\/div><\/div><div id='av_section_2'  class='avia-section av-lbkj1h9r-2bb0e470012154800fd81e06bfbb0427 main_color avia-section-default avia-no-border-styling  avia-builder-el-6  el_after_av_section  el_before_av_section  post-inhalt avia-bg-style-scroll container_wrap fullsize'  ><div class='container av-section-cont-open' ><div class='template-page content  av-content-full alpha units'><div class='post-entry post-entry-type-page post-entry-4343'><div class='entry-content-wrapper clearfix'>\n\n<style type=\"text\/css\" data-created_by=\"avia_inline_auto\" id=\"style-css-av-2qscs-21b9f12c49b964bf60cd4bf8ed552cbe\">\n#top .av-post-metadata-container.av-2qscs-21b9f12c49b964bf60cd4bf8ed552cbe{\ncolor:#000000;\nfont-size:16px;\n}\n#top .av-post-metadata-container.av-2qscs-21b9f12c49b964bf60cd4bf8ed552cbe .av-post-metadata-container-inner{\nfont-size:16px;\n}\n<\/style>\n<div  id=\"author\"  class='av-post-metadata-container av-2qscs-21b9f12c49b964bf60cd4bf8ed552cbe av-metadata-container-align-left  avia-builder-el-7  el_before_av_hr  avia-builder-el-first  av-metadata-container-3'><div class='av-post-metadata-container-inner'><span class=\"av-post-metadata-content av-post-metadata-meta-content\"><span class=\"av-post-metadata-content av-post-metadata-published\"><span class=\"av-post-metadata-published-date\" >30 janvier 2025<\/span><span class=\"av-metadata-after av-metadata-after-published\">|<\/span><\/span><span class=\"av-post-metadata-content av-post-metadata-separator\"><\/span><span class=\"av-post-metadata-content av-post-metadata-author\"  itemprop=\"author\" ><span class=\"av-post-metadata-author-link\" ><a href=\"https:\/\/influence.ch\/fr\/author\/pascal-ihle\/\"  rel=\"author\">Pascal Ihle<\/a><\/span><span class=\"av-metadata-after av-metadata-after-author\">|<\/span><\/span><span class=\"av-post-metadata-content av-post-metadata-separator\"><\/span><span class=\"av-post-metadata-content av-post-metadata-category\"><span class=\"av-post-metadata-category-link\" ><a href=\"https:\/\/influence.ch\/fr\/category\/lectures\/\" >Lectures<\/a><\/span><\/span><\/span><\/div><\/div>\n\n<style type=\"text\/css\" data-created_by=\"avia_inline_auto\" id=\"style-css-av-llazojx3-721246cef6a4c89945adadaa67086275\">\n#top .hr.hr-invisible.av-llazojx3-721246cef6a4c89945adadaa67086275{\nheight:10px;\n}\n<\/style>\n<div  class='hr av-llazojx3-721246cef6a4c89945adadaa67086275 hr-invisible  avia-builder-el-8  el_after_av_post_metadata  el_before_av_one_fourth '><span class='hr-inner '><span class=\"hr-inner-style\"><\/span><\/span><\/div>\n<div class='flex_column av-k73at-84ac3d535ed71d3fcb87a261a54d2b92 av_one_fourth  avia-builder-el-9  el_after_av_hr  el_before_av_one_half  first flex_column_div '     ><\/div><div class='flex_column av-4fydud-3540a9c07990a3c18048f8b718cf5c2f av_one_half  avia-builder-el-10  el_after_av_one_fourth  el_before_av_one_fourth  flex_column_div '     ><style type=\"text\/css\" data-created_by=\"avia_inline_auto\" id=\"style-css-av-llazii5e-c8d1072ccec7f98a85dfb8dad06d6499\">\n.avia-image-container.av-llazii5e-c8d1072ccec7f98a85dfb8dad06d6499 img.avia_image{\nbox-shadow:none;\n}\n.avia-image-container.av-llazii5e-c8d1072ccec7f98a85dfb8dad06d6499 .av-image-caption-overlay-center{\ncolor:#ffffff;\n}\n<\/style>\n<div  class='avia-image-container av-llazii5e-c8d1072ccec7f98a85dfb8dad06d6499 av-styling- avia-align-center  avia-builder-el-11  avia-builder-el-no-sibling '   itemprop=\"image\" itemscope=\"itemscope\" itemtype=\"https:\/\/schema.org\/ImageObject\" ><div class=\"avia-image-container-inner\"><div class=\"avia-image-overlay-wrap\"><img decoding=\"async\" class='wp-image-4469 avia-img-lazy-loading-not-4469 avia_image ' src=\"https:\/\/influence.ch\/wp-content\/uploads\/2025\/01\/Autocratie-s-205x300.jpg\" alt='' title='Autocratie-s'  height=\"300\" width=\"205\"  itemprop=\"thumbnailUrl\" srcset=\"https:\/\/influence.ch\/wp-content\/uploads\/2025\/01\/Autocratie-s-205x300.jpg 205w, https:\/\/influence.ch\/wp-content\/uploads\/2025\/01\/Autocratie-s-342x500.jpg 342w, https:\/\/influence.ch\/wp-content\/uploads\/2025\/01\/Autocratie-s.jpg 400w\" sizes=\"(max-width: 205px) 100vw, 205px\" \/><\/div><\/div><\/div><\/div><div class='flex_column av-2pbspx-d24cc81b394c6c231a57fef24794a093 av_one_fourth  avia-builder-el-12  el_after_av_one_half  el_before_av_postslider  flex_column_div '     ><\/div><div  data-slideshow-options=\"{&quot;animation&quot;:&quot;fade&quot;,&quot;autoplay&quot;:false,&quot;loop_autoplay&quot;:&quot;once&quot;,&quot;interval&quot;:&quot;5&quot;,&quot;loop_manual&quot;:&quot;manual-endless&quot;,&quot;autoplay_stopper&quot;:false,&quot;noNavigation&quot;:false,&quot;show_slide_delay&quot;:90}\" class='avia-content-slider avia-content-slider-active avia-content-slider1 avia-content-slider-odd  avia-builder-el-13  el_after_av_one_fourth  el_before_av_textblock  av-slideshow-ui av-control-default   av-no-slider-navigation av-slideshow-manual av-loop-once av-loop-manual-endless '  itemscope=\"itemscope\" itemtype=\"https:\/\/schema.org\/Blog\" ><div class=\"avia-content-slider-inner\"><div class=\"slide-entry-wrap\"><article class='slide-entry flex_column  post-entry post-entry-4684 slide-entry-overview slide-loop-1 slide-parity-odd  av_one_third first real-thumbnail post-format-standard'  itemscope=\"itemscope\" itemtype=\"https:\/\/schema.org\/BlogPosting\" itemprop=\"blogPost\" ><a href='https:\/\/influence.ch\/fr\/2025\/02\/27\/ce-que-veulent-vraiment-les-electeurs\/' data-rel='slide-1' class='slide-image' title='Ce que les \u00e9lecteurs des partis populistes veulent vraiment'><img decoding=\"async\" width=\"495\" height=\"400\" src=\"https:\/\/influence.ch\/wp-content\/uploads\/2022\/12\/influence_Verlaeufe_V01_1-495x400.png\" class=\"wp-image-522 avia-img-lazy-loading-not-522 attachment-portfolio size-portfolio wp-post-image\" alt=\"\" srcset=\"https:\/\/influence.ch\/wp-content\/uploads\/2022\/12\/influence_Verlaeufe_V01_1-495x400.png 495w, https:\/\/influence.ch\/wp-content\/uploads\/2022\/12\/influence_Verlaeufe_V01_1-845x684.png 845w\" sizes=\"(max-width: 495px) 100vw, 495px\" \/><\/a><div class=\"slide-content\"><header class=\"entry-content-header\"><h3 class='slide-entry-title entry-title '  itemprop=\"headline\" ><a href='https:\/\/influence.ch\/fr\/2025\/02\/27\/ce-que-veulent-vraiment-les-electeurs\/' title='Ce que les \u00e9lecteurs des partis populistes veulent vraiment'>Ce que les \u00e9lecteurs des partis populistes veulent vraiment<\/a><\/h3><span class=\"av-vertical-delimiter\"><\/span><\/header><div class=\"slide-meta\"><time class='slide-meta-time updated'  itemprop=\"datePublished\" datetime=\"2025-02-27T08:30:45+01:00\" >27 f\u00e9vrier 2025<\/time><\/div><div class='slide-entry-excerpt entry-content'  itemprop=\"text\" >Une nouvelle \u00e9tude montre pourquoi l'\u00e9lectorat ne demande pas moins de d\u00e9mocratie, mais une autre forme de celle-ci  \r\n <\/div><\/div><footer class=\"entry-footer\"><\/footer><span class='hidden'>\n\t\t\t\t<span class='av-structured-data'  itemprop=\"image\" itemscope=\"itemscope\" itemtype=\"https:\/\/schema.org\/ImageObject\" >\n\t\t\t\t\t\t<span itemprop='url'>https:\/\/influence.ch\/wp-content\/uploads\/2022\/12\/influence_Verlaeufe_V01_1.png<\/span>\n\t\t\t\t\t\t<span itemprop='height'>2169<\/span>\n\t\t\t\t\t\t<span itemprop='width'>2442<\/span>\n\t\t\t\t<\/span>\n\t\t\t\t<span class='av-structured-data'  itemprop=\"publisher\" itemtype=\"https:\/\/schema.org\/Organization\" itemscope=\"itemscope\" >\n\t\t\t\t\t\t<span itemprop='name'>Matthias Halbeis<\/span>\n\t\t\t\t\t\t<span itemprop='logo' itemscope itemtype='https:\/\/schema.org\/ImageObject'>\n\t\t\t\t\t\t\t<span itemprop='url'>https:\/\/influence.ch\/wp-content\/uploads\/2025\/02\/influence_Logo_FR_weiss-1030x277.png<\/span>\n\t\t\t\t\t\t <\/span>\n\t\t\t\t<\/span><span class='av-structured-data'  itemprop=\"author\" itemscope=\"itemscope\" itemtype=\"https:\/\/schema.org\/Person\" ><span itemprop='name'>Matthias Halbeis<\/span><\/span><span class='av-structured-data'  itemprop=\"datePublished\" datetime=\"2025-01-30T11:13:45+01:00\" >2025-02-27 08:30:45<\/span><span class='av-structured-data'  itemprop=\"dateModified\" itemtype=\"https:\/\/schema.org\/dateModified\" >2025-02-27 15:31:32<\/span><span class='av-structured-data'  itemprop=\"mainEntityOfPage\" itemtype=\"https:\/\/schema.org\/mainEntityOfPage\" ><span itemprop='name'>Ce que les \u00e9lecteurs des partis populistes veulent vraiment<\/span><\/span><\/span><\/article><article class='slide-entry flex_column  post-entry post-entry-4935 slide-entry-overview slide-loop-2 slide-parity-even  av_one_third  real-thumbnail post-format-standard'  itemscope=\"itemscope\" itemtype=\"https:\/\/schema.org\/BlogPosting\" itemprop=\"blogPost\" ><a href='https:\/\/influence.ch\/fr\/2025\/05\/26\/les-jeunes-se-dispersent-politiquement\/' data-rel='slide-1' class='slide-image' title='Divergences politiques chez les jeunes'><img decoding=\"async\" width=\"495\" height=\"400\" src=\"https:\/\/influence.ch\/wp-content\/uploads\/2022\/12\/influence_Verlaeufe_V01_5-495x400.png\" class=\"wp-image-517 avia-img-lazy-loading-not-517 attachment-portfolio size-portfolio wp-post-image\" alt=\"\" srcset=\"https:\/\/influence.ch\/wp-content\/uploads\/2022\/12\/influence_Verlaeufe_V01_5-495x400.png 495w, https:\/\/influence.ch\/wp-content\/uploads\/2022\/12\/influence_Verlaeufe_V01_5-845x684.png 845w\" sizes=\"(max-width: 495px) 100vw, 495px\" \/><\/a><div class=\"slide-content\"><header class=\"entry-content-header\"><h3 class='slide-entry-title entry-title '  itemprop=\"headline\" ><a href='https:\/\/influence.ch\/fr\/2025\/05\/26\/les-jeunes-se-dispersent-politiquement\/' title='Divergences politiques chez les jeunes'>Divergences politiques chez les jeunes<\/a><\/h3><span class=\"av-vertical-delimiter\"><\/span><\/header><div class=\"slide-meta\"><div class=\"slide-meta-comments\"><a href='https:\/\/influence.ch\/fr\/2025\/05\/26\/les-jeunes-se-dispersent-politiquement\/#respond'>0 Commentaires<\/a><\/div><div class=\"slide-meta-del\">\/<\/div><time class='slide-meta-time updated'  itemprop=\"datePublished\" datetime=\"2025-05-26T13:51:54+02:00\" >26 mai 2025<\/time><\/div><div class='slide-entry-excerpt entry-content'  itemprop=\"text\" >Une \u00e9tude r\u00e9v\u00e8le l'augmentation du foss\u00e9 politique entre les adolescents - avec des cons\u00e9quences pour la Suisse<\/div><\/div><footer class=\"entry-footer\"><\/footer><span class='hidden'>\n\t\t\t\t<span class='av-structured-data'  itemprop=\"image\" itemscope=\"itemscope\" itemtype=\"https:\/\/schema.org\/ImageObject\" >\n\t\t\t\t\t\t<span itemprop='url'>https:\/\/influence.ch\/wp-content\/uploads\/2022\/12\/influence_Verlaeufe_V01_5.png<\/span>\n\t\t\t\t\t\t<span itemprop='height'>2169<\/span>\n\t\t\t\t\t\t<span itemprop='width'>2442<\/span>\n\t\t\t\t<\/span>\n\t\t\t\t<span class='av-structured-data'  itemprop=\"publisher\" itemtype=\"https:\/\/schema.org\/Organization\" itemscope=\"itemscope\" >\n\t\t\t\t\t\t<span itemprop='name'>Matthias Halbeis<\/span>\n\t\t\t\t\t\t<span itemprop='logo' itemscope itemtype='https:\/\/schema.org\/ImageObject'>\n\t\t\t\t\t\t\t<span itemprop='url'>https:\/\/influence.ch\/wp-content\/uploads\/2025\/02\/influence_Logo_FR_weiss-1030x277.png<\/span>\n\t\t\t\t\t\t <\/span>\n\t\t\t\t<\/span><span class='av-structured-data'  itemprop=\"author\" itemscope=\"itemscope\" itemtype=\"https:\/\/schema.org\/Person\" ><span itemprop='name'>Matthias Halbeis<\/span><\/span><span class='av-structured-data'  itemprop=\"datePublished\" datetime=\"2025-01-30T11:13:45+01:00\" >2025-05-26 13:51:54<\/span><span class='av-structured-data'  itemprop=\"dateModified\" itemtype=\"https:\/\/schema.org\/dateModified\" >2025-05-28 10:18:57<\/span><span class='av-structured-data'  itemprop=\"mainEntityOfPage\" itemtype=\"https:\/\/schema.org\/mainEntityOfPage\" ><span itemprop='name'>Divergences politiques chez les jeunes<\/span><\/span><\/span><\/article><article class='slide-entry flex_column  post-entry post-entry-4727 slide-entry-overview slide-loop-3 slide-parity-odd  av_one_third  real-thumbnail post-format-standard'  itemscope=\"itemscope\" itemtype=\"https:\/\/schema.org\/BlogPosting\" itemprop=\"blogPost\" ><a href='https:\/\/influence.ch\/fr\/2025\/02\/27\/cest-ainsi-que-lon-devient-porte-parole-du-conseil-federal\/' data-rel='slide-1' class='slide-image' title='\u00ab C&rsquo;est ainsi que l&rsquo;on devient porte-parole du Conseil f\u00e9d\u00e9ral \u00bb'><img decoding=\"async\" width=\"495\" height=\"400\" src=\"https:\/\/influence.ch\/wp-content\/uploads\/2025\/02\/IMG_0095-495x400.jpg\" class=\"wp-image-4724 avia-img-lazy-loading-not-4724 attachment-portfolio size-portfolio wp-post-image\" alt=\"\" srcset=\"https:\/\/influence.ch\/wp-content\/uploads\/2025\/02\/IMG_0095-495x400.jpg 495w, https:\/\/influence.ch\/wp-content\/uploads\/2025\/02\/IMG_0095-845x684.jpg 845w\" sizes=\"(max-width: 495px) 100vw, 495px\" \/><\/a><div class=\"slide-content\"><header class=\"entry-content-header\"><h3 class='slide-entry-title entry-title '  itemprop=\"headline\" ><a href='https:\/\/influence.ch\/fr\/2025\/02\/27\/cest-ainsi-que-lon-devient-porte-parole-du-conseil-federal\/' title='\u00ab C&rsquo;est ainsi que l&rsquo;on devient porte-parole du Conseil f\u00e9d\u00e9ral \u00bb'>\u00ab C&rsquo;est ainsi que l&rsquo;on devient porte-parole du Conseil f\u00e9d\u00e9ral \u00bb<\/a><\/h3><span class=\"av-vertical-delimiter\"><\/span><\/header><div class=\"slide-meta\"><div class=\"slide-meta-comments\"><a href='https:\/\/influence.ch\/fr\/2025\/02\/27\/cest-ainsi-que-lon-devient-porte-parole-du-conseil-federal\/#respond'>0 Commentaires<\/a><\/div><div class=\"slide-meta-del\">\/<\/div><time class='slide-meta-time updated'  itemprop=\"datePublished\" datetime=\"2025-02-27T08:34:18+01:00\" >27 f\u00e9vrier 2025<\/time><\/div><div class='slide-entry-excerpt entry-content'  itemprop=\"text\" >L'ancien vice-chancelier Oswald Sigg explique les exigences auxquelles doit r\u00e9pondre le porte-parole du gouvernement - et pourquoi il devrait en fait s'appeler autrement en Suisse.  <\/div><\/div><footer class=\"entry-footer\"><\/footer><span class='hidden'>\n\t\t\t\t<span class='av-structured-data'  itemprop=\"image\" itemscope=\"itemscope\" itemtype=\"https:\/\/schema.org\/ImageObject\" >\n\t\t\t\t\t\t<span itemprop='url'>https:\/\/influence.ch\/wp-content\/uploads\/2025\/02\/IMG_0095-rotated.jpg<\/span>\n\t\t\t\t\t\t<span itemprop='height'>960<\/span>\n\t\t\t\t\t\t<span itemprop='width'>1280<\/span>\n\t\t\t\t<\/span>\n\t\t\t\t<span class='av-structured-data'  itemprop=\"publisher\" itemtype=\"https:\/\/schema.org\/Organization\" itemscope=\"itemscope\" >\n\t\t\t\t\t\t<span itemprop='name'>Eva Novak<\/span>\n\t\t\t\t\t\t<span itemprop='logo' itemscope itemtype='https:\/\/schema.org\/ImageObject'>\n\t\t\t\t\t\t\t<span itemprop='url'>https:\/\/influence.ch\/wp-content\/uploads\/2025\/02\/influence_Logo_FR_weiss-1030x277.png<\/span>\n\t\t\t\t\t\t <\/span>\n\t\t\t\t<\/span><span class='av-structured-data'  itemprop=\"author\" itemscope=\"itemscope\" itemtype=\"https:\/\/schema.org\/Person\" ><span itemprop='name'>Eva Novak<\/span><\/span><span class='av-structured-data'  itemprop=\"datePublished\" datetime=\"2025-01-30T11:13:45+01:00\" >2025-02-27 08:34:18<\/span><span class='av-structured-data'  itemprop=\"dateModified\" itemtype=\"https:\/\/schema.org\/dateModified\" >2025-02-27 19:30:20<\/span><span class='av-structured-data'  itemprop=\"mainEntityOfPage\" itemtype=\"https:\/\/schema.org\/mainEntityOfPage\" ><span itemprop='name'>\u00ab C&rsquo;est ainsi que l&rsquo;on devient porte-parole du Conseil f\u00e9d\u00e9ral \u00bb<\/span><\/span><\/span><\/article><\/div><div class=\"slide-entry-wrap\"><article class='slide-entry flex_column  post-entry post-entry-4931 slide-entry-overview slide-loop-4 slide-parity-odd  av_one_third first real-thumbnail post-format-standard'  itemscope=\"itemscope\" itemtype=\"https:\/\/schema.org\/BlogPosting\" itemprop=\"blogPost\" ><a href='https:\/\/influence.ch\/fr\/2025\/03\/27\/grand-ecart-gen-z-femmes-hommes-desaccord-feminisme\/' data-rel='slide-1' class='slide-image' title='Femmes et hommes de la Gen Z en d\u00e9saccord sur le f\u00e9minisme'><img decoding=\"async\" width=\"495\" height=\"400\" src=\"https:\/\/influence.ch\/wp-content\/uploads\/2022\/12\/influence_Verlaeufe_V01_5-495x400.png\" class=\"wp-image-517 avia-img-lazy-loading-not-517 attachment-portfolio size-portfolio wp-post-image\" alt=\"\" srcset=\"https:\/\/influence.ch\/wp-content\/uploads\/2022\/12\/influence_Verlaeufe_V01_5-495x400.png 495w, https:\/\/influence.ch\/wp-content\/uploads\/2022\/12\/influence_Verlaeufe_V01_5-845x684.png 845w\" sizes=\"(max-width: 495px) 100vw, 495px\" \/><\/a><div class=\"slide-content\"><header class=\"entry-content-header\"><h3 class='slide-entry-title entry-title '  itemprop=\"headline\" ><a href='https:\/\/influence.ch\/fr\/2025\/03\/27\/grand-ecart-gen-z-femmes-hommes-desaccord-feminisme\/' title='Femmes et hommes de la Gen Z en d\u00e9saccord sur le f\u00e9minisme'>Femmes et hommes de la Gen Z en d\u00e9saccord sur le f\u00e9minisme<\/a><\/h3><span class=\"av-vertical-delimiter\"><\/span><\/header><div class=\"slide-meta\"><div class=\"slide-meta-comments\"><a href='https:\/\/influence.ch\/fr\/2025\/03\/27\/grand-ecart-gen-z-femmes-hommes-desaccord-feminisme\/#respond'>0 Commentaires<\/a><\/div><div class=\"slide-meta-del\">\/<\/div><time class='slide-meta-time updated'  itemprop=\"datePublished\" datetime=\"2025-03-27T15:04:41+01:00\" >27 mars 2025<\/time><\/div><div class='slide-entry-excerpt entry-content'  itemprop=\"text\" >Une \u00e9tude internationale r\u00e9v\u00e8le des diff\u00e9rences d'opinion importantes parmi les jeunes sur l'\u00e9galit\u00e9 des droits.<\/div><\/div><footer class=\"entry-footer\"><\/footer><span class='hidden'>\n\t\t\t\t<span class='av-structured-data'  itemprop=\"image\" itemscope=\"itemscope\" itemtype=\"https:\/\/schema.org\/ImageObject\" >\n\t\t\t\t\t\t<span itemprop='url'>https:\/\/influence.ch\/wp-content\/uploads\/2022\/12\/influence_Verlaeufe_V01_5.png<\/span>\n\t\t\t\t\t\t<span itemprop='height'>2169<\/span>\n\t\t\t\t\t\t<span itemprop='width'>2442<\/span>\n\t\t\t\t<\/span>\n\t\t\t\t<span class='av-structured-data'  itemprop=\"publisher\" itemtype=\"https:\/\/schema.org\/Organization\" itemscope=\"itemscope\" >\n\t\t\t\t\t\t<span itemprop='name'>Matthias Halbeis<\/span>\n\t\t\t\t\t\t<span itemprop='logo' itemscope itemtype='https:\/\/schema.org\/ImageObject'>\n\t\t\t\t\t\t\t<span itemprop='url'>https:\/\/influence.ch\/wp-content\/uploads\/2025\/02\/influence_Logo_FR_weiss-1030x277.png<\/span>\n\t\t\t\t\t\t <\/span>\n\t\t\t\t<\/span><span class='av-structured-data'  itemprop=\"author\" itemscope=\"itemscope\" itemtype=\"https:\/\/schema.org\/Person\" ><span itemprop='name'>Matthias Halbeis<\/span><\/span><span class='av-structured-data'  itemprop=\"datePublished\" datetime=\"2025-01-30T11:13:45+01:00\" >2025-03-27 15:04:41<\/span><span class='av-structured-data'  itemprop=\"dateModified\" itemtype=\"https:\/\/schema.org\/dateModified\" >2025-03-28 09:45:32<\/span><span class='av-structured-data'  itemprop=\"mainEntityOfPage\" itemtype=\"https:\/\/schema.org\/mainEntityOfPage\" ><span itemprop='name'>Femmes et hommes de la Gen Z en d\u00e9saccord sur le f\u00e9minisme<\/span><\/span><\/span><\/article><article class='slide-entry flex_column  post-entry post-entry-6571 slide-entry-overview slide-loop-5 slide-parity-even  av_one_third  real-thumbnail post-format-standard'  itemscope=\"itemscope\" itemtype=\"https:\/\/schema.org\/BlogPosting\" itemprop=\"blogPost\" ><a href='https:\/\/influence.ch\/fr\/2025\/12\/23\/lempathie-contre-la-haine-comment-de-nouvelles-approches-transforment-la-culture-du-debat-numerique\/' data-rel='slide-1' class='slide-image' title='L&#8217;empathie contre la haine : comment de nouvelles approches transforment la culture du d\u00e9bat num\u00e9rique'><img decoding=\"async\" width=\"495\" height=\"400\" src=\"https:\/\/influence.ch\/wp-content\/uploads\/2022\/12\/influence_Verlaeufe_V01_5-495x400.png\" class=\"wp-image-517 avia-img-lazy-loading-not-517 attachment-portfolio size-portfolio wp-post-image\" alt=\"\" srcset=\"https:\/\/influence.ch\/wp-content\/uploads\/2022\/12\/influence_Verlaeufe_V01_5-495x400.png 495w, https:\/\/influence.ch\/wp-content\/uploads\/2022\/12\/influence_Verlaeufe_V01_5-845x684.png 845w\" sizes=\"(max-width: 495px) 100vw, 495px\" \/><\/a><div class=\"slide-content\"><header class=\"entry-content-header\"><h3 class='slide-entry-title entry-title '  itemprop=\"headline\" ><a href='https:\/\/influence.ch\/fr\/2025\/12\/23\/lempathie-contre-la-haine-comment-de-nouvelles-approches-transforment-la-culture-du-debat-numerique\/' title='L&#8217;empathie contre la haine : comment de nouvelles approches transforment la culture du d\u00e9bat num\u00e9rique'>L&#8217;empathie contre la haine : comment de nouvelles approches transforment la culture du d\u00e9bat num\u00e9rique<\/a><\/h3><span class=\"av-vertical-delimiter\"><\/span><\/header><div class=\"slide-meta\"><time class='slide-meta-time updated'  itemprop=\"datePublished\" datetime=\"2025-12-23T06:20:19+01:00\" >23 d\u00e9cembre 2025<\/time><\/div><div class='slide-entry-excerpt entry-content'  itemprop=\"text\" >Am\u00e9liorer durablement la dynamique des discussions en ligne.  <\/div><\/div><footer class=\"entry-footer\"><\/footer><span class='hidden'>\n\t\t\t\t<span class='av-structured-data'  itemprop=\"image\" itemscope=\"itemscope\" itemtype=\"https:\/\/schema.org\/ImageObject\" >\n\t\t\t\t\t\t<span itemprop='url'>https:\/\/influence.ch\/wp-content\/uploads\/2022\/12\/influence_Verlaeufe_V01_5.png<\/span>\n\t\t\t\t\t\t<span itemprop='height'>2169<\/span>\n\t\t\t\t\t\t<span itemprop='width'>2442<\/span>\n\t\t\t\t<\/span>\n\t\t\t\t<span class='av-structured-data'  itemprop=\"publisher\" itemtype=\"https:\/\/schema.org\/Organization\" itemscope=\"itemscope\" >\n\t\t\t\t\t\t<span itemprop='name'>Matthias Halbeis<\/span>\n\t\t\t\t\t\t<span itemprop='logo' itemscope itemtype='https:\/\/schema.org\/ImageObject'>\n\t\t\t\t\t\t\t<span itemprop='url'>https:\/\/influence.ch\/wp-content\/uploads\/2025\/02\/influence_Logo_FR_weiss-1030x277.png<\/span>\n\t\t\t\t\t\t <\/span>\n\t\t\t\t<\/span><span class='av-structured-data'  itemprop=\"author\" itemscope=\"itemscope\" itemtype=\"https:\/\/schema.org\/Person\" ><span itemprop='name'>Matthias Halbeis<\/span><\/span><span class='av-structured-data'  itemprop=\"datePublished\" datetime=\"2025-01-30T11:13:45+01:00\" >2025-12-23 06:20:19<\/span><span class='av-structured-data'  itemprop=\"dateModified\" itemtype=\"https:\/\/schema.org\/dateModified\" >2025-12-23 11:24:16<\/span><span class='av-structured-data'  itemprop=\"mainEntityOfPage\" itemtype=\"https:\/\/schema.org\/mainEntityOfPage\" ><span itemprop='name'>L&#8217;empathie contre la haine : comment de nouvelles approches transforment la culture du d\u00e9bat num\u00e9rique<\/span><\/span><\/span><\/article><article class='slide-entry flex_column  post-entry post-entry-7143 slide-entry-overview slide-loop-6 slide-parity-odd  av_one_third  real-thumbnail post-format-standard'  itemscope=\"itemscope\" itemtype=\"https:\/\/schema.org\/BlogPosting\" itemprop=\"blogPost\" ><a href='https:\/\/influence.ch\/fr\/2026\/03\/26\/un-etat-dincertitude-permanent\/' data-rel='slide-1' class='slide-image' title='\u00ab\u00a0Un \u00e9tat d&rsquo;incertitude permanente\u00a0\u00bb'><img decoding=\"async\" width=\"495\" height=\"400\" src=\"https:\/\/influence.ch\/wp-content\/uploads\/2026\/03\/Myriam-Dunn-Calvety-495x400.jpg\" class=\"wp-image-7113 avia-img-lazy-loading-not-7113 attachment-portfolio size-portfolio wp-post-image\" alt=\"\" srcset=\"https:\/\/influence.ch\/wp-content\/uploads\/2026\/03\/Myriam-Dunn-Calvety-495x400.jpg 495w, https:\/\/influence.ch\/wp-content\/uploads\/2026\/03\/Myriam-Dunn-Calvety-845x684.jpg 845w\" sizes=\"(max-width: 495px) 100vw, 495px\" \/><\/a><div class=\"slide-content\"><header class=\"entry-content-header\"><h3 class='slide-entry-title entry-title '  itemprop=\"headline\" ><a href='https:\/\/influence.ch\/fr\/2026\/03\/26\/un-etat-dincertitude-permanent\/' title='\u00ab\u00a0Un \u00e9tat d&rsquo;incertitude permanente\u00a0\u00bb'>\u00ab\u00a0Un \u00e9tat d&rsquo;incertitude permanente\u00a0\u00bb<\/a><\/h3><span class=\"av-vertical-delimiter\"><\/span><\/header><div class=\"slide-meta\"><div class=\"slide-meta-comments\"><a href='https:\/\/influence.ch\/fr\/2026\/03\/26\/un-etat-dincertitude-permanent\/#respond'>0 Commentaires<\/a><\/div><div class=\"slide-meta-del\">\/<\/div><time class='slide-meta-time updated'  itemprop=\"datePublished\" datetime=\"2026-03-26T14:56:31+01:00\" >26 mars 2026<\/time><\/div><div class='slide-entry-excerpt entry-content'  itemprop=\"text\" >Myriam Dunn Cavelty, sp\u00e9cialiste de la cybers\u00e9curit\u00e9, explique pourquoi les cyberattaques n'atteignent pas des proportions insoup\u00e7onn\u00e9es malgr\u00e9 les guerres - et ce que les Etats-Unis et Isra\u00ebl font mieux que la Russie.  <\/div><\/div><footer class=\"entry-footer\"><\/footer><span class='hidden'>\n\t\t\t\t<span class='av-structured-data'  itemprop=\"image\" itemscope=\"itemscope\" itemtype=\"https:\/\/schema.org\/ImageObject\" >\n\t\t\t\t\t\t<span itemprop='url'>https:\/\/influence.ch\/wp-content\/uploads\/2026\/03\/Myriam-Dunn-Calvety.jpg<\/span>\n\t\t\t\t\t\t<span itemprop='height'>948<\/span>\n\t\t\t\t\t\t<span itemprop='width'>1100<\/span>\n\t\t\t\t<\/span>\n\t\t\t\t<span class='av-structured-data'  itemprop=\"publisher\" itemtype=\"https:\/\/schema.org\/Organization\" itemscope=\"itemscope\" >\n\t\t\t\t\t\t<span itemprop='name'>Eva Novak<\/span>\n\t\t\t\t\t\t<span itemprop='logo' itemscope itemtype='https:\/\/schema.org\/ImageObject'>\n\t\t\t\t\t\t\t<span itemprop='url'>https:\/\/influence.ch\/wp-content\/uploads\/2025\/02\/influence_Logo_FR_weiss-1030x277.png<\/span>\n\t\t\t\t\t\t <\/span>\n\t\t\t\t<\/span><span class='av-structured-data'  itemprop=\"author\" itemscope=\"itemscope\" itemtype=\"https:\/\/schema.org\/Person\" ><span itemprop='name'>Eva Novak<\/span><\/span><span class='av-structured-data'  itemprop=\"datePublished\" datetime=\"2025-01-30T11:13:45+01:00\" >2026-03-26 14:56:31<\/span><span class='av-structured-data'  itemprop=\"dateModified\" itemtype=\"https:\/\/schema.org\/dateModified\" >2026-03-27 14:38:09<\/span><span class='av-structured-data'  itemprop=\"mainEntityOfPage\" itemtype=\"https:\/\/schema.org\/mainEntityOfPage\" ><span itemprop='name'>\u00ab\u00a0Un \u00e9tat d&rsquo;incertitude permanente\u00a0\u00bb<\/span><\/span><\/span><\/article><\/div><div class=\"slide-entry-wrap\"><article class='slide-entry flex_column  post-entry post-entry-6573 slide-entry-overview slide-loop-7 slide-parity-odd  av_one_third first real-thumbnail post-format-standard'  itemscope=\"itemscope\" itemtype=\"https:\/\/schema.org\/BlogPosting\" itemprop=\"blogPost\" ><a href='https:\/\/influence.ch\/fr\/2025\/12\/23\/aujourdhui-nimporte-qui-peut-sadresser-au-monde-entier\/' data-rel='slide-1' class='slide-image' title='Aujourd\u2019hui, n\u2019importe qui peut s\u2019adresser au monde entier.\u202f'><img decoding=\"async\" width=\"495\" height=\"400\" src=\"https:\/\/influence.ch\/wp-content\/uploads\/2022\/12\/influence_Verlaeufe_V01_1-495x400.png\" class=\"wp-image-522 avia-img-lazy-loading-not-522 attachment-portfolio size-portfolio wp-post-image\" alt=\"\" srcset=\"https:\/\/influence.ch\/wp-content\/uploads\/2022\/12\/influence_Verlaeufe_V01_1-495x400.png 495w, https:\/\/influence.ch\/wp-content\/uploads\/2022\/12\/influence_Verlaeufe_V01_1-845x684.png 845w\" sizes=\"(max-width: 495px) 100vw, 495px\" \/><\/a><div class=\"slide-content\"><header class=\"entry-content-header\"><h3 class='slide-entry-title entry-title '  itemprop=\"headline\" ><a href='https:\/\/influence.ch\/fr\/2025\/12\/23\/aujourdhui-nimporte-qui-peut-sadresser-au-monde-entier\/' title='Aujourd\u2019hui, n\u2019importe qui peut s\u2019adresser au monde entier.\u202f'>Aujourd\u2019hui, n\u2019importe qui peut s\u2019adresser au monde entier.\u202f<\/a><\/h3><span class=\"av-vertical-delimiter\"><\/span><\/header><div class=\"slide-meta\"><time class='slide-meta-time updated'  itemprop=\"datePublished\" datetime=\"2025-12-23T06:18:35+01:00\" >23 d\u00e9cembre 2025<\/time><\/div><div class='slide-entry-excerpt entry-content'  itemprop=\"text\" >L'espace public num\u00e9rique, les sentiments post-factuels et les nouvelles responsabilit\u00e9s de la communication politique  <\/div><\/div><footer class=\"entry-footer\"><\/footer><span class='hidden'>\n\t\t\t\t<span class='av-structured-data'  itemprop=\"image\" itemscope=\"itemscope\" itemtype=\"https:\/\/schema.org\/ImageObject\" >\n\t\t\t\t\t\t<span itemprop='url'>https:\/\/influence.ch\/wp-content\/uploads\/2022\/12\/influence_Verlaeufe_V01_1.png<\/span>\n\t\t\t\t\t\t<span itemprop='height'>2169<\/span>\n\t\t\t\t\t\t<span itemprop='width'>2442<\/span>\n\t\t\t\t<\/span>\n\t\t\t\t<span class='av-structured-data'  itemprop=\"publisher\" itemtype=\"https:\/\/schema.org\/Organization\" itemscope=\"itemscope\" >\n\t\t\t\t\t\t<span itemprop='name'>Matthias Halbeis<\/span>\n\t\t\t\t\t\t<span itemprop='logo' itemscope itemtype='https:\/\/schema.org\/ImageObject'>\n\t\t\t\t\t\t\t<span itemprop='url'>https:\/\/influence.ch\/wp-content\/uploads\/2025\/02\/influence_Logo_FR_weiss-1030x277.png<\/span>\n\t\t\t\t\t\t <\/span>\n\t\t\t\t<\/span><span class='av-structured-data'  itemprop=\"author\" itemscope=\"itemscope\" itemtype=\"https:\/\/schema.org\/Person\" ><span itemprop='name'>Matthias Halbeis<\/span><\/span><span class='av-structured-data'  itemprop=\"datePublished\" datetime=\"2025-01-30T11:13:45+01:00\" >2025-12-23 06:18:35<\/span><span class='av-structured-data'  itemprop=\"dateModified\" itemtype=\"https:\/\/schema.org\/dateModified\" >2025-12-23 11:17:30<\/span><span class='av-structured-data'  itemprop=\"mainEntityOfPage\" itemtype=\"https:\/\/schema.org\/mainEntityOfPage\" ><span itemprop='name'>Aujourd\u2019hui, n\u2019importe qui peut s\u2019adresser au monde entier.\u202f<\/span><\/span><\/span><\/article><article class='slide-entry flex_column  post-entry post-entry-5811 slide-entry-overview slide-loop-8 slide-parity-even  av_one_third  real-thumbnail post-format-standard'  itemscope=\"itemscope\" itemtype=\"https:\/\/schema.org\/BlogPosting\" itemprop=\"blogPost\" ><a href='https:\/\/influence.ch\/fr\/2025\/08\/28\/chatgpt-remplacera-t-il-bientot-lhomme\/' data-rel='slide-1' class='slide-image' title='ChatGPT remplacera-t-il bient\u00f4t l&rsquo;homme ?'><img decoding=\"async\" width=\"495\" height=\"400\" src=\"https:\/\/influence.ch\/wp-content\/uploads\/2022\/12\/influence_Verlaeufe_V01_5-495x400.png\" class=\"wp-image-517 avia-img-lazy-loading-not-517 attachment-portfolio size-portfolio wp-post-image\" alt=\"\" srcset=\"https:\/\/influence.ch\/wp-content\/uploads\/2022\/12\/influence_Verlaeufe_V01_5-495x400.png 495w, https:\/\/influence.ch\/wp-content\/uploads\/2022\/12\/influence_Verlaeufe_V01_5-845x684.png 845w\" sizes=\"(max-width: 495px) 100vw, 495px\" \/><\/a><div class=\"slide-content\"><header class=\"entry-content-header\"><h3 class='slide-entry-title entry-title '  itemprop=\"headline\" ><a href='https:\/\/influence.ch\/fr\/2025\/08\/28\/chatgpt-remplacera-t-il-bientot-lhomme\/' title='ChatGPT remplacera-t-il bient\u00f4t l&rsquo;homme ?'>ChatGPT remplacera-t-il bient\u00f4t l&rsquo;homme ?<\/a><\/h3><span class=\"av-vertical-delimiter\"><\/span><\/header><div class=\"slide-meta\"><div class=\"slide-meta-comments\"><a href='https:\/\/influence.ch\/fr\/2025\/08\/28\/chatgpt-remplacera-t-il-bientot-lhomme\/#respond'>0 Commentaires<\/a><\/div><div class=\"slide-meta-del\">\/<\/div><time class='slide-meta-time updated'  itemprop=\"datePublished\" datetime=\"2025-08-28T09:20:05+02:00\" >28 ao\u00fbt 2025<\/time><\/div><div class='slide-entry-excerpt entry-content'  itemprop=\"text\" >Qui en Suisse doit craindre l'utilisation \u00e0 grande \u00e9chelle de l'IA ?<\/div><\/div><footer class=\"entry-footer\"><\/footer><span class='hidden'>\n\t\t\t\t<span class='av-structured-data'  itemprop=\"image\" itemscope=\"itemscope\" itemtype=\"https:\/\/schema.org\/ImageObject\" >\n\t\t\t\t\t\t<span itemprop='url'>https:\/\/influence.ch\/wp-content\/uploads\/2022\/12\/influence_Verlaeufe_V01_5.png<\/span>\n\t\t\t\t\t\t<span itemprop='height'>2169<\/span>\n\t\t\t\t\t\t<span itemprop='width'>2442<\/span>\n\t\t\t\t<\/span>\n\t\t\t\t<span class='av-structured-data'  itemprop=\"publisher\" itemtype=\"https:\/\/schema.org\/Organization\" itemscope=\"itemscope\" >\n\t\t\t\t\t\t<span itemprop='name'>Patrick Leisibach, Agustina Rodriguez<\/span>\n\t\t\t\t\t\t<span itemprop='logo' itemscope itemtype='https:\/\/schema.org\/ImageObject'>\n\t\t\t\t\t\t\t<span itemprop='url'>https:\/\/influence.ch\/wp-content\/uploads\/2025\/02\/influence_Logo_FR_weiss-1030x277.png<\/span>\n\t\t\t\t\t\t <\/span>\n\t\t\t\t<\/span><span class='av-structured-data'  itemprop=\"author\" itemscope=\"itemscope\" itemtype=\"https:\/\/schema.org\/Person\" ><span itemprop='name'>Patrick Leisibach, Agustina Rodriguez<\/span><\/span><span class='av-structured-data'  itemprop=\"datePublished\" datetime=\"2025-01-30T11:13:45+01:00\" >2025-08-28 09:20:05<\/span><span class='av-structured-data'  itemprop=\"dateModified\" itemtype=\"https:\/\/schema.org\/dateModified\" >2025-08-28 15:19:39<\/span><span class='av-structured-data'  itemprop=\"mainEntityOfPage\" itemtype=\"https:\/\/schema.org\/mainEntityOfPage\" ><span itemprop='name'>ChatGPT remplacera-t-il bient\u00f4t l&rsquo;homme ?<\/span><\/span><\/span><\/article><article class='slide-entry flex_column  post-entry post-entry-6245 slide-entry-overview slide-loop-9 slide-parity-odd  post-entry-last  av_one_third  real-thumbnail post-format-standard'  itemscope=\"itemscope\" itemtype=\"https:\/\/schema.org\/BlogPosting\" itemprop=\"blogPost\" ><a href='https:\/\/influence.ch\/fr\/2025\/10\/30\/le-pouvoir-des-relations\/' data-rel='slide-1' class='slide-image' title='Le pouvoir des relations'><img decoding=\"async\" width=\"495\" height=\"400\" src=\"https:\/\/influence.ch\/wp-content\/uploads\/2022\/12\/influence_Verlaeufe_V01_5-495x400.png\" class=\"wp-image-517 avia-img-lazy-loading-not-517 attachment-portfolio size-portfolio wp-post-image\" alt=\"\" srcset=\"https:\/\/influence.ch\/wp-content\/uploads\/2022\/12\/influence_Verlaeufe_V01_5-495x400.png 495w, https:\/\/influence.ch\/wp-content\/uploads\/2022\/12\/influence_Verlaeufe_V01_5-845x684.png 845w\" sizes=\"(max-width: 495px) 100vw, 495px\" \/><\/a><div class=\"slide-content\"><header class=\"entry-content-header\"><h3 class='slide-entry-title entry-title '  itemprop=\"headline\" ><a href='https:\/\/influence.ch\/fr\/2025\/10\/30\/le-pouvoir-des-relations\/' title='Le pouvoir des relations'>Le pouvoir des relations<\/a><\/h3><span class=\"av-vertical-delimiter\"><\/span><\/header><div class=\"slide-meta\"><div class=\"slide-meta-comments\"><a href='https:\/\/influence.ch\/fr\/2025\/10\/30\/le-pouvoir-des-relations\/#respond'>0 Commentaires<\/a><\/div><div class=\"slide-meta-del\">\/<\/div><time class='slide-meta-time updated'  itemprop=\"datePublished\" datetime=\"2025-10-30T10:00:32+01:00\" >30 octobre 2025<\/time><\/div><div class='slide-entry-excerpt entry-content'  itemprop=\"text\" >pourquoi le leadership ne se limite pas \u00e0 la hi\u00e9rarchie<\/div><\/div><footer class=\"entry-footer\"><\/footer><span class='hidden'>\n\t\t\t\t<span class='av-structured-data'  itemprop=\"image\" itemscope=\"itemscope\" itemtype=\"https:\/\/schema.org\/ImageObject\" >\n\t\t\t\t\t\t<span itemprop='url'>https:\/\/influence.ch\/wp-content\/uploads\/2022\/12\/influence_Verlaeufe_V01_5.png<\/span>\n\t\t\t\t\t\t<span itemprop='height'>2169<\/span>\n\t\t\t\t\t\t<span itemprop='width'>2442<\/span>\n\t\t\t\t<\/span>\n\t\t\t\t<span class='av-structured-data'  itemprop=\"publisher\" itemtype=\"https:\/\/schema.org\/Organization\" itemscope=\"itemscope\" >\n\t\t\t\t\t\t<span itemprop='name'>Matthias Halbeis<\/span>\n\t\t\t\t\t\t<span itemprop='logo' itemscope itemtype='https:\/\/schema.org\/ImageObject'>\n\t\t\t\t\t\t\t<span itemprop='url'>https:\/\/influence.ch\/wp-content\/uploads\/2025\/02\/influence_Logo_FR_weiss-1030x277.png<\/span>\n\t\t\t\t\t\t <\/span>\n\t\t\t\t<\/span><span class='av-structured-data'  itemprop=\"author\" itemscope=\"itemscope\" itemtype=\"https:\/\/schema.org\/Person\" ><span itemprop='name'>Matthias Halbeis<\/span><\/span><span class='av-structured-data'  itemprop=\"datePublished\" datetime=\"2025-01-30T11:13:45+01:00\" >2025-10-30 10:00:32<\/span><span class='av-structured-data'  itemprop=\"dateModified\" itemtype=\"https:\/\/schema.org\/dateModified\" >2025-10-30 17:05:29<\/span><span class='av-structured-data'  itemprop=\"mainEntityOfPage\" itemtype=\"https:\/\/schema.org\/mainEntityOfPage\" ><span itemprop='name'>Le pouvoir des relations<\/span><\/span><\/span><\/article><\/div><\/div><div class='avia-slideshow-arrows avia-slideshow-controls' ><a href='#prev' class='prev-slide ' aria-hidden='true' data-av_icon='\ue87c' data-av_iconfont='entypo-fontello'  tabindex='-1'>Pr\u00e9c\u00e9dent<\/a><a href='#next' class='next-slide ' aria-hidden='true' data-av_icon='\ue87d' data-av_iconfont='entypo-fontello'  tabindex='-1'>Suivant<\/a><\/div><\/div>\n<section  class='av_textblock_section av-lbkiyyp8-b806e2543e7e8638a398f5d3dd0c9a78'  itemscope=\"itemscope\" itemtype=\"https:\/\/schema.org\/BlogPosting\" itemprop=\"blogPost\" ><div class='avia_textblock landscape'  itemprop=\"text\" ><p>Un diplomate allemand confie \u00e0 la journaliste Anne Applebaum qu&rsquo;en Afrique, beaucoup sont persuad\u00e9s que Vladimir Poutine a eu raison d&rsquo;attaquer l&rsquo;Ukraine \u2013 apr\u00e8s tout, les Ukrainiens sont des fascistes. Pas de remise en question, pas de confrontation avec d\u2019autres opinions. Cette anecdote, rapport\u00e9e par la journaliste dans son excellent essai <em>Autocratie(s)<\/em>, illustre la crise majeure que vit aujourd\u2019hui l\u2019Occident : la perte de son influence narrative dans de nombreuses r\u00e9gions du monde. Ce qui semblait autrefois incontestable \u2013 la pr\u00e9\u00e9minence de la d\u00e9mocratie lib\u00e9rale et le r\u00f4le de leadership moral de l&rsquo;Occident \u2013 ne se limite plus \u00e0 \u00eatre remis en question. Il est activement sap\u00e9. Mais comment en est-on arriv\u00e9 l\u00e0, et quels sont les enjeux ?<\/p>\n<p>Dans son livre, Anne Applebaum explique que les autocraties modernes ne ressemblent plus aux dictatures classiques, gouvern\u00e9es par un tyran charismatique. Au lieu de cela, ils agissent comme des r\u00e9seaux ou des entreprises &#8211; ils forment ce que la journaliste appelle une \u00ab\u00a0Autocracy, Inc.\u00a0\u00bb : une f\u00e9d\u00e9ration de r\u00e9gimes unis non pas par une id\u00e9ologie, mais par la recherche du maintien du pouvoir et de leur richesse personnelle. Ces autocrates agissent de mani\u00e8re intelligente, strat\u00e9gique et, surtout, coop\u00e9rative.<\/p>\n<p><strong>Un r\u00e9seau mondial d&rsquo;autocrates<\/strong><br \/>\nAnne Applebaum d\u00e9crit avec brio la mani\u00e8re dont les autocraties collaborent aujourd&rsquo;hui pour se soutenir mutuellement et modifier les normes mondiales en leur faveur. En s&rsquo;appuyant sur de nombreux exemples, elle montre comment elles \u00e9changent des strat\u00e9gies de propagande, m\u00e8nent des campagnes de d\u00e9sinformation, offrent des soutiens financiers et fournissent des technologies de surveillance. Il ne s&rsquo;agit pas seulement d&rsquo;un nouvel axe de pouvoir, mais d&rsquo;un r\u00e9seau qui s&rsquo;\u00e9tend profond\u00e9ment dans les soci\u00e9t\u00e9s d\u00e9mocratiques.<\/p>\n<p>La Russie est au c\u0153ur de ce r\u00e9seau. Sous Vladimir Poutine, le pays est devenu le centre n\u00e9vralgique de la coop\u00e9ration autocratique, que ce soit par le soutien \u00e0 d&rsquo;autres r\u00e9gimes, l&rsquo;infiltration des institutions d\u00e9mocratiques ou la diffusion d&rsquo;une d\u00e9sinformation cibl\u00e9e, notamment en Occident. Ce qui frappe particuli\u00e8rement dans le r\u00e9cit d&rsquo;Anne Applebaum, c\u2019est la fa\u00e7on dont les r\u00e9gimes autocratiques exploitent les r\u00e9seaux financiers pour contourner les sanctions, p\u00e9n\u00e9trer les march\u00e9s immobiliers internationaux ou se livrer au trafic d\u2019or et de drogue.<\/p>\n<p><strong>Objectif : modifier les normes mondiales et diviser l&rsquo;Occident<\/strong><br \/>\nAnne Applebaum d\u00e9crit avec brio la mani\u00e8re dont les autocraties modernes collaborent pour assurer leur pouvoir et modifier les normes mondiales. Cette coop\u00e9ration comprend\u00a0:<\/p>\n<ul>\n<li>Des campagnes de d\u00e9sinformation qui divisent les d\u00e9mocraties occidentales,<\/li>\n<li>R\u00e9seaux financiers qui aident les oligarques \u00e0 dissimuler leurs avoirs,<\/li>\n<li>l&rsquo;exportation de technologies de surveillance, et<\/li>\n<li>le soutien militaire et financier \u00e0 des alli\u00e9s autocratiques.<\/li>\n<\/ul>\n<p><strong>Les erreurs de l&rsquo;Occident<\/strong><br \/>\nLa journaliste impute \u00e0 deux erreurs majeures la puissance actuelle des autocrates :<\/p>\n<ol>\n<li><strong>\u00ab\u00a0Change through trade<\/strong>\u00a0\u00bb <strong><br \/>\nLa strat\u00e9gie allemande du \u00ab\u00a0change through change\u00a0\u00bb, forg\u00e9e par Egon Bahr dans les ann\u00e9es 1960, partait du principe que les liens \u00e9conomiques avec les \u00c9tats dictatoriaux, l&rsquo;Union sovi\u00e9tique en t\u00eate, conduiraient \u00e0 long terme \u00e0 la d\u00e9mocratisation.<\/strong> Ce qui semblait fonctionner apr\u00e8s la chute du mur de Berlin et l\u2019effondrement de l\u2019URSS. Pourtant, Anne Applebaum soutient que le contraire s&rsquo;est produit : des autocraties comme la Russie et la Chine ont exploit\u00e9 les relations \u00e9conomiques pour accro\u00eetre leur influence et cr\u00e9er des d\u00e9pendances envers l\u2019Occident. Le projet Nord Stream 2 en est un exemple parfait, montrant comment les int\u00e9r\u00eats \u00e9conomiques des pays occidentaux ont pris le dessus sur les enjeux g\u00e9opolitiques.<\/li>\n<li><strong>L&rsquo;illusion du \u00ab\u00a0monde ouvert<\/strong>\u00a0\u00bb <strong><br \/>\nAnne Applebaum critique \u00e9galement l\u2019optimisme des ann\u00e9es 1990, d\u00e9fendu notamment par le pr\u00e9sident am\u00e9ricain Bill Clinton, selon lequel des innovations technologiques comme l\u2019Internet rendraient le monde plus ouvert, plus transparent et, par cons\u00e9quent, plus d\u00e9mocratique.<\/strong> Bill Clinton et nombre de ses contemporains pensaient que l&rsquo;interconnexion mondiale affaiblirait les r\u00e9gimes autoritaires. Mais des autocraties comme la Russie et la Chine ont adapt\u00e9 et instrumentalis\u00e9 ces technologies : pour surveiller leur population, diffuser de la d\u00e9sinformation et d\u00e9stabiliser d\u00e9lib\u00e9r\u00e9ment les syst\u00e8mes d\u00e9mocratiques.<\/li>\n<\/ol>\n<p><strong>Un appel \u00e0 la d\u00e9fense de la d\u00e9mocratie<br \/>\n<\/strong>Malgr\u00e9 la noirceur de son analyse, Anne Applebaum reste une optimiste. Elle appelle les \u00c9tats d\u00e9mocratiques \u00e0 prendre conscience de leurs responsabilit\u00e9s et \u00e0 agir de mani\u00e8re cibl\u00e9e contre les menaces de l&rsquo;axe des autocrates. Il s&rsquo;agit notamment de mesures contre la d\u00e9sinformation, d&rsquo;une plus grande transparence dans la finance internationale et d&rsquo;une position claire vis-\u00e0-vis des autocraties.<\/p>\n<p>Le livre \u00ab\u00a0<em> Autocratie(s)<\/em>\u00a0\u00bb est un cri d&rsquo;alarme percutant qui diss\u00e8que \u00e0 la fois les m\u00e9canismes des autocraties modernes et met en \u00e9vidence les faiblesses des d\u00e9mocraties. Anne Applebaum parvient \u00e0 rendre compr\u00e9hensible l&rsquo;interaction complexe du pouvoir, de l&rsquo;argent et des r\u00e9cits &#8211; et invite ses lecteurs \u00e0 s&rsquo;engager pour la libert\u00e9 et la p\u00e9rennit\u00e9 des valeurs d\u00e9mocratiques.<\/p>\n<p>La journaliste nous rappelle que la d\u00e9mocratie lib\u00e9rale et nos libert\u00e9s ne doivent jamais \u00eatre tenues pour acquises. En Occident, il est crucial de ne pas sombrer dans la complaisance.<\/p>\n<p><em>Anne Applebaum : Autocratie(s), Quand les dictateurs s&rsquo;associent pour diriger le monde. \u00c9ditions Grasset 2025.<\/em><\/p>\n<\/div><\/section>\n<\/div><\/div><\/div><!-- close content main div --><\/div><\/div>\n<style type=\"text\/css\" data-created_by=\"avia_inline_auto\" id=\"style-css-av-1el8w-2fe6025897ff8c4d59a9804d999ac50e\">\n.avia-section.av-1el8w-2fe6025897ff8c4d59a9804d999ac50e{\nbackground-color:#ededed;\nbackground-image:unset;\n}\n<\/style>\n<div id='av_section_3'  class='avia-section av-1el8w-2fe6025897ff8c4d59a9804d999ac50e main_color avia-section-default avia-no-border-styling  avia-builder-el-15  el_after_av_section  el_before_av_section  post_slider avia-bg-style-scroll container_wrap fullsize'  ><div class='container av-section-cont-open' ><div class='template-page content  av-content-full alpha units'><div class='post-entry post-entry-type-page post-entry-4343'><div class='entry-content-wrapper clearfix'>\n<\/div><\/div><\/div><!-- close content main div --><\/div><\/div>\n<style type=\"text\/css\" data-created_by=\"avia_inline_auto\" id=\"style-css-av-av_section-bf85d9a29e078b1f67e976a9532a1f26\">\n.avia-section.av-av_section-bf85d9a29e078b1f67e976a9532a1f26{\nbackground-color:#ededed;\nbackground-image:unset;\n}\n<\/style>\n<div id='av_section_4'  class='avia-section av-av_section-bf85d9a29e078b1f67e976a9532a1f26 main_color avia-section-default avia-no-border-styling  avia-builder-el-16  el_after_av_section  avia-builder-el-last  post_slider avia-bg-style-scroll container_wrap fullsize'  ><div class='container av-section-cont-open' ><div class='template-page content  av-content-full alpha units'><div class='post-entry post-entry-type-page post-entry-4343'><div class='entry-content-wrapper clearfix'>\n<div  data-slideshow-options=\"{&quot;animation&quot;:&quot;fade&quot;,&quot;autoplay&quot;:false,&quot;loop_autoplay&quot;:&quot;once&quot;,&quot;interval&quot;:&quot;5&quot;,&quot;loop_manual&quot;:&quot;manual-endless&quot;,&quot;autoplay_stopper&quot;:false,&quot;noNavigation&quot;:false,&quot;show_slide_delay&quot;:90}\" class='avia-content-slider avia-content-slider-active avia-content-slider2 avia-content-slider-odd  avia-builder-el-17  avia-builder-el-no-sibling  av-slideshow-ui av-control-default   av-no-slider-navigation av-slideshow-manual av-loop-once av-loop-manual-endless '  itemscope=\"itemscope\" itemtype=\"https:\/\/schema.org\/Blog\" ><div class=\"avia-content-slider-inner\"><div class=\"slide-entry-wrap\"><article class='slide-entry flex_column  post-entry post-entry-4400 slide-entry-overview slide-loop-1 slide-parity-odd  av_one_third first real-thumbnail post-format-standard'  itemscope=\"itemscope\" itemtype=\"https:\/\/schema.org\/BlogPosting\" itemprop=\"blogPost\" ><a href='https:\/\/influence.ch\/fr\/2025\/01\/30\/longcovid-un-hashtag-comme-bouee-de-sauvetage\/' data-rel='slide-2' class='slide-image' title='#LongCovid &#8211; Un hashtag comme bou\u00e9e de sauvetage'><img decoding=\"async\" width=\"495\" height=\"400\" src=\"https:\/\/influence.ch\/wp-content\/uploads\/2022\/12\/influence_Verlaeufe_V01_1-495x400.png\" class=\"wp-image-522 avia-img-lazy-loading-not-522 attachment-portfolio size-portfolio wp-post-image\" alt=\"\" srcset=\"https:\/\/influence.ch\/wp-content\/uploads\/2022\/12\/influence_Verlaeufe_V01_1-495x400.png 495w, https:\/\/influence.ch\/wp-content\/uploads\/2022\/12\/influence_Verlaeufe_V01_1-845x684.png 845w\" sizes=\"(max-width: 495px) 100vw, 495px\" \/><\/a><div class=\"slide-content\"><header class=\"entry-content-header\"><h3 class='slide-entry-title entry-title '  itemprop=\"headline\" ><a href='https:\/\/influence.ch\/fr\/2025\/01\/30\/longcovid-un-hashtag-comme-bouee-de-sauvetage\/' title='#LongCovid &#8211; Un hashtag comme bou\u00e9e de sauvetage'>#LongCovid &#8211; Un hashtag comme bou\u00e9e de sauvetage<\/a><\/h3><span class=\"av-vertical-delimiter\"><\/span><\/header><div class=\"slide-meta\"><time class='slide-meta-time updated'  itemprop=\"datePublished\" datetime=\"2025-01-30T11:14:11+01:00\" >30 janvier 2025<\/time><\/div><div class='slide-entry-excerpt entry-content'  itemprop=\"text\" >Le mouvement Long COVID montre de mani\u00e8re exemplaire comment les personnes concern\u00e9es peuvent jouer un r\u00f4le cl\u00e9 dans l'am\u00e9lioration des soins de sant\u00e9.  <\/div><\/div><footer class=\"entry-footer\"><\/footer><span class='hidden'>\n\t\t\t\t<span class='av-structured-data'  itemprop=\"image\" itemscope=\"itemscope\" itemtype=\"https:\/\/schema.org\/ImageObject\" >\n\t\t\t\t\t\t<span itemprop='url'>https:\/\/influence.ch\/wp-content\/uploads\/2022\/12\/influence_Verlaeufe_V01_1.png<\/span>\n\t\t\t\t\t\t<span itemprop='height'>2169<\/span>\n\t\t\t\t\t\t<span itemprop='width'>2442<\/span>\n\t\t\t\t<\/span>\n\t\t\t\t<span class='av-structured-data'  itemprop=\"publisher\" itemtype=\"https:\/\/schema.org\/Organization\" itemscope=\"itemscope\" >\n\t\t\t\t\t\t<span itemprop='name'>Patrick Blaser<\/span>\n\t\t\t\t\t\t<span itemprop='logo' itemscope itemtype='https:\/\/schema.org\/ImageObject'>\n\t\t\t\t\t\t\t<span itemprop='url'>https:\/\/influence.ch\/wp-content\/uploads\/2025\/02\/influence_Logo_FR_weiss-1030x277.png<\/span>\n\t\t\t\t\t\t <\/span>\n\t\t\t\t<\/span><span class='av-structured-data'  itemprop=\"author\" itemscope=\"itemscope\" itemtype=\"https:\/\/schema.org\/Person\" ><span itemprop='name'>Patrick Blaser<\/span><\/span><span class='av-structured-data'  itemprop=\"datePublished\" datetime=\"2025-01-30T11:13:45+01:00\" >2025-01-30 11:14:11<\/span><span class='av-structured-data'  itemprop=\"dateModified\" itemtype=\"https:\/\/schema.org\/dateModified\" >2025-01-30 15:39:06<\/span><span class='av-structured-data'  itemprop=\"mainEntityOfPage\" itemtype=\"https:\/\/schema.org\/mainEntityOfPage\" ><span itemprop='name'>#LongCovid &#8211; Un hashtag comme bou\u00e9e de sauvetage<\/span><\/span><\/span><\/article><article class='slide-entry flex_column  post-entry post-entry-6427 slide-entry-overview slide-loop-2 slide-parity-even  av_one_third  real-thumbnail post-format-standard'  itemscope=\"itemscope\" itemtype=\"https:\/\/schema.org\/BlogPosting\" itemprop=\"blogPost\" ><a href='https:\/\/influence.ch\/fr\/2025\/11\/27\/ctrl-alt-manipulation-lia-un-risque-pour-la-communication-politique\/' data-rel='slide-2' class='slide-image' title='Ctrl + Alt + Manipulation ? L&rsquo;IA, un risque pour la communication politique'><img decoding=\"async\" width=\"495\" height=\"400\" src=\"https:\/\/influence.ch\/wp-content\/uploads\/2022\/12\/influence_Verlaeufe_V01_1-495x400.png\" class=\"wp-image-522 avia-img-lazy-loading-not-522 attachment-portfolio size-portfolio wp-post-image\" alt=\"\" srcset=\"https:\/\/influence.ch\/wp-content\/uploads\/2022\/12\/influence_Verlaeufe_V01_1-495x400.png 495w, https:\/\/influence.ch\/wp-content\/uploads\/2022\/12\/influence_Verlaeufe_V01_1-845x684.png 845w\" sizes=\"(max-width: 495px) 100vw, 495px\" \/><\/a><div class=\"slide-content\"><header class=\"entry-content-header\"><h3 class='slide-entry-title entry-title '  itemprop=\"headline\" ><a href='https:\/\/influence.ch\/fr\/2025\/11\/27\/ctrl-alt-manipulation-lia-un-risque-pour-la-communication-politique\/' title='Ctrl + Alt + Manipulation ? L&rsquo;IA, un risque pour la communication politique'>Ctrl + Alt + Manipulation ? L&rsquo;IA, un risque pour la communication politique<\/a><\/h3><span class=\"av-vertical-delimiter\"><\/span><\/header><div class=\"slide-meta\"><time class='slide-meta-time updated'  itemprop=\"datePublished\" datetime=\"2025-11-27T13:27:40+01:00\" >27 novembre 2025<\/time><\/div><div class='slide-entry-excerpt entry-content'  itemprop=\"text\" >Ce que l'on peut d\u00e9duire pour la Suisse \u00e0 partir d'une \u00e9tude sur les Philippines.<\/div><\/div><footer class=\"entry-footer\"><\/footer><span class='hidden'>\n\t\t\t\t<span class='av-structured-data'  itemprop=\"image\" itemscope=\"itemscope\" itemtype=\"https:\/\/schema.org\/ImageObject\" >\n\t\t\t\t\t\t<span itemprop='url'>https:\/\/influence.ch\/wp-content\/uploads\/2022\/12\/influence_Verlaeufe_V01_1.png<\/span>\n\t\t\t\t\t\t<span itemprop='height'>2169<\/span>\n\t\t\t\t\t\t<span itemprop='width'>2442<\/span>\n\t\t\t\t<\/span>\n\t\t\t\t<span class='av-structured-data'  itemprop=\"publisher\" itemtype=\"https:\/\/schema.org\/Organization\" itemscope=\"itemscope\" >\n\t\t\t\t\t\t<span itemprop='name'>Matthias Halbeis<\/span>\n\t\t\t\t\t\t<span itemprop='logo' itemscope itemtype='https:\/\/schema.org\/ImageObject'>\n\t\t\t\t\t\t\t<span itemprop='url'>https:\/\/influence.ch\/wp-content\/uploads\/2025\/02\/influence_Logo_FR_weiss-1030x277.png<\/span>\n\t\t\t\t\t\t <\/span>\n\t\t\t\t<\/span><span class='av-structured-data'  itemprop=\"author\" itemscope=\"itemscope\" itemtype=\"https:\/\/schema.org\/Person\" ><span itemprop='name'>Matthias Halbeis<\/span><\/span><span class='av-structured-data'  itemprop=\"datePublished\" datetime=\"2025-01-30T11:13:45+01:00\" >2025-11-27 13:27:40<\/span><span class='av-structured-data'  itemprop=\"dateModified\" itemtype=\"https:\/\/schema.org\/dateModified\" >2025-11-27 15:23:51<\/span><span class='av-structured-data'  itemprop=\"mainEntityOfPage\" itemtype=\"https:\/\/schema.org\/mainEntityOfPage\" ><span itemprop='name'>Ctrl + Alt + Manipulation ? L&rsquo;IA, un risque pour la communication politique<\/span><\/span><\/span><\/article><article class='slide-entry flex_column  post-entry post-entry-5905 slide-entry-overview slide-loop-3 slide-parity-odd  av_one_third  real-thumbnail post-format-standard'  itemscope=\"itemscope\" itemtype=\"https:\/\/schema.org\/BlogPosting\" itemprop=\"blogPost\" ><a href='https:\/\/influence.ch\/fr\/2025\/08\/28\/dans-un-monde-trouble-lintelligence-collective-est-indispensable\/' data-rel='slide-2' class='slide-image' title='\u00ab\u202fDans un monde troubl\u00e9, l\u2019intelligence collective est indispensable.\u202f\u00bb'><img decoding=\"async\" width=\"495\" height=\"400\" src=\"https:\/\/influence.ch\/wp-content\/uploads\/2025\/08\/vincent_subilia-495x400.jpg\" class=\"wp-image-5903 avia-img-lazy-loading-not-5903 attachment-portfolio size-portfolio wp-post-image\" alt=\"\" srcset=\"https:\/\/influence.ch\/wp-content\/uploads\/2025\/08\/vincent_subilia-495x400.jpg 495w, https:\/\/influence.ch\/wp-content\/uploads\/2025\/08\/vincent_subilia-845x684.jpg 845w\" sizes=\"(max-width: 495px) 100vw, 495px\" \/><\/a><div class=\"slide-content\"><header class=\"entry-content-header\"><h3 class='slide-entry-title entry-title '  itemprop=\"headline\" ><a href='https:\/\/influence.ch\/fr\/2025\/08\/28\/dans-un-monde-trouble-lintelligence-collective-est-indispensable\/' title='\u00ab\u202fDans un monde troubl\u00e9, l\u2019intelligence collective est indispensable.\u202f\u00bb'>\u00ab\u202fDans un monde troubl\u00e9, l\u2019intelligence collective est indispensable.\u202f\u00bb<\/a><\/h3><span class=\"av-vertical-delimiter\"><\/span><\/header><div class=\"slide-meta\"><div class=\"slide-meta-comments\"><a href='https:\/\/influence.ch\/fr\/2025\/08\/28\/dans-un-monde-trouble-lintelligence-collective-est-indispensable\/#respond'>0 Commentaires<\/a><\/div><div class=\"slide-meta-del\">\/<\/div><time class='slide-meta-time updated'  itemprop=\"datePublished\" datetime=\"2025-08-28T09:30:13+02:00\" >28 ao\u00fbt 2025<\/time><\/div><div class='slide-entry-excerpt entry-content'  itemprop=\"text\" >Le directeur de la CCIG Vincent Subilia a pris la pr\u00e9sidence de la fa\u00eeti\u00e8re regroupant les 19 chambres de commerce suisses et du Liechtenstein en juin dernier.<\/div><\/div><footer class=\"entry-footer\"><\/footer><span class='hidden'>\n\t\t\t\t<span class='av-structured-data'  itemprop=\"image\" itemscope=\"itemscope\" itemtype=\"https:\/\/schema.org\/ImageObject\" >\n\t\t\t\t\t\t<span itemprop='url'>https:\/\/influence.ch\/wp-content\/uploads\/2025\/08\/vincent_subilia.jpg<\/span>\n\t\t\t\t\t\t<span itemprop='height'>751<\/span>\n\t\t\t\t\t\t<span itemprop='width'>1335<\/span>\n\t\t\t\t<\/span>\n\t\t\t\t<span class='av-structured-data'  itemprop=\"publisher\" itemtype=\"https:\/\/schema.org\/Organization\" itemscope=\"itemscope\" >\n\t\t\t\t\t\t<span itemprop='name'>Chrystel Domenjoz<\/span>\n\t\t\t\t\t\t<span itemprop='logo' itemscope itemtype='https:\/\/schema.org\/ImageObject'>\n\t\t\t\t\t\t\t<span itemprop='url'>https:\/\/influence.ch\/wp-content\/uploads\/2025\/02\/influence_Logo_FR_weiss-1030x277.png<\/span>\n\t\t\t\t\t\t <\/span>\n\t\t\t\t<\/span><span class='av-structured-data'  itemprop=\"author\" itemscope=\"itemscope\" itemtype=\"https:\/\/schema.org\/Person\" ><span itemprop='name'>Chrystel Domenjoz<\/span><\/span><span class='av-structured-data'  itemprop=\"datePublished\" datetime=\"2025-01-30T11:13:45+01:00\" >2025-08-28 09:30:13<\/span><span class='av-structured-data'  itemprop=\"dateModified\" itemtype=\"https:\/\/schema.org\/dateModified\" >2025-08-29 09:09:24<\/span><span class='av-structured-data'  itemprop=\"mainEntityOfPage\" itemtype=\"https:\/\/schema.org\/mainEntityOfPage\" ><span itemprop='name'>\u00ab\u202fDans un monde troubl\u00e9, l\u2019intelligence collective est indispensable.\u202f\u00bb<\/span><\/span><\/span><\/article><\/div><div class=\"slide-entry-wrap\"><article class='slide-entry flex_column  post-entry post-entry-4410 slide-entry-overview slide-loop-4 slide-parity-odd  av_one_third first real-thumbnail post-format-standard'  itemscope=\"itemscope\" itemtype=\"https:\/\/schema.org\/BlogPosting\" itemprop=\"blogPost\" ><a href='https:\/\/influence.ch\/fr\/2025\/01\/30\/la-societe-leconomie-et-les-bebes\/' data-rel='slide-2' class='slide-image' title='La soci\u00e9t\u00e9, l&rsquo;\u00e9conomie et les b\u00e9b\u00e9s'><img decoding=\"async\" width=\"495\" height=\"400\" src=\"https:\/\/influence.ch\/wp-content\/uploads\/2022\/12\/influence_Verlaeufe_V01_5-495x400.png\" class=\"wp-image-517 avia-img-lazy-loading-not-517 attachment-portfolio size-portfolio wp-post-image\" alt=\"\" srcset=\"https:\/\/influence.ch\/wp-content\/uploads\/2022\/12\/influence_Verlaeufe_V01_5-495x400.png 495w, https:\/\/influence.ch\/wp-content\/uploads\/2022\/12\/influence_Verlaeufe_V01_5-845x684.png 845w\" sizes=\"(max-width: 495px) 100vw, 495px\" \/><\/a><div class=\"slide-content\"><header class=\"entry-content-header\"><h3 class='slide-entry-title entry-title '  itemprop=\"headline\" ><a href='https:\/\/influence.ch\/fr\/2025\/01\/30\/la-societe-leconomie-et-les-bebes\/' title='La soci\u00e9t\u00e9, l&rsquo;\u00e9conomie et les b\u00e9b\u00e9s'>La soci\u00e9t\u00e9, l&rsquo;\u00e9conomie et les b\u00e9b\u00e9s<\/a><\/h3><span class=\"av-vertical-delimiter\"><\/span><\/header><div class=\"slide-meta\"><div class=\"slide-meta-comments\"><a href='https:\/\/influence.ch\/fr\/2025\/01\/30\/la-societe-leconomie-et-les-bebes\/#respond'>0 Commentaires<\/a><\/div><div class=\"slide-meta-del\">\/<\/div><time class='slide-meta-time updated'  itemprop=\"datePublished\" datetime=\"2025-01-30T10:55:24+01:00\" >30 janvier 2025<\/time><\/div><div class='slide-entry-excerpt entry-content'  itemprop=\"text\" >Comment le taux de natalit\u00e9 fa\u00e7onne l'\u00e9conomie mondiale  <\/div><\/div><footer class=\"entry-footer\"><\/footer><span class='hidden'>\n\t\t\t\t<span class='av-structured-data'  itemprop=\"image\" itemscope=\"itemscope\" itemtype=\"https:\/\/schema.org\/ImageObject\" >\n\t\t\t\t\t\t<span itemprop='url'>https:\/\/influence.ch\/wp-content\/uploads\/2022\/12\/influence_Verlaeufe_V01_5.png<\/span>\n\t\t\t\t\t\t<span itemprop='height'>2169<\/span>\n\t\t\t\t\t\t<span itemprop='width'>2442<\/span>\n\t\t\t\t<\/span>\n\t\t\t\t<span class='av-structured-data'  itemprop=\"publisher\" itemtype=\"https:\/\/schema.org\/Organization\" itemscope=\"itemscope\" >\n\t\t\t\t\t\t<span itemprop='name'>Matthias Halbeis<\/span>\n\t\t\t\t\t\t<span itemprop='logo' itemscope itemtype='https:\/\/schema.org\/ImageObject'>\n\t\t\t\t\t\t\t<span itemprop='url'>https:\/\/influence.ch\/wp-content\/uploads\/2025\/02\/influence_Logo_FR_weiss-1030x277.png<\/span>\n\t\t\t\t\t\t <\/span>\n\t\t\t\t<\/span><span class='av-structured-data'  itemprop=\"author\" itemscope=\"itemscope\" itemtype=\"https:\/\/schema.org\/Person\" ><span itemprop='name'>Matthias Halbeis<\/span><\/span><span class='av-structured-data'  itemprop=\"datePublished\" datetime=\"2025-01-30T11:13:45+01:00\" >2025-01-30 10:55:24<\/span><span class='av-structured-data'  itemprop=\"dateModified\" itemtype=\"https:\/\/schema.org\/dateModified\" >2025-01-31 10:31:36<\/span><span class='av-structured-data'  itemprop=\"mainEntityOfPage\" itemtype=\"https:\/\/schema.org\/mainEntityOfPage\" ><span itemprop='name'>La soci\u00e9t\u00e9, l&rsquo;\u00e9conomie et les b\u00e9b\u00e9s<\/span><\/span><\/span><\/article><article class='slide-entry flex_column  post-entry post-entry-4405 slide-entry-overview slide-loop-5 slide-parity-even  av_one_third  real-thumbnail post-format-standard'  itemscope=\"itemscope\" itemtype=\"https:\/\/schema.org\/BlogPosting\" itemprop=\"blogPost\" ><a href='https:\/\/influence.ch\/fr\/2025\/01\/30\/jai-une-chance-inouie\/' data-rel='slide-2' class='slide-image' title='\u00ab J&rsquo;ai une chance inou\u00efe \u00bb'><img decoding=\"async\" width=\"1\" height=\"1\" src=\"https:\/\/influence.ch\/wp-content\/uploads\/2025\/01\/Maja-Riniker_R.Ruis_0001_2-scaled.jpg\" class=\"wp-image-4376 avia-img-lazy-loading-not-4376 attachment-portfolio size-portfolio wp-post-image\" alt=\"\" \/><\/a><div class=\"slide-content\"><header class=\"entry-content-header\"><h3 class='slide-entry-title entry-title '  itemprop=\"headline\" ><a href='https:\/\/influence.ch\/fr\/2025\/01\/30\/jai-une-chance-inouie\/' title='\u00ab J&rsquo;ai une chance inou\u00efe \u00bb'>\u00ab J&rsquo;ai une chance inou\u00efe \u00bb<\/a><\/h3><span class=\"av-vertical-delimiter\"><\/span><\/header><div class=\"slide-meta\"><div class=\"slide-meta-comments\"><a href='https:\/\/influence.ch\/fr\/2025\/01\/30\/jai-une-chance-inouie\/#respond'>0 Commentaires<\/a><\/div><div class=\"slide-meta-del\">\/<\/div><time class='slide-meta-time updated'  itemprop=\"datePublished\" datetime=\"2025-01-30T11:22:14+01:00\" >30 janvier 2025<\/time><\/div><div class='slide-entry-excerpt entry-content'  itemprop=\"text\" >La conseill\u00e8re nationale PLR Maja Riniker est actuellement la plus haute personnalit\u00e9 suisse. Son ann\u00e9e pr\u00e9sidentielle est jalonn\u00e9e d'\u00e9v\u00e9nements majeurs, de l'\u00e9lection du Conseil f\u00e9d\u00e9ral \u00e0 l'Exposition universelle d'Osaka en passant par la F\u00e9d\u00e9rale.   <\/div><\/div><footer class=\"entry-footer\"><\/footer><span class='hidden'>\n\t\t\t\t<span class='av-structured-data'  itemprop=\"image\" itemscope=\"itemscope\" itemtype=\"https:\/\/schema.org\/ImageObject\" >\n\t\t\t\t\t\t<span itemprop='url'>https:\/\/influence.ch\/wp-content\/uploads\/2025\/01\/Maja-Riniker_R.Ruis_0001_2-scaled.jpg<\/span>\n\t\t\t\t\t\t<span itemprop='height'>0<\/span>\n\t\t\t\t\t\t<span itemprop='width'>0<\/span>\n\t\t\t\t<\/span>\n\t\t\t\t<span class='av-structured-data'  itemprop=\"publisher\" itemtype=\"https:\/\/schema.org\/Organization\" itemscope=\"itemscope\" >\n\t\t\t\t\t\t<span itemprop='name'>Eva Novak<\/span>\n\t\t\t\t\t\t<span itemprop='logo' itemscope itemtype='https:\/\/schema.org\/ImageObject'>\n\t\t\t\t\t\t\t<span itemprop='url'>https:\/\/influence.ch\/wp-content\/uploads\/2025\/02\/influence_Logo_FR_weiss-1030x277.png<\/span>\n\t\t\t\t\t\t <\/span>\n\t\t\t\t<\/span><span class='av-structured-data'  itemprop=\"author\" itemscope=\"itemscope\" itemtype=\"https:\/\/schema.org\/Person\" ><span itemprop='name'>Eva Novak<\/span><\/span><span class='av-structured-data'  itemprop=\"datePublished\" datetime=\"2025-01-30T11:13:45+01:00\" >2025-01-30 11:22:14<\/span><span class='av-structured-data'  itemprop=\"dateModified\" itemtype=\"https:\/\/schema.org\/dateModified\" >2025-02-27 19:32:40<\/span><span class='av-structured-data'  itemprop=\"mainEntityOfPage\" itemtype=\"https:\/\/schema.org\/mainEntityOfPage\" ><span itemprop='name'>\u00ab J&rsquo;ai une chance inou\u00efe \u00bb<\/span><\/span><\/span><\/article><article class='slide-entry flex_column  post-entry post-entry-5803 slide-entry-overview slide-loop-6 slide-parity-odd  av_one_third  real-thumbnail post-format-standard'  itemscope=\"itemscope\" itemtype=\"https:\/\/schema.org\/BlogPosting\" itemprop=\"blogPost\" ><a href='https:\/\/influence.ch\/fr\/2025\/08\/28\/les-17-regles-de-la-propagande-sovietique-et-pourquoi-elles-fonctionnent-encore-aujourdhui\/' data-rel='slide-2' class='slide-image' title='Propagande sovi\u00e9tique &#8211; elle fonctionne encore'><img decoding=\"async\" width=\"495\" height=\"400\" src=\"https:\/\/influence.ch\/wp-content\/uploads\/2022\/12\/influence_Verlaeufe_V01_7-495x400.png\" class=\"wp-image-529 avia-img-lazy-loading-not-529 attachment-portfolio size-portfolio wp-post-image\" alt=\"\" srcset=\"https:\/\/influence.ch\/wp-content\/uploads\/2022\/12\/influence_Verlaeufe_V01_7-495x400.png 495w, https:\/\/influence.ch\/wp-content\/uploads\/2022\/12\/influence_Verlaeufe_V01_7-845x684.png 845w\" sizes=\"(max-width: 495px) 100vw, 495px\" \/><\/a><div class=\"slide-content\"><header class=\"entry-content-header\"><h3 class='slide-entry-title entry-title '  itemprop=\"headline\" ><a href='https:\/\/influence.ch\/fr\/2025\/08\/28\/les-17-regles-de-la-propagande-sovietique-et-pourquoi-elles-fonctionnent-encore-aujourdhui\/' title='Propagande sovi\u00e9tique &#8211; elle fonctionne encore'>Propagande sovi\u00e9tique &#8211; elle fonctionne encore<\/a><\/h3><span class=\"av-vertical-delimiter\"><\/span><\/header><div class=\"slide-meta\"><div class=\"slide-meta-comments\"><a href='https:\/\/influence.ch\/fr\/2025\/08\/28\/les-17-regles-de-la-propagande-sovietique-et-pourquoi-elles-fonctionnent-encore-aujourdhui\/#respond'>0 Commentaires<\/a><\/div><div class=\"slide-meta-del\">\/<\/div><time class='slide-meta-time updated'  itemprop=\"datePublished\" datetime=\"2025-08-28T09:21:57+02:00\" >28 ao\u00fbt 2025<\/time><\/div><div class='slide-entry-excerpt entry-content'  itemprop=\"text\" >Quand Poutine communique avec le monde, il tente de le manipuler selon les r\u00e8gles de l'art<\/div><\/div><footer class=\"entry-footer\"><\/footer><span class='hidden'>\n\t\t\t\t<span class='av-structured-data'  itemprop=\"image\" itemscope=\"itemscope\" itemtype=\"https:\/\/schema.org\/ImageObject\" >\n\t\t\t\t\t\t<span itemprop='url'>https:\/\/influence.ch\/wp-content\/uploads\/2022\/12\/influence_Verlaeufe_V01_7.png<\/span>\n\t\t\t\t\t\t<span itemprop='height'>2169<\/span>\n\t\t\t\t\t\t<span itemprop='width'>2442<\/span>\n\t\t\t\t<\/span>\n\t\t\t\t<span class='av-structured-data'  itemprop=\"publisher\" itemtype=\"https:\/\/schema.org\/Organization\" itemscope=\"itemscope\" >\n\t\t\t\t\t\t<span itemprop='name'>Andreas Hugi<\/span>\n\t\t\t\t\t\t<span itemprop='logo' itemscope itemtype='https:\/\/schema.org\/ImageObject'>\n\t\t\t\t\t\t\t<span itemprop='url'>https:\/\/influence.ch\/wp-content\/uploads\/2025\/02\/influence_Logo_FR_weiss-1030x277.png<\/span>\n\t\t\t\t\t\t <\/span>\n\t\t\t\t<\/span><span class='av-structured-data'  itemprop=\"author\" itemscope=\"itemscope\" itemtype=\"https:\/\/schema.org\/Person\" ><span itemprop='name'>Andreas Hugi<\/span><\/span><span class='av-structured-data'  itemprop=\"datePublished\" datetime=\"2025-01-30T11:13:45+01:00\" >2025-08-28 09:21:57<\/span><span class='av-structured-data'  itemprop=\"dateModified\" itemtype=\"https:\/\/schema.org\/dateModified\" >2025-08-28 16:21:32<\/span><span class='av-structured-data'  itemprop=\"mainEntityOfPage\" itemtype=\"https:\/\/schema.org\/mainEntityOfPage\" ><span itemprop='name'>Propagande sovi\u00e9tique &#8211; elle fonctionne encore<\/span><\/span><\/span><\/article><\/div><div class=\"slide-entry-wrap\"><article class='slide-entry flex_column  post-entry post-entry-6765 slide-entry-overview slide-loop-7 slide-parity-odd  av_one_third first real-thumbnail post-format-standard'  itemscope=\"itemscope\" itemtype=\"https:\/\/schema.org\/BlogPosting\" itemprop=\"blogPost\" ><a href='https:\/\/influence.ch\/fr\/2026\/01\/29\/la-nouvelle-architecture-de-securite-de-lordre-aux-zones-dinfluence\/' data-rel='slide-2' class='slide-image' title='S\u00e9curit\u00e9 globale: le retour aux zones d&rsquo;influence'><img decoding=\"async\" width=\"495\" height=\"400\" src=\"https:\/\/influence.ch\/wp-content\/uploads\/2022\/12\/influence_Verlaeufe_V01_1-495x400.png\" class=\"wp-image-522 avia-img-lazy-loading-not-522 attachment-portfolio size-portfolio wp-post-image\" alt=\"\" srcset=\"https:\/\/influence.ch\/wp-content\/uploads\/2022\/12\/influence_Verlaeufe_V01_1-495x400.png 495w, https:\/\/influence.ch\/wp-content\/uploads\/2022\/12\/influence_Verlaeufe_V01_1-845x684.png 845w\" sizes=\"(max-width: 495px) 100vw, 495px\" \/><\/a><div class=\"slide-content\"><header class=\"entry-content-header\"><h3 class='slide-entry-title entry-title '  itemprop=\"headline\" ><a href='https:\/\/influence.ch\/fr\/2026\/01\/29\/la-nouvelle-architecture-de-securite-de-lordre-aux-zones-dinfluence\/' title='S\u00e9curit\u00e9 globale: le retour aux zones d&rsquo;influence'>S\u00e9curit\u00e9 globale: le retour aux zones d&rsquo;influence<\/a><\/h3><span class=\"av-vertical-delimiter\"><\/span><\/header><div class=\"slide-meta\"><time class='slide-meta-time updated'  itemprop=\"datePublished\" datetime=\"2026-01-29T10:17:53+01:00\" >29 janvier 2026<\/time><\/div><div class='slide-entry-excerpt entry-content'  itemprop=\"text\" >Comment le comportement des \u00c9tats-Unis commence \u00e0 \u00e9touffer la coop\u00e9ration multilat\u00e9rale<\/div><\/div><footer class=\"entry-footer\"><\/footer><span class='hidden'>\n\t\t\t\t<span class='av-structured-data'  itemprop=\"image\" itemscope=\"itemscope\" itemtype=\"https:\/\/schema.org\/ImageObject\" >\n\t\t\t\t\t\t<span itemprop='url'>https:\/\/influence.ch\/wp-content\/uploads\/2022\/12\/influence_Verlaeufe_V01_1.png<\/span>\n\t\t\t\t\t\t<span itemprop='height'>2169<\/span>\n\t\t\t\t\t\t<span itemprop='width'>2442<\/span>\n\t\t\t\t<\/span>\n\t\t\t\t<span class='av-structured-data'  itemprop=\"publisher\" itemtype=\"https:\/\/schema.org\/Organization\" itemscope=\"itemscope\" >\n\t\t\t\t\t\t<span itemprop='name'>Matthias Halbeis<\/span>\n\t\t\t\t\t\t<span itemprop='logo' itemscope itemtype='https:\/\/schema.org\/ImageObject'>\n\t\t\t\t\t\t\t<span itemprop='url'>https:\/\/influence.ch\/wp-content\/uploads\/2025\/02\/influence_Logo_FR_weiss-1030x277.png<\/span>\n\t\t\t\t\t\t <\/span>\n\t\t\t\t<\/span><span class='av-structured-data'  itemprop=\"author\" itemscope=\"itemscope\" itemtype=\"https:\/\/schema.org\/Person\" ><span itemprop='name'>Matthias Halbeis<\/span><\/span><span class='av-structured-data'  itemprop=\"datePublished\" datetime=\"2025-01-30T11:13:45+01:00\" >2026-01-29 10:17:53<\/span><span class='av-structured-data'  itemprop=\"dateModified\" itemtype=\"https:\/\/schema.org\/dateModified\" >2026-01-29 18:02:29<\/span><span class='av-structured-data'  itemprop=\"mainEntityOfPage\" itemtype=\"https:\/\/schema.org\/mainEntityOfPage\" ><span itemprop='name'>S\u00e9curit\u00e9 globale: le retour aux zones d&rsquo;influence<\/span><\/span><\/span><\/article><article class='slide-entry flex_column  post-entry post-entry-6575 slide-entry-overview slide-loop-8 slide-parity-even  av_one_third  real-thumbnail post-format-standard'  itemscope=\"itemscope\" itemtype=\"https:\/\/schema.org\/BlogPosting\" itemprop=\"blogPost\" ><a href='https:\/\/influence.ch\/fr\/2025\/12\/23\/geopolitique-de-lia-conquerir-le-leadership-numerique\/' data-rel='slide-2' class='slide-image' title='G\u00e9opolitique de l\u2019IA\u202f: conqu\u00e9rir le leadership num\u00e9rique\u202f'><img decoding=\"async\" width=\"495\" height=\"400\" src=\"https:\/\/influence.ch\/wp-content\/uploads\/2025\/02\/influence_Verlaufe_politik-495x400.png\" class=\"wp-image-4694 avia-img-lazy-loading-not-4694 attachment-portfolio size-portfolio wp-post-image\" alt=\"\" srcset=\"https:\/\/influence.ch\/wp-content\/uploads\/2025\/02\/influence_Verlaufe_politik-495x400.png 495w, https:\/\/influence.ch\/wp-content\/uploads\/2025\/02\/influence_Verlaufe_politik-845x684.png 845w\" sizes=\"(max-width: 495px) 100vw, 495px\" \/><\/a><div class=\"slide-content\"><header class=\"entry-content-header\"><h3 class='slide-entry-title entry-title '  itemprop=\"headline\" ><a href='https:\/\/influence.ch\/fr\/2025\/12\/23\/geopolitique-de-lia-conquerir-le-leadership-numerique\/' title='G\u00e9opolitique de l\u2019IA\u202f: conqu\u00e9rir le leadership num\u00e9rique\u202f'>G\u00e9opolitique de l\u2019IA\u202f: conqu\u00e9rir le leadership num\u00e9rique\u202f<\/a><\/h3><span class=\"av-vertical-delimiter\"><\/span><\/header><div class=\"slide-meta\"><div class=\"slide-meta-comments\"><a href='https:\/\/influence.ch\/fr\/2025\/12\/23\/geopolitique-de-lia-conquerir-le-leadership-numerique\/#respond'>0 Commentaires<\/a><\/div><div class=\"slide-meta-del\">\/<\/div><time class='slide-meta-time updated'  itemprop=\"datePublished\" datetime=\"2025-12-23T06:17:23+01:00\" >23 d\u00e9cembre 2025<\/time><\/div><div class='slide-entry-excerpt entry-content'  itemprop=\"text\" >La concurrence autour de l'intelligence artificielle modifie l'ordre international. Les \u00c9tats-Unis, la Chine et l'Europe se disputent les normes, l'influence et la souverainet\u00e9 technologique.   <\/div><\/div><footer class=\"entry-footer\"><\/footer><span class='hidden'>\n\t\t\t\t<span class='av-structured-data'  itemprop=\"image\" itemscope=\"itemscope\" itemtype=\"https:\/\/schema.org\/ImageObject\" >\n\t\t\t\t\t\t<span itemprop='url'>https:\/\/influence.ch\/wp-content\/uploads\/2025\/02\/influence_Verlaufe_politik.png<\/span>\n\t\t\t\t\t\t<span itemprop='height'>2169<\/span>\n\t\t\t\t\t\t<span itemprop='width'>2442<\/span>\n\t\t\t\t<\/span>\n\t\t\t\t<span class='av-structured-data'  itemprop=\"publisher\" itemtype=\"https:\/\/schema.org\/Organization\" itemscope=\"itemscope\" >\n\t\t\t\t\t\t<span itemprop='name'>Matthias Halbeis<\/span>\n\t\t\t\t\t\t<span itemprop='logo' itemscope itemtype='https:\/\/schema.org\/ImageObject'>\n\t\t\t\t\t\t\t<span itemprop='url'>https:\/\/influence.ch\/wp-content\/uploads\/2025\/02\/influence_Logo_FR_weiss-1030x277.png<\/span>\n\t\t\t\t\t\t <\/span>\n\t\t\t\t<\/span><span class='av-structured-data'  itemprop=\"author\" itemscope=\"itemscope\" itemtype=\"https:\/\/schema.org\/Person\" ><span itemprop='name'>Matthias Halbeis<\/span><\/span><span class='av-structured-data'  itemprop=\"datePublished\" datetime=\"2025-01-30T11:13:45+01:00\" >2025-12-23 06:17:23<\/span><span class='av-structured-data'  itemprop=\"dateModified\" itemtype=\"https:\/\/schema.org\/dateModified\" >2025-12-23 11:20:58<\/span><span class='av-structured-data'  itemprop=\"mainEntityOfPage\" itemtype=\"https:\/\/schema.org\/mainEntityOfPage\" ><span itemprop='name'>G\u00e9opolitique de l\u2019IA\u202f: conqu\u00e9rir le leadership num\u00e9rique\u202f<\/span><\/span><\/span><\/article><article class='slide-entry flex_column  post-entry post-entry-4343 slide-entry-overview slide-loop-9 slide-parity-odd  post-entry-last  av_one_third  real-thumbnail post-format-standard'  itemscope=\"itemscope\" itemtype=\"https:\/\/schema.org\/BlogPosting\" itemprop=\"blogPost\" ><a href='https:\/\/influence.ch\/fr\/2025\/01\/30\/un-rappel-a-lordre-urgent\/' data-rel='slide-2' class='slide-image' title='Un rappel \u00e0 l&rsquo;ordre urgent'><img decoding=\"async\" width=\"495\" height=\"400\" src=\"https:\/\/influence.ch\/wp-content\/uploads\/2022\/12\/influence_Verlaufe_ausgelesen-495x400.png\" class=\"wp-image-4344 avia-img-lazy-loading-not-4344 attachment-portfolio size-portfolio wp-post-image\" alt=\"\" srcset=\"https:\/\/influence.ch\/wp-content\/uploads\/2022\/12\/influence_Verlaufe_ausgelesen-495x400.png 495w, https:\/\/influence.ch\/wp-content\/uploads\/2022\/12\/influence_Verlaufe_ausgelesen-845x684.png 845w\" sizes=\"(max-width: 495px) 100vw, 495px\" \/><\/a><div class=\"slide-content\"><header class=\"entry-content-header\"><h3 class='slide-entry-title entry-title '  itemprop=\"headline\" ><a href='https:\/\/influence.ch\/fr\/2025\/01\/30\/un-rappel-a-lordre-urgent\/' title='Un rappel \u00e0 l&rsquo;ordre urgent'>Un rappel \u00e0 l&rsquo;ordre urgent<\/a><\/h3><span class=\"av-vertical-delimiter\"><\/span><\/header><div class=\"slide-meta\"><time class='slide-meta-time updated'  itemprop=\"datePublished\" datetime=\"2025-01-30T11:13:45+01:00\" >30 janvier 2025<\/time><\/div><div class='slide-entry-excerpt entry-content'  itemprop=\"text\" >La souverainet\u00e9 interpr\u00e9tative perdue : comment l'Occident perd la bataille des r\u00e9cits et des valeurs et comment un r\u00e9seau d'autocraties gagne en influence<\/div><\/div><footer class=\"entry-footer\"><\/footer><span class='hidden'>\n\t\t\t\t<span class='av-structured-data'  itemprop=\"image\" itemscope=\"itemscope\" itemtype=\"https:\/\/schema.org\/ImageObject\" >\n\t\t\t\t\t\t<span itemprop='url'>https:\/\/influence.ch\/wp-content\/uploads\/2022\/12\/influence_Verlaufe_ausgelesen.png<\/span>\n\t\t\t\t\t\t<span itemprop='height'>2169<\/span>\n\t\t\t\t\t\t<span itemprop='width'>2442<\/span>\n\t\t\t\t<\/span>\n\t\t\t\t<span class='av-structured-data'  itemprop=\"publisher\" itemtype=\"https:\/\/schema.org\/Organization\" itemscope=\"itemscope\" >\n\t\t\t\t\t\t<span itemprop='name'>Pascal Ihle<\/span>\n\t\t\t\t\t\t<span itemprop='logo' itemscope itemtype='https:\/\/schema.org\/ImageObject'>\n\t\t\t\t\t\t\t<span itemprop='url'>https:\/\/influence.ch\/wp-content\/uploads\/2025\/02\/influence_Logo_FR_weiss-1030x277.png<\/span>\n\t\t\t\t\t\t <\/span>\n\t\t\t\t<\/span><span class='av-structured-data'  itemprop=\"author\" itemscope=\"itemscope\" itemtype=\"https:\/\/schema.org\/Person\" ><span itemprop='name'>Pascal Ihle<\/span><\/span><span class='av-structured-data'  itemprop=\"datePublished\" datetime=\"2025-01-30T11:13:45+01:00\" >2025-01-30 11:13:45<\/span><span class='av-structured-data'  itemprop=\"dateModified\" itemtype=\"https:\/\/schema.org\/dateModified\" >2025-01-30 15:39:02<\/span><span class='av-structured-data'  itemprop=\"mainEntityOfPage\" itemtype=\"https:\/\/schema.org\/mainEntityOfPage\" ><span itemprop='name'>Un rappel \u00e0 l&rsquo;ordre urgent<\/span><\/span><\/span><\/article><\/div><\/div><div class='avia-slideshow-arrows avia-slideshow-controls' ><a href='#prev' class='prev-slide ' aria-hidden='true' data-av_icon='\ue87c' data-av_iconfont='entypo-fontello'  tabindex='-1'>Pr\u00e9c\u00e9dent<\/a><a href='#next' class='next-slide ' aria-hidden='true' data-av_icon='\ue87d' data-av_iconfont='entypo-fontello'  tabindex='-1'>Suivant<\/a><\/div><\/div>\n<\/p>\n","protected":false},"excerpt":{"rendered":"<p>La souverainet\u00e9 interpr\u00e9tative perdue : comment l&rsquo;Occident perd la bataille des r\u00e9cits et des valeurs et comment un r\u00e9seau d&rsquo;autocraties gagne en influence<\/p>\n","protected":false},"author":5,"featured_media":4344,"comment_status":"closed","ping_status":"open","sticky":false,"template":"","format":"standard","meta":{"footnotes":""},"categories":[46],"tags":[],"class_list":["post-4343","post","type-post","status-publish","format-standard","has-post-thumbnail","hentry","category-lectures"],"yoast_head":"<!-- This site is optimized with the Yoast SEO plugin v27.0 - https:\/\/yoast.com\/product\/yoast-seo-wordpress\/ -->\n<title>Un rappel \u00e0 l&#039;ordre urgent - influence powered by furrerhugi<\/title>\n<meta name=\"description\" content=\"La souverainet\u00e9 interpr\u00e9tative perdue : comment l&#039;Occident perd la bataille des r\u00e9cits et des valeurs et comment un r\u00e9seau d&#039;autocraties gagne en influence\" \/>\n<meta name=\"robots\" content=\"index, follow, max-snippet:-1, max-image-preview:large, max-video-preview:-1\" \/>\n<link rel=\"canonical\" href=\"https:\/\/influence.ch\/fr\/2025\/01\/30\/un-rappel-a-lordre-urgent\/\" \/>\n<meta property=\"og:locale\" content=\"fr_FR\" \/>\n<meta property=\"og:type\" content=\"article\" \/>\n<meta property=\"og:title\" content=\"Un rappel \u00e0 l&#039;ordre urgent - influence powered by furrerhugi\" \/>\n<meta property=\"og:description\" content=\"La souverainet\u00e9 interpr\u00e9tative perdue : comment l&#039;Occident perd la bataille des r\u00e9cits et des valeurs et comment un r\u00e9seau d&#039;autocraties gagne en influence\" \/>\n<meta property=\"og:url\" content=\"https:\/\/influence.ch\/fr\/2025\/01\/30\/un-rappel-a-lordre-urgent\/\" \/>\n<meta property=\"og:site_name\" content=\"influence powered by furrerhugi\" \/>\n<meta property=\"article:published_time\" content=\"2025-01-30T10:13:45+00:00\" \/>\n<meta property=\"article:modified_time\" content=\"2025-01-30T14:39:02+00:00\" \/>\n<meta property=\"og:image\" content=\"https:\/\/influence.ch\/wp-content\/uploads\/2022\/12\/influence_Verlaufe_ausgelesen.png\" \/>\n\t<meta property=\"og:image:width\" content=\"2442\" \/>\n\t<meta property=\"og:image:height\" content=\"2169\" \/>\n\t<meta property=\"og:image:type\" content=\"image\/png\" \/>\n<meta name=\"author\" content=\"Pascal Ihle\" \/>\n<meta name=\"twitter:card\" content=\"summary_large_image\" \/>\n<meta name=\"twitter:label1\" content=\"\u00c9crit par\" \/>\n\t<meta name=\"twitter:data1\" content=\"Pascal Ihle\" \/>\n\t<meta name=\"twitter:label2\" content=\"Dur\u00e9e de lecture estim\u00e9e\" \/>\n\t<meta name=\"twitter:data2\" content=\"8 minutes\" \/>\n<script type=\"application\/ld+json\" class=\"yoast-schema-graph\">{\"@context\":\"https:\/\/schema.org\",\"@graph\":[{\"@type\":\"Article\",\"@id\":\"https:\/\/influence.ch\/fr\/2025\/01\/30\/un-rappel-a-lordre-urgent\/#article\",\"isPartOf\":{\"@id\":\"https:\/\/influence.ch\/fr\/2025\/01\/30\/un-rappel-a-lordre-urgent\/\"},\"author\":{\"name\":\"Pascal Ihle\",\"@id\":\"https:\/\/influence.ch\/#\/schema\/person\/24fb14ad298051d4a62cc59dc69e3737\"},\"headline\":\"Un rappel \u00e0 l&rsquo;ordre urgent\",\"datePublished\":\"2025-01-30T10:13:45+00:00\",\"dateModified\":\"2025-01-30T14:39:02+00:00\",\"mainEntityOfPage\":{\"@id\":\"https:\/\/influence.ch\/fr\/2025\/01\/30\/un-rappel-a-lordre-urgent\/\"},\"wordCount\":3586,\"image\":{\"@id\":\"https:\/\/influence.ch\/fr\/2025\/01\/30\/un-rappel-a-lordre-urgent\/#primaryimage\"},\"thumbnailUrl\":\"https:\/\/influence.ch\/wp-content\/uploads\/2022\/12\/influence_Verlaufe_ausgelesen.png\",\"articleSection\":[\"Lectures\"],\"inLanguage\":\"fr-FR\"},{\"@type\":\"WebPage\",\"@id\":\"https:\/\/influence.ch\/fr\/2025\/01\/30\/un-rappel-a-lordre-urgent\/\",\"url\":\"https:\/\/influence.ch\/fr\/2025\/01\/30\/un-rappel-a-lordre-urgent\/\",\"name\":\"Un rappel \u00e0 l'ordre urgent - influence powered by furrerhugi\",\"isPartOf\":{\"@id\":\"https:\/\/influence.ch\/#website\"},\"primaryImageOfPage\":{\"@id\":\"https:\/\/influence.ch\/fr\/2025\/01\/30\/un-rappel-a-lordre-urgent\/#primaryimage\"},\"image\":{\"@id\":\"https:\/\/influence.ch\/fr\/2025\/01\/30\/un-rappel-a-lordre-urgent\/#primaryimage\"},\"thumbnailUrl\":\"https:\/\/influence.ch\/wp-content\/uploads\/2022\/12\/influence_Verlaufe_ausgelesen.png\",\"datePublished\":\"2025-01-30T10:13:45+00:00\",\"dateModified\":\"2025-01-30T14:39:02+00:00\",\"author\":{\"@id\":\"https:\/\/influence.ch\/#\/schema\/person\/24fb14ad298051d4a62cc59dc69e3737\"},\"description\":\"La souverainet\u00e9 interpr\u00e9tative perdue : comment l'Occident perd la bataille des r\u00e9cits et des valeurs et comment un r\u00e9seau d'autocraties gagne en influence\",\"breadcrumb\":{\"@id\":\"https:\/\/influence.ch\/fr\/2025\/01\/30\/un-rappel-a-lordre-urgent\/#breadcrumb\"},\"inLanguage\":\"fr-FR\",\"potentialAction\":[{\"@type\":\"ReadAction\",\"target\":[\"https:\/\/influence.ch\/fr\/2025\/01\/30\/un-rappel-a-lordre-urgent\/\"]}]},{\"@type\":\"ImageObject\",\"inLanguage\":\"fr-FR\",\"@id\":\"https:\/\/influence.ch\/fr\/2025\/01\/30\/un-rappel-a-lordre-urgent\/#primaryimage\",\"url\":\"https:\/\/influence.ch\/wp-content\/uploads\/2022\/12\/influence_Verlaufe_ausgelesen.png\",\"contentUrl\":\"https:\/\/influence.ch\/wp-content\/uploads\/2022\/12\/influence_Verlaufe_ausgelesen.png\",\"width\":2442,\"height\":2169},{\"@type\":\"BreadcrumbList\",\"@id\":\"https:\/\/influence.ch\/fr\/2025\/01\/30\/un-rappel-a-lordre-urgent\/#breadcrumb\",\"itemListElement\":[{\"@type\":\"ListItem\",\"position\":1,\"name\":\"Startseite\",\"item\":\"https:\/\/influence.ch\/fr\/influence\/\"},{\"@type\":\"ListItem\",\"position\":2,\"name\":\"Un rappel \u00e0 l&#8217;ordre urgent\"}]},{\"@type\":\"WebSite\",\"@id\":\"https:\/\/influence.ch\/#website\",\"url\":\"https:\/\/influence.ch\/\",\"name\":\"influence powered by furrerhugi\",\"description\":\"Vorsprung durch Wissen\",\"potentialAction\":[{\"@type\":\"SearchAction\",\"target\":{\"@type\":\"EntryPoint\",\"urlTemplate\":\"https:\/\/influence.ch\/?s={search_term_string}\"},\"query-input\":{\"@type\":\"PropertyValueSpecification\",\"valueRequired\":true,\"valueName\":\"search_term_string\"}}],\"inLanguage\":\"fr-FR\"},{\"@type\":\"Person\",\"@id\":\"https:\/\/influence.ch\/#\/schema\/person\/24fb14ad298051d4a62cc59dc69e3737\",\"name\":\"Pascal Ihle\",\"image\":{\"@type\":\"ImageObject\",\"inLanguage\":\"fr-FR\",\"@id\":\"https:\/\/influence.ch\/#\/schema\/person\/image\/\",\"url\":\"https:\/\/secure.gravatar.com\/avatar\/c2e506e64bfd7fbedf02f0d264dd33f8c1304aafc27743b9c22c0a9145a1136c?s=96&d=mm&r=g\",\"contentUrl\":\"https:\/\/secure.gravatar.com\/avatar\/c2e506e64bfd7fbedf02f0d264dd33f8c1304aafc27743b9c22c0a9145a1136c?s=96&d=mm&r=g\",\"caption\":\"Pascal Ihle\"},\"url\":\"https:\/\/influence.ch\/fr\/author\/pascal-ihle\/\"}]}<\/script>\n<!-- \/ Yoast SEO plugin. -->","yoast_head_json":{"title":"Un rappel \u00e0 l'ordre urgent - influence powered by furrerhugi","description":"La souverainet\u00e9 interpr\u00e9tative perdue : comment l'Occident perd la bataille des r\u00e9cits et des valeurs et comment un r\u00e9seau d'autocraties gagne en influence","robots":{"index":"index","follow":"follow","max-snippet":"max-snippet:-1","max-image-preview":"max-image-preview:large","max-video-preview":"max-video-preview:-1"},"canonical":"https:\/\/influence.ch\/fr\/2025\/01\/30\/un-rappel-a-lordre-urgent\/","og_locale":"fr_FR","og_type":"article","og_title":"Un rappel \u00e0 l'ordre urgent - influence powered by furrerhugi","og_description":"La souverainet\u00e9 interpr\u00e9tative perdue : comment l'Occident perd la bataille des r\u00e9cits et des valeurs et comment un r\u00e9seau d'autocraties gagne en influence","og_url":"https:\/\/influence.ch\/fr\/2025\/01\/30\/un-rappel-a-lordre-urgent\/","og_site_name":"influence powered by furrerhugi","article_published_time":"2025-01-30T10:13:45+00:00","article_modified_time":"2025-01-30T14:39:02+00:00","og_image":[{"width":2442,"height":2169,"url":"https:\/\/influence.ch\/wp-content\/uploads\/2022\/12\/influence_Verlaufe_ausgelesen.png","type":"image\/png"}],"author":"Pascal Ihle","twitter_card":"summary_large_image","twitter_misc":{"\u00c9crit par":"Pascal Ihle","Dur\u00e9e de lecture estim\u00e9e":"8 minutes"},"schema":{"@context":"https:\/\/schema.org","@graph":[{"@type":"Article","@id":"https:\/\/influence.ch\/fr\/2025\/01\/30\/un-rappel-a-lordre-urgent\/#article","isPartOf":{"@id":"https:\/\/influence.ch\/fr\/2025\/01\/30\/un-rappel-a-lordre-urgent\/"},"author":{"name":"Pascal Ihle","@id":"https:\/\/influence.ch\/#\/schema\/person\/24fb14ad298051d4a62cc59dc69e3737"},"headline":"Un rappel \u00e0 l&rsquo;ordre urgent","datePublished":"2025-01-30T10:13:45+00:00","dateModified":"2025-01-30T14:39:02+00:00","mainEntityOfPage":{"@id":"https:\/\/influence.ch\/fr\/2025\/01\/30\/un-rappel-a-lordre-urgent\/"},"wordCount":3586,"image":{"@id":"https:\/\/influence.ch\/fr\/2025\/01\/30\/un-rappel-a-lordre-urgent\/#primaryimage"},"thumbnailUrl":"https:\/\/influence.ch\/wp-content\/uploads\/2022\/12\/influence_Verlaufe_ausgelesen.png","articleSection":["Lectures"],"inLanguage":"fr-FR"},{"@type":"WebPage","@id":"https:\/\/influence.ch\/fr\/2025\/01\/30\/un-rappel-a-lordre-urgent\/","url":"https:\/\/influence.ch\/fr\/2025\/01\/30\/un-rappel-a-lordre-urgent\/","name":"Un rappel \u00e0 l'ordre urgent - influence powered by furrerhugi","isPartOf":{"@id":"https:\/\/influence.ch\/#website"},"primaryImageOfPage":{"@id":"https:\/\/influence.ch\/fr\/2025\/01\/30\/un-rappel-a-lordre-urgent\/#primaryimage"},"image":{"@id":"https:\/\/influence.ch\/fr\/2025\/01\/30\/un-rappel-a-lordre-urgent\/#primaryimage"},"thumbnailUrl":"https:\/\/influence.ch\/wp-content\/uploads\/2022\/12\/influence_Verlaufe_ausgelesen.png","datePublished":"2025-01-30T10:13:45+00:00","dateModified":"2025-01-30T14:39:02+00:00","author":{"@id":"https:\/\/influence.ch\/#\/schema\/person\/24fb14ad298051d4a62cc59dc69e3737"},"description":"La souverainet\u00e9 interpr\u00e9tative perdue : comment l'Occident perd la bataille des r\u00e9cits et des valeurs et comment un r\u00e9seau d'autocraties gagne en influence","breadcrumb":{"@id":"https:\/\/influence.ch\/fr\/2025\/01\/30\/un-rappel-a-lordre-urgent\/#breadcrumb"},"inLanguage":"fr-FR","potentialAction":[{"@type":"ReadAction","target":["https:\/\/influence.ch\/fr\/2025\/01\/30\/un-rappel-a-lordre-urgent\/"]}]},{"@type":"ImageObject","inLanguage":"fr-FR","@id":"https:\/\/influence.ch\/fr\/2025\/01\/30\/un-rappel-a-lordre-urgent\/#primaryimage","url":"https:\/\/influence.ch\/wp-content\/uploads\/2022\/12\/influence_Verlaufe_ausgelesen.png","contentUrl":"https:\/\/influence.ch\/wp-content\/uploads\/2022\/12\/influence_Verlaufe_ausgelesen.png","width":2442,"height":2169},{"@type":"BreadcrumbList","@id":"https:\/\/influence.ch\/fr\/2025\/01\/30\/un-rappel-a-lordre-urgent\/#breadcrumb","itemListElement":[{"@type":"ListItem","position":1,"name":"Startseite","item":"https:\/\/influence.ch\/fr\/influence\/"},{"@type":"ListItem","position":2,"name":"Un rappel \u00e0 l&#8217;ordre urgent"}]},{"@type":"WebSite","@id":"https:\/\/influence.ch\/#website","url":"https:\/\/influence.ch\/","name":"influence powered by furrerhugi","description":"Vorsprung durch Wissen","potentialAction":[{"@type":"SearchAction","target":{"@type":"EntryPoint","urlTemplate":"https:\/\/influence.ch\/?s={search_term_string}"},"query-input":{"@type":"PropertyValueSpecification","valueRequired":true,"valueName":"search_term_string"}}],"inLanguage":"fr-FR"},{"@type":"Person","@id":"https:\/\/influence.ch\/#\/schema\/person\/24fb14ad298051d4a62cc59dc69e3737","name":"Pascal Ihle","image":{"@type":"ImageObject","inLanguage":"fr-FR","@id":"https:\/\/influence.ch\/#\/schema\/person\/image\/","url":"https:\/\/secure.gravatar.com\/avatar\/c2e506e64bfd7fbedf02f0d264dd33f8c1304aafc27743b9c22c0a9145a1136c?s=96&d=mm&r=g","contentUrl":"https:\/\/secure.gravatar.com\/avatar\/c2e506e64bfd7fbedf02f0d264dd33f8c1304aafc27743b9c22c0a9145a1136c?s=96&d=mm&r=g","caption":"Pascal Ihle"},"url":"https:\/\/influence.ch\/fr\/author\/pascal-ihle\/"}]}},"_links":{"self":[{"href":"https:\/\/influence.ch\/fr\/wp-json\/wp\/v2\/posts\/4343","targetHints":{"allow":["GET"]}}],"collection":[{"href":"https:\/\/influence.ch\/fr\/wp-json\/wp\/v2\/posts"}],"about":[{"href":"https:\/\/influence.ch\/fr\/wp-json\/wp\/v2\/types\/post"}],"author":[{"embeddable":true,"href":"https:\/\/influence.ch\/fr\/wp-json\/wp\/v2\/users\/5"}],"replies":[{"embeddable":true,"href":"https:\/\/influence.ch\/fr\/wp-json\/wp\/v2\/comments?post=4343"}],"version-history":[{"count":15,"href":"https:\/\/influence.ch\/fr\/wp-json\/wp\/v2\/posts\/4343\/revisions"}],"predecessor-version":[{"id":4467,"href":"https:\/\/influence.ch\/fr\/wp-json\/wp\/v2\/posts\/4343\/revisions\/4467"}],"wp:featuredmedia":[{"embeddable":true,"href":"https:\/\/influence.ch\/fr\/wp-json\/wp\/v2\/media\/4344"}],"wp:attachment":[{"href":"https:\/\/influence.ch\/fr\/wp-json\/wp\/v2\/media?parent=4343"}],"wp:term":[{"taxonomy":"category","embeddable":true,"href":"https:\/\/influence.ch\/fr\/wp-json\/wp\/v2\/categories?post=4343"},{"taxonomy":"post_tag","embeddable":true,"href":"https:\/\/influence.ch\/fr\/wp-json\/wp\/v2\/tags?post=4343"}],"curies":[{"name":"wp","href":"https:\/\/api.w.org\/{rel}","templated":true}]}}